{"id":455194,"date":"2013-11-28T02:08:13","date_gmt":"2013-11-28T03:08:13","guid":{"rendered":"http:\/\/www.eldigitaldeasturias.com\/noticias\/?p=455194"},"modified":"2013-11-28T02:08:13","modified_gmt":"2013-11-28T03:08:13","slug":"dubai-elegida-como-sede-de-la-exposicion-universal-2020","status":"publish","type":"post","link":"https:\/\/www.eldigitaldeasturias.com\/noticias\/dubai-elegida-como-sede-de-la-exposicion-universal-2020\/","title":{"rendered":"Dubai, elegida como sede de la Exposici\u00f3n Universal 2020"},"content":{"rendered":"<p><img loading=\"lazy\" decoding=\"async\" class=\"alignleft size-medium wp-image-455195\" alt=\"5758342w\" src=\"https:\/\/www.eldigitaldeasturias.com\/noticias\/wp-content\/uploads\/2013\/11\/5758342w-277x320.jpg\" width=\"277\" height=\"320\" \/>Par\u00eds, 27 nov (EFE).- Dubai fue elegida hoy como sede para acoger la Exposici\u00f3n Universal en 2020 en una votaci\u00f3n que tuvo lugar durante la 154 asamblea general del Bur\u00f3 Internacional de Exposiciones (BIE), organizador de ese evento.<\/p>\n<p>La EXPO tendr\u00e1 lugar entre el 20 de octubre de 2020 y el 10 de abril de 2021 bajo el lema \u00abConnecting Minds, Creating the Future\u00bb, y la elecci\u00f3n de la ciudad que lo albergar\u00e1 se produjo durante una ceremonia en Par\u00eds.<\/p>\n<p>En la primera votaci\u00f3n, seg\u00fan los resultados difundidos por el BIE, la candidatura de Emiratos \u00c1rabes Unidos logr\u00f3 77 votos, frente a los 39 de Rusia (Ekaterinburg), los 33 de Turqu\u00eda (Izmir) y los 13 de Brasil (Sao Paulo).<\/p>\n<p>En la segunda ronda, en la que tambi\u00e9n hubo una abstenci\u00f3n, Emiratos elev\u00f3 su respaldo hasta los 87 votos, mientras que Rusia y Turqu\u00eda se quedaron, respectivamente, en 41 y 36.<\/p>\n<p>A la tercera y \u00faltima ronda, seg\u00fan esos c\u00e1lculos, pasaron finalmente Emiratos y Rusia, y en la misma se impuso claramente la candidatura de Dubai, con un total de 116 escrutinios, frente a los 47 del perdedor.<\/p>\n<p>\u00abEl BIE quiere agradecer y felicitar a los candidatos, por la calidad de sus proyectos y presentaciones y por los esfuerzos de los equipos de cada pa\u00eds y ciudad y por llevar a cabo sus proyectos con cordialidad y armon\u00eda\u00bb, indic\u00f3 el organismo en su comunicado.<\/p>\n","protected":false},"excerpt":{"rendered":"<p>Par\u00eds, 27 nov (EFE).- Dubai fue elegida hoy como sede para acoger la Exposici\u00f3n Universal en 2020 en una votaci\u00f3n que tuvo lugar durante la 154 asamblea general del Bur\u00f3 Internacional de Exposiciones (BIE), organizador de ese evento. La EXPO tendr\u00e1 lugar entre el 20 de octubre de 2020 y el 10 de abril de [&hellip;]<\/p>\n","protected":false},"author":1,"featured_media":455195,"comment_status":"open","ping_status":"open","sticky":false,"template":"","format":"standard","meta":{"footnotes":""},"categories":[50],"tags":[],"class_list":["post-455194","post","type-post","status-publish","format-standard","has-post-thumbnail","hentry","category-revista-de-ocio"],"aioseo_notices":[],"aioseo_head":"\n\t\t<!-- All in One SEO Pro 5.0.1 - aioseo.com -->\n\t<meta name=\"description\" content=\"Par\u00eds, 27 nov (EFE).- Dubai fue elegida hoy como sede para acoger la Exposici\u00f3n Universal en 2020 en una votaci\u00f3n que tuvo lugar durante la 154 asamblea general del Bur\u00f3 Internacional de Exposiciones (BIE), organizador de ese evento. La EXPO tendr\u00e1 lugar entre el 20 de octubre de 2020 y el 10 de abril de\" \/>\n\t<meta name=\"robots\" content=\"max-image-preview:large\" \/>\n\t<meta name=\"author\" content=\"El Digital de Asturias\"\/>\n\t<meta name=\"google-site-verification\" content=\"UA-38556648-1\" \/>\n\t<meta name=\"msvalidate.01\" content=\"7dfe9f3f1b24437ab69f4f2559babe99\" \/>\n\t<meta name=\"keywords\" content=\"revista de ocio\" \/>\n\t<link rel=\"canonical\" href=\"https:\/\/www.eldigitaldeasturias.com\/noticias\/dubai-elegida-como-sede-de-la-exposicion-universal-2020\/\" \/>\n\t<meta name=\"generator\" content=\"All in One SEO Pro (AIOSEO) 5.0.1\" \/>\n\t\t<meta property=\"og:locale\" content=\"es_ES\" \/>\n\t\t<meta property=\"og:site_name\" content=\"El Digital de Asturias\" \/>\n\t\t<meta property=\"og:type\" content=\"article\" \/>\n\t\t<meta property=\"og:title\" content=\"Dubai, elegida como sede de la Exposici\u00f3n Universal 2020 - El Digital de Asturias\" \/>\n\t\t<meta property=\"og:description\" content=\"Par\u00eds, 27 nov (EFE).- Dubai fue elegida hoy como sede para acoger la Exposici\u00f3n Universal en 2020 en una votaci\u00f3n que tuvo lugar durante la 154 asamblea general del Bur\u00f3 Internacional de Exposiciones (BIE), organizador de ese evento. La EXPO tendr\u00e1 lugar entre el 20 de octubre de 2020 y el 10 de abril de\" \/>\n\t\t<meta property=\"og:url\" content=\"https:\/\/www.eldigitaldeasturias.com\/noticias\/dubai-elegida-como-sede-de-la-exposicion-universal-2020\/\" \/>\n\t\t<meta property=\"article:tag\" content=\"revista de ocio\" \/>\n\t\t<meta property=\"article:published_time\" content=\"2013-11-28T03:08:13+00:00\" \/>\n\t\t<meta property=\"article:modified_time\" content=\"2013-11-28T03:08:13+00:00\" \/>\n\t\t<meta property=\"article:publisher\" content=\"https:\/\/facebook.com\/eldigitaldeasturias\" \/>\n\t\t<meta name=\"twitter:card\" content=\"summary_large_image\" \/>\n\t\t<meta name=\"twitter:title\" content=\"Dubai, elegida como sede de la Exposici\u00f3n Universal 2020 - El Digital de Asturias\" \/>\n\t\t<meta name=\"twitter:description\" content=\"Par\u00eds, 27 nov (EFE).- Dubai fue elegida hoy como sede para acoger la Exposici\u00f3n Universal en 2020 en una votaci\u00f3n que tuvo lugar durante la 154 asamblea general del Bur\u00f3 Internacional de Exposiciones (BIE), organizador de ese evento. La EXPO tendr\u00e1 lugar entre el 20 de octubre de 2020 y el 10 de abril de\" \/>\n\t\t<meta name=\"twitter:label1\" content=\"Escrito por\" \/>\n\t\t<meta name=\"twitter:data1\" content=\"El Digital de Asturias\" \/>\n\t\t<meta name=\"twitter:label2\" content=\"Tiempo de lectura estimado\" \/>\n\t\t<meta name=\"twitter:data2\" content=\"1 minuto\" \/>\n\t\t<script type=\"application\/ld+json\" class=\"aioseo-schema\">\n\t\t\t{\"@context\":\"https:\\\/\\\/schema.org\",\"@graph\":[{\"@type\":\"BlogPosting\",\"@id\":\"https:\\\/\\\/www.eldigitaldeasturias.com\\\/noticias\\\/dubai-elegida-como-sede-de-la-exposicion-universal-2020\\\/#blogposting\",\"name\":\"Dubai, elegida como sede de la Exposici\\u00f3n Universal 2020 - El Digital de Asturias\",\"headline\":\"Dubai, elegida como sede de la Exposici\\u00f3n Universal 2020\",\"author\":{\"@id\":\"https:\\\/\\\/www.eldigitaldeasturias.com\\\/noticias\\\/author\\\/admin\\\/#author\"},\"publisher\":{\"@id\":\"https:\\\/\\\/www.eldigitaldeasturias.com\\\/noticias\\\/#organization\"},\"image\":{\"@type\":\"ImageObject\",\"url\":455195},\"datePublished\":\"2013-11-28T02:08:13+01:00\",\"dateModified\":\"2013-11-28T02:08:13+01:00\",\"inLanguage\":\"es-ES\",\"mainEntityOfPage\":{\"@id\":\"https:\\\/\\\/www.eldigitaldeasturias.com\\\/noticias\\\/dubai-elegida-como-sede-de-la-exposicion-universal-2020\\\/#webpage\"},\"isPartOf\":{\"@id\":\"https:\\\/\\\/www.eldigitaldeasturias.com\\\/noticias\\\/dubai-elegida-como-sede-de-la-exposicion-universal-2020\\\/#webpage\"},\"articleSection\":\"Revista de Ocio\"},{\"@type\":\"BreadcrumbList\",\"@id\":\"https:\\\/\\\/www.eldigitaldeasturias.com\\\/noticias\\\/dubai-elegida-como-sede-de-la-exposicion-universal-2020\\\/#breadcrumblist\",\"itemListElement\":[{\"@type\":\"ListItem\",\"@id\":\"https:\\\/\\\/www.eldigitaldeasturias.com\\\/noticias#listItem\",\"position\":1,\"name\":\"Home\",\"item\":\"https:\\\/\\\/www.eldigitaldeasturias.com\\\/noticias\",\"nextItem\":{\"@type\":\"ListItem\",\"@id\":\"https:\\\/\\\/www.eldigitaldeasturias.com\\\/noticias\\\/category\\\/revista-de-ocio\\\/#listItem\",\"name\":\"Revista de Ocio\"}},{\"@type\":\"ListItem\",\"@id\":\"https:\\\/\\\/www.eldigitaldeasturias.com\\\/noticias\\\/category\\\/revista-de-ocio\\\/#listItem\",\"position\":2,\"name\":\"Revista de Ocio\",\"item\":\"https:\\\/\\\/www.eldigitaldeasturias.com\\\/noticias\\\/category\\\/revista-de-ocio\\\/\",\"nextItem\":{\"@type\":\"ListItem\",\"@id\":\"https:\\\/\\\/www.eldigitaldeasturias.com\\\/noticias\\\/dubai-elegida-como-sede-de-la-exposicion-universal-2020\\\/#listItem\",\"name\":\"Dubai, elegida como sede de la Exposici\\u00f3n Universal 2020\"},\"previousItem\":{\"@type\":\"ListItem\",\"@id\":\"https:\\\/\\\/www.eldigitaldeasturias.com\\\/noticias#listItem\",\"name\":\"Home\"}},{\"@type\":\"ListItem\",\"@id\":\"https:\\\/\\\/www.eldigitaldeasturias.com\\\/noticias\\\/dubai-elegida-como-sede-de-la-exposicion-universal-2020\\\/#listItem\",\"position\":3,\"name\":\"Dubai, elegida como sede de la Exposici\\u00f3n Universal 2020\",\"previousItem\":{\"@type\":\"ListItem\",\"@id\":\"https:\\\/\\\/www.eldigitaldeasturias.com\\\/noticias\\\/category\\\/revista-de-ocio\\\/#listItem\",\"name\":\"Revista de Ocio\"}}]},{\"@type\":\"Organization\",\"@id\":\"https:\\\/\\\/www.eldigitaldeasturias.com\\\/noticias\\\/#organization\",\"name\":\"El Digital de Asturias\",\"description\":\"Hemeroteca\",\"url\":\"https:\\\/\\\/www.eldigitaldeasturias.com\\\/noticias\\\/\",\"email\":\"info@eldigitaldeasturias.com\",\"telephone\":\"+34652131393\",\"logo\":{\"@type\":\"ImageObject\",\"url\":\"https:\\\/\\\/www.eldigitaldeasturias.com\\\/noticias\\\/wp-content\\\/uploads\\\/2020\\\/12\\\/EDA.jpg\",\"@id\":\"https:\\\/\\\/www.eldigitaldeasturias.com\\\/noticias\\\/dubai-elegida-como-sede-de-la-exposicion-universal-2020\\\/#organizationLogo\"},\"image\":{\"@id\":\"https:\\\/\\\/www.eldigitaldeasturias.com\\\/noticias\\\/dubai-elegida-como-sede-de-la-exposicion-universal-2020\\\/#organizationLogo\"},\"sameAs\":[\"https:\\\/\\\/facebook.com\\\/eldigitaldeasturias\",\"https:\\\/\\\/www.youtube.com\\\/channel\\\/UCZP-2wLEB9Rv6erhFmqVnvg\"],\"address\":{\"@id\":\"https:\\\/\\\/www.eldigitaldeasturias.com\\\/noticias\\\/#postaladdress\",\"@type\":\"PostalAddress\",\"streetAddress\":\"san antonio 4\",\"postalCode\":\"33430\",\"addressLocality\":\"Cand\\u00e1s\",\"addressRegion\":\"Asturias\",\"addressCountry\":\"ES\"}},{\"@type\":\"Person\",\"@id\":\"https:\\\/\\\/www.eldigitaldeasturias.com\\\/noticias\\\/author\\\/admin\\\/#author\",\"url\":\"https:\\\/\\\/www.eldigitaldeasturias.com\\\/noticias\\\/author\\\/admin\\\/\",\"name\":\"El Digital de Asturias\",\"image\":{\"@type\":\"ImageObject\",\"@id\":\"https:\\\/\\\/www.eldigitaldeasturias.com\\\/noticias\\\/dubai-elegida-como-sede-de-la-exposicion-universal-2020\\\/#authorImage\",\"url\":\"https:\\\/\\\/secure.gravatar.com\\\/avatar\\\/df2aeffc32bcd13f8d26072ef8a91b623d677766deac7f97ca815868cd41bf5e?s=96&d=mm&r=g\",\"width\":96,\"height\":96,\"caption\":\"El Digital de Asturias\"}},{\"@type\":\"WebPage\",\"@id\":\"https:\\\/\\\/www.eldigitaldeasturias.com\\\/noticias\\\/dubai-elegida-como-sede-de-la-exposicion-universal-2020\\\/#webpage\",\"url\":\"https:\\\/\\\/www.eldigitaldeasturias.com\\\/noticias\\\/dubai-elegida-como-sede-de-la-exposicion-universal-2020\\\/\",\"name\":\"Dubai, elegida como sede de la Exposici\\u00f3n Universal 2020 - El Digital de Asturias\",\"description\":\"Par\\u00eds, 27 nov (EFE).- Dubai fue elegida hoy como sede para acoger la Exposici\\u00f3n Universal en 2020 en una votaci\\u00f3n que tuvo lugar durante la 154 asamblea general del Bur\\u00f3 Internacional de Exposiciones (BIE), organizador de ese evento. La EXPO tendr\\u00e1 lugar entre el 20 de octubre de 2020 y el 10 de abril de\",\"inLanguage\":\"es-ES\",\"isPartOf\":{\"@id\":\"https:\\\/\\\/www.eldigitaldeasturias.com\\\/noticias\\\/#website\"},\"breadcrumb\":{\"@id\":\"https:\\\/\\\/www.eldigitaldeasturias.com\\\/noticias\\\/dubai-elegida-como-sede-de-la-exposicion-universal-2020\\\/#breadcrumblist\"},\"author\":{\"@id\":\"https:\\\/\\\/www.eldigitaldeasturias.com\\\/noticias\\\/author\\\/admin\\\/#author\"},\"creator\":{\"@id\":\"https:\\\/\\\/www.eldigitaldeasturias.com\\\/noticias\\\/author\\\/admin\\\/#author\"},\"image\":{\"@type\":\"ImageObject\",\"url\":455195,\"@id\":\"https:\\\/\\\/www.eldigitaldeasturias.com\\\/noticias\\\/dubai-elegida-como-sede-de-la-exposicion-universal-2020\\\/#mainImage\"},\"primaryImageOfPage\":{\"@id\":\"https:\\\/\\\/www.eldigitaldeasturias.com\\\/noticias\\\/dubai-elegida-como-sede-de-la-exposicion-universal-2020\\\/#mainImage\"},\"datePublished\":\"2013-11-28T02:08:13+01:00\",\"dateModified\":\"2013-11-28T02:08:13+01:00\"},{\"@type\":\"WebSite\",\"@id\":\"https:\\\/\\\/www.eldigitaldeasturias.com\\\/noticias\\\/#website\",\"url\":\"https:\\\/\\\/www.eldigitaldeasturias.com\\\/noticias\\\/\",\"name\":\"El Digital de Asturias - Diario de actualidad y noticias\",\"alternateName\":\"El Digital de Asturias - Diario de actualidad y noticias\",\"description\":\"Hemeroteca\",\"inLanguage\":\"es-ES\",\"publisher\":{\"@id\":\"https:\\\/\\\/www.eldigitaldeasturias.com\\\/noticias\\\/#organization\"}}]}\n\t\t<\/script>\n\t\t<!-- All in One SEO Pro -->\r\n\t\t<title>Dubai, elegida como sede de la Exposici\u00f3n Universal 2020 - El Digital de Asturias<\/title>\n\n","aioseo_head_json":{"title":"Dubai, elegida como sede de la Exposici\u00f3n Universal 2020 - El Digital de Asturias","description":"Par\u00eds, 27 nov (EFE).- Dubai fue elegida hoy como sede para acoger la Exposici\u00f3n Universal en 2020 en una votaci\u00f3n que tuvo lugar durante la 154 asamblea general del Bur\u00f3 Internacional de Exposiciones (BIE), organizador de ese evento. La EXPO tendr\u00e1 lugar entre el 20 de octubre de 2020 y el 10 de abril de","canonical_url":"https:\/\/www.eldigitaldeasturias.com\/noticias\/dubai-elegida-como-sede-de-la-exposicion-universal-2020\/","robots":"max-image-preview:large","keywords":"revista de ocio","webmasterTools":{"google-site-verification":"UA-38556648-1","msvalidate.01":"7dfe9f3f1b24437ab69f4f2559babe99","miscellaneous":""},"schema":{"@context":"https:\/\/schema.org","@graph":[{"@type":"BlogPosting","@id":"https:\/\/www.eldigitaldeasturias.com\/noticias\/dubai-elegida-como-sede-de-la-exposicion-universal-2020\/#blogposting","name":"Dubai, elegida como sede de la Exposici\u00f3n Universal 2020 - El Digital de Asturias","headline":"Dubai, elegida como sede de la Exposici\u00f3n Universal 2020","author":{"@id":"https:\/\/www.eldigitaldeasturias.com\/noticias\/author\/admin\/#author"},"publisher":{"@id":"https:\/\/www.eldigitaldeasturias.com\/noticias\/#organization"},"image":{"@type":"ImageObject","url":455195},"datePublished":"2013-11-28T02:08:13+01:00","dateModified":"2013-11-28T02:08:13+01:00","inLanguage":"es-ES","mainEntityOfPage":{"@id":"https:\/\/www.eldigitaldeasturias.com\/noticias\/dubai-elegida-como-sede-de-la-exposicion-universal-2020\/#webpage"},"isPartOf":{"@id":"https:\/\/www.eldigitaldeasturias.com\/noticias\/dubai-elegida-como-sede-de-la-exposicion-universal-2020\/#webpage"},"articleSection":"Revista de Ocio"},{"@type":"BreadcrumbList","@id":"https:\/\/www.eldigitaldeasturias.com\/noticias\/dubai-elegida-como-sede-de-la-exposicion-universal-2020\/#breadcrumblist","itemListElement":[{"@type":"ListItem","@id":"https:\/\/www.eldigitaldeasturias.com\/noticias#listItem","position":1,"name":"Home","item":"https:\/\/www.eldigitaldeasturias.com\/noticias","nextItem":{"@type":"ListItem","@id":"https:\/\/www.eldigitaldeasturias.com\/noticias\/category\/revista-de-ocio\/#listItem","name":"Revista de Ocio"}},{"@type":"ListItem","@id":"https:\/\/www.eldigitaldeasturias.com\/noticias\/category\/revista-de-ocio\/#listItem","position":2,"name":"Revista de Ocio","item":"https:\/\/www.eldigitaldeasturias.com\/noticias\/category\/revista-de-ocio\/","nextItem":{"@type":"ListItem","@id":"https:\/\/www.eldigitaldeasturias.com\/noticias\/dubai-elegida-como-sede-de-la-exposicion-universal-2020\/#listItem","name":"Dubai, elegida como sede de la Exposici\u00f3n Universal 2020"},"previousItem":{"@type":"ListItem","@id":"https:\/\/www.eldigitaldeasturias.com\/noticias#listItem","name":"Home"}},{"@type":"ListItem","@id":"https:\/\/www.eldigitaldeasturias.com\/noticias\/dubai-elegida-como-sede-de-la-exposicion-universal-2020\/#listItem","position":3,"name":"Dubai, elegida como sede de la Exposici\u00f3n Universal 2020","previousItem":{"@type":"ListItem","@id":"https:\/\/www.eldigitaldeasturias.com\/noticias\/category\/revista-de-ocio\/#listItem","name":"Revista de Ocio"}}]},{"@type":"Organization","@id":"https:\/\/www.eldigitaldeasturias.com\/noticias\/#organization","name":"El Digital de Asturias","description":"Hemeroteca","url":"https:\/\/www.eldigitaldeasturias.com\/noticias\/","email":"info@eldigitaldeasturias.com","telephone":"+34652131393","logo":{"@type":"ImageObject","url":"https:\/\/www.eldigitaldeasturias.com\/noticias\/wp-content\/uploads\/2020\/12\/EDA.jpg","@id":"https:\/\/www.eldigitaldeasturias.com\/noticias\/dubai-elegida-como-sede-de-la-exposicion-universal-2020\/#organizationLogo"},"image":{"@id":"https:\/\/www.eldigitaldeasturias.com\/noticias\/dubai-elegida-como-sede-de-la-exposicion-universal-2020\/#organizationLogo"},"sameAs":["https:\/\/facebook.com\/eldigitaldeasturias","https:\/\/www.youtube.com\/channel\/UCZP-2wLEB9Rv6erhFmqVnvg"],"address":{"@id":"https:\/\/www.eldigitaldeasturias.com\/noticias\/#postaladdress","@type":"PostalAddress","streetAddress":"san antonio 4","postalCode":"33430","addressLocality":"Cand\u00e1s","addressRegion":"Asturias","addressCountry":"ES"}},{"@type":"Person","@id":"https:\/\/www.eldigitaldeasturias.com\/noticias\/author\/admin\/#author","url":"https:\/\/www.eldigitaldeasturias.com\/noticias\/author\/admin\/","name":"El Digital de Asturias","image":{"@type":"ImageObject","@id":"https:\/\/www.eldigitaldeasturias.com\/noticias\/dubai-elegida-como-sede-de-la-exposicion-universal-2020\/#authorImage","url":"https:\/\/secure.gravatar.com\/avatar\/df2aeffc32bcd13f8d26072ef8a91b623d677766deac7f97ca815868cd41bf5e?s=96&d=mm&r=g","width":96,"height":96,"caption":"El Digital de Asturias"}},{"@type":"WebPage","@id":"https:\/\/www.eldigitaldeasturias.com\/noticias\/dubai-elegida-como-sede-de-la-exposicion-universal-2020\/#webpage","url":"https:\/\/www.eldigitaldeasturias.com\/noticias\/dubai-elegida-como-sede-de-la-exposicion-universal-2020\/","name":"Dubai, elegida como sede de la Exposici\u00f3n Universal 2020 - El Digital de Asturias","description":"Par\u00eds, 27 nov (EFE).- Dubai fue elegida hoy como sede para acoger la Exposici\u00f3n Universal en 2020 en una votaci\u00f3n que tuvo lugar durante la 154 asamblea general del Bur\u00f3 Internacional de Exposiciones (BIE), organizador de ese evento. La EXPO tendr\u00e1 lugar entre el 20 de octubre de 2020 y el 10 de abril de","inLanguage":"es-ES","isPartOf":{"@id":"https:\/\/www.eldigitaldeasturias.com\/noticias\/#website"},"breadcrumb":{"@id":"https:\/\/www.eldigitaldeasturias.com\/noticias\/dubai-elegida-como-sede-de-la-exposicion-universal-2020\/#breadcrumblist"},"author":{"@id":"https:\/\/www.eldigitaldeasturias.com\/noticias\/author\/admin\/#author"},"creator":{"@id":"https:\/\/www.eldigitaldeasturias.com\/noticias\/author\/admin\/#author"},"image":{"@type":"ImageObject","url":455195,"@id":"https:\/\/www.eldigitaldeasturias.com\/noticias\/dubai-elegida-como-sede-de-la-exposicion-universal-2020\/#mainImage"},"primaryImageOfPage":{"@id":"https:\/\/www.eldigitaldeasturias.com\/noticias\/dubai-elegida-como-sede-de-la-exposicion-universal-2020\/#mainImage"},"datePublished":"2013-11-28T02:08:13+01:00","dateModified":"2013-11-28T02:08:13+01:00"},{"@type":"WebSite","@id":"https:\/\/www.eldigitaldeasturias.com\/noticias\/#website","url":"https:\/\/www.eldigitaldeasturias.com\/noticias\/","name":"El Digital de Asturias - Diario de actualidad y noticias","alternateName":"El Digital de Asturias - Diario de actualidad y noticias","description":"Hemeroteca","inLanguage":"es-ES","publisher":{"@id":"https:\/\/www.eldigitaldeasturias.com\/noticias\/#organization"}}]},"og:locale":"es_ES","og:site_name":"El Digital de Asturias","og:type":"article","og:title":"Dubai, elegida como sede de la Exposici\u00f3n Universal 2020 - El Digital de Asturias","og:description":"Par\u00eds, 27 nov (EFE).- Dubai fue elegida hoy como sede para acoger la Exposici\u00f3n Universal en 2020 en una votaci\u00f3n que tuvo lugar durante la 154 asamblea general del Bur\u00f3 Internacional de Exposiciones (BIE), organizador de ese evento. La EXPO tendr\u00e1 lugar entre el 20 de octubre de 2020 y el 10 de abril de","og:url":"https:\/\/www.eldigitaldeasturias.com\/noticias\/dubai-elegida-como-sede-de-la-exposicion-universal-2020\/","article:tag":["revista de ocio"],"article:published_time":"2013-11-28T03:08:13+00:00","article:modified_time":"2013-11-28T03:08:13+00:00","article:publisher":"https:\/\/facebook.com\/eldigitaldeasturias","twitter:card":"summary_large_image","twitter:title":"Dubai, elegida como sede de la Exposici\u00f3n Universal 2020 - El Digital de Asturias","twitter:description":"Par\u00eds, 27 nov (EFE).- Dubai fue elegida hoy como sede para acoger la Exposici\u00f3n Universal en 2020 en una votaci\u00f3n que tuvo lugar durante la 154 asamblea general del Bur\u00f3 Internacional de Exposiciones (BIE), organizador de ese evento. La EXPO tendr\u00e1 lugar entre el 20 de octubre de 2020 y el 10 de abril de","twitter:label1":"Escrito por","twitter:data1":"El Digital de Asturias","twitter:label2":"Tiempo de lectura estimado","twitter:data2":"1 minuto"},"aioseo_meta_data":{"post_id":"455194","title":null,"description":null,"keywords":null,"keyphrases":null,"primary_term":null,"canonical_url":null,"og_title":null,"og_description":null,"og_object_type":"default","og_image_type":"default","og_image_url":null,"og_image_width":null,"og_image_height":null,"og_image_custom_url":null,"og_image_custom_fields":null,"og_video":null,"og_custom_url":null,"og_article_section":null,"og_article_tags":null,"twitter_use_og":true,"twitter_card":"default","twitter_image_type":"default","twitter_image_url":null,"twitter_image_custom_url":null,"twitter_image_custom_fields":null,"twitter_title":null,"twitter_description":null,"schema":{"blockGraphs":[],"customGraphs":[],"default":{"data":{"Article":[],"Course":[],"Dataset":[],"FAQPage":[],"Movie":[],"Person":[],"Product":[],"ProductReview":[],"Car":[],"Recipe":[],"Service":[],"SoftwareApplication":[],"WebPage":[]},"graphName":"","isEnabled":true},"graphs":[],"defaultGraph":"","defaultPostTypeGraph":""},"schema_type":null,"schema_type_options":null,"pillar_content":false,"robots_default":true,"robots_noindex":false,"robots_noarchive":false,"robots_nosnippet":false,"robots_nofollow":false,"robots_noimageindex":false,"robots_noodp":false,"robots_notranslate":false,"robots_max_snippet":null,"robots_max_videopreview":null,"robots_max_imagepreview":"none","priority":null,"frequency":null,"local_seo":null,"seo_analyzer_scan_date":"2026-05-29 17:22:53","breadcrumb_settings":null,"limit_modified_date":false,"open_ai":null,"ai":null,"created":"2020-11-14 22:45:11","updated":"2026-05-29 17:22:53","focus_keyword":null,"additional_keywords":null,"truseo_locale":null},"aioseo_breadcrumb":"<div class=\"aioseo-breadcrumbs\"><span class=\"aioseo-breadcrumb\">\n\t<a href=\"https:\/\/www.eldigitaldeasturias.com\/noticias\" title=\"Home\">Home<\/a>\n<\/span><span class=\"aioseo-breadcrumb-separator\">\u2013<\/span><span class=\"aioseo-breadcrumb\">\n\t<a href=\"https:\/\/www.eldigitaldeasturias.com\/noticias\/category\/revista-de-ocio\/\" title=\"Revista de Ocio\">Revista de Ocio<\/a>\n<\/span><span class=\"aioseo-breadcrumb-separator\">\u2013<\/span><span class=\"aioseo-breadcrumb\">\n\t<a href=\"https:\/\/www.eldigitaldeasturias.com\/noticias\/dubai-elegida-como-sede-de-la-exposicion-universal-2020\/\" title=\"Dubai, elegida como sede de la Exposici\u00f3n Universal 2020\">Dubai, elegida como sede de la Exposici\u00f3n Universal 2020<\/a>\n<\/span><\/div>","aioseo_breadcrumb_json":[{"label":"Home","link":"https:\/\/www.eldigitaldeasturias.com\/noticias"},{"label":"Revista de Ocio","link":"https:\/\/www.eldigitaldeasturias.com\/noticias\/category\/revista-de-ocio\/"},{"label":"Dubai, elegida como sede de la Exposici\u00f3n Universal 2020","link":"https:\/\/www.eldigitaldeasturias.com\/noticias\/dubai-elegida-como-sede-de-la-exposicion-universal-2020\/"}],"_links":{"self":[{"href":"https:\/\/www.eldigitaldeasturias.com\/noticias\/wp-json\/wp\/v2\/posts\/455194","targetHints":{"allow":["GET"]}}],"collection":[{"href":"https:\/\/www.eldigitaldeasturias.com\/noticias\/wp-json\/wp\/v2\/posts"}],"about":[{"href":"https:\/\/www.eldigitaldeasturias.com\/noticias\/wp-json\/wp\/v2\/types\/post"}],"author":[{"embeddable":true,"href":"https:\/\/www.eldigitaldeasturias.com\/noticias\/wp-json\/wp\/v2\/users\/1"}],"replies":[{"embeddable":true,"href":"https:\/\/www.eldigitaldeasturias.com\/noticias\/wp-json\/wp\/v2\/comments?post=455194"}],"version-history":[{"count":0,"href":"https:\/\/www.eldigitaldeasturias.com\/noticias\/wp-json\/wp\/v2\/posts\/455194\/revisions"}],"wp:attachment":[{"href":"https:\/\/www.eldigitaldeasturias.com\/noticias\/wp-json\/wp\/v2\/media?parent=455194"}],"wp:term":[{"taxonomy":"category","embeddable":true,"href":"https:\/\/www.eldigitaldeasturias.com\/noticias\/wp-json\/wp\/v2\/categories?post=455194"},{"taxonomy":"post_tag","embeddable":true,"href":"https:\/\/www.eldigitaldeasturias.com\/noticias\/wp-json\/wp\/v2\/tags?post=455194"}],"curies":[{"name":"wp","href":"https:\/\/api.w.org\/{rel}","templated":true}]}}