{"id":455178,"date":"2013-11-28T01:35:50","date_gmt":"2013-11-28T02:35:50","guid":{"rendered":"http:\/\/www.eldigitaldeasturias.com\/noticias\/?p=455178"},"modified":"2013-11-28T01:35:50","modified_gmt":"2013-11-28T02:35:50","slug":"el-etarra-martinez-de-la-fuente-intxaurregi-sale-de-la-prision-de-logrono","status":"publish","type":"post","link":"https:\/\/www.eldigitaldeasturias.com\/noticias\/el-etarra-martinez-de-la-fuente-intxaurregi-sale-de-la-prision-de-logrono\/","title":{"rendered":"El etarra Mart\u00ednez de la Fuente Intxaurregi sale de la prisi\u00f3n de Logro\u00f1o"},"content":{"rendered":"<p><img loading=\"lazy\" decoding=\"async\" class=\"alignleft size-medium wp-image-455179\" alt=\"5757922w\" src=\"https:\/\/www.eldigitaldeasturias.com\/noticias\/wp-content\/uploads\/2013\/11\/5757922w-258x320.jpg\" width=\"258\" height=\"320\" \/>Logro\u00f1o, 27 nov (EFE).- El etarra Jos\u00e9 Ram\u00f3n Mart\u00ednez de la Fuente Intxaurregi ha salido esta tarde del centro penitenciario de Logro\u00f1o, una vez que el Tribunal Supremo ha decidido que se le anule la aplicaci\u00f3n de la Doctrina Parot.<\/p>\n<p>Mart\u00ednez de La Fuente, quien ha sido recibido por un reducido grupo de personas de su entorno a la salida de la prisi\u00f3n, sin que se hayan registrado incidentes, cumpl\u00eda condena por el asesinato de dos polic\u00edas y de un guardia civil.<\/p>\n<p>Estaba en prisi\u00f3n desde 1987, condenado a una pena de 241 a\u00f1os, 9 meses y 4 d\u00edas y, por la aplicaci\u00f3n de la Doctrina Parot, deb\u00eda permanecer encarcelado hasta el a\u00f1o 2020.<\/p>\n","protected":false},"excerpt":{"rendered":"<p>Logro\u00f1o, 27 nov (EFE).- El etarra Jos\u00e9 Ram\u00f3n Mart\u00ednez de la Fuente Intxaurregi ha salido esta tarde del centro penitenciario de Logro\u00f1o, una vez que el Tribunal Supremo ha decidido que se le anule la aplicaci\u00f3n de la Doctrina Parot. Mart\u00ednez de La Fuente, quien ha sido recibido por un reducido grupo de personas de [&hellip;]<\/p>\n","protected":false},"author":1,"featured_media":455179,"comment_status":"open","ping_status":"open","sticky":false,"template":"","format":"standard","meta":{"footnotes":""},"categories":[5],"tags":[],"class_list":["post-455178","post","type-post","status-publish","format-standard","has-post-thumbnail","hentry","category-sucesos"],"aioseo_notices":[],"aioseo_head":"\n\t\t<!-- All in One SEO Pro 5.0.1 - aioseo.com -->\n\t<meta name=\"description\" content=\"Logro\u00f1o, 27 nov (EFE).- El etarra Jos\u00e9 Ram\u00f3n Mart\u00ednez de la Fuente Intxaurregi ha salido esta tarde del centro penitenciario de Logro\u00f1o, una vez que el Tribunal Supremo ha decidido que se le anule la aplicaci\u00f3n de la Doctrina Parot. Mart\u00ednez de La Fuente, quien ha sido recibido por un reducido grupo de personas de\" \/>\n\t<meta name=\"robots\" content=\"max-image-preview:large\" \/>\n\t<meta name=\"author\" content=\"El Digital de Asturias\"\/>\n\t<meta name=\"google-site-verification\" content=\"UA-38556648-1\" \/>\n\t<meta name=\"msvalidate.01\" content=\"7dfe9f3f1b24437ab69f4f2559babe99\" \/>\n\t<meta name=\"keywords\" content=\"sucesos\" \/>\n\t<link rel=\"canonical\" href=\"https:\/\/www.eldigitaldeasturias.com\/noticias\/el-etarra-martinez-de-la-fuente-intxaurregi-sale-de-la-prision-de-logrono\/\" \/>\n\t<meta name=\"generator\" content=\"All in One SEO Pro (AIOSEO) 5.0.1\" \/>\n\t\t<meta property=\"og:locale\" content=\"es_ES\" \/>\n\t\t<meta property=\"og:site_name\" content=\"El Digital de Asturias\" \/>\n\t\t<meta property=\"og:type\" content=\"article\" \/>\n\t\t<meta property=\"og:title\" content=\"El etarra Mart\u00ednez de la Fuente Intxaurregi sale de la prisi\u00f3n de Logro\u00f1o - El Digital de Asturias\" \/>\n\t\t<meta property=\"og:description\" content=\"Logro\u00f1o, 27 nov (EFE).- El etarra Jos\u00e9 Ram\u00f3n Mart\u00ednez de la Fuente Intxaurregi ha salido esta tarde del centro penitenciario de Logro\u00f1o, una vez que el Tribunal Supremo ha decidido que se le anule la aplicaci\u00f3n de la Doctrina Parot. Mart\u00ednez de La Fuente, quien ha sido recibido por un reducido grupo de personas de\" \/>\n\t\t<meta property=\"og:url\" content=\"https:\/\/www.eldigitaldeasturias.com\/noticias\/el-etarra-martinez-de-la-fuente-intxaurregi-sale-de-la-prision-de-logrono\/\" \/>\n\t\t<meta property=\"article:tag\" content=\"sucesos\" \/>\n\t\t<meta property=\"article:published_time\" content=\"2013-11-28T02:35:50+00:00\" \/>\n\t\t<meta property=\"article:modified_time\" content=\"2013-11-28T02:35:50+00:00\" \/>\n\t\t<meta property=\"article:publisher\" content=\"https:\/\/facebook.com\/eldigitaldeasturias\" \/>\n\t\t<meta name=\"twitter:card\" content=\"summary_large_image\" \/>\n\t\t<meta name=\"twitter:title\" content=\"El etarra Mart\u00ednez de la Fuente Intxaurregi sale de la prisi\u00f3n de Logro\u00f1o - El Digital de Asturias\" \/>\n\t\t<meta name=\"twitter:description\" content=\"Logro\u00f1o, 27 nov (EFE).- El etarra Jos\u00e9 Ram\u00f3n Mart\u00ednez de la Fuente Intxaurregi ha salido esta tarde del centro penitenciario de Logro\u00f1o, una vez que el Tribunal Supremo ha decidido que se le anule la aplicaci\u00f3n de la Doctrina Parot. Mart\u00ednez de La Fuente, quien ha sido recibido por un reducido grupo de personas de\" \/>\n\t\t<meta name=\"twitter:label1\" content=\"Escrito por\" \/>\n\t\t<meta name=\"twitter:data1\" content=\"El Digital de Asturias\" \/>\n\t\t<meta name=\"twitter:label2\" content=\"Tiempo de lectura estimado\" \/>\n\t\t<meta name=\"twitter:data2\" content=\"1 minuto\" \/>\n\t\t<script type=\"application\/ld+json\" class=\"aioseo-schema\">\n\t\t\t{\"@context\":\"https:\\\/\\\/schema.org\",\"@graph\":[{\"@type\":\"BlogPosting\",\"@id\":\"https:\\\/\\\/www.eldigitaldeasturias.com\\\/noticias\\\/el-etarra-martinez-de-la-fuente-intxaurregi-sale-de-la-prision-de-logrono\\\/#blogposting\",\"name\":\"El etarra Mart\\u00ednez de la Fuente Intxaurregi sale de la prisi\\u00f3n de Logro\\u00f1o - El Digital de Asturias\",\"headline\":\"El etarra Mart\\u00ednez de la Fuente Intxaurregi sale de la prisi\\u00f3n de Logro\\u00f1o\",\"author\":{\"@id\":\"https:\\\/\\\/www.eldigitaldeasturias.com\\\/noticias\\\/author\\\/admin\\\/#author\"},\"publisher\":{\"@id\":\"https:\\\/\\\/www.eldigitaldeasturias.com\\\/noticias\\\/#organization\"},\"image\":{\"@type\":\"ImageObject\",\"url\":455179},\"datePublished\":\"2013-11-28T01:35:50+01:00\",\"dateModified\":\"2013-11-28T01:35:50+01:00\",\"inLanguage\":\"es-ES\",\"mainEntityOfPage\":{\"@id\":\"https:\\\/\\\/www.eldigitaldeasturias.com\\\/noticias\\\/el-etarra-martinez-de-la-fuente-intxaurregi-sale-de-la-prision-de-logrono\\\/#webpage\"},\"isPartOf\":{\"@id\":\"https:\\\/\\\/www.eldigitaldeasturias.com\\\/noticias\\\/el-etarra-martinez-de-la-fuente-intxaurregi-sale-de-la-prision-de-logrono\\\/#webpage\"},\"articleSection\":\"Sucesos\"},{\"@type\":\"BreadcrumbList\",\"@id\":\"https:\\\/\\\/www.eldigitaldeasturias.com\\\/noticias\\\/el-etarra-martinez-de-la-fuente-intxaurregi-sale-de-la-prision-de-logrono\\\/#breadcrumblist\",\"itemListElement\":[{\"@type\":\"ListItem\",\"@id\":\"https:\\\/\\\/www.eldigitaldeasturias.com\\\/noticias#listItem\",\"position\":1,\"name\":\"Home\",\"item\":\"https:\\\/\\\/www.eldigitaldeasturias.com\\\/noticias\",\"nextItem\":{\"@type\":\"ListItem\",\"@id\":\"https:\\\/\\\/www.eldigitaldeasturias.com\\\/noticias\\\/category\\\/sucesos\\\/#listItem\",\"name\":\"Sucesos\"}},{\"@type\":\"ListItem\",\"@id\":\"https:\\\/\\\/www.eldigitaldeasturias.com\\\/noticias\\\/category\\\/sucesos\\\/#listItem\",\"position\":2,\"name\":\"Sucesos\",\"item\":\"https:\\\/\\\/www.eldigitaldeasturias.com\\\/noticias\\\/category\\\/sucesos\\\/\",\"nextItem\":{\"@type\":\"ListItem\",\"@id\":\"https:\\\/\\\/www.eldigitaldeasturias.com\\\/noticias\\\/el-etarra-martinez-de-la-fuente-intxaurregi-sale-de-la-prision-de-logrono\\\/#listItem\",\"name\":\"El etarra Mart\\u00ednez de la Fuente Intxaurregi sale de la prisi\\u00f3n de Logro\\u00f1o\"},\"previousItem\":{\"@type\":\"ListItem\",\"@id\":\"https:\\\/\\\/www.eldigitaldeasturias.com\\\/noticias#listItem\",\"name\":\"Home\"}},{\"@type\":\"ListItem\",\"@id\":\"https:\\\/\\\/www.eldigitaldeasturias.com\\\/noticias\\\/el-etarra-martinez-de-la-fuente-intxaurregi-sale-de-la-prision-de-logrono\\\/#listItem\",\"position\":3,\"name\":\"El etarra Mart\\u00ednez de la Fuente Intxaurregi sale de la prisi\\u00f3n de Logro\\u00f1o\",\"previousItem\":{\"@type\":\"ListItem\",\"@id\":\"https:\\\/\\\/www.eldigitaldeasturias.com\\\/noticias\\\/category\\\/sucesos\\\/#listItem\",\"name\":\"Sucesos\"}}]},{\"@type\":\"Organization\",\"@id\":\"https:\\\/\\\/www.eldigitaldeasturias.com\\\/noticias\\\/#organization\",\"name\":\"El Digital de Asturias\",\"description\":\"Hemeroteca\",\"url\":\"https:\\\/\\\/www.eldigitaldeasturias.com\\\/noticias\\\/\",\"email\":\"info@eldigitaldeasturias.com\",\"telephone\":\"+34652131393\",\"logo\":{\"@type\":\"ImageObject\",\"url\":\"https:\\\/\\\/www.eldigitaldeasturias.com\\\/noticias\\\/wp-content\\\/uploads\\\/2020\\\/12\\\/EDA.jpg\",\"@id\":\"https:\\\/\\\/www.eldigitaldeasturias.com\\\/noticias\\\/el-etarra-martinez-de-la-fuente-intxaurregi-sale-de-la-prision-de-logrono\\\/#organizationLogo\"},\"image\":{\"@id\":\"https:\\\/\\\/www.eldigitaldeasturias.com\\\/noticias\\\/el-etarra-martinez-de-la-fuente-intxaurregi-sale-de-la-prision-de-logrono\\\/#organizationLogo\"},\"sameAs\":[\"https:\\\/\\\/facebook.com\\\/eldigitaldeasturias\",\"https:\\\/\\\/www.youtube.com\\\/channel\\\/UCZP-2wLEB9Rv6erhFmqVnvg\"],\"address\":{\"@id\":\"https:\\\/\\\/www.eldigitaldeasturias.com\\\/noticias\\\/#postaladdress\",\"@type\":\"PostalAddress\",\"streetAddress\":\"san antonio 4\",\"postalCode\":\"33430\",\"addressLocality\":\"Cand\\u00e1s\",\"addressRegion\":\"Asturias\",\"addressCountry\":\"ES\"}},{\"@type\":\"Person\",\"@id\":\"https:\\\/\\\/www.eldigitaldeasturias.com\\\/noticias\\\/author\\\/admin\\\/#author\",\"url\":\"https:\\\/\\\/www.eldigitaldeasturias.com\\\/noticias\\\/author\\\/admin\\\/\",\"name\":\"El Digital de Asturias\",\"image\":{\"@type\":\"ImageObject\",\"@id\":\"https:\\\/\\\/www.eldigitaldeasturias.com\\\/noticias\\\/el-etarra-martinez-de-la-fuente-intxaurregi-sale-de-la-prision-de-logrono\\\/#authorImage\",\"url\":\"https:\\\/\\\/secure.gravatar.com\\\/avatar\\\/df2aeffc32bcd13f8d26072ef8a91b623d677766deac7f97ca815868cd41bf5e?s=96&d=mm&r=g\",\"width\":96,\"height\":96,\"caption\":\"El Digital de Asturias\"}},{\"@type\":\"WebPage\",\"@id\":\"https:\\\/\\\/www.eldigitaldeasturias.com\\\/noticias\\\/el-etarra-martinez-de-la-fuente-intxaurregi-sale-de-la-prision-de-logrono\\\/#webpage\",\"url\":\"https:\\\/\\\/www.eldigitaldeasturias.com\\\/noticias\\\/el-etarra-martinez-de-la-fuente-intxaurregi-sale-de-la-prision-de-logrono\\\/\",\"name\":\"El etarra Mart\\u00ednez de la Fuente Intxaurregi sale de la prisi\\u00f3n de Logro\\u00f1o - El Digital de Asturias\",\"description\":\"Logro\\u00f1o, 27 nov (EFE).- El etarra Jos\\u00e9 Ram\\u00f3n Mart\\u00ednez de la Fuente Intxaurregi ha salido esta tarde del centro penitenciario de Logro\\u00f1o, una vez que el Tribunal Supremo ha decidido que se le anule la aplicaci\\u00f3n de la Doctrina Parot. Mart\\u00ednez de La Fuente, quien ha sido recibido por un reducido grupo de personas de\",\"inLanguage\":\"es-ES\",\"isPartOf\":{\"@id\":\"https:\\\/\\\/www.eldigitaldeasturias.com\\\/noticias\\\/#website\"},\"breadcrumb\":{\"@id\":\"https:\\\/\\\/www.eldigitaldeasturias.com\\\/noticias\\\/el-etarra-martinez-de-la-fuente-intxaurregi-sale-de-la-prision-de-logrono\\\/#breadcrumblist\"},\"author\":{\"@id\":\"https:\\\/\\\/www.eldigitaldeasturias.com\\\/noticias\\\/author\\\/admin\\\/#author\"},\"creator\":{\"@id\":\"https:\\\/\\\/www.eldigitaldeasturias.com\\\/noticias\\\/author\\\/admin\\\/#author\"},\"image\":{\"@type\":\"ImageObject\",\"url\":455179,\"@id\":\"https:\\\/\\\/www.eldigitaldeasturias.com\\\/noticias\\\/el-etarra-martinez-de-la-fuente-intxaurregi-sale-de-la-prision-de-logrono\\\/#mainImage\"},\"primaryImageOfPage\":{\"@id\":\"https:\\\/\\\/www.eldigitaldeasturias.com\\\/noticias\\\/el-etarra-martinez-de-la-fuente-intxaurregi-sale-de-la-prision-de-logrono\\\/#mainImage\"},\"datePublished\":\"2013-11-28T01:35:50+01:00\",\"dateModified\":\"2013-11-28T01:35:50+01:00\"},{\"@type\":\"WebSite\",\"@id\":\"https:\\\/\\\/www.eldigitaldeasturias.com\\\/noticias\\\/#website\",\"url\":\"https:\\\/\\\/www.eldigitaldeasturias.com\\\/noticias\\\/\",\"name\":\"El Digital de Asturias - Diario de actualidad y noticias\",\"alternateName\":\"El Digital de Asturias - Diario de actualidad y noticias\",\"description\":\"Hemeroteca\",\"inLanguage\":\"es-ES\",\"publisher\":{\"@id\":\"https:\\\/\\\/www.eldigitaldeasturias.com\\\/noticias\\\/#organization\"}}]}\n\t\t<\/script>\n\t\t<!-- All in One SEO Pro -->\r\n\t\t<title>El etarra Mart\u00ednez de la Fuente Intxaurregi sale de la prisi\u00f3n de Logro\u00f1o - El Digital de Asturias<\/title>\n\n","aioseo_head_json":{"title":"El etarra Mart\u00ednez de la Fuente Intxaurregi sale de la prisi\u00f3n de Logro\u00f1o - El Digital de Asturias","description":"Logro\u00f1o, 27 nov (EFE).- El etarra Jos\u00e9 Ram\u00f3n Mart\u00ednez de la Fuente Intxaurregi ha salido esta tarde del centro penitenciario de Logro\u00f1o, una vez que el Tribunal Supremo ha decidido que se le anule la aplicaci\u00f3n de la Doctrina Parot. Mart\u00ednez de La Fuente, quien ha sido recibido por un reducido grupo de personas de","canonical_url":"https:\/\/www.eldigitaldeasturias.com\/noticias\/el-etarra-martinez-de-la-fuente-intxaurregi-sale-de-la-prision-de-logrono\/","robots":"max-image-preview:large","keywords":"sucesos","webmasterTools":{"google-site-verification":"UA-38556648-1","msvalidate.01":"7dfe9f3f1b24437ab69f4f2559babe99","miscellaneous":""},"schema":{"@context":"https:\/\/schema.org","@graph":[{"@type":"BlogPosting","@id":"https:\/\/www.eldigitaldeasturias.com\/noticias\/el-etarra-martinez-de-la-fuente-intxaurregi-sale-de-la-prision-de-logrono\/#blogposting","name":"El etarra Mart\u00ednez de la Fuente Intxaurregi sale de la prisi\u00f3n de Logro\u00f1o - El Digital de Asturias","headline":"El etarra Mart\u00ednez de la Fuente Intxaurregi sale de la prisi\u00f3n de Logro\u00f1o","author":{"@id":"https:\/\/www.eldigitaldeasturias.com\/noticias\/author\/admin\/#author"},"publisher":{"@id":"https:\/\/www.eldigitaldeasturias.com\/noticias\/#organization"},"image":{"@type":"ImageObject","url":455179},"datePublished":"2013-11-28T01:35:50+01:00","dateModified":"2013-11-28T01:35:50+01:00","inLanguage":"es-ES","mainEntityOfPage":{"@id":"https:\/\/www.eldigitaldeasturias.com\/noticias\/el-etarra-martinez-de-la-fuente-intxaurregi-sale-de-la-prision-de-logrono\/#webpage"},"isPartOf":{"@id":"https:\/\/www.eldigitaldeasturias.com\/noticias\/el-etarra-martinez-de-la-fuente-intxaurregi-sale-de-la-prision-de-logrono\/#webpage"},"articleSection":"Sucesos"},{"@type":"BreadcrumbList","@id":"https:\/\/www.eldigitaldeasturias.com\/noticias\/el-etarra-martinez-de-la-fuente-intxaurregi-sale-de-la-prision-de-logrono\/#breadcrumblist","itemListElement":[{"@type":"ListItem","@id":"https:\/\/www.eldigitaldeasturias.com\/noticias#listItem","position":1,"name":"Home","item":"https:\/\/www.eldigitaldeasturias.com\/noticias","nextItem":{"@type":"ListItem","@id":"https:\/\/www.eldigitaldeasturias.com\/noticias\/category\/sucesos\/#listItem","name":"Sucesos"}},{"@type":"ListItem","@id":"https:\/\/www.eldigitaldeasturias.com\/noticias\/category\/sucesos\/#listItem","position":2,"name":"Sucesos","item":"https:\/\/www.eldigitaldeasturias.com\/noticias\/category\/sucesos\/","nextItem":{"@type":"ListItem","@id":"https:\/\/www.eldigitaldeasturias.com\/noticias\/el-etarra-martinez-de-la-fuente-intxaurregi-sale-de-la-prision-de-logrono\/#listItem","name":"El etarra Mart\u00ednez de la Fuente Intxaurregi sale de la prisi\u00f3n de Logro\u00f1o"},"previousItem":{"@type":"ListItem","@id":"https:\/\/www.eldigitaldeasturias.com\/noticias#listItem","name":"Home"}},{"@type":"ListItem","@id":"https:\/\/www.eldigitaldeasturias.com\/noticias\/el-etarra-martinez-de-la-fuente-intxaurregi-sale-de-la-prision-de-logrono\/#listItem","position":3,"name":"El etarra Mart\u00ednez de la Fuente Intxaurregi sale de la prisi\u00f3n de Logro\u00f1o","previousItem":{"@type":"ListItem","@id":"https:\/\/www.eldigitaldeasturias.com\/noticias\/category\/sucesos\/#listItem","name":"Sucesos"}}]},{"@type":"Organization","@id":"https:\/\/www.eldigitaldeasturias.com\/noticias\/#organization","name":"El Digital de Asturias","description":"Hemeroteca","url":"https:\/\/www.eldigitaldeasturias.com\/noticias\/","email":"info@eldigitaldeasturias.com","telephone":"+34652131393","logo":{"@type":"ImageObject","url":"https:\/\/www.eldigitaldeasturias.com\/noticias\/wp-content\/uploads\/2020\/12\/EDA.jpg","@id":"https:\/\/www.eldigitaldeasturias.com\/noticias\/el-etarra-martinez-de-la-fuente-intxaurregi-sale-de-la-prision-de-logrono\/#organizationLogo"},"image":{"@id":"https:\/\/www.eldigitaldeasturias.com\/noticias\/el-etarra-martinez-de-la-fuente-intxaurregi-sale-de-la-prision-de-logrono\/#organizationLogo"},"sameAs":["https:\/\/facebook.com\/eldigitaldeasturias","https:\/\/www.youtube.com\/channel\/UCZP-2wLEB9Rv6erhFmqVnvg"],"address":{"@id":"https:\/\/www.eldigitaldeasturias.com\/noticias\/#postaladdress","@type":"PostalAddress","streetAddress":"san antonio 4","postalCode":"33430","addressLocality":"Cand\u00e1s","addressRegion":"Asturias","addressCountry":"ES"}},{"@type":"Person","@id":"https:\/\/www.eldigitaldeasturias.com\/noticias\/author\/admin\/#author","url":"https:\/\/www.eldigitaldeasturias.com\/noticias\/author\/admin\/","name":"El Digital de Asturias","image":{"@type":"ImageObject","@id":"https:\/\/www.eldigitaldeasturias.com\/noticias\/el-etarra-martinez-de-la-fuente-intxaurregi-sale-de-la-prision-de-logrono\/#authorImage","url":"https:\/\/secure.gravatar.com\/avatar\/df2aeffc32bcd13f8d26072ef8a91b623d677766deac7f97ca815868cd41bf5e?s=96&d=mm&r=g","width":96,"height":96,"caption":"El Digital de Asturias"}},{"@type":"WebPage","@id":"https:\/\/www.eldigitaldeasturias.com\/noticias\/el-etarra-martinez-de-la-fuente-intxaurregi-sale-de-la-prision-de-logrono\/#webpage","url":"https:\/\/www.eldigitaldeasturias.com\/noticias\/el-etarra-martinez-de-la-fuente-intxaurregi-sale-de-la-prision-de-logrono\/","name":"El etarra Mart\u00ednez de la Fuente Intxaurregi sale de la prisi\u00f3n de Logro\u00f1o - El Digital de Asturias","description":"Logro\u00f1o, 27 nov (EFE).- El etarra Jos\u00e9 Ram\u00f3n Mart\u00ednez de la Fuente Intxaurregi ha salido esta tarde del centro penitenciario de Logro\u00f1o, una vez que el Tribunal Supremo ha decidido que se le anule la aplicaci\u00f3n de la Doctrina Parot. Mart\u00ednez de La Fuente, quien ha sido recibido por un reducido grupo de personas de","inLanguage":"es-ES","isPartOf":{"@id":"https:\/\/www.eldigitaldeasturias.com\/noticias\/#website"},"breadcrumb":{"@id":"https:\/\/www.eldigitaldeasturias.com\/noticias\/el-etarra-martinez-de-la-fuente-intxaurregi-sale-de-la-prision-de-logrono\/#breadcrumblist"},"author":{"@id":"https:\/\/www.eldigitaldeasturias.com\/noticias\/author\/admin\/#author"},"creator":{"@id":"https:\/\/www.eldigitaldeasturias.com\/noticias\/author\/admin\/#author"},"image":{"@type":"ImageObject","url":455179,"@id":"https:\/\/www.eldigitaldeasturias.com\/noticias\/el-etarra-martinez-de-la-fuente-intxaurregi-sale-de-la-prision-de-logrono\/#mainImage"},"primaryImageOfPage":{"@id":"https:\/\/www.eldigitaldeasturias.com\/noticias\/el-etarra-martinez-de-la-fuente-intxaurregi-sale-de-la-prision-de-logrono\/#mainImage"},"datePublished":"2013-11-28T01:35:50+01:00","dateModified":"2013-11-28T01:35:50+01:00"},{"@type":"WebSite","@id":"https:\/\/www.eldigitaldeasturias.com\/noticias\/#website","url":"https:\/\/www.eldigitaldeasturias.com\/noticias\/","name":"El Digital de Asturias - Diario de actualidad y noticias","alternateName":"El Digital de Asturias - Diario de actualidad y noticias","description":"Hemeroteca","inLanguage":"es-ES","publisher":{"@id":"https:\/\/www.eldigitaldeasturias.com\/noticias\/#organization"}}]},"og:locale":"es_ES","og:site_name":"El Digital de Asturias","og:type":"article","og:title":"El etarra Mart\u00ednez de la Fuente Intxaurregi sale de la prisi\u00f3n de Logro\u00f1o - El Digital de Asturias","og:description":"Logro\u00f1o, 27 nov (EFE).- El etarra Jos\u00e9 Ram\u00f3n Mart\u00ednez de la Fuente Intxaurregi ha salido esta tarde del centro penitenciario de Logro\u00f1o, una vez que el Tribunal Supremo ha decidido que se le anule la aplicaci\u00f3n de la Doctrina Parot. Mart\u00ednez de La Fuente, quien ha sido recibido por un reducido grupo de personas de","og:url":"https:\/\/www.eldigitaldeasturias.com\/noticias\/el-etarra-martinez-de-la-fuente-intxaurregi-sale-de-la-prision-de-logrono\/","article:tag":["sucesos"],"article:published_time":"2013-11-28T02:35:50+00:00","article:modified_time":"2013-11-28T02:35:50+00:00","article:publisher":"https:\/\/facebook.com\/eldigitaldeasturias","twitter:card":"summary_large_image","twitter:title":"El etarra Mart\u00ednez de la Fuente Intxaurregi sale de la prisi\u00f3n de Logro\u00f1o - El Digital de Asturias","twitter:description":"Logro\u00f1o, 27 nov (EFE).- El etarra Jos\u00e9 Ram\u00f3n Mart\u00ednez de la Fuente Intxaurregi ha salido esta tarde del centro penitenciario de Logro\u00f1o, una vez que el Tribunal Supremo ha decidido que se le anule la aplicaci\u00f3n de la Doctrina Parot. Mart\u00ednez de La Fuente, quien ha sido recibido por un reducido grupo de personas de","twitter:label1":"Escrito por","twitter:data1":"El Digital de Asturias","twitter:label2":"Tiempo de lectura estimado","twitter:data2":"1 minuto"},"aioseo_meta_data":{"post_id":"455178","title":null,"description":null,"keywords":null,"keyphrases":null,"primary_term":null,"canonical_url":null,"og_title":null,"og_description":null,"og_object_type":"default","og_image_type":"default","og_image_url":null,"og_image_width":null,"og_image_height":null,"og_image_custom_url":null,"og_image_custom_fields":null,"og_video":null,"og_custom_url":null,"og_article_section":null,"og_article_tags":null,"twitter_use_og":true,"twitter_card":"default","twitter_image_type":"default","twitter_image_url":null,"twitter_image_custom_url":null,"twitter_image_custom_fields":null,"twitter_title":null,"twitter_description":null,"schema":{"blockGraphs":[],"customGraphs":[],"default":{"data":{"Article":[],"Course":[],"Dataset":[],"FAQPage":[],"Movie":[],"Person":[],"Product":[],"ProductReview":[],"Car":[],"Recipe":[],"Service":[],"SoftwareApplication":[],"WebPage":[]},"graphName":"","isEnabled":true},"graphs":[],"defaultGraph":"","defaultPostTypeGraph":""},"schema_type":null,"schema_type_options":null,"pillar_content":false,"robots_default":true,"robots_noindex":false,"robots_noarchive":false,"robots_nosnippet":false,"robots_nofollow":false,"robots_noimageindex":false,"robots_noodp":false,"robots_notranslate":false,"robots_max_snippet":null,"robots_max_videopreview":null,"robots_max_imagepreview":"none","priority":null,"frequency":null,"local_seo":null,"seo_analyzer_scan_date":"2026-05-29 17:20:51","breadcrumb_settings":null,"limit_modified_date":false,"open_ai":null,"ai":null,"created":"2020-11-14 22:45:11","updated":"2026-05-29 17:20:51","focus_keyword":null,"additional_keywords":null,"truseo_locale":null},"aioseo_breadcrumb":"<div class=\"aioseo-breadcrumbs\"><span class=\"aioseo-breadcrumb\">\n\t<a href=\"https:\/\/www.eldigitaldeasturias.com\/noticias\" title=\"Home\">Home<\/a>\n<\/span><span class=\"aioseo-breadcrumb-separator\">\u2013<\/span><span class=\"aioseo-breadcrumb\">\n\t<a href=\"https:\/\/www.eldigitaldeasturias.com\/noticias\/category\/sucesos\/\" title=\"Sucesos\">Sucesos<\/a>\n<\/span><span class=\"aioseo-breadcrumb-separator\">\u2013<\/span><span class=\"aioseo-breadcrumb\">\n\t<a href=\"https:\/\/www.eldigitaldeasturias.com\/noticias\/el-etarra-martinez-de-la-fuente-intxaurregi-sale-de-la-prision-de-logrono\/\" title=\"El etarra Mart\u00ednez de la Fuente Intxaurregi sale de la prisi\u00f3n de Logro\u00f1o\">El etarra Mart\u00ednez de la Fuente Intxaurregi sale de la prisi\u00f3n de Logro\u00f1o<\/a>\n<\/span><\/div>","aioseo_breadcrumb_json":[{"label":"Home","link":"https:\/\/www.eldigitaldeasturias.com\/noticias"},{"label":"Sucesos","link":"https:\/\/www.eldigitaldeasturias.com\/noticias\/category\/sucesos\/"},{"label":"El etarra Mart\u00ednez de la Fuente Intxaurregi sale de la prisi\u00f3n de Logro\u00f1o","link":"https:\/\/www.eldigitaldeasturias.com\/noticias\/el-etarra-martinez-de-la-fuente-intxaurregi-sale-de-la-prision-de-logrono\/"}],"_links":{"self":[{"href":"https:\/\/www.eldigitaldeasturias.com\/noticias\/wp-json\/wp\/v2\/posts\/455178","targetHints":{"allow":["GET"]}}],"collection":[{"href":"https:\/\/www.eldigitaldeasturias.com\/noticias\/wp-json\/wp\/v2\/posts"}],"about":[{"href":"https:\/\/www.eldigitaldeasturias.com\/noticias\/wp-json\/wp\/v2\/types\/post"}],"author":[{"embeddable":true,"href":"https:\/\/www.eldigitaldeasturias.com\/noticias\/wp-json\/wp\/v2\/users\/1"}],"replies":[{"embeddable":true,"href":"https:\/\/www.eldigitaldeasturias.com\/noticias\/wp-json\/wp\/v2\/comments?post=455178"}],"version-history":[{"count":0,"href":"https:\/\/www.eldigitaldeasturias.com\/noticias\/wp-json\/wp\/v2\/posts\/455178\/revisions"}],"wp:attachment":[{"href":"https:\/\/www.eldigitaldeasturias.com\/noticias\/wp-json\/wp\/v2\/media?parent=455178"}],"wp:term":[{"taxonomy":"category","embeddable":true,"href":"https:\/\/www.eldigitaldeasturias.com\/noticias\/wp-json\/wp\/v2\/categories?post=455178"},{"taxonomy":"post_tag","embeddable":true,"href":"https:\/\/www.eldigitaldeasturias.com\/noticias\/wp-json\/wp\/v2\/tags?post=455178"}],"curies":[{"name":"wp","href":"https:\/\/api.w.org\/{rel}","templated":true}]}}