{"id":455172,"date":"2013-11-28T01:31:27","date_gmt":"2013-11-28T02:31:27","guid":{"rendered":"http:\/\/www.eldigitaldeasturias.com\/noticias\/?p=455172"},"modified":"2013-11-28T01:31:40","modified_gmt":"2013-11-28T02:31:40","slug":"nicolas-muller-obras-maestras-el-viaje-vital-del-fotografo-ausente","status":"publish","type":"post","link":"https:\/\/www.eldigitaldeasturias.com\/noticias\/nicolas-muller-obras-maestras-el-viaje-vital-del-fotografo-ausente\/","title":{"rendered":"\u00abNicol\u00e1s Muller. Obras maestras\u00bb, el viaje vital del \u00abfot\u00f3grafo ausente\u00bb"},"content":{"rendered":"<p><img loading=\"lazy\" decoding=\"async\" class=\"alignleft size-medium wp-image-455173\" alt=\"5758149w\" src=\"https:\/\/www.eldigitaldeasturias.com\/noticias\/wp-content\/uploads\/2013\/11\/5758149w-360x235.jpg\" width=\"360\" height=\"235\" \/>Madrid, 27 nov (EFE).- La maleta del fot\u00f3grafo Nicol\u00e1s Muller, llena de pegatinas de diferentes lugares, hoy no llamar\u00eda especialmente la atenci\u00f3n. Pero en ese caso, el objeto sirve como met\u00e1fora de su \u00abviaje vital\u00bb, reflejado en la retrospectiva que acoge la Sala Canal de Isabel II de Madrid a partir de ma\u00f1ana.<\/p>\n<p>\u00abNicol\u00e1s Muller. Obras maestras\u00bb, que podr\u00e1 verse hasta el 23 de febrero de 2014, hace un repaso de la trayectoria del fot\u00f3grafo de origen h\u00fangaro, coincidiendo con el centenario de su nacimiento.<\/p>\n<p>La exposici\u00f3n est\u00e1 compuesta por 125 fotograf\u00edas en blanco y negro, seleccionadas entre un cat\u00e1logo de 14.000 negativos. Las fotograf\u00edas nos ayudan a seguir los pasos de Muller, que comienzan en su Hungr\u00eda natal, de la que escap\u00f3 huyendo del nazismo.<\/p>\n<p>Sus primeros trabajos muestran una mirada que parte del constructivismo, pero que se va \u00abdulcificando\u00bb con el tiempo, como se comprueba a lo largo del recorrido preparado por Chema Conesa, comisario de la exposici\u00f3n.<\/p>\n<p>A pesar de que su labor como retratista constituye una parte importante de su obra -P\u00edo Baroja, Camilo Jos\u00e9 Cela o Azor\u00edn fueron algunos de los personajes a los que inmortaliz\u00f3-, Conesa ha querido centrarse en la parte \u00abdocumental\u00bb, ya que considera a Muller como \u00abuno de los padres del fotoperiodismo moderno\u00bb, junto a Catal\u00e0-Roca.<\/p>\n<p>Tanto Muller como Catal\u00e0-Roca, explica Conesa a Efe, parten del mismo punto de partida: \u00abSer el fot\u00f3grafo ausente\u00bb. Es decir, ambos no intervienen en la realidad, sino que a trav\u00e9s de su trabajo sustraen de ella un enfoque propio.<\/p>\n<p>En el caso de Muller, este enfoque es \u00abhumanista\u00bb y muy cercano al pueblo. Y es que sus fotos constituyen un certero retrato social, donde encontramos protagonistas como lavanderas, ni\u00f1os o las manos de los trabajadores del campo.<\/p>\n<p>Por eso, asomarse a la obra de Muller es acercarse de una forma excepcional a las gentes humildes de lugares como Marruecos, Francia, Portugal y Espa\u00f1a, pa\u00eds en el que se asent\u00f3 en 1947 y cuya geograf\u00eda recorri\u00f3 con su c\u00e1mara, hasta su fallecimiento en el a\u00f1o 2000.<\/p>\n<p>En Espa\u00f1a, Muller encontr\u00f3 un panorama en el que \u00abla fotograf\u00eda no estaba valorada nada, o casi nada\u00bb, seg\u00fan sus propias palabras. Conesa destaca que, en ese momento, la fotograf\u00eda espa\u00f1ola era m\u00e1s \u00abartificiosa\u00bb y estaba \u00abacomplejada por la pintura\u00bb, pero Muller construy\u00f3 otra \u00abmanera de mirar\u00bb, con m\u00e1s profundidad.<\/p>\n<p>La retrospectiva finaliza con una muestra de objetos personales de Muller, entre los que destaca su maleta, testigo de sus viajes, adem\u00e1s de algunos retratos que realiz\u00f3 cuando estaba instalado en su estudio de la madrile\u00f1a calle Serrano.<\/p>\n<p>La exposici\u00f3n, organizada por el Gobierno regional madrile\u00f1o en colaboraci\u00f3n con La F\u00e1brica, se complementa con la publicaci\u00f3n de un libro que recoge las fotograf\u00edas de Muller, que adem\u00e1s contiene un texto autobiogr\u00e1fico y un ensayo de Chema Conesa.<\/p>\n","protected":false},"excerpt":{"rendered":"<p>Madrid, 27 nov (EFE).- La maleta del fot\u00f3grafo Nicol\u00e1s Muller, llena de pegatinas de diferentes lugares, hoy no llamar\u00eda especialmente la atenci\u00f3n. Pero en ese caso, el objeto sirve como met\u00e1fora de su \u00abviaje vital\u00bb, reflejado en la retrospectiva que acoge la Sala Canal de Isabel II de Madrid a partir de ma\u00f1ana. \u00abNicol\u00e1s Muller. [&hellip;]<\/p>\n","protected":false},"author":1,"featured_media":455173,"comment_status":"open","ping_status":"open","sticky":false,"template":"","format":"standard","meta":{"footnotes":""},"categories":[50],"tags":[],"class_list":["post-455172","post","type-post","status-publish","format-standard","has-post-thumbnail","hentry","category-revista-de-ocio"],"aioseo_notices":[],"aioseo_head":"\n\t\t<!-- All in One SEO Pro 5.0.1 - aioseo.com -->\n\t<meta name=\"description\" content=\"Madrid, 27 nov (EFE).- La maleta del fot\u00f3grafo Nicol\u00e1s Muller, llena de pegatinas de diferentes lugares, hoy no llamar\u00eda especialmente la atenci\u00f3n. Pero en ese caso, el objeto sirve como met\u00e1fora de su &quot;viaje vital&quot;, reflejado en la retrospectiva que acoge la Sala Canal de Isabel II de Madrid a partir de ma\u00f1ana. &quot;Nicol\u00e1s Muller.\" \/>\n\t<meta name=\"robots\" content=\"max-image-preview:large\" \/>\n\t<meta name=\"author\" content=\"El Digital de Asturias\"\/>\n\t<meta name=\"google-site-verification\" content=\"UA-38556648-1\" \/>\n\t<meta name=\"msvalidate.01\" content=\"7dfe9f3f1b24437ab69f4f2559babe99\" \/>\n\t<meta name=\"keywords\" content=\"revista de ocio\" \/>\n\t<link rel=\"canonical\" href=\"https:\/\/www.eldigitaldeasturias.com\/noticias\/nicolas-muller-obras-maestras-el-viaje-vital-del-fotografo-ausente\/\" \/>\n\t<meta name=\"generator\" content=\"All in One SEO Pro (AIOSEO) 5.0.1\" \/>\n\t\t<meta property=\"og:locale\" content=\"es_ES\" \/>\n\t\t<meta property=\"og:site_name\" content=\"El Digital de Asturias\" \/>\n\t\t<meta property=\"og:type\" content=\"article\" \/>\n\t\t<meta property=\"og:title\" content=\"\u00abNicol\u00e1s Muller. Obras maestras\u00bb, el viaje vital del \u00abfot\u00f3grafo ausente\u00bb - El Digital de Asturias\" \/>\n\t\t<meta property=\"og:description\" content=\"Madrid, 27 nov (EFE).- La maleta del fot\u00f3grafo Nicol\u00e1s Muller, llena de pegatinas de diferentes lugares, hoy no llamar\u00eda especialmente la atenci\u00f3n. Pero en ese caso, el objeto sirve como met\u00e1fora de su &quot;viaje vital&quot;, reflejado en la retrospectiva que acoge la Sala Canal de Isabel II de Madrid a partir de ma\u00f1ana. &quot;Nicol\u00e1s Muller.\" \/>\n\t\t<meta property=\"og:url\" content=\"https:\/\/www.eldigitaldeasturias.com\/noticias\/nicolas-muller-obras-maestras-el-viaje-vital-del-fotografo-ausente\/\" \/>\n\t\t<meta property=\"article:tag\" content=\"revista de ocio\" \/>\n\t\t<meta property=\"article:published_time\" content=\"2013-11-28T02:31:27+00:00\" \/>\n\t\t<meta property=\"article:modified_time\" content=\"2013-11-28T02:31:40+00:00\" \/>\n\t\t<meta property=\"article:publisher\" content=\"https:\/\/facebook.com\/eldigitaldeasturias\" \/>\n\t\t<meta name=\"twitter:card\" content=\"summary_large_image\" \/>\n\t\t<meta name=\"twitter:title\" content=\"\u00abNicol\u00e1s Muller. Obras maestras\u00bb, el viaje vital del \u00abfot\u00f3grafo ausente\u00bb - El Digital de Asturias\" \/>\n\t\t<meta name=\"twitter:description\" content=\"Madrid, 27 nov (EFE).- La maleta del fot\u00f3grafo Nicol\u00e1s Muller, llena de pegatinas de diferentes lugares, hoy no llamar\u00eda especialmente la atenci\u00f3n. Pero en ese caso, el objeto sirve como met\u00e1fora de su &quot;viaje vital&quot;, reflejado en la retrospectiva que acoge la Sala Canal de Isabel II de Madrid a partir de ma\u00f1ana. &quot;Nicol\u00e1s Muller.\" \/>\n\t\t<meta name=\"twitter:label1\" content=\"Escrito por\" \/>\n\t\t<meta name=\"twitter:data1\" content=\"El Digital de Asturias\" \/>\n\t\t<meta name=\"twitter:label2\" content=\"Tiempo de lectura estimado\" \/>\n\t\t<meta name=\"twitter:data2\" content=\"3 minutos\" \/>\n\t\t<script type=\"application\/ld+json\" class=\"aioseo-schema\">\n\t\t\t{\"@context\":\"https:\\\/\\\/schema.org\",\"@graph\":[{\"@type\":\"BlogPosting\",\"@id\":\"https:\\\/\\\/www.eldigitaldeasturias.com\\\/noticias\\\/nicolas-muller-obras-maestras-el-viaje-vital-del-fotografo-ausente\\\/#blogposting\",\"name\":\"\\u00abNicol\\u00e1s Muller. Obras maestras\\u00bb, el viaje vital del \\u00abfot\\u00f3grafo ausente\\u00bb - El Digital de Asturias\",\"headline\":\"\\u00abNicol\\u00e1s Muller. Obras maestras\\u00bb, el viaje vital del \\u00abfot\\u00f3grafo ausente\\u00bb\",\"author\":{\"@id\":\"https:\\\/\\\/www.eldigitaldeasturias.com\\\/noticias\\\/author\\\/admin\\\/#author\"},\"publisher\":{\"@id\":\"https:\\\/\\\/www.eldigitaldeasturias.com\\\/noticias\\\/#organization\"},\"image\":{\"@type\":\"ImageObject\",\"url\":455173},\"datePublished\":\"2013-11-28T01:31:27+01:00\",\"dateModified\":\"2013-11-28T01:31:40+01:00\",\"inLanguage\":\"es-ES\",\"mainEntityOfPage\":{\"@id\":\"https:\\\/\\\/www.eldigitaldeasturias.com\\\/noticias\\\/nicolas-muller-obras-maestras-el-viaje-vital-del-fotografo-ausente\\\/#webpage\"},\"isPartOf\":{\"@id\":\"https:\\\/\\\/www.eldigitaldeasturias.com\\\/noticias\\\/nicolas-muller-obras-maestras-el-viaje-vital-del-fotografo-ausente\\\/#webpage\"},\"articleSection\":\"Revista de Ocio\"},{\"@type\":\"BreadcrumbList\",\"@id\":\"https:\\\/\\\/www.eldigitaldeasturias.com\\\/noticias\\\/nicolas-muller-obras-maestras-el-viaje-vital-del-fotografo-ausente\\\/#breadcrumblist\",\"itemListElement\":[{\"@type\":\"ListItem\",\"@id\":\"https:\\\/\\\/www.eldigitaldeasturias.com\\\/noticias#listItem\",\"position\":1,\"name\":\"Home\",\"item\":\"https:\\\/\\\/www.eldigitaldeasturias.com\\\/noticias\",\"nextItem\":{\"@type\":\"ListItem\",\"@id\":\"https:\\\/\\\/www.eldigitaldeasturias.com\\\/noticias\\\/category\\\/revista-de-ocio\\\/#listItem\",\"name\":\"Revista de Ocio\"}},{\"@type\":\"ListItem\",\"@id\":\"https:\\\/\\\/www.eldigitaldeasturias.com\\\/noticias\\\/category\\\/revista-de-ocio\\\/#listItem\",\"position\":2,\"name\":\"Revista de Ocio\",\"item\":\"https:\\\/\\\/www.eldigitaldeasturias.com\\\/noticias\\\/category\\\/revista-de-ocio\\\/\",\"nextItem\":{\"@type\":\"ListItem\",\"@id\":\"https:\\\/\\\/www.eldigitaldeasturias.com\\\/noticias\\\/nicolas-muller-obras-maestras-el-viaje-vital-del-fotografo-ausente\\\/#listItem\",\"name\":\"\\u00abNicol\\u00e1s Muller. Obras maestras\\u00bb, el viaje vital del \\u00abfot\\u00f3grafo ausente\\u00bb\"},\"previousItem\":{\"@type\":\"ListItem\",\"@id\":\"https:\\\/\\\/www.eldigitaldeasturias.com\\\/noticias#listItem\",\"name\":\"Home\"}},{\"@type\":\"ListItem\",\"@id\":\"https:\\\/\\\/www.eldigitaldeasturias.com\\\/noticias\\\/nicolas-muller-obras-maestras-el-viaje-vital-del-fotografo-ausente\\\/#listItem\",\"position\":3,\"name\":\"\\u00abNicol\\u00e1s Muller. Obras maestras\\u00bb, el viaje vital del \\u00abfot\\u00f3grafo ausente\\u00bb\",\"previousItem\":{\"@type\":\"ListItem\",\"@id\":\"https:\\\/\\\/www.eldigitaldeasturias.com\\\/noticias\\\/category\\\/revista-de-ocio\\\/#listItem\",\"name\":\"Revista de Ocio\"}}]},{\"@type\":\"Organization\",\"@id\":\"https:\\\/\\\/www.eldigitaldeasturias.com\\\/noticias\\\/#organization\",\"name\":\"El Digital de Asturias\",\"description\":\"Hemeroteca\",\"url\":\"https:\\\/\\\/www.eldigitaldeasturias.com\\\/noticias\\\/\",\"email\":\"info@eldigitaldeasturias.com\",\"telephone\":\"+34652131393\",\"logo\":{\"@type\":\"ImageObject\",\"url\":\"https:\\\/\\\/www.eldigitaldeasturias.com\\\/noticias\\\/wp-content\\\/uploads\\\/2020\\\/12\\\/EDA.jpg\",\"@id\":\"https:\\\/\\\/www.eldigitaldeasturias.com\\\/noticias\\\/nicolas-muller-obras-maestras-el-viaje-vital-del-fotografo-ausente\\\/#organizationLogo\"},\"image\":{\"@id\":\"https:\\\/\\\/www.eldigitaldeasturias.com\\\/noticias\\\/nicolas-muller-obras-maestras-el-viaje-vital-del-fotografo-ausente\\\/#organizationLogo\"},\"sameAs\":[\"https:\\\/\\\/facebook.com\\\/eldigitaldeasturias\",\"https:\\\/\\\/www.youtube.com\\\/channel\\\/UCZP-2wLEB9Rv6erhFmqVnvg\"],\"address\":{\"@id\":\"https:\\\/\\\/www.eldigitaldeasturias.com\\\/noticias\\\/#postaladdress\",\"@type\":\"PostalAddress\",\"streetAddress\":\"san antonio 4\",\"postalCode\":\"33430\",\"addressLocality\":\"Cand\\u00e1s\",\"addressRegion\":\"Asturias\",\"addressCountry\":\"ES\"}},{\"@type\":\"Person\",\"@id\":\"https:\\\/\\\/www.eldigitaldeasturias.com\\\/noticias\\\/author\\\/admin\\\/#author\",\"url\":\"https:\\\/\\\/www.eldigitaldeasturias.com\\\/noticias\\\/author\\\/admin\\\/\",\"name\":\"El Digital de Asturias\",\"image\":{\"@type\":\"ImageObject\",\"@id\":\"https:\\\/\\\/www.eldigitaldeasturias.com\\\/noticias\\\/nicolas-muller-obras-maestras-el-viaje-vital-del-fotografo-ausente\\\/#authorImage\",\"url\":\"https:\\\/\\\/secure.gravatar.com\\\/avatar\\\/df2aeffc32bcd13f8d26072ef8a91b623d677766deac7f97ca815868cd41bf5e?s=96&d=mm&r=g\",\"width\":96,\"height\":96,\"caption\":\"El Digital de Asturias\"}},{\"@type\":\"WebPage\",\"@id\":\"https:\\\/\\\/www.eldigitaldeasturias.com\\\/noticias\\\/nicolas-muller-obras-maestras-el-viaje-vital-del-fotografo-ausente\\\/#webpage\",\"url\":\"https:\\\/\\\/www.eldigitaldeasturias.com\\\/noticias\\\/nicolas-muller-obras-maestras-el-viaje-vital-del-fotografo-ausente\\\/\",\"name\":\"\\u00abNicol\\u00e1s Muller. Obras maestras\\u00bb, el viaje vital del \\u00abfot\\u00f3grafo ausente\\u00bb - El Digital de Asturias\",\"description\":\"Madrid, 27 nov (EFE).- La maleta del fot\\u00f3grafo Nicol\\u00e1s Muller, llena de pegatinas de diferentes lugares, hoy no llamar\\u00eda especialmente la atenci\\u00f3n. Pero en ese caso, el objeto sirve como met\\u00e1fora de su \\\"viaje vital\\\", reflejado en la retrospectiva que acoge la Sala Canal de Isabel II de Madrid a partir de ma\\u00f1ana. \\\"Nicol\\u00e1s Muller.\",\"inLanguage\":\"es-ES\",\"isPartOf\":{\"@id\":\"https:\\\/\\\/www.eldigitaldeasturias.com\\\/noticias\\\/#website\"},\"breadcrumb\":{\"@id\":\"https:\\\/\\\/www.eldigitaldeasturias.com\\\/noticias\\\/nicolas-muller-obras-maestras-el-viaje-vital-del-fotografo-ausente\\\/#breadcrumblist\"},\"author\":{\"@id\":\"https:\\\/\\\/www.eldigitaldeasturias.com\\\/noticias\\\/author\\\/admin\\\/#author\"},\"creator\":{\"@id\":\"https:\\\/\\\/www.eldigitaldeasturias.com\\\/noticias\\\/author\\\/admin\\\/#author\"},\"image\":{\"@type\":\"ImageObject\",\"url\":455173,\"@id\":\"https:\\\/\\\/www.eldigitaldeasturias.com\\\/noticias\\\/nicolas-muller-obras-maestras-el-viaje-vital-del-fotografo-ausente\\\/#mainImage\"},\"primaryImageOfPage\":{\"@id\":\"https:\\\/\\\/www.eldigitaldeasturias.com\\\/noticias\\\/nicolas-muller-obras-maestras-el-viaje-vital-del-fotografo-ausente\\\/#mainImage\"},\"datePublished\":\"2013-11-28T01:31:27+01:00\",\"dateModified\":\"2013-11-28T01:31:40+01:00\"},{\"@type\":\"WebSite\",\"@id\":\"https:\\\/\\\/www.eldigitaldeasturias.com\\\/noticias\\\/#website\",\"url\":\"https:\\\/\\\/www.eldigitaldeasturias.com\\\/noticias\\\/\",\"name\":\"El Digital de Asturias - Diario de actualidad y noticias\",\"alternateName\":\"El Digital de Asturias - Diario de actualidad y noticias\",\"description\":\"Hemeroteca\",\"inLanguage\":\"es-ES\",\"publisher\":{\"@id\":\"https:\\\/\\\/www.eldigitaldeasturias.com\\\/noticias\\\/#organization\"}}]}\n\t\t<\/script>\n\t\t<!-- All in One SEO Pro -->\r\n\t\t<title>\u00abNicol\u00e1s Muller. Obras maestras\u00bb, el viaje vital del \u00abfot\u00f3grafo ausente\u00bb - El Digital de Asturias<\/title>\n\n","aioseo_head_json":{"title":"\u00abNicol\u00e1s Muller. Obras maestras\u00bb, el viaje vital del \u00abfot\u00f3grafo ausente\u00bb - El Digital de Asturias","description":"Madrid, 27 nov (EFE).- La maleta del fot\u00f3grafo Nicol\u00e1s Muller, llena de pegatinas de diferentes lugares, hoy no llamar\u00eda especialmente la atenci\u00f3n. Pero en ese caso, el objeto sirve como met\u00e1fora de su \"viaje vital\", reflejado en la retrospectiva que acoge la Sala Canal de Isabel II de Madrid a partir de ma\u00f1ana. \"Nicol\u00e1s Muller.","canonical_url":"https:\/\/www.eldigitaldeasturias.com\/noticias\/nicolas-muller-obras-maestras-el-viaje-vital-del-fotografo-ausente\/","robots":"max-image-preview:large","keywords":"revista de ocio","webmasterTools":{"google-site-verification":"UA-38556648-1","msvalidate.01":"7dfe9f3f1b24437ab69f4f2559babe99","miscellaneous":""},"schema":{"@context":"https:\/\/schema.org","@graph":[{"@type":"BlogPosting","@id":"https:\/\/www.eldigitaldeasturias.com\/noticias\/nicolas-muller-obras-maestras-el-viaje-vital-del-fotografo-ausente\/#blogposting","name":"\u00abNicol\u00e1s Muller. Obras maestras\u00bb, el viaje vital del \u00abfot\u00f3grafo ausente\u00bb - El Digital de Asturias","headline":"\u00abNicol\u00e1s Muller. Obras maestras\u00bb, el viaje vital del \u00abfot\u00f3grafo ausente\u00bb","author":{"@id":"https:\/\/www.eldigitaldeasturias.com\/noticias\/author\/admin\/#author"},"publisher":{"@id":"https:\/\/www.eldigitaldeasturias.com\/noticias\/#organization"},"image":{"@type":"ImageObject","url":455173},"datePublished":"2013-11-28T01:31:27+01:00","dateModified":"2013-11-28T01:31:40+01:00","inLanguage":"es-ES","mainEntityOfPage":{"@id":"https:\/\/www.eldigitaldeasturias.com\/noticias\/nicolas-muller-obras-maestras-el-viaje-vital-del-fotografo-ausente\/#webpage"},"isPartOf":{"@id":"https:\/\/www.eldigitaldeasturias.com\/noticias\/nicolas-muller-obras-maestras-el-viaje-vital-del-fotografo-ausente\/#webpage"},"articleSection":"Revista de Ocio"},{"@type":"BreadcrumbList","@id":"https:\/\/www.eldigitaldeasturias.com\/noticias\/nicolas-muller-obras-maestras-el-viaje-vital-del-fotografo-ausente\/#breadcrumblist","itemListElement":[{"@type":"ListItem","@id":"https:\/\/www.eldigitaldeasturias.com\/noticias#listItem","position":1,"name":"Home","item":"https:\/\/www.eldigitaldeasturias.com\/noticias","nextItem":{"@type":"ListItem","@id":"https:\/\/www.eldigitaldeasturias.com\/noticias\/category\/revista-de-ocio\/#listItem","name":"Revista de Ocio"}},{"@type":"ListItem","@id":"https:\/\/www.eldigitaldeasturias.com\/noticias\/category\/revista-de-ocio\/#listItem","position":2,"name":"Revista de Ocio","item":"https:\/\/www.eldigitaldeasturias.com\/noticias\/category\/revista-de-ocio\/","nextItem":{"@type":"ListItem","@id":"https:\/\/www.eldigitaldeasturias.com\/noticias\/nicolas-muller-obras-maestras-el-viaje-vital-del-fotografo-ausente\/#listItem","name":"\u00abNicol\u00e1s Muller. Obras maestras\u00bb, el viaje vital del \u00abfot\u00f3grafo ausente\u00bb"},"previousItem":{"@type":"ListItem","@id":"https:\/\/www.eldigitaldeasturias.com\/noticias#listItem","name":"Home"}},{"@type":"ListItem","@id":"https:\/\/www.eldigitaldeasturias.com\/noticias\/nicolas-muller-obras-maestras-el-viaje-vital-del-fotografo-ausente\/#listItem","position":3,"name":"\u00abNicol\u00e1s Muller. Obras maestras\u00bb, el viaje vital del \u00abfot\u00f3grafo ausente\u00bb","previousItem":{"@type":"ListItem","@id":"https:\/\/www.eldigitaldeasturias.com\/noticias\/category\/revista-de-ocio\/#listItem","name":"Revista de Ocio"}}]},{"@type":"Organization","@id":"https:\/\/www.eldigitaldeasturias.com\/noticias\/#organization","name":"El Digital de Asturias","description":"Hemeroteca","url":"https:\/\/www.eldigitaldeasturias.com\/noticias\/","email":"info@eldigitaldeasturias.com","telephone":"+34652131393","logo":{"@type":"ImageObject","url":"https:\/\/www.eldigitaldeasturias.com\/noticias\/wp-content\/uploads\/2020\/12\/EDA.jpg","@id":"https:\/\/www.eldigitaldeasturias.com\/noticias\/nicolas-muller-obras-maestras-el-viaje-vital-del-fotografo-ausente\/#organizationLogo"},"image":{"@id":"https:\/\/www.eldigitaldeasturias.com\/noticias\/nicolas-muller-obras-maestras-el-viaje-vital-del-fotografo-ausente\/#organizationLogo"},"sameAs":["https:\/\/facebook.com\/eldigitaldeasturias","https:\/\/www.youtube.com\/channel\/UCZP-2wLEB9Rv6erhFmqVnvg"],"address":{"@id":"https:\/\/www.eldigitaldeasturias.com\/noticias\/#postaladdress","@type":"PostalAddress","streetAddress":"san antonio 4","postalCode":"33430","addressLocality":"Cand\u00e1s","addressRegion":"Asturias","addressCountry":"ES"}},{"@type":"Person","@id":"https:\/\/www.eldigitaldeasturias.com\/noticias\/author\/admin\/#author","url":"https:\/\/www.eldigitaldeasturias.com\/noticias\/author\/admin\/","name":"El Digital de Asturias","image":{"@type":"ImageObject","@id":"https:\/\/www.eldigitaldeasturias.com\/noticias\/nicolas-muller-obras-maestras-el-viaje-vital-del-fotografo-ausente\/#authorImage","url":"https:\/\/secure.gravatar.com\/avatar\/df2aeffc32bcd13f8d26072ef8a91b623d677766deac7f97ca815868cd41bf5e?s=96&d=mm&r=g","width":96,"height":96,"caption":"El Digital de Asturias"}},{"@type":"WebPage","@id":"https:\/\/www.eldigitaldeasturias.com\/noticias\/nicolas-muller-obras-maestras-el-viaje-vital-del-fotografo-ausente\/#webpage","url":"https:\/\/www.eldigitaldeasturias.com\/noticias\/nicolas-muller-obras-maestras-el-viaje-vital-del-fotografo-ausente\/","name":"\u00abNicol\u00e1s Muller. Obras maestras\u00bb, el viaje vital del \u00abfot\u00f3grafo ausente\u00bb - El Digital de Asturias","description":"Madrid, 27 nov (EFE).- La maleta del fot\u00f3grafo Nicol\u00e1s Muller, llena de pegatinas de diferentes lugares, hoy no llamar\u00eda especialmente la atenci\u00f3n. Pero en ese caso, el objeto sirve como met\u00e1fora de su \"viaje vital\", reflejado en la retrospectiva que acoge la Sala Canal de Isabel II de Madrid a partir de ma\u00f1ana. \"Nicol\u00e1s Muller.","inLanguage":"es-ES","isPartOf":{"@id":"https:\/\/www.eldigitaldeasturias.com\/noticias\/#website"},"breadcrumb":{"@id":"https:\/\/www.eldigitaldeasturias.com\/noticias\/nicolas-muller-obras-maestras-el-viaje-vital-del-fotografo-ausente\/#breadcrumblist"},"author":{"@id":"https:\/\/www.eldigitaldeasturias.com\/noticias\/author\/admin\/#author"},"creator":{"@id":"https:\/\/www.eldigitaldeasturias.com\/noticias\/author\/admin\/#author"},"image":{"@type":"ImageObject","url":455173,"@id":"https:\/\/www.eldigitaldeasturias.com\/noticias\/nicolas-muller-obras-maestras-el-viaje-vital-del-fotografo-ausente\/#mainImage"},"primaryImageOfPage":{"@id":"https:\/\/www.eldigitaldeasturias.com\/noticias\/nicolas-muller-obras-maestras-el-viaje-vital-del-fotografo-ausente\/#mainImage"},"datePublished":"2013-11-28T01:31:27+01:00","dateModified":"2013-11-28T01:31:40+01:00"},{"@type":"WebSite","@id":"https:\/\/www.eldigitaldeasturias.com\/noticias\/#website","url":"https:\/\/www.eldigitaldeasturias.com\/noticias\/","name":"El Digital de Asturias - Diario de actualidad y noticias","alternateName":"El Digital de Asturias - Diario de actualidad y noticias","description":"Hemeroteca","inLanguage":"es-ES","publisher":{"@id":"https:\/\/www.eldigitaldeasturias.com\/noticias\/#organization"}}]},"og:locale":"es_ES","og:site_name":"El Digital de Asturias","og:type":"article","og:title":"\u00abNicol\u00e1s Muller. Obras maestras\u00bb, el viaje vital del \u00abfot\u00f3grafo ausente\u00bb - El Digital de Asturias","og:description":"Madrid, 27 nov (EFE).- La maleta del fot\u00f3grafo Nicol\u00e1s Muller, llena de pegatinas de diferentes lugares, hoy no llamar\u00eda especialmente la atenci\u00f3n. Pero en ese caso, el objeto sirve como met\u00e1fora de su &quot;viaje vital&quot;, reflejado en la retrospectiva que acoge la Sala Canal de Isabel II de Madrid a partir de ma\u00f1ana. &quot;Nicol\u00e1s Muller.","og:url":"https:\/\/www.eldigitaldeasturias.com\/noticias\/nicolas-muller-obras-maestras-el-viaje-vital-del-fotografo-ausente\/","article:tag":["revista de ocio"],"article:published_time":"2013-11-28T02:31:27+00:00","article:modified_time":"2013-11-28T02:31:40+00:00","article:publisher":"https:\/\/facebook.com\/eldigitaldeasturias","twitter:card":"summary_large_image","twitter:title":"\u00abNicol\u00e1s Muller. Obras maestras\u00bb, el viaje vital del \u00abfot\u00f3grafo ausente\u00bb - El Digital de Asturias","twitter:description":"Madrid, 27 nov (EFE).- La maleta del fot\u00f3grafo Nicol\u00e1s Muller, llena de pegatinas de diferentes lugares, hoy no llamar\u00eda especialmente la atenci\u00f3n. Pero en ese caso, el objeto sirve como met\u00e1fora de su &quot;viaje vital&quot;, reflejado en la retrospectiva que acoge la Sala Canal de Isabel II de Madrid a partir de ma\u00f1ana. &quot;Nicol\u00e1s Muller.","twitter:label1":"Escrito por","twitter:data1":"El Digital de Asturias","twitter:label2":"Tiempo de lectura estimado","twitter:data2":"3 minutos"},"aioseo_meta_data":{"post_id":"455172","title":null,"description":null,"keywords":null,"keyphrases":null,"primary_term":null,"canonical_url":null,"og_title":null,"og_description":null,"og_object_type":"default","og_image_type":"default","og_image_url":null,"og_image_width":null,"og_image_height":null,"og_image_custom_url":null,"og_image_custom_fields":null,"og_video":null,"og_custom_url":null,"og_article_section":null,"og_article_tags":null,"twitter_use_og":true,"twitter_card":"default","twitter_image_type":"default","twitter_image_url":null,"twitter_image_custom_url":null,"twitter_image_custom_fields":null,"twitter_title":null,"twitter_description":null,"schema":{"blockGraphs":[],"customGraphs":[],"default":{"data":{"Article":[],"Course":[],"Dataset":[],"FAQPage":[],"Movie":[],"Person":[],"Product":[],"ProductReview":[],"Car":[],"Recipe":[],"Service":[],"SoftwareApplication":[],"WebPage":[]},"graphName":"","isEnabled":true},"graphs":[],"defaultGraph":"","defaultPostTypeGraph":""},"schema_type":null,"schema_type_options":null,"pillar_content":false,"robots_default":true,"robots_noindex":false,"robots_noarchive":false,"robots_nosnippet":false,"robots_nofollow":false,"robots_noimageindex":false,"robots_noodp":false,"robots_notranslate":false,"robots_max_snippet":null,"robots_max_videopreview":null,"robots_max_imagepreview":"none","priority":null,"frequency":null,"local_seo":null,"seo_analyzer_scan_date":"2026-05-29 17:19:07","breadcrumb_settings":null,"limit_modified_date":false,"open_ai":null,"ai":null,"created":"2020-11-14 22:45:11","updated":"2026-05-29 17:19:07","focus_keyword":null,"additional_keywords":null,"truseo_locale":null},"aioseo_breadcrumb":"<div class=\"aioseo-breadcrumbs\"><span class=\"aioseo-breadcrumb\">\n\t<a href=\"https:\/\/www.eldigitaldeasturias.com\/noticias\" title=\"Home\">Home<\/a>\n<\/span><span class=\"aioseo-breadcrumb-separator\">\u2013<\/span><span class=\"aioseo-breadcrumb\">\n\t<a href=\"https:\/\/www.eldigitaldeasturias.com\/noticias\/category\/revista-de-ocio\/\" title=\"Revista de Ocio\">Revista de Ocio<\/a>\n<\/span><span class=\"aioseo-breadcrumb-separator\">\u2013<\/span><span class=\"aioseo-breadcrumb\">\n\t<a href=\"https:\/\/www.eldigitaldeasturias.com\/noticias\/nicolas-muller-obras-maestras-el-viaje-vital-del-fotografo-ausente\/\" title=\"\u00abNicol\u00e1s Muller. Obras maestras\u00bb, el viaje vital del \u00abfot\u00f3grafo ausente\u00bb\">\u00abNicol\u00e1s Muller. Obras maestras\u00bb, el viaje vital del \u00abfot\u00f3grafo ausente\u00bb<\/a>\n<\/span><\/div>","aioseo_breadcrumb_json":[{"label":"Home","link":"https:\/\/www.eldigitaldeasturias.com\/noticias"},{"label":"Revista de Ocio","link":"https:\/\/www.eldigitaldeasturias.com\/noticias\/category\/revista-de-ocio\/"},{"label":"\u00abNicol\u00e1s Muller. Obras maestras\u00bb, el viaje vital del \u00abfot\u00f3grafo ausente\u00bb","link":"https:\/\/www.eldigitaldeasturias.com\/noticias\/nicolas-muller-obras-maestras-el-viaje-vital-del-fotografo-ausente\/"}],"_links":{"self":[{"href":"https:\/\/www.eldigitaldeasturias.com\/noticias\/wp-json\/wp\/v2\/posts\/455172","targetHints":{"allow":["GET"]}}],"collection":[{"href":"https:\/\/www.eldigitaldeasturias.com\/noticias\/wp-json\/wp\/v2\/posts"}],"about":[{"href":"https:\/\/www.eldigitaldeasturias.com\/noticias\/wp-json\/wp\/v2\/types\/post"}],"author":[{"embeddable":true,"href":"https:\/\/www.eldigitaldeasturias.com\/noticias\/wp-json\/wp\/v2\/users\/1"}],"replies":[{"embeddable":true,"href":"https:\/\/www.eldigitaldeasturias.com\/noticias\/wp-json\/wp\/v2\/comments?post=455172"}],"version-history":[{"count":0,"href":"https:\/\/www.eldigitaldeasturias.com\/noticias\/wp-json\/wp\/v2\/posts\/455172\/revisions"}],"wp:attachment":[{"href":"https:\/\/www.eldigitaldeasturias.com\/noticias\/wp-json\/wp\/v2\/media?parent=455172"}],"wp:term":[{"taxonomy":"category","embeddable":true,"href":"https:\/\/www.eldigitaldeasturias.com\/noticias\/wp-json\/wp\/v2\/categories?post=455172"},{"taxonomy":"post_tag","embeddable":true,"href":"https:\/\/www.eldigitaldeasturias.com\/noticias\/wp-json\/wp\/v2\/tags?post=455172"}],"curies":[{"name":"wp","href":"https:\/\/api.w.org\/{rel}","templated":true}]}}