{"id":455167,"date":"2013-11-28T01:28:55","date_gmt":"2013-11-28T02:28:55","guid":{"rendered":"http:\/\/www.eldigitaldeasturias.com\/noticias\/?p=455167"},"modified":"2013-11-28T01:28:56","modified_gmt":"2013-11-28T02:28:56","slug":"muere-apunalada-una-mujer-de-26-anos-en-valencia-y-detienen-a-su-exnovio","status":"publish","type":"post","link":"https:\/\/www.eldigitaldeasturias.com\/noticias\/muere-apunalada-una-mujer-de-26-anos-en-valencia-y-detienen-a-su-exnovio\/","title":{"rendered":"Muere apu\u00f1alada una mujer de 26 a\u00f1os en Valencia y detienen a su exnovio"},"content":{"rendered":"<p><img loading=\"lazy\" decoding=\"async\" class=\"alignleft size-medium wp-image-455169\" alt=\"5758120w\" src=\"https:\/\/www.eldigitaldeasturias.com\/noticias\/wp-content\/uploads\/2013\/11\/5758120w1-360x239.jpg\" width=\"360\" height=\"239\" \/>Valencia, 27 nov (EFE).- Una mujer de 26 a\u00f1os ha muerto hoy en Valencia de varias pu\u00f1aladas asestadas por su exnovio, un hombre de 31 a\u00f1os, que ha sido detenido minutos despu\u00e9s, y sobre el que no constaban antecedentes judiciales de violencia en la pareja.<\/p>\n<p>Los hechos han ocurrido sobre las 16.30 horas en el entorno de la Avenida Blasco Ib\u00e1\u00f1ez de Valencia, cuando la mujer iba andando por la calle y ha sido abordada por un hombre que le ha asestado varias pu\u00f1aladas, caus\u00e1ndole la muerte, ha informado la Polic\u00eda Nacional.<\/p>\n<p>A los pocos minutos, agentes de este cuerpo han detenido al presunto autor del crimen, quien no cuenta con antecedentes policiales, a la altura de la calle Jos\u00e9 Mar\u00eda de Haro.<\/p>\n<p>Seg\u00fan fuentes policiales, al parecer ambos, de nacionalidad espa\u00f1ola, hab\u00edan mantenido una relaci\u00f3n sentimental con anterioridad, y no hay denuncias de violencia previas a los hechos.<\/p>\n<p>El juzgado de Instrucci\u00f3n n\u00famero 19 de Valencia ha procedido al levantamiento del cad\u00e1ver de la mujer, pero se inhibir\u00e1 en favor del Juzgado de Violencia n\u00famero 1 al ser un crimen de violencia machista.<\/p>\n<p>Ante el nuevo caso de asesinato machista, la portavoz socialista de Igualdad, Carmen Mont\u00f3n, ha mostrado su m\u00e1s en\u00e9rgica condena y su solidaridad con la familia y amistades de la v\u00edctima.<\/p>\n<p>\u00abTodo mi desprecio y condena al asesino\u00bb, ha agregado Mont\u00f3n, quien insiste en que el Gobierno debe \u00abacceder a un pacto de estado que reponga fondos y elimine las modificaciones legislativas que se est\u00e1n introduciendo a trav\u00e9s de la reforma de las administraciones p\u00fablicas, el C\u00f3digo Penal y la Lomce\u00bb.<\/p>\n","protected":false},"excerpt":{"rendered":"<p>Valencia, 27 nov (EFE).- Una mujer de 26 a\u00f1os ha muerto hoy en Valencia de varias pu\u00f1aladas asestadas por su exnovio, un hombre de 31 a\u00f1os, que ha sido detenido minutos despu\u00e9s, y sobre el que no constaban antecedentes judiciales de violencia en la pareja. Los hechos han ocurrido sobre las 16.30 horas en el [&hellip;]<\/p>\n","protected":false},"author":1,"featured_media":455169,"comment_status":"open","ping_status":"open","sticky":false,"template":"","format":"standard","meta":{"footnotes":""},"categories":[5],"tags":[],"class_list":["post-455167","post","type-post","status-publish","format-standard","has-post-thumbnail","hentry","category-sucesos"],"aioseo_notices":[],"aioseo_head":"\n\t\t<!-- All in One SEO Pro 5.0.1 - aioseo.com -->\n\t<meta name=\"description\" content=\"Valencia, 27 nov (EFE).- Una mujer de 26 a\u00f1os ha muerto hoy en Valencia de varias pu\u00f1aladas asestadas por su exnovio, un hombre de 31 a\u00f1os, que ha sido detenido minutos despu\u00e9s, y sobre el que no constaban antecedentes judiciales de violencia en la pareja. Los hechos han ocurrido sobre las 16.30 horas en el\" \/>\n\t<meta name=\"robots\" content=\"max-image-preview:large\" \/>\n\t<meta name=\"author\" content=\"El Digital de Asturias\"\/>\n\t<meta name=\"google-site-verification\" content=\"UA-38556648-1\" \/>\n\t<meta name=\"msvalidate.01\" content=\"7dfe9f3f1b24437ab69f4f2559babe99\" \/>\n\t<meta name=\"keywords\" content=\"sucesos\" \/>\n\t<link rel=\"canonical\" href=\"https:\/\/www.eldigitaldeasturias.com\/noticias\/muere-apunalada-una-mujer-de-26-anos-en-valencia-y-detienen-a-su-exnovio\/\" \/>\n\t<meta name=\"generator\" content=\"All in One SEO Pro (AIOSEO) 5.0.1\" \/>\n\t\t<meta property=\"og:locale\" content=\"es_ES\" \/>\n\t\t<meta property=\"og:site_name\" content=\"El Digital de Asturias\" \/>\n\t\t<meta property=\"og:type\" content=\"article\" \/>\n\t\t<meta property=\"og:title\" content=\"Muere apu\u00f1alada una mujer de 26 a\u00f1os en Valencia y detienen a su exnovio - El Digital de Asturias\" \/>\n\t\t<meta property=\"og:description\" content=\"Valencia, 27 nov (EFE).- Una mujer de 26 a\u00f1os ha muerto hoy en Valencia de varias pu\u00f1aladas asestadas por su exnovio, un hombre de 31 a\u00f1os, que ha sido detenido minutos despu\u00e9s, y sobre el que no constaban antecedentes judiciales de violencia en la pareja. Los hechos han ocurrido sobre las 16.30 horas en el\" \/>\n\t\t<meta property=\"og:url\" content=\"https:\/\/www.eldigitaldeasturias.com\/noticias\/muere-apunalada-una-mujer-de-26-anos-en-valencia-y-detienen-a-su-exnovio\/\" \/>\n\t\t<meta property=\"article:tag\" content=\"sucesos\" \/>\n\t\t<meta property=\"article:published_time\" content=\"2013-11-28T02:28:55+00:00\" \/>\n\t\t<meta property=\"article:modified_time\" content=\"2013-11-28T02:28:56+00:00\" \/>\n\t\t<meta property=\"article:publisher\" content=\"https:\/\/facebook.com\/eldigitaldeasturias\" \/>\n\t\t<meta name=\"twitter:card\" content=\"summary_large_image\" \/>\n\t\t<meta name=\"twitter:title\" content=\"Muere apu\u00f1alada una mujer de 26 a\u00f1os en Valencia y detienen a su exnovio - El Digital de Asturias\" \/>\n\t\t<meta name=\"twitter:description\" content=\"Valencia, 27 nov (EFE).- Una mujer de 26 a\u00f1os ha muerto hoy en Valencia de varias pu\u00f1aladas asestadas por su exnovio, un hombre de 31 a\u00f1os, que ha sido detenido minutos despu\u00e9s, y sobre el que no constaban antecedentes judiciales de violencia en la pareja. Los hechos han ocurrido sobre las 16.30 horas en el\" \/>\n\t\t<meta name=\"twitter:label1\" content=\"Escrito por\" \/>\n\t\t<meta name=\"twitter:data1\" content=\"El Digital de Asturias\" \/>\n\t\t<meta name=\"twitter:label2\" content=\"Tiempo de lectura estimado\" \/>\n\t\t<meta name=\"twitter:data2\" content=\"1 minuto\" \/>\n\t\t<script type=\"application\/ld+json\" class=\"aioseo-schema\">\n\t\t\t{\"@context\":\"https:\\\/\\\/schema.org\",\"@graph\":[{\"@type\":\"BlogPosting\",\"@id\":\"https:\\\/\\\/www.eldigitaldeasturias.com\\\/noticias\\\/muere-apunalada-una-mujer-de-26-anos-en-valencia-y-detienen-a-su-exnovio\\\/#blogposting\",\"name\":\"Muere apu\\u00f1alada una mujer de 26 a\\u00f1os en Valencia y detienen a su exnovio - El Digital de Asturias\",\"headline\":\"Muere apu\\u00f1alada una mujer de 26 a\\u00f1os en Valencia y detienen a su exnovio\",\"author\":{\"@id\":\"https:\\\/\\\/www.eldigitaldeasturias.com\\\/noticias\\\/author\\\/admin\\\/#author\"},\"publisher\":{\"@id\":\"https:\\\/\\\/www.eldigitaldeasturias.com\\\/noticias\\\/#organization\"},\"image\":{\"@type\":\"ImageObject\",\"url\":455169},\"datePublished\":\"2013-11-28T01:28:55+01:00\",\"dateModified\":\"2013-11-28T01:28:56+01:00\",\"inLanguage\":\"es-ES\",\"mainEntityOfPage\":{\"@id\":\"https:\\\/\\\/www.eldigitaldeasturias.com\\\/noticias\\\/muere-apunalada-una-mujer-de-26-anos-en-valencia-y-detienen-a-su-exnovio\\\/#webpage\"},\"isPartOf\":{\"@id\":\"https:\\\/\\\/www.eldigitaldeasturias.com\\\/noticias\\\/muere-apunalada-una-mujer-de-26-anos-en-valencia-y-detienen-a-su-exnovio\\\/#webpage\"},\"articleSection\":\"Sucesos\"},{\"@type\":\"BreadcrumbList\",\"@id\":\"https:\\\/\\\/www.eldigitaldeasturias.com\\\/noticias\\\/muere-apunalada-una-mujer-de-26-anos-en-valencia-y-detienen-a-su-exnovio\\\/#breadcrumblist\",\"itemListElement\":[{\"@type\":\"ListItem\",\"@id\":\"https:\\\/\\\/www.eldigitaldeasturias.com\\\/noticias#listItem\",\"position\":1,\"name\":\"Home\",\"item\":\"https:\\\/\\\/www.eldigitaldeasturias.com\\\/noticias\",\"nextItem\":{\"@type\":\"ListItem\",\"@id\":\"https:\\\/\\\/www.eldigitaldeasturias.com\\\/noticias\\\/category\\\/sucesos\\\/#listItem\",\"name\":\"Sucesos\"}},{\"@type\":\"ListItem\",\"@id\":\"https:\\\/\\\/www.eldigitaldeasturias.com\\\/noticias\\\/category\\\/sucesos\\\/#listItem\",\"position\":2,\"name\":\"Sucesos\",\"item\":\"https:\\\/\\\/www.eldigitaldeasturias.com\\\/noticias\\\/category\\\/sucesos\\\/\",\"nextItem\":{\"@type\":\"ListItem\",\"@id\":\"https:\\\/\\\/www.eldigitaldeasturias.com\\\/noticias\\\/muere-apunalada-una-mujer-de-26-anos-en-valencia-y-detienen-a-su-exnovio\\\/#listItem\",\"name\":\"Muere apu\\u00f1alada una mujer de 26 a\\u00f1os en Valencia y detienen a su exnovio\"},\"previousItem\":{\"@type\":\"ListItem\",\"@id\":\"https:\\\/\\\/www.eldigitaldeasturias.com\\\/noticias#listItem\",\"name\":\"Home\"}},{\"@type\":\"ListItem\",\"@id\":\"https:\\\/\\\/www.eldigitaldeasturias.com\\\/noticias\\\/muere-apunalada-una-mujer-de-26-anos-en-valencia-y-detienen-a-su-exnovio\\\/#listItem\",\"position\":3,\"name\":\"Muere apu\\u00f1alada una mujer de 26 a\\u00f1os en Valencia y detienen a su exnovio\",\"previousItem\":{\"@type\":\"ListItem\",\"@id\":\"https:\\\/\\\/www.eldigitaldeasturias.com\\\/noticias\\\/category\\\/sucesos\\\/#listItem\",\"name\":\"Sucesos\"}}]},{\"@type\":\"Organization\",\"@id\":\"https:\\\/\\\/www.eldigitaldeasturias.com\\\/noticias\\\/#organization\",\"name\":\"El Digital de Asturias\",\"description\":\"Hemeroteca\",\"url\":\"https:\\\/\\\/www.eldigitaldeasturias.com\\\/noticias\\\/\",\"email\":\"info@eldigitaldeasturias.com\",\"telephone\":\"+34652131393\",\"logo\":{\"@type\":\"ImageObject\",\"url\":\"https:\\\/\\\/www.eldigitaldeasturias.com\\\/noticias\\\/wp-content\\\/uploads\\\/2020\\\/12\\\/EDA.jpg\",\"@id\":\"https:\\\/\\\/www.eldigitaldeasturias.com\\\/noticias\\\/muere-apunalada-una-mujer-de-26-anos-en-valencia-y-detienen-a-su-exnovio\\\/#organizationLogo\"},\"image\":{\"@id\":\"https:\\\/\\\/www.eldigitaldeasturias.com\\\/noticias\\\/muere-apunalada-una-mujer-de-26-anos-en-valencia-y-detienen-a-su-exnovio\\\/#organizationLogo\"},\"sameAs\":[\"https:\\\/\\\/facebook.com\\\/eldigitaldeasturias\",\"https:\\\/\\\/www.youtube.com\\\/channel\\\/UCZP-2wLEB9Rv6erhFmqVnvg\"],\"address\":{\"@id\":\"https:\\\/\\\/www.eldigitaldeasturias.com\\\/noticias\\\/#postaladdress\",\"@type\":\"PostalAddress\",\"streetAddress\":\"san antonio 4\",\"postalCode\":\"33430\",\"addressLocality\":\"Cand\\u00e1s\",\"addressRegion\":\"Asturias\",\"addressCountry\":\"ES\"}},{\"@type\":\"Person\",\"@id\":\"https:\\\/\\\/www.eldigitaldeasturias.com\\\/noticias\\\/author\\\/admin\\\/#author\",\"url\":\"https:\\\/\\\/www.eldigitaldeasturias.com\\\/noticias\\\/author\\\/admin\\\/\",\"name\":\"El Digital de Asturias\",\"image\":{\"@type\":\"ImageObject\",\"@id\":\"https:\\\/\\\/www.eldigitaldeasturias.com\\\/noticias\\\/muere-apunalada-una-mujer-de-26-anos-en-valencia-y-detienen-a-su-exnovio\\\/#authorImage\",\"url\":\"https:\\\/\\\/secure.gravatar.com\\\/avatar\\\/df2aeffc32bcd13f8d26072ef8a91b623d677766deac7f97ca815868cd41bf5e?s=96&d=mm&r=g\",\"width\":96,\"height\":96,\"caption\":\"El Digital de Asturias\"}},{\"@type\":\"WebPage\",\"@id\":\"https:\\\/\\\/www.eldigitaldeasturias.com\\\/noticias\\\/muere-apunalada-una-mujer-de-26-anos-en-valencia-y-detienen-a-su-exnovio\\\/#webpage\",\"url\":\"https:\\\/\\\/www.eldigitaldeasturias.com\\\/noticias\\\/muere-apunalada-una-mujer-de-26-anos-en-valencia-y-detienen-a-su-exnovio\\\/\",\"name\":\"Muere apu\\u00f1alada una mujer de 26 a\\u00f1os en Valencia y detienen a su exnovio - El Digital de Asturias\",\"description\":\"Valencia, 27 nov (EFE).- Una mujer de 26 a\\u00f1os ha muerto hoy en Valencia de varias pu\\u00f1aladas asestadas por su exnovio, un hombre de 31 a\\u00f1os, que ha sido detenido minutos despu\\u00e9s, y sobre el que no constaban antecedentes judiciales de violencia en la pareja. Los hechos han ocurrido sobre las 16.30 horas en el\",\"inLanguage\":\"es-ES\",\"isPartOf\":{\"@id\":\"https:\\\/\\\/www.eldigitaldeasturias.com\\\/noticias\\\/#website\"},\"breadcrumb\":{\"@id\":\"https:\\\/\\\/www.eldigitaldeasturias.com\\\/noticias\\\/muere-apunalada-una-mujer-de-26-anos-en-valencia-y-detienen-a-su-exnovio\\\/#breadcrumblist\"},\"author\":{\"@id\":\"https:\\\/\\\/www.eldigitaldeasturias.com\\\/noticias\\\/author\\\/admin\\\/#author\"},\"creator\":{\"@id\":\"https:\\\/\\\/www.eldigitaldeasturias.com\\\/noticias\\\/author\\\/admin\\\/#author\"},\"image\":{\"@type\":\"ImageObject\",\"url\":455169,\"@id\":\"https:\\\/\\\/www.eldigitaldeasturias.com\\\/noticias\\\/muere-apunalada-una-mujer-de-26-anos-en-valencia-y-detienen-a-su-exnovio\\\/#mainImage\"},\"primaryImageOfPage\":{\"@id\":\"https:\\\/\\\/www.eldigitaldeasturias.com\\\/noticias\\\/muere-apunalada-una-mujer-de-26-anos-en-valencia-y-detienen-a-su-exnovio\\\/#mainImage\"},\"datePublished\":\"2013-11-28T01:28:55+01:00\",\"dateModified\":\"2013-11-28T01:28:56+01:00\"},{\"@type\":\"WebSite\",\"@id\":\"https:\\\/\\\/www.eldigitaldeasturias.com\\\/noticias\\\/#website\",\"url\":\"https:\\\/\\\/www.eldigitaldeasturias.com\\\/noticias\\\/\",\"name\":\"El Digital de Asturias - Diario de actualidad y noticias\",\"alternateName\":\"El Digital de Asturias - Diario de actualidad y noticias\",\"description\":\"Hemeroteca\",\"inLanguage\":\"es-ES\",\"publisher\":{\"@id\":\"https:\\\/\\\/www.eldigitaldeasturias.com\\\/noticias\\\/#organization\"}}]}\n\t\t<\/script>\n\t\t<!-- All in One SEO Pro -->\r\n\t\t<title>Muere apu\u00f1alada una mujer de 26 a\u00f1os en Valencia y detienen a su exnovio - El Digital de Asturias<\/title>\n\n","aioseo_head_json":{"title":"Muere apu\u00f1alada una mujer de 26 a\u00f1os en Valencia y detienen a su exnovio - El Digital de Asturias","description":"Valencia, 27 nov (EFE).- Una mujer de 26 a\u00f1os ha muerto hoy en Valencia de varias pu\u00f1aladas asestadas por su exnovio, un hombre de 31 a\u00f1os, que ha sido detenido minutos despu\u00e9s, y sobre el que no constaban antecedentes judiciales de violencia en la pareja. Los hechos han ocurrido sobre las 16.30 horas en el","canonical_url":"https:\/\/www.eldigitaldeasturias.com\/noticias\/muere-apunalada-una-mujer-de-26-anos-en-valencia-y-detienen-a-su-exnovio\/","robots":"max-image-preview:large","keywords":"sucesos","webmasterTools":{"google-site-verification":"UA-38556648-1","msvalidate.01":"7dfe9f3f1b24437ab69f4f2559babe99","miscellaneous":""},"schema":{"@context":"https:\/\/schema.org","@graph":[{"@type":"BlogPosting","@id":"https:\/\/www.eldigitaldeasturias.com\/noticias\/muere-apunalada-una-mujer-de-26-anos-en-valencia-y-detienen-a-su-exnovio\/#blogposting","name":"Muere apu\u00f1alada una mujer de 26 a\u00f1os en Valencia y detienen a su exnovio - El Digital de Asturias","headline":"Muere apu\u00f1alada una mujer de 26 a\u00f1os en Valencia y detienen a su exnovio","author":{"@id":"https:\/\/www.eldigitaldeasturias.com\/noticias\/author\/admin\/#author"},"publisher":{"@id":"https:\/\/www.eldigitaldeasturias.com\/noticias\/#organization"},"image":{"@type":"ImageObject","url":455169},"datePublished":"2013-11-28T01:28:55+01:00","dateModified":"2013-11-28T01:28:56+01:00","inLanguage":"es-ES","mainEntityOfPage":{"@id":"https:\/\/www.eldigitaldeasturias.com\/noticias\/muere-apunalada-una-mujer-de-26-anos-en-valencia-y-detienen-a-su-exnovio\/#webpage"},"isPartOf":{"@id":"https:\/\/www.eldigitaldeasturias.com\/noticias\/muere-apunalada-una-mujer-de-26-anos-en-valencia-y-detienen-a-su-exnovio\/#webpage"},"articleSection":"Sucesos"},{"@type":"BreadcrumbList","@id":"https:\/\/www.eldigitaldeasturias.com\/noticias\/muere-apunalada-una-mujer-de-26-anos-en-valencia-y-detienen-a-su-exnovio\/#breadcrumblist","itemListElement":[{"@type":"ListItem","@id":"https:\/\/www.eldigitaldeasturias.com\/noticias#listItem","position":1,"name":"Home","item":"https:\/\/www.eldigitaldeasturias.com\/noticias","nextItem":{"@type":"ListItem","@id":"https:\/\/www.eldigitaldeasturias.com\/noticias\/category\/sucesos\/#listItem","name":"Sucesos"}},{"@type":"ListItem","@id":"https:\/\/www.eldigitaldeasturias.com\/noticias\/category\/sucesos\/#listItem","position":2,"name":"Sucesos","item":"https:\/\/www.eldigitaldeasturias.com\/noticias\/category\/sucesos\/","nextItem":{"@type":"ListItem","@id":"https:\/\/www.eldigitaldeasturias.com\/noticias\/muere-apunalada-una-mujer-de-26-anos-en-valencia-y-detienen-a-su-exnovio\/#listItem","name":"Muere apu\u00f1alada una mujer de 26 a\u00f1os en Valencia y detienen a su exnovio"},"previousItem":{"@type":"ListItem","@id":"https:\/\/www.eldigitaldeasturias.com\/noticias#listItem","name":"Home"}},{"@type":"ListItem","@id":"https:\/\/www.eldigitaldeasturias.com\/noticias\/muere-apunalada-una-mujer-de-26-anos-en-valencia-y-detienen-a-su-exnovio\/#listItem","position":3,"name":"Muere apu\u00f1alada una mujer de 26 a\u00f1os en Valencia y detienen a su exnovio","previousItem":{"@type":"ListItem","@id":"https:\/\/www.eldigitaldeasturias.com\/noticias\/category\/sucesos\/#listItem","name":"Sucesos"}}]},{"@type":"Organization","@id":"https:\/\/www.eldigitaldeasturias.com\/noticias\/#organization","name":"El Digital de Asturias","description":"Hemeroteca","url":"https:\/\/www.eldigitaldeasturias.com\/noticias\/","email":"info@eldigitaldeasturias.com","telephone":"+34652131393","logo":{"@type":"ImageObject","url":"https:\/\/www.eldigitaldeasturias.com\/noticias\/wp-content\/uploads\/2020\/12\/EDA.jpg","@id":"https:\/\/www.eldigitaldeasturias.com\/noticias\/muere-apunalada-una-mujer-de-26-anos-en-valencia-y-detienen-a-su-exnovio\/#organizationLogo"},"image":{"@id":"https:\/\/www.eldigitaldeasturias.com\/noticias\/muere-apunalada-una-mujer-de-26-anos-en-valencia-y-detienen-a-su-exnovio\/#organizationLogo"},"sameAs":["https:\/\/facebook.com\/eldigitaldeasturias","https:\/\/www.youtube.com\/channel\/UCZP-2wLEB9Rv6erhFmqVnvg"],"address":{"@id":"https:\/\/www.eldigitaldeasturias.com\/noticias\/#postaladdress","@type":"PostalAddress","streetAddress":"san antonio 4","postalCode":"33430","addressLocality":"Cand\u00e1s","addressRegion":"Asturias","addressCountry":"ES"}},{"@type":"Person","@id":"https:\/\/www.eldigitaldeasturias.com\/noticias\/author\/admin\/#author","url":"https:\/\/www.eldigitaldeasturias.com\/noticias\/author\/admin\/","name":"El Digital de Asturias","image":{"@type":"ImageObject","@id":"https:\/\/www.eldigitaldeasturias.com\/noticias\/muere-apunalada-una-mujer-de-26-anos-en-valencia-y-detienen-a-su-exnovio\/#authorImage","url":"https:\/\/secure.gravatar.com\/avatar\/df2aeffc32bcd13f8d26072ef8a91b623d677766deac7f97ca815868cd41bf5e?s=96&d=mm&r=g","width":96,"height":96,"caption":"El Digital de Asturias"}},{"@type":"WebPage","@id":"https:\/\/www.eldigitaldeasturias.com\/noticias\/muere-apunalada-una-mujer-de-26-anos-en-valencia-y-detienen-a-su-exnovio\/#webpage","url":"https:\/\/www.eldigitaldeasturias.com\/noticias\/muere-apunalada-una-mujer-de-26-anos-en-valencia-y-detienen-a-su-exnovio\/","name":"Muere apu\u00f1alada una mujer de 26 a\u00f1os en Valencia y detienen a su exnovio - El Digital de Asturias","description":"Valencia, 27 nov (EFE).- Una mujer de 26 a\u00f1os ha muerto hoy en Valencia de varias pu\u00f1aladas asestadas por su exnovio, un hombre de 31 a\u00f1os, que ha sido detenido minutos despu\u00e9s, y sobre el que no constaban antecedentes judiciales de violencia en la pareja. Los hechos han ocurrido sobre las 16.30 horas en el","inLanguage":"es-ES","isPartOf":{"@id":"https:\/\/www.eldigitaldeasturias.com\/noticias\/#website"},"breadcrumb":{"@id":"https:\/\/www.eldigitaldeasturias.com\/noticias\/muere-apunalada-una-mujer-de-26-anos-en-valencia-y-detienen-a-su-exnovio\/#breadcrumblist"},"author":{"@id":"https:\/\/www.eldigitaldeasturias.com\/noticias\/author\/admin\/#author"},"creator":{"@id":"https:\/\/www.eldigitaldeasturias.com\/noticias\/author\/admin\/#author"},"image":{"@type":"ImageObject","url":455169,"@id":"https:\/\/www.eldigitaldeasturias.com\/noticias\/muere-apunalada-una-mujer-de-26-anos-en-valencia-y-detienen-a-su-exnovio\/#mainImage"},"primaryImageOfPage":{"@id":"https:\/\/www.eldigitaldeasturias.com\/noticias\/muere-apunalada-una-mujer-de-26-anos-en-valencia-y-detienen-a-su-exnovio\/#mainImage"},"datePublished":"2013-11-28T01:28:55+01:00","dateModified":"2013-11-28T01:28:56+01:00"},{"@type":"WebSite","@id":"https:\/\/www.eldigitaldeasturias.com\/noticias\/#website","url":"https:\/\/www.eldigitaldeasturias.com\/noticias\/","name":"El Digital de Asturias - Diario de actualidad y noticias","alternateName":"El Digital de Asturias - Diario de actualidad y noticias","description":"Hemeroteca","inLanguage":"es-ES","publisher":{"@id":"https:\/\/www.eldigitaldeasturias.com\/noticias\/#organization"}}]},"og:locale":"es_ES","og:site_name":"El Digital de Asturias","og:type":"article","og:title":"Muere apu\u00f1alada una mujer de 26 a\u00f1os en Valencia y detienen a su exnovio - El Digital de Asturias","og:description":"Valencia, 27 nov (EFE).- Una mujer de 26 a\u00f1os ha muerto hoy en Valencia de varias pu\u00f1aladas asestadas por su exnovio, un hombre de 31 a\u00f1os, que ha sido detenido minutos despu\u00e9s, y sobre el que no constaban antecedentes judiciales de violencia en la pareja. Los hechos han ocurrido sobre las 16.30 horas en el","og:url":"https:\/\/www.eldigitaldeasturias.com\/noticias\/muere-apunalada-una-mujer-de-26-anos-en-valencia-y-detienen-a-su-exnovio\/","article:tag":["sucesos"],"article:published_time":"2013-11-28T02:28:55+00:00","article:modified_time":"2013-11-28T02:28:56+00:00","article:publisher":"https:\/\/facebook.com\/eldigitaldeasturias","twitter:card":"summary_large_image","twitter:title":"Muere apu\u00f1alada una mujer de 26 a\u00f1os en Valencia y detienen a su exnovio - El Digital de Asturias","twitter:description":"Valencia, 27 nov (EFE).- Una mujer de 26 a\u00f1os ha muerto hoy en Valencia de varias pu\u00f1aladas asestadas por su exnovio, un hombre de 31 a\u00f1os, que ha sido detenido minutos despu\u00e9s, y sobre el que no constaban antecedentes judiciales de violencia en la pareja. Los hechos han ocurrido sobre las 16.30 horas en el","twitter:label1":"Escrito por","twitter:data1":"El Digital de Asturias","twitter:label2":"Tiempo de lectura estimado","twitter:data2":"1 minuto"},"aioseo_meta_data":{"post_id":"455167","title":null,"description":null,"keywords":null,"keyphrases":null,"primary_term":null,"canonical_url":null,"og_title":null,"og_description":null,"og_object_type":"default","og_image_type":"default","og_image_url":null,"og_image_width":null,"og_image_height":null,"og_image_custom_url":null,"og_image_custom_fields":null,"og_video":null,"og_custom_url":null,"og_article_section":null,"og_article_tags":null,"twitter_use_og":true,"twitter_card":"default","twitter_image_type":"default","twitter_image_url":null,"twitter_image_custom_url":null,"twitter_image_custom_fields":null,"twitter_title":null,"twitter_description":null,"schema":{"blockGraphs":[],"customGraphs":[],"default":{"data":{"Article":[],"Course":[],"Dataset":[],"FAQPage":[],"Movie":[],"Person":[],"Product":[],"ProductReview":[],"Car":[],"Recipe":[],"Service":[],"SoftwareApplication":[],"WebPage":[]},"graphName":"","isEnabled":true},"graphs":[],"defaultGraph":"","defaultPostTypeGraph":""},"schema_type":null,"schema_type_options":null,"pillar_content":false,"robots_default":true,"robots_noindex":false,"robots_noarchive":false,"robots_nosnippet":false,"robots_nofollow":false,"robots_noimageindex":false,"robots_noodp":false,"robots_notranslate":false,"robots_max_snippet":null,"robots_max_videopreview":null,"robots_max_imagepreview":"none","priority":null,"frequency":null,"local_seo":null,"seo_analyzer_scan_date":"2026-05-29 17:19:06","breadcrumb_settings":null,"limit_modified_date":false,"open_ai":null,"ai":null,"created":"2020-11-14 22:45:11","updated":"2026-05-29 17:19:06","focus_keyword":null,"additional_keywords":null,"truseo_locale":null},"aioseo_breadcrumb":"<div class=\"aioseo-breadcrumbs\"><span class=\"aioseo-breadcrumb\">\n\t<a href=\"https:\/\/www.eldigitaldeasturias.com\/noticias\" title=\"Home\">Home<\/a>\n<\/span><span class=\"aioseo-breadcrumb-separator\">\u2013<\/span><span class=\"aioseo-breadcrumb\">\n\t<a href=\"https:\/\/www.eldigitaldeasturias.com\/noticias\/category\/sucesos\/\" title=\"Sucesos\">Sucesos<\/a>\n<\/span><span class=\"aioseo-breadcrumb-separator\">\u2013<\/span><span class=\"aioseo-breadcrumb\">\n\t<a href=\"https:\/\/www.eldigitaldeasturias.com\/noticias\/muere-apunalada-una-mujer-de-26-anos-en-valencia-y-detienen-a-su-exnovio\/\" title=\"Muere apu\u00f1alada una mujer de 26 a\u00f1os en Valencia y detienen a su exnovio\">Muere apu\u00f1alada una mujer de 26 a\u00f1os en Valencia y detienen a su exnovio<\/a>\n<\/span><\/div>","aioseo_breadcrumb_json":[{"label":"Home","link":"https:\/\/www.eldigitaldeasturias.com\/noticias"},{"label":"Sucesos","link":"https:\/\/www.eldigitaldeasturias.com\/noticias\/category\/sucesos\/"},{"label":"Muere apu\u00f1alada una mujer de 26 a\u00f1os en Valencia y detienen a su exnovio","link":"https:\/\/www.eldigitaldeasturias.com\/noticias\/muere-apunalada-una-mujer-de-26-anos-en-valencia-y-detienen-a-su-exnovio\/"}],"_links":{"self":[{"href":"https:\/\/www.eldigitaldeasturias.com\/noticias\/wp-json\/wp\/v2\/posts\/455167","targetHints":{"allow":["GET"]}}],"collection":[{"href":"https:\/\/www.eldigitaldeasturias.com\/noticias\/wp-json\/wp\/v2\/posts"}],"about":[{"href":"https:\/\/www.eldigitaldeasturias.com\/noticias\/wp-json\/wp\/v2\/types\/post"}],"author":[{"embeddable":true,"href":"https:\/\/www.eldigitaldeasturias.com\/noticias\/wp-json\/wp\/v2\/users\/1"}],"replies":[{"embeddable":true,"href":"https:\/\/www.eldigitaldeasturias.com\/noticias\/wp-json\/wp\/v2\/comments?post=455167"}],"version-history":[{"count":0,"href":"https:\/\/www.eldigitaldeasturias.com\/noticias\/wp-json\/wp\/v2\/posts\/455167\/revisions"}],"wp:attachment":[{"href":"https:\/\/www.eldigitaldeasturias.com\/noticias\/wp-json\/wp\/v2\/media?parent=455167"}],"wp:term":[{"taxonomy":"category","embeddable":true,"href":"https:\/\/www.eldigitaldeasturias.com\/noticias\/wp-json\/wp\/v2\/categories?post=455167"},{"taxonomy":"post_tag","embeddable":true,"href":"https:\/\/www.eldigitaldeasturias.com\/noticias\/wp-json\/wp\/v2\/tags?post=455167"}],"curies":[{"name":"wp","href":"https:\/\/api.w.org\/{rel}","templated":true}]}}