{"id":455154,"date":"2013-11-28T01:19:16","date_gmt":"2013-11-28T02:19:16","guid":{"rendered":"http:\/\/www.eldigitaldeasturias.com\/noticias\/?p=455154"},"modified":"2013-11-28T01:19:16","modified_gmt":"2013-11-28T02:19:16","slug":"padre-angel-como-es-posible-que-comamos-el-turron-estando-esas-cuchillas-ahi","status":"publish","type":"post","link":"https:\/\/www.eldigitaldeasturias.com\/noticias\/padre-angel-como-es-posible-que-comamos-el-turron-estando-esas-cuchillas-ahi\/","title":{"rendered":"Padre \u00c1ngel : C\u00f3mo es posible que comamos el turr\u00f3n estando esas cuchillas ah\u00ed"},"content":{"rendered":"<p><img loading=\"lazy\" decoding=\"async\" class=\"alignleft size-medium wp-image-455156\" alt=\"5758056w\" src=\"https:\/\/www.eldigitaldeasturias.com\/noticias\/wp-content\/uploads\/2013\/11\/5758056w-360x257.jpg\" width=\"360\" height=\"257\" \/>Melilla, 27 nov (EFE).- El padre \u00c1ngel, fundador de Mensajeros de la Paz, ha visitado hoy Melilla para pedir a las autoridades la retirada de la concertina y, tras subrayar la preocupaci\u00f3n del papa por los inmigrantes, ha dicho: \u00abC\u00f3mo es posible que seamos capaces de comer el turr\u00f3n de Navidad estando esas cuchillas ah\u00ed\u00bb.<\/p>\n<p>El presidente de la ONG galardonada con el Premio Pr\u00edncipe de Asturias de la Concordia en 1994 ha afirmado, en declaraciones a los periodistas, que \u00abmiente como un cosaco\u00bb quien diga que no ha visto las cuchillas o que \u00abtiene que leer un informe para saber\u00bb sus efectos, ya que \u00abno hace falta tocarlas para ver si cortan o no\u00bb, sobre todo despu\u00e9s de haber visto a trav\u00e9s de la prensa a la \u00abgente herida\u00bb por la concertina.<\/p>\n<p>El padre \u00c1ngel, que se ha mostrado convencido de que \u00abantes de Navidades van a desaparecer estas cuchillas\u00bb, ha opinado que \u00abhay que hacer m\u00e1s\u00bb, en alusi\u00f3n a la necesidad de que la Uni\u00f3n Europea aumente su implicaci\u00f3n para poner fin al \u00abdrama humano\u00bb que supone la inmigraci\u00f3n irregular.<\/p>\n<p>\u00abA la UE hay que decirle que en vez de hacer tantas leyes para que el yogur dure seis o siete d\u00edas, tambi\u00e9n hagan leyes para esto\u00bb, ha afirmado antes de recordar que cuando estuvo en Lampedusa tras el naufragio, vio al presidente de la Comisi\u00f3n Europea, Jos\u00e9 Manuel Durao Barroso, en la isla, al que reproch\u00f3 que Europa no haya hecho nada todav\u00eda \u00abdespu\u00e9s de tantos muertos\u00bb en aquella cat\u00e1strofe.<\/p>\n<p>\u00abEsto sigue siendo (Lampedusa). Estamos llenos de verg\u00fcenza, pero no criticando a los dirigentes, sino critic\u00e1ndonos a nosotros, porque c\u00f3mo es posible que seamos capaces de comer el turr\u00f3n de Navidad estando esas cuchillas ah\u00ed. No es posible\u00bb, ha manifestado.<\/p>\n<p>El padre \u00c1ngel se ha reunido con el delegado del Gobierno en Melilla, Abdelmalik El Barkani, y despu\u00e9s con la vicepresidenta primera de la Asamblea, Cristina Rivas, a los que ha entregado un mensaje del papa Francisco en el que insta a los pa\u00edses a recibir y respetar a quienes llegan de otros lugares para \u00absaber y tener m\u00e1s, y sobre todo, ser m\u00e1s\u00bb.<\/p>\n","protected":false},"excerpt":{"rendered":"<p>Melilla, 27 nov (EFE).- El padre \u00c1ngel, fundador de Mensajeros de la Paz, ha visitado hoy Melilla para pedir a las autoridades la retirada de la concertina y, tras subrayar la preocupaci\u00f3n del papa por los inmigrantes, ha dicho: \u00abC\u00f3mo es posible que seamos capaces de comer el turr\u00f3n de Navidad estando esas cuchillas ah\u00ed\u00bb. [&hellip;]<\/p>\n","protected":false},"author":1,"featured_media":455156,"comment_status":"open","ping_status":"open","sticky":false,"template":"","format":"standard","meta":{"footnotes":""},"categories":[28],"tags":[],"class_list":["post-455154","post","type-post","status-publish","format-standard","has-post-thumbnail","hentry","category-sociedad"],"aioseo_notices":[],"aioseo_head":"\n\t\t<!-- All in One SEO Pro 5.0.1 - aioseo.com -->\n\t<meta name=\"description\" content=\"Melilla, 27 nov (EFE).- El padre \u00c1ngel, fundador de Mensajeros de la Paz, ha visitado hoy Melilla para pedir a las autoridades la retirada de la concertina y, tras subrayar la preocupaci\u00f3n del papa por los inmigrantes, ha dicho: &quot;C\u00f3mo es posible que seamos capaces de comer el turr\u00f3n de Navidad estando esas cuchillas ah\u00ed&quot;.\" \/>\n\t<meta name=\"robots\" content=\"max-image-preview:large\" \/>\n\t<meta name=\"author\" content=\"El Digital de Asturias\"\/>\n\t<meta name=\"google-site-verification\" content=\"UA-38556648-1\" \/>\n\t<meta name=\"msvalidate.01\" content=\"7dfe9f3f1b24437ab69f4f2559babe99\" \/>\n\t<meta name=\"keywords\" content=\"sociedad\" \/>\n\t<link rel=\"canonical\" href=\"https:\/\/www.eldigitaldeasturias.com\/noticias\/padre-angel-como-es-posible-que-comamos-el-turron-estando-esas-cuchillas-ahi\/\" \/>\n\t<meta name=\"generator\" content=\"All in One SEO Pro (AIOSEO) 5.0.1\" \/>\n\t\t<meta property=\"og:locale\" content=\"es_ES\" \/>\n\t\t<meta property=\"og:site_name\" content=\"El Digital de Asturias\" \/>\n\t\t<meta property=\"og:type\" content=\"article\" \/>\n\t\t<meta property=\"og:title\" content=\"Padre \u00c1ngel : C\u00f3mo es posible que comamos el turr\u00f3n estando esas cuchillas ah\u00ed - El Digital de Asturias\" \/>\n\t\t<meta property=\"og:description\" content=\"Melilla, 27 nov (EFE).- El padre \u00c1ngel, fundador de Mensajeros de la Paz, ha visitado hoy Melilla para pedir a las autoridades la retirada de la concertina y, tras subrayar la preocupaci\u00f3n del papa por los inmigrantes, ha dicho: &quot;C\u00f3mo es posible que seamos capaces de comer el turr\u00f3n de Navidad estando esas cuchillas ah\u00ed&quot;.\" \/>\n\t\t<meta property=\"og:url\" content=\"https:\/\/www.eldigitaldeasturias.com\/noticias\/padre-angel-como-es-posible-que-comamos-el-turron-estando-esas-cuchillas-ahi\/\" \/>\n\t\t<meta property=\"article:tag\" content=\"sociedad\" \/>\n\t\t<meta property=\"article:published_time\" content=\"2013-11-28T02:19:16+00:00\" \/>\n\t\t<meta property=\"article:modified_time\" content=\"2013-11-28T02:19:16+00:00\" \/>\n\t\t<meta property=\"article:publisher\" content=\"https:\/\/facebook.com\/eldigitaldeasturias\" \/>\n\t\t<meta name=\"twitter:card\" content=\"summary_large_image\" \/>\n\t\t<meta name=\"twitter:title\" content=\"Padre \u00c1ngel : C\u00f3mo es posible que comamos el turr\u00f3n estando esas cuchillas ah\u00ed - El Digital de Asturias\" \/>\n\t\t<meta name=\"twitter:description\" content=\"Melilla, 27 nov (EFE).- El padre \u00c1ngel, fundador de Mensajeros de la Paz, ha visitado hoy Melilla para pedir a las autoridades la retirada de la concertina y, tras subrayar la preocupaci\u00f3n del papa por los inmigrantes, ha dicho: &quot;C\u00f3mo es posible que seamos capaces de comer el turr\u00f3n de Navidad estando esas cuchillas ah\u00ed&quot;.\" \/>\n\t\t<meta name=\"twitter:label1\" content=\"Escrito por\" \/>\n\t\t<meta name=\"twitter:data1\" content=\"El Digital de Asturias\" \/>\n\t\t<meta name=\"twitter:label2\" content=\"Tiempo de lectura estimado\" \/>\n\t\t<meta name=\"twitter:data2\" content=\"2 minutos\" \/>\n\t\t<script type=\"application\/ld+json\" class=\"aioseo-schema\">\n\t\t\t{\"@context\":\"https:\\\/\\\/schema.org\",\"@graph\":[{\"@type\":\"BlogPosting\",\"@id\":\"https:\\\/\\\/www.eldigitaldeasturias.com\\\/noticias\\\/padre-angel-como-es-posible-que-comamos-el-turron-estando-esas-cuchillas-ahi\\\/#blogposting\",\"name\":\"Padre \\u00c1ngel : C\\u00f3mo es posible que comamos el turr\\u00f3n estando esas cuchillas ah\\u00ed - El Digital de Asturias\",\"headline\":\"Padre \\u00c1ngel : C\\u00f3mo es posible que comamos el turr\\u00f3n estando esas cuchillas ah\\u00ed\",\"author\":{\"@id\":\"https:\\\/\\\/www.eldigitaldeasturias.com\\\/noticias\\\/author\\\/admin\\\/#author\"},\"publisher\":{\"@id\":\"https:\\\/\\\/www.eldigitaldeasturias.com\\\/noticias\\\/#organization\"},\"image\":{\"@type\":\"ImageObject\",\"url\":455156},\"datePublished\":\"2013-11-28T01:19:16+01:00\",\"dateModified\":\"2013-11-28T01:19:16+01:00\",\"inLanguage\":\"es-ES\",\"mainEntityOfPage\":{\"@id\":\"https:\\\/\\\/www.eldigitaldeasturias.com\\\/noticias\\\/padre-angel-como-es-posible-que-comamos-el-turron-estando-esas-cuchillas-ahi\\\/#webpage\"},\"isPartOf\":{\"@id\":\"https:\\\/\\\/www.eldigitaldeasturias.com\\\/noticias\\\/padre-angel-como-es-posible-que-comamos-el-turron-estando-esas-cuchillas-ahi\\\/#webpage\"},\"articleSection\":\"Sociedad\"},{\"@type\":\"BreadcrumbList\",\"@id\":\"https:\\\/\\\/www.eldigitaldeasturias.com\\\/noticias\\\/padre-angel-como-es-posible-que-comamos-el-turron-estando-esas-cuchillas-ahi\\\/#breadcrumblist\",\"itemListElement\":[{\"@type\":\"ListItem\",\"@id\":\"https:\\\/\\\/www.eldigitaldeasturias.com\\\/noticias#listItem\",\"position\":1,\"name\":\"Home\",\"item\":\"https:\\\/\\\/www.eldigitaldeasturias.com\\\/noticias\",\"nextItem\":{\"@type\":\"ListItem\",\"@id\":\"https:\\\/\\\/www.eldigitaldeasturias.com\\\/noticias\\\/category\\\/sociedad\\\/#listItem\",\"name\":\"Sociedad\"}},{\"@type\":\"ListItem\",\"@id\":\"https:\\\/\\\/www.eldigitaldeasturias.com\\\/noticias\\\/category\\\/sociedad\\\/#listItem\",\"position\":2,\"name\":\"Sociedad\",\"item\":\"https:\\\/\\\/www.eldigitaldeasturias.com\\\/noticias\\\/category\\\/sociedad\\\/\",\"nextItem\":{\"@type\":\"ListItem\",\"@id\":\"https:\\\/\\\/www.eldigitaldeasturias.com\\\/noticias\\\/padre-angel-como-es-posible-que-comamos-el-turron-estando-esas-cuchillas-ahi\\\/#listItem\",\"name\":\"Padre \\u00c1ngel : C\\u00f3mo es posible que comamos el turr\\u00f3n estando esas cuchillas ah\\u00ed\"},\"previousItem\":{\"@type\":\"ListItem\",\"@id\":\"https:\\\/\\\/www.eldigitaldeasturias.com\\\/noticias#listItem\",\"name\":\"Home\"}},{\"@type\":\"ListItem\",\"@id\":\"https:\\\/\\\/www.eldigitaldeasturias.com\\\/noticias\\\/padre-angel-como-es-posible-que-comamos-el-turron-estando-esas-cuchillas-ahi\\\/#listItem\",\"position\":3,\"name\":\"Padre \\u00c1ngel : C\\u00f3mo es posible que comamos el turr\\u00f3n estando esas cuchillas ah\\u00ed\",\"previousItem\":{\"@type\":\"ListItem\",\"@id\":\"https:\\\/\\\/www.eldigitaldeasturias.com\\\/noticias\\\/category\\\/sociedad\\\/#listItem\",\"name\":\"Sociedad\"}}]},{\"@type\":\"Organization\",\"@id\":\"https:\\\/\\\/www.eldigitaldeasturias.com\\\/noticias\\\/#organization\",\"name\":\"El Digital de Asturias\",\"description\":\"Hemeroteca\",\"url\":\"https:\\\/\\\/www.eldigitaldeasturias.com\\\/noticias\\\/\",\"email\":\"info@eldigitaldeasturias.com\",\"telephone\":\"+34652131393\",\"logo\":{\"@type\":\"ImageObject\",\"url\":\"https:\\\/\\\/www.eldigitaldeasturias.com\\\/noticias\\\/wp-content\\\/uploads\\\/2020\\\/12\\\/EDA.jpg\",\"@id\":\"https:\\\/\\\/www.eldigitaldeasturias.com\\\/noticias\\\/padre-angel-como-es-posible-que-comamos-el-turron-estando-esas-cuchillas-ahi\\\/#organizationLogo\"},\"image\":{\"@id\":\"https:\\\/\\\/www.eldigitaldeasturias.com\\\/noticias\\\/padre-angel-como-es-posible-que-comamos-el-turron-estando-esas-cuchillas-ahi\\\/#organizationLogo\"},\"sameAs\":[\"https:\\\/\\\/facebook.com\\\/eldigitaldeasturias\",\"https:\\\/\\\/www.youtube.com\\\/channel\\\/UCZP-2wLEB9Rv6erhFmqVnvg\"],\"address\":{\"@id\":\"https:\\\/\\\/www.eldigitaldeasturias.com\\\/noticias\\\/#postaladdress\",\"@type\":\"PostalAddress\",\"streetAddress\":\"san antonio 4\",\"postalCode\":\"33430\",\"addressLocality\":\"Cand\\u00e1s\",\"addressRegion\":\"Asturias\",\"addressCountry\":\"ES\"}},{\"@type\":\"Person\",\"@id\":\"https:\\\/\\\/www.eldigitaldeasturias.com\\\/noticias\\\/author\\\/admin\\\/#author\",\"url\":\"https:\\\/\\\/www.eldigitaldeasturias.com\\\/noticias\\\/author\\\/admin\\\/\",\"name\":\"El Digital de Asturias\",\"image\":{\"@type\":\"ImageObject\",\"@id\":\"https:\\\/\\\/www.eldigitaldeasturias.com\\\/noticias\\\/padre-angel-como-es-posible-que-comamos-el-turron-estando-esas-cuchillas-ahi\\\/#authorImage\",\"url\":\"https:\\\/\\\/secure.gravatar.com\\\/avatar\\\/df2aeffc32bcd13f8d26072ef8a91b623d677766deac7f97ca815868cd41bf5e?s=96&d=mm&r=g\",\"width\":96,\"height\":96,\"caption\":\"El Digital de Asturias\"}},{\"@type\":\"WebPage\",\"@id\":\"https:\\\/\\\/www.eldigitaldeasturias.com\\\/noticias\\\/padre-angel-como-es-posible-que-comamos-el-turron-estando-esas-cuchillas-ahi\\\/#webpage\",\"url\":\"https:\\\/\\\/www.eldigitaldeasturias.com\\\/noticias\\\/padre-angel-como-es-posible-que-comamos-el-turron-estando-esas-cuchillas-ahi\\\/\",\"name\":\"Padre \\u00c1ngel : C\\u00f3mo es posible que comamos el turr\\u00f3n estando esas cuchillas ah\\u00ed - El Digital de Asturias\",\"description\":\"Melilla, 27 nov (EFE).- El padre \\u00c1ngel, fundador de Mensajeros de la Paz, ha visitado hoy Melilla para pedir a las autoridades la retirada de la concertina y, tras subrayar la preocupaci\\u00f3n del papa por los inmigrantes, ha dicho: \\\"C\\u00f3mo es posible que seamos capaces de comer el turr\\u00f3n de Navidad estando esas cuchillas ah\\u00ed\\\".\",\"inLanguage\":\"es-ES\",\"isPartOf\":{\"@id\":\"https:\\\/\\\/www.eldigitaldeasturias.com\\\/noticias\\\/#website\"},\"breadcrumb\":{\"@id\":\"https:\\\/\\\/www.eldigitaldeasturias.com\\\/noticias\\\/padre-angel-como-es-posible-que-comamos-el-turron-estando-esas-cuchillas-ahi\\\/#breadcrumblist\"},\"author\":{\"@id\":\"https:\\\/\\\/www.eldigitaldeasturias.com\\\/noticias\\\/author\\\/admin\\\/#author\"},\"creator\":{\"@id\":\"https:\\\/\\\/www.eldigitaldeasturias.com\\\/noticias\\\/author\\\/admin\\\/#author\"},\"image\":{\"@type\":\"ImageObject\",\"url\":455156,\"@id\":\"https:\\\/\\\/www.eldigitaldeasturias.com\\\/noticias\\\/padre-angel-como-es-posible-que-comamos-el-turron-estando-esas-cuchillas-ahi\\\/#mainImage\"},\"primaryImageOfPage\":{\"@id\":\"https:\\\/\\\/www.eldigitaldeasturias.com\\\/noticias\\\/padre-angel-como-es-posible-que-comamos-el-turron-estando-esas-cuchillas-ahi\\\/#mainImage\"},\"datePublished\":\"2013-11-28T01:19:16+01:00\",\"dateModified\":\"2013-11-28T01:19:16+01:00\"},{\"@type\":\"WebSite\",\"@id\":\"https:\\\/\\\/www.eldigitaldeasturias.com\\\/noticias\\\/#website\",\"url\":\"https:\\\/\\\/www.eldigitaldeasturias.com\\\/noticias\\\/\",\"name\":\"El Digital de Asturias - Diario de actualidad y noticias\",\"alternateName\":\"El Digital de Asturias - Diario de actualidad y noticias\",\"description\":\"Hemeroteca\",\"inLanguage\":\"es-ES\",\"publisher\":{\"@id\":\"https:\\\/\\\/www.eldigitaldeasturias.com\\\/noticias\\\/#organization\"}}]}\n\t\t<\/script>\n\t\t<!-- All in One SEO Pro -->\r\n\t\t<title>Padre \u00c1ngel : C\u00f3mo es posible que comamos el turr\u00f3n estando esas cuchillas ah\u00ed - El Digital de Asturias<\/title>\n\n","aioseo_head_json":{"title":"Padre \u00c1ngel : C\u00f3mo es posible que comamos el turr\u00f3n estando esas cuchillas ah\u00ed - El Digital de Asturias","description":"Melilla, 27 nov (EFE).- El padre \u00c1ngel, fundador de Mensajeros de la Paz, ha visitado hoy Melilla para pedir a las autoridades la retirada de la concertina y, tras subrayar la preocupaci\u00f3n del papa por los inmigrantes, ha dicho: \"C\u00f3mo es posible que seamos capaces de comer el turr\u00f3n de Navidad estando esas cuchillas ah\u00ed\".","canonical_url":"https:\/\/www.eldigitaldeasturias.com\/noticias\/padre-angel-como-es-posible-que-comamos-el-turron-estando-esas-cuchillas-ahi\/","robots":"max-image-preview:large","keywords":"sociedad","webmasterTools":{"google-site-verification":"UA-38556648-1","msvalidate.01":"7dfe9f3f1b24437ab69f4f2559babe99","miscellaneous":""},"schema":{"@context":"https:\/\/schema.org","@graph":[{"@type":"BlogPosting","@id":"https:\/\/www.eldigitaldeasturias.com\/noticias\/padre-angel-como-es-posible-que-comamos-el-turron-estando-esas-cuchillas-ahi\/#blogposting","name":"Padre \u00c1ngel : C\u00f3mo es posible que comamos el turr\u00f3n estando esas cuchillas ah\u00ed - El Digital de Asturias","headline":"Padre \u00c1ngel : C\u00f3mo es posible que comamos el turr\u00f3n estando esas cuchillas ah\u00ed","author":{"@id":"https:\/\/www.eldigitaldeasturias.com\/noticias\/author\/admin\/#author"},"publisher":{"@id":"https:\/\/www.eldigitaldeasturias.com\/noticias\/#organization"},"image":{"@type":"ImageObject","url":455156},"datePublished":"2013-11-28T01:19:16+01:00","dateModified":"2013-11-28T01:19:16+01:00","inLanguage":"es-ES","mainEntityOfPage":{"@id":"https:\/\/www.eldigitaldeasturias.com\/noticias\/padre-angel-como-es-posible-que-comamos-el-turron-estando-esas-cuchillas-ahi\/#webpage"},"isPartOf":{"@id":"https:\/\/www.eldigitaldeasturias.com\/noticias\/padre-angel-como-es-posible-que-comamos-el-turron-estando-esas-cuchillas-ahi\/#webpage"},"articleSection":"Sociedad"},{"@type":"BreadcrumbList","@id":"https:\/\/www.eldigitaldeasturias.com\/noticias\/padre-angel-como-es-posible-que-comamos-el-turron-estando-esas-cuchillas-ahi\/#breadcrumblist","itemListElement":[{"@type":"ListItem","@id":"https:\/\/www.eldigitaldeasturias.com\/noticias#listItem","position":1,"name":"Home","item":"https:\/\/www.eldigitaldeasturias.com\/noticias","nextItem":{"@type":"ListItem","@id":"https:\/\/www.eldigitaldeasturias.com\/noticias\/category\/sociedad\/#listItem","name":"Sociedad"}},{"@type":"ListItem","@id":"https:\/\/www.eldigitaldeasturias.com\/noticias\/category\/sociedad\/#listItem","position":2,"name":"Sociedad","item":"https:\/\/www.eldigitaldeasturias.com\/noticias\/category\/sociedad\/","nextItem":{"@type":"ListItem","@id":"https:\/\/www.eldigitaldeasturias.com\/noticias\/padre-angel-como-es-posible-que-comamos-el-turron-estando-esas-cuchillas-ahi\/#listItem","name":"Padre \u00c1ngel : C\u00f3mo es posible que comamos el turr\u00f3n estando esas cuchillas ah\u00ed"},"previousItem":{"@type":"ListItem","@id":"https:\/\/www.eldigitaldeasturias.com\/noticias#listItem","name":"Home"}},{"@type":"ListItem","@id":"https:\/\/www.eldigitaldeasturias.com\/noticias\/padre-angel-como-es-posible-que-comamos-el-turron-estando-esas-cuchillas-ahi\/#listItem","position":3,"name":"Padre \u00c1ngel : C\u00f3mo es posible que comamos el turr\u00f3n estando esas cuchillas ah\u00ed","previousItem":{"@type":"ListItem","@id":"https:\/\/www.eldigitaldeasturias.com\/noticias\/category\/sociedad\/#listItem","name":"Sociedad"}}]},{"@type":"Organization","@id":"https:\/\/www.eldigitaldeasturias.com\/noticias\/#organization","name":"El Digital de Asturias","description":"Hemeroteca","url":"https:\/\/www.eldigitaldeasturias.com\/noticias\/","email":"info@eldigitaldeasturias.com","telephone":"+34652131393","logo":{"@type":"ImageObject","url":"https:\/\/www.eldigitaldeasturias.com\/noticias\/wp-content\/uploads\/2020\/12\/EDA.jpg","@id":"https:\/\/www.eldigitaldeasturias.com\/noticias\/padre-angel-como-es-posible-que-comamos-el-turron-estando-esas-cuchillas-ahi\/#organizationLogo"},"image":{"@id":"https:\/\/www.eldigitaldeasturias.com\/noticias\/padre-angel-como-es-posible-que-comamos-el-turron-estando-esas-cuchillas-ahi\/#organizationLogo"},"sameAs":["https:\/\/facebook.com\/eldigitaldeasturias","https:\/\/www.youtube.com\/channel\/UCZP-2wLEB9Rv6erhFmqVnvg"],"address":{"@id":"https:\/\/www.eldigitaldeasturias.com\/noticias\/#postaladdress","@type":"PostalAddress","streetAddress":"san antonio 4","postalCode":"33430","addressLocality":"Cand\u00e1s","addressRegion":"Asturias","addressCountry":"ES"}},{"@type":"Person","@id":"https:\/\/www.eldigitaldeasturias.com\/noticias\/author\/admin\/#author","url":"https:\/\/www.eldigitaldeasturias.com\/noticias\/author\/admin\/","name":"El Digital de Asturias","image":{"@type":"ImageObject","@id":"https:\/\/www.eldigitaldeasturias.com\/noticias\/padre-angel-como-es-posible-que-comamos-el-turron-estando-esas-cuchillas-ahi\/#authorImage","url":"https:\/\/secure.gravatar.com\/avatar\/df2aeffc32bcd13f8d26072ef8a91b623d677766deac7f97ca815868cd41bf5e?s=96&d=mm&r=g","width":96,"height":96,"caption":"El Digital de Asturias"}},{"@type":"WebPage","@id":"https:\/\/www.eldigitaldeasturias.com\/noticias\/padre-angel-como-es-posible-que-comamos-el-turron-estando-esas-cuchillas-ahi\/#webpage","url":"https:\/\/www.eldigitaldeasturias.com\/noticias\/padre-angel-como-es-posible-que-comamos-el-turron-estando-esas-cuchillas-ahi\/","name":"Padre \u00c1ngel : C\u00f3mo es posible que comamos el turr\u00f3n estando esas cuchillas ah\u00ed - El Digital de Asturias","description":"Melilla, 27 nov (EFE).- El padre \u00c1ngel, fundador de Mensajeros de la Paz, ha visitado hoy Melilla para pedir a las autoridades la retirada de la concertina y, tras subrayar la preocupaci\u00f3n del papa por los inmigrantes, ha dicho: \"C\u00f3mo es posible que seamos capaces de comer el turr\u00f3n de Navidad estando esas cuchillas ah\u00ed\".","inLanguage":"es-ES","isPartOf":{"@id":"https:\/\/www.eldigitaldeasturias.com\/noticias\/#website"},"breadcrumb":{"@id":"https:\/\/www.eldigitaldeasturias.com\/noticias\/padre-angel-como-es-posible-que-comamos-el-turron-estando-esas-cuchillas-ahi\/#breadcrumblist"},"author":{"@id":"https:\/\/www.eldigitaldeasturias.com\/noticias\/author\/admin\/#author"},"creator":{"@id":"https:\/\/www.eldigitaldeasturias.com\/noticias\/author\/admin\/#author"},"image":{"@type":"ImageObject","url":455156,"@id":"https:\/\/www.eldigitaldeasturias.com\/noticias\/padre-angel-como-es-posible-que-comamos-el-turron-estando-esas-cuchillas-ahi\/#mainImage"},"primaryImageOfPage":{"@id":"https:\/\/www.eldigitaldeasturias.com\/noticias\/padre-angel-como-es-posible-que-comamos-el-turron-estando-esas-cuchillas-ahi\/#mainImage"},"datePublished":"2013-11-28T01:19:16+01:00","dateModified":"2013-11-28T01:19:16+01:00"},{"@type":"WebSite","@id":"https:\/\/www.eldigitaldeasturias.com\/noticias\/#website","url":"https:\/\/www.eldigitaldeasturias.com\/noticias\/","name":"El Digital de Asturias - Diario de actualidad y noticias","alternateName":"El Digital de Asturias - Diario de actualidad y noticias","description":"Hemeroteca","inLanguage":"es-ES","publisher":{"@id":"https:\/\/www.eldigitaldeasturias.com\/noticias\/#organization"}}]},"og:locale":"es_ES","og:site_name":"El Digital de Asturias","og:type":"article","og:title":"Padre \u00c1ngel : C\u00f3mo es posible que comamos el turr\u00f3n estando esas cuchillas ah\u00ed - El Digital de Asturias","og:description":"Melilla, 27 nov (EFE).- El padre \u00c1ngel, fundador de Mensajeros de la Paz, ha visitado hoy Melilla para pedir a las autoridades la retirada de la concertina y, tras subrayar la preocupaci\u00f3n del papa por los inmigrantes, ha dicho: &quot;C\u00f3mo es posible que seamos capaces de comer el turr\u00f3n de Navidad estando esas cuchillas ah\u00ed&quot;.","og:url":"https:\/\/www.eldigitaldeasturias.com\/noticias\/padre-angel-como-es-posible-que-comamos-el-turron-estando-esas-cuchillas-ahi\/","article:tag":["sociedad"],"article:published_time":"2013-11-28T02:19:16+00:00","article:modified_time":"2013-11-28T02:19:16+00:00","article:publisher":"https:\/\/facebook.com\/eldigitaldeasturias","twitter:card":"summary_large_image","twitter:title":"Padre \u00c1ngel : C\u00f3mo es posible que comamos el turr\u00f3n estando esas cuchillas ah\u00ed - El Digital de Asturias","twitter:description":"Melilla, 27 nov (EFE).- El padre \u00c1ngel, fundador de Mensajeros de la Paz, ha visitado hoy Melilla para pedir a las autoridades la retirada de la concertina y, tras subrayar la preocupaci\u00f3n del papa por los inmigrantes, ha dicho: &quot;C\u00f3mo es posible que seamos capaces de comer el turr\u00f3n de Navidad estando esas cuchillas ah\u00ed&quot;.","twitter:label1":"Escrito por","twitter:data1":"El Digital de Asturias","twitter:label2":"Tiempo de lectura estimado","twitter:data2":"2 minutos"},"aioseo_meta_data":{"post_id":"455154","title":null,"description":null,"keywords":null,"keyphrases":null,"primary_term":null,"canonical_url":null,"og_title":null,"og_description":null,"og_object_type":"default","og_image_type":"default","og_image_url":null,"og_image_width":null,"og_image_height":null,"og_image_custom_url":null,"og_image_custom_fields":null,"og_video":null,"og_custom_url":null,"og_article_section":null,"og_article_tags":null,"twitter_use_og":true,"twitter_card":"default","twitter_image_type":"default","twitter_image_url":null,"twitter_image_custom_url":null,"twitter_image_custom_fields":null,"twitter_title":null,"twitter_description":null,"schema":{"blockGraphs":[],"customGraphs":[],"default":{"data":{"Article":[],"Course":[],"Dataset":[],"FAQPage":[],"Movie":[],"Person":[],"Product":[],"ProductReview":[],"Car":[],"Recipe":[],"Service":[],"SoftwareApplication":[],"WebPage":[]},"graphName":"","isEnabled":true},"graphs":[],"defaultGraph":"","defaultPostTypeGraph":""},"schema_type":null,"schema_type_options":null,"pillar_content":false,"robots_default":true,"robots_noindex":false,"robots_noarchive":false,"robots_nosnippet":false,"robots_nofollow":false,"robots_noimageindex":false,"robots_noodp":false,"robots_notranslate":false,"robots_max_snippet":null,"robots_max_videopreview":null,"robots_max_imagepreview":"none","priority":null,"frequency":null,"local_seo":null,"seo_analyzer_scan_date":"2026-05-29 17:17:19","breadcrumb_settings":null,"limit_modified_date":false,"open_ai":null,"ai":null,"created":"2020-11-14 22:45:11","updated":"2026-05-29 17:17:19","focus_keyword":null,"additional_keywords":null,"truseo_locale":null},"aioseo_breadcrumb":"<div class=\"aioseo-breadcrumbs\"><span class=\"aioseo-breadcrumb\">\n\t<a href=\"https:\/\/www.eldigitaldeasturias.com\/noticias\" title=\"Home\">Home<\/a>\n<\/span><span class=\"aioseo-breadcrumb-separator\">\u2013<\/span><span class=\"aioseo-breadcrumb\">\n\t<a href=\"https:\/\/www.eldigitaldeasturias.com\/noticias\/category\/sociedad\/\" title=\"Sociedad\">Sociedad<\/a>\n<\/span><span class=\"aioseo-breadcrumb-separator\">\u2013<\/span><span class=\"aioseo-breadcrumb\">\n\t<a href=\"https:\/\/www.eldigitaldeasturias.com\/noticias\/padre-angel-como-es-posible-que-comamos-el-turron-estando-esas-cuchillas-ahi\/\" title=\"Padre \u00c1ngel : C\u00f3mo es posible que comamos el turr\u00f3n estando esas cuchillas ah\u00ed\">Padre \u00c1ngel : C\u00f3mo es posible que comamos el turr\u00f3n estando esas cuchillas ah\u00ed<\/a>\n<\/span><\/div>","aioseo_breadcrumb_json":[{"label":"Home","link":"https:\/\/www.eldigitaldeasturias.com\/noticias"},{"label":"Sociedad","link":"https:\/\/www.eldigitaldeasturias.com\/noticias\/category\/sociedad\/"},{"label":"Padre \u00c1ngel : C\u00f3mo es posible que comamos el turr\u00f3n estando esas cuchillas ah\u00ed","link":"https:\/\/www.eldigitaldeasturias.com\/noticias\/padre-angel-como-es-posible-que-comamos-el-turron-estando-esas-cuchillas-ahi\/"}],"_links":{"self":[{"href":"https:\/\/www.eldigitaldeasturias.com\/noticias\/wp-json\/wp\/v2\/posts\/455154","targetHints":{"allow":["GET"]}}],"collection":[{"href":"https:\/\/www.eldigitaldeasturias.com\/noticias\/wp-json\/wp\/v2\/posts"}],"about":[{"href":"https:\/\/www.eldigitaldeasturias.com\/noticias\/wp-json\/wp\/v2\/types\/post"}],"author":[{"embeddable":true,"href":"https:\/\/www.eldigitaldeasturias.com\/noticias\/wp-json\/wp\/v2\/users\/1"}],"replies":[{"embeddable":true,"href":"https:\/\/www.eldigitaldeasturias.com\/noticias\/wp-json\/wp\/v2\/comments?post=455154"}],"version-history":[{"count":0,"href":"https:\/\/www.eldigitaldeasturias.com\/noticias\/wp-json\/wp\/v2\/posts\/455154\/revisions"}],"wp:attachment":[{"href":"https:\/\/www.eldigitaldeasturias.com\/noticias\/wp-json\/wp\/v2\/media?parent=455154"}],"wp:term":[{"taxonomy":"category","embeddable":true,"href":"https:\/\/www.eldigitaldeasturias.com\/noticias\/wp-json\/wp\/v2\/categories?post=455154"},{"taxonomy":"post_tag","embeddable":true,"href":"https:\/\/www.eldigitaldeasturias.com\/noticias\/wp-json\/wp\/v2\/tags?post=455154"}],"curies":[{"name":"wp","href":"https:\/\/api.w.org\/{rel}","templated":true}]}}