{"id":455108,"date":"2013-11-27T23:56:43","date_gmt":"2013-11-28T00:56:43","guid":{"rendered":"http:\/\/www.eldigitaldeasturias.com\/noticias\/?p=455108"},"modified":"2013-11-28T00:01:46","modified_gmt":"2013-11-28T01:01:46","slug":"los-globos-del-desfile-de-accion-de-gracias-en-peligro-por-el-viento","status":"publish","type":"post","link":"https:\/\/www.eldigitaldeasturias.com\/noticias\/los-globos-del-desfile-de-accion-de-gracias-en-peligro-por-el-viento\/","title":{"rendered":"Los globos del desfile de Acci\u00f3n de Gracias en peligro por el viento"},"content":{"rendered":"<p><img loading=\"lazy\" decoding=\"async\" class=\"alignleft size-medium wp-image-455109\" alt=\"5757994w\" src=\"https:\/\/www.eldigitaldeasturias.com\/noticias\/wp-content\/uploads\/2013\/11\/5757994w-360x310.jpg\" width=\"360\" height=\"310\" \/>Nueva York, 27 nov (EFE).- Los enormes globos con personajes infantiles que acompa\u00f1an al tradicional desfile del D\u00eda de Acci\u00f3n de Gracias en Nueva York podr\u00edan no salir ma\u00f1ana debido a los vientos que ocasiona la tormenta que azota la costa este de Estados Unidos.<\/p>\n<p>Los m\u00e1s de tres millones de personas que suelen esperar impacientes en la Gran Manzana y los m\u00e1s de cincuenta millones que ven el desfile por televisi\u00f3n, podr\u00edan este a\u00f1o perderse a los globos que representan a personajes ic\u00f3nicos infantiles como Snoopy, Spiderman, Pikachu o Bob Esponja.<\/p>\n<p>El festejo incluye carrozas y bandas de m\u00fasica, con m\u00e1s de 8.000 personas marchando desde la calle 77 oeste hasta Herald Square, pero lo m\u00e1s caracter\u00edstico son los enormes globos de helio.<\/p>\n<p>Seg\u00fan ha alertado el Servicio Meteorol\u00f3gico Nacional, las r\u00e1fagas podr\u00edan tener una intensidad de 60 kil\u00f3metros por hora, lo que pone en riesgo que los globos flotantes puedan atravesar la ciudad.<\/p>\n<p>Cuando el viento es superior a los 37 kil\u00f3metros por hora, con r\u00e1fagas de 70, se proh\u00edbe el desfile con globos, sin embargo esta decisi\u00f3n no podr\u00e1 tomarse hasta ma\u00f1ana cuando se sepan las condiciones exactas en el momento del desfile.<\/p>\n<p>El desfile est\u00e1 organizado por la cadena de grandes almacenes Macy&#8217;s, donde un portavoz se\u00f1al\u00f3 que \u00aba\u00fan es demasiado pronto\u00bb para saber si los globos podr\u00e1n desfilar y subray\u00f3 que est\u00e1n trabajando con el departamento de polic\u00eda para garantizar la seguridad del desfile.<\/p>\n<p>Cada globo del desfile es manejado por grupos de personas que van tirando de unos cables, bajo la supervisi\u00f3n de un polic\u00eda de Nueva York.<\/p>\n<p>Macy&#8217;s comenz\u00f3 a tomar precauciones con los globos en 1997 cuando una fuerte r\u00e1faga de viento hizo que un globo choc\u00f3 con una farola, cuyos fragmentos hirieron a una mujer situada debajo.<\/p>\n<p>Si el desfile no sale ma\u00f1ana ser\u00e1 la segunda vez que esto ocurre a lo largo de la historia, y la primera ocasi\u00f3n fue en 1971 debido a lluvias torrenciales.<\/p>\n<p>Sin embargo, si el desfile puede celebrarse con normalidad, ser\u00e1 la edici\u00f3n n\u00famero 87 recorre la ciudad.<\/p>\n","protected":false},"excerpt":{"rendered":"<p>Nueva York, 27 nov (EFE).- Los enormes globos con personajes infantiles que acompa\u00f1an al tradicional desfile del D\u00eda de Acci\u00f3n de Gracias en Nueva York podr\u00edan no salir ma\u00f1ana debido a los vientos que ocasiona la tormenta que azota la costa este de Estados Unidos. Los m\u00e1s de tres millones de personas que suelen esperar [&hellip;]<\/p>\n","protected":false},"author":1,"featured_media":455109,"comment_status":"open","ping_status":"open","sticky":false,"template":"","format":"standard","meta":{"footnotes":""},"categories":[28],"tags":[],"class_list":["post-455108","post","type-post","status-publish","format-standard","has-post-thumbnail","hentry","category-sociedad"],"aioseo_notices":[],"aioseo_head":"\n\t\t<!-- All in One SEO Pro 5.0.1 - aioseo.com -->\n\t<meta name=\"description\" content=\"Nueva York, 27 nov (EFE).- Los enormes globos con personajes infantiles que acompa\u00f1an al tradicional desfile del D\u00eda de Acci\u00f3n de Gracias en Nueva York podr\u00edan no salir ma\u00f1ana debido a los vientos que ocasiona la tormenta que azota la costa este de Estados Unidos. Los m\u00e1s de tres millones de personas que suelen esperar\" \/>\n\t<meta name=\"robots\" content=\"max-image-preview:large\" \/>\n\t<meta name=\"author\" content=\"El Digital de Asturias\"\/>\n\t<meta name=\"google-site-verification\" content=\"UA-38556648-1\" \/>\n\t<meta name=\"msvalidate.01\" content=\"7dfe9f3f1b24437ab69f4f2559babe99\" \/>\n\t<meta name=\"keywords\" content=\"sociedad\" \/>\n\t<link rel=\"canonical\" href=\"https:\/\/www.eldigitaldeasturias.com\/noticias\/los-globos-del-desfile-de-accion-de-gracias-en-peligro-por-el-viento\/\" \/>\n\t<meta name=\"generator\" content=\"All in One SEO Pro (AIOSEO) 5.0.1\" \/>\n\t\t<meta property=\"og:locale\" content=\"es_ES\" \/>\n\t\t<meta property=\"og:site_name\" content=\"El Digital de Asturias\" \/>\n\t\t<meta property=\"og:type\" content=\"article\" \/>\n\t\t<meta property=\"og:title\" content=\"Los globos del desfile de Acci\u00f3n de Gracias en peligro por el viento - El Digital de Asturias\" \/>\n\t\t<meta property=\"og:description\" content=\"Nueva York, 27 nov (EFE).- Los enormes globos con personajes infantiles que acompa\u00f1an al tradicional desfile del D\u00eda de Acci\u00f3n de Gracias en Nueva York podr\u00edan no salir ma\u00f1ana debido a los vientos que ocasiona la tormenta que azota la costa este de Estados Unidos. Los m\u00e1s de tres millones de personas que suelen esperar\" \/>\n\t\t<meta property=\"og:url\" content=\"https:\/\/www.eldigitaldeasturias.com\/noticias\/los-globos-del-desfile-de-accion-de-gracias-en-peligro-por-el-viento\/\" \/>\n\t\t<meta property=\"article:tag\" content=\"sociedad\" \/>\n\t\t<meta property=\"article:published_time\" content=\"2013-11-28T00:56:43+00:00\" \/>\n\t\t<meta property=\"article:modified_time\" content=\"2013-11-28T01:01:46+00:00\" \/>\n\t\t<meta property=\"article:publisher\" content=\"https:\/\/facebook.com\/eldigitaldeasturias\" \/>\n\t\t<meta name=\"twitter:card\" content=\"summary_large_image\" \/>\n\t\t<meta name=\"twitter:title\" content=\"Los globos del desfile de Acci\u00f3n de Gracias en peligro por el viento - El Digital de Asturias\" \/>\n\t\t<meta name=\"twitter:description\" content=\"Nueva York, 27 nov (EFE).- Los enormes globos con personajes infantiles que acompa\u00f1an al tradicional desfile del D\u00eda de Acci\u00f3n de Gracias en Nueva York podr\u00edan no salir ma\u00f1ana debido a los vientos que ocasiona la tormenta que azota la costa este de Estados Unidos. Los m\u00e1s de tres millones de personas que suelen esperar\" \/>\n\t\t<meta name=\"twitter:label1\" content=\"Escrito por\" \/>\n\t\t<meta name=\"twitter:data1\" content=\"El Digital de Asturias\" \/>\n\t\t<meta name=\"twitter:label2\" content=\"Tiempo de lectura estimado\" \/>\n\t\t<meta name=\"twitter:data2\" content=\"2 minutos\" \/>\n\t\t<script type=\"application\/ld+json\" class=\"aioseo-schema\">\n\t\t\t{\"@context\":\"https:\\\/\\\/schema.org\",\"@graph\":[{\"@type\":\"BlogPosting\",\"@id\":\"https:\\\/\\\/www.eldigitaldeasturias.com\\\/noticias\\\/los-globos-del-desfile-de-accion-de-gracias-en-peligro-por-el-viento\\\/#blogposting\",\"name\":\"Los globos del desfile de Acci\\u00f3n de Gracias en peligro por el viento - El Digital de Asturias\",\"headline\":\"Los globos del desfile de Acci\\u00f3n de Gracias en peligro por el viento\",\"author\":{\"@id\":\"https:\\\/\\\/www.eldigitaldeasturias.com\\\/noticias\\\/author\\\/admin\\\/#author\"},\"publisher\":{\"@id\":\"https:\\\/\\\/www.eldigitaldeasturias.com\\\/noticias\\\/#organization\"},\"image\":{\"@type\":\"ImageObject\",\"url\":455109},\"datePublished\":\"2013-11-27T23:56:43+01:00\",\"dateModified\":\"2013-11-28T00:01:46+01:00\",\"inLanguage\":\"es-ES\",\"mainEntityOfPage\":{\"@id\":\"https:\\\/\\\/www.eldigitaldeasturias.com\\\/noticias\\\/los-globos-del-desfile-de-accion-de-gracias-en-peligro-por-el-viento\\\/#webpage\"},\"isPartOf\":{\"@id\":\"https:\\\/\\\/www.eldigitaldeasturias.com\\\/noticias\\\/los-globos-del-desfile-de-accion-de-gracias-en-peligro-por-el-viento\\\/#webpage\"},\"articleSection\":\"Sociedad\"},{\"@type\":\"BreadcrumbList\",\"@id\":\"https:\\\/\\\/www.eldigitaldeasturias.com\\\/noticias\\\/los-globos-del-desfile-de-accion-de-gracias-en-peligro-por-el-viento\\\/#breadcrumblist\",\"itemListElement\":[{\"@type\":\"ListItem\",\"@id\":\"https:\\\/\\\/www.eldigitaldeasturias.com\\\/noticias#listItem\",\"position\":1,\"name\":\"Home\",\"item\":\"https:\\\/\\\/www.eldigitaldeasturias.com\\\/noticias\",\"nextItem\":{\"@type\":\"ListItem\",\"@id\":\"https:\\\/\\\/www.eldigitaldeasturias.com\\\/noticias\\\/category\\\/sociedad\\\/#listItem\",\"name\":\"Sociedad\"}},{\"@type\":\"ListItem\",\"@id\":\"https:\\\/\\\/www.eldigitaldeasturias.com\\\/noticias\\\/category\\\/sociedad\\\/#listItem\",\"position\":2,\"name\":\"Sociedad\",\"item\":\"https:\\\/\\\/www.eldigitaldeasturias.com\\\/noticias\\\/category\\\/sociedad\\\/\",\"nextItem\":{\"@type\":\"ListItem\",\"@id\":\"https:\\\/\\\/www.eldigitaldeasturias.com\\\/noticias\\\/los-globos-del-desfile-de-accion-de-gracias-en-peligro-por-el-viento\\\/#listItem\",\"name\":\"Los globos del desfile de Acci\\u00f3n de Gracias en peligro por el viento\"},\"previousItem\":{\"@type\":\"ListItem\",\"@id\":\"https:\\\/\\\/www.eldigitaldeasturias.com\\\/noticias#listItem\",\"name\":\"Home\"}},{\"@type\":\"ListItem\",\"@id\":\"https:\\\/\\\/www.eldigitaldeasturias.com\\\/noticias\\\/los-globos-del-desfile-de-accion-de-gracias-en-peligro-por-el-viento\\\/#listItem\",\"position\":3,\"name\":\"Los globos del desfile de Acci\\u00f3n de Gracias en peligro por el viento\",\"previousItem\":{\"@type\":\"ListItem\",\"@id\":\"https:\\\/\\\/www.eldigitaldeasturias.com\\\/noticias\\\/category\\\/sociedad\\\/#listItem\",\"name\":\"Sociedad\"}}]},{\"@type\":\"Organization\",\"@id\":\"https:\\\/\\\/www.eldigitaldeasturias.com\\\/noticias\\\/#organization\",\"name\":\"El Digital de Asturias\",\"description\":\"Hemeroteca\",\"url\":\"https:\\\/\\\/www.eldigitaldeasturias.com\\\/noticias\\\/\",\"email\":\"info@eldigitaldeasturias.com\",\"telephone\":\"+34652131393\",\"logo\":{\"@type\":\"ImageObject\",\"url\":\"https:\\\/\\\/www.eldigitaldeasturias.com\\\/noticias\\\/wp-content\\\/uploads\\\/2020\\\/12\\\/EDA.jpg\",\"@id\":\"https:\\\/\\\/www.eldigitaldeasturias.com\\\/noticias\\\/los-globos-del-desfile-de-accion-de-gracias-en-peligro-por-el-viento\\\/#organizationLogo\"},\"image\":{\"@id\":\"https:\\\/\\\/www.eldigitaldeasturias.com\\\/noticias\\\/los-globos-del-desfile-de-accion-de-gracias-en-peligro-por-el-viento\\\/#organizationLogo\"},\"sameAs\":[\"https:\\\/\\\/facebook.com\\\/eldigitaldeasturias\",\"https:\\\/\\\/www.youtube.com\\\/channel\\\/UCZP-2wLEB9Rv6erhFmqVnvg\"],\"address\":{\"@id\":\"https:\\\/\\\/www.eldigitaldeasturias.com\\\/noticias\\\/#postaladdress\",\"@type\":\"PostalAddress\",\"streetAddress\":\"san antonio 4\",\"postalCode\":\"33430\",\"addressLocality\":\"Cand\\u00e1s\",\"addressRegion\":\"Asturias\",\"addressCountry\":\"ES\"}},{\"@type\":\"Person\",\"@id\":\"https:\\\/\\\/www.eldigitaldeasturias.com\\\/noticias\\\/author\\\/admin\\\/#author\",\"url\":\"https:\\\/\\\/www.eldigitaldeasturias.com\\\/noticias\\\/author\\\/admin\\\/\",\"name\":\"El Digital de Asturias\",\"image\":{\"@type\":\"ImageObject\",\"@id\":\"https:\\\/\\\/www.eldigitaldeasturias.com\\\/noticias\\\/los-globos-del-desfile-de-accion-de-gracias-en-peligro-por-el-viento\\\/#authorImage\",\"url\":\"https:\\\/\\\/secure.gravatar.com\\\/avatar\\\/df2aeffc32bcd13f8d26072ef8a91b623d677766deac7f97ca815868cd41bf5e?s=96&d=mm&r=g\",\"width\":96,\"height\":96,\"caption\":\"El Digital de Asturias\"}},{\"@type\":\"WebPage\",\"@id\":\"https:\\\/\\\/www.eldigitaldeasturias.com\\\/noticias\\\/los-globos-del-desfile-de-accion-de-gracias-en-peligro-por-el-viento\\\/#webpage\",\"url\":\"https:\\\/\\\/www.eldigitaldeasturias.com\\\/noticias\\\/los-globos-del-desfile-de-accion-de-gracias-en-peligro-por-el-viento\\\/\",\"name\":\"Los globos del desfile de Acci\\u00f3n de Gracias en peligro por el viento - El Digital de Asturias\",\"description\":\"Nueva York, 27 nov (EFE).- Los enormes globos con personajes infantiles que acompa\\u00f1an al tradicional desfile del D\\u00eda de Acci\\u00f3n de Gracias en Nueva York podr\\u00edan no salir ma\\u00f1ana debido a los vientos que ocasiona la tormenta que azota la costa este de Estados Unidos. Los m\\u00e1s de tres millones de personas que suelen esperar\",\"inLanguage\":\"es-ES\",\"isPartOf\":{\"@id\":\"https:\\\/\\\/www.eldigitaldeasturias.com\\\/noticias\\\/#website\"},\"breadcrumb\":{\"@id\":\"https:\\\/\\\/www.eldigitaldeasturias.com\\\/noticias\\\/los-globos-del-desfile-de-accion-de-gracias-en-peligro-por-el-viento\\\/#breadcrumblist\"},\"author\":{\"@id\":\"https:\\\/\\\/www.eldigitaldeasturias.com\\\/noticias\\\/author\\\/admin\\\/#author\"},\"creator\":{\"@id\":\"https:\\\/\\\/www.eldigitaldeasturias.com\\\/noticias\\\/author\\\/admin\\\/#author\"},\"image\":{\"@type\":\"ImageObject\",\"url\":455109,\"@id\":\"https:\\\/\\\/www.eldigitaldeasturias.com\\\/noticias\\\/los-globos-del-desfile-de-accion-de-gracias-en-peligro-por-el-viento\\\/#mainImage\"},\"primaryImageOfPage\":{\"@id\":\"https:\\\/\\\/www.eldigitaldeasturias.com\\\/noticias\\\/los-globos-del-desfile-de-accion-de-gracias-en-peligro-por-el-viento\\\/#mainImage\"},\"datePublished\":\"2013-11-27T23:56:43+01:00\",\"dateModified\":\"2013-11-28T00:01:46+01:00\"},{\"@type\":\"WebSite\",\"@id\":\"https:\\\/\\\/www.eldigitaldeasturias.com\\\/noticias\\\/#website\",\"url\":\"https:\\\/\\\/www.eldigitaldeasturias.com\\\/noticias\\\/\",\"name\":\"El Digital de Asturias - Diario de actualidad y noticias\",\"alternateName\":\"El Digital de Asturias - Diario de actualidad y noticias\",\"description\":\"Hemeroteca\",\"inLanguage\":\"es-ES\",\"publisher\":{\"@id\":\"https:\\\/\\\/www.eldigitaldeasturias.com\\\/noticias\\\/#organization\"}}]}\n\t\t<\/script>\n\t\t<!-- All in One SEO Pro -->\r\n\t\t<title>Los globos del desfile de Acci\u00f3n de Gracias en peligro por el viento - El Digital de Asturias<\/title>\n\n","aioseo_head_json":{"title":"Los globos del desfile de Acci\u00f3n de Gracias en peligro por el viento - El Digital de Asturias","description":"Nueva York, 27 nov (EFE).- Los enormes globos con personajes infantiles que acompa\u00f1an al tradicional desfile del D\u00eda de Acci\u00f3n de Gracias en Nueva York podr\u00edan no salir ma\u00f1ana debido a los vientos que ocasiona la tormenta que azota la costa este de Estados Unidos. Los m\u00e1s de tres millones de personas que suelen esperar","canonical_url":"https:\/\/www.eldigitaldeasturias.com\/noticias\/los-globos-del-desfile-de-accion-de-gracias-en-peligro-por-el-viento\/","robots":"max-image-preview:large","keywords":"sociedad","webmasterTools":{"google-site-verification":"UA-38556648-1","msvalidate.01":"7dfe9f3f1b24437ab69f4f2559babe99","miscellaneous":""},"schema":{"@context":"https:\/\/schema.org","@graph":[{"@type":"BlogPosting","@id":"https:\/\/www.eldigitaldeasturias.com\/noticias\/los-globos-del-desfile-de-accion-de-gracias-en-peligro-por-el-viento\/#blogposting","name":"Los globos del desfile de Acci\u00f3n de Gracias en peligro por el viento - El Digital de Asturias","headline":"Los globos del desfile de Acci\u00f3n de Gracias en peligro por el viento","author":{"@id":"https:\/\/www.eldigitaldeasturias.com\/noticias\/author\/admin\/#author"},"publisher":{"@id":"https:\/\/www.eldigitaldeasturias.com\/noticias\/#organization"},"image":{"@type":"ImageObject","url":455109},"datePublished":"2013-11-27T23:56:43+01:00","dateModified":"2013-11-28T00:01:46+01:00","inLanguage":"es-ES","mainEntityOfPage":{"@id":"https:\/\/www.eldigitaldeasturias.com\/noticias\/los-globos-del-desfile-de-accion-de-gracias-en-peligro-por-el-viento\/#webpage"},"isPartOf":{"@id":"https:\/\/www.eldigitaldeasturias.com\/noticias\/los-globos-del-desfile-de-accion-de-gracias-en-peligro-por-el-viento\/#webpage"},"articleSection":"Sociedad"},{"@type":"BreadcrumbList","@id":"https:\/\/www.eldigitaldeasturias.com\/noticias\/los-globos-del-desfile-de-accion-de-gracias-en-peligro-por-el-viento\/#breadcrumblist","itemListElement":[{"@type":"ListItem","@id":"https:\/\/www.eldigitaldeasturias.com\/noticias#listItem","position":1,"name":"Home","item":"https:\/\/www.eldigitaldeasturias.com\/noticias","nextItem":{"@type":"ListItem","@id":"https:\/\/www.eldigitaldeasturias.com\/noticias\/category\/sociedad\/#listItem","name":"Sociedad"}},{"@type":"ListItem","@id":"https:\/\/www.eldigitaldeasturias.com\/noticias\/category\/sociedad\/#listItem","position":2,"name":"Sociedad","item":"https:\/\/www.eldigitaldeasturias.com\/noticias\/category\/sociedad\/","nextItem":{"@type":"ListItem","@id":"https:\/\/www.eldigitaldeasturias.com\/noticias\/los-globos-del-desfile-de-accion-de-gracias-en-peligro-por-el-viento\/#listItem","name":"Los globos del desfile de Acci\u00f3n de Gracias en peligro por el viento"},"previousItem":{"@type":"ListItem","@id":"https:\/\/www.eldigitaldeasturias.com\/noticias#listItem","name":"Home"}},{"@type":"ListItem","@id":"https:\/\/www.eldigitaldeasturias.com\/noticias\/los-globos-del-desfile-de-accion-de-gracias-en-peligro-por-el-viento\/#listItem","position":3,"name":"Los globos del desfile de Acci\u00f3n de Gracias en peligro por el viento","previousItem":{"@type":"ListItem","@id":"https:\/\/www.eldigitaldeasturias.com\/noticias\/category\/sociedad\/#listItem","name":"Sociedad"}}]},{"@type":"Organization","@id":"https:\/\/www.eldigitaldeasturias.com\/noticias\/#organization","name":"El Digital de Asturias","description":"Hemeroteca","url":"https:\/\/www.eldigitaldeasturias.com\/noticias\/","email":"info@eldigitaldeasturias.com","telephone":"+34652131393","logo":{"@type":"ImageObject","url":"https:\/\/www.eldigitaldeasturias.com\/noticias\/wp-content\/uploads\/2020\/12\/EDA.jpg","@id":"https:\/\/www.eldigitaldeasturias.com\/noticias\/los-globos-del-desfile-de-accion-de-gracias-en-peligro-por-el-viento\/#organizationLogo"},"image":{"@id":"https:\/\/www.eldigitaldeasturias.com\/noticias\/los-globos-del-desfile-de-accion-de-gracias-en-peligro-por-el-viento\/#organizationLogo"},"sameAs":["https:\/\/facebook.com\/eldigitaldeasturias","https:\/\/www.youtube.com\/channel\/UCZP-2wLEB9Rv6erhFmqVnvg"],"address":{"@id":"https:\/\/www.eldigitaldeasturias.com\/noticias\/#postaladdress","@type":"PostalAddress","streetAddress":"san antonio 4","postalCode":"33430","addressLocality":"Cand\u00e1s","addressRegion":"Asturias","addressCountry":"ES"}},{"@type":"Person","@id":"https:\/\/www.eldigitaldeasturias.com\/noticias\/author\/admin\/#author","url":"https:\/\/www.eldigitaldeasturias.com\/noticias\/author\/admin\/","name":"El Digital de Asturias","image":{"@type":"ImageObject","@id":"https:\/\/www.eldigitaldeasturias.com\/noticias\/los-globos-del-desfile-de-accion-de-gracias-en-peligro-por-el-viento\/#authorImage","url":"https:\/\/secure.gravatar.com\/avatar\/df2aeffc32bcd13f8d26072ef8a91b623d677766deac7f97ca815868cd41bf5e?s=96&d=mm&r=g","width":96,"height":96,"caption":"El Digital de Asturias"}},{"@type":"WebPage","@id":"https:\/\/www.eldigitaldeasturias.com\/noticias\/los-globos-del-desfile-de-accion-de-gracias-en-peligro-por-el-viento\/#webpage","url":"https:\/\/www.eldigitaldeasturias.com\/noticias\/los-globos-del-desfile-de-accion-de-gracias-en-peligro-por-el-viento\/","name":"Los globos del desfile de Acci\u00f3n de Gracias en peligro por el viento - El Digital de Asturias","description":"Nueva York, 27 nov (EFE).- Los enormes globos con personajes infantiles que acompa\u00f1an al tradicional desfile del D\u00eda de Acci\u00f3n de Gracias en Nueva York podr\u00edan no salir ma\u00f1ana debido a los vientos que ocasiona la tormenta que azota la costa este de Estados Unidos. Los m\u00e1s de tres millones de personas que suelen esperar","inLanguage":"es-ES","isPartOf":{"@id":"https:\/\/www.eldigitaldeasturias.com\/noticias\/#website"},"breadcrumb":{"@id":"https:\/\/www.eldigitaldeasturias.com\/noticias\/los-globos-del-desfile-de-accion-de-gracias-en-peligro-por-el-viento\/#breadcrumblist"},"author":{"@id":"https:\/\/www.eldigitaldeasturias.com\/noticias\/author\/admin\/#author"},"creator":{"@id":"https:\/\/www.eldigitaldeasturias.com\/noticias\/author\/admin\/#author"},"image":{"@type":"ImageObject","url":455109,"@id":"https:\/\/www.eldigitaldeasturias.com\/noticias\/los-globos-del-desfile-de-accion-de-gracias-en-peligro-por-el-viento\/#mainImage"},"primaryImageOfPage":{"@id":"https:\/\/www.eldigitaldeasturias.com\/noticias\/los-globos-del-desfile-de-accion-de-gracias-en-peligro-por-el-viento\/#mainImage"},"datePublished":"2013-11-27T23:56:43+01:00","dateModified":"2013-11-28T00:01:46+01:00"},{"@type":"WebSite","@id":"https:\/\/www.eldigitaldeasturias.com\/noticias\/#website","url":"https:\/\/www.eldigitaldeasturias.com\/noticias\/","name":"El Digital de Asturias - Diario de actualidad y noticias","alternateName":"El Digital de Asturias - Diario de actualidad y noticias","description":"Hemeroteca","inLanguage":"es-ES","publisher":{"@id":"https:\/\/www.eldigitaldeasturias.com\/noticias\/#organization"}}]},"og:locale":"es_ES","og:site_name":"El Digital de Asturias","og:type":"article","og:title":"Los globos del desfile de Acci\u00f3n de Gracias en peligro por el viento - El Digital de Asturias","og:description":"Nueva York, 27 nov (EFE).- Los enormes globos con personajes infantiles que acompa\u00f1an al tradicional desfile del D\u00eda de Acci\u00f3n de Gracias en Nueva York podr\u00edan no salir ma\u00f1ana debido a los vientos que ocasiona la tormenta que azota la costa este de Estados Unidos. Los m\u00e1s de tres millones de personas que suelen esperar","og:url":"https:\/\/www.eldigitaldeasturias.com\/noticias\/los-globos-del-desfile-de-accion-de-gracias-en-peligro-por-el-viento\/","article:tag":["sociedad"],"article:published_time":"2013-11-28T00:56:43+00:00","article:modified_time":"2013-11-28T01:01:46+00:00","article:publisher":"https:\/\/facebook.com\/eldigitaldeasturias","twitter:card":"summary_large_image","twitter:title":"Los globos del desfile de Acci\u00f3n de Gracias en peligro por el viento - El Digital de Asturias","twitter:description":"Nueva York, 27 nov (EFE).- Los enormes globos con personajes infantiles que acompa\u00f1an al tradicional desfile del D\u00eda de Acci\u00f3n de Gracias en Nueva York podr\u00edan no salir ma\u00f1ana debido a los vientos que ocasiona la tormenta que azota la costa este de Estados Unidos. Los m\u00e1s de tres millones de personas que suelen esperar","twitter:label1":"Escrito por","twitter:data1":"El Digital de Asturias","twitter:label2":"Tiempo de lectura estimado","twitter:data2":"2 minutos"},"aioseo_meta_data":{"post_id":"455108","title":null,"description":null,"keywords":null,"keyphrases":null,"primary_term":null,"canonical_url":null,"og_title":null,"og_description":null,"og_object_type":"default","og_image_type":"default","og_image_url":null,"og_image_width":null,"og_image_height":null,"og_image_custom_url":null,"og_image_custom_fields":null,"og_video":null,"og_custom_url":null,"og_article_section":null,"og_article_tags":null,"twitter_use_og":true,"twitter_card":"default","twitter_image_type":"default","twitter_image_url":null,"twitter_image_custom_url":null,"twitter_image_custom_fields":null,"twitter_title":null,"twitter_description":null,"schema":{"blockGraphs":[],"customGraphs":[],"default":{"data":{"Article":[],"Course":[],"Dataset":[],"FAQPage":[],"Movie":[],"Person":[],"Product":[],"ProductReview":[],"Car":[],"Recipe":[],"Service":[],"SoftwareApplication":[],"WebPage":[]},"graphName":"","isEnabled":true},"graphs":[],"defaultGraph":"","defaultPostTypeGraph":""},"schema_type":null,"schema_type_options":null,"pillar_content":false,"robots_default":true,"robots_noindex":false,"robots_noarchive":false,"robots_nosnippet":false,"robots_nofollow":false,"robots_noimageindex":false,"robots_noodp":false,"robots_notranslate":false,"robots_max_snippet":null,"robots_max_videopreview":null,"robots_max_imagepreview":"none","priority":null,"frequency":null,"local_seo":null,"seo_analyzer_scan_date":"2026-05-29 17:07:04","breadcrumb_settings":null,"limit_modified_date":false,"open_ai":null,"ai":null,"created":"2020-11-14 22:45:11","updated":"2026-05-29 17:07:04","focus_keyword":null,"additional_keywords":null,"truseo_locale":null},"aioseo_breadcrumb":"<div class=\"aioseo-breadcrumbs\"><span class=\"aioseo-breadcrumb\">\n\t<a href=\"https:\/\/www.eldigitaldeasturias.com\/noticias\" title=\"Home\">Home<\/a>\n<\/span><span class=\"aioseo-breadcrumb-separator\">\u2013<\/span><span class=\"aioseo-breadcrumb\">\n\t<a href=\"https:\/\/www.eldigitaldeasturias.com\/noticias\/category\/sociedad\/\" title=\"Sociedad\">Sociedad<\/a>\n<\/span><span class=\"aioseo-breadcrumb-separator\">\u2013<\/span><span class=\"aioseo-breadcrumb\">\n\t<a href=\"https:\/\/www.eldigitaldeasturias.com\/noticias\/los-globos-del-desfile-de-accion-de-gracias-en-peligro-por-el-viento\/\" title=\"Los globos del desfile de Acci\u00f3n de Gracias en peligro por el viento\">Los globos del desfile de Acci\u00f3n de Gracias en peligro por el viento<\/a>\n<\/span><\/div>","aioseo_breadcrumb_json":[{"label":"Home","link":"https:\/\/www.eldigitaldeasturias.com\/noticias"},{"label":"Sociedad","link":"https:\/\/www.eldigitaldeasturias.com\/noticias\/category\/sociedad\/"},{"label":"Los globos del desfile de Acci\u00f3n de Gracias en peligro por el viento","link":"https:\/\/www.eldigitaldeasturias.com\/noticias\/los-globos-del-desfile-de-accion-de-gracias-en-peligro-por-el-viento\/"}],"_links":{"self":[{"href":"https:\/\/www.eldigitaldeasturias.com\/noticias\/wp-json\/wp\/v2\/posts\/455108","targetHints":{"allow":["GET"]}}],"collection":[{"href":"https:\/\/www.eldigitaldeasturias.com\/noticias\/wp-json\/wp\/v2\/posts"}],"about":[{"href":"https:\/\/www.eldigitaldeasturias.com\/noticias\/wp-json\/wp\/v2\/types\/post"}],"author":[{"embeddable":true,"href":"https:\/\/www.eldigitaldeasturias.com\/noticias\/wp-json\/wp\/v2\/users\/1"}],"replies":[{"embeddable":true,"href":"https:\/\/www.eldigitaldeasturias.com\/noticias\/wp-json\/wp\/v2\/comments?post=455108"}],"version-history":[{"count":0,"href":"https:\/\/www.eldigitaldeasturias.com\/noticias\/wp-json\/wp\/v2\/posts\/455108\/revisions"}],"wp:attachment":[{"href":"https:\/\/www.eldigitaldeasturias.com\/noticias\/wp-json\/wp\/v2\/media?parent=455108"}],"wp:term":[{"taxonomy":"category","embeddable":true,"href":"https:\/\/www.eldigitaldeasturias.com\/noticias\/wp-json\/wp\/v2\/categories?post=455108"},{"taxonomy":"post_tag","embeddable":true,"href":"https:\/\/www.eldigitaldeasturias.com\/noticias\/wp-json\/wp\/v2\/tags?post=455108"}],"curies":[{"name":"wp","href":"https:\/\/api.w.org\/{rel}","templated":true}]}}