{"id":455101,"date":"2013-11-27T23:51:34","date_gmt":"2013-11-28T00:51:34","guid":{"rendered":"http:\/\/www.eldigitaldeasturias.com\/noticias\/?p=455101"},"modified":"2013-11-27T23:51:34","modified_gmt":"2013-11-28T00:51:34","slug":"el-asesino-y-terrorista-jose-gabriel-zabala-erasun-sale-de-la-prision-de-villabona","status":"publish","type":"post","link":"https:\/\/www.eldigitaldeasturias.com\/noticias\/el-asesino-y-terrorista-jose-gabriel-zabala-erasun-sale-de-la-prision-de-villabona\/","title":{"rendered":"El asesino y terrorista Jos\u00e9 Gabriel Zabala Erasun, sale de la prisi\u00f3n de Villabona"},"content":{"rendered":"<p><img loading=\"lazy\" decoding=\"async\" class=\"alignleft size-medium wp-image-455102\" alt=\"5757782w\" src=\"https:\/\/www.eldigitaldeasturias.com\/noticias\/wp-content\/uploads\/2013\/11\/5757782w-360x249.jpg\" width=\"360\" height=\"249\" \/>Villabona (Asturias), 27 nov (EFE).- El etarra Jos\u00e9 Gabriel Zabala Erasun, condenado a casi 2.900 a\u00f1os de prisi\u00f3n por haber cooperado en varios atentados con coche bomba en los que murieron una veintena de personas, ha salido esta tarde de la prisi\u00f3n de Villabona (Asturias).<\/p>\n<p>Zabala ha salido sobre las 17:45 horas de la prisi\u00f3n asturiana, en cuyo exterior le esperaba un grupo de unas diez personas con varios veh\u00edculos en uno de los cuales ha abandonado el penal.<\/p>\n<p>Entre los atentados con coche bomba por los que fue condenado figuran los cometidos en 1992 y 1993 en Madrid en la calles Joaqu\u00edn Costa y L\u00f3pez de Hoyos y en la plaza de la Cruz Verde, en los que murieron 17 militares y dos civiles, y el que caus\u00f3 la muerte de tres personas en 1992 en Santander.<\/p>\n<p>Zabala, detenido en 1993, pertenec\u00eda desde 1980 al llamado comando \u00abrobacoches\u00bb, dedicado a sustraer veh\u00edculos, cargarlos de explosivos y trasladarlos a ciudades para la comisi\u00f3n de atentados.<\/p>\n<p>La Audiencia Nacional le conden\u00f3 en 1995 a penas que sumaban 136 a\u00f1os por robar, junto con su compa\u00f1ero de comando Gonzalo Rodr\u00edguez Cordero, y cargar de explosivos un autom\u00f3vil que posteriormente hizo explosi\u00f3n en Muchamiel (Alicante) y caus\u00f3 la muerte a tres personas y heridas a cuatro m\u00e1s, en 1991.<\/p>\n<p>En febrero de 1996 fue condenado a otros 930 a\u00f1os por participar en el atentado cometido en 1993 contra una furgoneta militar en la calle Joaqu\u00edn Costa de Madrid, en el que murieron siete militares.<\/p>\n<p>En noviembre de ese mismo a\u00f1o fue sentenciado a otros 1.170 a\u00f1os por el atentado con coche bomba de 1988 contra la Direcci\u00f3n General de la Guardia Civil en Madrid, en el que murieron otras dos personas y otras 87 resultaron heridas.<\/p>\n<p>Zabala sum\u00f3 otros 162 a\u00f1os de prisi\u00f3n en 1998 por una nueva condena por el atentado perpetrado en 1992 en Santander en el que murieron tres personas y resultaron heridas veintiuna.<\/p>\n<p>Asimismo, por el atentado cometido en 6 de febrero de 1992 en la plaza de la Cruz Verde, en Madrid, en el que murieron cuatro militares y un civil, fue condenado a otros 462 a\u00f1os.<\/p>\n<p>Zabala tambi\u00e9n fue condenado en marzo de 2000 a 38 a\u00f1os de c\u00e1rcel por robar nueve coches para ETA entre 1989 y 1993.<\/p>\n","protected":false},"excerpt":{"rendered":"<p>Villabona (Asturias), 27 nov (EFE).- El etarra Jos\u00e9 Gabriel Zabala Erasun, condenado a casi 2.900 a\u00f1os de prisi\u00f3n por haber cooperado en varios atentados con coche bomba en los que murieron una veintena de personas, ha salido esta tarde de la prisi\u00f3n de Villabona (Asturias). Zabala ha salido sobre las 17:45 horas de la prisi\u00f3n [&hellip;]<\/p>\n","protected":false},"author":1,"featured_media":455102,"comment_status":"open","ping_status":"open","sticky":false,"template":"","format":"standard","meta":{"footnotes":""},"categories":[12,5],"tags":[],"class_list":["post-455101","post","type-post","status-publish","format-standard","has-post-thumbnail","hentry","category-actualidad-asturias","category-sucesos"],"aioseo_notices":[],"aioseo_head":"\n\t\t<!-- All in One SEO Pro 5.0.1 - aioseo.com -->\n\t<meta name=\"description\" content=\"Villabona (Asturias), 27 nov (EFE).- El etarra Jos\u00e9 Gabriel Zabala Erasun, condenado a casi 2.900 a\u00f1os de prisi\u00f3n por haber cooperado en varios atentados con coche bomba en los que murieron una veintena de personas, ha salido esta tarde de la prisi\u00f3n de Villabona (Asturias). Zabala ha salido sobre las 17:45 horas de la prisi\u00f3n\" \/>\n\t<meta name=\"robots\" content=\"max-image-preview:large\" \/>\n\t<meta name=\"author\" content=\"El Digital de Asturias\"\/>\n\t<meta name=\"google-site-verification\" content=\"UA-38556648-1\" \/>\n\t<meta name=\"msvalidate.01\" content=\"7dfe9f3f1b24437ab69f4f2559babe99\" \/>\n\t<meta name=\"keywords\" content=\"actualidad asturias,sucesos\" \/>\n\t<link rel=\"canonical\" href=\"https:\/\/www.eldigitaldeasturias.com\/noticias\/el-asesino-y-terrorista-jose-gabriel-zabala-erasun-sale-de-la-prision-de-villabona\/\" \/>\n\t<meta name=\"generator\" content=\"All in One SEO Pro (AIOSEO) 5.0.1\" \/>\n\t\t<meta property=\"og:locale\" content=\"es_ES\" \/>\n\t\t<meta property=\"og:site_name\" content=\"El Digital de Asturias\" \/>\n\t\t<meta property=\"og:type\" content=\"article\" \/>\n\t\t<meta property=\"og:title\" content=\"El asesino y terrorista Jos\u00e9 Gabriel Zabala Erasun, sale de la prisi\u00f3n de Villabona - El Digital de Asturias\" \/>\n\t\t<meta property=\"og:description\" content=\"Villabona (Asturias), 27 nov (EFE).- El etarra Jos\u00e9 Gabriel Zabala Erasun, condenado a casi 2.900 a\u00f1os de prisi\u00f3n por haber cooperado en varios atentados con coche bomba en los que murieron una veintena de personas, ha salido esta tarde de la prisi\u00f3n de Villabona (Asturias). Zabala ha salido sobre las 17:45 horas de la prisi\u00f3n\" \/>\n\t\t<meta property=\"og:url\" content=\"https:\/\/www.eldigitaldeasturias.com\/noticias\/el-asesino-y-terrorista-jose-gabriel-zabala-erasun-sale-de-la-prision-de-villabona\/\" \/>\n\t\t<meta property=\"article:tag\" content=\"actualidad asturias\" \/>\n\t\t<meta property=\"article:tag\" content=\"sucesos\" \/>\n\t\t<meta property=\"article:published_time\" content=\"2013-11-28T00:51:34+00:00\" \/>\n\t\t<meta property=\"article:modified_time\" content=\"2013-11-28T00:51:34+00:00\" \/>\n\t\t<meta property=\"article:publisher\" content=\"https:\/\/facebook.com\/eldigitaldeasturias\" \/>\n\t\t<meta name=\"twitter:card\" content=\"summary_large_image\" \/>\n\t\t<meta name=\"twitter:title\" content=\"El asesino y terrorista Jos\u00e9 Gabriel Zabala Erasun, sale de la prisi\u00f3n de Villabona - El Digital de Asturias\" \/>\n\t\t<meta name=\"twitter:description\" content=\"Villabona (Asturias), 27 nov (EFE).- El etarra Jos\u00e9 Gabriel Zabala Erasun, condenado a casi 2.900 a\u00f1os de prisi\u00f3n por haber cooperado en varios atentados con coche bomba en los que murieron una veintena de personas, ha salido esta tarde de la prisi\u00f3n de Villabona (Asturias). Zabala ha salido sobre las 17:45 horas de la prisi\u00f3n\" \/>\n\t\t<meta name=\"twitter:label1\" content=\"Escrito por\" \/>\n\t\t<meta name=\"twitter:data1\" content=\"El Digital de Asturias\" \/>\n\t\t<meta name=\"twitter:label2\" content=\"Tiempo de lectura estimado\" \/>\n\t\t<meta name=\"twitter:data2\" content=\"2 minutos\" \/>\n\t\t<script type=\"application\/ld+json\" class=\"aioseo-schema\">\n\t\t\t{\"@context\":\"https:\\\/\\\/schema.org\",\"@graph\":[{\"@type\":\"BlogPosting\",\"@id\":\"https:\\\/\\\/www.eldigitaldeasturias.com\\\/noticias\\\/el-asesino-y-terrorista-jose-gabriel-zabala-erasun-sale-de-la-prision-de-villabona\\\/#blogposting\",\"name\":\"El asesino y terrorista Jos\\u00e9 Gabriel Zabala Erasun, sale de la prisi\\u00f3n de Villabona - El Digital de Asturias\",\"headline\":\"El asesino y terrorista Jos\\u00e9 Gabriel Zabala Erasun, sale de la prisi\\u00f3n de Villabona\",\"author\":{\"@id\":\"https:\\\/\\\/www.eldigitaldeasturias.com\\\/noticias\\\/author\\\/admin\\\/#author\"},\"publisher\":{\"@id\":\"https:\\\/\\\/www.eldigitaldeasturias.com\\\/noticias\\\/#organization\"},\"image\":{\"@type\":\"ImageObject\",\"url\":455102},\"datePublished\":\"2013-11-27T23:51:34+01:00\",\"dateModified\":\"2013-11-27T23:51:34+01:00\",\"inLanguage\":\"es-ES\",\"mainEntityOfPage\":{\"@id\":\"https:\\\/\\\/www.eldigitaldeasturias.com\\\/noticias\\\/el-asesino-y-terrorista-jose-gabriel-zabala-erasun-sale-de-la-prision-de-villabona\\\/#webpage\"},\"isPartOf\":{\"@id\":\"https:\\\/\\\/www.eldigitaldeasturias.com\\\/noticias\\\/el-asesino-y-terrorista-jose-gabriel-zabala-erasun-sale-de-la-prision-de-villabona\\\/#webpage\"},\"articleSection\":\"Actualidad Asturias, Sucesos\"},{\"@type\":\"BreadcrumbList\",\"@id\":\"https:\\\/\\\/www.eldigitaldeasturias.com\\\/noticias\\\/el-asesino-y-terrorista-jose-gabriel-zabala-erasun-sale-de-la-prision-de-villabona\\\/#breadcrumblist\",\"itemListElement\":[{\"@type\":\"ListItem\",\"@id\":\"https:\\\/\\\/www.eldigitaldeasturias.com\\\/noticias#listItem\",\"position\":1,\"name\":\"Home\",\"item\":\"https:\\\/\\\/www.eldigitaldeasturias.com\\\/noticias\",\"nextItem\":{\"@type\":\"ListItem\",\"@id\":\"https:\\\/\\\/www.eldigitaldeasturias.com\\\/noticias\\\/category\\\/sucesos\\\/#listItem\",\"name\":\"Sucesos\"}},{\"@type\":\"ListItem\",\"@id\":\"https:\\\/\\\/www.eldigitaldeasturias.com\\\/noticias\\\/category\\\/sucesos\\\/#listItem\",\"position\":2,\"name\":\"Sucesos\",\"item\":\"https:\\\/\\\/www.eldigitaldeasturias.com\\\/noticias\\\/category\\\/sucesos\\\/\",\"nextItem\":{\"@type\":\"ListItem\",\"@id\":\"https:\\\/\\\/www.eldigitaldeasturias.com\\\/noticias\\\/el-asesino-y-terrorista-jose-gabriel-zabala-erasun-sale-de-la-prision-de-villabona\\\/#listItem\",\"name\":\"El asesino y terrorista Jos\\u00e9 Gabriel Zabala Erasun, sale de la prisi\\u00f3n de Villabona\"},\"previousItem\":{\"@type\":\"ListItem\",\"@id\":\"https:\\\/\\\/www.eldigitaldeasturias.com\\\/noticias#listItem\",\"name\":\"Home\"}},{\"@type\":\"ListItem\",\"@id\":\"https:\\\/\\\/www.eldigitaldeasturias.com\\\/noticias\\\/el-asesino-y-terrorista-jose-gabriel-zabala-erasun-sale-de-la-prision-de-villabona\\\/#listItem\",\"position\":3,\"name\":\"El asesino y terrorista Jos\\u00e9 Gabriel Zabala Erasun, sale de la prisi\\u00f3n de Villabona\",\"previousItem\":{\"@type\":\"ListItem\",\"@id\":\"https:\\\/\\\/www.eldigitaldeasturias.com\\\/noticias\\\/category\\\/sucesos\\\/#listItem\",\"name\":\"Sucesos\"}}]},{\"@type\":\"Organization\",\"@id\":\"https:\\\/\\\/www.eldigitaldeasturias.com\\\/noticias\\\/#organization\",\"name\":\"El Digital de Asturias\",\"description\":\"Hemeroteca\",\"url\":\"https:\\\/\\\/www.eldigitaldeasturias.com\\\/noticias\\\/\",\"email\":\"info@eldigitaldeasturias.com\",\"telephone\":\"+34652131393\",\"logo\":{\"@type\":\"ImageObject\",\"url\":\"https:\\\/\\\/www.eldigitaldeasturias.com\\\/noticias\\\/wp-content\\\/uploads\\\/2020\\\/12\\\/EDA.jpg\",\"@id\":\"https:\\\/\\\/www.eldigitaldeasturias.com\\\/noticias\\\/el-asesino-y-terrorista-jose-gabriel-zabala-erasun-sale-de-la-prision-de-villabona\\\/#organizationLogo\"},\"image\":{\"@id\":\"https:\\\/\\\/www.eldigitaldeasturias.com\\\/noticias\\\/el-asesino-y-terrorista-jose-gabriel-zabala-erasun-sale-de-la-prision-de-villabona\\\/#organizationLogo\"},\"sameAs\":[\"https:\\\/\\\/facebook.com\\\/eldigitaldeasturias\",\"https:\\\/\\\/www.youtube.com\\\/channel\\\/UCZP-2wLEB9Rv6erhFmqVnvg\"],\"address\":{\"@id\":\"https:\\\/\\\/www.eldigitaldeasturias.com\\\/noticias\\\/#postaladdress\",\"@type\":\"PostalAddress\",\"streetAddress\":\"san antonio 4\",\"postalCode\":\"33430\",\"addressLocality\":\"Cand\\u00e1s\",\"addressRegion\":\"Asturias\",\"addressCountry\":\"ES\"}},{\"@type\":\"Person\",\"@id\":\"https:\\\/\\\/www.eldigitaldeasturias.com\\\/noticias\\\/author\\\/admin\\\/#author\",\"url\":\"https:\\\/\\\/www.eldigitaldeasturias.com\\\/noticias\\\/author\\\/admin\\\/\",\"name\":\"El Digital de Asturias\",\"image\":{\"@type\":\"ImageObject\",\"@id\":\"https:\\\/\\\/www.eldigitaldeasturias.com\\\/noticias\\\/el-asesino-y-terrorista-jose-gabriel-zabala-erasun-sale-de-la-prision-de-villabona\\\/#authorImage\",\"url\":\"https:\\\/\\\/secure.gravatar.com\\\/avatar\\\/df2aeffc32bcd13f8d26072ef8a91b623d677766deac7f97ca815868cd41bf5e?s=96&d=mm&r=g\",\"width\":96,\"height\":96,\"caption\":\"El Digital de Asturias\"}},{\"@type\":\"WebPage\",\"@id\":\"https:\\\/\\\/www.eldigitaldeasturias.com\\\/noticias\\\/el-asesino-y-terrorista-jose-gabriel-zabala-erasun-sale-de-la-prision-de-villabona\\\/#webpage\",\"url\":\"https:\\\/\\\/www.eldigitaldeasturias.com\\\/noticias\\\/el-asesino-y-terrorista-jose-gabriel-zabala-erasun-sale-de-la-prision-de-villabona\\\/\",\"name\":\"El asesino y terrorista Jos\\u00e9 Gabriel Zabala Erasun, sale de la prisi\\u00f3n de Villabona - El Digital de Asturias\",\"description\":\"Villabona (Asturias), 27 nov (EFE).- El etarra Jos\\u00e9 Gabriel Zabala Erasun, condenado a casi 2.900 a\\u00f1os de prisi\\u00f3n por haber cooperado en varios atentados con coche bomba en los que murieron una veintena de personas, ha salido esta tarde de la prisi\\u00f3n de Villabona (Asturias). Zabala ha salido sobre las 17:45 horas de la prisi\\u00f3n\",\"inLanguage\":\"es-ES\",\"isPartOf\":{\"@id\":\"https:\\\/\\\/www.eldigitaldeasturias.com\\\/noticias\\\/#website\"},\"breadcrumb\":{\"@id\":\"https:\\\/\\\/www.eldigitaldeasturias.com\\\/noticias\\\/el-asesino-y-terrorista-jose-gabriel-zabala-erasun-sale-de-la-prision-de-villabona\\\/#breadcrumblist\"},\"author\":{\"@id\":\"https:\\\/\\\/www.eldigitaldeasturias.com\\\/noticias\\\/author\\\/admin\\\/#author\"},\"creator\":{\"@id\":\"https:\\\/\\\/www.eldigitaldeasturias.com\\\/noticias\\\/author\\\/admin\\\/#author\"},\"image\":{\"@type\":\"ImageObject\",\"url\":455102,\"@id\":\"https:\\\/\\\/www.eldigitaldeasturias.com\\\/noticias\\\/el-asesino-y-terrorista-jose-gabriel-zabala-erasun-sale-de-la-prision-de-villabona\\\/#mainImage\"},\"primaryImageOfPage\":{\"@id\":\"https:\\\/\\\/www.eldigitaldeasturias.com\\\/noticias\\\/el-asesino-y-terrorista-jose-gabriel-zabala-erasun-sale-de-la-prision-de-villabona\\\/#mainImage\"},\"datePublished\":\"2013-11-27T23:51:34+01:00\",\"dateModified\":\"2013-11-27T23:51:34+01:00\"},{\"@type\":\"WebSite\",\"@id\":\"https:\\\/\\\/www.eldigitaldeasturias.com\\\/noticias\\\/#website\",\"url\":\"https:\\\/\\\/www.eldigitaldeasturias.com\\\/noticias\\\/\",\"name\":\"El Digital de Asturias - Diario de actualidad y noticias\",\"alternateName\":\"El Digital de Asturias - Diario de actualidad y noticias\",\"description\":\"Hemeroteca\",\"inLanguage\":\"es-ES\",\"publisher\":{\"@id\":\"https:\\\/\\\/www.eldigitaldeasturias.com\\\/noticias\\\/#organization\"}}]}\n\t\t<\/script>\n\t\t<!-- All in One SEO Pro -->\r\n\t\t<title>El asesino y terrorista Jos\u00e9 Gabriel Zabala Erasun, sale de la prisi\u00f3n de Villabona - El Digital de Asturias<\/title>\n\n","aioseo_head_json":{"title":"El asesino y terrorista Jos\u00e9 Gabriel Zabala Erasun, sale de la prisi\u00f3n de Villabona - El Digital de Asturias","description":"Villabona (Asturias), 27 nov (EFE).- El etarra Jos\u00e9 Gabriel Zabala Erasun, condenado a casi 2.900 a\u00f1os de prisi\u00f3n por haber cooperado en varios atentados con coche bomba en los que murieron una veintena de personas, ha salido esta tarde de la prisi\u00f3n de Villabona (Asturias). Zabala ha salido sobre las 17:45 horas de la prisi\u00f3n","canonical_url":"https:\/\/www.eldigitaldeasturias.com\/noticias\/el-asesino-y-terrorista-jose-gabriel-zabala-erasun-sale-de-la-prision-de-villabona\/","robots":"max-image-preview:large","keywords":"actualidad asturias,sucesos","webmasterTools":{"google-site-verification":"UA-38556648-1","msvalidate.01":"7dfe9f3f1b24437ab69f4f2559babe99","miscellaneous":""},"schema":{"@context":"https:\/\/schema.org","@graph":[{"@type":"BlogPosting","@id":"https:\/\/www.eldigitaldeasturias.com\/noticias\/el-asesino-y-terrorista-jose-gabriel-zabala-erasun-sale-de-la-prision-de-villabona\/#blogposting","name":"El asesino y terrorista Jos\u00e9 Gabriel Zabala Erasun, sale de la prisi\u00f3n de Villabona - El Digital de Asturias","headline":"El asesino y terrorista Jos\u00e9 Gabriel Zabala Erasun, sale de la prisi\u00f3n de Villabona","author":{"@id":"https:\/\/www.eldigitaldeasturias.com\/noticias\/author\/admin\/#author"},"publisher":{"@id":"https:\/\/www.eldigitaldeasturias.com\/noticias\/#organization"},"image":{"@type":"ImageObject","url":455102},"datePublished":"2013-11-27T23:51:34+01:00","dateModified":"2013-11-27T23:51:34+01:00","inLanguage":"es-ES","mainEntityOfPage":{"@id":"https:\/\/www.eldigitaldeasturias.com\/noticias\/el-asesino-y-terrorista-jose-gabriel-zabala-erasun-sale-de-la-prision-de-villabona\/#webpage"},"isPartOf":{"@id":"https:\/\/www.eldigitaldeasturias.com\/noticias\/el-asesino-y-terrorista-jose-gabriel-zabala-erasun-sale-de-la-prision-de-villabona\/#webpage"},"articleSection":"Actualidad Asturias, Sucesos"},{"@type":"BreadcrumbList","@id":"https:\/\/www.eldigitaldeasturias.com\/noticias\/el-asesino-y-terrorista-jose-gabriel-zabala-erasun-sale-de-la-prision-de-villabona\/#breadcrumblist","itemListElement":[{"@type":"ListItem","@id":"https:\/\/www.eldigitaldeasturias.com\/noticias#listItem","position":1,"name":"Home","item":"https:\/\/www.eldigitaldeasturias.com\/noticias","nextItem":{"@type":"ListItem","@id":"https:\/\/www.eldigitaldeasturias.com\/noticias\/category\/sucesos\/#listItem","name":"Sucesos"}},{"@type":"ListItem","@id":"https:\/\/www.eldigitaldeasturias.com\/noticias\/category\/sucesos\/#listItem","position":2,"name":"Sucesos","item":"https:\/\/www.eldigitaldeasturias.com\/noticias\/category\/sucesos\/","nextItem":{"@type":"ListItem","@id":"https:\/\/www.eldigitaldeasturias.com\/noticias\/el-asesino-y-terrorista-jose-gabriel-zabala-erasun-sale-de-la-prision-de-villabona\/#listItem","name":"El asesino y terrorista Jos\u00e9 Gabriel Zabala Erasun, sale de la prisi\u00f3n de Villabona"},"previousItem":{"@type":"ListItem","@id":"https:\/\/www.eldigitaldeasturias.com\/noticias#listItem","name":"Home"}},{"@type":"ListItem","@id":"https:\/\/www.eldigitaldeasturias.com\/noticias\/el-asesino-y-terrorista-jose-gabriel-zabala-erasun-sale-de-la-prision-de-villabona\/#listItem","position":3,"name":"El asesino y terrorista Jos\u00e9 Gabriel Zabala Erasun, sale de la prisi\u00f3n de Villabona","previousItem":{"@type":"ListItem","@id":"https:\/\/www.eldigitaldeasturias.com\/noticias\/category\/sucesos\/#listItem","name":"Sucesos"}}]},{"@type":"Organization","@id":"https:\/\/www.eldigitaldeasturias.com\/noticias\/#organization","name":"El Digital de Asturias","description":"Hemeroteca","url":"https:\/\/www.eldigitaldeasturias.com\/noticias\/","email":"info@eldigitaldeasturias.com","telephone":"+34652131393","logo":{"@type":"ImageObject","url":"https:\/\/www.eldigitaldeasturias.com\/noticias\/wp-content\/uploads\/2020\/12\/EDA.jpg","@id":"https:\/\/www.eldigitaldeasturias.com\/noticias\/el-asesino-y-terrorista-jose-gabriel-zabala-erasun-sale-de-la-prision-de-villabona\/#organizationLogo"},"image":{"@id":"https:\/\/www.eldigitaldeasturias.com\/noticias\/el-asesino-y-terrorista-jose-gabriel-zabala-erasun-sale-de-la-prision-de-villabona\/#organizationLogo"},"sameAs":["https:\/\/facebook.com\/eldigitaldeasturias","https:\/\/www.youtube.com\/channel\/UCZP-2wLEB9Rv6erhFmqVnvg"],"address":{"@id":"https:\/\/www.eldigitaldeasturias.com\/noticias\/#postaladdress","@type":"PostalAddress","streetAddress":"san antonio 4","postalCode":"33430","addressLocality":"Cand\u00e1s","addressRegion":"Asturias","addressCountry":"ES"}},{"@type":"Person","@id":"https:\/\/www.eldigitaldeasturias.com\/noticias\/author\/admin\/#author","url":"https:\/\/www.eldigitaldeasturias.com\/noticias\/author\/admin\/","name":"El Digital de Asturias","image":{"@type":"ImageObject","@id":"https:\/\/www.eldigitaldeasturias.com\/noticias\/el-asesino-y-terrorista-jose-gabriel-zabala-erasun-sale-de-la-prision-de-villabona\/#authorImage","url":"https:\/\/secure.gravatar.com\/avatar\/df2aeffc32bcd13f8d26072ef8a91b623d677766deac7f97ca815868cd41bf5e?s=96&d=mm&r=g","width":96,"height":96,"caption":"El Digital de Asturias"}},{"@type":"WebPage","@id":"https:\/\/www.eldigitaldeasturias.com\/noticias\/el-asesino-y-terrorista-jose-gabriel-zabala-erasun-sale-de-la-prision-de-villabona\/#webpage","url":"https:\/\/www.eldigitaldeasturias.com\/noticias\/el-asesino-y-terrorista-jose-gabriel-zabala-erasun-sale-de-la-prision-de-villabona\/","name":"El asesino y terrorista Jos\u00e9 Gabriel Zabala Erasun, sale de la prisi\u00f3n de Villabona - El Digital de Asturias","description":"Villabona (Asturias), 27 nov (EFE).- El etarra Jos\u00e9 Gabriel Zabala Erasun, condenado a casi 2.900 a\u00f1os de prisi\u00f3n por haber cooperado en varios atentados con coche bomba en los que murieron una veintena de personas, ha salido esta tarde de la prisi\u00f3n de Villabona (Asturias). Zabala ha salido sobre las 17:45 horas de la prisi\u00f3n","inLanguage":"es-ES","isPartOf":{"@id":"https:\/\/www.eldigitaldeasturias.com\/noticias\/#website"},"breadcrumb":{"@id":"https:\/\/www.eldigitaldeasturias.com\/noticias\/el-asesino-y-terrorista-jose-gabriel-zabala-erasun-sale-de-la-prision-de-villabona\/#breadcrumblist"},"author":{"@id":"https:\/\/www.eldigitaldeasturias.com\/noticias\/author\/admin\/#author"},"creator":{"@id":"https:\/\/www.eldigitaldeasturias.com\/noticias\/author\/admin\/#author"},"image":{"@type":"ImageObject","url":455102,"@id":"https:\/\/www.eldigitaldeasturias.com\/noticias\/el-asesino-y-terrorista-jose-gabriel-zabala-erasun-sale-de-la-prision-de-villabona\/#mainImage"},"primaryImageOfPage":{"@id":"https:\/\/www.eldigitaldeasturias.com\/noticias\/el-asesino-y-terrorista-jose-gabriel-zabala-erasun-sale-de-la-prision-de-villabona\/#mainImage"},"datePublished":"2013-11-27T23:51:34+01:00","dateModified":"2013-11-27T23:51:34+01:00"},{"@type":"WebSite","@id":"https:\/\/www.eldigitaldeasturias.com\/noticias\/#website","url":"https:\/\/www.eldigitaldeasturias.com\/noticias\/","name":"El Digital de Asturias - Diario de actualidad y noticias","alternateName":"El Digital de Asturias - Diario de actualidad y noticias","description":"Hemeroteca","inLanguage":"es-ES","publisher":{"@id":"https:\/\/www.eldigitaldeasturias.com\/noticias\/#organization"}}]},"og:locale":"es_ES","og:site_name":"El Digital de Asturias","og:type":"article","og:title":"El asesino y terrorista Jos\u00e9 Gabriel Zabala Erasun, sale de la prisi\u00f3n de Villabona - El Digital de Asturias","og:description":"Villabona (Asturias), 27 nov (EFE).- El etarra Jos\u00e9 Gabriel Zabala Erasun, condenado a casi 2.900 a\u00f1os de prisi\u00f3n por haber cooperado en varios atentados con coche bomba en los que murieron una veintena de personas, ha salido esta tarde de la prisi\u00f3n de Villabona (Asturias). Zabala ha salido sobre las 17:45 horas de la prisi\u00f3n","og:url":"https:\/\/www.eldigitaldeasturias.com\/noticias\/el-asesino-y-terrorista-jose-gabriel-zabala-erasun-sale-de-la-prision-de-villabona\/","article:tag":["actualidad asturias","sucesos"],"article:published_time":"2013-11-28T00:51:34+00:00","article:modified_time":"2013-11-28T00:51:34+00:00","article:publisher":"https:\/\/facebook.com\/eldigitaldeasturias","twitter:card":"summary_large_image","twitter:title":"El asesino y terrorista Jos\u00e9 Gabriel Zabala Erasun, sale de la prisi\u00f3n de Villabona - El Digital de Asturias","twitter:description":"Villabona (Asturias), 27 nov (EFE).- El etarra Jos\u00e9 Gabriel Zabala Erasun, condenado a casi 2.900 a\u00f1os de prisi\u00f3n por haber cooperado en varios atentados con coche bomba en los que murieron una veintena de personas, ha salido esta tarde de la prisi\u00f3n de Villabona (Asturias). Zabala ha salido sobre las 17:45 horas de la prisi\u00f3n","twitter:label1":"Escrito por","twitter:data1":"El Digital de Asturias","twitter:label2":"Tiempo de lectura estimado","twitter:data2":"2 minutos"},"aioseo_meta_data":{"post_id":"455101","title":null,"description":null,"keywords":null,"keyphrases":null,"primary_term":null,"canonical_url":null,"og_title":null,"og_description":null,"og_object_type":"default","og_image_type":"default","og_image_url":null,"og_image_width":null,"og_image_height":null,"og_image_custom_url":null,"og_image_custom_fields":null,"og_video":null,"og_custom_url":null,"og_article_section":null,"og_article_tags":null,"twitter_use_og":true,"twitter_card":"default","twitter_image_type":"default","twitter_image_url":null,"twitter_image_custom_url":null,"twitter_image_custom_fields":null,"twitter_title":null,"twitter_description":null,"schema":{"blockGraphs":[],"customGraphs":[],"default":{"data":{"Article":[],"Course":[],"Dataset":[],"FAQPage":[],"Movie":[],"Person":[],"Product":[],"ProductReview":[],"Car":[],"Recipe":[],"Service":[],"SoftwareApplication":[],"WebPage":[]},"graphName":"","isEnabled":true},"graphs":[],"defaultGraph":"","defaultPostTypeGraph":""},"schema_type":null,"schema_type_options":null,"pillar_content":false,"robots_default":true,"robots_noindex":false,"robots_noarchive":false,"robots_nosnippet":false,"robots_nofollow":false,"robots_noimageindex":false,"robots_noodp":false,"robots_notranslate":false,"robots_max_snippet":null,"robots_max_videopreview":null,"robots_max_imagepreview":"none","priority":null,"frequency":null,"local_seo":null,"seo_analyzer_scan_date":"2026-05-29 17:07:03","breadcrumb_settings":null,"limit_modified_date":false,"open_ai":null,"ai":null,"created":"2020-11-14 22:45:11","updated":"2026-05-29 17:07:03","focus_keyword":null,"additional_keywords":null,"truseo_locale":null},"aioseo_breadcrumb":"<div class=\"aioseo-breadcrumbs\"><span class=\"aioseo-breadcrumb\">\n\t<a href=\"https:\/\/www.eldigitaldeasturias.com\/noticias\" title=\"Home\">Home<\/a>\n<\/span><span class=\"aioseo-breadcrumb-separator\">\u2013<\/span><span class=\"aioseo-breadcrumb\">\n\t<a href=\"https:\/\/www.eldigitaldeasturias.com\/noticias\/category\/sucesos\/\" title=\"Sucesos\">Sucesos<\/a>\n<\/span><span class=\"aioseo-breadcrumb-separator\">\u2013<\/span><span class=\"aioseo-breadcrumb\">\n\t<a href=\"https:\/\/www.eldigitaldeasturias.com\/noticias\/el-asesino-y-terrorista-jose-gabriel-zabala-erasun-sale-de-la-prision-de-villabona\/\" title=\"El asesino y terrorista Jos\u00e9 Gabriel Zabala Erasun, sale de la prisi\u00f3n de Villabona\">El asesino y terrorista Jos\u00e9 Gabriel Zabala Erasun, sale de la prisi\u00f3n de Villabona<\/a>\n<\/span><\/div>","aioseo_breadcrumb_json":[{"label":"Home","link":"https:\/\/www.eldigitaldeasturias.com\/noticias"},{"label":"Sucesos","link":"https:\/\/www.eldigitaldeasturias.com\/noticias\/category\/sucesos\/"},{"label":"El asesino y terrorista Jos\u00e9 Gabriel Zabala Erasun, sale de la prisi\u00f3n de Villabona","link":"https:\/\/www.eldigitaldeasturias.com\/noticias\/el-asesino-y-terrorista-jose-gabriel-zabala-erasun-sale-de-la-prision-de-villabona\/"}],"_links":{"self":[{"href":"https:\/\/www.eldigitaldeasturias.com\/noticias\/wp-json\/wp\/v2\/posts\/455101","targetHints":{"allow":["GET"]}}],"collection":[{"href":"https:\/\/www.eldigitaldeasturias.com\/noticias\/wp-json\/wp\/v2\/posts"}],"about":[{"href":"https:\/\/www.eldigitaldeasturias.com\/noticias\/wp-json\/wp\/v2\/types\/post"}],"author":[{"embeddable":true,"href":"https:\/\/www.eldigitaldeasturias.com\/noticias\/wp-json\/wp\/v2\/users\/1"}],"replies":[{"embeddable":true,"href":"https:\/\/www.eldigitaldeasturias.com\/noticias\/wp-json\/wp\/v2\/comments?post=455101"}],"version-history":[{"count":0,"href":"https:\/\/www.eldigitaldeasturias.com\/noticias\/wp-json\/wp\/v2\/posts\/455101\/revisions"}],"wp:attachment":[{"href":"https:\/\/www.eldigitaldeasturias.com\/noticias\/wp-json\/wp\/v2\/media?parent=455101"}],"wp:term":[{"taxonomy":"category","embeddable":true,"href":"https:\/\/www.eldigitaldeasturias.com\/noticias\/wp-json\/wp\/v2\/categories?post=455101"},{"taxonomy":"post_tag","embeddable":true,"href":"https:\/\/www.eldigitaldeasturias.com\/noticias\/wp-json\/wp\/v2\/tags?post=455101"}],"curies":[{"name":"wp","href":"https:\/\/api.w.org\/{rel}","templated":true}]}}