{"id":455095,"date":"2013-11-27T23:46:47","date_gmt":"2013-11-28T00:46:47","guid":{"rendered":"http:\/\/www.eldigitaldeasturias.com\/noticias\/?p=455095"},"modified":"2013-11-27T23:46:47","modified_gmt":"2013-11-28T00:46:47","slug":"el-asesino-de-olga-sangrador-sale-de-la-carcel-de-herrera","status":"publish","type":"post","link":"https:\/\/www.eldigitaldeasturias.com\/noticias\/el-asesino-de-olga-sangrador-sale-de-la-carcel-de-herrera\/","title":{"rendered":"El asesino de Olga Sangrador sale de la c\u00e1rcel de Herrera"},"content":{"rendered":"<p><img loading=\"lazy\" decoding=\"async\" class=\"alignleft size-medium wp-image-455096\" alt=\"5757786w\" src=\"https:\/\/www.eldigitaldeasturias.com\/noticias\/wp-content\/uploads\/2013\/11\/5757786w-360x239.jpg\" width=\"360\" height=\"239\" \/>Manzanares (Ciudad Real), 27 nov (EFE).- Juan Manuel Valent\u00edn Tejero, el asesino de la ni\u00f1a Olga Sangrador, ha salido esta tarde, momentos antes de las 17.00 horas, de la prisi\u00f3n de Herrera de La Mancha (Ciudad Real), en donde nadie le esperaba.<\/p>\n<p>Valent\u00edn Tejero condenado en 1992 a 50 a\u00f1os de c\u00e1rcel por la muerte, rapto y violaci\u00f3n de Olga Sangrador, sale de la c\u00e1rcel tras el auto de excarcelaci\u00f3n de la Audiencia Provincial de Valladolid en cumplimiento de la sentencia del Tribunal Europeo de Derechos Humanos (TEDH) que anula la retroactividad de la doctrina Parot.<\/p>\n<p>Tejero, a quien no le esperaba nadie a la salida de prisi\u00f3n, ha llamado un taxi que ha ido a recogerle a las puertas de la c\u00e1rcel.<\/p>\n<p>Valent\u00edn Tejero fue condenado por un delito de rapto a la pena de veinte a\u00f1os de reclusi\u00f3n menor y por un delito de asesinato a treinta a\u00f1os de reclusi\u00f3n menor -resoluci\u00f3n referida a la muerte de la ni\u00f1a Olga Sangrador en Villal\u00f3n de Campos (Valladolid)-, que estableci\u00f3 como l\u00edmite m\u00e1ximo de cumplimiento con arreglo al C\u00f3digo Penal treinta a\u00f1os para ambos delitos.<\/p>\n<p>Con anterioridad, Tejero fue condenado en septiembre de 1983 por esc\u00e1ndalo p\u00fablico a cuatro meses y un d\u00eda de arresto mayor, condena a la que siguieron otras tres por abusos deshonestos -la mayor de las tres a siete a\u00f1os y dos meses de prisi\u00f3n y tres meses de arresto en junio de 1987-.<\/p>\n<p>Tambi\u00e9n fue condenado por violaci\u00f3n a cuatro a\u00f1os de prisi\u00f3n menor y por abusos deshonestos a dos a\u00f1os y cuatro meses de prisi\u00f3n menor en junio de 1988.<\/p>\n","protected":false},"excerpt":{"rendered":"<p>Manzanares (Ciudad Real), 27 nov (EFE).- Juan Manuel Valent\u00edn Tejero, el asesino de la ni\u00f1a Olga Sangrador, ha salido esta tarde, momentos antes de las 17.00 horas, de la prisi\u00f3n de Herrera de La Mancha (Ciudad Real), en donde nadie le esperaba. Valent\u00edn Tejero condenado en 1992 a 50 a\u00f1os de c\u00e1rcel por la muerte, [&hellip;]<\/p>\n","protected":false},"author":1,"featured_media":455096,"comment_status":"open","ping_status":"open","sticky":false,"template":"","format":"standard","meta":{"footnotes":""},"categories":[5],"tags":[],"class_list":["post-455095","post","type-post","status-publish","format-standard","has-post-thumbnail","hentry","category-sucesos"],"aioseo_notices":[],"aioseo_head":"\n\t\t<!-- All in One SEO Pro 5.0.1 - aioseo.com -->\n\t<meta name=\"description\" content=\"Manzanares (Ciudad Real), 27 nov (EFE).- Juan Manuel Valent\u00edn Tejero, el asesino de la ni\u00f1a Olga Sangrador, ha salido esta tarde, momentos antes de las 17.00 horas, de la prisi\u00f3n de Herrera de La Mancha (Ciudad Real), en donde nadie le esperaba. Valent\u00edn Tejero condenado en 1992 a 50 a\u00f1os de c\u00e1rcel por la muerte,\" \/>\n\t<meta name=\"robots\" content=\"max-image-preview:large\" \/>\n\t<meta name=\"author\" content=\"El Digital de Asturias\"\/>\n\t<meta name=\"google-site-verification\" content=\"UA-38556648-1\" \/>\n\t<meta name=\"msvalidate.01\" content=\"7dfe9f3f1b24437ab69f4f2559babe99\" \/>\n\t<meta name=\"keywords\" content=\"sucesos\" \/>\n\t<link rel=\"canonical\" href=\"https:\/\/www.eldigitaldeasturias.com\/noticias\/el-asesino-de-olga-sangrador-sale-de-la-carcel-de-herrera\/\" \/>\n\t<meta name=\"generator\" content=\"All in One SEO Pro (AIOSEO) 5.0.1\" \/>\n\t\t<meta property=\"og:locale\" content=\"es_ES\" \/>\n\t\t<meta property=\"og:site_name\" content=\"El Digital de Asturias\" \/>\n\t\t<meta property=\"og:type\" content=\"article\" \/>\n\t\t<meta property=\"og:title\" content=\"El asesino de Olga Sangrador sale de la c\u00e1rcel de Herrera - El Digital de Asturias\" \/>\n\t\t<meta property=\"og:description\" content=\"Manzanares (Ciudad Real), 27 nov (EFE).- Juan Manuel Valent\u00edn Tejero, el asesino de la ni\u00f1a Olga Sangrador, ha salido esta tarde, momentos antes de las 17.00 horas, de la prisi\u00f3n de Herrera de La Mancha (Ciudad Real), en donde nadie le esperaba. Valent\u00edn Tejero condenado en 1992 a 50 a\u00f1os de c\u00e1rcel por la muerte,\" \/>\n\t\t<meta property=\"og:url\" content=\"https:\/\/www.eldigitaldeasturias.com\/noticias\/el-asesino-de-olga-sangrador-sale-de-la-carcel-de-herrera\/\" \/>\n\t\t<meta property=\"article:tag\" content=\"sucesos\" \/>\n\t\t<meta property=\"article:published_time\" content=\"2013-11-28T00:46:47+00:00\" \/>\n\t\t<meta property=\"article:modified_time\" content=\"2013-11-28T00:46:47+00:00\" \/>\n\t\t<meta property=\"article:publisher\" content=\"https:\/\/facebook.com\/eldigitaldeasturias\" \/>\n\t\t<meta name=\"twitter:card\" content=\"summary_large_image\" \/>\n\t\t<meta name=\"twitter:title\" content=\"El asesino de Olga Sangrador sale de la c\u00e1rcel de Herrera - El Digital de Asturias\" \/>\n\t\t<meta name=\"twitter:description\" content=\"Manzanares (Ciudad Real), 27 nov (EFE).- Juan Manuel Valent\u00edn Tejero, el asesino de la ni\u00f1a Olga Sangrador, ha salido esta tarde, momentos antes de las 17.00 horas, de la prisi\u00f3n de Herrera de La Mancha (Ciudad Real), en donde nadie le esperaba. Valent\u00edn Tejero condenado en 1992 a 50 a\u00f1os de c\u00e1rcel por la muerte,\" \/>\n\t\t<meta name=\"twitter:label1\" content=\"Escrito por\" \/>\n\t\t<meta name=\"twitter:data1\" content=\"El Digital de Asturias\" \/>\n\t\t<meta name=\"twitter:label2\" content=\"Tiempo de lectura estimado\" \/>\n\t\t<meta name=\"twitter:data2\" content=\"1 minuto\" \/>\n\t\t<script type=\"application\/ld+json\" class=\"aioseo-schema\">\n\t\t\t{\"@context\":\"https:\\\/\\\/schema.org\",\"@graph\":[{\"@type\":\"BlogPosting\",\"@id\":\"https:\\\/\\\/www.eldigitaldeasturias.com\\\/noticias\\\/el-asesino-de-olga-sangrador-sale-de-la-carcel-de-herrera\\\/#blogposting\",\"name\":\"El asesino de Olga Sangrador sale de la c\\u00e1rcel de Herrera - El Digital de Asturias\",\"headline\":\"El asesino de Olga Sangrador sale de la c\\u00e1rcel de Herrera\",\"author\":{\"@id\":\"https:\\\/\\\/www.eldigitaldeasturias.com\\\/noticias\\\/author\\\/admin\\\/#author\"},\"publisher\":{\"@id\":\"https:\\\/\\\/www.eldigitaldeasturias.com\\\/noticias\\\/#organization\"},\"image\":{\"@type\":\"ImageObject\",\"url\":455096},\"datePublished\":\"2013-11-27T23:46:47+01:00\",\"dateModified\":\"2013-11-27T23:46:47+01:00\",\"inLanguage\":\"es-ES\",\"mainEntityOfPage\":{\"@id\":\"https:\\\/\\\/www.eldigitaldeasturias.com\\\/noticias\\\/el-asesino-de-olga-sangrador-sale-de-la-carcel-de-herrera\\\/#webpage\"},\"isPartOf\":{\"@id\":\"https:\\\/\\\/www.eldigitaldeasturias.com\\\/noticias\\\/el-asesino-de-olga-sangrador-sale-de-la-carcel-de-herrera\\\/#webpage\"},\"articleSection\":\"Sucesos\"},{\"@type\":\"BreadcrumbList\",\"@id\":\"https:\\\/\\\/www.eldigitaldeasturias.com\\\/noticias\\\/el-asesino-de-olga-sangrador-sale-de-la-carcel-de-herrera\\\/#breadcrumblist\",\"itemListElement\":[{\"@type\":\"ListItem\",\"@id\":\"https:\\\/\\\/www.eldigitaldeasturias.com\\\/noticias#listItem\",\"position\":1,\"name\":\"Home\",\"item\":\"https:\\\/\\\/www.eldigitaldeasturias.com\\\/noticias\",\"nextItem\":{\"@type\":\"ListItem\",\"@id\":\"https:\\\/\\\/www.eldigitaldeasturias.com\\\/noticias\\\/category\\\/sucesos\\\/#listItem\",\"name\":\"Sucesos\"}},{\"@type\":\"ListItem\",\"@id\":\"https:\\\/\\\/www.eldigitaldeasturias.com\\\/noticias\\\/category\\\/sucesos\\\/#listItem\",\"position\":2,\"name\":\"Sucesos\",\"item\":\"https:\\\/\\\/www.eldigitaldeasturias.com\\\/noticias\\\/category\\\/sucesos\\\/\",\"nextItem\":{\"@type\":\"ListItem\",\"@id\":\"https:\\\/\\\/www.eldigitaldeasturias.com\\\/noticias\\\/el-asesino-de-olga-sangrador-sale-de-la-carcel-de-herrera\\\/#listItem\",\"name\":\"El asesino de Olga Sangrador sale de la c\\u00e1rcel de Herrera\"},\"previousItem\":{\"@type\":\"ListItem\",\"@id\":\"https:\\\/\\\/www.eldigitaldeasturias.com\\\/noticias#listItem\",\"name\":\"Home\"}},{\"@type\":\"ListItem\",\"@id\":\"https:\\\/\\\/www.eldigitaldeasturias.com\\\/noticias\\\/el-asesino-de-olga-sangrador-sale-de-la-carcel-de-herrera\\\/#listItem\",\"position\":3,\"name\":\"El asesino de Olga Sangrador sale de la c\\u00e1rcel de Herrera\",\"previousItem\":{\"@type\":\"ListItem\",\"@id\":\"https:\\\/\\\/www.eldigitaldeasturias.com\\\/noticias\\\/category\\\/sucesos\\\/#listItem\",\"name\":\"Sucesos\"}}]},{\"@type\":\"Organization\",\"@id\":\"https:\\\/\\\/www.eldigitaldeasturias.com\\\/noticias\\\/#organization\",\"name\":\"El Digital de Asturias\",\"description\":\"Hemeroteca\",\"url\":\"https:\\\/\\\/www.eldigitaldeasturias.com\\\/noticias\\\/\",\"email\":\"info@eldigitaldeasturias.com\",\"telephone\":\"+34652131393\",\"logo\":{\"@type\":\"ImageObject\",\"url\":\"https:\\\/\\\/www.eldigitaldeasturias.com\\\/noticias\\\/wp-content\\\/uploads\\\/2020\\\/12\\\/EDA.jpg\",\"@id\":\"https:\\\/\\\/www.eldigitaldeasturias.com\\\/noticias\\\/el-asesino-de-olga-sangrador-sale-de-la-carcel-de-herrera\\\/#organizationLogo\"},\"image\":{\"@id\":\"https:\\\/\\\/www.eldigitaldeasturias.com\\\/noticias\\\/el-asesino-de-olga-sangrador-sale-de-la-carcel-de-herrera\\\/#organizationLogo\"},\"sameAs\":[\"https:\\\/\\\/facebook.com\\\/eldigitaldeasturias\",\"https:\\\/\\\/www.youtube.com\\\/channel\\\/UCZP-2wLEB9Rv6erhFmqVnvg\"],\"address\":{\"@id\":\"https:\\\/\\\/www.eldigitaldeasturias.com\\\/noticias\\\/#postaladdress\",\"@type\":\"PostalAddress\",\"streetAddress\":\"san antonio 4\",\"postalCode\":\"33430\",\"addressLocality\":\"Cand\\u00e1s\",\"addressRegion\":\"Asturias\",\"addressCountry\":\"ES\"}},{\"@type\":\"Person\",\"@id\":\"https:\\\/\\\/www.eldigitaldeasturias.com\\\/noticias\\\/author\\\/admin\\\/#author\",\"url\":\"https:\\\/\\\/www.eldigitaldeasturias.com\\\/noticias\\\/author\\\/admin\\\/\",\"name\":\"El Digital de Asturias\",\"image\":{\"@type\":\"ImageObject\",\"@id\":\"https:\\\/\\\/www.eldigitaldeasturias.com\\\/noticias\\\/el-asesino-de-olga-sangrador-sale-de-la-carcel-de-herrera\\\/#authorImage\",\"url\":\"https:\\\/\\\/secure.gravatar.com\\\/avatar\\\/df2aeffc32bcd13f8d26072ef8a91b623d677766deac7f97ca815868cd41bf5e?s=96&d=mm&r=g\",\"width\":96,\"height\":96,\"caption\":\"El Digital de Asturias\"}},{\"@type\":\"WebPage\",\"@id\":\"https:\\\/\\\/www.eldigitaldeasturias.com\\\/noticias\\\/el-asesino-de-olga-sangrador-sale-de-la-carcel-de-herrera\\\/#webpage\",\"url\":\"https:\\\/\\\/www.eldigitaldeasturias.com\\\/noticias\\\/el-asesino-de-olga-sangrador-sale-de-la-carcel-de-herrera\\\/\",\"name\":\"El asesino de Olga Sangrador sale de la c\\u00e1rcel de Herrera - El Digital de Asturias\",\"description\":\"Manzanares (Ciudad Real), 27 nov (EFE).- Juan Manuel Valent\\u00edn Tejero, el asesino de la ni\\u00f1a Olga Sangrador, ha salido esta tarde, momentos antes de las 17.00 horas, de la prisi\\u00f3n de Herrera de La Mancha (Ciudad Real), en donde nadie le esperaba. Valent\\u00edn Tejero condenado en 1992 a 50 a\\u00f1os de c\\u00e1rcel por la muerte,\",\"inLanguage\":\"es-ES\",\"isPartOf\":{\"@id\":\"https:\\\/\\\/www.eldigitaldeasturias.com\\\/noticias\\\/#website\"},\"breadcrumb\":{\"@id\":\"https:\\\/\\\/www.eldigitaldeasturias.com\\\/noticias\\\/el-asesino-de-olga-sangrador-sale-de-la-carcel-de-herrera\\\/#breadcrumblist\"},\"author\":{\"@id\":\"https:\\\/\\\/www.eldigitaldeasturias.com\\\/noticias\\\/author\\\/admin\\\/#author\"},\"creator\":{\"@id\":\"https:\\\/\\\/www.eldigitaldeasturias.com\\\/noticias\\\/author\\\/admin\\\/#author\"},\"image\":{\"@type\":\"ImageObject\",\"url\":455096,\"@id\":\"https:\\\/\\\/www.eldigitaldeasturias.com\\\/noticias\\\/el-asesino-de-olga-sangrador-sale-de-la-carcel-de-herrera\\\/#mainImage\"},\"primaryImageOfPage\":{\"@id\":\"https:\\\/\\\/www.eldigitaldeasturias.com\\\/noticias\\\/el-asesino-de-olga-sangrador-sale-de-la-carcel-de-herrera\\\/#mainImage\"},\"datePublished\":\"2013-11-27T23:46:47+01:00\",\"dateModified\":\"2013-11-27T23:46:47+01:00\"},{\"@type\":\"WebSite\",\"@id\":\"https:\\\/\\\/www.eldigitaldeasturias.com\\\/noticias\\\/#website\",\"url\":\"https:\\\/\\\/www.eldigitaldeasturias.com\\\/noticias\\\/\",\"name\":\"El Digital de Asturias - Diario de actualidad y noticias\",\"alternateName\":\"El Digital de Asturias - Diario de actualidad y noticias\",\"description\":\"Hemeroteca\",\"inLanguage\":\"es-ES\",\"publisher\":{\"@id\":\"https:\\\/\\\/www.eldigitaldeasturias.com\\\/noticias\\\/#organization\"}}]}\n\t\t<\/script>\n\t\t<!-- All in One SEO Pro -->\r\n\t\t<title>El asesino de Olga Sangrador sale de la c\u00e1rcel de Herrera - El Digital de Asturias<\/title>\n\n","aioseo_head_json":{"title":"El asesino de Olga Sangrador sale de la c\u00e1rcel de Herrera - El Digital de Asturias","description":"Manzanares (Ciudad Real), 27 nov (EFE).- Juan Manuel Valent\u00edn Tejero, el asesino de la ni\u00f1a Olga Sangrador, ha salido esta tarde, momentos antes de las 17.00 horas, de la prisi\u00f3n de Herrera de La Mancha (Ciudad Real), en donde nadie le esperaba. Valent\u00edn Tejero condenado en 1992 a 50 a\u00f1os de c\u00e1rcel por la muerte,","canonical_url":"https:\/\/www.eldigitaldeasturias.com\/noticias\/el-asesino-de-olga-sangrador-sale-de-la-carcel-de-herrera\/","robots":"max-image-preview:large","keywords":"sucesos","webmasterTools":{"google-site-verification":"UA-38556648-1","msvalidate.01":"7dfe9f3f1b24437ab69f4f2559babe99","miscellaneous":""},"schema":{"@context":"https:\/\/schema.org","@graph":[{"@type":"BlogPosting","@id":"https:\/\/www.eldigitaldeasturias.com\/noticias\/el-asesino-de-olga-sangrador-sale-de-la-carcel-de-herrera\/#blogposting","name":"El asesino de Olga Sangrador sale de la c\u00e1rcel de Herrera - El Digital de Asturias","headline":"El asesino de Olga Sangrador sale de la c\u00e1rcel de Herrera","author":{"@id":"https:\/\/www.eldigitaldeasturias.com\/noticias\/author\/admin\/#author"},"publisher":{"@id":"https:\/\/www.eldigitaldeasturias.com\/noticias\/#organization"},"image":{"@type":"ImageObject","url":455096},"datePublished":"2013-11-27T23:46:47+01:00","dateModified":"2013-11-27T23:46:47+01:00","inLanguage":"es-ES","mainEntityOfPage":{"@id":"https:\/\/www.eldigitaldeasturias.com\/noticias\/el-asesino-de-olga-sangrador-sale-de-la-carcel-de-herrera\/#webpage"},"isPartOf":{"@id":"https:\/\/www.eldigitaldeasturias.com\/noticias\/el-asesino-de-olga-sangrador-sale-de-la-carcel-de-herrera\/#webpage"},"articleSection":"Sucesos"},{"@type":"BreadcrumbList","@id":"https:\/\/www.eldigitaldeasturias.com\/noticias\/el-asesino-de-olga-sangrador-sale-de-la-carcel-de-herrera\/#breadcrumblist","itemListElement":[{"@type":"ListItem","@id":"https:\/\/www.eldigitaldeasturias.com\/noticias#listItem","position":1,"name":"Home","item":"https:\/\/www.eldigitaldeasturias.com\/noticias","nextItem":{"@type":"ListItem","@id":"https:\/\/www.eldigitaldeasturias.com\/noticias\/category\/sucesos\/#listItem","name":"Sucesos"}},{"@type":"ListItem","@id":"https:\/\/www.eldigitaldeasturias.com\/noticias\/category\/sucesos\/#listItem","position":2,"name":"Sucesos","item":"https:\/\/www.eldigitaldeasturias.com\/noticias\/category\/sucesos\/","nextItem":{"@type":"ListItem","@id":"https:\/\/www.eldigitaldeasturias.com\/noticias\/el-asesino-de-olga-sangrador-sale-de-la-carcel-de-herrera\/#listItem","name":"El asesino de Olga Sangrador sale de la c\u00e1rcel de Herrera"},"previousItem":{"@type":"ListItem","@id":"https:\/\/www.eldigitaldeasturias.com\/noticias#listItem","name":"Home"}},{"@type":"ListItem","@id":"https:\/\/www.eldigitaldeasturias.com\/noticias\/el-asesino-de-olga-sangrador-sale-de-la-carcel-de-herrera\/#listItem","position":3,"name":"El asesino de Olga Sangrador sale de la c\u00e1rcel de Herrera","previousItem":{"@type":"ListItem","@id":"https:\/\/www.eldigitaldeasturias.com\/noticias\/category\/sucesos\/#listItem","name":"Sucesos"}}]},{"@type":"Organization","@id":"https:\/\/www.eldigitaldeasturias.com\/noticias\/#organization","name":"El Digital de Asturias","description":"Hemeroteca","url":"https:\/\/www.eldigitaldeasturias.com\/noticias\/","email":"info@eldigitaldeasturias.com","telephone":"+34652131393","logo":{"@type":"ImageObject","url":"https:\/\/www.eldigitaldeasturias.com\/noticias\/wp-content\/uploads\/2020\/12\/EDA.jpg","@id":"https:\/\/www.eldigitaldeasturias.com\/noticias\/el-asesino-de-olga-sangrador-sale-de-la-carcel-de-herrera\/#organizationLogo"},"image":{"@id":"https:\/\/www.eldigitaldeasturias.com\/noticias\/el-asesino-de-olga-sangrador-sale-de-la-carcel-de-herrera\/#organizationLogo"},"sameAs":["https:\/\/facebook.com\/eldigitaldeasturias","https:\/\/www.youtube.com\/channel\/UCZP-2wLEB9Rv6erhFmqVnvg"],"address":{"@id":"https:\/\/www.eldigitaldeasturias.com\/noticias\/#postaladdress","@type":"PostalAddress","streetAddress":"san antonio 4","postalCode":"33430","addressLocality":"Cand\u00e1s","addressRegion":"Asturias","addressCountry":"ES"}},{"@type":"Person","@id":"https:\/\/www.eldigitaldeasturias.com\/noticias\/author\/admin\/#author","url":"https:\/\/www.eldigitaldeasturias.com\/noticias\/author\/admin\/","name":"El Digital de Asturias","image":{"@type":"ImageObject","@id":"https:\/\/www.eldigitaldeasturias.com\/noticias\/el-asesino-de-olga-sangrador-sale-de-la-carcel-de-herrera\/#authorImage","url":"https:\/\/secure.gravatar.com\/avatar\/df2aeffc32bcd13f8d26072ef8a91b623d677766deac7f97ca815868cd41bf5e?s=96&d=mm&r=g","width":96,"height":96,"caption":"El Digital de Asturias"}},{"@type":"WebPage","@id":"https:\/\/www.eldigitaldeasturias.com\/noticias\/el-asesino-de-olga-sangrador-sale-de-la-carcel-de-herrera\/#webpage","url":"https:\/\/www.eldigitaldeasturias.com\/noticias\/el-asesino-de-olga-sangrador-sale-de-la-carcel-de-herrera\/","name":"El asesino de Olga Sangrador sale de la c\u00e1rcel de Herrera - El Digital de Asturias","description":"Manzanares (Ciudad Real), 27 nov (EFE).- Juan Manuel Valent\u00edn Tejero, el asesino de la ni\u00f1a Olga Sangrador, ha salido esta tarde, momentos antes de las 17.00 horas, de la prisi\u00f3n de Herrera de La Mancha (Ciudad Real), en donde nadie le esperaba. Valent\u00edn Tejero condenado en 1992 a 50 a\u00f1os de c\u00e1rcel por la muerte,","inLanguage":"es-ES","isPartOf":{"@id":"https:\/\/www.eldigitaldeasturias.com\/noticias\/#website"},"breadcrumb":{"@id":"https:\/\/www.eldigitaldeasturias.com\/noticias\/el-asesino-de-olga-sangrador-sale-de-la-carcel-de-herrera\/#breadcrumblist"},"author":{"@id":"https:\/\/www.eldigitaldeasturias.com\/noticias\/author\/admin\/#author"},"creator":{"@id":"https:\/\/www.eldigitaldeasturias.com\/noticias\/author\/admin\/#author"},"image":{"@type":"ImageObject","url":455096,"@id":"https:\/\/www.eldigitaldeasturias.com\/noticias\/el-asesino-de-olga-sangrador-sale-de-la-carcel-de-herrera\/#mainImage"},"primaryImageOfPage":{"@id":"https:\/\/www.eldigitaldeasturias.com\/noticias\/el-asesino-de-olga-sangrador-sale-de-la-carcel-de-herrera\/#mainImage"},"datePublished":"2013-11-27T23:46:47+01:00","dateModified":"2013-11-27T23:46:47+01:00"},{"@type":"WebSite","@id":"https:\/\/www.eldigitaldeasturias.com\/noticias\/#website","url":"https:\/\/www.eldigitaldeasturias.com\/noticias\/","name":"El Digital de Asturias - Diario de actualidad y noticias","alternateName":"El Digital de Asturias - Diario de actualidad y noticias","description":"Hemeroteca","inLanguage":"es-ES","publisher":{"@id":"https:\/\/www.eldigitaldeasturias.com\/noticias\/#organization"}}]},"og:locale":"es_ES","og:site_name":"El Digital de Asturias","og:type":"article","og:title":"El asesino de Olga Sangrador sale de la c\u00e1rcel de Herrera - El Digital de Asturias","og:description":"Manzanares (Ciudad Real), 27 nov (EFE).- Juan Manuel Valent\u00edn Tejero, el asesino de la ni\u00f1a Olga Sangrador, ha salido esta tarde, momentos antes de las 17.00 horas, de la prisi\u00f3n de Herrera de La Mancha (Ciudad Real), en donde nadie le esperaba. Valent\u00edn Tejero condenado en 1992 a 50 a\u00f1os de c\u00e1rcel por la muerte,","og:url":"https:\/\/www.eldigitaldeasturias.com\/noticias\/el-asesino-de-olga-sangrador-sale-de-la-carcel-de-herrera\/","article:tag":["sucesos"],"article:published_time":"2013-11-28T00:46:47+00:00","article:modified_time":"2013-11-28T00:46:47+00:00","article:publisher":"https:\/\/facebook.com\/eldigitaldeasturias","twitter:card":"summary_large_image","twitter:title":"El asesino de Olga Sangrador sale de la c\u00e1rcel de Herrera - El Digital de Asturias","twitter:description":"Manzanares (Ciudad Real), 27 nov (EFE).- Juan Manuel Valent\u00edn Tejero, el asesino de la ni\u00f1a Olga Sangrador, ha salido esta tarde, momentos antes de las 17.00 horas, de la prisi\u00f3n de Herrera de La Mancha (Ciudad Real), en donde nadie le esperaba. Valent\u00edn Tejero condenado en 1992 a 50 a\u00f1os de c\u00e1rcel por la muerte,","twitter:label1":"Escrito por","twitter:data1":"El Digital de Asturias","twitter:label2":"Tiempo de lectura estimado","twitter:data2":"1 minuto"},"aioseo_meta_data":{"post_id":"455095","title":null,"description":null,"keywords":null,"keyphrases":null,"primary_term":null,"canonical_url":null,"og_title":null,"og_description":null,"og_object_type":"default","og_image_type":"default","og_image_url":null,"og_image_width":null,"og_image_height":null,"og_image_custom_url":null,"og_image_custom_fields":null,"og_video":null,"og_custom_url":null,"og_article_section":null,"og_article_tags":null,"twitter_use_og":true,"twitter_card":"default","twitter_image_type":"default","twitter_image_url":null,"twitter_image_custom_url":null,"twitter_image_custom_fields":null,"twitter_title":null,"twitter_description":null,"schema":{"blockGraphs":[],"customGraphs":[],"default":{"data":{"Article":[],"Course":[],"Dataset":[],"FAQPage":[],"Movie":[],"Person":[],"Product":[],"ProductReview":[],"Car":[],"Recipe":[],"Service":[],"SoftwareApplication":[],"WebPage":[]},"graphName":"","isEnabled":true},"graphs":[],"defaultGraph":"","defaultPostTypeGraph":""},"schema_type":null,"schema_type_options":null,"pillar_content":false,"robots_default":true,"robots_noindex":false,"robots_noarchive":false,"robots_nosnippet":false,"robots_nofollow":false,"robots_noimageindex":false,"robots_noodp":false,"robots_notranslate":false,"robots_max_snippet":null,"robots_max_videopreview":null,"robots_max_imagepreview":"none","priority":null,"frequency":null,"local_seo":null,"seo_analyzer_scan_date":"2026-05-29 17:04:02","breadcrumb_settings":null,"limit_modified_date":false,"open_ai":null,"ai":null,"created":"2020-11-14 22:45:11","updated":"2026-05-29 17:04:02","focus_keyword":null,"additional_keywords":null,"truseo_locale":null},"aioseo_breadcrumb":"<div class=\"aioseo-breadcrumbs\"><span class=\"aioseo-breadcrumb\">\n\t<a href=\"https:\/\/www.eldigitaldeasturias.com\/noticias\" title=\"Home\">Home<\/a>\n<\/span><span class=\"aioseo-breadcrumb-separator\">\u2013<\/span><span class=\"aioseo-breadcrumb\">\n\t<a href=\"https:\/\/www.eldigitaldeasturias.com\/noticias\/category\/sucesos\/\" title=\"Sucesos\">Sucesos<\/a>\n<\/span><span class=\"aioseo-breadcrumb-separator\">\u2013<\/span><span class=\"aioseo-breadcrumb\">\n\t<a href=\"https:\/\/www.eldigitaldeasturias.com\/noticias\/el-asesino-de-olga-sangrador-sale-de-la-carcel-de-herrera\/\" title=\"El asesino de Olga Sangrador sale de la c\u00e1rcel de Herrera\">El asesino de Olga Sangrador sale de la c\u00e1rcel de Herrera<\/a>\n<\/span><\/div>","aioseo_breadcrumb_json":[{"label":"Home","link":"https:\/\/www.eldigitaldeasturias.com\/noticias"},{"label":"Sucesos","link":"https:\/\/www.eldigitaldeasturias.com\/noticias\/category\/sucesos\/"},{"label":"El asesino de Olga Sangrador sale de la c\u00e1rcel de Herrera","link":"https:\/\/www.eldigitaldeasturias.com\/noticias\/el-asesino-de-olga-sangrador-sale-de-la-carcel-de-herrera\/"}],"_links":{"self":[{"href":"https:\/\/www.eldigitaldeasturias.com\/noticias\/wp-json\/wp\/v2\/posts\/455095","targetHints":{"allow":["GET"]}}],"collection":[{"href":"https:\/\/www.eldigitaldeasturias.com\/noticias\/wp-json\/wp\/v2\/posts"}],"about":[{"href":"https:\/\/www.eldigitaldeasturias.com\/noticias\/wp-json\/wp\/v2\/types\/post"}],"author":[{"embeddable":true,"href":"https:\/\/www.eldigitaldeasturias.com\/noticias\/wp-json\/wp\/v2\/users\/1"}],"replies":[{"embeddable":true,"href":"https:\/\/www.eldigitaldeasturias.com\/noticias\/wp-json\/wp\/v2\/comments?post=455095"}],"version-history":[{"count":0,"href":"https:\/\/www.eldigitaldeasturias.com\/noticias\/wp-json\/wp\/v2\/posts\/455095\/revisions"}],"wp:attachment":[{"href":"https:\/\/www.eldigitaldeasturias.com\/noticias\/wp-json\/wp\/v2\/media?parent=455095"}],"wp:term":[{"taxonomy":"category","embeddable":true,"href":"https:\/\/www.eldigitaldeasturias.com\/noticias\/wp-json\/wp\/v2\/categories?post=455095"},{"taxonomy":"post_tag","embeddable":true,"href":"https:\/\/www.eldigitaldeasturias.com\/noticias\/wp-json\/wp\/v2\/tags?post=455095"}],"curies":[{"name":"wp","href":"https:\/\/api.w.org\/{rel}","templated":true}]}}