{"id":455089,"date":"2013-11-27T23:43:24","date_gmt":"2013-11-28T00:43:24","guid":{"rendered":"http:\/\/www.eldigitaldeasturias.com\/noticias\/?p=455089"},"modified":"2013-11-27T23:43:24","modified_gmt":"2013-11-28T00:43:24","slug":"scotland-yard-quiere-una-investigacion-luso-britanica-sobre-el-caso-madeleine","status":"publish","type":"post","link":"https:\/\/www.eldigitaldeasturias.com\/noticias\/scotland-yard-quiere-una-investigacion-luso-britanica-sobre-el-caso-madeleine\/","title":{"rendered":"Scotland Yard quiere una investigaci\u00f3n luso-brit\u00e1nica sobre el caso Madeleine"},"content":{"rendered":"<p><img loading=\"lazy\" decoding=\"async\" class=\"alignleft size-medium wp-image-455090\" alt=\"5757861w\" src=\"https:\/\/www.eldigitaldeasturias.com\/noticias\/wp-content\/uploads\/2013\/11\/5757861w-360x239.jpg\" width=\"360\" height=\"239\" \/>Londres, 27 nov (EFE).- La Polic\u00eda Metropolitana de Londres (MET o Scotland Yard) ha solicitado a los Gobiernos brit\u00e1nico y portugu\u00e9s que autoricen una investigaci\u00f3n policial conjunta entre ambos pa\u00edses sobre la desaparici\u00f3n en 2007 en Portugal de la ni\u00f1a brit\u00e1nica Madeleine McCann, informa hoy la BBC.<\/p>\n<p>De acuerdo con la cadena p\u00fablica del Reino Unido, el comisario de la MET, Bernard Hogan-Lowe, ha pedido la formaci\u00f3n de \u00abun equipo de investigaci\u00f3n conjunto\u00bb al considerar que ser\u00e1 m\u00e1s efectivo que la situaci\u00f3n actual, en que ambas fuerzas policiales colaboran en investigaciones paralelas.<\/p>\n<p>La Polic\u00eda portuguesa reabri\u00f3 el pasado 24 de octubre, al hallar nuevos indicios, el caso de Madeleine, desaparecida el 3 de mayo de 2007, cuanto ten\u00eda 3 a\u00f1os, del apartamento del Algarve portugu\u00e9s en el que dorm\u00eda con sus hermanos gemelos, mientras sus padres cenaban en un restaurante del mismo complejo.<\/p>\n<p>Los agentes portugueses, que llegaron a considerar como sospechosos a los padres de la peque\u00f1a, Gerry y Kate McCann, hab\u00edan archivado previamente el caso en 2008 por falta de pruebas.<\/p>\n<p>La investigaci\u00f3n portuguesa transcurre en paralelo a la iniciada en 2012 por Scotland Yard, con el apoyo expreso del primer ministro brit\u00e1nico, David Cameron, quien se comprometi\u00f3 con los padres de la ni\u00f1a.<\/p>\n<p>El mes pasado, en un nuevo impulso a la investigaci\u00f3n, la MET divulg\u00f3 dos im\u00e1genes electr\u00f3nicas de un hombre supuestamente relacionado con el suceso.<\/p>\n<p>Adem\u00e1s, el programa de televisi\u00f3n Crimewatch de la BBC dedic\u00f3 un espacio -emitido tambi\u00e9n en Alemania y Holanda- a la desaparici\u00f3n de la ni\u00f1a, lo que motiv\u00f3 miles de llamadas de posibles testigos.<\/p>\n<p>Este programa ofrecer\u00e1 este jueves una actualizaci\u00f3n, si bien no se espera que haya importantes novedades.<\/p>\n","protected":false},"excerpt":{"rendered":"<p>Londres, 27 nov (EFE).- La Polic\u00eda Metropolitana de Londres (MET o Scotland Yard) ha solicitado a los Gobiernos brit\u00e1nico y portugu\u00e9s que autoricen una investigaci\u00f3n policial conjunta entre ambos pa\u00edses sobre la desaparici\u00f3n en 2007 en Portugal de la ni\u00f1a brit\u00e1nica Madeleine McCann, informa hoy la BBC. De acuerdo con la cadena p\u00fablica del Reino [&hellip;]<\/p>\n","protected":false},"author":1,"featured_media":455090,"comment_status":"open","ping_status":"open","sticky":false,"template":"","format":"standard","meta":{"footnotes":""},"categories":[5],"tags":[],"class_list":["post-455089","post","type-post","status-publish","format-standard","has-post-thumbnail","hentry","category-sucesos"],"aioseo_notices":[],"aioseo_head":"\n\t\t<!-- All in One SEO Pro 5.0.1 - aioseo.com -->\n\t<meta name=\"description\" content=\"Londres, 27 nov (EFE).- La Polic\u00eda Metropolitana de Londres (MET o Scotland Yard) ha solicitado a los Gobiernos brit\u00e1nico y portugu\u00e9s que autoricen una investigaci\u00f3n policial conjunta entre ambos pa\u00edses sobre la desaparici\u00f3n en 2007 en Portugal de la ni\u00f1a brit\u00e1nica Madeleine McCann, informa hoy la BBC. De acuerdo con la cadena p\u00fablica del Reino\" \/>\n\t<meta name=\"robots\" content=\"max-image-preview:large\" \/>\n\t<meta name=\"author\" content=\"El Digital de Asturias\"\/>\n\t<meta name=\"google-site-verification\" content=\"UA-38556648-1\" \/>\n\t<meta name=\"msvalidate.01\" content=\"7dfe9f3f1b24437ab69f4f2559babe99\" \/>\n\t<meta name=\"keywords\" content=\"sucesos\" \/>\n\t<link rel=\"canonical\" href=\"https:\/\/www.eldigitaldeasturias.com\/noticias\/scotland-yard-quiere-una-investigacion-luso-britanica-sobre-el-caso-madeleine\/\" \/>\n\t<meta name=\"generator\" content=\"All in One SEO Pro (AIOSEO) 5.0.1\" \/>\n\t\t<meta property=\"og:locale\" content=\"es_ES\" \/>\n\t\t<meta property=\"og:site_name\" content=\"El Digital de Asturias\" \/>\n\t\t<meta property=\"og:type\" content=\"article\" \/>\n\t\t<meta property=\"og:title\" content=\"Scotland Yard quiere una investigaci\u00f3n luso-brit\u00e1nica sobre el caso Madeleine - El Digital de Asturias\" \/>\n\t\t<meta property=\"og:description\" content=\"Londres, 27 nov (EFE).- La Polic\u00eda Metropolitana de Londres (MET o Scotland Yard) ha solicitado a los Gobiernos brit\u00e1nico y portugu\u00e9s que autoricen una investigaci\u00f3n policial conjunta entre ambos pa\u00edses sobre la desaparici\u00f3n en 2007 en Portugal de la ni\u00f1a brit\u00e1nica Madeleine McCann, informa hoy la BBC. De acuerdo con la cadena p\u00fablica del Reino\" \/>\n\t\t<meta property=\"og:url\" content=\"https:\/\/www.eldigitaldeasturias.com\/noticias\/scotland-yard-quiere-una-investigacion-luso-britanica-sobre-el-caso-madeleine\/\" \/>\n\t\t<meta property=\"article:tag\" content=\"sucesos\" \/>\n\t\t<meta property=\"article:published_time\" content=\"2013-11-28T00:43:24+00:00\" \/>\n\t\t<meta property=\"article:modified_time\" content=\"2013-11-28T00:43:24+00:00\" \/>\n\t\t<meta property=\"article:publisher\" content=\"https:\/\/facebook.com\/eldigitaldeasturias\" \/>\n\t\t<meta name=\"twitter:card\" content=\"summary_large_image\" \/>\n\t\t<meta name=\"twitter:title\" content=\"Scotland Yard quiere una investigaci\u00f3n luso-brit\u00e1nica sobre el caso Madeleine - El Digital de Asturias\" \/>\n\t\t<meta name=\"twitter:description\" content=\"Londres, 27 nov (EFE).- La Polic\u00eda Metropolitana de Londres (MET o Scotland Yard) ha solicitado a los Gobiernos brit\u00e1nico y portugu\u00e9s que autoricen una investigaci\u00f3n policial conjunta entre ambos pa\u00edses sobre la desaparici\u00f3n en 2007 en Portugal de la ni\u00f1a brit\u00e1nica Madeleine McCann, informa hoy la BBC. De acuerdo con la cadena p\u00fablica del Reino\" \/>\n\t\t<meta name=\"twitter:label1\" content=\"Escrito por\" \/>\n\t\t<meta name=\"twitter:data1\" content=\"El Digital de Asturias\" \/>\n\t\t<meta name=\"twitter:label2\" content=\"Tiempo de lectura estimado\" \/>\n\t\t<meta name=\"twitter:data2\" content=\"2 minutos\" \/>\n\t\t<script type=\"application\/ld+json\" class=\"aioseo-schema\">\n\t\t\t{\"@context\":\"https:\\\/\\\/schema.org\",\"@graph\":[{\"@type\":\"BlogPosting\",\"@id\":\"https:\\\/\\\/www.eldigitaldeasturias.com\\\/noticias\\\/scotland-yard-quiere-una-investigacion-luso-britanica-sobre-el-caso-madeleine\\\/#blogposting\",\"name\":\"Scotland Yard quiere una investigaci\\u00f3n luso-brit\\u00e1nica sobre el caso Madeleine - El Digital de Asturias\",\"headline\":\"Scotland Yard quiere una investigaci\\u00f3n luso-brit\\u00e1nica sobre el caso Madeleine\",\"author\":{\"@id\":\"https:\\\/\\\/www.eldigitaldeasturias.com\\\/noticias\\\/author\\\/admin\\\/#author\"},\"publisher\":{\"@id\":\"https:\\\/\\\/www.eldigitaldeasturias.com\\\/noticias\\\/#organization\"},\"image\":{\"@type\":\"ImageObject\",\"url\":455090},\"datePublished\":\"2013-11-27T23:43:24+01:00\",\"dateModified\":\"2013-11-27T23:43:24+01:00\",\"inLanguage\":\"es-ES\",\"mainEntityOfPage\":{\"@id\":\"https:\\\/\\\/www.eldigitaldeasturias.com\\\/noticias\\\/scotland-yard-quiere-una-investigacion-luso-britanica-sobre-el-caso-madeleine\\\/#webpage\"},\"isPartOf\":{\"@id\":\"https:\\\/\\\/www.eldigitaldeasturias.com\\\/noticias\\\/scotland-yard-quiere-una-investigacion-luso-britanica-sobre-el-caso-madeleine\\\/#webpage\"},\"articleSection\":\"Sucesos\"},{\"@type\":\"BreadcrumbList\",\"@id\":\"https:\\\/\\\/www.eldigitaldeasturias.com\\\/noticias\\\/scotland-yard-quiere-una-investigacion-luso-britanica-sobre-el-caso-madeleine\\\/#breadcrumblist\",\"itemListElement\":[{\"@type\":\"ListItem\",\"@id\":\"https:\\\/\\\/www.eldigitaldeasturias.com\\\/noticias#listItem\",\"position\":1,\"name\":\"Home\",\"item\":\"https:\\\/\\\/www.eldigitaldeasturias.com\\\/noticias\",\"nextItem\":{\"@type\":\"ListItem\",\"@id\":\"https:\\\/\\\/www.eldigitaldeasturias.com\\\/noticias\\\/category\\\/sucesos\\\/#listItem\",\"name\":\"Sucesos\"}},{\"@type\":\"ListItem\",\"@id\":\"https:\\\/\\\/www.eldigitaldeasturias.com\\\/noticias\\\/category\\\/sucesos\\\/#listItem\",\"position\":2,\"name\":\"Sucesos\",\"item\":\"https:\\\/\\\/www.eldigitaldeasturias.com\\\/noticias\\\/category\\\/sucesos\\\/\",\"nextItem\":{\"@type\":\"ListItem\",\"@id\":\"https:\\\/\\\/www.eldigitaldeasturias.com\\\/noticias\\\/scotland-yard-quiere-una-investigacion-luso-britanica-sobre-el-caso-madeleine\\\/#listItem\",\"name\":\"Scotland Yard quiere una investigaci\\u00f3n luso-brit\\u00e1nica sobre el caso Madeleine\"},\"previousItem\":{\"@type\":\"ListItem\",\"@id\":\"https:\\\/\\\/www.eldigitaldeasturias.com\\\/noticias#listItem\",\"name\":\"Home\"}},{\"@type\":\"ListItem\",\"@id\":\"https:\\\/\\\/www.eldigitaldeasturias.com\\\/noticias\\\/scotland-yard-quiere-una-investigacion-luso-britanica-sobre-el-caso-madeleine\\\/#listItem\",\"position\":3,\"name\":\"Scotland Yard quiere una investigaci\\u00f3n luso-brit\\u00e1nica sobre el caso Madeleine\",\"previousItem\":{\"@type\":\"ListItem\",\"@id\":\"https:\\\/\\\/www.eldigitaldeasturias.com\\\/noticias\\\/category\\\/sucesos\\\/#listItem\",\"name\":\"Sucesos\"}}]},{\"@type\":\"Organization\",\"@id\":\"https:\\\/\\\/www.eldigitaldeasturias.com\\\/noticias\\\/#organization\",\"name\":\"El Digital de Asturias\",\"description\":\"Hemeroteca\",\"url\":\"https:\\\/\\\/www.eldigitaldeasturias.com\\\/noticias\\\/\",\"email\":\"info@eldigitaldeasturias.com\",\"telephone\":\"+34652131393\",\"logo\":{\"@type\":\"ImageObject\",\"url\":\"https:\\\/\\\/www.eldigitaldeasturias.com\\\/noticias\\\/wp-content\\\/uploads\\\/2020\\\/12\\\/EDA.jpg\",\"@id\":\"https:\\\/\\\/www.eldigitaldeasturias.com\\\/noticias\\\/scotland-yard-quiere-una-investigacion-luso-britanica-sobre-el-caso-madeleine\\\/#organizationLogo\"},\"image\":{\"@id\":\"https:\\\/\\\/www.eldigitaldeasturias.com\\\/noticias\\\/scotland-yard-quiere-una-investigacion-luso-britanica-sobre-el-caso-madeleine\\\/#organizationLogo\"},\"sameAs\":[\"https:\\\/\\\/facebook.com\\\/eldigitaldeasturias\",\"https:\\\/\\\/www.youtube.com\\\/channel\\\/UCZP-2wLEB9Rv6erhFmqVnvg\"],\"address\":{\"@id\":\"https:\\\/\\\/www.eldigitaldeasturias.com\\\/noticias\\\/#postaladdress\",\"@type\":\"PostalAddress\",\"streetAddress\":\"san antonio 4\",\"postalCode\":\"33430\",\"addressLocality\":\"Cand\\u00e1s\",\"addressRegion\":\"Asturias\",\"addressCountry\":\"ES\"}},{\"@type\":\"Person\",\"@id\":\"https:\\\/\\\/www.eldigitaldeasturias.com\\\/noticias\\\/author\\\/admin\\\/#author\",\"url\":\"https:\\\/\\\/www.eldigitaldeasturias.com\\\/noticias\\\/author\\\/admin\\\/\",\"name\":\"El Digital de Asturias\",\"image\":{\"@type\":\"ImageObject\",\"@id\":\"https:\\\/\\\/www.eldigitaldeasturias.com\\\/noticias\\\/scotland-yard-quiere-una-investigacion-luso-britanica-sobre-el-caso-madeleine\\\/#authorImage\",\"url\":\"https:\\\/\\\/secure.gravatar.com\\\/avatar\\\/df2aeffc32bcd13f8d26072ef8a91b623d677766deac7f97ca815868cd41bf5e?s=96&d=mm&r=g\",\"width\":96,\"height\":96,\"caption\":\"El Digital de Asturias\"}},{\"@type\":\"WebPage\",\"@id\":\"https:\\\/\\\/www.eldigitaldeasturias.com\\\/noticias\\\/scotland-yard-quiere-una-investigacion-luso-britanica-sobre-el-caso-madeleine\\\/#webpage\",\"url\":\"https:\\\/\\\/www.eldigitaldeasturias.com\\\/noticias\\\/scotland-yard-quiere-una-investigacion-luso-britanica-sobre-el-caso-madeleine\\\/\",\"name\":\"Scotland Yard quiere una investigaci\\u00f3n luso-brit\\u00e1nica sobre el caso Madeleine - El Digital de Asturias\",\"description\":\"Londres, 27 nov (EFE).- La Polic\\u00eda Metropolitana de Londres (MET o Scotland Yard) ha solicitado a los Gobiernos brit\\u00e1nico y portugu\\u00e9s que autoricen una investigaci\\u00f3n policial conjunta entre ambos pa\\u00edses sobre la desaparici\\u00f3n en 2007 en Portugal de la ni\\u00f1a brit\\u00e1nica Madeleine McCann, informa hoy la BBC. De acuerdo con la cadena p\\u00fablica del Reino\",\"inLanguage\":\"es-ES\",\"isPartOf\":{\"@id\":\"https:\\\/\\\/www.eldigitaldeasturias.com\\\/noticias\\\/#website\"},\"breadcrumb\":{\"@id\":\"https:\\\/\\\/www.eldigitaldeasturias.com\\\/noticias\\\/scotland-yard-quiere-una-investigacion-luso-britanica-sobre-el-caso-madeleine\\\/#breadcrumblist\"},\"author\":{\"@id\":\"https:\\\/\\\/www.eldigitaldeasturias.com\\\/noticias\\\/author\\\/admin\\\/#author\"},\"creator\":{\"@id\":\"https:\\\/\\\/www.eldigitaldeasturias.com\\\/noticias\\\/author\\\/admin\\\/#author\"},\"image\":{\"@type\":\"ImageObject\",\"url\":455090,\"@id\":\"https:\\\/\\\/www.eldigitaldeasturias.com\\\/noticias\\\/scotland-yard-quiere-una-investigacion-luso-britanica-sobre-el-caso-madeleine\\\/#mainImage\"},\"primaryImageOfPage\":{\"@id\":\"https:\\\/\\\/www.eldigitaldeasturias.com\\\/noticias\\\/scotland-yard-quiere-una-investigacion-luso-britanica-sobre-el-caso-madeleine\\\/#mainImage\"},\"datePublished\":\"2013-11-27T23:43:24+01:00\",\"dateModified\":\"2013-11-27T23:43:24+01:00\"},{\"@type\":\"WebSite\",\"@id\":\"https:\\\/\\\/www.eldigitaldeasturias.com\\\/noticias\\\/#website\",\"url\":\"https:\\\/\\\/www.eldigitaldeasturias.com\\\/noticias\\\/\",\"name\":\"El Digital de Asturias - Diario de actualidad y noticias\",\"alternateName\":\"El Digital de Asturias - Diario de actualidad y noticias\",\"description\":\"Hemeroteca\",\"inLanguage\":\"es-ES\",\"publisher\":{\"@id\":\"https:\\\/\\\/www.eldigitaldeasturias.com\\\/noticias\\\/#organization\"}}]}\n\t\t<\/script>\n\t\t<!-- All in One SEO Pro -->\r\n\t\t<title>Scotland Yard quiere una investigaci\u00f3n luso-brit\u00e1nica sobre el caso Madeleine - El Digital de Asturias<\/title>\n\n","aioseo_head_json":{"title":"Scotland Yard quiere una investigaci\u00f3n luso-brit\u00e1nica sobre el caso Madeleine - El Digital de Asturias","description":"Londres, 27 nov (EFE).- La Polic\u00eda Metropolitana de Londres (MET o Scotland Yard) ha solicitado a los Gobiernos brit\u00e1nico y portugu\u00e9s que autoricen una investigaci\u00f3n policial conjunta entre ambos pa\u00edses sobre la desaparici\u00f3n en 2007 en Portugal de la ni\u00f1a brit\u00e1nica Madeleine McCann, informa hoy la BBC. De acuerdo con la cadena p\u00fablica del Reino","canonical_url":"https:\/\/www.eldigitaldeasturias.com\/noticias\/scotland-yard-quiere-una-investigacion-luso-britanica-sobre-el-caso-madeleine\/","robots":"max-image-preview:large","keywords":"sucesos","webmasterTools":{"google-site-verification":"UA-38556648-1","msvalidate.01":"7dfe9f3f1b24437ab69f4f2559babe99","miscellaneous":""},"schema":{"@context":"https:\/\/schema.org","@graph":[{"@type":"BlogPosting","@id":"https:\/\/www.eldigitaldeasturias.com\/noticias\/scotland-yard-quiere-una-investigacion-luso-britanica-sobre-el-caso-madeleine\/#blogposting","name":"Scotland Yard quiere una investigaci\u00f3n luso-brit\u00e1nica sobre el caso Madeleine - El Digital de Asturias","headline":"Scotland Yard quiere una investigaci\u00f3n luso-brit\u00e1nica sobre el caso Madeleine","author":{"@id":"https:\/\/www.eldigitaldeasturias.com\/noticias\/author\/admin\/#author"},"publisher":{"@id":"https:\/\/www.eldigitaldeasturias.com\/noticias\/#organization"},"image":{"@type":"ImageObject","url":455090},"datePublished":"2013-11-27T23:43:24+01:00","dateModified":"2013-11-27T23:43:24+01:00","inLanguage":"es-ES","mainEntityOfPage":{"@id":"https:\/\/www.eldigitaldeasturias.com\/noticias\/scotland-yard-quiere-una-investigacion-luso-britanica-sobre-el-caso-madeleine\/#webpage"},"isPartOf":{"@id":"https:\/\/www.eldigitaldeasturias.com\/noticias\/scotland-yard-quiere-una-investigacion-luso-britanica-sobre-el-caso-madeleine\/#webpage"},"articleSection":"Sucesos"},{"@type":"BreadcrumbList","@id":"https:\/\/www.eldigitaldeasturias.com\/noticias\/scotland-yard-quiere-una-investigacion-luso-britanica-sobre-el-caso-madeleine\/#breadcrumblist","itemListElement":[{"@type":"ListItem","@id":"https:\/\/www.eldigitaldeasturias.com\/noticias#listItem","position":1,"name":"Home","item":"https:\/\/www.eldigitaldeasturias.com\/noticias","nextItem":{"@type":"ListItem","@id":"https:\/\/www.eldigitaldeasturias.com\/noticias\/category\/sucesos\/#listItem","name":"Sucesos"}},{"@type":"ListItem","@id":"https:\/\/www.eldigitaldeasturias.com\/noticias\/category\/sucesos\/#listItem","position":2,"name":"Sucesos","item":"https:\/\/www.eldigitaldeasturias.com\/noticias\/category\/sucesos\/","nextItem":{"@type":"ListItem","@id":"https:\/\/www.eldigitaldeasturias.com\/noticias\/scotland-yard-quiere-una-investigacion-luso-britanica-sobre-el-caso-madeleine\/#listItem","name":"Scotland Yard quiere una investigaci\u00f3n luso-brit\u00e1nica sobre el caso Madeleine"},"previousItem":{"@type":"ListItem","@id":"https:\/\/www.eldigitaldeasturias.com\/noticias#listItem","name":"Home"}},{"@type":"ListItem","@id":"https:\/\/www.eldigitaldeasturias.com\/noticias\/scotland-yard-quiere-una-investigacion-luso-britanica-sobre-el-caso-madeleine\/#listItem","position":3,"name":"Scotland Yard quiere una investigaci\u00f3n luso-brit\u00e1nica sobre el caso Madeleine","previousItem":{"@type":"ListItem","@id":"https:\/\/www.eldigitaldeasturias.com\/noticias\/category\/sucesos\/#listItem","name":"Sucesos"}}]},{"@type":"Organization","@id":"https:\/\/www.eldigitaldeasturias.com\/noticias\/#organization","name":"El Digital de Asturias","description":"Hemeroteca","url":"https:\/\/www.eldigitaldeasturias.com\/noticias\/","email":"info@eldigitaldeasturias.com","telephone":"+34652131393","logo":{"@type":"ImageObject","url":"https:\/\/www.eldigitaldeasturias.com\/noticias\/wp-content\/uploads\/2020\/12\/EDA.jpg","@id":"https:\/\/www.eldigitaldeasturias.com\/noticias\/scotland-yard-quiere-una-investigacion-luso-britanica-sobre-el-caso-madeleine\/#organizationLogo"},"image":{"@id":"https:\/\/www.eldigitaldeasturias.com\/noticias\/scotland-yard-quiere-una-investigacion-luso-britanica-sobre-el-caso-madeleine\/#organizationLogo"},"sameAs":["https:\/\/facebook.com\/eldigitaldeasturias","https:\/\/www.youtube.com\/channel\/UCZP-2wLEB9Rv6erhFmqVnvg"],"address":{"@id":"https:\/\/www.eldigitaldeasturias.com\/noticias\/#postaladdress","@type":"PostalAddress","streetAddress":"san antonio 4","postalCode":"33430","addressLocality":"Cand\u00e1s","addressRegion":"Asturias","addressCountry":"ES"}},{"@type":"Person","@id":"https:\/\/www.eldigitaldeasturias.com\/noticias\/author\/admin\/#author","url":"https:\/\/www.eldigitaldeasturias.com\/noticias\/author\/admin\/","name":"El Digital de Asturias","image":{"@type":"ImageObject","@id":"https:\/\/www.eldigitaldeasturias.com\/noticias\/scotland-yard-quiere-una-investigacion-luso-britanica-sobre-el-caso-madeleine\/#authorImage","url":"https:\/\/secure.gravatar.com\/avatar\/df2aeffc32bcd13f8d26072ef8a91b623d677766deac7f97ca815868cd41bf5e?s=96&d=mm&r=g","width":96,"height":96,"caption":"El Digital de Asturias"}},{"@type":"WebPage","@id":"https:\/\/www.eldigitaldeasturias.com\/noticias\/scotland-yard-quiere-una-investigacion-luso-britanica-sobre-el-caso-madeleine\/#webpage","url":"https:\/\/www.eldigitaldeasturias.com\/noticias\/scotland-yard-quiere-una-investigacion-luso-britanica-sobre-el-caso-madeleine\/","name":"Scotland Yard quiere una investigaci\u00f3n luso-brit\u00e1nica sobre el caso Madeleine - El Digital de Asturias","description":"Londres, 27 nov (EFE).- La Polic\u00eda Metropolitana de Londres (MET o Scotland Yard) ha solicitado a los Gobiernos brit\u00e1nico y portugu\u00e9s que autoricen una investigaci\u00f3n policial conjunta entre ambos pa\u00edses sobre la desaparici\u00f3n en 2007 en Portugal de la ni\u00f1a brit\u00e1nica Madeleine McCann, informa hoy la BBC. De acuerdo con la cadena p\u00fablica del Reino","inLanguage":"es-ES","isPartOf":{"@id":"https:\/\/www.eldigitaldeasturias.com\/noticias\/#website"},"breadcrumb":{"@id":"https:\/\/www.eldigitaldeasturias.com\/noticias\/scotland-yard-quiere-una-investigacion-luso-britanica-sobre-el-caso-madeleine\/#breadcrumblist"},"author":{"@id":"https:\/\/www.eldigitaldeasturias.com\/noticias\/author\/admin\/#author"},"creator":{"@id":"https:\/\/www.eldigitaldeasturias.com\/noticias\/author\/admin\/#author"},"image":{"@type":"ImageObject","url":455090,"@id":"https:\/\/www.eldigitaldeasturias.com\/noticias\/scotland-yard-quiere-una-investigacion-luso-britanica-sobre-el-caso-madeleine\/#mainImage"},"primaryImageOfPage":{"@id":"https:\/\/www.eldigitaldeasturias.com\/noticias\/scotland-yard-quiere-una-investigacion-luso-britanica-sobre-el-caso-madeleine\/#mainImage"},"datePublished":"2013-11-27T23:43:24+01:00","dateModified":"2013-11-27T23:43:24+01:00"},{"@type":"WebSite","@id":"https:\/\/www.eldigitaldeasturias.com\/noticias\/#website","url":"https:\/\/www.eldigitaldeasturias.com\/noticias\/","name":"El Digital de Asturias - Diario de actualidad y noticias","alternateName":"El Digital de Asturias - Diario de actualidad y noticias","description":"Hemeroteca","inLanguage":"es-ES","publisher":{"@id":"https:\/\/www.eldigitaldeasturias.com\/noticias\/#organization"}}]},"og:locale":"es_ES","og:site_name":"El Digital de Asturias","og:type":"article","og:title":"Scotland Yard quiere una investigaci\u00f3n luso-brit\u00e1nica sobre el caso Madeleine - El Digital de Asturias","og:description":"Londres, 27 nov (EFE).- La Polic\u00eda Metropolitana de Londres (MET o Scotland Yard) ha solicitado a los Gobiernos brit\u00e1nico y portugu\u00e9s que autoricen una investigaci\u00f3n policial conjunta entre ambos pa\u00edses sobre la desaparici\u00f3n en 2007 en Portugal de la ni\u00f1a brit\u00e1nica Madeleine McCann, informa hoy la BBC. De acuerdo con la cadena p\u00fablica del Reino","og:url":"https:\/\/www.eldigitaldeasturias.com\/noticias\/scotland-yard-quiere-una-investigacion-luso-britanica-sobre-el-caso-madeleine\/","article:tag":["sucesos"],"article:published_time":"2013-11-28T00:43:24+00:00","article:modified_time":"2013-11-28T00:43:24+00:00","article:publisher":"https:\/\/facebook.com\/eldigitaldeasturias","twitter:card":"summary_large_image","twitter:title":"Scotland Yard quiere una investigaci\u00f3n luso-brit\u00e1nica sobre el caso Madeleine - El Digital de Asturias","twitter:description":"Londres, 27 nov (EFE).- La Polic\u00eda Metropolitana de Londres (MET o Scotland Yard) ha solicitado a los Gobiernos brit\u00e1nico y portugu\u00e9s que autoricen una investigaci\u00f3n policial conjunta entre ambos pa\u00edses sobre la desaparici\u00f3n en 2007 en Portugal de la ni\u00f1a brit\u00e1nica Madeleine McCann, informa hoy la BBC. De acuerdo con la cadena p\u00fablica del Reino","twitter:label1":"Escrito por","twitter:data1":"El Digital de Asturias","twitter:label2":"Tiempo de lectura estimado","twitter:data2":"2 minutos"},"aioseo_meta_data":{"post_id":"455089","title":null,"description":null,"keywords":null,"keyphrases":null,"primary_term":null,"canonical_url":null,"og_title":null,"og_description":null,"og_object_type":"default","og_image_type":"default","og_image_url":null,"og_image_width":null,"og_image_height":null,"og_image_custom_url":null,"og_image_custom_fields":null,"og_video":null,"og_custom_url":null,"og_article_section":null,"og_article_tags":null,"twitter_use_og":true,"twitter_card":"default","twitter_image_type":"default","twitter_image_url":null,"twitter_image_custom_url":null,"twitter_image_custom_fields":null,"twitter_title":null,"twitter_description":null,"schema":{"blockGraphs":[],"customGraphs":[],"default":{"data":{"Article":[],"Course":[],"Dataset":[],"FAQPage":[],"Movie":[],"Person":[],"Product":[],"ProductReview":[],"Car":[],"Recipe":[],"Service":[],"SoftwareApplication":[],"WebPage":[]},"graphName":"","isEnabled":true},"graphs":[],"defaultGraph":"","defaultPostTypeGraph":""},"schema_type":null,"schema_type_options":null,"pillar_content":false,"robots_default":true,"robots_noindex":false,"robots_noarchive":false,"robots_nosnippet":false,"robots_nofollow":false,"robots_noimageindex":false,"robots_noodp":false,"robots_notranslate":false,"robots_max_snippet":null,"robots_max_videopreview":null,"robots_max_imagepreview":"none","priority":null,"frequency":null,"local_seo":null,"seo_analyzer_scan_date":"2026-05-29 17:04:01","breadcrumb_settings":null,"limit_modified_date":false,"open_ai":null,"ai":null,"created":"2020-11-14 22:45:11","updated":"2026-05-29 17:04:01","focus_keyword":null,"additional_keywords":null,"truseo_locale":null},"aioseo_breadcrumb":"<div class=\"aioseo-breadcrumbs\"><span class=\"aioseo-breadcrumb\">\n\t<a href=\"https:\/\/www.eldigitaldeasturias.com\/noticias\" title=\"Home\">Home<\/a>\n<\/span><span class=\"aioseo-breadcrumb-separator\">\u2013<\/span><span class=\"aioseo-breadcrumb\">\n\t<a href=\"https:\/\/www.eldigitaldeasturias.com\/noticias\/category\/sucesos\/\" title=\"Sucesos\">Sucesos<\/a>\n<\/span><span class=\"aioseo-breadcrumb-separator\">\u2013<\/span><span class=\"aioseo-breadcrumb\">\n\t<a href=\"https:\/\/www.eldigitaldeasturias.com\/noticias\/scotland-yard-quiere-una-investigacion-luso-britanica-sobre-el-caso-madeleine\/\" title=\"Scotland Yard quiere una investigaci\u00f3n luso-brit\u00e1nica sobre el caso Madeleine\">Scotland Yard quiere una investigaci\u00f3n luso-brit\u00e1nica sobre el caso Madeleine<\/a>\n<\/span><\/div>","aioseo_breadcrumb_json":[{"label":"Home","link":"https:\/\/www.eldigitaldeasturias.com\/noticias"},{"label":"Sucesos","link":"https:\/\/www.eldigitaldeasturias.com\/noticias\/category\/sucesos\/"},{"label":"Scotland Yard quiere una investigaci\u00f3n luso-brit\u00e1nica sobre el caso Madeleine","link":"https:\/\/www.eldigitaldeasturias.com\/noticias\/scotland-yard-quiere-una-investigacion-luso-britanica-sobre-el-caso-madeleine\/"}],"_links":{"self":[{"href":"https:\/\/www.eldigitaldeasturias.com\/noticias\/wp-json\/wp\/v2\/posts\/455089","targetHints":{"allow":["GET"]}}],"collection":[{"href":"https:\/\/www.eldigitaldeasturias.com\/noticias\/wp-json\/wp\/v2\/posts"}],"about":[{"href":"https:\/\/www.eldigitaldeasturias.com\/noticias\/wp-json\/wp\/v2\/types\/post"}],"author":[{"embeddable":true,"href":"https:\/\/www.eldigitaldeasturias.com\/noticias\/wp-json\/wp\/v2\/users\/1"}],"replies":[{"embeddable":true,"href":"https:\/\/www.eldigitaldeasturias.com\/noticias\/wp-json\/wp\/v2\/comments?post=455089"}],"version-history":[{"count":0,"href":"https:\/\/www.eldigitaldeasturias.com\/noticias\/wp-json\/wp\/v2\/posts\/455089\/revisions"}],"wp:attachment":[{"href":"https:\/\/www.eldigitaldeasturias.com\/noticias\/wp-json\/wp\/v2\/media?parent=455089"}],"wp:term":[{"taxonomy":"category","embeddable":true,"href":"https:\/\/www.eldigitaldeasturias.com\/noticias\/wp-json\/wp\/v2\/categories?post=455089"},{"taxonomy":"post_tag","embeddable":true,"href":"https:\/\/www.eldigitaldeasturias.com\/noticias\/wp-json\/wp\/v2\/tags?post=455089"}],"curies":[{"name":"wp","href":"https:\/\/api.w.org\/{rel}","templated":true}]}}