{"id":455083,"date":"2013-11-27T23:38:53","date_gmt":"2013-11-28T00:38:53","guid":{"rendered":"http:\/\/www.eldigitaldeasturias.com\/noticias\/?p=455083"},"modified":"2013-11-27T23:38:53","modified_gmt":"2013-11-28T00:38:53","slug":"la-coleccion-masaveu-se-muestra-como-un-mini-prado-inedito","status":"publish","type":"post","link":"https:\/\/www.eldigitaldeasturias.com\/noticias\/la-coleccion-masaveu-se-muestra-como-un-mini-prado-inedito\/","title":{"rendered":"La Colecci\u00f3n Masaveu se muestra como un \u00abmini Prado\u00bb in\u00e9dito"},"content":{"rendered":"<p><img loading=\"lazy\" decoding=\"async\" class=\"alignleft size-medium wp-image-455084\" alt=\"5757395w\" src=\"https:\/\/www.eldigitaldeasturias.com\/noticias\/wp-content\/uploads\/2013\/11\/5757395w-360x239.jpg\" width=\"360\" height=\"239\" \/>Madrid, 27 nov (EFE).- Obras nunca vistas de pintores muy famosos, como Zurbar\u00e1n, Murillo y El Greco, y otros m\u00e1s conocidos por los especialistas, como el alem\u00e1n Matthis Gerung, han viajado desde Oviedo a Madrid para exponerse en una suerte de \u00abmini Prado\u00bb, que sirve como una \u00ablecci\u00f3n de historia de arte acelerada y c\u00f3moda\u00bb.<\/p>\n<p>En la exposici\u00f3n \u00abColecci\u00f3n Masaveu: del Rom\u00e1nico a la Ilustraci\u00f3n. Imagen y Materia\u00bb, presentada hoy en el CentroCentro Cibeles del Ayuntamiento de Madrid, se han seleccionado 63 piezas de los siglos XII al XIX de entre las m\u00e1s de 1.500 que componen una de las colecciones privadas m\u00e1s importantes de Espa\u00f1a, la de la familia Masaveu, radicada en la capital asturiana.<\/p>\n<p>\u00abEs como una lecci\u00f3n de historia del arte un poco acelerada y c\u00f3moda, para pasearla, que repasa desde el arte medieval al barroco, con piezas de calidad para introducirse en el G\u00f3tico internacional o el Arte Hispanoflamenco\u00bb, ha explicado a Efe el comisario de la muestra, \u00c1ngel Aterido.<\/p>\n<p>La primera de las tres partes en las que est\u00e1 dividida la exposici\u00f3n, titulada \u00abDe madera y oro\u00bb, se abre parad\u00f3jicamente con un \u00abDescendimiento\u00bb de marfil, an\u00f3nimo leon\u00e9s del siglo XII, \u00abuna de las piezas m\u00e1s importantes de arte decorativo que hay en Espa\u00f1a en manos privadas\u00bb, ha explicado el comisario.<\/p>\n<p>Una pieza que \u00abse habla\u00bb con otros calvarios de madera policromada de an\u00f3nimos maestros medievales o retablos y \u00f3leos sobre tabla del XV, obras dominadas por el tono religioso, pero que poco a poco se abren \u00aba la calidad art\u00edstica, pict\u00f3rica y material\u00bb, ha a\u00f1adido Aterido.<\/p>\n<p>\u00abEntre el G\u00f3tico y el Renacimiento\u00bb, t\u00edtulo que engloba el segundo conjunto de obras, incluye dos de las piezas m\u00e1s destacadas de la exposici\u00f3n, \u00abEl campamento de Holofernes\u00bb (1538), de Matthis Gerung, \u00abun artista muy importante del Renacimiento alem\u00e1n y desconocido en Espa\u00f1a\u00bb.<\/p>\n<p>Y tambi\u00e9n \u00abEl Expolio de Cristo\u00bb, que El Greco hizo como preparaci\u00f3n para un cuadro de mayor envergadura, el cual se exhibe a unos centenares de metros, en el Museo de Prado.<\/p>\n<p>Tambi\u00e9n se pueden ver obras como el \u00abTr\u00edptico del Descendimiento\u00bb (1520), del pintor flamenco Joos van Cleve el Viejo, o una \u00abSanta Mar\u00eda Magdalena\u00bb, de El Greco.<\/p>\n<p>Estos momentos entre el arte g\u00f3tico y el renacentista, cuando desaparecen elementos como el oro \u00aby comienza a surgir la perspectiva\u00bb, anteceden a \u00abEl triunfo del lienzo\u00bb, grupo de obras del Barroco que cierra una muestra que el director del CentroCentro Cibeles de Cultura y Ciudadan\u00eda ha calificado de \u00abun mini Prado\u00bb.<\/p>\n<p>En este tercer grupo de obras, donde puede verse una casi in\u00e9dita \u00abVirgen con el Ni\u00f1o\u00bb (1660-1665) de Bartolom\u00e9 Murillo, junto a otras de Vicente Carducho, Francisco de Zurbar\u00e1n o Juan de Arellano, se aprecia ya el cambio de materiales que anticipa \u00abposibilidades y calidades nuevas\u00bb, ha se\u00f1alado Aterido; por ejemplo, la desaparici\u00f3n del esmalte y la llegada de una nueva \u00abgraf\u00eda pict\u00f3rica\u00bb.<\/p>\n<p>La pintura barroca andaluza se entrelaza con la cortesana y con ricas tallas levantinas, como la curiosa \u00abVirgen en una barca (Dormici\u00f3n)\u00bb, an\u00f3nimo del XVIII.<\/p>\n<p>Destaca en el tramo final de la muestra la serie de \u00abLos cinco sentidos\u00bb del taller de Juan de Arellano, \u00abmuy significativa del uso de la religi\u00f3n para explicar las sensaciones\u00bb, ha apuntado el comisario de la muestra.<\/p>\n<p>Son piezas art\u00edsticas que pueden hablarse de \u00abt\u00fa a t\u00fa\u00bb con las que se muestran en grandes museos, del Metropolitan de Nueva York a la Galer\u00eda degli Ufizzi de Florencia, ha afirmado Juan Aterido, que ha comisariado la reciente muestra del Prado \u00abJuan Fern\u00e1ndez el Labrador. Naturalezas muertas\u00bb.<\/p>\n<p>Adem\u00e1s, la preparaci\u00f3n de la exposici\u00f3n ha llevado a cambios de atribuci\u00f3n como el del monumental \u00abLiberaci\u00f3n de San Pedro\u00bb, atribuida hasta ahora a Zurbar\u00e1n y recatalogada en favor de Bartolomeo Cavarozzi (Viterbo, ca. 1590-Roma, 1625).<\/p>\n<p>La muestra, que se inaugura al p\u00fablico en el madrile\u00f1o Palacio de Cibeles este viernes y estar\u00e1 abierta hasta el pr\u00f3ximo 25 de mayo, se sit\u00faa en la l\u00ednea de \u00abcontribuir a la conservaci\u00f3n y difusi\u00f3n del patrimonio\u00bb de la Colecci\u00f3n Masaveu, ha explicado hoy \u00c1lvaro S\u00e1nchez, secretario del Patronato de la Fundaci\u00f3n M\u00aa Cristina Masaveu Paterson.<\/p>\n<p>Esta fundaci\u00f3n, que organiza la exposici\u00f3n junto al Ayuntamiento de Madrid, custodia el legado art\u00edstico de una saga empresarial y financiera que inici\u00f3 en Oviedo a mediados del siglo XIX Pedro Masaveu Rovira.<\/p>\n<p>Por Manuel Carretero.<\/p>\n","protected":false},"excerpt":{"rendered":"<p>Madrid, 27 nov (EFE).- Obras nunca vistas de pintores muy famosos, como Zurbar\u00e1n, Murillo y El Greco, y otros m\u00e1s conocidos por los especialistas, como el alem\u00e1n Matthis Gerung, han viajado desde Oviedo a Madrid para exponerse en una suerte de \u00abmini Prado\u00bb, que sirve como una \u00ablecci\u00f3n de historia de arte acelerada y c\u00f3moda\u00bb. [&hellip;]<\/p>\n","protected":false},"author":1,"featured_media":455084,"comment_status":"open","ping_status":"open","sticky":false,"template":"","format":"standard","meta":{"footnotes":""},"categories":[2],"tags":[],"class_list":["post-455083","post","type-post","status-publish","format-standard","has-post-thumbnail","hentry","category-agenda"],"aioseo_notices":[],"aioseo_head":"\n\t\t<!-- All in One SEO Pro 5.0.1 - aioseo.com -->\n\t<meta name=\"description\" content=\"Madrid, 27 nov (EFE).- Obras nunca vistas de pintores muy famosos, como Zurbar\u00e1n, Murillo y El Greco, y otros m\u00e1s conocidos por los especialistas, como el alem\u00e1n Matthis Gerung, han viajado desde Oviedo a Madrid para exponerse en una suerte de &quot;mini Prado&quot;, que sirve como una &quot;lecci\u00f3n de historia de arte acelerada y c\u00f3moda&quot;.\" \/>\n\t<meta name=\"robots\" content=\"max-image-preview:large\" \/>\n\t<meta name=\"author\" content=\"El Digital de Asturias\"\/>\n\t<meta name=\"google-site-verification\" content=\"UA-38556648-1\" \/>\n\t<meta name=\"msvalidate.01\" content=\"7dfe9f3f1b24437ab69f4f2559babe99\" \/>\n\t<meta name=\"keywords\" content=\"agenda\" \/>\n\t<link rel=\"canonical\" href=\"https:\/\/www.eldigitaldeasturias.com\/noticias\/la-coleccion-masaveu-se-muestra-como-un-mini-prado-inedito\/\" \/>\n\t<meta name=\"generator\" content=\"All in One SEO Pro (AIOSEO) 5.0.1\" \/>\n\t\t<meta property=\"og:locale\" content=\"es_ES\" \/>\n\t\t<meta property=\"og:site_name\" content=\"El Digital de Asturias\" \/>\n\t\t<meta property=\"og:type\" content=\"article\" \/>\n\t\t<meta property=\"og:title\" content=\"La Colecci\u00f3n Masaveu se muestra como un \u00abmini Prado\u00bb in\u00e9dito - El Digital de Asturias\" \/>\n\t\t<meta property=\"og:description\" content=\"Madrid, 27 nov (EFE).- Obras nunca vistas de pintores muy famosos, como Zurbar\u00e1n, Murillo y El Greco, y otros m\u00e1s conocidos por los especialistas, como el alem\u00e1n Matthis Gerung, han viajado desde Oviedo a Madrid para exponerse en una suerte de &quot;mini Prado&quot;, que sirve como una &quot;lecci\u00f3n de historia de arte acelerada y c\u00f3moda&quot;.\" \/>\n\t\t<meta property=\"og:url\" content=\"https:\/\/www.eldigitaldeasturias.com\/noticias\/la-coleccion-masaveu-se-muestra-como-un-mini-prado-inedito\/\" \/>\n\t\t<meta property=\"article:tag\" content=\"agenda\" \/>\n\t\t<meta property=\"article:published_time\" content=\"2013-11-28T00:38:53+00:00\" \/>\n\t\t<meta property=\"article:modified_time\" content=\"2013-11-28T00:38:53+00:00\" \/>\n\t\t<meta property=\"article:publisher\" content=\"https:\/\/facebook.com\/eldigitaldeasturias\" \/>\n\t\t<meta name=\"twitter:card\" content=\"summary_large_image\" \/>\n\t\t<meta name=\"twitter:title\" content=\"La Colecci\u00f3n Masaveu se muestra como un \u00abmini Prado\u00bb in\u00e9dito - El Digital de Asturias\" \/>\n\t\t<meta name=\"twitter:description\" content=\"Madrid, 27 nov (EFE).- Obras nunca vistas de pintores muy famosos, como Zurbar\u00e1n, Murillo y El Greco, y otros m\u00e1s conocidos por los especialistas, como el alem\u00e1n Matthis Gerung, han viajado desde Oviedo a Madrid para exponerse en una suerte de &quot;mini Prado&quot;, que sirve como una &quot;lecci\u00f3n de historia de arte acelerada y c\u00f3moda&quot;.\" \/>\n\t\t<meta name=\"twitter:label1\" content=\"Escrito por\" \/>\n\t\t<meta name=\"twitter:data1\" content=\"El Digital de Asturias\" \/>\n\t\t<meta name=\"twitter:label2\" content=\"Tiempo de lectura estimado\" \/>\n\t\t<meta name=\"twitter:data2\" content=\"4 minutos\" \/>\n\t\t<script type=\"application\/ld+json\" class=\"aioseo-schema\">\n\t\t\t{\"@context\":\"https:\\\/\\\/schema.org\",\"@graph\":[{\"@type\":\"BlogPosting\",\"@id\":\"https:\\\/\\\/www.eldigitaldeasturias.com\\\/noticias\\\/la-coleccion-masaveu-se-muestra-como-un-mini-prado-inedito\\\/#blogposting\",\"name\":\"La Colecci\\u00f3n Masaveu se muestra como un \\u00abmini Prado\\u00bb in\\u00e9dito - El Digital de Asturias\",\"headline\":\"La Colecci\\u00f3n Masaveu se muestra como un \\u00abmini Prado\\u00bb in\\u00e9dito\",\"author\":{\"@id\":\"https:\\\/\\\/www.eldigitaldeasturias.com\\\/noticias\\\/author\\\/admin\\\/#author\"},\"publisher\":{\"@id\":\"https:\\\/\\\/www.eldigitaldeasturias.com\\\/noticias\\\/#organization\"},\"image\":{\"@type\":\"ImageObject\",\"url\":455084},\"datePublished\":\"2013-11-27T23:38:53+01:00\",\"dateModified\":\"2013-11-27T23:38:53+01:00\",\"inLanguage\":\"es-ES\",\"mainEntityOfPage\":{\"@id\":\"https:\\\/\\\/www.eldigitaldeasturias.com\\\/noticias\\\/la-coleccion-masaveu-se-muestra-como-un-mini-prado-inedito\\\/#webpage\"},\"isPartOf\":{\"@id\":\"https:\\\/\\\/www.eldigitaldeasturias.com\\\/noticias\\\/la-coleccion-masaveu-se-muestra-como-un-mini-prado-inedito\\\/#webpage\"},\"articleSection\":\"Agenda\"},{\"@type\":\"BreadcrumbList\",\"@id\":\"https:\\\/\\\/www.eldigitaldeasturias.com\\\/noticias\\\/la-coleccion-masaveu-se-muestra-como-un-mini-prado-inedito\\\/#breadcrumblist\",\"itemListElement\":[{\"@type\":\"ListItem\",\"@id\":\"https:\\\/\\\/www.eldigitaldeasturias.com\\\/noticias#listItem\",\"position\":1,\"name\":\"Home\",\"item\":\"https:\\\/\\\/www.eldigitaldeasturias.com\\\/noticias\",\"nextItem\":{\"@type\":\"ListItem\",\"@id\":\"https:\\\/\\\/www.eldigitaldeasturias.com\\\/noticias\\\/category\\\/agenda\\\/#listItem\",\"name\":\"Agenda\"}},{\"@type\":\"ListItem\",\"@id\":\"https:\\\/\\\/www.eldigitaldeasturias.com\\\/noticias\\\/category\\\/agenda\\\/#listItem\",\"position\":2,\"name\":\"Agenda\",\"item\":\"https:\\\/\\\/www.eldigitaldeasturias.com\\\/noticias\\\/category\\\/agenda\\\/\",\"nextItem\":{\"@type\":\"ListItem\",\"@id\":\"https:\\\/\\\/www.eldigitaldeasturias.com\\\/noticias\\\/la-coleccion-masaveu-se-muestra-como-un-mini-prado-inedito\\\/#listItem\",\"name\":\"La Colecci\\u00f3n Masaveu se muestra como un \\u00abmini Prado\\u00bb in\\u00e9dito\"},\"previousItem\":{\"@type\":\"ListItem\",\"@id\":\"https:\\\/\\\/www.eldigitaldeasturias.com\\\/noticias#listItem\",\"name\":\"Home\"}},{\"@type\":\"ListItem\",\"@id\":\"https:\\\/\\\/www.eldigitaldeasturias.com\\\/noticias\\\/la-coleccion-masaveu-se-muestra-como-un-mini-prado-inedito\\\/#listItem\",\"position\":3,\"name\":\"La Colecci\\u00f3n Masaveu se muestra como un \\u00abmini Prado\\u00bb in\\u00e9dito\",\"previousItem\":{\"@type\":\"ListItem\",\"@id\":\"https:\\\/\\\/www.eldigitaldeasturias.com\\\/noticias\\\/category\\\/agenda\\\/#listItem\",\"name\":\"Agenda\"}}]},{\"@type\":\"Organization\",\"@id\":\"https:\\\/\\\/www.eldigitaldeasturias.com\\\/noticias\\\/#organization\",\"name\":\"El Digital de Asturias\",\"description\":\"Hemeroteca\",\"url\":\"https:\\\/\\\/www.eldigitaldeasturias.com\\\/noticias\\\/\",\"email\":\"info@eldigitaldeasturias.com\",\"telephone\":\"+34652131393\",\"logo\":{\"@type\":\"ImageObject\",\"url\":\"https:\\\/\\\/www.eldigitaldeasturias.com\\\/noticias\\\/wp-content\\\/uploads\\\/2020\\\/12\\\/EDA.jpg\",\"@id\":\"https:\\\/\\\/www.eldigitaldeasturias.com\\\/noticias\\\/la-coleccion-masaveu-se-muestra-como-un-mini-prado-inedito\\\/#organizationLogo\"},\"image\":{\"@id\":\"https:\\\/\\\/www.eldigitaldeasturias.com\\\/noticias\\\/la-coleccion-masaveu-se-muestra-como-un-mini-prado-inedito\\\/#organizationLogo\"},\"sameAs\":[\"https:\\\/\\\/facebook.com\\\/eldigitaldeasturias\",\"https:\\\/\\\/www.youtube.com\\\/channel\\\/UCZP-2wLEB9Rv6erhFmqVnvg\"],\"address\":{\"@id\":\"https:\\\/\\\/www.eldigitaldeasturias.com\\\/noticias\\\/#postaladdress\",\"@type\":\"PostalAddress\",\"streetAddress\":\"san antonio 4\",\"postalCode\":\"33430\",\"addressLocality\":\"Cand\\u00e1s\",\"addressRegion\":\"Asturias\",\"addressCountry\":\"ES\"}},{\"@type\":\"Person\",\"@id\":\"https:\\\/\\\/www.eldigitaldeasturias.com\\\/noticias\\\/author\\\/admin\\\/#author\",\"url\":\"https:\\\/\\\/www.eldigitaldeasturias.com\\\/noticias\\\/author\\\/admin\\\/\",\"name\":\"El Digital de Asturias\",\"image\":{\"@type\":\"ImageObject\",\"@id\":\"https:\\\/\\\/www.eldigitaldeasturias.com\\\/noticias\\\/la-coleccion-masaveu-se-muestra-como-un-mini-prado-inedito\\\/#authorImage\",\"url\":\"https:\\\/\\\/secure.gravatar.com\\\/avatar\\\/df2aeffc32bcd13f8d26072ef8a91b623d677766deac7f97ca815868cd41bf5e?s=96&d=mm&r=g\",\"width\":96,\"height\":96,\"caption\":\"El Digital de Asturias\"}},{\"@type\":\"WebPage\",\"@id\":\"https:\\\/\\\/www.eldigitaldeasturias.com\\\/noticias\\\/la-coleccion-masaveu-se-muestra-como-un-mini-prado-inedito\\\/#webpage\",\"url\":\"https:\\\/\\\/www.eldigitaldeasturias.com\\\/noticias\\\/la-coleccion-masaveu-se-muestra-como-un-mini-prado-inedito\\\/\",\"name\":\"La Colecci\\u00f3n Masaveu se muestra como un \\u00abmini Prado\\u00bb in\\u00e9dito - El Digital de Asturias\",\"description\":\"Madrid, 27 nov (EFE).- Obras nunca vistas de pintores muy famosos, como Zurbar\\u00e1n, Murillo y El Greco, y otros m\\u00e1s conocidos por los especialistas, como el alem\\u00e1n Matthis Gerung, han viajado desde Oviedo a Madrid para exponerse en una suerte de \\\"mini Prado\\\", que sirve como una \\\"lecci\\u00f3n de historia de arte acelerada y c\\u00f3moda\\\".\",\"inLanguage\":\"es-ES\",\"isPartOf\":{\"@id\":\"https:\\\/\\\/www.eldigitaldeasturias.com\\\/noticias\\\/#website\"},\"breadcrumb\":{\"@id\":\"https:\\\/\\\/www.eldigitaldeasturias.com\\\/noticias\\\/la-coleccion-masaveu-se-muestra-como-un-mini-prado-inedito\\\/#breadcrumblist\"},\"author\":{\"@id\":\"https:\\\/\\\/www.eldigitaldeasturias.com\\\/noticias\\\/author\\\/admin\\\/#author\"},\"creator\":{\"@id\":\"https:\\\/\\\/www.eldigitaldeasturias.com\\\/noticias\\\/author\\\/admin\\\/#author\"},\"image\":{\"@type\":\"ImageObject\",\"url\":455084,\"@id\":\"https:\\\/\\\/www.eldigitaldeasturias.com\\\/noticias\\\/la-coleccion-masaveu-se-muestra-como-un-mini-prado-inedito\\\/#mainImage\"},\"primaryImageOfPage\":{\"@id\":\"https:\\\/\\\/www.eldigitaldeasturias.com\\\/noticias\\\/la-coleccion-masaveu-se-muestra-como-un-mini-prado-inedito\\\/#mainImage\"},\"datePublished\":\"2013-11-27T23:38:53+01:00\",\"dateModified\":\"2013-11-27T23:38:53+01:00\"},{\"@type\":\"WebSite\",\"@id\":\"https:\\\/\\\/www.eldigitaldeasturias.com\\\/noticias\\\/#website\",\"url\":\"https:\\\/\\\/www.eldigitaldeasturias.com\\\/noticias\\\/\",\"name\":\"El Digital de Asturias - Diario de actualidad y noticias\",\"alternateName\":\"El Digital de Asturias - Diario de actualidad y noticias\",\"description\":\"Hemeroteca\",\"inLanguage\":\"es-ES\",\"publisher\":{\"@id\":\"https:\\\/\\\/www.eldigitaldeasturias.com\\\/noticias\\\/#organization\"}}]}\n\t\t<\/script>\n\t\t<!-- All in One SEO Pro -->\r\n\t\t<title>La Colecci\u00f3n Masaveu se muestra como un \u00abmini Prado\u00bb in\u00e9dito - El Digital de Asturias<\/title>\n\n","aioseo_head_json":{"title":"La Colecci\u00f3n Masaveu se muestra como un \u00abmini Prado\u00bb in\u00e9dito - El Digital de Asturias","description":"Madrid, 27 nov (EFE).- Obras nunca vistas de pintores muy famosos, como Zurbar\u00e1n, Murillo y El Greco, y otros m\u00e1s conocidos por los especialistas, como el alem\u00e1n Matthis Gerung, han viajado desde Oviedo a Madrid para exponerse en una suerte de \"mini Prado\", que sirve como una \"lecci\u00f3n de historia de arte acelerada y c\u00f3moda\".","canonical_url":"https:\/\/www.eldigitaldeasturias.com\/noticias\/la-coleccion-masaveu-se-muestra-como-un-mini-prado-inedito\/","robots":"max-image-preview:large","keywords":"agenda","webmasterTools":{"google-site-verification":"UA-38556648-1","msvalidate.01":"7dfe9f3f1b24437ab69f4f2559babe99","miscellaneous":""},"schema":{"@context":"https:\/\/schema.org","@graph":[{"@type":"BlogPosting","@id":"https:\/\/www.eldigitaldeasturias.com\/noticias\/la-coleccion-masaveu-se-muestra-como-un-mini-prado-inedito\/#blogposting","name":"La Colecci\u00f3n Masaveu se muestra como un \u00abmini Prado\u00bb in\u00e9dito - El Digital de Asturias","headline":"La Colecci\u00f3n Masaveu se muestra como un \u00abmini Prado\u00bb in\u00e9dito","author":{"@id":"https:\/\/www.eldigitaldeasturias.com\/noticias\/author\/admin\/#author"},"publisher":{"@id":"https:\/\/www.eldigitaldeasturias.com\/noticias\/#organization"},"image":{"@type":"ImageObject","url":455084},"datePublished":"2013-11-27T23:38:53+01:00","dateModified":"2013-11-27T23:38:53+01:00","inLanguage":"es-ES","mainEntityOfPage":{"@id":"https:\/\/www.eldigitaldeasturias.com\/noticias\/la-coleccion-masaveu-se-muestra-como-un-mini-prado-inedito\/#webpage"},"isPartOf":{"@id":"https:\/\/www.eldigitaldeasturias.com\/noticias\/la-coleccion-masaveu-se-muestra-como-un-mini-prado-inedito\/#webpage"},"articleSection":"Agenda"},{"@type":"BreadcrumbList","@id":"https:\/\/www.eldigitaldeasturias.com\/noticias\/la-coleccion-masaveu-se-muestra-como-un-mini-prado-inedito\/#breadcrumblist","itemListElement":[{"@type":"ListItem","@id":"https:\/\/www.eldigitaldeasturias.com\/noticias#listItem","position":1,"name":"Home","item":"https:\/\/www.eldigitaldeasturias.com\/noticias","nextItem":{"@type":"ListItem","@id":"https:\/\/www.eldigitaldeasturias.com\/noticias\/category\/agenda\/#listItem","name":"Agenda"}},{"@type":"ListItem","@id":"https:\/\/www.eldigitaldeasturias.com\/noticias\/category\/agenda\/#listItem","position":2,"name":"Agenda","item":"https:\/\/www.eldigitaldeasturias.com\/noticias\/category\/agenda\/","nextItem":{"@type":"ListItem","@id":"https:\/\/www.eldigitaldeasturias.com\/noticias\/la-coleccion-masaveu-se-muestra-como-un-mini-prado-inedito\/#listItem","name":"La Colecci\u00f3n Masaveu se muestra como un \u00abmini Prado\u00bb in\u00e9dito"},"previousItem":{"@type":"ListItem","@id":"https:\/\/www.eldigitaldeasturias.com\/noticias#listItem","name":"Home"}},{"@type":"ListItem","@id":"https:\/\/www.eldigitaldeasturias.com\/noticias\/la-coleccion-masaveu-se-muestra-como-un-mini-prado-inedito\/#listItem","position":3,"name":"La Colecci\u00f3n Masaveu se muestra como un \u00abmini Prado\u00bb in\u00e9dito","previousItem":{"@type":"ListItem","@id":"https:\/\/www.eldigitaldeasturias.com\/noticias\/category\/agenda\/#listItem","name":"Agenda"}}]},{"@type":"Organization","@id":"https:\/\/www.eldigitaldeasturias.com\/noticias\/#organization","name":"El Digital de Asturias","description":"Hemeroteca","url":"https:\/\/www.eldigitaldeasturias.com\/noticias\/","email":"info@eldigitaldeasturias.com","telephone":"+34652131393","logo":{"@type":"ImageObject","url":"https:\/\/www.eldigitaldeasturias.com\/noticias\/wp-content\/uploads\/2020\/12\/EDA.jpg","@id":"https:\/\/www.eldigitaldeasturias.com\/noticias\/la-coleccion-masaveu-se-muestra-como-un-mini-prado-inedito\/#organizationLogo"},"image":{"@id":"https:\/\/www.eldigitaldeasturias.com\/noticias\/la-coleccion-masaveu-se-muestra-como-un-mini-prado-inedito\/#organizationLogo"},"sameAs":["https:\/\/facebook.com\/eldigitaldeasturias","https:\/\/www.youtube.com\/channel\/UCZP-2wLEB9Rv6erhFmqVnvg"],"address":{"@id":"https:\/\/www.eldigitaldeasturias.com\/noticias\/#postaladdress","@type":"PostalAddress","streetAddress":"san antonio 4","postalCode":"33430","addressLocality":"Cand\u00e1s","addressRegion":"Asturias","addressCountry":"ES"}},{"@type":"Person","@id":"https:\/\/www.eldigitaldeasturias.com\/noticias\/author\/admin\/#author","url":"https:\/\/www.eldigitaldeasturias.com\/noticias\/author\/admin\/","name":"El Digital de Asturias","image":{"@type":"ImageObject","@id":"https:\/\/www.eldigitaldeasturias.com\/noticias\/la-coleccion-masaveu-se-muestra-como-un-mini-prado-inedito\/#authorImage","url":"https:\/\/secure.gravatar.com\/avatar\/df2aeffc32bcd13f8d26072ef8a91b623d677766deac7f97ca815868cd41bf5e?s=96&d=mm&r=g","width":96,"height":96,"caption":"El Digital de Asturias"}},{"@type":"WebPage","@id":"https:\/\/www.eldigitaldeasturias.com\/noticias\/la-coleccion-masaveu-se-muestra-como-un-mini-prado-inedito\/#webpage","url":"https:\/\/www.eldigitaldeasturias.com\/noticias\/la-coleccion-masaveu-se-muestra-como-un-mini-prado-inedito\/","name":"La Colecci\u00f3n Masaveu se muestra como un \u00abmini Prado\u00bb in\u00e9dito - El Digital de Asturias","description":"Madrid, 27 nov (EFE).- Obras nunca vistas de pintores muy famosos, como Zurbar\u00e1n, Murillo y El Greco, y otros m\u00e1s conocidos por los especialistas, como el alem\u00e1n Matthis Gerung, han viajado desde Oviedo a Madrid para exponerse en una suerte de \"mini Prado\", que sirve como una \"lecci\u00f3n de historia de arte acelerada y c\u00f3moda\".","inLanguage":"es-ES","isPartOf":{"@id":"https:\/\/www.eldigitaldeasturias.com\/noticias\/#website"},"breadcrumb":{"@id":"https:\/\/www.eldigitaldeasturias.com\/noticias\/la-coleccion-masaveu-se-muestra-como-un-mini-prado-inedito\/#breadcrumblist"},"author":{"@id":"https:\/\/www.eldigitaldeasturias.com\/noticias\/author\/admin\/#author"},"creator":{"@id":"https:\/\/www.eldigitaldeasturias.com\/noticias\/author\/admin\/#author"},"image":{"@type":"ImageObject","url":455084,"@id":"https:\/\/www.eldigitaldeasturias.com\/noticias\/la-coleccion-masaveu-se-muestra-como-un-mini-prado-inedito\/#mainImage"},"primaryImageOfPage":{"@id":"https:\/\/www.eldigitaldeasturias.com\/noticias\/la-coleccion-masaveu-se-muestra-como-un-mini-prado-inedito\/#mainImage"},"datePublished":"2013-11-27T23:38:53+01:00","dateModified":"2013-11-27T23:38:53+01:00"},{"@type":"WebSite","@id":"https:\/\/www.eldigitaldeasturias.com\/noticias\/#website","url":"https:\/\/www.eldigitaldeasturias.com\/noticias\/","name":"El Digital de Asturias - Diario de actualidad y noticias","alternateName":"El Digital de Asturias - Diario de actualidad y noticias","description":"Hemeroteca","inLanguage":"es-ES","publisher":{"@id":"https:\/\/www.eldigitaldeasturias.com\/noticias\/#organization"}}]},"og:locale":"es_ES","og:site_name":"El Digital de Asturias","og:type":"article","og:title":"La Colecci\u00f3n Masaveu se muestra como un \u00abmini Prado\u00bb in\u00e9dito - El Digital de Asturias","og:description":"Madrid, 27 nov (EFE).- Obras nunca vistas de pintores muy famosos, como Zurbar\u00e1n, Murillo y El Greco, y otros m\u00e1s conocidos por los especialistas, como el alem\u00e1n Matthis Gerung, han viajado desde Oviedo a Madrid para exponerse en una suerte de &quot;mini Prado&quot;, que sirve como una &quot;lecci\u00f3n de historia de arte acelerada y c\u00f3moda&quot;.","og:url":"https:\/\/www.eldigitaldeasturias.com\/noticias\/la-coleccion-masaveu-se-muestra-como-un-mini-prado-inedito\/","article:tag":["agenda"],"article:published_time":"2013-11-28T00:38:53+00:00","article:modified_time":"2013-11-28T00:38:53+00:00","article:publisher":"https:\/\/facebook.com\/eldigitaldeasturias","twitter:card":"summary_large_image","twitter:title":"La Colecci\u00f3n Masaveu se muestra como un \u00abmini Prado\u00bb in\u00e9dito - El Digital de Asturias","twitter:description":"Madrid, 27 nov (EFE).- Obras nunca vistas de pintores muy famosos, como Zurbar\u00e1n, Murillo y El Greco, y otros m\u00e1s conocidos por los especialistas, como el alem\u00e1n Matthis Gerung, han viajado desde Oviedo a Madrid para exponerse en una suerte de &quot;mini Prado&quot;, que sirve como una &quot;lecci\u00f3n de historia de arte acelerada y c\u00f3moda&quot;.","twitter:label1":"Escrito por","twitter:data1":"El Digital de Asturias","twitter:label2":"Tiempo de lectura estimado","twitter:data2":"4 minutos"},"aioseo_meta_data":{"post_id":"455083","title":null,"description":null,"keywords":null,"keyphrases":null,"primary_term":null,"canonical_url":null,"og_title":null,"og_description":null,"og_object_type":"default","og_image_type":"default","og_image_url":null,"og_image_width":null,"og_image_height":null,"og_image_custom_url":null,"og_image_custom_fields":null,"og_video":null,"og_custom_url":null,"og_article_section":null,"og_article_tags":null,"twitter_use_og":true,"twitter_card":"default","twitter_image_type":"default","twitter_image_url":null,"twitter_image_custom_url":null,"twitter_image_custom_fields":null,"twitter_title":null,"twitter_description":null,"schema":{"blockGraphs":[],"customGraphs":[],"default":{"data":{"Article":[],"Course":[],"Dataset":[],"FAQPage":[],"Movie":[],"Person":[],"Product":[],"ProductReview":[],"Car":[],"Recipe":[],"Service":[],"SoftwareApplication":[],"WebPage":[]},"graphName":"","isEnabled":true},"graphs":[],"defaultGraph":"","defaultPostTypeGraph":""},"schema_type":null,"schema_type_options":null,"pillar_content":false,"robots_default":true,"robots_noindex":false,"robots_noarchive":false,"robots_nosnippet":false,"robots_nofollow":false,"robots_noimageindex":false,"robots_noodp":false,"robots_notranslate":false,"robots_max_snippet":null,"robots_max_videopreview":null,"robots_max_imagepreview":"none","priority":null,"frequency":null,"local_seo":null,"seo_analyzer_scan_date":"2026-05-29 17:01:15","breadcrumb_settings":null,"limit_modified_date":false,"open_ai":null,"ai":null,"created":"2020-11-14 22:45:11","updated":"2026-05-29 17:01:15","focus_keyword":null,"additional_keywords":null,"truseo_locale":null},"aioseo_breadcrumb":"<div class=\"aioseo-breadcrumbs\"><span class=\"aioseo-breadcrumb\">\n\t<a href=\"https:\/\/www.eldigitaldeasturias.com\/noticias\" title=\"Home\">Home<\/a>\n<\/span><span class=\"aioseo-breadcrumb-separator\">\u2013<\/span><span class=\"aioseo-breadcrumb\">\n\t<a href=\"https:\/\/www.eldigitaldeasturias.com\/noticias\/category\/agenda\/\" title=\"Agenda\">Agenda<\/a>\n<\/span><span class=\"aioseo-breadcrumb-separator\">\u2013<\/span><span class=\"aioseo-breadcrumb\">\n\t<a href=\"https:\/\/www.eldigitaldeasturias.com\/noticias\/la-coleccion-masaveu-se-muestra-como-un-mini-prado-inedito\/\" title=\"La Colecci\u00f3n Masaveu se muestra como un \u00abmini Prado\u00bb in\u00e9dito\">La Colecci\u00f3n Masaveu se muestra como un \u00abmini Prado\u00bb in\u00e9dito<\/a>\n<\/span><\/div>","aioseo_breadcrumb_json":[{"label":"Home","link":"https:\/\/www.eldigitaldeasturias.com\/noticias"},{"label":"Agenda","link":"https:\/\/www.eldigitaldeasturias.com\/noticias\/category\/agenda\/"},{"label":"La Colecci\u00f3n Masaveu se muestra como un \u00abmini Prado\u00bb in\u00e9dito","link":"https:\/\/www.eldigitaldeasturias.com\/noticias\/la-coleccion-masaveu-se-muestra-como-un-mini-prado-inedito\/"}],"_links":{"self":[{"href":"https:\/\/www.eldigitaldeasturias.com\/noticias\/wp-json\/wp\/v2\/posts\/455083","targetHints":{"allow":["GET"]}}],"collection":[{"href":"https:\/\/www.eldigitaldeasturias.com\/noticias\/wp-json\/wp\/v2\/posts"}],"about":[{"href":"https:\/\/www.eldigitaldeasturias.com\/noticias\/wp-json\/wp\/v2\/types\/post"}],"author":[{"embeddable":true,"href":"https:\/\/www.eldigitaldeasturias.com\/noticias\/wp-json\/wp\/v2\/users\/1"}],"replies":[{"embeddable":true,"href":"https:\/\/www.eldigitaldeasturias.com\/noticias\/wp-json\/wp\/v2\/comments?post=455083"}],"version-history":[{"count":0,"href":"https:\/\/www.eldigitaldeasturias.com\/noticias\/wp-json\/wp\/v2\/posts\/455083\/revisions"}],"wp:attachment":[{"href":"https:\/\/www.eldigitaldeasturias.com\/noticias\/wp-json\/wp\/v2\/media?parent=455083"}],"wp:term":[{"taxonomy":"category","embeddable":true,"href":"https:\/\/www.eldigitaldeasturias.com\/noticias\/wp-json\/wp\/v2\/categories?post=455083"},{"taxonomy":"post_tag","embeddable":true,"href":"https:\/\/www.eldigitaldeasturias.com\/noticias\/wp-json\/wp\/v2\/tags?post=455083"}],"curies":[{"name":"wp","href":"https:\/\/api.w.org\/{rel}","templated":true}]}}