{"id":455068,"date":"2013-11-27T23:28:18","date_gmt":"2013-11-28T00:28:18","guid":{"rendered":"http:\/\/www.eldigitaldeasturias.com\/noticias\/?p=455068"},"modified":"2013-11-27T23:28:18","modified_gmt":"2013-11-28T00:28:18","slug":"julian-munoz-acepta-un-ano-de-carcel-en-otro-caso-urbanistico","status":"publish","type":"post","link":"https:\/\/www.eldigitaldeasturias.com\/noticias\/julian-munoz-acepta-un-ano-de-carcel-en-otro-caso-urbanistico\/","title":{"rendered":"Juli\u00e1n Mu\u00f1oz acepta un a\u00f1o de c\u00e1rcel en otro caso urban\u00edstico"},"content":{"rendered":"<p><img loading=\"lazy\" decoding=\"async\" class=\"alignleft size-medium wp-image-455069\" alt=\"5757634w\" src=\"https:\/\/www.eldigitaldeasturias.com\/noticias\/wp-content\/uploads\/2013\/11\/5757634w-360x239.jpg\" width=\"360\" height=\"239\" \/>M\u00e1laga, 27 nov (EFE).- El exalcalde de Marbella Juli\u00e1n Mu\u00f1oz se ha conformado hoy con la acusaci\u00f3n formulada por la Fiscal\u00eda malague\u00f1a de un a\u00f1o de c\u00e1rcel en una causa por un delito urban\u00edstico por la concesi\u00f3n de una licencia de obras.<\/p>\n<p>En el caso tambi\u00e9n se han mostrado conforme con la acusaci\u00f3n dos exediles del Grupo Independiente Liberal (GIL) Rafael Gonz\u00e1lez y Jos\u00e9 Luis Troyano.<\/p>\n<p>El juicio se iba a celebrar hoy en el Juzgado de lo Penal n\u00famero 14 de M\u00e1laga y en el banquillo de los acusados estaba previsto que se sentaran el exalcalde y otros exediles del GIL, pero la conformidad no ha sido ratificada en vista p\u00fablica, sino en la oficina del juzgado.<\/p>\n<p>La pena fijada para Juli\u00e1n Mu\u00f1oz y Rafael Gonz\u00e1lez ha sido de un a\u00f1o de prisi\u00f3n y para Jos\u00e9 Luis Troyano de nueve meses de c\u00e1rcel, seg\u00fan han informado a Efe, fuentes judiciales.<\/p>\n<p>Los hechos que han motivado esta causa ocurrieron en marzo del 2001 cuando los acusados concedieron una licencia de obra al proyecto b\u00e1sico de 21 viviendas a una empresa en la zona conocida como La Retranca del \u00c1ngel, en la localidad malague\u00f1a de Marbella.<\/p>\n<p>Para el fiscal, los acusados fueron conscientes de que las obras que se pretend\u00edan realizar no se ajustaban al planeamiento vigente en ese momento, que era el Plan General de Ordenaci\u00f3n Urbana (PGOU) de 1986.<\/p>\n<p>Adem\u00e1s constaba en el expediente un informe t\u00e9cnico que calificaba los terrenos como equipamiento deportivo.<\/p>\n<p>Actualmente Mu\u00f1oz est\u00e1 cumpliendo la condena a siete a\u00f1os de c\u00e1rcel por blanqueo de capitales en el procedimiento en el que tambi\u00e9n fue acusada su expareja, la tonadillera Isabel Pantoja.<\/p>\n<p>Juli\u00e1n Mu\u00f1oz est\u00e1 imputado en m\u00e1s de cien procedimientos y tiene 55 condenas, 52 son sentencias condenatorias firmes -muchas de ellas con penas de prisi\u00f3n- y la otra es la resoluci\u00f3n no firme sobre el \u00abcaso Minutas\u00bb, por el que fue condenado por la Audiencia Provincial de M\u00e1laga a siete a\u00f1os y medio de c\u00e1rcel.<\/p>\n<p>Sus \u00faltimas condenas han sido en el caso \u00abMalaya\u00bb, contra la mayor trama de corrupci\u00f3n municipal conocida en Espa\u00f1a, y el caso \u00abSaqueo II\u00bb, sobre un desv\u00edo de unos 70 millones del Ayuntamiento de Marbella.<\/p>\n","protected":false},"excerpt":{"rendered":"<p>M\u00e1laga, 27 nov (EFE).- El exalcalde de Marbella Juli\u00e1n Mu\u00f1oz se ha conformado hoy con la acusaci\u00f3n formulada por la Fiscal\u00eda malague\u00f1a de un a\u00f1o de c\u00e1rcel en una causa por un delito urban\u00edstico por la concesi\u00f3n de una licencia de obras. En el caso tambi\u00e9n se han mostrado conforme con la acusaci\u00f3n dos exediles [&hellip;]<\/p>\n","protected":false},"author":1,"featured_media":455069,"comment_status":"open","ping_status":"open","sticky":false,"template":"","format":"standard","meta":{"footnotes":""},"categories":[5],"tags":[],"class_list":["post-455068","post","type-post","status-publish","format-standard","has-post-thumbnail","hentry","category-sucesos"],"aioseo_notices":[],"aioseo_head":"\n\t\t<!-- All in One SEO Pro 5.0.1 - aioseo.com -->\n\t<meta name=\"description\" content=\"M\u00e1laga, 27 nov (EFE).- El exalcalde de Marbella Juli\u00e1n Mu\u00f1oz se ha conformado hoy con la acusaci\u00f3n formulada por la Fiscal\u00eda malague\u00f1a de un a\u00f1o de c\u00e1rcel en una causa por un delito urban\u00edstico por la concesi\u00f3n de una licencia de obras. En el caso tambi\u00e9n se han mostrado conforme con la acusaci\u00f3n dos exediles\" \/>\n\t<meta name=\"robots\" content=\"max-image-preview:large\" \/>\n\t<meta name=\"author\" content=\"El Digital de Asturias\"\/>\n\t<meta name=\"google-site-verification\" content=\"UA-38556648-1\" \/>\n\t<meta name=\"msvalidate.01\" content=\"7dfe9f3f1b24437ab69f4f2559babe99\" \/>\n\t<meta name=\"keywords\" content=\"sucesos\" \/>\n\t<link rel=\"canonical\" href=\"https:\/\/www.eldigitaldeasturias.com\/noticias\/julian-munoz-acepta-un-ano-de-carcel-en-otro-caso-urbanistico\/\" \/>\n\t<meta name=\"generator\" content=\"All in One SEO Pro (AIOSEO) 5.0.1\" \/>\n\t\t<meta property=\"og:locale\" content=\"es_ES\" \/>\n\t\t<meta property=\"og:site_name\" content=\"El Digital de Asturias\" \/>\n\t\t<meta property=\"og:type\" content=\"article\" \/>\n\t\t<meta property=\"og:title\" content=\"Juli\u00e1n Mu\u00f1oz acepta un a\u00f1o de c\u00e1rcel en otro caso urban\u00edstico - El Digital de Asturias\" \/>\n\t\t<meta property=\"og:description\" content=\"M\u00e1laga, 27 nov (EFE).- El exalcalde de Marbella Juli\u00e1n Mu\u00f1oz se ha conformado hoy con la acusaci\u00f3n formulada por la Fiscal\u00eda malague\u00f1a de un a\u00f1o de c\u00e1rcel en una causa por un delito urban\u00edstico por la concesi\u00f3n de una licencia de obras. En el caso tambi\u00e9n se han mostrado conforme con la acusaci\u00f3n dos exediles\" \/>\n\t\t<meta property=\"og:url\" content=\"https:\/\/www.eldigitaldeasturias.com\/noticias\/julian-munoz-acepta-un-ano-de-carcel-en-otro-caso-urbanistico\/\" \/>\n\t\t<meta property=\"article:tag\" content=\"sucesos\" \/>\n\t\t<meta property=\"article:published_time\" content=\"2013-11-28T00:28:18+00:00\" \/>\n\t\t<meta property=\"article:modified_time\" content=\"2013-11-28T00:28:18+00:00\" \/>\n\t\t<meta property=\"article:publisher\" content=\"https:\/\/facebook.com\/eldigitaldeasturias\" \/>\n\t\t<meta name=\"twitter:card\" content=\"summary_large_image\" \/>\n\t\t<meta name=\"twitter:title\" content=\"Juli\u00e1n Mu\u00f1oz acepta un a\u00f1o de c\u00e1rcel en otro caso urban\u00edstico - El Digital de Asturias\" \/>\n\t\t<meta name=\"twitter:description\" content=\"M\u00e1laga, 27 nov (EFE).- El exalcalde de Marbella Juli\u00e1n Mu\u00f1oz se ha conformado hoy con la acusaci\u00f3n formulada por la Fiscal\u00eda malague\u00f1a de un a\u00f1o de c\u00e1rcel en una causa por un delito urban\u00edstico por la concesi\u00f3n de una licencia de obras. En el caso tambi\u00e9n se han mostrado conforme con la acusaci\u00f3n dos exediles\" \/>\n\t\t<meta name=\"twitter:label1\" content=\"Escrito por\" \/>\n\t\t<meta name=\"twitter:data1\" content=\"El Digital de Asturias\" \/>\n\t\t<meta name=\"twitter:label2\" content=\"Tiempo de lectura estimado\" \/>\n\t\t<meta name=\"twitter:data2\" content=\"2 minutos\" \/>\n\t\t<script type=\"application\/ld+json\" class=\"aioseo-schema\">\n\t\t\t{\"@context\":\"https:\\\/\\\/schema.org\",\"@graph\":[{\"@type\":\"BlogPosting\",\"@id\":\"https:\\\/\\\/www.eldigitaldeasturias.com\\\/noticias\\\/julian-munoz-acepta-un-ano-de-carcel-en-otro-caso-urbanistico\\\/#blogposting\",\"name\":\"Juli\\u00e1n Mu\\u00f1oz acepta un a\\u00f1o de c\\u00e1rcel en otro caso urban\\u00edstico - El Digital de Asturias\",\"headline\":\"Juli\\u00e1n Mu\\u00f1oz acepta un a\\u00f1o de c\\u00e1rcel en otro caso urban\\u00edstico\",\"author\":{\"@id\":\"https:\\\/\\\/www.eldigitaldeasturias.com\\\/noticias\\\/author\\\/admin\\\/#author\"},\"publisher\":{\"@id\":\"https:\\\/\\\/www.eldigitaldeasturias.com\\\/noticias\\\/#organization\"},\"image\":{\"@type\":\"ImageObject\",\"url\":455069},\"datePublished\":\"2013-11-27T23:28:18+01:00\",\"dateModified\":\"2013-11-27T23:28:18+01:00\",\"inLanguage\":\"es-ES\",\"mainEntityOfPage\":{\"@id\":\"https:\\\/\\\/www.eldigitaldeasturias.com\\\/noticias\\\/julian-munoz-acepta-un-ano-de-carcel-en-otro-caso-urbanistico\\\/#webpage\"},\"isPartOf\":{\"@id\":\"https:\\\/\\\/www.eldigitaldeasturias.com\\\/noticias\\\/julian-munoz-acepta-un-ano-de-carcel-en-otro-caso-urbanistico\\\/#webpage\"},\"articleSection\":\"Sucesos\"},{\"@type\":\"BreadcrumbList\",\"@id\":\"https:\\\/\\\/www.eldigitaldeasturias.com\\\/noticias\\\/julian-munoz-acepta-un-ano-de-carcel-en-otro-caso-urbanistico\\\/#breadcrumblist\",\"itemListElement\":[{\"@type\":\"ListItem\",\"@id\":\"https:\\\/\\\/www.eldigitaldeasturias.com\\\/noticias#listItem\",\"position\":1,\"name\":\"Home\",\"item\":\"https:\\\/\\\/www.eldigitaldeasturias.com\\\/noticias\",\"nextItem\":{\"@type\":\"ListItem\",\"@id\":\"https:\\\/\\\/www.eldigitaldeasturias.com\\\/noticias\\\/category\\\/sucesos\\\/#listItem\",\"name\":\"Sucesos\"}},{\"@type\":\"ListItem\",\"@id\":\"https:\\\/\\\/www.eldigitaldeasturias.com\\\/noticias\\\/category\\\/sucesos\\\/#listItem\",\"position\":2,\"name\":\"Sucesos\",\"item\":\"https:\\\/\\\/www.eldigitaldeasturias.com\\\/noticias\\\/category\\\/sucesos\\\/\",\"nextItem\":{\"@type\":\"ListItem\",\"@id\":\"https:\\\/\\\/www.eldigitaldeasturias.com\\\/noticias\\\/julian-munoz-acepta-un-ano-de-carcel-en-otro-caso-urbanistico\\\/#listItem\",\"name\":\"Juli\\u00e1n Mu\\u00f1oz acepta un a\\u00f1o de c\\u00e1rcel en otro caso urban\\u00edstico\"},\"previousItem\":{\"@type\":\"ListItem\",\"@id\":\"https:\\\/\\\/www.eldigitaldeasturias.com\\\/noticias#listItem\",\"name\":\"Home\"}},{\"@type\":\"ListItem\",\"@id\":\"https:\\\/\\\/www.eldigitaldeasturias.com\\\/noticias\\\/julian-munoz-acepta-un-ano-de-carcel-en-otro-caso-urbanistico\\\/#listItem\",\"position\":3,\"name\":\"Juli\\u00e1n Mu\\u00f1oz acepta un a\\u00f1o de c\\u00e1rcel en otro caso urban\\u00edstico\",\"previousItem\":{\"@type\":\"ListItem\",\"@id\":\"https:\\\/\\\/www.eldigitaldeasturias.com\\\/noticias\\\/category\\\/sucesos\\\/#listItem\",\"name\":\"Sucesos\"}}]},{\"@type\":\"Organization\",\"@id\":\"https:\\\/\\\/www.eldigitaldeasturias.com\\\/noticias\\\/#organization\",\"name\":\"El Digital de Asturias\",\"description\":\"Hemeroteca\",\"url\":\"https:\\\/\\\/www.eldigitaldeasturias.com\\\/noticias\\\/\",\"email\":\"info@eldigitaldeasturias.com\",\"telephone\":\"+34652131393\",\"logo\":{\"@type\":\"ImageObject\",\"url\":\"https:\\\/\\\/www.eldigitaldeasturias.com\\\/noticias\\\/wp-content\\\/uploads\\\/2020\\\/12\\\/EDA.jpg\",\"@id\":\"https:\\\/\\\/www.eldigitaldeasturias.com\\\/noticias\\\/julian-munoz-acepta-un-ano-de-carcel-en-otro-caso-urbanistico\\\/#organizationLogo\"},\"image\":{\"@id\":\"https:\\\/\\\/www.eldigitaldeasturias.com\\\/noticias\\\/julian-munoz-acepta-un-ano-de-carcel-en-otro-caso-urbanistico\\\/#organizationLogo\"},\"sameAs\":[\"https:\\\/\\\/facebook.com\\\/eldigitaldeasturias\",\"https:\\\/\\\/www.youtube.com\\\/channel\\\/UCZP-2wLEB9Rv6erhFmqVnvg\"],\"address\":{\"@id\":\"https:\\\/\\\/www.eldigitaldeasturias.com\\\/noticias\\\/#postaladdress\",\"@type\":\"PostalAddress\",\"streetAddress\":\"san antonio 4\",\"postalCode\":\"33430\",\"addressLocality\":\"Cand\\u00e1s\",\"addressRegion\":\"Asturias\",\"addressCountry\":\"ES\"}},{\"@type\":\"Person\",\"@id\":\"https:\\\/\\\/www.eldigitaldeasturias.com\\\/noticias\\\/author\\\/admin\\\/#author\",\"url\":\"https:\\\/\\\/www.eldigitaldeasturias.com\\\/noticias\\\/author\\\/admin\\\/\",\"name\":\"El Digital de Asturias\",\"image\":{\"@type\":\"ImageObject\",\"@id\":\"https:\\\/\\\/www.eldigitaldeasturias.com\\\/noticias\\\/julian-munoz-acepta-un-ano-de-carcel-en-otro-caso-urbanistico\\\/#authorImage\",\"url\":\"https:\\\/\\\/secure.gravatar.com\\\/avatar\\\/df2aeffc32bcd13f8d26072ef8a91b623d677766deac7f97ca815868cd41bf5e?s=96&d=mm&r=g\",\"width\":96,\"height\":96,\"caption\":\"El Digital de Asturias\"}},{\"@type\":\"WebPage\",\"@id\":\"https:\\\/\\\/www.eldigitaldeasturias.com\\\/noticias\\\/julian-munoz-acepta-un-ano-de-carcel-en-otro-caso-urbanistico\\\/#webpage\",\"url\":\"https:\\\/\\\/www.eldigitaldeasturias.com\\\/noticias\\\/julian-munoz-acepta-un-ano-de-carcel-en-otro-caso-urbanistico\\\/\",\"name\":\"Juli\\u00e1n Mu\\u00f1oz acepta un a\\u00f1o de c\\u00e1rcel en otro caso urban\\u00edstico - El Digital de Asturias\",\"description\":\"M\\u00e1laga, 27 nov (EFE).- El exalcalde de Marbella Juli\\u00e1n Mu\\u00f1oz se ha conformado hoy con la acusaci\\u00f3n formulada por la Fiscal\\u00eda malague\\u00f1a de un a\\u00f1o de c\\u00e1rcel en una causa por un delito urban\\u00edstico por la concesi\\u00f3n de una licencia de obras. En el caso tambi\\u00e9n se han mostrado conforme con la acusaci\\u00f3n dos exediles\",\"inLanguage\":\"es-ES\",\"isPartOf\":{\"@id\":\"https:\\\/\\\/www.eldigitaldeasturias.com\\\/noticias\\\/#website\"},\"breadcrumb\":{\"@id\":\"https:\\\/\\\/www.eldigitaldeasturias.com\\\/noticias\\\/julian-munoz-acepta-un-ano-de-carcel-en-otro-caso-urbanistico\\\/#breadcrumblist\"},\"author\":{\"@id\":\"https:\\\/\\\/www.eldigitaldeasturias.com\\\/noticias\\\/author\\\/admin\\\/#author\"},\"creator\":{\"@id\":\"https:\\\/\\\/www.eldigitaldeasturias.com\\\/noticias\\\/author\\\/admin\\\/#author\"},\"image\":{\"@type\":\"ImageObject\",\"url\":455069,\"@id\":\"https:\\\/\\\/www.eldigitaldeasturias.com\\\/noticias\\\/julian-munoz-acepta-un-ano-de-carcel-en-otro-caso-urbanistico\\\/#mainImage\"},\"primaryImageOfPage\":{\"@id\":\"https:\\\/\\\/www.eldigitaldeasturias.com\\\/noticias\\\/julian-munoz-acepta-un-ano-de-carcel-en-otro-caso-urbanistico\\\/#mainImage\"},\"datePublished\":\"2013-11-27T23:28:18+01:00\",\"dateModified\":\"2013-11-27T23:28:18+01:00\"},{\"@type\":\"WebSite\",\"@id\":\"https:\\\/\\\/www.eldigitaldeasturias.com\\\/noticias\\\/#website\",\"url\":\"https:\\\/\\\/www.eldigitaldeasturias.com\\\/noticias\\\/\",\"name\":\"El Digital de Asturias - Diario de actualidad y noticias\",\"alternateName\":\"El Digital de Asturias - Diario de actualidad y noticias\",\"description\":\"Hemeroteca\",\"inLanguage\":\"es-ES\",\"publisher\":{\"@id\":\"https:\\\/\\\/www.eldigitaldeasturias.com\\\/noticias\\\/#organization\"}}]}\n\t\t<\/script>\n\t\t<!-- All in One SEO Pro -->\r\n\t\t<title>Juli\u00e1n Mu\u00f1oz acepta un a\u00f1o de c\u00e1rcel en otro caso urban\u00edstico - El Digital de Asturias<\/title>\n\n","aioseo_head_json":{"title":"Juli\u00e1n Mu\u00f1oz acepta un a\u00f1o de c\u00e1rcel en otro caso urban\u00edstico - El Digital de Asturias","description":"M\u00e1laga, 27 nov (EFE).- El exalcalde de Marbella Juli\u00e1n Mu\u00f1oz se ha conformado hoy con la acusaci\u00f3n formulada por la Fiscal\u00eda malague\u00f1a de un a\u00f1o de c\u00e1rcel en una causa por un delito urban\u00edstico por la concesi\u00f3n de una licencia de obras. En el caso tambi\u00e9n se han mostrado conforme con la acusaci\u00f3n dos exediles","canonical_url":"https:\/\/www.eldigitaldeasturias.com\/noticias\/julian-munoz-acepta-un-ano-de-carcel-en-otro-caso-urbanistico\/","robots":"max-image-preview:large","keywords":"sucesos","webmasterTools":{"google-site-verification":"UA-38556648-1","msvalidate.01":"7dfe9f3f1b24437ab69f4f2559babe99","miscellaneous":""},"schema":{"@context":"https:\/\/schema.org","@graph":[{"@type":"BlogPosting","@id":"https:\/\/www.eldigitaldeasturias.com\/noticias\/julian-munoz-acepta-un-ano-de-carcel-en-otro-caso-urbanistico\/#blogposting","name":"Juli\u00e1n Mu\u00f1oz acepta un a\u00f1o de c\u00e1rcel en otro caso urban\u00edstico - El Digital de Asturias","headline":"Juli\u00e1n Mu\u00f1oz acepta un a\u00f1o de c\u00e1rcel en otro caso urban\u00edstico","author":{"@id":"https:\/\/www.eldigitaldeasturias.com\/noticias\/author\/admin\/#author"},"publisher":{"@id":"https:\/\/www.eldigitaldeasturias.com\/noticias\/#organization"},"image":{"@type":"ImageObject","url":455069},"datePublished":"2013-11-27T23:28:18+01:00","dateModified":"2013-11-27T23:28:18+01:00","inLanguage":"es-ES","mainEntityOfPage":{"@id":"https:\/\/www.eldigitaldeasturias.com\/noticias\/julian-munoz-acepta-un-ano-de-carcel-en-otro-caso-urbanistico\/#webpage"},"isPartOf":{"@id":"https:\/\/www.eldigitaldeasturias.com\/noticias\/julian-munoz-acepta-un-ano-de-carcel-en-otro-caso-urbanistico\/#webpage"},"articleSection":"Sucesos"},{"@type":"BreadcrumbList","@id":"https:\/\/www.eldigitaldeasturias.com\/noticias\/julian-munoz-acepta-un-ano-de-carcel-en-otro-caso-urbanistico\/#breadcrumblist","itemListElement":[{"@type":"ListItem","@id":"https:\/\/www.eldigitaldeasturias.com\/noticias#listItem","position":1,"name":"Home","item":"https:\/\/www.eldigitaldeasturias.com\/noticias","nextItem":{"@type":"ListItem","@id":"https:\/\/www.eldigitaldeasturias.com\/noticias\/category\/sucesos\/#listItem","name":"Sucesos"}},{"@type":"ListItem","@id":"https:\/\/www.eldigitaldeasturias.com\/noticias\/category\/sucesos\/#listItem","position":2,"name":"Sucesos","item":"https:\/\/www.eldigitaldeasturias.com\/noticias\/category\/sucesos\/","nextItem":{"@type":"ListItem","@id":"https:\/\/www.eldigitaldeasturias.com\/noticias\/julian-munoz-acepta-un-ano-de-carcel-en-otro-caso-urbanistico\/#listItem","name":"Juli\u00e1n Mu\u00f1oz acepta un a\u00f1o de c\u00e1rcel en otro caso urban\u00edstico"},"previousItem":{"@type":"ListItem","@id":"https:\/\/www.eldigitaldeasturias.com\/noticias#listItem","name":"Home"}},{"@type":"ListItem","@id":"https:\/\/www.eldigitaldeasturias.com\/noticias\/julian-munoz-acepta-un-ano-de-carcel-en-otro-caso-urbanistico\/#listItem","position":3,"name":"Juli\u00e1n Mu\u00f1oz acepta un a\u00f1o de c\u00e1rcel en otro caso urban\u00edstico","previousItem":{"@type":"ListItem","@id":"https:\/\/www.eldigitaldeasturias.com\/noticias\/category\/sucesos\/#listItem","name":"Sucesos"}}]},{"@type":"Organization","@id":"https:\/\/www.eldigitaldeasturias.com\/noticias\/#organization","name":"El Digital de Asturias","description":"Hemeroteca","url":"https:\/\/www.eldigitaldeasturias.com\/noticias\/","email":"info@eldigitaldeasturias.com","telephone":"+34652131393","logo":{"@type":"ImageObject","url":"https:\/\/www.eldigitaldeasturias.com\/noticias\/wp-content\/uploads\/2020\/12\/EDA.jpg","@id":"https:\/\/www.eldigitaldeasturias.com\/noticias\/julian-munoz-acepta-un-ano-de-carcel-en-otro-caso-urbanistico\/#organizationLogo"},"image":{"@id":"https:\/\/www.eldigitaldeasturias.com\/noticias\/julian-munoz-acepta-un-ano-de-carcel-en-otro-caso-urbanistico\/#organizationLogo"},"sameAs":["https:\/\/facebook.com\/eldigitaldeasturias","https:\/\/www.youtube.com\/channel\/UCZP-2wLEB9Rv6erhFmqVnvg"],"address":{"@id":"https:\/\/www.eldigitaldeasturias.com\/noticias\/#postaladdress","@type":"PostalAddress","streetAddress":"san antonio 4","postalCode":"33430","addressLocality":"Cand\u00e1s","addressRegion":"Asturias","addressCountry":"ES"}},{"@type":"Person","@id":"https:\/\/www.eldigitaldeasturias.com\/noticias\/author\/admin\/#author","url":"https:\/\/www.eldigitaldeasturias.com\/noticias\/author\/admin\/","name":"El Digital de Asturias","image":{"@type":"ImageObject","@id":"https:\/\/www.eldigitaldeasturias.com\/noticias\/julian-munoz-acepta-un-ano-de-carcel-en-otro-caso-urbanistico\/#authorImage","url":"https:\/\/secure.gravatar.com\/avatar\/df2aeffc32bcd13f8d26072ef8a91b623d677766deac7f97ca815868cd41bf5e?s=96&d=mm&r=g","width":96,"height":96,"caption":"El Digital de Asturias"}},{"@type":"WebPage","@id":"https:\/\/www.eldigitaldeasturias.com\/noticias\/julian-munoz-acepta-un-ano-de-carcel-en-otro-caso-urbanistico\/#webpage","url":"https:\/\/www.eldigitaldeasturias.com\/noticias\/julian-munoz-acepta-un-ano-de-carcel-en-otro-caso-urbanistico\/","name":"Juli\u00e1n Mu\u00f1oz acepta un a\u00f1o de c\u00e1rcel en otro caso urban\u00edstico - El Digital de Asturias","description":"M\u00e1laga, 27 nov (EFE).- El exalcalde de Marbella Juli\u00e1n Mu\u00f1oz se ha conformado hoy con la acusaci\u00f3n formulada por la Fiscal\u00eda malague\u00f1a de un a\u00f1o de c\u00e1rcel en una causa por un delito urban\u00edstico por la concesi\u00f3n de una licencia de obras. En el caso tambi\u00e9n se han mostrado conforme con la acusaci\u00f3n dos exediles","inLanguage":"es-ES","isPartOf":{"@id":"https:\/\/www.eldigitaldeasturias.com\/noticias\/#website"},"breadcrumb":{"@id":"https:\/\/www.eldigitaldeasturias.com\/noticias\/julian-munoz-acepta-un-ano-de-carcel-en-otro-caso-urbanistico\/#breadcrumblist"},"author":{"@id":"https:\/\/www.eldigitaldeasturias.com\/noticias\/author\/admin\/#author"},"creator":{"@id":"https:\/\/www.eldigitaldeasturias.com\/noticias\/author\/admin\/#author"},"image":{"@type":"ImageObject","url":455069,"@id":"https:\/\/www.eldigitaldeasturias.com\/noticias\/julian-munoz-acepta-un-ano-de-carcel-en-otro-caso-urbanistico\/#mainImage"},"primaryImageOfPage":{"@id":"https:\/\/www.eldigitaldeasturias.com\/noticias\/julian-munoz-acepta-un-ano-de-carcel-en-otro-caso-urbanistico\/#mainImage"},"datePublished":"2013-11-27T23:28:18+01:00","dateModified":"2013-11-27T23:28:18+01:00"},{"@type":"WebSite","@id":"https:\/\/www.eldigitaldeasturias.com\/noticias\/#website","url":"https:\/\/www.eldigitaldeasturias.com\/noticias\/","name":"El Digital de Asturias - Diario de actualidad y noticias","alternateName":"El Digital de Asturias - Diario de actualidad y noticias","description":"Hemeroteca","inLanguage":"es-ES","publisher":{"@id":"https:\/\/www.eldigitaldeasturias.com\/noticias\/#organization"}}]},"og:locale":"es_ES","og:site_name":"El Digital de Asturias","og:type":"article","og:title":"Juli\u00e1n Mu\u00f1oz acepta un a\u00f1o de c\u00e1rcel en otro caso urban\u00edstico - El Digital de Asturias","og:description":"M\u00e1laga, 27 nov (EFE).- El exalcalde de Marbella Juli\u00e1n Mu\u00f1oz se ha conformado hoy con la acusaci\u00f3n formulada por la Fiscal\u00eda malague\u00f1a de un a\u00f1o de c\u00e1rcel en una causa por un delito urban\u00edstico por la concesi\u00f3n de una licencia de obras. En el caso tambi\u00e9n se han mostrado conforme con la acusaci\u00f3n dos exediles","og:url":"https:\/\/www.eldigitaldeasturias.com\/noticias\/julian-munoz-acepta-un-ano-de-carcel-en-otro-caso-urbanistico\/","article:tag":["sucesos"],"article:published_time":"2013-11-28T00:28:18+00:00","article:modified_time":"2013-11-28T00:28:18+00:00","article:publisher":"https:\/\/facebook.com\/eldigitaldeasturias","twitter:card":"summary_large_image","twitter:title":"Juli\u00e1n Mu\u00f1oz acepta un a\u00f1o de c\u00e1rcel en otro caso urban\u00edstico - El Digital de Asturias","twitter:description":"M\u00e1laga, 27 nov (EFE).- El exalcalde de Marbella Juli\u00e1n Mu\u00f1oz se ha conformado hoy con la acusaci\u00f3n formulada por la Fiscal\u00eda malague\u00f1a de un a\u00f1o de c\u00e1rcel en una causa por un delito urban\u00edstico por la concesi\u00f3n de una licencia de obras. En el caso tambi\u00e9n se han mostrado conforme con la acusaci\u00f3n dos exediles","twitter:label1":"Escrito por","twitter:data1":"El Digital de Asturias","twitter:label2":"Tiempo de lectura estimado","twitter:data2":"2 minutos"},"aioseo_meta_data":{"post_id":"455068","title":null,"description":null,"keywords":null,"keyphrases":null,"primary_term":null,"canonical_url":null,"og_title":null,"og_description":null,"og_object_type":"default","og_image_type":"default","og_image_url":null,"og_image_width":null,"og_image_height":null,"og_image_custom_url":null,"og_image_custom_fields":null,"og_video":null,"og_custom_url":null,"og_article_section":null,"og_article_tags":null,"twitter_use_og":true,"twitter_card":"default","twitter_image_type":"default","twitter_image_url":null,"twitter_image_custom_url":null,"twitter_image_custom_fields":null,"twitter_title":null,"twitter_description":null,"schema":{"blockGraphs":[],"customGraphs":[],"default":{"data":{"Article":[],"Course":[],"Dataset":[],"FAQPage":[],"Movie":[],"Person":[],"Product":[],"ProductReview":[],"Car":[],"Recipe":[],"Service":[],"SoftwareApplication":[],"WebPage":[]},"graphName":"","isEnabled":true},"graphs":[],"defaultGraph":"","defaultPostTypeGraph":""},"schema_type":null,"schema_type_options":null,"pillar_content":false,"robots_default":true,"robots_noindex":false,"robots_noarchive":false,"robots_nosnippet":false,"robots_nofollow":false,"robots_noimageindex":false,"robots_noodp":false,"robots_notranslate":false,"robots_max_snippet":null,"robots_max_videopreview":null,"robots_max_imagepreview":"none","priority":null,"frequency":null,"local_seo":null,"seo_analyzer_scan_date":"2026-05-29 16:57:43","breadcrumb_settings":null,"limit_modified_date":false,"open_ai":null,"ai":null,"created":"2020-11-14 22:45:11","updated":"2026-05-29 16:57:43","focus_keyword":null,"additional_keywords":null,"truseo_locale":null},"aioseo_breadcrumb":"<div class=\"aioseo-breadcrumbs\"><span class=\"aioseo-breadcrumb\">\n\t<a href=\"https:\/\/www.eldigitaldeasturias.com\/noticias\" title=\"Home\">Home<\/a>\n<\/span><span class=\"aioseo-breadcrumb-separator\">\u2013<\/span><span class=\"aioseo-breadcrumb\">\n\t<a href=\"https:\/\/www.eldigitaldeasturias.com\/noticias\/category\/sucesos\/\" title=\"Sucesos\">Sucesos<\/a>\n<\/span><span class=\"aioseo-breadcrumb-separator\">\u2013<\/span><span class=\"aioseo-breadcrumb\">\n\t<a href=\"https:\/\/www.eldigitaldeasturias.com\/noticias\/julian-munoz-acepta-un-ano-de-carcel-en-otro-caso-urbanistico\/\" title=\"Juli\u00e1n Mu\u00f1oz acepta un a\u00f1o de c\u00e1rcel en otro caso urban\u00edstico\">Juli\u00e1n Mu\u00f1oz acepta un a\u00f1o de c\u00e1rcel en otro caso urban\u00edstico<\/a>\n<\/span><\/div>","aioseo_breadcrumb_json":[{"label":"Home","link":"https:\/\/www.eldigitaldeasturias.com\/noticias"},{"label":"Sucesos","link":"https:\/\/www.eldigitaldeasturias.com\/noticias\/category\/sucesos\/"},{"label":"Juli\u00e1n Mu\u00f1oz acepta un a\u00f1o de c\u00e1rcel en otro caso urban\u00edstico","link":"https:\/\/www.eldigitaldeasturias.com\/noticias\/julian-munoz-acepta-un-ano-de-carcel-en-otro-caso-urbanistico\/"}],"_links":{"self":[{"href":"https:\/\/www.eldigitaldeasturias.com\/noticias\/wp-json\/wp\/v2\/posts\/455068","targetHints":{"allow":["GET"]}}],"collection":[{"href":"https:\/\/www.eldigitaldeasturias.com\/noticias\/wp-json\/wp\/v2\/posts"}],"about":[{"href":"https:\/\/www.eldigitaldeasturias.com\/noticias\/wp-json\/wp\/v2\/types\/post"}],"author":[{"embeddable":true,"href":"https:\/\/www.eldigitaldeasturias.com\/noticias\/wp-json\/wp\/v2\/users\/1"}],"replies":[{"embeddable":true,"href":"https:\/\/www.eldigitaldeasturias.com\/noticias\/wp-json\/wp\/v2\/comments?post=455068"}],"version-history":[{"count":0,"href":"https:\/\/www.eldigitaldeasturias.com\/noticias\/wp-json\/wp\/v2\/posts\/455068\/revisions"}],"wp:attachment":[{"href":"https:\/\/www.eldigitaldeasturias.com\/noticias\/wp-json\/wp\/v2\/media?parent=455068"}],"wp:term":[{"taxonomy":"category","embeddable":true,"href":"https:\/\/www.eldigitaldeasturias.com\/noticias\/wp-json\/wp\/v2\/categories?post=455068"},{"taxonomy":"post_tag","embeddable":true,"href":"https:\/\/www.eldigitaldeasturias.com\/noticias\/wp-json\/wp\/v2\/tags?post=455068"}],"curies":[{"name":"wp","href":"https:\/\/api.w.org\/{rel}","templated":true}]}}