{"id":455065,"date":"2013-11-27T23:23:50","date_gmt":"2013-11-28T00:23:50","guid":{"rendered":"http:\/\/www.eldigitaldeasturias.com\/noticias\/?p=455065"},"modified":"2013-11-27T23:23:50","modified_gmt":"2013-11-28T00:23:50","slug":"karl-lagerfeld-abrira-su-mayor-tienda-europea-en-londres","status":"publish","type":"post","link":"https:\/\/www.eldigitaldeasturias.com\/noticias\/karl-lagerfeld-abrira-su-mayor-tienda-europea-en-londres\/","title":{"rendered":"Karl Lagerfeld abrir\u00e1 su mayor tienda europea en Londres"},"content":{"rendered":"<p><img loading=\"lazy\" decoding=\"async\" class=\"alignleft size-medium wp-image-455066\" alt=\"5757626w\" src=\"https:\/\/www.eldigitaldeasturias.com\/noticias\/wp-content\/uploads\/2013\/11\/5757626w-360x239.jpg\" width=\"360\" height=\"239\" \/>Par\u00eds, 27 nov (EFE).- Karl Lagerfeld abrir\u00e1 en marzo de 2014 su mayor tienda europea en la avenida londinense Regent Street, anunci\u00f3 hoy la firma en un comunicado.<\/p>\n<p>La nueva tienda, que tendr\u00e1 250 metros cuadrados, supone un nuevo paso en los lanzamientos que ya ha tenido Lagerfeld en Par\u00eds, Amsterdam, Berl\u00edn, Shang\u00e1i, M\u00fanich, Amberes y Pek\u00edn.<\/p>\n<p>En esta nueva \u00abboutique\u00bb de la capital brit\u00e1nica, la marca combinar\u00e1 las colecciones de lujo con la tecnolog\u00eda punta m\u00e1s novedosa, lo que permitir\u00e1 a los clientes desde dejar su huella en el libro de visitas en los iPad de Lagerfeld hasta tomar fotos de sus art\u00edculos preferidos o dejar una nota al dise\u00f1ador.<\/p>\n<p>Los probadores de la tienda estar\u00e1n equipados con cabinas fotogr\u00e1ficas con pantallas t\u00e1ctiles que permitir\u00e1n que los clientes fotograf\u00eden sus \u00ablooks\u00bb, apliquen filtros fotogr\u00e1ficos inspirados por Karl Lagerfeld y compartan las im\u00e1genes en internet.<\/p>\n<p>En el comunicado, la marca destac\u00f3 que la apertura de este nuevo espacio dar\u00e1 a la firma una \u00aboportunidad excepcional\u00bb para situarse en el mercado puesto que \u00abLondres es una de las ciudades l\u00edderes\u00bb.<\/p>\n<p>Modisto, dise\u00f1ador y fot\u00f3grafo y director creativo de Chanel, el alem\u00e1n Karl Lagerfeld ha trabajado con numerosas marcas, as\u00ed como ha creado colecciones propias bajo nombres como Karl, Karl Lagerfeld, Lagerfeld o simplemente K.<\/p>\n<p>C\u00e9lebre por sus pol\u00e9micas frases y por su peculiar atuendo siempre parapetado tras unas gafas de sol, Lagerfeld obtuvo en 1989 el Dedal de Oro, galard\u00f3n m\u00e1s prestigioso en el mundo de la alta costura en Francia.<\/p>\n","protected":false},"excerpt":{"rendered":"<p>Par\u00eds, 27 nov (EFE).- Karl Lagerfeld abrir\u00e1 en marzo de 2014 su mayor tienda europea en la avenida londinense Regent Street, anunci\u00f3 hoy la firma en un comunicado. La nueva tienda, que tendr\u00e1 250 metros cuadrados, supone un nuevo paso en los lanzamientos que ya ha tenido Lagerfeld en Par\u00eds, Amsterdam, Berl\u00edn, Shang\u00e1i, M\u00fanich, Amberes [&hellip;]<\/p>\n","protected":false},"author":1,"featured_media":455066,"comment_status":"open","ping_status":"open","sticky":false,"template":"","format":"standard","meta":{"footnotes":""},"categories":[50],"tags":[],"class_list":["post-455065","post","type-post","status-publish","format-standard","has-post-thumbnail","hentry","category-revista-de-ocio"],"aioseo_notices":[],"aioseo_head":"\n\t\t<!-- All in One SEO Pro 5.0.1 - aioseo.com -->\n\t<meta name=\"description\" content=\"Par\u00eds, 27 nov (EFE).- Karl Lagerfeld abrir\u00e1 en marzo de 2014 su mayor tienda europea en la avenida londinense Regent Street, anunci\u00f3 hoy la firma en un comunicado. La nueva tienda, que tendr\u00e1 250 metros cuadrados, supone un nuevo paso en los lanzamientos que ya ha tenido Lagerfeld en Par\u00eds, Amsterdam, Berl\u00edn, Shang\u00e1i, M\u00fanich, Amberes\" \/>\n\t<meta name=\"robots\" content=\"max-image-preview:large\" \/>\n\t<meta name=\"author\" content=\"El Digital de Asturias\"\/>\n\t<meta name=\"google-site-verification\" content=\"UA-38556648-1\" \/>\n\t<meta name=\"msvalidate.01\" content=\"7dfe9f3f1b24437ab69f4f2559babe99\" \/>\n\t<meta name=\"keywords\" content=\"revista de ocio\" \/>\n\t<link rel=\"canonical\" href=\"https:\/\/www.eldigitaldeasturias.com\/noticias\/karl-lagerfeld-abrira-su-mayor-tienda-europea-en-londres\/\" \/>\n\t<meta name=\"generator\" content=\"All in One SEO Pro (AIOSEO) 5.0.1\" \/>\n\t\t<meta property=\"og:locale\" content=\"es_ES\" \/>\n\t\t<meta property=\"og:site_name\" content=\"El Digital de Asturias\" \/>\n\t\t<meta property=\"og:type\" content=\"article\" \/>\n\t\t<meta property=\"og:title\" content=\"Karl Lagerfeld abrir\u00e1 su mayor tienda europea en Londres - El Digital de Asturias\" \/>\n\t\t<meta property=\"og:description\" content=\"Par\u00eds, 27 nov (EFE).- Karl Lagerfeld abrir\u00e1 en marzo de 2014 su mayor tienda europea en la avenida londinense Regent Street, anunci\u00f3 hoy la firma en un comunicado. La nueva tienda, que tendr\u00e1 250 metros cuadrados, supone un nuevo paso en los lanzamientos que ya ha tenido Lagerfeld en Par\u00eds, Amsterdam, Berl\u00edn, Shang\u00e1i, M\u00fanich, Amberes\" \/>\n\t\t<meta property=\"og:url\" content=\"https:\/\/www.eldigitaldeasturias.com\/noticias\/karl-lagerfeld-abrira-su-mayor-tienda-europea-en-londres\/\" \/>\n\t\t<meta property=\"article:tag\" content=\"revista de ocio\" \/>\n\t\t<meta property=\"article:published_time\" content=\"2013-11-28T00:23:50+00:00\" \/>\n\t\t<meta property=\"article:modified_time\" content=\"2013-11-28T00:23:50+00:00\" \/>\n\t\t<meta property=\"article:publisher\" content=\"https:\/\/facebook.com\/eldigitaldeasturias\" \/>\n\t\t<meta name=\"twitter:card\" content=\"summary_large_image\" \/>\n\t\t<meta name=\"twitter:title\" content=\"Karl Lagerfeld abrir\u00e1 su mayor tienda europea en Londres - El Digital de Asturias\" \/>\n\t\t<meta name=\"twitter:description\" content=\"Par\u00eds, 27 nov (EFE).- Karl Lagerfeld abrir\u00e1 en marzo de 2014 su mayor tienda europea en la avenida londinense Regent Street, anunci\u00f3 hoy la firma en un comunicado. La nueva tienda, que tendr\u00e1 250 metros cuadrados, supone un nuevo paso en los lanzamientos que ya ha tenido Lagerfeld en Par\u00eds, Amsterdam, Berl\u00edn, Shang\u00e1i, M\u00fanich, Amberes\" \/>\n\t\t<meta name=\"twitter:label1\" content=\"Escrito por\" \/>\n\t\t<meta name=\"twitter:data1\" content=\"El Digital de Asturias\" \/>\n\t\t<meta name=\"twitter:label2\" content=\"Tiempo de lectura estimado\" \/>\n\t\t<meta name=\"twitter:data2\" content=\"1 minuto\" \/>\n\t\t<script type=\"application\/ld+json\" class=\"aioseo-schema\">\n\t\t\t{\"@context\":\"https:\\\/\\\/schema.org\",\"@graph\":[{\"@type\":\"BlogPosting\",\"@id\":\"https:\\\/\\\/www.eldigitaldeasturias.com\\\/noticias\\\/karl-lagerfeld-abrira-su-mayor-tienda-europea-en-londres\\\/#blogposting\",\"name\":\"Karl Lagerfeld abrir\\u00e1 su mayor tienda europea en Londres - El Digital de Asturias\",\"headline\":\"Karl Lagerfeld abrir\\u00e1 su mayor tienda europea en Londres\",\"author\":{\"@id\":\"https:\\\/\\\/www.eldigitaldeasturias.com\\\/noticias\\\/author\\\/admin\\\/#author\"},\"publisher\":{\"@id\":\"https:\\\/\\\/www.eldigitaldeasturias.com\\\/noticias\\\/#organization\"},\"image\":{\"@type\":\"ImageObject\",\"url\":455066},\"datePublished\":\"2013-11-27T23:23:50+01:00\",\"dateModified\":\"2013-11-27T23:23:50+01:00\",\"inLanguage\":\"es-ES\",\"mainEntityOfPage\":{\"@id\":\"https:\\\/\\\/www.eldigitaldeasturias.com\\\/noticias\\\/karl-lagerfeld-abrira-su-mayor-tienda-europea-en-londres\\\/#webpage\"},\"isPartOf\":{\"@id\":\"https:\\\/\\\/www.eldigitaldeasturias.com\\\/noticias\\\/karl-lagerfeld-abrira-su-mayor-tienda-europea-en-londres\\\/#webpage\"},\"articleSection\":\"Revista de Ocio\"},{\"@type\":\"BreadcrumbList\",\"@id\":\"https:\\\/\\\/www.eldigitaldeasturias.com\\\/noticias\\\/karl-lagerfeld-abrira-su-mayor-tienda-europea-en-londres\\\/#breadcrumblist\",\"itemListElement\":[{\"@type\":\"ListItem\",\"@id\":\"https:\\\/\\\/www.eldigitaldeasturias.com\\\/noticias#listItem\",\"position\":1,\"name\":\"Home\",\"item\":\"https:\\\/\\\/www.eldigitaldeasturias.com\\\/noticias\",\"nextItem\":{\"@type\":\"ListItem\",\"@id\":\"https:\\\/\\\/www.eldigitaldeasturias.com\\\/noticias\\\/category\\\/revista-de-ocio\\\/#listItem\",\"name\":\"Revista de Ocio\"}},{\"@type\":\"ListItem\",\"@id\":\"https:\\\/\\\/www.eldigitaldeasturias.com\\\/noticias\\\/category\\\/revista-de-ocio\\\/#listItem\",\"position\":2,\"name\":\"Revista de Ocio\",\"item\":\"https:\\\/\\\/www.eldigitaldeasturias.com\\\/noticias\\\/category\\\/revista-de-ocio\\\/\",\"nextItem\":{\"@type\":\"ListItem\",\"@id\":\"https:\\\/\\\/www.eldigitaldeasturias.com\\\/noticias\\\/karl-lagerfeld-abrira-su-mayor-tienda-europea-en-londres\\\/#listItem\",\"name\":\"Karl Lagerfeld abrir\\u00e1 su mayor tienda europea en Londres\"},\"previousItem\":{\"@type\":\"ListItem\",\"@id\":\"https:\\\/\\\/www.eldigitaldeasturias.com\\\/noticias#listItem\",\"name\":\"Home\"}},{\"@type\":\"ListItem\",\"@id\":\"https:\\\/\\\/www.eldigitaldeasturias.com\\\/noticias\\\/karl-lagerfeld-abrira-su-mayor-tienda-europea-en-londres\\\/#listItem\",\"position\":3,\"name\":\"Karl Lagerfeld abrir\\u00e1 su mayor tienda europea en Londres\",\"previousItem\":{\"@type\":\"ListItem\",\"@id\":\"https:\\\/\\\/www.eldigitaldeasturias.com\\\/noticias\\\/category\\\/revista-de-ocio\\\/#listItem\",\"name\":\"Revista de Ocio\"}}]},{\"@type\":\"Organization\",\"@id\":\"https:\\\/\\\/www.eldigitaldeasturias.com\\\/noticias\\\/#organization\",\"name\":\"El Digital de Asturias\",\"description\":\"Hemeroteca\",\"url\":\"https:\\\/\\\/www.eldigitaldeasturias.com\\\/noticias\\\/\",\"email\":\"info@eldigitaldeasturias.com\",\"telephone\":\"+34652131393\",\"logo\":{\"@type\":\"ImageObject\",\"url\":\"https:\\\/\\\/www.eldigitaldeasturias.com\\\/noticias\\\/wp-content\\\/uploads\\\/2020\\\/12\\\/EDA.jpg\",\"@id\":\"https:\\\/\\\/www.eldigitaldeasturias.com\\\/noticias\\\/karl-lagerfeld-abrira-su-mayor-tienda-europea-en-londres\\\/#organizationLogo\"},\"image\":{\"@id\":\"https:\\\/\\\/www.eldigitaldeasturias.com\\\/noticias\\\/karl-lagerfeld-abrira-su-mayor-tienda-europea-en-londres\\\/#organizationLogo\"},\"sameAs\":[\"https:\\\/\\\/facebook.com\\\/eldigitaldeasturias\",\"https:\\\/\\\/www.youtube.com\\\/channel\\\/UCZP-2wLEB9Rv6erhFmqVnvg\"],\"address\":{\"@id\":\"https:\\\/\\\/www.eldigitaldeasturias.com\\\/noticias\\\/#postaladdress\",\"@type\":\"PostalAddress\",\"streetAddress\":\"san antonio 4\",\"postalCode\":\"33430\",\"addressLocality\":\"Cand\\u00e1s\",\"addressRegion\":\"Asturias\",\"addressCountry\":\"ES\"}},{\"@type\":\"Person\",\"@id\":\"https:\\\/\\\/www.eldigitaldeasturias.com\\\/noticias\\\/author\\\/admin\\\/#author\",\"url\":\"https:\\\/\\\/www.eldigitaldeasturias.com\\\/noticias\\\/author\\\/admin\\\/\",\"name\":\"El Digital de Asturias\",\"image\":{\"@type\":\"ImageObject\",\"@id\":\"https:\\\/\\\/www.eldigitaldeasturias.com\\\/noticias\\\/karl-lagerfeld-abrira-su-mayor-tienda-europea-en-londres\\\/#authorImage\",\"url\":\"https:\\\/\\\/secure.gravatar.com\\\/avatar\\\/df2aeffc32bcd13f8d26072ef8a91b623d677766deac7f97ca815868cd41bf5e?s=96&d=mm&r=g\",\"width\":96,\"height\":96,\"caption\":\"El Digital de Asturias\"}},{\"@type\":\"WebPage\",\"@id\":\"https:\\\/\\\/www.eldigitaldeasturias.com\\\/noticias\\\/karl-lagerfeld-abrira-su-mayor-tienda-europea-en-londres\\\/#webpage\",\"url\":\"https:\\\/\\\/www.eldigitaldeasturias.com\\\/noticias\\\/karl-lagerfeld-abrira-su-mayor-tienda-europea-en-londres\\\/\",\"name\":\"Karl Lagerfeld abrir\\u00e1 su mayor tienda europea en Londres - El Digital de Asturias\",\"description\":\"Par\\u00eds, 27 nov (EFE).- Karl Lagerfeld abrir\\u00e1 en marzo de 2014 su mayor tienda europea en la avenida londinense Regent Street, anunci\\u00f3 hoy la firma en un comunicado. La nueva tienda, que tendr\\u00e1 250 metros cuadrados, supone un nuevo paso en los lanzamientos que ya ha tenido Lagerfeld en Par\\u00eds, Amsterdam, Berl\\u00edn, Shang\\u00e1i, M\\u00fanich, Amberes\",\"inLanguage\":\"es-ES\",\"isPartOf\":{\"@id\":\"https:\\\/\\\/www.eldigitaldeasturias.com\\\/noticias\\\/#website\"},\"breadcrumb\":{\"@id\":\"https:\\\/\\\/www.eldigitaldeasturias.com\\\/noticias\\\/karl-lagerfeld-abrira-su-mayor-tienda-europea-en-londres\\\/#breadcrumblist\"},\"author\":{\"@id\":\"https:\\\/\\\/www.eldigitaldeasturias.com\\\/noticias\\\/author\\\/admin\\\/#author\"},\"creator\":{\"@id\":\"https:\\\/\\\/www.eldigitaldeasturias.com\\\/noticias\\\/author\\\/admin\\\/#author\"},\"image\":{\"@type\":\"ImageObject\",\"url\":455066,\"@id\":\"https:\\\/\\\/www.eldigitaldeasturias.com\\\/noticias\\\/karl-lagerfeld-abrira-su-mayor-tienda-europea-en-londres\\\/#mainImage\"},\"primaryImageOfPage\":{\"@id\":\"https:\\\/\\\/www.eldigitaldeasturias.com\\\/noticias\\\/karl-lagerfeld-abrira-su-mayor-tienda-europea-en-londres\\\/#mainImage\"},\"datePublished\":\"2013-11-27T23:23:50+01:00\",\"dateModified\":\"2013-11-27T23:23:50+01:00\"},{\"@type\":\"WebSite\",\"@id\":\"https:\\\/\\\/www.eldigitaldeasturias.com\\\/noticias\\\/#website\",\"url\":\"https:\\\/\\\/www.eldigitaldeasturias.com\\\/noticias\\\/\",\"name\":\"El Digital de Asturias - Diario de actualidad y noticias\",\"alternateName\":\"El Digital de Asturias - Diario de actualidad y noticias\",\"description\":\"Hemeroteca\",\"inLanguage\":\"es-ES\",\"publisher\":{\"@id\":\"https:\\\/\\\/www.eldigitaldeasturias.com\\\/noticias\\\/#organization\"}}]}\n\t\t<\/script>\n\t\t<!-- All in One SEO Pro -->\r\n\t\t<title>Karl Lagerfeld abrir\u00e1 su mayor tienda europea en Londres - El Digital de Asturias<\/title>\n\n","aioseo_head_json":{"title":"Karl Lagerfeld abrir\u00e1 su mayor tienda europea en Londres - El Digital de Asturias","description":"Par\u00eds, 27 nov (EFE).- Karl Lagerfeld abrir\u00e1 en marzo de 2014 su mayor tienda europea en la avenida londinense Regent Street, anunci\u00f3 hoy la firma en un comunicado. La nueva tienda, que tendr\u00e1 250 metros cuadrados, supone un nuevo paso en los lanzamientos que ya ha tenido Lagerfeld en Par\u00eds, Amsterdam, Berl\u00edn, Shang\u00e1i, M\u00fanich, Amberes","canonical_url":"https:\/\/www.eldigitaldeasturias.com\/noticias\/karl-lagerfeld-abrira-su-mayor-tienda-europea-en-londres\/","robots":"max-image-preview:large","keywords":"revista de ocio","webmasterTools":{"google-site-verification":"UA-38556648-1","msvalidate.01":"7dfe9f3f1b24437ab69f4f2559babe99","miscellaneous":""},"schema":{"@context":"https:\/\/schema.org","@graph":[{"@type":"BlogPosting","@id":"https:\/\/www.eldigitaldeasturias.com\/noticias\/karl-lagerfeld-abrira-su-mayor-tienda-europea-en-londres\/#blogposting","name":"Karl Lagerfeld abrir\u00e1 su mayor tienda europea en Londres - El Digital de Asturias","headline":"Karl Lagerfeld abrir\u00e1 su mayor tienda europea en Londres","author":{"@id":"https:\/\/www.eldigitaldeasturias.com\/noticias\/author\/admin\/#author"},"publisher":{"@id":"https:\/\/www.eldigitaldeasturias.com\/noticias\/#organization"},"image":{"@type":"ImageObject","url":455066},"datePublished":"2013-11-27T23:23:50+01:00","dateModified":"2013-11-27T23:23:50+01:00","inLanguage":"es-ES","mainEntityOfPage":{"@id":"https:\/\/www.eldigitaldeasturias.com\/noticias\/karl-lagerfeld-abrira-su-mayor-tienda-europea-en-londres\/#webpage"},"isPartOf":{"@id":"https:\/\/www.eldigitaldeasturias.com\/noticias\/karl-lagerfeld-abrira-su-mayor-tienda-europea-en-londres\/#webpage"},"articleSection":"Revista de Ocio"},{"@type":"BreadcrumbList","@id":"https:\/\/www.eldigitaldeasturias.com\/noticias\/karl-lagerfeld-abrira-su-mayor-tienda-europea-en-londres\/#breadcrumblist","itemListElement":[{"@type":"ListItem","@id":"https:\/\/www.eldigitaldeasturias.com\/noticias#listItem","position":1,"name":"Home","item":"https:\/\/www.eldigitaldeasturias.com\/noticias","nextItem":{"@type":"ListItem","@id":"https:\/\/www.eldigitaldeasturias.com\/noticias\/category\/revista-de-ocio\/#listItem","name":"Revista de Ocio"}},{"@type":"ListItem","@id":"https:\/\/www.eldigitaldeasturias.com\/noticias\/category\/revista-de-ocio\/#listItem","position":2,"name":"Revista de Ocio","item":"https:\/\/www.eldigitaldeasturias.com\/noticias\/category\/revista-de-ocio\/","nextItem":{"@type":"ListItem","@id":"https:\/\/www.eldigitaldeasturias.com\/noticias\/karl-lagerfeld-abrira-su-mayor-tienda-europea-en-londres\/#listItem","name":"Karl Lagerfeld abrir\u00e1 su mayor tienda europea en Londres"},"previousItem":{"@type":"ListItem","@id":"https:\/\/www.eldigitaldeasturias.com\/noticias#listItem","name":"Home"}},{"@type":"ListItem","@id":"https:\/\/www.eldigitaldeasturias.com\/noticias\/karl-lagerfeld-abrira-su-mayor-tienda-europea-en-londres\/#listItem","position":3,"name":"Karl Lagerfeld abrir\u00e1 su mayor tienda europea en Londres","previousItem":{"@type":"ListItem","@id":"https:\/\/www.eldigitaldeasturias.com\/noticias\/category\/revista-de-ocio\/#listItem","name":"Revista de Ocio"}}]},{"@type":"Organization","@id":"https:\/\/www.eldigitaldeasturias.com\/noticias\/#organization","name":"El Digital de Asturias","description":"Hemeroteca","url":"https:\/\/www.eldigitaldeasturias.com\/noticias\/","email":"info@eldigitaldeasturias.com","telephone":"+34652131393","logo":{"@type":"ImageObject","url":"https:\/\/www.eldigitaldeasturias.com\/noticias\/wp-content\/uploads\/2020\/12\/EDA.jpg","@id":"https:\/\/www.eldigitaldeasturias.com\/noticias\/karl-lagerfeld-abrira-su-mayor-tienda-europea-en-londres\/#organizationLogo"},"image":{"@id":"https:\/\/www.eldigitaldeasturias.com\/noticias\/karl-lagerfeld-abrira-su-mayor-tienda-europea-en-londres\/#organizationLogo"},"sameAs":["https:\/\/facebook.com\/eldigitaldeasturias","https:\/\/www.youtube.com\/channel\/UCZP-2wLEB9Rv6erhFmqVnvg"],"address":{"@id":"https:\/\/www.eldigitaldeasturias.com\/noticias\/#postaladdress","@type":"PostalAddress","streetAddress":"san antonio 4","postalCode":"33430","addressLocality":"Cand\u00e1s","addressRegion":"Asturias","addressCountry":"ES"}},{"@type":"Person","@id":"https:\/\/www.eldigitaldeasturias.com\/noticias\/author\/admin\/#author","url":"https:\/\/www.eldigitaldeasturias.com\/noticias\/author\/admin\/","name":"El Digital de Asturias","image":{"@type":"ImageObject","@id":"https:\/\/www.eldigitaldeasturias.com\/noticias\/karl-lagerfeld-abrira-su-mayor-tienda-europea-en-londres\/#authorImage","url":"https:\/\/secure.gravatar.com\/avatar\/df2aeffc32bcd13f8d26072ef8a91b623d677766deac7f97ca815868cd41bf5e?s=96&d=mm&r=g","width":96,"height":96,"caption":"El Digital de Asturias"}},{"@type":"WebPage","@id":"https:\/\/www.eldigitaldeasturias.com\/noticias\/karl-lagerfeld-abrira-su-mayor-tienda-europea-en-londres\/#webpage","url":"https:\/\/www.eldigitaldeasturias.com\/noticias\/karl-lagerfeld-abrira-su-mayor-tienda-europea-en-londres\/","name":"Karl Lagerfeld abrir\u00e1 su mayor tienda europea en Londres - El Digital de Asturias","description":"Par\u00eds, 27 nov (EFE).- Karl Lagerfeld abrir\u00e1 en marzo de 2014 su mayor tienda europea en la avenida londinense Regent Street, anunci\u00f3 hoy la firma en un comunicado. La nueva tienda, que tendr\u00e1 250 metros cuadrados, supone un nuevo paso en los lanzamientos que ya ha tenido Lagerfeld en Par\u00eds, Amsterdam, Berl\u00edn, Shang\u00e1i, M\u00fanich, Amberes","inLanguage":"es-ES","isPartOf":{"@id":"https:\/\/www.eldigitaldeasturias.com\/noticias\/#website"},"breadcrumb":{"@id":"https:\/\/www.eldigitaldeasturias.com\/noticias\/karl-lagerfeld-abrira-su-mayor-tienda-europea-en-londres\/#breadcrumblist"},"author":{"@id":"https:\/\/www.eldigitaldeasturias.com\/noticias\/author\/admin\/#author"},"creator":{"@id":"https:\/\/www.eldigitaldeasturias.com\/noticias\/author\/admin\/#author"},"image":{"@type":"ImageObject","url":455066,"@id":"https:\/\/www.eldigitaldeasturias.com\/noticias\/karl-lagerfeld-abrira-su-mayor-tienda-europea-en-londres\/#mainImage"},"primaryImageOfPage":{"@id":"https:\/\/www.eldigitaldeasturias.com\/noticias\/karl-lagerfeld-abrira-su-mayor-tienda-europea-en-londres\/#mainImage"},"datePublished":"2013-11-27T23:23:50+01:00","dateModified":"2013-11-27T23:23:50+01:00"},{"@type":"WebSite","@id":"https:\/\/www.eldigitaldeasturias.com\/noticias\/#website","url":"https:\/\/www.eldigitaldeasturias.com\/noticias\/","name":"El Digital de Asturias - Diario de actualidad y noticias","alternateName":"El Digital de Asturias - Diario de actualidad y noticias","description":"Hemeroteca","inLanguage":"es-ES","publisher":{"@id":"https:\/\/www.eldigitaldeasturias.com\/noticias\/#organization"}}]},"og:locale":"es_ES","og:site_name":"El Digital de Asturias","og:type":"article","og:title":"Karl Lagerfeld abrir\u00e1 su mayor tienda europea en Londres - El Digital de Asturias","og:description":"Par\u00eds, 27 nov (EFE).- Karl Lagerfeld abrir\u00e1 en marzo de 2014 su mayor tienda europea en la avenida londinense Regent Street, anunci\u00f3 hoy la firma en un comunicado. La nueva tienda, que tendr\u00e1 250 metros cuadrados, supone un nuevo paso en los lanzamientos que ya ha tenido Lagerfeld en Par\u00eds, Amsterdam, Berl\u00edn, Shang\u00e1i, M\u00fanich, Amberes","og:url":"https:\/\/www.eldigitaldeasturias.com\/noticias\/karl-lagerfeld-abrira-su-mayor-tienda-europea-en-londres\/","article:tag":["revista de ocio"],"article:published_time":"2013-11-28T00:23:50+00:00","article:modified_time":"2013-11-28T00:23:50+00:00","article:publisher":"https:\/\/facebook.com\/eldigitaldeasturias","twitter:card":"summary_large_image","twitter:title":"Karl Lagerfeld abrir\u00e1 su mayor tienda europea en Londres - El Digital de Asturias","twitter:description":"Par\u00eds, 27 nov (EFE).- Karl Lagerfeld abrir\u00e1 en marzo de 2014 su mayor tienda europea en la avenida londinense Regent Street, anunci\u00f3 hoy la firma en un comunicado. La nueva tienda, que tendr\u00e1 250 metros cuadrados, supone un nuevo paso en los lanzamientos que ya ha tenido Lagerfeld en Par\u00eds, Amsterdam, Berl\u00edn, Shang\u00e1i, M\u00fanich, Amberes","twitter:label1":"Escrito por","twitter:data1":"El Digital de Asturias","twitter:label2":"Tiempo de lectura estimado","twitter:data2":"1 minuto"},"aioseo_meta_data":{"post_id":"455065","title":null,"description":null,"keywords":null,"keyphrases":null,"primary_term":null,"canonical_url":null,"og_title":null,"og_description":null,"og_object_type":"default","og_image_type":"default","og_image_url":null,"og_image_width":null,"og_image_height":null,"og_image_custom_url":null,"og_image_custom_fields":null,"og_video":null,"og_custom_url":null,"og_article_section":null,"og_article_tags":null,"twitter_use_og":true,"twitter_card":"default","twitter_image_type":"default","twitter_image_url":null,"twitter_image_custom_url":null,"twitter_image_custom_fields":null,"twitter_title":null,"twitter_description":null,"schema":{"blockGraphs":[],"customGraphs":[],"default":{"data":{"Article":[],"Course":[],"Dataset":[],"FAQPage":[],"Movie":[],"Person":[],"Product":[],"ProductReview":[],"Car":[],"Recipe":[],"Service":[],"SoftwareApplication":[],"WebPage":[]},"graphName":"","isEnabled":true},"graphs":[],"defaultGraph":"","defaultPostTypeGraph":""},"schema_type":null,"schema_type_options":null,"pillar_content":false,"robots_default":true,"robots_noindex":false,"robots_noarchive":false,"robots_nosnippet":false,"robots_nofollow":false,"robots_noimageindex":false,"robots_noodp":false,"robots_notranslate":false,"robots_max_snippet":null,"robots_max_videopreview":null,"robots_max_imagepreview":"none","priority":null,"frequency":null,"local_seo":null,"seo_analyzer_scan_date":"2026-05-29 16:57:42","breadcrumb_settings":null,"limit_modified_date":false,"open_ai":null,"ai":null,"created":"2020-11-14 22:45:11","updated":"2026-05-29 16:57:42","focus_keyword":null,"additional_keywords":null,"truseo_locale":null},"aioseo_breadcrumb":"<div class=\"aioseo-breadcrumbs\"><span class=\"aioseo-breadcrumb\">\n\t<a href=\"https:\/\/www.eldigitaldeasturias.com\/noticias\" title=\"Home\">Home<\/a>\n<\/span><span class=\"aioseo-breadcrumb-separator\">\u2013<\/span><span class=\"aioseo-breadcrumb\">\n\t<a href=\"https:\/\/www.eldigitaldeasturias.com\/noticias\/category\/revista-de-ocio\/\" title=\"Revista de Ocio\">Revista de Ocio<\/a>\n<\/span><span class=\"aioseo-breadcrumb-separator\">\u2013<\/span><span class=\"aioseo-breadcrumb\">\n\t<a href=\"https:\/\/www.eldigitaldeasturias.com\/noticias\/karl-lagerfeld-abrira-su-mayor-tienda-europea-en-londres\/\" title=\"Karl Lagerfeld abrir\u00e1 su mayor tienda europea en Londres\">Karl Lagerfeld abrir\u00e1 su mayor tienda europea en Londres<\/a>\n<\/span><\/div>","aioseo_breadcrumb_json":[{"label":"Home","link":"https:\/\/www.eldigitaldeasturias.com\/noticias"},{"label":"Revista de Ocio","link":"https:\/\/www.eldigitaldeasturias.com\/noticias\/category\/revista-de-ocio\/"},{"label":"Karl Lagerfeld abrir\u00e1 su mayor tienda europea en Londres","link":"https:\/\/www.eldigitaldeasturias.com\/noticias\/karl-lagerfeld-abrira-su-mayor-tienda-europea-en-londres\/"}],"_links":{"self":[{"href":"https:\/\/www.eldigitaldeasturias.com\/noticias\/wp-json\/wp\/v2\/posts\/455065","targetHints":{"allow":["GET"]}}],"collection":[{"href":"https:\/\/www.eldigitaldeasturias.com\/noticias\/wp-json\/wp\/v2\/posts"}],"about":[{"href":"https:\/\/www.eldigitaldeasturias.com\/noticias\/wp-json\/wp\/v2\/types\/post"}],"author":[{"embeddable":true,"href":"https:\/\/www.eldigitaldeasturias.com\/noticias\/wp-json\/wp\/v2\/users\/1"}],"replies":[{"embeddable":true,"href":"https:\/\/www.eldigitaldeasturias.com\/noticias\/wp-json\/wp\/v2\/comments?post=455065"}],"version-history":[{"count":0,"href":"https:\/\/www.eldigitaldeasturias.com\/noticias\/wp-json\/wp\/v2\/posts\/455065\/revisions"}],"wp:attachment":[{"href":"https:\/\/www.eldigitaldeasturias.com\/noticias\/wp-json\/wp\/v2\/media?parent=455065"}],"wp:term":[{"taxonomy":"category","embeddable":true,"href":"https:\/\/www.eldigitaldeasturias.com\/noticias\/wp-json\/wp\/v2\/categories?post=455065"},{"taxonomy":"post_tag","embeddable":true,"href":"https:\/\/www.eldigitaldeasturias.com\/noticias\/wp-json\/wp\/v2\/tags?post=455065"}],"curies":[{"name":"wp","href":"https:\/\/api.w.org\/{rel}","templated":true}]}}