{"id":455062,"date":"2013-11-27T23:06:52","date_gmt":"2013-11-28T00:06:52","guid":{"rendered":"http:\/\/www.eldigitaldeasturias.com\/noticias\/?p=455062"},"modified":"2013-11-27T23:06:52","modified_gmt":"2013-11-28T00:06:52","slug":"las-familias-del-bloque-de-salt-quieren-negociar-para-lograr-un-realojo-colectivo","status":"publish","type":"post","link":"https:\/\/www.eldigitaldeasturias.com\/noticias\/las-familias-del-bloque-de-salt-quieren-negociar-para-lograr-un-realojo-colectivo\/","title":{"rendered":"Las familias del bloque de Salt quieren negociar para lograr un realojo colectivo"},"content":{"rendered":"<p><img loading=\"lazy\" decoding=\"async\" class=\"alignleft size-medium wp-image-455063\" alt=\"5757568w\" src=\"https:\/\/www.eldigitaldeasturias.com\/noticias\/wp-content\/uploads\/2013\/11\/5757568w-360x238.jpg\" width=\"360\" height=\"238\" \/>Salt (Girona), 27 nov (EFE).- El objetivo de las familias de la obra social de la Plataforma de Afectados por la Hipoteca (PAH) de Girona que desde marzo ocupan un bloque en Salt es resistir hasta conseguir \u00abun realojamiento colectivo\u00bb, han se\u00f1alado hoy fuentes de la PAH al respecto de \u00abla voluntad manifestada por las familias\u00bb.<\/p>\n<p>\u00abHasta el momento s\u00f3lo tenemos garantizado el realojamiento en r\u00e9gimen de cesi\u00f3n de uso temporal de cinco familias\u00bb, ha indicado el representante de la PAH, Sebasti\u00e0 Parra, que ha asegurado que necesitan \u00abm\u00e1s tiempo\u00bb.<\/p>\n<p>Por una parte, ha indicado Parra, para \u00abseguir negociando qu\u00e9 pasar\u00e1 con las familias restantes, c\u00f3mo ser\u00e1 el contrato definitivo y c\u00f3mo se garantizar\u00e1n sus servicios b\u00e1sicos\u00bb y, por otra, para conseguir el objetivo del \u00abrealojo colectivo\u00bb.<\/p>\n<p>Seg\u00fan la PAH Girona, hay indicios que llevan a pensar que este realojamiento colectivo \u00abes viable\u00bb.<\/p>\n<p>Entre otros aspectos, han recordado que han propuesto al banco Mare Nostrum (BMN) \u00abque se siente a negociar la posibilidad que expuso, de realojar a todas las familias dentro de otro bloque, tambi\u00e9n en Salt\u00bb.<\/p>\n<p>El portavoz ha querido dejar claro que no se trata de un \u00abcapricho\u00bb, sino que las familias siempre han \u00abmanifestado su voluntad de construir una vida en com\u00fan\u00bb porque de esta manera han podido, entre otras cosas, resolver no s\u00f3lo el problema de la vivienda, sino \u00abunos m\u00ednimos necesarios en cuanto a alimentaci\u00f3n, servicios b\u00e1sicos o la atenci\u00f3n a la infancia\u00bb.<\/p>\n<p>Desde la PAH aseguran que han estudiado todas las posibilidades ofrecidas por la administraci\u00f3n, pero consideran que la propuesta de la Generalitat a cinco familias de cesi\u00f3n de uso de car\u00e1cter temporal, que no un alquiler social, \u00abno cuenta con las garant\u00edas contractuales adecuadas\u00bb.<\/p>\n<p>Esta falta de garant\u00edas alegada se basa en que la Secretar\u00eda de la Vivienda se reserva el derecho de resolver el presente documento si lo justifican circunstancias sobrevenidas de inter\u00e9s p\u00fablico, tal y como queda reflejado en el contrato.<\/p>\n<p>Una vez levantada la suspensi\u00f3n cautelar del desalojo de este bloque por parte del Tribunal de los Derechos humanos de Estrasburgo, el juzgado de Instrucci\u00f3n n\u00famero 3 de Girona ha dado la orden de desalojarlo.<\/p>\n<p>Este desalojo puede llevarse a cabo en cualquier momento, a pesar de que desde la PAH de Girona se han mostrado confiados en que les concedan tiempo para solucionar la situaci\u00f3n de todas las familias con negociaciones, ha dicho, \u00abque van por buen camino\u00bb.<\/p>\n<p>El apoyo a la PAH de Girona ante el posible desalojo de hoy ha sido notablemente diferente al del pasado 16 de octubre, cuando un millar de personas procedentes de las PAH del resto de Catalu\u00f1a y de diferentes puntos de Espa\u00f1a acudieron a dar su apoyo al bloque de Salt.<\/p>\n<p>Esta ma\u00f1ana apenas unas 80 personas se han reunido en los n\u00fameros 91 y 93 de la calle Doctor Castany de Salt, una visualizaci\u00f3n evidente de la ruptura entre la PAH Girona y el resto de PAH catalanas.<\/p>\n","protected":false},"excerpt":{"rendered":"<p>Salt (Girona), 27 nov (EFE).- El objetivo de las familias de la obra social de la Plataforma de Afectados por la Hipoteca (PAH) de Girona que desde marzo ocupan un bloque en Salt es resistir hasta conseguir \u00abun realojamiento colectivo\u00bb, han se\u00f1alado hoy fuentes de la PAH al respecto de \u00abla voluntad manifestada por las [&hellip;]<\/p>\n","protected":false},"author":1,"featured_media":455063,"comment_status":"open","ping_status":"open","sticky":false,"template":"","format":"standard","meta":{"footnotes":""},"categories":[28],"tags":[],"class_list":["post-455062","post","type-post","status-publish","format-standard","has-post-thumbnail","hentry","category-sociedad"],"aioseo_notices":[],"aioseo_head":"\n\t\t<!-- All in One SEO Pro 5.0.1 - aioseo.com -->\n\t<meta name=\"description\" content=\"Salt (Girona), 27 nov (EFE).- El objetivo de las familias de la obra social de la Plataforma de Afectados por la Hipoteca (PAH) de Girona que desde marzo ocupan un bloque en Salt es resistir hasta conseguir &quot;un realojamiento colectivo&quot;, han se\u00f1alado hoy fuentes de la PAH al respecto de &quot;la voluntad manifestada por las\" \/>\n\t<meta name=\"robots\" content=\"max-image-preview:large\" \/>\n\t<meta name=\"author\" content=\"El Digital de Asturias\"\/>\n\t<meta name=\"google-site-verification\" content=\"UA-38556648-1\" \/>\n\t<meta name=\"msvalidate.01\" content=\"7dfe9f3f1b24437ab69f4f2559babe99\" \/>\n\t<meta name=\"keywords\" content=\"sociedad\" \/>\n\t<link rel=\"canonical\" href=\"https:\/\/www.eldigitaldeasturias.com\/noticias\/las-familias-del-bloque-de-salt-quieren-negociar-para-lograr-un-realojo-colectivo\/\" \/>\n\t<meta name=\"generator\" content=\"All in One SEO Pro (AIOSEO) 5.0.1\" \/>\n\t\t<meta property=\"og:locale\" content=\"es_ES\" \/>\n\t\t<meta property=\"og:site_name\" content=\"El Digital de Asturias\" \/>\n\t\t<meta property=\"og:type\" content=\"article\" \/>\n\t\t<meta property=\"og:title\" content=\"Las familias del bloque de Salt quieren negociar para lograr un realojo colectivo - El Digital de Asturias\" \/>\n\t\t<meta property=\"og:description\" content=\"Salt (Girona), 27 nov (EFE).- El objetivo de las familias de la obra social de la Plataforma de Afectados por la Hipoteca (PAH) de Girona que desde marzo ocupan un bloque en Salt es resistir hasta conseguir &quot;un realojamiento colectivo&quot;, han se\u00f1alado hoy fuentes de la PAH al respecto de &quot;la voluntad manifestada por las\" \/>\n\t\t<meta property=\"og:url\" content=\"https:\/\/www.eldigitaldeasturias.com\/noticias\/las-familias-del-bloque-de-salt-quieren-negociar-para-lograr-un-realojo-colectivo\/\" \/>\n\t\t<meta property=\"article:tag\" content=\"sociedad\" \/>\n\t\t<meta property=\"article:published_time\" content=\"2013-11-28T00:06:52+00:00\" \/>\n\t\t<meta property=\"article:modified_time\" content=\"2013-11-28T00:06:52+00:00\" \/>\n\t\t<meta property=\"article:publisher\" content=\"https:\/\/facebook.com\/eldigitaldeasturias\" \/>\n\t\t<meta name=\"twitter:card\" content=\"summary_large_image\" \/>\n\t\t<meta name=\"twitter:title\" content=\"Las familias del bloque de Salt quieren negociar para lograr un realojo colectivo - El Digital de Asturias\" \/>\n\t\t<meta name=\"twitter:description\" content=\"Salt (Girona), 27 nov (EFE).- El objetivo de las familias de la obra social de la Plataforma de Afectados por la Hipoteca (PAH) de Girona que desde marzo ocupan un bloque en Salt es resistir hasta conseguir &quot;un realojamiento colectivo&quot;, han se\u00f1alado hoy fuentes de la PAH al respecto de &quot;la voluntad manifestada por las\" \/>\n\t\t<meta name=\"twitter:label1\" content=\"Escrito por\" \/>\n\t\t<meta name=\"twitter:data1\" content=\"El Digital de Asturias\" \/>\n\t\t<meta name=\"twitter:label2\" content=\"Tiempo de lectura estimado\" \/>\n\t\t<meta name=\"twitter:data2\" content=\"3 minutos\" \/>\n\t\t<script type=\"application\/ld+json\" class=\"aioseo-schema\">\n\t\t\t{\"@context\":\"https:\\\/\\\/schema.org\",\"@graph\":[{\"@type\":\"BlogPosting\",\"@id\":\"https:\\\/\\\/www.eldigitaldeasturias.com\\\/noticias\\\/las-familias-del-bloque-de-salt-quieren-negociar-para-lograr-un-realojo-colectivo\\\/#blogposting\",\"name\":\"Las familias del bloque de Salt quieren negociar para lograr un realojo colectivo - El Digital de Asturias\",\"headline\":\"Las familias del bloque de Salt quieren negociar para lograr un realojo colectivo\",\"author\":{\"@id\":\"https:\\\/\\\/www.eldigitaldeasturias.com\\\/noticias\\\/author\\\/admin\\\/#author\"},\"publisher\":{\"@id\":\"https:\\\/\\\/www.eldigitaldeasturias.com\\\/noticias\\\/#organization\"},\"image\":{\"@type\":\"ImageObject\",\"url\":455063},\"datePublished\":\"2013-11-27T23:06:52+01:00\",\"dateModified\":\"2013-11-27T23:06:52+01:00\",\"inLanguage\":\"es-ES\",\"mainEntityOfPage\":{\"@id\":\"https:\\\/\\\/www.eldigitaldeasturias.com\\\/noticias\\\/las-familias-del-bloque-de-salt-quieren-negociar-para-lograr-un-realojo-colectivo\\\/#webpage\"},\"isPartOf\":{\"@id\":\"https:\\\/\\\/www.eldigitaldeasturias.com\\\/noticias\\\/las-familias-del-bloque-de-salt-quieren-negociar-para-lograr-un-realojo-colectivo\\\/#webpage\"},\"articleSection\":\"Sociedad\"},{\"@type\":\"BreadcrumbList\",\"@id\":\"https:\\\/\\\/www.eldigitaldeasturias.com\\\/noticias\\\/las-familias-del-bloque-de-salt-quieren-negociar-para-lograr-un-realojo-colectivo\\\/#breadcrumblist\",\"itemListElement\":[{\"@type\":\"ListItem\",\"@id\":\"https:\\\/\\\/www.eldigitaldeasturias.com\\\/noticias#listItem\",\"position\":1,\"name\":\"Home\",\"item\":\"https:\\\/\\\/www.eldigitaldeasturias.com\\\/noticias\",\"nextItem\":{\"@type\":\"ListItem\",\"@id\":\"https:\\\/\\\/www.eldigitaldeasturias.com\\\/noticias\\\/category\\\/sociedad\\\/#listItem\",\"name\":\"Sociedad\"}},{\"@type\":\"ListItem\",\"@id\":\"https:\\\/\\\/www.eldigitaldeasturias.com\\\/noticias\\\/category\\\/sociedad\\\/#listItem\",\"position\":2,\"name\":\"Sociedad\",\"item\":\"https:\\\/\\\/www.eldigitaldeasturias.com\\\/noticias\\\/category\\\/sociedad\\\/\",\"nextItem\":{\"@type\":\"ListItem\",\"@id\":\"https:\\\/\\\/www.eldigitaldeasturias.com\\\/noticias\\\/las-familias-del-bloque-de-salt-quieren-negociar-para-lograr-un-realojo-colectivo\\\/#listItem\",\"name\":\"Las familias del bloque de Salt quieren negociar para lograr un realojo colectivo\"},\"previousItem\":{\"@type\":\"ListItem\",\"@id\":\"https:\\\/\\\/www.eldigitaldeasturias.com\\\/noticias#listItem\",\"name\":\"Home\"}},{\"@type\":\"ListItem\",\"@id\":\"https:\\\/\\\/www.eldigitaldeasturias.com\\\/noticias\\\/las-familias-del-bloque-de-salt-quieren-negociar-para-lograr-un-realojo-colectivo\\\/#listItem\",\"position\":3,\"name\":\"Las familias del bloque de Salt quieren negociar para lograr un realojo colectivo\",\"previousItem\":{\"@type\":\"ListItem\",\"@id\":\"https:\\\/\\\/www.eldigitaldeasturias.com\\\/noticias\\\/category\\\/sociedad\\\/#listItem\",\"name\":\"Sociedad\"}}]},{\"@type\":\"Organization\",\"@id\":\"https:\\\/\\\/www.eldigitaldeasturias.com\\\/noticias\\\/#organization\",\"name\":\"El Digital de Asturias\",\"description\":\"Hemeroteca\",\"url\":\"https:\\\/\\\/www.eldigitaldeasturias.com\\\/noticias\\\/\",\"email\":\"info@eldigitaldeasturias.com\",\"telephone\":\"+34652131393\",\"logo\":{\"@type\":\"ImageObject\",\"url\":\"https:\\\/\\\/www.eldigitaldeasturias.com\\\/noticias\\\/wp-content\\\/uploads\\\/2020\\\/12\\\/EDA.jpg\",\"@id\":\"https:\\\/\\\/www.eldigitaldeasturias.com\\\/noticias\\\/las-familias-del-bloque-de-salt-quieren-negociar-para-lograr-un-realojo-colectivo\\\/#organizationLogo\"},\"image\":{\"@id\":\"https:\\\/\\\/www.eldigitaldeasturias.com\\\/noticias\\\/las-familias-del-bloque-de-salt-quieren-negociar-para-lograr-un-realojo-colectivo\\\/#organizationLogo\"},\"sameAs\":[\"https:\\\/\\\/facebook.com\\\/eldigitaldeasturias\",\"https:\\\/\\\/www.youtube.com\\\/channel\\\/UCZP-2wLEB9Rv6erhFmqVnvg\"],\"address\":{\"@id\":\"https:\\\/\\\/www.eldigitaldeasturias.com\\\/noticias\\\/#postaladdress\",\"@type\":\"PostalAddress\",\"streetAddress\":\"san antonio 4\",\"postalCode\":\"33430\",\"addressLocality\":\"Cand\\u00e1s\",\"addressRegion\":\"Asturias\",\"addressCountry\":\"ES\"}},{\"@type\":\"Person\",\"@id\":\"https:\\\/\\\/www.eldigitaldeasturias.com\\\/noticias\\\/author\\\/admin\\\/#author\",\"url\":\"https:\\\/\\\/www.eldigitaldeasturias.com\\\/noticias\\\/author\\\/admin\\\/\",\"name\":\"El Digital de Asturias\",\"image\":{\"@type\":\"ImageObject\",\"@id\":\"https:\\\/\\\/www.eldigitaldeasturias.com\\\/noticias\\\/las-familias-del-bloque-de-salt-quieren-negociar-para-lograr-un-realojo-colectivo\\\/#authorImage\",\"url\":\"https:\\\/\\\/secure.gravatar.com\\\/avatar\\\/df2aeffc32bcd13f8d26072ef8a91b623d677766deac7f97ca815868cd41bf5e?s=96&d=mm&r=g\",\"width\":96,\"height\":96,\"caption\":\"El Digital de Asturias\"}},{\"@type\":\"WebPage\",\"@id\":\"https:\\\/\\\/www.eldigitaldeasturias.com\\\/noticias\\\/las-familias-del-bloque-de-salt-quieren-negociar-para-lograr-un-realojo-colectivo\\\/#webpage\",\"url\":\"https:\\\/\\\/www.eldigitaldeasturias.com\\\/noticias\\\/las-familias-del-bloque-de-salt-quieren-negociar-para-lograr-un-realojo-colectivo\\\/\",\"name\":\"Las familias del bloque de Salt quieren negociar para lograr un realojo colectivo - El Digital de Asturias\",\"description\":\"Salt (Girona), 27 nov (EFE).- El objetivo de las familias de la obra social de la Plataforma de Afectados por la Hipoteca (PAH) de Girona que desde marzo ocupan un bloque en Salt es resistir hasta conseguir \\\"un realojamiento colectivo\\\", han se\\u00f1alado hoy fuentes de la PAH al respecto de \\\"la voluntad manifestada por las\",\"inLanguage\":\"es-ES\",\"isPartOf\":{\"@id\":\"https:\\\/\\\/www.eldigitaldeasturias.com\\\/noticias\\\/#website\"},\"breadcrumb\":{\"@id\":\"https:\\\/\\\/www.eldigitaldeasturias.com\\\/noticias\\\/las-familias-del-bloque-de-salt-quieren-negociar-para-lograr-un-realojo-colectivo\\\/#breadcrumblist\"},\"author\":{\"@id\":\"https:\\\/\\\/www.eldigitaldeasturias.com\\\/noticias\\\/author\\\/admin\\\/#author\"},\"creator\":{\"@id\":\"https:\\\/\\\/www.eldigitaldeasturias.com\\\/noticias\\\/author\\\/admin\\\/#author\"},\"image\":{\"@type\":\"ImageObject\",\"url\":455063,\"@id\":\"https:\\\/\\\/www.eldigitaldeasturias.com\\\/noticias\\\/las-familias-del-bloque-de-salt-quieren-negociar-para-lograr-un-realojo-colectivo\\\/#mainImage\"},\"primaryImageOfPage\":{\"@id\":\"https:\\\/\\\/www.eldigitaldeasturias.com\\\/noticias\\\/las-familias-del-bloque-de-salt-quieren-negociar-para-lograr-un-realojo-colectivo\\\/#mainImage\"},\"datePublished\":\"2013-11-27T23:06:52+01:00\",\"dateModified\":\"2013-11-27T23:06:52+01:00\"},{\"@type\":\"WebSite\",\"@id\":\"https:\\\/\\\/www.eldigitaldeasturias.com\\\/noticias\\\/#website\",\"url\":\"https:\\\/\\\/www.eldigitaldeasturias.com\\\/noticias\\\/\",\"name\":\"El Digital de Asturias - Diario de actualidad y noticias\",\"alternateName\":\"El Digital de Asturias - Diario de actualidad y noticias\",\"description\":\"Hemeroteca\",\"inLanguage\":\"es-ES\",\"publisher\":{\"@id\":\"https:\\\/\\\/www.eldigitaldeasturias.com\\\/noticias\\\/#organization\"}}]}\n\t\t<\/script>\n\t\t<!-- All in One SEO Pro -->\r\n\t\t<title>Las familias del bloque de Salt quieren negociar para lograr un realojo colectivo - El Digital de Asturias<\/title>\n\n","aioseo_head_json":{"title":"Las familias del bloque de Salt quieren negociar para lograr un realojo colectivo - El Digital de Asturias","description":"Salt (Girona), 27 nov (EFE).- El objetivo de las familias de la obra social de la Plataforma de Afectados por la Hipoteca (PAH) de Girona que desde marzo ocupan un bloque en Salt es resistir hasta conseguir \"un realojamiento colectivo\", han se\u00f1alado hoy fuentes de la PAH al respecto de \"la voluntad manifestada por las","canonical_url":"https:\/\/www.eldigitaldeasturias.com\/noticias\/las-familias-del-bloque-de-salt-quieren-negociar-para-lograr-un-realojo-colectivo\/","robots":"max-image-preview:large","keywords":"sociedad","webmasterTools":{"google-site-verification":"UA-38556648-1","msvalidate.01":"7dfe9f3f1b24437ab69f4f2559babe99","miscellaneous":""},"schema":{"@context":"https:\/\/schema.org","@graph":[{"@type":"BlogPosting","@id":"https:\/\/www.eldigitaldeasturias.com\/noticias\/las-familias-del-bloque-de-salt-quieren-negociar-para-lograr-un-realojo-colectivo\/#blogposting","name":"Las familias del bloque de Salt quieren negociar para lograr un realojo colectivo - El Digital de Asturias","headline":"Las familias del bloque de Salt quieren negociar para lograr un realojo colectivo","author":{"@id":"https:\/\/www.eldigitaldeasturias.com\/noticias\/author\/admin\/#author"},"publisher":{"@id":"https:\/\/www.eldigitaldeasturias.com\/noticias\/#organization"},"image":{"@type":"ImageObject","url":455063},"datePublished":"2013-11-27T23:06:52+01:00","dateModified":"2013-11-27T23:06:52+01:00","inLanguage":"es-ES","mainEntityOfPage":{"@id":"https:\/\/www.eldigitaldeasturias.com\/noticias\/las-familias-del-bloque-de-salt-quieren-negociar-para-lograr-un-realojo-colectivo\/#webpage"},"isPartOf":{"@id":"https:\/\/www.eldigitaldeasturias.com\/noticias\/las-familias-del-bloque-de-salt-quieren-negociar-para-lograr-un-realojo-colectivo\/#webpage"},"articleSection":"Sociedad"},{"@type":"BreadcrumbList","@id":"https:\/\/www.eldigitaldeasturias.com\/noticias\/las-familias-del-bloque-de-salt-quieren-negociar-para-lograr-un-realojo-colectivo\/#breadcrumblist","itemListElement":[{"@type":"ListItem","@id":"https:\/\/www.eldigitaldeasturias.com\/noticias#listItem","position":1,"name":"Home","item":"https:\/\/www.eldigitaldeasturias.com\/noticias","nextItem":{"@type":"ListItem","@id":"https:\/\/www.eldigitaldeasturias.com\/noticias\/category\/sociedad\/#listItem","name":"Sociedad"}},{"@type":"ListItem","@id":"https:\/\/www.eldigitaldeasturias.com\/noticias\/category\/sociedad\/#listItem","position":2,"name":"Sociedad","item":"https:\/\/www.eldigitaldeasturias.com\/noticias\/category\/sociedad\/","nextItem":{"@type":"ListItem","@id":"https:\/\/www.eldigitaldeasturias.com\/noticias\/las-familias-del-bloque-de-salt-quieren-negociar-para-lograr-un-realojo-colectivo\/#listItem","name":"Las familias del bloque de Salt quieren negociar para lograr un realojo colectivo"},"previousItem":{"@type":"ListItem","@id":"https:\/\/www.eldigitaldeasturias.com\/noticias#listItem","name":"Home"}},{"@type":"ListItem","@id":"https:\/\/www.eldigitaldeasturias.com\/noticias\/las-familias-del-bloque-de-salt-quieren-negociar-para-lograr-un-realojo-colectivo\/#listItem","position":3,"name":"Las familias del bloque de Salt quieren negociar para lograr un realojo colectivo","previousItem":{"@type":"ListItem","@id":"https:\/\/www.eldigitaldeasturias.com\/noticias\/category\/sociedad\/#listItem","name":"Sociedad"}}]},{"@type":"Organization","@id":"https:\/\/www.eldigitaldeasturias.com\/noticias\/#organization","name":"El Digital de Asturias","description":"Hemeroteca","url":"https:\/\/www.eldigitaldeasturias.com\/noticias\/","email":"info@eldigitaldeasturias.com","telephone":"+34652131393","logo":{"@type":"ImageObject","url":"https:\/\/www.eldigitaldeasturias.com\/noticias\/wp-content\/uploads\/2020\/12\/EDA.jpg","@id":"https:\/\/www.eldigitaldeasturias.com\/noticias\/las-familias-del-bloque-de-salt-quieren-negociar-para-lograr-un-realojo-colectivo\/#organizationLogo"},"image":{"@id":"https:\/\/www.eldigitaldeasturias.com\/noticias\/las-familias-del-bloque-de-salt-quieren-negociar-para-lograr-un-realojo-colectivo\/#organizationLogo"},"sameAs":["https:\/\/facebook.com\/eldigitaldeasturias","https:\/\/www.youtube.com\/channel\/UCZP-2wLEB9Rv6erhFmqVnvg"],"address":{"@id":"https:\/\/www.eldigitaldeasturias.com\/noticias\/#postaladdress","@type":"PostalAddress","streetAddress":"san antonio 4","postalCode":"33430","addressLocality":"Cand\u00e1s","addressRegion":"Asturias","addressCountry":"ES"}},{"@type":"Person","@id":"https:\/\/www.eldigitaldeasturias.com\/noticias\/author\/admin\/#author","url":"https:\/\/www.eldigitaldeasturias.com\/noticias\/author\/admin\/","name":"El Digital de Asturias","image":{"@type":"ImageObject","@id":"https:\/\/www.eldigitaldeasturias.com\/noticias\/las-familias-del-bloque-de-salt-quieren-negociar-para-lograr-un-realojo-colectivo\/#authorImage","url":"https:\/\/secure.gravatar.com\/avatar\/df2aeffc32bcd13f8d26072ef8a91b623d677766deac7f97ca815868cd41bf5e?s=96&d=mm&r=g","width":96,"height":96,"caption":"El Digital de Asturias"}},{"@type":"WebPage","@id":"https:\/\/www.eldigitaldeasturias.com\/noticias\/las-familias-del-bloque-de-salt-quieren-negociar-para-lograr-un-realojo-colectivo\/#webpage","url":"https:\/\/www.eldigitaldeasturias.com\/noticias\/las-familias-del-bloque-de-salt-quieren-negociar-para-lograr-un-realojo-colectivo\/","name":"Las familias del bloque de Salt quieren negociar para lograr un realojo colectivo - El Digital de Asturias","description":"Salt (Girona), 27 nov (EFE).- El objetivo de las familias de la obra social de la Plataforma de Afectados por la Hipoteca (PAH) de Girona que desde marzo ocupan un bloque en Salt es resistir hasta conseguir \"un realojamiento colectivo\", han se\u00f1alado hoy fuentes de la PAH al respecto de \"la voluntad manifestada por las","inLanguage":"es-ES","isPartOf":{"@id":"https:\/\/www.eldigitaldeasturias.com\/noticias\/#website"},"breadcrumb":{"@id":"https:\/\/www.eldigitaldeasturias.com\/noticias\/las-familias-del-bloque-de-salt-quieren-negociar-para-lograr-un-realojo-colectivo\/#breadcrumblist"},"author":{"@id":"https:\/\/www.eldigitaldeasturias.com\/noticias\/author\/admin\/#author"},"creator":{"@id":"https:\/\/www.eldigitaldeasturias.com\/noticias\/author\/admin\/#author"},"image":{"@type":"ImageObject","url":455063,"@id":"https:\/\/www.eldigitaldeasturias.com\/noticias\/las-familias-del-bloque-de-salt-quieren-negociar-para-lograr-un-realojo-colectivo\/#mainImage"},"primaryImageOfPage":{"@id":"https:\/\/www.eldigitaldeasturias.com\/noticias\/las-familias-del-bloque-de-salt-quieren-negociar-para-lograr-un-realojo-colectivo\/#mainImage"},"datePublished":"2013-11-27T23:06:52+01:00","dateModified":"2013-11-27T23:06:52+01:00"},{"@type":"WebSite","@id":"https:\/\/www.eldigitaldeasturias.com\/noticias\/#website","url":"https:\/\/www.eldigitaldeasturias.com\/noticias\/","name":"El Digital de Asturias - Diario de actualidad y noticias","alternateName":"El Digital de Asturias - Diario de actualidad y noticias","description":"Hemeroteca","inLanguage":"es-ES","publisher":{"@id":"https:\/\/www.eldigitaldeasturias.com\/noticias\/#organization"}}]},"og:locale":"es_ES","og:site_name":"El Digital de Asturias","og:type":"article","og:title":"Las familias del bloque de Salt quieren negociar para lograr un realojo colectivo - El Digital de Asturias","og:description":"Salt (Girona), 27 nov (EFE).- El objetivo de las familias de la obra social de la Plataforma de Afectados por la Hipoteca (PAH) de Girona que desde marzo ocupan un bloque en Salt es resistir hasta conseguir &quot;un realojamiento colectivo&quot;, han se\u00f1alado hoy fuentes de la PAH al respecto de &quot;la voluntad manifestada por las","og:url":"https:\/\/www.eldigitaldeasturias.com\/noticias\/las-familias-del-bloque-de-salt-quieren-negociar-para-lograr-un-realojo-colectivo\/","article:tag":["sociedad"],"article:published_time":"2013-11-28T00:06:52+00:00","article:modified_time":"2013-11-28T00:06:52+00:00","article:publisher":"https:\/\/facebook.com\/eldigitaldeasturias","twitter:card":"summary_large_image","twitter:title":"Las familias del bloque de Salt quieren negociar para lograr un realojo colectivo - El Digital de Asturias","twitter:description":"Salt (Girona), 27 nov (EFE).- El objetivo de las familias de la obra social de la Plataforma de Afectados por la Hipoteca (PAH) de Girona que desde marzo ocupan un bloque en Salt es resistir hasta conseguir &quot;un realojamiento colectivo&quot;, han se\u00f1alado hoy fuentes de la PAH al respecto de &quot;la voluntad manifestada por las","twitter:label1":"Escrito por","twitter:data1":"El Digital de Asturias","twitter:label2":"Tiempo de lectura estimado","twitter:data2":"3 minutos"},"aioseo_meta_data":{"post_id":"455062","title":null,"description":null,"keywords":null,"keyphrases":null,"primary_term":null,"canonical_url":null,"og_title":null,"og_description":null,"og_object_type":"default","og_image_type":"default","og_image_url":null,"og_image_width":null,"og_image_height":null,"og_image_custom_url":null,"og_image_custom_fields":null,"og_video":null,"og_custom_url":null,"og_article_section":null,"og_article_tags":null,"twitter_use_og":true,"twitter_card":"default","twitter_image_type":"default","twitter_image_url":null,"twitter_image_custom_url":null,"twitter_image_custom_fields":null,"twitter_title":null,"twitter_description":null,"schema":{"blockGraphs":[],"customGraphs":[],"default":{"data":{"Article":[],"Course":[],"Dataset":[],"FAQPage":[],"Movie":[],"Person":[],"Product":[],"ProductReview":[],"Car":[],"Recipe":[],"Service":[],"SoftwareApplication":[],"WebPage":[]},"graphName":"","isEnabled":true},"graphs":[],"defaultGraph":"","defaultPostTypeGraph":""},"schema_type":null,"schema_type_options":null,"pillar_content":false,"robots_default":true,"robots_noindex":false,"robots_noarchive":false,"robots_nosnippet":false,"robots_nofollow":false,"robots_noimageindex":false,"robots_noodp":false,"robots_notranslate":false,"robots_max_snippet":null,"robots_max_videopreview":null,"robots_max_imagepreview":"none","priority":null,"frequency":null,"local_seo":null,"seo_analyzer_scan_date":"2026-05-29 16:57:40","breadcrumb_settings":null,"limit_modified_date":false,"open_ai":null,"ai":null,"created":"2020-11-14 22:45:11","updated":"2026-05-29 16:57:40","focus_keyword":null,"additional_keywords":null,"truseo_locale":null},"aioseo_breadcrumb":"<div class=\"aioseo-breadcrumbs\"><span class=\"aioseo-breadcrumb\">\n\t<a href=\"https:\/\/www.eldigitaldeasturias.com\/noticias\" title=\"Home\">Home<\/a>\n<\/span><span class=\"aioseo-breadcrumb-separator\">\u2013<\/span><span class=\"aioseo-breadcrumb\">\n\t<a href=\"https:\/\/www.eldigitaldeasturias.com\/noticias\/category\/sociedad\/\" title=\"Sociedad\">Sociedad<\/a>\n<\/span><span class=\"aioseo-breadcrumb-separator\">\u2013<\/span><span class=\"aioseo-breadcrumb\">\n\t<a href=\"https:\/\/www.eldigitaldeasturias.com\/noticias\/las-familias-del-bloque-de-salt-quieren-negociar-para-lograr-un-realojo-colectivo\/\" title=\"Las familias del bloque de Salt quieren negociar para lograr un realojo colectivo\">Las familias del bloque de Salt quieren negociar para lograr un realojo colectivo<\/a>\n<\/span><\/div>","aioseo_breadcrumb_json":[{"label":"Home","link":"https:\/\/www.eldigitaldeasturias.com\/noticias"},{"label":"Sociedad","link":"https:\/\/www.eldigitaldeasturias.com\/noticias\/category\/sociedad\/"},{"label":"Las familias del bloque de Salt quieren negociar para lograr un realojo colectivo","link":"https:\/\/www.eldigitaldeasturias.com\/noticias\/las-familias-del-bloque-de-salt-quieren-negociar-para-lograr-un-realojo-colectivo\/"}],"_links":{"self":[{"href":"https:\/\/www.eldigitaldeasturias.com\/noticias\/wp-json\/wp\/v2\/posts\/455062","targetHints":{"allow":["GET"]}}],"collection":[{"href":"https:\/\/www.eldigitaldeasturias.com\/noticias\/wp-json\/wp\/v2\/posts"}],"about":[{"href":"https:\/\/www.eldigitaldeasturias.com\/noticias\/wp-json\/wp\/v2\/types\/post"}],"author":[{"embeddable":true,"href":"https:\/\/www.eldigitaldeasturias.com\/noticias\/wp-json\/wp\/v2\/users\/1"}],"replies":[{"embeddable":true,"href":"https:\/\/www.eldigitaldeasturias.com\/noticias\/wp-json\/wp\/v2\/comments?post=455062"}],"version-history":[{"count":0,"href":"https:\/\/www.eldigitaldeasturias.com\/noticias\/wp-json\/wp\/v2\/posts\/455062\/revisions"}],"wp:attachment":[{"href":"https:\/\/www.eldigitaldeasturias.com\/noticias\/wp-json\/wp\/v2\/media?parent=455062"}],"wp:term":[{"taxonomy":"category","embeddable":true,"href":"https:\/\/www.eldigitaldeasturias.com\/noticias\/wp-json\/wp\/v2\/categories?post=455062"},{"taxonomy":"post_tag","embeddable":true,"href":"https:\/\/www.eldigitaldeasturias.com\/noticias\/wp-json\/wp\/v2\/tags?post=455062"}],"curies":[{"name":"wp","href":"https:\/\/api.w.org\/{rel}","templated":true}]}}