{"id":455059,"date":"2013-11-27T23:05:11","date_gmt":"2013-11-28T00:05:11","guid":{"rendered":"http:\/\/www.eldigitaldeasturias.com\/noticias\/?p=455059"},"modified":"2013-11-27T23:05:11","modified_gmt":"2013-11-28T00:05:11","slug":"israel-despide-a-la-leyenda-del-rock-hebreo-arik-einstein","status":"publish","type":"post","link":"https:\/\/www.eldigitaldeasturias.com\/noticias\/israel-despide-a-la-leyenda-del-rock-hebreo-arik-einstein\/","title":{"rendered":"Israel despide a la leyenda del rock hebreo, Arik Einstein"},"content":{"rendered":"<p><img loading=\"lazy\" decoding=\"async\" class=\"alignleft size-medium wp-image-455060\" alt=\"5757600w\" src=\"https:\/\/www.eldigitaldeasturias.com\/noticias\/wp-content\/uploads\/2013\/11\/5757600w-360x239.jpg\" width=\"360\" height=\"239\" \/>Jerusal\u00e9n, 27 nov (EFE).- Los israel\u00edes despiden hoy en un multitudinario funeral en Tel Aviv a la m\u00e1xima leyenda del rock local, el cantante y artista Arik Einstein, que ha acompa\u00f1ado con su obra la corta historia de este pa\u00eds hasta convertirse en su \u00abbanda sonora\u00bb.<\/p>\n<p>Einstein falleci\u00f3 la noche del domingo a los 74 a\u00f1os, seg\u00fan el parte del hospital Ijilov debido a un \u00abaneurisma de aorta, a causa una dilataci\u00f3n cr\u00f3nica de los vasos sangu\u00edneos en la zona del abdomen\u00bb.<\/p>\n<p>El cantautor, que lider\u00f3 las principales corrientes musicales en las \u00faltimas cinco d\u00e9cadas y segu\u00eda en activo, se hab\u00eda desplomado poco antes en su casa, e ingres\u00f3 inconsciente en el hospital.<\/p>\n<p>\u00abEra el m\u00e1s grande de todos. Todos crecimos con sus canciones. Decir Arik Einstein es lo mismo que decir Israel. La canciones que compuso e interpret\u00f3 son la banda sonora de Israel\u00bb, dijo el primer ministro, Benjam\u00edn Netanyahu.<\/p>\n<p>Poco conocido fuera de su pa\u00eds, Einstein naci\u00f3 en 1939 en una Tel Aviv que florec\u00eda bajo mandato brit\u00e1nico, y que se convert\u00eda r\u00e1pidamente en el epicentro del renacimiento cultural hebreo en todas sus dimensiones, entre ellas la m\u00fasica.<\/p>\n<p>Sus primeros pasos los dio en las Bandas Musicales del Ej\u00e9rcito, un fen\u00f3meno cultural que tuvo su m\u00e1ximo apogeo en los cincuenta, sesenta y setenta, y que fue el caldo de cultivo de decenas de artistas israel\u00edes.<\/p>\n<p>Autor de populares canciones como \u00abYo y t\u00fa (cambiaremos el mundo)\u00bb, \u00abVe despacio\u00bb, \u00abVuela polluelo\u00bb, \u00abSentado sobre la verja\u00bb, o \u00abSan Francisco sobre el agua\u00bb, Einstein lleg\u00f3 a encabezar las listas de \u00e9xito en todas las emisoras israel\u00edes durante semanas.<\/p>\n<p>En su diversificada y prol\u00edfica obra -grab\u00f3 m\u00e1s de 40 discos en solitario y una veintena con otros cantantes y grupos- lleg\u00f3 a abordar los problemas y curiosidades de la emergente sociedad israel\u00ed, que tambi\u00e9n traslad\u00f3 al cine en una docena de ocasiones.<\/p>\n<p>\u00abSalah Shabati\u00bb (1964) y \u00abMetzitzin\u00bb (Mirones, 1972) son dos de sus pel\u00edculas m\u00e1s veneradas a nivel local, y marcaron toda una \u00e9poca en la vida de los israel\u00edes.<\/p>\n<p>El rabino Uri Zohar, popular actor israel\u00ed que tras grabar \u00abMirones\u00bb con Einstein cambi\u00f3 la vida bohemia de la laica Tel Aviv por la ultraortodoxa de Jerusal\u00e9n, pronunci\u00f3 anoche en el hospital el ritual del \u00abkaddish\u00bb (oraci\u00f3n funeraria jud\u00eda) por quien era su amigo del alma y consuegro por partida doble.<\/p>\n<p>\u00abSus canciones acariciaron a todo un pueblo y abrazaron nuestra tierra\u00bb, dijo de Einstein el presidente israel\u00ed, Sim\u00f3n Peres, que se encuentra de visita oficial en M\u00e9xico.<\/p>\n<p>Casado en dos ocasiones y padre de cuatro hijos -dos de cada matrimonio-, los restos de Einstein est\u00e1n expuestos hoy en la c\u00e9ntrica Plaza Rabin de Tel Aviv para que los israel\u00edes puedan darle un \u00faltimo adi\u00f3s antes de ser enterrado en uno de los cementerios de su inseparable Tel Aviv.<\/p>\n","protected":false},"excerpt":{"rendered":"<p>Jerusal\u00e9n, 27 nov (EFE).- Los israel\u00edes despiden hoy en un multitudinario funeral en Tel Aviv a la m\u00e1xima leyenda del rock local, el cantante y artista Arik Einstein, que ha acompa\u00f1ado con su obra la corta historia de este pa\u00eds hasta convertirse en su \u00abbanda sonora\u00bb. Einstein falleci\u00f3 la noche del domingo a los 74 [&hellip;]<\/p>\n","protected":false},"author":1,"featured_media":455060,"comment_status":"open","ping_status":"open","sticky":false,"template":"","format":"standard","meta":{"footnotes":""},"categories":[28],"tags":[],"class_list":["post-455059","post","type-post","status-publish","format-standard","has-post-thumbnail","hentry","category-sociedad"],"aioseo_notices":[],"aioseo_head":"\n\t\t<!-- All in One SEO Pro 5.0.1 - aioseo.com -->\n\t<meta name=\"description\" content=\"Jerusal\u00e9n, 27 nov (EFE).- Los israel\u00edes despiden hoy en un multitudinario funeral en Tel Aviv a la m\u00e1xima leyenda del rock local, el cantante y artista Arik Einstein, que ha acompa\u00f1ado con su obra la corta historia de este pa\u00eds hasta convertirse en su &quot;banda sonora&quot;. Einstein falleci\u00f3 la noche del domingo a los 74\" \/>\n\t<meta name=\"robots\" content=\"max-image-preview:large\" \/>\n\t<meta name=\"author\" content=\"El Digital de Asturias\"\/>\n\t<meta name=\"google-site-verification\" content=\"UA-38556648-1\" \/>\n\t<meta name=\"msvalidate.01\" content=\"7dfe9f3f1b24437ab69f4f2559babe99\" \/>\n\t<meta name=\"keywords\" content=\"sociedad\" \/>\n\t<link rel=\"canonical\" href=\"https:\/\/www.eldigitaldeasturias.com\/noticias\/israel-despide-a-la-leyenda-del-rock-hebreo-arik-einstein\/\" \/>\n\t<meta name=\"generator\" content=\"All in One SEO Pro (AIOSEO) 5.0.1\" \/>\n\t\t<meta property=\"og:locale\" content=\"es_ES\" \/>\n\t\t<meta property=\"og:site_name\" content=\"El Digital de Asturias\" \/>\n\t\t<meta property=\"og:type\" content=\"article\" \/>\n\t\t<meta property=\"og:title\" content=\"Israel despide a la leyenda del rock hebreo, Arik Einstein - El Digital de Asturias\" \/>\n\t\t<meta property=\"og:description\" content=\"Jerusal\u00e9n, 27 nov (EFE).- Los israel\u00edes despiden hoy en un multitudinario funeral en Tel Aviv a la m\u00e1xima leyenda del rock local, el cantante y artista Arik Einstein, que ha acompa\u00f1ado con su obra la corta historia de este pa\u00eds hasta convertirse en su &quot;banda sonora&quot;. Einstein falleci\u00f3 la noche del domingo a los 74\" \/>\n\t\t<meta property=\"og:url\" content=\"https:\/\/www.eldigitaldeasturias.com\/noticias\/israel-despide-a-la-leyenda-del-rock-hebreo-arik-einstein\/\" \/>\n\t\t<meta property=\"article:tag\" content=\"sociedad\" \/>\n\t\t<meta property=\"article:published_time\" content=\"2013-11-28T00:05:11+00:00\" \/>\n\t\t<meta property=\"article:modified_time\" content=\"2013-11-28T00:05:11+00:00\" \/>\n\t\t<meta property=\"article:publisher\" content=\"https:\/\/facebook.com\/eldigitaldeasturias\" \/>\n\t\t<meta name=\"twitter:card\" content=\"summary_large_image\" \/>\n\t\t<meta name=\"twitter:title\" content=\"Israel despide a la leyenda del rock hebreo, Arik Einstein - El Digital de Asturias\" \/>\n\t\t<meta name=\"twitter:description\" content=\"Jerusal\u00e9n, 27 nov (EFE).- Los israel\u00edes despiden hoy en un multitudinario funeral en Tel Aviv a la m\u00e1xima leyenda del rock local, el cantante y artista Arik Einstein, que ha acompa\u00f1ado con su obra la corta historia de este pa\u00eds hasta convertirse en su &quot;banda sonora&quot;. Einstein falleci\u00f3 la noche del domingo a los 74\" \/>\n\t\t<meta name=\"twitter:label1\" content=\"Escrito por\" \/>\n\t\t<meta name=\"twitter:data1\" content=\"El Digital de Asturias\" \/>\n\t\t<meta name=\"twitter:label2\" content=\"Tiempo de lectura estimado\" \/>\n\t\t<meta name=\"twitter:data2\" content=\"3 minutos\" \/>\n\t\t<script type=\"application\/ld+json\" class=\"aioseo-schema\">\n\t\t\t{\"@context\":\"https:\\\/\\\/schema.org\",\"@graph\":[{\"@type\":\"BlogPosting\",\"@id\":\"https:\\\/\\\/www.eldigitaldeasturias.com\\\/noticias\\\/israel-despide-a-la-leyenda-del-rock-hebreo-arik-einstein\\\/#blogposting\",\"name\":\"Israel despide a la leyenda del rock hebreo, Arik Einstein - El Digital de Asturias\",\"headline\":\"Israel despide a la leyenda del rock hebreo, Arik Einstein\",\"author\":{\"@id\":\"https:\\\/\\\/www.eldigitaldeasturias.com\\\/noticias\\\/author\\\/admin\\\/#author\"},\"publisher\":{\"@id\":\"https:\\\/\\\/www.eldigitaldeasturias.com\\\/noticias\\\/#organization\"},\"image\":{\"@type\":\"ImageObject\",\"url\":455060},\"datePublished\":\"2013-11-27T23:05:11+01:00\",\"dateModified\":\"2013-11-27T23:05:11+01:00\",\"inLanguage\":\"es-ES\",\"mainEntityOfPage\":{\"@id\":\"https:\\\/\\\/www.eldigitaldeasturias.com\\\/noticias\\\/israel-despide-a-la-leyenda-del-rock-hebreo-arik-einstein\\\/#webpage\"},\"isPartOf\":{\"@id\":\"https:\\\/\\\/www.eldigitaldeasturias.com\\\/noticias\\\/israel-despide-a-la-leyenda-del-rock-hebreo-arik-einstein\\\/#webpage\"},\"articleSection\":\"Sociedad\"},{\"@type\":\"BreadcrumbList\",\"@id\":\"https:\\\/\\\/www.eldigitaldeasturias.com\\\/noticias\\\/israel-despide-a-la-leyenda-del-rock-hebreo-arik-einstein\\\/#breadcrumblist\",\"itemListElement\":[{\"@type\":\"ListItem\",\"@id\":\"https:\\\/\\\/www.eldigitaldeasturias.com\\\/noticias#listItem\",\"position\":1,\"name\":\"Home\",\"item\":\"https:\\\/\\\/www.eldigitaldeasturias.com\\\/noticias\",\"nextItem\":{\"@type\":\"ListItem\",\"@id\":\"https:\\\/\\\/www.eldigitaldeasturias.com\\\/noticias\\\/category\\\/sociedad\\\/#listItem\",\"name\":\"Sociedad\"}},{\"@type\":\"ListItem\",\"@id\":\"https:\\\/\\\/www.eldigitaldeasturias.com\\\/noticias\\\/category\\\/sociedad\\\/#listItem\",\"position\":2,\"name\":\"Sociedad\",\"item\":\"https:\\\/\\\/www.eldigitaldeasturias.com\\\/noticias\\\/category\\\/sociedad\\\/\",\"nextItem\":{\"@type\":\"ListItem\",\"@id\":\"https:\\\/\\\/www.eldigitaldeasturias.com\\\/noticias\\\/israel-despide-a-la-leyenda-del-rock-hebreo-arik-einstein\\\/#listItem\",\"name\":\"Israel despide a la leyenda del rock hebreo, Arik Einstein\"},\"previousItem\":{\"@type\":\"ListItem\",\"@id\":\"https:\\\/\\\/www.eldigitaldeasturias.com\\\/noticias#listItem\",\"name\":\"Home\"}},{\"@type\":\"ListItem\",\"@id\":\"https:\\\/\\\/www.eldigitaldeasturias.com\\\/noticias\\\/israel-despide-a-la-leyenda-del-rock-hebreo-arik-einstein\\\/#listItem\",\"position\":3,\"name\":\"Israel despide a la leyenda del rock hebreo, Arik Einstein\",\"previousItem\":{\"@type\":\"ListItem\",\"@id\":\"https:\\\/\\\/www.eldigitaldeasturias.com\\\/noticias\\\/category\\\/sociedad\\\/#listItem\",\"name\":\"Sociedad\"}}]},{\"@type\":\"Organization\",\"@id\":\"https:\\\/\\\/www.eldigitaldeasturias.com\\\/noticias\\\/#organization\",\"name\":\"El Digital de Asturias\",\"description\":\"Hemeroteca\",\"url\":\"https:\\\/\\\/www.eldigitaldeasturias.com\\\/noticias\\\/\",\"email\":\"info@eldigitaldeasturias.com\",\"telephone\":\"+34652131393\",\"logo\":{\"@type\":\"ImageObject\",\"url\":\"https:\\\/\\\/www.eldigitaldeasturias.com\\\/noticias\\\/wp-content\\\/uploads\\\/2020\\\/12\\\/EDA.jpg\",\"@id\":\"https:\\\/\\\/www.eldigitaldeasturias.com\\\/noticias\\\/israel-despide-a-la-leyenda-del-rock-hebreo-arik-einstein\\\/#organizationLogo\"},\"image\":{\"@id\":\"https:\\\/\\\/www.eldigitaldeasturias.com\\\/noticias\\\/israel-despide-a-la-leyenda-del-rock-hebreo-arik-einstein\\\/#organizationLogo\"},\"sameAs\":[\"https:\\\/\\\/facebook.com\\\/eldigitaldeasturias\",\"https:\\\/\\\/www.youtube.com\\\/channel\\\/UCZP-2wLEB9Rv6erhFmqVnvg\"],\"address\":{\"@id\":\"https:\\\/\\\/www.eldigitaldeasturias.com\\\/noticias\\\/#postaladdress\",\"@type\":\"PostalAddress\",\"streetAddress\":\"san antonio 4\",\"postalCode\":\"33430\",\"addressLocality\":\"Cand\\u00e1s\",\"addressRegion\":\"Asturias\",\"addressCountry\":\"ES\"}},{\"@type\":\"Person\",\"@id\":\"https:\\\/\\\/www.eldigitaldeasturias.com\\\/noticias\\\/author\\\/admin\\\/#author\",\"url\":\"https:\\\/\\\/www.eldigitaldeasturias.com\\\/noticias\\\/author\\\/admin\\\/\",\"name\":\"El Digital de Asturias\",\"image\":{\"@type\":\"ImageObject\",\"@id\":\"https:\\\/\\\/www.eldigitaldeasturias.com\\\/noticias\\\/israel-despide-a-la-leyenda-del-rock-hebreo-arik-einstein\\\/#authorImage\",\"url\":\"https:\\\/\\\/secure.gravatar.com\\\/avatar\\\/df2aeffc32bcd13f8d26072ef8a91b623d677766deac7f97ca815868cd41bf5e?s=96&d=mm&r=g\",\"width\":96,\"height\":96,\"caption\":\"El Digital de Asturias\"}},{\"@type\":\"WebPage\",\"@id\":\"https:\\\/\\\/www.eldigitaldeasturias.com\\\/noticias\\\/israel-despide-a-la-leyenda-del-rock-hebreo-arik-einstein\\\/#webpage\",\"url\":\"https:\\\/\\\/www.eldigitaldeasturias.com\\\/noticias\\\/israel-despide-a-la-leyenda-del-rock-hebreo-arik-einstein\\\/\",\"name\":\"Israel despide a la leyenda del rock hebreo, Arik Einstein - El Digital de Asturias\",\"description\":\"Jerusal\\u00e9n, 27 nov (EFE).- Los israel\\u00edes despiden hoy en un multitudinario funeral en Tel Aviv a la m\\u00e1xima leyenda del rock local, el cantante y artista Arik Einstein, que ha acompa\\u00f1ado con su obra la corta historia de este pa\\u00eds hasta convertirse en su \\\"banda sonora\\\". Einstein falleci\\u00f3 la noche del domingo a los 74\",\"inLanguage\":\"es-ES\",\"isPartOf\":{\"@id\":\"https:\\\/\\\/www.eldigitaldeasturias.com\\\/noticias\\\/#website\"},\"breadcrumb\":{\"@id\":\"https:\\\/\\\/www.eldigitaldeasturias.com\\\/noticias\\\/israel-despide-a-la-leyenda-del-rock-hebreo-arik-einstein\\\/#breadcrumblist\"},\"author\":{\"@id\":\"https:\\\/\\\/www.eldigitaldeasturias.com\\\/noticias\\\/author\\\/admin\\\/#author\"},\"creator\":{\"@id\":\"https:\\\/\\\/www.eldigitaldeasturias.com\\\/noticias\\\/author\\\/admin\\\/#author\"},\"image\":{\"@type\":\"ImageObject\",\"url\":455060,\"@id\":\"https:\\\/\\\/www.eldigitaldeasturias.com\\\/noticias\\\/israel-despide-a-la-leyenda-del-rock-hebreo-arik-einstein\\\/#mainImage\"},\"primaryImageOfPage\":{\"@id\":\"https:\\\/\\\/www.eldigitaldeasturias.com\\\/noticias\\\/israel-despide-a-la-leyenda-del-rock-hebreo-arik-einstein\\\/#mainImage\"},\"datePublished\":\"2013-11-27T23:05:11+01:00\",\"dateModified\":\"2013-11-27T23:05:11+01:00\"},{\"@type\":\"WebSite\",\"@id\":\"https:\\\/\\\/www.eldigitaldeasturias.com\\\/noticias\\\/#website\",\"url\":\"https:\\\/\\\/www.eldigitaldeasturias.com\\\/noticias\\\/\",\"name\":\"El Digital de Asturias - Diario de actualidad y noticias\",\"alternateName\":\"El Digital de Asturias - Diario de actualidad y noticias\",\"description\":\"Hemeroteca\",\"inLanguage\":\"es-ES\",\"publisher\":{\"@id\":\"https:\\\/\\\/www.eldigitaldeasturias.com\\\/noticias\\\/#organization\"}}]}\n\t\t<\/script>\n\t\t<!-- All in One SEO Pro -->\r\n\t\t<title>Israel despide a la leyenda del rock hebreo, Arik Einstein - El Digital de Asturias<\/title>\n\n","aioseo_head_json":{"title":"Israel despide a la leyenda del rock hebreo, Arik Einstein - El Digital de Asturias","description":"Jerusal\u00e9n, 27 nov (EFE).- Los israel\u00edes despiden hoy en un multitudinario funeral en Tel Aviv a la m\u00e1xima leyenda del rock local, el cantante y artista Arik Einstein, que ha acompa\u00f1ado con su obra la corta historia de este pa\u00eds hasta convertirse en su \"banda sonora\". Einstein falleci\u00f3 la noche del domingo a los 74","canonical_url":"https:\/\/www.eldigitaldeasturias.com\/noticias\/israel-despide-a-la-leyenda-del-rock-hebreo-arik-einstein\/","robots":"max-image-preview:large","keywords":"sociedad","webmasterTools":{"google-site-verification":"UA-38556648-1","msvalidate.01":"7dfe9f3f1b24437ab69f4f2559babe99","miscellaneous":""},"schema":{"@context":"https:\/\/schema.org","@graph":[{"@type":"BlogPosting","@id":"https:\/\/www.eldigitaldeasturias.com\/noticias\/israel-despide-a-la-leyenda-del-rock-hebreo-arik-einstein\/#blogposting","name":"Israel despide a la leyenda del rock hebreo, Arik Einstein - El Digital de Asturias","headline":"Israel despide a la leyenda del rock hebreo, Arik Einstein","author":{"@id":"https:\/\/www.eldigitaldeasturias.com\/noticias\/author\/admin\/#author"},"publisher":{"@id":"https:\/\/www.eldigitaldeasturias.com\/noticias\/#organization"},"image":{"@type":"ImageObject","url":455060},"datePublished":"2013-11-27T23:05:11+01:00","dateModified":"2013-11-27T23:05:11+01:00","inLanguage":"es-ES","mainEntityOfPage":{"@id":"https:\/\/www.eldigitaldeasturias.com\/noticias\/israel-despide-a-la-leyenda-del-rock-hebreo-arik-einstein\/#webpage"},"isPartOf":{"@id":"https:\/\/www.eldigitaldeasturias.com\/noticias\/israel-despide-a-la-leyenda-del-rock-hebreo-arik-einstein\/#webpage"},"articleSection":"Sociedad"},{"@type":"BreadcrumbList","@id":"https:\/\/www.eldigitaldeasturias.com\/noticias\/israel-despide-a-la-leyenda-del-rock-hebreo-arik-einstein\/#breadcrumblist","itemListElement":[{"@type":"ListItem","@id":"https:\/\/www.eldigitaldeasturias.com\/noticias#listItem","position":1,"name":"Home","item":"https:\/\/www.eldigitaldeasturias.com\/noticias","nextItem":{"@type":"ListItem","@id":"https:\/\/www.eldigitaldeasturias.com\/noticias\/category\/sociedad\/#listItem","name":"Sociedad"}},{"@type":"ListItem","@id":"https:\/\/www.eldigitaldeasturias.com\/noticias\/category\/sociedad\/#listItem","position":2,"name":"Sociedad","item":"https:\/\/www.eldigitaldeasturias.com\/noticias\/category\/sociedad\/","nextItem":{"@type":"ListItem","@id":"https:\/\/www.eldigitaldeasturias.com\/noticias\/israel-despide-a-la-leyenda-del-rock-hebreo-arik-einstein\/#listItem","name":"Israel despide a la leyenda del rock hebreo, Arik Einstein"},"previousItem":{"@type":"ListItem","@id":"https:\/\/www.eldigitaldeasturias.com\/noticias#listItem","name":"Home"}},{"@type":"ListItem","@id":"https:\/\/www.eldigitaldeasturias.com\/noticias\/israel-despide-a-la-leyenda-del-rock-hebreo-arik-einstein\/#listItem","position":3,"name":"Israel despide a la leyenda del rock hebreo, Arik Einstein","previousItem":{"@type":"ListItem","@id":"https:\/\/www.eldigitaldeasturias.com\/noticias\/category\/sociedad\/#listItem","name":"Sociedad"}}]},{"@type":"Organization","@id":"https:\/\/www.eldigitaldeasturias.com\/noticias\/#organization","name":"El Digital de Asturias","description":"Hemeroteca","url":"https:\/\/www.eldigitaldeasturias.com\/noticias\/","email":"info@eldigitaldeasturias.com","telephone":"+34652131393","logo":{"@type":"ImageObject","url":"https:\/\/www.eldigitaldeasturias.com\/noticias\/wp-content\/uploads\/2020\/12\/EDA.jpg","@id":"https:\/\/www.eldigitaldeasturias.com\/noticias\/israel-despide-a-la-leyenda-del-rock-hebreo-arik-einstein\/#organizationLogo"},"image":{"@id":"https:\/\/www.eldigitaldeasturias.com\/noticias\/israel-despide-a-la-leyenda-del-rock-hebreo-arik-einstein\/#organizationLogo"},"sameAs":["https:\/\/facebook.com\/eldigitaldeasturias","https:\/\/www.youtube.com\/channel\/UCZP-2wLEB9Rv6erhFmqVnvg"],"address":{"@id":"https:\/\/www.eldigitaldeasturias.com\/noticias\/#postaladdress","@type":"PostalAddress","streetAddress":"san antonio 4","postalCode":"33430","addressLocality":"Cand\u00e1s","addressRegion":"Asturias","addressCountry":"ES"}},{"@type":"Person","@id":"https:\/\/www.eldigitaldeasturias.com\/noticias\/author\/admin\/#author","url":"https:\/\/www.eldigitaldeasturias.com\/noticias\/author\/admin\/","name":"El Digital de Asturias","image":{"@type":"ImageObject","@id":"https:\/\/www.eldigitaldeasturias.com\/noticias\/israel-despide-a-la-leyenda-del-rock-hebreo-arik-einstein\/#authorImage","url":"https:\/\/secure.gravatar.com\/avatar\/df2aeffc32bcd13f8d26072ef8a91b623d677766deac7f97ca815868cd41bf5e?s=96&d=mm&r=g","width":96,"height":96,"caption":"El Digital de Asturias"}},{"@type":"WebPage","@id":"https:\/\/www.eldigitaldeasturias.com\/noticias\/israel-despide-a-la-leyenda-del-rock-hebreo-arik-einstein\/#webpage","url":"https:\/\/www.eldigitaldeasturias.com\/noticias\/israel-despide-a-la-leyenda-del-rock-hebreo-arik-einstein\/","name":"Israel despide a la leyenda del rock hebreo, Arik Einstein - El Digital de Asturias","description":"Jerusal\u00e9n, 27 nov (EFE).- Los israel\u00edes despiden hoy en un multitudinario funeral en Tel Aviv a la m\u00e1xima leyenda del rock local, el cantante y artista Arik Einstein, que ha acompa\u00f1ado con su obra la corta historia de este pa\u00eds hasta convertirse en su \"banda sonora\". Einstein falleci\u00f3 la noche del domingo a los 74","inLanguage":"es-ES","isPartOf":{"@id":"https:\/\/www.eldigitaldeasturias.com\/noticias\/#website"},"breadcrumb":{"@id":"https:\/\/www.eldigitaldeasturias.com\/noticias\/israel-despide-a-la-leyenda-del-rock-hebreo-arik-einstein\/#breadcrumblist"},"author":{"@id":"https:\/\/www.eldigitaldeasturias.com\/noticias\/author\/admin\/#author"},"creator":{"@id":"https:\/\/www.eldigitaldeasturias.com\/noticias\/author\/admin\/#author"},"image":{"@type":"ImageObject","url":455060,"@id":"https:\/\/www.eldigitaldeasturias.com\/noticias\/israel-despide-a-la-leyenda-del-rock-hebreo-arik-einstein\/#mainImage"},"primaryImageOfPage":{"@id":"https:\/\/www.eldigitaldeasturias.com\/noticias\/israel-despide-a-la-leyenda-del-rock-hebreo-arik-einstein\/#mainImage"},"datePublished":"2013-11-27T23:05:11+01:00","dateModified":"2013-11-27T23:05:11+01:00"},{"@type":"WebSite","@id":"https:\/\/www.eldigitaldeasturias.com\/noticias\/#website","url":"https:\/\/www.eldigitaldeasturias.com\/noticias\/","name":"El Digital de Asturias - Diario de actualidad y noticias","alternateName":"El Digital de Asturias - Diario de actualidad y noticias","description":"Hemeroteca","inLanguage":"es-ES","publisher":{"@id":"https:\/\/www.eldigitaldeasturias.com\/noticias\/#organization"}}]},"og:locale":"es_ES","og:site_name":"El Digital de Asturias","og:type":"article","og:title":"Israel despide a la leyenda del rock hebreo, Arik Einstein - El Digital de Asturias","og:description":"Jerusal\u00e9n, 27 nov (EFE).- Los israel\u00edes despiden hoy en un multitudinario funeral en Tel Aviv a la m\u00e1xima leyenda del rock local, el cantante y artista Arik Einstein, que ha acompa\u00f1ado con su obra la corta historia de este pa\u00eds hasta convertirse en su &quot;banda sonora&quot;. Einstein falleci\u00f3 la noche del domingo a los 74","og:url":"https:\/\/www.eldigitaldeasturias.com\/noticias\/israel-despide-a-la-leyenda-del-rock-hebreo-arik-einstein\/","article:tag":["sociedad"],"article:published_time":"2013-11-28T00:05:11+00:00","article:modified_time":"2013-11-28T00:05:11+00:00","article:publisher":"https:\/\/facebook.com\/eldigitaldeasturias","twitter:card":"summary_large_image","twitter:title":"Israel despide a la leyenda del rock hebreo, Arik Einstein - El Digital de Asturias","twitter:description":"Jerusal\u00e9n, 27 nov (EFE).- Los israel\u00edes despiden hoy en un multitudinario funeral en Tel Aviv a la m\u00e1xima leyenda del rock local, el cantante y artista Arik Einstein, que ha acompa\u00f1ado con su obra la corta historia de este pa\u00eds hasta convertirse en su &quot;banda sonora&quot;. Einstein falleci\u00f3 la noche del domingo a los 74","twitter:label1":"Escrito por","twitter:data1":"El Digital de Asturias","twitter:label2":"Tiempo de lectura estimado","twitter:data2":"3 minutos"},"aioseo_meta_data":{"post_id":"455059","title":null,"description":null,"keywords":null,"keyphrases":null,"primary_term":null,"canonical_url":null,"og_title":null,"og_description":null,"og_object_type":"default","og_image_type":"default","og_image_url":null,"og_image_width":null,"og_image_height":null,"og_image_custom_url":null,"og_image_custom_fields":null,"og_video":null,"og_custom_url":null,"og_article_section":null,"og_article_tags":null,"twitter_use_og":true,"twitter_card":"default","twitter_image_type":"default","twitter_image_url":null,"twitter_image_custom_url":null,"twitter_image_custom_fields":null,"twitter_title":null,"twitter_description":null,"schema":{"blockGraphs":[],"customGraphs":[],"default":{"data":{"Article":[],"Course":[],"Dataset":[],"FAQPage":[],"Movie":[],"Person":[],"Product":[],"ProductReview":[],"Car":[],"Recipe":[],"Service":[],"SoftwareApplication":[],"WebPage":[]},"graphName":"","isEnabled":true},"graphs":[],"defaultGraph":"","defaultPostTypeGraph":""},"schema_type":null,"schema_type_options":null,"pillar_content":false,"robots_default":true,"robots_noindex":false,"robots_noarchive":false,"robots_nosnippet":false,"robots_nofollow":false,"robots_noimageindex":false,"robots_noodp":false,"robots_notranslate":false,"robots_max_snippet":null,"robots_max_videopreview":null,"robots_max_imagepreview":"none","priority":null,"frequency":null,"local_seo":null,"seo_analyzer_scan_date":"2026-05-29 16:54:05","breadcrumb_settings":null,"limit_modified_date":false,"open_ai":null,"ai":null,"created":"2020-11-14 22:45:11","updated":"2026-05-29 16:54:05","focus_keyword":null,"additional_keywords":null,"truseo_locale":null},"aioseo_breadcrumb":"<div class=\"aioseo-breadcrumbs\"><span class=\"aioseo-breadcrumb\">\n\t<a href=\"https:\/\/www.eldigitaldeasturias.com\/noticias\" title=\"Home\">Home<\/a>\n<\/span><span class=\"aioseo-breadcrumb-separator\">\u2013<\/span><span class=\"aioseo-breadcrumb\">\n\t<a href=\"https:\/\/www.eldigitaldeasturias.com\/noticias\/category\/sociedad\/\" title=\"Sociedad\">Sociedad<\/a>\n<\/span><span class=\"aioseo-breadcrumb-separator\">\u2013<\/span><span class=\"aioseo-breadcrumb\">\n\t<a href=\"https:\/\/www.eldigitaldeasturias.com\/noticias\/israel-despide-a-la-leyenda-del-rock-hebreo-arik-einstein\/\" title=\"Israel despide a la leyenda del rock hebreo, Arik Einstein\">Israel despide a la leyenda del rock hebreo, Arik Einstein<\/a>\n<\/span><\/div>","aioseo_breadcrumb_json":[{"label":"Home","link":"https:\/\/www.eldigitaldeasturias.com\/noticias"},{"label":"Sociedad","link":"https:\/\/www.eldigitaldeasturias.com\/noticias\/category\/sociedad\/"},{"label":"Israel despide a la leyenda del rock hebreo, Arik Einstein","link":"https:\/\/www.eldigitaldeasturias.com\/noticias\/israel-despide-a-la-leyenda-del-rock-hebreo-arik-einstein\/"}],"_links":{"self":[{"href":"https:\/\/www.eldigitaldeasturias.com\/noticias\/wp-json\/wp\/v2\/posts\/455059","targetHints":{"allow":["GET"]}}],"collection":[{"href":"https:\/\/www.eldigitaldeasturias.com\/noticias\/wp-json\/wp\/v2\/posts"}],"about":[{"href":"https:\/\/www.eldigitaldeasturias.com\/noticias\/wp-json\/wp\/v2\/types\/post"}],"author":[{"embeddable":true,"href":"https:\/\/www.eldigitaldeasturias.com\/noticias\/wp-json\/wp\/v2\/users\/1"}],"replies":[{"embeddable":true,"href":"https:\/\/www.eldigitaldeasturias.com\/noticias\/wp-json\/wp\/v2\/comments?post=455059"}],"version-history":[{"count":0,"href":"https:\/\/www.eldigitaldeasturias.com\/noticias\/wp-json\/wp\/v2\/posts\/455059\/revisions"}],"wp:attachment":[{"href":"https:\/\/www.eldigitaldeasturias.com\/noticias\/wp-json\/wp\/v2\/media?parent=455059"}],"wp:term":[{"taxonomy":"category","embeddable":true,"href":"https:\/\/www.eldigitaldeasturias.com\/noticias\/wp-json\/wp\/v2\/categories?post=455059"},{"taxonomy":"post_tag","embeddable":true,"href":"https:\/\/www.eldigitaldeasturias.com\/noticias\/wp-json\/wp\/v2\/tags?post=455059"}],"curies":[{"name":"wp","href":"https:\/\/api.w.org\/{rel}","templated":true}]}}