{"id":455053,"date":"2013-11-27T23:01:46","date_gmt":"2013-11-28T00:01:46","guid":{"rendered":"http:\/\/www.eldigitaldeasturias.com\/noticias\/?p=455053"},"modified":"2013-11-27T23:01:46","modified_gmt":"2013-11-28T00:01:46","slug":"navacerrada-y-la-pinilla-abren-este-fin-de-semana","status":"publish","type":"post","link":"https:\/\/www.eldigitaldeasturias.com\/noticias\/navacerrada-y-la-pinilla-abren-este-fin-de-semana\/","title":{"rendered":"Navacerrada y La Pinilla abren este fin de semana"},"content":{"rendered":"<p><img loading=\"lazy\" decoding=\"async\" class=\"alignleft size-medium wp-image-455054\" alt=\"5757506w\" src=\"https:\/\/www.eldigitaldeasturias.com\/noticias\/wp-content\/uploads\/2013\/11\/5757506w-360x239.jpg\" width=\"360\" height=\"239\" \/>Madrid, 27 nov (EFE).- Las estaciones de esqu\u00ed de Navacerrada, en Cercedilla, y La Pinilla, en Segovia, prev\u00e9n abrir este viernes, con lo que se adelantan a la fecha habitual de inicio de la temporada, en torno al puente de diciembre, mientras que la estaci\u00f3n de Valdesqu\u00ed permanecer\u00e1 cerrada hasta entonces.<\/p>\n<p>Las primeras nevadas que cayeron a mediados de este mes en la sierra madrile\u00f1a han anticipado al 29 de noviembre la apertura de la estaci\u00f3n de Navacerrada, con unos espesores de entre 15 y 350 cent\u00edmetros de nieve.<\/p>\n<p>\u00abHace muchos a\u00f1os que no se consegu\u00eda\u00bb, ha declarado a Efe la directora de esta estaci\u00f3n, Aurora Guerrero.<\/p>\n<p>En concreto, abrir\u00e1n tres pistas azules de la zona baja, una verde y otra roja, adem\u00e1s del telesilla de uso tur\u00edstico que sube hasta la monta\u00f1a de la sierra de Guadarrama conocida como &#8216;Bola del Mundo&#8217;.<\/p>\n<p>Los ca\u00f1ones llevan m\u00e1s de dos semanas produciendo nieve de \u00abmuy buena calidad\u00bb gracias a las bajas temperaturas que ha habido estos d\u00edas en la estaci\u00f3n de esqu\u00ed madrile\u00f1a, cuyos trabajadores se afanan para tener las instalaciones a punto y poder recibir a los primeros visitantes.<\/p>\n<p>\u00abEsperemos que dure\u00bb, ha comentado Guerrero, quien ha recordado que actualmente hay siete pistas en Navacerrada en fase de recuperaci\u00f3n con las que esperan contar con \u00abm\u00e1s kil\u00f3metros esquiables\u00bb.<\/p>\n<p>El fr\u00edo que ha hecho estos d\u00edas en m\u00faltiples puntos de Espa\u00f1a ha favorecido a la estaci\u00f3n de esqu\u00ed de La Pinilla, en Segovia, a la que se acercan bastantes madrile\u00f1os por su cercan\u00eda a la capital (menos de cien kil\u00f3metros).<\/p>\n<p>All\u00ed se abrir\u00e1n este viernes todas las pistas azules, tres verdes y una roja, situadas en distintas zonas.<\/p>\n<p>Seg\u00fan han explicado a Efe fuentes de la estaci\u00f3n, las nevadas de los \u00faltimos d\u00edas han dejado la sierra blanca, pero el espesor de nieve (de 40 cent\u00edmetros) no ha sido suficiente para abrir las pistas \u00aben condiciones de seguridad\u00bb, por lo que ha sido necesario producir nieve de forma artificial durante ocho noches.<\/p>\n<p>Por otra parte, la estaci\u00f3n madrile\u00f1a de Valdesqu\u00ed, situada en el Puerto de Cotos, tendr\u00e1 que esperar para abrir hasta el puente de diciembre, fecha habitual en el inicio de la temporada de esqu\u00ed.<\/p>\n<p>\u00abEstamos a punto, pero por desgracia no llegamos para este fin de semana\u00bb, ha comentado a Efe el director de la escuela, Jos\u00e9 del Castillo.<\/p>\n<p>El problema, seg\u00fan ha explicado, es que al distribuir por las pistas la nevada de mediados de mes, se form\u00f3 una placa de hielo de unos tres o cuatro dedos de grosor, que viene bien \u00abcomo base para el resto de la temporada\u00bb, pero impide la pr\u00e1ctica del esqu\u00ed.<\/p>\n<p>Actualmente, los ca\u00f1ones est\u00e1n trabajando para sacar el \u00abm\u00e1ximo rendimiento\u00bb y poder generar m\u00e1s nieve.<\/p>\n<p>Entre las novedades que incorporar\u00e1 Valdesqu\u00ed este a\u00f1o est\u00e1 la instalaci\u00f3n de un remonte en la zona de Snowpark y la renovaci\u00f3n de las dos cafeter\u00edas con las que cuenta la estaci\u00f3n<\/p>\n","protected":false},"excerpt":{"rendered":"<p>Madrid, 27 nov (EFE).- Las estaciones de esqu\u00ed de Navacerrada, en Cercedilla, y La Pinilla, en Segovia, prev\u00e9n abrir este viernes, con lo que se adelantan a la fecha habitual de inicio de la temporada, en torno al puente de diciembre, mientras que la estaci\u00f3n de Valdesqu\u00ed permanecer\u00e1 cerrada hasta entonces. Las primeras nevadas que [&hellip;]<\/p>\n","protected":false},"author":1,"featured_media":455054,"comment_status":"open","ping_status":"open","sticky":false,"template":"","format":"standard","meta":{"footnotes":""},"categories":[2],"tags":[],"class_list":["post-455053","post","type-post","status-publish","format-standard","has-post-thumbnail","hentry","category-agenda"],"aioseo_notices":[],"aioseo_head":"\n\t\t<!-- All in One SEO Pro 5.0.1 - aioseo.com -->\n\t<meta name=\"description\" content=\"Madrid, 27 nov (EFE).- Las estaciones de esqu\u00ed de Navacerrada, en Cercedilla, y La Pinilla, en Segovia, prev\u00e9n abrir este viernes, con lo que se adelantan a la fecha habitual de inicio de la temporada, en torno al puente de diciembre, mientras que la estaci\u00f3n de Valdesqu\u00ed permanecer\u00e1 cerrada hasta entonces. Las primeras nevadas que\" \/>\n\t<meta name=\"robots\" content=\"max-image-preview:large\" \/>\n\t<meta name=\"author\" content=\"El Digital de Asturias\"\/>\n\t<meta name=\"google-site-verification\" content=\"UA-38556648-1\" \/>\n\t<meta name=\"msvalidate.01\" content=\"7dfe9f3f1b24437ab69f4f2559babe99\" \/>\n\t<meta name=\"keywords\" content=\"agenda\" \/>\n\t<link rel=\"canonical\" href=\"https:\/\/www.eldigitaldeasturias.com\/noticias\/navacerrada-y-la-pinilla-abren-este-fin-de-semana\/\" \/>\n\t<meta name=\"generator\" content=\"All in One SEO Pro (AIOSEO) 5.0.1\" \/>\n\t\t<meta property=\"og:locale\" content=\"es_ES\" \/>\n\t\t<meta property=\"og:site_name\" content=\"El Digital de Asturias\" \/>\n\t\t<meta property=\"og:type\" content=\"article\" \/>\n\t\t<meta property=\"og:title\" content=\"Navacerrada y La Pinilla abren este fin de semana - El Digital de Asturias\" \/>\n\t\t<meta property=\"og:description\" content=\"Madrid, 27 nov (EFE).- Las estaciones de esqu\u00ed de Navacerrada, en Cercedilla, y La Pinilla, en Segovia, prev\u00e9n abrir este viernes, con lo que se adelantan a la fecha habitual de inicio de la temporada, en torno al puente de diciembre, mientras que la estaci\u00f3n de Valdesqu\u00ed permanecer\u00e1 cerrada hasta entonces. Las primeras nevadas que\" \/>\n\t\t<meta property=\"og:url\" content=\"https:\/\/www.eldigitaldeasturias.com\/noticias\/navacerrada-y-la-pinilla-abren-este-fin-de-semana\/\" \/>\n\t\t<meta property=\"article:tag\" content=\"agenda\" \/>\n\t\t<meta property=\"article:published_time\" content=\"2013-11-28T00:01:46+00:00\" \/>\n\t\t<meta property=\"article:modified_time\" content=\"2013-11-28T00:01:46+00:00\" \/>\n\t\t<meta property=\"article:publisher\" content=\"https:\/\/facebook.com\/eldigitaldeasturias\" \/>\n\t\t<meta name=\"twitter:card\" content=\"summary_large_image\" \/>\n\t\t<meta name=\"twitter:title\" content=\"Navacerrada y La Pinilla abren este fin de semana - El Digital de Asturias\" \/>\n\t\t<meta name=\"twitter:description\" content=\"Madrid, 27 nov (EFE).- Las estaciones de esqu\u00ed de Navacerrada, en Cercedilla, y La Pinilla, en Segovia, prev\u00e9n abrir este viernes, con lo que se adelantan a la fecha habitual de inicio de la temporada, en torno al puente de diciembre, mientras que la estaci\u00f3n de Valdesqu\u00ed permanecer\u00e1 cerrada hasta entonces. Las primeras nevadas que\" \/>\n\t\t<meta name=\"twitter:label1\" content=\"Escrito por\" \/>\n\t\t<meta name=\"twitter:data1\" content=\"El Digital de Asturias\" \/>\n\t\t<meta name=\"twitter:label2\" content=\"Tiempo de lectura estimado\" \/>\n\t\t<meta name=\"twitter:data2\" content=\"3 minutos\" \/>\n\t\t<script type=\"application\/ld+json\" class=\"aioseo-schema\">\n\t\t\t{\"@context\":\"https:\\\/\\\/schema.org\",\"@graph\":[{\"@type\":\"BlogPosting\",\"@id\":\"https:\\\/\\\/www.eldigitaldeasturias.com\\\/noticias\\\/navacerrada-y-la-pinilla-abren-este-fin-de-semana\\\/#blogposting\",\"name\":\"Navacerrada y La Pinilla abren este fin de semana - El Digital de Asturias\",\"headline\":\"Navacerrada y La Pinilla abren este fin de semana\",\"author\":{\"@id\":\"https:\\\/\\\/www.eldigitaldeasturias.com\\\/noticias\\\/author\\\/admin\\\/#author\"},\"publisher\":{\"@id\":\"https:\\\/\\\/www.eldigitaldeasturias.com\\\/noticias\\\/#organization\"},\"image\":{\"@type\":\"ImageObject\",\"url\":455054},\"datePublished\":\"2013-11-27T23:01:46+01:00\",\"dateModified\":\"2013-11-27T23:01:46+01:00\",\"inLanguage\":\"es-ES\",\"mainEntityOfPage\":{\"@id\":\"https:\\\/\\\/www.eldigitaldeasturias.com\\\/noticias\\\/navacerrada-y-la-pinilla-abren-este-fin-de-semana\\\/#webpage\"},\"isPartOf\":{\"@id\":\"https:\\\/\\\/www.eldigitaldeasturias.com\\\/noticias\\\/navacerrada-y-la-pinilla-abren-este-fin-de-semana\\\/#webpage\"},\"articleSection\":\"Agenda\"},{\"@type\":\"BreadcrumbList\",\"@id\":\"https:\\\/\\\/www.eldigitaldeasturias.com\\\/noticias\\\/navacerrada-y-la-pinilla-abren-este-fin-de-semana\\\/#breadcrumblist\",\"itemListElement\":[{\"@type\":\"ListItem\",\"@id\":\"https:\\\/\\\/www.eldigitaldeasturias.com\\\/noticias#listItem\",\"position\":1,\"name\":\"Home\",\"item\":\"https:\\\/\\\/www.eldigitaldeasturias.com\\\/noticias\",\"nextItem\":{\"@type\":\"ListItem\",\"@id\":\"https:\\\/\\\/www.eldigitaldeasturias.com\\\/noticias\\\/category\\\/agenda\\\/#listItem\",\"name\":\"Agenda\"}},{\"@type\":\"ListItem\",\"@id\":\"https:\\\/\\\/www.eldigitaldeasturias.com\\\/noticias\\\/category\\\/agenda\\\/#listItem\",\"position\":2,\"name\":\"Agenda\",\"item\":\"https:\\\/\\\/www.eldigitaldeasturias.com\\\/noticias\\\/category\\\/agenda\\\/\",\"nextItem\":{\"@type\":\"ListItem\",\"@id\":\"https:\\\/\\\/www.eldigitaldeasturias.com\\\/noticias\\\/navacerrada-y-la-pinilla-abren-este-fin-de-semana\\\/#listItem\",\"name\":\"Navacerrada y La Pinilla abren este fin de semana\"},\"previousItem\":{\"@type\":\"ListItem\",\"@id\":\"https:\\\/\\\/www.eldigitaldeasturias.com\\\/noticias#listItem\",\"name\":\"Home\"}},{\"@type\":\"ListItem\",\"@id\":\"https:\\\/\\\/www.eldigitaldeasturias.com\\\/noticias\\\/navacerrada-y-la-pinilla-abren-este-fin-de-semana\\\/#listItem\",\"position\":3,\"name\":\"Navacerrada y La Pinilla abren este fin de semana\",\"previousItem\":{\"@type\":\"ListItem\",\"@id\":\"https:\\\/\\\/www.eldigitaldeasturias.com\\\/noticias\\\/category\\\/agenda\\\/#listItem\",\"name\":\"Agenda\"}}]},{\"@type\":\"Organization\",\"@id\":\"https:\\\/\\\/www.eldigitaldeasturias.com\\\/noticias\\\/#organization\",\"name\":\"El Digital de Asturias\",\"description\":\"Hemeroteca\",\"url\":\"https:\\\/\\\/www.eldigitaldeasturias.com\\\/noticias\\\/\",\"email\":\"info@eldigitaldeasturias.com\",\"telephone\":\"+34652131393\",\"logo\":{\"@type\":\"ImageObject\",\"url\":\"https:\\\/\\\/www.eldigitaldeasturias.com\\\/noticias\\\/wp-content\\\/uploads\\\/2020\\\/12\\\/EDA.jpg\",\"@id\":\"https:\\\/\\\/www.eldigitaldeasturias.com\\\/noticias\\\/navacerrada-y-la-pinilla-abren-este-fin-de-semana\\\/#organizationLogo\"},\"image\":{\"@id\":\"https:\\\/\\\/www.eldigitaldeasturias.com\\\/noticias\\\/navacerrada-y-la-pinilla-abren-este-fin-de-semana\\\/#organizationLogo\"},\"sameAs\":[\"https:\\\/\\\/facebook.com\\\/eldigitaldeasturias\",\"https:\\\/\\\/www.youtube.com\\\/channel\\\/UCZP-2wLEB9Rv6erhFmqVnvg\"],\"address\":{\"@id\":\"https:\\\/\\\/www.eldigitaldeasturias.com\\\/noticias\\\/#postaladdress\",\"@type\":\"PostalAddress\",\"streetAddress\":\"san antonio 4\",\"postalCode\":\"33430\",\"addressLocality\":\"Cand\\u00e1s\",\"addressRegion\":\"Asturias\",\"addressCountry\":\"ES\"}},{\"@type\":\"Person\",\"@id\":\"https:\\\/\\\/www.eldigitaldeasturias.com\\\/noticias\\\/author\\\/admin\\\/#author\",\"url\":\"https:\\\/\\\/www.eldigitaldeasturias.com\\\/noticias\\\/author\\\/admin\\\/\",\"name\":\"El Digital de Asturias\",\"image\":{\"@type\":\"ImageObject\",\"@id\":\"https:\\\/\\\/www.eldigitaldeasturias.com\\\/noticias\\\/navacerrada-y-la-pinilla-abren-este-fin-de-semana\\\/#authorImage\",\"url\":\"https:\\\/\\\/secure.gravatar.com\\\/avatar\\\/df2aeffc32bcd13f8d26072ef8a91b623d677766deac7f97ca815868cd41bf5e?s=96&d=mm&r=g\",\"width\":96,\"height\":96,\"caption\":\"El Digital de Asturias\"}},{\"@type\":\"WebPage\",\"@id\":\"https:\\\/\\\/www.eldigitaldeasturias.com\\\/noticias\\\/navacerrada-y-la-pinilla-abren-este-fin-de-semana\\\/#webpage\",\"url\":\"https:\\\/\\\/www.eldigitaldeasturias.com\\\/noticias\\\/navacerrada-y-la-pinilla-abren-este-fin-de-semana\\\/\",\"name\":\"Navacerrada y La Pinilla abren este fin de semana - El Digital de Asturias\",\"description\":\"Madrid, 27 nov (EFE).- Las estaciones de esqu\\u00ed de Navacerrada, en Cercedilla, y La Pinilla, en Segovia, prev\\u00e9n abrir este viernes, con lo que se adelantan a la fecha habitual de inicio de la temporada, en torno al puente de diciembre, mientras que la estaci\\u00f3n de Valdesqu\\u00ed permanecer\\u00e1 cerrada hasta entonces. Las primeras nevadas que\",\"inLanguage\":\"es-ES\",\"isPartOf\":{\"@id\":\"https:\\\/\\\/www.eldigitaldeasturias.com\\\/noticias\\\/#website\"},\"breadcrumb\":{\"@id\":\"https:\\\/\\\/www.eldigitaldeasturias.com\\\/noticias\\\/navacerrada-y-la-pinilla-abren-este-fin-de-semana\\\/#breadcrumblist\"},\"author\":{\"@id\":\"https:\\\/\\\/www.eldigitaldeasturias.com\\\/noticias\\\/author\\\/admin\\\/#author\"},\"creator\":{\"@id\":\"https:\\\/\\\/www.eldigitaldeasturias.com\\\/noticias\\\/author\\\/admin\\\/#author\"},\"image\":{\"@type\":\"ImageObject\",\"url\":455054,\"@id\":\"https:\\\/\\\/www.eldigitaldeasturias.com\\\/noticias\\\/navacerrada-y-la-pinilla-abren-este-fin-de-semana\\\/#mainImage\"},\"primaryImageOfPage\":{\"@id\":\"https:\\\/\\\/www.eldigitaldeasturias.com\\\/noticias\\\/navacerrada-y-la-pinilla-abren-este-fin-de-semana\\\/#mainImage\"},\"datePublished\":\"2013-11-27T23:01:46+01:00\",\"dateModified\":\"2013-11-27T23:01:46+01:00\"},{\"@type\":\"WebSite\",\"@id\":\"https:\\\/\\\/www.eldigitaldeasturias.com\\\/noticias\\\/#website\",\"url\":\"https:\\\/\\\/www.eldigitaldeasturias.com\\\/noticias\\\/\",\"name\":\"El Digital de Asturias - Diario de actualidad y noticias\",\"alternateName\":\"El Digital de Asturias - Diario de actualidad y noticias\",\"description\":\"Hemeroteca\",\"inLanguage\":\"es-ES\",\"publisher\":{\"@id\":\"https:\\\/\\\/www.eldigitaldeasturias.com\\\/noticias\\\/#organization\"}}]}\n\t\t<\/script>\n\t\t<!-- All in One SEO Pro -->\r\n\t\t<title>Navacerrada y La Pinilla abren este fin de semana - El Digital de Asturias<\/title>\n\n","aioseo_head_json":{"title":"Navacerrada y La Pinilla abren este fin de semana - El Digital de Asturias","description":"Madrid, 27 nov (EFE).- Las estaciones de esqu\u00ed de Navacerrada, en Cercedilla, y La Pinilla, en Segovia, prev\u00e9n abrir este viernes, con lo que se adelantan a la fecha habitual de inicio de la temporada, en torno al puente de diciembre, mientras que la estaci\u00f3n de Valdesqu\u00ed permanecer\u00e1 cerrada hasta entonces. Las primeras nevadas que","canonical_url":"https:\/\/www.eldigitaldeasturias.com\/noticias\/navacerrada-y-la-pinilla-abren-este-fin-de-semana\/","robots":"max-image-preview:large","keywords":"agenda","webmasterTools":{"google-site-verification":"UA-38556648-1","msvalidate.01":"7dfe9f3f1b24437ab69f4f2559babe99","miscellaneous":""},"schema":{"@context":"https:\/\/schema.org","@graph":[{"@type":"BlogPosting","@id":"https:\/\/www.eldigitaldeasturias.com\/noticias\/navacerrada-y-la-pinilla-abren-este-fin-de-semana\/#blogposting","name":"Navacerrada y La Pinilla abren este fin de semana - El Digital de Asturias","headline":"Navacerrada y La Pinilla abren este fin de semana","author":{"@id":"https:\/\/www.eldigitaldeasturias.com\/noticias\/author\/admin\/#author"},"publisher":{"@id":"https:\/\/www.eldigitaldeasturias.com\/noticias\/#organization"},"image":{"@type":"ImageObject","url":455054},"datePublished":"2013-11-27T23:01:46+01:00","dateModified":"2013-11-27T23:01:46+01:00","inLanguage":"es-ES","mainEntityOfPage":{"@id":"https:\/\/www.eldigitaldeasturias.com\/noticias\/navacerrada-y-la-pinilla-abren-este-fin-de-semana\/#webpage"},"isPartOf":{"@id":"https:\/\/www.eldigitaldeasturias.com\/noticias\/navacerrada-y-la-pinilla-abren-este-fin-de-semana\/#webpage"},"articleSection":"Agenda"},{"@type":"BreadcrumbList","@id":"https:\/\/www.eldigitaldeasturias.com\/noticias\/navacerrada-y-la-pinilla-abren-este-fin-de-semana\/#breadcrumblist","itemListElement":[{"@type":"ListItem","@id":"https:\/\/www.eldigitaldeasturias.com\/noticias#listItem","position":1,"name":"Home","item":"https:\/\/www.eldigitaldeasturias.com\/noticias","nextItem":{"@type":"ListItem","@id":"https:\/\/www.eldigitaldeasturias.com\/noticias\/category\/agenda\/#listItem","name":"Agenda"}},{"@type":"ListItem","@id":"https:\/\/www.eldigitaldeasturias.com\/noticias\/category\/agenda\/#listItem","position":2,"name":"Agenda","item":"https:\/\/www.eldigitaldeasturias.com\/noticias\/category\/agenda\/","nextItem":{"@type":"ListItem","@id":"https:\/\/www.eldigitaldeasturias.com\/noticias\/navacerrada-y-la-pinilla-abren-este-fin-de-semana\/#listItem","name":"Navacerrada y La Pinilla abren este fin de semana"},"previousItem":{"@type":"ListItem","@id":"https:\/\/www.eldigitaldeasturias.com\/noticias#listItem","name":"Home"}},{"@type":"ListItem","@id":"https:\/\/www.eldigitaldeasturias.com\/noticias\/navacerrada-y-la-pinilla-abren-este-fin-de-semana\/#listItem","position":3,"name":"Navacerrada y La Pinilla abren este fin de semana","previousItem":{"@type":"ListItem","@id":"https:\/\/www.eldigitaldeasturias.com\/noticias\/category\/agenda\/#listItem","name":"Agenda"}}]},{"@type":"Organization","@id":"https:\/\/www.eldigitaldeasturias.com\/noticias\/#organization","name":"El Digital de Asturias","description":"Hemeroteca","url":"https:\/\/www.eldigitaldeasturias.com\/noticias\/","email":"info@eldigitaldeasturias.com","telephone":"+34652131393","logo":{"@type":"ImageObject","url":"https:\/\/www.eldigitaldeasturias.com\/noticias\/wp-content\/uploads\/2020\/12\/EDA.jpg","@id":"https:\/\/www.eldigitaldeasturias.com\/noticias\/navacerrada-y-la-pinilla-abren-este-fin-de-semana\/#organizationLogo"},"image":{"@id":"https:\/\/www.eldigitaldeasturias.com\/noticias\/navacerrada-y-la-pinilla-abren-este-fin-de-semana\/#organizationLogo"},"sameAs":["https:\/\/facebook.com\/eldigitaldeasturias","https:\/\/www.youtube.com\/channel\/UCZP-2wLEB9Rv6erhFmqVnvg"],"address":{"@id":"https:\/\/www.eldigitaldeasturias.com\/noticias\/#postaladdress","@type":"PostalAddress","streetAddress":"san antonio 4","postalCode":"33430","addressLocality":"Cand\u00e1s","addressRegion":"Asturias","addressCountry":"ES"}},{"@type":"Person","@id":"https:\/\/www.eldigitaldeasturias.com\/noticias\/author\/admin\/#author","url":"https:\/\/www.eldigitaldeasturias.com\/noticias\/author\/admin\/","name":"El Digital de Asturias","image":{"@type":"ImageObject","@id":"https:\/\/www.eldigitaldeasturias.com\/noticias\/navacerrada-y-la-pinilla-abren-este-fin-de-semana\/#authorImage","url":"https:\/\/secure.gravatar.com\/avatar\/df2aeffc32bcd13f8d26072ef8a91b623d677766deac7f97ca815868cd41bf5e?s=96&d=mm&r=g","width":96,"height":96,"caption":"El Digital de Asturias"}},{"@type":"WebPage","@id":"https:\/\/www.eldigitaldeasturias.com\/noticias\/navacerrada-y-la-pinilla-abren-este-fin-de-semana\/#webpage","url":"https:\/\/www.eldigitaldeasturias.com\/noticias\/navacerrada-y-la-pinilla-abren-este-fin-de-semana\/","name":"Navacerrada y La Pinilla abren este fin de semana - El Digital de Asturias","description":"Madrid, 27 nov (EFE).- Las estaciones de esqu\u00ed de Navacerrada, en Cercedilla, y La Pinilla, en Segovia, prev\u00e9n abrir este viernes, con lo que se adelantan a la fecha habitual de inicio de la temporada, en torno al puente de diciembre, mientras que la estaci\u00f3n de Valdesqu\u00ed permanecer\u00e1 cerrada hasta entonces. Las primeras nevadas que","inLanguage":"es-ES","isPartOf":{"@id":"https:\/\/www.eldigitaldeasturias.com\/noticias\/#website"},"breadcrumb":{"@id":"https:\/\/www.eldigitaldeasturias.com\/noticias\/navacerrada-y-la-pinilla-abren-este-fin-de-semana\/#breadcrumblist"},"author":{"@id":"https:\/\/www.eldigitaldeasturias.com\/noticias\/author\/admin\/#author"},"creator":{"@id":"https:\/\/www.eldigitaldeasturias.com\/noticias\/author\/admin\/#author"},"image":{"@type":"ImageObject","url":455054,"@id":"https:\/\/www.eldigitaldeasturias.com\/noticias\/navacerrada-y-la-pinilla-abren-este-fin-de-semana\/#mainImage"},"primaryImageOfPage":{"@id":"https:\/\/www.eldigitaldeasturias.com\/noticias\/navacerrada-y-la-pinilla-abren-este-fin-de-semana\/#mainImage"},"datePublished":"2013-11-27T23:01:46+01:00","dateModified":"2013-11-27T23:01:46+01:00"},{"@type":"WebSite","@id":"https:\/\/www.eldigitaldeasturias.com\/noticias\/#website","url":"https:\/\/www.eldigitaldeasturias.com\/noticias\/","name":"El Digital de Asturias - Diario de actualidad y noticias","alternateName":"El Digital de Asturias - Diario de actualidad y noticias","description":"Hemeroteca","inLanguage":"es-ES","publisher":{"@id":"https:\/\/www.eldigitaldeasturias.com\/noticias\/#organization"}}]},"og:locale":"es_ES","og:site_name":"El Digital de Asturias","og:type":"article","og:title":"Navacerrada y La Pinilla abren este fin de semana - El Digital de Asturias","og:description":"Madrid, 27 nov (EFE).- Las estaciones de esqu\u00ed de Navacerrada, en Cercedilla, y La Pinilla, en Segovia, prev\u00e9n abrir este viernes, con lo que se adelantan a la fecha habitual de inicio de la temporada, en torno al puente de diciembre, mientras que la estaci\u00f3n de Valdesqu\u00ed permanecer\u00e1 cerrada hasta entonces. Las primeras nevadas que","og:url":"https:\/\/www.eldigitaldeasturias.com\/noticias\/navacerrada-y-la-pinilla-abren-este-fin-de-semana\/","article:tag":["agenda"],"article:published_time":"2013-11-28T00:01:46+00:00","article:modified_time":"2013-11-28T00:01:46+00:00","article:publisher":"https:\/\/facebook.com\/eldigitaldeasturias","twitter:card":"summary_large_image","twitter:title":"Navacerrada y La Pinilla abren este fin de semana - El Digital de Asturias","twitter:description":"Madrid, 27 nov (EFE).- Las estaciones de esqu\u00ed de Navacerrada, en Cercedilla, y La Pinilla, en Segovia, prev\u00e9n abrir este viernes, con lo que se adelantan a la fecha habitual de inicio de la temporada, en torno al puente de diciembre, mientras que la estaci\u00f3n de Valdesqu\u00ed permanecer\u00e1 cerrada hasta entonces. Las primeras nevadas que","twitter:label1":"Escrito por","twitter:data1":"El Digital de Asturias","twitter:label2":"Tiempo de lectura estimado","twitter:data2":"3 minutos"},"aioseo_meta_data":{"post_id":"455053","title":null,"description":null,"keywords":null,"keyphrases":null,"primary_term":null,"canonical_url":null,"og_title":null,"og_description":null,"og_object_type":"default","og_image_type":"default","og_image_url":null,"og_image_width":null,"og_image_height":null,"og_image_custom_url":null,"og_image_custom_fields":null,"og_video":null,"og_custom_url":null,"og_article_section":null,"og_article_tags":null,"twitter_use_og":true,"twitter_card":"default","twitter_image_type":"default","twitter_image_url":null,"twitter_image_custom_url":null,"twitter_image_custom_fields":null,"twitter_title":null,"twitter_description":null,"schema":{"blockGraphs":[],"customGraphs":[],"default":{"data":{"Article":[],"Course":[],"Dataset":[],"FAQPage":[],"Movie":[],"Person":[],"Product":[],"ProductReview":[],"Car":[],"Recipe":[],"Service":[],"SoftwareApplication":[],"WebPage":[]},"graphName":"","isEnabled":true},"graphs":[],"defaultGraph":"","defaultPostTypeGraph":""},"schema_type":null,"schema_type_options":null,"pillar_content":false,"robots_default":true,"robots_noindex":false,"robots_noarchive":false,"robots_nosnippet":false,"robots_nofollow":false,"robots_noimageindex":false,"robots_noodp":false,"robots_notranslate":false,"robots_max_snippet":null,"robots_max_videopreview":null,"robots_max_imagepreview":"none","priority":null,"frequency":null,"local_seo":null,"seo_analyzer_scan_date":"2026-05-29 16:54:02","breadcrumb_settings":null,"limit_modified_date":false,"open_ai":null,"ai":null,"created":"2020-11-14 22:45:11","updated":"2026-05-29 16:54:02","focus_keyword":null,"additional_keywords":null,"truseo_locale":null},"aioseo_breadcrumb":"<div class=\"aioseo-breadcrumbs\"><span class=\"aioseo-breadcrumb\">\n\t<a href=\"https:\/\/www.eldigitaldeasturias.com\/noticias\" title=\"Home\">Home<\/a>\n<\/span><span class=\"aioseo-breadcrumb-separator\">\u2013<\/span><span class=\"aioseo-breadcrumb\">\n\t<a href=\"https:\/\/www.eldigitaldeasturias.com\/noticias\/category\/agenda\/\" title=\"Agenda\">Agenda<\/a>\n<\/span><span class=\"aioseo-breadcrumb-separator\">\u2013<\/span><span class=\"aioseo-breadcrumb\">\n\t<a href=\"https:\/\/www.eldigitaldeasturias.com\/noticias\/navacerrada-y-la-pinilla-abren-este-fin-de-semana\/\" title=\"Navacerrada y La Pinilla abren este fin de semana\">Navacerrada y La Pinilla abren este fin de semana<\/a>\n<\/span><\/div>","aioseo_breadcrumb_json":[{"label":"Home","link":"https:\/\/www.eldigitaldeasturias.com\/noticias"},{"label":"Agenda","link":"https:\/\/www.eldigitaldeasturias.com\/noticias\/category\/agenda\/"},{"label":"Navacerrada y La Pinilla abren este fin de semana","link":"https:\/\/www.eldigitaldeasturias.com\/noticias\/navacerrada-y-la-pinilla-abren-este-fin-de-semana\/"}],"_links":{"self":[{"href":"https:\/\/www.eldigitaldeasturias.com\/noticias\/wp-json\/wp\/v2\/posts\/455053","targetHints":{"allow":["GET"]}}],"collection":[{"href":"https:\/\/www.eldigitaldeasturias.com\/noticias\/wp-json\/wp\/v2\/posts"}],"about":[{"href":"https:\/\/www.eldigitaldeasturias.com\/noticias\/wp-json\/wp\/v2\/types\/post"}],"author":[{"embeddable":true,"href":"https:\/\/www.eldigitaldeasturias.com\/noticias\/wp-json\/wp\/v2\/users\/1"}],"replies":[{"embeddable":true,"href":"https:\/\/www.eldigitaldeasturias.com\/noticias\/wp-json\/wp\/v2\/comments?post=455053"}],"version-history":[{"count":0,"href":"https:\/\/www.eldigitaldeasturias.com\/noticias\/wp-json\/wp\/v2\/posts\/455053\/revisions"}],"wp:attachment":[{"href":"https:\/\/www.eldigitaldeasturias.com\/noticias\/wp-json\/wp\/v2\/media?parent=455053"}],"wp:term":[{"taxonomy":"category","embeddable":true,"href":"https:\/\/www.eldigitaldeasturias.com\/noticias\/wp-json\/wp\/v2\/categories?post=455053"},{"taxonomy":"post_tag","embeddable":true,"href":"https:\/\/www.eldigitaldeasturias.com\/noticias\/wp-json\/wp\/v2\/tags?post=455053"}],"curies":[{"name":"wp","href":"https:\/\/api.w.org\/{rel}","templated":true}]}}