{"id":455050,"date":"2013-11-27T23:00:24","date_gmt":"2013-11-28T00:00:24","guid":{"rendered":"http:\/\/www.eldigitaldeasturias.com\/noticias\/?p=455050"},"modified":"2013-11-27T23:00:24","modified_gmt":"2013-11-28T00:00:24","slug":"alaya-dice-que-el-uso-arbitrario-de-fondos-creo-un-deficit-de-131-millones-de-euros","status":"publish","type":"post","link":"https:\/\/www.eldigitaldeasturias.com\/noticias\/alaya-dice-que-el-uso-arbitrario-de-fondos-creo-un-deficit-de-131-millones-de-euros\/","title":{"rendered":"Alaya dice que el uso \u00abarbitrario\u00bb de fondos cre\u00f3 un d\u00e9ficit de 131 millones de euros"},"content":{"rendered":"<p><img loading=\"lazy\" decoding=\"async\" class=\"alignleft size-medium wp-image-455051\" alt=\"5756810w\" src=\"https:\/\/www.eldigitaldeasturias.com\/noticias\/wp-content\/uploads\/2013\/11\/5756810w-360x255.jpg\" width=\"360\" height=\"255\" \/>Sevilla, 27 nov (EFE).- La juez de los ERE ha acusado hoy al ex secretario general de Hacienda andaluz Antonio Estepa de haber participado en el \u00abuso arbitrario de fondos p\u00fablicos\u00bb y haber causado un d\u00e9ficit de 131 millones de euros, a lo que el imputado ha respondido reconociendo que una fiscalizaci\u00f3n lo habr\u00eda evitado.<\/p>\n<p>Estepa, que se encuentra entre los veinte altos cargos y ex altos cargos andaluces imputados junto a la exconsejera de Hacienda Magdalena \u00c1lvarez, que lo nombr\u00f3, ha sido acusado por la juez Mercedes Alaya de los delitos de prevaricaci\u00f3n y malversaci\u00f3n.<\/p>\n<p>Al t\u00e9rmino de su declaraci\u00f3n, la Fiscal\u00eda Anticorrupci\u00f3n no ha pedido medidas cautelares contra Estepa \u00abatendiendo al estado actual de la instrucci\u00f3n\u00bb, pese a que otros ex altos cargos tienen ya fianzas de responsabilidad civil de hasta 46 millones de euros, en el caso del exdirector de Presupuestos Antonio Lozano.<\/p>\n<p>Seg\u00fan el acta de su declaraci\u00f3n, a la que ha tenido acceso Efe, Estepa ha negado que la exconsejera \u00c1lvarez y el exviceconsejero Jos\u00e9 Salgueiro conociesen las irregularidades, el \u00abposible menoscabo de fondos p\u00fablicos\u00bb que se estaba produciendo o el \u00abcontenido b\u00e1sico de los programas\u00bb que se pagaban con las partidas investigadas.<\/p>\n<p>A la afirmaci\u00f3n de la juez de que, para \u00abaparentar un adecuado equilibrio presupuestario\u00bb, la Junta \u00absimul\u00f3\u00bb gastos, Estepa ha afirmado que no se trataba de \u00absimulaci\u00f3n\u00bb sino de una \u00absoluci\u00f3n contable\u00bb.<\/p>\n<p>Alaya ha imputado a Estepa que mediante las llamadas transferencias de financiaci\u00f3n, que ha calificado como situadas \u00abal margen de la ley\u00bb pues elud\u00edan el control previo de la Intervenci\u00f3n General, la Junta llev\u00f3 a cabo un \u00abuso il\u00edcito de fondos p\u00fablicos\u00bb en el que las subvenciones se otorgaron \u00abcon absoluta discrecionalidad\u00bb e \u00abincumpliendo los m\u00e1s elementales principios consagrados en el Estatuto de Autonom\u00eda de imparcialidad, transparencia y no discriminaci\u00f3n\u00bb.<\/p>\n<p>La \u00abpartida fraudulenta\u00bb aprovech\u00f3 la \u00abcomplejidad del lenguaje presupuestario\u00bb para ocultar las modificaciones, ha dicho Alaya, a lo que el imputado ha respondido que \u00abse resiste a entender que los parlamentarios no tengan ese conocimiento\u00bb.<\/p>\n<p>El imputado ha negado que el Gobierno andaluz pretendiese conceder subvenciones sin procedimiento, sino que ha explicado que hacia el a\u00f1o 2000 empezaron a \u00abproliferar una serie de entidades instrumentales como el Instituto de Fomento de Andaluc\u00eda (IFA)\u00bb y se cambi\u00f3 el modelo de gesti\u00f3n, de modo que las actuaciones de las Consejer\u00edas empezaron a ser delegadas en dichos entes.<\/p>\n<p>Estepa ocup\u00f3 el cargo entre el 2000 y el 2004 y Alaya le ha imputado un d\u00e9ficit de 131 millones solo en el 2003 y el 2004, a lo que el imputado ha respondido reconociendo que, de haber seguido el procedimiento de subvenciones y su fiscalizaci\u00f3n previa, \u00abse hubiera evitado dicho d\u00e9ficit\u00bb.<\/p>\n","protected":false},"excerpt":{"rendered":"<p>Sevilla, 27 nov (EFE).- La juez de los ERE ha acusado hoy al ex secretario general de Hacienda andaluz Antonio Estepa de haber participado en el \u00abuso arbitrario de fondos p\u00fablicos\u00bb y haber causado un d\u00e9ficit de 131 millones de euros, a lo que el imputado ha respondido reconociendo que una fiscalizaci\u00f3n lo habr\u00eda evitado. [&hellip;]<\/p>\n","protected":false},"author":1,"featured_media":455051,"comment_status":"open","ping_status":"open","sticky":false,"template":"","format":"standard","meta":{"footnotes":""},"categories":[5],"tags":[],"class_list":["post-455050","post","type-post","status-publish","format-standard","has-post-thumbnail","hentry","category-sucesos"],"aioseo_notices":[],"aioseo_head":"\n\t\t<!-- All in One SEO Pro 5.0.1 - aioseo.com -->\n\t<meta name=\"description\" content=\"Sevilla, 27 nov (EFE).- La juez de los ERE ha acusado hoy al ex secretario general de Hacienda andaluz Antonio Estepa de haber participado en el &quot;uso arbitrario de fondos p\u00fablicos&quot; y haber causado un d\u00e9ficit de 131 millones de euros, a lo que el imputado ha respondido reconociendo que una fiscalizaci\u00f3n lo habr\u00eda evitado.\" \/>\n\t<meta name=\"robots\" content=\"max-image-preview:large\" \/>\n\t<meta name=\"author\" content=\"El Digital de Asturias\"\/>\n\t<meta name=\"google-site-verification\" content=\"UA-38556648-1\" \/>\n\t<meta name=\"msvalidate.01\" content=\"7dfe9f3f1b24437ab69f4f2559babe99\" \/>\n\t<meta name=\"keywords\" content=\"sucesos\" \/>\n\t<link rel=\"canonical\" href=\"https:\/\/www.eldigitaldeasturias.com\/noticias\/alaya-dice-que-el-uso-arbitrario-de-fondos-creo-un-deficit-de-131-millones-de-euros\/\" \/>\n\t<meta name=\"generator\" content=\"All in One SEO Pro (AIOSEO) 5.0.1\" \/>\n\t\t<meta property=\"og:locale\" content=\"es_ES\" \/>\n\t\t<meta property=\"og:site_name\" content=\"El Digital de Asturias\" \/>\n\t\t<meta property=\"og:type\" content=\"article\" \/>\n\t\t<meta property=\"og:title\" content=\"Alaya dice que el uso \u00abarbitrario\u00bb de fondos cre\u00f3 un d\u00e9ficit de 131 millones de euros - El Digital de Asturias\" \/>\n\t\t<meta property=\"og:description\" content=\"Sevilla, 27 nov (EFE).- La juez de los ERE ha acusado hoy al ex secretario general de Hacienda andaluz Antonio Estepa de haber participado en el &quot;uso arbitrario de fondos p\u00fablicos&quot; y haber causado un d\u00e9ficit de 131 millones de euros, a lo que el imputado ha respondido reconociendo que una fiscalizaci\u00f3n lo habr\u00eda evitado.\" \/>\n\t\t<meta property=\"og:url\" content=\"https:\/\/www.eldigitaldeasturias.com\/noticias\/alaya-dice-que-el-uso-arbitrario-de-fondos-creo-un-deficit-de-131-millones-de-euros\/\" \/>\n\t\t<meta property=\"article:tag\" content=\"sucesos\" \/>\n\t\t<meta property=\"article:published_time\" content=\"2013-11-28T00:00:24+00:00\" \/>\n\t\t<meta property=\"article:modified_time\" content=\"2013-11-28T00:00:24+00:00\" \/>\n\t\t<meta property=\"article:publisher\" content=\"https:\/\/facebook.com\/eldigitaldeasturias\" \/>\n\t\t<meta name=\"twitter:card\" content=\"summary_large_image\" \/>\n\t\t<meta name=\"twitter:title\" content=\"Alaya dice que el uso \u00abarbitrario\u00bb de fondos cre\u00f3 un d\u00e9ficit de 131 millones de euros - El Digital de Asturias\" \/>\n\t\t<meta name=\"twitter:description\" content=\"Sevilla, 27 nov (EFE).- La juez de los ERE ha acusado hoy al ex secretario general de Hacienda andaluz Antonio Estepa de haber participado en el &quot;uso arbitrario de fondos p\u00fablicos&quot; y haber causado un d\u00e9ficit de 131 millones de euros, a lo que el imputado ha respondido reconociendo que una fiscalizaci\u00f3n lo habr\u00eda evitado.\" \/>\n\t\t<meta name=\"twitter:label1\" content=\"Escrito por\" \/>\n\t\t<meta name=\"twitter:data1\" content=\"El Digital de Asturias\" \/>\n\t\t<meta name=\"twitter:label2\" content=\"Tiempo de lectura estimado\" \/>\n\t\t<meta name=\"twitter:data2\" content=\"2 minutos\" \/>\n\t\t<script type=\"application\/ld+json\" class=\"aioseo-schema\">\n\t\t\t{\"@context\":\"https:\\\/\\\/schema.org\",\"@graph\":[{\"@type\":\"BlogPosting\",\"@id\":\"https:\\\/\\\/www.eldigitaldeasturias.com\\\/noticias\\\/alaya-dice-que-el-uso-arbitrario-de-fondos-creo-un-deficit-de-131-millones-de-euros\\\/#blogposting\",\"name\":\"Alaya dice que el uso \\u00abarbitrario\\u00bb de fondos cre\\u00f3 un d\\u00e9ficit de 131 millones de euros - El Digital de Asturias\",\"headline\":\"Alaya dice que el uso \\u00abarbitrario\\u00bb de fondos cre\\u00f3 un d\\u00e9ficit de 131 millones de euros\",\"author\":{\"@id\":\"https:\\\/\\\/www.eldigitaldeasturias.com\\\/noticias\\\/author\\\/admin\\\/#author\"},\"publisher\":{\"@id\":\"https:\\\/\\\/www.eldigitaldeasturias.com\\\/noticias\\\/#organization\"},\"image\":{\"@type\":\"ImageObject\",\"url\":455051},\"datePublished\":\"2013-11-27T23:00:24+01:00\",\"dateModified\":\"2013-11-27T23:00:24+01:00\",\"inLanguage\":\"es-ES\",\"mainEntityOfPage\":{\"@id\":\"https:\\\/\\\/www.eldigitaldeasturias.com\\\/noticias\\\/alaya-dice-que-el-uso-arbitrario-de-fondos-creo-un-deficit-de-131-millones-de-euros\\\/#webpage\"},\"isPartOf\":{\"@id\":\"https:\\\/\\\/www.eldigitaldeasturias.com\\\/noticias\\\/alaya-dice-que-el-uso-arbitrario-de-fondos-creo-un-deficit-de-131-millones-de-euros\\\/#webpage\"},\"articleSection\":\"Sucesos\"},{\"@type\":\"BreadcrumbList\",\"@id\":\"https:\\\/\\\/www.eldigitaldeasturias.com\\\/noticias\\\/alaya-dice-que-el-uso-arbitrario-de-fondos-creo-un-deficit-de-131-millones-de-euros\\\/#breadcrumblist\",\"itemListElement\":[{\"@type\":\"ListItem\",\"@id\":\"https:\\\/\\\/www.eldigitaldeasturias.com\\\/noticias#listItem\",\"position\":1,\"name\":\"Home\",\"item\":\"https:\\\/\\\/www.eldigitaldeasturias.com\\\/noticias\",\"nextItem\":{\"@type\":\"ListItem\",\"@id\":\"https:\\\/\\\/www.eldigitaldeasturias.com\\\/noticias\\\/category\\\/sucesos\\\/#listItem\",\"name\":\"Sucesos\"}},{\"@type\":\"ListItem\",\"@id\":\"https:\\\/\\\/www.eldigitaldeasturias.com\\\/noticias\\\/category\\\/sucesos\\\/#listItem\",\"position\":2,\"name\":\"Sucesos\",\"item\":\"https:\\\/\\\/www.eldigitaldeasturias.com\\\/noticias\\\/category\\\/sucesos\\\/\",\"nextItem\":{\"@type\":\"ListItem\",\"@id\":\"https:\\\/\\\/www.eldigitaldeasturias.com\\\/noticias\\\/alaya-dice-que-el-uso-arbitrario-de-fondos-creo-un-deficit-de-131-millones-de-euros\\\/#listItem\",\"name\":\"Alaya dice que el uso \\u00abarbitrario\\u00bb de fondos cre\\u00f3 un d\\u00e9ficit de 131 millones de euros\"},\"previousItem\":{\"@type\":\"ListItem\",\"@id\":\"https:\\\/\\\/www.eldigitaldeasturias.com\\\/noticias#listItem\",\"name\":\"Home\"}},{\"@type\":\"ListItem\",\"@id\":\"https:\\\/\\\/www.eldigitaldeasturias.com\\\/noticias\\\/alaya-dice-que-el-uso-arbitrario-de-fondos-creo-un-deficit-de-131-millones-de-euros\\\/#listItem\",\"position\":3,\"name\":\"Alaya dice que el uso \\u00abarbitrario\\u00bb de fondos cre\\u00f3 un d\\u00e9ficit de 131 millones de euros\",\"previousItem\":{\"@type\":\"ListItem\",\"@id\":\"https:\\\/\\\/www.eldigitaldeasturias.com\\\/noticias\\\/category\\\/sucesos\\\/#listItem\",\"name\":\"Sucesos\"}}]},{\"@type\":\"Organization\",\"@id\":\"https:\\\/\\\/www.eldigitaldeasturias.com\\\/noticias\\\/#organization\",\"name\":\"El Digital de Asturias\",\"description\":\"Hemeroteca\",\"url\":\"https:\\\/\\\/www.eldigitaldeasturias.com\\\/noticias\\\/\",\"email\":\"info@eldigitaldeasturias.com\",\"telephone\":\"+34652131393\",\"logo\":{\"@type\":\"ImageObject\",\"url\":\"https:\\\/\\\/www.eldigitaldeasturias.com\\\/noticias\\\/wp-content\\\/uploads\\\/2020\\\/12\\\/EDA.jpg\",\"@id\":\"https:\\\/\\\/www.eldigitaldeasturias.com\\\/noticias\\\/alaya-dice-que-el-uso-arbitrario-de-fondos-creo-un-deficit-de-131-millones-de-euros\\\/#organizationLogo\"},\"image\":{\"@id\":\"https:\\\/\\\/www.eldigitaldeasturias.com\\\/noticias\\\/alaya-dice-que-el-uso-arbitrario-de-fondos-creo-un-deficit-de-131-millones-de-euros\\\/#organizationLogo\"},\"sameAs\":[\"https:\\\/\\\/facebook.com\\\/eldigitaldeasturias\",\"https:\\\/\\\/www.youtube.com\\\/channel\\\/UCZP-2wLEB9Rv6erhFmqVnvg\"],\"address\":{\"@id\":\"https:\\\/\\\/www.eldigitaldeasturias.com\\\/noticias\\\/#postaladdress\",\"@type\":\"PostalAddress\",\"streetAddress\":\"san antonio 4\",\"postalCode\":\"33430\",\"addressLocality\":\"Cand\\u00e1s\",\"addressRegion\":\"Asturias\",\"addressCountry\":\"ES\"}},{\"@type\":\"Person\",\"@id\":\"https:\\\/\\\/www.eldigitaldeasturias.com\\\/noticias\\\/author\\\/admin\\\/#author\",\"url\":\"https:\\\/\\\/www.eldigitaldeasturias.com\\\/noticias\\\/author\\\/admin\\\/\",\"name\":\"El Digital de Asturias\",\"image\":{\"@type\":\"ImageObject\",\"@id\":\"https:\\\/\\\/www.eldigitaldeasturias.com\\\/noticias\\\/alaya-dice-que-el-uso-arbitrario-de-fondos-creo-un-deficit-de-131-millones-de-euros\\\/#authorImage\",\"url\":\"https:\\\/\\\/secure.gravatar.com\\\/avatar\\\/df2aeffc32bcd13f8d26072ef8a91b623d677766deac7f97ca815868cd41bf5e?s=96&d=mm&r=g\",\"width\":96,\"height\":96,\"caption\":\"El Digital de Asturias\"}},{\"@type\":\"WebPage\",\"@id\":\"https:\\\/\\\/www.eldigitaldeasturias.com\\\/noticias\\\/alaya-dice-que-el-uso-arbitrario-de-fondos-creo-un-deficit-de-131-millones-de-euros\\\/#webpage\",\"url\":\"https:\\\/\\\/www.eldigitaldeasturias.com\\\/noticias\\\/alaya-dice-que-el-uso-arbitrario-de-fondos-creo-un-deficit-de-131-millones-de-euros\\\/\",\"name\":\"Alaya dice que el uso \\u00abarbitrario\\u00bb de fondos cre\\u00f3 un d\\u00e9ficit de 131 millones de euros - El Digital de Asturias\",\"description\":\"Sevilla, 27 nov (EFE).- La juez de los ERE ha acusado hoy al ex secretario general de Hacienda andaluz Antonio Estepa de haber participado en el \\\"uso arbitrario de fondos p\\u00fablicos\\\" y haber causado un d\\u00e9ficit de 131 millones de euros, a lo que el imputado ha respondido reconociendo que una fiscalizaci\\u00f3n lo habr\\u00eda evitado.\",\"inLanguage\":\"es-ES\",\"isPartOf\":{\"@id\":\"https:\\\/\\\/www.eldigitaldeasturias.com\\\/noticias\\\/#website\"},\"breadcrumb\":{\"@id\":\"https:\\\/\\\/www.eldigitaldeasturias.com\\\/noticias\\\/alaya-dice-que-el-uso-arbitrario-de-fondos-creo-un-deficit-de-131-millones-de-euros\\\/#breadcrumblist\"},\"author\":{\"@id\":\"https:\\\/\\\/www.eldigitaldeasturias.com\\\/noticias\\\/author\\\/admin\\\/#author\"},\"creator\":{\"@id\":\"https:\\\/\\\/www.eldigitaldeasturias.com\\\/noticias\\\/author\\\/admin\\\/#author\"},\"image\":{\"@type\":\"ImageObject\",\"url\":455051,\"@id\":\"https:\\\/\\\/www.eldigitaldeasturias.com\\\/noticias\\\/alaya-dice-que-el-uso-arbitrario-de-fondos-creo-un-deficit-de-131-millones-de-euros\\\/#mainImage\"},\"primaryImageOfPage\":{\"@id\":\"https:\\\/\\\/www.eldigitaldeasturias.com\\\/noticias\\\/alaya-dice-que-el-uso-arbitrario-de-fondos-creo-un-deficit-de-131-millones-de-euros\\\/#mainImage\"},\"datePublished\":\"2013-11-27T23:00:24+01:00\",\"dateModified\":\"2013-11-27T23:00:24+01:00\"},{\"@type\":\"WebSite\",\"@id\":\"https:\\\/\\\/www.eldigitaldeasturias.com\\\/noticias\\\/#website\",\"url\":\"https:\\\/\\\/www.eldigitaldeasturias.com\\\/noticias\\\/\",\"name\":\"El Digital de Asturias - Diario de actualidad y noticias\",\"alternateName\":\"El Digital de Asturias - Diario de actualidad y noticias\",\"description\":\"Hemeroteca\",\"inLanguage\":\"es-ES\",\"publisher\":{\"@id\":\"https:\\\/\\\/www.eldigitaldeasturias.com\\\/noticias\\\/#organization\"}}]}\n\t\t<\/script>\n\t\t<!-- All in One SEO Pro -->\r\n\t\t<title>Alaya dice que el uso \u00abarbitrario\u00bb de fondos cre\u00f3 un d\u00e9ficit de 131 millones de euros - El Digital de Asturias<\/title>\n\n","aioseo_head_json":{"title":"Alaya dice que el uso \u00abarbitrario\u00bb de fondos cre\u00f3 un d\u00e9ficit de 131 millones de euros - El Digital de Asturias","description":"Sevilla, 27 nov (EFE).- La juez de los ERE ha acusado hoy al ex secretario general de Hacienda andaluz Antonio Estepa de haber participado en el \"uso arbitrario de fondos p\u00fablicos\" y haber causado un d\u00e9ficit de 131 millones de euros, a lo que el imputado ha respondido reconociendo que una fiscalizaci\u00f3n lo habr\u00eda evitado.","canonical_url":"https:\/\/www.eldigitaldeasturias.com\/noticias\/alaya-dice-que-el-uso-arbitrario-de-fondos-creo-un-deficit-de-131-millones-de-euros\/","robots":"max-image-preview:large","keywords":"sucesos","webmasterTools":{"google-site-verification":"UA-38556648-1","msvalidate.01":"7dfe9f3f1b24437ab69f4f2559babe99","miscellaneous":""},"schema":{"@context":"https:\/\/schema.org","@graph":[{"@type":"BlogPosting","@id":"https:\/\/www.eldigitaldeasturias.com\/noticias\/alaya-dice-que-el-uso-arbitrario-de-fondos-creo-un-deficit-de-131-millones-de-euros\/#blogposting","name":"Alaya dice que el uso \u00abarbitrario\u00bb de fondos cre\u00f3 un d\u00e9ficit de 131 millones de euros - El Digital de Asturias","headline":"Alaya dice que el uso \u00abarbitrario\u00bb de fondos cre\u00f3 un d\u00e9ficit de 131 millones de euros","author":{"@id":"https:\/\/www.eldigitaldeasturias.com\/noticias\/author\/admin\/#author"},"publisher":{"@id":"https:\/\/www.eldigitaldeasturias.com\/noticias\/#organization"},"image":{"@type":"ImageObject","url":455051},"datePublished":"2013-11-27T23:00:24+01:00","dateModified":"2013-11-27T23:00:24+01:00","inLanguage":"es-ES","mainEntityOfPage":{"@id":"https:\/\/www.eldigitaldeasturias.com\/noticias\/alaya-dice-que-el-uso-arbitrario-de-fondos-creo-un-deficit-de-131-millones-de-euros\/#webpage"},"isPartOf":{"@id":"https:\/\/www.eldigitaldeasturias.com\/noticias\/alaya-dice-que-el-uso-arbitrario-de-fondos-creo-un-deficit-de-131-millones-de-euros\/#webpage"},"articleSection":"Sucesos"},{"@type":"BreadcrumbList","@id":"https:\/\/www.eldigitaldeasturias.com\/noticias\/alaya-dice-que-el-uso-arbitrario-de-fondos-creo-un-deficit-de-131-millones-de-euros\/#breadcrumblist","itemListElement":[{"@type":"ListItem","@id":"https:\/\/www.eldigitaldeasturias.com\/noticias#listItem","position":1,"name":"Home","item":"https:\/\/www.eldigitaldeasturias.com\/noticias","nextItem":{"@type":"ListItem","@id":"https:\/\/www.eldigitaldeasturias.com\/noticias\/category\/sucesos\/#listItem","name":"Sucesos"}},{"@type":"ListItem","@id":"https:\/\/www.eldigitaldeasturias.com\/noticias\/category\/sucesos\/#listItem","position":2,"name":"Sucesos","item":"https:\/\/www.eldigitaldeasturias.com\/noticias\/category\/sucesos\/","nextItem":{"@type":"ListItem","@id":"https:\/\/www.eldigitaldeasturias.com\/noticias\/alaya-dice-que-el-uso-arbitrario-de-fondos-creo-un-deficit-de-131-millones-de-euros\/#listItem","name":"Alaya dice que el uso \u00abarbitrario\u00bb de fondos cre\u00f3 un d\u00e9ficit de 131 millones de euros"},"previousItem":{"@type":"ListItem","@id":"https:\/\/www.eldigitaldeasturias.com\/noticias#listItem","name":"Home"}},{"@type":"ListItem","@id":"https:\/\/www.eldigitaldeasturias.com\/noticias\/alaya-dice-que-el-uso-arbitrario-de-fondos-creo-un-deficit-de-131-millones-de-euros\/#listItem","position":3,"name":"Alaya dice que el uso \u00abarbitrario\u00bb de fondos cre\u00f3 un d\u00e9ficit de 131 millones de euros","previousItem":{"@type":"ListItem","@id":"https:\/\/www.eldigitaldeasturias.com\/noticias\/category\/sucesos\/#listItem","name":"Sucesos"}}]},{"@type":"Organization","@id":"https:\/\/www.eldigitaldeasturias.com\/noticias\/#organization","name":"El Digital de Asturias","description":"Hemeroteca","url":"https:\/\/www.eldigitaldeasturias.com\/noticias\/","email":"info@eldigitaldeasturias.com","telephone":"+34652131393","logo":{"@type":"ImageObject","url":"https:\/\/www.eldigitaldeasturias.com\/noticias\/wp-content\/uploads\/2020\/12\/EDA.jpg","@id":"https:\/\/www.eldigitaldeasturias.com\/noticias\/alaya-dice-que-el-uso-arbitrario-de-fondos-creo-un-deficit-de-131-millones-de-euros\/#organizationLogo"},"image":{"@id":"https:\/\/www.eldigitaldeasturias.com\/noticias\/alaya-dice-que-el-uso-arbitrario-de-fondos-creo-un-deficit-de-131-millones-de-euros\/#organizationLogo"},"sameAs":["https:\/\/facebook.com\/eldigitaldeasturias","https:\/\/www.youtube.com\/channel\/UCZP-2wLEB9Rv6erhFmqVnvg"],"address":{"@id":"https:\/\/www.eldigitaldeasturias.com\/noticias\/#postaladdress","@type":"PostalAddress","streetAddress":"san antonio 4","postalCode":"33430","addressLocality":"Cand\u00e1s","addressRegion":"Asturias","addressCountry":"ES"}},{"@type":"Person","@id":"https:\/\/www.eldigitaldeasturias.com\/noticias\/author\/admin\/#author","url":"https:\/\/www.eldigitaldeasturias.com\/noticias\/author\/admin\/","name":"El Digital de Asturias","image":{"@type":"ImageObject","@id":"https:\/\/www.eldigitaldeasturias.com\/noticias\/alaya-dice-que-el-uso-arbitrario-de-fondos-creo-un-deficit-de-131-millones-de-euros\/#authorImage","url":"https:\/\/secure.gravatar.com\/avatar\/df2aeffc32bcd13f8d26072ef8a91b623d677766deac7f97ca815868cd41bf5e?s=96&d=mm&r=g","width":96,"height":96,"caption":"El Digital de Asturias"}},{"@type":"WebPage","@id":"https:\/\/www.eldigitaldeasturias.com\/noticias\/alaya-dice-que-el-uso-arbitrario-de-fondos-creo-un-deficit-de-131-millones-de-euros\/#webpage","url":"https:\/\/www.eldigitaldeasturias.com\/noticias\/alaya-dice-que-el-uso-arbitrario-de-fondos-creo-un-deficit-de-131-millones-de-euros\/","name":"Alaya dice que el uso \u00abarbitrario\u00bb de fondos cre\u00f3 un d\u00e9ficit de 131 millones de euros - El Digital de Asturias","description":"Sevilla, 27 nov (EFE).- La juez de los ERE ha acusado hoy al ex secretario general de Hacienda andaluz Antonio Estepa de haber participado en el \"uso arbitrario de fondos p\u00fablicos\" y haber causado un d\u00e9ficit de 131 millones de euros, a lo que el imputado ha respondido reconociendo que una fiscalizaci\u00f3n lo habr\u00eda evitado.","inLanguage":"es-ES","isPartOf":{"@id":"https:\/\/www.eldigitaldeasturias.com\/noticias\/#website"},"breadcrumb":{"@id":"https:\/\/www.eldigitaldeasturias.com\/noticias\/alaya-dice-que-el-uso-arbitrario-de-fondos-creo-un-deficit-de-131-millones-de-euros\/#breadcrumblist"},"author":{"@id":"https:\/\/www.eldigitaldeasturias.com\/noticias\/author\/admin\/#author"},"creator":{"@id":"https:\/\/www.eldigitaldeasturias.com\/noticias\/author\/admin\/#author"},"image":{"@type":"ImageObject","url":455051,"@id":"https:\/\/www.eldigitaldeasturias.com\/noticias\/alaya-dice-que-el-uso-arbitrario-de-fondos-creo-un-deficit-de-131-millones-de-euros\/#mainImage"},"primaryImageOfPage":{"@id":"https:\/\/www.eldigitaldeasturias.com\/noticias\/alaya-dice-que-el-uso-arbitrario-de-fondos-creo-un-deficit-de-131-millones-de-euros\/#mainImage"},"datePublished":"2013-11-27T23:00:24+01:00","dateModified":"2013-11-27T23:00:24+01:00"},{"@type":"WebSite","@id":"https:\/\/www.eldigitaldeasturias.com\/noticias\/#website","url":"https:\/\/www.eldigitaldeasturias.com\/noticias\/","name":"El Digital de Asturias - Diario de actualidad y noticias","alternateName":"El Digital de Asturias - Diario de actualidad y noticias","description":"Hemeroteca","inLanguage":"es-ES","publisher":{"@id":"https:\/\/www.eldigitaldeasturias.com\/noticias\/#organization"}}]},"og:locale":"es_ES","og:site_name":"El Digital de Asturias","og:type":"article","og:title":"Alaya dice que el uso \u00abarbitrario\u00bb de fondos cre\u00f3 un d\u00e9ficit de 131 millones de euros - El Digital de Asturias","og:description":"Sevilla, 27 nov (EFE).- La juez de los ERE ha acusado hoy al ex secretario general de Hacienda andaluz Antonio Estepa de haber participado en el &quot;uso arbitrario de fondos p\u00fablicos&quot; y haber causado un d\u00e9ficit de 131 millones de euros, a lo que el imputado ha respondido reconociendo que una fiscalizaci\u00f3n lo habr\u00eda evitado.","og:url":"https:\/\/www.eldigitaldeasturias.com\/noticias\/alaya-dice-que-el-uso-arbitrario-de-fondos-creo-un-deficit-de-131-millones-de-euros\/","article:tag":["sucesos"],"article:published_time":"2013-11-28T00:00:24+00:00","article:modified_time":"2013-11-28T00:00:24+00:00","article:publisher":"https:\/\/facebook.com\/eldigitaldeasturias","twitter:card":"summary_large_image","twitter:title":"Alaya dice que el uso \u00abarbitrario\u00bb de fondos cre\u00f3 un d\u00e9ficit de 131 millones de euros - El Digital de Asturias","twitter:description":"Sevilla, 27 nov (EFE).- La juez de los ERE ha acusado hoy al ex secretario general de Hacienda andaluz Antonio Estepa de haber participado en el &quot;uso arbitrario de fondos p\u00fablicos&quot; y haber causado un d\u00e9ficit de 131 millones de euros, a lo que el imputado ha respondido reconociendo que una fiscalizaci\u00f3n lo habr\u00eda evitado.","twitter:label1":"Escrito por","twitter:data1":"El Digital de Asturias","twitter:label2":"Tiempo de lectura estimado","twitter:data2":"2 minutos"},"aioseo_meta_data":{"post_id":"455050","title":null,"description":null,"keywords":null,"keyphrases":null,"primary_term":null,"canonical_url":null,"og_title":null,"og_description":null,"og_object_type":"default","og_image_type":"default","og_image_url":null,"og_image_width":null,"og_image_height":null,"og_image_custom_url":null,"og_image_custom_fields":null,"og_video":null,"og_custom_url":null,"og_article_section":null,"og_article_tags":null,"twitter_use_og":true,"twitter_card":"default","twitter_image_type":"default","twitter_image_url":null,"twitter_image_custom_url":null,"twitter_image_custom_fields":null,"twitter_title":null,"twitter_description":null,"schema":{"blockGraphs":[],"customGraphs":[],"default":{"data":{"Article":[],"Course":[],"Dataset":[],"FAQPage":[],"Movie":[],"Person":[],"Product":[],"ProductReview":[],"Car":[],"Recipe":[],"Service":[],"SoftwareApplication":[],"WebPage":[]},"graphName":"","isEnabled":true},"graphs":[],"defaultGraph":"","defaultPostTypeGraph":""},"schema_type":null,"schema_type_options":null,"pillar_content":false,"robots_default":true,"robots_noindex":false,"robots_noarchive":false,"robots_nosnippet":false,"robots_nofollow":false,"robots_noimageindex":false,"robots_noodp":false,"robots_notranslate":false,"robots_max_snippet":null,"robots_max_videopreview":null,"robots_max_imagepreview":"none","priority":null,"frequency":null,"local_seo":null,"seo_analyzer_scan_date":"2026-05-29 16:54:00","breadcrumb_settings":null,"limit_modified_date":false,"open_ai":null,"ai":null,"created":"2020-11-14 22:45:11","updated":"2026-05-29 16:54:00","focus_keyword":null,"additional_keywords":null,"truseo_locale":null},"aioseo_breadcrumb":"<div class=\"aioseo-breadcrumbs\"><span class=\"aioseo-breadcrumb\">\n\t<a href=\"https:\/\/www.eldigitaldeasturias.com\/noticias\" title=\"Home\">Home<\/a>\n<\/span><span class=\"aioseo-breadcrumb-separator\">\u2013<\/span><span class=\"aioseo-breadcrumb\">\n\t<a href=\"https:\/\/www.eldigitaldeasturias.com\/noticias\/category\/sucesos\/\" title=\"Sucesos\">Sucesos<\/a>\n<\/span><span class=\"aioseo-breadcrumb-separator\">\u2013<\/span><span class=\"aioseo-breadcrumb\">\n\t<a href=\"https:\/\/www.eldigitaldeasturias.com\/noticias\/alaya-dice-que-el-uso-arbitrario-de-fondos-creo-un-deficit-de-131-millones-de-euros\/\" title=\"Alaya dice que el uso \u00abarbitrario\u00bb de fondos cre\u00f3 un d\u00e9ficit de 131 millones de euros\">Alaya dice que el uso \u00abarbitrario\u00bb de fondos cre\u00f3 un d\u00e9ficit de 131 millones de euros<\/a>\n<\/span><\/div>","aioseo_breadcrumb_json":[{"label":"Home","link":"https:\/\/www.eldigitaldeasturias.com\/noticias"},{"label":"Sucesos","link":"https:\/\/www.eldigitaldeasturias.com\/noticias\/category\/sucesos\/"},{"label":"Alaya dice que el uso \u00abarbitrario\u00bb de fondos cre\u00f3 un d\u00e9ficit de 131 millones de euros","link":"https:\/\/www.eldigitaldeasturias.com\/noticias\/alaya-dice-que-el-uso-arbitrario-de-fondos-creo-un-deficit-de-131-millones-de-euros\/"}],"_links":{"self":[{"href":"https:\/\/www.eldigitaldeasturias.com\/noticias\/wp-json\/wp\/v2\/posts\/455050","targetHints":{"allow":["GET"]}}],"collection":[{"href":"https:\/\/www.eldigitaldeasturias.com\/noticias\/wp-json\/wp\/v2\/posts"}],"about":[{"href":"https:\/\/www.eldigitaldeasturias.com\/noticias\/wp-json\/wp\/v2\/types\/post"}],"author":[{"embeddable":true,"href":"https:\/\/www.eldigitaldeasturias.com\/noticias\/wp-json\/wp\/v2\/users\/1"}],"replies":[{"embeddable":true,"href":"https:\/\/www.eldigitaldeasturias.com\/noticias\/wp-json\/wp\/v2\/comments?post=455050"}],"version-history":[{"count":0,"href":"https:\/\/www.eldigitaldeasturias.com\/noticias\/wp-json\/wp\/v2\/posts\/455050\/revisions"}],"wp:attachment":[{"href":"https:\/\/www.eldigitaldeasturias.com\/noticias\/wp-json\/wp\/v2\/media?parent=455050"}],"wp:term":[{"taxonomy":"category","embeddable":true,"href":"https:\/\/www.eldigitaldeasturias.com\/noticias\/wp-json\/wp\/v2\/categories?post=455050"},{"taxonomy":"post_tag","embeddable":true,"href":"https:\/\/www.eldigitaldeasturias.com\/noticias\/wp-json\/wp\/v2\/tags?post=455050"}],"curies":[{"name":"wp","href":"https:\/\/api.w.org\/{rel}","templated":true}]}}