{"id":455047,"date":"2013-11-27T22:57:06","date_gmt":"2013-11-27T23:57:06","guid":{"rendered":"http:\/\/www.eldigitaldeasturias.com\/noticias\/?p=455047"},"modified":"2013-11-27T22:57:06","modified_gmt":"2013-11-27T23:57:06","slug":"el-paseo-del-prado-de-madrid-optara-a-la-lista-de-patrimonio-de-la-humanidad","status":"publish","type":"post","link":"https:\/\/www.eldigitaldeasturias.com\/noticias\/el-paseo-del-prado-de-madrid-optara-a-la-lista-de-patrimonio-de-la-humanidad\/","title":{"rendered":"El Paseo del Prado de Madrid optar\u00e1 a la lista de patrimonio de la humanidad"},"content":{"rendered":"<p><img loading=\"lazy\" decoding=\"async\" class=\"alignleft size-medium wp-image-455048\" alt=\"5757513w\" src=\"https:\/\/www.eldigitaldeasturias.com\/noticias\/wp-content\/uploads\/2013\/11\/5757513w-360x239.jpg\" width=\"360\" height=\"239\" \/>Madrid, 27 nov (EFE).- El Paseo del Prado de Madrid optar\u00e1 a la lista de patrimonio de la humanidad que anualmente elabora la Organizaci\u00f3n de las Naciones Unidas para la Educaci\u00f3n, la Ciencia y la Cultura (Unesco), ha anunciado hoy el delegado del \u00c1rea de las Artes, Deportes y Turismo del Ayuntamiento de Madrid, Pedro Corral.<\/p>\n<p>\u00abUn grupo de expertos est\u00e1 elaborando un informe que se elevar\u00e1 a la Comunidad de Madrid, la encargada de lanzar la candidatura\u00bb a patrimonio de la humanidad de la Unesco, ha explicado hoy Corral en la presentaci\u00f3n en el madrile\u00f1o Palacio de Cibeles de la exposici\u00f3n \u00abColecci\u00f3n Masaveu: del Rom\u00e1nico a la Ilustraci\u00f3n. Imagen y Materia\u00bb.<\/p>\n<p>Esta muestra, que estar\u00e1 abierta en al sede del Ayuntamiento madrile\u00f1o hasta el pr\u00f3ximo 25 de mayo, es un \u00abnuevo hito\u00bb de la ciudad por dar \u00abuna oferta cultural de excelencia\u00bb, en este caso englobada en la serie de exposiciones \u00abMecenazgo al servicio del arte\u00bb, que ofrece el CentroCentro Cibeles.<\/p>\n<p>La selecci\u00f3n de 63 obras de la Colecci\u00f3n Masaveu, una de las m\u00e1s importantes de Espa\u00f1a en manos privadas, \u00abno s\u00f3lo es mecenazgo, es patriotismo al servicio del arte\u00bb, y servir\u00e1 para ganar \u00abel reconocimiento\u00bb de la Unesco a este \u00abpaseo del arte\u00bb, en referencia al propio CentroCentro de Cibles, donde arranca el Paseo del Prado y se encuentran el Museo del Prado y el Thyssen Bornemisza.<\/p>\n<p>Ambos museos, junto al cercano Reina Sof\u00eda, forman el conocido \u00abtri\u00e1ngulo de oro\u00bb del arte en Madrid.<\/p>\n<p>El delegado municipal ha descrito la exposici\u00f3n presentada hoy, que engloba obras muy poco expuestas de pintores como Zurbar\u00e1n, Murillo, El Greco o El Bosco, como ejemplo de \u00abla colaboraci\u00f3n entre lo p\u00fablico y lo privado\u00bb que defiende el Ayuntamiento de Madrid.<\/p>\n<p>El director de CentroCentro Cibeles, Jos\u00e9 Tono Mart\u00ednez, ha se\u00f1alado que, \u00aba falta de un Premio Nacional de Mecenazgo\u00bb, en este centro madrile\u00f1o se ha constituido una l\u00ednea de mecenazgo que \u00abrinde tributo a las grandes familias que a lo largo de generaciones han hecho del coleccionismo su vida\u00bb, como las dedicadas anteriormente a la casa de Alba y a la colecci\u00f3n de Helga de Alvear.<\/p>\n","protected":false},"excerpt":{"rendered":"<p>Madrid, 27 nov (EFE).- El Paseo del Prado de Madrid optar\u00e1 a la lista de patrimonio de la humanidad que anualmente elabora la Organizaci\u00f3n de las Naciones Unidas para la Educaci\u00f3n, la Ciencia y la Cultura (Unesco), ha anunciado hoy el delegado del \u00c1rea de las Artes, Deportes y Turismo del Ayuntamiento de Madrid, Pedro [&hellip;]<\/p>\n","protected":false},"author":1,"featured_media":455048,"comment_status":"open","ping_status":"open","sticky":false,"template":"","format":"standard","meta":{"footnotes":""},"categories":[28],"tags":[],"class_list":["post-455047","post","type-post","status-publish","format-standard","has-post-thumbnail","hentry","category-sociedad"],"aioseo_notices":[],"aioseo_head":"\n\t\t<!-- All in One SEO Pro 5.0.1 - aioseo.com -->\n\t<meta name=\"description\" content=\"Madrid, 27 nov (EFE).- El Paseo del Prado de Madrid optar\u00e1 a la lista de patrimonio de la humanidad que anualmente elabora la Organizaci\u00f3n de las Naciones Unidas para la Educaci\u00f3n, la Ciencia y la Cultura (Unesco), ha anunciado hoy el delegado del \u00c1rea de las Artes, Deportes y Turismo del Ayuntamiento de Madrid, Pedro\" \/>\n\t<meta name=\"robots\" content=\"max-image-preview:large\" \/>\n\t<meta name=\"author\" content=\"El Digital de Asturias\"\/>\n\t<meta name=\"google-site-verification\" content=\"UA-38556648-1\" \/>\n\t<meta name=\"msvalidate.01\" content=\"7dfe9f3f1b24437ab69f4f2559babe99\" \/>\n\t<meta name=\"keywords\" content=\"sociedad\" \/>\n\t<link rel=\"canonical\" href=\"https:\/\/www.eldigitaldeasturias.com\/noticias\/el-paseo-del-prado-de-madrid-optara-a-la-lista-de-patrimonio-de-la-humanidad\/\" \/>\n\t<meta name=\"generator\" content=\"All in One SEO Pro (AIOSEO) 5.0.1\" \/>\n\t\t<meta property=\"og:locale\" content=\"es_ES\" \/>\n\t\t<meta property=\"og:site_name\" content=\"El Digital de Asturias\" \/>\n\t\t<meta property=\"og:type\" content=\"article\" \/>\n\t\t<meta property=\"og:title\" content=\"El Paseo del Prado de Madrid optar\u00e1 a la lista de patrimonio de la humanidad - El Digital de Asturias\" \/>\n\t\t<meta property=\"og:description\" content=\"Madrid, 27 nov (EFE).- El Paseo del Prado de Madrid optar\u00e1 a la lista de patrimonio de la humanidad que anualmente elabora la Organizaci\u00f3n de las Naciones Unidas para la Educaci\u00f3n, la Ciencia y la Cultura (Unesco), ha anunciado hoy el delegado del \u00c1rea de las Artes, Deportes y Turismo del Ayuntamiento de Madrid, Pedro\" \/>\n\t\t<meta property=\"og:url\" content=\"https:\/\/www.eldigitaldeasturias.com\/noticias\/el-paseo-del-prado-de-madrid-optara-a-la-lista-de-patrimonio-de-la-humanidad\/\" \/>\n\t\t<meta property=\"article:tag\" content=\"sociedad\" \/>\n\t\t<meta property=\"article:published_time\" content=\"2013-11-27T23:57:06+00:00\" \/>\n\t\t<meta property=\"article:modified_time\" content=\"2013-11-27T23:57:06+00:00\" \/>\n\t\t<meta property=\"article:publisher\" content=\"https:\/\/facebook.com\/eldigitaldeasturias\" \/>\n\t\t<meta name=\"twitter:card\" content=\"summary_large_image\" \/>\n\t\t<meta name=\"twitter:title\" content=\"El Paseo del Prado de Madrid optar\u00e1 a la lista de patrimonio de la humanidad - El Digital de Asturias\" \/>\n\t\t<meta name=\"twitter:description\" content=\"Madrid, 27 nov (EFE).- El Paseo del Prado de Madrid optar\u00e1 a la lista de patrimonio de la humanidad que anualmente elabora la Organizaci\u00f3n de las Naciones Unidas para la Educaci\u00f3n, la Ciencia y la Cultura (Unesco), ha anunciado hoy el delegado del \u00c1rea de las Artes, Deportes y Turismo del Ayuntamiento de Madrid, Pedro\" \/>\n\t\t<meta name=\"twitter:label1\" content=\"Escrito por\" \/>\n\t\t<meta name=\"twitter:data1\" content=\"El Digital de Asturias\" \/>\n\t\t<meta name=\"twitter:label2\" content=\"Tiempo de lectura estimado\" \/>\n\t\t<meta name=\"twitter:data2\" content=\"2 minutos\" \/>\n\t\t<script type=\"application\/ld+json\" class=\"aioseo-schema\">\n\t\t\t{\"@context\":\"https:\\\/\\\/schema.org\",\"@graph\":[{\"@type\":\"BlogPosting\",\"@id\":\"https:\\\/\\\/www.eldigitaldeasturias.com\\\/noticias\\\/el-paseo-del-prado-de-madrid-optara-a-la-lista-de-patrimonio-de-la-humanidad\\\/#blogposting\",\"name\":\"El Paseo del Prado de Madrid optar\\u00e1 a la lista de patrimonio de la humanidad - El Digital de Asturias\",\"headline\":\"El Paseo del Prado de Madrid optar\\u00e1 a la lista de patrimonio de la humanidad\",\"author\":{\"@id\":\"https:\\\/\\\/www.eldigitaldeasturias.com\\\/noticias\\\/author\\\/admin\\\/#author\"},\"publisher\":{\"@id\":\"https:\\\/\\\/www.eldigitaldeasturias.com\\\/noticias\\\/#organization\"},\"image\":{\"@type\":\"ImageObject\",\"url\":455048},\"datePublished\":\"2013-11-27T22:57:06+01:00\",\"dateModified\":\"2013-11-27T22:57:06+01:00\",\"inLanguage\":\"es-ES\",\"mainEntityOfPage\":{\"@id\":\"https:\\\/\\\/www.eldigitaldeasturias.com\\\/noticias\\\/el-paseo-del-prado-de-madrid-optara-a-la-lista-de-patrimonio-de-la-humanidad\\\/#webpage\"},\"isPartOf\":{\"@id\":\"https:\\\/\\\/www.eldigitaldeasturias.com\\\/noticias\\\/el-paseo-del-prado-de-madrid-optara-a-la-lista-de-patrimonio-de-la-humanidad\\\/#webpage\"},\"articleSection\":\"Sociedad\"},{\"@type\":\"BreadcrumbList\",\"@id\":\"https:\\\/\\\/www.eldigitaldeasturias.com\\\/noticias\\\/el-paseo-del-prado-de-madrid-optara-a-la-lista-de-patrimonio-de-la-humanidad\\\/#breadcrumblist\",\"itemListElement\":[{\"@type\":\"ListItem\",\"@id\":\"https:\\\/\\\/www.eldigitaldeasturias.com\\\/noticias#listItem\",\"position\":1,\"name\":\"Home\",\"item\":\"https:\\\/\\\/www.eldigitaldeasturias.com\\\/noticias\",\"nextItem\":{\"@type\":\"ListItem\",\"@id\":\"https:\\\/\\\/www.eldigitaldeasturias.com\\\/noticias\\\/category\\\/sociedad\\\/#listItem\",\"name\":\"Sociedad\"}},{\"@type\":\"ListItem\",\"@id\":\"https:\\\/\\\/www.eldigitaldeasturias.com\\\/noticias\\\/category\\\/sociedad\\\/#listItem\",\"position\":2,\"name\":\"Sociedad\",\"item\":\"https:\\\/\\\/www.eldigitaldeasturias.com\\\/noticias\\\/category\\\/sociedad\\\/\",\"nextItem\":{\"@type\":\"ListItem\",\"@id\":\"https:\\\/\\\/www.eldigitaldeasturias.com\\\/noticias\\\/el-paseo-del-prado-de-madrid-optara-a-la-lista-de-patrimonio-de-la-humanidad\\\/#listItem\",\"name\":\"El Paseo del Prado de Madrid optar\\u00e1 a la lista de patrimonio de la humanidad\"},\"previousItem\":{\"@type\":\"ListItem\",\"@id\":\"https:\\\/\\\/www.eldigitaldeasturias.com\\\/noticias#listItem\",\"name\":\"Home\"}},{\"@type\":\"ListItem\",\"@id\":\"https:\\\/\\\/www.eldigitaldeasturias.com\\\/noticias\\\/el-paseo-del-prado-de-madrid-optara-a-la-lista-de-patrimonio-de-la-humanidad\\\/#listItem\",\"position\":3,\"name\":\"El Paseo del Prado de Madrid optar\\u00e1 a la lista de patrimonio de la humanidad\",\"previousItem\":{\"@type\":\"ListItem\",\"@id\":\"https:\\\/\\\/www.eldigitaldeasturias.com\\\/noticias\\\/category\\\/sociedad\\\/#listItem\",\"name\":\"Sociedad\"}}]},{\"@type\":\"Organization\",\"@id\":\"https:\\\/\\\/www.eldigitaldeasturias.com\\\/noticias\\\/#organization\",\"name\":\"El Digital de Asturias\",\"description\":\"Hemeroteca\",\"url\":\"https:\\\/\\\/www.eldigitaldeasturias.com\\\/noticias\\\/\",\"email\":\"info@eldigitaldeasturias.com\",\"telephone\":\"+34652131393\",\"logo\":{\"@type\":\"ImageObject\",\"url\":\"https:\\\/\\\/www.eldigitaldeasturias.com\\\/noticias\\\/wp-content\\\/uploads\\\/2020\\\/12\\\/EDA.jpg\",\"@id\":\"https:\\\/\\\/www.eldigitaldeasturias.com\\\/noticias\\\/el-paseo-del-prado-de-madrid-optara-a-la-lista-de-patrimonio-de-la-humanidad\\\/#organizationLogo\"},\"image\":{\"@id\":\"https:\\\/\\\/www.eldigitaldeasturias.com\\\/noticias\\\/el-paseo-del-prado-de-madrid-optara-a-la-lista-de-patrimonio-de-la-humanidad\\\/#organizationLogo\"},\"sameAs\":[\"https:\\\/\\\/facebook.com\\\/eldigitaldeasturias\",\"https:\\\/\\\/www.youtube.com\\\/channel\\\/UCZP-2wLEB9Rv6erhFmqVnvg\"],\"address\":{\"@id\":\"https:\\\/\\\/www.eldigitaldeasturias.com\\\/noticias\\\/#postaladdress\",\"@type\":\"PostalAddress\",\"streetAddress\":\"san antonio 4\",\"postalCode\":\"33430\",\"addressLocality\":\"Cand\\u00e1s\",\"addressRegion\":\"Asturias\",\"addressCountry\":\"ES\"}},{\"@type\":\"Person\",\"@id\":\"https:\\\/\\\/www.eldigitaldeasturias.com\\\/noticias\\\/author\\\/admin\\\/#author\",\"url\":\"https:\\\/\\\/www.eldigitaldeasturias.com\\\/noticias\\\/author\\\/admin\\\/\",\"name\":\"El Digital de Asturias\",\"image\":{\"@type\":\"ImageObject\",\"@id\":\"https:\\\/\\\/www.eldigitaldeasturias.com\\\/noticias\\\/el-paseo-del-prado-de-madrid-optara-a-la-lista-de-patrimonio-de-la-humanidad\\\/#authorImage\",\"url\":\"https:\\\/\\\/secure.gravatar.com\\\/avatar\\\/df2aeffc32bcd13f8d26072ef8a91b623d677766deac7f97ca815868cd41bf5e?s=96&d=mm&r=g\",\"width\":96,\"height\":96,\"caption\":\"El Digital de Asturias\"}},{\"@type\":\"WebPage\",\"@id\":\"https:\\\/\\\/www.eldigitaldeasturias.com\\\/noticias\\\/el-paseo-del-prado-de-madrid-optara-a-la-lista-de-patrimonio-de-la-humanidad\\\/#webpage\",\"url\":\"https:\\\/\\\/www.eldigitaldeasturias.com\\\/noticias\\\/el-paseo-del-prado-de-madrid-optara-a-la-lista-de-patrimonio-de-la-humanidad\\\/\",\"name\":\"El Paseo del Prado de Madrid optar\\u00e1 a la lista de patrimonio de la humanidad - El Digital de Asturias\",\"description\":\"Madrid, 27 nov (EFE).- El Paseo del Prado de Madrid optar\\u00e1 a la lista de patrimonio de la humanidad que anualmente elabora la Organizaci\\u00f3n de las Naciones Unidas para la Educaci\\u00f3n, la Ciencia y la Cultura (Unesco), ha anunciado hoy el delegado del \\u00c1rea de las Artes, Deportes y Turismo del Ayuntamiento de Madrid, Pedro\",\"inLanguage\":\"es-ES\",\"isPartOf\":{\"@id\":\"https:\\\/\\\/www.eldigitaldeasturias.com\\\/noticias\\\/#website\"},\"breadcrumb\":{\"@id\":\"https:\\\/\\\/www.eldigitaldeasturias.com\\\/noticias\\\/el-paseo-del-prado-de-madrid-optara-a-la-lista-de-patrimonio-de-la-humanidad\\\/#breadcrumblist\"},\"author\":{\"@id\":\"https:\\\/\\\/www.eldigitaldeasturias.com\\\/noticias\\\/author\\\/admin\\\/#author\"},\"creator\":{\"@id\":\"https:\\\/\\\/www.eldigitaldeasturias.com\\\/noticias\\\/author\\\/admin\\\/#author\"},\"image\":{\"@type\":\"ImageObject\",\"url\":455048,\"@id\":\"https:\\\/\\\/www.eldigitaldeasturias.com\\\/noticias\\\/el-paseo-del-prado-de-madrid-optara-a-la-lista-de-patrimonio-de-la-humanidad\\\/#mainImage\"},\"primaryImageOfPage\":{\"@id\":\"https:\\\/\\\/www.eldigitaldeasturias.com\\\/noticias\\\/el-paseo-del-prado-de-madrid-optara-a-la-lista-de-patrimonio-de-la-humanidad\\\/#mainImage\"},\"datePublished\":\"2013-11-27T22:57:06+01:00\",\"dateModified\":\"2013-11-27T22:57:06+01:00\"},{\"@type\":\"WebSite\",\"@id\":\"https:\\\/\\\/www.eldigitaldeasturias.com\\\/noticias\\\/#website\",\"url\":\"https:\\\/\\\/www.eldigitaldeasturias.com\\\/noticias\\\/\",\"name\":\"El Digital de Asturias - Diario de actualidad y noticias\",\"alternateName\":\"El Digital de Asturias - Diario de actualidad y noticias\",\"description\":\"Hemeroteca\",\"inLanguage\":\"es-ES\",\"publisher\":{\"@id\":\"https:\\\/\\\/www.eldigitaldeasturias.com\\\/noticias\\\/#organization\"}}]}\n\t\t<\/script>\n\t\t<!-- All in One SEO Pro -->\r\n\t\t<title>El Paseo del Prado de Madrid optar\u00e1 a la lista de patrimonio de la humanidad - El Digital de Asturias<\/title>\n\n","aioseo_head_json":{"title":"El Paseo del Prado de Madrid optar\u00e1 a la lista de patrimonio de la humanidad - El Digital de Asturias","description":"Madrid, 27 nov (EFE).- El Paseo del Prado de Madrid optar\u00e1 a la lista de patrimonio de la humanidad que anualmente elabora la Organizaci\u00f3n de las Naciones Unidas para la Educaci\u00f3n, la Ciencia y la Cultura (Unesco), ha anunciado hoy el delegado del \u00c1rea de las Artes, Deportes y Turismo del Ayuntamiento de Madrid, Pedro","canonical_url":"https:\/\/www.eldigitaldeasturias.com\/noticias\/el-paseo-del-prado-de-madrid-optara-a-la-lista-de-patrimonio-de-la-humanidad\/","robots":"max-image-preview:large","keywords":"sociedad","webmasterTools":{"google-site-verification":"UA-38556648-1","msvalidate.01":"7dfe9f3f1b24437ab69f4f2559babe99","miscellaneous":""},"schema":{"@context":"https:\/\/schema.org","@graph":[{"@type":"BlogPosting","@id":"https:\/\/www.eldigitaldeasturias.com\/noticias\/el-paseo-del-prado-de-madrid-optara-a-la-lista-de-patrimonio-de-la-humanidad\/#blogposting","name":"El Paseo del Prado de Madrid optar\u00e1 a la lista de patrimonio de la humanidad - El Digital de Asturias","headline":"El Paseo del Prado de Madrid optar\u00e1 a la lista de patrimonio de la humanidad","author":{"@id":"https:\/\/www.eldigitaldeasturias.com\/noticias\/author\/admin\/#author"},"publisher":{"@id":"https:\/\/www.eldigitaldeasturias.com\/noticias\/#organization"},"image":{"@type":"ImageObject","url":455048},"datePublished":"2013-11-27T22:57:06+01:00","dateModified":"2013-11-27T22:57:06+01:00","inLanguage":"es-ES","mainEntityOfPage":{"@id":"https:\/\/www.eldigitaldeasturias.com\/noticias\/el-paseo-del-prado-de-madrid-optara-a-la-lista-de-patrimonio-de-la-humanidad\/#webpage"},"isPartOf":{"@id":"https:\/\/www.eldigitaldeasturias.com\/noticias\/el-paseo-del-prado-de-madrid-optara-a-la-lista-de-patrimonio-de-la-humanidad\/#webpage"},"articleSection":"Sociedad"},{"@type":"BreadcrumbList","@id":"https:\/\/www.eldigitaldeasturias.com\/noticias\/el-paseo-del-prado-de-madrid-optara-a-la-lista-de-patrimonio-de-la-humanidad\/#breadcrumblist","itemListElement":[{"@type":"ListItem","@id":"https:\/\/www.eldigitaldeasturias.com\/noticias#listItem","position":1,"name":"Home","item":"https:\/\/www.eldigitaldeasturias.com\/noticias","nextItem":{"@type":"ListItem","@id":"https:\/\/www.eldigitaldeasturias.com\/noticias\/category\/sociedad\/#listItem","name":"Sociedad"}},{"@type":"ListItem","@id":"https:\/\/www.eldigitaldeasturias.com\/noticias\/category\/sociedad\/#listItem","position":2,"name":"Sociedad","item":"https:\/\/www.eldigitaldeasturias.com\/noticias\/category\/sociedad\/","nextItem":{"@type":"ListItem","@id":"https:\/\/www.eldigitaldeasturias.com\/noticias\/el-paseo-del-prado-de-madrid-optara-a-la-lista-de-patrimonio-de-la-humanidad\/#listItem","name":"El Paseo del Prado de Madrid optar\u00e1 a la lista de patrimonio de la humanidad"},"previousItem":{"@type":"ListItem","@id":"https:\/\/www.eldigitaldeasturias.com\/noticias#listItem","name":"Home"}},{"@type":"ListItem","@id":"https:\/\/www.eldigitaldeasturias.com\/noticias\/el-paseo-del-prado-de-madrid-optara-a-la-lista-de-patrimonio-de-la-humanidad\/#listItem","position":3,"name":"El Paseo del Prado de Madrid optar\u00e1 a la lista de patrimonio de la humanidad","previousItem":{"@type":"ListItem","@id":"https:\/\/www.eldigitaldeasturias.com\/noticias\/category\/sociedad\/#listItem","name":"Sociedad"}}]},{"@type":"Organization","@id":"https:\/\/www.eldigitaldeasturias.com\/noticias\/#organization","name":"El Digital de Asturias","description":"Hemeroteca","url":"https:\/\/www.eldigitaldeasturias.com\/noticias\/","email":"info@eldigitaldeasturias.com","telephone":"+34652131393","logo":{"@type":"ImageObject","url":"https:\/\/www.eldigitaldeasturias.com\/noticias\/wp-content\/uploads\/2020\/12\/EDA.jpg","@id":"https:\/\/www.eldigitaldeasturias.com\/noticias\/el-paseo-del-prado-de-madrid-optara-a-la-lista-de-patrimonio-de-la-humanidad\/#organizationLogo"},"image":{"@id":"https:\/\/www.eldigitaldeasturias.com\/noticias\/el-paseo-del-prado-de-madrid-optara-a-la-lista-de-patrimonio-de-la-humanidad\/#organizationLogo"},"sameAs":["https:\/\/facebook.com\/eldigitaldeasturias","https:\/\/www.youtube.com\/channel\/UCZP-2wLEB9Rv6erhFmqVnvg"],"address":{"@id":"https:\/\/www.eldigitaldeasturias.com\/noticias\/#postaladdress","@type":"PostalAddress","streetAddress":"san antonio 4","postalCode":"33430","addressLocality":"Cand\u00e1s","addressRegion":"Asturias","addressCountry":"ES"}},{"@type":"Person","@id":"https:\/\/www.eldigitaldeasturias.com\/noticias\/author\/admin\/#author","url":"https:\/\/www.eldigitaldeasturias.com\/noticias\/author\/admin\/","name":"El Digital de Asturias","image":{"@type":"ImageObject","@id":"https:\/\/www.eldigitaldeasturias.com\/noticias\/el-paseo-del-prado-de-madrid-optara-a-la-lista-de-patrimonio-de-la-humanidad\/#authorImage","url":"https:\/\/secure.gravatar.com\/avatar\/df2aeffc32bcd13f8d26072ef8a91b623d677766deac7f97ca815868cd41bf5e?s=96&d=mm&r=g","width":96,"height":96,"caption":"El Digital de Asturias"}},{"@type":"WebPage","@id":"https:\/\/www.eldigitaldeasturias.com\/noticias\/el-paseo-del-prado-de-madrid-optara-a-la-lista-de-patrimonio-de-la-humanidad\/#webpage","url":"https:\/\/www.eldigitaldeasturias.com\/noticias\/el-paseo-del-prado-de-madrid-optara-a-la-lista-de-patrimonio-de-la-humanidad\/","name":"El Paseo del Prado de Madrid optar\u00e1 a la lista de patrimonio de la humanidad - El Digital de Asturias","description":"Madrid, 27 nov (EFE).- El Paseo del Prado de Madrid optar\u00e1 a la lista de patrimonio de la humanidad que anualmente elabora la Organizaci\u00f3n de las Naciones Unidas para la Educaci\u00f3n, la Ciencia y la Cultura (Unesco), ha anunciado hoy el delegado del \u00c1rea de las Artes, Deportes y Turismo del Ayuntamiento de Madrid, Pedro","inLanguage":"es-ES","isPartOf":{"@id":"https:\/\/www.eldigitaldeasturias.com\/noticias\/#website"},"breadcrumb":{"@id":"https:\/\/www.eldigitaldeasturias.com\/noticias\/el-paseo-del-prado-de-madrid-optara-a-la-lista-de-patrimonio-de-la-humanidad\/#breadcrumblist"},"author":{"@id":"https:\/\/www.eldigitaldeasturias.com\/noticias\/author\/admin\/#author"},"creator":{"@id":"https:\/\/www.eldigitaldeasturias.com\/noticias\/author\/admin\/#author"},"image":{"@type":"ImageObject","url":455048,"@id":"https:\/\/www.eldigitaldeasturias.com\/noticias\/el-paseo-del-prado-de-madrid-optara-a-la-lista-de-patrimonio-de-la-humanidad\/#mainImage"},"primaryImageOfPage":{"@id":"https:\/\/www.eldigitaldeasturias.com\/noticias\/el-paseo-del-prado-de-madrid-optara-a-la-lista-de-patrimonio-de-la-humanidad\/#mainImage"},"datePublished":"2013-11-27T22:57:06+01:00","dateModified":"2013-11-27T22:57:06+01:00"},{"@type":"WebSite","@id":"https:\/\/www.eldigitaldeasturias.com\/noticias\/#website","url":"https:\/\/www.eldigitaldeasturias.com\/noticias\/","name":"El Digital de Asturias - Diario de actualidad y noticias","alternateName":"El Digital de Asturias - Diario de actualidad y noticias","description":"Hemeroteca","inLanguage":"es-ES","publisher":{"@id":"https:\/\/www.eldigitaldeasturias.com\/noticias\/#organization"}}]},"og:locale":"es_ES","og:site_name":"El Digital de Asturias","og:type":"article","og:title":"El Paseo del Prado de Madrid optar\u00e1 a la lista de patrimonio de la humanidad - El Digital de Asturias","og:description":"Madrid, 27 nov (EFE).- El Paseo del Prado de Madrid optar\u00e1 a la lista de patrimonio de la humanidad que anualmente elabora la Organizaci\u00f3n de las Naciones Unidas para la Educaci\u00f3n, la Ciencia y la Cultura (Unesco), ha anunciado hoy el delegado del \u00c1rea de las Artes, Deportes y Turismo del Ayuntamiento de Madrid, Pedro","og:url":"https:\/\/www.eldigitaldeasturias.com\/noticias\/el-paseo-del-prado-de-madrid-optara-a-la-lista-de-patrimonio-de-la-humanidad\/","article:tag":["sociedad"],"article:published_time":"2013-11-27T23:57:06+00:00","article:modified_time":"2013-11-27T23:57:06+00:00","article:publisher":"https:\/\/facebook.com\/eldigitaldeasturias","twitter:card":"summary_large_image","twitter:title":"El Paseo del Prado de Madrid optar\u00e1 a la lista de patrimonio de la humanidad - El Digital de Asturias","twitter:description":"Madrid, 27 nov (EFE).- El Paseo del Prado de Madrid optar\u00e1 a la lista de patrimonio de la humanidad que anualmente elabora la Organizaci\u00f3n de las Naciones Unidas para la Educaci\u00f3n, la Ciencia y la Cultura (Unesco), ha anunciado hoy el delegado del \u00c1rea de las Artes, Deportes y Turismo del Ayuntamiento de Madrid, Pedro","twitter:label1":"Escrito por","twitter:data1":"El Digital de Asturias","twitter:label2":"Tiempo de lectura estimado","twitter:data2":"2 minutos"},"aioseo_meta_data":{"post_id":"455047","title":null,"description":null,"keywords":null,"keyphrases":null,"primary_term":null,"canonical_url":null,"og_title":null,"og_description":null,"og_object_type":"default","og_image_type":"default","og_image_url":null,"og_image_width":null,"og_image_height":null,"og_image_custom_url":null,"og_image_custom_fields":null,"og_video":null,"og_custom_url":null,"og_article_section":null,"og_article_tags":null,"twitter_use_og":true,"twitter_card":"default","twitter_image_type":"default","twitter_image_url":null,"twitter_image_custom_url":null,"twitter_image_custom_fields":null,"twitter_title":null,"twitter_description":null,"schema":{"blockGraphs":[],"customGraphs":[],"default":{"data":{"Article":[],"Course":[],"Dataset":[],"FAQPage":[],"Movie":[],"Person":[],"Product":[],"ProductReview":[],"Car":[],"Recipe":[],"Service":[],"SoftwareApplication":[],"WebPage":[]},"graphName":"","isEnabled":true},"graphs":[],"defaultGraph":"","defaultPostTypeGraph":""},"schema_type":null,"schema_type_options":null,"pillar_content":false,"robots_default":true,"robots_noindex":false,"robots_noarchive":false,"robots_nosnippet":false,"robots_nofollow":false,"robots_noimageindex":false,"robots_noodp":false,"robots_notranslate":false,"robots_max_snippet":null,"robots_max_videopreview":null,"robots_max_imagepreview":"none","priority":null,"frequency":null,"local_seo":null,"seo_analyzer_scan_date":"2026-05-29 16:51:07","breadcrumb_settings":null,"limit_modified_date":false,"open_ai":null,"ai":null,"created":"2020-11-14 22:45:11","updated":"2026-05-29 16:51:07","focus_keyword":null,"additional_keywords":null,"truseo_locale":null},"aioseo_breadcrumb":"<div class=\"aioseo-breadcrumbs\"><span class=\"aioseo-breadcrumb\">\n\t<a href=\"https:\/\/www.eldigitaldeasturias.com\/noticias\" title=\"Home\">Home<\/a>\n<\/span><span class=\"aioseo-breadcrumb-separator\">\u2013<\/span><span class=\"aioseo-breadcrumb\">\n\t<a href=\"https:\/\/www.eldigitaldeasturias.com\/noticias\/category\/sociedad\/\" title=\"Sociedad\">Sociedad<\/a>\n<\/span><span class=\"aioseo-breadcrumb-separator\">\u2013<\/span><span class=\"aioseo-breadcrumb\">\n\t<a href=\"https:\/\/www.eldigitaldeasturias.com\/noticias\/el-paseo-del-prado-de-madrid-optara-a-la-lista-de-patrimonio-de-la-humanidad\/\" title=\"El Paseo del Prado de Madrid optar\u00e1 a la lista de patrimonio de la humanidad\">El Paseo del Prado de Madrid optar\u00e1 a la lista de patrimonio de la humanidad<\/a>\n<\/span><\/div>","aioseo_breadcrumb_json":[{"label":"Home","link":"https:\/\/www.eldigitaldeasturias.com\/noticias"},{"label":"Sociedad","link":"https:\/\/www.eldigitaldeasturias.com\/noticias\/category\/sociedad\/"},{"label":"El Paseo del Prado de Madrid optar\u00e1 a la lista de patrimonio de la humanidad","link":"https:\/\/www.eldigitaldeasturias.com\/noticias\/el-paseo-del-prado-de-madrid-optara-a-la-lista-de-patrimonio-de-la-humanidad\/"}],"_links":{"self":[{"href":"https:\/\/www.eldigitaldeasturias.com\/noticias\/wp-json\/wp\/v2\/posts\/455047","targetHints":{"allow":["GET"]}}],"collection":[{"href":"https:\/\/www.eldigitaldeasturias.com\/noticias\/wp-json\/wp\/v2\/posts"}],"about":[{"href":"https:\/\/www.eldigitaldeasturias.com\/noticias\/wp-json\/wp\/v2\/types\/post"}],"author":[{"embeddable":true,"href":"https:\/\/www.eldigitaldeasturias.com\/noticias\/wp-json\/wp\/v2\/users\/1"}],"replies":[{"embeddable":true,"href":"https:\/\/www.eldigitaldeasturias.com\/noticias\/wp-json\/wp\/v2\/comments?post=455047"}],"version-history":[{"count":0,"href":"https:\/\/www.eldigitaldeasturias.com\/noticias\/wp-json\/wp\/v2\/posts\/455047\/revisions"}],"wp:attachment":[{"href":"https:\/\/www.eldigitaldeasturias.com\/noticias\/wp-json\/wp\/v2\/media?parent=455047"}],"wp:term":[{"taxonomy":"category","embeddable":true,"href":"https:\/\/www.eldigitaldeasturias.com\/noticias\/wp-json\/wp\/v2\/categories?post=455047"},{"taxonomy":"post_tag","embeddable":true,"href":"https:\/\/www.eldigitaldeasturias.com\/noticias\/wp-json\/wp\/v2\/tags?post=455047"}],"curies":[{"name":"wp","href":"https:\/\/api.w.org\/{rel}","templated":true}]}}