{"id":455041,"date":"2013-11-27T22:52:31","date_gmt":"2013-11-27T23:52:31","guid":{"rendered":"http:\/\/www.eldigitaldeasturias.com\/noticias\/?p=455041"},"modified":"2013-11-27T22:52:31","modified_gmt":"2013-11-27T23:52:31","slug":"detenida-la-companera-del-hombre-muerto-ayer-tras-ser-tiroteado-en-tarragona","status":"publish","type":"post","link":"https:\/\/www.eldigitaldeasturias.com\/noticias\/detenida-la-companera-del-hombre-muerto-ayer-tras-ser-tiroteado-en-tarragona\/","title":{"rendered":"Detenida la compa\u00f1era del hombre muerto ayer tras ser tiroteado en Tarragona"},"content":{"rendered":"<p><img loading=\"lazy\" decoding=\"async\" class=\"alignleft size-medium wp-image-455042\" alt=\"5755991w\" src=\"https:\/\/www.eldigitaldeasturias.com\/noticias\/wp-content\/uploads\/2013\/11\/5755991w-360x270.jpg\" width=\"360\" height=\"270\" \/>Barcelona, 27 nov (EFE).- Una mujer de 61 a\u00f1os ha sido detenida por los Mossos d&#8217;Esquadra como presunta autora del homicidio de un hombre que muri\u00f3 ayer por la ma\u00f1ana en una finca de El Perell\u00f3 (Tarragona) tras ser tiroteado, ha informado la Polic\u00eda catalana.<\/p>\n<p>La mujer, de nacionalidad espa\u00f1ola y vecina de Deltebre (Tarragona), al igual que el fallecido, era la pareja del hombre, que contaba con 65 a\u00f1os.<\/p>\n<p>El \u00c1rea de Investigaci\u00f3n Criminal de las Tierras del Ebro contin\u00faa las investigaciones bajo el secreto de las actuaciones decretado por el juez.<\/p>\n<p>La detenida pasar\u00e1 pr\u00f3ximamente a disposici\u00f3n del Juzgado de Instrucci\u00f3n en funciones de guardia de Tortosa (Tortosa).<\/p>\n<p>Los hechos ocurrieron ayer por la ma\u00f1ana en un descampado de una finca rural situada entre las poblaciones de El Perell\u00f3 y Rasquera.<\/p>\n<p>Los Mossos recibieron a las 08.15 horas un aviso de que hab\u00eda una persona gravemente herida por arma de fuego en la mencionada finca, aunque cuando llegaron los servicios m\u00e9dicos ya no pudieron hacer nada para salvarle la vida.<\/p>\n<p>Seg\u00fan el testimonio de algunos vecinos de la zona, en el lugar de los hechos se oyeron hasta cuatro disparos que habr\u00edan alcanzado mortalmente a la v\u00edctima.<\/p>\n","protected":false},"excerpt":{"rendered":"<p>Barcelona, 27 nov (EFE).- Una mujer de 61 a\u00f1os ha sido detenida por los Mossos d&#8217;Esquadra como presunta autora del homicidio de un hombre que muri\u00f3 ayer por la ma\u00f1ana en una finca de El Perell\u00f3 (Tarragona) tras ser tiroteado, ha informado la Polic\u00eda catalana. La mujer, de nacionalidad espa\u00f1ola y vecina de Deltebre (Tarragona), [&hellip;]<\/p>\n","protected":false},"author":1,"featured_media":455042,"comment_status":"open","ping_status":"open","sticky":false,"template":"","format":"standard","meta":{"footnotes":""},"categories":[5],"tags":[],"class_list":["post-455041","post","type-post","status-publish","format-standard","has-post-thumbnail","hentry","category-sucesos"],"aioseo_notices":[],"aioseo_head":"\n\t\t<!-- All in One SEO Pro 5.0.1 - aioseo.com -->\n\t<meta name=\"description\" content=\"Barcelona, 27 nov (EFE).- Una mujer de 61 a\u00f1os ha sido detenida por los Mossos d&#039;Esquadra como presunta autora del homicidio de un hombre que muri\u00f3 ayer por la ma\u00f1ana en una finca de El Perell\u00f3 (Tarragona) tras ser tiroteado, ha informado la Polic\u00eda catalana. La mujer, de nacionalidad espa\u00f1ola y vecina de Deltebre (Tarragona),\" \/>\n\t<meta name=\"robots\" content=\"max-image-preview:large\" \/>\n\t<meta name=\"author\" content=\"El Digital de Asturias\"\/>\n\t<meta name=\"google-site-verification\" content=\"UA-38556648-1\" \/>\n\t<meta name=\"msvalidate.01\" content=\"7dfe9f3f1b24437ab69f4f2559babe99\" \/>\n\t<meta name=\"keywords\" content=\"sucesos\" \/>\n\t<link rel=\"canonical\" href=\"https:\/\/www.eldigitaldeasturias.com\/noticias\/detenida-la-companera-del-hombre-muerto-ayer-tras-ser-tiroteado-en-tarragona\/\" \/>\n\t<meta name=\"generator\" content=\"All in One SEO Pro (AIOSEO) 5.0.1\" \/>\n\t\t<meta property=\"og:locale\" content=\"es_ES\" \/>\n\t\t<meta property=\"og:site_name\" content=\"El Digital de Asturias\" \/>\n\t\t<meta property=\"og:type\" content=\"article\" \/>\n\t\t<meta property=\"og:title\" content=\"Detenida la compa\u00f1era del hombre muerto ayer tras ser tiroteado en Tarragona - El Digital de Asturias\" \/>\n\t\t<meta property=\"og:description\" content=\"Barcelona, 27 nov (EFE).- Una mujer de 61 a\u00f1os ha sido detenida por los Mossos d&#039;Esquadra como presunta autora del homicidio de un hombre que muri\u00f3 ayer por la ma\u00f1ana en una finca de El Perell\u00f3 (Tarragona) tras ser tiroteado, ha informado la Polic\u00eda catalana. La mujer, de nacionalidad espa\u00f1ola y vecina de Deltebre (Tarragona),\" \/>\n\t\t<meta property=\"og:url\" content=\"https:\/\/www.eldigitaldeasturias.com\/noticias\/detenida-la-companera-del-hombre-muerto-ayer-tras-ser-tiroteado-en-tarragona\/\" \/>\n\t\t<meta property=\"article:tag\" content=\"sucesos\" \/>\n\t\t<meta property=\"article:published_time\" content=\"2013-11-27T23:52:31+00:00\" \/>\n\t\t<meta property=\"article:modified_time\" content=\"2013-11-27T23:52:31+00:00\" \/>\n\t\t<meta property=\"article:publisher\" content=\"https:\/\/facebook.com\/eldigitaldeasturias\" \/>\n\t\t<meta name=\"twitter:card\" content=\"summary_large_image\" \/>\n\t\t<meta name=\"twitter:title\" content=\"Detenida la compa\u00f1era del hombre muerto ayer tras ser tiroteado en Tarragona - El Digital de Asturias\" \/>\n\t\t<meta name=\"twitter:description\" content=\"Barcelona, 27 nov (EFE).- Una mujer de 61 a\u00f1os ha sido detenida por los Mossos d&#039;Esquadra como presunta autora del homicidio de un hombre que muri\u00f3 ayer por la ma\u00f1ana en una finca de El Perell\u00f3 (Tarragona) tras ser tiroteado, ha informado la Polic\u00eda catalana. La mujer, de nacionalidad espa\u00f1ola y vecina de Deltebre (Tarragona),\" \/>\n\t\t<meta name=\"twitter:label1\" content=\"Escrito por\" \/>\n\t\t<meta name=\"twitter:data1\" content=\"El Digital de Asturias\" \/>\n\t\t<meta name=\"twitter:label2\" content=\"Tiempo de lectura estimado\" \/>\n\t\t<meta name=\"twitter:data2\" content=\"1 minuto\" \/>\n\t\t<script type=\"application\/ld+json\" class=\"aioseo-schema\">\n\t\t\t{\"@context\":\"https:\\\/\\\/schema.org\",\"@graph\":[{\"@type\":\"BlogPosting\",\"@id\":\"https:\\\/\\\/www.eldigitaldeasturias.com\\\/noticias\\\/detenida-la-companera-del-hombre-muerto-ayer-tras-ser-tiroteado-en-tarragona\\\/#blogposting\",\"name\":\"Detenida la compa\\u00f1era del hombre muerto ayer tras ser tiroteado en Tarragona - El Digital de Asturias\",\"headline\":\"Detenida la compa\\u00f1era del hombre muerto ayer tras ser tiroteado en Tarragona\",\"author\":{\"@id\":\"https:\\\/\\\/www.eldigitaldeasturias.com\\\/noticias\\\/author\\\/admin\\\/#author\"},\"publisher\":{\"@id\":\"https:\\\/\\\/www.eldigitaldeasturias.com\\\/noticias\\\/#organization\"},\"image\":{\"@type\":\"ImageObject\",\"url\":455042},\"datePublished\":\"2013-11-27T22:52:31+01:00\",\"dateModified\":\"2013-11-27T22:52:31+01:00\",\"inLanguage\":\"es-ES\",\"mainEntityOfPage\":{\"@id\":\"https:\\\/\\\/www.eldigitaldeasturias.com\\\/noticias\\\/detenida-la-companera-del-hombre-muerto-ayer-tras-ser-tiroteado-en-tarragona\\\/#webpage\"},\"isPartOf\":{\"@id\":\"https:\\\/\\\/www.eldigitaldeasturias.com\\\/noticias\\\/detenida-la-companera-del-hombre-muerto-ayer-tras-ser-tiroteado-en-tarragona\\\/#webpage\"},\"articleSection\":\"Sucesos\"},{\"@type\":\"BreadcrumbList\",\"@id\":\"https:\\\/\\\/www.eldigitaldeasturias.com\\\/noticias\\\/detenida-la-companera-del-hombre-muerto-ayer-tras-ser-tiroteado-en-tarragona\\\/#breadcrumblist\",\"itemListElement\":[{\"@type\":\"ListItem\",\"@id\":\"https:\\\/\\\/www.eldigitaldeasturias.com\\\/noticias#listItem\",\"position\":1,\"name\":\"Home\",\"item\":\"https:\\\/\\\/www.eldigitaldeasturias.com\\\/noticias\",\"nextItem\":{\"@type\":\"ListItem\",\"@id\":\"https:\\\/\\\/www.eldigitaldeasturias.com\\\/noticias\\\/category\\\/sucesos\\\/#listItem\",\"name\":\"Sucesos\"}},{\"@type\":\"ListItem\",\"@id\":\"https:\\\/\\\/www.eldigitaldeasturias.com\\\/noticias\\\/category\\\/sucesos\\\/#listItem\",\"position\":2,\"name\":\"Sucesos\",\"item\":\"https:\\\/\\\/www.eldigitaldeasturias.com\\\/noticias\\\/category\\\/sucesos\\\/\",\"nextItem\":{\"@type\":\"ListItem\",\"@id\":\"https:\\\/\\\/www.eldigitaldeasturias.com\\\/noticias\\\/detenida-la-companera-del-hombre-muerto-ayer-tras-ser-tiroteado-en-tarragona\\\/#listItem\",\"name\":\"Detenida la compa\\u00f1era del hombre muerto ayer tras ser tiroteado en Tarragona\"},\"previousItem\":{\"@type\":\"ListItem\",\"@id\":\"https:\\\/\\\/www.eldigitaldeasturias.com\\\/noticias#listItem\",\"name\":\"Home\"}},{\"@type\":\"ListItem\",\"@id\":\"https:\\\/\\\/www.eldigitaldeasturias.com\\\/noticias\\\/detenida-la-companera-del-hombre-muerto-ayer-tras-ser-tiroteado-en-tarragona\\\/#listItem\",\"position\":3,\"name\":\"Detenida la compa\\u00f1era del hombre muerto ayer tras ser tiroteado en Tarragona\",\"previousItem\":{\"@type\":\"ListItem\",\"@id\":\"https:\\\/\\\/www.eldigitaldeasturias.com\\\/noticias\\\/category\\\/sucesos\\\/#listItem\",\"name\":\"Sucesos\"}}]},{\"@type\":\"Organization\",\"@id\":\"https:\\\/\\\/www.eldigitaldeasturias.com\\\/noticias\\\/#organization\",\"name\":\"El Digital de Asturias\",\"description\":\"Hemeroteca\",\"url\":\"https:\\\/\\\/www.eldigitaldeasturias.com\\\/noticias\\\/\",\"email\":\"info@eldigitaldeasturias.com\",\"telephone\":\"+34652131393\",\"logo\":{\"@type\":\"ImageObject\",\"url\":\"https:\\\/\\\/www.eldigitaldeasturias.com\\\/noticias\\\/wp-content\\\/uploads\\\/2020\\\/12\\\/EDA.jpg\",\"@id\":\"https:\\\/\\\/www.eldigitaldeasturias.com\\\/noticias\\\/detenida-la-companera-del-hombre-muerto-ayer-tras-ser-tiroteado-en-tarragona\\\/#organizationLogo\"},\"image\":{\"@id\":\"https:\\\/\\\/www.eldigitaldeasturias.com\\\/noticias\\\/detenida-la-companera-del-hombre-muerto-ayer-tras-ser-tiroteado-en-tarragona\\\/#organizationLogo\"},\"sameAs\":[\"https:\\\/\\\/facebook.com\\\/eldigitaldeasturias\",\"https:\\\/\\\/www.youtube.com\\\/channel\\\/UCZP-2wLEB9Rv6erhFmqVnvg\"],\"address\":{\"@id\":\"https:\\\/\\\/www.eldigitaldeasturias.com\\\/noticias\\\/#postaladdress\",\"@type\":\"PostalAddress\",\"streetAddress\":\"san antonio 4\",\"postalCode\":\"33430\",\"addressLocality\":\"Cand\\u00e1s\",\"addressRegion\":\"Asturias\",\"addressCountry\":\"ES\"}},{\"@type\":\"Person\",\"@id\":\"https:\\\/\\\/www.eldigitaldeasturias.com\\\/noticias\\\/author\\\/admin\\\/#author\",\"url\":\"https:\\\/\\\/www.eldigitaldeasturias.com\\\/noticias\\\/author\\\/admin\\\/\",\"name\":\"El Digital de Asturias\",\"image\":{\"@type\":\"ImageObject\",\"@id\":\"https:\\\/\\\/www.eldigitaldeasturias.com\\\/noticias\\\/detenida-la-companera-del-hombre-muerto-ayer-tras-ser-tiroteado-en-tarragona\\\/#authorImage\",\"url\":\"https:\\\/\\\/secure.gravatar.com\\\/avatar\\\/df2aeffc32bcd13f8d26072ef8a91b623d677766deac7f97ca815868cd41bf5e?s=96&d=mm&r=g\",\"width\":96,\"height\":96,\"caption\":\"El Digital de Asturias\"}},{\"@type\":\"WebPage\",\"@id\":\"https:\\\/\\\/www.eldigitaldeasturias.com\\\/noticias\\\/detenida-la-companera-del-hombre-muerto-ayer-tras-ser-tiroteado-en-tarragona\\\/#webpage\",\"url\":\"https:\\\/\\\/www.eldigitaldeasturias.com\\\/noticias\\\/detenida-la-companera-del-hombre-muerto-ayer-tras-ser-tiroteado-en-tarragona\\\/\",\"name\":\"Detenida la compa\\u00f1era del hombre muerto ayer tras ser tiroteado en Tarragona - El Digital de Asturias\",\"description\":\"Barcelona, 27 nov (EFE).- Una mujer de 61 a\\u00f1os ha sido detenida por los Mossos d'Esquadra como presunta autora del homicidio de un hombre que muri\\u00f3 ayer por la ma\\u00f1ana en una finca de El Perell\\u00f3 (Tarragona) tras ser tiroteado, ha informado la Polic\\u00eda catalana. La mujer, de nacionalidad espa\\u00f1ola y vecina de Deltebre (Tarragona),\",\"inLanguage\":\"es-ES\",\"isPartOf\":{\"@id\":\"https:\\\/\\\/www.eldigitaldeasturias.com\\\/noticias\\\/#website\"},\"breadcrumb\":{\"@id\":\"https:\\\/\\\/www.eldigitaldeasturias.com\\\/noticias\\\/detenida-la-companera-del-hombre-muerto-ayer-tras-ser-tiroteado-en-tarragona\\\/#breadcrumblist\"},\"author\":{\"@id\":\"https:\\\/\\\/www.eldigitaldeasturias.com\\\/noticias\\\/author\\\/admin\\\/#author\"},\"creator\":{\"@id\":\"https:\\\/\\\/www.eldigitaldeasturias.com\\\/noticias\\\/author\\\/admin\\\/#author\"},\"image\":{\"@type\":\"ImageObject\",\"url\":455042,\"@id\":\"https:\\\/\\\/www.eldigitaldeasturias.com\\\/noticias\\\/detenida-la-companera-del-hombre-muerto-ayer-tras-ser-tiroteado-en-tarragona\\\/#mainImage\"},\"primaryImageOfPage\":{\"@id\":\"https:\\\/\\\/www.eldigitaldeasturias.com\\\/noticias\\\/detenida-la-companera-del-hombre-muerto-ayer-tras-ser-tiroteado-en-tarragona\\\/#mainImage\"},\"datePublished\":\"2013-11-27T22:52:31+01:00\",\"dateModified\":\"2013-11-27T22:52:31+01:00\"},{\"@type\":\"WebSite\",\"@id\":\"https:\\\/\\\/www.eldigitaldeasturias.com\\\/noticias\\\/#website\",\"url\":\"https:\\\/\\\/www.eldigitaldeasturias.com\\\/noticias\\\/\",\"name\":\"El Digital de Asturias - Diario de actualidad y noticias\",\"alternateName\":\"El Digital de Asturias - Diario de actualidad y noticias\",\"description\":\"Hemeroteca\",\"inLanguage\":\"es-ES\",\"publisher\":{\"@id\":\"https:\\\/\\\/www.eldigitaldeasturias.com\\\/noticias\\\/#organization\"}}]}\n\t\t<\/script>\n\t\t<!-- All in One SEO Pro -->\r\n\t\t<title>Detenida la compa\u00f1era del hombre muerto ayer tras ser tiroteado en Tarragona - El Digital de Asturias<\/title>\n\n","aioseo_head_json":{"title":"Detenida la compa\u00f1era del hombre muerto ayer tras ser tiroteado en Tarragona - El Digital de Asturias","description":"Barcelona, 27 nov (EFE).- Una mujer de 61 a\u00f1os ha sido detenida por los Mossos d'Esquadra como presunta autora del homicidio de un hombre que muri\u00f3 ayer por la ma\u00f1ana en una finca de El Perell\u00f3 (Tarragona) tras ser tiroteado, ha informado la Polic\u00eda catalana. La mujer, de nacionalidad espa\u00f1ola y vecina de Deltebre (Tarragona),","canonical_url":"https:\/\/www.eldigitaldeasturias.com\/noticias\/detenida-la-companera-del-hombre-muerto-ayer-tras-ser-tiroteado-en-tarragona\/","robots":"max-image-preview:large","keywords":"sucesos","webmasterTools":{"google-site-verification":"UA-38556648-1","msvalidate.01":"7dfe9f3f1b24437ab69f4f2559babe99","miscellaneous":""},"schema":{"@context":"https:\/\/schema.org","@graph":[{"@type":"BlogPosting","@id":"https:\/\/www.eldigitaldeasturias.com\/noticias\/detenida-la-companera-del-hombre-muerto-ayer-tras-ser-tiroteado-en-tarragona\/#blogposting","name":"Detenida la compa\u00f1era del hombre muerto ayer tras ser tiroteado en Tarragona - El Digital de Asturias","headline":"Detenida la compa\u00f1era del hombre muerto ayer tras ser tiroteado en Tarragona","author":{"@id":"https:\/\/www.eldigitaldeasturias.com\/noticias\/author\/admin\/#author"},"publisher":{"@id":"https:\/\/www.eldigitaldeasturias.com\/noticias\/#organization"},"image":{"@type":"ImageObject","url":455042},"datePublished":"2013-11-27T22:52:31+01:00","dateModified":"2013-11-27T22:52:31+01:00","inLanguage":"es-ES","mainEntityOfPage":{"@id":"https:\/\/www.eldigitaldeasturias.com\/noticias\/detenida-la-companera-del-hombre-muerto-ayer-tras-ser-tiroteado-en-tarragona\/#webpage"},"isPartOf":{"@id":"https:\/\/www.eldigitaldeasturias.com\/noticias\/detenida-la-companera-del-hombre-muerto-ayer-tras-ser-tiroteado-en-tarragona\/#webpage"},"articleSection":"Sucesos"},{"@type":"BreadcrumbList","@id":"https:\/\/www.eldigitaldeasturias.com\/noticias\/detenida-la-companera-del-hombre-muerto-ayer-tras-ser-tiroteado-en-tarragona\/#breadcrumblist","itemListElement":[{"@type":"ListItem","@id":"https:\/\/www.eldigitaldeasturias.com\/noticias#listItem","position":1,"name":"Home","item":"https:\/\/www.eldigitaldeasturias.com\/noticias","nextItem":{"@type":"ListItem","@id":"https:\/\/www.eldigitaldeasturias.com\/noticias\/category\/sucesos\/#listItem","name":"Sucesos"}},{"@type":"ListItem","@id":"https:\/\/www.eldigitaldeasturias.com\/noticias\/category\/sucesos\/#listItem","position":2,"name":"Sucesos","item":"https:\/\/www.eldigitaldeasturias.com\/noticias\/category\/sucesos\/","nextItem":{"@type":"ListItem","@id":"https:\/\/www.eldigitaldeasturias.com\/noticias\/detenida-la-companera-del-hombre-muerto-ayer-tras-ser-tiroteado-en-tarragona\/#listItem","name":"Detenida la compa\u00f1era del hombre muerto ayer tras ser tiroteado en Tarragona"},"previousItem":{"@type":"ListItem","@id":"https:\/\/www.eldigitaldeasturias.com\/noticias#listItem","name":"Home"}},{"@type":"ListItem","@id":"https:\/\/www.eldigitaldeasturias.com\/noticias\/detenida-la-companera-del-hombre-muerto-ayer-tras-ser-tiroteado-en-tarragona\/#listItem","position":3,"name":"Detenida la compa\u00f1era del hombre muerto ayer tras ser tiroteado en Tarragona","previousItem":{"@type":"ListItem","@id":"https:\/\/www.eldigitaldeasturias.com\/noticias\/category\/sucesos\/#listItem","name":"Sucesos"}}]},{"@type":"Organization","@id":"https:\/\/www.eldigitaldeasturias.com\/noticias\/#organization","name":"El Digital de Asturias","description":"Hemeroteca","url":"https:\/\/www.eldigitaldeasturias.com\/noticias\/","email":"info@eldigitaldeasturias.com","telephone":"+34652131393","logo":{"@type":"ImageObject","url":"https:\/\/www.eldigitaldeasturias.com\/noticias\/wp-content\/uploads\/2020\/12\/EDA.jpg","@id":"https:\/\/www.eldigitaldeasturias.com\/noticias\/detenida-la-companera-del-hombre-muerto-ayer-tras-ser-tiroteado-en-tarragona\/#organizationLogo"},"image":{"@id":"https:\/\/www.eldigitaldeasturias.com\/noticias\/detenida-la-companera-del-hombre-muerto-ayer-tras-ser-tiroteado-en-tarragona\/#organizationLogo"},"sameAs":["https:\/\/facebook.com\/eldigitaldeasturias","https:\/\/www.youtube.com\/channel\/UCZP-2wLEB9Rv6erhFmqVnvg"],"address":{"@id":"https:\/\/www.eldigitaldeasturias.com\/noticias\/#postaladdress","@type":"PostalAddress","streetAddress":"san antonio 4","postalCode":"33430","addressLocality":"Cand\u00e1s","addressRegion":"Asturias","addressCountry":"ES"}},{"@type":"Person","@id":"https:\/\/www.eldigitaldeasturias.com\/noticias\/author\/admin\/#author","url":"https:\/\/www.eldigitaldeasturias.com\/noticias\/author\/admin\/","name":"El Digital de Asturias","image":{"@type":"ImageObject","@id":"https:\/\/www.eldigitaldeasturias.com\/noticias\/detenida-la-companera-del-hombre-muerto-ayer-tras-ser-tiroteado-en-tarragona\/#authorImage","url":"https:\/\/secure.gravatar.com\/avatar\/df2aeffc32bcd13f8d26072ef8a91b623d677766deac7f97ca815868cd41bf5e?s=96&d=mm&r=g","width":96,"height":96,"caption":"El Digital de Asturias"}},{"@type":"WebPage","@id":"https:\/\/www.eldigitaldeasturias.com\/noticias\/detenida-la-companera-del-hombre-muerto-ayer-tras-ser-tiroteado-en-tarragona\/#webpage","url":"https:\/\/www.eldigitaldeasturias.com\/noticias\/detenida-la-companera-del-hombre-muerto-ayer-tras-ser-tiroteado-en-tarragona\/","name":"Detenida la compa\u00f1era del hombre muerto ayer tras ser tiroteado en Tarragona - El Digital de Asturias","description":"Barcelona, 27 nov (EFE).- Una mujer de 61 a\u00f1os ha sido detenida por los Mossos d'Esquadra como presunta autora del homicidio de un hombre que muri\u00f3 ayer por la ma\u00f1ana en una finca de El Perell\u00f3 (Tarragona) tras ser tiroteado, ha informado la Polic\u00eda catalana. La mujer, de nacionalidad espa\u00f1ola y vecina de Deltebre (Tarragona),","inLanguage":"es-ES","isPartOf":{"@id":"https:\/\/www.eldigitaldeasturias.com\/noticias\/#website"},"breadcrumb":{"@id":"https:\/\/www.eldigitaldeasturias.com\/noticias\/detenida-la-companera-del-hombre-muerto-ayer-tras-ser-tiroteado-en-tarragona\/#breadcrumblist"},"author":{"@id":"https:\/\/www.eldigitaldeasturias.com\/noticias\/author\/admin\/#author"},"creator":{"@id":"https:\/\/www.eldigitaldeasturias.com\/noticias\/author\/admin\/#author"},"image":{"@type":"ImageObject","url":455042,"@id":"https:\/\/www.eldigitaldeasturias.com\/noticias\/detenida-la-companera-del-hombre-muerto-ayer-tras-ser-tiroteado-en-tarragona\/#mainImage"},"primaryImageOfPage":{"@id":"https:\/\/www.eldigitaldeasturias.com\/noticias\/detenida-la-companera-del-hombre-muerto-ayer-tras-ser-tiroteado-en-tarragona\/#mainImage"},"datePublished":"2013-11-27T22:52:31+01:00","dateModified":"2013-11-27T22:52:31+01:00"},{"@type":"WebSite","@id":"https:\/\/www.eldigitaldeasturias.com\/noticias\/#website","url":"https:\/\/www.eldigitaldeasturias.com\/noticias\/","name":"El Digital de Asturias - Diario de actualidad y noticias","alternateName":"El Digital de Asturias - Diario de actualidad y noticias","description":"Hemeroteca","inLanguage":"es-ES","publisher":{"@id":"https:\/\/www.eldigitaldeasturias.com\/noticias\/#organization"}}]},"og:locale":"es_ES","og:site_name":"El Digital de Asturias","og:type":"article","og:title":"Detenida la compa\u00f1era del hombre muerto ayer tras ser tiroteado en Tarragona - El Digital de Asturias","og:description":"Barcelona, 27 nov (EFE).- Una mujer de 61 a\u00f1os ha sido detenida por los Mossos d'Esquadra como presunta autora del homicidio de un hombre que muri\u00f3 ayer por la ma\u00f1ana en una finca de El Perell\u00f3 (Tarragona) tras ser tiroteado, ha informado la Polic\u00eda catalana. La mujer, de nacionalidad espa\u00f1ola y vecina de Deltebre (Tarragona),","og:url":"https:\/\/www.eldigitaldeasturias.com\/noticias\/detenida-la-companera-del-hombre-muerto-ayer-tras-ser-tiroteado-en-tarragona\/","article:tag":["sucesos"],"article:published_time":"2013-11-27T23:52:31+00:00","article:modified_time":"2013-11-27T23:52:31+00:00","article:publisher":"https:\/\/facebook.com\/eldigitaldeasturias","twitter:card":"summary_large_image","twitter:title":"Detenida la compa\u00f1era del hombre muerto ayer tras ser tiroteado en Tarragona - El Digital de Asturias","twitter:description":"Barcelona, 27 nov (EFE).- Una mujer de 61 a\u00f1os ha sido detenida por los Mossos d'Esquadra como presunta autora del homicidio de un hombre que muri\u00f3 ayer por la ma\u00f1ana en una finca de El Perell\u00f3 (Tarragona) tras ser tiroteado, ha informado la Polic\u00eda catalana. La mujer, de nacionalidad espa\u00f1ola y vecina de Deltebre (Tarragona),","twitter:label1":"Escrito por","twitter:data1":"El Digital de Asturias","twitter:label2":"Tiempo de lectura estimado","twitter:data2":"1 minuto"},"aioseo_meta_data":{"post_id":"455041","title":null,"description":null,"keywords":null,"keyphrases":null,"primary_term":null,"canonical_url":null,"og_title":null,"og_description":null,"og_object_type":"default","og_image_type":"default","og_image_url":null,"og_image_width":null,"og_image_height":null,"og_image_custom_url":null,"og_image_custom_fields":null,"og_video":null,"og_custom_url":null,"og_article_section":null,"og_article_tags":null,"twitter_use_og":true,"twitter_card":"default","twitter_image_type":"default","twitter_image_url":null,"twitter_image_custom_url":null,"twitter_image_custom_fields":null,"twitter_title":null,"twitter_description":null,"schema":{"blockGraphs":[],"customGraphs":[],"default":{"data":{"Article":[],"Course":[],"Dataset":[],"FAQPage":[],"Movie":[],"Person":[],"Product":[],"ProductReview":[],"Car":[],"Recipe":[],"Service":[],"SoftwareApplication":[],"WebPage":[]},"graphName":"","isEnabled":true},"graphs":[],"defaultGraph":"","defaultPostTypeGraph":""},"schema_type":null,"schema_type_options":null,"pillar_content":false,"robots_default":true,"robots_noindex":false,"robots_noarchive":false,"robots_nosnippet":false,"robots_nofollow":false,"robots_noimageindex":false,"robots_noodp":false,"robots_notranslate":false,"robots_max_snippet":null,"robots_max_videopreview":null,"robots_max_imagepreview":"none","priority":null,"frequency":null,"local_seo":null,"seo_analyzer_scan_date":"2026-05-29 16:51:05","breadcrumb_settings":null,"limit_modified_date":false,"open_ai":null,"ai":null,"created":"2020-11-14 22:45:11","updated":"2026-05-29 16:51:05","focus_keyword":null,"additional_keywords":null,"truseo_locale":null},"aioseo_breadcrumb":"<div class=\"aioseo-breadcrumbs\"><span class=\"aioseo-breadcrumb\">\n\t<a href=\"https:\/\/www.eldigitaldeasturias.com\/noticias\" title=\"Home\">Home<\/a>\n<\/span><span class=\"aioseo-breadcrumb-separator\">\u2013<\/span><span class=\"aioseo-breadcrumb\">\n\t<a href=\"https:\/\/www.eldigitaldeasturias.com\/noticias\/category\/sucesos\/\" title=\"Sucesos\">Sucesos<\/a>\n<\/span><span class=\"aioseo-breadcrumb-separator\">\u2013<\/span><span class=\"aioseo-breadcrumb\">\n\t<a href=\"https:\/\/www.eldigitaldeasturias.com\/noticias\/detenida-la-companera-del-hombre-muerto-ayer-tras-ser-tiroteado-en-tarragona\/\" title=\"Detenida la compa\u00f1era del hombre muerto ayer tras ser tiroteado en Tarragona\">Detenida la compa\u00f1era del hombre muerto ayer tras ser tiroteado en Tarragona<\/a>\n<\/span><\/div>","aioseo_breadcrumb_json":[{"label":"Home","link":"https:\/\/www.eldigitaldeasturias.com\/noticias"},{"label":"Sucesos","link":"https:\/\/www.eldigitaldeasturias.com\/noticias\/category\/sucesos\/"},{"label":"Detenida la compa\u00f1era del hombre muerto ayer tras ser tiroteado en Tarragona","link":"https:\/\/www.eldigitaldeasturias.com\/noticias\/detenida-la-companera-del-hombre-muerto-ayer-tras-ser-tiroteado-en-tarragona\/"}],"_links":{"self":[{"href":"https:\/\/www.eldigitaldeasturias.com\/noticias\/wp-json\/wp\/v2\/posts\/455041","targetHints":{"allow":["GET"]}}],"collection":[{"href":"https:\/\/www.eldigitaldeasturias.com\/noticias\/wp-json\/wp\/v2\/posts"}],"about":[{"href":"https:\/\/www.eldigitaldeasturias.com\/noticias\/wp-json\/wp\/v2\/types\/post"}],"author":[{"embeddable":true,"href":"https:\/\/www.eldigitaldeasturias.com\/noticias\/wp-json\/wp\/v2\/users\/1"}],"replies":[{"embeddable":true,"href":"https:\/\/www.eldigitaldeasturias.com\/noticias\/wp-json\/wp\/v2\/comments?post=455041"}],"version-history":[{"count":0,"href":"https:\/\/www.eldigitaldeasturias.com\/noticias\/wp-json\/wp\/v2\/posts\/455041\/revisions"}],"wp:attachment":[{"href":"https:\/\/www.eldigitaldeasturias.com\/noticias\/wp-json\/wp\/v2\/media?parent=455041"}],"wp:term":[{"taxonomy":"category","embeddable":true,"href":"https:\/\/www.eldigitaldeasturias.com\/noticias\/wp-json\/wp\/v2\/categories?post=455041"},{"taxonomy":"post_tag","embeddable":true,"href":"https:\/\/www.eldigitaldeasturias.com\/noticias\/wp-json\/wp\/v2\/tags?post=455041"}],"curies":[{"name":"wp","href":"https:\/\/api.w.org\/{rel}","templated":true}]}}