{"id":455038,"date":"2013-11-27T22:51:18","date_gmt":"2013-11-27T23:51:18","guid":{"rendered":"http:\/\/www.eldigitaldeasturias.com\/noticias\/?p=455038"},"modified":"2013-11-27T22:51:18","modified_gmt":"2013-11-27T23:51:18","slug":"el-noveno-mosso-imputado-alega-que-limpio-la-sangre-del-suelo-por-higiene","status":"publish","type":"post","link":"https:\/\/www.eldigitaldeasturias.com\/noticias\/el-noveno-mosso-imputado-alega-que-limpio-la-sangre-del-suelo-por-higiene\/","title":{"rendered":"El noveno mosso imputado alega que limpi\u00f3 la sangre del suelo por higiene"},"content":{"rendered":"<p><img loading=\"lazy\" decoding=\"async\" class=\"alignleft size-medium wp-image-455039\" alt=\"5757119w\" src=\"https:\/\/www.eldigitaldeasturias.com\/noticias\/wp-content\/uploads\/2013\/11\/5757119w-360x239.jpg\" width=\"360\" height=\"239\" \/>Barcelona, 27 nov (EFE).- El noveno mosso d&#8217;esquadra imputado en el caso de la muerte de Juan Andr\u00e9s Ben\u00edtez tras ser reducido a golpes ha alegado hoy ante la juez que arroj\u00f3 agua sobre el charco de sangre que qued\u00f3 en el suelo por higiene, a iniciativa propia, cuando ya sab\u00eda que el empresario hab\u00eda sufrido una parada card\u00edaca.<\/p>\n<p>El agente ha comparecido hoy durante casi dos horas ante la juez que investiga la muerte de Ben\u00edtez, que le ha imputado por un delito de obstrucci\u00f3n de la justicia y que ha dejado la puerta abierta a acusarle tambi\u00e9n por los dem\u00e1s delitos de los que se acusa a los otros ocho agentes: contra la vida y por coacciones.<\/p>\n<p>Seg\u00fan han informado fuentes judiciales, el noveno mosso imputado ha asegurado ante la juez que limpi\u00f3 la sangre a iniciativa propia, por higiene y porque as\u00ed se lo ense\u00f1an en la escuela de polic\u00eda, despu\u00e9s de comprobar que la zona no hab\u00eda quedado limpia del todo pese a que otro agente -que tambi\u00e9n est\u00e1 imputado- hab\u00eda arrojado agua minutos antes para eliminar el charco de sangre del suelo.<\/p>\n<p>El mosso se ha desvinculado de la operaci\u00f3n para reducir a Ben\u00edtez, al asegurar que no intervino y que pr\u00e1cticamente no la vio, porque se centr\u00f3 en contener a los vecinos.<\/p>\n<p>No obstante, ha admitido que, cuando Ben\u00edtez ya estaba reducido y a\u00fan ofrec\u00eda resistencia, ayud\u00f3 a trasladar al empresario al veh\u00edculo policial, donde sospech\u00f3 que el empresario simul\u00f3 un desmayo, ante lo que, en vez de tomarle el pulso, le apretaron en un \u00abpunto de dolor\u00bb, como ha afirmado que les ense\u00f1an en la academia policial.<\/p>\n<p>Al no reaccionar Ben\u00edtez, avisaron a los m\u00e9dicos, que le trataron de una parada cardiorrespiratoria por lo que, cuando posteriormente procedi\u00f3 a lavar el charco de sangre, ya sab\u00eda, seg\u00fan ha reconocido, que Ben\u00edtez hab\u00eda sufrido esta parada, de la que se hab\u00eda recuperado en primera instancia.<\/p>\n<p>En su declaraci\u00f3n ante la juez, el mosso tambi\u00e9n ha admitido que no tomaron ninguna muestra ni realizaron ninguna fotograf\u00eda del lugar donde hab\u00eda el charco de sangre porque no lo vieron necesario.<\/p>\n<p>De hecho, en el auto de imputaci\u00f3n, la juez desmonta las alegaciones ofrecidas hoy por el agente al entender que lavar la sangre no obedec\u00eda ni a razones de \u00absalubridad, higiene o protocolos de actuaci\u00f3n\u00bb, ya que con ello se procedi\u00f3 al \u00abborrado o alteraci\u00f3n\u00bb de unos \u00abrastros o vestigios\u00bb de un posible hecho delictivo.<\/p>\n<p>Adem\u00e1s, seg\u00fan fuentes judiciales, en poder de la juez obra un informe en el que se confirma que ning\u00fan responsable del operativo policial llam\u00f3 a los responsables del servicio de limpieza municipal BCNeta para que limpiaran la zona tras el operativo.<\/p>\n<p>Durante el interrogatorio, el mosso tambi\u00e9n ha explicado que una agente le dijo que se dirig\u00eda hacia un bloque de pisos para ver qu\u00e9 vecino estaba arrojando piedras hacia los agentes -pese a que no se ha podido acreditar el lanzamiento de objetos-.<\/p>\n<p>La sigui\u00f3 unos metros hasta que vio c\u00f3mo la mosso hablaba tranquilamente con una vecina que, por su imagen, no despert\u00f3 sus sospechas, por lo que ya no subi\u00f3 hacia el rellano.<\/p>\n<p>Precisamente, la juez est\u00e1 tratando ahora de descubrir si esta agente -que el mosso que hoy ha comparecido ha identificado- es la que subi\u00f3 al piso de una testigo, de origen franc\u00e9s, que borr\u00f3 las fotos que hab\u00eda tomado de la actuaci\u00f3n policial ante la presencia de la agente en su casa.<\/p>\n<p>La juez tiene previsto tomar declaraci\u00f3n a esta testigo el pr\u00f3ximo martes, 3 de diciembre, en una sesi\u00f3n en la que la instructora no descarta practicar una prueba de reconocimiento para que pueda identificar a esta mosso.<\/p>\n<p>A diferencia de lo que ocurre con los otro ocho mossos imputados -que han sido apartados del cuerpo de la polic\u00eda catalana-, la juez no ha adoptado ninguna medida cautelar en contra de este noveno mosso, que sigue actuando como polic\u00eda aunque ha sido cambiado de destino.<\/p>\n","protected":false},"excerpt":{"rendered":"<p>Barcelona, 27 nov (EFE).- El noveno mosso d&#8217;esquadra imputado en el caso de la muerte de Juan Andr\u00e9s Ben\u00edtez tras ser reducido a golpes ha alegado hoy ante la juez que arroj\u00f3 agua sobre el charco de sangre que qued\u00f3 en el suelo por higiene, a iniciativa propia, cuando ya sab\u00eda que el empresario hab\u00eda [&hellip;]<\/p>\n","protected":false},"author":1,"featured_media":455039,"comment_status":"open","ping_status":"open","sticky":false,"template":"","format":"standard","meta":{"footnotes":""},"categories":[5],"tags":[],"class_list":["post-455038","post","type-post","status-publish","format-standard","has-post-thumbnail","hentry","category-sucesos"],"aioseo_notices":[],"aioseo_head":"\n\t\t<!-- All in One SEO Pro 5.0.1 - aioseo.com -->\n\t<meta name=\"description\" content=\"Barcelona, 27 nov (EFE).- El noveno mosso d&#039;esquadra imputado en el caso de la muerte de Juan Andr\u00e9s Ben\u00edtez tras ser reducido a golpes ha alegado hoy ante la juez que arroj\u00f3 agua sobre el charco de sangre que qued\u00f3 en el suelo por higiene, a iniciativa propia, cuando ya sab\u00eda que el empresario hab\u00eda\" \/>\n\t<meta name=\"robots\" content=\"max-image-preview:large\" \/>\n\t<meta name=\"author\" content=\"El Digital de Asturias\"\/>\n\t<meta name=\"google-site-verification\" content=\"UA-38556648-1\" \/>\n\t<meta name=\"msvalidate.01\" content=\"7dfe9f3f1b24437ab69f4f2559babe99\" \/>\n\t<meta name=\"keywords\" content=\"sucesos\" \/>\n\t<link rel=\"canonical\" href=\"https:\/\/www.eldigitaldeasturias.com\/noticias\/el-noveno-mosso-imputado-alega-que-limpio-la-sangre-del-suelo-por-higiene\/\" \/>\n\t<meta name=\"generator\" content=\"All in One SEO Pro (AIOSEO) 5.0.1\" \/>\n\t\t<meta property=\"og:locale\" content=\"es_ES\" \/>\n\t\t<meta property=\"og:site_name\" content=\"El Digital de Asturias\" \/>\n\t\t<meta property=\"og:type\" content=\"article\" \/>\n\t\t<meta property=\"og:title\" content=\"El noveno mosso imputado alega que limpi\u00f3 la sangre del suelo por higiene - El Digital de Asturias\" \/>\n\t\t<meta property=\"og:description\" content=\"Barcelona, 27 nov (EFE).- El noveno mosso d&#039;esquadra imputado en el caso de la muerte de Juan Andr\u00e9s Ben\u00edtez tras ser reducido a golpes ha alegado hoy ante la juez que arroj\u00f3 agua sobre el charco de sangre que qued\u00f3 en el suelo por higiene, a iniciativa propia, cuando ya sab\u00eda que el empresario hab\u00eda\" \/>\n\t\t<meta property=\"og:url\" content=\"https:\/\/www.eldigitaldeasturias.com\/noticias\/el-noveno-mosso-imputado-alega-que-limpio-la-sangre-del-suelo-por-higiene\/\" \/>\n\t\t<meta property=\"article:tag\" content=\"sucesos\" \/>\n\t\t<meta property=\"article:published_time\" content=\"2013-11-27T23:51:18+00:00\" \/>\n\t\t<meta property=\"article:modified_time\" content=\"2013-11-27T23:51:18+00:00\" \/>\n\t\t<meta property=\"article:publisher\" content=\"https:\/\/facebook.com\/eldigitaldeasturias\" \/>\n\t\t<meta name=\"twitter:card\" content=\"summary_large_image\" \/>\n\t\t<meta name=\"twitter:title\" content=\"El noveno mosso imputado alega que limpi\u00f3 la sangre del suelo por higiene - El Digital de Asturias\" \/>\n\t\t<meta name=\"twitter:description\" content=\"Barcelona, 27 nov (EFE).- El noveno mosso d&#039;esquadra imputado en el caso de la muerte de Juan Andr\u00e9s Ben\u00edtez tras ser reducido a golpes ha alegado hoy ante la juez que arroj\u00f3 agua sobre el charco de sangre que qued\u00f3 en el suelo por higiene, a iniciativa propia, cuando ya sab\u00eda que el empresario hab\u00eda\" \/>\n\t\t<meta name=\"twitter:label1\" content=\"Escrito por\" \/>\n\t\t<meta name=\"twitter:data1\" content=\"El Digital de Asturias\" \/>\n\t\t<meta name=\"twitter:label2\" content=\"Tiempo de lectura estimado\" \/>\n\t\t<meta name=\"twitter:data2\" content=\"4 minutos\" \/>\n\t\t<script type=\"application\/ld+json\" class=\"aioseo-schema\">\n\t\t\t{\"@context\":\"https:\\\/\\\/schema.org\",\"@graph\":[{\"@type\":\"BlogPosting\",\"@id\":\"https:\\\/\\\/www.eldigitaldeasturias.com\\\/noticias\\\/el-noveno-mosso-imputado-alega-que-limpio-la-sangre-del-suelo-por-higiene\\\/#blogposting\",\"name\":\"El noveno mosso imputado alega que limpi\\u00f3 la sangre del suelo por higiene - El Digital de Asturias\",\"headline\":\"El noveno mosso imputado alega que limpi\\u00f3 la sangre del suelo por higiene\",\"author\":{\"@id\":\"https:\\\/\\\/www.eldigitaldeasturias.com\\\/noticias\\\/author\\\/admin\\\/#author\"},\"publisher\":{\"@id\":\"https:\\\/\\\/www.eldigitaldeasturias.com\\\/noticias\\\/#organization\"},\"image\":{\"@type\":\"ImageObject\",\"url\":455039},\"datePublished\":\"2013-11-27T22:51:18+01:00\",\"dateModified\":\"2013-11-27T22:51:18+01:00\",\"inLanguage\":\"es-ES\",\"mainEntityOfPage\":{\"@id\":\"https:\\\/\\\/www.eldigitaldeasturias.com\\\/noticias\\\/el-noveno-mosso-imputado-alega-que-limpio-la-sangre-del-suelo-por-higiene\\\/#webpage\"},\"isPartOf\":{\"@id\":\"https:\\\/\\\/www.eldigitaldeasturias.com\\\/noticias\\\/el-noveno-mosso-imputado-alega-que-limpio-la-sangre-del-suelo-por-higiene\\\/#webpage\"},\"articleSection\":\"Sucesos\"},{\"@type\":\"BreadcrumbList\",\"@id\":\"https:\\\/\\\/www.eldigitaldeasturias.com\\\/noticias\\\/el-noveno-mosso-imputado-alega-que-limpio-la-sangre-del-suelo-por-higiene\\\/#breadcrumblist\",\"itemListElement\":[{\"@type\":\"ListItem\",\"@id\":\"https:\\\/\\\/www.eldigitaldeasturias.com\\\/noticias#listItem\",\"position\":1,\"name\":\"Home\",\"item\":\"https:\\\/\\\/www.eldigitaldeasturias.com\\\/noticias\",\"nextItem\":{\"@type\":\"ListItem\",\"@id\":\"https:\\\/\\\/www.eldigitaldeasturias.com\\\/noticias\\\/category\\\/sucesos\\\/#listItem\",\"name\":\"Sucesos\"}},{\"@type\":\"ListItem\",\"@id\":\"https:\\\/\\\/www.eldigitaldeasturias.com\\\/noticias\\\/category\\\/sucesos\\\/#listItem\",\"position\":2,\"name\":\"Sucesos\",\"item\":\"https:\\\/\\\/www.eldigitaldeasturias.com\\\/noticias\\\/category\\\/sucesos\\\/\",\"nextItem\":{\"@type\":\"ListItem\",\"@id\":\"https:\\\/\\\/www.eldigitaldeasturias.com\\\/noticias\\\/el-noveno-mosso-imputado-alega-que-limpio-la-sangre-del-suelo-por-higiene\\\/#listItem\",\"name\":\"El noveno mosso imputado alega que limpi\\u00f3 la sangre del suelo por higiene\"},\"previousItem\":{\"@type\":\"ListItem\",\"@id\":\"https:\\\/\\\/www.eldigitaldeasturias.com\\\/noticias#listItem\",\"name\":\"Home\"}},{\"@type\":\"ListItem\",\"@id\":\"https:\\\/\\\/www.eldigitaldeasturias.com\\\/noticias\\\/el-noveno-mosso-imputado-alega-que-limpio-la-sangre-del-suelo-por-higiene\\\/#listItem\",\"position\":3,\"name\":\"El noveno mosso imputado alega que limpi\\u00f3 la sangre del suelo por higiene\",\"previousItem\":{\"@type\":\"ListItem\",\"@id\":\"https:\\\/\\\/www.eldigitaldeasturias.com\\\/noticias\\\/category\\\/sucesos\\\/#listItem\",\"name\":\"Sucesos\"}}]},{\"@type\":\"Organization\",\"@id\":\"https:\\\/\\\/www.eldigitaldeasturias.com\\\/noticias\\\/#organization\",\"name\":\"El Digital de Asturias\",\"description\":\"Hemeroteca\",\"url\":\"https:\\\/\\\/www.eldigitaldeasturias.com\\\/noticias\\\/\",\"email\":\"info@eldigitaldeasturias.com\",\"telephone\":\"+34652131393\",\"logo\":{\"@type\":\"ImageObject\",\"url\":\"https:\\\/\\\/www.eldigitaldeasturias.com\\\/noticias\\\/wp-content\\\/uploads\\\/2020\\\/12\\\/EDA.jpg\",\"@id\":\"https:\\\/\\\/www.eldigitaldeasturias.com\\\/noticias\\\/el-noveno-mosso-imputado-alega-que-limpio-la-sangre-del-suelo-por-higiene\\\/#organizationLogo\"},\"image\":{\"@id\":\"https:\\\/\\\/www.eldigitaldeasturias.com\\\/noticias\\\/el-noveno-mosso-imputado-alega-que-limpio-la-sangre-del-suelo-por-higiene\\\/#organizationLogo\"},\"sameAs\":[\"https:\\\/\\\/facebook.com\\\/eldigitaldeasturias\",\"https:\\\/\\\/www.youtube.com\\\/channel\\\/UCZP-2wLEB9Rv6erhFmqVnvg\"],\"address\":{\"@id\":\"https:\\\/\\\/www.eldigitaldeasturias.com\\\/noticias\\\/#postaladdress\",\"@type\":\"PostalAddress\",\"streetAddress\":\"san antonio 4\",\"postalCode\":\"33430\",\"addressLocality\":\"Cand\\u00e1s\",\"addressRegion\":\"Asturias\",\"addressCountry\":\"ES\"}},{\"@type\":\"Person\",\"@id\":\"https:\\\/\\\/www.eldigitaldeasturias.com\\\/noticias\\\/author\\\/admin\\\/#author\",\"url\":\"https:\\\/\\\/www.eldigitaldeasturias.com\\\/noticias\\\/author\\\/admin\\\/\",\"name\":\"El Digital de Asturias\",\"image\":{\"@type\":\"ImageObject\",\"@id\":\"https:\\\/\\\/www.eldigitaldeasturias.com\\\/noticias\\\/el-noveno-mosso-imputado-alega-que-limpio-la-sangre-del-suelo-por-higiene\\\/#authorImage\",\"url\":\"https:\\\/\\\/secure.gravatar.com\\\/avatar\\\/df2aeffc32bcd13f8d26072ef8a91b623d677766deac7f97ca815868cd41bf5e?s=96&d=mm&r=g\",\"width\":96,\"height\":96,\"caption\":\"El Digital de Asturias\"}},{\"@type\":\"WebPage\",\"@id\":\"https:\\\/\\\/www.eldigitaldeasturias.com\\\/noticias\\\/el-noveno-mosso-imputado-alega-que-limpio-la-sangre-del-suelo-por-higiene\\\/#webpage\",\"url\":\"https:\\\/\\\/www.eldigitaldeasturias.com\\\/noticias\\\/el-noveno-mosso-imputado-alega-que-limpio-la-sangre-del-suelo-por-higiene\\\/\",\"name\":\"El noveno mosso imputado alega que limpi\\u00f3 la sangre del suelo por higiene - El Digital de Asturias\",\"description\":\"Barcelona, 27 nov (EFE).- El noveno mosso d'esquadra imputado en el caso de la muerte de Juan Andr\\u00e9s Ben\\u00edtez tras ser reducido a golpes ha alegado hoy ante la juez que arroj\\u00f3 agua sobre el charco de sangre que qued\\u00f3 en el suelo por higiene, a iniciativa propia, cuando ya sab\\u00eda que el empresario hab\\u00eda\",\"inLanguage\":\"es-ES\",\"isPartOf\":{\"@id\":\"https:\\\/\\\/www.eldigitaldeasturias.com\\\/noticias\\\/#website\"},\"breadcrumb\":{\"@id\":\"https:\\\/\\\/www.eldigitaldeasturias.com\\\/noticias\\\/el-noveno-mosso-imputado-alega-que-limpio-la-sangre-del-suelo-por-higiene\\\/#breadcrumblist\"},\"author\":{\"@id\":\"https:\\\/\\\/www.eldigitaldeasturias.com\\\/noticias\\\/author\\\/admin\\\/#author\"},\"creator\":{\"@id\":\"https:\\\/\\\/www.eldigitaldeasturias.com\\\/noticias\\\/author\\\/admin\\\/#author\"},\"image\":{\"@type\":\"ImageObject\",\"url\":455039,\"@id\":\"https:\\\/\\\/www.eldigitaldeasturias.com\\\/noticias\\\/el-noveno-mosso-imputado-alega-que-limpio-la-sangre-del-suelo-por-higiene\\\/#mainImage\"},\"primaryImageOfPage\":{\"@id\":\"https:\\\/\\\/www.eldigitaldeasturias.com\\\/noticias\\\/el-noveno-mosso-imputado-alega-que-limpio-la-sangre-del-suelo-por-higiene\\\/#mainImage\"},\"datePublished\":\"2013-11-27T22:51:18+01:00\",\"dateModified\":\"2013-11-27T22:51:18+01:00\"},{\"@type\":\"WebSite\",\"@id\":\"https:\\\/\\\/www.eldigitaldeasturias.com\\\/noticias\\\/#website\",\"url\":\"https:\\\/\\\/www.eldigitaldeasturias.com\\\/noticias\\\/\",\"name\":\"El Digital de Asturias - Diario de actualidad y noticias\",\"alternateName\":\"El Digital de Asturias - Diario de actualidad y noticias\",\"description\":\"Hemeroteca\",\"inLanguage\":\"es-ES\",\"publisher\":{\"@id\":\"https:\\\/\\\/www.eldigitaldeasturias.com\\\/noticias\\\/#organization\"}}]}\n\t\t<\/script>\n\t\t<!-- All in One SEO Pro -->\r\n\t\t<title>El noveno mosso imputado alega que limpi\u00f3 la sangre del suelo por higiene - El Digital de Asturias<\/title>\n\n","aioseo_head_json":{"title":"El noveno mosso imputado alega que limpi\u00f3 la sangre del suelo por higiene - El Digital de Asturias","description":"Barcelona, 27 nov (EFE).- El noveno mosso d'esquadra imputado en el caso de la muerte de Juan Andr\u00e9s Ben\u00edtez tras ser reducido a golpes ha alegado hoy ante la juez que arroj\u00f3 agua sobre el charco de sangre que qued\u00f3 en el suelo por higiene, a iniciativa propia, cuando ya sab\u00eda que el empresario hab\u00eda","canonical_url":"https:\/\/www.eldigitaldeasturias.com\/noticias\/el-noveno-mosso-imputado-alega-que-limpio-la-sangre-del-suelo-por-higiene\/","robots":"max-image-preview:large","keywords":"sucesos","webmasterTools":{"google-site-verification":"UA-38556648-1","msvalidate.01":"7dfe9f3f1b24437ab69f4f2559babe99","miscellaneous":""},"schema":{"@context":"https:\/\/schema.org","@graph":[{"@type":"BlogPosting","@id":"https:\/\/www.eldigitaldeasturias.com\/noticias\/el-noveno-mosso-imputado-alega-que-limpio-la-sangre-del-suelo-por-higiene\/#blogposting","name":"El noveno mosso imputado alega que limpi\u00f3 la sangre del suelo por higiene - El Digital de Asturias","headline":"El noveno mosso imputado alega que limpi\u00f3 la sangre del suelo por higiene","author":{"@id":"https:\/\/www.eldigitaldeasturias.com\/noticias\/author\/admin\/#author"},"publisher":{"@id":"https:\/\/www.eldigitaldeasturias.com\/noticias\/#organization"},"image":{"@type":"ImageObject","url":455039},"datePublished":"2013-11-27T22:51:18+01:00","dateModified":"2013-11-27T22:51:18+01:00","inLanguage":"es-ES","mainEntityOfPage":{"@id":"https:\/\/www.eldigitaldeasturias.com\/noticias\/el-noveno-mosso-imputado-alega-que-limpio-la-sangre-del-suelo-por-higiene\/#webpage"},"isPartOf":{"@id":"https:\/\/www.eldigitaldeasturias.com\/noticias\/el-noveno-mosso-imputado-alega-que-limpio-la-sangre-del-suelo-por-higiene\/#webpage"},"articleSection":"Sucesos"},{"@type":"BreadcrumbList","@id":"https:\/\/www.eldigitaldeasturias.com\/noticias\/el-noveno-mosso-imputado-alega-que-limpio-la-sangre-del-suelo-por-higiene\/#breadcrumblist","itemListElement":[{"@type":"ListItem","@id":"https:\/\/www.eldigitaldeasturias.com\/noticias#listItem","position":1,"name":"Home","item":"https:\/\/www.eldigitaldeasturias.com\/noticias","nextItem":{"@type":"ListItem","@id":"https:\/\/www.eldigitaldeasturias.com\/noticias\/category\/sucesos\/#listItem","name":"Sucesos"}},{"@type":"ListItem","@id":"https:\/\/www.eldigitaldeasturias.com\/noticias\/category\/sucesos\/#listItem","position":2,"name":"Sucesos","item":"https:\/\/www.eldigitaldeasturias.com\/noticias\/category\/sucesos\/","nextItem":{"@type":"ListItem","@id":"https:\/\/www.eldigitaldeasturias.com\/noticias\/el-noveno-mosso-imputado-alega-que-limpio-la-sangre-del-suelo-por-higiene\/#listItem","name":"El noveno mosso imputado alega que limpi\u00f3 la sangre del suelo por higiene"},"previousItem":{"@type":"ListItem","@id":"https:\/\/www.eldigitaldeasturias.com\/noticias#listItem","name":"Home"}},{"@type":"ListItem","@id":"https:\/\/www.eldigitaldeasturias.com\/noticias\/el-noveno-mosso-imputado-alega-que-limpio-la-sangre-del-suelo-por-higiene\/#listItem","position":3,"name":"El noveno mosso imputado alega que limpi\u00f3 la sangre del suelo por higiene","previousItem":{"@type":"ListItem","@id":"https:\/\/www.eldigitaldeasturias.com\/noticias\/category\/sucesos\/#listItem","name":"Sucesos"}}]},{"@type":"Organization","@id":"https:\/\/www.eldigitaldeasturias.com\/noticias\/#organization","name":"El Digital de Asturias","description":"Hemeroteca","url":"https:\/\/www.eldigitaldeasturias.com\/noticias\/","email":"info@eldigitaldeasturias.com","telephone":"+34652131393","logo":{"@type":"ImageObject","url":"https:\/\/www.eldigitaldeasturias.com\/noticias\/wp-content\/uploads\/2020\/12\/EDA.jpg","@id":"https:\/\/www.eldigitaldeasturias.com\/noticias\/el-noveno-mosso-imputado-alega-que-limpio-la-sangre-del-suelo-por-higiene\/#organizationLogo"},"image":{"@id":"https:\/\/www.eldigitaldeasturias.com\/noticias\/el-noveno-mosso-imputado-alega-que-limpio-la-sangre-del-suelo-por-higiene\/#organizationLogo"},"sameAs":["https:\/\/facebook.com\/eldigitaldeasturias","https:\/\/www.youtube.com\/channel\/UCZP-2wLEB9Rv6erhFmqVnvg"],"address":{"@id":"https:\/\/www.eldigitaldeasturias.com\/noticias\/#postaladdress","@type":"PostalAddress","streetAddress":"san antonio 4","postalCode":"33430","addressLocality":"Cand\u00e1s","addressRegion":"Asturias","addressCountry":"ES"}},{"@type":"Person","@id":"https:\/\/www.eldigitaldeasturias.com\/noticias\/author\/admin\/#author","url":"https:\/\/www.eldigitaldeasturias.com\/noticias\/author\/admin\/","name":"El Digital de Asturias","image":{"@type":"ImageObject","@id":"https:\/\/www.eldigitaldeasturias.com\/noticias\/el-noveno-mosso-imputado-alega-que-limpio-la-sangre-del-suelo-por-higiene\/#authorImage","url":"https:\/\/secure.gravatar.com\/avatar\/df2aeffc32bcd13f8d26072ef8a91b623d677766deac7f97ca815868cd41bf5e?s=96&d=mm&r=g","width":96,"height":96,"caption":"El Digital de Asturias"}},{"@type":"WebPage","@id":"https:\/\/www.eldigitaldeasturias.com\/noticias\/el-noveno-mosso-imputado-alega-que-limpio-la-sangre-del-suelo-por-higiene\/#webpage","url":"https:\/\/www.eldigitaldeasturias.com\/noticias\/el-noveno-mosso-imputado-alega-que-limpio-la-sangre-del-suelo-por-higiene\/","name":"El noveno mosso imputado alega que limpi\u00f3 la sangre del suelo por higiene - El Digital de Asturias","description":"Barcelona, 27 nov (EFE).- El noveno mosso d'esquadra imputado en el caso de la muerte de Juan Andr\u00e9s Ben\u00edtez tras ser reducido a golpes ha alegado hoy ante la juez que arroj\u00f3 agua sobre el charco de sangre que qued\u00f3 en el suelo por higiene, a iniciativa propia, cuando ya sab\u00eda que el empresario hab\u00eda","inLanguage":"es-ES","isPartOf":{"@id":"https:\/\/www.eldigitaldeasturias.com\/noticias\/#website"},"breadcrumb":{"@id":"https:\/\/www.eldigitaldeasturias.com\/noticias\/el-noveno-mosso-imputado-alega-que-limpio-la-sangre-del-suelo-por-higiene\/#breadcrumblist"},"author":{"@id":"https:\/\/www.eldigitaldeasturias.com\/noticias\/author\/admin\/#author"},"creator":{"@id":"https:\/\/www.eldigitaldeasturias.com\/noticias\/author\/admin\/#author"},"image":{"@type":"ImageObject","url":455039,"@id":"https:\/\/www.eldigitaldeasturias.com\/noticias\/el-noveno-mosso-imputado-alega-que-limpio-la-sangre-del-suelo-por-higiene\/#mainImage"},"primaryImageOfPage":{"@id":"https:\/\/www.eldigitaldeasturias.com\/noticias\/el-noveno-mosso-imputado-alega-que-limpio-la-sangre-del-suelo-por-higiene\/#mainImage"},"datePublished":"2013-11-27T22:51:18+01:00","dateModified":"2013-11-27T22:51:18+01:00"},{"@type":"WebSite","@id":"https:\/\/www.eldigitaldeasturias.com\/noticias\/#website","url":"https:\/\/www.eldigitaldeasturias.com\/noticias\/","name":"El Digital de Asturias - Diario de actualidad y noticias","alternateName":"El Digital de Asturias - Diario de actualidad y noticias","description":"Hemeroteca","inLanguage":"es-ES","publisher":{"@id":"https:\/\/www.eldigitaldeasturias.com\/noticias\/#organization"}}]},"og:locale":"es_ES","og:site_name":"El Digital de Asturias","og:type":"article","og:title":"El noveno mosso imputado alega que limpi\u00f3 la sangre del suelo por higiene - El Digital de Asturias","og:description":"Barcelona, 27 nov (EFE).- El noveno mosso d'esquadra imputado en el caso de la muerte de Juan Andr\u00e9s Ben\u00edtez tras ser reducido a golpes ha alegado hoy ante la juez que arroj\u00f3 agua sobre el charco de sangre que qued\u00f3 en el suelo por higiene, a iniciativa propia, cuando ya sab\u00eda que el empresario hab\u00eda","og:url":"https:\/\/www.eldigitaldeasturias.com\/noticias\/el-noveno-mosso-imputado-alega-que-limpio-la-sangre-del-suelo-por-higiene\/","article:tag":["sucesos"],"article:published_time":"2013-11-27T23:51:18+00:00","article:modified_time":"2013-11-27T23:51:18+00:00","article:publisher":"https:\/\/facebook.com\/eldigitaldeasturias","twitter:card":"summary_large_image","twitter:title":"El noveno mosso imputado alega que limpi\u00f3 la sangre del suelo por higiene - El Digital de Asturias","twitter:description":"Barcelona, 27 nov (EFE).- El noveno mosso d'esquadra imputado en el caso de la muerte de Juan Andr\u00e9s Ben\u00edtez tras ser reducido a golpes ha alegado hoy ante la juez que arroj\u00f3 agua sobre el charco de sangre que qued\u00f3 en el suelo por higiene, a iniciativa propia, cuando ya sab\u00eda que el empresario hab\u00eda","twitter:label1":"Escrito por","twitter:data1":"El Digital de Asturias","twitter:label2":"Tiempo de lectura estimado","twitter:data2":"4 minutos"},"aioseo_meta_data":{"post_id":"455038","title":null,"description":null,"keywords":null,"keyphrases":null,"primary_term":null,"canonical_url":null,"og_title":null,"og_description":null,"og_object_type":"default","og_image_type":"default","og_image_url":null,"og_image_width":null,"og_image_height":null,"og_image_custom_url":null,"og_image_custom_fields":null,"og_video":null,"og_custom_url":null,"og_article_section":null,"og_article_tags":null,"twitter_use_og":true,"twitter_card":"default","twitter_image_type":"default","twitter_image_url":null,"twitter_image_custom_url":null,"twitter_image_custom_fields":null,"twitter_title":null,"twitter_description":null,"schema":{"blockGraphs":[],"customGraphs":[],"default":{"data":{"Article":[],"Course":[],"Dataset":[],"FAQPage":[],"Movie":[],"Person":[],"Product":[],"ProductReview":[],"Car":[],"Recipe":[],"Service":[],"SoftwareApplication":[],"WebPage":[]},"graphName":"","isEnabled":true},"graphs":[],"defaultGraph":"","defaultPostTypeGraph":""},"schema_type":null,"schema_type_options":null,"pillar_content":false,"robots_default":true,"robots_noindex":false,"robots_noarchive":false,"robots_nosnippet":false,"robots_nofollow":false,"robots_noimageindex":false,"robots_noodp":false,"robots_notranslate":false,"robots_max_snippet":null,"robots_max_videopreview":null,"robots_max_imagepreview":"none","priority":null,"frequency":null,"local_seo":null,"seo_analyzer_scan_date":"2026-05-29 16:51:04","breadcrumb_settings":null,"limit_modified_date":false,"open_ai":null,"ai":null,"created":"2020-11-14 22:45:11","updated":"2026-05-29 16:51:04","focus_keyword":null,"additional_keywords":null,"truseo_locale":null},"aioseo_breadcrumb":"<div class=\"aioseo-breadcrumbs\"><span class=\"aioseo-breadcrumb\">\n\t<a href=\"https:\/\/www.eldigitaldeasturias.com\/noticias\" title=\"Home\">Home<\/a>\n<\/span><span class=\"aioseo-breadcrumb-separator\">\u2013<\/span><span class=\"aioseo-breadcrumb\">\n\t<a href=\"https:\/\/www.eldigitaldeasturias.com\/noticias\/category\/sucesos\/\" title=\"Sucesos\">Sucesos<\/a>\n<\/span><span class=\"aioseo-breadcrumb-separator\">\u2013<\/span><span class=\"aioseo-breadcrumb\">\n\t<a href=\"https:\/\/www.eldigitaldeasturias.com\/noticias\/el-noveno-mosso-imputado-alega-que-limpio-la-sangre-del-suelo-por-higiene\/\" title=\"El noveno mosso imputado alega que limpi\u00f3 la sangre del suelo por higiene\">El noveno mosso imputado alega que limpi\u00f3 la sangre del suelo por higiene<\/a>\n<\/span><\/div>","aioseo_breadcrumb_json":[{"label":"Home","link":"https:\/\/www.eldigitaldeasturias.com\/noticias"},{"label":"Sucesos","link":"https:\/\/www.eldigitaldeasturias.com\/noticias\/category\/sucesos\/"},{"label":"El noveno mosso imputado alega que limpi\u00f3 la sangre del suelo por higiene","link":"https:\/\/www.eldigitaldeasturias.com\/noticias\/el-noveno-mosso-imputado-alega-que-limpio-la-sangre-del-suelo-por-higiene\/"}],"_links":{"self":[{"href":"https:\/\/www.eldigitaldeasturias.com\/noticias\/wp-json\/wp\/v2\/posts\/455038","targetHints":{"allow":["GET"]}}],"collection":[{"href":"https:\/\/www.eldigitaldeasturias.com\/noticias\/wp-json\/wp\/v2\/posts"}],"about":[{"href":"https:\/\/www.eldigitaldeasturias.com\/noticias\/wp-json\/wp\/v2\/types\/post"}],"author":[{"embeddable":true,"href":"https:\/\/www.eldigitaldeasturias.com\/noticias\/wp-json\/wp\/v2\/users\/1"}],"replies":[{"embeddable":true,"href":"https:\/\/www.eldigitaldeasturias.com\/noticias\/wp-json\/wp\/v2\/comments?post=455038"}],"version-history":[{"count":0,"href":"https:\/\/www.eldigitaldeasturias.com\/noticias\/wp-json\/wp\/v2\/posts\/455038\/revisions"}],"wp:attachment":[{"href":"https:\/\/www.eldigitaldeasturias.com\/noticias\/wp-json\/wp\/v2\/media?parent=455038"}],"wp:term":[{"taxonomy":"category","embeddable":true,"href":"https:\/\/www.eldigitaldeasturias.com\/noticias\/wp-json\/wp\/v2\/categories?post=455038"},{"taxonomy":"post_tag","embeddable":true,"href":"https:\/\/www.eldigitaldeasturias.com\/noticias\/wp-json\/wp\/v2\/tags?post=455038"}],"curies":[{"name":"wp","href":"https:\/\/api.w.org\/{rel}","templated":true}]}}