{"id":455035,"date":"2013-11-27T22:49:57","date_gmt":"2013-11-27T23:49:57","guid":{"rendered":"http:\/\/www.eldigitaldeasturias.com\/noticias\/?p=455035"},"modified":"2013-11-27T22:49:57","modified_gmt":"2013-11-27T23:49:57","slug":"dona-letizia-respalda-en-pamplona-los-valores-del-voluntariado","status":"publish","type":"post","link":"https:\/\/www.eldigitaldeasturias.com\/noticias\/dona-letizia-respalda-en-pamplona-los-valores-del-voluntariado\/","title":{"rendered":"Do\u00f1a Letizia respalda en Pamplona los valores del voluntariado"},"content":{"rendered":"<p><img loading=\"lazy\" decoding=\"async\" class=\"alignleft size-medium wp-image-455036\" alt=\"5757413w\" src=\"https:\/\/www.eldigitaldeasturias.com\/noticias\/wp-content\/uploads\/2013\/11\/5757413w-360x220.jpg\" width=\"360\" height=\"220\" \/>Pamplona, 27 nov (EFE).- La Princesa de Asturias y de Viana ha mostrado hoy su \u00abconvicci\u00f3n profunda\u00bb de que el apoyo al voluntariado y a las organizaciones que lo impulsan supone respaldar una sociedad con valores, los de \u00absolidaridad, esfuerzo, trabajo, compromiso, responsabilidad y sostenibilidad\u00bb.<\/p>\n<p>As\u00ed lo ha se\u00f1alado Do\u00f1a Letizia en la intervenci\u00f3n con la que ha cerrado el acto de entrega de los premios estatales al voluntariado social, en el marco del XVI Congreso Estatal de Voluntariado que se celebra en al capital navarra con la participaci\u00f3n de m\u00e1s de 400 personas, la mayor\u00eda representantes de organizaciones sociales.<\/p>\n<p>La Princesa ha entregado el galard\u00f3n en la modalidad individual a Antonio G\u00f3mez, presidente y fundador de la organizaci\u00f3n Madre Coraje, y a la Asociaci\u00f3n Espa\u00f1ola de Fundaciones Tutelares, en la modalidad colectiva, si bien tambi\u00e9n han recibido sendas menciones honor\u00edficas, en ambas modalidades, Felipa Merino Garc\u00eda y la Plataforma Navarra de Voluntariado, representada por su presidenta Maite Font.<\/p>\n<p>Do\u00f1a Letizia, quien ha calificado a Navarra como \u00abuna tierra que sabe mucho de solidaridad y de entrega a los dem\u00e1s\u00bb, ha expuesto en su nombre y en el del Pr\u00edncipe don Felipe la \u00abconvicci\u00f3n profunda\u00bb de que apoyar al voluntariado, \u00abconforma la idea que todos tenemos de sociedad: Un grupo de personas cohesionadas y con valores comunes de solidaridad, esfuerzo, trabajo, compromiso, responsabilidad, sostenibilidad\u00bb.<\/p>\n<p>\u00abTambi\u00e9n progreso, emprendimiento e innovaci\u00f3n. Porque innovar nos lleva a un futuro mejor\u00bb, ha dicho convencida, para respaldar que ser voluntario, \u00abnace de la voluntad, de no esperar nada a cambio. Y la voluntad tambi\u00e9n es amor, cari\u00f1o, afici\u00f3n, benevolencia y afecto\u00bb.<\/p>\n<p>\u00abEs desde esta premisa desde las que constru\u00eds ciudadan\u00eda, desde donde proyect\u00e1is vuestra idea de compromiso y de progresar con el aval de los mejores valores y principios\u00bb para \u00abconseguir que seamos una sociedad m\u00e1s justa, m\u00e1s integradora y m\u00e1s comprensiva\u00bb, ha concluido tras agradecer la labor de todos y felicitar a los premiados.<\/p>\n<p>Asimismo ha tomado la palabra la ministra de Sanidad y Servicios Sociales, Ana Mato, quien ha apostado por la colaboraci\u00f3n entre administraci\u00f3n, empresas y voluntarios en esta labor y ha avanzado que el Gobierno trabaja en una nueva Ley del Voluntariado \u00absin adjetivos y abierta\u00bb, que tenga en cuenta proyectos e iniciativas sociales pero tambi\u00e9n cuestiones vinculadas a la sanidad, la protecci\u00f3n civil, la ayuda humanitaria, o el desarrollo.<\/p>\n<p>Ha reconocido que los actuales tiempos abren un debate \u00absobre el grado de compromiso y responsabilidad social\u00bb que deben asumir ciudadanos, empresas y administraciones en un campo en el que se plantean retos\u00bb y en el que ha reconocido la labor de las entidades del tercer sector.<\/p>\n<p>Por su parte, la presidenta del Gobierno foral, Yolanda Barcina, quien ha definido a los navarros como \u00abpersonas abiertas, de gran coraz\u00f3n, leales y honradas\u00bb, \u00abgente con esp\u00edritu voluntario y voluntarioso\u00bb, ha reconocido que los recursos y oportunidades en el mundo actual \u00abest\u00e1n desigualmente repartidos\u00bb.<\/p>\n<p>Asimismo ha intervenido el presidente de la Plataforma de Voluntariado de Espa\u00f1a, Luciano Poyato, quien ha subrayado el \u00abduro\u00bb a\u00f1os \u00aby no precisamente amable\u00bb que ha resultado ser el 2013 con las personas m\u00e1s necesitadas, aunque \u00abno s\u00f3lo ha aumentado a escasez: La solidaridad ha salido reforzada\u00bb.<\/p>\n<p>Ha rechazado la imagen del voluntariado ligada a la \u00abl\u00e1grima f\u00e1cil o la compasi\u00f3n\u00bb y pese a que ha reconocido que en Espa\u00f1a hay m\u00e1s de cinco millones de personas enmarcadas en el voluntariado, ha asegurado que a\u00fan se necesitan m\u00e1s.<\/p>\n","protected":false},"excerpt":{"rendered":"<p>Pamplona, 27 nov (EFE).- La Princesa de Asturias y de Viana ha mostrado hoy su \u00abconvicci\u00f3n profunda\u00bb de que el apoyo al voluntariado y a las organizaciones que lo impulsan supone respaldar una sociedad con valores, los de \u00absolidaridad, esfuerzo, trabajo, compromiso, responsabilidad y sostenibilidad\u00bb. As\u00ed lo ha se\u00f1alado Do\u00f1a Letizia en la intervenci\u00f3n con [&hellip;]<\/p>\n","protected":false},"author":1,"featured_media":455036,"comment_status":"open","ping_status":"open","sticky":false,"template":"","format":"standard","meta":{"footnotes":""},"categories":[28],"tags":[],"class_list":["post-455035","post","type-post","status-publish","format-standard","has-post-thumbnail","hentry","category-sociedad"],"aioseo_notices":[],"aioseo_head":"\n\t\t<!-- All in One SEO Pro 5.0.1 - aioseo.com -->\n\t<meta name=\"description\" content=\"Pamplona, 27 nov (EFE).- La Princesa de Asturias y de Viana ha mostrado hoy su &quot;convicci\u00f3n profunda&quot; de que el apoyo al voluntariado y a las organizaciones que lo impulsan supone respaldar una sociedad con valores, los de &quot;solidaridad, esfuerzo, trabajo, compromiso, responsabilidad y sostenibilidad&quot;. As\u00ed lo ha se\u00f1alado Do\u00f1a Letizia en la intervenci\u00f3n con\" \/>\n\t<meta name=\"robots\" content=\"max-image-preview:large\" \/>\n\t<meta name=\"author\" content=\"El Digital de Asturias\"\/>\n\t<meta name=\"google-site-verification\" content=\"UA-38556648-1\" \/>\n\t<meta name=\"msvalidate.01\" content=\"7dfe9f3f1b24437ab69f4f2559babe99\" \/>\n\t<meta name=\"keywords\" content=\"sociedad\" \/>\n\t<link rel=\"canonical\" href=\"https:\/\/www.eldigitaldeasturias.com\/noticias\/dona-letizia-respalda-en-pamplona-los-valores-del-voluntariado\/\" \/>\n\t<meta name=\"generator\" content=\"All in One SEO Pro (AIOSEO) 5.0.1\" \/>\n\t\t<meta property=\"og:locale\" content=\"es_ES\" \/>\n\t\t<meta property=\"og:site_name\" content=\"El Digital de Asturias\" \/>\n\t\t<meta property=\"og:type\" content=\"article\" \/>\n\t\t<meta property=\"og:title\" content=\"Do\u00f1a Letizia respalda en Pamplona los valores del voluntariado - El Digital de Asturias\" \/>\n\t\t<meta property=\"og:description\" content=\"Pamplona, 27 nov (EFE).- La Princesa de Asturias y de Viana ha mostrado hoy su &quot;convicci\u00f3n profunda&quot; de que el apoyo al voluntariado y a las organizaciones que lo impulsan supone respaldar una sociedad con valores, los de &quot;solidaridad, esfuerzo, trabajo, compromiso, responsabilidad y sostenibilidad&quot;. As\u00ed lo ha se\u00f1alado Do\u00f1a Letizia en la intervenci\u00f3n con\" \/>\n\t\t<meta property=\"og:url\" content=\"https:\/\/www.eldigitaldeasturias.com\/noticias\/dona-letizia-respalda-en-pamplona-los-valores-del-voluntariado\/\" \/>\n\t\t<meta property=\"article:tag\" content=\"sociedad\" \/>\n\t\t<meta property=\"article:published_time\" content=\"2013-11-27T23:49:57+00:00\" \/>\n\t\t<meta property=\"article:modified_time\" content=\"2013-11-27T23:49:57+00:00\" \/>\n\t\t<meta property=\"article:publisher\" content=\"https:\/\/facebook.com\/eldigitaldeasturias\" \/>\n\t\t<meta name=\"twitter:card\" content=\"summary_large_image\" \/>\n\t\t<meta name=\"twitter:title\" content=\"Do\u00f1a Letizia respalda en Pamplona los valores del voluntariado - El Digital de Asturias\" \/>\n\t\t<meta name=\"twitter:description\" content=\"Pamplona, 27 nov (EFE).- La Princesa de Asturias y de Viana ha mostrado hoy su &quot;convicci\u00f3n profunda&quot; de que el apoyo al voluntariado y a las organizaciones que lo impulsan supone respaldar una sociedad con valores, los de &quot;solidaridad, esfuerzo, trabajo, compromiso, responsabilidad y sostenibilidad&quot;. As\u00ed lo ha se\u00f1alado Do\u00f1a Letizia en la intervenci\u00f3n con\" \/>\n\t\t<meta name=\"twitter:label1\" content=\"Escrito por\" \/>\n\t\t<meta name=\"twitter:data1\" content=\"El Digital de Asturias\" \/>\n\t\t<meta name=\"twitter:label2\" content=\"Tiempo de lectura estimado\" \/>\n\t\t<meta name=\"twitter:data2\" content=\"3 minutos\" \/>\n\t\t<script type=\"application\/ld+json\" class=\"aioseo-schema\">\n\t\t\t{\"@context\":\"https:\\\/\\\/schema.org\",\"@graph\":[{\"@type\":\"BlogPosting\",\"@id\":\"https:\\\/\\\/www.eldigitaldeasturias.com\\\/noticias\\\/dona-letizia-respalda-en-pamplona-los-valores-del-voluntariado\\\/#blogposting\",\"name\":\"Do\\u00f1a Letizia respalda en Pamplona los valores del voluntariado - El Digital de Asturias\",\"headline\":\"Do\\u00f1a Letizia respalda en Pamplona los valores del voluntariado\",\"author\":{\"@id\":\"https:\\\/\\\/www.eldigitaldeasturias.com\\\/noticias\\\/author\\\/admin\\\/#author\"},\"publisher\":{\"@id\":\"https:\\\/\\\/www.eldigitaldeasturias.com\\\/noticias\\\/#organization\"},\"image\":{\"@type\":\"ImageObject\",\"url\":455036},\"datePublished\":\"2013-11-27T22:49:57+01:00\",\"dateModified\":\"2013-11-27T22:49:57+01:00\",\"inLanguage\":\"es-ES\",\"mainEntityOfPage\":{\"@id\":\"https:\\\/\\\/www.eldigitaldeasturias.com\\\/noticias\\\/dona-letizia-respalda-en-pamplona-los-valores-del-voluntariado\\\/#webpage\"},\"isPartOf\":{\"@id\":\"https:\\\/\\\/www.eldigitaldeasturias.com\\\/noticias\\\/dona-letizia-respalda-en-pamplona-los-valores-del-voluntariado\\\/#webpage\"},\"articleSection\":\"Sociedad\"},{\"@type\":\"BreadcrumbList\",\"@id\":\"https:\\\/\\\/www.eldigitaldeasturias.com\\\/noticias\\\/dona-letizia-respalda-en-pamplona-los-valores-del-voluntariado\\\/#breadcrumblist\",\"itemListElement\":[{\"@type\":\"ListItem\",\"@id\":\"https:\\\/\\\/www.eldigitaldeasturias.com\\\/noticias#listItem\",\"position\":1,\"name\":\"Home\",\"item\":\"https:\\\/\\\/www.eldigitaldeasturias.com\\\/noticias\",\"nextItem\":{\"@type\":\"ListItem\",\"@id\":\"https:\\\/\\\/www.eldigitaldeasturias.com\\\/noticias\\\/category\\\/sociedad\\\/#listItem\",\"name\":\"Sociedad\"}},{\"@type\":\"ListItem\",\"@id\":\"https:\\\/\\\/www.eldigitaldeasturias.com\\\/noticias\\\/category\\\/sociedad\\\/#listItem\",\"position\":2,\"name\":\"Sociedad\",\"item\":\"https:\\\/\\\/www.eldigitaldeasturias.com\\\/noticias\\\/category\\\/sociedad\\\/\",\"nextItem\":{\"@type\":\"ListItem\",\"@id\":\"https:\\\/\\\/www.eldigitaldeasturias.com\\\/noticias\\\/dona-letizia-respalda-en-pamplona-los-valores-del-voluntariado\\\/#listItem\",\"name\":\"Do\\u00f1a Letizia respalda en Pamplona los valores del voluntariado\"},\"previousItem\":{\"@type\":\"ListItem\",\"@id\":\"https:\\\/\\\/www.eldigitaldeasturias.com\\\/noticias#listItem\",\"name\":\"Home\"}},{\"@type\":\"ListItem\",\"@id\":\"https:\\\/\\\/www.eldigitaldeasturias.com\\\/noticias\\\/dona-letizia-respalda-en-pamplona-los-valores-del-voluntariado\\\/#listItem\",\"position\":3,\"name\":\"Do\\u00f1a Letizia respalda en Pamplona los valores del voluntariado\",\"previousItem\":{\"@type\":\"ListItem\",\"@id\":\"https:\\\/\\\/www.eldigitaldeasturias.com\\\/noticias\\\/category\\\/sociedad\\\/#listItem\",\"name\":\"Sociedad\"}}]},{\"@type\":\"Organization\",\"@id\":\"https:\\\/\\\/www.eldigitaldeasturias.com\\\/noticias\\\/#organization\",\"name\":\"El Digital de Asturias\",\"description\":\"Hemeroteca\",\"url\":\"https:\\\/\\\/www.eldigitaldeasturias.com\\\/noticias\\\/\",\"email\":\"info@eldigitaldeasturias.com\",\"telephone\":\"+34652131393\",\"logo\":{\"@type\":\"ImageObject\",\"url\":\"https:\\\/\\\/www.eldigitaldeasturias.com\\\/noticias\\\/wp-content\\\/uploads\\\/2020\\\/12\\\/EDA.jpg\",\"@id\":\"https:\\\/\\\/www.eldigitaldeasturias.com\\\/noticias\\\/dona-letizia-respalda-en-pamplona-los-valores-del-voluntariado\\\/#organizationLogo\"},\"image\":{\"@id\":\"https:\\\/\\\/www.eldigitaldeasturias.com\\\/noticias\\\/dona-letizia-respalda-en-pamplona-los-valores-del-voluntariado\\\/#organizationLogo\"},\"sameAs\":[\"https:\\\/\\\/facebook.com\\\/eldigitaldeasturias\",\"https:\\\/\\\/www.youtube.com\\\/channel\\\/UCZP-2wLEB9Rv6erhFmqVnvg\"],\"address\":{\"@id\":\"https:\\\/\\\/www.eldigitaldeasturias.com\\\/noticias\\\/#postaladdress\",\"@type\":\"PostalAddress\",\"streetAddress\":\"san antonio 4\",\"postalCode\":\"33430\",\"addressLocality\":\"Cand\\u00e1s\",\"addressRegion\":\"Asturias\",\"addressCountry\":\"ES\"}},{\"@type\":\"Person\",\"@id\":\"https:\\\/\\\/www.eldigitaldeasturias.com\\\/noticias\\\/author\\\/admin\\\/#author\",\"url\":\"https:\\\/\\\/www.eldigitaldeasturias.com\\\/noticias\\\/author\\\/admin\\\/\",\"name\":\"El Digital de Asturias\",\"image\":{\"@type\":\"ImageObject\",\"@id\":\"https:\\\/\\\/www.eldigitaldeasturias.com\\\/noticias\\\/dona-letizia-respalda-en-pamplona-los-valores-del-voluntariado\\\/#authorImage\",\"url\":\"https:\\\/\\\/secure.gravatar.com\\\/avatar\\\/df2aeffc32bcd13f8d26072ef8a91b623d677766deac7f97ca815868cd41bf5e?s=96&d=mm&r=g\",\"width\":96,\"height\":96,\"caption\":\"El Digital de Asturias\"}},{\"@type\":\"WebPage\",\"@id\":\"https:\\\/\\\/www.eldigitaldeasturias.com\\\/noticias\\\/dona-letizia-respalda-en-pamplona-los-valores-del-voluntariado\\\/#webpage\",\"url\":\"https:\\\/\\\/www.eldigitaldeasturias.com\\\/noticias\\\/dona-letizia-respalda-en-pamplona-los-valores-del-voluntariado\\\/\",\"name\":\"Do\\u00f1a Letizia respalda en Pamplona los valores del voluntariado - El Digital de Asturias\",\"description\":\"Pamplona, 27 nov (EFE).- La Princesa de Asturias y de Viana ha mostrado hoy su \\\"convicci\\u00f3n profunda\\\" de que el apoyo al voluntariado y a las organizaciones que lo impulsan supone respaldar una sociedad con valores, los de \\\"solidaridad, esfuerzo, trabajo, compromiso, responsabilidad y sostenibilidad\\\". As\\u00ed lo ha se\\u00f1alado Do\\u00f1a Letizia en la intervenci\\u00f3n con\",\"inLanguage\":\"es-ES\",\"isPartOf\":{\"@id\":\"https:\\\/\\\/www.eldigitaldeasturias.com\\\/noticias\\\/#website\"},\"breadcrumb\":{\"@id\":\"https:\\\/\\\/www.eldigitaldeasturias.com\\\/noticias\\\/dona-letizia-respalda-en-pamplona-los-valores-del-voluntariado\\\/#breadcrumblist\"},\"author\":{\"@id\":\"https:\\\/\\\/www.eldigitaldeasturias.com\\\/noticias\\\/author\\\/admin\\\/#author\"},\"creator\":{\"@id\":\"https:\\\/\\\/www.eldigitaldeasturias.com\\\/noticias\\\/author\\\/admin\\\/#author\"},\"image\":{\"@type\":\"ImageObject\",\"url\":455036,\"@id\":\"https:\\\/\\\/www.eldigitaldeasturias.com\\\/noticias\\\/dona-letizia-respalda-en-pamplona-los-valores-del-voluntariado\\\/#mainImage\"},\"primaryImageOfPage\":{\"@id\":\"https:\\\/\\\/www.eldigitaldeasturias.com\\\/noticias\\\/dona-letizia-respalda-en-pamplona-los-valores-del-voluntariado\\\/#mainImage\"},\"datePublished\":\"2013-11-27T22:49:57+01:00\",\"dateModified\":\"2013-11-27T22:49:57+01:00\"},{\"@type\":\"WebSite\",\"@id\":\"https:\\\/\\\/www.eldigitaldeasturias.com\\\/noticias\\\/#website\",\"url\":\"https:\\\/\\\/www.eldigitaldeasturias.com\\\/noticias\\\/\",\"name\":\"El Digital de Asturias - Diario de actualidad y noticias\",\"alternateName\":\"El Digital de Asturias - Diario de actualidad y noticias\",\"description\":\"Hemeroteca\",\"inLanguage\":\"es-ES\",\"publisher\":{\"@id\":\"https:\\\/\\\/www.eldigitaldeasturias.com\\\/noticias\\\/#organization\"}}]}\n\t\t<\/script>\n\t\t<!-- All in One SEO Pro -->\r\n\t\t<title>Do\u00f1a Letizia respalda en Pamplona los valores del voluntariado - El Digital de Asturias<\/title>\n\n","aioseo_head_json":{"title":"Do\u00f1a Letizia respalda en Pamplona los valores del voluntariado - El Digital de Asturias","description":"Pamplona, 27 nov (EFE).- La Princesa de Asturias y de Viana ha mostrado hoy su \"convicci\u00f3n profunda\" de que el apoyo al voluntariado y a las organizaciones que lo impulsan supone respaldar una sociedad con valores, los de \"solidaridad, esfuerzo, trabajo, compromiso, responsabilidad y sostenibilidad\". As\u00ed lo ha se\u00f1alado Do\u00f1a Letizia en la intervenci\u00f3n con","canonical_url":"https:\/\/www.eldigitaldeasturias.com\/noticias\/dona-letizia-respalda-en-pamplona-los-valores-del-voluntariado\/","robots":"max-image-preview:large","keywords":"sociedad","webmasterTools":{"google-site-verification":"UA-38556648-1","msvalidate.01":"7dfe9f3f1b24437ab69f4f2559babe99","miscellaneous":""},"schema":{"@context":"https:\/\/schema.org","@graph":[{"@type":"BlogPosting","@id":"https:\/\/www.eldigitaldeasturias.com\/noticias\/dona-letizia-respalda-en-pamplona-los-valores-del-voluntariado\/#blogposting","name":"Do\u00f1a Letizia respalda en Pamplona los valores del voluntariado - El Digital de Asturias","headline":"Do\u00f1a Letizia respalda en Pamplona los valores del voluntariado","author":{"@id":"https:\/\/www.eldigitaldeasturias.com\/noticias\/author\/admin\/#author"},"publisher":{"@id":"https:\/\/www.eldigitaldeasturias.com\/noticias\/#organization"},"image":{"@type":"ImageObject","url":455036},"datePublished":"2013-11-27T22:49:57+01:00","dateModified":"2013-11-27T22:49:57+01:00","inLanguage":"es-ES","mainEntityOfPage":{"@id":"https:\/\/www.eldigitaldeasturias.com\/noticias\/dona-letizia-respalda-en-pamplona-los-valores-del-voluntariado\/#webpage"},"isPartOf":{"@id":"https:\/\/www.eldigitaldeasturias.com\/noticias\/dona-letizia-respalda-en-pamplona-los-valores-del-voluntariado\/#webpage"},"articleSection":"Sociedad"},{"@type":"BreadcrumbList","@id":"https:\/\/www.eldigitaldeasturias.com\/noticias\/dona-letizia-respalda-en-pamplona-los-valores-del-voluntariado\/#breadcrumblist","itemListElement":[{"@type":"ListItem","@id":"https:\/\/www.eldigitaldeasturias.com\/noticias#listItem","position":1,"name":"Home","item":"https:\/\/www.eldigitaldeasturias.com\/noticias","nextItem":{"@type":"ListItem","@id":"https:\/\/www.eldigitaldeasturias.com\/noticias\/category\/sociedad\/#listItem","name":"Sociedad"}},{"@type":"ListItem","@id":"https:\/\/www.eldigitaldeasturias.com\/noticias\/category\/sociedad\/#listItem","position":2,"name":"Sociedad","item":"https:\/\/www.eldigitaldeasturias.com\/noticias\/category\/sociedad\/","nextItem":{"@type":"ListItem","@id":"https:\/\/www.eldigitaldeasturias.com\/noticias\/dona-letizia-respalda-en-pamplona-los-valores-del-voluntariado\/#listItem","name":"Do\u00f1a Letizia respalda en Pamplona los valores del voluntariado"},"previousItem":{"@type":"ListItem","@id":"https:\/\/www.eldigitaldeasturias.com\/noticias#listItem","name":"Home"}},{"@type":"ListItem","@id":"https:\/\/www.eldigitaldeasturias.com\/noticias\/dona-letizia-respalda-en-pamplona-los-valores-del-voluntariado\/#listItem","position":3,"name":"Do\u00f1a Letizia respalda en Pamplona los valores del voluntariado","previousItem":{"@type":"ListItem","@id":"https:\/\/www.eldigitaldeasturias.com\/noticias\/category\/sociedad\/#listItem","name":"Sociedad"}}]},{"@type":"Organization","@id":"https:\/\/www.eldigitaldeasturias.com\/noticias\/#organization","name":"El Digital de Asturias","description":"Hemeroteca","url":"https:\/\/www.eldigitaldeasturias.com\/noticias\/","email":"info@eldigitaldeasturias.com","telephone":"+34652131393","logo":{"@type":"ImageObject","url":"https:\/\/www.eldigitaldeasturias.com\/noticias\/wp-content\/uploads\/2020\/12\/EDA.jpg","@id":"https:\/\/www.eldigitaldeasturias.com\/noticias\/dona-letizia-respalda-en-pamplona-los-valores-del-voluntariado\/#organizationLogo"},"image":{"@id":"https:\/\/www.eldigitaldeasturias.com\/noticias\/dona-letizia-respalda-en-pamplona-los-valores-del-voluntariado\/#organizationLogo"},"sameAs":["https:\/\/facebook.com\/eldigitaldeasturias","https:\/\/www.youtube.com\/channel\/UCZP-2wLEB9Rv6erhFmqVnvg"],"address":{"@id":"https:\/\/www.eldigitaldeasturias.com\/noticias\/#postaladdress","@type":"PostalAddress","streetAddress":"san antonio 4","postalCode":"33430","addressLocality":"Cand\u00e1s","addressRegion":"Asturias","addressCountry":"ES"}},{"@type":"Person","@id":"https:\/\/www.eldigitaldeasturias.com\/noticias\/author\/admin\/#author","url":"https:\/\/www.eldigitaldeasturias.com\/noticias\/author\/admin\/","name":"El Digital de Asturias","image":{"@type":"ImageObject","@id":"https:\/\/www.eldigitaldeasturias.com\/noticias\/dona-letizia-respalda-en-pamplona-los-valores-del-voluntariado\/#authorImage","url":"https:\/\/secure.gravatar.com\/avatar\/df2aeffc32bcd13f8d26072ef8a91b623d677766deac7f97ca815868cd41bf5e?s=96&d=mm&r=g","width":96,"height":96,"caption":"El Digital de Asturias"}},{"@type":"WebPage","@id":"https:\/\/www.eldigitaldeasturias.com\/noticias\/dona-letizia-respalda-en-pamplona-los-valores-del-voluntariado\/#webpage","url":"https:\/\/www.eldigitaldeasturias.com\/noticias\/dona-letizia-respalda-en-pamplona-los-valores-del-voluntariado\/","name":"Do\u00f1a Letizia respalda en Pamplona los valores del voluntariado - El Digital de Asturias","description":"Pamplona, 27 nov (EFE).- La Princesa de Asturias y de Viana ha mostrado hoy su \"convicci\u00f3n profunda\" de que el apoyo al voluntariado y a las organizaciones que lo impulsan supone respaldar una sociedad con valores, los de \"solidaridad, esfuerzo, trabajo, compromiso, responsabilidad y sostenibilidad\". As\u00ed lo ha se\u00f1alado Do\u00f1a Letizia en la intervenci\u00f3n con","inLanguage":"es-ES","isPartOf":{"@id":"https:\/\/www.eldigitaldeasturias.com\/noticias\/#website"},"breadcrumb":{"@id":"https:\/\/www.eldigitaldeasturias.com\/noticias\/dona-letizia-respalda-en-pamplona-los-valores-del-voluntariado\/#breadcrumblist"},"author":{"@id":"https:\/\/www.eldigitaldeasturias.com\/noticias\/author\/admin\/#author"},"creator":{"@id":"https:\/\/www.eldigitaldeasturias.com\/noticias\/author\/admin\/#author"},"image":{"@type":"ImageObject","url":455036,"@id":"https:\/\/www.eldigitaldeasturias.com\/noticias\/dona-letizia-respalda-en-pamplona-los-valores-del-voluntariado\/#mainImage"},"primaryImageOfPage":{"@id":"https:\/\/www.eldigitaldeasturias.com\/noticias\/dona-letizia-respalda-en-pamplona-los-valores-del-voluntariado\/#mainImage"},"datePublished":"2013-11-27T22:49:57+01:00","dateModified":"2013-11-27T22:49:57+01:00"},{"@type":"WebSite","@id":"https:\/\/www.eldigitaldeasturias.com\/noticias\/#website","url":"https:\/\/www.eldigitaldeasturias.com\/noticias\/","name":"El Digital de Asturias - Diario de actualidad y noticias","alternateName":"El Digital de Asturias - Diario de actualidad y noticias","description":"Hemeroteca","inLanguage":"es-ES","publisher":{"@id":"https:\/\/www.eldigitaldeasturias.com\/noticias\/#organization"}}]},"og:locale":"es_ES","og:site_name":"El Digital de Asturias","og:type":"article","og:title":"Do\u00f1a Letizia respalda en Pamplona los valores del voluntariado - El Digital de Asturias","og:description":"Pamplona, 27 nov (EFE).- La Princesa de Asturias y de Viana ha mostrado hoy su &quot;convicci\u00f3n profunda&quot; de que el apoyo al voluntariado y a las organizaciones que lo impulsan supone respaldar una sociedad con valores, los de &quot;solidaridad, esfuerzo, trabajo, compromiso, responsabilidad y sostenibilidad&quot;. As\u00ed lo ha se\u00f1alado Do\u00f1a Letizia en la intervenci\u00f3n con","og:url":"https:\/\/www.eldigitaldeasturias.com\/noticias\/dona-letizia-respalda-en-pamplona-los-valores-del-voluntariado\/","article:tag":["sociedad"],"article:published_time":"2013-11-27T23:49:57+00:00","article:modified_time":"2013-11-27T23:49:57+00:00","article:publisher":"https:\/\/facebook.com\/eldigitaldeasturias","twitter:card":"summary_large_image","twitter:title":"Do\u00f1a Letizia respalda en Pamplona los valores del voluntariado - El Digital de Asturias","twitter:description":"Pamplona, 27 nov (EFE).- La Princesa de Asturias y de Viana ha mostrado hoy su &quot;convicci\u00f3n profunda&quot; de que el apoyo al voluntariado y a las organizaciones que lo impulsan supone respaldar una sociedad con valores, los de &quot;solidaridad, esfuerzo, trabajo, compromiso, responsabilidad y sostenibilidad&quot;. As\u00ed lo ha se\u00f1alado Do\u00f1a Letizia en la intervenci\u00f3n con","twitter:label1":"Escrito por","twitter:data1":"El Digital de Asturias","twitter:label2":"Tiempo de lectura estimado","twitter:data2":"3 minutos"},"aioseo_meta_data":{"post_id":"455035","title":null,"description":null,"keywords":null,"keyphrases":null,"primary_term":null,"canonical_url":null,"og_title":null,"og_description":null,"og_object_type":"default","og_image_type":"default","og_image_url":null,"og_image_width":null,"og_image_height":null,"og_image_custom_url":null,"og_image_custom_fields":null,"og_video":null,"og_custom_url":null,"og_article_section":null,"og_article_tags":null,"twitter_use_og":true,"twitter_card":"default","twitter_image_type":"default","twitter_image_url":null,"twitter_image_custom_url":null,"twitter_image_custom_fields":null,"twitter_title":null,"twitter_description":null,"schema":{"blockGraphs":[],"customGraphs":[],"default":{"data":{"Article":[],"Course":[],"Dataset":[],"FAQPage":[],"Movie":[],"Person":[],"Product":[],"ProductReview":[],"Car":[],"Recipe":[],"Service":[],"SoftwareApplication":[],"WebPage":[]},"graphName":"","isEnabled":true},"graphs":[],"defaultGraph":"","defaultPostTypeGraph":""},"schema_type":null,"schema_type_options":null,"pillar_content":false,"robots_default":true,"robots_noindex":false,"robots_noarchive":false,"robots_nosnippet":false,"robots_nofollow":false,"robots_noimageindex":false,"robots_noodp":false,"robots_notranslate":false,"robots_max_snippet":null,"robots_max_videopreview":null,"robots_max_imagepreview":"none","priority":null,"frequency":null,"local_seo":null,"seo_analyzer_scan_date":"2026-05-29 16:47:58","breadcrumb_settings":null,"limit_modified_date":false,"open_ai":null,"ai":null,"created":"2020-11-14 22:45:11","updated":"2026-05-29 16:47:58","focus_keyword":null,"additional_keywords":null,"truseo_locale":null},"aioseo_breadcrumb":"<div class=\"aioseo-breadcrumbs\"><span class=\"aioseo-breadcrumb\">\n\t<a href=\"https:\/\/www.eldigitaldeasturias.com\/noticias\" title=\"Home\">Home<\/a>\n<\/span><span class=\"aioseo-breadcrumb-separator\">\u2013<\/span><span class=\"aioseo-breadcrumb\">\n\t<a href=\"https:\/\/www.eldigitaldeasturias.com\/noticias\/category\/sociedad\/\" title=\"Sociedad\">Sociedad<\/a>\n<\/span><span class=\"aioseo-breadcrumb-separator\">\u2013<\/span><span class=\"aioseo-breadcrumb\">\n\t<a href=\"https:\/\/www.eldigitaldeasturias.com\/noticias\/dona-letizia-respalda-en-pamplona-los-valores-del-voluntariado\/\" title=\"Do\u00f1a Letizia respalda en Pamplona los valores del voluntariado\">Do\u00f1a Letizia respalda en Pamplona los valores del voluntariado<\/a>\n<\/span><\/div>","aioseo_breadcrumb_json":[{"label":"Home","link":"https:\/\/www.eldigitaldeasturias.com\/noticias"},{"label":"Sociedad","link":"https:\/\/www.eldigitaldeasturias.com\/noticias\/category\/sociedad\/"},{"label":"Do\u00f1a Letizia respalda en Pamplona los valores del voluntariado","link":"https:\/\/www.eldigitaldeasturias.com\/noticias\/dona-letizia-respalda-en-pamplona-los-valores-del-voluntariado\/"}],"_links":{"self":[{"href":"https:\/\/www.eldigitaldeasturias.com\/noticias\/wp-json\/wp\/v2\/posts\/455035","targetHints":{"allow":["GET"]}}],"collection":[{"href":"https:\/\/www.eldigitaldeasturias.com\/noticias\/wp-json\/wp\/v2\/posts"}],"about":[{"href":"https:\/\/www.eldigitaldeasturias.com\/noticias\/wp-json\/wp\/v2\/types\/post"}],"author":[{"embeddable":true,"href":"https:\/\/www.eldigitaldeasturias.com\/noticias\/wp-json\/wp\/v2\/users\/1"}],"replies":[{"embeddable":true,"href":"https:\/\/www.eldigitaldeasturias.com\/noticias\/wp-json\/wp\/v2\/comments?post=455035"}],"version-history":[{"count":0,"href":"https:\/\/www.eldigitaldeasturias.com\/noticias\/wp-json\/wp\/v2\/posts\/455035\/revisions"}],"wp:attachment":[{"href":"https:\/\/www.eldigitaldeasturias.com\/noticias\/wp-json\/wp\/v2\/media?parent=455035"}],"wp:term":[{"taxonomy":"category","embeddable":true,"href":"https:\/\/www.eldigitaldeasturias.com\/noticias\/wp-json\/wp\/v2\/categories?post=455035"},{"taxonomy":"post_tag","embeddable":true,"href":"https:\/\/www.eldigitaldeasturias.com\/noticias\/wp-json\/wp\/v2\/tags?post=455035"}],"curies":[{"name":"wp","href":"https:\/\/api.w.org\/{rel}","templated":true}]}}