{"id":455026,"date":"2013-11-27T22:44:57","date_gmt":"2013-11-27T23:44:57","guid":{"rendered":"http:\/\/www.eldigitaldeasturias.com\/noticias\/?p=455026"},"modified":"2013-11-27T22:44:57","modified_gmt":"2013-11-27T23:44:57","slug":"eva-cortes-florece-en-in-bloom-un-sueno-con-los-mejores-de-nueva-york","status":"publish","type":"post","link":"https:\/\/www.eldigitaldeasturias.com\/noticias\/eva-cortes-florece-en-in-bloom-un-sueno-con-los-mejores-de-nueva-york\/","title":{"rendered":"Eva Cort\u00e9s florece en \u00abIn bloom\u00bb, \u00abun sue\u00f1o\u00bb con los mejores de Nueva York"},"content":{"rendered":"<p><img loading=\"lazy\" decoding=\"async\" class=\"alignleft size-medium wp-image-455027\" alt=\"5757225w\" src=\"https:\/\/www.eldigitaldeasturias.com\/noticias\/wp-content\/uploads\/2013\/11\/5757225w-360x238.jpg\" width=\"360\" height=\"238\" \/>Madrid, 27 nov (EFE).- Ha llamado a su sexto disco \u00abIn bloom\u00bb porque es as\u00ed como ella se siente, \u00abflorecida\u00bb, y porque a sus 41 a\u00f1os, la cantante \u00abhondure\u00f1a-sevillana\u00bb Eva Cort\u00e9s ha logrado su sue\u00f1o, grabar con \u00ablos mejores\u00bb del jazz en la meca musical de este estilo, Nueva York, y hacer exactamente lo que quer\u00eda.<\/p>\n<p>\u00abNo es que lo anterior no haya tenido su sentido, sino que ahora he podido aplicar musicalmente todo lo aprendido en discos anteriores. Me queda mucho por aprender y, a lo mejor, vuelvo a tener una &#8216;lupa&#8217; parecida dentro de otros seis discos, pero por ahora es lo mejor\u00bb, asegura Cort\u00e9s en una entrevista con Efe.<\/p>\n<p>El disco, que presentar\u00e1 oficialmente el viernes en un concierto en la Sala Clamores de Madrid, re\u00fane a Romain Collin al piano, Mike Moreno a la guitarra, Luques Curtis al contrabajo, Kendrick Scott a la bater\u00eda y Reinaldo de Jes\u00fas a la percusi\u00f3n y, por si fuera poco, la colaboraci\u00f3n estelar de Christian McBride.<\/p>\n<p>El escenario \u00abperfecto\u00bb para los once cortes que componen el trabajo de esta hondure\u00f1a de Tegucigalpa a la que \u00abllegaron\u00bb con apenas cuatro a\u00f1os a su ciudad de adopci\u00f3n, Sevilla, es el mism\u00edsimo Sear Sound de Nueva York, el mismo en el que han grabado \u00absantones\u00bb como John Scofield, Pat Metheny o Bill Frisell.<\/p>\n<p>\u00abAdoro a mis m\u00fasicos. Ten\u00eda que pegarme pellizcos para creerme que era real esa reuni\u00f3n, esa suerte de tenerles all\u00ed a todos. Es que cada uno de ellos -presume- es solista en su propia banda\u00bb.<\/p>\n<p>La alegr\u00eda de vivir que siente Cort\u00e9s se percibe en cada uno de los temas compuestos por ella -letra y m\u00fasica- y en los \u00abpr\u00e9stamos\u00bb: \u00abWhatever Lola Wants\u00bb, de Richard Adler y Jerry Ross; el tema hondure\u00f1o \u00abPu\u00f1adito de arena\u00bb, de Belisario Romero, en la tradici\u00f3n gar\u00edfuna de los tambores, y Glory Box\u00bb, del grupo Portishead.<\/p>\n<p>\u00abLa de &#8216;Lola&#8217; me daba un poquito de corte porque es muy sensual. Adem\u00e1s estaba superronca, porque tres semanas antes de grabar se me ocurri\u00f3 irme a Brasil, cog\u00ed fr\u00edo y la peor laringitis de mi vida; por eso se oye tan susurrante, con ese aire tan especial e \u00edntimo\u00bb, se r\u00ede.<\/p>\n<p>Lo grabaron en dos d\u00edas y medio de mayo pasado, porque, dice, los m\u00fasicos de jazz tienen el h\u00e1bito de estudiar mucho en casa y lo llevaban todo \u00abmuy preparadito\u00bb.<\/p>\n<p>El sue\u00f1o de su vida se hizo realidad en este disco: por fin, quedaba registro de lo que ha ido haciendo en los \u00faltimos a\u00f1os en Nueva York con esa banda -tiene otra en Madrid y una tercera en Par\u00eds-, para que el mundo conociera \u00abel toque \u00fanico\u00bb que ellos le dan al jazz, \u00abinconfundible marca de la Gran Manzana\u00bb.<\/p>\n<p>Para ella, \u00abIn bloom\u00bb (Verve) suena a \u00abfresco, a ventana abierta, a sol y modernidad\u00bb.<\/p>\n<p>\u00abPensamos que el jazz es algo de garito y que huele a a\u00f1os 30, y no, no estamos en la posguerra. El jazz es siglo XXI desde hace mucho, y la m\u00fasica de la gente de 20 a 40 a\u00f1os no se parece en nada a la de los que tienen 60\u00bb, remata.<\/p>\n<p>En este disco ha querido ir \u00aben diferentes direcciones\u00bb, pero de quedarse con alguna canci\u00f3n elegir\u00eda la que abre el CD, \u00abSol\u00bb, porque habla de la madrile\u00f1a Puerta del Sol, del movimiento 15-M, \u00abuna respuesta muy tierna y c\u00edvica a lo que estaba ocurriendo, un pensar en qu\u00e9 puedo hacer por ti m\u00e1s que en un pensar en qu\u00e9 puedes hacer t\u00fa por m\u00ed\u00bb.<\/p>\n<p>\u00abNo quiero ser tu princesa\u00bb tambi\u00e9n le \u00abtira\u00bb mucho, ya que describe \u00abese\u00bb momento de las relaciones en las que \u00abhay una rebeli\u00f3n interna y externa ante esa especie de exigencia de estar siempre perfecta y sin un fallo. Dice, &#8216;soy humana, dame un respiro, no quiero ser un hada, sino una mujer'\u00bb.<\/p>\n<p>Ella est\u00e1 ahora, recalca, \u00aben flor\u00bb, tanto personal como musicalmente: \u00abPor fin -subraya-, la c\u00e1mara enfoca\u00bb, y no hay \u00abdistracciones\u00bb que le quiten la energ\u00eda \u00abde una mujer a los 40. \u00a1La mejor edad!\u00bb, agrega feliz.<\/p>\n<p>Concha Barrig\u00f3s.<\/p>\n","protected":false},"excerpt":{"rendered":"<p>Madrid, 27 nov (EFE).- Ha llamado a su sexto disco \u00abIn bloom\u00bb porque es as\u00ed como ella se siente, \u00abflorecida\u00bb, y porque a sus 41 a\u00f1os, la cantante \u00abhondure\u00f1a-sevillana\u00bb Eva Cort\u00e9s ha logrado su sue\u00f1o, grabar con \u00ablos mejores\u00bb del jazz en la meca musical de este estilo, Nueva York, y hacer exactamente lo que [&hellip;]<\/p>\n","protected":false},"author":1,"featured_media":455027,"comment_status":"open","ping_status":"open","sticky":false,"template":"","format":"standard","meta":{"footnotes":""},"categories":[50],"tags":[],"class_list":["post-455026","post","type-post","status-publish","format-standard","has-post-thumbnail","hentry","category-revista-de-ocio"],"aioseo_notices":[],"aioseo_head":"\n\t\t<!-- All in One SEO Pro 5.0.1 - aioseo.com -->\n\t<meta name=\"description\" content=\"Madrid, 27 nov (EFE).- Ha llamado a su sexto disco &quot;In bloom&quot; porque es as\u00ed como ella se siente, &quot;florecida&quot;, y porque a sus 41 a\u00f1os, la cantante &quot;hondure\u00f1a-sevillana&quot; Eva Cort\u00e9s ha logrado su sue\u00f1o, grabar con &quot;los mejores&quot; del jazz en la meca musical de este estilo, Nueva York, y hacer exactamente lo que\" \/>\n\t<meta name=\"robots\" content=\"max-image-preview:large\" \/>\n\t<meta name=\"author\" content=\"El Digital de Asturias\"\/>\n\t<meta name=\"google-site-verification\" content=\"UA-38556648-1\" \/>\n\t<meta name=\"msvalidate.01\" content=\"7dfe9f3f1b24437ab69f4f2559babe99\" \/>\n\t<meta name=\"keywords\" content=\"revista de ocio\" \/>\n\t<link rel=\"canonical\" href=\"https:\/\/www.eldigitaldeasturias.com\/noticias\/eva-cortes-florece-en-in-bloom-un-sueno-con-los-mejores-de-nueva-york\/\" \/>\n\t<meta name=\"generator\" content=\"All in One SEO Pro (AIOSEO) 5.0.1\" \/>\n\t\t<meta property=\"og:locale\" content=\"es_ES\" \/>\n\t\t<meta property=\"og:site_name\" content=\"El Digital de Asturias\" \/>\n\t\t<meta property=\"og:type\" content=\"article\" \/>\n\t\t<meta property=\"og:title\" content=\"Eva Cort\u00e9s florece en \u00abIn bloom\u00bb, \u00abun sue\u00f1o\u00bb con los mejores de Nueva York - El Digital de Asturias\" \/>\n\t\t<meta property=\"og:description\" content=\"Madrid, 27 nov (EFE).- Ha llamado a su sexto disco &quot;In bloom&quot; porque es as\u00ed como ella se siente, &quot;florecida&quot;, y porque a sus 41 a\u00f1os, la cantante &quot;hondure\u00f1a-sevillana&quot; Eva Cort\u00e9s ha logrado su sue\u00f1o, grabar con &quot;los mejores&quot; del jazz en la meca musical de este estilo, Nueva York, y hacer exactamente lo que\" \/>\n\t\t<meta property=\"og:url\" content=\"https:\/\/www.eldigitaldeasturias.com\/noticias\/eva-cortes-florece-en-in-bloom-un-sueno-con-los-mejores-de-nueva-york\/\" \/>\n\t\t<meta property=\"article:tag\" content=\"revista de ocio\" \/>\n\t\t<meta property=\"article:published_time\" content=\"2013-11-27T23:44:57+00:00\" \/>\n\t\t<meta property=\"article:modified_time\" content=\"2013-11-27T23:44:57+00:00\" \/>\n\t\t<meta property=\"article:publisher\" content=\"https:\/\/facebook.com\/eldigitaldeasturias\" \/>\n\t\t<meta name=\"twitter:card\" content=\"summary_large_image\" \/>\n\t\t<meta name=\"twitter:title\" content=\"Eva Cort\u00e9s florece en \u00abIn bloom\u00bb, \u00abun sue\u00f1o\u00bb con los mejores de Nueva York - El Digital de Asturias\" \/>\n\t\t<meta name=\"twitter:description\" content=\"Madrid, 27 nov (EFE).- Ha llamado a su sexto disco &quot;In bloom&quot; porque es as\u00ed como ella se siente, &quot;florecida&quot;, y porque a sus 41 a\u00f1os, la cantante &quot;hondure\u00f1a-sevillana&quot; Eva Cort\u00e9s ha logrado su sue\u00f1o, grabar con &quot;los mejores&quot; del jazz en la meca musical de este estilo, Nueva York, y hacer exactamente lo que\" \/>\n\t\t<meta name=\"twitter:label1\" content=\"Escrito por\" \/>\n\t\t<meta name=\"twitter:data1\" content=\"El Digital de Asturias\" \/>\n\t\t<meta name=\"twitter:label2\" content=\"Tiempo de lectura estimado\" \/>\n\t\t<meta name=\"twitter:data2\" content=\"4 minutos\" \/>\n\t\t<script type=\"application\/ld+json\" class=\"aioseo-schema\">\n\t\t\t{\"@context\":\"https:\\\/\\\/schema.org\",\"@graph\":[{\"@type\":\"BlogPosting\",\"@id\":\"https:\\\/\\\/www.eldigitaldeasturias.com\\\/noticias\\\/eva-cortes-florece-en-in-bloom-un-sueno-con-los-mejores-de-nueva-york\\\/#blogposting\",\"name\":\"Eva Cort\\u00e9s florece en \\u00abIn bloom\\u00bb, \\u00abun sue\\u00f1o\\u00bb con los mejores de Nueva York - El Digital de Asturias\",\"headline\":\"Eva Cort\\u00e9s florece en \\u00abIn bloom\\u00bb, \\u00abun sue\\u00f1o\\u00bb con los mejores de Nueva York\",\"author\":{\"@id\":\"https:\\\/\\\/www.eldigitaldeasturias.com\\\/noticias\\\/author\\\/admin\\\/#author\"},\"publisher\":{\"@id\":\"https:\\\/\\\/www.eldigitaldeasturias.com\\\/noticias\\\/#organization\"},\"image\":{\"@type\":\"ImageObject\",\"url\":455027},\"datePublished\":\"2013-11-27T22:44:57+01:00\",\"dateModified\":\"2013-11-27T22:44:57+01:00\",\"inLanguage\":\"es-ES\",\"mainEntityOfPage\":{\"@id\":\"https:\\\/\\\/www.eldigitaldeasturias.com\\\/noticias\\\/eva-cortes-florece-en-in-bloom-un-sueno-con-los-mejores-de-nueva-york\\\/#webpage\"},\"isPartOf\":{\"@id\":\"https:\\\/\\\/www.eldigitaldeasturias.com\\\/noticias\\\/eva-cortes-florece-en-in-bloom-un-sueno-con-los-mejores-de-nueva-york\\\/#webpage\"},\"articleSection\":\"Revista de Ocio\"},{\"@type\":\"BreadcrumbList\",\"@id\":\"https:\\\/\\\/www.eldigitaldeasturias.com\\\/noticias\\\/eva-cortes-florece-en-in-bloom-un-sueno-con-los-mejores-de-nueva-york\\\/#breadcrumblist\",\"itemListElement\":[{\"@type\":\"ListItem\",\"@id\":\"https:\\\/\\\/www.eldigitaldeasturias.com\\\/noticias#listItem\",\"position\":1,\"name\":\"Home\",\"item\":\"https:\\\/\\\/www.eldigitaldeasturias.com\\\/noticias\",\"nextItem\":{\"@type\":\"ListItem\",\"@id\":\"https:\\\/\\\/www.eldigitaldeasturias.com\\\/noticias\\\/category\\\/revista-de-ocio\\\/#listItem\",\"name\":\"Revista de Ocio\"}},{\"@type\":\"ListItem\",\"@id\":\"https:\\\/\\\/www.eldigitaldeasturias.com\\\/noticias\\\/category\\\/revista-de-ocio\\\/#listItem\",\"position\":2,\"name\":\"Revista de Ocio\",\"item\":\"https:\\\/\\\/www.eldigitaldeasturias.com\\\/noticias\\\/category\\\/revista-de-ocio\\\/\",\"nextItem\":{\"@type\":\"ListItem\",\"@id\":\"https:\\\/\\\/www.eldigitaldeasturias.com\\\/noticias\\\/eva-cortes-florece-en-in-bloom-un-sueno-con-los-mejores-de-nueva-york\\\/#listItem\",\"name\":\"Eva Cort\\u00e9s florece en \\u00abIn bloom\\u00bb, \\u00abun sue\\u00f1o\\u00bb con los mejores de Nueva York\"},\"previousItem\":{\"@type\":\"ListItem\",\"@id\":\"https:\\\/\\\/www.eldigitaldeasturias.com\\\/noticias#listItem\",\"name\":\"Home\"}},{\"@type\":\"ListItem\",\"@id\":\"https:\\\/\\\/www.eldigitaldeasturias.com\\\/noticias\\\/eva-cortes-florece-en-in-bloom-un-sueno-con-los-mejores-de-nueva-york\\\/#listItem\",\"position\":3,\"name\":\"Eva Cort\\u00e9s florece en \\u00abIn bloom\\u00bb, \\u00abun sue\\u00f1o\\u00bb con los mejores de Nueva York\",\"previousItem\":{\"@type\":\"ListItem\",\"@id\":\"https:\\\/\\\/www.eldigitaldeasturias.com\\\/noticias\\\/category\\\/revista-de-ocio\\\/#listItem\",\"name\":\"Revista de Ocio\"}}]},{\"@type\":\"Organization\",\"@id\":\"https:\\\/\\\/www.eldigitaldeasturias.com\\\/noticias\\\/#organization\",\"name\":\"El Digital de Asturias\",\"description\":\"Hemeroteca\",\"url\":\"https:\\\/\\\/www.eldigitaldeasturias.com\\\/noticias\\\/\",\"email\":\"info@eldigitaldeasturias.com\",\"telephone\":\"+34652131393\",\"logo\":{\"@type\":\"ImageObject\",\"url\":\"https:\\\/\\\/www.eldigitaldeasturias.com\\\/noticias\\\/wp-content\\\/uploads\\\/2020\\\/12\\\/EDA.jpg\",\"@id\":\"https:\\\/\\\/www.eldigitaldeasturias.com\\\/noticias\\\/eva-cortes-florece-en-in-bloom-un-sueno-con-los-mejores-de-nueva-york\\\/#organizationLogo\"},\"image\":{\"@id\":\"https:\\\/\\\/www.eldigitaldeasturias.com\\\/noticias\\\/eva-cortes-florece-en-in-bloom-un-sueno-con-los-mejores-de-nueva-york\\\/#organizationLogo\"},\"sameAs\":[\"https:\\\/\\\/facebook.com\\\/eldigitaldeasturias\",\"https:\\\/\\\/www.youtube.com\\\/channel\\\/UCZP-2wLEB9Rv6erhFmqVnvg\"],\"address\":{\"@id\":\"https:\\\/\\\/www.eldigitaldeasturias.com\\\/noticias\\\/#postaladdress\",\"@type\":\"PostalAddress\",\"streetAddress\":\"san antonio 4\",\"postalCode\":\"33430\",\"addressLocality\":\"Cand\\u00e1s\",\"addressRegion\":\"Asturias\",\"addressCountry\":\"ES\"}},{\"@type\":\"Person\",\"@id\":\"https:\\\/\\\/www.eldigitaldeasturias.com\\\/noticias\\\/author\\\/admin\\\/#author\",\"url\":\"https:\\\/\\\/www.eldigitaldeasturias.com\\\/noticias\\\/author\\\/admin\\\/\",\"name\":\"El Digital de Asturias\",\"image\":{\"@type\":\"ImageObject\",\"@id\":\"https:\\\/\\\/www.eldigitaldeasturias.com\\\/noticias\\\/eva-cortes-florece-en-in-bloom-un-sueno-con-los-mejores-de-nueva-york\\\/#authorImage\",\"url\":\"https:\\\/\\\/secure.gravatar.com\\\/avatar\\\/df2aeffc32bcd13f8d26072ef8a91b623d677766deac7f97ca815868cd41bf5e?s=96&d=mm&r=g\",\"width\":96,\"height\":96,\"caption\":\"El Digital de Asturias\"}},{\"@type\":\"WebPage\",\"@id\":\"https:\\\/\\\/www.eldigitaldeasturias.com\\\/noticias\\\/eva-cortes-florece-en-in-bloom-un-sueno-con-los-mejores-de-nueva-york\\\/#webpage\",\"url\":\"https:\\\/\\\/www.eldigitaldeasturias.com\\\/noticias\\\/eva-cortes-florece-en-in-bloom-un-sueno-con-los-mejores-de-nueva-york\\\/\",\"name\":\"Eva Cort\\u00e9s florece en \\u00abIn bloom\\u00bb, \\u00abun sue\\u00f1o\\u00bb con los mejores de Nueva York - El Digital de Asturias\",\"description\":\"Madrid, 27 nov (EFE).- Ha llamado a su sexto disco \\\"In bloom\\\" porque es as\\u00ed como ella se siente, \\\"florecida\\\", y porque a sus 41 a\\u00f1os, la cantante \\\"hondure\\u00f1a-sevillana\\\" Eva Cort\\u00e9s ha logrado su sue\\u00f1o, grabar con \\\"los mejores\\\" del jazz en la meca musical de este estilo, Nueva York, y hacer exactamente lo que\",\"inLanguage\":\"es-ES\",\"isPartOf\":{\"@id\":\"https:\\\/\\\/www.eldigitaldeasturias.com\\\/noticias\\\/#website\"},\"breadcrumb\":{\"@id\":\"https:\\\/\\\/www.eldigitaldeasturias.com\\\/noticias\\\/eva-cortes-florece-en-in-bloom-un-sueno-con-los-mejores-de-nueva-york\\\/#breadcrumblist\"},\"author\":{\"@id\":\"https:\\\/\\\/www.eldigitaldeasturias.com\\\/noticias\\\/author\\\/admin\\\/#author\"},\"creator\":{\"@id\":\"https:\\\/\\\/www.eldigitaldeasturias.com\\\/noticias\\\/author\\\/admin\\\/#author\"},\"image\":{\"@type\":\"ImageObject\",\"url\":455027,\"@id\":\"https:\\\/\\\/www.eldigitaldeasturias.com\\\/noticias\\\/eva-cortes-florece-en-in-bloom-un-sueno-con-los-mejores-de-nueva-york\\\/#mainImage\"},\"primaryImageOfPage\":{\"@id\":\"https:\\\/\\\/www.eldigitaldeasturias.com\\\/noticias\\\/eva-cortes-florece-en-in-bloom-un-sueno-con-los-mejores-de-nueva-york\\\/#mainImage\"},\"datePublished\":\"2013-11-27T22:44:57+01:00\",\"dateModified\":\"2013-11-27T22:44:57+01:00\"},{\"@type\":\"WebSite\",\"@id\":\"https:\\\/\\\/www.eldigitaldeasturias.com\\\/noticias\\\/#website\",\"url\":\"https:\\\/\\\/www.eldigitaldeasturias.com\\\/noticias\\\/\",\"name\":\"El Digital de Asturias - Diario de actualidad y noticias\",\"alternateName\":\"El Digital de Asturias - Diario de actualidad y noticias\",\"description\":\"Hemeroteca\",\"inLanguage\":\"es-ES\",\"publisher\":{\"@id\":\"https:\\\/\\\/www.eldigitaldeasturias.com\\\/noticias\\\/#organization\"}}]}\n\t\t<\/script>\n\t\t<!-- All in One SEO Pro -->\r\n\t\t<title>Eva Cort\u00e9s florece en \u00abIn bloom\u00bb, \u00abun sue\u00f1o\u00bb con los mejores de Nueva York - El Digital de Asturias<\/title>\n\n","aioseo_head_json":{"title":"Eva Cort\u00e9s florece en \u00abIn bloom\u00bb, \u00abun sue\u00f1o\u00bb con los mejores de Nueva York - El Digital de Asturias","description":"Madrid, 27 nov (EFE).- Ha llamado a su sexto disco \"In bloom\" porque es as\u00ed como ella se siente, \"florecida\", y porque a sus 41 a\u00f1os, la cantante \"hondure\u00f1a-sevillana\" Eva Cort\u00e9s ha logrado su sue\u00f1o, grabar con \"los mejores\" del jazz en la meca musical de este estilo, Nueva York, y hacer exactamente lo que","canonical_url":"https:\/\/www.eldigitaldeasturias.com\/noticias\/eva-cortes-florece-en-in-bloom-un-sueno-con-los-mejores-de-nueva-york\/","robots":"max-image-preview:large","keywords":"revista de ocio","webmasterTools":{"google-site-verification":"UA-38556648-1","msvalidate.01":"7dfe9f3f1b24437ab69f4f2559babe99","miscellaneous":""},"schema":{"@context":"https:\/\/schema.org","@graph":[{"@type":"BlogPosting","@id":"https:\/\/www.eldigitaldeasturias.com\/noticias\/eva-cortes-florece-en-in-bloom-un-sueno-con-los-mejores-de-nueva-york\/#blogposting","name":"Eva Cort\u00e9s florece en \u00abIn bloom\u00bb, \u00abun sue\u00f1o\u00bb con los mejores de Nueva York - El Digital de Asturias","headline":"Eva Cort\u00e9s florece en \u00abIn bloom\u00bb, \u00abun sue\u00f1o\u00bb con los mejores de Nueva York","author":{"@id":"https:\/\/www.eldigitaldeasturias.com\/noticias\/author\/admin\/#author"},"publisher":{"@id":"https:\/\/www.eldigitaldeasturias.com\/noticias\/#organization"},"image":{"@type":"ImageObject","url":455027},"datePublished":"2013-11-27T22:44:57+01:00","dateModified":"2013-11-27T22:44:57+01:00","inLanguage":"es-ES","mainEntityOfPage":{"@id":"https:\/\/www.eldigitaldeasturias.com\/noticias\/eva-cortes-florece-en-in-bloom-un-sueno-con-los-mejores-de-nueva-york\/#webpage"},"isPartOf":{"@id":"https:\/\/www.eldigitaldeasturias.com\/noticias\/eva-cortes-florece-en-in-bloom-un-sueno-con-los-mejores-de-nueva-york\/#webpage"},"articleSection":"Revista de Ocio"},{"@type":"BreadcrumbList","@id":"https:\/\/www.eldigitaldeasturias.com\/noticias\/eva-cortes-florece-en-in-bloom-un-sueno-con-los-mejores-de-nueva-york\/#breadcrumblist","itemListElement":[{"@type":"ListItem","@id":"https:\/\/www.eldigitaldeasturias.com\/noticias#listItem","position":1,"name":"Home","item":"https:\/\/www.eldigitaldeasturias.com\/noticias","nextItem":{"@type":"ListItem","@id":"https:\/\/www.eldigitaldeasturias.com\/noticias\/category\/revista-de-ocio\/#listItem","name":"Revista de Ocio"}},{"@type":"ListItem","@id":"https:\/\/www.eldigitaldeasturias.com\/noticias\/category\/revista-de-ocio\/#listItem","position":2,"name":"Revista de Ocio","item":"https:\/\/www.eldigitaldeasturias.com\/noticias\/category\/revista-de-ocio\/","nextItem":{"@type":"ListItem","@id":"https:\/\/www.eldigitaldeasturias.com\/noticias\/eva-cortes-florece-en-in-bloom-un-sueno-con-los-mejores-de-nueva-york\/#listItem","name":"Eva Cort\u00e9s florece en \u00abIn bloom\u00bb, \u00abun sue\u00f1o\u00bb con los mejores de Nueva York"},"previousItem":{"@type":"ListItem","@id":"https:\/\/www.eldigitaldeasturias.com\/noticias#listItem","name":"Home"}},{"@type":"ListItem","@id":"https:\/\/www.eldigitaldeasturias.com\/noticias\/eva-cortes-florece-en-in-bloom-un-sueno-con-los-mejores-de-nueva-york\/#listItem","position":3,"name":"Eva Cort\u00e9s florece en \u00abIn bloom\u00bb, \u00abun sue\u00f1o\u00bb con los mejores de Nueva York","previousItem":{"@type":"ListItem","@id":"https:\/\/www.eldigitaldeasturias.com\/noticias\/category\/revista-de-ocio\/#listItem","name":"Revista de Ocio"}}]},{"@type":"Organization","@id":"https:\/\/www.eldigitaldeasturias.com\/noticias\/#organization","name":"El Digital de Asturias","description":"Hemeroteca","url":"https:\/\/www.eldigitaldeasturias.com\/noticias\/","email":"info@eldigitaldeasturias.com","telephone":"+34652131393","logo":{"@type":"ImageObject","url":"https:\/\/www.eldigitaldeasturias.com\/noticias\/wp-content\/uploads\/2020\/12\/EDA.jpg","@id":"https:\/\/www.eldigitaldeasturias.com\/noticias\/eva-cortes-florece-en-in-bloom-un-sueno-con-los-mejores-de-nueva-york\/#organizationLogo"},"image":{"@id":"https:\/\/www.eldigitaldeasturias.com\/noticias\/eva-cortes-florece-en-in-bloom-un-sueno-con-los-mejores-de-nueva-york\/#organizationLogo"},"sameAs":["https:\/\/facebook.com\/eldigitaldeasturias","https:\/\/www.youtube.com\/channel\/UCZP-2wLEB9Rv6erhFmqVnvg"],"address":{"@id":"https:\/\/www.eldigitaldeasturias.com\/noticias\/#postaladdress","@type":"PostalAddress","streetAddress":"san antonio 4","postalCode":"33430","addressLocality":"Cand\u00e1s","addressRegion":"Asturias","addressCountry":"ES"}},{"@type":"Person","@id":"https:\/\/www.eldigitaldeasturias.com\/noticias\/author\/admin\/#author","url":"https:\/\/www.eldigitaldeasturias.com\/noticias\/author\/admin\/","name":"El Digital de Asturias","image":{"@type":"ImageObject","@id":"https:\/\/www.eldigitaldeasturias.com\/noticias\/eva-cortes-florece-en-in-bloom-un-sueno-con-los-mejores-de-nueva-york\/#authorImage","url":"https:\/\/secure.gravatar.com\/avatar\/df2aeffc32bcd13f8d26072ef8a91b623d677766deac7f97ca815868cd41bf5e?s=96&d=mm&r=g","width":96,"height":96,"caption":"El Digital de Asturias"}},{"@type":"WebPage","@id":"https:\/\/www.eldigitaldeasturias.com\/noticias\/eva-cortes-florece-en-in-bloom-un-sueno-con-los-mejores-de-nueva-york\/#webpage","url":"https:\/\/www.eldigitaldeasturias.com\/noticias\/eva-cortes-florece-en-in-bloom-un-sueno-con-los-mejores-de-nueva-york\/","name":"Eva Cort\u00e9s florece en \u00abIn bloom\u00bb, \u00abun sue\u00f1o\u00bb con los mejores de Nueva York - El Digital de Asturias","description":"Madrid, 27 nov (EFE).- Ha llamado a su sexto disco \"In bloom\" porque es as\u00ed como ella se siente, \"florecida\", y porque a sus 41 a\u00f1os, la cantante \"hondure\u00f1a-sevillana\" Eva Cort\u00e9s ha logrado su sue\u00f1o, grabar con \"los mejores\" del jazz en la meca musical de este estilo, Nueva York, y hacer exactamente lo que","inLanguage":"es-ES","isPartOf":{"@id":"https:\/\/www.eldigitaldeasturias.com\/noticias\/#website"},"breadcrumb":{"@id":"https:\/\/www.eldigitaldeasturias.com\/noticias\/eva-cortes-florece-en-in-bloom-un-sueno-con-los-mejores-de-nueva-york\/#breadcrumblist"},"author":{"@id":"https:\/\/www.eldigitaldeasturias.com\/noticias\/author\/admin\/#author"},"creator":{"@id":"https:\/\/www.eldigitaldeasturias.com\/noticias\/author\/admin\/#author"},"image":{"@type":"ImageObject","url":455027,"@id":"https:\/\/www.eldigitaldeasturias.com\/noticias\/eva-cortes-florece-en-in-bloom-un-sueno-con-los-mejores-de-nueva-york\/#mainImage"},"primaryImageOfPage":{"@id":"https:\/\/www.eldigitaldeasturias.com\/noticias\/eva-cortes-florece-en-in-bloom-un-sueno-con-los-mejores-de-nueva-york\/#mainImage"},"datePublished":"2013-11-27T22:44:57+01:00","dateModified":"2013-11-27T22:44:57+01:00"},{"@type":"WebSite","@id":"https:\/\/www.eldigitaldeasturias.com\/noticias\/#website","url":"https:\/\/www.eldigitaldeasturias.com\/noticias\/","name":"El Digital de Asturias - Diario de actualidad y noticias","alternateName":"El Digital de Asturias - Diario de actualidad y noticias","description":"Hemeroteca","inLanguage":"es-ES","publisher":{"@id":"https:\/\/www.eldigitaldeasturias.com\/noticias\/#organization"}}]},"og:locale":"es_ES","og:site_name":"El Digital de Asturias","og:type":"article","og:title":"Eva Cort\u00e9s florece en \u00abIn bloom\u00bb, \u00abun sue\u00f1o\u00bb con los mejores de Nueva York - El Digital de Asturias","og:description":"Madrid, 27 nov (EFE).- Ha llamado a su sexto disco &quot;In bloom&quot; porque es as\u00ed como ella se siente, &quot;florecida&quot;, y porque a sus 41 a\u00f1os, la cantante &quot;hondure\u00f1a-sevillana&quot; Eva Cort\u00e9s ha logrado su sue\u00f1o, grabar con &quot;los mejores&quot; del jazz en la meca musical de este estilo, Nueva York, y hacer exactamente lo que","og:url":"https:\/\/www.eldigitaldeasturias.com\/noticias\/eva-cortes-florece-en-in-bloom-un-sueno-con-los-mejores-de-nueva-york\/","article:tag":["revista de ocio"],"article:published_time":"2013-11-27T23:44:57+00:00","article:modified_time":"2013-11-27T23:44:57+00:00","article:publisher":"https:\/\/facebook.com\/eldigitaldeasturias","twitter:card":"summary_large_image","twitter:title":"Eva Cort\u00e9s florece en \u00abIn bloom\u00bb, \u00abun sue\u00f1o\u00bb con los mejores de Nueva York - El Digital de Asturias","twitter:description":"Madrid, 27 nov (EFE).- Ha llamado a su sexto disco &quot;In bloom&quot; porque es as\u00ed como ella se siente, &quot;florecida&quot;, y porque a sus 41 a\u00f1os, la cantante &quot;hondure\u00f1a-sevillana&quot; Eva Cort\u00e9s ha logrado su sue\u00f1o, grabar con &quot;los mejores&quot; del jazz en la meca musical de este estilo, Nueva York, y hacer exactamente lo que","twitter:label1":"Escrito por","twitter:data1":"El Digital de Asturias","twitter:label2":"Tiempo de lectura estimado","twitter:data2":"4 minutos"},"aioseo_meta_data":{"post_id":"455026","title":null,"description":null,"keywords":null,"keyphrases":null,"primary_term":null,"canonical_url":null,"og_title":null,"og_description":null,"og_object_type":"default","og_image_type":"default","og_image_url":null,"og_image_width":null,"og_image_height":null,"og_image_custom_url":null,"og_image_custom_fields":null,"og_video":null,"og_custom_url":null,"og_article_section":null,"og_article_tags":null,"twitter_use_og":true,"twitter_card":"default","twitter_image_type":"default","twitter_image_url":null,"twitter_image_custom_url":null,"twitter_image_custom_fields":null,"twitter_title":null,"twitter_description":null,"schema":{"blockGraphs":[],"customGraphs":[],"default":{"data":{"Article":[],"Course":[],"Dataset":[],"FAQPage":[],"Movie":[],"Person":[],"Product":[],"ProductReview":[],"Car":[],"Recipe":[],"Service":[],"SoftwareApplication":[],"WebPage":[]},"graphName":"","isEnabled":true},"graphs":[],"defaultGraph":"","defaultPostTypeGraph":""},"schema_type":null,"schema_type_options":null,"pillar_content":false,"robots_default":true,"robots_noindex":false,"robots_noarchive":false,"robots_nosnippet":false,"robots_nofollow":false,"robots_noimageindex":false,"robots_noodp":false,"robots_notranslate":false,"robots_max_snippet":null,"robots_max_videopreview":null,"robots_max_imagepreview":"none","priority":null,"frequency":null,"local_seo":null,"seo_analyzer_scan_date":"2026-05-29 16:47:56","breadcrumb_settings":null,"limit_modified_date":false,"open_ai":null,"ai":null,"created":"2020-11-14 22:45:11","updated":"2026-05-29 16:47:56","focus_keyword":null,"additional_keywords":null,"truseo_locale":null},"aioseo_breadcrumb":"<div class=\"aioseo-breadcrumbs\"><span class=\"aioseo-breadcrumb\">\n\t<a href=\"https:\/\/www.eldigitaldeasturias.com\/noticias\" title=\"Home\">Home<\/a>\n<\/span><span class=\"aioseo-breadcrumb-separator\">\u2013<\/span><span class=\"aioseo-breadcrumb\">\n\t<a href=\"https:\/\/www.eldigitaldeasturias.com\/noticias\/category\/revista-de-ocio\/\" title=\"Revista de Ocio\">Revista de Ocio<\/a>\n<\/span><span class=\"aioseo-breadcrumb-separator\">\u2013<\/span><span class=\"aioseo-breadcrumb\">\n\t<a href=\"https:\/\/www.eldigitaldeasturias.com\/noticias\/eva-cortes-florece-en-in-bloom-un-sueno-con-los-mejores-de-nueva-york\/\" title=\"Eva Cort\u00e9s florece en \u00abIn bloom\u00bb, \u00abun sue\u00f1o\u00bb con los mejores de Nueva York\">Eva Cort\u00e9s florece en \u00abIn bloom\u00bb, \u00abun sue\u00f1o\u00bb con los mejores de Nueva York<\/a>\n<\/span><\/div>","aioseo_breadcrumb_json":[{"label":"Home","link":"https:\/\/www.eldigitaldeasturias.com\/noticias"},{"label":"Revista de Ocio","link":"https:\/\/www.eldigitaldeasturias.com\/noticias\/category\/revista-de-ocio\/"},{"label":"Eva Cort\u00e9s florece en \u00abIn bloom\u00bb, \u00abun sue\u00f1o\u00bb con los mejores de Nueva York","link":"https:\/\/www.eldigitaldeasturias.com\/noticias\/eva-cortes-florece-en-in-bloom-un-sueno-con-los-mejores-de-nueva-york\/"}],"_links":{"self":[{"href":"https:\/\/www.eldigitaldeasturias.com\/noticias\/wp-json\/wp\/v2\/posts\/455026","targetHints":{"allow":["GET"]}}],"collection":[{"href":"https:\/\/www.eldigitaldeasturias.com\/noticias\/wp-json\/wp\/v2\/posts"}],"about":[{"href":"https:\/\/www.eldigitaldeasturias.com\/noticias\/wp-json\/wp\/v2\/types\/post"}],"author":[{"embeddable":true,"href":"https:\/\/www.eldigitaldeasturias.com\/noticias\/wp-json\/wp\/v2\/users\/1"}],"replies":[{"embeddable":true,"href":"https:\/\/www.eldigitaldeasturias.com\/noticias\/wp-json\/wp\/v2\/comments?post=455026"}],"version-history":[{"count":0,"href":"https:\/\/www.eldigitaldeasturias.com\/noticias\/wp-json\/wp\/v2\/posts\/455026\/revisions"}],"wp:attachment":[{"href":"https:\/\/www.eldigitaldeasturias.com\/noticias\/wp-json\/wp\/v2\/media?parent=455026"}],"wp:term":[{"taxonomy":"category","embeddable":true,"href":"https:\/\/www.eldigitaldeasturias.com\/noticias\/wp-json\/wp\/v2\/categories?post=455026"},{"taxonomy":"post_tag","embeddable":true,"href":"https:\/\/www.eldigitaldeasturias.com\/noticias\/wp-json\/wp\/v2\/tags?post=455026"}],"curies":[{"name":"wp","href":"https:\/\/api.w.org\/{rel}","templated":true}]}}