{"id":455020,"date":"2013-11-27T22:41:03","date_gmt":"2013-11-27T23:41:03","guid":{"rendered":"http:\/\/www.eldigitaldeasturias.com\/noticias\/?p=455020"},"modified":"2013-11-27T22:41:03","modified_gmt":"2013-11-27T23:41:03","slug":"disenadores-de-la-080-barcelona-fashion-desfilaran-en-the-shopping-night","status":"publish","type":"post","link":"https:\/\/www.eldigitaldeasturias.com\/noticias\/disenadores-de-la-080-barcelona-fashion-desfilaran-en-the-shopping-night\/","title":{"rendered":"Dise\u00f1adores de la 080 Barcelona Fashion desfilar\u00e1n en The Shopping Night"},"content":{"rendered":"<p><img loading=\"lazy\" decoding=\"async\" class=\"alignleft size-medium wp-image-455021\" alt=\"5757149m\" src=\"https:\/\/www.eldigitaldeasturias.com\/noticias\/wp-content\/uploads\/2013\/11\/5757149m-208x320.jpg\" width=\"208\" height=\"320\" \/>Barcelona, 27 nov (EFE).- Los dise\u00f1adores Celia Vela, Juan Pedro L\u00f3pez, Zazo &amp; Brull, Brain &amp; Beast y Selim de Somavilla presentar\u00e1n ma\u00f1ana por la noche una selecci\u00f3n de sus colecciones durante un desfile que se celebrar\u00e1 en el paseo de Gr\u00e0cia, con motivo del Shopping Night Barcelona.<\/p>\n<p>Estos cinco dise\u00f1adores, miembros todos de la pasarela institucional 080 Barcelona Fashion, exhibir\u00e1n sus creaciones en la pasarela Pr\u00eat-\u00e0-Danser, que se ubicar\u00e1 entre las calles Gran Via y Casp, seg\u00fan fuentes del gobierno auton\u00f3mico.<\/p>\n<p>De este modo, la Generalitat apoya la cuarta edici\u00f3n de Shopping Night Barcelona, una iniciativa privada promovida por la Asociaci\u00f3n Amigos del paseo de Gr\u00e0cia con el objetivo de promocionar la ciudad como destino de compras, moda y estilo de vida y que tambi\u00e9n cuenta con el apoyo t\u00e9cnico del consistorio.<\/p>\n<p>La soprano Montserrat Mart\u00ed y el actor Jos\u00e9 Corbacho son los padrinos de esta edici\u00f3n de Shopping Night Barcelona, que se celebrar\u00e1 ma\u00f1ana por la noche en el paseo de Gr\u00e0cia y calles adyacentes.<\/p>\n<p>Esta cuarta edici\u00f3n contar\u00e1 con la \u00f3pera como hilo conductor, ya que este a\u00f1o se celebra el bicentenario del nacimiento de Guiseppe Verdi y Richard Wagner, por lo que los espacios designados se han bautizado como Valhalla, Valquiria, Trovatore, Rigoletto o Espacio \u00d3pera.<\/p>\n<p>Entre las firmas participantes destacan Santa Eulalia, Swarosvski, Guess, Benetton, Lupo, Mango, Bimba&amp;Lola, Massimo Dutti, Caramelo, Calzedonia, Timberland, Lacoste, Zara, Uterque, Tous, Scalpers, Lacoste, Javier Simorra, Geox, Liu Jo, Styling Alta Costura o Punto Blanco.<\/p>\n<p>Tambi\u00e9n abrir\u00e1n sus puertas doce hoteles de lujo, como el Mandarin Oriental, Condes de Barcelona, Majestic, Claris, Avenida Palace , Hotel Omm o Gallery y once locales de restauraci\u00f3n de alta categor\u00eda, como El Tragaluz, El Japon\u00e9s, El principal, Sushi Shop o el Caf\u00e9 de la Pedrera, entre otros.<\/p>\n<p>El paseo de Gr\u00e0cia es la zona de compras de Espa\u00f1a en la que m\u00e1s ha crecido el turismo no comunitario este a\u00f1o y representa el 27 % de todas las ventas de Espa\u00f1a y el 60 % de las hechas en Barcelona, seg\u00fan datos de Amigos del paseo de Gr\u00e0cia, facilitados a Efe.<\/p>\n<p>El cartel representativo de esta edici\u00f3n, en el que aparece el rostro de Jos\u00e9 Corbacho con diferentes expresiones, que van de la seriedad a la m\u00e1s sonora carcajada, ataviado con pajarita y sentado en un patio de butacas, ha sido obra del fot\u00f3grafo Jaume de la Iguana.<\/p>\n","protected":false},"excerpt":{"rendered":"<p>Barcelona, 27 nov (EFE).- Los dise\u00f1adores Celia Vela, Juan Pedro L\u00f3pez, Zazo &amp; Brull, Brain &amp; Beast y Selim de Somavilla presentar\u00e1n ma\u00f1ana por la noche una selecci\u00f3n de sus colecciones durante un desfile que se celebrar\u00e1 en el paseo de Gr\u00e0cia, con motivo del Shopping Night Barcelona. Estos cinco dise\u00f1adores, miembros todos de la [&hellip;]<\/p>\n","protected":false},"author":1,"featured_media":455021,"comment_status":"open","ping_status":"open","sticky":false,"template":"","format":"standard","meta":{"footnotes":""},"categories":[50],"tags":[],"class_list":["post-455020","post","type-post","status-publish","format-standard","has-post-thumbnail","hentry","category-revista-de-ocio"],"aioseo_notices":[],"aioseo_head":"\n\t\t<!-- All in One SEO Pro 5.0.1 - aioseo.com -->\n\t<meta name=\"description\" content=\"Barcelona, 27 nov (EFE).- Los dise\u00f1adores Celia Vela, Juan Pedro L\u00f3pez, Zazo &amp; Brull, Brain &amp; Beast y Selim de Somavilla presentar\u00e1n ma\u00f1ana por la noche una selecci\u00f3n de sus colecciones durante un desfile que se celebrar\u00e1 en el paseo de Gr\u00e0cia, con motivo del Shopping Night Barcelona. Estos cinco dise\u00f1adores, miembros todos de la\" \/>\n\t<meta name=\"robots\" content=\"max-image-preview:large\" \/>\n\t<meta name=\"author\" content=\"El Digital de Asturias\"\/>\n\t<meta name=\"google-site-verification\" content=\"UA-38556648-1\" \/>\n\t<meta name=\"msvalidate.01\" content=\"7dfe9f3f1b24437ab69f4f2559babe99\" \/>\n\t<meta name=\"keywords\" content=\"revista de ocio\" \/>\n\t<link rel=\"canonical\" href=\"https:\/\/www.eldigitaldeasturias.com\/noticias\/disenadores-de-la-080-barcelona-fashion-desfilaran-en-the-shopping-night\/\" \/>\n\t<meta name=\"generator\" content=\"All in One SEO Pro (AIOSEO) 5.0.1\" \/>\n\t\t<meta property=\"og:locale\" content=\"es_ES\" \/>\n\t\t<meta property=\"og:site_name\" content=\"El Digital de Asturias\" \/>\n\t\t<meta property=\"og:type\" content=\"article\" \/>\n\t\t<meta property=\"og:title\" content=\"Dise\u00f1adores de la 080 Barcelona Fashion desfilar\u00e1n en The Shopping Night - El Digital de Asturias\" \/>\n\t\t<meta property=\"og:description\" content=\"Barcelona, 27 nov (EFE).- Los dise\u00f1adores Celia Vela, Juan Pedro L\u00f3pez, Zazo &amp; Brull, Brain &amp; Beast y Selim de Somavilla presentar\u00e1n ma\u00f1ana por la noche una selecci\u00f3n de sus colecciones durante un desfile que se celebrar\u00e1 en el paseo de Gr\u00e0cia, con motivo del Shopping Night Barcelona. Estos cinco dise\u00f1adores, miembros todos de la\" \/>\n\t\t<meta property=\"og:url\" content=\"https:\/\/www.eldigitaldeasturias.com\/noticias\/disenadores-de-la-080-barcelona-fashion-desfilaran-en-the-shopping-night\/\" \/>\n\t\t<meta property=\"article:tag\" content=\"revista de ocio\" \/>\n\t\t<meta property=\"article:published_time\" content=\"2013-11-27T23:41:03+00:00\" \/>\n\t\t<meta property=\"article:modified_time\" content=\"2013-11-27T23:41:03+00:00\" \/>\n\t\t<meta property=\"article:publisher\" content=\"https:\/\/facebook.com\/eldigitaldeasturias\" \/>\n\t\t<meta name=\"twitter:card\" content=\"summary_large_image\" \/>\n\t\t<meta name=\"twitter:title\" content=\"Dise\u00f1adores de la 080 Barcelona Fashion desfilar\u00e1n en The Shopping Night - El Digital de Asturias\" \/>\n\t\t<meta name=\"twitter:description\" content=\"Barcelona, 27 nov (EFE).- Los dise\u00f1adores Celia Vela, Juan Pedro L\u00f3pez, Zazo &amp; Brull, Brain &amp; Beast y Selim de Somavilla presentar\u00e1n ma\u00f1ana por la noche una selecci\u00f3n de sus colecciones durante un desfile que se celebrar\u00e1 en el paseo de Gr\u00e0cia, con motivo del Shopping Night Barcelona. Estos cinco dise\u00f1adores, miembros todos de la\" \/>\n\t\t<meta name=\"twitter:label1\" content=\"Escrito por\" \/>\n\t\t<meta name=\"twitter:data1\" content=\"El Digital de Asturias\" \/>\n\t\t<meta name=\"twitter:label2\" content=\"Tiempo de lectura estimado\" \/>\n\t\t<meta name=\"twitter:data2\" content=\"2 minutos\" \/>\n\t\t<script type=\"application\/ld+json\" class=\"aioseo-schema\">\n\t\t\t{\"@context\":\"https:\\\/\\\/schema.org\",\"@graph\":[{\"@type\":\"BlogPosting\",\"@id\":\"https:\\\/\\\/www.eldigitaldeasturias.com\\\/noticias\\\/disenadores-de-la-080-barcelona-fashion-desfilaran-en-the-shopping-night\\\/#blogposting\",\"name\":\"Dise\\u00f1adores de la 080 Barcelona Fashion desfilar\\u00e1n en The Shopping Night - El Digital de Asturias\",\"headline\":\"Dise\\u00f1adores de la 080 Barcelona Fashion desfilar\\u00e1n en The Shopping Night\",\"author\":{\"@id\":\"https:\\\/\\\/www.eldigitaldeasturias.com\\\/noticias\\\/author\\\/admin\\\/#author\"},\"publisher\":{\"@id\":\"https:\\\/\\\/www.eldigitaldeasturias.com\\\/noticias\\\/#organization\"},\"image\":{\"@type\":\"ImageObject\",\"url\":455021},\"datePublished\":\"2013-11-27T22:41:03+01:00\",\"dateModified\":\"2013-11-27T22:41:03+01:00\",\"inLanguage\":\"es-ES\",\"mainEntityOfPage\":{\"@id\":\"https:\\\/\\\/www.eldigitaldeasturias.com\\\/noticias\\\/disenadores-de-la-080-barcelona-fashion-desfilaran-en-the-shopping-night\\\/#webpage\"},\"isPartOf\":{\"@id\":\"https:\\\/\\\/www.eldigitaldeasturias.com\\\/noticias\\\/disenadores-de-la-080-barcelona-fashion-desfilaran-en-the-shopping-night\\\/#webpage\"},\"articleSection\":\"Revista de Ocio\"},{\"@type\":\"BreadcrumbList\",\"@id\":\"https:\\\/\\\/www.eldigitaldeasturias.com\\\/noticias\\\/disenadores-de-la-080-barcelona-fashion-desfilaran-en-the-shopping-night\\\/#breadcrumblist\",\"itemListElement\":[{\"@type\":\"ListItem\",\"@id\":\"https:\\\/\\\/www.eldigitaldeasturias.com\\\/noticias#listItem\",\"position\":1,\"name\":\"Home\",\"item\":\"https:\\\/\\\/www.eldigitaldeasturias.com\\\/noticias\",\"nextItem\":{\"@type\":\"ListItem\",\"@id\":\"https:\\\/\\\/www.eldigitaldeasturias.com\\\/noticias\\\/category\\\/revista-de-ocio\\\/#listItem\",\"name\":\"Revista de Ocio\"}},{\"@type\":\"ListItem\",\"@id\":\"https:\\\/\\\/www.eldigitaldeasturias.com\\\/noticias\\\/category\\\/revista-de-ocio\\\/#listItem\",\"position\":2,\"name\":\"Revista de Ocio\",\"item\":\"https:\\\/\\\/www.eldigitaldeasturias.com\\\/noticias\\\/category\\\/revista-de-ocio\\\/\",\"nextItem\":{\"@type\":\"ListItem\",\"@id\":\"https:\\\/\\\/www.eldigitaldeasturias.com\\\/noticias\\\/disenadores-de-la-080-barcelona-fashion-desfilaran-en-the-shopping-night\\\/#listItem\",\"name\":\"Dise\\u00f1adores de la 080 Barcelona Fashion desfilar\\u00e1n en The Shopping Night\"},\"previousItem\":{\"@type\":\"ListItem\",\"@id\":\"https:\\\/\\\/www.eldigitaldeasturias.com\\\/noticias#listItem\",\"name\":\"Home\"}},{\"@type\":\"ListItem\",\"@id\":\"https:\\\/\\\/www.eldigitaldeasturias.com\\\/noticias\\\/disenadores-de-la-080-barcelona-fashion-desfilaran-en-the-shopping-night\\\/#listItem\",\"position\":3,\"name\":\"Dise\\u00f1adores de la 080 Barcelona Fashion desfilar\\u00e1n en The Shopping Night\",\"previousItem\":{\"@type\":\"ListItem\",\"@id\":\"https:\\\/\\\/www.eldigitaldeasturias.com\\\/noticias\\\/category\\\/revista-de-ocio\\\/#listItem\",\"name\":\"Revista de Ocio\"}}]},{\"@type\":\"Organization\",\"@id\":\"https:\\\/\\\/www.eldigitaldeasturias.com\\\/noticias\\\/#organization\",\"name\":\"El Digital de Asturias\",\"description\":\"Hemeroteca\",\"url\":\"https:\\\/\\\/www.eldigitaldeasturias.com\\\/noticias\\\/\",\"email\":\"info@eldigitaldeasturias.com\",\"telephone\":\"+34652131393\",\"logo\":{\"@type\":\"ImageObject\",\"url\":\"https:\\\/\\\/www.eldigitaldeasturias.com\\\/noticias\\\/wp-content\\\/uploads\\\/2020\\\/12\\\/EDA.jpg\",\"@id\":\"https:\\\/\\\/www.eldigitaldeasturias.com\\\/noticias\\\/disenadores-de-la-080-barcelona-fashion-desfilaran-en-the-shopping-night\\\/#organizationLogo\"},\"image\":{\"@id\":\"https:\\\/\\\/www.eldigitaldeasturias.com\\\/noticias\\\/disenadores-de-la-080-barcelona-fashion-desfilaran-en-the-shopping-night\\\/#organizationLogo\"},\"sameAs\":[\"https:\\\/\\\/facebook.com\\\/eldigitaldeasturias\",\"https:\\\/\\\/www.youtube.com\\\/channel\\\/UCZP-2wLEB9Rv6erhFmqVnvg\"],\"address\":{\"@id\":\"https:\\\/\\\/www.eldigitaldeasturias.com\\\/noticias\\\/#postaladdress\",\"@type\":\"PostalAddress\",\"streetAddress\":\"san antonio 4\",\"postalCode\":\"33430\",\"addressLocality\":\"Cand\\u00e1s\",\"addressRegion\":\"Asturias\",\"addressCountry\":\"ES\"}},{\"@type\":\"Person\",\"@id\":\"https:\\\/\\\/www.eldigitaldeasturias.com\\\/noticias\\\/author\\\/admin\\\/#author\",\"url\":\"https:\\\/\\\/www.eldigitaldeasturias.com\\\/noticias\\\/author\\\/admin\\\/\",\"name\":\"El Digital de Asturias\",\"image\":{\"@type\":\"ImageObject\",\"@id\":\"https:\\\/\\\/www.eldigitaldeasturias.com\\\/noticias\\\/disenadores-de-la-080-barcelona-fashion-desfilaran-en-the-shopping-night\\\/#authorImage\",\"url\":\"https:\\\/\\\/secure.gravatar.com\\\/avatar\\\/df2aeffc32bcd13f8d26072ef8a91b623d677766deac7f97ca815868cd41bf5e?s=96&d=mm&r=g\",\"width\":96,\"height\":96,\"caption\":\"El Digital de Asturias\"}},{\"@type\":\"WebPage\",\"@id\":\"https:\\\/\\\/www.eldigitaldeasturias.com\\\/noticias\\\/disenadores-de-la-080-barcelona-fashion-desfilaran-en-the-shopping-night\\\/#webpage\",\"url\":\"https:\\\/\\\/www.eldigitaldeasturias.com\\\/noticias\\\/disenadores-de-la-080-barcelona-fashion-desfilaran-en-the-shopping-night\\\/\",\"name\":\"Dise\\u00f1adores de la 080 Barcelona Fashion desfilar\\u00e1n en The Shopping Night - El Digital de Asturias\",\"description\":\"Barcelona, 27 nov (EFE).- Los dise\\u00f1adores Celia Vela, Juan Pedro L\\u00f3pez, Zazo & Brull, Brain & Beast y Selim de Somavilla presentar\\u00e1n ma\\u00f1ana por la noche una selecci\\u00f3n de sus colecciones durante un desfile que se celebrar\\u00e1 en el paseo de Gr\\u00e0cia, con motivo del Shopping Night Barcelona. Estos cinco dise\\u00f1adores, miembros todos de la\",\"inLanguage\":\"es-ES\",\"isPartOf\":{\"@id\":\"https:\\\/\\\/www.eldigitaldeasturias.com\\\/noticias\\\/#website\"},\"breadcrumb\":{\"@id\":\"https:\\\/\\\/www.eldigitaldeasturias.com\\\/noticias\\\/disenadores-de-la-080-barcelona-fashion-desfilaran-en-the-shopping-night\\\/#breadcrumblist\"},\"author\":{\"@id\":\"https:\\\/\\\/www.eldigitaldeasturias.com\\\/noticias\\\/author\\\/admin\\\/#author\"},\"creator\":{\"@id\":\"https:\\\/\\\/www.eldigitaldeasturias.com\\\/noticias\\\/author\\\/admin\\\/#author\"},\"image\":{\"@type\":\"ImageObject\",\"url\":455021,\"@id\":\"https:\\\/\\\/www.eldigitaldeasturias.com\\\/noticias\\\/disenadores-de-la-080-barcelona-fashion-desfilaran-en-the-shopping-night\\\/#mainImage\"},\"primaryImageOfPage\":{\"@id\":\"https:\\\/\\\/www.eldigitaldeasturias.com\\\/noticias\\\/disenadores-de-la-080-barcelona-fashion-desfilaran-en-the-shopping-night\\\/#mainImage\"},\"datePublished\":\"2013-11-27T22:41:03+01:00\",\"dateModified\":\"2013-11-27T22:41:03+01:00\"},{\"@type\":\"WebSite\",\"@id\":\"https:\\\/\\\/www.eldigitaldeasturias.com\\\/noticias\\\/#website\",\"url\":\"https:\\\/\\\/www.eldigitaldeasturias.com\\\/noticias\\\/\",\"name\":\"El Digital de Asturias - Diario de actualidad y noticias\",\"alternateName\":\"El Digital de Asturias - Diario de actualidad y noticias\",\"description\":\"Hemeroteca\",\"inLanguage\":\"es-ES\",\"publisher\":{\"@id\":\"https:\\\/\\\/www.eldigitaldeasturias.com\\\/noticias\\\/#organization\"}}]}\n\t\t<\/script>\n\t\t<!-- All in One SEO Pro -->\r\n\t\t<title>Dise\u00f1adores de la 080 Barcelona Fashion desfilar\u00e1n en The Shopping Night - El Digital de Asturias<\/title>\n\n","aioseo_head_json":{"title":"Dise\u00f1adores de la 080 Barcelona Fashion desfilar\u00e1n en The Shopping Night - El Digital de Asturias","description":"Barcelona, 27 nov (EFE).- Los dise\u00f1adores Celia Vela, Juan Pedro L\u00f3pez, Zazo & Brull, Brain & Beast y Selim de Somavilla presentar\u00e1n ma\u00f1ana por la noche una selecci\u00f3n de sus colecciones durante un desfile que se celebrar\u00e1 en el paseo de Gr\u00e0cia, con motivo del Shopping Night Barcelona. Estos cinco dise\u00f1adores, miembros todos de la","canonical_url":"https:\/\/www.eldigitaldeasturias.com\/noticias\/disenadores-de-la-080-barcelona-fashion-desfilaran-en-the-shopping-night\/","robots":"max-image-preview:large","keywords":"revista de ocio","webmasterTools":{"google-site-verification":"UA-38556648-1","msvalidate.01":"7dfe9f3f1b24437ab69f4f2559babe99","miscellaneous":""},"schema":{"@context":"https:\/\/schema.org","@graph":[{"@type":"BlogPosting","@id":"https:\/\/www.eldigitaldeasturias.com\/noticias\/disenadores-de-la-080-barcelona-fashion-desfilaran-en-the-shopping-night\/#blogposting","name":"Dise\u00f1adores de la 080 Barcelona Fashion desfilar\u00e1n en The Shopping Night - El Digital de Asturias","headline":"Dise\u00f1adores de la 080 Barcelona Fashion desfilar\u00e1n en The Shopping Night","author":{"@id":"https:\/\/www.eldigitaldeasturias.com\/noticias\/author\/admin\/#author"},"publisher":{"@id":"https:\/\/www.eldigitaldeasturias.com\/noticias\/#organization"},"image":{"@type":"ImageObject","url":455021},"datePublished":"2013-11-27T22:41:03+01:00","dateModified":"2013-11-27T22:41:03+01:00","inLanguage":"es-ES","mainEntityOfPage":{"@id":"https:\/\/www.eldigitaldeasturias.com\/noticias\/disenadores-de-la-080-barcelona-fashion-desfilaran-en-the-shopping-night\/#webpage"},"isPartOf":{"@id":"https:\/\/www.eldigitaldeasturias.com\/noticias\/disenadores-de-la-080-barcelona-fashion-desfilaran-en-the-shopping-night\/#webpage"},"articleSection":"Revista de Ocio"},{"@type":"BreadcrumbList","@id":"https:\/\/www.eldigitaldeasturias.com\/noticias\/disenadores-de-la-080-barcelona-fashion-desfilaran-en-the-shopping-night\/#breadcrumblist","itemListElement":[{"@type":"ListItem","@id":"https:\/\/www.eldigitaldeasturias.com\/noticias#listItem","position":1,"name":"Home","item":"https:\/\/www.eldigitaldeasturias.com\/noticias","nextItem":{"@type":"ListItem","@id":"https:\/\/www.eldigitaldeasturias.com\/noticias\/category\/revista-de-ocio\/#listItem","name":"Revista de Ocio"}},{"@type":"ListItem","@id":"https:\/\/www.eldigitaldeasturias.com\/noticias\/category\/revista-de-ocio\/#listItem","position":2,"name":"Revista de Ocio","item":"https:\/\/www.eldigitaldeasturias.com\/noticias\/category\/revista-de-ocio\/","nextItem":{"@type":"ListItem","@id":"https:\/\/www.eldigitaldeasturias.com\/noticias\/disenadores-de-la-080-barcelona-fashion-desfilaran-en-the-shopping-night\/#listItem","name":"Dise\u00f1adores de la 080 Barcelona Fashion desfilar\u00e1n en The Shopping Night"},"previousItem":{"@type":"ListItem","@id":"https:\/\/www.eldigitaldeasturias.com\/noticias#listItem","name":"Home"}},{"@type":"ListItem","@id":"https:\/\/www.eldigitaldeasturias.com\/noticias\/disenadores-de-la-080-barcelona-fashion-desfilaran-en-the-shopping-night\/#listItem","position":3,"name":"Dise\u00f1adores de la 080 Barcelona Fashion desfilar\u00e1n en The Shopping Night","previousItem":{"@type":"ListItem","@id":"https:\/\/www.eldigitaldeasturias.com\/noticias\/category\/revista-de-ocio\/#listItem","name":"Revista de Ocio"}}]},{"@type":"Organization","@id":"https:\/\/www.eldigitaldeasturias.com\/noticias\/#organization","name":"El Digital de Asturias","description":"Hemeroteca","url":"https:\/\/www.eldigitaldeasturias.com\/noticias\/","email":"info@eldigitaldeasturias.com","telephone":"+34652131393","logo":{"@type":"ImageObject","url":"https:\/\/www.eldigitaldeasturias.com\/noticias\/wp-content\/uploads\/2020\/12\/EDA.jpg","@id":"https:\/\/www.eldigitaldeasturias.com\/noticias\/disenadores-de-la-080-barcelona-fashion-desfilaran-en-the-shopping-night\/#organizationLogo"},"image":{"@id":"https:\/\/www.eldigitaldeasturias.com\/noticias\/disenadores-de-la-080-barcelona-fashion-desfilaran-en-the-shopping-night\/#organizationLogo"},"sameAs":["https:\/\/facebook.com\/eldigitaldeasturias","https:\/\/www.youtube.com\/channel\/UCZP-2wLEB9Rv6erhFmqVnvg"],"address":{"@id":"https:\/\/www.eldigitaldeasturias.com\/noticias\/#postaladdress","@type":"PostalAddress","streetAddress":"san antonio 4","postalCode":"33430","addressLocality":"Cand\u00e1s","addressRegion":"Asturias","addressCountry":"ES"}},{"@type":"Person","@id":"https:\/\/www.eldigitaldeasturias.com\/noticias\/author\/admin\/#author","url":"https:\/\/www.eldigitaldeasturias.com\/noticias\/author\/admin\/","name":"El Digital de Asturias","image":{"@type":"ImageObject","@id":"https:\/\/www.eldigitaldeasturias.com\/noticias\/disenadores-de-la-080-barcelona-fashion-desfilaran-en-the-shopping-night\/#authorImage","url":"https:\/\/secure.gravatar.com\/avatar\/df2aeffc32bcd13f8d26072ef8a91b623d677766deac7f97ca815868cd41bf5e?s=96&d=mm&r=g","width":96,"height":96,"caption":"El Digital de Asturias"}},{"@type":"WebPage","@id":"https:\/\/www.eldigitaldeasturias.com\/noticias\/disenadores-de-la-080-barcelona-fashion-desfilaran-en-the-shopping-night\/#webpage","url":"https:\/\/www.eldigitaldeasturias.com\/noticias\/disenadores-de-la-080-barcelona-fashion-desfilaran-en-the-shopping-night\/","name":"Dise\u00f1adores de la 080 Barcelona Fashion desfilar\u00e1n en The Shopping Night - El Digital de Asturias","description":"Barcelona, 27 nov (EFE).- Los dise\u00f1adores Celia Vela, Juan Pedro L\u00f3pez, Zazo & Brull, Brain & Beast y Selim de Somavilla presentar\u00e1n ma\u00f1ana por la noche una selecci\u00f3n de sus colecciones durante un desfile que se celebrar\u00e1 en el paseo de Gr\u00e0cia, con motivo del Shopping Night Barcelona. Estos cinco dise\u00f1adores, miembros todos de la","inLanguage":"es-ES","isPartOf":{"@id":"https:\/\/www.eldigitaldeasturias.com\/noticias\/#website"},"breadcrumb":{"@id":"https:\/\/www.eldigitaldeasturias.com\/noticias\/disenadores-de-la-080-barcelona-fashion-desfilaran-en-the-shopping-night\/#breadcrumblist"},"author":{"@id":"https:\/\/www.eldigitaldeasturias.com\/noticias\/author\/admin\/#author"},"creator":{"@id":"https:\/\/www.eldigitaldeasturias.com\/noticias\/author\/admin\/#author"},"image":{"@type":"ImageObject","url":455021,"@id":"https:\/\/www.eldigitaldeasturias.com\/noticias\/disenadores-de-la-080-barcelona-fashion-desfilaran-en-the-shopping-night\/#mainImage"},"primaryImageOfPage":{"@id":"https:\/\/www.eldigitaldeasturias.com\/noticias\/disenadores-de-la-080-barcelona-fashion-desfilaran-en-the-shopping-night\/#mainImage"},"datePublished":"2013-11-27T22:41:03+01:00","dateModified":"2013-11-27T22:41:03+01:00"},{"@type":"WebSite","@id":"https:\/\/www.eldigitaldeasturias.com\/noticias\/#website","url":"https:\/\/www.eldigitaldeasturias.com\/noticias\/","name":"El Digital de Asturias - Diario de actualidad y noticias","alternateName":"El Digital de Asturias - Diario de actualidad y noticias","description":"Hemeroteca","inLanguage":"es-ES","publisher":{"@id":"https:\/\/www.eldigitaldeasturias.com\/noticias\/#organization"}}]},"og:locale":"es_ES","og:site_name":"El Digital de Asturias","og:type":"article","og:title":"Dise\u00f1adores de la 080 Barcelona Fashion desfilar\u00e1n en The Shopping Night - El Digital de Asturias","og:description":"Barcelona, 27 nov (EFE).- Los dise\u00f1adores Celia Vela, Juan Pedro L\u00f3pez, Zazo &amp; Brull, Brain &amp; Beast y Selim de Somavilla presentar\u00e1n ma\u00f1ana por la noche una selecci\u00f3n de sus colecciones durante un desfile que se celebrar\u00e1 en el paseo de Gr\u00e0cia, con motivo del Shopping Night Barcelona. Estos cinco dise\u00f1adores, miembros todos de la","og:url":"https:\/\/www.eldigitaldeasturias.com\/noticias\/disenadores-de-la-080-barcelona-fashion-desfilaran-en-the-shopping-night\/","article:tag":["revista de ocio"],"article:published_time":"2013-11-27T23:41:03+00:00","article:modified_time":"2013-11-27T23:41:03+00:00","article:publisher":"https:\/\/facebook.com\/eldigitaldeasturias","twitter:card":"summary_large_image","twitter:title":"Dise\u00f1adores de la 080 Barcelona Fashion desfilar\u00e1n en The Shopping Night - El Digital de Asturias","twitter:description":"Barcelona, 27 nov (EFE).- Los dise\u00f1adores Celia Vela, Juan Pedro L\u00f3pez, Zazo &amp; Brull, Brain &amp; Beast y Selim de Somavilla presentar\u00e1n ma\u00f1ana por la noche una selecci\u00f3n de sus colecciones durante un desfile que se celebrar\u00e1 en el paseo de Gr\u00e0cia, con motivo del Shopping Night Barcelona. Estos cinco dise\u00f1adores, miembros todos de la","twitter:label1":"Escrito por","twitter:data1":"El Digital de Asturias","twitter:label2":"Tiempo de lectura estimado","twitter:data2":"2 minutos"},"aioseo_meta_data":{"post_id":"455020","title":null,"description":null,"keywords":null,"keyphrases":null,"primary_term":null,"canonical_url":null,"og_title":null,"og_description":null,"og_object_type":"default","og_image_type":"default","og_image_url":null,"og_image_width":null,"og_image_height":null,"og_image_custom_url":null,"og_image_custom_fields":null,"og_video":null,"og_custom_url":null,"og_article_section":null,"og_article_tags":null,"twitter_use_og":true,"twitter_card":"default","twitter_image_type":"default","twitter_image_url":null,"twitter_image_custom_url":null,"twitter_image_custom_fields":null,"twitter_title":null,"twitter_description":null,"schema":{"blockGraphs":[],"customGraphs":[],"default":{"data":{"Article":[],"Course":[],"Dataset":[],"FAQPage":[],"Movie":[],"Person":[],"Product":[],"ProductReview":[],"Car":[],"Recipe":[],"Service":[],"SoftwareApplication":[],"WebPage":[]},"graphName":"","isEnabled":true},"graphs":[],"defaultGraph":"","defaultPostTypeGraph":""},"schema_type":null,"schema_type_options":null,"pillar_content":false,"robots_default":true,"robots_noindex":false,"robots_noarchive":false,"robots_nosnippet":false,"robots_nofollow":false,"robots_noimageindex":false,"robots_noodp":false,"robots_notranslate":false,"robots_max_snippet":null,"robots_max_videopreview":null,"robots_max_imagepreview":"none","priority":null,"frequency":null,"local_seo":null,"seo_analyzer_scan_date":"2026-05-29 16:45:09","breadcrumb_settings":null,"limit_modified_date":false,"open_ai":null,"ai":null,"created":"2020-11-14 22:45:11","updated":"2026-05-29 16:45:09","focus_keyword":null,"additional_keywords":null,"truseo_locale":null},"aioseo_breadcrumb":"<div class=\"aioseo-breadcrumbs\"><span class=\"aioseo-breadcrumb\">\n\t<a href=\"https:\/\/www.eldigitaldeasturias.com\/noticias\" title=\"Home\">Home<\/a>\n<\/span><span class=\"aioseo-breadcrumb-separator\">\u2013<\/span><span class=\"aioseo-breadcrumb\">\n\t<a href=\"https:\/\/www.eldigitaldeasturias.com\/noticias\/category\/revista-de-ocio\/\" title=\"Revista de Ocio\">Revista de Ocio<\/a>\n<\/span><span class=\"aioseo-breadcrumb-separator\">\u2013<\/span><span class=\"aioseo-breadcrumb\">\n\t<a href=\"https:\/\/www.eldigitaldeasturias.com\/noticias\/disenadores-de-la-080-barcelona-fashion-desfilaran-en-the-shopping-night\/\" title=\"Dise\u00f1adores de la 080 Barcelona Fashion desfilar\u00e1n en The Shopping Night\">Dise\u00f1adores de la 080 Barcelona Fashion desfilar\u00e1n en The Shopping Night<\/a>\n<\/span><\/div>","aioseo_breadcrumb_json":[{"label":"Home","link":"https:\/\/www.eldigitaldeasturias.com\/noticias"},{"label":"Revista de Ocio","link":"https:\/\/www.eldigitaldeasturias.com\/noticias\/category\/revista-de-ocio\/"},{"label":"Dise\u00f1adores de la 080 Barcelona Fashion desfilar\u00e1n en The Shopping Night","link":"https:\/\/www.eldigitaldeasturias.com\/noticias\/disenadores-de-la-080-barcelona-fashion-desfilaran-en-the-shopping-night\/"}],"_links":{"self":[{"href":"https:\/\/www.eldigitaldeasturias.com\/noticias\/wp-json\/wp\/v2\/posts\/455020","targetHints":{"allow":["GET"]}}],"collection":[{"href":"https:\/\/www.eldigitaldeasturias.com\/noticias\/wp-json\/wp\/v2\/posts"}],"about":[{"href":"https:\/\/www.eldigitaldeasturias.com\/noticias\/wp-json\/wp\/v2\/types\/post"}],"author":[{"embeddable":true,"href":"https:\/\/www.eldigitaldeasturias.com\/noticias\/wp-json\/wp\/v2\/users\/1"}],"replies":[{"embeddable":true,"href":"https:\/\/www.eldigitaldeasturias.com\/noticias\/wp-json\/wp\/v2\/comments?post=455020"}],"version-history":[{"count":0,"href":"https:\/\/www.eldigitaldeasturias.com\/noticias\/wp-json\/wp\/v2\/posts\/455020\/revisions"}],"wp:attachment":[{"href":"https:\/\/www.eldigitaldeasturias.com\/noticias\/wp-json\/wp\/v2\/media?parent=455020"}],"wp:term":[{"taxonomy":"category","embeddable":true,"href":"https:\/\/www.eldigitaldeasturias.com\/noticias\/wp-json\/wp\/v2\/categories?post=455020"},{"taxonomy":"post_tag","embeddable":true,"href":"https:\/\/www.eldigitaldeasturias.com\/noticias\/wp-json\/wp\/v2\/tags?post=455020"}],"curies":[{"name":"wp","href":"https:\/\/api.w.org\/{rel}","templated":true}]}}