{"id":455017,"date":"2013-11-27T22:39:11","date_gmt":"2013-11-27T23:39:11","guid":{"rendered":"http:\/\/www.eldigitaldeasturias.com\/noticias\/?p=455017"},"modified":"2013-11-27T22:39:11","modified_gmt":"2013-11-27T23:39:11","slug":"diego-guerrero-quitara-corses-a-la-alta-cocina-con-su-propio-restaurante","status":"publish","type":"post","link":"https:\/\/www.eldigitaldeasturias.com\/noticias\/diego-guerrero-quitara-corses-a-la-alta-cocina-con-su-propio-restaurante\/","title":{"rendered":"Diego Guerrero quitar\u00e1 \u00abcors\u00e9s\u00bb a la alta cocina con su propio restaurante"},"content":{"rendered":"<p><img loading=\"lazy\" decoding=\"async\" class=\"alignleft size-medium wp-image-455018\" alt=\"5757113w\" src=\"https:\/\/www.eldigitaldeasturias.com\/noticias\/wp-content\/uploads\/2013\/11\/5757113w-256x320.jpg\" width=\"256\" height=\"320\" \/>Madrid, 27 nov (EFE).- Diego Guerrero dej\u00f3 Club Allard (Madrid) en octubre con dos estrellas Michelin y en uno de sus mejores momentos creativos. Ahora busca financiaci\u00f3n para abrir en la misma ciudad su propio restaurante, en el que romper\u00e1 con muchas convenciones y clich\u00e9s que encorsetan la alta cocina.<\/p>\n<p>El cocinero alav\u00e9s, uno de los valores de la alta gastronom\u00eda espa\u00f1ola m\u00e1s reconocidos dentro y fuera del pa\u00eds, considera que la apertura del que ser\u00e1 su primer restaurante en propiedad es \u00abun paso l\u00f3gico\u00bb tras una carrera en la que siempre ha trabajado \u00abpara otros\u00bb, por lo que se encuentra \u00abmuy motivado\u00bb, dice en una entrevista con Efe.<\/p>\n<p>Tiene ofertas \u00abpara Madrid y otras ciudades\u00bb, pero siente que por el \u00abtrato y la buena acogida\u00bb que le ha dispensado la capital espa\u00f1ola, donde se siente \u00aba gusto\u00bb, es el lugar para arrancar su \u00abprimera propuesta personal\u00bb.<\/p>\n<p>Ser\u00e1 Diego Guerrero en estado puro. Alta cocina con diversi\u00f3n, que es su distintivo, en un ambiente que romper\u00e1 con los par\u00e1metros del lujo que encorsetan la alta gastronom\u00eda y coh\u00edben al comensal, y con una relaci\u00f3n muy cercana con el cliente.<\/p>\n<p>\u00abEl 90 % de los clientes quiere ver la cocina, hablar con el cocinero y su equipo. En mi restaurante sacar\u00e9 al equipo fuera y llevar\u00e9 al cliente dentro\u00bb, explica el chef, quien trasladar\u00e1 la cocina al centro de la sala.<\/p>\n<p>\u00abCuando llegues, te tomas un aperitivo conmigo en la barra del bar, en un ambiente relajado, sin cors\u00e9s, porque quiero que la gente no se sienta cohibida y disfrute desde el momento en que entre. Luego te acompa\u00f1o a la mesa y despu\u00e9s te doy el postre en la cocina, conmigo y el equipo. Quiero dar al cliente una experiencia integral y \u00fanica\u00bb, detalla.<\/p>\n<p>Anuncia que har\u00e1 \u00abcosas que nunca se han hecho\u00bb, algo \u00abdif\u00edcil\u00bb por el elevado nivel de la culinaria espa\u00f1ola, con una \u00abidentidad propia\u00bb que \u00abcomplemente\u00bb la oferta gastron\u00f3mica madrile\u00f1a. \u00abQuiero revolucionar algo en Madrid, y con este formato Michelin -que ya le concedi\u00f3 estrellas en 2007 y 2012- volver\u00e1, porque espero que les guste mi concepto y mi valent\u00eda\u00bb, a\u00f1ade.<\/p>\n<p>No s\u00f3lo su valent\u00eda en los fogones, sino tambi\u00e9n la que le llev\u00f3 a marcharse del Club Allard despu\u00e9s de diez a\u00f1os de \u00e9xito de cr\u00edtica y p\u00fablico. \u00abMe fui sin nada, dej\u00e1ndoles los deberes hechos y, aunque me da mucho v\u00e9rtigo ser cocinero-empresario, lo cierto es que he sido gestor toda mi carrera profesional. Lo \u00fanico que tengo es un par y una idea\u00bb, refiere.<\/p>\n<p>Aunque en principio pensaba tomarse un tiempo de descanso, lo cierto es que desde octubre no ha parado. \u00abEl apoyo de mis compa\u00f1eros, de mi familia, de mis amigos, de la prensa, me ha dado una fuerza incre\u00edble y empujado a dar forma a cosas que hasta ahora no hab\u00eda podido desarrollar\u00bb, indica.<\/p>\n<p>As\u00ed, entre proyectos como una cena ben\u00e9fica para 340 personas en Hong Kong o demostraciones de cocina en M\u00e9xico, Guerrero ha ido estudiando propuestas de \u00abinversores, de banca privada, algunos patrocinios\u00bb. Su idea es garantizar un negocio rentable gracias a un modelo de alta cocina sin lujos superfluos, que se est\u00e1 expandiendo en otros pa\u00edses.<\/p>\n<p>Necesita un local que se adapte a su concepto de restaurante, donde ofrecer\u00e1 un men\u00fa corto y otro largo y para el que a\u00fan no tiene fecha de apertura, y financiaci\u00f3n, aunque tiene claro que no va a renunciar a su libertad: \u00abVoy a ser mi propio jefe, no me vuelvo a casar con nadie en ese sentido\u00bb.<\/p>\n<p>\u00abAhora estoy libre, soy due\u00f1o de mis decisiones, escucho a todo el mundo y estoy recibiendo propuestas. \u00bfPor qu\u00e9 no nuevos proyectos en vez de uno solo?\u00bb.<\/p>\n<p>Por Pilar Salas.<\/p>\n","protected":false},"excerpt":{"rendered":"<p>Madrid, 27 nov (EFE).- Diego Guerrero dej\u00f3 Club Allard (Madrid) en octubre con dos estrellas Michelin y en uno de sus mejores momentos creativos. Ahora busca financiaci\u00f3n para abrir en la misma ciudad su propio restaurante, en el que romper\u00e1 con muchas convenciones y clich\u00e9s que encorsetan la alta cocina. El cocinero alav\u00e9s, uno de [&hellip;]<\/p>\n","protected":false},"author":1,"featured_media":455018,"comment_status":"open","ping_status":"open","sticky":false,"template":"","format":"standard","meta":{"footnotes":""},"categories":[50],"tags":[],"class_list":["post-455017","post","type-post","status-publish","format-standard","has-post-thumbnail","hentry","category-revista-de-ocio"],"aioseo_notices":[],"aioseo_head":"\n\t\t<!-- All in One SEO Pro 5.0.1 - aioseo.com -->\n\t<meta name=\"description\" content=\"Madrid, 27 nov (EFE).- Diego Guerrero dej\u00f3 Club Allard (Madrid) en octubre con dos estrellas Michelin y en uno de sus mejores momentos creativos. Ahora busca financiaci\u00f3n para abrir en la misma ciudad su propio restaurante, en el que romper\u00e1 con muchas convenciones y clich\u00e9s que encorsetan la alta cocina. El cocinero alav\u00e9s, uno de\" \/>\n\t<meta name=\"robots\" content=\"max-image-preview:large\" \/>\n\t<meta name=\"author\" content=\"El Digital de Asturias\"\/>\n\t<meta name=\"google-site-verification\" content=\"UA-38556648-1\" \/>\n\t<meta name=\"msvalidate.01\" content=\"7dfe9f3f1b24437ab69f4f2559babe99\" \/>\n\t<meta name=\"keywords\" content=\"revista de ocio\" \/>\n\t<link rel=\"canonical\" href=\"https:\/\/www.eldigitaldeasturias.com\/noticias\/diego-guerrero-quitara-corses-a-la-alta-cocina-con-su-propio-restaurante\/\" \/>\n\t<meta name=\"generator\" content=\"All in One SEO Pro (AIOSEO) 5.0.1\" \/>\n\t\t<meta property=\"og:locale\" content=\"es_ES\" \/>\n\t\t<meta property=\"og:site_name\" content=\"El Digital de Asturias\" \/>\n\t\t<meta property=\"og:type\" content=\"article\" \/>\n\t\t<meta property=\"og:title\" content=\"Diego Guerrero quitar\u00e1 \u00abcors\u00e9s\u00bb a la alta cocina con su propio restaurante - El Digital de Asturias\" \/>\n\t\t<meta property=\"og:description\" content=\"Madrid, 27 nov (EFE).- Diego Guerrero dej\u00f3 Club Allard (Madrid) en octubre con dos estrellas Michelin y en uno de sus mejores momentos creativos. Ahora busca financiaci\u00f3n para abrir en la misma ciudad su propio restaurante, en el que romper\u00e1 con muchas convenciones y clich\u00e9s que encorsetan la alta cocina. El cocinero alav\u00e9s, uno de\" \/>\n\t\t<meta property=\"og:url\" content=\"https:\/\/www.eldigitaldeasturias.com\/noticias\/diego-guerrero-quitara-corses-a-la-alta-cocina-con-su-propio-restaurante\/\" \/>\n\t\t<meta property=\"article:tag\" content=\"revista de ocio\" \/>\n\t\t<meta property=\"article:published_time\" content=\"2013-11-27T23:39:11+00:00\" \/>\n\t\t<meta property=\"article:modified_time\" content=\"2013-11-27T23:39:11+00:00\" \/>\n\t\t<meta property=\"article:publisher\" content=\"https:\/\/facebook.com\/eldigitaldeasturias\" \/>\n\t\t<meta name=\"twitter:card\" content=\"summary_large_image\" \/>\n\t\t<meta name=\"twitter:title\" content=\"Diego Guerrero quitar\u00e1 \u00abcors\u00e9s\u00bb a la alta cocina con su propio restaurante - El Digital de Asturias\" \/>\n\t\t<meta name=\"twitter:description\" content=\"Madrid, 27 nov (EFE).- Diego Guerrero dej\u00f3 Club Allard (Madrid) en octubre con dos estrellas Michelin y en uno de sus mejores momentos creativos. Ahora busca financiaci\u00f3n para abrir en la misma ciudad su propio restaurante, en el que romper\u00e1 con muchas convenciones y clich\u00e9s que encorsetan la alta cocina. El cocinero alav\u00e9s, uno de\" \/>\n\t\t<meta name=\"twitter:label1\" content=\"Escrito por\" \/>\n\t\t<meta name=\"twitter:data1\" content=\"El Digital de Asturias\" \/>\n\t\t<meta name=\"twitter:label2\" content=\"Tiempo de lectura estimado\" \/>\n\t\t<meta name=\"twitter:data2\" content=\"3 minutos\" \/>\n\t\t<script type=\"application\/ld+json\" class=\"aioseo-schema\">\n\t\t\t{\"@context\":\"https:\\\/\\\/schema.org\",\"@graph\":[{\"@type\":\"BlogPosting\",\"@id\":\"https:\\\/\\\/www.eldigitaldeasturias.com\\\/noticias\\\/diego-guerrero-quitara-corses-a-la-alta-cocina-con-su-propio-restaurante\\\/#blogposting\",\"name\":\"Diego Guerrero quitar\\u00e1 \\u00abcors\\u00e9s\\u00bb a la alta cocina con su propio restaurante - El Digital de Asturias\",\"headline\":\"Diego Guerrero quitar\\u00e1 \\u00abcors\\u00e9s\\u00bb a la alta cocina con su propio restaurante\",\"author\":{\"@id\":\"https:\\\/\\\/www.eldigitaldeasturias.com\\\/noticias\\\/author\\\/admin\\\/#author\"},\"publisher\":{\"@id\":\"https:\\\/\\\/www.eldigitaldeasturias.com\\\/noticias\\\/#organization\"},\"image\":{\"@type\":\"ImageObject\",\"url\":455018},\"datePublished\":\"2013-11-27T22:39:11+01:00\",\"dateModified\":\"2013-11-27T22:39:11+01:00\",\"inLanguage\":\"es-ES\",\"mainEntityOfPage\":{\"@id\":\"https:\\\/\\\/www.eldigitaldeasturias.com\\\/noticias\\\/diego-guerrero-quitara-corses-a-la-alta-cocina-con-su-propio-restaurante\\\/#webpage\"},\"isPartOf\":{\"@id\":\"https:\\\/\\\/www.eldigitaldeasturias.com\\\/noticias\\\/diego-guerrero-quitara-corses-a-la-alta-cocina-con-su-propio-restaurante\\\/#webpage\"},\"articleSection\":\"Revista de Ocio\"},{\"@type\":\"BreadcrumbList\",\"@id\":\"https:\\\/\\\/www.eldigitaldeasturias.com\\\/noticias\\\/diego-guerrero-quitara-corses-a-la-alta-cocina-con-su-propio-restaurante\\\/#breadcrumblist\",\"itemListElement\":[{\"@type\":\"ListItem\",\"@id\":\"https:\\\/\\\/www.eldigitaldeasturias.com\\\/noticias#listItem\",\"position\":1,\"name\":\"Home\",\"item\":\"https:\\\/\\\/www.eldigitaldeasturias.com\\\/noticias\",\"nextItem\":{\"@type\":\"ListItem\",\"@id\":\"https:\\\/\\\/www.eldigitaldeasturias.com\\\/noticias\\\/category\\\/revista-de-ocio\\\/#listItem\",\"name\":\"Revista de Ocio\"}},{\"@type\":\"ListItem\",\"@id\":\"https:\\\/\\\/www.eldigitaldeasturias.com\\\/noticias\\\/category\\\/revista-de-ocio\\\/#listItem\",\"position\":2,\"name\":\"Revista de Ocio\",\"item\":\"https:\\\/\\\/www.eldigitaldeasturias.com\\\/noticias\\\/category\\\/revista-de-ocio\\\/\",\"nextItem\":{\"@type\":\"ListItem\",\"@id\":\"https:\\\/\\\/www.eldigitaldeasturias.com\\\/noticias\\\/diego-guerrero-quitara-corses-a-la-alta-cocina-con-su-propio-restaurante\\\/#listItem\",\"name\":\"Diego Guerrero quitar\\u00e1 \\u00abcors\\u00e9s\\u00bb a la alta cocina con su propio restaurante\"},\"previousItem\":{\"@type\":\"ListItem\",\"@id\":\"https:\\\/\\\/www.eldigitaldeasturias.com\\\/noticias#listItem\",\"name\":\"Home\"}},{\"@type\":\"ListItem\",\"@id\":\"https:\\\/\\\/www.eldigitaldeasturias.com\\\/noticias\\\/diego-guerrero-quitara-corses-a-la-alta-cocina-con-su-propio-restaurante\\\/#listItem\",\"position\":3,\"name\":\"Diego Guerrero quitar\\u00e1 \\u00abcors\\u00e9s\\u00bb a la alta cocina con su propio restaurante\",\"previousItem\":{\"@type\":\"ListItem\",\"@id\":\"https:\\\/\\\/www.eldigitaldeasturias.com\\\/noticias\\\/category\\\/revista-de-ocio\\\/#listItem\",\"name\":\"Revista de Ocio\"}}]},{\"@type\":\"Organization\",\"@id\":\"https:\\\/\\\/www.eldigitaldeasturias.com\\\/noticias\\\/#organization\",\"name\":\"El Digital de Asturias\",\"description\":\"Hemeroteca\",\"url\":\"https:\\\/\\\/www.eldigitaldeasturias.com\\\/noticias\\\/\",\"email\":\"info@eldigitaldeasturias.com\",\"telephone\":\"+34652131393\",\"logo\":{\"@type\":\"ImageObject\",\"url\":\"https:\\\/\\\/www.eldigitaldeasturias.com\\\/noticias\\\/wp-content\\\/uploads\\\/2020\\\/12\\\/EDA.jpg\",\"@id\":\"https:\\\/\\\/www.eldigitaldeasturias.com\\\/noticias\\\/diego-guerrero-quitara-corses-a-la-alta-cocina-con-su-propio-restaurante\\\/#organizationLogo\"},\"image\":{\"@id\":\"https:\\\/\\\/www.eldigitaldeasturias.com\\\/noticias\\\/diego-guerrero-quitara-corses-a-la-alta-cocina-con-su-propio-restaurante\\\/#organizationLogo\"},\"sameAs\":[\"https:\\\/\\\/facebook.com\\\/eldigitaldeasturias\",\"https:\\\/\\\/www.youtube.com\\\/channel\\\/UCZP-2wLEB9Rv6erhFmqVnvg\"],\"address\":{\"@id\":\"https:\\\/\\\/www.eldigitaldeasturias.com\\\/noticias\\\/#postaladdress\",\"@type\":\"PostalAddress\",\"streetAddress\":\"san antonio 4\",\"postalCode\":\"33430\",\"addressLocality\":\"Cand\\u00e1s\",\"addressRegion\":\"Asturias\",\"addressCountry\":\"ES\"}},{\"@type\":\"Person\",\"@id\":\"https:\\\/\\\/www.eldigitaldeasturias.com\\\/noticias\\\/author\\\/admin\\\/#author\",\"url\":\"https:\\\/\\\/www.eldigitaldeasturias.com\\\/noticias\\\/author\\\/admin\\\/\",\"name\":\"El Digital de Asturias\",\"image\":{\"@type\":\"ImageObject\",\"@id\":\"https:\\\/\\\/www.eldigitaldeasturias.com\\\/noticias\\\/diego-guerrero-quitara-corses-a-la-alta-cocina-con-su-propio-restaurante\\\/#authorImage\",\"url\":\"https:\\\/\\\/secure.gravatar.com\\\/avatar\\\/df2aeffc32bcd13f8d26072ef8a91b623d677766deac7f97ca815868cd41bf5e?s=96&d=mm&r=g\",\"width\":96,\"height\":96,\"caption\":\"El Digital de Asturias\"}},{\"@type\":\"WebPage\",\"@id\":\"https:\\\/\\\/www.eldigitaldeasturias.com\\\/noticias\\\/diego-guerrero-quitara-corses-a-la-alta-cocina-con-su-propio-restaurante\\\/#webpage\",\"url\":\"https:\\\/\\\/www.eldigitaldeasturias.com\\\/noticias\\\/diego-guerrero-quitara-corses-a-la-alta-cocina-con-su-propio-restaurante\\\/\",\"name\":\"Diego Guerrero quitar\\u00e1 \\u00abcors\\u00e9s\\u00bb a la alta cocina con su propio restaurante - El Digital de Asturias\",\"description\":\"Madrid, 27 nov (EFE).- Diego Guerrero dej\\u00f3 Club Allard (Madrid) en octubre con dos estrellas Michelin y en uno de sus mejores momentos creativos. Ahora busca financiaci\\u00f3n para abrir en la misma ciudad su propio restaurante, en el que romper\\u00e1 con muchas convenciones y clich\\u00e9s que encorsetan la alta cocina. El cocinero alav\\u00e9s, uno de\",\"inLanguage\":\"es-ES\",\"isPartOf\":{\"@id\":\"https:\\\/\\\/www.eldigitaldeasturias.com\\\/noticias\\\/#website\"},\"breadcrumb\":{\"@id\":\"https:\\\/\\\/www.eldigitaldeasturias.com\\\/noticias\\\/diego-guerrero-quitara-corses-a-la-alta-cocina-con-su-propio-restaurante\\\/#breadcrumblist\"},\"author\":{\"@id\":\"https:\\\/\\\/www.eldigitaldeasturias.com\\\/noticias\\\/author\\\/admin\\\/#author\"},\"creator\":{\"@id\":\"https:\\\/\\\/www.eldigitaldeasturias.com\\\/noticias\\\/author\\\/admin\\\/#author\"},\"image\":{\"@type\":\"ImageObject\",\"url\":455018,\"@id\":\"https:\\\/\\\/www.eldigitaldeasturias.com\\\/noticias\\\/diego-guerrero-quitara-corses-a-la-alta-cocina-con-su-propio-restaurante\\\/#mainImage\"},\"primaryImageOfPage\":{\"@id\":\"https:\\\/\\\/www.eldigitaldeasturias.com\\\/noticias\\\/diego-guerrero-quitara-corses-a-la-alta-cocina-con-su-propio-restaurante\\\/#mainImage\"},\"datePublished\":\"2013-11-27T22:39:11+01:00\",\"dateModified\":\"2013-11-27T22:39:11+01:00\"},{\"@type\":\"WebSite\",\"@id\":\"https:\\\/\\\/www.eldigitaldeasturias.com\\\/noticias\\\/#website\",\"url\":\"https:\\\/\\\/www.eldigitaldeasturias.com\\\/noticias\\\/\",\"name\":\"El Digital de Asturias - Diario de actualidad y noticias\",\"alternateName\":\"El Digital de Asturias - Diario de actualidad y noticias\",\"description\":\"Hemeroteca\",\"inLanguage\":\"es-ES\",\"publisher\":{\"@id\":\"https:\\\/\\\/www.eldigitaldeasturias.com\\\/noticias\\\/#organization\"}}]}\n\t\t<\/script>\n\t\t<!-- All in One SEO Pro -->\r\n\t\t<title>Diego Guerrero quitar\u00e1 \u00abcors\u00e9s\u00bb a la alta cocina con su propio restaurante - El Digital de Asturias<\/title>\n\n","aioseo_head_json":{"title":"Diego Guerrero quitar\u00e1 \u00abcors\u00e9s\u00bb a la alta cocina con su propio restaurante - El Digital de Asturias","description":"Madrid, 27 nov (EFE).- Diego Guerrero dej\u00f3 Club Allard (Madrid) en octubre con dos estrellas Michelin y en uno de sus mejores momentos creativos. Ahora busca financiaci\u00f3n para abrir en la misma ciudad su propio restaurante, en el que romper\u00e1 con muchas convenciones y clich\u00e9s que encorsetan la alta cocina. El cocinero alav\u00e9s, uno de","canonical_url":"https:\/\/www.eldigitaldeasturias.com\/noticias\/diego-guerrero-quitara-corses-a-la-alta-cocina-con-su-propio-restaurante\/","robots":"max-image-preview:large","keywords":"revista de ocio","webmasterTools":{"google-site-verification":"UA-38556648-1","msvalidate.01":"7dfe9f3f1b24437ab69f4f2559babe99","miscellaneous":""},"schema":{"@context":"https:\/\/schema.org","@graph":[{"@type":"BlogPosting","@id":"https:\/\/www.eldigitaldeasturias.com\/noticias\/diego-guerrero-quitara-corses-a-la-alta-cocina-con-su-propio-restaurante\/#blogposting","name":"Diego Guerrero quitar\u00e1 \u00abcors\u00e9s\u00bb a la alta cocina con su propio restaurante - El Digital de Asturias","headline":"Diego Guerrero quitar\u00e1 \u00abcors\u00e9s\u00bb a la alta cocina con su propio restaurante","author":{"@id":"https:\/\/www.eldigitaldeasturias.com\/noticias\/author\/admin\/#author"},"publisher":{"@id":"https:\/\/www.eldigitaldeasturias.com\/noticias\/#organization"},"image":{"@type":"ImageObject","url":455018},"datePublished":"2013-11-27T22:39:11+01:00","dateModified":"2013-11-27T22:39:11+01:00","inLanguage":"es-ES","mainEntityOfPage":{"@id":"https:\/\/www.eldigitaldeasturias.com\/noticias\/diego-guerrero-quitara-corses-a-la-alta-cocina-con-su-propio-restaurante\/#webpage"},"isPartOf":{"@id":"https:\/\/www.eldigitaldeasturias.com\/noticias\/diego-guerrero-quitara-corses-a-la-alta-cocina-con-su-propio-restaurante\/#webpage"},"articleSection":"Revista de Ocio"},{"@type":"BreadcrumbList","@id":"https:\/\/www.eldigitaldeasturias.com\/noticias\/diego-guerrero-quitara-corses-a-la-alta-cocina-con-su-propio-restaurante\/#breadcrumblist","itemListElement":[{"@type":"ListItem","@id":"https:\/\/www.eldigitaldeasturias.com\/noticias#listItem","position":1,"name":"Home","item":"https:\/\/www.eldigitaldeasturias.com\/noticias","nextItem":{"@type":"ListItem","@id":"https:\/\/www.eldigitaldeasturias.com\/noticias\/category\/revista-de-ocio\/#listItem","name":"Revista de Ocio"}},{"@type":"ListItem","@id":"https:\/\/www.eldigitaldeasturias.com\/noticias\/category\/revista-de-ocio\/#listItem","position":2,"name":"Revista de Ocio","item":"https:\/\/www.eldigitaldeasturias.com\/noticias\/category\/revista-de-ocio\/","nextItem":{"@type":"ListItem","@id":"https:\/\/www.eldigitaldeasturias.com\/noticias\/diego-guerrero-quitara-corses-a-la-alta-cocina-con-su-propio-restaurante\/#listItem","name":"Diego Guerrero quitar\u00e1 \u00abcors\u00e9s\u00bb a la alta cocina con su propio restaurante"},"previousItem":{"@type":"ListItem","@id":"https:\/\/www.eldigitaldeasturias.com\/noticias#listItem","name":"Home"}},{"@type":"ListItem","@id":"https:\/\/www.eldigitaldeasturias.com\/noticias\/diego-guerrero-quitara-corses-a-la-alta-cocina-con-su-propio-restaurante\/#listItem","position":3,"name":"Diego Guerrero quitar\u00e1 \u00abcors\u00e9s\u00bb a la alta cocina con su propio restaurante","previousItem":{"@type":"ListItem","@id":"https:\/\/www.eldigitaldeasturias.com\/noticias\/category\/revista-de-ocio\/#listItem","name":"Revista de Ocio"}}]},{"@type":"Organization","@id":"https:\/\/www.eldigitaldeasturias.com\/noticias\/#organization","name":"El Digital de Asturias","description":"Hemeroteca","url":"https:\/\/www.eldigitaldeasturias.com\/noticias\/","email":"info@eldigitaldeasturias.com","telephone":"+34652131393","logo":{"@type":"ImageObject","url":"https:\/\/www.eldigitaldeasturias.com\/noticias\/wp-content\/uploads\/2020\/12\/EDA.jpg","@id":"https:\/\/www.eldigitaldeasturias.com\/noticias\/diego-guerrero-quitara-corses-a-la-alta-cocina-con-su-propio-restaurante\/#organizationLogo"},"image":{"@id":"https:\/\/www.eldigitaldeasturias.com\/noticias\/diego-guerrero-quitara-corses-a-la-alta-cocina-con-su-propio-restaurante\/#organizationLogo"},"sameAs":["https:\/\/facebook.com\/eldigitaldeasturias","https:\/\/www.youtube.com\/channel\/UCZP-2wLEB9Rv6erhFmqVnvg"],"address":{"@id":"https:\/\/www.eldigitaldeasturias.com\/noticias\/#postaladdress","@type":"PostalAddress","streetAddress":"san antonio 4","postalCode":"33430","addressLocality":"Cand\u00e1s","addressRegion":"Asturias","addressCountry":"ES"}},{"@type":"Person","@id":"https:\/\/www.eldigitaldeasturias.com\/noticias\/author\/admin\/#author","url":"https:\/\/www.eldigitaldeasturias.com\/noticias\/author\/admin\/","name":"El Digital de Asturias","image":{"@type":"ImageObject","@id":"https:\/\/www.eldigitaldeasturias.com\/noticias\/diego-guerrero-quitara-corses-a-la-alta-cocina-con-su-propio-restaurante\/#authorImage","url":"https:\/\/secure.gravatar.com\/avatar\/df2aeffc32bcd13f8d26072ef8a91b623d677766deac7f97ca815868cd41bf5e?s=96&d=mm&r=g","width":96,"height":96,"caption":"El Digital de Asturias"}},{"@type":"WebPage","@id":"https:\/\/www.eldigitaldeasturias.com\/noticias\/diego-guerrero-quitara-corses-a-la-alta-cocina-con-su-propio-restaurante\/#webpage","url":"https:\/\/www.eldigitaldeasturias.com\/noticias\/diego-guerrero-quitara-corses-a-la-alta-cocina-con-su-propio-restaurante\/","name":"Diego Guerrero quitar\u00e1 \u00abcors\u00e9s\u00bb a la alta cocina con su propio restaurante - El Digital de Asturias","description":"Madrid, 27 nov (EFE).- Diego Guerrero dej\u00f3 Club Allard (Madrid) en octubre con dos estrellas Michelin y en uno de sus mejores momentos creativos. Ahora busca financiaci\u00f3n para abrir en la misma ciudad su propio restaurante, en el que romper\u00e1 con muchas convenciones y clich\u00e9s que encorsetan la alta cocina. El cocinero alav\u00e9s, uno de","inLanguage":"es-ES","isPartOf":{"@id":"https:\/\/www.eldigitaldeasturias.com\/noticias\/#website"},"breadcrumb":{"@id":"https:\/\/www.eldigitaldeasturias.com\/noticias\/diego-guerrero-quitara-corses-a-la-alta-cocina-con-su-propio-restaurante\/#breadcrumblist"},"author":{"@id":"https:\/\/www.eldigitaldeasturias.com\/noticias\/author\/admin\/#author"},"creator":{"@id":"https:\/\/www.eldigitaldeasturias.com\/noticias\/author\/admin\/#author"},"image":{"@type":"ImageObject","url":455018,"@id":"https:\/\/www.eldigitaldeasturias.com\/noticias\/diego-guerrero-quitara-corses-a-la-alta-cocina-con-su-propio-restaurante\/#mainImage"},"primaryImageOfPage":{"@id":"https:\/\/www.eldigitaldeasturias.com\/noticias\/diego-guerrero-quitara-corses-a-la-alta-cocina-con-su-propio-restaurante\/#mainImage"},"datePublished":"2013-11-27T22:39:11+01:00","dateModified":"2013-11-27T22:39:11+01:00"},{"@type":"WebSite","@id":"https:\/\/www.eldigitaldeasturias.com\/noticias\/#website","url":"https:\/\/www.eldigitaldeasturias.com\/noticias\/","name":"El Digital de Asturias - Diario de actualidad y noticias","alternateName":"El Digital de Asturias - Diario de actualidad y noticias","description":"Hemeroteca","inLanguage":"es-ES","publisher":{"@id":"https:\/\/www.eldigitaldeasturias.com\/noticias\/#organization"}}]},"og:locale":"es_ES","og:site_name":"El Digital de Asturias","og:type":"article","og:title":"Diego Guerrero quitar\u00e1 \u00abcors\u00e9s\u00bb a la alta cocina con su propio restaurante - El Digital de Asturias","og:description":"Madrid, 27 nov (EFE).- Diego Guerrero dej\u00f3 Club Allard (Madrid) en octubre con dos estrellas Michelin y en uno de sus mejores momentos creativos. Ahora busca financiaci\u00f3n para abrir en la misma ciudad su propio restaurante, en el que romper\u00e1 con muchas convenciones y clich\u00e9s que encorsetan la alta cocina. El cocinero alav\u00e9s, uno de","og:url":"https:\/\/www.eldigitaldeasturias.com\/noticias\/diego-guerrero-quitara-corses-a-la-alta-cocina-con-su-propio-restaurante\/","article:tag":["revista de ocio"],"article:published_time":"2013-11-27T23:39:11+00:00","article:modified_time":"2013-11-27T23:39:11+00:00","article:publisher":"https:\/\/facebook.com\/eldigitaldeasturias","twitter:card":"summary_large_image","twitter:title":"Diego Guerrero quitar\u00e1 \u00abcors\u00e9s\u00bb a la alta cocina con su propio restaurante - El Digital de Asturias","twitter:description":"Madrid, 27 nov (EFE).- Diego Guerrero dej\u00f3 Club Allard (Madrid) en octubre con dos estrellas Michelin y en uno de sus mejores momentos creativos. Ahora busca financiaci\u00f3n para abrir en la misma ciudad su propio restaurante, en el que romper\u00e1 con muchas convenciones y clich\u00e9s que encorsetan la alta cocina. El cocinero alav\u00e9s, uno de","twitter:label1":"Escrito por","twitter:data1":"El Digital de Asturias","twitter:label2":"Tiempo de lectura estimado","twitter:data2":"3 minutos"},"aioseo_meta_data":{"post_id":"455017","title":null,"description":null,"keywords":null,"keyphrases":null,"primary_term":null,"canonical_url":null,"og_title":null,"og_description":null,"og_object_type":"default","og_image_type":"default","og_image_url":null,"og_image_width":null,"og_image_height":null,"og_image_custom_url":null,"og_image_custom_fields":null,"og_video":null,"og_custom_url":null,"og_article_section":null,"og_article_tags":null,"twitter_use_og":true,"twitter_card":"default","twitter_image_type":"default","twitter_image_url":null,"twitter_image_custom_url":null,"twitter_image_custom_fields":null,"twitter_title":null,"twitter_description":null,"schema":{"blockGraphs":[],"customGraphs":[],"default":{"data":{"Article":[],"Course":[],"Dataset":[],"FAQPage":[],"Movie":[],"Person":[],"Product":[],"ProductReview":[],"Car":[],"Recipe":[],"Service":[],"SoftwareApplication":[],"WebPage":[]},"graphName":"","isEnabled":true},"graphs":[],"defaultGraph":"","defaultPostTypeGraph":""},"schema_type":null,"schema_type_options":null,"pillar_content":false,"robots_default":true,"robots_noindex":false,"robots_noarchive":false,"robots_nosnippet":false,"robots_nofollow":false,"robots_noimageindex":false,"robots_noodp":false,"robots_notranslate":false,"robots_max_snippet":null,"robots_max_videopreview":null,"robots_max_imagepreview":"none","priority":null,"frequency":null,"local_seo":null,"seo_analyzer_scan_date":"2026-05-29 16:45:07","breadcrumb_settings":null,"limit_modified_date":false,"open_ai":null,"ai":null,"created":"2020-11-14 22:45:11","updated":"2026-05-29 16:45:07","focus_keyword":null,"additional_keywords":null,"truseo_locale":null},"aioseo_breadcrumb":"<div class=\"aioseo-breadcrumbs\"><span class=\"aioseo-breadcrumb\">\n\t<a href=\"https:\/\/www.eldigitaldeasturias.com\/noticias\" title=\"Home\">Home<\/a>\n<\/span><span class=\"aioseo-breadcrumb-separator\">\u2013<\/span><span class=\"aioseo-breadcrumb\">\n\t<a href=\"https:\/\/www.eldigitaldeasturias.com\/noticias\/category\/revista-de-ocio\/\" title=\"Revista de Ocio\">Revista de Ocio<\/a>\n<\/span><span class=\"aioseo-breadcrumb-separator\">\u2013<\/span><span class=\"aioseo-breadcrumb\">\n\t<a href=\"https:\/\/www.eldigitaldeasturias.com\/noticias\/diego-guerrero-quitara-corses-a-la-alta-cocina-con-su-propio-restaurante\/\" title=\"Diego Guerrero quitar\u00e1 \u00abcors\u00e9s\u00bb a la alta cocina con su propio restaurante\">Diego Guerrero quitar\u00e1 \u00abcors\u00e9s\u00bb a la alta cocina con su propio restaurante<\/a>\n<\/span><\/div>","aioseo_breadcrumb_json":[{"label":"Home","link":"https:\/\/www.eldigitaldeasturias.com\/noticias"},{"label":"Revista de Ocio","link":"https:\/\/www.eldigitaldeasturias.com\/noticias\/category\/revista-de-ocio\/"},{"label":"Diego Guerrero quitar\u00e1 \u00abcors\u00e9s\u00bb a la alta cocina con su propio restaurante","link":"https:\/\/www.eldigitaldeasturias.com\/noticias\/diego-guerrero-quitara-corses-a-la-alta-cocina-con-su-propio-restaurante\/"}],"_links":{"self":[{"href":"https:\/\/www.eldigitaldeasturias.com\/noticias\/wp-json\/wp\/v2\/posts\/455017","targetHints":{"allow":["GET"]}}],"collection":[{"href":"https:\/\/www.eldigitaldeasturias.com\/noticias\/wp-json\/wp\/v2\/posts"}],"about":[{"href":"https:\/\/www.eldigitaldeasturias.com\/noticias\/wp-json\/wp\/v2\/types\/post"}],"author":[{"embeddable":true,"href":"https:\/\/www.eldigitaldeasturias.com\/noticias\/wp-json\/wp\/v2\/users\/1"}],"replies":[{"embeddable":true,"href":"https:\/\/www.eldigitaldeasturias.com\/noticias\/wp-json\/wp\/v2\/comments?post=455017"}],"version-history":[{"count":0,"href":"https:\/\/www.eldigitaldeasturias.com\/noticias\/wp-json\/wp\/v2\/posts\/455017\/revisions"}],"wp:attachment":[{"href":"https:\/\/www.eldigitaldeasturias.com\/noticias\/wp-json\/wp\/v2\/media?parent=455017"}],"wp:term":[{"taxonomy":"category","embeddable":true,"href":"https:\/\/www.eldigitaldeasturias.com\/noticias\/wp-json\/wp\/v2\/categories?post=455017"},{"taxonomy":"post_tag","embeddable":true,"href":"https:\/\/www.eldigitaldeasturias.com\/noticias\/wp-json\/wp\/v2\/tags?post=455017"}],"curies":[{"name":"wp","href":"https:\/\/api.w.org\/{rel}","templated":true}]}}