{"id":455007,"date":"2013-11-27T22:33:24","date_gmt":"2013-11-27T23:33:24","guid":{"rendered":"http:\/\/www.eldigitaldeasturias.com\/noticias\/?p=455007"},"modified":"2013-11-27T22:33:24","modified_gmt":"2013-11-27T23:33:24","slug":"la-fiscalia-anticorrupcion-recurrira-la-sentencia-de-carlos-fabra","status":"publish","type":"post","link":"https:\/\/www.eldigitaldeasturias.com\/noticias\/la-fiscalia-anticorrupcion-recurrira-la-sentencia-de-carlos-fabra\/","title":{"rendered":"La Fiscal\u00eda Anticorrupci\u00f3n recurrir\u00e1 la sentencia de Carlos Fabra"},"content":{"rendered":"<p><img loading=\"lazy\" decoding=\"async\" class=\"alignleft size-medium wp-image-455008\" alt=\"5756927w\" src=\"https:\/\/www.eldigitaldeasturias.com\/noticias\/wp-content\/uploads\/2013\/11\/5756927w-360x250.jpg\" width=\"360\" height=\"250\" \/>27 nov (EFE).- La Fiscal\u00eda Anticorrupci\u00f3n ha anunciado hoy que presentar\u00e1 un recurso de casaci\u00f3n contra la sentencia de la Audiencia Provincial de Castell\u00f3n que conden\u00f3 al expresidente de la Diputaci\u00f3n de Castell\u00f3n Carlos Fabra a cuatro a\u00f1os de c\u00e1rcel por cuatro delitos contra la Hacienda P\u00fablica.<\/p>\n<p>Seg\u00fan han informado a Efe fuentes de la Fiscal\u00eda Anticorrupci\u00f3n, el recurso se presentar\u00e1 en los pr\u00f3ximos d\u00edas por disconformidad con la condena impuesta, ya que el ministerio p\u00fablico reclamaba una pena mayor, en concreto, de 13 a\u00f1os de c\u00e1rcel por los delitos continuados de cohecho, tr\u00e1fico de influencias y por cuatro delitos contra la Hacienda P\u00fablica.<\/p>\n<p>Adem\u00e1s, la Fiscal\u00eda solicit\u00f3 una multa de 1,98 millones, junto a una indemnizaci\u00f3n a la Hacienda P\u00fablica de 693.000 euros.<\/p>\n<p>La Audiencia Provincial de Castell\u00f3n ha condenado al expresidente de la Diputaci\u00f3n a cuatro a\u00f1os de c\u00e1rcel por los cuatro delitos contra la Hacienda P\u00fablica, y le ha absuelto de los otros. Adem\u00e1s, el ahora condenado tendr\u00e1 que pagar una multa de 693.00 euros e indemnizar a Hacienda en la misma cantidad.<\/p>\n<p>El ministerio P\u00fablico ha precisado que el motivo por el que interpondr\u00e1 el recurso es la infracci\u00f3n de ley recogida en dos art\u00edculos de la Ley de Enjuiciamiento Criminal (LECrim).<\/p>\n<p>Concretamente, el art\u00edculo 849.1 de la norma se\u00f1ala que se puede presentar recurso cuando se hubiere infringido un precepto penal de car\u00e1cter sustantivo u otra norma jur\u00eddica del mismo car\u00e1cter que deba ser observada en la aplicaci\u00f3n de ley penal, mientras que el 852 menciona que, en todo caso, el recurso podr\u00e1 interponerse fund\u00e1ndose en la infracci\u00f3n de precepto constitucional.<\/p>\n<p>Fabra anunci\u00f3 ayer que presentar\u00e1 los recursos que sean necesarios para evitar su ingreso en prisi\u00f3n, si bien afirm\u00f3 no tener \u00abmiedo\u00bb a ir a la c\u00e1rcel y destac\u00f3 que, en caso de que se agoten todas las v\u00edas, no pedir\u00e1 el indulto.<\/p>\n<p>El exdirigente popular resalt\u00f3 que la sentencia manifiesta que su actuaci\u00f3n pol\u00edtica \u00abfue correcta\u00bb, ya que \u00abno hubo corrupci\u00f3n, ni cohecho ni tr\u00e1fico de influencias\u00bb, por lo que \u00abnada enturbia\u00bb su etapa en la vida pol\u00edtica.<\/p>\n","protected":false},"excerpt":{"rendered":"<p>27 nov (EFE).- La Fiscal\u00eda Anticorrupci\u00f3n ha anunciado hoy que presentar\u00e1 un recurso de casaci\u00f3n contra la sentencia de la Audiencia Provincial de Castell\u00f3n que conden\u00f3 al expresidente de la Diputaci\u00f3n de Castell\u00f3n Carlos Fabra a cuatro a\u00f1os de c\u00e1rcel por cuatro delitos contra la Hacienda P\u00fablica. Seg\u00fan han informado a Efe fuentes de la [&hellip;]<\/p>\n","protected":false},"author":1,"featured_media":455008,"comment_status":"open","ping_status":"open","sticky":false,"template":"","format":"standard","meta":{"footnotes":""},"categories":[5],"tags":[],"class_list":["post-455007","post","type-post","status-publish","format-standard","has-post-thumbnail","hentry","category-sucesos"],"aioseo_notices":[],"aioseo_head":"\n\t\t<!-- All in One SEO Pro 5.0.1 - aioseo.com -->\n\t<meta name=\"description\" content=\"27 nov (EFE).- La Fiscal\u00eda Anticorrupci\u00f3n ha anunciado hoy que presentar\u00e1 un recurso de casaci\u00f3n contra la sentencia de la Audiencia Provincial de Castell\u00f3n que conden\u00f3 al expresidente de la Diputaci\u00f3n de Castell\u00f3n Carlos Fabra a cuatro a\u00f1os de c\u00e1rcel por cuatro delitos contra la Hacienda P\u00fablica. Seg\u00fan han informado a Efe fuentes de la\" \/>\n\t<meta name=\"robots\" content=\"max-image-preview:large\" \/>\n\t<meta name=\"author\" content=\"El Digital de Asturias\"\/>\n\t<meta name=\"google-site-verification\" content=\"UA-38556648-1\" \/>\n\t<meta name=\"msvalidate.01\" content=\"7dfe9f3f1b24437ab69f4f2559babe99\" \/>\n\t<meta name=\"keywords\" content=\"sucesos\" \/>\n\t<link rel=\"canonical\" href=\"https:\/\/www.eldigitaldeasturias.com\/noticias\/la-fiscalia-anticorrupcion-recurrira-la-sentencia-de-carlos-fabra\/\" \/>\n\t<meta name=\"generator\" content=\"All in One SEO Pro (AIOSEO) 5.0.1\" \/>\n\t\t<meta property=\"og:locale\" content=\"es_ES\" \/>\n\t\t<meta property=\"og:site_name\" content=\"El Digital de Asturias\" \/>\n\t\t<meta property=\"og:type\" content=\"article\" \/>\n\t\t<meta property=\"og:title\" content=\"La Fiscal\u00eda Anticorrupci\u00f3n recurrir\u00e1 la sentencia de Carlos Fabra - El Digital de Asturias\" \/>\n\t\t<meta property=\"og:description\" content=\"27 nov (EFE).- La Fiscal\u00eda Anticorrupci\u00f3n ha anunciado hoy que presentar\u00e1 un recurso de casaci\u00f3n contra la sentencia de la Audiencia Provincial de Castell\u00f3n que conden\u00f3 al expresidente de la Diputaci\u00f3n de Castell\u00f3n Carlos Fabra a cuatro a\u00f1os de c\u00e1rcel por cuatro delitos contra la Hacienda P\u00fablica. Seg\u00fan han informado a Efe fuentes de la\" \/>\n\t\t<meta property=\"og:url\" content=\"https:\/\/www.eldigitaldeasturias.com\/noticias\/la-fiscalia-anticorrupcion-recurrira-la-sentencia-de-carlos-fabra\/\" \/>\n\t\t<meta property=\"article:tag\" content=\"sucesos\" \/>\n\t\t<meta property=\"article:published_time\" content=\"2013-11-27T23:33:24+00:00\" \/>\n\t\t<meta property=\"article:modified_time\" content=\"2013-11-27T23:33:24+00:00\" \/>\n\t\t<meta property=\"article:publisher\" content=\"https:\/\/facebook.com\/eldigitaldeasturias\" \/>\n\t\t<meta name=\"twitter:card\" content=\"summary_large_image\" \/>\n\t\t<meta name=\"twitter:title\" content=\"La Fiscal\u00eda Anticorrupci\u00f3n recurrir\u00e1 la sentencia de Carlos Fabra - El Digital de Asturias\" \/>\n\t\t<meta name=\"twitter:description\" content=\"27 nov (EFE).- La Fiscal\u00eda Anticorrupci\u00f3n ha anunciado hoy que presentar\u00e1 un recurso de casaci\u00f3n contra la sentencia de la Audiencia Provincial de Castell\u00f3n que conden\u00f3 al expresidente de la Diputaci\u00f3n de Castell\u00f3n Carlos Fabra a cuatro a\u00f1os de c\u00e1rcel por cuatro delitos contra la Hacienda P\u00fablica. Seg\u00fan han informado a Efe fuentes de la\" \/>\n\t\t<meta name=\"twitter:label1\" content=\"Escrito por\" \/>\n\t\t<meta name=\"twitter:data1\" content=\"El Digital de Asturias\" \/>\n\t\t<meta name=\"twitter:label2\" content=\"Tiempo de lectura estimado\" \/>\n\t\t<meta name=\"twitter:data2\" content=\"2 minutos\" \/>\n\t\t<script type=\"application\/ld+json\" class=\"aioseo-schema\">\n\t\t\t{\"@context\":\"https:\\\/\\\/schema.org\",\"@graph\":[{\"@type\":\"BlogPosting\",\"@id\":\"https:\\\/\\\/www.eldigitaldeasturias.com\\\/noticias\\\/la-fiscalia-anticorrupcion-recurrira-la-sentencia-de-carlos-fabra\\\/#blogposting\",\"name\":\"La Fiscal\\u00eda Anticorrupci\\u00f3n recurrir\\u00e1 la sentencia de Carlos Fabra - El Digital de Asturias\",\"headline\":\"La Fiscal\\u00eda Anticorrupci\\u00f3n recurrir\\u00e1 la sentencia de Carlos Fabra\",\"author\":{\"@id\":\"https:\\\/\\\/www.eldigitaldeasturias.com\\\/noticias\\\/author\\\/admin\\\/#author\"},\"publisher\":{\"@id\":\"https:\\\/\\\/www.eldigitaldeasturias.com\\\/noticias\\\/#organization\"},\"image\":{\"@type\":\"ImageObject\",\"url\":455008},\"datePublished\":\"2013-11-27T22:33:24+01:00\",\"dateModified\":\"2013-11-27T22:33:24+01:00\",\"inLanguage\":\"es-ES\",\"mainEntityOfPage\":{\"@id\":\"https:\\\/\\\/www.eldigitaldeasturias.com\\\/noticias\\\/la-fiscalia-anticorrupcion-recurrira-la-sentencia-de-carlos-fabra\\\/#webpage\"},\"isPartOf\":{\"@id\":\"https:\\\/\\\/www.eldigitaldeasturias.com\\\/noticias\\\/la-fiscalia-anticorrupcion-recurrira-la-sentencia-de-carlos-fabra\\\/#webpage\"},\"articleSection\":\"Sucesos\"},{\"@type\":\"BreadcrumbList\",\"@id\":\"https:\\\/\\\/www.eldigitaldeasturias.com\\\/noticias\\\/la-fiscalia-anticorrupcion-recurrira-la-sentencia-de-carlos-fabra\\\/#breadcrumblist\",\"itemListElement\":[{\"@type\":\"ListItem\",\"@id\":\"https:\\\/\\\/www.eldigitaldeasturias.com\\\/noticias#listItem\",\"position\":1,\"name\":\"Home\",\"item\":\"https:\\\/\\\/www.eldigitaldeasturias.com\\\/noticias\",\"nextItem\":{\"@type\":\"ListItem\",\"@id\":\"https:\\\/\\\/www.eldigitaldeasturias.com\\\/noticias\\\/category\\\/sucesos\\\/#listItem\",\"name\":\"Sucesos\"}},{\"@type\":\"ListItem\",\"@id\":\"https:\\\/\\\/www.eldigitaldeasturias.com\\\/noticias\\\/category\\\/sucesos\\\/#listItem\",\"position\":2,\"name\":\"Sucesos\",\"item\":\"https:\\\/\\\/www.eldigitaldeasturias.com\\\/noticias\\\/category\\\/sucesos\\\/\",\"nextItem\":{\"@type\":\"ListItem\",\"@id\":\"https:\\\/\\\/www.eldigitaldeasturias.com\\\/noticias\\\/la-fiscalia-anticorrupcion-recurrira-la-sentencia-de-carlos-fabra\\\/#listItem\",\"name\":\"La Fiscal\\u00eda Anticorrupci\\u00f3n recurrir\\u00e1 la sentencia de Carlos Fabra\"},\"previousItem\":{\"@type\":\"ListItem\",\"@id\":\"https:\\\/\\\/www.eldigitaldeasturias.com\\\/noticias#listItem\",\"name\":\"Home\"}},{\"@type\":\"ListItem\",\"@id\":\"https:\\\/\\\/www.eldigitaldeasturias.com\\\/noticias\\\/la-fiscalia-anticorrupcion-recurrira-la-sentencia-de-carlos-fabra\\\/#listItem\",\"position\":3,\"name\":\"La Fiscal\\u00eda Anticorrupci\\u00f3n recurrir\\u00e1 la sentencia de Carlos Fabra\",\"previousItem\":{\"@type\":\"ListItem\",\"@id\":\"https:\\\/\\\/www.eldigitaldeasturias.com\\\/noticias\\\/category\\\/sucesos\\\/#listItem\",\"name\":\"Sucesos\"}}]},{\"@type\":\"Organization\",\"@id\":\"https:\\\/\\\/www.eldigitaldeasturias.com\\\/noticias\\\/#organization\",\"name\":\"El Digital de Asturias\",\"description\":\"Hemeroteca\",\"url\":\"https:\\\/\\\/www.eldigitaldeasturias.com\\\/noticias\\\/\",\"email\":\"info@eldigitaldeasturias.com\",\"telephone\":\"+34652131393\",\"logo\":{\"@type\":\"ImageObject\",\"url\":\"https:\\\/\\\/www.eldigitaldeasturias.com\\\/noticias\\\/wp-content\\\/uploads\\\/2020\\\/12\\\/EDA.jpg\",\"@id\":\"https:\\\/\\\/www.eldigitaldeasturias.com\\\/noticias\\\/la-fiscalia-anticorrupcion-recurrira-la-sentencia-de-carlos-fabra\\\/#organizationLogo\"},\"image\":{\"@id\":\"https:\\\/\\\/www.eldigitaldeasturias.com\\\/noticias\\\/la-fiscalia-anticorrupcion-recurrira-la-sentencia-de-carlos-fabra\\\/#organizationLogo\"},\"sameAs\":[\"https:\\\/\\\/facebook.com\\\/eldigitaldeasturias\",\"https:\\\/\\\/www.youtube.com\\\/channel\\\/UCZP-2wLEB9Rv6erhFmqVnvg\"],\"address\":{\"@id\":\"https:\\\/\\\/www.eldigitaldeasturias.com\\\/noticias\\\/#postaladdress\",\"@type\":\"PostalAddress\",\"streetAddress\":\"san antonio 4\",\"postalCode\":\"33430\",\"addressLocality\":\"Cand\\u00e1s\",\"addressRegion\":\"Asturias\",\"addressCountry\":\"ES\"}},{\"@type\":\"Person\",\"@id\":\"https:\\\/\\\/www.eldigitaldeasturias.com\\\/noticias\\\/author\\\/admin\\\/#author\",\"url\":\"https:\\\/\\\/www.eldigitaldeasturias.com\\\/noticias\\\/author\\\/admin\\\/\",\"name\":\"El Digital de Asturias\",\"image\":{\"@type\":\"ImageObject\",\"@id\":\"https:\\\/\\\/www.eldigitaldeasturias.com\\\/noticias\\\/la-fiscalia-anticorrupcion-recurrira-la-sentencia-de-carlos-fabra\\\/#authorImage\",\"url\":\"https:\\\/\\\/secure.gravatar.com\\\/avatar\\\/df2aeffc32bcd13f8d26072ef8a91b623d677766deac7f97ca815868cd41bf5e?s=96&d=mm&r=g\",\"width\":96,\"height\":96,\"caption\":\"El Digital de Asturias\"}},{\"@type\":\"WebPage\",\"@id\":\"https:\\\/\\\/www.eldigitaldeasturias.com\\\/noticias\\\/la-fiscalia-anticorrupcion-recurrira-la-sentencia-de-carlos-fabra\\\/#webpage\",\"url\":\"https:\\\/\\\/www.eldigitaldeasturias.com\\\/noticias\\\/la-fiscalia-anticorrupcion-recurrira-la-sentencia-de-carlos-fabra\\\/\",\"name\":\"La Fiscal\\u00eda Anticorrupci\\u00f3n recurrir\\u00e1 la sentencia de Carlos Fabra - El Digital de Asturias\",\"description\":\"27 nov (EFE).- La Fiscal\\u00eda Anticorrupci\\u00f3n ha anunciado hoy que presentar\\u00e1 un recurso de casaci\\u00f3n contra la sentencia de la Audiencia Provincial de Castell\\u00f3n que conden\\u00f3 al expresidente de la Diputaci\\u00f3n de Castell\\u00f3n Carlos Fabra a cuatro a\\u00f1os de c\\u00e1rcel por cuatro delitos contra la Hacienda P\\u00fablica. Seg\\u00fan han informado a Efe fuentes de la\",\"inLanguage\":\"es-ES\",\"isPartOf\":{\"@id\":\"https:\\\/\\\/www.eldigitaldeasturias.com\\\/noticias\\\/#website\"},\"breadcrumb\":{\"@id\":\"https:\\\/\\\/www.eldigitaldeasturias.com\\\/noticias\\\/la-fiscalia-anticorrupcion-recurrira-la-sentencia-de-carlos-fabra\\\/#breadcrumblist\"},\"author\":{\"@id\":\"https:\\\/\\\/www.eldigitaldeasturias.com\\\/noticias\\\/author\\\/admin\\\/#author\"},\"creator\":{\"@id\":\"https:\\\/\\\/www.eldigitaldeasturias.com\\\/noticias\\\/author\\\/admin\\\/#author\"},\"image\":{\"@type\":\"ImageObject\",\"url\":455008,\"@id\":\"https:\\\/\\\/www.eldigitaldeasturias.com\\\/noticias\\\/la-fiscalia-anticorrupcion-recurrira-la-sentencia-de-carlos-fabra\\\/#mainImage\"},\"primaryImageOfPage\":{\"@id\":\"https:\\\/\\\/www.eldigitaldeasturias.com\\\/noticias\\\/la-fiscalia-anticorrupcion-recurrira-la-sentencia-de-carlos-fabra\\\/#mainImage\"},\"datePublished\":\"2013-11-27T22:33:24+01:00\",\"dateModified\":\"2013-11-27T22:33:24+01:00\"},{\"@type\":\"WebSite\",\"@id\":\"https:\\\/\\\/www.eldigitaldeasturias.com\\\/noticias\\\/#website\",\"url\":\"https:\\\/\\\/www.eldigitaldeasturias.com\\\/noticias\\\/\",\"name\":\"El Digital de Asturias - Diario de actualidad y noticias\",\"alternateName\":\"El Digital de Asturias - Diario de actualidad y noticias\",\"description\":\"Hemeroteca\",\"inLanguage\":\"es-ES\",\"publisher\":{\"@id\":\"https:\\\/\\\/www.eldigitaldeasturias.com\\\/noticias\\\/#organization\"}}]}\n\t\t<\/script>\n\t\t<!-- All in One SEO Pro -->\r\n\t\t<title>La Fiscal\u00eda Anticorrupci\u00f3n recurrir\u00e1 la sentencia de Carlos Fabra - El Digital de Asturias<\/title>\n\n","aioseo_head_json":{"title":"La Fiscal\u00eda Anticorrupci\u00f3n recurrir\u00e1 la sentencia de Carlos Fabra - El Digital de Asturias","description":"27 nov (EFE).- La Fiscal\u00eda Anticorrupci\u00f3n ha anunciado hoy que presentar\u00e1 un recurso de casaci\u00f3n contra la sentencia de la Audiencia Provincial de Castell\u00f3n que conden\u00f3 al expresidente de la Diputaci\u00f3n de Castell\u00f3n Carlos Fabra a cuatro a\u00f1os de c\u00e1rcel por cuatro delitos contra la Hacienda P\u00fablica. Seg\u00fan han informado a Efe fuentes de la","canonical_url":"https:\/\/www.eldigitaldeasturias.com\/noticias\/la-fiscalia-anticorrupcion-recurrira-la-sentencia-de-carlos-fabra\/","robots":"max-image-preview:large","keywords":"sucesos","webmasterTools":{"google-site-verification":"UA-38556648-1","msvalidate.01":"7dfe9f3f1b24437ab69f4f2559babe99","miscellaneous":""},"schema":{"@context":"https:\/\/schema.org","@graph":[{"@type":"BlogPosting","@id":"https:\/\/www.eldigitaldeasturias.com\/noticias\/la-fiscalia-anticorrupcion-recurrira-la-sentencia-de-carlos-fabra\/#blogposting","name":"La Fiscal\u00eda Anticorrupci\u00f3n recurrir\u00e1 la sentencia de Carlos Fabra - El Digital de Asturias","headline":"La Fiscal\u00eda Anticorrupci\u00f3n recurrir\u00e1 la sentencia de Carlos Fabra","author":{"@id":"https:\/\/www.eldigitaldeasturias.com\/noticias\/author\/admin\/#author"},"publisher":{"@id":"https:\/\/www.eldigitaldeasturias.com\/noticias\/#organization"},"image":{"@type":"ImageObject","url":455008},"datePublished":"2013-11-27T22:33:24+01:00","dateModified":"2013-11-27T22:33:24+01:00","inLanguage":"es-ES","mainEntityOfPage":{"@id":"https:\/\/www.eldigitaldeasturias.com\/noticias\/la-fiscalia-anticorrupcion-recurrira-la-sentencia-de-carlos-fabra\/#webpage"},"isPartOf":{"@id":"https:\/\/www.eldigitaldeasturias.com\/noticias\/la-fiscalia-anticorrupcion-recurrira-la-sentencia-de-carlos-fabra\/#webpage"},"articleSection":"Sucesos"},{"@type":"BreadcrumbList","@id":"https:\/\/www.eldigitaldeasturias.com\/noticias\/la-fiscalia-anticorrupcion-recurrira-la-sentencia-de-carlos-fabra\/#breadcrumblist","itemListElement":[{"@type":"ListItem","@id":"https:\/\/www.eldigitaldeasturias.com\/noticias#listItem","position":1,"name":"Home","item":"https:\/\/www.eldigitaldeasturias.com\/noticias","nextItem":{"@type":"ListItem","@id":"https:\/\/www.eldigitaldeasturias.com\/noticias\/category\/sucesos\/#listItem","name":"Sucesos"}},{"@type":"ListItem","@id":"https:\/\/www.eldigitaldeasturias.com\/noticias\/category\/sucesos\/#listItem","position":2,"name":"Sucesos","item":"https:\/\/www.eldigitaldeasturias.com\/noticias\/category\/sucesos\/","nextItem":{"@type":"ListItem","@id":"https:\/\/www.eldigitaldeasturias.com\/noticias\/la-fiscalia-anticorrupcion-recurrira-la-sentencia-de-carlos-fabra\/#listItem","name":"La Fiscal\u00eda Anticorrupci\u00f3n recurrir\u00e1 la sentencia de Carlos Fabra"},"previousItem":{"@type":"ListItem","@id":"https:\/\/www.eldigitaldeasturias.com\/noticias#listItem","name":"Home"}},{"@type":"ListItem","@id":"https:\/\/www.eldigitaldeasturias.com\/noticias\/la-fiscalia-anticorrupcion-recurrira-la-sentencia-de-carlos-fabra\/#listItem","position":3,"name":"La Fiscal\u00eda Anticorrupci\u00f3n recurrir\u00e1 la sentencia de Carlos Fabra","previousItem":{"@type":"ListItem","@id":"https:\/\/www.eldigitaldeasturias.com\/noticias\/category\/sucesos\/#listItem","name":"Sucesos"}}]},{"@type":"Organization","@id":"https:\/\/www.eldigitaldeasturias.com\/noticias\/#organization","name":"El Digital de Asturias","description":"Hemeroteca","url":"https:\/\/www.eldigitaldeasturias.com\/noticias\/","email":"info@eldigitaldeasturias.com","telephone":"+34652131393","logo":{"@type":"ImageObject","url":"https:\/\/www.eldigitaldeasturias.com\/noticias\/wp-content\/uploads\/2020\/12\/EDA.jpg","@id":"https:\/\/www.eldigitaldeasturias.com\/noticias\/la-fiscalia-anticorrupcion-recurrira-la-sentencia-de-carlos-fabra\/#organizationLogo"},"image":{"@id":"https:\/\/www.eldigitaldeasturias.com\/noticias\/la-fiscalia-anticorrupcion-recurrira-la-sentencia-de-carlos-fabra\/#organizationLogo"},"sameAs":["https:\/\/facebook.com\/eldigitaldeasturias","https:\/\/www.youtube.com\/channel\/UCZP-2wLEB9Rv6erhFmqVnvg"],"address":{"@id":"https:\/\/www.eldigitaldeasturias.com\/noticias\/#postaladdress","@type":"PostalAddress","streetAddress":"san antonio 4","postalCode":"33430","addressLocality":"Cand\u00e1s","addressRegion":"Asturias","addressCountry":"ES"}},{"@type":"Person","@id":"https:\/\/www.eldigitaldeasturias.com\/noticias\/author\/admin\/#author","url":"https:\/\/www.eldigitaldeasturias.com\/noticias\/author\/admin\/","name":"El Digital de Asturias","image":{"@type":"ImageObject","@id":"https:\/\/www.eldigitaldeasturias.com\/noticias\/la-fiscalia-anticorrupcion-recurrira-la-sentencia-de-carlos-fabra\/#authorImage","url":"https:\/\/secure.gravatar.com\/avatar\/df2aeffc32bcd13f8d26072ef8a91b623d677766deac7f97ca815868cd41bf5e?s=96&d=mm&r=g","width":96,"height":96,"caption":"El Digital de Asturias"}},{"@type":"WebPage","@id":"https:\/\/www.eldigitaldeasturias.com\/noticias\/la-fiscalia-anticorrupcion-recurrira-la-sentencia-de-carlos-fabra\/#webpage","url":"https:\/\/www.eldigitaldeasturias.com\/noticias\/la-fiscalia-anticorrupcion-recurrira-la-sentencia-de-carlos-fabra\/","name":"La Fiscal\u00eda Anticorrupci\u00f3n recurrir\u00e1 la sentencia de Carlos Fabra - El Digital de Asturias","description":"27 nov (EFE).- La Fiscal\u00eda Anticorrupci\u00f3n ha anunciado hoy que presentar\u00e1 un recurso de casaci\u00f3n contra la sentencia de la Audiencia Provincial de Castell\u00f3n que conden\u00f3 al expresidente de la Diputaci\u00f3n de Castell\u00f3n Carlos Fabra a cuatro a\u00f1os de c\u00e1rcel por cuatro delitos contra la Hacienda P\u00fablica. Seg\u00fan han informado a Efe fuentes de la","inLanguage":"es-ES","isPartOf":{"@id":"https:\/\/www.eldigitaldeasturias.com\/noticias\/#website"},"breadcrumb":{"@id":"https:\/\/www.eldigitaldeasturias.com\/noticias\/la-fiscalia-anticorrupcion-recurrira-la-sentencia-de-carlos-fabra\/#breadcrumblist"},"author":{"@id":"https:\/\/www.eldigitaldeasturias.com\/noticias\/author\/admin\/#author"},"creator":{"@id":"https:\/\/www.eldigitaldeasturias.com\/noticias\/author\/admin\/#author"},"image":{"@type":"ImageObject","url":455008,"@id":"https:\/\/www.eldigitaldeasturias.com\/noticias\/la-fiscalia-anticorrupcion-recurrira-la-sentencia-de-carlos-fabra\/#mainImage"},"primaryImageOfPage":{"@id":"https:\/\/www.eldigitaldeasturias.com\/noticias\/la-fiscalia-anticorrupcion-recurrira-la-sentencia-de-carlos-fabra\/#mainImage"},"datePublished":"2013-11-27T22:33:24+01:00","dateModified":"2013-11-27T22:33:24+01:00"},{"@type":"WebSite","@id":"https:\/\/www.eldigitaldeasturias.com\/noticias\/#website","url":"https:\/\/www.eldigitaldeasturias.com\/noticias\/","name":"El Digital de Asturias - Diario de actualidad y noticias","alternateName":"El Digital de Asturias - Diario de actualidad y noticias","description":"Hemeroteca","inLanguage":"es-ES","publisher":{"@id":"https:\/\/www.eldigitaldeasturias.com\/noticias\/#organization"}}]},"og:locale":"es_ES","og:site_name":"El Digital de Asturias","og:type":"article","og:title":"La Fiscal\u00eda Anticorrupci\u00f3n recurrir\u00e1 la sentencia de Carlos Fabra - El Digital de Asturias","og:description":"27 nov (EFE).- La Fiscal\u00eda Anticorrupci\u00f3n ha anunciado hoy que presentar\u00e1 un recurso de casaci\u00f3n contra la sentencia de la Audiencia Provincial de Castell\u00f3n que conden\u00f3 al expresidente de la Diputaci\u00f3n de Castell\u00f3n Carlos Fabra a cuatro a\u00f1os de c\u00e1rcel por cuatro delitos contra la Hacienda P\u00fablica. Seg\u00fan han informado a Efe fuentes de la","og:url":"https:\/\/www.eldigitaldeasturias.com\/noticias\/la-fiscalia-anticorrupcion-recurrira-la-sentencia-de-carlos-fabra\/","article:tag":["sucesos"],"article:published_time":"2013-11-27T23:33:24+00:00","article:modified_time":"2013-11-27T23:33:24+00:00","article:publisher":"https:\/\/facebook.com\/eldigitaldeasturias","twitter:card":"summary_large_image","twitter:title":"La Fiscal\u00eda Anticorrupci\u00f3n recurrir\u00e1 la sentencia de Carlos Fabra - El Digital de Asturias","twitter:description":"27 nov (EFE).- La Fiscal\u00eda Anticorrupci\u00f3n ha anunciado hoy que presentar\u00e1 un recurso de casaci\u00f3n contra la sentencia de la Audiencia Provincial de Castell\u00f3n que conden\u00f3 al expresidente de la Diputaci\u00f3n de Castell\u00f3n Carlos Fabra a cuatro a\u00f1os de c\u00e1rcel por cuatro delitos contra la Hacienda P\u00fablica. Seg\u00fan han informado a Efe fuentes de la","twitter:label1":"Escrito por","twitter:data1":"El Digital de Asturias","twitter:label2":"Tiempo de lectura estimado","twitter:data2":"2 minutos"},"aioseo_meta_data":{"post_id":"455007","title":null,"description":null,"keywords":null,"keyphrases":null,"primary_term":null,"canonical_url":null,"og_title":null,"og_description":null,"og_object_type":"default","og_image_type":"default","og_image_url":null,"og_image_width":null,"og_image_height":null,"og_image_custom_url":null,"og_image_custom_fields":null,"og_video":null,"og_custom_url":null,"og_article_section":null,"og_article_tags":null,"twitter_use_og":true,"twitter_card":"default","twitter_image_type":"default","twitter_image_url":null,"twitter_image_custom_url":null,"twitter_image_custom_fields":null,"twitter_title":null,"twitter_description":null,"schema":{"blockGraphs":[],"customGraphs":[],"default":{"data":{"Article":[],"Course":[],"Dataset":[],"FAQPage":[],"Movie":[],"Person":[],"Product":[],"ProductReview":[],"Car":[],"Recipe":[],"Service":[],"SoftwareApplication":[],"WebPage":[]},"graphName":"","isEnabled":true},"graphs":[],"defaultGraph":"","defaultPostTypeGraph":""},"schema_type":null,"schema_type_options":null,"pillar_content":false,"robots_default":true,"robots_noindex":false,"robots_noarchive":false,"robots_nosnippet":false,"robots_nofollow":false,"robots_noimageindex":false,"robots_noodp":false,"robots_notranslate":false,"robots_max_snippet":null,"robots_max_videopreview":null,"robots_max_imagepreview":"none","priority":null,"frequency":null,"local_seo":null,"seo_analyzer_scan_date":"2026-05-29 16:42:08","breadcrumb_settings":null,"limit_modified_date":false,"open_ai":null,"ai":null,"created":"2020-11-14 22:45:11","updated":"2026-05-29 16:42:08","focus_keyword":null,"additional_keywords":null,"truseo_locale":null},"aioseo_breadcrumb":"<div class=\"aioseo-breadcrumbs\"><span class=\"aioseo-breadcrumb\">\n\t<a href=\"https:\/\/www.eldigitaldeasturias.com\/noticias\" title=\"Home\">Home<\/a>\n<\/span><span class=\"aioseo-breadcrumb-separator\">\u2013<\/span><span class=\"aioseo-breadcrumb\">\n\t<a href=\"https:\/\/www.eldigitaldeasturias.com\/noticias\/category\/sucesos\/\" title=\"Sucesos\">Sucesos<\/a>\n<\/span><span class=\"aioseo-breadcrumb-separator\">\u2013<\/span><span class=\"aioseo-breadcrumb\">\n\t<a href=\"https:\/\/www.eldigitaldeasturias.com\/noticias\/la-fiscalia-anticorrupcion-recurrira-la-sentencia-de-carlos-fabra\/\" title=\"La Fiscal\u00eda Anticorrupci\u00f3n recurrir\u00e1 la sentencia de Carlos Fabra\">La Fiscal\u00eda Anticorrupci\u00f3n recurrir\u00e1 la sentencia de Carlos Fabra<\/a>\n<\/span><\/div>","aioseo_breadcrumb_json":[{"label":"Home","link":"https:\/\/www.eldigitaldeasturias.com\/noticias"},{"label":"Sucesos","link":"https:\/\/www.eldigitaldeasturias.com\/noticias\/category\/sucesos\/"},{"label":"La Fiscal\u00eda Anticorrupci\u00f3n recurrir\u00e1 la sentencia de Carlos Fabra","link":"https:\/\/www.eldigitaldeasturias.com\/noticias\/la-fiscalia-anticorrupcion-recurrira-la-sentencia-de-carlos-fabra\/"}],"_links":{"self":[{"href":"https:\/\/www.eldigitaldeasturias.com\/noticias\/wp-json\/wp\/v2\/posts\/455007","targetHints":{"allow":["GET"]}}],"collection":[{"href":"https:\/\/www.eldigitaldeasturias.com\/noticias\/wp-json\/wp\/v2\/posts"}],"about":[{"href":"https:\/\/www.eldigitaldeasturias.com\/noticias\/wp-json\/wp\/v2\/types\/post"}],"author":[{"embeddable":true,"href":"https:\/\/www.eldigitaldeasturias.com\/noticias\/wp-json\/wp\/v2\/users\/1"}],"replies":[{"embeddable":true,"href":"https:\/\/www.eldigitaldeasturias.com\/noticias\/wp-json\/wp\/v2\/comments?post=455007"}],"version-history":[{"count":0,"href":"https:\/\/www.eldigitaldeasturias.com\/noticias\/wp-json\/wp\/v2\/posts\/455007\/revisions"}],"wp:attachment":[{"href":"https:\/\/www.eldigitaldeasturias.com\/noticias\/wp-json\/wp\/v2\/media?parent=455007"}],"wp:term":[{"taxonomy":"category","embeddable":true,"href":"https:\/\/www.eldigitaldeasturias.com\/noticias\/wp-json\/wp\/v2\/categories?post=455007"},{"taxonomy":"post_tag","embeddable":true,"href":"https:\/\/www.eldigitaldeasturias.com\/noticias\/wp-json\/wp\/v2\/tags?post=455007"}],"curies":[{"name":"wp","href":"https:\/\/api.w.org\/{rel}","templated":true}]}}