{"id":440393,"date":"2013-10-27T14:29:02","date_gmt":"2013-10-27T13:29:02","guid":{"rendered":"http:\/\/www.eldigitaldeasturias.com\/noticias\/?p=440393"},"modified":"2015-08-16T18:49:33","modified_gmt":"2015-08-16T17:49:33","slug":"los-viajes-de-xanina-insua-la-fortaleza-del-atlantico","status":"publish","type":"post","link":"https:\/\/www.eldigitaldeasturias.com\/noticias\/los-viajes-de-xanina-insua-la-fortaleza-del-atlantico\/","title":{"rendered":"Los Viajes de Xanina : \u201cInsua\u201d la fortaleza del Atl\u00e1ntico."},"content":{"rendered":"<p><img loading=\"lazy\" decoding=\"async\" class=\"alignleft size-medium wp-image-440394\" alt=\"fortaleza\" src=\"https:\/\/www.eldigitaldeasturias.com\/noticias\/wp-content\/uploads\/2013\/10\/fortaleza-360x238.jpg\" width=\"360\" height=\"238\" srcset=\"https:\/\/www.eldigitaldeasturias.com\/noticias\/wp-content\/uploads\/2013\/10\/fortaleza-360x238.jpg 360w, https:\/\/www.eldigitaldeasturias.com\/noticias\/wp-content\/uploads\/2013\/10\/fortaleza-900x596.jpg 900w, https:\/\/www.eldigitaldeasturias.com\/noticias\/wp-content\/uploads\/2013\/10\/fortaleza-220x146.jpg 220w\" sizes=\"auto, (max-width: 360px) 100vw, 360px\" \/>Llevaba d\u00edas mirando para aquella misteriosa isla cada vez que estaba tumbada al sol en la playa de O Mui\u00f1o en la Guarda.<\/p>\n<p>Incluso mis compa\u00f1eros de viaje y yo fantase\u00e1bamos acerca de que pod\u00eda haber ocurrido ayer durante siglos.<\/p>\n<p>Fue una tarde hablando de ello en la terraza del bar de la playa cuando se acerco a nosotros Pablo un pescador de la zona, de sonrisa amable y ojos profundos y al o\u00edrme hablar de la isla y de mis inquietudes se acerco y nos cont\u00f3 la siguiente historia\u2026.<\/p>\n<p>Para quien no la conozca, es una isla Portuguesa localizada en la desembocadura del rio Mi\u00f1o en el lugar conocido como Boca da Barra , en la frontera entre Espa\u00f1a y Portugal, se puede ver desde el Monte Santa Trega en todo su esplendor .<\/p>\n<p>Pertenece al distrito de Viana do Castelo, desde la playa de Moledo (Portugal) tambi\u00e9n se puede apreciar perfectamente puesto que estar\u00eda aproximadamente a 200 metros de distancia. Para llegar a la playa de Moledo desde Galicia se puede coger un ferry desde el pueblo de O Pasaxe (cerca de A guarda) hasta Caminha (Portugal) .<\/p>\n<p>&nbsp;<\/p>\n<p>La isla tiene aproximadamente unos 400 metros de longitud y est\u00e1 construida en granito, en su interior hay una fortaleza del siglo XVII y a su vez dentro de la fortaleza est\u00e1 el convento Franciscano de Santa Mar\u00eda de Insua (con su iglesia, cocina, refectorio y diminuto claustro) que seg\u00fan nos conto Pablo fue construido en 1471 y habitado por los monjes hasta 1834.<\/p>\n<p>El convento del que se cuenta que all\u00ed ocurr\u00edan milagros tambi\u00e9n sufri\u00f3 numerosos saqueos de piratas, ese fue uno de los motivos por los que fue ordenada construir la fortaleza por el rey Joao IV entre 1649 y 1652.<\/p>\n<p>Fue saqueada o atacada por piratas corsarios ingleses en 1602 y por piratas luteranos de la Rochelle en 1606.<\/p>\n<p>Tambi\u00e9n fue tomada dos veces por tropas Espa\u00f1olas:<\/p>\n<blockquote><p>En 1580 cuando fue tomada y ocupada por la armada gallega y en 1807 bajo el reinado de Carlos IV vuelve a ser ocupada por tropas Espa\u00f1olas hasta que un a\u00f1o m\u00e1s tarde cae ante tropas francesas.<\/p><\/blockquote>\n<p>Llama mucho la atenci\u00f3n su forma de estrella irregular sobre todo desde una vista a\u00e9rea, posee cinco bastiones, plaza de armas y fuertes muros que cumplen su funci\u00f3n de rompeolas.<\/p>\n<p>En 1690 fue dotada por dos ca\u00f1ones de bronce sobre una base de hierro que aun se pueden ver en la visita a la fortaleza.<\/p>\n<p><img loading=\"lazy\" decoding=\"async\" class=\"size-medium wp-image-440395 alignright\" alt=\"fortaleza1\" src=\"https:\/\/www.eldigitaldeasturias.com\/noticias\/wp-content\/uploads\/2013\/10\/fortaleza1-360x238.jpg\" width=\"360\" height=\"238\" srcset=\"https:\/\/www.eldigitaldeasturias.com\/noticias\/wp-content\/uploads\/2013\/10\/fortaleza1-360x238.jpg 360w, https:\/\/www.eldigitaldeasturias.com\/noticias\/wp-content\/uploads\/2013\/10\/fortaleza1-900x596.jpg 900w, https:\/\/www.eldigitaldeasturias.com\/noticias\/wp-content\/uploads\/2013\/10\/fortaleza1-220x146.jpg 220w\" sizes=\"auto, (max-width: 360px) 100vw, 360px\" \/>Pablo nos cont\u00f3 tambi\u00e9n que en su interior hay un pozo de agua dulce cosa at\u00edpica puesto que solo existen tres pozos de estas caracter\u00edsticas en fortalezas de mar, lo cual lo hac\u00eda todo m\u00e1s c\u00f3modo al no tener que acercarse a la costa a por agua en periodos de revueltas o saqueos, pero tambi\u00e9n nos conto que no tiene terreno cultivable.<\/p>\n<p>Ya de construcci\u00f3n m\u00e1s moderna dentro de la fortaleza en su garita noroeste se encuentra un faro de torre c\u00f3nica sobre base cuadrada que emite luz blanca, roja y verde cosa que se puede apreciar de noche.<\/p>\n<p>Desde 1910 fue clasificado como monumento nacional y a d\u00eda de hoy se puede visitar en barca desde el embarcadero de A Foz en Caminha .<\/p>\n<p>Ya en un tono m\u00e1s bajo y misterioso Pablo nos cuenta leyendas sobre la isla tales como la existencia de un pasadizo secreto bajo el mar que une la isla con la playa de Moledo aunque nadie lo ha encontrado todav\u00eda, se contaba tambi\u00e9n que en la isla no hab\u00eda ratas ni animales venenosos.<\/p>\n<p>Desde la terraza del bar de la playa nos quedamos pasando la tarde , viendo la puesta de sol y hablando de c\u00f3mo pod\u00edan haber sido esos saqueos de piratas, esas batallas entre Portugueses y Espa\u00f1oles y la vida de esos monjes en un lugar tan hermoso y m\u00e1gico.<\/p>\n<p>Xanina<\/p>\n","protected":false},"excerpt":{"rendered":"<p>Llevaba d\u00edas mirando para aquella misteriosa isla cada vez que estaba tumbada al sol en la playa de O Mui\u00f1o en la Guarda. Incluso mis compa\u00f1eros de viaje y yo fantase\u00e1bamos acerca de que pod\u00eda haber ocurrido ayer durante siglos. Fue una tarde hablando de ello en la terraza del bar de la playa cuando [&hellip;]<\/p>\n","protected":false},"author":1,"featured_media":440395,"comment_status":"open","ping_status":"open","sticky":false,"template":"","format":"standard","meta":{"footnotes":""},"categories":[28],"tags":[],"class_list":["post-440393","post","type-post","status-publish","format-standard","has-post-thumbnail","hentry","category-sociedad"],"aioseo_notices":[],"aioseo_head":"\n\t\t<!-- All in One SEO Pro 4.9.6.2 - aioseo.com -->\n\t<meta name=\"description\" content=\"Llevaba d\u00edas mirando para aquella misteriosa isla cada vez que estaba tumbada al sol en la playa de O Mui\u00f1o en la Guarda. Incluso mis compa\u00f1eros de viaje y yo fantase\u00e1bamos acerca de que pod\u00eda haber ocurrido ayer durante siglos. Fue una tarde hablando de ello en la terraza del bar de la playa cuando\" \/>\n\t<meta name=\"robots\" content=\"max-image-preview:large\" \/>\n\t<meta name=\"author\" content=\"El Digital de Asturias\"\/>\n\t<meta name=\"google-site-verification\" content=\"UA-38556648-1\" \/>\n\t<meta name=\"msvalidate.01\" content=\"7dfe9f3f1b24437ab69f4f2559babe99\" \/>\n\t<meta name=\"keywords\" content=\"sociedad\" \/>\n\t<link rel=\"canonical\" href=\"https:\/\/www.eldigitaldeasturias.com\/noticias\/los-viajes-de-xanina-insua-la-fortaleza-del-atlantico\/\" \/>\n\t<meta name=\"generator\" content=\"All in One SEO Pro (AIOSEO) 4.9.6.2\" \/>\n\t\t<meta property=\"og:locale\" content=\"es_ES\" \/>\n\t\t<meta property=\"og:site_name\" content=\"El Digital de Asturias\" \/>\n\t\t<meta property=\"og:type\" content=\"article\" \/>\n\t\t<meta property=\"og:title\" content=\"Los Viajes de Xanina : \u201cInsua\u201d la fortaleza del Atl\u00e1ntico. - El Digital de Asturias\" \/>\n\t\t<meta property=\"og:description\" content=\"Llevaba d\u00edas mirando para aquella misteriosa isla cada vez que estaba tumbada al sol en la playa de O Mui\u00f1o en la Guarda. Incluso mis compa\u00f1eros de viaje y yo fantase\u00e1bamos acerca de que pod\u00eda haber ocurrido ayer durante siglos. Fue una tarde hablando de ello en la terraza del bar de la playa cuando\" \/>\n\t\t<meta property=\"og:url\" content=\"https:\/\/www.eldigitaldeasturias.com\/noticias\/los-viajes-de-xanina-insua-la-fortaleza-del-atlantico\/\" \/>\n\t\t<meta property=\"og:image\" content=\"https:\/\/www.eldigitaldeasturias.com\/noticias\/wp-content\/uploads\/2013\/10\/fortaleza1.jpg\" \/>\n\t\t<meta property=\"og:image:secure_url\" content=\"https:\/\/www.eldigitaldeasturias.com\/noticias\/wp-content\/uploads\/2013\/10\/fortaleza1.jpg\" \/>\n\t\t<meta property=\"og:image:width\" content=\"2256\" \/>\n\t\t<meta property=\"og:image:height\" content=\"1496\" \/>\n\t\t<meta property=\"article:tag\" content=\"sociedad\" \/>\n\t\t<meta property=\"article:published_time\" content=\"2013-10-27T13:29:02+00:00\" \/>\n\t\t<meta property=\"article:modified_time\" content=\"2015-08-16T17:49:33+00:00\" \/>\n\t\t<meta property=\"article:publisher\" content=\"https:\/\/facebook.com\/eldigitaldeasturias\" \/>\n\t\t<meta name=\"twitter:card\" content=\"summary_large_image\" \/>\n\t\t<meta name=\"twitter:title\" content=\"Los Viajes de Xanina : \u201cInsua\u201d la fortaleza del Atl\u00e1ntico. - El Digital de Asturias\" \/>\n\t\t<meta name=\"twitter:description\" content=\"Llevaba d\u00edas mirando para aquella misteriosa isla cada vez que estaba tumbada al sol en la playa de O Mui\u00f1o en la Guarda. Incluso mis compa\u00f1eros de viaje y yo fantase\u00e1bamos acerca de que pod\u00eda haber ocurrido ayer durante siglos. Fue una tarde hablando de ello en la terraza del bar de la playa cuando\" \/>\n\t\t<meta name=\"twitter:image\" content=\"https:\/\/www.eldigitaldeasturias.com\/noticias\/wp-content\/uploads\/2013\/10\/fortaleza1.jpg\" \/>\n\t\t<meta name=\"twitter:label1\" content=\"Escrito por\" \/>\n\t\t<meta name=\"twitter:data1\" content=\"El Digital de Asturias\" \/>\n\t\t<meta name=\"twitter:label2\" content=\"Tiempo de lectura estimado\" \/>\n\t\t<meta name=\"twitter:data2\" content=\"3 minutos\" \/>\n\t\t<script type=\"application\/ld+json\" class=\"aioseo-schema\">\n\t\t\t{\"@context\":\"https:\\\/\\\/schema.org\",\"@graph\":[{\"@type\":\"BlogPosting\",\"@id\":\"https:\\\/\\\/www.eldigitaldeasturias.com\\\/noticias\\\/los-viajes-de-xanina-insua-la-fortaleza-del-atlantico\\\/#blogposting\",\"name\":\"Los Viajes de Xanina : \\u201cInsua\\u201d la fortaleza del Atl\\u00e1ntico. - El Digital de Asturias\",\"headline\":\"Los Viajes de Xanina : \\u201cInsua\\u201d la fortaleza del Atl\\u00e1ntico.\",\"author\":{\"@id\":\"https:\\\/\\\/www.eldigitaldeasturias.com\\\/noticias\\\/author\\\/admin\\\/#author\"},\"publisher\":{\"@id\":\"https:\\\/\\\/www.eldigitaldeasturias.com\\\/noticias\\\/#organization\"},\"image\":{\"@type\":\"ImageObject\",\"url\":\"https:\\\/\\\/www.eldigitaldeasturias.com\\\/noticias\\\/wp-content\\\/uploads\\\/2013\\\/10\\\/fortaleza1.jpg\",\"width\":2256,\"height\":1496},\"datePublished\":\"2013-10-27T14:29:02+01:00\",\"dateModified\":\"2015-08-16T18:49:33+02:00\",\"inLanguage\":\"es-ES\",\"mainEntityOfPage\":{\"@id\":\"https:\\\/\\\/www.eldigitaldeasturias.com\\\/noticias\\\/los-viajes-de-xanina-insua-la-fortaleza-del-atlantico\\\/#webpage\"},\"isPartOf\":{\"@id\":\"https:\\\/\\\/www.eldigitaldeasturias.com\\\/noticias\\\/los-viajes-de-xanina-insua-la-fortaleza-del-atlantico\\\/#webpage\"},\"articleSection\":\"Sociedad\"},{\"@type\":\"BreadcrumbList\",\"@id\":\"https:\\\/\\\/www.eldigitaldeasturias.com\\\/noticias\\\/los-viajes-de-xanina-insua-la-fortaleza-del-atlantico\\\/#breadcrumblist\",\"itemListElement\":[{\"@type\":\"ListItem\",\"@id\":\"https:\\\/\\\/www.eldigitaldeasturias.com\\\/noticias#listItem\",\"position\":1,\"name\":\"Home\",\"item\":\"https:\\\/\\\/www.eldigitaldeasturias.com\\\/noticias\",\"nextItem\":{\"@type\":\"ListItem\",\"@id\":\"https:\\\/\\\/www.eldigitaldeasturias.com\\\/noticias\\\/category\\\/sociedad\\\/#listItem\",\"name\":\"Sociedad\"}},{\"@type\":\"ListItem\",\"@id\":\"https:\\\/\\\/www.eldigitaldeasturias.com\\\/noticias\\\/category\\\/sociedad\\\/#listItem\",\"position\":2,\"name\":\"Sociedad\",\"item\":\"https:\\\/\\\/www.eldigitaldeasturias.com\\\/noticias\\\/category\\\/sociedad\\\/\",\"nextItem\":{\"@type\":\"ListItem\",\"@id\":\"https:\\\/\\\/www.eldigitaldeasturias.com\\\/noticias\\\/los-viajes-de-xanina-insua-la-fortaleza-del-atlantico\\\/#listItem\",\"name\":\"Los Viajes de Xanina : \\u201cInsua\\u201d la fortaleza del Atl\\u00e1ntico.\"},\"previousItem\":{\"@type\":\"ListItem\",\"@id\":\"https:\\\/\\\/www.eldigitaldeasturias.com\\\/noticias#listItem\",\"name\":\"Home\"}},{\"@type\":\"ListItem\",\"@id\":\"https:\\\/\\\/www.eldigitaldeasturias.com\\\/noticias\\\/los-viajes-de-xanina-insua-la-fortaleza-del-atlantico\\\/#listItem\",\"position\":3,\"name\":\"Los Viajes de Xanina : \\u201cInsua\\u201d la fortaleza del Atl\\u00e1ntico.\",\"previousItem\":{\"@type\":\"ListItem\",\"@id\":\"https:\\\/\\\/www.eldigitaldeasturias.com\\\/noticias\\\/category\\\/sociedad\\\/#listItem\",\"name\":\"Sociedad\"}}]},{\"@type\":\"Organization\",\"@id\":\"https:\\\/\\\/www.eldigitaldeasturias.com\\\/noticias\\\/#organization\",\"name\":\"El Digital de Asturias\",\"description\":\"Hemeroteca\",\"url\":\"https:\\\/\\\/www.eldigitaldeasturias.com\\\/noticias\\\/\",\"email\":\"info@eldigitaldeasturias.com\",\"telephone\":\"+34652131393\",\"logo\":{\"@type\":\"ImageObject\",\"url\":\"https:\\\/\\\/www.eldigitaldeasturias.com\\\/noticias\\\/wp-content\\\/uploads\\\/2020\\\/12\\\/EDA.jpg\",\"@id\":\"https:\\\/\\\/www.eldigitaldeasturias.com\\\/noticias\\\/los-viajes-de-xanina-insua-la-fortaleza-del-atlantico\\\/#organizationLogo\",\"width\":649,\"height\":297},\"image\":{\"@id\":\"https:\\\/\\\/www.eldigitaldeasturias.com\\\/noticias\\\/los-viajes-de-xanina-insua-la-fortaleza-del-atlantico\\\/#organizationLogo\"},\"sameAs\":[\"https:\\\/\\\/facebook.com\\\/eldigitaldeasturias\",\"https:\\\/\\\/www.youtube.com\\\/channel\\\/UCZP-2wLEB9Rv6erhFmqVnvg\"],\"address\":{\"@id\":\"https:\\\/\\\/www.eldigitaldeasturias.com\\\/noticias\\\/#postaladdress\",\"@type\":\"PostalAddress\",\"streetAddress\":\"san antonio 4,\",\"postalCode\":\"33430\",\"addressLocality\":\"Cand\\u00e1s\",\"addressRegion\":\"Asturias\",\"addressCountry\":\"ES\"}},{\"@type\":\"Person\",\"@id\":\"https:\\\/\\\/www.eldigitaldeasturias.com\\\/noticias\\\/author\\\/admin\\\/#author\",\"url\":\"https:\\\/\\\/www.eldigitaldeasturias.com\\\/noticias\\\/author\\\/admin\\\/\",\"name\":\"El Digital de Asturias\",\"image\":{\"@type\":\"ImageObject\",\"@id\":\"https:\\\/\\\/www.eldigitaldeasturias.com\\\/noticias\\\/los-viajes-de-xanina-insua-la-fortaleza-del-atlantico\\\/#authorImage\",\"url\":\"https:\\\/\\\/www.eldigitaldeasturias.com\\\/noticias\\\/wp-content\\\/litespeed\\\/avatar\\\/18677e78aa0546b92d9dbf31ec7d7668.jpg?ver=1777290358\",\"width\":96,\"height\":96,\"caption\":\"El Digital de Asturias\"}},{\"@type\":\"WebPage\",\"@id\":\"https:\\\/\\\/www.eldigitaldeasturias.com\\\/noticias\\\/los-viajes-de-xanina-insua-la-fortaleza-del-atlantico\\\/#webpage\",\"url\":\"https:\\\/\\\/www.eldigitaldeasturias.com\\\/noticias\\\/los-viajes-de-xanina-insua-la-fortaleza-del-atlantico\\\/\",\"name\":\"Los Viajes de Xanina : \\u201cInsua\\u201d la fortaleza del Atl\\u00e1ntico. - El Digital de Asturias\",\"description\":\"Llevaba d\\u00edas mirando para aquella misteriosa isla cada vez que estaba tumbada al sol en la playa de O Mui\\u00f1o en la Guarda. Incluso mis compa\\u00f1eros de viaje y yo fantase\\u00e1bamos acerca de que pod\\u00eda haber ocurrido ayer durante siglos. Fue una tarde hablando de ello en la terraza del bar de la playa cuando\",\"inLanguage\":\"es-ES\",\"isPartOf\":{\"@id\":\"https:\\\/\\\/www.eldigitaldeasturias.com\\\/noticias\\\/#website\"},\"breadcrumb\":{\"@id\":\"https:\\\/\\\/www.eldigitaldeasturias.com\\\/noticias\\\/los-viajes-de-xanina-insua-la-fortaleza-del-atlantico\\\/#breadcrumblist\"},\"author\":{\"@id\":\"https:\\\/\\\/www.eldigitaldeasturias.com\\\/noticias\\\/author\\\/admin\\\/#author\"},\"creator\":{\"@id\":\"https:\\\/\\\/www.eldigitaldeasturias.com\\\/noticias\\\/author\\\/admin\\\/#author\"},\"image\":{\"@type\":\"ImageObject\",\"url\":\"https:\\\/\\\/www.eldigitaldeasturias.com\\\/noticias\\\/wp-content\\\/uploads\\\/2013\\\/10\\\/fortaleza1.jpg\",\"@id\":\"https:\\\/\\\/www.eldigitaldeasturias.com\\\/noticias\\\/los-viajes-de-xanina-insua-la-fortaleza-del-atlantico\\\/#mainImage\",\"width\":2256,\"height\":1496},\"primaryImageOfPage\":{\"@id\":\"https:\\\/\\\/www.eldigitaldeasturias.com\\\/noticias\\\/los-viajes-de-xanina-insua-la-fortaleza-del-atlantico\\\/#mainImage\"},\"datePublished\":\"2013-10-27T14:29:02+01:00\",\"dateModified\":\"2015-08-16T18:49:33+02:00\"},{\"@type\":\"WebSite\",\"@id\":\"https:\\\/\\\/www.eldigitaldeasturias.com\\\/noticias\\\/#website\",\"url\":\"https:\\\/\\\/www.eldigitaldeasturias.com\\\/noticias\\\/\",\"name\":\"El Digital de Asturias - Diario de actualidad y noticias\",\"alternateName\":\"El Digital de Asturias - Diario de actualidad y noticias\",\"description\":\"Hemeroteca\",\"inLanguage\":\"es-ES\",\"publisher\":{\"@id\":\"https:\\\/\\\/www.eldigitaldeasturias.com\\\/noticias\\\/#organization\"}}]}\n\t\t<\/script>\n\t\t<!-- All in One SEO Pro -->\r\n\t\t<title>Los Viajes de Xanina : \u201cInsua\u201d la fortaleza del Atl\u00e1ntico. - El Digital de Asturias<\/title>\n\n","aioseo_head_json":{"title":"Los Viajes de Xanina : \u201cInsua\u201d la fortaleza del Atl\u00e1ntico. - El Digital de Asturias","description":"Llevaba d\u00edas mirando para aquella misteriosa isla cada vez que estaba tumbada al sol en la playa de O Mui\u00f1o en la Guarda. Incluso mis compa\u00f1eros de viaje y yo fantase\u00e1bamos acerca de que pod\u00eda haber ocurrido ayer durante siglos. Fue una tarde hablando de ello en la terraza del bar de la playa cuando","canonical_url":"https:\/\/www.eldigitaldeasturias.com\/noticias\/los-viajes-de-xanina-insua-la-fortaleza-del-atlantico\/","robots":"max-image-preview:large","keywords":"sociedad","webmasterTools":{"google-site-verification":"UA-38556648-1","msvalidate.01":"7dfe9f3f1b24437ab69f4f2559babe99","miscellaneous":""},"schema":{"@context":"https:\/\/schema.org","@graph":[{"@type":"BlogPosting","@id":"https:\/\/www.eldigitaldeasturias.com\/noticias\/los-viajes-de-xanina-insua-la-fortaleza-del-atlantico\/#blogposting","name":"Los Viajes de Xanina : \u201cInsua\u201d la fortaleza del Atl\u00e1ntico. - El Digital de Asturias","headline":"Los Viajes de Xanina : \u201cInsua\u201d la fortaleza del Atl\u00e1ntico.","author":{"@id":"https:\/\/www.eldigitaldeasturias.com\/noticias\/author\/admin\/#author"},"publisher":{"@id":"https:\/\/www.eldigitaldeasturias.com\/noticias\/#organization"},"image":{"@type":"ImageObject","url":"https:\/\/www.eldigitaldeasturias.com\/noticias\/wp-content\/uploads\/2013\/10\/fortaleza1.jpg","width":2256,"height":1496},"datePublished":"2013-10-27T14:29:02+01:00","dateModified":"2015-08-16T18:49:33+02:00","inLanguage":"es-ES","mainEntityOfPage":{"@id":"https:\/\/www.eldigitaldeasturias.com\/noticias\/los-viajes-de-xanina-insua-la-fortaleza-del-atlantico\/#webpage"},"isPartOf":{"@id":"https:\/\/www.eldigitaldeasturias.com\/noticias\/los-viajes-de-xanina-insua-la-fortaleza-del-atlantico\/#webpage"},"articleSection":"Sociedad"},{"@type":"BreadcrumbList","@id":"https:\/\/www.eldigitaldeasturias.com\/noticias\/los-viajes-de-xanina-insua-la-fortaleza-del-atlantico\/#breadcrumblist","itemListElement":[{"@type":"ListItem","@id":"https:\/\/www.eldigitaldeasturias.com\/noticias#listItem","position":1,"name":"Home","item":"https:\/\/www.eldigitaldeasturias.com\/noticias","nextItem":{"@type":"ListItem","@id":"https:\/\/www.eldigitaldeasturias.com\/noticias\/category\/sociedad\/#listItem","name":"Sociedad"}},{"@type":"ListItem","@id":"https:\/\/www.eldigitaldeasturias.com\/noticias\/category\/sociedad\/#listItem","position":2,"name":"Sociedad","item":"https:\/\/www.eldigitaldeasturias.com\/noticias\/category\/sociedad\/","nextItem":{"@type":"ListItem","@id":"https:\/\/www.eldigitaldeasturias.com\/noticias\/los-viajes-de-xanina-insua-la-fortaleza-del-atlantico\/#listItem","name":"Los Viajes de Xanina : \u201cInsua\u201d la fortaleza del Atl\u00e1ntico."},"previousItem":{"@type":"ListItem","@id":"https:\/\/www.eldigitaldeasturias.com\/noticias#listItem","name":"Home"}},{"@type":"ListItem","@id":"https:\/\/www.eldigitaldeasturias.com\/noticias\/los-viajes-de-xanina-insua-la-fortaleza-del-atlantico\/#listItem","position":3,"name":"Los Viajes de Xanina : \u201cInsua\u201d la fortaleza del Atl\u00e1ntico.","previousItem":{"@type":"ListItem","@id":"https:\/\/www.eldigitaldeasturias.com\/noticias\/category\/sociedad\/#listItem","name":"Sociedad"}}]},{"@type":"Organization","@id":"https:\/\/www.eldigitaldeasturias.com\/noticias\/#organization","name":"El Digital de Asturias","description":"Hemeroteca","url":"https:\/\/www.eldigitaldeasturias.com\/noticias\/","email":"info@eldigitaldeasturias.com","telephone":"+34652131393","logo":{"@type":"ImageObject","url":"https:\/\/www.eldigitaldeasturias.com\/noticias\/wp-content\/uploads\/2020\/12\/EDA.jpg","@id":"https:\/\/www.eldigitaldeasturias.com\/noticias\/los-viajes-de-xanina-insua-la-fortaleza-del-atlantico\/#organizationLogo","width":649,"height":297},"image":{"@id":"https:\/\/www.eldigitaldeasturias.com\/noticias\/los-viajes-de-xanina-insua-la-fortaleza-del-atlantico\/#organizationLogo"},"sameAs":["https:\/\/facebook.com\/eldigitaldeasturias","https:\/\/www.youtube.com\/channel\/UCZP-2wLEB9Rv6erhFmqVnvg"],"address":{"@id":"https:\/\/www.eldigitaldeasturias.com\/noticias\/#postaladdress","@type":"PostalAddress","streetAddress":"san antonio 4,","postalCode":"33430","addressLocality":"Cand\u00e1s","addressRegion":"Asturias","addressCountry":"ES"}},{"@type":"Person","@id":"https:\/\/www.eldigitaldeasturias.com\/noticias\/author\/admin\/#author","url":"https:\/\/www.eldigitaldeasturias.com\/noticias\/author\/admin\/","name":"El Digital de Asturias","image":{"@type":"ImageObject","@id":"https:\/\/www.eldigitaldeasturias.com\/noticias\/los-viajes-de-xanina-insua-la-fortaleza-del-atlantico\/#authorImage","url":"https:\/\/www.eldigitaldeasturias.com\/noticias\/wp-content\/litespeed\/avatar\/18677e78aa0546b92d9dbf31ec7d7668.jpg?ver=1777290358","width":96,"height":96,"caption":"El Digital de Asturias"}},{"@type":"WebPage","@id":"https:\/\/www.eldigitaldeasturias.com\/noticias\/los-viajes-de-xanina-insua-la-fortaleza-del-atlantico\/#webpage","url":"https:\/\/www.eldigitaldeasturias.com\/noticias\/los-viajes-de-xanina-insua-la-fortaleza-del-atlantico\/","name":"Los Viajes de Xanina : \u201cInsua\u201d la fortaleza del Atl\u00e1ntico. - El Digital de Asturias","description":"Llevaba d\u00edas mirando para aquella misteriosa isla cada vez que estaba tumbada al sol en la playa de O Mui\u00f1o en la Guarda. Incluso mis compa\u00f1eros de viaje y yo fantase\u00e1bamos acerca de que pod\u00eda haber ocurrido ayer durante siglos. Fue una tarde hablando de ello en la terraza del bar de la playa cuando","inLanguage":"es-ES","isPartOf":{"@id":"https:\/\/www.eldigitaldeasturias.com\/noticias\/#website"},"breadcrumb":{"@id":"https:\/\/www.eldigitaldeasturias.com\/noticias\/los-viajes-de-xanina-insua-la-fortaleza-del-atlantico\/#breadcrumblist"},"author":{"@id":"https:\/\/www.eldigitaldeasturias.com\/noticias\/author\/admin\/#author"},"creator":{"@id":"https:\/\/www.eldigitaldeasturias.com\/noticias\/author\/admin\/#author"},"image":{"@type":"ImageObject","url":"https:\/\/www.eldigitaldeasturias.com\/noticias\/wp-content\/uploads\/2013\/10\/fortaleza1.jpg","@id":"https:\/\/www.eldigitaldeasturias.com\/noticias\/los-viajes-de-xanina-insua-la-fortaleza-del-atlantico\/#mainImage","width":2256,"height":1496},"primaryImageOfPage":{"@id":"https:\/\/www.eldigitaldeasturias.com\/noticias\/los-viajes-de-xanina-insua-la-fortaleza-del-atlantico\/#mainImage"},"datePublished":"2013-10-27T14:29:02+01:00","dateModified":"2015-08-16T18:49:33+02:00"},{"@type":"WebSite","@id":"https:\/\/www.eldigitaldeasturias.com\/noticias\/#website","url":"https:\/\/www.eldigitaldeasturias.com\/noticias\/","name":"El Digital de Asturias - Diario de actualidad y noticias","alternateName":"El Digital de Asturias - Diario de actualidad y noticias","description":"Hemeroteca","inLanguage":"es-ES","publisher":{"@id":"https:\/\/www.eldigitaldeasturias.com\/noticias\/#organization"}}]},"og:locale":"es_ES","og:site_name":"El Digital de Asturias","og:type":"article","og:title":"Los Viajes de Xanina : \u201cInsua\u201d la fortaleza del Atl\u00e1ntico. - El Digital de Asturias","og:description":"Llevaba d\u00edas mirando para aquella misteriosa isla cada vez que estaba tumbada al sol en la playa de O Mui\u00f1o en la Guarda. Incluso mis compa\u00f1eros de viaje y yo fantase\u00e1bamos acerca de que pod\u00eda haber ocurrido ayer durante siglos. Fue una tarde hablando de ello en la terraza del bar de la playa cuando","og:url":"https:\/\/www.eldigitaldeasturias.com\/noticias\/los-viajes-de-xanina-insua-la-fortaleza-del-atlantico\/","og:image":"https:\/\/www.eldigitaldeasturias.com\/noticias\/wp-content\/uploads\/2013\/10\/fortaleza1.jpg","og:image:secure_url":"https:\/\/www.eldigitaldeasturias.com\/noticias\/wp-content\/uploads\/2013\/10\/fortaleza1.jpg","og:image:width":2256,"og:image:height":1496,"article:tag":["sociedad"],"article:published_time":"2013-10-27T13:29:02+00:00","article:modified_time":"2015-08-16T17:49:33+00:00","article:publisher":"https:\/\/facebook.com\/eldigitaldeasturias","twitter:card":"summary_large_image","twitter:title":"Los Viajes de Xanina : \u201cInsua\u201d la fortaleza del Atl\u00e1ntico. - El Digital de Asturias","twitter:description":"Llevaba d\u00edas mirando para aquella misteriosa isla cada vez que estaba tumbada al sol en la playa de O Mui\u00f1o en la Guarda. Incluso mis compa\u00f1eros de viaje y yo fantase\u00e1bamos acerca de que pod\u00eda haber ocurrido ayer durante siglos. Fue una tarde hablando de ello en la terraza del bar de la playa cuando","twitter:image":"https:\/\/www.eldigitaldeasturias.com\/noticias\/wp-content\/uploads\/2013\/10\/fortaleza1.jpg","twitter:label1":"Escrito por","twitter:data1":"El Digital de Asturias","twitter:label2":"Tiempo de lectura estimado","twitter:data2":"3 minutos"},"aioseo_meta_data":{"post_id":"440393","title":null,"description":null,"keywords":null,"keyphrases":null,"primary_term":null,"canonical_url":null,"og_title":null,"og_description":null,"og_object_type":"default","og_image_type":"default","og_image_url":null,"og_image_width":null,"og_image_height":null,"og_image_custom_url":null,"og_image_custom_fields":null,"og_video":null,"og_custom_url":null,"og_article_section":null,"og_article_tags":null,"twitter_use_og":true,"twitter_card":"default","twitter_image_type":"default","twitter_image_url":null,"twitter_image_custom_url":null,"twitter_image_custom_fields":null,"twitter_title":null,"twitter_description":null,"schema":{"blockGraphs":[],"customGraphs":[],"default":{"data":{"Article":[],"Course":[],"Dataset":[],"FAQPage":[],"Movie":[],"Person":[],"Product":[],"ProductReview":[],"Car":[],"Recipe":[],"Service":[],"SoftwareApplication":[],"WebPage":[]},"graphName":"","isEnabled":true},"graphs":[],"defaultGraph":"","defaultPostTypeGraph":""},"schema_type":null,"schema_type_options":null,"pillar_content":false,"robots_default":true,"robots_noindex":false,"robots_noarchive":false,"robots_nosnippet":false,"robots_nofollow":false,"robots_noimageindex":false,"robots_noodp":false,"robots_notranslate":false,"robots_max_snippet":null,"robots_max_videopreview":null,"robots_max_imagepreview":"none","priority":null,"frequency":null,"local_seo":null,"seo_analyzer_scan_date":"2025-08-22 09:41:47","breadcrumb_settings":null,"limit_modified_date":false,"open_ai":null,"ai":null,"created":"2020-11-14 22:41:02","updated":"2025-08-22 09:41:47"},"aioseo_breadcrumb":"<div class=\"aioseo-breadcrumbs\"><span class=\"aioseo-breadcrumb\">\n\t<a href=\"https:\/\/www.eldigitaldeasturias.com\/noticias\" title=\"Home\">Home<\/a>\n<\/span><span class=\"aioseo-breadcrumb-separator\">\u2013<\/span><span class=\"aioseo-breadcrumb\">\n\t<a href=\"https:\/\/www.eldigitaldeasturias.com\/noticias\/category\/sociedad\/\" title=\"Sociedad\">Sociedad<\/a>\n<\/span><span class=\"aioseo-breadcrumb-separator\">\u2013<\/span><span class=\"aioseo-breadcrumb\">\n\t<a href=\"https:\/\/www.eldigitaldeasturias.com\/noticias\/los-viajes-de-xanina-insua-la-fortaleza-del-atlantico\/\" title=\"Los Viajes de Xanina : \u201cInsua\u201d la fortaleza del Atl\u00e1ntico.\">Los Viajes de Xanina : \u201cInsua\u201d la fortaleza del Atl\u00e1ntico.<\/a>\n<\/span><\/div>","aioseo_breadcrumb_json":[{"label":"Home","link":"https:\/\/www.eldigitaldeasturias.com\/noticias"},{"label":"Sociedad","link":"https:\/\/www.eldigitaldeasturias.com\/noticias\/category\/sociedad\/"},{"label":"Los Viajes de Xanina : \u201cInsua\u201d la fortaleza del Atl\u00e1ntico.","link":"https:\/\/www.eldigitaldeasturias.com\/noticias\/los-viajes-de-xanina-insua-la-fortaleza-del-atlantico\/"}],"_links":{"self":[{"href":"https:\/\/www.eldigitaldeasturias.com\/noticias\/wp-json\/wp\/v2\/posts\/440393","targetHints":{"allow":["GET"]}}],"collection":[{"href":"https:\/\/www.eldigitaldeasturias.com\/noticias\/wp-json\/wp\/v2\/posts"}],"about":[{"href":"https:\/\/www.eldigitaldeasturias.com\/noticias\/wp-json\/wp\/v2\/types\/post"}],"author":[{"embeddable":true,"href":"https:\/\/www.eldigitaldeasturias.com\/noticias\/wp-json\/wp\/v2\/users\/1"}],"replies":[{"embeddable":true,"href":"https:\/\/www.eldigitaldeasturias.com\/noticias\/wp-json\/wp\/v2\/comments?post=440393"}],"version-history":[{"count":0,"href":"https:\/\/www.eldigitaldeasturias.com\/noticias\/wp-json\/wp\/v2\/posts\/440393\/revisions"}],"wp:featuredmedia":[{"embeddable":true,"href":"https:\/\/www.eldigitaldeasturias.com\/noticias\/wp-json\/wp\/v2\/media\/440395"}],"wp:attachment":[{"href":"https:\/\/www.eldigitaldeasturias.com\/noticias\/wp-json\/wp\/v2\/media?parent=440393"}],"wp:term":[{"taxonomy":"category","embeddable":true,"href":"https:\/\/www.eldigitaldeasturias.com\/noticias\/wp-json\/wp\/v2\/categories?post=440393"},{"taxonomy":"post_tag","embeddable":true,"href":"https:\/\/www.eldigitaldeasturias.com\/noticias\/wp-json\/wp\/v2\/tags?post=440393"}],"curies":[{"name":"wp","href":"https:\/\/api.w.org\/{rel}","templated":true}]}}