{"id":3399,"date":"2013-09-26T04:50:08","date_gmt":"2013-09-26T04:50:08","guid":{"rendered":"http:\/\/www.eldigitaldeasturias.com\/noticias\/?p=3399"},"modified":"2013-09-26T04:53:45","modified_gmt":"2013-09-26T04:53:45","slug":"anticorrupcion-se-opone-a-que-rajoy-declare-como-testigo-por-barcenas","status":"publish","type":"post","link":"https:\/\/www.eldigitaldeasturias.com\/noticias\/anticorrupcion-se-opone-a-que-rajoy-declare-como-testigo-por-barcenas\/","title":{"rendered":"Anticorrupci\u00f3n se opone a que Rajoy declare como testigo por B\u00e1rcenas"},"content":{"rendered":"<p><img loading=\"lazy\" decoding=\"async\" class=\"alignleft size-medium wp-image-3400\" alt=\"fotonoticia_20130925160348_800\" src=\"https:\/\/www.eldigitaldeasturias.com\/noticias\/wp-content\/uploads\/2013\/09\/fotonoticia_20130925160348_800-360x240.jpg\" width=\"360\" height=\"240\" \/>MADRID, 25 Sep. (EUROPA PRESS) &#8211;\u00a0La Fiscal\u00eda Anticorrupci\u00f3n se ha manifestado en contra de la declaraci\u00f3n como testigo del presidente del Gobierno, Mariano Rajoy, en la causa en la que se investiga la supuesta contabilidad B del Partido Popular (PP) argumentando que no existen \u00abunos hechos delictivos indiciariamente acreditados que sustenten la continuaci\u00f3n de la instrucci\u00f3n\u00bb en tanto no se aporten informes periciales a la causa.<\/p>\n<p>En un escrito remitido al juez de la Audiencia Nacional Pablo Ruz, en el que tambi\u00e9n rechaza los interrogatorios a los exministros Jaime Mayor Oreja y Rodrigo Rato, el Ministerio P\u00fablico argumenta que en cuanto a la existencia o no de delitos fiscales en los ejercicios 2007 y 2008, \u00abpende un informe pericial que ilustre sobre las cuotas en su caso dejadas de ingresar por el Partido Popular\u00bb.<\/p>\n<p>El Ministerio P\u00fablico especifica que s\u00f3lo con la aportaci\u00f3n de estos an\u00e1lisis policiales \u00abse podr\u00e1n concretar la existencia o no de hechos delictivos\u00bb. En concreto se refiere a sendos informes de la Intervenci\u00f3n General del Estado y de la Unidad de Delincuencia Econ\u00f3mica y Fiscal (UDEF).<\/p>\n<p>Entre tanto, Anticorrupci\u00f3n recomienda \u00abcautela\u00bb y propone evitar realizar aquellas diligencias que \u00abaunque puedan levantar inter\u00e9s pol\u00edtico y social lo hacen sobre la base de unos hechos y expectativas de dif\u00edcil acomodo en el proceso penal\u00bb o que ya han prescrito.<\/p>\n<p>PALABRA DE COSPEDAL<\/p>\n<p>Anticorrupci\u00f3n se pronuncia de esta forma en relaci\u00f3n con la petici\u00f3n que realiz\u00f3 en julio pasado la Asociaci\u00f3n de Abogados Dem\u00f3cratas por Europa (ADADE), que ejerce la acusaci\u00f3n popular en el &#8216;caso G\u00fcrtel&#8217; y en la pieza separada en la que se investiga la supuesta caja B de los &#8216;populares&#8217;.<\/p>\n<p>La solicitud se produjo despu\u00e9s de que el extesorero del PP Luis B\u00e1rcenas asegurara en su declaraci\u00f3n ante el juez que Rajoy y la secretaria general del PP Mar\u00eda Dolores de Cospedal hab\u00edan percibido dos pagos no anotados en sus &#8216;papeles&#8217;, uno en el verano de 2009 por importe de 20.000 euros y otro en marzo de 2010 de 25.000 euros.<\/p>\n<p>La Fiscal\u00eda argumenta que esta afirmaci\u00f3n de B\u00e1rcenas ha quedado contrastada con la realizada por la propia Cospedal, que neg\u00f3 \u00abtajantemente\u00bb durante su declaraci\u00f3n del pasado mes de agosto haber percibido este dinero.<\/p>\n<p>Se\u00f1ala tambi\u00e9n que en los &#8216;papeles&#8217; se han detectado \u00abdivergencias entre anotaciones y saldos\u00bb, concretamente en su p\u00e1gina 14, que abarca el periodo de junio a diciembre de 2008. Tambi\u00e9n existen divergencias entre las anotaciones y saldos de los ejercicios de 1997 y 1998 aportados en el pen-drive, con los que aparecen en los documentos manuscritos.<\/p>\n<p>La Fiscal\u00eda reprocha a ADADE que la solicitud de la declaraci\u00f3n del presidente y asegura que se trata \u00abde una diligencia de conveniencia orientada m\u00e1s bien a un inter\u00e9s extraprocesal que al que debe seguir todo procedimiento penal\u00bb.<\/p>\n<p>Tambi\u00e9n argumenta que no se puede pedir el testimonio de Rajoy para que \u00e9ste \u00abofrezca explicaciones\u00bb sobre la presunta percepci\u00f3n por su parte de pagos anotados en los &#8216;papeles&#8217; del extesorero Luis B\u00e1rcenas. \u00abIncurre la acusaci\u00f3n popular en un palmario y grave error en el entendimiento del principio de intervenci\u00f3n m\u00ednima o &#8216;\u00faltima ratio&#8217; del derecho penal\u00bb, dice.<\/p>\n","protected":false},"excerpt":{"rendered":"<p>MADRID, 25 Sep. (EUROPA PRESS) &#8211;\u00a0La Fiscal\u00eda Anticorrupci\u00f3n se ha manifestado en contra de la declaraci\u00f3n como testigo del presidente del Gobierno, Mariano Rajoy, en la causa en la que se investiga la supuesta contabilidad B del Partido Popular (PP) argumentando que no existen \u00abunos hechos delictivos indiciariamente acreditados que sustenten la continuaci\u00f3n de la [&hellip;]<\/p>\n","protected":false},"author":1,"featured_media":3400,"comment_status":"open","ping_status":"open","sticky":false,"template":"","format":"standard","meta":{"footnotes":""},"categories":[1],"tags":[],"class_list":["post-3399","post","type-post","status-publish","format-standard","has-post-thumbnail","hentry","category-actualidad"],"aioseo_notices":[],"aioseo_head":"\n\t\t<!-- All in One SEO Pro 4.9.6.2 - aioseo.com -->\n\t<meta name=\"description\" content=\"MADRID, 25 Sep. (EUROPA PRESS) - La Fiscal\u00eda Anticorrupci\u00f3n se ha manifestado en contra de la declaraci\u00f3n como testigo del presidente del Gobierno, Mariano Rajoy, en la causa en la que se investiga la supuesta contabilidad B del Partido Popular (PP) argumentando que no existen &quot;unos hechos delictivos indiciariamente acreditados que sustenten la continuaci\u00f3n de la\" \/>\n\t<meta name=\"robots\" content=\"max-image-preview:large\" \/>\n\t<meta name=\"author\" content=\"El Digital de Asturias\"\/>\n\t<meta name=\"google-site-verification\" content=\"UA-38556648-1\" \/>\n\t<meta name=\"msvalidate.01\" content=\"7dfe9f3f1b24437ab69f4f2559babe99\" \/>\n\t<meta name=\"keywords\" content=\"actualidad\" \/>\n\t<link rel=\"canonical\" href=\"https:\/\/www.eldigitaldeasturias.com\/noticias\/anticorrupcion-se-opone-a-que-rajoy-declare-como-testigo-por-barcenas\/\" \/>\n\t<meta name=\"generator\" content=\"All in One SEO Pro (AIOSEO) 4.9.6.2\" \/>\n\t\t<meta property=\"og:locale\" content=\"es_ES\" \/>\n\t\t<meta property=\"og:site_name\" content=\"El Digital de Asturias\" \/>\n\t\t<meta property=\"og:type\" content=\"article\" \/>\n\t\t<meta property=\"og:title\" content=\"Anticorrupci\u00f3n se opone a que Rajoy declare como testigo por B\u00e1rcenas - El Digital de Asturias\" \/>\n\t\t<meta property=\"og:description\" content=\"MADRID, 25 Sep. (EUROPA PRESS) - La Fiscal\u00eda Anticorrupci\u00f3n se ha manifestado en contra de la declaraci\u00f3n como testigo del presidente del Gobierno, Mariano Rajoy, en la causa en la que se investiga la supuesta contabilidad B del Partido Popular (PP) argumentando que no existen &quot;unos hechos delictivos indiciariamente acreditados que sustenten la continuaci\u00f3n de la\" \/>\n\t\t<meta property=\"og:url\" content=\"https:\/\/www.eldigitaldeasturias.com\/noticias\/anticorrupcion-se-opone-a-que-rajoy-declare-como-testigo-por-barcenas\/\" \/>\n\t\t<meta property=\"article:tag\" content=\"actualidad\" \/>\n\t\t<meta property=\"article:published_time\" content=\"2013-09-26T04:50:08+00:00\" \/>\n\t\t<meta property=\"article:modified_time\" content=\"2013-09-26T04:53:45+00:00\" \/>\n\t\t<meta property=\"article:publisher\" content=\"https:\/\/facebook.com\/eldigitaldeasturias\" \/>\n\t\t<meta name=\"twitter:card\" content=\"summary_large_image\" \/>\n\t\t<meta name=\"twitter:title\" content=\"Anticorrupci\u00f3n se opone a que Rajoy declare como testigo por B\u00e1rcenas - El Digital de Asturias\" \/>\n\t\t<meta name=\"twitter:description\" content=\"MADRID, 25 Sep. (EUROPA PRESS) - La Fiscal\u00eda Anticorrupci\u00f3n se ha manifestado en contra de la declaraci\u00f3n como testigo del presidente del Gobierno, Mariano Rajoy, en la causa en la que se investiga la supuesta contabilidad B del Partido Popular (PP) argumentando que no existen &quot;unos hechos delictivos indiciariamente acreditados que sustenten la continuaci\u00f3n de la\" \/>\n\t\t<meta name=\"twitter:label1\" content=\"Escrito por\" \/>\n\t\t<meta name=\"twitter:data1\" content=\"El Digital de Asturias\" \/>\n\t\t<meta name=\"twitter:label2\" content=\"Tiempo de lectura estimado\" \/>\n\t\t<meta name=\"twitter:data2\" content=\"3 minutos\" \/>\n\t\t<script type=\"application\/ld+json\" class=\"aioseo-schema\">\n\t\t\t{\"@context\":\"https:\\\/\\\/schema.org\",\"@graph\":[{\"@type\":\"BlogPosting\",\"@id\":\"https:\\\/\\\/www.eldigitaldeasturias.com\\\/noticias\\\/anticorrupcion-se-opone-a-que-rajoy-declare-como-testigo-por-barcenas\\\/#blogposting\",\"name\":\"Anticorrupci\\u00f3n se opone a que Rajoy declare como testigo por B\\u00e1rcenas - El Digital de Asturias\",\"headline\":\"Anticorrupci\\u00f3n se opone a que Rajoy declare como testigo por B\\u00e1rcenas\",\"author\":{\"@id\":\"https:\\\/\\\/www.eldigitaldeasturias.com\\\/noticias\\\/author\\\/admin\\\/#author\"},\"publisher\":{\"@id\":\"https:\\\/\\\/www.eldigitaldeasturias.com\\\/noticias\\\/#organization\"},\"image\":{\"@type\":\"ImageObject\",\"url\":3400},\"datePublished\":\"2013-09-26T04:50:08+02:00\",\"dateModified\":\"2013-09-26T04:53:45+02:00\",\"inLanguage\":\"es-ES\",\"mainEntityOfPage\":{\"@id\":\"https:\\\/\\\/www.eldigitaldeasturias.com\\\/noticias\\\/anticorrupcion-se-opone-a-que-rajoy-declare-como-testigo-por-barcenas\\\/#webpage\"},\"isPartOf\":{\"@id\":\"https:\\\/\\\/www.eldigitaldeasturias.com\\\/noticias\\\/anticorrupcion-se-opone-a-que-rajoy-declare-como-testigo-por-barcenas\\\/#webpage\"},\"articleSection\":\"Actualidad\"},{\"@type\":\"BreadcrumbList\",\"@id\":\"https:\\\/\\\/www.eldigitaldeasturias.com\\\/noticias\\\/anticorrupcion-se-opone-a-que-rajoy-declare-como-testigo-por-barcenas\\\/#breadcrumblist\",\"itemListElement\":[{\"@type\":\"ListItem\",\"@id\":\"https:\\\/\\\/www.eldigitaldeasturias.com\\\/noticias#listItem\",\"position\":1,\"name\":\"Home\",\"item\":\"https:\\\/\\\/www.eldigitaldeasturias.com\\\/noticias\",\"nextItem\":{\"@type\":\"ListItem\",\"@id\":\"https:\\\/\\\/www.eldigitaldeasturias.com\\\/noticias\\\/category\\\/actualidad\\\/#listItem\",\"name\":\"Actualidad\"}},{\"@type\":\"ListItem\",\"@id\":\"https:\\\/\\\/www.eldigitaldeasturias.com\\\/noticias\\\/category\\\/actualidad\\\/#listItem\",\"position\":2,\"name\":\"Actualidad\",\"item\":\"https:\\\/\\\/www.eldigitaldeasturias.com\\\/noticias\\\/category\\\/actualidad\\\/\",\"nextItem\":{\"@type\":\"ListItem\",\"@id\":\"https:\\\/\\\/www.eldigitaldeasturias.com\\\/noticias\\\/anticorrupcion-se-opone-a-que-rajoy-declare-como-testigo-por-barcenas\\\/#listItem\",\"name\":\"Anticorrupci\\u00f3n se opone a que Rajoy declare como testigo por B\\u00e1rcenas\"},\"previousItem\":{\"@type\":\"ListItem\",\"@id\":\"https:\\\/\\\/www.eldigitaldeasturias.com\\\/noticias#listItem\",\"name\":\"Home\"}},{\"@type\":\"ListItem\",\"@id\":\"https:\\\/\\\/www.eldigitaldeasturias.com\\\/noticias\\\/anticorrupcion-se-opone-a-que-rajoy-declare-como-testigo-por-barcenas\\\/#listItem\",\"position\":3,\"name\":\"Anticorrupci\\u00f3n se opone a que Rajoy declare como testigo por B\\u00e1rcenas\",\"previousItem\":{\"@type\":\"ListItem\",\"@id\":\"https:\\\/\\\/www.eldigitaldeasturias.com\\\/noticias\\\/category\\\/actualidad\\\/#listItem\",\"name\":\"Actualidad\"}}]},{\"@type\":\"Organization\",\"@id\":\"https:\\\/\\\/www.eldigitaldeasturias.com\\\/noticias\\\/#organization\",\"name\":\"El Digital de Asturias\",\"description\":\"Hemeroteca\",\"url\":\"https:\\\/\\\/www.eldigitaldeasturias.com\\\/noticias\\\/\",\"email\":\"info@eldigitaldeasturias.com\",\"telephone\":\"+34652131393\",\"logo\":{\"@type\":\"ImageObject\",\"url\":\"https:\\\/\\\/www.eldigitaldeasturias.com\\\/noticias\\\/wp-content\\\/uploads\\\/2020\\\/12\\\/EDA.jpg\",\"@id\":\"https:\\\/\\\/www.eldigitaldeasturias.com\\\/noticias\\\/anticorrupcion-se-opone-a-que-rajoy-declare-como-testigo-por-barcenas\\\/#organizationLogo\",\"width\":649,\"height\":297},\"image\":{\"@id\":\"https:\\\/\\\/www.eldigitaldeasturias.com\\\/noticias\\\/anticorrupcion-se-opone-a-que-rajoy-declare-como-testigo-por-barcenas\\\/#organizationLogo\"},\"sameAs\":[\"https:\\\/\\\/facebook.com\\\/eldigitaldeasturias\",\"https:\\\/\\\/www.youtube.com\\\/channel\\\/UCZP-2wLEB9Rv6erhFmqVnvg\"],\"address\":{\"@id\":\"https:\\\/\\\/www.eldigitaldeasturias.com\\\/noticias\\\/#postaladdress\",\"@type\":\"PostalAddress\",\"streetAddress\":\"san antonio 4,\",\"postalCode\":\"33430\",\"addressLocality\":\"Cand\\u00e1s\",\"addressRegion\":\"Asturias\",\"addressCountry\":\"ES\"}},{\"@type\":\"Person\",\"@id\":\"https:\\\/\\\/www.eldigitaldeasturias.com\\\/noticias\\\/author\\\/admin\\\/#author\",\"url\":\"https:\\\/\\\/www.eldigitaldeasturias.com\\\/noticias\\\/author\\\/admin\\\/\",\"name\":\"El Digital de Asturias\",\"image\":{\"@type\":\"ImageObject\",\"@id\":\"https:\\\/\\\/www.eldigitaldeasturias.com\\\/noticias\\\/anticorrupcion-se-opone-a-que-rajoy-declare-como-testigo-por-barcenas\\\/#authorImage\",\"url\":\"https:\\\/\\\/www.eldigitaldeasturias.com\\\/noticias\\\/wp-content\\\/litespeed\\\/avatar\\\/18677e78aa0546b92d9dbf31ec7d7668.jpg?ver=1777290358\",\"width\":96,\"height\":96,\"caption\":\"El Digital de Asturias\"}},{\"@type\":\"WebPage\",\"@id\":\"https:\\\/\\\/www.eldigitaldeasturias.com\\\/noticias\\\/anticorrupcion-se-opone-a-que-rajoy-declare-como-testigo-por-barcenas\\\/#webpage\",\"url\":\"https:\\\/\\\/www.eldigitaldeasturias.com\\\/noticias\\\/anticorrupcion-se-opone-a-que-rajoy-declare-como-testigo-por-barcenas\\\/\",\"name\":\"Anticorrupci\\u00f3n se opone a que Rajoy declare como testigo por B\\u00e1rcenas - El Digital de Asturias\",\"description\":\"MADRID, 25 Sep. (EUROPA PRESS) - La Fiscal\\u00eda Anticorrupci\\u00f3n se ha manifestado en contra de la declaraci\\u00f3n como testigo del presidente del Gobierno, Mariano Rajoy, en la causa en la que se investiga la supuesta contabilidad B del Partido Popular (PP) argumentando que no existen \\\"unos hechos delictivos indiciariamente acreditados que sustenten la continuaci\\u00f3n de la\",\"inLanguage\":\"es-ES\",\"isPartOf\":{\"@id\":\"https:\\\/\\\/www.eldigitaldeasturias.com\\\/noticias\\\/#website\"},\"breadcrumb\":{\"@id\":\"https:\\\/\\\/www.eldigitaldeasturias.com\\\/noticias\\\/anticorrupcion-se-opone-a-que-rajoy-declare-como-testigo-por-barcenas\\\/#breadcrumblist\"},\"author\":{\"@id\":\"https:\\\/\\\/www.eldigitaldeasturias.com\\\/noticias\\\/author\\\/admin\\\/#author\"},\"creator\":{\"@id\":\"https:\\\/\\\/www.eldigitaldeasturias.com\\\/noticias\\\/author\\\/admin\\\/#author\"},\"image\":{\"@type\":\"ImageObject\",\"url\":3400,\"@id\":\"https:\\\/\\\/www.eldigitaldeasturias.com\\\/noticias\\\/anticorrupcion-se-opone-a-que-rajoy-declare-como-testigo-por-barcenas\\\/#mainImage\"},\"primaryImageOfPage\":{\"@id\":\"https:\\\/\\\/www.eldigitaldeasturias.com\\\/noticias\\\/anticorrupcion-se-opone-a-que-rajoy-declare-como-testigo-por-barcenas\\\/#mainImage\"},\"datePublished\":\"2013-09-26T04:50:08+02:00\",\"dateModified\":\"2013-09-26T04:53:45+02:00\"},{\"@type\":\"WebSite\",\"@id\":\"https:\\\/\\\/www.eldigitaldeasturias.com\\\/noticias\\\/#website\",\"url\":\"https:\\\/\\\/www.eldigitaldeasturias.com\\\/noticias\\\/\",\"name\":\"El Digital de Asturias - Diario de actualidad y noticias\",\"alternateName\":\"El Digital de Asturias - Diario de actualidad y noticias\",\"description\":\"Hemeroteca\",\"inLanguage\":\"es-ES\",\"publisher\":{\"@id\":\"https:\\\/\\\/www.eldigitaldeasturias.com\\\/noticias\\\/#organization\"}}]}\n\t\t<\/script>\n\t\t<!-- All in One SEO Pro -->\r\n\t\t<title>Anticorrupci\u00f3n se opone a que Rajoy declare como testigo por B\u00e1rcenas - El Digital de Asturias<\/title>\n\n","aioseo_head_json":{"title":"Anticorrupci\u00f3n se opone a que Rajoy declare como testigo por B\u00e1rcenas - El Digital de Asturias","description":"MADRID, 25 Sep. (EUROPA PRESS) - La Fiscal\u00eda Anticorrupci\u00f3n se ha manifestado en contra de la declaraci\u00f3n como testigo del presidente del Gobierno, Mariano Rajoy, en la causa en la que se investiga la supuesta contabilidad B del Partido Popular (PP) argumentando que no existen \"unos hechos delictivos indiciariamente acreditados que sustenten la continuaci\u00f3n de la","canonical_url":"https:\/\/www.eldigitaldeasturias.com\/noticias\/anticorrupcion-se-opone-a-que-rajoy-declare-como-testigo-por-barcenas\/","robots":"max-image-preview:large","keywords":"actualidad","webmasterTools":{"google-site-verification":"UA-38556648-1","msvalidate.01":"7dfe9f3f1b24437ab69f4f2559babe99","miscellaneous":""},"schema":{"@context":"https:\/\/schema.org","@graph":[{"@type":"BlogPosting","@id":"https:\/\/www.eldigitaldeasturias.com\/noticias\/anticorrupcion-se-opone-a-que-rajoy-declare-como-testigo-por-barcenas\/#blogposting","name":"Anticorrupci\u00f3n se opone a que Rajoy declare como testigo por B\u00e1rcenas - El Digital de Asturias","headline":"Anticorrupci\u00f3n se opone a que Rajoy declare como testigo por B\u00e1rcenas","author":{"@id":"https:\/\/www.eldigitaldeasturias.com\/noticias\/author\/admin\/#author"},"publisher":{"@id":"https:\/\/www.eldigitaldeasturias.com\/noticias\/#organization"},"image":{"@type":"ImageObject","url":3400},"datePublished":"2013-09-26T04:50:08+02:00","dateModified":"2013-09-26T04:53:45+02:00","inLanguage":"es-ES","mainEntityOfPage":{"@id":"https:\/\/www.eldigitaldeasturias.com\/noticias\/anticorrupcion-se-opone-a-que-rajoy-declare-como-testigo-por-barcenas\/#webpage"},"isPartOf":{"@id":"https:\/\/www.eldigitaldeasturias.com\/noticias\/anticorrupcion-se-opone-a-que-rajoy-declare-como-testigo-por-barcenas\/#webpage"},"articleSection":"Actualidad"},{"@type":"BreadcrumbList","@id":"https:\/\/www.eldigitaldeasturias.com\/noticias\/anticorrupcion-se-opone-a-que-rajoy-declare-como-testigo-por-barcenas\/#breadcrumblist","itemListElement":[{"@type":"ListItem","@id":"https:\/\/www.eldigitaldeasturias.com\/noticias#listItem","position":1,"name":"Home","item":"https:\/\/www.eldigitaldeasturias.com\/noticias","nextItem":{"@type":"ListItem","@id":"https:\/\/www.eldigitaldeasturias.com\/noticias\/category\/actualidad\/#listItem","name":"Actualidad"}},{"@type":"ListItem","@id":"https:\/\/www.eldigitaldeasturias.com\/noticias\/category\/actualidad\/#listItem","position":2,"name":"Actualidad","item":"https:\/\/www.eldigitaldeasturias.com\/noticias\/category\/actualidad\/","nextItem":{"@type":"ListItem","@id":"https:\/\/www.eldigitaldeasturias.com\/noticias\/anticorrupcion-se-opone-a-que-rajoy-declare-como-testigo-por-barcenas\/#listItem","name":"Anticorrupci\u00f3n se opone a que Rajoy declare como testigo por B\u00e1rcenas"},"previousItem":{"@type":"ListItem","@id":"https:\/\/www.eldigitaldeasturias.com\/noticias#listItem","name":"Home"}},{"@type":"ListItem","@id":"https:\/\/www.eldigitaldeasturias.com\/noticias\/anticorrupcion-se-opone-a-que-rajoy-declare-como-testigo-por-barcenas\/#listItem","position":3,"name":"Anticorrupci\u00f3n se opone a que Rajoy declare como testigo por B\u00e1rcenas","previousItem":{"@type":"ListItem","@id":"https:\/\/www.eldigitaldeasturias.com\/noticias\/category\/actualidad\/#listItem","name":"Actualidad"}}]},{"@type":"Organization","@id":"https:\/\/www.eldigitaldeasturias.com\/noticias\/#organization","name":"El Digital de Asturias","description":"Hemeroteca","url":"https:\/\/www.eldigitaldeasturias.com\/noticias\/","email":"info@eldigitaldeasturias.com","telephone":"+34652131393","logo":{"@type":"ImageObject","url":"https:\/\/www.eldigitaldeasturias.com\/noticias\/wp-content\/uploads\/2020\/12\/EDA.jpg","@id":"https:\/\/www.eldigitaldeasturias.com\/noticias\/anticorrupcion-se-opone-a-que-rajoy-declare-como-testigo-por-barcenas\/#organizationLogo","width":649,"height":297},"image":{"@id":"https:\/\/www.eldigitaldeasturias.com\/noticias\/anticorrupcion-se-opone-a-que-rajoy-declare-como-testigo-por-barcenas\/#organizationLogo"},"sameAs":["https:\/\/facebook.com\/eldigitaldeasturias","https:\/\/www.youtube.com\/channel\/UCZP-2wLEB9Rv6erhFmqVnvg"],"address":{"@id":"https:\/\/www.eldigitaldeasturias.com\/noticias\/#postaladdress","@type":"PostalAddress","streetAddress":"san antonio 4,","postalCode":"33430","addressLocality":"Cand\u00e1s","addressRegion":"Asturias","addressCountry":"ES"}},{"@type":"Person","@id":"https:\/\/www.eldigitaldeasturias.com\/noticias\/author\/admin\/#author","url":"https:\/\/www.eldigitaldeasturias.com\/noticias\/author\/admin\/","name":"El Digital de Asturias","image":{"@type":"ImageObject","@id":"https:\/\/www.eldigitaldeasturias.com\/noticias\/anticorrupcion-se-opone-a-que-rajoy-declare-como-testigo-por-barcenas\/#authorImage","url":"https:\/\/www.eldigitaldeasturias.com\/noticias\/wp-content\/litespeed\/avatar\/18677e78aa0546b92d9dbf31ec7d7668.jpg?ver=1777290358","width":96,"height":96,"caption":"El Digital de Asturias"}},{"@type":"WebPage","@id":"https:\/\/www.eldigitaldeasturias.com\/noticias\/anticorrupcion-se-opone-a-que-rajoy-declare-como-testigo-por-barcenas\/#webpage","url":"https:\/\/www.eldigitaldeasturias.com\/noticias\/anticorrupcion-se-opone-a-que-rajoy-declare-como-testigo-por-barcenas\/","name":"Anticorrupci\u00f3n se opone a que Rajoy declare como testigo por B\u00e1rcenas - El Digital de Asturias","description":"MADRID, 25 Sep. (EUROPA PRESS) - La Fiscal\u00eda Anticorrupci\u00f3n se ha manifestado en contra de la declaraci\u00f3n como testigo del presidente del Gobierno, Mariano Rajoy, en la causa en la que se investiga la supuesta contabilidad B del Partido Popular (PP) argumentando que no existen \"unos hechos delictivos indiciariamente acreditados que sustenten la continuaci\u00f3n de la","inLanguage":"es-ES","isPartOf":{"@id":"https:\/\/www.eldigitaldeasturias.com\/noticias\/#website"},"breadcrumb":{"@id":"https:\/\/www.eldigitaldeasturias.com\/noticias\/anticorrupcion-se-opone-a-que-rajoy-declare-como-testigo-por-barcenas\/#breadcrumblist"},"author":{"@id":"https:\/\/www.eldigitaldeasturias.com\/noticias\/author\/admin\/#author"},"creator":{"@id":"https:\/\/www.eldigitaldeasturias.com\/noticias\/author\/admin\/#author"},"image":{"@type":"ImageObject","url":3400,"@id":"https:\/\/www.eldigitaldeasturias.com\/noticias\/anticorrupcion-se-opone-a-que-rajoy-declare-como-testigo-por-barcenas\/#mainImage"},"primaryImageOfPage":{"@id":"https:\/\/www.eldigitaldeasturias.com\/noticias\/anticorrupcion-se-opone-a-que-rajoy-declare-como-testigo-por-barcenas\/#mainImage"},"datePublished":"2013-09-26T04:50:08+02:00","dateModified":"2013-09-26T04:53:45+02:00"},{"@type":"WebSite","@id":"https:\/\/www.eldigitaldeasturias.com\/noticias\/#website","url":"https:\/\/www.eldigitaldeasturias.com\/noticias\/","name":"El Digital de Asturias - Diario de actualidad y noticias","alternateName":"El Digital de Asturias - Diario de actualidad y noticias","description":"Hemeroteca","inLanguage":"es-ES","publisher":{"@id":"https:\/\/www.eldigitaldeasturias.com\/noticias\/#organization"}}]},"og:locale":"es_ES","og:site_name":"El Digital de Asturias","og:type":"article","og:title":"Anticorrupci\u00f3n se opone a que Rajoy declare como testigo por B\u00e1rcenas - El Digital de Asturias","og:description":"MADRID, 25 Sep. (EUROPA PRESS) - La Fiscal\u00eda Anticorrupci\u00f3n se ha manifestado en contra de la declaraci\u00f3n como testigo del presidente del Gobierno, Mariano Rajoy, en la causa en la que se investiga la supuesta contabilidad B del Partido Popular (PP) argumentando que no existen &quot;unos hechos delictivos indiciariamente acreditados que sustenten la continuaci\u00f3n de la","og:url":"https:\/\/www.eldigitaldeasturias.com\/noticias\/anticorrupcion-se-opone-a-que-rajoy-declare-como-testigo-por-barcenas\/","article:tag":["actualidad"],"article:published_time":"2013-09-26T04:50:08+00:00","article:modified_time":"2013-09-26T04:53:45+00:00","article:publisher":"https:\/\/facebook.com\/eldigitaldeasturias","twitter:card":"summary_large_image","twitter:title":"Anticorrupci\u00f3n se opone a que Rajoy declare como testigo por B\u00e1rcenas - El Digital de Asturias","twitter:description":"MADRID, 25 Sep. (EUROPA PRESS) - La Fiscal\u00eda Anticorrupci\u00f3n se ha manifestado en contra de la declaraci\u00f3n como testigo del presidente del Gobierno, Mariano Rajoy, en la causa en la que se investiga la supuesta contabilidad B del Partido Popular (PP) argumentando que no existen &quot;unos hechos delictivos indiciariamente acreditados que sustenten la continuaci\u00f3n de la","twitter:label1":"Escrito por","twitter:data1":"El Digital de Asturias","twitter:label2":"Tiempo de lectura estimado","twitter:data2":"3 minutos"},"aioseo_meta_data":{"post_id":"3399","title":null,"description":null,"keywords":null,"keyphrases":null,"primary_term":null,"canonical_url":null,"og_title":null,"og_description":null,"og_object_type":"default","og_image_type":"default","og_image_url":null,"og_image_width":null,"og_image_height":null,"og_image_custom_url":null,"og_image_custom_fields":null,"og_video":null,"og_custom_url":null,"og_article_section":null,"og_article_tags":null,"twitter_use_og":true,"twitter_card":"default","twitter_image_type":"default","twitter_image_url":null,"twitter_image_custom_url":null,"twitter_image_custom_fields":null,"twitter_title":null,"twitter_description":null,"schema":{"blockGraphs":[],"customGraphs":[],"default":{"data":{"Article":[],"Course":[],"Dataset":[],"FAQPage":[],"Movie":[],"Person":[],"Product":[],"ProductReview":[],"Car":[],"Recipe":[],"Service":[],"SoftwareApplication":[],"WebPage":[]},"graphName":"","isEnabled":true},"graphs":[],"defaultGraph":"","defaultPostTypeGraph":""},"schema_type":null,"schema_type_options":null,"pillar_content":false,"robots_default":true,"robots_noindex":false,"robots_noarchive":false,"robots_nosnippet":false,"robots_nofollow":false,"robots_noimageindex":false,"robots_noodp":false,"robots_notranslate":false,"robots_max_snippet":null,"robots_max_videopreview":null,"robots_max_imagepreview":"none","priority":null,"frequency":null,"local_seo":null,"seo_analyzer_scan_date":"2025-08-21 06:23:53","breadcrumb_settings":null,"limit_modified_date":false,"open_ai":null,"ai":null,"created":"2020-11-14 22:37:07","updated":"2025-08-21 06:23:53"},"aioseo_breadcrumb":"<div class=\"aioseo-breadcrumbs\"><span class=\"aioseo-breadcrumb\">\n\t<a href=\"https:\/\/www.eldigitaldeasturias.com\/noticias\" title=\"Home\">Home<\/a>\n<\/span><span class=\"aioseo-breadcrumb-separator\">\u2013<\/span><span class=\"aioseo-breadcrumb\">\n\t<a href=\"https:\/\/www.eldigitaldeasturias.com\/noticias\/category\/actualidad\/\" title=\"Actualidad\">Actualidad<\/a>\n<\/span><span class=\"aioseo-breadcrumb-separator\">\u2013<\/span><span class=\"aioseo-breadcrumb\">\n\t<a href=\"https:\/\/www.eldigitaldeasturias.com\/noticias\/anticorrupcion-se-opone-a-que-rajoy-declare-como-testigo-por-barcenas\/\" title=\"Anticorrupci\u00f3n se opone a que Rajoy declare como testigo por B\u00e1rcenas\">Anticorrupci\u00f3n se opone a que Rajoy declare como testigo por B\u00e1rcenas<\/a>\n<\/span><\/div>","aioseo_breadcrumb_json":[{"label":"Home","link":"https:\/\/www.eldigitaldeasturias.com\/noticias"},{"label":"Actualidad","link":"https:\/\/www.eldigitaldeasturias.com\/noticias\/category\/actualidad\/"},{"label":"Anticorrupci\u00f3n se opone a que Rajoy declare como testigo por B\u00e1rcenas","link":"https:\/\/www.eldigitaldeasturias.com\/noticias\/anticorrupcion-se-opone-a-que-rajoy-declare-como-testigo-por-barcenas\/"}],"_links":{"self":[{"href":"https:\/\/www.eldigitaldeasturias.com\/noticias\/wp-json\/wp\/v2\/posts\/3399","targetHints":{"allow":["GET"]}}],"collection":[{"href":"https:\/\/www.eldigitaldeasturias.com\/noticias\/wp-json\/wp\/v2\/posts"}],"about":[{"href":"https:\/\/www.eldigitaldeasturias.com\/noticias\/wp-json\/wp\/v2\/types\/post"}],"author":[{"embeddable":true,"href":"https:\/\/www.eldigitaldeasturias.com\/noticias\/wp-json\/wp\/v2\/users\/1"}],"replies":[{"embeddable":true,"href":"https:\/\/www.eldigitaldeasturias.com\/noticias\/wp-json\/wp\/v2\/comments?post=3399"}],"version-history":[{"count":0,"href":"https:\/\/www.eldigitaldeasturias.com\/noticias\/wp-json\/wp\/v2\/posts\/3399\/revisions"}],"wp:featuredmedia":[{"embeddable":true,"href":"https:\/\/www.eldigitaldeasturias.com\/noticias\/wp-json\/"}],"wp:attachment":[{"href":"https:\/\/www.eldigitaldeasturias.com\/noticias\/wp-json\/wp\/v2\/media?parent=3399"}],"wp:term":[{"taxonomy":"category","embeddable":true,"href":"https:\/\/www.eldigitaldeasturias.com\/noticias\/wp-json\/wp\/v2\/categories?post=3399"},{"taxonomy":"post_tag","embeddable":true,"href":"https:\/\/www.eldigitaldeasturias.com\/noticias\/wp-json\/wp\/v2\/tags?post=3399"}],"curies":[{"name":"wp","href":"https:\/\/api.w.org\/{rel}","templated":true}]}}