{"id":3396,"date":"2013-09-26T04:48:34","date_gmt":"2013-09-26T04:48:34","guid":{"rendered":"http:\/\/www.eldigitaldeasturias.com\/noticias\/?p=3396"},"modified":"2013-09-26T04:48:34","modified_gmt":"2013-09-26T04:48:34","slug":"csi-f-pide-a-rajoy-un-credito-para-devolver-la-extra-de-2012-a-los-empleados-publicos","status":"publish","type":"post","link":"https:\/\/www.eldigitaldeasturias.com\/noticias\/csi-f-pide-a-rajoy-un-credito-para-devolver-la-extra-de-2012-a-los-empleados-publicos\/","title":{"rendered":"CSI-F pide a Rajoy un cr\u00e9dito para \u00abdevolver\u00bb la extra de 2012 a los empleados p\u00fablicos"},"content":{"rendered":"<p><img loading=\"lazy\" decoding=\"async\" class=\"alignleft size-medium wp-image-3397\" alt=\"fotonoticia_20130925160116_800\" src=\"https:\/\/www.eldigitaldeasturias.com\/noticias\/wp-content\/uploads\/2013\/09\/fotonoticia_20130925160116_800-360x202.jpg\" width=\"360\" height=\"202\" \/>BADAJOZ, 25 Sep. (EUROPA PRESS) &#8211;\u00a0El presidente nacional de CSI-F, Miguel Borra, ha instado al Ejecutivo de Mariano Rajoy a que habilite un cr\u00e9dito extraordinario, en los Presupuestos de 2014, para \u00abdevolver\u00bb la paga extra de 2012 a los empleados p\u00fablicos.<\/p>\n<p>\u00abPor lo menos, devolver la paga extra que los tribunales nos est\u00e1n dando la raz\u00f3n, que son los d\u00edas devengados, 44 d\u00edas para los funcionarios estatutarios y 15 d\u00edas para los laborales, as\u00ed tambi\u00e9n se reactiva la econom\u00eda\u00bb, ha destacado Borra durante su intervenci\u00f3n en la inauguraci\u00f3n del Congreso Extraordinario de CSI-F Badajoz, en el que tambi\u00e9n ha intervenido el presidente del Gobierno regional, Jos\u00e9 Antonio Monago.<\/p>\n<p>Y es que, seg\u00fan ha dicho, \u00abla econom\u00eda no solo se reactiva dando dinero a los bancos o consintiendo que suba la energ\u00eda el\u00e9ctrica por terca vez consecutiva\u00bb, sino dando dinero a los empleados p\u00fablicos a los que, \u00abinjustamente\u00bb, se les \u00abarrebat\u00f3\u00bb.<\/p>\n<p>En su intervenci\u00f3n, ha valorado los datos que ha avanzado el presidente del Gobierno, Mariano Rajoy, quien ha resaltado en el Senado que el Gobierno elevar\u00e1 este viernes del 0,5% al 0,7% su previsi\u00f3n de crecimiento del PIB para el pr\u00f3ximo a\u00f1o, algo que a su juicio es \u00abpositivo\u00bb.<\/p>\n<p>&#8216;CONGELACI\u00d3N&#8217; DEL SALARIO<\/p>\n<p>No obstante, ha lamentado que, de cara al pr\u00f3ximo a\u00f1o, se volver\u00e1 a \u00abcongelar\u00bb el salario de los empleados p\u00fablicos, de manera que estos trabajadores, ha dicho, acumulan una \u00abp\u00e9rdida\u00bb cercana al 30 por ciento del poder adquisitivo.<\/p>\n<p>\u00abHemos perdido una serie de derechos que ahora tenemos que intentar recuperar. Desde luego, lo que no puede ser es que hayamos sido los primeros en empezar a sufrir la crisis y esperamos no ser los \u00faltimos en empezar a ver los efectos de ese crecimiento, los efectos de esa senda de recuperaci\u00f3n\u00bb, ha expresado.<\/p>\n<p>De este modo, ha abogado por \u00abcomenzar a romper con esa sensaci\u00f3n de que, siempre que falta dinero, los empleados p\u00fablicos somos una caja a la que es f\u00e1cil de acudir\u00bb.<\/p>\n<p>Asimismo, ha valorado la \u00abvalent\u00eda\u00bb del Ejecutivo del presidente extreme\u00f1o, Jos\u00e9 Antonio Monago, con el adelanto de la paga extra a los empleados p\u00fablicos.<\/p>\n<p>A este respecto, ha resaltado que Extremadura ha sido la \u00ab\u00fanica\u00bb comunidad en la que el comercio minorista no baj\u00f3 en enero de 2013, ante lo que ha dicho que con esta medida \u00abtambi\u00e9n se reactiva le econom\u00eda\u00bb.<\/p>\n<p>CONCURSO DE TRASLADO<\/p>\n<p>Por su parte, el presidente extreme\u00f1o, Jos\u00e9 Antonio Monago, ha anunciado que el Ejecutivo auton\u00f3mico trabaja en la apertura del concurso de traslado, que no se convocaba desde 2008, y cuyas propuestas se negocian con los sindicatos con el objetivo de poder convocarlo en este oto\u00f1o.<\/p>\n<p>El presidente extreme\u00f1o ha detallado que este decreto se adelanta a la redacci\u00f3n de la Ley del Empleo P\u00fablico, cuyo borrador previo a las negociaciones con los sindicatos se llevar\u00e1 a Consejo de Gobierno en las pr\u00f3ximas semanas, y que supondr\u00e1 un \u00abverdadero hito\u00bb en la historia de la Administraci\u00f3n regional.<\/p>\n<p>Del mismo modo, el presidente auton\u00f3mico ha ratificado la apuesta del Ejecutivo extreme\u00f1o por los funcionarios. \u00abLa dignificaci\u00f3n del papel del empleado p\u00fablico tiene que ser un trabajo constante\u00bb, ha concretado Monago, que ha hecho hincapi\u00e9 en la \u00abvoluntad de negociaci\u00f3n\u00bb y los \u00abcanales de di\u00e1logo\u00bb permanentemente abiertos con los sindicatos.<\/p>\n<p>En este sentido, ha se\u00f1alado que en estos dos a\u00f1os el Gobierno de Extremadura ha negociado con los sindicatos todas las medidas adoptadas en materia de personal. Se han mantenido m\u00e1s de cien reuniones, de las que s\u00f3lo en Administraci\u00f3n general se han producido unas 54 encuentros oficiales y m\u00e1s de 30 informales.<\/p>\n<p>En cuanto a los trabajadores p\u00fablicos, ha resaltado el trabajo realizado en la flexibilizaci\u00f3n del decreto estatal de bajas laborales, la apuesta por el teletrabajo, la reducci\u00f3n del persona eventual, \u00abque es otra lucha permanente\u00bb, y el decreto de provisi\u00f3n de puestos de trabajo de personal funcionario.<\/p>\n<p>Monago ha destacado adem\u00e1s el adelanto de la paga extra, algo que seg\u00fan ha explicado \u00abno es nada extraordinario\u00bb. \u00abEs extraordinario en Espa\u00f1a pero porque parec\u00eda que era un gesto de rebeld\u00eda, pero entend\u00edamos nosotros que desde el \u00e1mbito de competencias en funci\u00f3n p\u00fablica que tenemos desde el nivel auton\u00f3mico pod\u00edamos hacerlo\u00bb, ha dicho.<\/p>\n<p>\u00abAlguien quiso destacar en ese gesto un acto de rebeld\u00eda hacia Madrid, pues que lo vean como lo quieran ver, me da exactamente igual, ya estoy acostumbrado. Si no ejerzo las competencias que son m\u00edas, no va a venir Madrid a ejercer mis competencias. Yo no invado competencias de Madrid, pero soy presidente de Extremadura y ejerzo las competencias de Extremadura\u00bb, ha subrayado a este respecto.<\/p>\n<p>As\u00ed, ha resaltado el hecho de que, gracias a esta medida, se pudo \u00abdinamizar el consumo en unas fechas muy se\u00f1aladas y por lo tanto el dinero de los empleados p\u00fablicos finalmente reg\u00f3 toda Extremadura, reg\u00f3 la campa\u00f1a navide\u00f1a\u00bb.<\/p>\n","protected":false},"excerpt":{"rendered":"<p>BADAJOZ, 25 Sep. (EUROPA PRESS) &#8211;\u00a0El presidente nacional de CSI-F, Miguel Borra, ha instado al Ejecutivo de Mariano Rajoy a que habilite un cr\u00e9dito extraordinario, en los Presupuestos de 2014, para \u00abdevolver\u00bb la paga extra de 2012 a los empleados p\u00fablicos. \u00abPor lo menos, devolver la paga extra que los tribunales nos est\u00e1n dando la [&hellip;]<\/p>\n","protected":false},"author":1,"featured_media":3397,"comment_status":"open","ping_status":"open","sticky":false,"template":"","format":"standard","meta":{"footnotes":""},"categories":[1],"tags":[],"class_list":["post-3396","post","type-post","status-publish","format-standard","has-post-thumbnail","hentry","category-actualidad"],"aioseo_notices":[],"aioseo_head":"\n\t\t<!-- All in One SEO Pro 4.9.6.2 - aioseo.com -->\n\t<meta name=\"description\" content=\"BADAJOZ, 25 Sep. (EUROPA PRESS) - El presidente nacional de CSI-F, Miguel Borra, ha instado al Ejecutivo de Mariano Rajoy a que habilite un cr\u00e9dito extraordinario, en los Presupuestos de 2014, para &quot;devolver&quot; la paga extra de 2012 a los empleados p\u00fablicos. &quot;Por lo menos, devolver la paga extra que los tribunales nos est\u00e1n dando la\" \/>\n\t<meta name=\"robots\" content=\"max-image-preview:large\" \/>\n\t<meta name=\"author\" content=\"El Digital de Asturias\"\/>\n\t<meta name=\"google-site-verification\" content=\"UA-38556648-1\" \/>\n\t<meta name=\"msvalidate.01\" content=\"7dfe9f3f1b24437ab69f4f2559babe99\" \/>\n\t<meta name=\"keywords\" content=\"actualidad\" \/>\n\t<link rel=\"canonical\" href=\"https:\/\/www.eldigitaldeasturias.com\/noticias\/csi-f-pide-a-rajoy-un-credito-para-devolver-la-extra-de-2012-a-los-empleados-publicos\/\" \/>\n\t<meta name=\"generator\" content=\"All in One SEO Pro (AIOSEO) 4.9.6.2\" \/>\n\t\t<meta property=\"og:locale\" content=\"es_ES\" \/>\n\t\t<meta property=\"og:site_name\" content=\"El Digital de Asturias\" \/>\n\t\t<meta property=\"og:type\" content=\"article\" \/>\n\t\t<meta property=\"og:title\" content=\"CSI-F pide a Rajoy un cr\u00e9dito para \u00abdevolver\u00bb la extra de 2012 a los empleados p\u00fablicos - El Digital de Asturias\" \/>\n\t\t<meta property=\"og:description\" content=\"BADAJOZ, 25 Sep. (EUROPA PRESS) - El presidente nacional de CSI-F, Miguel Borra, ha instado al Ejecutivo de Mariano Rajoy a que habilite un cr\u00e9dito extraordinario, en los Presupuestos de 2014, para &quot;devolver&quot; la paga extra de 2012 a los empleados p\u00fablicos. &quot;Por lo menos, devolver la paga extra que los tribunales nos est\u00e1n dando la\" \/>\n\t\t<meta property=\"og:url\" content=\"https:\/\/www.eldigitaldeasturias.com\/noticias\/csi-f-pide-a-rajoy-un-credito-para-devolver-la-extra-de-2012-a-los-empleados-publicos\/\" \/>\n\t\t<meta property=\"article:tag\" content=\"actualidad\" \/>\n\t\t<meta property=\"article:published_time\" content=\"2013-09-26T04:48:34+00:00\" \/>\n\t\t<meta property=\"article:modified_time\" content=\"2013-09-26T04:48:34+00:00\" \/>\n\t\t<meta property=\"article:publisher\" content=\"https:\/\/facebook.com\/eldigitaldeasturias\" \/>\n\t\t<meta name=\"twitter:card\" content=\"summary_large_image\" \/>\n\t\t<meta name=\"twitter:title\" content=\"CSI-F pide a Rajoy un cr\u00e9dito para \u00abdevolver\u00bb la extra de 2012 a los empleados p\u00fablicos - El Digital de Asturias\" \/>\n\t\t<meta name=\"twitter:description\" content=\"BADAJOZ, 25 Sep. (EUROPA PRESS) - El presidente nacional de CSI-F, Miguel Borra, ha instado al Ejecutivo de Mariano Rajoy a que habilite un cr\u00e9dito extraordinario, en los Presupuestos de 2014, para &quot;devolver&quot; la paga extra de 2012 a los empleados p\u00fablicos. &quot;Por lo menos, devolver la paga extra que los tribunales nos est\u00e1n dando la\" \/>\n\t\t<meta name=\"twitter:label1\" content=\"Escrito por\" \/>\n\t\t<meta name=\"twitter:data1\" content=\"El Digital de Asturias\" \/>\n\t\t<meta name=\"twitter:label2\" content=\"Tiempo de lectura estimado\" \/>\n\t\t<meta name=\"twitter:data2\" content=\"4 minutos\" \/>\n\t\t<script type=\"application\/ld+json\" class=\"aioseo-schema\">\n\t\t\t{\"@context\":\"https:\\\/\\\/schema.org\",\"@graph\":[{\"@type\":\"BlogPosting\",\"@id\":\"https:\\\/\\\/www.eldigitaldeasturias.com\\\/noticias\\\/csi-f-pide-a-rajoy-un-credito-para-devolver-la-extra-de-2012-a-los-empleados-publicos\\\/#blogposting\",\"name\":\"CSI-F pide a Rajoy un cr\\u00e9dito para \\u00abdevolver\\u00bb la extra de 2012 a los empleados p\\u00fablicos - El Digital de Asturias\",\"headline\":\"CSI-F pide a Rajoy un cr\\u00e9dito para \\u00abdevolver\\u00bb la extra de 2012 a los empleados p\\u00fablicos\",\"author\":{\"@id\":\"https:\\\/\\\/www.eldigitaldeasturias.com\\\/noticias\\\/author\\\/admin\\\/#author\"},\"publisher\":{\"@id\":\"https:\\\/\\\/www.eldigitaldeasturias.com\\\/noticias\\\/#organization\"},\"image\":{\"@type\":\"ImageObject\",\"url\":3397},\"datePublished\":\"2013-09-26T04:48:34+02:00\",\"dateModified\":\"2013-09-26T04:48:34+02:00\",\"inLanguage\":\"es-ES\",\"mainEntityOfPage\":{\"@id\":\"https:\\\/\\\/www.eldigitaldeasturias.com\\\/noticias\\\/csi-f-pide-a-rajoy-un-credito-para-devolver-la-extra-de-2012-a-los-empleados-publicos\\\/#webpage\"},\"isPartOf\":{\"@id\":\"https:\\\/\\\/www.eldigitaldeasturias.com\\\/noticias\\\/csi-f-pide-a-rajoy-un-credito-para-devolver-la-extra-de-2012-a-los-empleados-publicos\\\/#webpage\"},\"articleSection\":\"Actualidad\"},{\"@type\":\"BreadcrumbList\",\"@id\":\"https:\\\/\\\/www.eldigitaldeasturias.com\\\/noticias\\\/csi-f-pide-a-rajoy-un-credito-para-devolver-la-extra-de-2012-a-los-empleados-publicos\\\/#breadcrumblist\",\"itemListElement\":[{\"@type\":\"ListItem\",\"@id\":\"https:\\\/\\\/www.eldigitaldeasturias.com\\\/noticias#listItem\",\"position\":1,\"name\":\"Home\",\"item\":\"https:\\\/\\\/www.eldigitaldeasturias.com\\\/noticias\",\"nextItem\":{\"@type\":\"ListItem\",\"@id\":\"https:\\\/\\\/www.eldigitaldeasturias.com\\\/noticias\\\/category\\\/actualidad\\\/#listItem\",\"name\":\"Actualidad\"}},{\"@type\":\"ListItem\",\"@id\":\"https:\\\/\\\/www.eldigitaldeasturias.com\\\/noticias\\\/category\\\/actualidad\\\/#listItem\",\"position\":2,\"name\":\"Actualidad\",\"item\":\"https:\\\/\\\/www.eldigitaldeasturias.com\\\/noticias\\\/category\\\/actualidad\\\/\",\"nextItem\":{\"@type\":\"ListItem\",\"@id\":\"https:\\\/\\\/www.eldigitaldeasturias.com\\\/noticias\\\/csi-f-pide-a-rajoy-un-credito-para-devolver-la-extra-de-2012-a-los-empleados-publicos\\\/#listItem\",\"name\":\"CSI-F pide a Rajoy un cr\\u00e9dito para \\u00abdevolver\\u00bb la extra de 2012 a los empleados p\\u00fablicos\"},\"previousItem\":{\"@type\":\"ListItem\",\"@id\":\"https:\\\/\\\/www.eldigitaldeasturias.com\\\/noticias#listItem\",\"name\":\"Home\"}},{\"@type\":\"ListItem\",\"@id\":\"https:\\\/\\\/www.eldigitaldeasturias.com\\\/noticias\\\/csi-f-pide-a-rajoy-un-credito-para-devolver-la-extra-de-2012-a-los-empleados-publicos\\\/#listItem\",\"position\":3,\"name\":\"CSI-F pide a Rajoy un cr\\u00e9dito para \\u00abdevolver\\u00bb la extra de 2012 a los empleados p\\u00fablicos\",\"previousItem\":{\"@type\":\"ListItem\",\"@id\":\"https:\\\/\\\/www.eldigitaldeasturias.com\\\/noticias\\\/category\\\/actualidad\\\/#listItem\",\"name\":\"Actualidad\"}}]},{\"@type\":\"Organization\",\"@id\":\"https:\\\/\\\/www.eldigitaldeasturias.com\\\/noticias\\\/#organization\",\"name\":\"El Digital de Asturias\",\"description\":\"Hemeroteca\",\"url\":\"https:\\\/\\\/www.eldigitaldeasturias.com\\\/noticias\\\/\",\"email\":\"info@eldigitaldeasturias.com\",\"telephone\":\"+34652131393\",\"logo\":{\"@type\":\"ImageObject\",\"url\":\"https:\\\/\\\/www.eldigitaldeasturias.com\\\/noticias\\\/wp-content\\\/uploads\\\/2020\\\/12\\\/EDA.jpg\",\"@id\":\"https:\\\/\\\/www.eldigitaldeasturias.com\\\/noticias\\\/csi-f-pide-a-rajoy-un-credito-para-devolver-la-extra-de-2012-a-los-empleados-publicos\\\/#organizationLogo\",\"width\":649,\"height\":297},\"image\":{\"@id\":\"https:\\\/\\\/www.eldigitaldeasturias.com\\\/noticias\\\/csi-f-pide-a-rajoy-un-credito-para-devolver-la-extra-de-2012-a-los-empleados-publicos\\\/#organizationLogo\"},\"sameAs\":[\"https:\\\/\\\/facebook.com\\\/eldigitaldeasturias\",\"https:\\\/\\\/www.youtube.com\\\/channel\\\/UCZP-2wLEB9Rv6erhFmqVnvg\"],\"address\":{\"@id\":\"https:\\\/\\\/www.eldigitaldeasturias.com\\\/noticias\\\/#postaladdress\",\"@type\":\"PostalAddress\",\"streetAddress\":\"san antonio 4,\",\"postalCode\":\"33430\",\"addressLocality\":\"Cand\\u00e1s\",\"addressRegion\":\"Asturias\",\"addressCountry\":\"ES\"}},{\"@type\":\"Person\",\"@id\":\"https:\\\/\\\/www.eldigitaldeasturias.com\\\/noticias\\\/author\\\/admin\\\/#author\",\"url\":\"https:\\\/\\\/www.eldigitaldeasturias.com\\\/noticias\\\/author\\\/admin\\\/\",\"name\":\"El Digital de Asturias\",\"image\":{\"@type\":\"ImageObject\",\"@id\":\"https:\\\/\\\/www.eldigitaldeasturias.com\\\/noticias\\\/csi-f-pide-a-rajoy-un-credito-para-devolver-la-extra-de-2012-a-los-empleados-publicos\\\/#authorImage\",\"url\":\"https:\\\/\\\/www.eldigitaldeasturias.com\\\/noticias\\\/wp-content\\\/litespeed\\\/avatar\\\/18677e78aa0546b92d9dbf31ec7d7668.jpg?ver=1777290358\",\"width\":96,\"height\":96,\"caption\":\"El Digital de Asturias\"}},{\"@type\":\"WebPage\",\"@id\":\"https:\\\/\\\/www.eldigitaldeasturias.com\\\/noticias\\\/csi-f-pide-a-rajoy-un-credito-para-devolver-la-extra-de-2012-a-los-empleados-publicos\\\/#webpage\",\"url\":\"https:\\\/\\\/www.eldigitaldeasturias.com\\\/noticias\\\/csi-f-pide-a-rajoy-un-credito-para-devolver-la-extra-de-2012-a-los-empleados-publicos\\\/\",\"name\":\"CSI-F pide a Rajoy un cr\\u00e9dito para \\u00abdevolver\\u00bb la extra de 2012 a los empleados p\\u00fablicos - El Digital de Asturias\",\"description\":\"BADAJOZ, 25 Sep. (EUROPA PRESS) - El presidente nacional de CSI-F, Miguel Borra, ha instado al Ejecutivo de Mariano Rajoy a que habilite un cr\\u00e9dito extraordinario, en los Presupuestos de 2014, para \\\"devolver\\\" la paga extra de 2012 a los empleados p\\u00fablicos. \\\"Por lo menos, devolver la paga extra que los tribunales nos est\\u00e1n dando la\",\"inLanguage\":\"es-ES\",\"isPartOf\":{\"@id\":\"https:\\\/\\\/www.eldigitaldeasturias.com\\\/noticias\\\/#website\"},\"breadcrumb\":{\"@id\":\"https:\\\/\\\/www.eldigitaldeasturias.com\\\/noticias\\\/csi-f-pide-a-rajoy-un-credito-para-devolver-la-extra-de-2012-a-los-empleados-publicos\\\/#breadcrumblist\"},\"author\":{\"@id\":\"https:\\\/\\\/www.eldigitaldeasturias.com\\\/noticias\\\/author\\\/admin\\\/#author\"},\"creator\":{\"@id\":\"https:\\\/\\\/www.eldigitaldeasturias.com\\\/noticias\\\/author\\\/admin\\\/#author\"},\"image\":{\"@type\":\"ImageObject\",\"url\":3397,\"@id\":\"https:\\\/\\\/www.eldigitaldeasturias.com\\\/noticias\\\/csi-f-pide-a-rajoy-un-credito-para-devolver-la-extra-de-2012-a-los-empleados-publicos\\\/#mainImage\"},\"primaryImageOfPage\":{\"@id\":\"https:\\\/\\\/www.eldigitaldeasturias.com\\\/noticias\\\/csi-f-pide-a-rajoy-un-credito-para-devolver-la-extra-de-2012-a-los-empleados-publicos\\\/#mainImage\"},\"datePublished\":\"2013-09-26T04:48:34+02:00\",\"dateModified\":\"2013-09-26T04:48:34+02:00\"},{\"@type\":\"WebSite\",\"@id\":\"https:\\\/\\\/www.eldigitaldeasturias.com\\\/noticias\\\/#website\",\"url\":\"https:\\\/\\\/www.eldigitaldeasturias.com\\\/noticias\\\/\",\"name\":\"El Digital de Asturias - Diario de actualidad y noticias\",\"alternateName\":\"El Digital de Asturias - Diario de actualidad y noticias\",\"description\":\"Hemeroteca\",\"inLanguage\":\"es-ES\",\"publisher\":{\"@id\":\"https:\\\/\\\/www.eldigitaldeasturias.com\\\/noticias\\\/#organization\"}}]}\n\t\t<\/script>\n\t\t<!-- All in One SEO Pro -->\r\n\t\t<title>CSI-F pide a Rajoy un cr\u00e9dito para \u00abdevolver\u00bb la extra de 2012 a los empleados p\u00fablicos - El Digital de Asturias<\/title>\n\n","aioseo_head_json":{"title":"CSI-F pide a Rajoy un cr\u00e9dito para \u00abdevolver\u00bb la extra de 2012 a los empleados p\u00fablicos - El Digital de Asturias","description":"BADAJOZ, 25 Sep. (EUROPA PRESS) - El presidente nacional de CSI-F, Miguel Borra, ha instado al Ejecutivo de Mariano Rajoy a que habilite un cr\u00e9dito extraordinario, en los Presupuestos de 2014, para \"devolver\" la paga extra de 2012 a los empleados p\u00fablicos. \"Por lo menos, devolver la paga extra que los tribunales nos est\u00e1n dando la","canonical_url":"https:\/\/www.eldigitaldeasturias.com\/noticias\/csi-f-pide-a-rajoy-un-credito-para-devolver-la-extra-de-2012-a-los-empleados-publicos\/","robots":"max-image-preview:large","keywords":"actualidad","webmasterTools":{"google-site-verification":"UA-38556648-1","msvalidate.01":"7dfe9f3f1b24437ab69f4f2559babe99","miscellaneous":""},"schema":{"@context":"https:\/\/schema.org","@graph":[{"@type":"BlogPosting","@id":"https:\/\/www.eldigitaldeasturias.com\/noticias\/csi-f-pide-a-rajoy-un-credito-para-devolver-la-extra-de-2012-a-los-empleados-publicos\/#blogposting","name":"CSI-F pide a Rajoy un cr\u00e9dito para \u00abdevolver\u00bb la extra de 2012 a los empleados p\u00fablicos - El Digital de Asturias","headline":"CSI-F pide a Rajoy un cr\u00e9dito para \u00abdevolver\u00bb la extra de 2012 a los empleados p\u00fablicos","author":{"@id":"https:\/\/www.eldigitaldeasturias.com\/noticias\/author\/admin\/#author"},"publisher":{"@id":"https:\/\/www.eldigitaldeasturias.com\/noticias\/#organization"},"image":{"@type":"ImageObject","url":3397},"datePublished":"2013-09-26T04:48:34+02:00","dateModified":"2013-09-26T04:48:34+02:00","inLanguage":"es-ES","mainEntityOfPage":{"@id":"https:\/\/www.eldigitaldeasturias.com\/noticias\/csi-f-pide-a-rajoy-un-credito-para-devolver-la-extra-de-2012-a-los-empleados-publicos\/#webpage"},"isPartOf":{"@id":"https:\/\/www.eldigitaldeasturias.com\/noticias\/csi-f-pide-a-rajoy-un-credito-para-devolver-la-extra-de-2012-a-los-empleados-publicos\/#webpage"},"articleSection":"Actualidad"},{"@type":"BreadcrumbList","@id":"https:\/\/www.eldigitaldeasturias.com\/noticias\/csi-f-pide-a-rajoy-un-credito-para-devolver-la-extra-de-2012-a-los-empleados-publicos\/#breadcrumblist","itemListElement":[{"@type":"ListItem","@id":"https:\/\/www.eldigitaldeasturias.com\/noticias#listItem","position":1,"name":"Home","item":"https:\/\/www.eldigitaldeasturias.com\/noticias","nextItem":{"@type":"ListItem","@id":"https:\/\/www.eldigitaldeasturias.com\/noticias\/category\/actualidad\/#listItem","name":"Actualidad"}},{"@type":"ListItem","@id":"https:\/\/www.eldigitaldeasturias.com\/noticias\/category\/actualidad\/#listItem","position":2,"name":"Actualidad","item":"https:\/\/www.eldigitaldeasturias.com\/noticias\/category\/actualidad\/","nextItem":{"@type":"ListItem","@id":"https:\/\/www.eldigitaldeasturias.com\/noticias\/csi-f-pide-a-rajoy-un-credito-para-devolver-la-extra-de-2012-a-los-empleados-publicos\/#listItem","name":"CSI-F pide a Rajoy un cr\u00e9dito para \u00abdevolver\u00bb la extra de 2012 a los empleados p\u00fablicos"},"previousItem":{"@type":"ListItem","@id":"https:\/\/www.eldigitaldeasturias.com\/noticias#listItem","name":"Home"}},{"@type":"ListItem","@id":"https:\/\/www.eldigitaldeasturias.com\/noticias\/csi-f-pide-a-rajoy-un-credito-para-devolver-la-extra-de-2012-a-los-empleados-publicos\/#listItem","position":3,"name":"CSI-F pide a Rajoy un cr\u00e9dito para \u00abdevolver\u00bb la extra de 2012 a los empleados p\u00fablicos","previousItem":{"@type":"ListItem","@id":"https:\/\/www.eldigitaldeasturias.com\/noticias\/category\/actualidad\/#listItem","name":"Actualidad"}}]},{"@type":"Organization","@id":"https:\/\/www.eldigitaldeasturias.com\/noticias\/#organization","name":"El Digital de Asturias","description":"Hemeroteca","url":"https:\/\/www.eldigitaldeasturias.com\/noticias\/","email":"info@eldigitaldeasturias.com","telephone":"+34652131393","logo":{"@type":"ImageObject","url":"https:\/\/www.eldigitaldeasturias.com\/noticias\/wp-content\/uploads\/2020\/12\/EDA.jpg","@id":"https:\/\/www.eldigitaldeasturias.com\/noticias\/csi-f-pide-a-rajoy-un-credito-para-devolver-la-extra-de-2012-a-los-empleados-publicos\/#organizationLogo","width":649,"height":297},"image":{"@id":"https:\/\/www.eldigitaldeasturias.com\/noticias\/csi-f-pide-a-rajoy-un-credito-para-devolver-la-extra-de-2012-a-los-empleados-publicos\/#organizationLogo"},"sameAs":["https:\/\/facebook.com\/eldigitaldeasturias","https:\/\/www.youtube.com\/channel\/UCZP-2wLEB9Rv6erhFmqVnvg"],"address":{"@id":"https:\/\/www.eldigitaldeasturias.com\/noticias\/#postaladdress","@type":"PostalAddress","streetAddress":"san antonio 4,","postalCode":"33430","addressLocality":"Cand\u00e1s","addressRegion":"Asturias","addressCountry":"ES"}},{"@type":"Person","@id":"https:\/\/www.eldigitaldeasturias.com\/noticias\/author\/admin\/#author","url":"https:\/\/www.eldigitaldeasturias.com\/noticias\/author\/admin\/","name":"El Digital de Asturias","image":{"@type":"ImageObject","@id":"https:\/\/www.eldigitaldeasturias.com\/noticias\/csi-f-pide-a-rajoy-un-credito-para-devolver-la-extra-de-2012-a-los-empleados-publicos\/#authorImage","url":"https:\/\/www.eldigitaldeasturias.com\/noticias\/wp-content\/litespeed\/avatar\/18677e78aa0546b92d9dbf31ec7d7668.jpg?ver=1777290358","width":96,"height":96,"caption":"El Digital de Asturias"}},{"@type":"WebPage","@id":"https:\/\/www.eldigitaldeasturias.com\/noticias\/csi-f-pide-a-rajoy-un-credito-para-devolver-la-extra-de-2012-a-los-empleados-publicos\/#webpage","url":"https:\/\/www.eldigitaldeasturias.com\/noticias\/csi-f-pide-a-rajoy-un-credito-para-devolver-la-extra-de-2012-a-los-empleados-publicos\/","name":"CSI-F pide a Rajoy un cr\u00e9dito para \u00abdevolver\u00bb la extra de 2012 a los empleados p\u00fablicos - El Digital de Asturias","description":"BADAJOZ, 25 Sep. (EUROPA PRESS) - El presidente nacional de CSI-F, Miguel Borra, ha instado al Ejecutivo de Mariano Rajoy a que habilite un cr\u00e9dito extraordinario, en los Presupuestos de 2014, para \"devolver\" la paga extra de 2012 a los empleados p\u00fablicos. \"Por lo menos, devolver la paga extra que los tribunales nos est\u00e1n dando la","inLanguage":"es-ES","isPartOf":{"@id":"https:\/\/www.eldigitaldeasturias.com\/noticias\/#website"},"breadcrumb":{"@id":"https:\/\/www.eldigitaldeasturias.com\/noticias\/csi-f-pide-a-rajoy-un-credito-para-devolver-la-extra-de-2012-a-los-empleados-publicos\/#breadcrumblist"},"author":{"@id":"https:\/\/www.eldigitaldeasturias.com\/noticias\/author\/admin\/#author"},"creator":{"@id":"https:\/\/www.eldigitaldeasturias.com\/noticias\/author\/admin\/#author"},"image":{"@type":"ImageObject","url":3397,"@id":"https:\/\/www.eldigitaldeasturias.com\/noticias\/csi-f-pide-a-rajoy-un-credito-para-devolver-la-extra-de-2012-a-los-empleados-publicos\/#mainImage"},"primaryImageOfPage":{"@id":"https:\/\/www.eldigitaldeasturias.com\/noticias\/csi-f-pide-a-rajoy-un-credito-para-devolver-la-extra-de-2012-a-los-empleados-publicos\/#mainImage"},"datePublished":"2013-09-26T04:48:34+02:00","dateModified":"2013-09-26T04:48:34+02:00"},{"@type":"WebSite","@id":"https:\/\/www.eldigitaldeasturias.com\/noticias\/#website","url":"https:\/\/www.eldigitaldeasturias.com\/noticias\/","name":"El Digital de Asturias - Diario de actualidad y noticias","alternateName":"El Digital de Asturias - Diario de actualidad y noticias","description":"Hemeroteca","inLanguage":"es-ES","publisher":{"@id":"https:\/\/www.eldigitaldeasturias.com\/noticias\/#organization"}}]},"og:locale":"es_ES","og:site_name":"El Digital de Asturias","og:type":"article","og:title":"CSI-F pide a Rajoy un cr\u00e9dito para \u00abdevolver\u00bb la extra de 2012 a los empleados p\u00fablicos - El Digital de Asturias","og:description":"BADAJOZ, 25 Sep. (EUROPA PRESS) - El presidente nacional de CSI-F, Miguel Borra, ha instado al Ejecutivo de Mariano Rajoy a que habilite un cr\u00e9dito extraordinario, en los Presupuestos de 2014, para &quot;devolver&quot; la paga extra de 2012 a los empleados p\u00fablicos. &quot;Por lo menos, devolver la paga extra que los tribunales nos est\u00e1n dando la","og:url":"https:\/\/www.eldigitaldeasturias.com\/noticias\/csi-f-pide-a-rajoy-un-credito-para-devolver-la-extra-de-2012-a-los-empleados-publicos\/","article:tag":["actualidad"],"article:published_time":"2013-09-26T04:48:34+00:00","article:modified_time":"2013-09-26T04:48:34+00:00","article:publisher":"https:\/\/facebook.com\/eldigitaldeasturias","twitter:card":"summary_large_image","twitter:title":"CSI-F pide a Rajoy un cr\u00e9dito para \u00abdevolver\u00bb la extra de 2012 a los empleados p\u00fablicos - El Digital de Asturias","twitter:description":"BADAJOZ, 25 Sep. (EUROPA PRESS) - El presidente nacional de CSI-F, Miguel Borra, ha instado al Ejecutivo de Mariano Rajoy a que habilite un cr\u00e9dito extraordinario, en los Presupuestos de 2014, para &quot;devolver&quot; la paga extra de 2012 a los empleados p\u00fablicos. &quot;Por lo menos, devolver la paga extra que los tribunales nos est\u00e1n dando la","twitter:label1":"Escrito por","twitter:data1":"El Digital de Asturias","twitter:label2":"Tiempo de lectura estimado","twitter:data2":"4 minutos"},"aioseo_meta_data":{"post_id":"3396","title":null,"description":null,"keywords":null,"keyphrases":null,"primary_term":null,"canonical_url":null,"og_title":null,"og_description":null,"og_object_type":"default","og_image_type":"default","og_image_url":null,"og_image_width":null,"og_image_height":null,"og_image_custom_url":null,"og_image_custom_fields":null,"og_video":null,"og_custom_url":null,"og_article_section":null,"og_article_tags":null,"twitter_use_og":true,"twitter_card":"default","twitter_image_type":"default","twitter_image_url":null,"twitter_image_custom_url":null,"twitter_image_custom_fields":null,"twitter_title":null,"twitter_description":null,"schema":{"blockGraphs":[],"customGraphs":[],"default":{"data":{"Article":[],"Course":[],"Dataset":[],"FAQPage":[],"Movie":[],"Person":[],"Product":[],"ProductReview":[],"Car":[],"Recipe":[],"Service":[],"SoftwareApplication":[],"WebPage":[]},"graphName":"","isEnabled":true},"graphs":[],"defaultGraph":"","defaultPostTypeGraph":""},"schema_type":null,"schema_type_options":null,"pillar_content":false,"robots_default":true,"robots_noindex":false,"robots_noarchive":false,"robots_nosnippet":false,"robots_nofollow":false,"robots_noimageindex":false,"robots_noodp":false,"robots_notranslate":false,"robots_max_snippet":null,"robots_max_videopreview":null,"robots_max_imagepreview":"none","priority":null,"frequency":null,"local_seo":null,"seo_analyzer_scan_date":"2025-08-21 06:23:52","breadcrumb_settings":null,"limit_modified_date":false,"open_ai":null,"ai":null,"created":"2020-11-14 22:37:07","updated":"2025-08-21 06:23:52"},"aioseo_breadcrumb":"<div class=\"aioseo-breadcrumbs\"><span class=\"aioseo-breadcrumb\">\n\t<a href=\"https:\/\/www.eldigitaldeasturias.com\/noticias\" title=\"Home\">Home<\/a>\n<\/span><span class=\"aioseo-breadcrumb-separator\">\u2013<\/span><span class=\"aioseo-breadcrumb\">\n\t<a href=\"https:\/\/www.eldigitaldeasturias.com\/noticias\/category\/actualidad\/\" title=\"Actualidad\">Actualidad<\/a>\n<\/span><span class=\"aioseo-breadcrumb-separator\">\u2013<\/span><span class=\"aioseo-breadcrumb\">\n\t<a href=\"https:\/\/www.eldigitaldeasturias.com\/noticias\/csi-f-pide-a-rajoy-un-credito-para-devolver-la-extra-de-2012-a-los-empleados-publicos\/\" title=\"CSI-F pide a Rajoy un cr\u00e9dito para \u00abdevolver\u00bb la extra de 2012 a los empleados p\u00fablicos\">CSI-F pide a Rajoy un cr\u00e9dito para \u00abdevolver\u00bb la extra de 2012 a los empleados p\u00fablicos<\/a>\n<\/span><\/div>","aioseo_breadcrumb_json":[{"label":"Home","link":"https:\/\/www.eldigitaldeasturias.com\/noticias"},{"label":"Actualidad","link":"https:\/\/www.eldigitaldeasturias.com\/noticias\/category\/actualidad\/"},{"label":"CSI-F pide a Rajoy un cr\u00e9dito para \u00abdevolver\u00bb la extra de 2012 a los empleados p\u00fablicos","link":"https:\/\/www.eldigitaldeasturias.com\/noticias\/csi-f-pide-a-rajoy-un-credito-para-devolver-la-extra-de-2012-a-los-empleados-publicos\/"}],"_links":{"self":[{"href":"https:\/\/www.eldigitaldeasturias.com\/noticias\/wp-json\/wp\/v2\/posts\/3396","targetHints":{"allow":["GET"]}}],"collection":[{"href":"https:\/\/www.eldigitaldeasturias.com\/noticias\/wp-json\/wp\/v2\/posts"}],"about":[{"href":"https:\/\/www.eldigitaldeasturias.com\/noticias\/wp-json\/wp\/v2\/types\/post"}],"author":[{"embeddable":true,"href":"https:\/\/www.eldigitaldeasturias.com\/noticias\/wp-json\/wp\/v2\/users\/1"}],"replies":[{"embeddable":true,"href":"https:\/\/www.eldigitaldeasturias.com\/noticias\/wp-json\/wp\/v2\/comments?post=3396"}],"version-history":[{"count":0,"href":"https:\/\/www.eldigitaldeasturias.com\/noticias\/wp-json\/wp\/v2\/posts\/3396\/revisions"}],"wp:featuredmedia":[{"embeddable":true,"href":"https:\/\/www.eldigitaldeasturias.com\/noticias\/wp-json\/"}],"wp:attachment":[{"href":"https:\/\/www.eldigitaldeasturias.com\/noticias\/wp-json\/wp\/v2\/media?parent=3396"}],"wp:term":[{"taxonomy":"category","embeddable":true,"href":"https:\/\/www.eldigitaldeasturias.com\/noticias\/wp-json\/wp\/v2\/categories?post=3396"},{"taxonomy":"post_tag","embeddable":true,"href":"https:\/\/www.eldigitaldeasturias.com\/noticias\/wp-json\/wp\/v2\/tags?post=3396"}],"curies":[{"name":"wp","href":"https:\/\/api.w.org\/{rel}","templated":true}]}}