{"id":3393,"date":"2013-09-26T04:46:51","date_gmt":"2013-09-26T04:46:51","guid":{"rendered":"http:\/\/www.eldigitaldeasturias.com\/noticias\/?p=3393"},"modified":"2013-09-26T04:46:51","modified_gmt":"2013-09-26T04:46:51","slug":"duran-pide-al-gobierno-que-entienda-a-cataluna-y-su-voluntad-de-ser","status":"publish","type":"post","link":"https:\/\/www.eldigitaldeasturias.com\/noticias\/duran-pide-al-gobierno-que-entienda-a-cataluna-y-su-voluntad-de-ser\/","title":{"rendered":"Duran pide al Gobierno que entienda a Catalu\u00f1a y su \u00abvoluntad de ser\u00bb"},"content":{"rendered":"<p><img loading=\"lazy\" decoding=\"async\" class=\"alignleft size-medium wp-image-3394\" alt=\"fotonoticia_20130925154832_800\" src=\"https:\/\/www.eldigitaldeasturias.com\/noticias\/wp-content\/uploads\/2013\/09\/fotonoticia_20130925154832_800-360x269.jpg\" width=\"360\" height=\"269\" \/>MADRID, 25 Sep. (EUROPA PRESS) &#8211;\u00a0El portavoz de CiU en el Congreso de los Diputados, Josep Duran i Lleida, ha aprovechado el acto en el que ha sido condecorado con la Cruz del Comendador de la Orden al M\u00e9rito de la Rep\u00fablica de Polonia para solicitar al Gobierno que entienda a Catalu\u00f1a, y que respete su lengua porque tras ella hay una \u00abvoluntad de ser\u00bb.<\/p>\n<p>As\u00ed lo ha destacado tras ser reconocido con esta condecoraci\u00f3n en la embajada de Polonia en Madrid, de las manos del embajador, Tomasz Arabski, que ha catalogado a Duran como uno de los parlamentarios m\u00e1s respetados y que re\u00fane las caracter\u00edsticas del \u00abpol\u00edtico ideal; tener pasi\u00f3n y sentido de la responsabilidad\u00bb.<\/p>\n<p>Duran ha destacado aprovechar la tribuna en el acto para hacer una \u00abllamada\u00bb al Gobierno para favorecer un clima de entendimiento con Catalu\u00f1a, ya que ha manifestado que el di\u00e1logo es la v\u00eda para lograrlo.<\/p>\n<p>Por ello, ha pedido al Gobierno que entienda a Catalu\u00f1a, porque hay un conjunto muy complejo de circunstancias que les gustar\u00eda que fuesen reconocidas y, para ello, \u00abel di\u00e1logo es el mejor instrumento\u00bb.<\/p>\n<p>ENTREGA DE CONDECORACI\u00d3N<\/p>\n<p>Por otro lado, durante el acto, el embajador ha afirmado que Duran es uno de los mejores representantes de Catalu\u00f1a y Espa\u00f1a, y le ha agradecido su apoyo a la transici\u00f3n democr\u00e1tica de Polonia, as\u00ed como por su postura favorable a que el pa\u00eds accediera a la Uni\u00f3n Europea.<\/p>\n<p>Adem\u00e1s, ha recordado que fue uno de los primeros pol\u00edticos occidentales que visit\u00f3 Polonia, en el a\u00f1o 1989, y que gracias a este viaje, el cual emprendi\u00f3 con una delegaci\u00f3n de empresarios, en Polonia se pudo conocer \u00abel sabor del Cola-Cao\u00bb.<\/p>\n<p>Para Duran, quien ha catalogado como un honor recibir esta condecoraci\u00f3n, ha recordado como \u00abentra\u00f1able\u00bb aquel viaje emprendido en 1989 en el que pudo conocer a Lech Walesa, presidente Polaco en aquellos momentos, en zapatillas de andar por casa, y tambi\u00e9n visitar Auschwitz.<\/p>\n<p>Desde entonces, seg\u00fan ha dicho, Polonia ha dado un vuelco y se ha convertido en \u00abun factor clave de la UE\u00bb, situ\u00e1ndose como uno de los grandes de Europa al saber combinar a la perfecci\u00f3n austeridad y crecimiento.<\/p>\n<p>Finalmente, ha destacado que, de forma habitual, a los catalanes se les llama polacos y por esta raz\u00f3n tambi\u00e9n agradece especialmente que sea precisamente este pa\u00eds el que le condecore.<\/p>\n<p>En el acto, Duran ha estado acompa\u00f1ado por los diputados de CiU Josep S\u00e1nchez-Llibre, Jordi Jan\u00e9, Montserrat Surroca, Maria Concepci\u00f3 Tarruella y Maria Merc\u00e8 Pigem.<\/p>\n","protected":false},"excerpt":{"rendered":"<p>MADRID, 25 Sep. (EUROPA PRESS) &#8211;\u00a0El portavoz de CiU en el Congreso de los Diputados, Josep Duran i Lleida, ha aprovechado el acto en el que ha sido condecorado con la Cruz del Comendador de la Orden al M\u00e9rito de la Rep\u00fablica de Polonia para solicitar al Gobierno que entienda a Catalu\u00f1a, y que respete [&hellip;]<\/p>\n","protected":false},"author":1,"featured_media":3394,"comment_status":"open","ping_status":"open","sticky":false,"template":"","format":"standard","meta":{"footnotes":""},"categories":[1],"tags":[],"class_list":["post-3393","post","type-post","status-publish","format-standard","has-post-thumbnail","hentry","category-actualidad"],"aioseo_notices":[],"aioseo_head":"\n\t\t<!-- All in One SEO Pro 4.9.6.2 - aioseo.com -->\n\t<meta name=\"description\" content=\"MADRID, 25 Sep. (EUROPA PRESS) - El portavoz de CiU en el Congreso de los Diputados, Josep Duran i Lleida, ha aprovechado el acto en el que ha sido condecorado con la Cruz del Comendador de la Orden al M\u00e9rito de la Rep\u00fablica de Polonia para solicitar al Gobierno que entienda a Catalu\u00f1a, y que respete\" \/>\n\t<meta name=\"robots\" content=\"max-image-preview:large\" \/>\n\t<meta name=\"author\" content=\"El Digital de Asturias\"\/>\n\t<meta name=\"google-site-verification\" content=\"UA-38556648-1\" \/>\n\t<meta name=\"msvalidate.01\" content=\"7dfe9f3f1b24437ab69f4f2559babe99\" \/>\n\t<meta name=\"keywords\" content=\"actualidad\" \/>\n\t<link rel=\"canonical\" href=\"https:\/\/www.eldigitaldeasturias.com\/noticias\/duran-pide-al-gobierno-que-entienda-a-cataluna-y-su-voluntad-de-ser\/\" \/>\n\t<meta name=\"generator\" content=\"All in One SEO Pro (AIOSEO) 4.9.6.2\" \/>\n\t\t<meta property=\"og:locale\" content=\"es_ES\" \/>\n\t\t<meta property=\"og:site_name\" content=\"El Digital de Asturias\" \/>\n\t\t<meta property=\"og:type\" content=\"article\" \/>\n\t\t<meta property=\"og:title\" content=\"Duran pide al Gobierno que entienda a Catalu\u00f1a y su \u00abvoluntad de ser\u00bb - El Digital de Asturias\" \/>\n\t\t<meta property=\"og:description\" content=\"MADRID, 25 Sep. (EUROPA PRESS) - El portavoz de CiU en el Congreso de los Diputados, Josep Duran i Lleida, ha aprovechado el acto en el que ha sido condecorado con la Cruz del Comendador de la Orden al M\u00e9rito de la Rep\u00fablica de Polonia para solicitar al Gobierno que entienda a Catalu\u00f1a, y que respete\" \/>\n\t\t<meta property=\"og:url\" content=\"https:\/\/www.eldigitaldeasturias.com\/noticias\/duran-pide-al-gobierno-que-entienda-a-cataluna-y-su-voluntad-de-ser\/\" \/>\n\t\t<meta property=\"article:tag\" content=\"actualidad\" \/>\n\t\t<meta property=\"article:published_time\" content=\"2013-09-26T04:46:51+00:00\" \/>\n\t\t<meta property=\"article:modified_time\" content=\"2013-09-26T04:46:51+00:00\" \/>\n\t\t<meta property=\"article:publisher\" content=\"https:\/\/facebook.com\/eldigitaldeasturias\" \/>\n\t\t<meta name=\"twitter:card\" content=\"summary_large_image\" \/>\n\t\t<meta name=\"twitter:title\" content=\"Duran pide al Gobierno que entienda a Catalu\u00f1a y su \u00abvoluntad de ser\u00bb - El Digital de Asturias\" \/>\n\t\t<meta name=\"twitter:description\" content=\"MADRID, 25 Sep. (EUROPA PRESS) - El portavoz de CiU en el Congreso de los Diputados, Josep Duran i Lleida, ha aprovechado el acto en el que ha sido condecorado con la Cruz del Comendador de la Orden al M\u00e9rito de la Rep\u00fablica de Polonia para solicitar al Gobierno que entienda a Catalu\u00f1a, y que respete\" \/>\n\t\t<meta name=\"twitter:label1\" content=\"Escrito por\" \/>\n\t\t<meta name=\"twitter:data1\" content=\"El Digital de Asturias\" \/>\n\t\t<meta name=\"twitter:label2\" content=\"Tiempo de lectura estimado\" \/>\n\t\t<meta name=\"twitter:data2\" content=\"2 minutos\" \/>\n\t\t<script type=\"application\/ld+json\" class=\"aioseo-schema\">\n\t\t\t{\"@context\":\"https:\\\/\\\/schema.org\",\"@graph\":[{\"@type\":\"BlogPosting\",\"@id\":\"https:\\\/\\\/www.eldigitaldeasturias.com\\\/noticias\\\/duran-pide-al-gobierno-que-entienda-a-cataluna-y-su-voluntad-de-ser\\\/#blogposting\",\"name\":\"Duran pide al Gobierno que entienda a Catalu\\u00f1a y su \\u00abvoluntad de ser\\u00bb - El Digital de Asturias\",\"headline\":\"Duran pide al Gobierno que entienda a Catalu\\u00f1a y su \\u00abvoluntad de ser\\u00bb\",\"author\":{\"@id\":\"https:\\\/\\\/www.eldigitaldeasturias.com\\\/noticias\\\/author\\\/admin\\\/#author\"},\"publisher\":{\"@id\":\"https:\\\/\\\/www.eldigitaldeasturias.com\\\/noticias\\\/#organization\"},\"image\":{\"@type\":\"ImageObject\",\"url\":3394},\"datePublished\":\"2013-09-26T04:46:51+02:00\",\"dateModified\":\"2013-09-26T04:46:51+02:00\",\"inLanguage\":\"es-ES\",\"mainEntityOfPage\":{\"@id\":\"https:\\\/\\\/www.eldigitaldeasturias.com\\\/noticias\\\/duran-pide-al-gobierno-que-entienda-a-cataluna-y-su-voluntad-de-ser\\\/#webpage\"},\"isPartOf\":{\"@id\":\"https:\\\/\\\/www.eldigitaldeasturias.com\\\/noticias\\\/duran-pide-al-gobierno-que-entienda-a-cataluna-y-su-voluntad-de-ser\\\/#webpage\"},\"articleSection\":\"Actualidad\"},{\"@type\":\"BreadcrumbList\",\"@id\":\"https:\\\/\\\/www.eldigitaldeasturias.com\\\/noticias\\\/duran-pide-al-gobierno-que-entienda-a-cataluna-y-su-voluntad-de-ser\\\/#breadcrumblist\",\"itemListElement\":[{\"@type\":\"ListItem\",\"@id\":\"https:\\\/\\\/www.eldigitaldeasturias.com\\\/noticias#listItem\",\"position\":1,\"name\":\"Home\",\"item\":\"https:\\\/\\\/www.eldigitaldeasturias.com\\\/noticias\",\"nextItem\":{\"@type\":\"ListItem\",\"@id\":\"https:\\\/\\\/www.eldigitaldeasturias.com\\\/noticias\\\/category\\\/actualidad\\\/#listItem\",\"name\":\"Actualidad\"}},{\"@type\":\"ListItem\",\"@id\":\"https:\\\/\\\/www.eldigitaldeasturias.com\\\/noticias\\\/category\\\/actualidad\\\/#listItem\",\"position\":2,\"name\":\"Actualidad\",\"item\":\"https:\\\/\\\/www.eldigitaldeasturias.com\\\/noticias\\\/category\\\/actualidad\\\/\",\"nextItem\":{\"@type\":\"ListItem\",\"@id\":\"https:\\\/\\\/www.eldigitaldeasturias.com\\\/noticias\\\/duran-pide-al-gobierno-que-entienda-a-cataluna-y-su-voluntad-de-ser\\\/#listItem\",\"name\":\"Duran pide al Gobierno que entienda a Catalu\\u00f1a y su \\u00abvoluntad de ser\\u00bb\"},\"previousItem\":{\"@type\":\"ListItem\",\"@id\":\"https:\\\/\\\/www.eldigitaldeasturias.com\\\/noticias#listItem\",\"name\":\"Home\"}},{\"@type\":\"ListItem\",\"@id\":\"https:\\\/\\\/www.eldigitaldeasturias.com\\\/noticias\\\/duran-pide-al-gobierno-que-entienda-a-cataluna-y-su-voluntad-de-ser\\\/#listItem\",\"position\":3,\"name\":\"Duran pide al Gobierno que entienda a Catalu\\u00f1a y su \\u00abvoluntad de ser\\u00bb\",\"previousItem\":{\"@type\":\"ListItem\",\"@id\":\"https:\\\/\\\/www.eldigitaldeasturias.com\\\/noticias\\\/category\\\/actualidad\\\/#listItem\",\"name\":\"Actualidad\"}}]},{\"@type\":\"Organization\",\"@id\":\"https:\\\/\\\/www.eldigitaldeasturias.com\\\/noticias\\\/#organization\",\"name\":\"El Digital de Asturias\",\"description\":\"Hemeroteca\",\"url\":\"https:\\\/\\\/www.eldigitaldeasturias.com\\\/noticias\\\/\",\"email\":\"info@eldigitaldeasturias.com\",\"telephone\":\"+34652131393\",\"logo\":{\"@type\":\"ImageObject\",\"url\":\"https:\\\/\\\/www.eldigitaldeasturias.com\\\/noticias\\\/wp-content\\\/uploads\\\/2020\\\/12\\\/EDA.jpg\",\"@id\":\"https:\\\/\\\/www.eldigitaldeasturias.com\\\/noticias\\\/duran-pide-al-gobierno-que-entienda-a-cataluna-y-su-voluntad-de-ser\\\/#organizationLogo\",\"width\":649,\"height\":297},\"image\":{\"@id\":\"https:\\\/\\\/www.eldigitaldeasturias.com\\\/noticias\\\/duran-pide-al-gobierno-que-entienda-a-cataluna-y-su-voluntad-de-ser\\\/#organizationLogo\"},\"sameAs\":[\"https:\\\/\\\/facebook.com\\\/eldigitaldeasturias\",\"https:\\\/\\\/www.youtube.com\\\/channel\\\/UCZP-2wLEB9Rv6erhFmqVnvg\"],\"address\":{\"@id\":\"https:\\\/\\\/www.eldigitaldeasturias.com\\\/noticias\\\/#postaladdress\",\"@type\":\"PostalAddress\",\"streetAddress\":\"san antonio 4,\",\"postalCode\":\"33430\",\"addressLocality\":\"Cand\\u00e1s\",\"addressRegion\":\"Asturias\",\"addressCountry\":\"ES\"}},{\"@type\":\"Person\",\"@id\":\"https:\\\/\\\/www.eldigitaldeasturias.com\\\/noticias\\\/author\\\/admin\\\/#author\",\"url\":\"https:\\\/\\\/www.eldigitaldeasturias.com\\\/noticias\\\/author\\\/admin\\\/\",\"name\":\"El Digital de Asturias\",\"image\":{\"@type\":\"ImageObject\",\"@id\":\"https:\\\/\\\/www.eldigitaldeasturias.com\\\/noticias\\\/duran-pide-al-gobierno-que-entienda-a-cataluna-y-su-voluntad-de-ser\\\/#authorImage\",\"url\":\"https:\\\/\\\/www.eldigitaldeasturias.com\\\/noticias\\\/wp-content\\\/litespeed\\\/avatar\\\/18677e78aa0546b92d9dbf31ec7d7668.jpg?ver=1777290358\",\"width\":96,\"height\":96,\"caption\":\"El Digital de Asturias\"}},{\"@type\":\"WebPage\",\"@id\":\"https:\\\/\\\/www.eldigitaldeasturias.com\\\/noticias\\\/duran-pide-al-gobierno-que-entienda-a-cataluna-y-su-voluntad-de-ser\\\/#webpage\",\"url\":\"https:\\\/\\\/www.eldigitaldeasturias.com\\\/noticias\\\/duran-pide-al-gobierno-que-entienda-a-cataluna-y-su-voluntad-de-ser\\\/\",\"name\":\"Duran pide al Gobierno que entienda a Catalu\\u00f1a y su \\u00abvoluntad de ser\\u00bb - El Digital de Asturias\",\"description\":\"MADRID, 25 Sep. (EUROPA PRESS) - El portavoz de CiU en el Congreso de los Diputados, Josep Duran i Lleida, ha aprovechado el acto en el que ha sido condecorado con la Cruz del Comendador de la Orden al M\\u00e9rito de la Rep\\u00fablica de Polonia para solicitar al Gobierno que entienda a Catalu\\u00f1a, y que respete\",\"inLanguage\":\"es-ES\",\"isPartOf\":{\"@id\":\"https:\\\/\\\/www.eldigitaldeasturias.com\\\/noticias\\\/#website\"},\"breadcrumb\":{\"@id\":\"https:\\\/\\\/www.eldigitaldeasturias.com\\\/noticias\\\/duran-pide-al-gobierno-que-entienda-a-cataluna-y-su-voluntad-de-ser\\\/#breadcrumblist\"},\"author\":{\"@id\":\"https:\\\/\\\/www.eldigitaldeasturias.com\\\/noticias\\\/author\\\/admin\\\/#author\"},\"creator\":{\"@id\":\"https:\\\/\\\/www.eldigitaldeasturias.com\\\/noticias\\\/author\\\/admin\\\/#author\"},\"image\":{\"@type\":\"ImageObject\",\"url\":3394,\"@id\":\"https:\\\/\\\/www.eldigitaldeasturias.com\\\/noticias\\\/duran-pide-al-gobierno-que-entienda-a-cataluna-y-su-voluntad-de-ser\\\/#mainImage\"},\"primaryImageOfPage\":{\"@id\":\"https:\\\/\\\/www.eldigitaldeasturias.com\\\/noticias\\\/duran-pide-al-gobierno-que-entienda-a-cataluna-y-su-voluntad-de-ser\\\/#mainImage\"},\"datePublished\":\"2013-09-26T04:46:51+02:00\",\"dateModified\":\"2013-09-26T04:46:51+02:00\"},{\"@type\":\"WebSite\",\"@id\":\"https:\\\/\\\/www.eldigitaldeasturias.com\\\/noticias\\\/#website\",\"url\":\"https:\\\/\\\/www.eldigitaldeasturias.com\\\/noticias\\\/\",\"name\":\"El Digital de Asturias - Diario de actualidad y noticias\",\"alternateName\":\"El Digital de Asturias - Diario de actualidad y noticias\",\"description\":\"Hemeroteca\",\"inLanguage\":\"es-ES\",\"publisher\":{\"@id\":\"https:\\\/\\\/www.eldigitaldeasturias.com\\\/noticias\\\/#organization\"}}]}\n\t\t<\/script>\n\t\t<!-- All in One SEO Pro -->\r\n\t\t<title>Duran pide al Gobierno que entienda a Catalu\u00f1a y su \u00abvoluntad de ser\u00bb - El Digital de Asturias<\/title>\n\n","aioseo_head_json":{"title":"Duran pide al Gobierno que entienda a Catalu\u00f1a y su \u00abvoluntad de ser\u00bb - El Digital de Asturias","description":"MADRID, 25 Sep. (EUROPA PRESS) - El portavoz de CiU en el Congreso de los Diputados, Josep Duran i Lleida, ha aprovechado el acto en el que ha sido condecorado con la Cruz del Comendador de la Orden al M\u00e9rito de la Rep\u00fablica de Polonia para solicitar al Gobierno que entienda a Catalu\u00f1a, y que respete","canonical_url":"https:\/\/www.eldigitaldeasturias.com\/noticias\/duran-pide-al-gobierno-que-entienda-a-cataluna-y-su-voluntad-de-ser\/","robots":"max-image-preview:large","keywords":"actualidad","webmasterTools":{"google-site-verification":"UA-38556648-1","msvalidate.01":"7dfe9f3f1b24437ab69f4f2559babe99","miscellaneous":""},"schema":{"@context":"https:\/\/schema.org","@graph":[{"@type":"BlogPosting","@id":"https:\/\/www.eldigitaldeasturias.com\/noticias\/duran-pide-al-gobierno-que-entienda-a-cataluna-y-su-voluntad-de-ser\/#blogposting","name":"Duran pide al Gobierno que entienda a Catalu\u00f1a y su \u00abvoluntad de ser\u00bb - El Digital de Asturias","headline":"Duran pide al Gobierno que entienda a Catalu\u00f1a y su \u00abvoluntad de ser\u00bb","author":{"@id":"https:\/\/www.eldigitaldeasturias.com\/noticias\/author\/admin\/#author"},"publisher":{"@id":"https:\/\/www.eldigitaldeasturias.com\/noticias\/#organization"},"image":{"@type":"ImageObject","url":3394},"datePublished":"2013-09-26T04:46:51+02:00","dateModified":"2013-09-26T04:46:51+02:00","inLanguage":"es-ES","mainEntityOfPage":{"@id":"https:\/\/www.eldigitaldeasturias.com\/noticias\/duran-pide-al-gobierno-que-entienda-a-cataluna-y-su-voluntad-de-ser\/#webpage"},"isPartOf":{"@id":"https:\/\/www.eldigitaldeasturias.com\/noticias\/duran-pide-al-gobierno-que-entienda-a-cataluna-y-su-voluntad-de-ser\/#webpage"},"articleSection":"Actualidad"},{"@type":"BreadcrumbList","@id":"https:\/\/www.eldigitaldeasturias.com\/noticias\/duran-pide-al-gobierno-que-entienda-a-cataluna-y-su-voluntad-de-ser\/#breadcrumblist","itemListElement":[{"@type":"ListItem","@id":"https:\/\/www.eldigitaldeasturias.com\/noticias#listItem","position":1,"name":"Home","item":"https:\/\/www.eldigitaldeasturias.com\/noticias","nextItem":{"@type":"ListItem","@id":"https:\/\/www.eldigitaldeasturias.com\/noticias\/category\/actualidad\/#listItem","name":"Actualidad"}},{"@type":"ListItem","@id":"https:\/\/www.eldigitaldeasturias.com\/noticias\/category\/actualidad\/#listItem","position":2,"name":"Actualidad","item":"https:\/\/www.eldigitaldeasturias.com\/noticias\/category\/actualidad\/","nextItem":{"@type":"ListItem","@id":"https:\/\/www.eldigitaldeasturias.com\/noticias\/duran-pide-al-gobierno-que-entienda-a-cataluna-y-su-voluntad-de-ser\/#listItem","name":"Duran pide al Gobierno que entienda a Catalu\u00f1a y su \u00abvoluntad de ser\u00bb"},"previousItem":{"@type":"ListItem","@id":"https:\/\/www.eldigitaldeasturias.com\/noticias#listItem","name":"Home"}},{"@type":"ListItem","@id":"https:\/\/www.eldigitaldeasturias.com\/noticias\/duran-pide-al-gobierno-que-entienda-a-cataluna-y-su-voluntad-de-ser\/#listItem","position":3,"name":"Duran pide al Gobierno que entienda a Catalu\u00f1a y su \u00abvoluntad de ser\u00bb","previousItem":{"@type":"ListItem","@id":"https:\/\/www.eldigitaldeasturias.com\/noticias\/category\/actualidad\/#listItem","name":"Actualidad"}}]},{"@type":"Organization","@id":"https:\/\/www.eldigitaldeasturias.com\/noticias\/#organization","name":"El Digital de Asturias","description":"Hemeroteca","url":"https:\/\/www.eldigitaldeasturias.com\/noticias\/","email":"info@eldigitaldeasturias.com","telephone":"+34652131393","logo":{"@type":"ImageObject","url":"https:\/\/www.eldigitaldeasturias.com\/noticias\/wp-content\/uploads\/2020\/12\/EDA.jpg","@id":"https:\/\/www.eldigitaldeasturias.com\/noticias\/duran-pide-al-gobierno-que-entienda-a-cataluna-y-su-voluntad-de-ser\/#organizationLogo","width":649,"height":297},"image":{"@id":"https:\/\/www.eldigitaldeasturias.com\/noticias\/duran-pide-al-gobierno-que-entienda-a-cataluna-y-su-voluntad-de-ser\/#organizationLogo"},"sameAs":["https:\/\/facebook.com\/eldigitaldeasturias","https:\/\/www.youtube.com\/channel\/UCZP-2wLEB9Rv6erhFmqVnvg"],"address":{"@id":"https:\/\/www.eldigitaldeasturias.com\/noticias\/#postaladdress","@type":"PostalAddress","streetAddress":"san antonio 4,","postalCode":"33430","addressLocality":"Cand\u00e1s","addressRegion":"Asturias","addressCountry":"ES"}},{"@type":"Person","@id":"https:\/\/www.eldigitaldeasturias.com\/noticias\/author\/admin\/#author","url":"https:\/\/www.eldigitaldeasturias.com\/noticias\/author\/admin\/","name":"El Digital de Asturias","image":{"@type":"ImageObject","@id":"https:\/\/www.eldigitaldeasturias.com\/noticias\/duran-pide-al-gobierno-que-entienda-a-cataluna-y-su-voluntad-de-ser\/#authorImage","url":"https:\/\/www.eldigitaldeasturias.com\/noticias\/wp-content\/litespeed\/avatar\/18677e78aa0546b92d9dbf31ec7d7668.jpg?ver=1777290358","width":96,"height":96,"caption":"El Digital de Asturias"}},{"@type":"WebPage","@id":"https:\/\/www.eldigitaldeasturias.com\/noticias\/duran-pide-al-gobierno-que-entienda-a-cataluna-y-su-voluntad-de-ser\/#webpage","url":"https:\/\/www.eldigitaldeasturias.com\/noticias\/duran-pide-al-gobierno-que-entienda-a-cataluna-y-su-voluntad-de-ser\/","name":"Duran pide al Gobierno que entienda a Catalu\u00f1a y su \u00abvoluntad de ser\u00bb - El Digital de Asturias","description":"MADRID, 25 Sep. (EUROPA PRESS) - El portavoz de CiU en el Congreso de los Diputados, Josep Duran i Lleida, ha aprovechado el acto en el que ha sido condecorado con la Cruz del Comendador de la Orden al M\u00e9rito de la Rep\u00fablica de Polonia para solicitar al Gobierno que entienda a Catalu\u00f1a, y que respete","inLanguage":"es-ES","isPartOf":{"@id":"https:\/\/www.eldigitaldeasturias.com\/noticias\/#website"},"breadcrumb":{"@id":"https:\/\/www.eldigitaldeasturias.com\/noticias\/duran-pide-al-gobierno-que-entienda-a-cataluna-y-su-voluntad-de-ser\/#breadcrumblist"},"author":{"@id":"https:\/\/www.eldigitaldeasturias.com\/noticias\/author\/admin\/#author"},"creator":{"@id":"https:\/\/www.eldigitaldeasturias.com\/noticias\/author\/admin\/#author"},"image":{"@type":"ImageObject","url":3394,"@id":"https:\/\/www.eldigitaldeasturias.com\/noticias\/duran-pide-al-gobierno-que-entienda-a-cataluna-y-su-voluntad-de-ser\/#mainImage"},"primaryImageOfPage":{"@id":"https:\/\/www.eldigitaldeasturias.com\/noticias\/duran-pide-al-gobierno-que-entienda-a-cataluna-y-su-voluntad-de-ser\/#mainImage"},"datePublished":"2013-09-26T04:46:51+02:00","dateModified":"2013-09-26T04:46:51+02:00"},{"@type":"WebSite","@id":"https:\/\/www.eldigitaldeasturias.com\/noticias\/#website","url":"https:\/\/www.eldigitaldeasturias.com\/noticias\/","name":"El Digital de Asturias - Diario de actualidad y noticias","alternateName":"El Digital de Asturias - Diario de actualidad y noticias","description":"Hemeroteca","inLanguage":"es-ES","publisher":{"@id":"https:\/\/www.eldigitaldeasturias.com\/noticias\/#organization"}}]},"og:locale":"es_ES","og:site_name":"El Digital de Asturias","og:type":"article","og:title":"Duran pide al Gobierno que entienda a Catalu\u00f1a y su \u00abvoluntad de ser\u00bb - El Digital de Asturias","og:description":"MADRID, 25 Sep. (EUROPA PRESS) - El portavoz de CiU en el Congreso de los Diputados, Josep Duran i Lleida, ha aprovechado el acto en el que ha sido condecorado con la Cruz del Comendador de la Orden al M\u00e9rito de la Rep\u00fablica de Polonia para solicitar al Gobierno que entienda a Catalu\u00f1a, y que respete","og:url":"https:\/\/www.eldigitaldeasturias.com\/noticias\/duran-pide-al-gobierno-que-entienda-a-cataluna-y-su-voluntad-de-ser\/","article:tag":["actualidad"],"article:published_time":"2013-09-26T04:46:51+00:00","article:modified_time":"2013-09-26T04:46:51+00:00","article:publisher":"https:\/\/facebook.com\/eldigitaldeasturias","twitter:card":"summary_large_image","twitter:title":"Duran pide al Gobierno que entienda a Catalu\u00f1a y su \u00abvoluntad de ser\u00bb - El Digital de Asturias","twitter:description":"MADRID, 25 Sep. (EUROPA PRESS) - El portavoz de CiU en el Congreso de los Diputados, Josep Duran i Lleida, ha aprovechado el acto en el que ha sido condecorado con la Cruz del Comendador de la Orden al M\u00e9rito de la Rep\u00fablica de Polonia para solicitar al Gobierno que entienda a Catalu\u00f1a, y que respete","twitter:label1":"Escrito por","twitter:data1":"El Digital de Asturias","twitter:label2":"Tiempo de lectura estimado","twitter:data2":"2 minutos"},"aioseo_meta_data":{"post_id":"3393","title":null,"description":null,"keywords":null,"keyphrases":null,"primary_term":null,"canonical_url":null,"og_title":null,"og_description":null,"og_object_type":"default","og_image_type":"default","og_image_url":null,"og_image_width":null,"og_image_height":null,"og_image_custom_url":null,"og_image_custom_fields":null,"og_video":null,"og_custom_url":null,"og_article_section":null,"og_article_tags":null,"twitter_use_og":true,"twitter_card":"default","twitter_image_type":"default","twitter_image_url":null,"twitter_image_custom_url":null,"twitter_image_custom_fields":null,"twitter_title":null,"twitter_description":null,"schema":{"blockGraphs":[],"customGraphs":[],"default":{"data":{"Article":[],"Course":[],"Dataset":[],"FAQPage":[],"Movie":[],"Person":[],"Product":[],"ProductReview":[],"Car":[],"Recipe":[],"Service":[],"SoftwareApplication":[],"WebPage":[]},"graphName":"","isEnabled":true},"graphs":[],"defaultGraph":"","defaultPostTypeGraph":""},"schema_type":null,"schema_type_options":null,"pillar_content":false,"robots_default":true,"robots_noindex":false,"robots_noarchive":false,"robots_nosnippet":false,"robots_nofollow":false,"robots_noimageindex":false,"robots_noodp":false,"robots_notranslate":false,"robots_max_snippet":null,"robots_max_videopreview":null,"robots_max_imagepreview":"none","priority":null,"frequency":null,"local_seo":null,"seo_analyzer_scan_date":"2025-08-21 06:23:51","breadcrumb_settings":null,"limit_modified_date":false,"open_ai":null,"ai":null,"created":"2020-11-14 22:37:07","updated":"2025-08-21 06:23:51"},"aioseo_breadcrumb":"<div class=\"aioseo-breadcrumbs\"><span class=\"aioseo-breadcrumb\">\n\t<a href=\"https:\/\/www.eldigitaldeasturias.com\/noticias\" title=\"Home\">Home<\/a>\n<\/span><span class=\"aioseo-breadcrumb-separator\">\u2013<\/span><span class=\"aioseo-breadcrumb\">\n\t<a href=\"https:\/\/www.eldigitaldeasturias.com\/noticias\/category\/actualidad\/\" title=\"Actualidad\">Actualidad<\/a>\n<\/span><span class=\"aioseo-breadcrumb-separator\">\u2013<\/span><span class=\"aioseo-breadcrumb\">\n\t<a href=\"https:\/\/www.eldigitaldeasturias.com\/noticias\/duran-pide-al-gobierno-que-entienda-a-cataluna-y-su-voluntad-de-ser\/\" title=\"Duran pide al Gobierno que entienda a Catalu\u00f1a y su \u00abvoluntad de ser\u00bb\">Duran pide al Gobierno que entienda a Catalu\u00f1a y su \u00abvoluntad de ser\u00bb<\/a>\n<\/span><\/div>","aioseo_breadcrumb_json":[{"label":"Home","link":"https:\/\/www.eldigitaldeasturias.com\/noticias"},{"label":"Actualidad","link":"https:\/\/www.eldigitaldeasturias.com\/noticias\/category\/actualidad\/"},{"label":"Duran pide al Gobierno que entienda a Catalu\u00f1a y su \u00abvoluntad de ser\u00bb","link":"https:\/\/www.eldigitaldeasturias.com\/noticias\/duran-pide-al-gobierno-que-entienda-a-cataluna-y-su-voluntad-de-ser\/"}],"_links":{"self":[{"href":"https:\/\/www.eldigitaldeasturias.com\/noticias\/wp-json\/wp\/v2\/posts\/3393","targetHints":{"allow":["GET"]}}],"collection":[{"href":"https:\/\/www.eldigitaldeasturias.com\/noticias\/wp-json\/wp\/v2\/posts"}],"about":[{"href":"https:\/\/www.eldigitaldeasturias.com\/noticias\/wp-json\/wp\/v2\/types\/post"}],"author":[{"embeddable":true,"href":"https:\/\/www.eldigitaldeasturias.com\/noticias\/wp-json\/wp\/v2\/users\/1"}],"replies":[{"embeddable":true,"href":"https:\/\/www.eldigitaldeasturias.com\/noticias\/wp-json\/wp\/v2\/comments?post=3393"}],"version-history":[{"count":0,"href":"https:\/\/www.eldigitaldeasturias.com\/noticias\/wp-json\/wp\/v2\/posts\/3393\/revisions"}],"wp:featuredmedia":[{"embeddable":true,"href":"https:\/\/www.eldigitaldeasturias.com\/noticias\/wp-json\/"}],"wp:attachment":[{"href":"https:\/\/www.eldigitaldeasturias.com\/noticias\/wp-json\/wp\/v2\/media?parent=3393"}],"wp:term":[{"taxonomy":"category","embeddable":true,"href":"https:\/\/www.eldigitaldeasturias.com\/noticias\/wp-json\/wp\/v2\/categories?post=3393"},{"taxonomy":"post_tag","embeddable":true,"href":"https:\/\/www.eldigitaldeasturias.com\/noticias\/wp-json\/wp\/v2\/tags?post=3393"}],"curies":[{"name":"wp","href":"https:\/\/api.w.org\/{rel}","templated":true}]}}