{"id":3390,"date":"2013-09-26T04:45:16","date_gmt":"2013-09-26T04:45:16","guid":{"rendered":"http:\/\/www.eldigitaldeasturias.com\/noticias\/?p=3390"},"modified":"2013-09-26T04:45:16","modified_gmt":"2013-09-26T04:45:16","slug":"la-infanta-cristina-llega-al-hospital-con-garcia-revenga","status":"publish","type":"post","link":"https:\/\/www.eldigitaldeasturias.com\/noticias\/la-infanta-cristina-llega-al-hospital-con-garcia-revenga\/","title":{"rendered":"La Infanta Cristina llega al hospital con Garc\u00eda Revenga"},"content":{"rendered":"<p><img loading=\"lazy\" decoding=\"async\" class=\"alignleft size-medium wp-image-3391\" alt=\"fotonoticia_20130925152439_800\" src=\"https:\/\/www.eldigitaldeasturias.com\/noticias\/wp-content\/uploads\/2013\/09\/fotonoticia_20130925152439_800-360x238.jpg\" width=\"360\" height=\"238\" \/>MADRID, 25 Sep. (EUROPA PRESS) &#8211;\u00a0La Infanta Cristina ha llegado al hospital universitario Quir\u00f3n, en Pozuelo de Alarc\u00f3n (Madrid), minutos antes de las tres de la tarde acompa\u00f1ada por su secretario personal, Carlos Garc\u00eda-Revenga, con el fin de visitar al Rey, operado ayer de la cadera izquierda.<\/p>\n<p>La hija menor de Don Juan Carlos ha llegado en un Volvo conducido por Garc\u00eda-Revenga, quien fue citado a declarar en calidad de imputado en el &#8216;caso N\u00f3os&#8217; por el juez Jos\u00e9 Castro. La Infanta iba sentada en el asiento del copiloto de un autom\u00f3vil que no pertenece al parque automovil\u00edstico del Estado, aunque iba escoltado por un segundo coche oficial.<\/p>\n<p>Do\u00f1a Cristina ha llegado a Madrid procedente de Ginebra, donde reside en la actualidad con sus hijos. A diferencia de lo que ocurri\u00f3 en noviembre de 2012, cuando el Rey fue operado por vez primera de la cadera izquierda, la Infanta no ha acudido al hospital acompa\u00f1ada por su marido, I\u00f1aki Urdangarin, cuyos negocios al frente del Instituto N\u00f3os investiga el juez Castro.<\/p>\n<p>Aquella visita &#8211;que hizo coincidir a todos los miembros de la Familia Real en la habitaci\u00f3n del Rey&#8211; fue interpretada por parte de la opini\u00f3n p\u00fablica como una especie de perd\u00f3n al duque, lo que oblig\u00f3 a Zarzuela a eliminar semanas despu\u00e9s a Urdangarin de la p\u00e1gina web de la instituci\u00f3n, para marcar as\u00ed una mayor distancia con el marido de la Infanta.<\/p>\n<p>En esta ocasi\u00f3n, la Infanta ha llegado al hospital despu\u00e9s de que los Pr\u00edncipes hubieran abandonado el centro, por lo que no han coincidido.<\/p>\n<p>Ya en marzo pasado, cuando el jefe del Estado volvi\u00f3 a pasar por el quir\u00f3fano por una doble hernia discal, la Infanta, que viv\u00eda en Barcelona, se desplaz\u00f3 a la cl\u00ednica La Milagrosa para visitar a su padre.<\/p>\n<p>TAMBI\u00c9N LA INFANTA ELENA<\/p>\n<p>La Infanta Elena y su hijo, Felipe Juan Froil\u00e1n de Todos los Santos, han llegado en torno a las 17.00 horas al Hospital Universitario Quir\u00f3n en Pozuelo de Alarc\u00f3n (Madrid) para visitar al Rey, operado con \u00e9xito ayer para reemplazarle la pr\u00f3tesis de la cadera izquierda.<\/p>\n","protected":false},"excerpt":{"rendered":"<p>MADRID, 25 Sep. (EUROPA PRESS) &#8211;\u00a0La Infanta Cristina ha llegado al hospital universitario Quir\u00f3n, en Pozuelo de Alarc\u00f3n (Madrid), minutos antes de las tres de la tarde acompa\u00f1ada por su secretario personal, Carlos Garc\u00eda-Revenga, con el fin de visitar al Rey, operado ayer de la cadera izquierda. La hija menor de Don Juan Carlos ha [&hellip;]<\/p>\n","protected":false},"author":1,"featured_media":3391,"comment_status":"open","ping_status":"open","sticky":false,"template":"","format":"standard","meta":{"footnotes":""},"categories":[1],"tags":[],"class_list":["post-3390","post","type-post","status-publish","format-standard","has-post-thumbnail","hentry","category-actualidad"],"aioseo_notices":[],"aioseo_head":"\n\t\t<!-- All in One SEO Pro 4.9.6.2 - aioseo.com -->\n\t<meta name=\"description\" content=\"MADRID, 25 Sep. (EUROPA PRESS) - La Infanta Cristina ha llegado al hospital universitario Quir\u00f3n, en Pozuelo de Alarc\u00f3n (Madrid), minutos antes de las tres de la tarde acompa\u00f1ada por su secretario personal, Carlos Garc\u00eda-Revenga, con el fin de visitar al Rey, operado ayer de la cadera izquierda. La hija menor de Don Juan Carlos ha\" \/>\n\t<meta name=\"robots\" content=\"max-image-preview:large\" \/>\n\t<meta name=\"author\" content=\"El Digital de Asturias\"\/>\n\t<meta name=\"google-site-verification\" content=\"UA-38556648-1\" \/>\n\t<meta name=\"msvalidate.01\" content=\"7dfe9f3f1b24437ab69f4f2559babe99\" \/>\n\t<meta name=\"keywords\" content=\"actualidad\" \/>\n\t<link rel=\"canonical\" href=\"https:\/\/www.eldigitaldeasturias.com\/noticias\/la-infanta-cristina-llega-al-hospital-con-garcia-revenga\/\" \/>\n\t<meta name=\"generator\" content=\"All in One SEO Pro (AIOSEO) 4.9.6.2\" \/>\n\t\t<meta property=\"og:locale\" content=\"es_ES\" \/>\n\t\t<meta property=\"og:site_name\" content=\"El Digital de Asturias\" \/>\n\t\t<meta property=\"og:type\" content=\"article\" \/>\n\t\t<meta property=\"og:title\" content=\"La Infanta Cristina llega al hospital con Garc\u00eda Revenga - El Digital de Asturias\" \/>\n\t\t<meta property=\"og:description\" content=\"MADRID, 25 Sep. (EUROPA PRESS) - La Infanta Cristina ha llegado al hospital universitario Quir\u00f3n, en Pozuelo de Alarc\u00f3n (Madrid), minutos antes de las tres de la tarde acompa\u00f1ada por su secretario personal, Carlos Garc\u00eda-Revenga, con el fin de visitar al Rey, operado ayer de la cadera izquierda. La hija menor de Don Juan Carlos ha\" \/>\n\t\t<meta property=\"og:url\" content=\"https:\/\/www.eldigitaldeasturias.com\/noticias\/la-infanta-cristina-llega-al-hospital-con-garcia-revenga\/\" \/>\n\t\t<meta property=\"article:tag\" content=\"actualidad\" \/>\n\t\t<meta property=\"article:published_time\" content=\"2013-09-26T04:45:16+00:00\" \/>\n\t\t<meta property=\"article:modified_time\" content=\"2013-09-26T04:45:16+00:00\" \/>\n\t\t<meta property=\"article:publisher\" content=\"https:\/\/facebook.com\/eldigitaldeasturias\" \/>\n\t\t<meta name=\"twitter:card\" content=\"summary_large_image\" \/>\n\t\t<meta name=\"twitter:title\" content=\"La Infanta Cristina llega al hospital con Garc\u00eda Revenga - El Digital de Asturias\" \/>\n\t\t<meta name=\"twitter:description\" content=\"MADRID, 25 Sep. (EUROPA PRESS) - La Infanta Cristina ha llegado al hospital universitario Quir\u00f3n, en Pozuelo de Alarc\u00f3n (Madrid), minutos antes de las tres de la tarde acompa\u00f1ada por su secretario personal, Carlos Garc\u00eda-Revenga, con el fin de visitar al Rey, operado ayer de la cadera izquierda. La hija menor de Don Juan Carlos ha\" \/>\n\t\t<meta name=\"twitter:label1\" content=\"Escrito por\" \/>\n\t\t<meta name=\"twitter:data1\" content=\"El Digital de Asturias\" \/>\n\t\t<meta name=\"twitter:label2\" content=\"Tiempo de lectura estimado\" \/>\n\t\t<meta name=\"twitter:data2\" content=\"2 minutos\" \/>\n\t\t<script type=\"application\/ld+json\" class=\"aioseo-schema\">\n\t\t\t{\"@context\":\"https:\\\/\\\/schema.org\",\"@graph\":[{\"@type\":\"BlogPosting\",\"@id\":\"https:\\\/\\\/www.eldigitaldeasturias.com\\\/noticias\\\/la-infanta-cristina-llega-al-hospital-con-garcia-revenga\\\/#blogposting\",\"name\":\"La Infanta Cristina llega al hospital con Garc\\u00eda Revenga - El Digital de Asturias\",\"headline\":\"La Infanta Cristina llega al hospital con Garc\\u00eda Revenga\",\"author\":{\"@id\":\"https:\\\/\\\/www.eldigitaldeasturias.com\\\/noticias\\\/author\\\/admin\\\/#author\"},\"publisher\":{\"@id\":\"https:\\\/\\\/www.eldigitaldeasturias.com\\\/noticias\\\/#organization\"},\"image\":{\"@type\":\"ImageObject\",\"url\":3391},\"datePublished\":\"2013-09-26T04:45:16+02:00\",\"dateModified\":\"2013-09-26T04:45:16+02:00\",\"inLanguage\":\"es-ES\",\"mainEntityOfPage\":{\"@id\":\"https:\\\/\\\/www.eldigitaldeasturias.com\\\/noticias\\\/la-infanta-cristina-llega-al-hospital-con-garcia-revenga\\\/#webpage\"},\"isPartOf\":{\"@id\":\"https:\\\/\\\/www.eldigitaldeasturias.com\\\/noticias\\\/la-infanta-cristina-llega-al-hospital-con-garcia-revenga\\\/#webpage\"},\"articleSection\":\"Actualidad\"},{\"@type\":\"BreadcrumbList\",\"@id\":\"https:\\\/\\\/www.eldigitaldeasturias.com\\\/noticias\\\/la-infanta-cristina-llega-al-hospital-con-garcia-revenga\\\/#breadcrumblist\",\"itemListElement\":[{\"@type\":\"ListItem\",\"@id\":\"https:\\\/\\\/www.eldigitaldeasturias.com\\\/noticias#listItem\",\"position\":1,\"name\":\"Home\",\"item\":\"https:\\\/\\\/www.eldigitaldeasturias.com\\\/noticias\",\"nextItem\":{\"@type\":\"ListItem\",\"@id\":\"https:\\\/\\\/www.eldigitaldeasturias.com\\\/noticias\\\/category\\\/actualidad\\\/#listItem\",\"name\":\"Actualidad\"}},{\"@type\":\"ListItem\",\"@id\":\"https:\\\/\\\/www.eldigitaldeasturias.com\\\/noticias\\\/category\\\/actualidad\\\/#listItem\",\"position\":2,\"name\":\"Actualidad\",\"item\":\"https:\\\/\\\/www.eldigitaldeasturias.com\\\/noticias\\\/category\\\/actualidad\\\/\",\"nextItem\":{\"@type\":\"ListItem\",\"@id\":\"https:\\\/\\\/www.eldigitaldeasturias.com\\\/noticias\\\/la-infanta-cristina-llega-al-hospital-con-garcia-revenga\\\/#listItem\",\"name\":\"La Infanta Cristina llega al hospital con Garc\\u00eda Revenga\"},\"previousItem\":{\"@type\":\"ListItem\",\"@id\":\"https:\\\/\\\/www.eldigitaldeasturias.com\\\/noticias#listItem\",\"name\":\"Home\"}},{\"@type\":\"ListItem\",\"@id\":\"https:\\\/\\\/www.eldigitaldeasturias.com\\\/noticias\\\/la-infanta-cristina-llega-al-hospital-con-garcia-revenga\\\/#listItem\",\"position\":3,\"name\":\"La Infanta Cristina llega al hospital con Garc\\u00eda Revenga\",\"previousItem\":{\"@type\":\"ListItem\",\"@id\":\"https:\\\/\\\/www.eldigitaldeasturias.com\\\/noticias\\\/category\\\/actualidad\\\/#listItem\",\"name\":\"Actualidad\"}}]},{\"@type\":\"Organization\",\"@id\":\"https:\\\/\\\/www.eldigitaldeasturias.com\\\/noticias\\\/#organization\",\"name\":\"El Digital de Asturias\",\"description\":\"Hemeroteca\",\"url\":\"https:\\\/\\\/www.eldigitaldeasturias.com\\\/noticias\\\/\",\"email\":\"info@eldigitaldeasturias.com\",\"telephone\":\"+34652131393\",\"logo\":{\"@type\":\"ImageObject\",\"url\":\"https:\\\/\\\/www.eldigitaldeasturias.com\\\/noticias\\\/wp-content\\\/uploads\\\/2020\\\/12\\\/EDA.jpg\",\"@id\":\"https:\\\/\\\/www.eldigitaldeasturias.com\\\/noticias\\\/la-infanta-cristina-llega-al-hospital-con-garcia-revenga\\\/#organizationLogo\",\"width\":649,\"height\":297},\"image\":{\"@id\":\"https:\\\/\\\/www.eldigitaldeasturias.com\\\/noticias\\\/la-infanta-cristina-llega-al-hospital-con-garcia-revenga\\\/#organizationLogo\"},\"sameAs\":[\"https:\\\/\\\/facebook.com\\\/eldigitaldeasturias\",\"https:\\\/\\\/www.youtube.com\\\/channel\\\/UCZP-2wLEB9Rv6erhFmqVnvg\"],\"address\":{\"@id\":\"https:\\\/\\\/www.eldigitaldeasturias.com\\\/noticias\\\/#postaladdress\",\"@type\":\"PostalAddress\",\"streetAddress\":\"san antonio 4,\",\"postalCode\":\"33430\",\"addressLocality\":\"Cand\\u00e1s\",\"addressRegion\":\"Asturias\",\"addressCountry\":\"ES\"}},{\"@type\":\"Person\",\"@id\":\"https:\\\/\\\/www.eldigitaldeasturias.com\\\/noticias\\\/author\\\/admin\\\/#author\",\"url\":\"https:\\\/\\\/www.eldigitaldeasturias.com\\\/noticias\\\/author\\\/admin\\\/\",\"name\":\"El Digital de Asturias\",\"image\":{\"@type\":\"ImageObject\",\"@id\":\"https:\\\/\\\/www.eldigitaldeasturias.com\\\/noticias\\\/la-infanta-cristina-llega-al-hospital-con-garcia-revenga\\\/#authorImage\",\"url\":\"https:\\\/\\\/www.eldigitaldeasturias.com\\\/noticias\\\/wp-content\\\/litespeed\\\/avatar\\\/18677e78aa0546b92d9dbf31ec7d7668.jpg?ver=1777290358\",\"width\":96,\"height\":96,\"caption\":\"El Digital de Asturias\"}},{\"@type\":\"WebPage\",\"@id\":\"https:\\\/\\\/www.eldigitaldeasturias.com\\\/noticias\\\/la-infanta-cristina-llega-al-hospital-con-garcia-revenga\\\/#webpage\",\"url\":\"https:\\\/\\\/www.eldigitaldeasturias.com\\\/noticias\\\/la-infanta-cristina-llega-al-hospital-con-garcia-revenga\\\/\",\"name\":\"La Infanta Cristina llega al hospital con Garc\\u00eda Revenga - El Digital de Asturias\",\"description\":\"MADRID, 25 Sep. (EUROPA PRESS) - La Infanta Cristina ha llegado al hospital universitario Quir\\u00f3n, en Pozuelo de Alarc\\u00f3n (Madrid), minutos antes de las tres de la tarde acompa\\u00f1ada por su secretario personal, Carlos Garc\\u00eda-Revenga, con el fin de visitar al Rey, operado ayer de la cadera izquierda. La hija menor de Don Juan Carlos ha\",\"inLanguage\":\"es-ES\",\"isPartOf\":{\"@id\":\"https:\\\/\\\/www.eldigitaldeasturias.com\\\/noticias\\\/#website\"},\"breadcrumb\":{\"@id\":\"https:\\\/\\\/www.eldigitaldeasturias.com\\\/noticias\\\/la-infanta-cristina-llega-al-hospital-con-garcia-revenga\\\/#breadcrumblist\"},\"author\":{\"@id\":\"https:\\\/\\\/www.eldigitaldeasturias.com\\\/noticias\\\/author\\\/admin\\\/#author\"},\"creator\":{\"@id\":\"https:\\\/\\\/www.eldigitaldeasturias.com\\\/noticias\\\/author\\\/admin\\\/#author\"},\"image\":{\"@type\":\"ImageObject\",\"url\":3391,\"@id\":\"https:\\\/\\\/www.eldigitaldeasturias.com\\\/noticias\\\/la-infanta-cristina-llega-al-hospital-con-garcia-revenga\\\/#mainImage\"},\"primaryImageOfPage\":{\"@id\":\"https:\\\/\\\/www.eldigitaldeasturias.com\\\/noticias\\\/la-infanta-cristina-llega-al-hospital-con-garcia-revenga\\\/#mainImage\"},\"datePublished\":\"2013-09-26T04:45:16+02:00\",\"dateModified\":\"2013-09-26T04:45:16+02:00\"},{\"@type\":\"WebSite\",\"@id\":\"https:\\\/\\\/www.eldigitaldeasturias.com\\\/noticias\\\/#website\",\"url\":\"https:\\\/\\\/www.eldigitaldeasturias.com\\\/noticias\\\/\",\"name\":\"El Digital de Asturias - Diario de actualidad y noticias\",\"alternateName\":\"El Digital de Asturias - Diario de actualidad y noticias\",\"description\":\"Hemeroteca\",\"inLanguage\":\"es-ES\",\"publisher\":{\"@id\":\"https:\\\/\\\/www.eldigitaldeasturias.com\\\/noticias\\\/#organization\"}}]}\n\t\t<\/script>\n\t\t<!-- All in One SEO Pro -->\r\n\t\t<title>La Infanta Cristina llega al hospital con Garc\u00eda Revenga - El Digital de Asturias<\/title>\n\n","aioseo_head_json":{"title":"La Infanta Cristina llega al hospital con Garc\u00eda Revenga - El Digital de Asturias","description":"MADRID, 25 Sep. (EUROPA PRESS) - La Infanta Cristina ha llegado al hospital universitario Quir\u00f3n, en Pozuelo de Alarc\u00f3n (Madrid), minutos antes de las tres de la tarde acompa\u00f1ada por su secretario personal, Carlos Garc\u00eda-Revenga, con el fin de visitar al Rey, operado ayer de la cadera izquierda. La hija menor de Don Juan Carlos ha","canonical_url":"https:\/\/www.eldigitaldeasturias.com\/noticias\/la-infanta-cristina-llega-al-hospital-con-garcia-revenga\/","robots":"max-image-preview:large","keywords":"actualidad","webmasterTools":{"google-site-verification":"UA-38556648-1","msvalidate.01":"7dfe9f3f1b24437ab69f4f2559babe99","miscellaneous":""},"schema":{"@context":"https:\/\/schema.org","@graph":[{"@type":"BlogPosting","@id":"https:\/\/www.eldigitaldeasturias.com\/noticias\/la-infanta-cristina-llega-al-hospital-con-garcia-revenga\/#blogposting","name":"La Infanta Cristina llega al hospital con Garc\u00eda Revenga - El Digital de Asturias","headline":"La Infanta Cristina llega al hospital con Garc\u00eda Revenga","author":{"@id":"https:\/\/www.eldigitaldeasturias.com\/noticias\/author\/admin\/#author"},"publisher":{"@id":"https:\/\/www.eldigitaldeasturias.com\/noticias\/#organization"},"image":{"@type":"ImageObject","url":3391},"datePublished":"2013-09-26T04:45:16+02:00","dateModified":"2013-09-26T04:45:16+02:00","inLanguage":"es-ES","mainEntityOfPage":{"@id":"https:\/\/www.eldigitaldeasturias.com\/noticias\/la-infanta-cristina-llega-al-hospital-con-garcia-revenga\/#webpage"},"isPartOf":{"@id":"https:\/\/www.eldigitaldeasturias.com\/noticias\/la-infanta-cristina-llega-al-hospital-con-garcia-revenga\/#webpage"},"articleSection":"Actualidad"},{"@type":"BreadcrumbList","@id":"https:\/\/www.eldigitaldeasturias.com\/noticias\/la-infanta-cristina-llega-al-hospital-con-garcia-revenga\/#breadcrumblist","itemListElement":[{"@type":"ListItem","@id":"https:\/\/www.eldigitaldeasturias.com\/noticias#listItem","position":1,"name":"Home","item":"https:\/\/www.eldigitaldeasturias.com\/noticias","nextItem":{"@type":"ListItem","@id":"https:\/\/www.eldigitaldeasturias.com\/noticias\/category\/actualidad\/#listItem","name":"Actualidad"}},{"@type":"ListItem","@id":"https:\/\/www.eldigitaldeasturias.com\/noticias\/category\/actualidad\/#listItem","position":2,"name":"Actualidad","item":"https:\/\/www.eldigitaldeasturias.com\/noticias\/category\/actualidad\/","nextItem":{"@type":"ListItem","@id":"https:\/\/www.eldigitaldeasturias.com\/noticias\/la-infanta-cristina-llega-al-hospital-con-garcia-revenga\/#listItem","name":"La Infanta Cristina llega al hospital con Garc\u00eda Revenga"},"previousItem":{"@type":"ListItem","@id":"https:\/\/www.eldigitaldeasturias.com\/noticias#listItem","name":"Home"}},{"@type":"ListItem","@id":"https:\/\/www.eldigitaldeasturias.com\/noticias\/la-infanta-cristina-llega-al-hospital-con-garcia-revenga\/#listItem","position":3,"name":"La Infanta Cristina llega al hospital con Garc\u00eda Revenga","previousItem":{"@type":"ListItem","@id":"https:\/\/www.eldigitaldeasturias.com\/noticias\/category\/actualidad\/#listItem","name":"Actualidad"}}]},{"@type":"Organization","@id":"https:\/\/www.eldigitaldeasturias.com\/noticias\/#organization","name":"El Digital de Asturias","description":"Hemeroteca","url":"https:\/\/www.eldigitaldeasturias.com\/noticias\/","email":"info@eldigitaldeasturias.com","telephone":"+34652131393","logo":{"@type":"ImageObject","url":"https:\/\/www.eldigitaldeasturias.com\/noticias\/wp-content\/uploads\/2020\/12\/EDA.jpg","@id":"https:\/\/www.eldigitaldeasturias.com\/noticias\/la-infanta-cristina-llega-al-hospital-con-garcia-revenga\/#organizationLogo","width":649,"height":297},"image":{"@id":"https:\/\/www.eldigitaldeasturias.com\/noticias\/la-infanta-cristina-llega-al-hospital-con-garcia-revenga\/#organizationLogo"},"sameAs":["https:\/\/facebook.com\/eldigitaldeasturias","https:\/\/www.youtube.com\/channel\/UCZP-2wLEB9Rv6erhFmqVnvg"],"address":{"@id":"https:\/\/www.eldigitaldeasturias.com\/noticias\/#postaladdress","@type":"PostalAddress","streetAddress":"san antonio 4,","postalCode":"33430","addressLocality":"Cand\u00e1s","addressRegion":"Asturias","addressCountry":"ES"}},{"@type":"Person","@id":"https:\/\/www.eldigitaldeasturias.com\/noticias\/author\/admin\/#author","url":"https:\/\/www.eldigitaldeasturias.com\/noticias\/author\/admin\/","name":"El Digital de Asturias","image":{"@type":"ImageObject","@id":"https:\/\/www.eldigitaldeasturias.com\/noticias\/la-infanta-cristina-llega-al-hospital-con-garcia-revenga\/#authorImage","url":"https:\/\/www.eldigitaldeasturias.com\/noticias\/wp-content\/litespeed\/avatar\/18677e78aa0546b92d9dbf31ec7d7668.jpg?ver=1777290358","width":96,"height":96,"caption":"El Digital de Asturias"}},{"@type":"WebPage","@id":"https:\/\/www.eldigitaldeasturias.com\/noticias\/la-infanta-cristina-llega-al-hospital-con-garcia-revenga\/#webpage","url":"https:\/\/www.eldigitaldeasturias.com\/noticias\/la-infanta-cristina-llega-al-hospital-con-garcia-revenga\/","name":"La Infanta Cristina llega al hospital con Garc\u00eda Revenga - El Digital de Asturias","description":"MADRID, 25 Sep. (EUROPA PRESS) - La Infanta Cristina ha llegado al hospital universitario Quir\u00f3n, en Pozuelo de Alarc\u00f3n (Madrid), minutos antes de las tres de la tarde acompa\u00f1ada por su secretario personal, Carlos Garc\u00eda-Revenga, con el fin de visitar al Rey, operado ayer de la cadera izquierda. La hija menor de Don Juan Carlos ha","inLanguage":"es-ES","isPartOf":{"@id":"https:\/\/www.eldigitaldeasturias.com\/noticias\/#website"},"breadcrumb":{"@id":"https:\/\/www.eldigitaldeasturias.com\/noticias\/la-infanta-cristina-llega-al-hospital-con-garcia-revenga\/#breadcrumblist"},"author":{"@id":"https:\/\/www.eldigitaldeasturias.com\/noticias\/author\/admin\/#author"},"creator":{"@id":"https:\/\/www.eldigitaldeasturias.com\/noticias\/author\/admin\/#author"},"image":{"@type":"ImageObject","url":3391,"@id":"https:\/\/www.eldigitaldeasturias.com\/noticias\/la-infanta-cristina-llega-al-hospital-con-garcia-revenga\/#mainImage"},"primaryImageOfPage":{"@id":"https:\/\/www.eldigitaldeasturias.com\/noticias\/la-infanta-cristina-llega-al-hospital-con-garcia-revenga\/#mainImage"},"datePublished":"2013-09-26T04:45:16+02:00","dateModified":"2013-09-26T04:45:16+02:00"},{"@type":"WebSite","@id":"https:\/\/www.eldigitaldeasturias.com\/noticias\/#website","url":"https:\/\/www.eldigitaldeasturias.com\/noticias\/","name":"El Digital de Asturias - Diario de actualidad y noticias","alternateName":"El Digital de Asturias - Diario de actualidad y noticias","description":"Hemeroteca","inLanguage":"es-ES","publisher":{"@id":"https:\/\/www.eldigitaldeasturias.com\/noticias\/#organization"}}]},"og:locale":"es_ES","og:site_name":"El Digital de Asturias","og:type":"article","og:title":"La Infanta Cristina llega al hospital con Garc\u00eda Revenga - El Digital de Asturias","og:description":"MADRID, 25 Sep. (EUROPA PRESS) - La Infanta Cristina ha llegado al hospital universitario Quir\u00f3n, en Pozuelo de Alarc\u00f3n (Madrid), minutos antes de las tres de la tarde acompa\u00f1ada por su secretario personal, Carlos Garc\u00eda-Revenga, con el fin de visitar al Rey, operado ayer de la cadera izquierda. La hija menor de Don Juan Carlos ha","og:url":"https:\/\/www.eldigitaldeasturias.com\/noticias\/la-infanta-cristina-llega-al-hospital-con-garcia-revenga\/","article:tag":["actualidad"],"article:published_time":"2013-09-26T04:45:16+00:00","article:modified_time":"2013-09-26T04:45:16+00:00","article:publisher":"https:\/\/facebook.com\/eldigitaldeasturias","twitter:card":"summary_large_image","twitter:title":"La Infanta Cristina llega al hospital con Garc\u00eda Revenga - El Digital de Asturias","twitter:description":"MADRID, 25 Sep. (EUROPA PRESS) - La Infanta Cristina ha llegado al hospital universitario Quir\u00f3n, en Pozuelo de Alarc\u00f3n (Madrid), minutos antes de las tres de la tarde acompa\u00f1ada por su secretario personal, Carlos Garc\u00eda-Revenga, con el fin de visitar al Rey, operado ayer de la cadera izquierda. La hija menor de Don Juan Carlos ha","twitter:label1":"Escrito por","twitter:data1":"El Digital de Asturias","twitter:label2":"Tiempo de lectura estimado","twitter:data2":"2 minutos"},"aioseo_meta_data":{"post_id":"3390","title":null,"description":null,"keywords":null,"keyphrases":null,"primary_term":null,"canonical_url":null,"og_title":null,"og_description":null,"og_object_type":"default","og_image_type":"default","og_image_url":null,"og_image_width":null,"og_image_height":null,"og_image_custom_url":null,"og_image_custom_fields":null,"og_video":null,"og_custom_url":null,"og_article_section":null,"og_article_tags":null,"twitter_use_og":true,"twitter_card":"default","twitter_image_type":"default","twitter_image_url":null,"twitter_image_custom_url":null,"twitter_image_custom_fields":null,"twitter_title":null,"twitter_description":null,"schema":{"blockGraphs":[],"customGraphs":[],"default":{"data":{"Article":[],"Course":[],"Dataset":[],"FAQPage":[],"Movie":[],"Person":[],"Product":[],"ProductReview":[],"Car":[],"Recipe":[],"Service":[],"SoftwareApplication":[],"WebPage":[]},"graphName":"","isEnabled":true},"graphs":[],"defaultGraph":"","defaultPostTypeGraph":""},"schema_type":null,"schema_type_options":null,"pillar_content":false,"robots_default":true,"robots_noindex":false,"robots_noarchive":false,"robots_nosnippet":false,"robots_nofollow":false,"robots_noimageindex":false,"robots_noodp":false,"robots_notranslate":false,"robots_max_snippet":null,"robots_max_videopreview":null,"robots_max_imagepreview":"none","priority":null,"frequency":null,"local_seo":null,"seo_analyzer_scan_date":"2025-08-21 06:23:50","breadcrumb_settings":null,"limit_modified_date":false,"open_ai":null,"ai":null,"created":"2020-11-14 22:37:07","updated":"2025-08-21 06:23:50"},"aioseo_breadcrumb":"<div class=\"aioseo-breadcrumbs\"><span class=\"aioseo-breadcrumb\">\n\t<a href=\"https:\/\/www.eldigitaldeasturias.com\/noticias\" title=\"Home\">Home<\/a>\n<\/span><span class=\"aioseo-breadcrumb-separator\">\u2013<\/span><span class=\"aioseo-breadcrumb\">\n\t<a href=\"https:\/\/www.eldigitaldeasturias.com\/noticias\/category\/actualidad\/\" title=\"Actualidad\">Actualidad<\/a>\n<\/span><span class=\"aioseo-breadcrumb-separator\">\u2013<\/span><span class=\"aioseo-breadcrumb\">\n\t<a href=\"https:\/\/www.eldigitaldeasturias.com\/noticias\/la-infanta-cristina-llega-al-hospital-con-garcia-revenga\/\" title=\"La Infanta Cristina llega al hospital con Garc\u00eda Revenga\">La Infanta Cristina llega al hospital con Garc\u00eda Revenga<\/a>\n<\/span><\/div>","aioseo_breadcrumb_json":[{"label":"Home","link":"https:\/\/www.eldigitaldeasturias.com\/noticias"},{"label":"Actualidad","link":"https:\/\/www.eldigitaldeasturias.com\/noticias\/category\/actualidad\/"},{"label":"La Infanta Cristina llega al hospital con Garc\u00eda Revenga","link":"https:\/\/www.eldigitaldeasturias.com\/noticias\/la-infanta-cristina-llega-al-hospital-con-garcia-revenga\/"}],"_links":{"self":[{"href":"https:\/\/www.eldigitaldeasturias.com\/noticias\/wp-json\/wp\/v2\/posts\/3390","targetHints":{"allow":["GET"]}}],"collection":[{"href":"https:\/\/www.eldigitaldeasturias.com\/noticias\/wp-json\/wp\/v2\/posts"}],"about":[{"href":"https:\/\/www.eldigitaldeasturias.com\/noticias\/wp-json\/wp\/v2\/types\/post"}],"author":[{"embeddable":true,"href":"https:\/\/www.eldigitaldeasturias.com\/noticias\/wp-json\/wp\/v2\/users\/1"}],"replies":[{"embeddable":true,"href":"https:\/\/www.eldigitaldeasturias.com\/noticias\/wp-json\/wp\/v2\/comments?post=3390"}],"version-history":[{"count":0,"href":"https:\/\/www.eldigitaldeasturias.com\/noticias\/wp-json\/wp\/v2\/posts\/3390\/revisions"}],"wp:featuredmedia":[{"embeddable":true,"href":"https:\/\/www.eldigitaldeasturias.com\/noticias\/wp-json\/"}],"wp:attachment":[{"href":"https:\/\/www.eldigitaldeasturias.com\/noticias\/wp-json\/wp\/v2\/media?parent=3390"}],"wp:term":[{"taxonomy":"category","embeddable":true,"href":"https:\/\/www.eldigitaldeasturias.com\/noticias\/wp-json\/wp\/v2\/categories?post=3390"},{"taxonomy":"post_tag","embeddable":true,"href":"https:\/\/www.eldigitaldeasturias.com\/noticias\/wp-json\/wp\/v2\/tags?post=3390"}],"curies":[{"name":"wp","href":"https:\/\/api.w.org\/{rel}","templated":true}]}}