{"id":3384,"date":"2013-09-26T04:40:51","date_gmt":"2013-09-26T04:40:51","guid":{"rendered":"http:\/\/www.eldigitaldeasturias.com\/noticias\/?p=3384"},"modified":"2013-09-26T04:40:51","modified_gmt":"2013-09-26T04:40:51","slug":"el-25s-llama-a-rechazar-la-monarquia-con-una-concentracion-indefinida","status":"publish","type":"post","link":"https:\/\/www.eldigitaldeasturias.com\/noticias\/el-25s-llama-a-rechazar-la-monarquia-con-una-concentracion-indefinida\/","title":{"rendered":"El 25S llama a rechazar la monarqu\u00eda con una \u00abconcentraci\u00f3n indefinida\u00bb"},"content":{"rendered":"<p><img loading=\"lazy\" decoding=\"async\" class=\"alignleft size-medium wp-image-3385\" alt=\"fotonoticia_20130925143558_800\" src=\"https:\/\/www.eldigitaldeasturias.com\/noticias\/wp-content\/uploads\/2013\/09\/fotonoticia_20130925143558_800-360x240.jpg\" width=\"360\" height=\"240\" \/>MADRID, 25 Sep. (EUROPA PRESS) &#8211; La Coordinadora 25-S, convocante de las protestas que hace un a\u00f1o pretend\u00edan rodear el Congreso de los Diputados, ha conmemorado este primer aniversario haciendo un llamamiento a acudir el pr\u00f3ximo s\u00e1bado, 28 de septiembre en Madrid, a pedir la abolici\u00f3n de la monarqu\u00eda en la \u00abconcentraci\u00f3n indefinida\u00bb convocada frente al Palacio Real bajo el lema &#8216;Jaque al Rey&#8217;.<\/p>\n<p>Aunque los organizadores de la protesta han elegido este mi\u00e9rcoles a modo simb\u00f3lico los alrededores de la C\u00e1mara Baja para hacer su llamamiento, para la pr\u00f3xima cita han decidido cambiar de escenario y objetivo y apuntar hacia la monarqu\u00eda, una instituci\u00f3n que tachan de \u00abarcaica, clasista y antidemocr\u00e1tica\u00bb. \u00abUna instituci\u00f3n impuesta por deseo expreso del dictador Francisco Franco\u00bb, apostillan en un comunicado al que hoy han dado lectura.<\/p>\n<p>Seg\u00fan ha informado el 25-S, la marcha partir\u00e1 el s\u00e1bado del intercambiador de Moncloa a las 18.00 horas y finalizar\u00e1 en la Plaza de Oriente, frente al Palacio Real, con una \u00abconcentraci\u00f3n indefinida\u00bb.<\/p>\n<p>\u00abEl transcurso de las circunstancias nos indicar\u00e1 hacia d\u00f3nde podemos ir\u00bb, ha explicado Ana, una de las integrantes de la Coordinadora, quien a la pregunta de si tienen intenci\u00f3n de permanecer acampados en la plaza m\u00e1s all\u00e1 del s\u00e1bado, ha reiterado que lo que se ha convocado es una \u00abconcentraci\u00f3n indefinida\u00bb.<\/p>\n<p>Asimismo, los organizadores han confirmado que no tienen intenci\u00f3n de comunicar a la Delegaci\u00f3n del Gobierno por los cauces oficiales ni la marcha desde Moncloa ni la posterior concentraci\u00f3n, ya que consideran que la instituci\u00f3n ya tiene suficiente informaci\u00f3n de la convocatoria a ra\u00edz de la difusi\u00f3n previa llevada a cabo por los medios de comunicaci\u00f3n.<\/p>\n<p>LA POLIC\u00cdA LES ALEJA DEL CONGRESO<\/p>\n<p>\u00abNo hacen faltan permisos. Todos los ciudadanos tenemos derecho a manifestarnos. Es un derecho constitucional\u00bb, ha defendido Ana en declaraciones a los periodistas, minutos antes de que los agentes desplegados a la zona donde los convocantes han atendido a los medios comenzaran a identificar a algunos de los integrantes de la Coordinadora.<\/p>\n<p>Seg\u00fan denuncia la Coordinadora en el comunicado elaborado para la ocasi\u00f3n, los ciudadanos tienen derecho a manifestarse \u00abpor la abolici\u00f3n de un r\u00e9gimen tan ileg\u00edtimo como corrupto\u00bb. \u00abSu continuaci\u00f3n en la figura de Felipe de Borb\u00f3n no ser\u00eda sino un paso m\u00e1s en el esperpento que nos impusieron los firmantes de la Constituci\u00f3n del 78, redactada y votada bajo el chantaje de los poderes f\u00e1cticos\u00bb, agregan.<\/p>\n<p>OPERACI\u00d3N DEL REY<\/p>\n<p>Preguntados sobre el hecho de que la manifestaci\u00f3n tenga lugar pocos d\u00edas despu\u00e9s de la operaci\u00f3n de cadera del Rey Juan Carlos y sobre c\u00f3mo podr\u00eda afectar esta cuesti\u00f3n a su movilizaci\u00f3n, los organizadores han explicado que su protesta tiene que ver con \u00abuna persona\u00bb sino con una \u00abinstituci\u00f3n\u00bb.<\/p>\n<p>\u00abCreemos que la vida del Rey no corre peligro puesto que est\u00e1 en manos del mejor profesional, que \u00e9l se lo puede permitir a la vez que el resto de la poblaci\u00f3n cada vez nos lo podemos permitir menos\u00bb, ha lamentado Ana.<\/p>\n","protected":false},"excerpt":{"rendered":"<p>MADRID, 25 Sep. (EUROPA PRESS) &#8211; La Coordinadora 25-S, convocante de las protestas que hace un a\u00f1o pretend\u00edan rodear el Congreso de los Diputados, ha conmemorado este primer aniversario haciendo un llamamiento a acudir el pr\u00f3ximo s\u00e1bado, 28 de septiembre en Madrid, a pedir la abolici\u00f3n de la monarqu\u00eda en la \u00abconcentraci\u00f3n indefinida\u00bb convocada frente [&hellip;]<\/p>\n","protected":false},"author":1,"featured_media":3385,"comment_status":"open","ping_status":"open","sticky":false,"template":"","format":"standard","meta":{"footnotes":""},"categories":[1],"tags":[],"class_list":["post-3384","post","type-post","status-publish","format-standard","has-post-thumbnail","hentry","category-actualidad"],"aioseo_notices":[],"aioseo_head":"\n\t\t<!-- All in One SEO Pro 4.9.6.2 - aioseo.com -->\n\t<meta name=\"description\" content=\"MADRID, 25 Sep. (EUROPA PRESS) - La Coordinadora 25-S, convocante de las protestas que hace un a\u00f1o pretend\u00edan rodear el Congreso de los Diputados, ha conmemorado este primer aniversario haciendo un llamamiento a acudir el pr\u00f3ximo s\u00e1bado, 28 de septiembre en Madrid, a pedir la abolici\u00f3n de la monarqu\u00eda en la &quot;concentraci\u00f3n indefinida&quot; convocada frente\" \/>\n\t<meta name=\"robots\" content=\"max-image-preview:large\" \/>\n\t<meta name=\"author\" content=\"El Digital de Asturias\"\/>\n\t<meta name=\"google-site-verification\" content=\"UA-38556648-1\" \/>\n\t<meta name=\"msvalidate.01\" content=\"7dfe9f3f1b24437ab69f4f2559babe99\" \/>\n\t<meta name=\"keywords\" content=\"actualidad\" \/>\n\t<link rel=\"canonical\" href=\"https:\/\/www.eldigitaldeasturias.com\/noticias\/el-25s-llama-a-rechazar-la-monarquia-con-una-concentracion-indefinida\/\" \/>\n\t<meta name=\"generator\" content=\"All in One SEO Pro (AIOSEO) 4.9.6.2\" \/>\n\t\t<meta property=\"og:locale\" content=\"es_ES\" \/>\n\t\t<meta property=\"og:site_name\" content=\"El Digital de Asturias\" \/>\n\t\t<meta property=\"og:type\" content=\"article\" \/>\n\t\t<meta property=\"og:title\" content=\"El 25S llama a rechazar la monarqu\u00eda con una \u00abconcentraci\u00f3n indefinida\u00bb - El Digital de Asturias\" \/>\n\t\t<meta property=\"og:description\" content=\"MADRID, 25 Sep. (EUROPA PRESS) - La Coordinadora 25-S, convocante de las protestas que hace un a\u00f1o pretend\u00edan rodear el Congreso de los Diputados, ha conmemorado este primer aniversario haciendo un llamamiento a acudir el pr\u00f3ximo s\u00e1bado, 28 de septiembre en Madrid, a pedir la abolici\u00f3n de la monarqu\u00eda en la &quot;concentraci\u00f3n indefinida&quot; convocada frente\" \/>\n\t\t<meta property=\"og:url\" content=\"https:\/\/www.eldigitaldeasturias.com\/noticias\/el-25s-llama-a-rechazar-la-monarquia-con-una-concentracion-indefinida\/\" \/>\n\t\t<meta property=\"article:tag\" content=\"actualidad\" \/>\n\t\t<meta property=\"article:published_time\" content=\"2013-09-26T04:40:51+00:00\" \/>\n\t\t<meta property=\"article:modified_time\" content=\"2013-09-26T04:40:51+00:00\" \/>\n\t\t<meta property=\"article:publisher\" content=\"https:\/\/facebook.com\/eldigitaldeasturias\" \/>\n\t\t<meta name=\"twitter:card\" content=\"summary_large_image\" \/>\n\t\t<meta name=\"twitter:title\" content=\"El 25S llama a rechazar la monarqu\u00eda con una \u00abconcentraci\u00f3n indefinida\u00bb - El Digital de Asturias\" \/>\n\t\t<meta name=\"twitter:description\" content=\"MADRID, 25 Sep. (EUROPA PRESS) - La Coordinadora 25-S, convocante de las protestas que hace un a\u00f1o pretend\u00edan rodear el Congreso de los Diputados, ha conmemorado este primer aniversario haciendo un llamamiento a acudir el pr\u00f3ximo s\u00e1bado, 28 de septiembre en Madrid, a pedir la abolici\u00f3n de la monarqu\u00eda en la &quot;concentraci\u00f3n indefinida&quot; convocada frente\" \/>\n\t\t<meta name=\"twitter:label1\" content=\"Escrito por\" \/>\n\t\t<meta name=\"twitter:data1\" content=\"El Digital de Asturias\" \/>\n\t\t<meta name=\"twitter:label2\" content=\"Tiempo de lectura estimado\" \/>\n\t\t<meta name=\"twitter:data2\" content=\"3 minutos\" \/>\n\t\t<script type=\"application\/ld+json\" class=\"aioseo-schema\">\n\t\t\t{\"@context\":\"https:\\\/\\\/schema.org\",\"@graph\":[{\"@type\":\"BlogPosting\",\"@id\":\"https:\\\/\\\/www.eldigitaldeasturias.com\\\/noticias\\\/el-25s-llama-a-rechazar-la-monarquia-con-una-concentracion-indefinida\\\/#blogposting\",\"name\":\"El 25S llama a rechazar la monarqu\\u00eda con una \\u00abconcentraci\\u00f3n indefinida\\u00bb - El Digital de Asturias\",\"headline\":\"El 25S llama a rechazar la monarqu\\u00eda con una \\u00abconcentraci\\u00f3n indefinida\\u00bb\",\"author\":{\"@id\":\"https:\\\/\\\/www.eldigitaldeasturias.com\\\/noticias\\\/author\\\/admin\\\/#author\"},\"publisher\":{\"@id\":\"https:\\\/\\\/www.eldigitaldeasturias.com\\\/noticias\\\/#organization\"},\"image\":{\"@type\":\"ImageObject\",\"url\":3385},\"datePublished\":\"2013-09-26T04:40:51+02:00\",\"dateModified\":\"2013-09-26T04:40:51+02:00\",\"inLanguage\":\"es-ES\",\"mainEntityOfPage\":{\"@id\":\"https:\\\/\\\/www.eldigitaldeasturias.com\\\/noticias\\\/el-25s-llama-a-rechazar-la-monarquia-con-una-concentracion-indefinida\\\/#webpage\"},\"isPartOf\":{\"@id\":\"https:\\\/\\\/www.eldigitaldeasturias.com\\\/noticias\\\/el-25s-llama-a-rechazar-la-monarquia-con-una-concentracion-indefinida\\\/#webpage\"},\"articleSection\":\"Actualidad\"},{\"@type\":\"BreadcrumbList\",\"@id\":\"https:\\\/\\\/www.eldigitaldeasturias.com\\\/noticias\\\/el-25s-llama-a-rechazar-la-monarquia-con-una-concentracion-indefinida\\\/#breadcrumblist\",\"itemListElement\":[{\"@type\":\"ListItem\",\"@id\":\"https:\\\/\\\/www.eldigitaldeasturias.com\\\/noticias#listItem\",\"position\":1,\"name\":\"Home\",\"item\":\"https:\\\/\\\/www.eldigitaldeasturias.com\\\/noticias\",\"nextItem\":{\"@type\":\"ListItem\",\"@id\":\"https:\\\/\\\/www.eldigitaldeasturias.com\\\/noticias\\\/category\\\/actualidad\\\/#listItem\",\"name\":\"Actualidad\"}},{\"@type\":\"ListItem\",\"@id\":\"https:\\\/\\\/www.eldigitaldeasturias.com\\\/noticias\\\/category\\\/actualidad\\\/#listItem\",\"position\":2,\"name\":\"Actualidad\",\"item\":\"https:\\\/\\\/www.eldigitaldeasturias.com\\\/noticias\\\/category\\\/actualidad\\\/\",\"nextItem\":{\"@type\":\"ListItem\",\"@id\":\"https:\\\/\\\/www.eldigitaldeasturias.com\\\/noticias\\\/el-25s-llama-a-rechazar-la-monarquia-con-una-concentracion-indefinida\\\/#listItem\",\"name\":\"El 25S llama a rechazar la monarqu\\u00eda con una \\u00abconcentraci\\u00f3n indefinida\\u00bb\"},\"previousItem\":{\"@type\":\"ListItem\",\"@id\":\"https:\\\/\\\/www.eldigitaldeasturias.com\\\/noticias#listItem\",\"name\":\"Home\"}},{\"@type\":\"ListItem\",\"@id\":\"https:\\\/\\\/www.eldigitaldeasturias.com\\\/noticias\\\/el-25s-llama-a-rechazar-la-monarquia-con-una-concentracion-indefinida\\\/#listItem\",\"position\":3,\"name\":\"El 25S llama a rechazar la monarqu\\u00eda con una \\u00abconcentraci\\u00f3n indefinida\\u00bb\",\"previousItem\":{\"@type\":\"ListItem\",\"@id\":\"https:\\\/\\\/www.eldigitaldeasturias.com\\\/noticias\\\/category\\\/actualidad\\\/#listItem\",\"name\":\"Actualidad\"}}]},{\"@type\":\"Organization\",\"@id\":\"https:\\\/\\\/www.eldigitaldeasturias.com\\\/noticias\\\/#organization\",\"name\":\"El Digital de Asturias\",\"description\":\"Hemeroteca\",\"url\":\"https:\\\/\\\/www.eldigitaldeasturias.com\\\/noticias\\\/\",\"email\":\"info@eldigitaldeasturias.com\",\"telephone\":\"+34652131393\",\"logo\":{\"@type\":\"ImageObject\",\"url\":\"https:\\\/\\\/www.eldigitaldeasturias.com\\\/noticias\\\/wp-content\\\/uploads\\\/2020\\\/12\\\/EDA.jpg\",\"@id\":\"https:\\\/\\\/www.eldigitaldeasturias.com\\\/noticias\\\/el-25s-llama-a-rechazar-la-monarquia-con-una-concentracion-indefinida\\\/#organizationLogo\",\"width\":649,\"height\":297},\"image\":{\"@id\":\"https:\\\/\\\/www.eldigitaldeasturias.com\\\/noticias\\\/el-25s-llama-a-rechazar-la-monarquia-con-una-concentracion-indefinida\\\/#organizationLogo\"},\"sameAs\":[\"https:\\\/\\\/facebook.com\\\/eldigitaldeasturias\",\"https:\\\/\\\/www.youtube.com\\\/channel\\\/UCZP-2wLEB9Rv6erhFmqVnvg\"],\"address\":{\"@id\":\"https:\\\/\\\/www.eldigitaldeasturias.com\\\/noticias\\\/#postaladdress\",\"@type\":\"PostalAddress\",\"streetAddress\":\"san antonio 4,\",\"postalCode\":\"33430\",\"addressLocality\":\"Cand\\u00e1s\",\"addressRegion\":\"Asturias\",\"addressCountry\":\"ES\"}},{\"@type\":\"Person\",\"@id\":\"https:\\\/\\\/www.eldigitaldeasturias.com\\\/noticias\\\/author\\\/admin\\\/#author\",\"url\":\"https:\\\/\\\/www.eldigitaldeasturias.com\\\/noticias\\\/author\\\/admin\\\/\",\"name\":\"El Digital de Asturias\",\"image\":{\"@type\":\"ImageObject\",\"@id\":\"https:\\\/\\\/www.eldigitaldeasturias.com\\\/noticias\\\/el-25s-llama-a-rechazar-la-monarquia-con-una-concentracion-indefinida\\\/#authorImage\",\"url\":\"https:\\\/\\\/www.eldigitaldeasturias.com\\\/noticias\\\/wp-content\\\/litespeed\\\/avatar\\\/18677e78aa0546b92d9dbf31ec7d7668.jpg?ver=1777290358\",\"width\":96,\"height\":96,\"caption\":\"El Digital de Asturias\"}},{\"@type\":\"WebPage\",\"@id\":\"https:\\\/\\\/www.eldigitaldeasturias.com\\\/noticias\\\/el-25s-llama-a-rechazar-la-monarquia-con-una-concentracion-indefinida\\\/#webpage\",\"url\":\"https:\\\/\\\/www.eldigitaldeasturias.com\\\/noticias\\\/el-25s-llama-a-rechazar-la-monarquia-con-una-concentracion-indefinida\\\/\",\"name\":\"El 25S llama a rechazar la monarqu\\u00eda con una \\u00abconcentraci\\u00f3n indefinida\\u00bb - El Digital de Asturias\",\"description\":\"MADRID, 25 Sep. (EUROPA PRESS) - La Coordinadora 25-S, convocante de las protestas que hace un a\\u00f1o pretend\\u00edan rodear el Congreso de los Diputados, ha conmemorado este primer aniversario haciendo un llamamiento a acudir el pr\\u00f3ximo s\\u00e1bado, 28 de septiembre en Madrid, a pedir la abolici\\u00f3n de la monarqu\\u00eda en la \\\"concentraci\\u00f3n indefinida\\\" convocada frente\",\"inLanguage\":\"es-ES\",\"isPartOf\":{\"@id\":\"https:\\\/\\\/www.eldigitaldeasturias.com\\\/noticias\\\/#website\"},\"breadcrumb\":{\"@id\":\"https:\\\/\\\/www.eldigitaldeasturias.com\\\/noticias\\\/el-25s-llama-a-rechazar-la-monarquia-con-una-concentracion-indefinida\\\/#breadcrumblist\"},\"author\":{\"@id\":\"https:\\\/\\\/www.eldigitaldeasturias.com\\\/noticias\\\/author\\\/admin\\\/#author\"},\"creator\":{\"@id\":\"https:\\\/\\\/www.eldigitaldeasturias.com\\\/noticias\\\/author\\\/admin\\\/#author\"},\"image\":{\"@type\":\"ImageObject\",\"url\":3385,\"@id\":\"https:\\\/\\\/www.eldigitaldeasturias.com\\\/noticias\\\/el-25s-llama-a-rechazar-la-monarquia-con-una-concentracion-indefinida\\\/#mainImage\"},\"primaryImageOfPage\":{\"@id\":\"https:\\\/\\\/www.eldigitaldeasturias.com\\\/noticias\\\/el-25s-llama-a-rechazar-la-monarquia-con-una-concentracion-indefinida\\\/#mainImage\"},\"datePublished\":\"2013-09-26T04:40:51+02:00\",\"dateModified\":\"2013-09-26T04:40:51+02:00\"},{\"@type\":\"WebSite\",\"@id\":\"https:\\\/\\\/www.eldigitaldeasturias.com\\\/noticias\\\/#website\",\"url\":\"https:\\\/\\\/www.eldigitaldeasturias.com\\\/noticias\\\/\",\"name\":\"El Digital de Asturias - Diario de actualidad y noticias\",\"alternateName\":\"El Digital de Asturias - Diario de actualidad y noticias\",\"description\":\"Hemeroteca\",\"inLanguage\":\"es-ES\",\"publisher\":{\"@id\":\"https:\\\/\\\/www.eldigitaldeasturias.com\\\/noticias\\\/#organization\"}}]}\n\t\t<\/script>\n\t\t<!-- All in One SEO Pro -->\r\n\t\t<title>El 25S llama a rechazar la monarqu\u00eda con una \u00abconcentraci\u00f3n indefinida\u00bb - El Digital de Asturias<\/title>\n\n","aioseo_head_json":{"title":"El 25S llama a rechazar la monarqu\u00eda con una \u00abconcentraci\u00f3n indefinida\u00bb - El Digital de Asturias","description":"MADRID, 25 Sep. (EUROPA PRESS) - La Coordinadora 25-S, convocante de las protestas que hace un a\u00f1o pretend\u00edan rodear el Congreso de los Diputados, ha conmemorado este primer aniversario haciendo un llamamiento a acudir el pr\u00f3ximo s\u00e1bado, 28 de septiembre en Madrid, a pedir la abolici\u00f3n de la monarqu\u00eda en la \"concentraci\u00f3n indefinida\" convocada frente","canonical_url":"https:\/\/www.eldigitaldeasturias.com\/noticias\/el-25s-llama-a-rechazar-la-monarquia-con-una-concentracion-indefinida\/","robots":"max-image-preview:large","keywords":"actualidad","webmasterTools":{"google-site-verification":"UA-38556648-1","msvalidate.01":"7dfe9f3f1b24437ab69f4f2559babe99","miscellaneous":""},"schema":{"@context":"https:\/\/schema.org","@graph":[{"@type":"BlogPosting","@id":"https:\/\/www.eldigitaldeasturias.com\/noticias\/el-25s-llama-a-rechazar-la-monarquia-con-una-concentracion-indefinida\/#blogposting","name":"El 25S llama a rechazar la monarqu\u00eda con una \u00abconcentraci\u00f3n indefinida\u00bb - El Digital de Asturias","headline":"El 25S llama a rechazar la monarqu\u00eda con una \u00abconcentraci\u00f3n indefinida\u00bb","author":{"@id":"https:\/\/www.eldigitaldeasturias.com\/noticias\/author\/admin\/#author"},"publisher":{"@id":"https:\/\/www.eldigitaldeasturias.com\/noticias\/#organization"},"image":{"@type":"ImageObject","url":3385},"datePublished":"2013-09-26T04:40:51+02:00","dateModified":"2013-09-26T04:40:51+02:00","inLanguage":"es-ES","mainEntityOfPage":{"@id":"https:\/\/www.eldigitaldeasturias.com\/noticias\/el-25s-llama-a-rechazar-la-monarquia-con-una-concentracion-indefinida\/#webpage"},"isPartOf":{"@id":"https:\/\/www.eldigitaldeasturias.com\/noticias\/el-25s-llama-a-rechazar-la-monarquia-con-una-concentracion-indefinida\/#webpage"},"articleSection":"Actualidad"},{"@type":"BreadcrumbList","@id":"https:\/\/www.eldigitaldeasturias.com\/noticias\/el-25s-llama-a-rechazar-la-monarquia-con-una-concentracion-indefinida\/#breadcrumblist","itemListElement":[{"@type":"ListItem","@id":"https:\/\/www.eldigitaldeasturias.com\/noticias#listItem","position":1,"name":"Home","item":"https:\/\/www.eldigitaldeasturias.com\/noticias","nextItem":{"@type":"ListItem","@id":"https:\/\/www.eldigitaldeasturias.com\/noticias\/category\/actualidad\/#listItem","name":"Actualidad"}},{"@type":"ListItem","@id":"https:\/\/www.eldigitaldeasturias.com\/noticias\/category\/actualidad\/#listItem","position":2,"name":"Actualidad","item":"https:\/\/www.eldigitaldeasturias.com\/noticias\/category\/actualidad\/","nextItem":{"@type":"ListItem","@id":"https:\/\/www.eldigitaldeasturias.com\/noticias\/el-25s-llama-a-rechazar-la-monarquia-con-una-concentracion-indefinida\/#listItem","name":"El 25S llama a rechazar la monarqu\u00eda con una \u00abconcentraci\u00f3n indefinida\u00bb"},"previousItem":{"@type":"ListItem","@id":"https:\/\/www.eldigitaldeasturias.com\/noticias#listItem","name":"Home"}},{"@type":"ListItem","@id":"https:\/\/www.eldigitaldeasturias.com\/noticias\/el-25s-llama-a-rechazar-la-monarquia-con-una-concentracion-indefinida\/#listItem","position":3,"name":"El 25S llama a rechazar la monarqu\u00eda con una \u00abconcentraci\u00f3n indefinida\u00bb","previousItem":{"@type":"ListItem","@id":"https:\/\/www.eldigitaldeasturias.com\/noticias\/category\/actualidad\/#listItem","name":"Actualidad"}}]},{"@type":"Organization","@id":"https:\/\/www.eldigitaldeasturias.com\/noticias\/#organization","name":"El Digital de Asturias","description":"Hemeroteca","url":"https:\/\/www.eldigitaldeasturias.com\/noticias\/","email":"info@eldigitaldeasturias.com","telephone":"+34652131393","logo":{"@type":"ImageObject","url":"https:\/\/www.eldigitaldeasturias.com\/noticias\/wp-content\/uploads\/2020\/12\/EDA.jpg","@id":"https:\/\/www.eldigitaldeasturias.com\/noticias\/el-25s-llama-a-rechazar-la-monarquia-con-una-concentracion-indefinida\/#organizationLogo","width":649,"height":297},"image":{"@id":"https:\/\/www.eldigitaldeasturias.com\/noticias\/el-25s-llama-a-rechazar-la-monarquia-con-una-concentracion-indefinida\/#organizationLogo"},"sameAs":["https:\/\/facebook.com\/eldigitaldeasturias","https:\/\/www.youtube.com\/channel\/UCZP-2wLEB9Rv6erhFmqVnvg"],"address":{"@id":"https:\/\/www.eldigitaldeasturias.com\/noticias\/#postaladdress","@type":"PostalAddress","streetAddress":"san antonio 4,","postalCode":"33430","addressLocality":"Cand\u00e1s","addressRegion":"Asturias","addressCountry":"ES"}},{"@type":"Person","@id":"https:\/\/www.eldigitaldeasturias.com\/noticias\/author\/admin\/#author","url":"https:\/\/www.eldigitaldeasturias.com\/noticias\/author\/admin\/","name":"El Digital de Asturias","image":{"@type":"ImageObject","@id":"https:\/\/www.eldigitaldeasturias.com\/noticias\/el-25s-llama-a-rechazar-la-monarquia-con-una-concentracion-indefinida\/#authorImage","url":"https:\/\/www.eldigitaldeasturias.com\/noticias\/wp-content\/litespeed\/avatar\/18677e78aa0546b92d9dbf31ec7d7668.jpg?ver=1777290358","width":96,"height":96,"caption":"El Digital de Asturias"}},{"@type":"WebPage","@id":"https:\/\/www.eldigitaldeasturias.com\/noticias\/el-25s-llama-a-rechazar-la-monarquia-con-una-concentracion-indefinida\/#webpage","url":"https:\/\/www.eldigitaldeasturias.com\/noticias\/el-25s-llama-a-rechazar-la-monarquia-con-una-concentracion-indefinida\/","name":"El 25S llama a rechazar la monarqu\u00eda con una \u00abconcentraci\u00f3n indefinida\u00bb - El Digital de Asturias","description":"MADRID, 25 Sep. (EUROPA PRESS) - La Coordinadora 25-S, convocante de las protestas que hace un a\u00f1o pretend\u00edan rodear el Congreso de los Diputados, ha conmemorado este primer aniversario haciendo un llamamiento a acudir el pr\u00f3ximo s\u00e1bado, 28 de septiembre en Madrid, a pedir la abolici\u00f3n de la monarqu\u00eda en la \"concentraci\u00f3n indefinida\" convocada frente","inLanguage":"es-ES","isPartOf":{"@id":"https:\/\/www.eldigitaldeasturias.com\/noticias\/#website"},"breadcrumb":{"@id":"https:\/\/www.eldigitaldeasturias.com\/noticias\/el-25s-llama-a-rechazar-la-monarquia-con-una-concentracion-indefinida\/#breadcrumblist"},"author":{"@id":"https:\/\/www.eldigitaldeasturias.com\/noticias\/author\/admin\/#author"},"creator":{"@id":"https:\/\/www.eldigitaldeasturias.com\/noticias\/author\/admin\/#author"},"image":{"@type":"ImageObject","url":3385,"@id":"https:\/\/www.eldigitaldeasturias.com\/noticias\/el-25s-llama-a-rechazar-la-monarquia-con-una-concentracion-indefinida\/#mainImage"},"primaryImageOfPage":{"@id":"https:\/\/www.eldigitaldeasturias.com\/noticias\/el-25s-llama-a-rechazar-la-monarquia-con-una-concentracion-indefinida\/#mainImage"},"datePublished":"2013-09-26T04:40:51+02:00","dateModified":"2013-09-26T04:40:51+02:00"},{"@type":"WebSite","@id":"https:\/\/www.eldigitaldeasturias.com\/noticias\/#website","url":"https:\/\/www.eldigitaldeasturias.com\/noticias\/","name":"El Digital de Asturias - Diario de actualidad y noticias","alternateName":"El Digital de Asturias - Diario de actualidad y noticias","description":"Hemeroteca","inLanguage":"es-ES","publisher":{"@id":"https:\/\/www.eldigitaldeasturias.com\/noticias\/#organization"}}]},"og:locale":"es_ES","og:site_name":"El Digital de Asturias","og:type":"article","og:title":"El 25S llama a rechazar la monarqu\u00eda con una \u00abconcentraci\u00f3n indefinida\u00bb - El Digital de Asturias","og:description":"MADRID, 25 Sep. (EUROPA PRESS) - La Coordinadora 25-S, convocante de las protestas que hace un a\u00f1o pretend\u00edan rodear el Congreso de los Diputados, ha conmemorado este primer aniversario haciendo un llamamiento a acudir el pr\u00f3ximo s\u00e1bado, 28 de septiembre en Madrid, a pedir la abolici\u00f3n de la monarqu\u00eda en la &quot;concentraci\u00f3n indefinida&quot; convocada frente","og:url":"https:\/\/www.eldigitaldeasturias.com\/noticias\/el-25s-llama-a-rechazar-la-monarquia-con-una-concentracion-indefinida\/","article:tag":["actualidad"],"article:published_time":"2013-09-26T04:40:51+00:00","article:modified_time":"2013-09-26T04:40:51+00:00","article:publisher":"https:\/\/facebook.com\/eldigitaldeasturias","twitter:card":"summary_large_image","twitter:title":"El 25S llama a rechazar la monarqu\u00eda con una \u00abconcentraci\u00f3n indefinida\u00bb - El Digital de Asturias","twitter:description":"MADRID, 25 Sep. (EUROPA PRESS) - La Coordinadora 25-S, convocante de las protestas que hace un a\u00f1o pretend\u00edan rodear el Congreso de los Diputados, ha conmemorado este primer aniversario haciendo un llamamiento a acudir el pr\u00f3ximo s\u00e1bado, 28 de septiembre en Madrid, a pedir la abolici\u00f3n de la monarqu\u00eda en la &quot;concentraci\u00f3n indefinida&quot; convocada frente","twitter:label1":"Escrito por","twitter:data1":"El Digital de Asturias","twitter:label2":"Tiempo de lectura estimado","twitter:data2":"3 minutos"},"aioseo_meta_data":{"post_id":"3384","title":null,"description":null,"keywords":null,"keyphrases":null,"primary_term":null,"canonical_url":null,"og_title":null,"og_description":null,"og_object_type":"default","og_image_type":"default","og_image_url":null,"og_image_width":null,"og_image_height":null,"og_image_custom_url":null,"og_image_custom_fields":null,"og_video":null,"og_custom_url":null,"og_article_section":null,"og_article_tags":null,"twitter_use_og":true,"twitter_card":"default","twitter_image_type":"default","twitter_image_url":null,"twitter_image_custom_url":null,"twitter_image_custom_fields":null,"twitter_title":null,"twitter_description":null,"schema":{"blockGraphs":[],"customGraphs":[],"default":{"data":{"Article":[],"Course":[],"Dataset":[],"FAQPage":[],"Movie":[],"Person":[],"Product":[],"ProductReview":[],"Car":[],"Recipe":[],"Service":[],"SoftwareApplication":[],"WebPage":[]},"graphName":"","isEnabled":true},"graphs":[]},"schema_type":null,"schema_type_options":null,"pillar_content":false,"robots_default":true,"robots_noindex":false,"robots_noarchive":false,"robots_nosnippet":false,"robots_nofollow":false,"robots_noimageindex":false,"robots_noodp":false,"robots_notranslate":false,"robots_max_snippet":null,"robots_max_videopreview":null,"robots_max_imagepreview":"none","priority":null,"frequency":null,"local_seo":null,"seo_analyzer_scan_date":"2025-08-21 06:21:49","breadcrumb_settings":null,"limit_modified_date":false,"open_ai":null,"ai":null,"created":"2020-11-14 22:37:07","updated":"2025-08-21 06:21:49"},"aioseo_breadcrumb":"<div class=\"aioseo-breadcrumbs\"><span class=\"aioseo-breadcrumb\">\n\t<a href=\"https:\/\/www.eldigitaldeasturias.com\/noticias\" title=\"Home\">Home<\/a>\n<\/span><span class=\"aioseo-breadcrumb-separator\">\u2013<\/span><span class=\"aioseo-breadcrumb\">\n\t<a href=\"https:\/\/www.eldigitaldeasturias.com\/noticias\/category\/actualidad\/\" title=\"Actualidad\">Actualidad<\/a>\n<\/span><span class=\"aioseo-breadcrumb-separator\">\u2013<\/span><span class=\"aioseo-breadcrumb\">\n\t<a href=\"https:\/\/www.eldigitaldeasturias.com\/noticias\/el-25s-llama-a-rechazar-la-monarquia-con-una-concentracion-indefinida\/\" title=\"El 25S llama a rechazar la monarqu\u00eda con una \u00abconcentraci\u00f3n indefinida\u00bb\">El 25S llama a rechazar la monarqu\u00eda con una \u00abconcentraci\u00f3n indefinida\u00bb<\/a>\n<\/span><\/div>","aioseo_breadcrumb_json":[{"label":"Home","link":"https:\/\/www.eldigitaldeasturias.com\/noticias"},{"label":"Actualidad","link":"https:\/\/www.eldigitaldeasturias.com\/noticias\/category\/actualidad\/"},{"label":"El 25S llama a rechazar la monarqu\u00eda con una \u00abconcentraci\u00f3n indefinida\u00bb","link":"https:\/\/www.eldigitaldeasturias.com\/noticias\/el-25s-llama-a-rechazar-la-monarquia-con-una-concentracion-indefinida\/"}],"_links":{"self":[{"href":"https:\/\/www.eldigitaldeasturias.com\/noticias\/wp-json\/wp\/v2\/posts\/3384","targetHints":{"allow":["GET"]}}],"collection":[{"href":"https:\/\/www.eldigitaldeasturias.com\/noticias\/wp-json\/wp\/v2\/posts"}],"about":[{"href":"https:\/\/www.eldigitaldeasturias.com\/noticias\/wp-json\/wp\/v2\/types\/post"}],"author":[{"embeddable":true,"href":"https:\/\/www.eldigitaldeasturias.com\/noticias\/wp-json\/wp\/v2\/users\/1"}],"replies":[{"embeddable":true,"href":"https:\/\/www.eldigitaldeasturias.com\/noticias\/wp-json\/wp\/v2\/comments?post=3384"}],"version-history":[{"count":0,"href":"https:\/\/www.eldigitaldeasturias.com\/noticias\/wp-json\/wp\/v2\/posts\/3384\/revisions"}],"wp:featuredmedia":[{"embeddable":true,"href":"https:\/\/www.eldigitaldeasturias.com\/noticias\/wp-json\/"}],"wp:attachment":[{"href":"https:\/\/www.eldigitaldeasturias.com\/noticias\/wp-json\/wp\/v2\/media?parent=3384"}],"wp:term":[{"taxonomy":"category","embeddable":true,"href":"https:\/\/www.eldigitaldeasturias.com\/noticias\/wp-json\/wp\/v2\/categories?post=3384"},{"taxonomy":"post_tag","embeddable":true,"href":"https:\/\/www.eldigitaldeasturias.com\/noticias\/wp-json\/wp\/v2\/tags?post=3384"}],"curies":[{"name":"wp","href":"https:\/\/api.w.org\/{rel}","templated":true}]}}