{"id":3378,"date":"2013-09-26T04:37:48","date_gmt":"2013-09-26T04:37:48","guid":{"rendered":"http:\/\/www.eldigitaldeasturias.com\/noticias\/?p=3378"},"modified":"2013-09-26T04:37:48","modified_gmt":"2013-09-26T04:37:48","slug":"la-casa-del-rey-no-tiene-nada-que-decir-sobre-la-regulacion-del-papel-del-principe","status":"publish","type":"post","link":"https:\/\/www.eldigitaldeasturias.com\/noticias\/la-casa-del-rey-no-tiene-nada-que-decir-sobre-la-regulacion-del-papel-del-principe\/","title":{"rendered":"La Casa del Rey no tiene nada que decir sobre la regulaci\u00f3n del papel del Pr\u00edncipe"},"content":{"rendered":"<p><img loading=\"lazy\" decoding=\"async\" class=\"alignleft size-medium wp-image-3379\" alt=\"fotonoticia_20130925140446_800\" src=\"https:\/\/www.eldigitaldeasturias.com\/noticias\/wp-content\/uploads\/2013\/09\/fotonoticia_20130925140446_800-360x268.jpg\" width=\"360\" height=\"268\" \/>MADRID, 25 Sep. (EUROPA PRESS) &#8211;\u00a0La Casa del Rey \u00abno tiene nada que decir\u00bb sobre el debate abierto en torno a la necesidad de regular el papel del Pr\u00edncipe para llenar el vac\u00edo legal que existe en la actualidad sobre las funciones del Heredero de la Corona, ha afirmado a Europa Press un portavoz de la instituci\u00f3n.<\/p>\n<p>Zarzuela reh\u00fasa de esta manera entrar en ese debate porque se trata de un asunto que compete al Parlamento, ha precisado el mismo portavoz, que se ha remitido a la rueda de prensa que el jefe de la Casa, el diplom\u00e1tico Rafael Spottorno, ofreci\u00f3 a los medios de comunicaci\u00f3n el viernes pasado para cortar las especulaciones que se hab\u00edan generado en torno a una posible abdicaci\u00f3n del jefe del Estado.<\/p>\n<p>\u00abLa abdicaci\u00f3n es un acto personal\u00edsimo del Rey y puedo afirmar que el Rey no se ha planteado en ning\u00fan momento la abdicaci\u00f3n\u00bb, afirm\u00f3 el viernes Spottorno, antes de asegurar que tampoco se plantea la posibilidad de su inhabilitaci\u00f3n y abrir paso a una regencia, extremo contemplado en la Constituci\u00f3n.<\/p>\n<p>El Gobierno, por boca del presidente Mariano Rajoy, y del titular de Justicia, Alberto Ruiz Gallard\u00f3n, ha negado por otra parte que haya ning\u00fan proyecto sobre la mesa para regular el papel del Heredero de la Corona ante situaciones como la limitaci\u00f3n de la agenda oficial del monarca por sus repetidas operaciones.<\/p>\n","protected":false},"excerpt":{"rendered":"<p>MADRID, 25 Sep. (EUROPA PRESS) &#8211;\u00a0La Casa del Rey \u00abno tiene nada que decir\u00bb sobre el debate abierto en torno a la necesidad de regular el papel del Pr\u00edncipe para llenar el vac\u00edo legal que existe en la actualidad sobre las funciones del Heredero de la Corona, ha afirmado a Europa Press un portavoz de [&hellip;]<\/p>\n","protected":false},"author":1,"featured_media":3379,"comment_status":"open","ping_status":"open","sticky":false,"template":"","format":"standard","meta":{"footnotes":""},"categories":[1],"tags":[],"class_list":["post-3378","post","type-post","status-publish","format-standard","has-post-thumbnail","hentry","category-actualidad"],"aioseo_notices":[],"aioseo_head":"\n\t\t<!-- All in One SEO Pro 4.9.6.2 - aioseo.com -->\n\t<meta name=\"description\" content=\"MADRID, 25 Sep. (EUROPA PRESS) - La Casa del Rey &quot;no tiene nada que decir&quot; sobre el debate abierto en torno a la necesidad de regular el papel del Pr\u00edncipe para llenar el vac\u00edo legal que existe en la actualidad sobre las funciones del Heredero de la Corona, ha afirmado a Europa Press un portavoz de\" \/>\n\t<meta name=\"robots\" content=\"max-image-preview:large\" \/>\n\t<meta name=\"author\" content=\"El Digital de Asturias\"\/>\n\t<meta name=\"google-site-verification\" content=\"UA-38556648-1\" \/>\n\t<meta name=\"msvalidate.01\" content=\"7dfe9f3f1b24437ab69f4f2559babe99\" \/>\n\t<meta name=\"keywords\" content=\"actualidad\" \/>\n\t<link rel=\"canonical\" href=\"https:\/\/www.eldigitaldeasturias.com\/noticias\/la-casa-del-rey-no-tiene-nada-que-decir-sobre-la-regulacion-del-papel-del-principe\/\" \/>\n\t<meta name=\"generator\" content=\"All in One SEO Pro (AIOSEO) 4.9.6.2\" \/>\n\t\t<meta property=\"og:locale\" content=\"es_ES\" \/>\n\t\t<meta property=\"og:site_name\" content=\"El Digital de Asturias\" \/>\n\t\t<meta property=\"og:type\" content=\"article\" \/>\n\t\t<meta property=\"og:title\" content=\"La Casa del Rey no tiene nada que decir sobre la regulaci\u00f3n del papel del Pr\u00edncipe - El Digital de Asturias\" \/>\n\t\t<meta property=\"og:description\" content=\"MADRID, 25 Sep. (EUROPA PRESS) - La Casa del Rey &quot;no tiene nada que decir&quot; sobre el debate abierto en torno a la necesidad de regular el papel del Pr\u00edncipe para llenar el vac\u00edo legal que existe en la actualidad sobre las funciones del Heredero de la Corona, ha afirmado a Europa Press un portavoz de\" \/>\n\t\t<meta property=\"og:url\" content=\"https:\/\/www.eldigitaldeasturias.com\/noticias\/la-casa-del-rey-no-tiene-nada-que-decir-sobre-la-regulacion-del-papel-del-principe\/\" \/>\n\t\t<meta property=\"article:tag\" content=\"actualidad\" \/>\n\t\t<meta property=\"article:published_time\" content=\"2013-09-26T04:37:48+00:00\" \/>\n\t\t<meta property=\"article:modified_time\" content=\"2013-09-26T04:37:48+00:00\" \/>\n\t\t<meta property=\"article:publisher\" content=\"https:\/\/facebook.com\/eldigitaldeasturias\" \/>\n\t\t<meta name=\"twitter:card\" content=\"summary_large_image\" \/>\n\t\t<meta name=\"twitter:title\" content=\"La Casa del Rey no tiene nada que decir sobre la regulaci\u00f3n del papel del Pr\u00edncipe - El Digital de Asturias\" \/>\n\t\t<meta name=\"twitter:description\" content=\"MADRID, 25 Sep. (EUROPA PRESS) - La Casa del Rey &quot;no tiene nada que decir&quot; sobre el debate abierto en torno a la necesidad de regular el papel del Pr\u00edncipe para llenar el vac\u00edo legal que existe en la actualidad sobre las funciones del Heredero de la Corona, ha afirmado a Europa Press un portavoz de\" \/>\n\t\t<meta name=\"twitter:label1\" content=\"Escrito por\" \/>\n\t\t<meta name=\"twitter:data1\" content=\"El Digital de Asturias\" \/>\n\t\t<meta name=\"twitter:label2\" content=\"Tiempo de lectura estimado\" \/>\n\t\t<meta name=\"twitter:data2\" content=\"1 minuto\" \/>\n\t\t<script type=\"application\/ld+json\" class=\"aioseo-schema\">\n\t\t\t{\"@context\":\"https:\\\/\\\/schema.org\",\"@graph\":[{\"@type\":\"BlogPosting\",\"@id\":\"https:\\\/\\\/www.eldigitaldeasturias.com\\\/noticias\\\/la-casa-del-rey-no-tiene-nada-que-decir-sobre-la-regulacion-del-papel-del-principe\\\/#blogposting\",\"name\":\"La Casa del Rey no tiene nada que decir sobre la regulaci\\u00f3n del papel del Pr\\u00edncipe - El Digital de Asturias\",\"headline\":\"La Casa del Rey no tiene nada que decir sobre la regulaci\\u00f3n del papel del Pr\\u00edncipe\",\"author\":{\"@id\":\"https:\\\/\\\/www.eldigitaldeasturias.com\\\/noticias\\\/author\\\/admin\\\/#author\"},\"publisher\":{\"@id\":\"https:\\\/\\\/www.eldigitaldeasturias.com\\\/noticias\\\/#organization\"},\"image\":{\"@type\":\"ImageObject\",\"url\":3379},\"datePublished\":\"2013-09-26T04:37:48+02:00\",\"dateModified\":\"2013-09-26T04:37:48+02:00\",\"inLanguage\":\"es-ES\",\"mainEntityOfPage\":{\"@id\":\"https:\\\/\\\/www.eldigitaldeasturias.com\\\/noticias\\\/la-casa-del-rey-no-tiene-nada-que-decir-sobre-la-regulacion-del-papel-del-principe\\\/#webpage\"},\"isPartOf\":{\"@id\":\"https:\\\/\\\/www.eldigitaldeasturias.com\\\/noticias\\\/la-casa-del-rey-no-tiene-nada-que-decir-sobre-la-regulacion-del-papel-del-principe\\\/#webpage\"},\"articleSection\":\"Actualidad\"},{\"@type\":\"BreadcrumbList\",\"@id\":\"https:\\\/\\\/www.eldigitaldeasturias.com\\\/noticias\\\/la-casa-del-rey-no-tiene-nada-que-decir-sobre-la-regulacion-del-papel-del-principe\\\/#breadcrumblist\",\"itemListElement\":[{\"@type\":\"ListItem\",\"@id\":\"https:\\\/\\\/www.eldigitaldeasturias.com\\\/noticias#listItem\",\"position\":1,\"name\":\"Home\",\"item\":\"https:\\\/\\\/www.eldigitaldeasturias.com\\\/noticias\",\"nextItem\":{\"@type\":\"ListItem\",\"@id\":\"https:\\\/\\\/www.eldigitaldeasturias.com\\\/noticias\\\/category\\\/actualidad\\\/#listItem\",\"name\":\"Actualidad\"}},{\"@type\":\"ListItem\",\"@id\":\"https:\\\/\\\/www.eldigitaldeasturias.com\\\/noticias\\\/category\\\/actualidad\\\/#listItem\",\"position\":2,\"name\":\"Actualidad\",\"item\":\"https:\\\/\\\/www.eldigitaldeasturias.com\\\/noticias\\\/category\\\/actualidad\\\/\",\"nextItem\":{\"@type\":\"ListItem\",\"@id\":\"https:\\\/\\\/www.eldigitaldeasturias.com\\\/noticias\\\/la-casa-del-rey-no-tiene-nada-que-decir-sobre-la-regulacion-del-papel-del-principe\\\/#listItem\",\"name\":\"La Casa del Rey no tiene nada que decir sobre la regulaci\\u00f3n del papel del Pr\\u00edncipe\"},\"previousItem\":{\"@type\":\"ListItem\",\"@id\":\"https:\\\/\\\/www.eldigitaldeasturias.com\\\/noticias#listItem\",\"name\":\"Home\"}},{\"@type\":\"ListItem\",\"@id\":\"https:\\\/\\\/www.eldigitaldeasturias.com\\\/noticias\\\/la-casa-del-rey-no-tiene-nada-que-decir-sobre-la-regulacion-del-papel-del-principe\\\/#listItem\",\"position\":3,\"name\":\"La Casa del Rey no tiene nada que decir sobre la regulaci\\u00f3n del papel del Pr\\u00edncipe\",\"previousItem\":{\"@type\":\"ListItem\",\"@id\":\"https:\\\/\\\/www.eldigitaldeasturias.com\\\/noticias\\\/category\\\/actualidad\\\/#listItem\",\"name\":\"Actualidad\"}}]},{\"@type\":\"Organization\",\"@id\":\"https:\\\/\\\/www.eldigitaldeasturias.com\\\/noticias\\\/#organization\",\"name\":\"El Digital de Asturias\",\"description\":\"Hemeroteca\",\"url\":\"https:\\\/\\\/www.eldigitaldeasturias.com\\\/noticias\\\/\",\"email\":\"info@eldigitaldeasturias.com\",\"telephone\":\"+34652131393\",\"logo\":{\"@type\":\"ImageObject\",\"url\":\"https:\\\/\\\/www.eldigitaldeasturias.com\\\/noticias\\\/wp-content\\\/uploads\\\/2020\\\/12\\\/EDA.jpg\",\"@id\":\"https:\\\/\\\/www.eldigitaldeasturias.com\\\/noticias\\\/la-casa-del-rey-no-tiene-nada-que-decir-sobre-la-regulacion-del-papel-del-principe\\\/#organizationLogo\",\"width\":649,\"height\":297},\"image\":{\"@id\":\"https:\\\/\\\/www.eldigitaldeasturias.com\\\/noticias\\\/la-casa-del-rey-no-tiene-nada-que-decir-sobre-la-regulacion-del-papel-del-principe\\\/#organizationLogo\"},\"sameAs\":[\"https:\\\/\\\/facebook.com\\\/eldigitaldeasturias\",\"https:\\\/\\\/www.youtube.com\\\/channel\\\/UCZP-2wLEB9Rv6erhFmqVnvg\"],\"address\":{\"@id\":\"https:\\\/\\\/www.eldigitaldeasturias.com\\\/noticias\\\/#postaladdress\",\"@type\":\"PostalAddress\",\"streetAddress\":\"san antonio 4,\",\"postalCode\":\"33430\",\"addressLocality\":\"Cand\\u00e1s\",\"addressRegion\":\"Asturias\",\"addressCountry\":\"ES\"}},{\"@type\":\"Person\",\"@id\":\"https:\\\/\\\/www.eldigitaldeasturias.com\\\/noticias\\\/author\\\/admin\\\/#author\",\"url\":\"https:\\\/\\\/www.eldigitaldeasturias.com\\\/noticias\\\/author\\\/admin\\\/\",\"name\":\"El Digital de Asturias\",\"image\":{\"@type\":\"ImageObject\",\"@id\":\"https:\\\/\\\/www.eldigitaldeasturias.com\\\/noticias\\\/la-casa-del-rey-no-tiene-nada-que-decir-sobre-la-regulacion-del-papel-del-principe\\\/#authorImage\",\"url\":\"https:\\\/\\\/www.eldigitaldeasturias.com\\\/noticias\\\/wp-content\\\/litespeed\\\/avatar\\\/18677e78aa0546b92d9dbf31ec7d7668.jpg?ver=1777290358\",\"width\":96,\"height\":96,\"caption\":\"El Digital de Asturias\"}},{\"@type\":\"WebPage\",\"@id\":\"https:\\\/\\\/www.eldigitaldeasturias.com\\\/noticias\\\/la-casa-del-rey-no-tiene-nada-que-decir-sobre-la-regulacion-del-papel-del-principe\\\/#webpage\",\"url\":\"https:\\\/\\\/www.eldigitaldeasturias.com\\\/noticias\\\/la-casa-del-rey-no-tiene-nada-que-decir-sobre-la-regulacion-del-papel-del-principe\\\/\",\"name\":\"La Casa del Rey no tiene nada que decir sobre la regulaci\\u00f3n del papel del Pr\\u00edncipe - El Digital de Asturias\",\"description\":\"MADRID, 25 Sep. (EUROPA PRESS) - La Casa del Rey \\\"no tiene nada que decir\\\" sobre el debate abierto en torno a la necesidad de regular el papel del Pr\\u00edncipe para llenar el vac\\u00edo legal que existe en la actualidad sobre las funciones del Heredero de la Corona, ha afirmado a Europa Press un portavoz de\",\"inLanguage\":\"es-ES\",\"isPartOf\":{\"@id\":\"https:\\\/\\\/www.eldigitaldeasturias.com\\\/noticias\\\/#website\"},\"breadcrumb\":{\"@id\":\"https:\\\/\\\/www.eldigitaldeasturias.com\\\/noticias\\\/la-casa-del-rey-no-tiene-nada-que-decir-sobre-la-regulacion-del-papel-del-principe\\\/#breadcrumblist\"},\"author\":{\"@id\":\"https:\\\/\\\/www.eldigitaldeasturias.com\\\/noticias\\\/author\\\/admin\\\/#author\"},\"creator\":{\"@id\":\"https:\\\/\\\/www.eldigitaldeasturias.com\\\/noticias\\\/author\\\/admin\\\/#author\"},\"image\":{\"@type\":\"ImageObject\",\"url\":3379,\"@id\":\"https:\\\/\\\/www.eldigitaldeasturias.com\\\/noticias\\\/la-casa-del-rey-no-tiene-nada-que-decir-sobre-la-regulacion-del-papel-del-principe\\\/#mainImage\"},\"primaryImageOfPage\":{\"@id\":\"https:\\\/\\\/www.eldigitaldeasturias.com\\\/noticias\\\/la-casa-del-rey-no-tiene-nada-que-decir-sobre-la-regulacion-del-papel-del-principe\\\/#mainImage\"},\"datePublished\":\"2013-09-26T04:37:48+02:00\",\"dateModified\":\"2013-09-26T04:37:48+02:00\"},{\"@type\":\"WebSite\",\"@id\":\"https:\\\/\\\/www.eldigitaldeasturias.com\\\/noticias\\\/#website\",\"url\":\"https:\\\/\\\/www.eldigitaldeasturias.com\\\/noticias\\\/\",\"name\":\"El Digital de Asturias - Diario de actualidad y noticias\",\"alternateName\":\"El Digital de Asturias - Diario de actualidad y noticias\",\"description\":\"Hemeroteca\",\"inLanguage\":\"es-ES\",\"publisher\":{\"@id\":\"https:\\\/\\\/www.eldigitaldeasturias.com\\\/noticias\\\/#organization\"}}]}\n\t\t<\/script>\n\t\t<!-- All in One SEO Pro -->\r\n\t\t<title>La Casa del Rey no tiene nada que decir sobre la regulaci\u00f3n del papel del Pr\u00edncipe - El Digital de Asturias<\/title>\n\n","aioseo_head_json":{"title":"La Casa del Rey no tiene nada que decir sobre la regulaci\u00f3n del papel del Pr\u00edncipe - El Digital de Asturias","description":"MADRID, 25 Sep. (EUROPA PRESS) - La Casa del Rey \"no tiene nada que decir\" sobre el debate abierto en torno a la necesidad de regular el papel del Pr\u00edncipe para llenar el vac\u00edo legal que existe en la actualidad sobre las funciones del Heredero de la Corona, ha afirmado a Europa Press un portavoz de","canonical_url":"https:\/\/www.eldigitaldeasturias.com\/noticias\/la-casa-del-rey-no-tiene-nada-que-decir-sobre-la-regulacion-del-papel-del-principe\/","robots":"max-image-preview:large","keywords":"actualidad","webmasterTools":{"google-site-verification":"UA-38556648-1","msvalidate.01":"7dfe9f3f1b24437ab69f4f2559babe99","miscellaneous":""},"schema":{"@context":"https:\/\/schema.org","@graph":[{"@type":"BlogPosting","@id":"https:\/\/www.eldigitaldeasturias.com\/noticias\/la-casa-del-rey-no-tiene-nada-que-decir-sobre-la-regulacion-del-papel-del-principe\/#blogposting","name":"La Casa del Rey no tiene nada que decir sobre la regulaci\u00f3n del papel del Pr\u00edncipe - El Digital de Asturias","headline":"La Casa del Rey no tiene nada que decir sobre la regulaci\u00f3n del papel del Pr\u00edncipe","author":{"@id":"https:\/\/www.eldigitaldeasturias.com\/noticias\/author\/admin\/#author"},"publisher":{"@id":"https:\/\/www.eldigitaldeasturias.com\/noticias\/#organization"},"image":{"@type":"ImageObject","url":3379},"datePublished":"2013-09-26T04:37:48+02:00","dateModified":"2013-09-26T04:37:48+02:00","inLanguage":"es-ES","mainEntityOfPage":{"@id":"https:\/\/www.eldigitaldeasturias.com\/noticias\/la-casa-del-rey-no-tiene-nada-que-decir-sobre-la-regulacion-del-papel-del-principe\/#webpage"},"isPartOf":{"@id":"https:\/\/www.eldigitaldeasturias.com\/noticias\/la-casa-del-rey-no-tiene-nada-que-decir-sobre-la-regulacion-del-papel-del-principe\/#webpage"},"articleSection":"Actualidad"},{"@type":"BreadcrumbList","@id":"https:\/\/www.eldigitaldeasturias.com\/noticias\/la-casa-del-rey-no-tiene-nada-que-decir-sobre-la-regulacion-del-papel-del-principe\/#breadcrumblist","itemListElement":[{"@type":"ListItem","@id":"https:\/\/www.eldigitaldeasturias.com\/noticias#listItem","position":1,"name":"Home","item":"https:\/\/www.eldigitaldeasturias.com\/noticias","nextItem":{"@type":"ListItem","@id":"https:\/\/www.eldigitaldeasturias.com\/noticias\/category\/actualidad\/#listItem","name":"Actualidad"}},{"@type":"ListItem","@id":"https:\/\/www.eldigitaldeasturias.com\/noticias\/category\/actualidad\/#listItem","position":2,"name":"Actualidad","item":"https:\/\/www.eldigitaldeasturias.com\/noticias\/category\/actualidad\/","nextItem":{"@type":"ListItem","@id":"https:\/\/www.eldigitaldeasturias.com\/noticias\/la-casa-del-rey-no-tiene-nada-que-decir-sobre-la-regulacion-del-papel-del-principe\/#listItem","name":"La Casa del Rey no tiene nada que decir sobre la regulaci\u00f3n del papel del Pr\u00edncipe"},"previousItem":{"@type":"ListItem","@id":"https:\/\/www.eldigitaldeasturias.com\/noticias#listItem","name":"Home"}},{"@type":"ListItem","@id":"https:\/\/www.eldigitaldeasturias.com\/noticias\/la-casa-del-rey-no-tiene-nada-que-decir-sobre-la-regulacion-del-papel-del-principe\/#listItem","position":3,"name":"La Casa del Rey no tiene nada que decir sobre la regulaci\u00f3n del papel del Pr\u00edncipe","previousItem":{"@type":"ListItem","@id":"https:\/\/www.eldigitaldeasturias.com\/noticias\/category\/actualidad\/#listItem","name":"Actualidad"}}]},{"@type":"Organization","@id":"https:\/\/www.eldigitaldeasturias.com\/noticias\/#organization","name":"El Digital de Asturias","description":"Hemeroteca","url":"https:\/\/www.eldigitaldeasturias.com\/noticias\/","email":"info@eldigitaldeasturias.com","telephone":"+34652131393","logo":{"@type":"ImageObject","url":"https:\/\/www.eldigitaldeasturias.com\/noticias\/wp-content\/uploads\/2020\/12\/EDA.jpg","@id":"https:\/\/www.eldigitaldeasturias.com\/noticias\/la-casa-del-rey-no-tiene-nada-que-decir-sobre-la-regulacion-del-papel-del-principe\/#organizationLogo","width":649,"height":297},"image":{"@id":"https:\/\/www.eldigitaldeasturias.com\/noticias\/la-casa-del-rey-no-tiene-nada-que-decir-sobre-la-regulacion-del-papel-del-principe\/#organizationLogo"},"sameAs":["https:\/\/facebook.com\/eldigitaldeasturias","https:\/\/www.youtube.com\/channel\/UCZP-2wLEB9Rv6erhFmqVnvg"],"address":{"@id":"https:\/\/www.eldigitaldeasturias.com\/noticias\/#postaladdress","@type":"PostalAddress","streetAddress":"san antonio 4,","postalCode":"33430","addressLocality":"Cand\u00e1s","addressRegion":"Asturias","addressCountry":"ES"}},{"@type":"Person","@id":"https:\/\/www.eldigitaldeasturias.com\/noticias\/author\/admin\/#author","url":"https:\/\/www.eldigitaldeasturias.com\/noticias\/author\/admin\/","name":"El Digital de Asturias","image":{"@type":"ImageObject","@id":"https:\/\/www.eldigitaldeasturias.com\/noticias\/la-casa-del-rey-no-tiene-nada-que-decir-sobre-la-regulacion-del-papel-del-principe\/#authorImage","url":"https:\/\/www.eldigitaldeasturias.com\/noticias\/wp-content\/litespeed\/avatar\/18677e78aa0546b92d9dbf31ec7d7668.jpg?ver=1777290358","width":96,"height":96,"caption":"El Digital de Asturias"}},{"@type":"WebPage","@id":"https:\/\/www.eldigitaldeasturias.com\/noticias\/la-casa-del-rey-no-tiene-nada-que-decir-sobre-la-regulacion-del-papel-del-principe\/#webpage","url":"https:\/\/www.eldigitaldeasturias.com\/noticias\/la-casa-del-rey-no-tiene-nada-que-decir-sobre-la-regulacion-del-papel-del-principe\/","name":"La Casa del Rey no tiene nada que decir sobre la regulaci\u00f3n del papel del Pr\u00edncipe - El Digital de Asturias","description":"MADRID, 25 Sep. (EUROPA PRESS) - La Casa del Rey \"no tiene nada que decir\" sobre el debate abierto en torno a la necesidad de regular el papel del Pr\u00edncipe para llenar el vac\u00edo legal que existe en la actualidad sobre las funciones del Heredero de la Corona, ha afirmado a Europa Press un portavoz de","inLanguage":"es-ES","isPartOf":{"@id":"https:\/\/www.eldigitaldeasturias.com\/noticias\/#website"},"breadcrumb":{"@id":"https:\/\/www.eldigitaldeasturias.com\/noticias\/la-casa-del-rey-no-tiene-nada-que-decir-sobre-la-regulacion-del-papel-del-principe\/#breadcrumblist"},"author":{"@id":"https:\/\/www.eldigitaldeasturias.com\/noticias\/author\/admin\/#author"},"creator":{"@id":"https:\/\/www.eldigitaldeasturias.com\/noticias\/author\/admin\/#author"},"image":{"@type":"ImageObject","url":3379,"@id":"https:\/\/www.eldigitaldeasturias.com\/noticias\/la-casa-del-rey-no-tiene-nada-que-decir-sobre-la-regulacion-del-papel-del-principe\/#mainImage"},"primaryImageOfPage":{"@id":"https:\/\/www.eldigitaldeasturias.com\/noticias\/la-casa-del-rey-no-tiene-nada-que-decir-sobre-la-regulacion-del-papel-del-principe\/#mainImage"},"datePublished":"2013-09-26T04:37:48+02:00","dateModified":"2013-09-26T04:37:48+02:00"},{"@type":"WebSite","@id":"https:\/\/www.eldigitaldeasturias.com\/noticias\/#website","url":"https:\/\/www.eldigitaldeasturias.com\/noticias\/","name":"El Digital de Asturias - Diario de actualidad y noticias","alternateName":"El Digital de Asturias - Diario de actualidad y noticias","description":"Hemeroteca","inLanguage":"es-ES","publisher":{"@id":"https:\/\/www.eldigitaldeasturias.com\/noticias\/#organization"}}]},"og:locale":"es_ES","og:site_name":"El Digital de Asturias","og:type":"article","og:title":"La Casa del Rey no tiene nada que decir sobre la regulaci\u00f3n del papel del Pr\u00edncipe - El Digital de Asturias","og:description":"MADRID, 25 Sep. (EUROPA PRESS) - La Casa del Rey &quot;no tiene nada que decir&quot; sobre el debate abierto en torno a la necesidad de regular el papel del Pr\u00edncipe para llenar el vac\u00edo legal que existe en la actualidad sobre las funciones del Heredero de la Corona, ha afirmado a Europa Press un portavoz de","og:url":"https:\/\/www.eldigitaldeasturias.com\/noticias\/la-casa-del-rey-no-tiene-nada-que-decir-sobre-la-regulacion-del-papel-del-principe\/","article:tag":["actualidad"],"article:published_time":"2013-09-26T04:37:48+00:00","article:modified_time":"2013-09-26T04:37:48+00:00","article:publisher":"https:\/\/facebook.com\/eldigitaldeasturias","twitter:card":"summary_large_image","twitter:title":"La Casa del Rey no tiene nada que decir sobre la regulaci\u00f3n del papel del Pr\u00edncipe - El Digital de Asturias","twitter:description":"MADRID, 25 Sep. (EUROPA PRESS) - La Casa del Rey &quot;no tiene nada que decir&quot; sobre el debate abierto en torno a la necesidad de regular el papel del Pr\u00edncipe para llenar el vac\u00edo legal que existe en la actualidad sobre las funciones del Heredero de la Corona, ha afirmado a Europa Press un portavoz de","twitter:label1":"Escrito por","twitter:data1":"El Digital de Asturias","twitter:label2":"Tiempo de lectura estimado","twitter:data2":"1 minuto"},"aioseo_meta_data":{"post_id":"3378","title":null,"description":null,"keywords":null,"keyphrases":null,"primary_term":null,"canonical_url":null,"og_title":null,"og_description":null,"og_object_type":"default","og_image_type":"default","og_image_url":null,"og_image_width":null,"og_image_height":null,"og_image_custom_url":null,"og_image_custom_fields":null,"og_video":null,"og_custom_url":null,"og_article_section":null,"og_article_tags":null,"twitter_use_og":true,"twitter_card":"default","twitter_image_type":"default","twitter_image_url":null,"twitter_image_custom_url":null,"twitter_image_custom_fields":null,"twitter_title":null,"twitter_description":null,"schema":{"blockGraphs":[],"customGraphs":[],"default":{"data":{"Article":[],"Course":[],"Dataset":[],"FAQPage":[],"Movie":[],"Person":[],"Product":[],"ProductReview":[],"Car":[],"Recipe":[],"Service":[],"SoftwareApplication":[],"WebPage":[]},"graphName":"","isEnabled":true},"graphs":[],"defaultGraph":"","defaultPostTypeGraph":""},"schema_type":null,"schema_type_options":null,"pillar_content":false,"robots_default":true,"robots_noindex":false,"robots_noarchive":false,"robots_nosnippet":false,"robots_nofollow":false,"robots_noimageindex":false,"robots_noodp":false,"robots_notranslate":false,"robots_max_snippet":null,"robots_max_videopreview":null,"robots_max_imagepreview":"none","priority":null,"frequency":null,"local_seo":null,"seo_analyzer_scan_date":"2025-08-21 06:21:48","breadcrumb_settings":null,"limit_modified_date":false,"open_ai":null,"ai":null,"created":"2020-11-14 22:37:07","updated":"2025-08-21 06:21:48"},"aioseo_breadcrumb":"<div class=\"aioseo-breadcrumbs\"><span class=\"aioseo-breadcrumb\">\n\t<a href=\"https:\/\/www.eldigitaldeasturias.com\/noticias\" title=\"Home\">Home<\/a>\n<\/span><span class=\"aioseo-breadcrumb-separator\">\u2013<\/span><span class=\"aioseo-breadcrumb\">\n\t<a href=\"https:\/\/www.eldigitaldeasturias.com\/noticias\/category\/actualidad\/\" title=\"Actualidad\">Actualidad<\/a>\n<\/span><span class=\"aioseo-breadcrumb-separator\">\u2013<\/span><span class=\"aioseo-breadcrumb\">\n\t<a href=\"https:\/\/www.eldigitaldeasturias.com\/noticias\/la-casa-del-rey-no-tiene-nada-que-decir-sobre-la-regulacion-del-papel-del-principe\/\" title=\"La Casa del Rey no tiene nada que decir sobre la regulaci\u00f3n del papel del Pr\u00edncipe\">La Casa del Rey no tiene nada que decir sobre la regulaci\u00f3n del papel del Pr\u00edncipe<\/a>\n<\/span><\/div>","aioseo_breadcrumb_json":[{"label":"Home","link":"https:\/\/www.eldigitaldeasturias.com\/noticias"},{"label":"Actualidad","link":"https:\/\/www.eldigitaldeasturias.com\/noticias\/category\/actualidad\/"},{"label":"La Casa del Rey no tiene nada que decir sobre la regulaci\u00f3n del papel del Pr\u00edncipe","link":"https:\/\/www.eldigitaldeasturias.com\/noticias\/la-casa-del-rey-no-tiene-nada-que-decir-sobre-la-regulacion-del-papel-del-principe\/"}],"_links":{"self":[{"href":"https:\/\/www.eldigitaldeasturias.com\/noticias\/wp-json\/wp\/v2\/posts\/3378","targetHints":{"allow":["GET"]}}],"collection":[{"href":"https:\/\/www.eldigitaldeasturias.com\/noticias\/wp-json\/wp\/v2\/posts"}],"about":[{"href":"https:\/\/www.eldigitaldeasturias.com\/noticias\/wp-json\/wp\/v2\/types\/post"}],"author":[{"embeddable":true,"href":"https:\/\/www.eldigitaldeasturias.com\/noticias\/wp-json\/wp\/v2\/users\/1"}],"replies":[{"embeddable":true,"href":"https:\/\/www.eldigitaldeasturias.com\/noticias\/wp-json\/wp\/v2\/comments?post=3378"}],"version-history":[{"count":0,"href":"https:\/\/www.eldigitaldeasturias.com\/noticias\/wp-json\/wp\/v2\/posts\/3378\/revisions"}],"wp:featuredmedia":[{"embeddable":true,"href":"https:\/\/www.eldigitaldeasturias.com\/noticias\/wp-json\/"}],"wp:attachment":[{"href":"https:\/\/www.eldigitaldeasturias.com\/noticias\/wp-json\/wp\/v2\/media?parent=3378"}],"wp:term":[{"taxonomy":"category","embeddable":true,"href":"https:\/\/www.eldigitaldeasturias.com\/noticias\/wp-json\/wp\/v2\/categories?post=3378"},{"taxonomy":"post_tag","embeddable":true,"href":"https:\/\/www.eldigitaldeasturias.com\/noticias\/wp-json\/wp\/v2\/tags?post=3378"}],"curies":[{"name":"wp","href":"https:\/\/api.w.org\/{rel}","templated":true}]}}