{"id":3375,"date":"2013-09-26T04:36:22","date_gmt":"2013-09-26T04:36:22","guid":{"rendered":"http:\/\/www.eldigitaldeasturias.com\/noticias\/?p=3375"},"modified":"2013-09-26T04:36:22","modified_gmt":"2013-09-26T04:36:22","slug":"la-generalitat-garantizara-la-expresion-democratica-el-12-de-octubre-pero-con-lineas-rojas","status":"publish","type":"post","link":"https:\/\/www.eldigitaldeasturias.com\/noticias\/la-generalitat-garantizara-la-expresion-democratica-el-12-de-octubre-pero-con-lineas-rojas\/","title":{"rendered":"La Generalitat garantizar\u00e1 la expresi\u00f3n democr\u00e1tica el 12 de octubre pero con \u00abl\u00edneas rojas\u00bb"},"content":{"rendered":"<p><img loading=\"lazy\" decoding=\"async\" class=\"alignleft size-medium wp-image-3376\" alt=\"fotonoticia_20130925134914_800\" src=\"https:\/\/www.eldigitaldeasturias.com\/noticias\/wp-content\/uploads\/2013\/09\/fotonoticia_20130925134914_800-360x269.jpg\" width=\"360\" height=\"269\" \/>MOLLET DEL VALL\u00c8S (BARCELONA), 25 Sep. (EUROPA PRESS) &#8211;\u00a0El consejero de Interior de la Generalitat, Ramon Espadaler, ha asegurado este mi\u00e9rcoles que los cuerpos de seguridad garantizar\u00e1n cualquier expresi\u00f3n democr\u00e1tica en la v\u00eda p\u00fablica el 12 de octubre con motivo de la Hispanidad, pero que no se permitir\u00e1 traspasar determinadas \u00abl\u00edneas rojas\u00bb de falta de respeto, de civismo o de alteraci\u00f3n del orden p\u00fablico.<\/p>\n<p>\u00abCualquier expresi\u00f3n democr\u00e1tica tiene que ser respetada y lo ser\u00e1. Cualquier expresi\u00f3n que supere los l\u00edmites del civismo ser\u00e1 contestada como toca por las fuerzas del orden p\u00fablico\u00bb, ha afirmado Espadaler tras su intervenci\u00f3n en las Jornadas de Tr\u00e1fico y Derecho Penal que acoge el Instituto de Seguridad P\u00fablica de Catalu\u00f1a (ISPC).<\/p>\n<p>Sin embargo, Espadaler, que ha dicho que est\u00e1n a la espera de la comunicaci\u00f3n de las posibles manifestaciones, se ha mostrado confiado con que no se tenga que llegar a este extremo, ya que se dispondr\u00e1 de los operativos necesarios y los cuerpos de seguridad estar\u00e1n atentos como en cualquier otra celebraci\u00f3n.<\/p>\n","protected":false},"excerpt":{"rendered":"<p>MOLLET DEL VALL\u00c8S (BARCELONA), 25 Sep. (EUROPA PRESS) &#8211;\u00a0El consejero de Interior de la Generalitat, Ramon Espadaler, ha asegurado este mi\u00e9rcoles que los cuerpos de seguridad garantizar\u00e1n cualquier expresi\u00f3n democr\u00e1tica en la v\u00eda p\u00fablica el 12 de octubre con motivo de la Hispanidad, pero que no se permitir\u00e1 traspasar determinadas \u00abl\u00edneas rojas\u00bb de falta de [&hellip;]<\/p>\n","protected":false},"author":1,"featured_media":3376,"comment_status":"open","ping_status":"open","sticky":false,"template":"","format":"standard","meta":{"footnotes":""},"categories":[1],"tags":[],"class_list":["post-3375","post","type-post","status-publish","format-standard","has-post-thumbnail","hentry","category-actualidad"],"aioseo_notices":[],"aioseo_head":"\n\t\t<!-- All in One SEO Pro 4.9.6.2 - aioseo.com -->\n\t<meta name=\"description\" content=\"MOLLET DEL VALL\u00c8S (BARCELONA), 25 Sep. (EUROPA PRESS) - El consejero de Interior de la Generalitat, Ramon Espadaler, ha asegurado este mi\u00e9rcoles que los cuerpos de seguridad garantizar\u00e1n cualquier expresi\u00f3n democr\u00e1tica en la v\u00eda p\u00fablica el 12 de octubre con motivo de la Hispanidad, pero que no se permitir\u00e1 traspasar determinadas &quot;l\u00edneas rojas&quot; de falta de\" \/>\n\t<meta name=\"robots\" content=\"max-image-preview:large\" \/>\n\t<meta name=\"author\" content=\"El Digital de Asturias\"\/>\n\t<meta name=\"google-site-verification\" content=\"UA-38556648-1\" \/>\n\t<meta name=\"msvalidate.01\" content=\"7dfe9f3f1b24437ab69f4f2559babe99\" \/>\n\t<meta name=\"keywords\" content=\"actualidad\" \/>\n\t<link rel=\"canonical\" href=\"https:\/\/www.eldigitaldeasturias.com\/noticias\/la-generalitat-garantizara-la-expresion-democratica-el-12-de-octubre-pero-con-lineas-rojas\/\" \/>\n\t<meta name=\"generator\" content=\"All in One SEO Pro (AIOSEO) 4.9.6.2\" \/>\n\t\t<meta property=\"og:locale\" content=\"es_ES\" \/>\n\t\t<meta property=\"og:site_name\" content=\"El Digital de Asturias\" \/>\n\t\t<meta property=\"og:type\" content=\"article\" \/>\n\t\t<meta property=\"og:title\" content=\"La Generalitat garantizar\u00e1 la expresi\u00f3n democr\u00e1tica el 12 de octubre pero con \u00abl\u00edneas rojas\u00bb - El Digital de Asturias\" \/>\n\t\t<meta property=\"og:description\" content=\"MOLLET DEL VALL\u00c8S (BARCELONA), 25 Sep. (EUROPA PRESS) - El consejero de Interior de la Generalitat, Ramon Espadaler, ha asegurado este mi\u00e9rcoles que los cuerpos de seguridad garantizar\u00e1n cualquier expresi\u00f3n democr\u00e1tica en la v\u00eda p\u00fablica el 12 de octubre con motivo de la Hispanidad, pero que no se permitir\u00e1 traspasar determinadas &quot;l\u00edneas rojas&quot; de falta de\" \/>\n\t\t<meta property=\"og:url\" content=\"https:\/\/www.eldigitaldeasturias.com\/noticias\/la-generalitat-garantizara-la-expresion-democratica-el-12-de-octubre-pero-con-lineas-rojas\/\" \/>\n\t\t<meta property=\"article:tag\" content=\"actualidad\" \/>\n\t\t<meta property=\"article:published_time\" content=\"2013-09-26T04:36:22+00:00\" \/>\n\t\t<meta property=\"article:modified_time\" content=\"2013-09-26T04:36:22+00:00\" \/>\n\t\t<meta property=\"article:publisher\" content=\"https:\/\/facebook.com\/eldigitaldeasturias\" \/>\n\t\t<meta name=\"twitter:card\" content=\"summary_large_image\" \/>\n\t\t<meta name=\"twitter:title\" content=\"La Generalitat garantizar\u00e1 la expresi\u00f3n democr\u00e1tica el 12 de octubre pero con \u00abl\u00edneas rojas\u00bb - El Digital de Asturias\" \/>\n\t\t<meta name=\"twitter:description\" content=\"MOLLET DEL VALL\u00c8S (BARCELONA), 25 Sep. (EUROPA PRESS) - El consejero de Interior de la Generalitat, Ramon Espadaler, ha asegurado este mi\u00e9rcoles que los cuerpos de seguridad garantizar\u00e1n cualquier expresi\u00f3n democr\u00e1tica en la v\u00eda p\u00fablica el 12 de octubre con motivo de la Hispanidad, pero que no se permitir\u00e1 traspasar determinadas &quot;l\u00edneas rojas&quot; de falta de\" \/>\n\t\t<meta name=\"twitter:label1\" content=\"Escrito por\" \/>\n\t\t<meta name=\"twitter:data1\" content=\"El Digital de Asturias\" \/>\n\t\t<meta name=\"twitter:label2\" content=\"Tiempo de lectura estimado\" \/>\n\t\t<meta name=\"twitter:data2\" content=\"1 minuto\" \/>\n\t\t<script type=\"application\/ld+json\" class=\"aioseo-schema\">\n\t\t\t{\"@context\":\"https:\\\/\\\/schema.org\",\"@graph\":[{\"@type\":\"BlogPosting\",\"@id\":\"https:\\\/\\\/www.eldigitaldeasturias.com\\\/noticias\\\/la-generalitat-garantizara-la-expresion-democratica-el-12-de-octubre-pero-con-lineas-rojas\\\/#blogposting\",\"name\":\"La Generalitat garantizar\\u00e1 la expresi\\u00f3n democr\\u00e1tica el 12 de octubre pero con \\u00abl\\u00edneas rojas\\u00bb - El Digital de Asturias\",\"headline\":\"La Generalitat garantizar\\u00e1 la expresi\\u00f3n democr\\u00e1tica el 12 de octubre pero con \\u00abl\\u00edneas rojas\\u00bb\",\"author\":{\"@id\":\"https:\\\/\\\/www.eldigitaldeasturias.com\\\/noticias\\\/author\\\/admin\\\/#author\"},\"publisher\":{\"@id\":\"https:\\\/\\\/www.eldigitaldeasturias.com\\\/noticias\\\/#organization\"},\"image\":{\"@type\":\"ImageObject\",\"url\":3376},\"datePublished\":\"2013-09-26T04:36:22+02:00\",\"dateModified\":\"2013-09-26T04:36:22+02:00\",\"inLanguage\":\"es-ES\",\"mainEntityOfPage\":{\"@id\":\"https:\\\/\\\/www.eldigitaldeasturias.com\\\/noticias\\\/la-generalitat-garantizara-la-expresion-democratica-el-12-de-octubre-pero-con-lineas-rojas\\\/#webpage\"},\"isPartOf\":{\"@id\":\"https:\\\/\\\/www.eldigitaldeasturias.com\\\/noticias\\\/la-generalitat-garantizara-la-expresion-democratica-el-12-de-octubre-pero-con-lineas-rojas\\\/#webpage\"},\"articleSection\":\"Actualidad\"},{\"@type\":\"BreadcrumbList\",\"@id\":\"https:\\\/\\\/www.eldigitaldeasturias.com\\\/noticias\\\/la-generalitat-garantizara-la-expresion-democratica-el-12-de-octubre-pero-con-lineas-rojas\\\/#breadcrumblist\",\"itemListElement\":[{\"@type\":\"ListItem\",\"@id\":\"https:\\\/\\\/www.eldigitaldeasturias.com\\\/noticias#listItem\",\"position\":1,\"name\":\"Home\",\"item\":\"https:\\\/\\\/www.eldigitaldeasturias.com\\\/noticias\",\"nextItem\":{\"@type\":\"ListItem\",\"@id\":\"https:\\\/\\\/www.eldigitaldeasturias.com\\\/noticias\\\/category\\\/actualidad\\\/#listItem\",\"name\":\"Actualidad\"}},{\"@type\":\"ListItem\",\"@id\":\"https:\\\/\\\/www.eldigitaldeasturias.com\\\/noticias\\\/category\\\/actualidad\\\/#listItem\",\"position\":2,\"name\":\"Actualidad\",\"item\":\"https:\\\/\\\/www.eldigitaldeasturias.com\\\/noticias\\\/category\\\/actualidad\\\/\",\"nextItem\":{\"@type\":\"ListItem\",\"@id\":\"https:\\\/\\\/www.eldigitaldeasturias.com\\\/noticias\\\/la-generalitat-garantizara-la-expresion-democratica-el-12-de-octubre-pero-con-lineas-rojas\\\/#listItem\",\"name\":\"La Generalitat garantizar\\u00e1 la expresi\\u00f3n democr\\u00e1tica el 12 de octubre pero con \\u00abl\\u00edneas rojas\\u00bb\"},\"previousItem\":{\"@type\":\"ListItem\",\"@id\":\"https:\\\/\\\/www.eldigitaldeasturias.com\\\/noticias#listItem\",\"name\":\"Home\"}},{\"@type\":\"ListItem\",\"@id\":\"https:\\\/\\\/www.eldigitaldeasturias.com\\\/noticias\\\/la-generalitat-garantizara-la-expresion-democratica-el-12-de-octubre-pero-con-lineas-rojas\\\/#listItem\",\"position\":3,\"name\":\"La Generalitat garantizar\\u00e1 la expresi\\u00f3n democr\\u00e1tica el 12 de octubre pero con \\u00abl\\u00edneas rojas\\u00bb\",\"previousItem\":{\"@type\":\"ListItem\",\"@id\":\"https:\\\/\\\/www.eldigitaldeasturias.com\\\/noticias\\\/category\\\/actualidad\\\/#listItem\",\"name\":\"Actualidad\"}}]},{\"@type\":\"Organization\",\"@id\":\"https:\\\/\\\/www.eldigitaldeasturias.com\\\/noticias\\\/#organization\",\"name\":\"El Digital de Asturias\",\"description\":\"Hemeroteca\",\"url\":\"https:\\\/\\\/www.eldigitaldeasturias.com\\\/noticias\\\/\",\"email\":\"info@eldigitaldeasturias.com\",\"telephone\":\"+34652131393\",\"logo\":{\"@type\":\"ImageObject\",\"url\":\"https:\\\/\\\/www.eldigitaldeasturias.com\\\/noticias\\\/wp-content\\\/uploads\\\/2020\\\/12\\\/EDA.jpg\",\"@id\":\"https:\\\/\\\/www.eldigitaldeasturias.com\\\/noticias\\\/la-generalitat-garantizara-la-expresion-democratica-el-12-de-octubre-pero-con-lineas-rojas\\\/#organizationLogo\",\"width\":649,\"height\":297},\"image\":{\"@id\":\"https:\\\/\\\/www.eldigitaldeasturias.com\\\/noticias\\\/la-generalitat-garantizara-la-expresion-democratica-el-12-de-octubre-pero-con-lineas-rojas\\\/#organizationLogo\"},\"sameAs\":[\"https:\\\/\\\/facebook.com\\\/eldigitaldeasturias\",\"https:\\\/\\\/www.youtube.com\\\/channel\\\/UCZP-2wLEB9Rv6erhFmqVnvg\"],\"address\":{\"@id\":\"https:\\\/\\\/www.eldigitaldeasturias.com\\\/noticias\\\/#postaladdress\",\"@type\":\"PostalAddress\",\"streetAddress\":\"san antonio 4,\",\"postalCode\":\"33430\",\"addressLocality\":\"Cand\\u00e1s\",\"addressRegion\":\"Asturias\",\"addressCountry\":\"ES\"}},{\"@type\":\"Person\",\"@id\":\"https:\\\/\\\/www.eldigitaldeasturias.com\\\/noticias\\\/author\\\/admin\\\/#author\",\"url\":\"https:\\\/\\\/www.eldigitaldeasturias.com\\\/noticias\\\/author\\\/admin\\\/\",\"name\":\"El Digital de Asturias\",\"image\":{\"@type\":\"ImageObject\",\"@id\":\"https:\\\/\\\/www.eldigitaldeasturias.com\\\/noticias\\\/la-generalitat-garantizara-la-expresion-democratica-el-12-de-octubre-pero-con-lineas-rojas\\\/#authorImage\",\"url\":\"https:\\\/\\\/www.eldigitaldeasturias.com\\\/noticias\\\/wp-content\\\/litespeed\\\/avatar\\\/18677e78aa0546b92d9dbf31ec7d7668.jpg?ver=1777290358\",\"width\":96,\"height\":96,\"caption\":\"El Digital de Asturias\"}},{\"@type\":\"WebPage\",\"@id\":\"https:\\\/\\\/www.eldigitaldeasturias.com\\\/noticias\\\/la-generalitat-garantizara-la-expresion-democratica-el-12-de-octubre-pero-con-lineas-rojas\\\/#webpage\",\"url\":\"https:\\\/\\\/www.eldigitaldeasturias.com\\\/noticias\\\/la-generalitat-garantizara-la-expresion-democratica-el-12-de-octubre-pero-con-lineas-rojas\\\/\",\"name\":\"La Generalitat garantizar\\u00e1 la expresi\\u00f3n democr\\u00e1tica el 12 de octubre pero con \\u00abl\\u00edneas rojas\\u00bb - El Digital de Asturias\",\"description\":\"MOLLET DEL VALL\\u00c8S (BARCELONA), 25 Sep. (EUROPA PRESS) - El consejero de Interior de la Generalitat, Ramon Espadaler, ha asegurado este mi\\u00e9rcoles que los cuerpos de seguridad garantizar\\u00e1n cualquier expresi\\u00f3n democr\\u00e1tica en la v\\u00eda p\\u00fablica el 12 de octubre con motivo de la Hispanidad, pero que no se permitir\\u00e1 traspasar determinadas \\\"l\\u00edneas rojas\\\" de falta de\",\"inLanguage\":\"es-ES\",\"isPartOf\":{\"@id\":\"https:\\\/\\\/www.eldigitaldeasturias.com\\\/noticias\\\/#website\"},\"breadcrumb\":{\"@id\":\"https:\\\/\\\/www.eldigitaldeasturias.com\\\/noticias\\\/la-generalitat-garantizara-la-expresion-democratica-el-12-de-octubre-pero-con-lineas-rojas\\\/#breadcrumblist\"},\"author\":{\"@id\":\"https:\\\/\\\/www.eldigitaldeasturias.com\\\/noticias\\\/author\\\/admin\\\/#author\"},\"creator\":{\"@id\":\"https:\\\/\\\/www.eldigitaldeasturias.com\\\/noticias\\\/author\\\/admin\\\/#author\"},\"image\":{\"@type\":\"ImageObject\",\"url\":3376,\"@id\":\"https:\\\/\\\/www.eldigitaldeasturias.com\\\/noticias\\\/la-generalitat-garantizara-la-expresion-democratica-el-12-de-octubre-pero-con-lineas-rojas\\\/#mainImage\"},\"primaryImageOfPage\":{\"@id\":\"https:\\\/\\\/www.eldigitaldeasturias.com\\\/noticias\\\/la-generalitat-garantizara-la-expresion-democratica-el-12-de-octubre-pero-con-lineas-rojas\\\/#mainImage\"},\"datePublished\":\"2013-09-26T04:36:22+02:00\",\"dateModified\":\"2013-09-26T04:36:22+02:00\"},{\"@type\":\"WebSite\",\"@id\":\"https:\\\/\\\/www.eldigitaldeasturias.com\\\/noticias\\\/#website\",\"url\":\"https:\\\/\\\/www.eldigitaldeasturias.com\\\/noticias\\\/\",\"name\":\"El Digital de Asturias - Diario de actualidad y noticias\",\"alternateName\":\"El Digital de Asturias - Diario de actualidad y noticias\",\"description\":\"Hemeroteca\",\"inLanguage\":\"es-ES\",\"publisher\":{\"@id\":\"https:\\\/\\\/www.eldigitaldeasturias.com\\\/noticias\\\/#organization\"}}]}\n\t\t<\/script>\n\t\t<!-- All in One SEO Pro -->\r\n\t\t<title>La Generalitat garantizar\u00e1 la expresi\u00f3n democr\u00e1tica el 12 de octubre pero con \u00abl\u00edneas rojas\u00bb - El Digital de Asturias<\/title>\n\n","aioseo_head_json":{"title":"La Generalitat garantizar\u00e1 la expresi\u00f3n democr\u00e1tica el 12 de octubre pero con \u00abl\u00edneas rojas\u00bb - El Digital de Asturias","description":"MOLLET DEL VALL\u00c8S (BARCELONA), 25 Sep. (EUROPA PRESS) - El consejero de Interior de la Generalitat, Ramon Espadaler, ha asegurado este mi\u00e9rcoles que los cuerpos de seguridad garantizar\u00e1n cualquier expresi\u00f3n democr\u00e1tica en la v\u00eda p\u00fablica el 12 de octubre con motivo de la Hispanidad, pero que no se permitir\u00e1 traspasar determinadas \"l\u00edneas rojas\" de falta de","canonical_url":"https:\/\/www.eldigitaldeasturias.com\/noticias\/la-generalitat-garantizara-la-expresion-democratica-el-12-de-octubre-pero-con-lineas-rojas\/","robots":"max-image-preview:large","keywords":"actualidad","webmasterTools":{"google-site-verification":"UA-38556648-1","msvalidate.01":"7dfe9f3f1b24437ab69f4f2559babe99","miscellaneous":""},"schema":{"@context":"https:\/\/schema.org","@graph":[{"@type":"BlogPosting","@id":"https:\/\/www.eldigitaldeasturias.com\/noticias\/la-generalitat-garantizara-la-expresion-democratica-el-12-de-octubre-pero-con-lineas-rojas\/#blogposting","name":"La Generalitat garantizar\u00e1 la expresi\u00f3n democr\u00e1tica el 12 de octubre pero con \u00abl\u00edneas rojas\u00bb - El Digital de Asturias","headline":"La Generalitat garantizar\u00e1 la expresi\u00f3n democr\u00e1tica el 12 de octubre pero con \u00abl\u00edneas rojas\u00bb","author":{"@id":"https:\/\/www.eldigitaldeasturias.com\/noticias\/author\/admin\/#author"},"publisher":{"@id":"https:\/\/www.eldigitaldeasturias.com\/noticias\/#organization"},"image":{"@type":"ImageObject","url":3376},"datePublished":"2013-09-26T04:36:22+02:00","dateModified":"2013-09-26T04:36:22+02:00","inLanguage":"es-ES","mainEntityOfPage":{"@id":"https:\/\/www.eldigitaldeasturias.com\/noticias\/la-generalitat-garantizara-la-expresion-democratica-el-12-de-octubre-pero-con-lineas-rojas\/#webpage"},"isPartOf":{"@id":"https:\/\/www.eldigitaldeasturias.com\/noticias\/la-generalitat-garantizara-la-expresion-democratica-el-12-de-octubre-pero-con-lineas-rojas\/#webpage"},"articleSection":"Actualidad"},{"@type":"BreadcrumbList","@id":"https:\/\/www.eldigitaldeasturias.com\/noticias\/la-generalitat-garantizara-la-expresion-democratica-el-12-de-octubre-pero-con-lineas-rojas\/#breadcrumblist","itemListElement":[{"@type":"ListItem","@id":"https:\/\/www.eldigitaldeasturias.com\/noticias#listItem","position":1,"name":"Home","item":"https:\/\/www.eldigitaldeasturias.com\/noticias","nextItem":{"@type":"ListItem","@id":"https:\/\/www.eldigitaldeasturias.com\/noticias\/category\/actualidad\/#listItem","name":"Actualidad"}},{"@type":"ListItem","@id":"https:\/\/www.eldigitaldeasturias.com\/noticias\/category\/actualidad\/#listItem","position":2,"name":"Actualidad","item":"https:\/\/www.eldigitaldeasturias.com\/noticias\/category\/actualidad\/","nextItem":{"@type":"ListItem","@id":"https:\/\/www.eldigitaldeasturias.com\/noticias\/la-generalitat-garantizara-la-expresion-democratica-el-12-de-octubre-pero-con-lineas-rojas\/#listItem","name":"La Generalitat garantizar\u00e1 la expresi\u00f3n democr\u00e1tica el 12 de octubre pero con \u00abl\u00edneas rojas\u00bb"},"previousItem":{"@type":"ListItem","@id":"https:\/\/www.eldigitaldeasturias.com\/noticias#listItem","name":"Home"}},{"@type":"ListItem","@id":"https:\/\/www.eldigitaldeasturias.com\/noticias\/la-generalitat-garantizara-la-expresion-democratica-el-12-de-octubre-pero-con-lineas-rojas\/#listItem","position":3,"name":"La Generalitat garantizar\u00e1 la expresi\u00f3n democr\u00e1tica el 12 de octubre pero con \u00abl\u00edneas rojas\u00bb","previousItem":{"@type":"ListItem","@id":"https:\/\/www.eldigitaldeasturias.com\/noticias\/category\/actualidad\/#listItem","name":"Actualidad"}}]},{"@type":"Organization","@id":"https:\/\/www.eldigitaldeasturias.com\/noticias\/#organization","name":"El Digital de Asturias","description":"Hemeroteca","url":"https:\/\/www.eldigitaldeasturias.com\/noticias\/","email":"info@eldigitaldeasturias.com","telephone":"+34652131393","logo":{"@type":"ImageObject","url":"https:\/\/www.eldigitaldeasturias.com\/noticias\/wp-content\/uploads\/2020\/12\/EDA.jpg","@id":"https:\/\/www.eldigitaldeasturias.com\/noticias\/la-generalitat-garantizara-la-expresion-democratica-el-12-de-octubre-pero-con-lineas-rojas\/#organizationLogo","width":649,"height":297},"image":{"@id":"https:\/\/www.eldigitaldeasturias.com\/noticias\/la-generalitat-garantizara-la-expresion-democratica-el-12-de-octubre-pero-con-lineas-rojas\/#organizationLogo"},"sameAs":["https:\/\/facebook.com\/eldigitaldeasturias","https:\/\/www.youtube.com\/channel\/UCZP-2wLEB9Rv6erhFmqVnvg"],"address":{"@id":"https:\/\/www.eldigitaldeasturias.com\/noticias\/#postaladdress","@type":"PostalAddress","streetAddress":"san antonio 4,","postalCode":"33430","addressLocality":"Cand\u00e1s","addressRegion":"Asturias","addressCountry":"ES"}},{"@type":"Person","@id":"https:\/\/www.eldigitaldeasturias.com\/noticias\/author\/admin\/#author","url":"https:\/\/www.eldigitaldeasturias.com\/noticias\/author\/admin\/","name":"El Digital de Asturias","image":{"@type":"ImageObject","@id":"https:\/\/www.eldigitaldeasturias.com\/noticias\/la-generalitat-garantizara-la-expresion-democratica-el-12-de-octubre-pero-con-lineas-rojas\/#authorImage","url":"https:\/\/www.eldigitaldeasturias.com\/noticias\/wp-content\/litespeed\/avatar\/18677e78aa0546b92d9dbf31ec7d7668.jpg?ver=1777290358","width":96,"height":96,"caption":"El Digital de Asturias"}},{"@type":"WebPage","@id":"https:\/\/www.eldigitaldeasturias.com\/noticias\/la-generalitat-garantizara-la-expresion-democratica-el-12-de-octubre-pero-con-lineas-rojas\/#webpage","url":"https:\/\/www.eldigitaldeasturias.com\/noticias\/la-generalitat-garantizara-la-expresion-democratica-el-12-de-octubre-pero-con-lineas-rojas\/","name":"La Generalitat garantizar\u00e1 la expresi\u00f3n democr\u00e1tica el 12 de octubre pero con \u00abl\u00edneas rojas\u00bb - El Digital de Asturias","description":"MOLLET DEL VALL\u00c8S (BARCELONA), 25 Sep. (EUROPA PRESS) - El consejero de Interior de la Generalitat, Ramon Espadaler, ha asegurado este mi\u00e9rcoles que los cuerpos de seguridad garantizar\u00e1n cualquier expresi\u00f3n democr\u00e1tica en la v\u00eda p\u00fablica el 12 de octubre con motivo de la Hispanidad, pero que no se permitir\u00e1 traspasar determinadas \"l\u00edneas rojas\" de falta de","inLanguage":"es-ES","isPartOf":{"@id":"https:\/\/www.eldigitaldeasturias.com\/noticias\/#website"},"breadcrumb":{"@id":"https:\/\/www.eldigitaldeasturias.com\/noticias\/la-generalitat-garantizara-la-expresion-democratica-el-12-de-octubre-pero-con-lineas-rojas\/#breadcrumblist"},"author":{"@id":"https:\/\/www.eldigitaldeasturias.com\/noticias\/author\/admin\/#author"},"creator":{"@id":"https:\/\/www.eldigitaldeasturias.com\/noticias\/author\/admin\/#author"},"image":{"@type":"ImageObject","url":3376,"@id":"https:\/\/www.eldigitaldeasturias.com\/noticias\/la-generalitat-garantizara-la-expresion-democratica-el-12-de-octubre-pero-con-lineas-rojas\/#mainImage"},"primaryImageOfPage":{"@id":"https:\/\/www.eldigitaldeasturias.com\/noticias\/la-generalitat-garantizara-la-expresion-democratica-el-12-de-octubre-pero-con-lineas-rojas\/#mainImage"},"datePublished":"2013-09-26T04:36:22+02:00","dateModified":"2013-09-26T04:36:22+02:00"},{"@type":"WebSite","@id":"https:\/\/www.eldigitaldeasturias.com\/noticias\/#website","url":"https:\/\/www.eldigitaldeasturias.com\/noticias\/","name":"El Digital de Asturias - Diario de actualidad y noticias","alternateName":"El Digital de Asturias - Diario de actualidad y noticias","description":"Hemeroteca","inLanguage":"es-ES","publisher":{"@id":"https:\/\/www.eldigitaldeasturias.com\/noticias\/#organization"}}]},"og:locale":"es_ES","og:site_name":"El Digital de Asturias","og:type":"article","og:title":"La Generalitat garantizar\u00e1 la expresi\u00f3n democr\u00e1tica el 12 de octubre pero con \u00abl\u00edneas rojas\u00bb - El Digital de Asturias","og:description":"MOLLET DEL VALL\u00c8S (BARCELONA), 25 Sep. (EUROPA PRESS) - El consejero de Interior de la Generalitat, Ramon Espadaler, ha asegurado este mi\u00e9rcoles que los cuerpos de seguridad garantizar\u00e1n cualquier expresi\u00f3n democr\u00e1tica en la v\u00eda p\u00fablica el 12 de octubre con motivo de la Hispanidad, pero que no se permitir\u00e1 traspasar determinadas &quot;l\u00edneas rojas&quot; de falta de","og:url":"https:\/\/www.eldigitaldeasturias.com\/noticias\/la-generalitat-garantizara-la-expresion-democratica-el-12-de-octubre-pero-con-lineas-rojas\/","article:tag":["actualidad"],"article:published_time":"2013-09-26T04:36:22+00:00","article:modified_time":"2013-09-26T04:36:22+00:00","article:publisher":"https:\/\/facebook.com\/eldigitaldeasturias","twitter:card":"summary_large_image","twitter:title":"La Generalitat garantizar\u00e1 la expresi\u00f3n democr\u00e1tica el 12 de octubre pero con \u00abl\u00edneas rojas\u00bb - El Digital de Asturias","twitter:description":"MOLLET DEL VALL\u00c8S (BARCELONA), 25 Sep. (EUROPA PRESS) - El consejero de Interior de la Generalitat, Ramon Espadaler, ha asegurado este mi\u00e9rcoles que los cuerpos de seguridad garantizar\u00e1n cualquier expresi\u00f3n democr\u00e1tica en la v\u00eda p\u00fablica el 12 de octubre con motivo de la Hispanidad, pero que no se permitir\u00e1 traspasar determinadas &quot;l\u00edneas rojas&quot; de falta de","twitter:label1":"Escrito por","twitter:data1":"El Digital de Asturias","twitter:label2":"Tiempo de lectura estimado","twitter:data2":"1 minuto"},"aioseo_meta_data":{"post_id":"3375","title":null,"description":null,"keywords":null,"keyphrases":null,"primary_term":null,"canonical_url":null,"og_title":null,"og_description":null,"og_object_type":"default","og_image_type":"default","og_image_url":null,"og_image_width":null,"og_image_height":null,"og_image_custom_url":null,"og_image_custom_fields":null,"og_video":null,"og_custom_url":null,"og_article_section":null,"og_article_tags":null,"twitter_use_og":true,"twitter_card":"default","twitter_image_type":"default","twitter_image_url":null,"twitter_image_custom_url":null,"twitter_image_custom_fields":null,"twitter_title":null,"twitter_description":null,"schema":{"blockGraphs":[],"customGraphs":[],"default":{"data":{"Article":[],"Course":[],"Dataset":[],"FAQPage":[],"Movie":[],"Person":[],"Product":[],"ProductReview":[],"Car":[],"Recipe":[],"Service":[],"SoftwareApplication":[],"WebPage":[]},"graphName":"","isEnabled":true},"graphs":[],"defaultGraph":"","defaultPostTypeGraph":""},"schema_type":null,"schema_type_options":null,"pillar_content":false,"robots_default":true,"robots_noindex":false,"robots_noarchive":false,"robots_nosnippet":false,"robots_nofollow":false,"robots_noimageindex":false,"robots_noodp":false,"robots_notranslate":false,"robots_max_snippet":null,"robots_max_videopreview":null,"robots_max_imagepreview":"none","priority":null,"frequency":null,"local_seo":null,"seo_analyzer_scan_date":"2025-08-21 06:21:47","breadcrumb_settings":null,"limit_modified_date":false,"open_ai":null,"ai":null,"created":"2020-11-14 22:37:07","updated":"2025-08-21 06:21:47"},"aioseo_breadcrumb":"<div class=\"aioseo-breadcrumbs\"><span class=\"aioseo-breadcrumb\">\n\t<a href=\"https:\/\/www.eldigitaldeasturias.com\/noticias\" title=\"Home\">Home<\/a>\n<\/span><span class=\"aioseo-breadcrumb-separator\">\u2013<\/span><span class=\"aioseo-breadcrumb\">\n\t<a href=\"https:\/\/www.eldigitaldeasturias.com\/noticias\/category\/actualidad\/\" title=\"Actualidad\">Actualidad<\/a>\n<\/span><span class=\"aioseo-breadcrumb-separator\">\u2013<\/span><span class=\"aioseo-breadcrumb\">\n\t<a href=\"https:\/\/www.eldigitaldeasturias.com\/noticias\/la-generalitat-garantizara-la-expresion-democratica-el-12-de-octubre-pero-con-lineas-rojas\/\" title=\"La Generalitat garantizar\u00e1 la expresi\u00f3n democr\u00e1tica el 12 de octubre pero con \u00abl\u00edneas rojas\u00bb\">La Generalitat garantizar\u00e1 la expresi\u00f3n democr\u00e1tica el 12 de octubre pero con \u00abl\u00edneas rojas\u00bb<\/a>\n<\/span><\/div>","aioseo_breadcrumb_json":[{"label":"Home","link":"https:\/\/www.eldigitaldeasturias.com\/noticias"},{"label":"Actualidad","link":"https:\/\/www.eldigitaldeasturias.com\/noticias\/category\/actualidad\/"},{"label":"La Generalitat garantizar\u00e1 la expresi\u00f3n democr\u00e1tica el 12 de octubre pero con \u00abl\u00edneas rojas\u00bb","link":"https:\/\/www.eldigitaldeasturias.com\/noticias\/la-generalitat-garantizara-la-expresion-democratica-el-12-de-octubre-pero-con-lineas-rojas\/"}],"_links":{"self":[{"href":"https:\/\/www.eldigitaldeasturias.com\/noticias\/wp-json\/wp\/v2\/posts\/3375","targetHints":{"allow":["GET"]}}],"collection":[{"href":"https:\/\/www.eldigitaldeasturias.com\/noticias\/wp-json\/wp\/v2\/posts"}],"about":[{"href":"https:\/\/www.eldigitaldeasturias.com\/noticias\/wp-json\/wp\/v2\/types\/post"}],"author":[{"embeddable":true,"href":"https:\/\/www.eldigitaldeasturias.com\/noticias\/wp-json\/wp\/v2\/users\/1"}],"replies":[{"embeddable":true,"href":"https:\/\/www.eldigitaldeasturias.com\/noticias\/wp-json\/wp\/v2\/comments?post=3375"}],"version-history":[{"count":0,"href":"https:\/\/www.eldigitaldeasturias.com\/noticias\/wp-json\/wp\/v2\/posts\/3375\/revisions"}],"wp:featuredmedia":[{"embeddable":true,"href":"https:\/\/www.eldigitaldeasturias.com\/noticias\/wp-json\/"}],"wp:attachment":[{"href":"https:\/\/www.eldigitaldeasturias.com\/noticias\/wp-json\/wp\/v2\/media?parent=3375"}],"wp:term":[{"taxonomy":"category","embeddable":true,"href":"https:\/\/www.eldigitaldeasturias.com\/noticias\/wp-json\/wp\/v2\/categories?post=3375"},{"taxonomy":"post_tag","embeddable":true,"href":"https:\/\/www.eldigitaldeasturias.com\/noticias\/wp-json\/wp\/v2\/tags?post=3375"}],"curies":[{"name":"wp","href":"https:\/\/api.w.org\/{rel}","templated":true}]}}