{"id":3366,"date":"2013-09-26T04:31:40","date_gmt":"2013-09-26T04:31:40","guid":{"rendered":"http:\/\/www.eldigitaldeasturias.com\/noticias\/?p=3366"},"modified":"2013-09-26T04:31:40","modified_gmt":"2013-09-26T04:31:40","slug":"posada-abierto-a-votar-las-mociones-si-psoe-e-iu-se-ajustan-al-reglamento","status":"publish","type":"post","link":"https:\/\/www.eldigitaldeasturias.com\/noticias\/posada-abierto-a-votar-las-mociones-si-psoe-e-iu-se-ajustan-al-reglamento\/","title":{"rendered":"Posada, abierto a votar las mociones si PSOE e IU se ajustan al Reglamento"},"content":{"rendered":"<p><img loading=\"lazy\" decoding=\"async\" class=\"alignleft size-medium wp-image-3367\" alt=\"fotonoticia_20130925134102_800\" src=\"https:\/\/www.eldigitaldeasturias.com\/noticias\/wp-content\/uploads\/2013\/09\/fotonoticia_20130925134102_800-360x240.jpg\" width=\"360\" height=\"240\" \/>MADRID, 25 Sep. (EUROPA PRESS) &#8211;\u00a0El presidente del Congreso, Jes\u00fas Posada, ha abierto la puerta a votar en sesi\u00f3n plenaria unas mociones derivadas de las interpelaciones que PSOE e Izquierda Plural centraron en el &#8216;caso B\u00e1rcenas&#8217;, si bien ha puesto como condici\u00f3n que se presente una nueva redacci\u00f3n que encaje en el Reglamento.<\/p>\n<p>Las mociones de PSOE e Izquierda Plural buscaban que el Congreso rechazase lo que consideran \u00abmentiras\u00bb del presidente Mariano Rajoy en relaci\u00f3n con el &#8216;caso B\u00e1rcenas&#8217; pero su debate y votaci\u00f3n se frustr\u00f3 el lunes al inadmitirlas la Mesa del Congreso con los votos del PP.<\/p>\n<p>Los &#8216;populares&#8217; vienen argumentando que las actividades del extesorero del PP Luis B\u00e1rcenas y la supuesta contabilidad B del PP no son asuntos del Gobierno, sino del partido, y que para pedir responsabilidades al presidente s\u00f3lo hay un camino, que es la moci\u00f3n de censura.<\/p>\n<p>Sin embargo, en fuentes parlamentarias han precisado a Europa Press que todo grupo parlamentario que ha interpelado tiene derecho a presentar la moci\u00f3n correspondiente, y que ese derecho no lo han perdido ni el PSOE ni Izquierda Plural, aunque la Mesa del Congreso haya vetado los textos presentados para esta sesi\u00f3n plenaria.<\/p>\n<p>EL DERECHO A LA MOCI\u00d3N NO SE PIERDE<\/p>\n<p>Tanto el PSOE como Izquierda Plural han anunciado que recurrir\u00e1n el veto ante la Mesa del Congreso, que volver\u00e1 a examinar el caso la pr\u00f3xima semana aunque, ya ha adelantado Posada, que los argumentos se mantendr\u00e1n. Los grupos tambi\u00e9n pueden presentar paralelamente un texto alternativo para sus mociones.<\/p>\n<p>En ese sentido, y en declaraciones en los pasillos del Congreso, Posada ha abierto la puerta a que el Pleno del Congreso acabe votando mociones derivadas de las interpelaciones sobre el &#8216;caso B\u00e1rcenas&#8217;, si se presenta una redacci\u00f3n acorde al Reglamento.<\/p>\n<p>\u00abSigo creyendo que de una interpelaci\u00f3n tiene que haber una moci\u00f3n en la que se discuta lo que se quiera, dentro de los l\u00edmites del decoro, y se vote en consecuencia &#8211;ha dicho en los pasillos del Congreso&#8211;. Y creo habr\u00e1 una moci\u00f3n consecuencia de esa interpelaci\u00f3n que podremos discutir y votar\u00bb.<\/p>\n<p>Eso s\u00ed, esa hipot\u00e9tica nueva redacci\u00f3n debe cumplir las normas del Congreso: \u00abCumpliendo el Reglamento, se puede decir todo, pero hay que cumplirlo y yo lo que no puedo hacer es incumplirlo\u00bb, ha a\u00f1adido.<\/p>\n<p>Posada ha insistido en que el veto a las mociones presentadas por PSOE e Izquierda Plural se fundament\u00f3 en argumentos jur\u00eddicos, que es lo que se debati\u00f3 en la Mesa del Congreso, con posiciones a favor y en contra. \u00abLas dudas que yo ten\u00eda eran jur\u00eddicas y en el acta se ver\u00e1\u00bb, ha remarcado.<\/p>\n<p>En todo caso, ha negado las acusaciones de censura en el Congreso y asegura que el Parlamento \u00absigue siendo abierto, con m\u00e1xima libertad de expresi\u00f3n y sin cortapisas\u00bb. \u00abDesde el primer d\u00eda he tomado decisiones para garantizar la m\u00e1xima libertad en el hemiciclo &#8211;ha remarcado&#8211;, para que todos los diputados puedan decir lo que les parezca, y luego est\u00e1n las votaciones que son resultado de la decisi\u00f3n de los ciudadanos\u00bb.<\/p>\n<p>Por eso, considera una \u00abexageraci\u00f3n\u00bb que desde el PSOE se hable de Cortes franquistas, pero no se muestra ofendido porque est\u00e1 convencido de que ni los propios socialistas lo piensan. \u00abSon exageraciones, no hay base para ello y se ver\u00e1 en el futuro\u00bb, sostiene.<\/p>\n<p>VILLALOBOS NO DEBE ENTRAR EN EL DEBATE<\/p>\n<p>En cuanto a las protestas que desat\u00f3 su vicepresidenta Celia Villalobos por mezclar a Andaluc\u00eda en la bronca sobre la libertad en el Congreso, Posada entiende que desde la Presidencia de la C\u00e1mara no se debe entrar en el debate y cree que as\u00ed lo ha reconocido la propia exministra.<\/p>\n<p>\u00abIncidentes de este tipo tienen que pasar siempre &#8211;ha comentado&#8211;. Que haya incidentes de este tipo muestra que hay libertad de expresi\u00f3n, de actuaci\u00f3n, y a veces se trasgreden los l\u00edmites, pero no pasa nada\u00bb.<\/p>\n","protected":false},"excerpt":{"rendered":"<p>MADRID, 25 Sep. (EUROPA PRESS) &#8211;\u00a0El presidente del Congreso, Jes\u00fas Posada, ha abierto la puerta a votar en sesi\u00f3n plenaria unas mociones derivadas de las interpelaciones que PSOE e Izquierda Plural centraron en el &#8216;caso B\u00e1rcenas&#8217;, si bien ha puesto como condici\u00f3n que se presente una nueva redacci\u00f3n que encaje en el Reglamento. Las mociones [&hellip;]<\/p>\n","protected":false},"author":1,"featured_media":3367,"comment_status":"open","ping_status":"open","sticky":false,"template":"","format":"standard","meta":{"footnotes":""},"categories":[1],"tags":[],"class_list":["post-3366","post","type-post","status-publish","format-standard","has-post-thumbnail","hentry","category-actualidad"],"aioseo_notices":[],"aioseo_head":"\n\t\t<!-- All in One SEO Pro 4.9.6.2 - aioseo.com -->\n\t<meta name=\"description\" content=\"MADRID, 25 Sep. (EUROPA PRESS) - El presidente del Congreso, Jes\u00fas Posada, ha abierto la puerta a votar en sesi\u00f3n plenaria unas mociones derivadas de las interpelaciones que PSOE e Izquierda Plural centraron en el &#039;caso B\u00e1rcenas&#039;, si bien ha puesto como condici\u00f3n que se presente una nueva redacci\u00f3n que encaje en el Reglamento. Las mociones\" \/>\n\t<meta name=\"robots\" content=\"max-image-preview:large\" \/>\n\t<meta name=\"author\" content=\"El Digital de Asturias\"\/>\n\t<meta name=\"google-site-verification\" content=\"UA-38556648-1\" \/>\n\t<meta name=\"msvalidate.01\" content=\"7dfe9f3f1b24437ab69f4f2559babe99\" \/>\n\t<meta name=\"keywords\" content=\"actualidad\" \/>\n\t<link rel=\"canonical\" href=\"https:\/\/www.eldigitaldeasturias.com\/noticias\/posada-abierto-a-votar-las-mociones-si-psoe-e-iu-se-ajustan-al-reglamento\/\" \/>\n\t<meta name=\"generator\" content=\"All in One SEO Pro (AIOSEO) 4.9.6.2\" \/>\n\t\t<meta property=\"og:locale\" content=\"es_ES\" \/>\n\t\t<meta property=\"og:site_name\" content=\"El Digital de Asturias\" \/>\n\t\t<meta property=\"og:type\" content=\"article\" \/>\n\t\t<meta property=\"og:title\" content=\"Posada, abierto a votar las mociones si PSOE e IU se ajustan al Reglamento - El Digital de Asturias\" \/>\n\t\t<meta property=\"og:description\" content=\"MADRID, 25 Sep. (EUROPA PRESS) - El presidente del Congreso, Jes\u00fas Posada, ha abierto la puerta a votar en sesi\u00f3n plenaria unas mociones derivadas de las interpelaciones que PSOE e Izquierda Plural centraron en el &#039;caso B\u00e1rcenas&#039;, si bien ha puesto como condici\u00f3n que se presente una nueva redacci\u00f3n que encaje en el Reglamento. Las mociones\" \/>\n\t\t<meta property=\"og:url\" content=\"https:\/\/www.eldigitaldeasturias.com\/noticias\/posada-abierto-a-votar-las-mociones-si-psoe-e-iu-se-ajustan-al-reglamento\/\" \/>\n\t\t<meta property=\"article:tag\" content=\"actualidad\" \/>\n\t\t<meta property=\"article:published_time\" content=\"2013-09-26T04:31:40+00:00\" \/>\n\t\t<meta property=\"article:modified_time\" content=\"2013-09-26T04:31:40+00:00\" \/>\n\t\t<meta property=\"article:publisher\" content=\"https:\/\/facebook.com\/eldigitaldeasturias\" \/>\n\t\t<meta name=\"twitter:card\" content=\"summary_large_image\" \/>\n\t\t<meta name=\"twitter:title\" content=\"Posada, abierto a votar las mociones si PSOE e IU se ajustan al Reglamento - El Digital de Asturias\" \/>\n\t\t<meta name=\"twitter:description\" content=\"MADRID, 25 Sep. (EUROPA PRESS) - El presidente del Congreso, Jes\u00fas Posada, ha abierto la puerta a votar en sesi\u00f3n plenaria unas mociones derivadas de las interpelaciones que PSOE e Izquierda Plural centraron en el &#039;caso B\u00e1rcenas&#039;, si bien ha puesto como condici\u00f3n que se presente una nueva redacci\u00f3n que encaje en el Reglamento. Las mociones\" \/>\n\t\t<meta name=\"twitter:label1\" content=\"Escrito por\" \/>\n\t\t<meta name=\"twitter:data1\" content=\"El Digital de Asturias\" \/>\n\t\t<meta name=\"twitter:label2\" content=\"Tiempo de lectura estimado\" \/>\n\t\t<meta name=\"twitter:data2\" content=\"3 minutos\" \/>\n\t\t<script type=\"application\/ld+json\" class=\"aioseo-schema\">\n\t\t\t{\"@context\":\"https:\\\/\\\/schema.org\",\"@graph\":[{\"@type\":\"BlogPosting\",\"@id\":\"https:\\\/\\\/www.eldigitaldeasturias.com\\\/noticias\\\/posada-abierto-a-votar-las-mociones-si-psoe-e-iu-se-ajustan-al-reglamento\\\/#blogposting\",\"name\":\"Posada, abierto a votar las mociones si PSOE e IU se ajustan al Reglamento - El Digital de Asturias\",\"headline\":\"Posada, abierto a votar las mociones si PSOE e IU se ajustan al Reglamento\",\"author\":{\"@id\":\"https:\\\/\\\/www.eldigitaldeasturias.com\\\/noticias\\\/author\\\/admin\\\/#author\"},\"publisher\":{\"@id\":\"https:\\\/\\\/www.eldigitaldeasturias.com\\\/noticias\\\/#organization\"},\"image\":{\"@type\":\"ImageObject\",\"url\":3367},\"datePublished\":\"2013-09-26T04:31:40+02:00\",\"dateModified\":\"2013-09-26T04:31:40+02:00\",\"inLanguage\":\"es-ES\",\"mainEntityOfPage\":{\"@id\":\"https:\\\/\\\/www.eldigitaldeasturias.com\\\/noticias\\\/posada-abierto-a-votar-las-mociones-si-psoe-e-iu-se-ajustan-al-reglamento\\\/#webpage\"},\"isPartOf\":{\"@id\":\"https:\\\/\\\/www.eldigitaldeasturias.com\\\/noticias\\\/posada-abierto-a-votar-las-mociones-si-psoe-e-iu-se-ajustan-al-reglamento\\\/#webpage\"},\"articleSection\":\"Actualidad\"},{\"@type\":\"BreadcrumbList\",\"@id\":\"https:\\\/\\\/www.eldigitaldeasturias.com\\\/noticias\\\/posada-abierto-a-votar-las-mociones-si-psoe-e-iu-se-ajustan-al-reglamento\\\/#breadcrumblist\",\"itemListElement\":[{\"@type\":\"ListItem\",\"@id\":\"https:\\\/\\\/www.eldigitaldeasturias.com\\\/noticias#listItem\",\"position\":1,\"name\":\"Home\",\"item\":\"https:\\\/\\\/www.eldigitaldeasturias.com\\\/noticias\",\"nextItem\":{\"@type\":\"ListItem\",\"@id\":\"https:\\\/\\\/www.eldigitaldeasturias.com\\\/noticias\\\/category\\\/actualidad\\\/#listItem\",\"name\":\"Actualidad\"}},{\"@type\":\"ListItem\",\"@id\":\"https:\\\/\\\/www.eldigitaldeasturias.com\\\/noticias\\\/category\\\/actualidad\\\/#listItem\",\"position\":2,\"name\":\"Actualidad\",\"item\":\"https:\\\/\\\/www.eldigitaldeasturias.com\\\/noticias\\\/category\\\/actualidad\\\/\",\"nextItem\":{\"@type\":\"ListItem\",\"@id\":\"https:\\\/\\\/www.eldigitaldeasturias.com\\\/noticias\\\/posada-abierto-a-votar-las-mociones-si-psoe-e-iu-se-ajustan-al-reglamento\\\/#listItem\",\"name\":\"Posada, abierto a votar las mociones si PSOE e IU se ajustan al Reglamento\"},\"previousItem\":{\"@type\":\"ListItem\",\"@id\":\"https:\\\/\\\/www.eldigitaldeasturias.com\\\/noticias#listItem\",\"name\":\"Home\"}},{\"@type\":\"ListItem\",\"@id\":\"https:\\\/\\\/www.eldigitaldeasturias.com\\\/noticias\\\/posada-abierto-a-votar-las-mociones-si-psoe-e-iu-se-ajustan-al-reglamento\\\/#listItem\",\"position\":3,\"name\":\"Posada, abierto a votar las mociones si PSOE e IU se ajustan al Reglamento\",\"previousItem\":{\"@type\":\"ListItem\",\"@id\":\"https:\\\/\\\/www.eldigitaldeasturias.com\\\/noticias\\\/category\\\/actualidad\\\/#listItem\",\"name\":\"Actualidad\"}}]},{\"@type\":\"Organization\",\"@id\":\"https:\\\/\\\/www.eldigitaldeasturias.com\\\/noticias\\\/#organization\",\"name\":\"El Digital de Asturias\",\"description\":\"Hemeroteca\",\"url\":\"https:\\\/\\\/www.eldigitaldeasturias.com\\\/noticias\\\/\",\"email\":\"info@eldigitaldeasturias.com\",\"telephone\":\"+34652131393\",\"logo\":{\"@type\":\"ImageObject\",\"url\":\"https:\\\/\\\/www.eldigitaldeasturias.com\\\/noticias\\\/wp-content\\\/uploads\\\/2020\\\/12\\\/EDA.jpg\",\"@id\":\"https:\\\/\\\/www.eldigitaldeasturias.com\\\/noticias\\\/posada-abierto-a-votar-las-mociones-si-psoe-e-iu-se-ajustan-al-reglamento\\\/#organizationLogo\",\"width\":649,\"height\":297},\"image\":{\"@id\":\"https:\\\/\\\/www.eldigitaldeasturias.com\\\/noticias\\\/posada-abierto-a-votar-las-mociones-si-psoe-e-iu-se-ajustan-al-reglamento\\\/#organizationLogo\"},\"sameAs\":[\"https:\\\/\\\/facebook.com\\\/eldigitaldeasturias\",\"https:\\\/\\\/www.youtube.com\\\/channel\\\/UCZP-2wLEB9Rv6erhFmqVnvg\"],\"address\":{\"@id\":\"https:\\\/\\\/www.eldigitaldeasturias.com\\\/noticias\\\/#postaladdress\",\"@type\":\"PostalAddress\",\"streetAddress\":\"san antonio 4,\",\"postalCode\":\"33430\",\"addressLocality\":\"Cand\\u00e1s\",\"addressRegion\":\"Asturias\",\"addressCountry\":\"ES\"}},{\"@type\":\"Person\",\"@id\":\"https:\\\/\\\/www.eldigitaldeasturias.com\\\/noticias\\\/author\\\/admin\\\/#author\",\"url\":\"https:\\\/\\\/www.eldigitaldeasturias.com\\\/noticias\\\/author\\\/admin\\\/\",\"name\":\"El Digital de Asturias\",\"image\":{\"@type\":\"ImageObject\",\"@id\":\"https:\\\/\\\/www.eldigitaldeasturias.com\\\/noticias\\\/posada-abierto-a-votar-las-mociones-si-psoe-e-iu-se-ajustan-al-reglamento\\\/#authorImage\",\"url\":\"https:\\\/\\\/www.eldigitaldeasturias.com\\\/noticias\\\/wp-content\\\/litespeed\\\/avatar\\\/18677e78aa0546b92d9dbf31ec7d7668.jpg?ver=1777290358\",\"width\":96,\"height\":96,\"caption\":\"El Digital de Asturias\"}},{\"@type\":\"WebPage\",\"@id\":\"https:\\\/\\\/www.eldigitaldeasturias.com\\\/noticias\\\/posada-abierto-a-votar-las-mociones-si-psoe-e-iu-se-ajustan-al-reglamento\\\/#webpage\",\"url\":\"https:\\\/\\\/www.eldigitaldeasturias.com\\\/noticias\\\/posada-abierto-a-votar-las-mociones-si-psoe-e-iu-se-ajustan-al-reglamento\\\/\",\"name\":\"Posada, abierto a votar las mociones si PSOE e IU se ajustan al Reglamento - El Digital de Asturias\",\"description\":\"MADRID, 25 Sep. (EUROPA PRESS) - El presidente del Congreso, Jes\\u00fas Posada, ha abierto la puerta a votar en sesi\\u00f3n plenaria unas mociones derivadas de las interpelaciones que PSOE e Izquierda Plural centraron en el 'caso B\\u00e1rcenas', si bien ha puesto como condici\\u00f3n que se presente una nueva redacci\\u00f3n que encaje en el Reglamento. Las mociones\",\"inLanguage\":\"es-ES\",\"isPartOf\":{\"@id\":\"https:\\\/\\\/www.eldigitaldeasturias.com\\\/noticias\\\/#website\"},\"breadcrumb\":{\"@id\":\"https:\\\/\\\/www.eldigitaldeasturias.com\\\/noticias\\\/posada-abierto-a-votar-las-mociones-si-psoe-e-iu-se-ajustan-al-reglamento\\\/#breadcrumblist\"},\"author\":{\"@id\":\"https:\\\/\\\/www.eldigitaldeasturias.com\\\/noticias\\\/author\\\/admin\\\/#author\"},\"creator\":{\"@id\":\"https:\\\/\\\/www.eldigitaldeasturias.com\\\/noticias\\\/author\\\/admin\\\/#author\"},\"image\":{\"@type\":\"ImageObject\",\"url\":3367,\"@id\":\"https:\\\/\\\/www.eldigitaldeasturias.com\\\/noticias\\\/posada-abierto-a-votar-las-mociones-si-psoe-e-iu-se-ajustan-al-reglamento\\\/#mainImage\"},\"primaryImageOfPage\":{\"@id\":\"https:\\\/\\\/www.eldigitaldeasturias.com\\\/noticias\\\/posada-abierto-a-votar-las-mociones-si-psoe-e-iu-se-ajustan-al-reglamento\\\/#mainImage\"},\"datePublished\":\"2013-09-26T04:31:40+02:00\",\"dateModified\":\"2013-09-26T04:31:40+02:00\"},{\"@type\":\"WebSite\",\"@id\":\"https:\\\/\\\/www.eldigitaldeasturias.com\\\/noticias\\\/#website\",\"url\":\"https:\\\/\\\/www.eldigitaldeasturias.com\\\/noticias\\\/\",\"name\":\"El Digital de Asturias - Diario de actualidad y noticias\",\"alternateName\":\"El Digital de Asturias - Diario de actualidad y noticias\",\"description\":\"Hemeroteca\",\"inLanguage\":\"es-ES\",\"publisher\":{\"@id\":\"https:\\\/\\\/www.eldigitaldeasturias.com\\\/noticias\\\/#organization\"}}]}\n\t\t<\/script>\n\t\t<!-- All in One SEO Pro -->\r\n\t\t<title>Posada, abierto a votar las mociones si PSOE e IU se ajustan al Reglamento - El Digital de Asturias<\/title>\n\n","aioseo_head_json":{"title":"Posada, abierto a votar las mociones si PSOE e IU se ajustan al Reglamento - El Digital de Asturias","description":"MADRID, 25 Sep. (EUROPA PRESS) - El presidente del Congreso, Jes\u00fas Posada, ha abierto la puerta a votar en sesi\u00f3n plenaria unas mociones derivadas de las interpelaciones que PSOE e Izquierda Plural centraron en el 'caso B\u00e1rcenas', si bien ha puesto como condici\u00f3n que se presente una nueva redacci\u00f3n que encaje en el Reglamento. Las mociones","canonical_url":"https:\/\/www.eldigitaldeasturias.com\/noticias\/posada-abierto-a-votar-las-mociones-si-psoe-e-iu-se-ajustan-al-reglamento\/","robots":"max-image-preview:large","keywords":"actualidad","webmasterTools":{"google-site-verification":"UA-38556648-1","msvalidate.01":"7dfe9f3f1b24437ab69f4f2559babe99","miscellaneous":""},"schema":{"@context":"https:\/\/schema.org","@graph":[{"@type":"BlogPosting","@id":"https:\/\/www.eldigitaldeasturias.com\/noticias\/posada-abierto-a-votar-las-mociones-si-psoe-e-iu-se-ajustan-al-reglamento\/#blogposting","name":"Posada, abierto a votar las mociones si PSOE e IU se ajustan al Reglamento - El Digital de Asturias","headline":"Posada, abierto a votar las mociones si PSOE e IU se ajustan al Reglamento","author":{"@id":"https:\/\/www.eldigitaldeasturias.com\/noticias\/author\/admin\/#author"},"publisher":{"@id":"https:\/\/www.eldigitaldeasturias.com\/noticias\/#organization"},"image":{"@type":"ImageObject","url":3367},"datePublished":"2013-09-26T04:31:40+02:00","dateModified":"2013-09-26T04:31:40+02:00","inLanguage":"es-ES","mainEntityOfPage":{"@id":"https:\/\/www.eldigitaldeasturias.com\/noticias\/posada-abierto-a-votar-las-mociones-si-psoe-e-iu-se-ajustan-al-reglamento\/#webpage"},"isPartOf":{"@id":"https:\/\/www.eldigitaldeasturias.com\/noticias\/posada-abierto-a-votar-las-mociones-si-psoe-e-iu-se-ajustan-al-reglamento\/#webpage"},"articleSection":"Actualidad"},{"@type":"BreadcrumbList","@id":"https:\/\/www.eldigitaldeasturias.com\/noticias\/posada-abierto-a-votar-las-mociones-si-psoe-e-iu-se-ajustan-al-reglamento\/#breadcrumblist","itemListElement":[{"@type":"ListItem","@id":"https:\/\/www.eldigitaldeasturias.com\/noticias#listItem","position":1,"name":"Home","item":"https:\/\/www.eldigitaldeasturias.com\/noticias","nextItem":{"@type":"ListItem","@id":"https:\/\/www.eldigitaldeasturias.com\/noticias\/category\/actualidad\/#listItem","name":"Actualidad"}},{"@type":"ListItem","@id":"https:\/\/www.eldigitaldeasturias.com\/noticias\/category\/actualidad\/#listItem","position":2,"name":"Actualidad","item":"https:\/\/www.eldigitaldeasturias.com\/noticias\/category\/actualidad\/","nextItem":{"@type":"ListItem","@id":"https:\/\/www.eldigitaldeasturias.com\/noticias\/posada-abierto-a-votar-las-mociones-si-psoe-e-iu-se-ajustan-al-reglamento\/#listItem","name":"Posada, abierto a votar las mociones si PSOE e IU se ajustan al Reglamento"},"previousItem":{"@type":"ListItem","@id":"https:\/\/www.eldigitaldeasturias.com\/noticias#listItem","name":"Home"}},{"@type":"ListItem","@id":"https:\/\/www.eldigitaldeasturias.com\/noticias\/posada-abierto-a-votar-las-mociones-si-psoe-e-iu-se-ajustan-al-reglamento\/#listItem","position":3,"name":"Posada, abierto a votar las mociones si PSOE e IU se ajustan al Reglamento","previousItem":{"@type":"ListItem","@id":"https:\/\/www.eldigitaldeasturias.com\/noticias\/category\/actualidad\/#listItem","name":"Actualidad"}}]},{"@type":"Organization","@id":"https:\/\/www.eldigitaldeasturias.com\/noticias\/#organization","name":"El Digital de Asturias","description":"Hemeroteca","url":"https:\/\/www.eldigitaldeasturias.com\/noticias\/","email":"info@eldigitaldeasturias.com","telephone":"+34652131393","logo":{"@type":"ImageObject","url":"https:\/\/www.eldigitaldeasturias.com\/noticias\/wp-content\/uploads\/2020\/12\/EDA.jpg","@id":"https:\/\/www.eldigitaldeasturias.com\/noticias\/posada-abierto-a-votar-las-mociones-si-psoe-e-iu-se-ajustan-al-reglamento\/#organizationLogo","width":649,"height":297},"image":{"@id":"https:\/\/www.eldigitaldeasturias.com\/noticias\/posada-abierto-a-votar-las-mociones-si-psoe-e-iu-se-ajustan-al-reglamento\/#organizationLogo"},"sameAs":["https:\/\/facebook.com\/eldigitaldeasturias","https:\/\/www.youtube.com\/channel\/UCZP-2wLEB9Rv6erhFmqVnvg"],"address":{"@id":"https:\/\/www.eldigitaldeasturias.com\/noticias\/#postaladdress","@type":"PostalAddress","streetAddress":"san antonio 4,","postalCode":"33430","addressLocality":"Cand\u00e1s","addressRegion":"Asturias","addressCountry":"ES"}},{"@type":"Person","@id":"https:\/\/www.eldigitaldeasturias.com\/noticias\/author\/admin\/#author","url":"https:\/\/www.eldigitaldeasturias.com\/noticias\/author\/admin\/","name":"El Digital de Asturias","image":{"@type":"ImageObject","@id":"https:\/\/www.eldigitaldeasturias.com\/noticias\/posada-abierto-a-votar-las-mociones-si-psoe-e-iu-se-ajustan-al-reglamento\/#authorImage","url":"https:\/\/www.eldigitaldeasturias.com\/noticias\/wp-content\/litespeed\/avatar\/18677e78aa0546b92d9dbf31ec7d7668.jpg?ver=1777290358","width":96,"height":96,"caption":"El Digital de Asturias"}},{"@type":"WebPage","@id":"https:\/\/www.eldigitaldeasturias.com\/noticias\/posada-abierto-a-votar-las-mociones-si-psoe-e-iu-se-ajustan-al-reglamento\/#webpage","url":"https:\/\/www.eldigitaldeasturias.com\/noticias\/posada-abierto-a-votar-las-mociones-si-psoe-e-iu-se-ajustan-al-reglamento\/","name":"Posada, abierto a votar las mociones si PSOE e IU se ajustan al Reglamento - El Digital de Asturias","description":"MADRID, 25 Sep. (EUROPA PRESS) - El presidente del Congreso, Jes\u00fas Posada, ha abierto la puerta a votar en sesi\u00f3n plenaria unas mociones derivadas de las interpelaciones que PSOE e Izquierda Plural centraron en el 'caso B\u00e1rcenas', si bien ha puesto como condici\u00f3n que se presente una nueva redacci\u00f3n que encaje en el Reglamento. Las mociones","inLanguage":"es-ES","isPartOf":{"@id":"https:\/\/www.eldigitaldeasturias.com\/noticias\/#website"},"breadcrumb":{"@id":"https:\/\/www.eldigitaldeasturias.com\/noticias\/posada-abierto-a-votar-las-mociones-si-psoe-e-iu-se-ajustan-al-reglamento\/#breadcrumblist"},"author":{"@id":"https:\/\/www.eldigitaldeasturias.com\/noticias\/author\/admin\/#author"},"creator":{"@id":"https:\/\/www.eldigitaldeasturias.com\/noticias\/author\/admin\/#author"},"image":{"@type":"ImageObject","url":3367,"@id":"https:\/\/www.eldigitaldeasturias.com\/noticias\/posada-abierto-a-votar-las-mociones-si-psoe-e-iu-se-ajustan-al-reglamento\/#mainImage"},"primaryImageOfPage":{"@id":"https:\/\/www.eldigitaldeasturias.com\/noticias\/posada-abierto-a-votar-las-mociones-si-psoe-e-iu-se-ajustan-al-reglamento\/#mainImage"},"datePublished":"2013-09-26T04:31:40+02:00","dateModified":"2013-09-26T04:31:40+02:00"},{"@type":"WebSite","@id":"https:\/\/www.eldigitaldeasturias.com\/noticias\/#website","url":"https:\/\/www.eldigitaldeasturias.com\/noticias\/","name":"El Digital de Asturias - Diario de actualidad y noticias","alternateName":"El Digital de Asturias - Diario de actualidad y noticias","description":"Hemeroteca","inLanguage":"es-ES","publisher":{"@id":"https:\/\/www.eldigitaldeasturias.com\/noticias\/#organization"}}]},"og:locale":"es_ES","og:site_name":"El Digital de Asturias","og:type":"article","og:title":"Posada, abierto a votar las mociones si PSOE e IU se ajustan al Reglamento - El Digital de Asturias","og:description":"MADRID, 25 Sep. (EUROPA PRESS) - El presidente del Congreso, Jes\u00fas Posada, ha abierto la puerta a votar en sesi\u00f3n plenaria unas mociones derivadas de las interpelaciones que PSOE e Izquierda Plural centraron en el 'caso B\u00e1rcenas', si bien ha puesto como condici\u00f3n que se presente una nueva redacci\u00f3n que encaje en el Reglamento. Las mociones","og:url":"https:\/\/www.eldigitaldeasturias.com\/noticias\/posada-abierto-a-votar-las-mociones-si-psoe-e-iu-se-ajustan-al-reglamento\/","article:tag":["actualidad"],"article:published_time":"2013-09-26T04:31:40+00:00","article:modified_time":"2013-09-26T04:31:40+00:00","article:publisher":"https:\/\/facebook.com\/eldigitaldeasturias","twitter:card":"summary_large_image","twitter:title":"Posada, abierto a votar las mociones si PSOE e IU se ajustan al Reglamento - El Digital de Asturias","twitter:description":"MADRID, 25 Sep. (EUROPA PRESS) - El presidente del Congreso, Jes\u00fas Posada, ha abierto la puerta a votar en sesi\u00f3n plenaria unas mociones derivadas de las interpelaciones que PSOE e Izquierda Plural centraron en el 'caso B\u00e1rcenas', si bien ha puesto como condici\u00f3n que se presente una nueva redacci\u00f3n que encaje en el Reglamento. Las mociones","twitter:label1":"Escrito por","twitter:data1":"El Digital de Asturias","twitter:label2":"Tiempo de lectura estimado","twitter:data2":"3 minutos"},"aioseo_meta_data":{"post_id":"3366","title":null,"description":null,"keywords":null,"keyphrases":null,"primary_term":null,"canonical_url":null,"og_title":null,"og_description":null,"og_object_type":"default","og_image_type":"default","og_image_url":null,"og_image_width":null,"og_image_height":null,"og_image_custom_url":null,"og_image_custom_fields":null,"og_video":null,"og_custom_url":null,"og_article_section":null,"og_article_tags":null,"twitter_use_og":true,"twitter_card":"default","twitter_image_type":"default","twitter_image_url":null,"twitter_image_custom_url":null,"twitter_image_custom_fields":null,"twitter_title":null,"twitter_description":null,"schema":{"blockGraphs":[],"customGraphs":[],"default":{"data":{"Article":[],"Course":[],"Dataset":[],"FAQPage":[],"Movie":[],"Person":[],"Product":[],"ProductReview":[],"Car":[],"Recipe":[],"Service":[],"SoftwareApplication":[],"WebPage":[]},"graphName":"","isEnabled":true},"graphs":[],"defaultGraph":"","defaultPostTypeGraph":""},"schema_type":null,"schema_type_options":null,"pillar_content":false,"robots_default":true,"robots_noindex":false,"robots_noarchive":false,"robots_nosnippet":false,"robots_nofollow":false,"robots_noimageindex":false,"robots_noodp":false,"robots_notranslate":false,"robots_max_snippet":null,"robots_max_videopreview":null,"robots_max_imagepreview":"none","priority":null,"frequency":null,"local_seo":null,"seo_analyzer_scan_date":"2025-08-21 06:19:49","breadcrumb_settings":null,"limit_modified_date":false,"open_ai":null,"ai":null,"created":"2020-11-14 22:37:07","updated":"2025-08-21 06:19:49"},"aioseo_breadcrumb":"<div class=\"aioseo-breadcrumbs\"><span class=\"aioseo-breadcrumb\">\n\t<a href=\"https:\/\/www.eldigitaldeasturias.com\/noticias\" title=\"Home\">Home<\/a>\n<\/span><span class=\"aioseo-breadcrumb-separator\">\u2013<\/span><span class=\"aioseo-breadcrumb\">\n\t<a href=\"https:\/\/www.eldigitaldeasturias.com\/noticias\/category\/actualidad\/\" title=\"Actualidad\">Actualidad<\/a>\n<\/span><span class=\"aioseo-breadcrumb-separator\">\u2013<\/span><span class=\"aioseo-breadcrumb\">\n\t<a href=\"https:\/\/www.eldigitaldeasturias.com\/noticias\/posada-abierto-a-votar-las-mociones-si-psoe-e-iu-se-ajustan-al-reglamento\/\" title=\"Posada, abierto a votar las mociones si PSOE e IU se ajustan al Reglamento\">Posada, abierto a votar las mociones si PSOE e IU se ajustan al Reglamento<\/a>\n<\/span><\/div>","aioseo_breadcrumb_json":[{"label":"Home","link":"https:\/\/www.eldigitaldeasturias.com\/noticias"},{"label":"Actualidad","link":"https:\/\/www.eldigitaldeasturias.com\/noticias\/category\/actualidad\/"},{"label":"Posada, abierto a votar las mociones si PSOE e IU se ajustan al Reglamento","link":"https:\/\/www.eldigitaldeasturias.com\/noticias\/posada-abierto-a-votar-las-mociones-si-psoe-e-iu-se-ajustan-al-reglamento\/"}],"_links":{"self":[{"href":"https:\/\/www.eldigitaldeasturias.com\/noticias\/wp-json\/wp\/v2\/posts\/3366","targetHints":{"allow":["GET"]}}],"collection":[{"href":"https:\/\/www.eldigitaldeasturias.com\/noticias\/wp-json\/wp\/v2\/posts"}],"about":[{"href":"https:\/\/www.eldigitaldeasturias.com\/noticias\/wp-json\/wp\/v2\/types\/post"}],"author":[{"embeddable":true,"href":"https:\/\/www.eldigitaldeasturias.com\/noticias\/wp-json\/wp\/v2\/users\/1"}],"replies":[{"embeddable":true,"href":"https:\/\/www.eldigitaldeasturias.com\/noticias\/wp-json\/wp\/v2\/comments?post=3366"}],"version-history":[{"count":0,"href":"https:\/\/www.eldigitaldeasturias.com\/noticias\/wp-json\/wp\/v2\/posts\/3366\/revisions"}],"wp:featuredmedia":[{"embeddable":true,"href":"https:\/\/www.eldigitaldeasturias.com\/noticias\/wp-json\/"}],"wp:attachment":[{"href":"https:\/\/www.eldigitaldeasturias.com\/noticias\/wp-json\/wp\/v2\/media?parent=3366"}],"wp:term":[{"taxonomy":"category","embeddable":true,"href":"https:\/\/www.eldigitaldeasturias.com\/noticias\/wp-json\/wp\/v2\/categories?post=3366"},{"taxonomy":"post_tag","embeddable":true,"href":"https:\/\/www.eldigitaldeasturias.com\/noticias\/wp-json\/wp\/v2\/tags?post=3366"}],"curies":[{"name":"wp","href":"https:\/\/api.w.org\/{rel}","templated":true}]}}