{"id":3358,"date":"2013-09-26T04:27:53","date_gmt":"2013-09-26T04:27:53","guid":{"rendered":"http:\/\/www.eldigitaldeasturias.com\/noticias\/?p=3358"},"modified":"2013-09-26T04:28:21","modified_gmt":"2013-09-26T04:28:21","slug":"iu-acusa-al-pp-de-perder-los-papeles-por-blindar-a-rajoy","status":"publish","type":"post","link":"https:\/\/www.eldigitaldeasturias.com\/noticias\/iu-acusa-al-pp-de-perder-los-papeles-por-blindar-a-rajoy\/","title":{"rendered":"IU acusa al PP de \u00abperder los papeles\u00bb por \u00abblindar\u00bb a Rajoy"},"content":{"rendered":"<p><img loading=\"lazy\" decoding=\"async\" class=\"alignleft size-medium wp-image-3360\" alt=\"fotonoticia_20130925125808_800\" src=\"https:\/\/www.eldigitaldeasturias.com\/noticias\/wp-content\/uploads\/2013\/09\/fotonoticia_20130925125808_800-360x231.jpg\" width=\"360\" height=\"231\" \/>MADRID, 25 Sep. (EUROPA PRESS) &#8211;\u00a0Izquierda Unida ha acusado al PP de haber \u00abperdido los papeles\u00bb en su \u00abobsesi\u00f3n\u00bb por \u00abblindar\u00bb en el Congreso al presidente del Gobierno, Mariano Rajoy, ante el llamado &#8216;caso B\u00e1rcenas&#8217; y ha afeado a la vicepresidenta primera de la C\u00e1mara, Celia Villalobos, su \u00abdesafortunada\u00bb actuaci\u00f3n en la \u00abbochornosa\u00bb sesi\u00f3n plenaria de este martes.<\/p>\n<p>As\u00ed lo han puesto de manifiesto diversos diputados de la Izquierda Plural (IU-ICV-CHA), quienes ayer se ausentaron del Congreso al inicio del Pleno en protesta por \u00abla ley del silencio\u00bb que quiere imponer el PP y la falta de explicaciones sobre el rechazo de la Mesa del Congreso a debatir su moci\u00f3n sobre el &#8216;caso B\u00e1rcenas&#8217;.<\/p>\n<p>El coordinador federal de IU y presidente portavoz del grupo parlamentario, Cayo Lara, ha acusado al PP de querer \u00absilenciar\u00bb todo \u00abtodo lo que puede controlar\u00bb y ha apuntado que el veto al debate de su moci\u00f3n no supone un \u00abninguneo\u00bb a la Izquierda Plural, sino a la democracia.<\/p>\n<p>En t\u00e9rminos similares se ha expresado el &#8216;n\u00famero dos&#8217; del grupo, Jos\u00e9 Luis Centella, para quien la \u00abbochornosa\u00bb sesi\u00f3n plenaria de este martes evidencia que el PP \u00abha perdido los papeles\u00bb en su \u00abobsesi\u00f3n\u00bb por \u00abtapar\u00bb el &#8216;caso B\u00e1rcenas&#8217; y demuestra, adem\u00e1s, que el partido del Gobierno \u00abcada vez est\u00e1 m\u00e1s arrinconado a pesar de su mayor\u00eda parlamentaria\u00bb.<\/p>\n<p>SE SIENTEN NINGUNEADOS<\/p>\n<p>En esta l\u00ednea, el diputado de IU por Valencia, Ricardo Sixto, uno de los cuatro diputados de la Izquierda Plural expulsados de la tribuna por tratar de dar lectura a la moci\u00f3n vetada, ha denunciado que su grupo se siente \u00abmuy maltratado\u00bb y \u00abninguneado\u00bb por un PP que \u00abjustifica\u00bb en su mayor\u00eda parlamentaria el bloqueo de los debates de las iniciativas de la oposici\u00f3n.<\/p>\n<p>Los tres parlamentarios de la coalici\u00f3n de izquierdas no han desaprovechado para cargar contra la vicepresidenta primera del Congreso, Celia Villalobos, a quien han reprochado su \u00abdesafortunada\u00bb actuaci\u00f3n de este martes cuando ocupaba la Presidencia de la C\u00e1mara.<\/p>\n<p>Desde IU se ha recriminado a Villalobos que este martes no estuviera \u00aba la altura\u00bb del cargo que ocupaba al no haber mantenido \u00abel equilibrio, la equidad y la imparcialidad\u00bb que se le exige, y al presidente de la C\u00e1mara, Jes\u00fas Posada, de haberse limitado a ser el \u00abtapaverg\u00fcenzas\u00bb del Gobierno.<\/p>\n","protected":false},"excerpt":{"rendered":"<p>MADRID, 25 Sep. (EUROPA PRESS) &#8211;\u00a0Izquierda Unida ha acusado al PP de haber \u00abperdido los papeles\u00bb en su \u00abobsesi\u00f3n\u00bb por \u00abblindar\u00bb en el Congreso al presidente del Gobierno, Mariano Rajoy, ante el llamado &#8216;caso B\u00e1rcenas&#8217; y ha afeado a la vicepresidenta primera de la C\u00e1mara, Celia Villalobos, su \u00abdesafortunada\u00bb actuaci\u00f3n en la \u00abbochornosa\u00bb sesi\u00f3n plenaria [&hellip;]<\/p>\n","protected":false},"author":1,"featured_media":3360,"comment_status":"open","ping_status":"open","sticky":false,"template":"","format":"standard","meta":{"footnotes":""},"categories":[1],"tags":[],"class_list":["post-3358","post","type-post","status-publish","format-standard","has-post-thumbnail","hentry","category-actualidad"],"aioseo_notices":[],"aioseo_head":"\n\t\t<!-- All in One SEO Pro 4.9.6.2 - aioseo.com -->\n\t<meta name=\"description\" content=\"MADRID, 25 Sep. (EUROPA PRESS) - Izquierda Unida ha acusado al PP de haber &quot;perdido los papeles&quot; en su &quot;obsesi\u00f3n&quot; por &quot;blindar&quot; en el Congreso al presidente del Gobierno, Mariano Rajoy, ante el llamado &#039;caso B\u00e1rcenas&#039; y ha afeado a la vicepresidenta primera de la C\u00e1mara, Celia Villalobos, su &quot;desafortunada&quot; actuaci\u00f3n en la &quot;bochornosa&quot; sesi\u00f3n plenaria\" \/>\n\t<meta name=\"robots\" content=\"max-image-preview:large\" \/>\n\t<meta name=\"author\" content=\"El Digital de Asturias\"\/>\n\t<meta name=\"google-site-verification\" content=\"UA-38556648-1\" \/>\n\t<meta name=\"msvalidate.01\" content=\"7dfe9f3f1b24437ab69f4f2559babe99\" \/>\n\t<meta name=\"keywords\" content=\"actualidad\" \/>\n\t<link rel=\"canonical\" href=\"https:\/\/www.eldigitaldeasturias.com\/noticias\/iu-acusa-al-pp-de-perder-los-papeles-por-blindar-a-rajoy\/\" \/>\n\t<meta name=\"generator\" content=\"All in One SEO Pro (AIOSEO) 4.9.6.2\" \/>\n\t\t<meta property=\"og:locale\" content=\"es_ES\" \/>\n\t\t<meta property=\"og:site_name\" content=\"El Digital de Asturias\" \/>\n\t\t<meta property=\"og:type\" content=\"article\" \/>\n\t\t<meta property=\"og:title\" content=\"IU acusa al PP de \u00abperder los papeles\u00bb por \u00abblindar\u00bb a Rajoy - El Digital de Asturias\" \/>\n\t\t<meta property=\"og:description\" content=\"MADRID, 25 Sep. (EUROPA PRESS) - Izquierda Unida ha acusado al PP de haber &quot;perdido los papeles&quot; en su &quot;obsesi\u00f3n&quot; por &quot;blindar&quot; en el Congreso al presidente del Gobierno, Mariano Rajoy, ante el llamado &#039;caso B\u00e1rcenas&#039; y ha afeado a la vicepresidenta primera de la C\u00e1mara, Celia Villalobos, su &quot;desafortunada&quot; actuaci\u00f3n en la &quot;bochornosa&quot; sesi\u00f3n plenaria\" \/>\n\t\t<meta property=\"og:url\" content=\"https:\/\/www.eldigitaldeasturias.com\/noticias\/iu-acusa-al-pp-de-perder-los-papeles-por-blindar-a-rajoy\/\" \/>\n\t\t<meta property=\"article:tag\" content=\"actualidad\" \/>\n\t\t<meta property=\"article:published_time\" content=\"2013-09-26T04:27:53+00:00\" \/>\n\t\t<meta property=\"article:modified_time\" content=\"2013-09-26T04:28:21+00:00\" \/>\n\t\t<meta property=\"article:publisher\" content=\"https:\/\/facebook.com\/eldigitaldeasturias\" \/>\n\t\t<meta name=\"twitter:card\" content=\"summary_large_image\" \/>\n\t\t<meta name=\"twitter:title\" content=\"IU acusa al PP de \u00abperder los papeles\u00bb por \u00abblindar\u00bb a Rajoy - El Digital de Asturias\" \/>\n\t\t<meta name=\"twitter:description\" content=\"MADRID, 25 Sep. (EUROPA PRESS) - Izquierda Unida ha acusado al PP de haber &quot;perdido los papeles&quot; en su &quot;obsesi\u00f3n&quot; por &quot;blindar&quot; en el Congreso al presidente del Gobierno, Mariano Rajoy, ante el llamado &#039;caso B\u00e1rcenas&#039; y ha afeado a la vicepresidenta primera de la C\u00e1mara, Celia Villalobos, su &quot;desafortunada&quot; actuaci\u00f3n en la &quot;bochornosa&quot; sesi\u00f3n plenaria\" \/>\n\t\t<meta name=\"twitter:label1\" content=\"Escrito por\" \/>\n\t\t<meta name=\"twitter:data1\" content=\"El Digital de Asturias\" \/>\n\t\t<meta name=\"twitter:label2\" content=\"Tiempo de lectura estimado\" \/>\n\t\t<meta name=\"twitter:data2\" content=\"2 minutos\" \/>\n\t\t<script type=\"application\/ld+json\" class=\"aioseo-schema\">\n\t\t\t{\"@context\":\"https:\\\/\\\/schema.org\",\"@graph\":[{\"@type\":\"BlogPosting\",\"@id\":\"https:\\\/\\\/www.eldigitaldeasturias.com\\\/noticias\\\/iu-acusa-al-pp-de-perder-los-papeles-por-blindar-a-rajoy\\\/#blogposting\",\"name\":\"IU acusa al PP de \\u00abperder los papeles\\u00bb por \\u00abblindar\\u00bb a Rajoy - El Digital de Asturias\",\"headline\":\"IU acusa al PP de \\u00abperder los papeles\\u00bb por \\u00abblindar\\u00bb a Rajoy\",\"author\":{\"@id\":\"https:\\\/\\\/www.eldigitaldeasturias.com\\\/noticias\\\/author\\\/admin\\\/#author\"},\"publisher\":{\"@id\":\"https:\\\/\\\/www.eldigitaldeasturias.com\\\/noticias\\\/#organization\"},\"image\":{\"@type\":\"ImageObject\",\"url\":3360},\"datePublished\":\"2013-09-26T04:27:53+02:00\",\"dateModified\":\"2013-09-26T04:28:21+02:00\",\"inLanguage\":\"es-ES\",\"mainEntityOfPage\":{\"@id\":\"https:\\\/\\\/www.eldigitaldeasturias.com\\\/noticias\\\/iu-acusa-al-pp-de-perder-los-papeles-por-blindar-a-rajoy\\\/#webpage\"},\"isPartOf\":{\"@id\":\"https:\\\/\\\/www.eldigitaldeasturias.com\\\/noticias\\\/iu-acusa-al-pp-de-perder-los-papeles-por-blindar-a-rajoy\\\/#webpage\"},\"articleSection\":\"Actualidad\"},{\"@type\":\"BreadcrumbList\",\"@id\":\"https:\\\/\\\/www.eldigitaldeasturias.com\\\/noticias\\\/iu-acusa-al-pp-de-perder-los-papeles-por-blindar-a-rajoy\\\/#breadcrumblist\",\"itemListElement\":[{\"@type\":\"ListItem\",\"@id\":\"https:\\\/\\\/www.eldigitaldeasturias.com\\\/noticias#listItem\",\"position\":1,\"name\":\"Home\",\"item\":\"https:\\\/\\\/www.eldigitaldeasturias.com\\\/noticias\",\"nextItem\":{\"@type\":\"ListItem\",\"@id\":\"https:\\\/\\\/www.eldigitaldeasturias.com\\\/noticias\\\/category\\\/actualidad\\\/#listItem\",\"name\":\"Actualidad\"}},{\"@type\":\"ListItem\",\"@id\":\"https:\\\/\\\/www.eldigitaldeasturias.com\\\/noticias\\\/category\\\/actualidad\\\/#listItem\",\"position\":2,\"name\":\"Actualidad\",\"item\":\"https:\\\/\\\/www.eldigitaldeasturias.com\\\/noticias\\\/category\\\/actualidad\\\/\",\"nextItem\":{\"@type\":\"ListItem\",\"@id\":\"https:\\\/\\\/www.eldigitaldeasturias.com\\\/noticias\\\/iu-acusa-al-pp-de-perder-los-papeles-por-blindar-a-rajoy\\\/#listItem\",\"name\":\"IU acusa al PP de \\u00abperder los papeles\\u00bb por \\u00abblindar\\u00bb a Rajoy\"},\"previousItem\":{\"@type\":\"ListItem\",\"@id\":\"https:\\\/\\\/www.eldigitaldeasturias.com\\\/noticias#listItem\",\"name\":\"Home\"}},{\"@type\":\"ListItem\",\"@id\":\"https:\\\/\\\/www.eldigitaldeasturias.com\\\/noticias\\\/iu-acusa-al-pp-de-perder-los-papeles-por-blindar-a-rajoy\\\/#listItem\",\"position\":3,\"name\":\"IU acusa al PP de \\u00abperder los papeles\\u00bb por \\u00abblindar\\u00bb a Rajoy\",\"previousItem\":{\"@type\":\"ListItem\",\"@id\":\"https:\\\/\\\/www.eldigitaldeasturias.com\\\/noticias\\\/category\\\/actualidad\\\/#listItem\",\"name\":\"Actualidad\"}}]},{\"@type\":\"Organization\",\"@id\":\"https:\\\/\\\/www.eldigitaldeasturias.com\\\/noticias\\\/#organization\",\"name\":\"El Digital de Asturias\",\"description\":\"Hemeroteca\",\"url\":\"https:\\\/\\\/www.eldigitaldeasturias.com\\\/noticias\\\/\",\"email\":\"info@eldigitaldeasturias.com\",\"telephone\":\"+34652131393\",\"logo\":{\"@type\":\"ImageObject\",\"url\":\"https:\\\/\\\/www.eldigitaldeasturias.com\\\/noticias\\\/wp-content\\\/uploads\\\/2020\\\/12\\\/EDA.jpg\",\"@id\":\"https:\\\/\\\/www.eldigitaldeasturias.com\\\/noticias\\\/iu-acusa-al-pp-de-perder-los-papeles-por-blindar-a-rajoy\\\/#organizationLogo\",\"width\":649,\"height\":297},\"image\":{\"@id\":\"https:\\\/\\\/www.eldigitaldeasturias.com\\\/noticias\\\/iu-acusa-al-pp-de-perder-los-papeles-por-blindar-a-rajoy\\\/#organizationLogo\"},\"sameAs\":[\"https:\\\/\\\/facebook.com\\\/eldigitaldeasturias\",\"https:\\\/\\\/www.youtube.com\\\/channel\\\/UCZP-2wLEB9Rv6erhFmqVnvg\"],\"address\":{\"@id\":\"https:\\\/\\\/www.eldigitaldeasturias.com\\\/noticias\\\/#postaladdress\",\"@type\":\"PostalAddress\",\"streetAddress\":\"san antonio 4,\",\"postalCode\":\"33430\",\"addressLocality\":\"Cand\\u00e1s\",\"addressRegion\":\"Asturias\",\"addressCountry\":\"ES\"}},{\"@type\":\"Person\",\"@id\":\"https:\\\/\\\/www.eldigitaldeasturias.com\\\/noticias\\\/author\\\/admin\\\/#author\",\"url\":\"https:\\\/\\\/www.eldigitaldeasturias.com\\\/noticias\\\/author\\\/admin\\\/\",\"name\":\"El Digital de Asturias\",\"image\":{\"@type\":\"ImageObject\",\"@id\":\"https:\\\/\\\/www.eldigitaldeasturias.com\\\/noticias\\\/iu-acusa-al-pp-de-perder-los-papeles-por-blindar-a-rajoy\\\/#authorImage\",\"url\":\"https:\\\/\\\/www.eldigitaldeasturias.com\\\/noticias\\\/wp-content\\\/litespeed\\\/avatar\\\/18677e78aa0546b92d9dbf31ec7d7668.jpg?ver=1777290358\",\"width\":96,\"height\":96,\"caption\":\"El Digital de Asturias\"}},{\"@type\":\"WebPage\",\"@id\":\"https:\\\/\\\/www.eldigitaldeasturias.com\\\/noticias\\\/iu-acusa-al-pp-de-perder-los-papeles-por-blindar-a-rajoy\\\/#webpage\",\"url\":\"https:\\\/\\\/www.eldigitaldeasturias.com\\\/noticias\\\/iu-acusa-al-pp-de-perder-los-papeles-por-blindar-a-rajoy\\\/\",\"name\":\"IU acusa al PP de \\u00abperder los papeles\\u00bb por \\u00abblindar\\u00bb a Rajoy - El Digital de Asturias\",\"description\":\"MADRID, 25 Sep. (EUROPA PRESS) - Izquierda Unida ha acusado al PP de haber \\\"perdido los papeles\\\" en su \\\"obsesi\\u00f3n\\\" por \\\"blindar\\\" en el Congreso al presidente del Gobierno, Mariano Rajoy, ante el llamado 'caso B\\u00e1rcenas' y ha afeado a la vicepresidenta primera de la C\\u00e1mara, Celia Villalobos, su \\\"desafortunada\\\" actuaci\\u00f3n en la \\\"bochornosa\\\" sesi\\u00f3n plenaria\",\"inLanguage\":\"es-ES\",\"isPartOf\":{\"@id\":\"https:\\\/\\\/www.eldigitaldeasturias.com\\\/noticias\\\/#website\"},\"breadcrumb\":{\"@id\":\"https:\\\/\\\/www.eldigitaldeasturias.com\\\/noticias\\\/iu-acusa-al-pp-de-perder-los-papeles-por-blindar-a-rajoy\\\/#breadcrumblist\"},\"author\":{\"@id\":\"https:\\\/\\\/www.eldigitaldeasturias.com\\\/noticias\\\/author\\\/admin\\\/#author\"},\"creator\":{\"@id\":\"https:\\\/\\\/www.eldigitaldeasturias.com\\\/noticias\\\/author\\\/admin\\\/#author\"},\"image\":{\"@type\":\"ImageObject\",\"url\":3360,\"@id\":\"https:\\\/\\\/www.eldigitaldeasturias.com\\\/noticias\\\/iu-acusa-al-pp-de-perder-los-papeles-por-blindar-a-rajoy\\\/#mainImage\"},\"primaryImageOfPage\":{\"@id\":\"https:\\\/\\\/www.eldigitaldeasturias.com\\\/noticias\\\/iu-acusa-al-pp-de-perder-los-papeles-por-blindar-a-rajoy\\\/#mainImage\"},\"datePublished\":\"2013-09-26T04:27:53+02:00\",\"dateModified\":\"2013-09-26T04:28:21+02:00\"},{\"@type\":\"WebSite\",\"@id\":\"https:\\\/\\\/www.eldigitaldeasturias.com\\\/noticias\\\/#website\",\"url\":\"https:\\\/\\\/www.eldigitaldeasturias.com\\\/noticias\\\/\",\"name\":\"El Digital de Asturias - Diario de actualidad y noticias\",\"alternateName\":\"El Digital de Asturias - Diario de actualidad y noticias\",\"description\":\"Hemeroteca\",\"inLanguage\":\"es-ES\",\"publisher\":{\"@id\":\"https:\\\/\\\/www.eldigitaldeasturias.com\\\/noticias\\\/#organization\"}}]}\n\t\t<\/script>\n\t\t<!-- All in One SEO Pro -->\r\n\t\t<title>IU acusa al PP de \u00abperder los papeles\u00bb por \u00abblindar\u00bb a Rajoy - El Digital de Asturias<\/title>\n\n","aioseo_head_json":{"title":"IU acusa al PP de \u00abperder los papeles\u00bb por \u00abblindar\u00bb a Rajoy - El Digital de Asturias","description":"MADRID, 25 Sep. (EUROPA PRESS) - Izquierda Unida ha acusado al PP de haber \"perdido los papeles\" en su \"obsesi\u00f3n\" por \"blindar\" en el Congreso al presidente del Gobierno, Mariano Rajoy, ante el llamado 'caso B\u00e1rcenas' y ha afeado a la vicepresidenta primera de la C\u00e1mara, Celia Villalobos, su \"desafortunada\" actuaci\u00f3n en la \"bochornosa\" sesi\u00f3n plenaria","canonical_url":"https:\/\/www.eldigitaldeasturias.com\/noticias\/iu-acusa-al-pp-de-perder-los-papeles-por-blindar-a-rajoy\/","robots":"max-image-preview:large","keywords":"actualidad","webmasterTools":{"google-site-verification":"UA-38556648-1","msvalidate.01":"7dfe9f3f1b24437ab69f4f2559babe99","miscellaneous":""},"schema":{"@context":"https:\/\/schema.org","@graph":[{"@type":"BlogPosting","@id":"https:\/\/www.eldigitaldeasturias.com\/noticias\/iu-acusa-al-pp-de-perder-los-papeles-por-blindar-a-rajoy\/#blogposting","name":"IU acusa al PP de \u00abperder los papeles\u00bb por \u00abblindar\u00bb a Rajoy - El Digital de Asturias","headline":"IU acusa al PP de \u00abperder los papeles\u00bb por \u00abblindar\u00bb a Rajoy","author":{"@id":"https:\/\/www.eldigitaldeasturias.com\/noticias\/author\/admin\/#author"},"publisher":{"@id":"https:\/\/www.eldigitaldeasturias.com\/noticias\/#organization"},"image":{"@type":"ImageObject","url":3360},"datePublished":"2013-09-26T04:27:53+02:00","dateModified":"2013-09-26T04:28:21+02:00","inLanguage":"es-ES","mainEntityOfPage":{"@id":"https:\/\/www.eldigitaldeasturias.com\/noticias\/iu-acusa-al-pp-de-perder-los-papeles-por-blindar-a-rajoy\/#webpage"},"isPartOf":{"@id":"https:\/\/www.eldigitaldeasturias.com\/noticias\/iu-acusa-al-pp-de-perder-los-papeles-por-blindar-a-rajoy\/#webpage"},"articleSection":"Actualidad"},{"@type":"BreadcrumbList","@id":"https:\/\/www.eldigitaldeasturias.com\/noticias\/iu-acusa-al-pp-de-perder-los-papeles-por-blindar-a-rajoy\/#breadcrumblist","itemListElement":[{"@type":"ListItem","@id":"https:\/\/www.eldigitaldeasturias.com\/noticias#listItem","position":1,"name":"Home","item":"https:\/\/www.eldigitaldeasturias.com\/noticias","nextItem":{"@type":"ListItem","@id":"https:\/\/www.eldigitaldeasturias.com\/noticias\/category\/actualidad\/#listItem","name":"Actualidad"}},{"@type":"ListItem","@id":"https:\/\/www.eldigitaldeasturias.com\/noticias\/category\/actualidad\/#listItem","position":2,"name":"Actualidad","item":"https:\/\/www.eldigitaldeasturias.com\/noticias\/category\/actualidad\/","nextItem":{"@type":"ListItem","@id":"https:\/\/www.eldigitaldeasturias.com\/noticias\/iu-acusa-al-pp-de-perder-los-papeles-por-blindar-a-rajoy\/#listItem","name":"IU acusa al PP de \u00abperder los papeles\u00bb por \u00abblindar\u00bb a Rajoy"},"previousItem":{"@type":"ListItem","@id":"https:\/\/www.eldigitaldeasturias.com\/noticias#listItem","name":"Home"}},{"@type":"ListItem","@id":"https:\/\/www.eldigitaldeasturias.com\/noticias\/iu-acusa-al-pp-de-perder-los-papeles-por-blindar-a-rajoy\/#listItem","position":3,"name":"IU acusa al PP de \u00abperder los papeles\u00bb por \u00abblindar\u00bb a Rajoy","previousItem":{"@type":"ListItem","@id":"https:\/\/www.eldigitaldeasturias.com\/noticias\/category\/actualidad\/#listItem","name":"Actualidad"}}]},{"@type":"Organization","@id":"https:\/\/www.eldigitaldeasturias.com\/noticias\/#organization","name":"El Digital de Asturias","description":"Hemeroteca","url":"https:\/\/www.eldigitaldeasturias.com\/noticias\/","email":"info@eldigitaldeasturias.com","telephone":"+34652131393","logo":{"@type":"ImageObject","url":"https:\/\/www.eldigitaldeasturias.com\/noticias\/wp-content\/uploads\/2020\/12\/EDA.jpg","@id":"https:\/\/www.eldigitaldeasturias.com\/noticias\/iu-acusa-al-pp-de-perder-los-papeles-por-blindar-a-rajoy\/#organizationLogo","width":649,"height":297},"image":{"@id":"https:\/\/www.eldigitaldeasturias.com\/noticias\/iu-acusa-al-pp-de-perder-los-papeles-por-blindar-a-rajoy\/#organizationLogo"},"sameAs":["https:\/\/facebook.com\/eldigitaldeasturias","https:\/\/www.youtube.com\/channel\/UCZP-2wLEB9Rv6erhFmqVnvg"],"address":{"@id":"https:\/\/www.eldigitaldeasturias.com\/noticias\/#postaladdress","@type":"PostalAddress","streetAddress":"san antonio 4,","postalCode":"33430","addressLocality":"Cand\u00e1s","addressRegion":"Asturias","addressCountry":"ES"}},{"@type":"Person","@id":"https:\/\/www.eldigitaldeasturias.com\/noticias\/author\/admin\/#author","url":"https:\/\/www.eldigitaldeasturias.com\/noticias\/author\/admin\/","name":"El Digital de Asturias","image":{"@type":"ImageObject","@id":"https:\/\/www.eldigitaldeasturias.com\/noticias\/iu-acusa-al-pp-de-perder-los-papeles-por-blindar-a-rajoy\/#authorImage","url":"https:\/\/www.eldigitaldeasturias.com\/noticias\/wp-content\/litespeed\/avatar\/18677e78aa0546b92d9dbf31ec7d7668.jpg?ver=1777290358","width":96,"height":96,"caption":"El Digital de Asturias"}},{"@type":"WebPage","@id":"https:\/\/www.eldigitaldeasturias.com\/noticias\/iu-acusa-al-pp-de-perder-los-papeles-por-blindar-a-rajoy\/#webpage","url":"https:\/\/www.eldigitaldeasturias.com\/noticias\/iu-acusa-al-pp-de-perder-los-papeles-por-blindar-a-rajoy\/","name":"IU acusa al PP de \u00abperder los papeles\u00bb por \u00abblindar\u00bb a Rajoy - El Digital de Asturias","description":"MADRID, 25 Sep. (EUROPA PRESS) - Izquierda Unida ha acusado al PP de haber \"perdido los papeles\" en su \"obsesi\u00f3n\" por \"blindar\" en el Congreso al presidente del Gobierno, Mariano Rajoy, ante el llamado 'caso B\u00e1rcenas' y ha afeado a la vicepresidenta primera de la C\u00e1mara, Celia Villalobos, su \"desafortunada\" actuaci\u00f3n en la \"bochornosa\" sesi\u00f3n plenaria","inLanguage":"es-ES","isPartOf":{"@id":"https:\/\/www.eldigitaldeasturias.com\/noticias\/#website"},"breadcrumb":{"@id":"https:\/\/www.eldigitaldeasturias.com\/noticias\/iu-acusa-al-pp-de-perder-los-papeles-por-blindar-a-rajoy\/#breadcrumblist"},"author":{"@id":"https:\/\/www.eldigitaldeasturias.com\/noticias\/author\/admin\/#author"},"creator":{"@id":"https:\/\/www.eldigitaldeasturias.com\/noticias\/author\/admin\/#author"},"image":{"@type":"ImageObject","url":3360,"@id":"https:\/\/www.eldigitaldeasturias.com\/noticias\/iu-acusa-al-pp-de-perder-los-papeles-por-blindar-a-rajoy\/#mainImage"},"primaryImageOfPage":{"@id":"https:\/\/www.eldigitaldeasturias.com\/noticias\/iu-acusa-al-pp-de-perder-los-papeles-por-blindar-a-rajoy\/#mainImage"},"datePublished":"2013-09-26T04:27:53+02:00","dateModified":"2013-09-26T04:28:21+02:00"},{"@type":"WebSite","@id":"https:\/\/www.eldigitaldeasturias.com\/noticias\/#website","url":"https:\/\/www.eldigitaldeasturias.com\/noticias\/","name":"El Digital de Asturias - Diario de actualidad y noticias","alternateName":"El Digital de Asturias - Diario de actualidad y noticias","description":"Hemeroteca","inLanguage":"es-ES","publisher":{"@id":"https:\/\/www.eldigitaldeasturias.com\/noticias\/#organization"}}]},"og:locale":"es_ES","og:site_name":"El Digital de Asturias","og:type":"article","og:title":"IU acusa al PP de \u00abperder los papeles\u00bb por \u00abblindar\u00bb a Rajoy - El Digital de Asturias","og:description":"MADRID, 25 Sep. (EUROPA PRESS) - Izquierda Unida ha acusado al PP de haber &quot;perdido los papeles&quot; en su &quot;obsesi\u00f3n&quot; por &quot;blindar&quot; en el Congreso al presidente del Gobierno, Mariano Rajoy, ante el llamado 'caso B\u00e1rcenas' y ha afeado a la vicepresidenta primera de la C\u00e1mara, Celia Villalobos, su &quot;desafortunada&quot; actuaci\u00f3n en la &quot;bochornosa&quot; sesi\u00f3n plenaria","og:url":"https:\/\/www.eldigitaldeasturias.com\/noticias\/iu-acusa-al-pp-de-perder-los-papeles-por-blindar-a-rajoy\/","article:tag":["actualidad"],"article:published_time":"2013-09-26T04:27:53+00:00","article:modified_time":"2013-09-26T04:28:21+00:00","article:publisher":"https:\/\/facebook.com\/eldigitaldeasturias","twitter:card":"summary_large_image","twitter:title":"IU acusa al PP de \u00abperder los papeles\u00bb por \u00abblindar\u00bb a Rajoy - El Digital de Asturias","twitter:description":"MADRID, 25 Sep. (EUROPA PRESS) - Izquierda Unida ha acusado al PP de haber &quot;perdido los papeles&quot; en su &quot;obsesi\u00f3n&quot; por &quot;blindar&quot; en el Congreso al presidente del Gobierno, Mariano Rajoy, ante el llamado 'caso B\u00e1rcenas' y ha afeado a la vicepresidenta primera de la C\u00e1mara, Celia Villalobos, su &quot;desafortunada&quot; actuaci\u00f3n en la &quot;bochornosa&quot; sesi\u00f3n plenaria","twitter:label1":"Escrito por","twitter:data1":"El Digital de Asturias","twitter:label2":"Tiempo de lectura estimado","twitter:data2":"2 minutos"},"aioseo_meta_data":{"post_id":"3358","title":null,"description":null,"keywords":null,"keyphrases":null,"primary_term":null,"canonical_url":null,"og_title":null,"og_description":null,"og_object_type":"default","og_image_type":"default","og_image_url":null,"og_image_width":null,"og_image_height":null,"og_image_custom_url":null,"og_image_custom_fields":null,"og_video":null,"og_custom_url":null,"og_article_section":null,"og_article_tags":null,"twitter_use_og":true,"twitter_card":"default","twitter_image_type":"default","twitter_image_url":null,"twitter_image_custom_url":null,"twitter_image_custom_fields":null,"twitter_title":null,"twitter_description":null,"schema":{"blockGraphs":[],"customGraphs":[],"default":{"data":{"Article":[],"Course":[],"Dataset":[],"FAQPage":[],"Movie":[],"Person":[],"Product":[],"ProductReview":[],"Car":[],"Recipe":[],"Service":[],"SoftwareApplication":[],"WebPage":[]},"graphName":"","isEnabled":true},"graphs":[],"defaultGraph":"","defaultPostTypeGraph":""},"schema_type":null,"schema_type_options":null,"pillar_content":false,"robots_default":true,"robots_noindex":false,"robots_noarchive":false,"robots_nosnippet":false,"robots_nofollow":false,"robots_noimageindex":false,"robots_noodp":false,"robots_notranslate":false,"robots_max_snippet":null,"robots_max_videopreview":null,"robots_max_imagepreview":"none","priority":null,"frequency":null,"local_seo":null,"seo_analyzer_scan_date":"2025-08-21 06:19:47","breadcrumb_settings":null,"limit_modified_date":false,"open_ai":null,"ai":null,"created":"2020-11-14 22:37:07","updated":"2025-08-21 06:19:47"},"aioseo_breadcrumb":"<div class=\"aioseo-breadcrumbs\"><span class=\"aioseo-breadcrumb\">\n\t<a href=\"https:\/\/www.eldigitaldeasturias.com\/noticias\" title=\"Home\">Home<\/a>\n<\/span><span class=\"aioseo-breadcrumb-separator\">\u2013<\/span><span class=\"aioseo-breadcrumb\">\n\t<a href=\"https:\/\/www.eldigitaldeasturias.com\/noticias\/category\/actualidad\/\" title=\"Actualidad\">Actualidad<\/a>\n<\/span><span class=\"aioseo-breadcrumb-separator\">\u2013<\/span><span class=\"aioseo-breadcrumb\">\n\t<a href=\"https:\/\/www.eldigitaldeasturias.com\/noticias\/iu-acusa-al-pp-de-perder-los-papeles-por-blindar-a-rajoy\/\" title=\"IU acusa al PP de \u00abperder los papeles\u00bb por \u00abblindar\u00bb a Rajoy\">IU acusa al PP de \u00abperder los papeles\u00bb por \u00abblindar\u00bb a Rajoy<\/a>\n<\/span><\/div>","aioseo_breadcrumb_json":[{"label":"Home","link":"https:\/\/www.eldigitaldeasturias.com\/noticias"},{"label":"Actualidad","link":"https:\/\/www.eldigitaldeasturias.com\/noticias\/category\/actualidad\/"},{"label":"IU acusa al PP de \u00abperder los papeles\u00bb por \u00abblindar\u00bb a Rajoy","link":"https:\/\/www.eldigitaldeasturias.com\/noticias\/iu-acusa-al-pp-de-perder-los-papeles-por-blindar-a-rajoy\/"}],"_links":{"self":[{"href":"https:\/\/www.eldigitaldeasturias.com\/noticias\/wp-json\/wp\/v2\/posts\/3358","targetHints":{"allow":["GET"]}}],"collection":[{"href":"https:\/\/www.eldigitaldeasturias.com\/noticias\/wp-json\/wp\/v2\/posts"}],"about":[{"href":"https:\/\/www.eldigitaldeasturias.com\/noticias\/wp-json\/wp\/v2\/types\/post"}],"author":[{"embeddable":true,"href":"https:\/\/www.eldigitaldeasturias.com\/noticias\/wp-json\/wp\/v2\/users\/1"}],"replies":[{"embeddable":true,"href":"https:\/\/www.eldigitaldeasturias.com\/noticias\/wp-json\/wp\/v2\/comments?post=3358"}],"version-history":[{"count":0,"href":"https:\/\/www.eldigitaldeasturias.com\/noticias\/wp-json\/wp\/v2\/posts\/3358\/revisions"}],"wp:featuredmedia":[{"embeddable":true,"href":"https:\/\/www.eldigitaldeasturias.com\/noticias\/wp-json\/"}],"wp:attachment":[{"href":"https:\/\/www.eldigitaldeasturias.com\/noticias\/wp-json\/wp\/v2\/media?parent=3358"}],"wp:term":[{"taxonomy":"category","embeddable":true,"href":"https:\/\/www.eldigitaldeasturias.com\/noticias\/wp-json\/wp\/v2\/categories?post=3358"},{"taxonomy":"post_tag","embeddable":true,"href":"https:\/\/www.eldigitaldeasturias.com\/noticias\/wp-json\/wp\/v2\/tags?post=3358"}],"curies":[{"name":"wp","href":"https:\/\/api.w.org\/{rel}","templated":true}]}}