{"id":3355,"date":"2013-09-26T04:24:56","date_gmt":"2013-09-26T04:24:56","guid":{"rendered":"http:\/\/www.eldigitaldeasturias.com\/noticias\/?p=3355"},"modified":"2013-09-26T04:24:56","modified_gmt":"2013-09-26T04:24:56","slug":"lopez-dice-que-la-independencia-es-el-peor-de-los-negocios","status":"publish","type":"post","link":"https:\/\/www.eldigitaldeasturias.com\/noticias\/lopez-dice-que-la-independencia-es-el-peor-de-los-negocios\/","title":{"rendered":"L\u00f3pez dice que la independencia es \u00abel peor de los negocios\u00bb"},"content":{"rendered":"<p><img loading=\"lazy\" decoding=\"async\" class=\"alignleft size-medium wp-image-3356\" alt=\"fotonoticia_20130925125435_800\" src=\"https:\/\/www.eldigitaldeasturias.com\/noticias\/wp-content\/uploads\/2013\/09\/fotonoticia_20130925125435_8001-360x240.jpg\" width=\"360\" height=\"240\" \/>BILBAO, 25 Sep. (EUROPA PRESS) &#8211;\u00a0El secretario general del PSE-EE, Patxi L\u00f3pez, dice que la independencia es \u00abel peor de los negocios\u00bb frente a quienes la plantean como \u00abla salvaci\u00f3n a la crisis\u00bb, y ha destacado que en Euskadi no se podr\u00eda pagar ni a jubilados ni a parados. Adem\u00e1s, ha abogado aboga por hacer ver a los catalanes que \u00abse les quiere\u00bb.<\/p>\n<p>En una entrevista concedida a RNE, recogida por Europa Press, L\u00f3pez ha manifestado que \u00abhay que entender que tanto Catalu\u00f1a, como Euskadi y otras comunidades, encierran sociedades tremendamente plurales en las ideas y diversas en los sentimientos de pertenencia\u00bb.<\/p>\n<p>\u00abAhora en Catalu\u00f1a estamos escuchando solo una de esas expresiones, que es la independentistas, pero, cuando las sociedades son plurales, hay que ofrecer f\u00f3rmulas que permitan la convivencia de los distintos, no f\u00f3rmulas para la fractura social, no f\u00f3rmulas para la divisi\u00f3n o para el enfrentamiento\u00bb, ha a\u00f1adido.<\/p>\n<p>A su juicio, la reforma de la Constituci\u00f3n como avance hacia un modelo federal que propone el PSOE \u00abpermite ese encaje y respeto a la singularidad de estas comunidades, buscar f\u00f3rmulas de mejor acomodo, buscar mejor financiaci\u00f3n, son posibilidades de bilateralidad y de corresponsabilidad en lo com\u00fan\u00bb.<\/p>\n<p>\u00abCreo que es una f\u00f3rmula, no para los nacionalistas catalanes, sino para la sociedad catalana, no para fracturar, sino intentar sumar, buscar deshacer agravios que han existido y existen, y buscar f\u00f3rmulas en las que, quiz\u00e1, no estamos satisfechos todos al cien por cien, pero, desde luego, no se expulsa a nadie de ese marco pol\u00edtico y de convivencia\u00bb, ha a\u00f1adido.<\/p>\n<p>El l\u00edder de los socialistas vascos ha afirmado que la Constituci\u00f3n Espa\u00f1ola \u00abno permite la independencia, pero, m\u00e1s all\u00e1 de que los permita o no los textos legales, \u00e9sta es el peor de los negocios del mundo porque no s\u00f3lo fractura territorios, fractura sociedades, enfrenta ciudadanos, los divide y los clasifica\u00bb.<\/p>\n<p>\u00abAlgunos la est\u00e1n planteando, desde el punto de vista econ\u00f3mico, como la salvaci\u00f3n en medio de la crisis, cuando es justo lo contrario. Se sale de UE, y alguno se ha sorprendido mucho cuando alg\u00fan dirigente de la Uni\u00f3n ha dicho esto, pero es evidente\u00bb, ha dicho.<\/p>\n<p>En esta l\u00ednea, ha indicado que en Euskadi no se podr\u00eda pagar las pensiones de sus jubilados porque el d\u00e9ficit ser\u00eda de unos 900 millones al a\u00f1o, \u00aby seguramente, tampoco se podr\u00eda pagar a los desempleados su cobertura de desempleo\u00bb.<\/p>\n<p>\u00abNo s\u00e9 de d\u00f3nde \u00edbamos a obtener los recursos, cuando uno vende en Espa\u00f1a y el IVA se paga all\u00ed y no los recaudamos. Eso de vender la independencia como la panacea que va a resolver todos los problemas es francamente todo lo contrario\u00bb, ha indicado.<\/p>\n<p>Tras asegurar que, de todo ello, lo que m\u00e1s le preocupa a \u00e9l es la fractura social, ha precisado que, por ello, estar\u00e1 siempre \u00abenfrente de quienes propongan la independencia de cualquier territorio de este pa\u00eds\u00bb.<\/p>\n<p>\u00ab\u00c9ste es el discurso del PSE-EE de toda la vida porque aqu\u00ed hemos vivido y nos hemos enfrentado al Plan Ibarretxe, a un supuesto e hipot\u00e9tico y supuesto derecho a decidir a decidir, que era una especie de caballo de Troya que escond\u00eda su reivindicaci\u00f3n independentista, a una consulta unilateral y no pactada\u00bb, ha a\u00f1adido.<\/p>\n<p>En este sentido, ha destacado que entiende \u00ablas dificultades que tiene el PSC en un escenario francamente complicado, en el que uno se ha subido a una ola soberanista, quiz\u00e1, entre otras cosas, para tapar su propia gesti\u00f3n de Gobierno\u00bb.<\/p>\n<p>Patxi L\u00f3pez ha apuntado que este mi\u00e9rcoles se celebra el pleno de pol\u00edtica general en Catalu\u00f1a y s\u00f3lo se habla de eso, como si esta comunidad \u00abno tuviera problemas de crisis ni de desempleo ni de un gobierno que est\u00e1 recortando m\u00e1s que ning\u00fan otro del conjunto de Espa\u00f1a\u00bb.<\/p>\n<p>Tras se\u00f1alar que el presidente de la Genera Artur Mas \u00abse ha subido a esa ola\u00bb, ha recordado que el m\u00e1ximo representante del Gobierno central, Mariano Rajoy, en lugar de actuar \u00abcon la pol\u00edtica, ha esperado a ver si ese problema se solucionaba por s\u00ed solo y el problema se ha ido pudriendo\u00bb.<\/p>\n<p>A su juicio, Rajoy se deber\u00eda haber sentado en una mesa \u00abpara intentar resolver los problemas e intentar deshacer los agravios\u00bb. \u00abEste asunto s\u00ed que requiere de verdad de la pol\u00edtica con may\u00fascula, la b\u00fasqueda de espacios comunes y de entendimiento para resolverse\u00bb, ha manifestado.<\/p>\n<p>Adem\u00e1s, ha indicado que tambi\u00e9n se soluciona esto, tal como ha dicho la presidenta del PP de Madrid, Esperanza Aguirre, \u00abhaciendo ver a Catalu\u00f1a y a los catalanes que les queremos, que les estimamos, que queremos seguir conviviendo y viviendo junto y deshaciendo muchos de los agravios, a veces interesados, que se han ido poniendo en el camino\u00bb.<\/p>\n","protected":false},"excerpt":{"rendered":"<p>BILBAO, 25 Sep. (EUROPA PRESS) &#8211;\u00a0El secretario general del PSE-EE, Patxi L\u00f3pez, dice que la independencia es \u00abel peor de los negocios\u00bb frente a quienes la plantean como \u00abla salvaci\u00f3n a la crisis\u00bb, y ha destacado que en Euskadi no se podr\u00eda pagar ni a jubilados ni a parados. Adem\u00e1s, ha abogado aboga por hacer [&hellip;]<\/p>\n","protected":false},"author":1,"featured_media":3356,"comment_status":"open","ping_status":"open","sticky":false,"template":"","format":"standard","meta":{"footnotes":""},"categories":[1],"tags":[],"class_list":["post-3355","post","type-post","status-publish","format-standard","has-post-thumbnail","hentry","category-actualidad"],"aioseo_notices":[],"aioseo_head":"\n\t\t<!-- All in One SEO Pro 4.9.6.2 - aioseo.com -->\n\t<meta name=\"description\" content=\"BILBAO, 25 Sep. (EUROPA PRESS) - El secretario general del PSE-EE, Patxi L\u00f3pez, dice que la independencia es &quot;el peor de los negocios&quot; frente a quienes la plantean como &quot;la salvaci\u00f3n a la crisis&quot;, y ha destacado que en Euskadi no se podr\u00eda pagar ni a jubilados ni a parados. Adem\u00e1s, ha abogado aboga por hacer\" \/>\n\t<meta name=\"robots\" content=\"max-image-preview:large\" \/>\n\t<meta name=\"author\" content=\"El Digital de Asturias\"\/>\n\t<meta name=\"google-site-verification\" content=\"UA-38556648-1\" \/>\n\t<meta name=\"msvalidate.01\" content=\"7dfe9f3f1b24437ab69f4f2559babe99\" \/>\n\t<meta name=\"keywords\" content=\"actualidad\" \/>\n\t<link rel=\"canonical\" href=\"https:\/\/www.eldigitaldeasturias.com\/noticias\/lopez-dice-que-la-independencia-es-el-peor-de-los-negocios\/\" \/>\n\t<meta name=\"generator\" content=\"All in One SEO Pro (AIOSEO) 4.9.6.2\" \/>\n\t\t<meta property=\"og:locale\" content=\"es_ES\" \/>\n\t\t<meta property=\"og:site_name\" content=\"El Digital de Asturias\" \/>\n\t\t<meta property=\"og:type\" content=\"article\" \/>\n\t\t<meta property=\"og:title\" content=\"L\u00f3pez dice que la independencia es \u00abel peor de los negocios\u00bb - El Digital de Asturias\" \/>\n\t\t<meta property=\"og:description\" content=\"BILBAO, 25 Sep. (EUROPA PRESS) - El secretario general del PSE-EE, Patxi L\u00f3pez, dice que la independencia es &quot;el peor de los negocios&quot; frente a quienes la plantean como &quot;la salvaci\u00f3n a la crisis&quot;, y ha destacado que en Euskadi no se podr\u00eda pagar ni a jubilados ni a parados. Adem\u00e1s, ha abogado aboga por hacer\" \/>\n\t\t<meta property=\"og:url\" content=\"https:\/\/www.eldigitaldeasturias.com\/noticias\/lopez-dice-que-la-independencia-es-el-peor-de-los-negocios\/\" \/>\n\t\t<meta property=\"article:tag\" content=\"actualidad\" \/>\n\t\t<meta property=\"article:published_time\" content=\"2013-09-26T04:24:56+00:00\" \/>\n\t\t<meta property=\"article:modified_time\" content=\"2013-09-26T04:24:56+00:00\" \/>\n\t\t<meta property=\"article:publisher\" content=\"https:\/\/facebook.com\/eldigitaldeasturias\" \/>\n\t\t<meta name=\"twitter:card\" content=\"summary_large_image\" \/>\n\t\t<meta name=\"twitter:title\" content=\"L\u00f3pez dice que la independencia es \u00abel peor de los negocios\u00bb - El Digital de Asturias\" \/>\n\t\t<meta name=\"twitter:description\" content=\"BILBAO, 25 Sep. (EUROPA PRESS) - El secretario general del PSE-EE, Patxi L\u00f3pez, dice que la independencia es &quot;el peor de los negocios&quot; frente a quienes la plantean como &quot;la salvaci\u00f3n a la crisis&quot;, y ha destacado que en Euskadi no se podr\u00eda pagar ni a jubilados ni a parados. Adem\u00e1s, ha abogado aboga por hacer\" \/>\n\t\t<meta name=\"twitter:label1\" content=\"Escrito por\" \/>\n\t\t<meta name=\"twitter:data1\" content=\"El Digital de Asturias\" \/>\n\t\t<meta name=\"twitter:label2\" content=\"Tiempo de lectura estimado\" \/>\n\t\t<meta name=\"twitter:data2\" content=\"4 minutos\" \/>\n\t\t<script type=\"application\/ld+json\" class=\"aioseo-schema\">\n\t\t\t{\"@context\":\"https:\\\/\\\/schema.org\",\"@graph\":[{\"@type\":\"BlogPosting\",\"@id\":\"https:\\\/\\\/www.eldigitaldeasturias.com\\\/noticias\\\/lopez-dice-que-la-independencia-es-el-peor-de-los-negocios\\\/#blogposting\",\"name\":\"L\\u00f3pez dice que la independencia es \\u00abel peor de los negocios\\u00bb - El Digital de Asturias\",\"headline\":\"L\\u00f3pez dice que la independencia es \\u00abel peor de los negocios\\u00bb\",\"author\":{\"@id\":\"https:\\\/\\\/www.eldigitaldeasturias.com\\\/noticias\\\/author\\\/admin\\\/#author\"},\"publisher\":{\"@id\":\"https:\\\/\\\/www.eldigitaldeasturias.com\\\/noticias\\\/#organization\"},\"image\":{\"@type\":\"ImageObject\",\"url\":3356},\"datePublished\":\"2013-09-26T04:24:56+02:00\",\"dateModified\":\"2013-09-26T04:24:56+02:00\",\"inLanguage\":\"es-ES\",\"mainEntityOfPage\":{\"@id\":\"https:\\\/\\\/www.eldigitaldeasturias.com\\\/noticias\\\/lopez-dice-que-la-independencia-es-el-peor-de-los-negocios\\\/#webpage\"},\"isPartOf\":{\"@id\":\"https:\\\/\\\/www.eldigitaldeasturias.com\\\/noticias\\\/lopez-dice-que-la-independencia-es-el-peor-de-los-negocios\\\/#webpage\"},\"articleSection\":\"Actualidad\"},{\"@type\":\"BreadcrumbList\",\"@id\":\"https:\\\/\\\/www.eldigitaldeasturias.com\\\/noticias\\\/lopez-dice-que-la-independencia-es-el-peor-de-los-negocios\\\/#breadcrumblist\",\"itemListElement\":[{\"@type\":\"ListItem\",\"@id\":\"https:\\\/\\\/www.eldigitaldeasturias.com\\\/noticias#listItem\",\"position\":1,\"name\":\"Home\",\"item\":\"https:\\\/\\\/www.eldigitaldeasturias.com\\\/noticias\",\"nextItem\":{\"@type\":\"ListItem\",\"@id\":\"https:\\\/\\\/www.eldigitaldeasturias.com\\\/noticias\\\/category\\\/actualidad\\\/#listItem\",\"name\":\"Actualidad\"}},{\"@type\":\"ListItem\",\"@id\":\"https:\\\/\\\/www.eldigitaldeasturias.com\\\/noticias\\\/category\\\/actualidad\\\/#listItem\",\"position\":2,\"name\":\"Actualidad\",\"item\":\"https:\\\/\\\/www.eldigitaldeasturias.com\\\/noticias\\\/category\\\/actualidad\\\/\",\"nextItem\":{\"@type\":\"ListItem\",\"@id\":\"https:\\\/\\\/www.eldigitaldeasturias.com\\\/noticias\\\/lopez-dice-que-la-independencia-es-el-peor-de-los-negocios\\\/#listItem\",\"name\":\"L\\u00f3pez dice que la independencia es \\u00abel peor de los negocios\\u00bb\"},\"previousItem\":{\"@type\":\"ListItem\",\"@id\":\"https:\\\/\\\/www.eldigitaldeasturias.com\\\/noticias#listItem\",\"name\":\"Home\"}},{\"@type\":\"ListItem\",\"@id\":\"https:\\\/\\\/www.eldigitaldeasturias.com\\\/noticias\\\/lopez-dice-que-la-independencia-es-el-peor-de-los-negocios\\\/#listItem\",\"position\":3,\"name\":\"L\\u00f3pez dice que la independencia es \\u00abel peor de los negocios\\u00bb\",\"previousItem\":{\"@type\":\"ListItem\",\"@id\":\"https:\\\/\\\/www.eldigitaldeasturias.com\\\/noticias\\\/category\\\/actualidad\\\/#listItem\",\"name\":\"Actualidad\"}}]},{\"@type\":\"Organization\",\"@id\":\"https:\\\/\\\/www.eldigitaldeasturias.com\\\/noticias\\\/#organization\",\"name\":\"El Digital de Asturias\",\"description\":\"Hemeroteca\",\"url\":\"https:\\\/\\\/www.eldigitaldeasturias.com\\\/noticias\\\/\",\"email\":\"info@eldigitaldeasturias.com\",\"telephone\":\"+34652131393\",\"logo\":{\"@type\":\"ImageObject\",\"url\":\"https:\\\/\\\/www.eldigitaldeasturias.com\\\/noticias\\\/wp-content\\\/uploads\\\/2020\\\/12\\\/EDA.jpg\",\"@id\":\"https:\\\/\\\/www.eldigitaldeasturias.com\\\/noticias\\\/lopez-dice-que-la-independencia-es-el-peor-de-los-negocios\\\/#organizationLogo\",\"width\":649,\"height\":297},\"image\":{\"@id\":\"https:\\\/\\\/www.eldigitaldeasturias.com\\\/noticias\\\/lopez-dice-que-la-independencia-es-el-peor-de-los-negocios\\\/#organizationLogo\"},\"sameAs\":[\"https:\\\/\\\/facebook.com\\\/eldigitaldeasturias\",\"https:\\\/\\\/www.youtube.com\\\/channel\\\/UCZP-2wLEB9Rv6erhFmqVnvg\"],\"address\":{\"@id\":\"https:\\\/\\\/www.eldigitaldeasturias.com\\\/noticias\\\/#postaladdress\",\"@type\":\"PostalAddress\",\"streetAddress\":\"san antonio 4,\",\"postalCode\":\"33430\",\"addressLocality\":\"Cand\\u00e1s\",\"addressRegion\":\"Asturias\",\"addressCountry\":\"ES\"}},{\"@type\":\"Person\",\"@id\":\"https:\\\/\\\/www.eldigitaldeasturias.com\\\/noticias\\\/author\\\/admin\\\/#author\",\"url\":\"https:\\\/\\\/www.eldigitaldeasturias.com\\\/noticias\\\/author\\\/admin\\\/\",\"name\":\"El Digital de Asturias\",\"image\":{\"@type\":\"ImageObject\",\"@id\":\"https:\\\/\\\/www.eldigitaldeasturias.com\\\/noticias\\\/lopez-dice-que-la-independencia-es-el-peor-de-los-negocios\\\/#authorImage\",\"url\":\"https:\\\/\\\/www.eldigitaldeasturias.com\\\/noticias\\\/wp-content\\\/litespeed\\\/avatar\\\/18677e78aa0546b92d9dbf31ec7d7668.jpg?ver=1777290358\",\"width\":96,\"height\":96,\"caption\":\"El Digital de Asturias\"}},{\"@type\":\"WebPage\",\"@id\":\"https:\\\/\\\/www.eldigitaldeasturias.com\\\/noticias\\\/lopez-dice-que-la-independencia-es-el-peor-de-los-negocios\\\/#webpage\",\"url\":\"https:\\\/\\\/www.eldigitaldeasturias.com\\\/noticias\\\/lopez-dice-que-la-independencia-es-el-peor-de-los-negocios\\\/\",\"name\":\"L\\u00f3pez dice que la independencia es \\u00abel peor de los negocios\\u00bb - El Digital de Asturias\",\"description\":\"BILBAO, 25 Sep. (EUROPA PRESS) - El secretario general del PSE-EE, Patxi L\\u00f3pez, dice que la independencia es \\\"el peor de los negocios\\\" frente a quienes la plantean como \\\"la salvaci\\u00f3n a la crisis\\\", y ha destacado que en Euskadi no se podr\\u00eda pagar ni a jubilados ni a parados. Adem\\u00e1s, ha abogado aboga por hacer\",\"inLanguage\":\"es-ES\",\"isPartOf\":{\"@id\":\"https:\\\/\\\/www.eldigitaldeasturias.com\\\/noticias\\\/#website\"},\"breadcrumb\":{\"@id\":\"https:\\\/\\\/www.eldigitaldeasturias.com\\\/noticias\\\/lopez-dice-que-la-independencia-es-el-peor-de-los-negocios\\\/#breadcrumblist\"},\"author\":{\"@id\":\"https:\\\/\\\/www.eldigitaldeasturias.com\\\/noticias\\\/author\\\/admin\\\/#author\"},\"creator\":{\"@id\":\"https:\\\/\\\/www.eldigitaldeasturias.com\\\/noticias\\\/author\\\/admin\\\/#author\"},\"image\":{\"@type\":\"ImageObject\",\"url\":3356,\"@id\":\"https:\\\/\\\/www.eldigitaldeasturias.com\\\/noticias\\\/lopez-dice-que-la-independencia-es-el-peor-de-los-negocios\\\/#mainImage\"},\"primaryImageOfPage\":{\"@id\":\"https:\\\/\\\/www.eldigitaldeasturias.com\\\/noticias\\\/lopez-dice-que-la-independencia-es-el-peor-de-los-negocios\\\/#mainImage\"},\"datePublished\":\"2013-09-26T04:24:56+02:00\",\"dateModified\":\"2013-09-26T04:24:56+02:00\"},{\"@type\":\"WebSite\",\"@id\":\"https:\\\/\\\/www.eldigitaldeasturias.com\\\/noticias\\\/#website\",\"url\":\"https:\\\/\\\/www.eldigitaldeasturias.com\\\/noticias\\\/\",\"name\":\"El Digital de Asturias - Diario de actualidad y noticias\",\"alternateName\":\"El Digital de Asturias - Diario de actualidad y noticias\",\"description\":\"Hemeroteca\",\"inLanguage\":\"es-ES\",\"publisher\":{\"@id\":\"https:\\\/\\\/www.eldigitaldeasturias.com\\\/noticias\\\/#organization\"}}]}\n\t\t<\/script>\n\t\t<!-- All in One SEO Pro -->\r\n\t\t<title>L\u00f3pez dice que la independencia es \u00abel peor de los negocios\u00bb - El Digital de Asturias<\/title>\n\n","aioseo_head_json":{"title":"L\u00f3pez dice que la independencia es \u00abel peor de los negocios\u00bb - El Digital de Asturias","description":"BILBAO, 25 Sep. (EUROPA PRESS) - El secretario general del PSE-EE, Patxi L\u00f3pez, dice que la independencia es \"el peor de los negocios\" frente a quienes la plantean como \"la salvaci\u00f3n a la crisis\", y ha destacado que en Euskadi no se podr\u00eda pagar ni a jubilados ni a parados. Adem\u00e1s, ha abogado aboga por hacer","canonical_url":"https:\/\/www.eldigitaldeasturias.com\/noticias\/lopez-dice-que-la-independencia-es-el-peor-de-los-negocios\/","robots":"max-image-preview:large","keywords":"actualidad","webmasterTools":{"google-site-verification":"UA-38556648-1","msvalidate.01":"7dfe9f3f1b24437ab69f4f2559babe99","miscellaneous":""},"schema":{"@context":"https:\/\/schema.org","@graph":[{"@type":"BlogPosting","@id":"https:\/\/www.eldigitaldeasturias.com\/noticias\/lopez-dice-que-la-independencia-es-el-peor-de-los-negocios\/#blogposting","name":"L\u00f3pez dice que la independencia es \u00abel peor de los negocios\u00bb - El Digital de Asturias","headline":"L\u00f3pez dice que la independencia es \u00abel peor de los negocios\u00bb","author":{"@id":"https:\/\/www.eldigitaldeasturias.com\/noticias\/author\/admin\/#author"},"publisher":{"@id":"https:\/\/www.eldigitaldeasturias.com\/noticias\/#organization"},"image":{"@type":"ImageObject","url":3356},"datePublished":"2013-09-26T04:24:56+02:00","dateModified":"2013-09-26T04:24:56+02:00","inLanguage":"es-ES","mainEntityOfPage":{"@id":"https:\/\/www.eldigitaldeasturias.com\/noticias\/lopez-dice-que-la-independencia-es-el-peor-de-los-negocios\/#webpage"},"isPartOf":{"@id":"https:\/\/www.eldigitaldeasturias.com\/noticias\/lopez-dice-que-la-independencia-es-el-peor-de-los-negocios\/#webpage"},"articleSection":"Actualidad"},{"@type":"BreadcrumbList","@id":"https:\/\/www.eldigitaldeasturias.com\/noticias\/lopez-dice-que-la-independencia-es-el-peor-de-los-negocios\/#breadcrumblist","itemListElement":[{"@type":"ListItem","@id":"https:\/\/www.eldigitaldeasturias.com\/noticias#listItem","position":1,"name":"Home","item":"https:\/\/www.eldigitaldeasturias.com\/noticias","nextItem":{"@type":"ListItem","@id":"https:\/\/www.eldigitaldeasturias.com\/noticias\/category\/actualidad\/#listItem","name":"Actualidad"}},{"@type":"ListItem","@id":"https:\/\/www.eldigitaldeasturias.com\/noticias\/category\/actualidad\/#listItem","position":2,"name":"Actualidad","item":"https:\/\/www.eldigitaldeasturias.com\/noticias\/category\/actualidad\/","nextItem":{"@type":"ListItem","@id":"https:\/\/www.eldigitaldeasturias.com\/noticias\/lopez-dice-que-la-independencia-es-el-peor-de-los-negocios\/#listItem","name":"L\u00f3pez dice que la independencia es \u00abel peor de los negocios\u00bb"},"previousItem":{"@type":"ListItem","@id":"https:\/\/www.eldigitaldeasturias.com\/noticias#listItem","name":"Home"}},{"@type":"ListItem","@id":"https:\/\/www.eldigitaldeasturias.com\/noticias\/lopez-dice-que-la-independencia-es-el-peor-de-los-negocios\/#listItem","position":3,"name":"L\u00f3pez dice que la independencia es \u00abel peor de los negocios\u00bb","previousItem":{"@type":"ListItem","@id":"https:\/\/www.eldigitaldeasturias.com\/noticias\/category\/actualidad\/#listItem","name":"Actualidad"}}]},{"@type":"Organization","@id":"https:\/\/www.eldigitaldeasturias.com\/noticias\/#organization","name":"El Digital de Asturias","description":"Hemeroteca","url":"https:\/\/www.eldigitaldeasturias.com\/noticias\/","email":"info@eldigitaldeasturias.com","telephone":"+34652131393","logo":{"@type":"ImageObject","url":"https:\/\/www.eldigitaldeasturias.com\/noticias\/wp-content\/uploads\/2020\/12\/EDA.jpg","@id":"https:\/\/www.eldigitaldeasturias.com\/noticias\/lopez-dice-que-la-independencia-es-el-peor-de-los-negocios\/#organizationLogo","width":649,"height":297},"image":{"@id":"https:\/\/www.eldigitaldeasturias.com\/noticias\/lopez-dice-que-la-independencia-es-el-peor-de-los-negocios\/#organizationLogo"},"sameAs":["https:\/\/facebook.com\/eldigitaldeasturias","https:\/\/www.youtube.com\/channel\/UCZP-2wLEB9Rv6erhFmqVnvg"],"address":{"@id":"https:\/\/www.eldigitaldeasturias.com\/noticias\/#postaladdress","@type":"PostalAddress","streetAddress":"san antonio 4,","postalCode":"33430","addressLocality":"Cand\u00e1s","addressRegion":"Asturias","addressCountry":"ES"}},{"@type":"Person","@id":"https:\/\/www.eldigitaldeasturias.com\/noticias\/author\/admin\/#author","url":"https:\/\/www.eldigitaldeasturias.com\/noticias\/author\/admin\/","name":"El Digital de Asturias","image":{"@type":"ImageObject","@id":"https:\/\/www.eldigitaldeasturias.com\/noticias\/lopez-dice-que-la-independencia-es-el-peor-de-los-negocios\/#authorImage","url":"https:\/\/www.eldigitaldeasturias.com\/noticias\/wp-content\/litespeed\/avatar\/18677e78aa0546b92d9dbf31ec7d7668.jpg?ver=1777290358","width":96,"height":96,"caption":"El Digital de Asturias"}},{"@type":"WebPage","@id":"https:\/\/www.eldigitaldeasturias.com\/noticias\/lopez-dice-que-la-independencia-es-el-peor-de-los-negocios\/#webpage","url":"https:\/\/www.eldigitaldeasturias.com\/noticias\/lopez-dice-que-la-independencia-es-el-peor-de-los-negocios\/","name":"L\u00f3pez dice que la independencia es \u00abel peor de los negocios\u00bb - El Digital de Asturias","description":"BILBAO, 25 Sep. (EUROPA PRESS) - El secretario general del PSE-EE, Patxi L\u00f3pez, dice que la independencia es \"el peor de los negocios\" frente a quienes la plantean como \"la salvaci\u00f3n a la crisis\", y ha destacado que en Euskadi no se podr\u00eda pagar ni a jubilados ni a parados. Adem\u00e1s, ha abogado aboga por hacer","inLanguage":"es-ES","isPartOf":{"@id":"https:\/\/www.eldigitaldeasturias.com\/noticias\/#website"},"breadcrumb":{"@id":"https:\/\/www.eldigitaldeasturias.com\/noticias\/lopez-dice-que-la-independencia-es-el-peor-de-los-negocios\/#breadcrumblist"},"author":{"@id":"https:\/\/www.eldigitaldeasturias.com\/noticias\/author\/admin\/#author"},"creator":{"@id":"https:\/\/www.eldigitaldeasturias.com\/noticias\/author\/admin\/#author"},"image":{"@type":"ImageObject","url":3356,"@id":"https:\/\/www.eldigitaldeasturias.com\/noticias\/lopez-dice-que-la-independencia-es-el-peor-de-los-negocios\/#mainImage"},"primaryImageOfPage":{"@id":"https:\/\/www.eldigitaldeasturias.com\/noticias\/lopez-dice-que-la-independencia-es-el-peor-de-los-negocios\/#mainImage"},"datePublished":"2013-09-26T04:24:56+02:00","dateModified":"2013-09-26T04:24:56+02:00"},{"@type":"WebSite","@id":"https:\/\/www.eldigitaldeasturias.com\/noticias\/#website","url":"https:\/\/www.eldigitaldeasturias.com\/noticias\/","name":"El Digital de Asturias - Diario de actualidad y noticias","alternateName":"El Digital de Asturias - Diario de actualidad y noticias","description":"Hemeroteca","inLanguage":"es-ES","publisher":{"@id":"https:\/\/www.eldigitaldeasturias.com\/noticias\/#organization"}}]},"og:locale":"es_ES","og:site_name":"El Digital de Asturias","og:type":"article","og:title":"L\u00f3pez dice que la independencia es \u00abel peor de los negocios\u00bb - El Digital de Asturias","og:description":"BILBAO, 25 Sep. (EUROPA PRESS) - El secretario general del PSE-EE, Patxi L\u00f3pez, dice que la independencia es &quot;el peor de los negocios&quot; frente a quienes la plantean como &quot;la salvaci\u00f3n a la crisis&quot;, y ha destacado que en Euskadi no se podr\u00eda pagar ni a jubilados ni a parados. Adem\u00e1s, ha abogado aboga por hacer","og:url":"https:\/\/www.eldigitaldeasturias.com\/noticias\/lopez-dice-que-la-independencia-es-el-peor-de-los-negocios\/","article:tag":["actualidad"],"article:published_time":"2013-09-26T04:24:56+00:00","article:modified_time":"2013-09-26T04:24:56+00:00","article:publisher":"https:\/\/facebook.com\/eldigitaldeasturias","twitter:card":"summary_large_image","twitter:title":"L\u00f3pez dice que la independencia es \u00abel peor de los negocios\u00bb - El Digital de Asturias","twitter:description":"BILBAO, 25 Sep. (EUROPA PRESS) - El secretario general del PSE-EE, Patxi L\u00f3pez, dice que la independencia es &quot;el peor de los negocios&quot; frente a quienes la plantean como &quot;la salvaci\u00f3n a la crisis&quot;, y ha destacado que en Euskadi no se podr\u00eda pagar ni a jubilados ni a parados. Adem\u00e1s, ha abogado aboga por hacer","twitter:label1":"Escrito por","twitter:data1":"El Digital de Asturias","twitter:label2":"Tiempo de lectura estimado","twitter:data2":"4 minutos"},"aioseo_meta_data":{"post_id":"3355","title":null,"description":null,"keywords":null,"keyphrases":null,"primary_term":null,"canonical_url":null,"og_title":null,"og_description":null,"og_object_type":"default","og_image_type":"default","og_image_url":null,"og_image_width":null,"og_image_height":null,"og_image_custom_url":null,"og_image_custom_fields":null,"og_video":null,"og_custom_url":null,"og_article_section":null,"og_article_tags":null,"twitter_use_og":true,"twitter_card":"default","twitter_image_type":"default","twitter_image_url":null,"twitter_image_custom_url":null,"twitter_image_custom_fields":null,"twitter_title":null,"twitter_description":null,"schema":{"blockGraphs":[],"customGraphs":[],"default":{"data":{"Article":[],"Course":[],"Dataset":[],"FAQPage":[],"Movie":[],"Person":[],"Product":[],"ProductReview":[],"Car":[],"Recipe":[],"Service":[],"SoftwareApplication":[],"WebPage":[]},"graphName":"","isEnabled":true},"graphs":[],"defaultGraph":"","defaultPostTypeGraph":""},"schema_type":null,"schema_type_options":null,"pillar_content":false,"robots_default":true,"robots_noindex":false,"robots_noarchive":false,"robots_nosnippet":false,"robots_nofollow":false,"robots_noimageindex":false,"robots_noodp":false,"robots_notranslate":false,"robots_max_snippet":null,"robots_max_videopreview":null,"robots_max_imagepreview":"none","priority":null,"frequency":null,"local_seo":null,"seo_analyzer_scan_date":"2025-08-21 06:19:47","breadcrumb_settings":null,"limit_modified_date":false,"open_ai":null,"ai":null,"created":"2020-11-14 22:37:07","updated":"2025-08-21 06:19:47"},"aioseo_breadcrumb":"<div class=\"aioseo-breadcrumbs\"><span class=\"aioseo-breadcrumb\">\n\t<a href=\"https:\/\/www.eldigitaldeasturias.com\/noticias\" title=\"Home\">Home<\/a>\n<\/span><span class=\"aioseo-breadcrumb-separator\">\u2013<\/span><span class=\"aioseo-breadcrumb\">\n\t<a href=\"https:\/\/www.eldigitaldeasturias.com\/noticias\/category\/actualidad\/\" title=\"Actualidad\">Actualidad<\/a>\n<\/span><span class=\"aioseo-breadcrumb-separator\">\u2013<\/span><span class=\"aioseo-breadcrumb\">\n\t<a href=\"https:\/\/www.eldigitaldeasturias.com\/noticias\/lopez-dice-que-la-independencia-es-el-peor-de-los-negocios\/\" title=\"L\u00f3pez dice que la independencia es \u00abel peor de los negocios\u00bb\">L\u00f3pez dice que la independencia es \u00abel peor de los negocios\u00bb<\/a>\n<\/span><\/div>","aioseo_breadcrumb_json":[{"label":"Home","link":"https:\/\/www.eldigitaldeasturias.com\/noticias"},{"label":"Actualidad","link":"https:\/\/www.eldigitaldeasturias.com\/noticias\/category\/actualidad\/"},{"label":"L\u00f3pez dice que la independencia es \u00abel peor de los negocios\u00bb","link":"https:\/\/www.eldigitaldeasturias.com\/noticias\/lopez-dice-que-la-independencia-es-el-peor-de-los-negocios\/"}],"_links":{"self":[{"href":"https:\/\/www.eldigitaldeasturias.com\/noticias\/wp-json\/wp\/v2\/posts\/3355","targetHints":{"allow":["GET"]}}],"collection":[{"href":"https:\/\/www.eldigitaldeasturias.com\/noticias\/wp-json\/wp\/v2\/posts"}],"about":[{"href":"https:\/\/www.eldigitaldeasturias.com\/noticias\/wp-json\/wp\/v2\/types\/post"}],"author":[{"embeddable":true,"href":"https:\/\/www.eldigitaldeasturias.com\/noticias\/wp-json\/wp\/v2\/users\/1"}],"replies":[{"embeddable":true,"href":"https:\/\/www.eldigitaldeasturias.com\/noticias\/wp-json\/wp\/v2\/comments?post=3355"}],"version-history":[{"count":0,"href":"https:\/\/www.eldigitaldeasturias.com\/noticias\/wp-json\/wp\/v2\/posts\/3355\/revisions"}],"wp:featuredmedia":[{"embeddable":true,"href":"https:\/\/www.eldigitaldeasturias.com\/noticias\/wp-json\/"}],"wp:attachment":[{"href":"https:\/\/www.eldigitaldeasturias.com\/noticias\/wp-json\/wp\/v2\/media?parent=3355"}],"wp:term":[{"taxonomy":"category","embeddable":true,"href":"https:\/\/www.eldigitaldeasturias.com\/noticias\/wp-json\/wp\/v2\/categories?post=3355"},{"taxonomy":"post_tag","embeddable":true,"href":"https:\/\/www.eldigitaldeasturias.com\/noticias\/wp-json\/wp\/v2\/tags?post=3355"}],"curies":[{"name":"wp","href":"https:\/\/api.w.org\/{rel}","templated":true}]}}