{"id":3250,"date":"2013-09-25T22:17:50","date_gmt":"2013-09-25T22:17:50","guid":{"rendered":"http:\/\/www.eldigitaldeasturias.com\/noticias\/?p=3250"},"modified":"2013-09-25T22:17:50","modified_gmt":"2013-09-25T22:17:50","slug":"eva-longoria-apoya-la-lucha-contra-el-cancer","status":"publish","type":"post","link":"https:\/\/www.eldigitaldeasturias.com\/noticias\/eva-longoria-apoya-la-lucha-contra-el-cancer\/","title":{"rendered":"Eva Longoria apoya la lucha contra el c\u00e1ncer"},"content":{"rendered":"<p><img loading=\"lazy\" decoding=\"async\" class=\"alignleft size-full wp-image-3251\" alt=\"'Padres Contra El Cancer' 13th Annual Gala\" src=\"https:\/\/www.eldigitaldeasturias.com\/noticias\/wp-content\/uploads\/2013\/09\/Eva-Longoria-apoya-la-lucha-contra-el-c\u00e1ncer.jpg\" width=\"650\" height=\"650\" \/>Eva Longoria no quiso perderse el encuentro anual que la organizaci\u00f3n ben\u00e9fica &#8216;Padres Contra el C\u00e1ncer&#8217; celebr\u00f3 en Los \u00c1ngeles para recaudar fondos. Para tan solidario evento, la int\u00e9rprete de origen mexicano se decant\u00f3 por un sofisticado vestido negro con oscuras transparencias laterales y un volante que segu\u00eda a la perfecci\u00f3n la tendencia p\u00e9plum, una t\u00e9cnica est\u00e9tica que imprime volumen a las caderas.<\/p>\n","protected":false},"excerpt":{"rendered":"<p>Eva Longoria no quiso perderse el encuentro anual que la organizaci\u00f3n ben\u00e9fica &#8216;Padres Contra el C\u00e1ncer&#8217; celebr\u00f3 en Los \u00c1ngeles para recaudar fondos. Para tan solidario evento, la int\u00e9rprete de origen mexicano se decant\u00f3 por un sofisticado vestido negro con oscuras transparencias laterales y un volante que segu\u00eda a la perfecci\u00f3n la tendencia p\u00e9plum, una [&hellip;]<\/p>\n","protected":false},"author":1,"featured_media":3251,"comment_status":"open","ping_status":"open","sticky":false,"template":"","format":"standard","meta":{"footnotes":""},"categories":[28],"tags":[],"class_list":["post-3250","post","type-post","status-publish","format-standard","has-post-thumbnail","hentry","category-sociedad"],"aioseo_notices":[],"aioseo_head":"\n\t\t<!-- All in One SEO Pro 4.9.6.2 - aioseo.com -->\n\t<meta name=\"description\" content=\"Eva Longoria no quiso perderse el encuentro anual que la organizaci\u00f3n ben\u00e9fica &#039;Padres Contra el C\u00e1ncer&#039; celebr\u00f3 en Los \u00c1ngeles para recaudar fondos. Para tan solidario evento, la int\u00e9rprete de origen mexicano se decant\u00f3 por un sofisticado vestido negro con oscuras transparencias laterales y un volante que segu\u00eda a la perfecci\u00f3n la tendencia p\u00e9plum, una\" \/>\n\t<meta name=\"robots\" content=\"max-image-preview:large\" \/>\n\t<meta name=\"author\" content=\"El Digital de Asturias\"\/>\n\t<meta name=\"google-site-verification\" content=\"UA-38556648-1\" \/>\n\t<meta name=\"msvalidate.01\" content=\"7dfe9f3f1b24437ab69f4f2559babe99\" \/>\n\t<meta name=\"keywords\" content=\"sociedad\" \/>\n\t<link rel=\"canonical\" href=\"https:\/\/www.eldigitaldeasturias.com\/noticias\/eva-longoria-apoya-la-lucha-contra-el-cancer\/\" \/>\n\t<meta name=\"generator\" content=\"All in One SEO Pro (AIOSEO) 4.9.6.2\" \/>\n\t\t<meta property=\"og:locale\" content=\"es_ES\" \/>\n\t\t<meta property=\"og:site_name\" content=\"El Digital de Asturias\" \/>\n\t\t<meta property=\"og:type\" content=\"article\" \/>\n\t\t<meta property=\"og:title\" content=\"Eva Longoria apoya la lucha contra el c\u00e1ncer - El Digital de Asturias\" \/>\n\t\t<meta property=\"og:description\" content=\"Eva Longoria no quiso perderse el encuentro anual que la organizaci\u00f3n ben\u00e9fica &#039;Padres Contra el C\u00e1ncer&#039; celebr\u00f3 en Los \u00c1ngeles para recaudar fondos. Para tan solidario evento, la int\u00e9rprete de origen mexicano se decant\u00f3 por un sofisticado vestido negro con oscuras transparencias laterales y un volante que segu\u00eda a la perfecci\u00f3n la tendencia p\u00e9plum, una\" \/>\n\t\t<meta property=\"og:url\" content=\"https:\/\/www.eldigitaldeasturias.com\/noticias\/eva-longoria-apoya-la-lucha-contra-el-cancer\/\" \/>\n\t\t<meta property=\"article:tag\" content=\"sociedad\" \/>\n\t\t<meta property=\"article:published_time\" content=\"2013-09-25T22:17:50+00:00\" \/>\n\t\t<meta property=\"article:modified_time\" content=\"2013-09-25T22:17:50+00:00\" \/>\n\t\t<meta property=\"article:publisher\" content=\"https:\/\/facebook.com\/eldigitaldeasturias\" \/>\n\t\t<meta name=\"twitter:card\" content=\"summary_large_image\" \/>\n\t\t<meta name=\"twitter:title\" content=\"Eva Longoria apoya la lucha contra el c\u00e1ncer - El Digital de Asturias\" \/>\n\t\t<meta name=\"twitter:description\" content=\"Eva Longoria no quiso perderse el encuentro anual que la organizaci\u00f3n ben\u00e9fica &#039;Padres Contra el C\u00e1ncer&#039; celebr\u00f3 en Los \u00c1ngeles para recaudar fondos. Para tan solidario evento, la int\u00e9rprete de origen mexicano se decant\u00f3 por un sofisticado vestido negro con oscuras transparencias laterales y un volante que segu\u00eda a la perfecci\u00f3n la tendencia p\u00e9plum, una\" \/>\n\t\t<meta name=\"twitter:label1\" content=\"Escrito por\" \/>\n\t\t<meta name=\"twitter:data1\" content=\"El Digital de Asturias\" \/>\n\t\t<script type=\"application\/ld+json\" class=\"aioseo-schema\">\n\t\t\t{\"@context\":\"https:\\\/\\\/schema.org\",\"@graph\":[{\"@type\":\"BlogPosting\",\"@id\":\"https:\\\/\\\/www.eldigitaldeasturias.com\\\/noticias\\\/eva-longoria-apoya-la-lucha-contra-el-cancer\\\/#blogposting\",\"name\":\"Eva Longoria apoya la lucha contra el c\\u00e1ncer - El Digital de Asturias\",\"headline\":\"Eva Longoria apoya la lucha contra el c\\u00e1ncer\",\"author\":{\"@id\":\"https:\\\/\\\/www.eldigitaldeasturias.com\\\/noticias\\\/author\\\/admin\\\/#author\"},\"publisher\":{\"@id\":\"https:\\\/\\\/www.eldigitaldeasturias.com\\\/noticias\\\/#organization\"},\"image\":{\"@type\":\"ImageObject\",\"url\":3251},\"datePublished\":\"2013-09-25T22:17:50+02:00\",\"dateModified\":\"2013-09-25T22:17:50+02:00\",\"inLanguage\":\"es-ES\",\"mainEntityOfPage\":{\"@id\":\"https:\\\/\\\/www.eldigitaldeasturias.com\\\/noticias\\\/eva-longoria-apoya-la-lucha-contra-el-cancer\\\/#webpage\"},\"isPartOf\":{\"@id\":\"https:\\\/\\\/www.eldigitaldeasturias.com\\\/noticias\\\/eva-longoria-apoya-la-lucha-contra-el-cancer\\\/#webpage\"},\"articleSection\":\"Sociedad\"},{\"@type\":\"BreadcrumbList\",\"@id\":\"https:\\\/\\\/www.eldigitaldeasturias.com\\\/noticias\\\/eva-longoria-apoya-la-lucha-contra-el-cancer\\\/#breadcrumblist\",\"itemListElement\":[{\"@type\":\"ListItem\",\"@id\":\"https:\\\/\\\/www.eldigitaldeasturias.com\\\/noticias#listItem\",\"position\":1,\"name\":\"Home\",\"item\":\"https:\\\/\\\/www.eldigitaldeasturias.com\\\/noticias\",\"nextItem\":{\"@type\":\"ListItem\",\"@id\":\"https:\\\/\\\/www.eldigitaldeasturias.com\\\/noticias\\\/category\\\/sociedad\\\/#listItem\",\"name\":\"Sociedad\"}},{\"@type\":\"ListItem\",\"@id\":\"https:\\\/\\\/www.eldigitaldeasturias.com\\\/noticias\\\/category\\\/sociedad\\\/#listItem\",\"position\":2,\"name\":\"Sociedad\",\"item\":\"https:\\\/\\\/www.eldigitaldeasturias.com\\\/noticias\\\/category\\\/sociedad\\\/\",\"nextItem\":{\"@type\":\"ListItem\",\"@id\":\"https:\\\/\\\/www.eldigitaldeasturias.com\\\/noticias\\\/eva-longoria-apoya-la-lucha-contra-el-cancer\\\/#listItem\",\"name\":\"Eva Longoria apoya la lucha contra el c\\u00e1ncer\"},\"previousItem\":{\"@type\":\"ListItem\",\"@id\":\"https:\\\/\\\/www.eldigitaldeasturias.com\\\/noticias#listItem\",\"name\":\"Home\"}},{\"@type\":\"ListItem\",\"@id\":\"https:\\\/\\\/www.eldigitaldeasturias.com\\\/noticias\\\/eva-longoria-apoya-la-lucha-contra-el-cancer\\\/#listItem\",\"position\":3,\"name\":\"Eva Longoria apoya la lucha contra el c\\u00e1ncer\",\"previousItem\":{\"@type\":\"ListItem\",\"@id\":\"https:\\\/\\\/www.eldigitaldeasturias.com\\\/noticias\\\/category\\\/sociedad\\\/#listItem\",\"name\":\"Sociedad\"}}]},{\"@type\":\"Organization\",\"@id\":\"https:\\\/\\\/www.eldigitaldeasturias.com\\\/noticias\\\/#organization\",\"name\":\"El Digital de Asturias\",\"description\":\"Hemeroteca\",\"url\":\"https:\\\/\\\/www.eldigitaldeasturias.com\\\/noticias\\\/\",\"email\":\"info@eldigitaldeasturias.com\",\"telephone\":\"+34652131393\",\"logo\":{\"@type\":\"ImageObject\",\"url\":\"https:\\\/\\\/www.eldigitaldeasturias.com\\\/noticias\\\/wp-content\\\/uploads\\\/2020\\\/12\\\/EDA.jpg\",\"@id\":\"https:\\\/\\\/www.eldigitaldeasturias.com\\\/noticias\\\/eva-longoria-apoya-la-lucha-contra-el-cancer\\\/#organizationLogo\",\"width\":649,\"height\":297},\"image\":{\"@id\":\"https:\\\/\\\/www.eldigitaldeasturias.com\\\/noticias\\\/eva-longoria-apoya-la-lucha-contra-el-cancer\\\/#organizationLogo\"},\"sameAs\":[\"https:\\\/\\\/facebook.com\\\/eldigitaldeasturias\",\"https:\\\/\\\/www.youtube.com\\\/channel\\\/UCZP-2wLEB9Rv6erhFmqVnvg\"],\"address\":{\"@id\":\"https:\\\/\\\/www.eldigitaldeasturias.com\\\/noticias\\\/#postaladdress\",\"@type\":\"PostalAddress\",\"streetAddress\":\"san antonio 4,\",\"postalCode\":\"33430\",\"addressLocality\":\"Cand\\u00e1s\",\"addressRegion\":\"Asturias\",\"addressCountry\":\"ES\"}},{\"@type\":\"Person\",\"@id\":\"https:\\\/\\\/www.eldigitaldeasturias.com\\\/noticias\\\/author\\\/admin\\\/#author\",\"url\":\"https:\\\/\\\/www.eldigitaldeasturias.com\\\/noticias\\\/author\\\/admin\\\/\",\"name\":\"El Digital de Asturias\",\"image\":{\"@type\":\"ImageObject\",\"@id\":\"https:\\\/\\\/www.eldigitaldeasturias.com\\\/noticias\\\/eva-longoria-apoya-la-lucha-contra-el-cancer\\\/#authorImage\",\"url\":\"https:\\\/\\\/www.eldigitaldeasturias.com\\\/noticias\\\/wp-content\\\/litespeed\\\/avatar\\\/18677e78aa0546b92d9dbf31ec7d7668.jpg?ver=1777290358\",\"width\":96,\"height\":96,\"caption\":\"El Digital de Asturias\"}},{\"@type\":\"WebPage\",\"@id\":\"https:\\\/\\\/www.eldigitaldeasturias.com\\\/noticias\\\/eva-longoria-apoya-la-lucha-contra-el-cancer\\\/#webpage\",\"url\":\"https:\\\/\\\/www.eldigitaldeasturias.com\\\/noticias\\\/eva-longoria-apoya-la-lucha-contra-el-cancer\\\/\",\"name\":\"Eva Longoria apoya la lucha contra el c\\u00e1ncer - El Digital de Asturias\",\"description\":\"Eva Longoria no quiso perderse el encuentro anual que la organizaci\\u00f3n ben\\u00e9fica 'Padres Contra el C\\u00e1ncer' celebr\\u00f3 en Los \\u00c1ngeles para recaudar fondos. Para tan solidario evento, la int\\u00e9rprete de origen mexicano se decant\\u00f3 por un sofisticado vestido negro con oscuras transparencias laterales y un volante que segu\\u00eda a la perfecci\\u00f3n la tendencia p\\u00e9plum, una\",\"inLanguage\":\"es-ES\",\"isPartOf\":{\"@id\":\"https:\\\/\\\/www.eldigitaldeasturias.com\\\/noticias\\\/#website\"},\"breadcrumb\":{\"@id\":\"https:\\\/\\\/www.eldigitaldeasturias.com\\\/noticias\\\/eva-longoria-apoya-la-lucha-contra-el-cancer\\\/#breadcrumblist\"},\"author\":{\"@id\":\"https:\\\/\\\/www.eldigitaldeasturias.com\\\/noticias\\\/author\\\/admin\\\/#author\"},\"creator\":{\"@id\":\"https:\\\/\\\/www.eldigitaldeasturias.com\\\/noticias\\\/author\\\/admin\\\/#author\"},\"image\":{\"@type\":\"ImageObject\",\"url\":3251,\"@id\":\"https:\\\/\\\/www.eldigitaldeasturias.com\\\/noticias\\\/eva-longoria-apoya-la-lucha-contra-el-cancer\\\/#mainImage\"},\"primaryImageOfPage\":{\"@id\":\"https:\\\/\\\/www.eldigitaldeasturias.com\\\/noticias\\\/eva-longoria-apoya-la-lucha-contra-el-cancer\\\/#mainImage\"},\"datePublished\":\"2013-09-25T22:17:50+02:00\",\"dateModified\":\"2013-09-25T22:17:50+02:00\"},{\"@type\":\"WebSite\",\"@id\":\"https:\\\/\\\/www.eldigitaldeasturias.com\\\/noticias\\\/#website\",\"url\":\"https:\\\/\\\/www.eldigitaldeasturias.com\\\/noticias\\\/\",\"name\":\"El Digital de Asturias - Diario de actualidad y noticias\",\"alternateName\":\"El Digital de Asturias - Diario de actualidad y noticias\",\"description\":\"Hemeroteca\",\"inLanguage\":\"es-ES\",\"publisher\":{\"@id\":\"https:\\\/\\\/www.eldigitaldeasturias.com\\\/noticias\\\/#organization\"}}]}\n\t\t<\/script>\n\t\t<!-- All in One SEO Pro -->\r\n\t\t<title>Eva Longoria apoya la lucha contra el c\u00e1ncer - El Digital de Asturias<\/title>\n\n","aioseo_head_json":{"title":"Eva Longoria apoya la lucha contra el c\u00e1ncer - El Digital de Asturias","description":"Eva Longoria no quiso perderse el encuentro anual que la organizaci\u00f3n ben\u00e9fica 'Padres Contra el C\u00e1ncer' celebr\u00f3 en Los \u00c1ngeles para recaudar fondos. Para tan solidario evento, la int\u00e9rprete de origen mexicano se decant\u00f3 por un sofisticado vestido negro con oscuras transparencias laterales y un volante que segu\u00eda a la perfecci\u00f3n la tendencia p\u00e9plum, una","canonical_url":"https:\/\/www.eldigitaldeasturias.com\/noticias\/eva-longoria-apoya-la-lucha-contra-el-cancer\/","robots":"max-image-preview:large","keywords":"sociedad","webmasterTools":{"google-site-verification":"UA-38556648-1","msvalidate.01":"7dfe9f3f1b24437ab69f4f2559babe99","miscellaneous":""},"schema":{"@context":"https:\/\/schema.org","@graph":[{"@type":"BlogPosting","@id":"https:\/\/www.eldigitaldeasturias.com\/noticias\/eva-longoria-apoya-la-lucha-contra-el-cancer\/#blogposting","name":"Eva Longoria apoya la lucha contra el c\u00e1ncer - El Digital de Asturias","headline":"Eva Longoria apoya la lucha contra el c\u00e1ncer","author":{"@id":"https:\/\/www.eldigitaldeasturias.com\/noticias\/author\/admin\/#author"},"publisher":{"@id":"https:\/\/www.eldigitaldeasturias.com\/noticias\/#organization"},"image":{"@type":"ImageObject","url":3251},"datePublished":"2013-09-25T22:17:50+02:00","dateModified":"2013-09-25T22:17:50+02:00","inLanguage":"es-ES","mainEntityOfPage":{"@id":"https:\/\/www.eldigitaldeasturias.com\/noticias\/eva-longoria-apoya-la-lucha-contra-el-cancer\/#webpage"},"isPartOf":{"@id":"https:\/\/www.eldigitaldeasturias.com\/noticias\/eva-longoria-apoya-la-lucha-contra-el-cancer\/#webpage"},"articleSection":"Sociedad"},{"@type":"BreadcrumbList","@id":"https:\/\/www.eldigitaldeasturias.com\/noticias\/eva-longoria-apoya-la-lucha-contra-el-cancer\/#breadcrumblist","itemListElement":[{"@type":"ListItem","@id":"https:\/\/www.eldigitaldeasturias.com\/noticias#listItem","position":1,"name":"Home","item":"https:\/\/www.eldigitaldeasturias.com\/noticias","nextItem":{"@type":"ListItem","@id":"https:\/\/www.eldigitaldeasturias.com\/noticias\/category\/sociedad\/#listItem","name":"Sociedad"}},{"@type":"ListItem","@id":"https:\/\/www.eldigitaldeasturias.com\/noticias\/category\/sociedad\/#listItem","position":2,"name":"Sociedad","item":"https:\/\/www.eldigitaldeasturias.com\/noticias\/category\/sociedad\/","nextItem":{"@type":"ListItem","@id":"https:\/\/www.eldigitaldeasturias.com\/noticias\/eva-longoria-apoya-la-lucha-contra-el-cancer\/#listItem","name":"Eva Longoria apoya la lucha contra el c\u00e1ncer"},"previousItem":{"@type":"ListItem","@id":"https:\/\/www.eldigitaldeasturias.com\/noticias#listItem","name":"Home"}},{"@type":"ListItem","@id":"https:\/\/www.eldigitaldeasturias.com\/noticias\/eva-longoria-apoya-la-lucha-contra-el-cancer\/#listItem","position":3,"name":"Eva Longoria apoya la lucha contra el c\u00e1ncer","previousItem":{"@type":"ListItem","@id":"https:\/\/www.eldigitaldeasturias.com\/noticias\/category\/sociedad\/#listItem","name":"Sociedad"}}]},{"@type":"Organization","@id":"https:\/\/www.eldigitaldeasturias.com\/noticias\/#organization","name":"El Digital de Asturias","description":"Hemeroteca","url":"https:\/\/www.eldigitaldeasturias.com\/noticias\/","email":"info@eldigitaldeasturias.com","telephone":"+34652131393","logo":{"@type":"ImageObject","url":"https:\/\/www.eldigitaldeasturias.com\/noticias\/wp-content\/uploads\/2020\/12\/EDA.jpg","@id":"https:\/\/www.eldigitaldeasturias.com\/noticias\/eva-longoria-apoya-la-lucha-contra-el-cancer\/#organizationLogo","width":649,"height":297},"image":{"@id":"https:\/\/www.eldigitaldeasturias.com\/noticias\/eva-longoria-apoya-la-lucha-contra-el-cancer\/#organizationLogo"},"sameAs":["https:\/\/facebook.com\/eldigitaldeasturias","https:\/\/www.youtube.com\/channel\/UCZP-2wLEB9Rv6erhFmqVnvg"],"address":{"@id":"https:\/\/www.eldigitaldeasturias.com\/noticias\/#postaladdress","@type":"PostalAddress","streetAddress":"san antonio 4,","postalCode":"33430","addressLocality":"Cand\u00e1s","addressRegion":"Asturias","addressCountry":"ES"}},{"@type":"Person","@id":"https:\/\/www.eldigitaldeasturias.com\/noticias\/author\/admin\/#author","url":"https:\/\/www.eldigitaldeasturias.com\/noticias\/author\/admin\/","name":"El Digital de Asturias","image":{"@type":"ImageObject","@id":"https:\/\/www.eldigitaldeasturias.com\/noticias\/eva-longoria-apoya-la-lucha-contra-el-cancer\/#authorImage","url":"https:\/\/www.eldigitaldeasturias.com\/noticias\/wp-content\/litespeed\/avatar\/18677e78aa0546b92d9dbf31ec7d7668.jpg?ver=1777290358","width":96,"height":96,"caption":"El Digital de Asturias"}},{"@type":"WebPage","@id":"https:\/\/www.eldigitaldeasturias.com\/noticias\/eva-longoria-apoya-la-lucha-contra-el-cancer\/#webpage","url":"https:\/\/www.eldigitaldeasturias.com\/noticias\/eva-longoria-apoya-la-lucha-contra-el-cancer\/","name":"Eva Longoria apoya la lucha contra el c\u00e1ncer - El Digital de Asturias","description":"Eva Longoria no quiso perderse el encuentro anual que la organizaci\u00f3n ben\u00e9fica 'Padres Contra el C\u00e1ncer' celebr\u00f3 en Los \u00c1ngeles para recaudar fondos. Para tan solidario evento, la int\u00e9rprete de origen mexicano se decant\u00f3 por un sofisticado vestido negro con oscuras transparencias laterales y un volante que segu\u00eda a la perfecci\u00f3n la tendencia p\u00e9plum, una","inLanguage":"es-ES","isPartOf":{"@id":"https:\/\/www.eldigitaldeasturias.com\/noticias\/#website"},"breadcrumb":{"@id":"https:\/\/www.eldigitaldeasturias.com\/noticias\/eva-longoria-apoya-la-lucha-contra-el-cancer\/#breadcrumblist"},"author":{"@id":"https:\/\/www.eldigitaldeasturias.com\/noticias\/author\/admin\/#author"},"creator":{"@id":"https:\/\/www.eldigitaldeasturias.com\/noticias\/author\/admin\/#author"},"image":{"@type":"ImageObject","url":3251,"@id":"https:\/\/www.eldigitaldeasturias.com\/noticias\/eva-longoria-apoya-la-lucha-contra-el-cancer\/#mainImage"},"primaryImageOfPage":{"@id":"https:\/\/www.eldigitaldeasturias.com\/noticias\/eva-longoria-apoya-la-lucha-contra-el-cancer\/#mainImage"},"datePublished":"2013-09-25T22:17:50+02:00","dateModified":"2013-09-25T22:17:50+02:00"},{"@type":"WebSite","@id":"https:\/\/www.eldigitaldeasturias.com\/noticias\/#website","url":"https:\/\/www.eldigitaldeasturias.com\/noticias\/","name":"El Digital de Asturias - Diario de actualidad y noticias","alternateName":"El Digital de Asturias - Diario de actualidad y noticias","description":"Hemeroteca","inLanguage":"es-ES","publisher":{"@id":"https:\/\/www.eldigitaldeasturias.com\/noticias\/#organization"}}]},"og:locale":"es_ES","og:site_name":"El Digital de Asturias","og:type":"article","og:title":"Eva Longoria apoya la lucha contra el c\u00e1ncer - El Digital de Asturias","og:description":"Eva Longoria no quiso perderse el encuentro anual que la organizaci\u00f3n ben\u00e9fica 'Padres Contra el C\u00e1ncer' celebr\u00f3 en Los \u00c1ngeles para recaudar fondos. Para tan solidario evento, la int\u00e9rprete de origen mexicano se decant\u00f3 por un sofisticado vestido negro con oscuras transparencias laterales y un volante que segu\u00eda a la perfecci\u00f3n la tendencia p\u00e9plum, una","og:url":"https:\/\/www.eldigitaldeasturias.com\/noticias\/eva-longoria-apoya-la-lucha-contra-el-cancer\/","article:tag":["sociedad"],"article:published_time":"2013-09-25T22:17:50+00:00","article:modified_time":"2013-09-25T22:17:50+00:00","article:publisher":"https:\/\/facebook.com\/eldigitaldeasturias","twitter:card":"summary_large_image","twitter:title":"Eva Longoria apoya la lucha contra el c\u00e1ncer - El Digital de Asturias","twitter:description":"Eva Longoria no quiso perderse el encuentro anual que la organizaci\u00f3n ben\u00e9fica 'Padres Contra el C\u00e1ncer' celebr\u00f3 en Los \u00c1ngeles para recaudar fondos. Para tan solidario evento, la int\u00e9rprete de origen mexicano se decant\u00f3 por un sofisticado vestido negro con oscuras transparencias laterales y un volante que segu\u00eda a la perfecci\u00f3n la tendencia p\u00e9plum, una","twitter:label1":"Escrito por","twitter:data1":"El Digital de Asturias"},"aioseo_meta_data":{"post_id":"3250","title":null,"description":null,"keywords":null,"keyphrases":null,"primary_term":null,"canonical_url":null,"og_title":null,"og_description":null,"og_object_type":"default","og_image_type":"default","og_image_url":null,"og_image_width":null,"og_image_height":null,"og_image_custom_url":null,"og_image_custom_fields":null,"og_video":null,"og_custom_url":null,"og_article_section":null,"og_article_tags":null,"twitter_use_og":true,"twitter_card":"default","twitter_image_type":"default","twitter_image_url":null,"twitter_image_custom_url":null,"twitter_image_custom_fields":null,"twitter_title":null,"twitter_description":null,"schema":{"blockGraphs":[],"customGraphs":[],"default":{"data":{"Article":[],"Course":[],"Dataset":[],"FAQPage":[],"Movie":[],"Person":[],"Product":[],"ProductReview":[],"Car":[],"Recipe":[],"Service":[],"SoftwareApplication":[],"WebPage":[]},"graphName":"","isEnabled":true},"graphs":[],"defaultGraph":"","defaultPostTypeGraph":""},"schema_type":null,"schema_type_options":null,"pillar_content":false,"robots_default":true,"robots_noindex":false,"robots_noarchive":false,"robots_nosnippet":false,"robots_nofollow":false,"robots_noimageindex":false,"robots_noodp":false,"robots_notranslate":false,"robots_max_snippet":null,"robots_max_videopreview":null,"robots_max_imagepreview":"none","priority":null,"frequency":null,"local_seo":null,"seo_analyzer_scan_date":"2025-08-21 06:04:46","breadcrumb_settings":null,"limit_modified_date":false,"open_ai":null,"ai":null,"created":"2020-11-14 22:37:04","updated":"2025-08-21 06:04:46"},"aioseo_breadcrumb":"<div class=\"aioseo-breadcrumbs\"><span class=\"aioseo-breadcrumb\">\n\t<a href=\"https:\/\/www.eldigitaldeasturias.com\/noticias\" title=\"Home\">Home<\/a>\n<\/span><span class=\"aioseo-breadcrumb-separator\">\u2013<\/span><span class=\"aioseo-breadcrumb\">\n\t<a href=\"https:\/\/www.eldigitaldeasturias.com\/noticias\/category\/sociedad\/\" title=\"Sociedad\">Sociedad<\/a>\n<\/span><span class=\"aioseo-breadcrumb-separator\">\u2013<\/span><span class=\"aioseo-breadcrumb\">\n\t<a href=\"https:\/\/www.eldigitaldeasturias.com\/noticias\/eva-longoria-apoya-la-lucha-contra-el-cancer\/\" title=\"Eva Longoria apoya la lucha contra el c\u00e1ncer\">Eva Longoria apoya la lucha contra el c\u00e1ncer<\/a>\n<\/span><\/div>","aioseo_breadcrumb_json":[{"label":"Home","link":"https:\/\/www.eldigitaldeasturias.com\/noticias"},{"label":"Sociedad","link":"https:\/\/www.eldigitaldeasturias.com\/noticias\/category\/sociedad\/"},{"label":"Eva Longoria apoya la lucha contra el c\u00e1ncer","link":"https:\/\/www.eldigitaldeasturias.com\/noticias\/eva-longoria-apoya-la-lucha-contra-el-cancer\/"}],"_links":{"self":[{"href":"https:\/\/www.eldigitaldeasturias.com\/noticias\/wp-json\/wp\/v2\/posts\/3250","targetHints":{"allow":["GET"]}}],"collection":[{"href":"https:\/\/www.eldigitaldeasturias.com\/noticias\/wp-json\/wp\/v2\/posts"}],"about":[{"href":"https:\/\/www.eldigitaldeasturias.com\/noticias\/wp-json\/wp\/v2\/types\/post"}],"author":[{"embeddable":true,"href":"https:\/\/www.eldigitaldeasturias.com\/noticias\/wp-json\/wp\/v2\/users\/1"}],"replies":[{"embeddable":true,"href":"https:\/\/www.eldigitaldeasturias.com\/noticias\/wp-json\/wp\/v2\/comments?post=3250"}],"version-history":[{"count":0,"href":"https:\/\/www.eldigitaldeasturias.com\/noticias\/wp-json\/wp\/v2\/posts\/3250\/revisions"}],"wp:featuredmedia":[{"embeddable":true,"href":"https:\/\/www.eldigitaldeasturias.com\/noticias\/wp-json\/"}],"wp:attachment":[{"href":"https:\/\/www.eldigitaldeasturias.com\/noticias\/wp-json\/wp\/v2\/media?parent=3250"}],"wp:term":[{"taxonomy":"category","embeddable":true,"href":"https:\/\/www.eldigitaldeasturias.com\/noticias\/wp-json\/wp\/v2\/categories?post=3250"},{"taxonomy":"post_tag","embeddable":true,"href":"https:\/\/www.eldigitaldeasturias.com\/noticias\/wp-json\/wp\/v2\/tags?post=3250"}],"curies":[{"name":"wp","href":"https:\/\/api.w.org\/{rel}","templated":true}]}}