{"id":3215,"date":"2013-09-25T21:41:52","date_gmt":"2013-09-25T21:41:52","guid":{"rendered":"http:\/\/www.eldigitaldeasturias.com\/noticias\/?p=3215"},"modified":"2013-09-25T21:41:52","modified_gmt":"2013-09-25T21:41:52","slug":"los-pescadores-de-fukushima-vuelven-a-faenar-en-alta-mar","status":"publish","type":"post","link":"https:\/\/www.eldigitaldeasturias.com\/noticias\/los-pescadores-de-fukushima-vuelven-a-faenar-en-alta-mar\/","title":{"rendered":"Los pescadores de Fukushima vuelven a faenar en alta mar"},"content":{"rendered":"<p><img loading=\"lazy\" decoding=\"async\" class=\"alignleft size-medium wp-image-3216\" alt=\"fukushimat\" src=\"https:\/\/www.eldigitaldeasturias.com\/noticias\/wp-content\/uploads\/2013\/09\/fukushimat-360x289.jpg\" width=\"360\" height=\"289\" \/>TOKIO, 25 Sep. (EUROPA PRESS) &#8211;\u00a0Los pescadores de la prefectura japonesa de Fukushima (noreste) volver\u00e1n a faenar en alta mar este mi\u00e9rcoles, tras semanas de suspensi\u00f3n debido a las fugas de agua radiactiva desde la central nuclear hom\u00f3nima al oc\u00e9ano Pac\u00edfico.<\/p>\n<p>Las cooperativas de pescadores de las ciudades de Soma y Futaba, en Fukushima, han explicado que sus miembros han decidido volver al trabajo tras comprobar que los niveles de radiactividad en las aguas del Pac\u00edfico, su fauna y su flora vuelven a ser inocuos.<\/p>\n<p>Otras cooperativas de pescadores, como la de la ciudad de Iwaki, ubicada tambi\u00e9n en Fukushima, han anunciado su intenci\u00f3n de volver a faenar la pr\u00f3xima semana, seg\u00fan ha informado la televisi\u00f3n p\u00fablica japonesa, NHK.<\/p>\n<p>El pasado 8 de agosto, el Ministerio de Econom\u00eda, Comercio e Industria de Jap\u00f3n revel\u00f3 que diariamente se vierten al subsuelo 1.000 toneladas de agua desde la central nuclear, de las cuales unas 300 contienen sustancias altamente radiactivas que llegan al Pac\u00edfico.<\/p>\n<p>Desde entonces, las fugas de agua radiactiva no han cesado y han hecho que en las \u00faltimas semanas los niveles de radiactividad en Fukushima-1 se hayan disparado hasta picos de 130.000 becquerelios por litro, capaces de matar a una persona.<\/p>\n<p>PLAN GUBERNAMENTAL<\/p>\n<p>En este contexto, el primer ministro, Shinzo Abe, ha anunciado que el pr\u00f3ximo mes de octubre pondr\u00e1 en marcha un plan valorado en 21.000 millones de yenes (160 millones de euros) que recupera la vieja idea de congelar el suelo alrededor de los cuatro reactores da\u00f1ados de Fukushima-1.<\/p>\n<p>Las pruebas de viabilidad comenzar\u00e1n en el reactor cuatro, en cuyo subsuelo se construir\u00e1 un entramado de tuber\u00edas a las que se inyectar\u00e1 cloruro de calcio a menos 40 grados celsius para congelarlas, encerrando una superficie subterr\u00e1nea de diez metros cuadrados.<\/p>\n<p>Se espera que el \u00abmuro helado\u00bb est\u00e9 operativo hacia el pr\u00f3ximo mes de marzo. Si funciona, la Compa\u00f1\u00eda El\u00e9ctrica de Tokio (TEPCO) construir\u00e1 otros alrededor de los reactores uno, dos y tres de Fukushima-1. El proyecto estar\u00eda completado hacia 2015.<\/p>\n<p>La Autoridad Reguladora de la Energ\u00eda Nuclear (NRA), por su parte, ha decidido elevar del uno &#8211;que indica una \u00abanomal\u00eda\u00bb&#8211; al tres &#8211;que indica un \u00abgrave incidente\u00bb&#8211; el nivel de alerta por las fugas de agua radiactiva desde Fukushima-1.<\/p>\n<p>Adem\u00e1s, la Agencia Internacional de la Energ\u00eda At\u00f3mica (AIEA) ha expresado su preocupaci\u00f3n por las fugas de agua radiactiva desde Fukushima-1 y ha ofrecido al Gobierno de Jap\u00f3n su ayuda para resolver este problema.<\/p>\n<p>ACCIDENTE NUCLEAR<\/p>\n<p>Los problemas en Fukushima-1 se deben al terremoto y el tsunami que el 11 de marzo de 2011 arrasaron la costa de la prefectura japonesa, dando lugar al peor accidente nuclear de la historia, junto al de la central de Chern\u00f3bil, en Ucrania.<\/p>\n<p>Fukushima-1 estaba preparada para un terremoto, ya que Jap\u00f3n se asienta sobre una falla, pero no para un tsunami, por lo que el azote del mar provoc\u00f3 varias explosiones de hidr\u00f3geno que hicieron que los n\u00facleos de algunos de sus reactores se fundieran parcialmente.<\/p>\n","protected":false},"excerpt":{"rendered":"<p>TOKIO, 25 Sep. (EUROPA PRESS) &#8211;\u00a0Los pescadores de la prefectura japonesa de Fukushima (noreste) volver\u00e1n a faenar en alta mar este mi\u00e9rcoles, tras semanas de suspensi\u00f3n debido a las fugas de agua radiactiva desde la central nuclear hom\u00f3nima al oc\u00e9ano Pac\u00edfico. Las cooperativas de pescadores de las ciudades de Soma y Futaba, en Fukushima, han [&hellip;]<\/p>\n","protected":false},"author":1,"featured_media":3216,"comment_status":"open","ping_status":"open","sticky":false,"template":"","format":"standard","meta":{"footnotes":""},"categories":[28],"tags":[],"class_list":["post-3215","post","type-post","status-publish","format-standard","has-post-thumbnail","hentry","category-sociedad"],"aioseo_notices":[],"aioseo_head":"\n\t\t<!-- All in One SEO Pro 4.9.6.2 - aioseo.com -->\n\t<meta name=\"description\" content=\"TOKIO, 25 Sep. (EUROPA PRESS) - Los pescadores de la prefectura japonesa de Fukushima (noreste) volver\u00e1n a faenar en alta mar este mi\u00e9rcoles, tras semanas de suspensi\u00f3n debido a las fugas de agua radiactiva desde la central nuclear hom\u00f3nima al oc\u00e9ano Pac\u00edfico. Las cooperativas de pescadores de las ciudades de Soma y Futaba, en Fukushima, han\" \/>\n\t<meta name=\"robots\" content=\"max-image-preview:large\" \/>\n\t<meta name=\"author\" content=\"El Digital de Asturias\"\/>\n\t<meta name=\"google-site-verification\" content=\"UA-38556648-1\" \/>\n\t<meta name=\"msvalidate.01\" content=\"7dfe9f3f1b24437ab69f4f2559babe99\" \/>\n\t<meta name=\"keywords\" content=\"sociedad\" \/>\n\t<link rel=\"canonical\" href=\"https:\/\/www.eldigitaldeasturias.com\/noticias\/los-pescadores-de-fukushima-vuelven-a-faenar-en-alta-mar\/\" \/>\n\t<meta name=\"generator\" content=\"All in One SEO Pro (AIOSEO) 4.9.6.2\" \/>\n\t\t<meta property=\"og:locale\" content=\"es_ES\" \/>\n\t\t<meta property=\"og:site_name\" content=\"El Digital de Asturias\" \/>\n\t\t<meta property=\"og:type\" content=\"article\" \/>\n\t\t<meta property=\"og:title\" content=\"Los pescadores de Fukushima vuelven a faenar en alta mar - El Digital de Asturias\" \/>\n\t\t<meta property=\"og:description\" content=\"TOKIO, 25 Sep. (EUROPA PRESS) - Los pescadores de la prefectura japonesa de Fukushima (noreste) volver\u00e1n a faenar en alta mar este mi\u00e9rcoles, tras semanas de suspensi\u00f3n debido a las fugas de agua radiactiva desde la central nuclear hom\u00f3nima al oc\u00e9ano Pac\u00edfico. Las cooperativas de pescadores de las ciudades de Soma y Futaba, en Fukushima, han\" \/>\n\t\t<meta property=\"og:url\" content=\"https:\/\/www.eldigitaldeasturias.com\/noticias\/los-pescadores-de-fukushima-vuelven-a-faenar-en-alta-mar\/\" \/>\n\t\t<meta property=\"article:tag\" content=\"sociedad\" \/>\n\t\t<meta property=\"article:published_time\" content=\"2013-09-25T21:41:52+00:00\" \/>\n\t\t<meta property=\"article:modified_time\" content=\"2013-09-25T21:41:52+00:00\" \/>\n\t\t<meta property=\"article:publisher\" content=\"https:\/\/facebook.com\/eldigitaldeasturias\" \/>\n\t\t<meta name=\"twitter:card\" content=\"summary_large_image\" \/>\n\t\t<meta name=\"twitter:title\" content=\"Los pescadores de Fukushima vuelven a faenar en alta mar - El Digital de Asturias\" \/>\n\t\t<meta name=\"twitter:description\" content=\"TOKIO, 25 Sep. (EUROPA PRESS) - Los pescadores de la prefectura japonesa de Fukushima (noreste) volver\u00e1n a faenar en alta mar este mi\u00e9rcoles, tras semanas de suspensi\u00f3n debido a las fugas de agua radiactiva desde la central nuclear hom\u00f3nima al oc\u00e9ano Pac\u00edfico. Las cooperativas de pescadores de las ciudades de Soma y Futaba, en Fukushima, han\" \/>\n\t\t<meta name=\"twitter:label1\" content=\"Escrito por\" \/>\n\t\t<meta name=\"twitter:data1\" content=\"El Digital de Asturias\" \/>\n\t\t<meta name=\"twitter:label2\" content=\"Tiempo de lectura estimado\" \/>\n\t\t<meta name=\"twitter:data2\" content=\"3 minutos\" \/>\n\t\t<script type=\"application\/ld+json\" class=\"aioseo-schema\">\n\t\t\t{\"@context\":\"https:\\\/\\\/schema.org\",\"@graph\":[{\"@type\":\"BlogPosting\",\"@id\":\"https:\\\/\\\/www.eldigitaldeasturias.com\\\/noticias\\\/los-pescadores-de-fukushima-vuelven-a-faenar-en-alta-mar\\\/#blogposting\",\"name\":\"Los pescadores de Fukushima vuelven a faenar en alta mar - El Digital de Asturias\",\"headline\":\"Los pescadores de Fukushima vuelven a faenar en alta mar\",\"author\":{\"@id\":\"https:\\\/\\\/www.eldigitaldeasturias.com\\\/noticias\\\/author\\\/admin\\\/#author\"},\"publisher\":{\"@id\":\"https:\\\/\\\/www.eldigitaldeasturias.com\\\/noticias\\\/#organization\"},\"image\":{\"@type\":\"ImageObject\",\"url\":3216},\"datePublished\":\"2013-09-25T21:41:52+02:00\",\"dateModified\":\"2013-09-25T21:41:52+02:00\",\"inLanguage\":\"es-ES\",\"mainEntityOfPage\":{\"@id\":\"https:\\\/\\\/www.eldigitaldeasturias.com\\\/noticias\\\/los-pescadores-de-fukushima-vuelven-a-faenar-en-alta-mar\\\/#webpage\"},\"isPartOf\":{\"@id\":\"https:\\\/\\\/www.eldigitaldeasturias.com\\\/noticias\\\/los-pescadores-de-fukushima-vuelven-a-faenar-en-alta-mar\\\/#webpage\"},\"articleSection\":\"Sociedad\"},{\"@type\":\"BreadcrumbList\",\"@id\":\"https:\\\/\\\/www.eldigitaldeasturias.com\\\/noticias\\\/los-pescadores-de-fukushima-vuelven-a-faenar-en-alta-mar\\\/#breadcrumblist\",\"itemListElement\":[{\"@type\":\"ListItem\",\"@id\":\"https:\\\/\\\/www.eldigitaldeasturias.com\\\/noticias#listItem\",\"position\":1,\"name\":\"Home\",\"item\":\"https:\\\/\\\/www.eldigitaldeasturias.com\\\/noticias\",\"nextItem\":{\"@type\":\"ListItem\",\"@id\":\"https:\\\/\\\/www.eldigitaldeasturias.com\\\/noticias\\\/category\\\/sociedad\\\/#listItem\",\"name\":\"Sociedad\"}},{\"@type\":\"ListItem\",\"@id\":\"https:\\\/\\\/www.eldigitaldeasturias.com\\\/noticias\\\/category\\\/sociedad\\\/#listItem\",\"position\":2,\"name\":\"Sociedad\",\"item\":\"https:\\\/\\\/www.eldigitaldeasturias.com\\\/noticias\\\/category\\\/sociedad\\\/\",\"nextItem\":{\"@type\":\"ListItem\",\"@id\":\"https:\\\/\\\/www.eldigitaldeasturias.com\\\/noticias\\\/los-pescadores-de-fukushima-vuelven-a-faenar-en-alta-mar\\\/#listItem\",\"name\":\"Los pescadores de Fukushima vuelven a faenar en alta mar\"},\"previousItem\":{\"@type\":\"ListItem\",\"@id\":\"https:\\\/\\\/www.eldigitaldeasturias.com\\\/noticias#listItem\",\"name\":\"Home\"}},{\"@type\":\"ListItem\",\"@id\":\"https:\\\/\\\/www.eldigitaldeasturias.com\\\/noticias\\\/los-pescadores-de-fukushima-vuelven-a-faenar-en-alta-mar\\\/#listItem\",\"position\":3,\"name\":\"Los pescadores de Fukushima vuelven a faenar en alta mar\",\"previousItem\":{\"@type\":\"ListItem\",\"@id\":\"https:\\\/\\\/www.eldigitaldeasturias.com\\\/noticias\\\/category\\\/sociedad\\\/#listItem\",\"name\":\"Sociedad\"}}]},{\"@type\":\"Organization\",\"@id\":\"https:\\\/\\\/www.eldigitaldeasturias.com\\\/noticias\\\/#organization\",\"name\":\"El Digital de Asturias\",\"description\":\"Hemeroteca\",\"url\":\"https:\\\/\\\/www.eldigitaldeasturias.com\\\/noticias\\\/\",\"email\":\"info@eldigitaldeasturias.com\",\"telephone\":\"+34652131393\",\"logo\":{\"@type\":\"ImageObject\",\"url\":\"https:\\\/\\\/www.eldigitaldeasturias.com\\\/noticias\\\/wp-content\\\/uploads\\\/2020\\\/12\\\/EDA.jpg\",\"@id\":\"https:\\\/\\\/www.eldigitaldeasturias.com\\\/noticias\\\/los-pescadores-de-fukushima-vuelven-a-faenar-en-alta-mar\\\/#organizationLogo\",\"width\":649,\"height\":297},\"image\":{\"@id\":\"https:\\\/\\\/www.eldigitaldeasturias.com\\\/noticias\\\/los-pescadores-de-fukushima-vuelven-a-faenar-en-alta-mar\\\/#organizationLogo\"},\"sameAs\":[\"https:\\\/\\\/facebook.com\\\/eldigitaldeasturias\",\"https:\\\/\\\/www.youtube.com\\\/channel\\\/UCZP-2wLEB9Rv6erhFmqVnvg\"],\"address\":{\"@id\":\"https:\\\/\\\/www.eldigitaldeasturias.com\\\/noticias\\\/#postaladdress\",\"@type\":\"PostalAddress\",\"streetAddress\":\"san antonio 4,\",\"postalCode\":\"33430\",\"addressLocality\":\"Cand\\u00e1s\",\"addressRegion\":\"Asturias\",\"addressCountry\":\"ES\"}},{\"@type\":\"Person\",\"@id\":\"https:\\\/\\\/www.eldigitaldeasturias.com\\\/noticias\\\/author\\\/admin\\\/#author\",\"url\":\"https:\\\/\\\/www.eldigitaldeasturias.com\\\/noticias\\\/author\\\/admin\\\/\",\"name\":\"El Digital de Asturias\",\"image\":{\"@type\":\"ImageObject\",\"@id\":\"https:\\\/\\\/www.eldigitaldeasturias.com\\\/noticias\\\/los-pescadores-de-fukushima-vuelven-a-faenar-en-alta-mar\\\/#authorImage\",\"url\":\"https:\\\/\\\/www.eldigitaldeasturias.com\\\/noticias\\\/wp-content\\\/litespeed\\\/avatar\\\/18677e78aa0546b92d9dbf31ec7d7668.jpg?ver=1777290358\",\"width\":96,\"height\":96,\"caption\":\"El Digital de Asturias\"}},{\"@type\":\"WebPage\",\"@id\":\"https:\\\/\\\/www.eldigitaldeasturias.com\\\/noticias\\\/los-pescadores-de-fukushima-vuelven-a-faenar-en-alta-mar\\\/#webpage\",\"url\":\"https:\\\/\\\/www.eldigitaldeasturias.com\\\/noticias\\\/los-pescadores-de-fukushima-vuelven-a-faenar-en-alta-mar\\\/\",\"name\":\"Los pescadores de Fukushima vuelven a faenar en alta mar - El Digital de Asturias\",\"description\":\"TOKIO, 25 Sep. (EUROPA PRESS) - Los pescadores de la prefectura japonesa de Fukushima (noreste) volver\\u00e1n a faenar en alta mar este mi\\u00e9rcoles, tras semanas de suspensi\\u00f3n debido a las fugas de agua radiactiva desde la central nuclear hom\\u00f3nima al oc\\u00e9ano Pac\\u00edfico. Las cooperativas de pescadores de las ciudades de Soma y Futaba, en Fukushima, han\",\"inLanguage\":\"es-ES\",\"isPartOf\":{\"@id\":\"https:\\\/\\\/www.eldigitaldeasturias.com\\\/noticias\\\/#website\"},\"breadcrumb\":{\"@id\":\"https:\\\/\\\/www.eldigitaldeasturias.com\\\/noticias\\\/los-pescadores-de-fukushima-vuelven-a-faenar-en-alta-mar\\\/#breadcrumblist\"},\"author\":{\"@id\":\"https:\\\/\\\/www.eldigitaldeasturias.com\\\/noticias\\\/author\\\/admin\\\/#author\"},\"creator\":{\"@id\":\"https:\\\/\\\/www.eldigitaldeasturias.com\\\/noticias\\\/author\\\/admin\\\/#author\"},\"image\":{\"@type\":\"ImageObject\",\"url\":3216,\"@id\":\"https:\\\/\\\/www.eldigitaldeasturias.com\\\/noticias\\\/los-pescadores-de-fukushima-vuelven-a-faenar-en-alta-mar\\\/#mainImage\"},\"primaryImageOfPage\":{\"@id\":\"https:\\\/\\\/www.eldigitaldeasturias.com\\\/noticias\\\/los-pescadores-de-fukushima-vuelven-a-faenar-en-alta-mar\\\/#mainImage\"},\"datePublished\":\"2013-09-25T21:41:52+02:00\",\"dateModified\":\"2013-09-25T21:41:52+02:00\"},{\"@type\":\"WebSite\",\"@id\":\"https:\\\/\\\/www.eldigitaldeasturias.com\\\/noticias\\\/#website\",\"url\":\"https:\\\/\\\/www.eldigitaldeasturias.com\\\/noticias\\\/\",\"name\":\"El Digital de Asturias - Diario de actualidad y noticias\",\"alternateName\":\"El Digital de Asturias - Diario de actualidad y noticias\",\"description\":\"Hemeroteca\",\"inLanguage\":\"es-ES\",\"publisher\":{\"@id\":\"https:\\\/\\\/www.eldigitaldeasturias.com\\\/noticias\\\/#organization\"}}]}\n\t\t<\/script>\n\t\t<!-- All in One SEO Pro -->\r\n\t\t<title>Los pescadores de Fukushima vuelven a faenar en alta mar - El Digital de Asturias<\/title>\n\n","aioseo_head_json":{"title":"Los pescadores de Fukushima vuelven a faenar en alta mar - El Digital de Asturias","description":"TOKIO, 25 Sep. (EUROPA PRESS) - Los pescadores de la prefectura japonesa de Fukushima (noreste) volver\u00e1n a faenar en alta mar este mi\u00e9rcoles, tras semanas de suspensi\u00f3n debido a las fugas de agua radiactiva desde la central nuclear hom\u00f3nima al oc\u00e9ano Pac\u00edfico. Las cooperativas de pescadores de las ciudades de Soma y Futaba, en Fukushima, han","canonical_url":"https:\/\/www.eldigitaldeasturias.com\/noticias\/los-pescadores-de-fukushima-vuelven-a-faenar-en-alta-mar\/","robots":"max-image-preview:large","keywords":"sociedad","webmasterTools":{"google-site-verification":"UA-38556648-1","msvalidate.01":"7dfe9f3f1b24437ab69f4f2559babe99","miscellaneous":""},"schema":{"@context":"https:\/\/schema.org","@graph":[{"@type":"BlogPosting","@id":"https:\/\/www.eldigitaldeasturias.com\/noticias\/los-pescadores-de-fukushima-vuelven-a-faenar-en-alta-mar\/#blogposting","name":"Los pescadores de Fukushima vuelven a faenar en alta mar - El Digital de Asturias","headline":"Los pescadores de Fukushima vuelven a faenar en alta mar","author":{"@id":"https:\/\/www.eldigitaldeasturias.com\/noticias\/author\/admin\/#author"},"publisher":{"@id":"https:\/\/www.eldigitaldeasturias.com\/noticias\/#organization"},"image":{"@type":"ImageObject","url":3216},"datePublished":"2013-09-25T21:41:52+02:00","dateModified":"2013-09-25T21:41:52+02:00","inLanguage":"es-ES","mainEntityOfPage":{"@id":"https:\/\/www.eldigitaldeasturias.com\/noticias\/los-pescadores-de-fukushima-vuelven-a-faenar-en-alta-mar\/#webpage"},"isPartOf":{"@id":"https:\/\/www.eldigitaldeasturias.com\/noticias\/los-pescadores-de-fukushima-vuelven-a-faenar-en-alta-mar\/#webpage"},"articleSection":"Sociedad"},{"@type":"BreadcrumbList","@id":"https:\/\/www.eldigitaldeasturias.com\/noticias\/los-pescadores-de-fukushima-vuelven-a-faenar-en-alta-mar\/#breadcrumblist","itemListElement":[{"@type":"ListItem","@id":"https:\/\/www.eldigitaldeasturias.com\/noticias#listItem","position":1,"name":"Home","item":"https:\/\/www.eldigitaldeasturias.com\/noticias","nextItem":{"@type":"ListItem","@id":"https:\/\/www.eldigitaldeasturias.com\/noticias\/category\/sociedad\/#listItem","name":"Sociedad"}},{"@type":"ListItem","@id":"https:\/\/www.eldigitaldeasturias.com\/noticias\/category\/sociedad\/#listItem","position":2,"name":"Sociedad","item":"https:\/\/www.eldigitaldeasturias.com\/noticias\/category\/sociedad\/","nextItem":{"@type":"ListItem","@id":"https:\/\/www.eldigitaldeasturias.com\/noticias\/los-pescadores-de-fukushima-vuelven-a-faenar-en-alta-mar\/#listItem","name":"Los pescadores de Fukushima vuelven a faenar en alta mar"},"previousItem":{"@type":"ListItem","@id":"https:\/\/www.eldigitaldeasturias.com\/noticias#listItem","name":"Home"}},{"@type":"ListItem","@id":"https:\/\/www.eldigitaldeasturias.com\/noticias\/los-pescadores-de-fukushima-vuelven-a-faenar-en-alta-mar\/#listItem","position":3,"name":"Los pescadores de Fukushima vuelven a faenar en alta mar","previousItem":{"@type":"ListItem","@id":"https:\/\/www.eldigitaldeasturias.com\/noticias\/category\/sociedad\/#listItem","name":"Sociedad"}}]},{"@type":"Organization","@id":"https:\/\/www.eldigitaldeasturias.com\/noticias\/#organization","name":"El Digital de Asturias","description":"Hemeroteca","url":"https:\/\/www.eldigitaldeasturias.com\/noticias\/","email":"info@eldigitaldeasturias.com","telephone":"+34652131393","logo":{"@type":"ImageObject","url":"https:\/\/www.eldigitaldeasturias.com\/noticias\/wp-content\/uploads\/2020\/12\/EDA.jpg","@id":"https:\/\/www.eldigitaldeasturias.com\/noticias\/los-pescadores-de-fukushima-vuelven-a-faenar-en-alta-mar\/#organizationLogo","width":649,"height":297},"image":{"@id":"https:\/\/www.eldigitaldeasturias.com\/noticias\/los-pescadores-de-fukushima-vuelven-a-faenar-en-alta-mar\/#organizationLogo"},"sameAs":["https:\/\/facebook.com\/eldigitaldeasturias","https:\/\/www.youtube.com\/channel\/UCZP-2wLEB9Rv6erhFmqVnvg"],"address":{"@id":"https:\/\/www.eldigitaldeasturias.com\/noticias\/#postaladdress","@type":"PostalAddress","streetAddress":"san antonio 4,","postalCode":"33430","addressLocality":"Cand\u00e1s","addressRegion":"Asturias","addressCountry":"ES"}},{"@type":"Person","@id":"https:\/\/www.eldigitaldeasturias.com\/noticias\/author\/admin\/#author","url":"https:\/\/www.eldigitaldeasturias.com\/noticias\/author\/admin\/","name":"El Digital de Asturias","image":{"@type":"ImageObject","@id":"https:\/\/www.eldigitaldeasturias.com\/noticias\/los-pescadores-de-fukushima-vuelven-a-faenar-en-alta-mar\/#authorImage","url":"https:\/\/www.eldigitaldeasturias.com\/noticias\/wp-content\/litespeed\/avatar\/18677e78aa0546b92d9dbf31ec7d7668.jpg?ver=1777290358","width":96,"height":96,"caption":"El Digital de Asturias"}},{"@type":"WebPage","@id":"https:\/\/www.eldigitaldeasturias.com\/noticias\/los-pescadores-de-fukushima-vuelven-a-faenar-en-alta-mar\/#webpage","url":"https:\/\/www.eldigitaldeasturias.com\/noticias\/los-pescadores-de-fukushima-vuelven-a-faenar-en-alta-mar\/","name":"Los pescadores de Fukushima vuelven a faenar en alta mar - El Digital de Asturias","description":"TOKIO, 25 Sep. (EUROPA PRESS) - Los pescadores de la prefectura japonesa de Fukushima (noreste) volver\u00e1n a faenar en alta mar este mi\u00e9rcoles, tras semanas de suspensi\u00f3n debido a las fugas de agua radiactiva desde la central nuclear hom\u00f3nima al oc\u00e9ano Pac\u00edfico. Las cooperativas de pescadores de las ciudades de Soma y Futaba, en Fukushima, han","inLanguage":"es-ES","isPartOf":{"@id":"https:\/\/www.eldigitaldeasturias.com\/noticias\/#website"},"breadcrumb":{"@id":"https:\/\/www.eldigitaldeasturias.com\/noticias\/los-pescadores-de-fukushima-vuelven-a-faenar-en-alta-mar\/#breadcrumblist"},"author":{"@id":"https:\/\/www.eldigitaldeasturias.com\/noticias\/author\/admin\/#author"},"creator":{"@id":"https:\/\/www.eldigitaldeasturias.com\/noticias\/author\/admin\/#author"},"image":{"@type":"ImageObject","url":3216,"@id":"https:\/\/www.eldigitaldeasturias.com\/noticias\/los-pescadores-de-fukushima-vuelven-a-faenar-en-alta-mar\/#mainImage"},"primaryImageOfPage":{"@id":"https:\/\/www.eldigitaldeasturias.com\/noticias\/los-pescadores-de-fukushima-vuelven-a-faenar-en-alta-mar\/#mainImage"},"datePublished":"2013-09-25T21:41:52+02:00","dateModified":"2013-09-25T21:41:52+02:00"},{"@type":"WebSite","@id":"https:\/\/www.eldigitaldeasturias.com\/noticias\/#website","url":"https:\/\/www.eldigitaldeasturias.com\/noticias\/","name":"El Digital de Asturias - Diario de actualidad y noticias","alternateName":"El Digital de Asturias - Diario de actualidad y noticias","description":"Hemeroteca","inLanguage":"es-ES","publisher":{"@id":"https:\/\/www.eldigitaldeasturias.com\/noticias\/#organization"}}]},"og:locale":"es_ES","og:site_name":"El Digital de Asturias","og:type":"article","og:title":"Los pescadores de Fukushima vuelven a faenar en alta mar - El Digital de Asturias","og:description":"TOKIO, 25 Sep. (EUROPA PRESS) - Los pescadores de la prefectura japonesa de Fukushima (noreste) volver\u00e1n a faenar en alta mar este mi\u00e9rcoles, tras semanas de suspensi\u00f3n debido a las fugas de agua radiactiva desde la central nuclear hom\u00f3nima al oc\u00e9ano Pac\u00edfico. Las cooperativas de pescadores de las ciudades de Soma y Futaba, en Fukushima, han","og:url":"https:\/\/www.eldigitaldeasturias.com\/noticias\/los-pescadores-de-fukushima-vuelven-a-faenar-en-alta-mar\/","article:tag":["sociedad"],"article:published_time":"2013-09-25T21:41:52+00:00","article:modified_time":"2013-09-25T21:41:52+00:00","article:publisher":"https:\/\/facebook.com\/eldigitaldeasturias","twitter:card":"summary_large_image","twitter:title":"Los pescadores de Fukushima vuelven a faenar en alta mar - El Digital de Asturias","twitter:description":"TOKIO, 25 Sep. (EUROPA PRESS) - Los pescadores de la prefectura japonesa de Fukushima (noreste) volver\u00e1n a faenar en alta mar este mi\u00e9rcoles, tras semanas de suspensi\u00f3n debido a las fugas de agua radiactiva desde la central nuclear hom\u00f3nima al oc\u00e9ano Pac\u00edfico. Las cooperativas de pescadores de las ciudades de Soma y Futaba, en Fukushima, han","twitter:label1":"Escrito por","twitter:data1":"El Digital de Asturias","twitter:label2":"Tiempo de lectura estimado","twitter:data2":"3 minutos"},"aioseo_meta_data":{"post_id":"3215","title":null,"description":null,"keywords":null,"keyphrases":null,"primary_term":null,"canonical_url":null,"og_title":null,"og_description":null,"og_object_type":"default","og_image_type":"default","og_image_url":null,"og_image_width":null,"og_image_height":null,"og_image_custom_url":null,"og_image_custom_fields":null,"og_video":null,"og_custom_url":null,"og_article_section":null,"og_article_tags":null,"twitter_use_og":true,"twitter_card":"default","twitter_image_type":"default","twitter_image_url":null,"twitter_image_custom_url":null,"twitter_image_custom_fields":null,"twitter_title":null,"twitter_description":null,"schema":{"blockGraphs":[],"customGraphs":[],"default":{"data":{"Article":[],"Course":[],"Dataset":[],"FAQPage":[],"Movie":[],"Person":[],"Product":[],"ProductReview":[],"Car":[],"Recipe":[],"Service":[],"SoftwareApplication":[],"WebPage":[]},"graphName":"","isEnabled":true},"graphs":[],"defaultGraph":"","defaultPostTypeGraph":""},"schema_type":null,"schema_type_options":null,"pillar_content":false,"robots_default":true,"robots_noindex":false,"robots_noarchive":false,"robots_nosnippet":false,"robots_nofollow":false,"robots_noimageindex":false,"robots_noodp":false,"robots_notranslate":false,"robots_max_snippet":null,"robots_max_videopreview":null,"robots_max_imagepreview":"none","priority":null,"frequency":null,"local_seo":null,"seo_analyzer_scan_date":"2025-08-21 06:00:51","breadcrumb_settings":null,"limit_modified_date":false,"open_ai":null,"ai":null,"created":"2020-11-14 22:37:04","updated":"2025-08-21 06:00:51"},"aioseo_breadcrumb":"<div class=\"aioseo-breadcrumbs\"><span class=\"aioseo-breadcrumb\">\n\t<a href=\"https:\/\/www.eldigitaldeasturias.com\/noticias\" title=\"Home\">Home<\/a>\n<\/span><span class=\"aioseo-breadcrumb-separator\">\u2013<\/span><span class=\"aioseo-breadcrumb\">\n\t<a href=\"https:\/\/www.eldigitaldeasturias.com\/noticias\/category\/sociedad\/\" title=\"Sociedad\">Sociedad<\/a>\n<\/span><span class=\"aioseo-breadcrumb-separator\">\u2013<\/span><span class=\"aioseo-breadcrumb\">\n\t<a href=\"https:\/\/www.eldigitaldeasturias.com\/noticias\/los-pescadores-de-fukushima-vuelven-a-faenar-en-alta-mar\/\" title=\"Los pescadores de Fukushima vuelven a faenar en alta mar\">Los pescadores de Fukushima vuelven a faenar en alta mar<\/a>\n<\/span><\/div>","aioseo_breadcrumb_json":[{"label":"Home","link":"https:\/\/www.eldigitaldeasturias.com\/noticias"},{"label":"Sociedad","link":"https:\/\/www.eldigitaldeasturias.com\/noticias\/category\/sociedad\/"},{"label":"Los pescadores de Fukushima vuelven a faenar en alta mar","link":"https:\/\/www.eldigitaldeasturias.com\/noticias\/los-pescadores-de-fukushima-vuelven-a-faenar-en-alta-mar\/"}],"_links":{"self":[{"href":"https:\/\/www.eldigitaldeasturias.com\/noticias\/wp-json\/wp\/v2\/posts\/3215","targetHints":{"allow":["GET"]}}],"collection":[{"href":"https:\/\/www.eldigitaldeasturias.com\/noticias\/wp-json\/wp\/v2\/posts"}],"about":[{"href":"https:\/\/www.eldigitaldeasturias.com\/noticias\/wp-json\/wp\/v2\/types\/post"}],"author":[{"embeddable":true,"href":"https:\/\/www.eldigitaldeasturias.com\/noticias\/wp-json\/wp\/v2\/users\/1"}],"replies":[{"embeddable":true,"href":"https:\/\/www.eldigitaldeasturias.com\/noticias\/wp-json\/wp\/v2\/comments?post=3215"}],"version-history":[{"count":0,"href":"https:\/\/www.eldigitaldeasturias.com\/noticias\/wp-json\/wp\/v2\/posts\/3215\/revisions"}],"wp:featuredmedia":[{"embeddable":true,"href":"https:\/\/www.eldigitaldeasturias.com\/noticias\/wp-json\/"}],"wp:attachment":[{"href":"https:\/\/www.eldigitaldeasturias.com\/noticias\/wp-json\/wp\/v2\/media?parent=3215"}],"wp:term":[{"taxonomy":"category","embeddable":true,"href":"https:\/\/www.eldigitaldeasturias.com\/noticias\/wp-json\/wp\/v2\/categories?post=3215"},{"taxonomy":"post_tag","embeddable":true,"href":"https:\/\/www.eldigitaldeasturias.com\/noticias\/wp-json\/wp\/v2\/tags?post=3215"}],"curies":[{"name":"wp","href":"https:\/\/api.w.org\/{rel}","templated":true}]}}