{"id":3211,"date":"2013-09-25T21:35:48","date_gmt":"2013-09-25T21:35:48","guid":{"rendered":"http:\/\/www.eldigitaldeasturias.com\/noticias\/?p=3211"},"modified":"2013-09-25T21:35:48","modified_gmt":"2013-09-25T21:35:48","slug":"el-credito-se-presentara-en-el-teatro-maravillas-de-madrid-desde-el-proximo-27-de-septiembre","status":"publish","type":"post","link":"https:\/\/www.eldigitaldeasturias.com\/noticias\/el-credito-se-presentara-en-el-teatro-maravillas-de-madrid-desde-el-proximo-27-de-septiembre\/","title":{"rendered":"&#8216;El cr\u00e9dito&#8217; se presentar\u00e1 en el Teatro Maravillas de Madrid desde el pr\u00f3ximo 27 de septiembre."},"content":{"rendered":"<p><img loading=\"lazy\" decoding=\"async\" class=\"alignleft size-medium wp-image-3212\" alt=\"fotonoticia_20130925192148_800\" src=\"https:\/\/www.eldigitaldeasturias.com\/noticias\/wp-content\/uploads\/2013\/09\/fotonoticia_20130925192148_800-360x240.jpg\" width=\"360\" height=\"240\" \/>(EUROPA PRESS) &#8211;\u00a0Los actores Luis Merlo y Carlos Hip\u00f3lito se ponen bajo las \u00f3rdenes de Gerardo Vera en la obra teatral &#8216;El cr\u00e9dito&#8217;, escrita por Jordi Galcer\u00e1n, que se presentar\u00e1 en el Teatro Maravillas de Madrid desde el pr\u00f3ximo 27 de septiembre.<\/p>\n<p>La pieza ya se ha sido representada en Bilbao, con un resultado que seg\u00fan Merlo ha dejado satisfechos a los participantes: \u00abLa reacci\u00f3n del p\u00fablico ha sido incre\u00edble, si tuvi\u00e9ramos que pararnos en cada carcajada, la obra no terminar\u00eda nunca\u00bb.<\/p>\n<p>&#8216;El cr\u00e9dito&#8217;, que el mismo actor describe como \u00abuna comedia con una carpinter\u00eda teatral s\u00f3lida\u00bb, relata la historia de un hombre desesperado (Luis Merlo) que se ve obligado a solicitar un pr\u00e9stamo al banco, una gesti\u00f3n que se complica cuando el director de la sucursal (Carlos Hip\u00f3lito) se lo niega porque no encuentra en \u00e9l garant\u00edas de que pueda pagarlo. Es entonces cuando el desafortunado ciudadano decide amenazar al rico banquero con convertir su vida en una \u00abaut\u00e9ntica cat\u00e1strofe\u00bb.<\/p>\n<p>A pesar de este gui\u00f1o a la realidad que vive Espa\u00f1a, Jordi Galcer\u00e1n ha asegurado que su intenci\u00f3n no es \u00abhacer una cr\u00edtica\u00bb ni una \u00abdisecci\u00f3n econ\u00f3mica o social\u00bb, simplemente busca \u00abcontar una buena historia\u00bb en la que utiliza la \u00abvulnerabilidad de las personas\u00bb en clave de comedia como punto de partida.<\/p>\n<p>Por el contrario, Carlos Hip\u00f3lito ha incidido en que la obra \u00abinevitablemente\u00bb invita a la reflexi\u00f3n y \u00abgenera un debate posterior\u00bb, por lo que \u00abno es una comedia banal\u00bb. Asimismo, el int\u00e9rprete ha alabado a Galcer\u00e1n por sus di\u00e1logos que son \u00abjoyas\u00bb y que \u00abest\u00e1n escritos para ser dichos\u00bb, generando \u00abteatro del bueno\u00bb.<\/p>\n<p>\u00abCon Jordi me paro tras siete carcajadas seguidas y me pregunto de qu\u00e9 me estoy riendo\u00bb, ha se\u00f1alado, al tiempo que le ha querido mostrar a su compa\u00f1ero de escena el aprecio que le tiene: \u00abEstar contigo en el escenario es un regalo\u00bb, le ha confesado.<\/p>\n<p>El actor tambi\u00e9n ha tenido palabras para un director, Gerardo Vero, que hace que \u00abel trabajo se convierta en placer\u00bb y que le permita \u00abjugar el doble\u00bb con su personaje, adem\u00e1s de \u00abtener la generosidad\u00bb de \u00abvenir al teatro privado a aportar lo que sabe\u00bb. Sin embargo, el escen\u00f3grafo se ha quitado cualquier m\u00e9rito, afirmando que su \u00fanico acierto ha sido \u00abponer la oreja cerca de Jordi\u00bb y hacerse \u00abint\u00e9rprete de su mundo\u00bb.<\/p>\n<p>&#8216;El cr\u00e9dito&#8217; estar\u00e1 durante un mes en cartel los mi\u00e9rcoles y jueves a las 20.30 horas, los viernes y s\u00e1bados a las 19.00 y a las 21.00 horas y los domingos a las 19.00 horas.<\/p>\n","protected":false},"excerpt":{"rendered":"<p>(EUROPA PRESS) &#8211;\u00a0Los actores Luis Merlo y Carlos Hip\u00f3lito se ponen bajo las \u00f3rdenes de Gerardo Vera en la obra teatral &#8216;El cr\u00e9dito&#8217;, escrita por Jordi Galcer\u00e1n, que se presentar\u00e1 en el Teatro Maravillas de Madrid desde el pr\u00f3ximo 27 de septiembre. La pieza ya se ha sido representada en Bilbao, con un resultado que [&hellip;]<\/p>\n","protected":false},"author":1,"featured_media":3212,"comment_status":"open","ping_status":"open","sticky":false,"template":"","format":"standard","meta":{"footnotes":""},"categories":[50],"tags":[],"class_list":["post-3211","post","type-post","status-publish","format-standard","has-post-thumbnail","hentry","category-revista-de-ocio"],"aioseo_notices":[],"aioseo_head":"\n\t\t<!-- All in One SEO Pro 4.9.6.2 - aioseo.com -->\n\t<meta name=\"description\" content=\"(EUROPA PRESS) - Los actores Luis Merlo y Carlos Hip\u00f3lito se ponen bajo las \u00f3rdenes de Gerardo Vera en la obra teatral &#039;El cr\u00e9dito&#039;, escrita por Jordi Galcer\u00e1n, que se presentar\u00e1 en el Teatro Maravillas de Madrid desde el pr\u00f3ximo 27 de septiembre. La pieza ya se ha sido representada en Bilbao, con un resultado que\" \/>\n\t<meta name=\"robots\" content=\"max-image-preview:large\" \/>\n\t<meta name=\"author\" content=\"El Digital de Asturias\"\/>\n\t<meta name=\"google-site-verification\" content=\"UA-38556648-1\" \/>\n\t<meta name=\"msvalidate.01\" content=\"7dfe9f3f1b24437ab69f4f2559babe99\" \/>\n\t<meta name=\"keywords\" content=\"revista de ocio\" \/>\n\t<link rel=\"canonical\" href=\"https:\/\/www.eldigitaldeasturias.com\/noticias\/el-credito-se-presentara-en-el-teatro-maravillas-de-madrid-desde-el-proximo-27-de-septiembre\/\" \/>\n\t<meta name=\"generator\" content=\"All in One SEO Pro (AIOSEO) 4.9.6.2\" \/>\n\t\t<meta property=\"og:locale\" content=\"es_ES\" \/>\n\t\t<meta property=\"og:site_name\" content=\"El Digital de Asturias\" \/>\n\t\t<meta property=\"og:type\" content=\"article\" \/>\n\t\t<meta property=\"og:title\" content=\"\u2018El cr\u00e9dito\u2019 se presentar\u00e1 en el Teatro Maravillas de Madrid desde el pr\u00f3ximo 27 de septiembre. - El Digital de Asturias\" \/>\n\t\t<meta property=\"og:description\" content=\"(EUROPA PRESS) - Los actores Luis Merlo y Carlos Hip\u00f3lito se ponen bajo las \u00f3rdenes de Gerardo Vera en la obra teatral &#039;El cr\u00e9dito&#039;, escrita por Jordi Galcer\u00e1n, que se presentar\u00e1 en el Teatro Maravillas de Madrid desde el pr\u00f3ximo 27 de septiembre. La pieza ya se ha sido representada en Bilbao, con un resultado que\" \/>\n\t\t<meta property=\"og:url\" content=\"https:\/\/www.eldigitaldeasturias.com\/noticias\/el-credito-se-presentara-en-el-teatro-maravillas-de-madrid-desde-el-proximo-27-de-septiembre\/\" \/>\n\t\t<meta property=\"article:tag\" content=\"revista de ocio\" \/>\n\t\t<meta property=\"article:published_time\" content=\"2013-09-25T21:35:48+00:00\" \/>\n\t\t<meta property=\"article:modified_time\" content=\"2013-09-25T21:35:48+00:00\" \/>\n\t\t<meta property=\"article:publisher\" content=\"https:\/\/facebook.com\/eldigitaldeasturias\" \/>\n\t\t<meta name=\"twitter:card\" content=\"summary_large_image\" \/>\n\t\t<meta name=\"twitter:title\" content=\"\u2018El cr\u00e9dito\u2019 se presentar\u00e1 en el Teatro Maravillas de Madrid desde el pr\u00f3ximo 27 de septiembre. - El Digital de Asturias\" \/>\n\t\t<meta name=\"twitter:description\" content=\"(EUROPA PRESS) - Los actores Luis Merlo y Carlos Hip\u00f3lito se ponen bajo las \u00f3rdenes de Gerardo Vera en la obra teatral &#039;El cr\u00e9dito&#039;, escrita por Jordi Galcer\u00e1n, que se presentar\u00e1 en el Teatro Maravillas de Madrid desde el pr\u00f3ximo 27 de septiembre. La pieza ya se ha sido representada en Bilbao, con un resultado que\" \/>\n\t\t<meta name=\"twitter:label1\" content=\"Escrito por\" \/>\n\t\t<meta name=\"twitter:data1\" content=\"El Digital de Asturias\" \/>\n\t\t<meta name=\"twitter:label2\" content=\"Tiempo de lectura estimado\" \/>\n\t\t<meta name=\"twitter:data2\" content=\"2 minutos\" \/>\n\t\t<script type=\"application\/ld+json\" class=\"aioseo-schema\">\n\t\t\t{\"@context\":\"https:\\\/\\\/schema.org\",\"@graph\":[{\"@type\":\"BlogPosting\",\"@id\":\"https:\\\/\\\/www.eldigitaldeasturias.com\\\/noticias\\\/el-credito-se-presentara-en-el-teatro-maravillas-de-madrid-desde-el-proximo-27-de-septiembre\\\/#blogposting\",\"name\":\"\\u2018El cr\\u00e9dito\\u2019 se presentar\\u00e1 en el Teatro Maravillas de Madrid desde el pr\\u00f3ximo 27 de septiembre. - El Digital de Asturias\",\"headline\":\"&#8216;El cr\\u00e9dito&#8217; se presentar\\u00e1 en el Teatro Maravillas de Madrid desde el pr\\u00f3ximo 27 de septiembre.\",\"author\":{\"@id\":\"https:\\\/\\\/www.eldigitaldeasturias.com\\\/noticias\\\/author\\\/admin\\\/#author\"},\"publisher\":{\"@id\":\"https:\\\/\\\/www.eldigitaldeasturias.com\\\/noticias\\\/#organization\"},\"image\":{\"@type\":\"ImageObject\",\"url\":3212},\"datePublished\":\"2013-09-25T21:35:48+02:00\",\"dateModified\":\"2013-09-25T21:35:48+02:00\",\"inLanguage\":\"es-ES\",\"mainEntityOfPage\":{\"@id\":\"https:\\\/\\\/www.eldigitaldeasturias.com\\\/noticias\\\/el-credito-se-presentara-en-el-teatro-maravillas-de-madrid-desde-el-proximo-27-de-septiembre\\\/#webpage\"},\"isPartOf\":{\"@id\":\"https:\\\/\\\/www.eldigitaldeasturias.com\\\/noticias\\\/el-credito-se-presentara-en-el-teatro-maravillas-de-madrid-desde-el-proximo-27-de-septiembre\\\/#webpage\"},\"articleSection\":\"Revista de Ocio\"},{\"@type\":\"BreadcrumbList\",\"@id\":\"https:\\\/\\\/www.eldigitaldeasturias.com\\\/noticias\\\/el-credito-se-presentara-en-el-teatro-maravillas-de-madrid-desde-el-proximo-27-de-septiembre\\\/#breadcrumblist\",\"itemListElement\":[{\"@type\":\"ListItem\",\"@id\":\"https:\\\/\\\/www.eldigitaldeasturias.com\\\/noticias#listItem\",\"position\":1,\"name\":\"Home\",\"item\":\"https:\\\/\\\/www.eldigitaldeasturias.com\\\/noticias\",\"nextItem\":{\"@type\":\"ListItem\",\"@id\":\"https:\\\/\\\/www.eldigitaldeasturias.com\\\/noticias\\\/category\\\/revista-de-ocio\\\/#listItem\",\"name\":\"Revista de Ocio\"}},{\"@type\":\"ListItem\",\"@id\":\"https:\\\/\\\/www.eldigitaldeasturias.com\\\/noticias\\\/category\\\/revista-de-ocio\\\/#listItem\",\"position\":2,\"name\":\"Revista de Ocio\",\"item\":\"https:\\\/\\\/www.eldigitaldeasturias.com\\\/noticias\\\/category\\\/revista-de-ocio\\\/\",\"nextItem\":{\"@type\":\"ListItem\",\"@id\":\"https:\\\/\\\/www.eldigitaldeasturias.com\\\/noticias\\\/el-credito-se-presentara-en-el-teatro-maravillas-de-madrid-desde-el-proximo-27-de-septiembre\\\/#listItem\",\"name\":\"&#8216;El cr\\u00e9dito&#8217; se presentar\\u00e1 en el Teatro Maravillas de Madrid desde el pr\\u00f3ximo 27 de septiembre.\"},\"previousItem\":{\"@type\":\"ListItem\",\"@id\":\"https:\\\/\\\/www.eldigitaldeasturias.com\\\/noticias#listItem\",\"name\":\"Home\"}},{\"@type\":\"ListItem\",\"@id\":\"https:\\\/\\\/www.eldigitaldeasturias.com\\\/noticias\\\/el-credito-se-presentara-en-el-teatro-maravillas-de-madrid-desde-el-proximo-27-de-septiembre\\\/#listItem\",\"position\":3,\"name\":\"&#8216;El cr\\u00e9dito&#8217; se presentar\\u00e1 en el Teatro Maravillas de Madrid desde el pr\\u00f3ximo 27 de septiembre.\",\"previousItem\":{\"@type\":\"ListItem\",\"@id\":\"https:\\\/\\\/www.eldigitaldeasturias.com\\\/noticias\\\/category\\\/revista-de-ocio\\\/#listItem\",\"name\":\"Revista de Ocio\"}}]},{\"@type\":\"Organization\",\"@id\":\"https:\\\/\\\/www.eldigitaldeasturias.com\\\/noticias\\\/#organization\",\"name\":\"El Digital de Asturias\",\"description\":\"Hemeroteca\",\"url\":\"https:\\\/\\\/www.eldigitaldeasturias.com\\\/noticias\\\/\",\"email\":\"info@eldigitaldeasturias.com\",\"telephone\":\"+34652131393\",\"logo\":{\"@type\":\"ImageObject\",\"url\":\"https:\\\/\\\/www.eldigitaldeasturias.com\\\/noticias\\\/wp-content\\\/uploads\\\/2020\\\/12\\\/EDA.jpg\",\"@id\":\"https:\\\/\\\/www.eldigitaldeasturias.com\\\/noticias\\\/el-credito-se-presentara-en-el-teatro-maravillas-de-madrid-desde-el-proximo-27-de-septiembre\\\/#organizationLogo\",\"width\":649,\"height\":297},\"image\":{\"@id\":\"https:\\\/\\\/www.eldigitaldeasturias.com\\\/noticias\\\/el-credito-se-presentara-en-el-teatro-maravillas-de-madrid-desde-el-proximo-27-de-septiembre\\\/#organizationLogo\"},\"sameAs\":[\"https:\\\/\\\/facebook.com\\\/eldigitaldeasturias\",\"https:\\\/\\\/www.youtube.com\\\/channel\\\/UCZP-2wLEB9Rv6erhFmqVnvg\"],\"address\":{\"@id\":\"https:\\\/\\\/www.eldigitaldeasturias.com\\\/noticias\\\/#postaladdress\",\"@type\":\"PostalAddress\",\"streetAddress\":\"san antonio 4,\",\"postalCode\":\"33430\",\"addressLocality\":\"Cand\\u00e1s\",\"addressRegion\":\"Asturias\",\"addressCountry\":\"ES\"}},{\"@type\":\"Person\",\"@id\":\"https:\\\/\\\/www.eldigitaldeasturias.com\\\/noticias\\\/author\\\/admin\\\/#author\",\"url\":\"https:\\\/\\\/www.eldigitaldeasturias.com\\\/noticias\\\/author\\\/admin\\\/\",\"name\":\"El Digital de Asturias\",\"image\":{\"@type\":\"ImageObject\",\"@id\":\"https:\\\/\\\/www.eldigitaldeasturias.com\\\/noticias\\\/el-credito-se-presentara-en-el-teatro-maravillas-de-madrid-desde-el-proximo-27-de-septiembre\\\/#authorImage\",\"url\":\"https:\\\/\\\/www.eldigitaldeasturias.com\\\/noticias\\\/wp-content\\\/litespeed\\\/avatar\\\/18677e78aa0546b92d9dbf31ec7d7668.jpg?ver=1777290358\",\"width\":96,\"height\":96,\"caption\":\"El Digital de Asturias\"}},{\"@type\":\"WebPage\",\"@id\":\"https:\\\/\\\/www.eldigitaldeasturias.com\\\/noticias\\\/el-credito-se-presentara-en-el-teatro-maravillas-de-madrid-desde-el-proximo-27-de-septiembre\\\/#webpage\",\"url\":\"https:\\\/\\\/www.eldigitaldeasturias.com\\\/noticias\\\/el-credito-se-presentara-en-el-teatro-maravillas-de-madrid-desde-el-proximo-27-de-septiembre\\\/\",\"name\":\"\\u2018El cr\\u00e9dito\\u2019 se presentar\\u00e1 en el Teatro Maravillas de Madrid desde el pr\\u00f3ximo 27 de septiembre. - El Digital de Asturias\",\"description\":\"(EUROPA PRESS) - Los actores Luis Merlo y Carlos Hip\\u00f3lito se ponen bajo las \\u00f3rdenes de Gerardo Vera en la obra teatral 'El cr\\u00e9dito', escrita por Jordi Galcer\\u00e1n, que se presentar\\u00e1 en el Teatro Maravillas de Madrid desde el pr\\u00f3ximo 27 de septiembre. La pieza ya se ha sido representada en Bilbao, con un resultado que\",\"inLanguage\":\"es-ES\",\"isPartOf\":{\"@id\":\"https:\\\/\\\/www.eldigitaldeasturias.com\\\/noticias\\\/#website\"},\"breadcrumb\":{\"@id\":\"https:\\\/\\\/www.eldigitaldeasturias.com\\\/noticias\\\/el-credito-se-presentara-en-el-teatro-maravillas-de-madrid-desde-el-proximo-27-de-septiembre\\\/#breadcrumblist\"},\"author\":{\"@id\":\"https:\\\/\\\/www.eldigitaldeasturias.com\\\/noticias\\\/author\\\/admin\\\/#author\"},\"creator\":{\"@id\":\"https:\\\/\\\/www.eldigitaldeasturias.com\\\/noticias\\\/author\\\/admin\\\/#author\"},\"image\":{\"@type\":\"ImageObject\",\"url\":3212,\"@id\":\"https:\\\/\\\/www.eldigitaldeasturias.com\\\/noticias\\\/el-credito-se-presentara-en-el-teatro-maravillas-de-madrid-desde-el-proximo-27-de-septiembre\\\/#mainImage\"},\"primaryImageOfPage\":{\"@id\":\"https:\\\/\\\/www.eldigitaldeasturias.com\\\/noticias\\\/el-credito-se-presentara-en-el-teatro-maravillas-de-madrid-desde-el-proximo-27-de-septiembre\\\/#mainImage\"},\"datePublished\":\"2013-09-25T21:35:48+02:00\",\"dateModified\":\"2013-09-25T21:35:48+02:00\"},{\"@type\":\"WebSite\",\"@id\":\"https:\\\/\\\/www.eldigitaldeasturias.com\\\/noticias\\\/#website\",\"url\":\"https:\\\/\\\/www.eldigitaldeasturias.com\\\/noticias\\\/\",\"name\":\"El Digital de Asturias - Diario de actualidad y noticias\",\"alternateName\":\"El Digital de Asturias - Diario de actualidad y noticias\",\"description\":\"Hemeroteca\",\"inLanguage\":\"es-ES\",\"publisher\":{\"@id\":\"https:\\\/\\\/www.eldigitaldeasturias.com\\\/noticias\\\/#organization\"}}]}\n\t\t<\/script>\n\t\t<!-- All in One SEO Pro -->\r\n\t\t<title>\u2018El cr\u00e9dito\u2019 se presentar\u00e1 en el Teatro Maravillas de Madrid desde el pr\u00f3ximo 27 de septiembre. - El Digital de Asturias<\/title>\n\n","aioseo_head_json":{"title":"\u2018El cr\u00e9dito\u2019 se presentar\u00e1 en el Teatro Maravillas de Madrid desde el pr\u00f3ximo 27 de septiembre. - El Digital de Asturias","description":"(EUROPA PRESS) - Los actores Luis Merlo y Carlos Hip\u00f3lito se ponen bajo las \u00f3rdenes de Gerardo Vera en la obra teatral 'El cr\u00e9dito', escrita por Jordi Galcer\u00e1n, que se presentar\u00e1 en el Teatro Maravillas de Madrid desde el pr\u00f3ximo 27 de septiembre. La pieza ya se ha sido representada en Bilbao, con un resultado que","canonical_url":"https:\/\/www.eldigitaldeasturias.com\/noticias\/el-credito-se-presentara-en-el-teatro-maravillas-de-madrid-desde-el-proximo-27-de-septiembre\/","robots":"max-image-preview:large","keywords":"revista de ocio","webmasterTools":{"google-site-verification":"UA-38556648-1","msvalidate.01":"7dfe9f3f1b24437ab69f4f2559babe99","miscellaneous":""},"schema":{"@context":"https:\/\/schema.org","@graph":[{"@type":"BlogPosting","@id":"https:\/\/www.eldigitaldeasturias.com\/noticias\/el-credito-se-presentara-en-el-teatro-maravillas-de-madrid-desde-el-proximo-27-de-septiembre\/#blogposting","name":"\u2018El cr\u00e9dito\u2019 se presentar\u00e1 en el Teatro Maravillas de Madrid desde el pr\u00f3ximo 27 de septiembre. - El Digital de Asturias","headline":"&#8216;El cr\u00e9dito&#8217; se presentar\u00e1 en el Teatro Maravillas de Madrid desde el pr\u00f3ximo 27 de septiembre.","author":{"@id":"https:\/\/www.eldigitaldeasturias.com\/noticias\/author\/admin\/#author"},"publisher":{"@id":"https:\/\/www.eldigitaldeasturias.com\/noticias\/#organization"},"image":{"@type":"ImageObject","url":3212},"datePublished":"2013-09-25T21:35:48+02:00","dateModified":"2013-09-25T21:35:48+02:00","inLanguage":"es-ES","mainEntityOfPage":{"@id":"https:\/\/www.eldigitaldeasturias.com\/noticias\/el-credito-se-presentara-en-el-teatro-maravillas-de-madrid-desde-el-proximo-27-de-septiembre\/#webpage"},"isPartOf":{"@id":"https:\/\/www.eldigitaldeasturias.com\/noticias\/el-credito-se-presentara-en-el-teatro-maravillas-de-madrid-desde-el-proximo-27-de-septiembre\/#webpage"},"articleSection":"Revista de Ocio"},{"@type":"BreadcrumbList","@id":"https:\/\/www.eldigitaldeasturias.com\/noticias\/el-credito-se-presentara-en-el-teatro-maravillas-de-madrid-desde-el-proximo-27-de-septiembre\/#breadcrumblist","itemListElement":[{"@type":"ListItem","@id":"https:\/\/www.eldigitaldeasturias.com\/noticias#listItem","position":1,"name":"Home","item":"https:\/\/www.eldigitaldeasturias.com\/noticias","nextItem":{"@type":"ListItem","@id":"https:\/\/www.eldigitaldeasturias.com\/noticias\/category\/revista-de-ocio\/#listItem","name":"Revista de Ocio"}},{"@type":"ListItem","@id":"https:\/\/www.eldigitaldeasturias.com\/noticias\/category\/revista-de-ocio\/#listItem","position":2,"name":"Revista de Ocio","item":"https:\/\/www.eldigitaldeasturias.com\/noticias\/category\/revista-de-ocio\/","nextItem":{"@type":"ListItem","@id":"https:\/\/www.eldigitaldeasturias.com\/noticias\/el-credito-se-presentara-en-el-teatro-maravillas-de-madrid-desde-el-proximo-27-de-septiembre\/#listItem","name":"&#8216;El cr\u00e9dito&#8217; se presentar\u00e1 en el Teatro Maravillas de Madrid desde el pr\u00f3ximo 27 de septiembre."},"previousItem":{"@type":"ListItem","@id":"https:\/\/www.eldigitaldeasturias.com\/noticias#listItem","name":"Home"}},{"@type":"ListItem","@id":"https:\/\/www.eldigitaldeasturias.com\/noticias\/el-credito-se-presentara-en-el-teatro-maravillas-de-madrid-desde-el-proximo-27-de-septiembre\/#listItem","position":3,"name":"&#8216;El cr\u00e9dito&#8217; se presentar\u00e1 en el Teatro Maravillas de Madrid desde el pr\u00f3ximo 27 de septiembre.","previousItem":{"@type":"ListItem","@id":"https:\/\/www.eldigitaldeasturias.com\/noticias\/category\/revista-de-ocio\/#listItem","name":"Revista de Ocio"}}]},{"@type":"Organization","@id":"https:\/\/www.eldigitaldeasturias.com\/noticias\/#organization","name":"El Digital de Asturias","description":"Hemeroteca","url":"https:\/\/www.eldigitaldeasturias.com\/noticias\/","email":"info@eldigitaldeasturias.com","telephone":"+34652131393","logo":{"@type":"ImageObject","url":"https:\/\/www.eldigitaldeasturias.com\/noticias\/wp-content\/uploads\/2020\/12\/EDA.jpg","@id":"https:\/\/www.eldigitaldeasturias.com\/noticias\/el-credito-se-presentara-en-el-teatro-maravillas-de-madrid-desde-el-proximo-27-de-septiembre\/#organizationLogo","width":649,"height":297},"image":{"@id":"https:\/\/www.eldigitaldeasturias.com\/noticias\/el-credito-se-presentara-en-el-teatro-maravillas-de-madrid-desde-el-proximo-27-de-septiembre\/#organizationLogo"},"sameAs":["https:\/\/facebook.com\/eldigitaldeasturias","https:\/\/www.youtube.com\/channel\/UCZP-2wLEB9Rv6erhFmqVnvg"],"address":{"@id":"https:\/\/www.eldigitaldeasturias.com\/noticias\/#postaladdress","@type":"PostalAddress","streetAddress":"san antonio 4,","postalCode":"33430","addressLocality":"Cand\u00e1s","addressRegion":"Asturias","addressCountry":"ES"}},{"@type":"Person","@id":"https:\/\/www.eldigitaldeasturias.com\/noticias\/author\/admin\/#author","url":"https:\/\/www.eldigitaldeasturias.com\/noticias\/author\/admin\/","name":"El Digital de Asturias","image":{"@type":"ImageObject","@id":"https:\/\/www.eldigitaldeasturias.com\/noticias\/el-credito-se-presentara-en-el-teatro-maravillas-de-madrid-desde-el-proximo-27-de-septiembre\/#authorImage","url":"https:\/\/www.eldigitaldeasturias.com\/noticias\/wp-content\/litespeed\/avatar\/18677e78aa0546b92d9dbf31ec7d7668.jpg?ver=1777290358","width":96,"height":96,"caption":"El Digital de Asturias"}},{"@type":"WebPage","@id":"https:\/\/www.eldigitaldeasturias.com\/noticias\/el-credito-se-presentara-en-el-teatro-maravillas-de-madrid-desde-el-proximo-27-de-septiembre\/#webpage","url":"https:\/\/www.eldigitaldeasturias.com\/noticias\/el-credito-se-presentara-en-el-teatro-maravillas-de-madrid-desde-el-proximo-27-de-septiembre\/","name":"\u2018El cr\u00e9dito\u2019 se presentar\u00e1 en el Teatro Maravillas de Madrid desde el pr\u00f3ximo 27 de septiembre. - El Digital de Asturias","description":"(EUROPA PRESS) - Los actores Luis Merlo y Carlos Hip\u00f3lito se ponen bajo las \u00f3rdenes de Gerardo Vera en la obra teatral 'El cr\u00e9dito', escrita por Jordi Galcer\u00e1n, que se presentar\u00e1 en el Teatro Maravillas de Madrid desde el pr\u00f3ximo 27 de septiembre. La pieza ya se ha sido representada en Bilbao, con un resultado que","inLanguage":"es-ES","isPartOf":{"@id":"https:\/\/www.eldigitaldeasturias.com\/noticias\/#website"},"breadcrumb":{"@id":"https:\/\/www.eldigitaldeasturias.com\/noticias\/el-credito-se-presentara-en-el-teatro-maravillas-de-madrid-desde-el-proximo-27-de-septiembre\/#breadcrumblist"},"author":{"@id":"https:\/\/www.eldigitaldeasturias.com\/noticias\/author\/admin\/#author"},"creator":{"@id":"https:\/\/www.eldigitaldeasturias.com\/noticias\/author\/admin\/#author"},"image":{"@type":"ImageObject","url":3212,"@id":"https:\/\/www.eldigitaldeasturias.com\/noticias\/el-credito-se-presentara-en-el-teatro-maravillas-de-madrid-desde-el-proximo-27-de-septiembre\/#mainImage"},"primaryImageOfPage":{"@id":"https:\/\/www.eldigitaldeasturias.com\/noticias\/el-credito-se-presentara-en-el-teatro-maravillas-de-madrid-desde-el-proximo-27-de-septiembre\/#mainImage"},"datePublished":"2013-09-25T21:35:48+02:00","dateModified":"2013-09-25T21:35:48+02:00"},{"@type":"WebSite","@id":"https:\/\/www.eldigitaldeasturias.com\/noticias\/#website","url":"https:\/\/www.eldigitaldeasturias.com\/noticias\/","name":"El Digital de Asturias - Diario de actualidad y noticias","alternateName":"El Digital de Asturias - Diario de actualidad y noticias","description":"Hemeroteca","inLanguage":"es-ES","publisher":{"@id":"https:\/\/www.eldigitaldeasturias.com\/noticias\/#organization"}}]},"og:locale":"es_ES","og:site_name":"El Digital de Asturias","og:type":"article","og:title":"\u2018El cr\u00e9dito\u2019 se presentar\u00e1 en el Teatro Maravillas de Madrid desde el pr\u00f3ximo 27 de septiembre. - El Digital de Asturias","og:description":"(EUROPA PRESS) - Los actores Luis Merlo y Carlos Hip\u00f3lito se ponen bajo las \u00f3rdenes de Gerardo Vera en la obra teatral 'El cr\u00e9dito', escrita por Jordi Galcer\u00e1n, que se presentar\u00e1 en el Teatro Maravillas de Madrid desde el pr\u00f3ximo 27 de septiembre. La pieza ya se ha sido representada en Bilbao, con un resultado que","og:url":"https:\/\/www.eldigitaldeasturias.com\/noticias\/el-credito-se-presentara-en-el-teatro-maravillas-de-madrid-desde-el-proximo-27-de-septiembre\/","article:tag":["revista de ocio"],"article:published_time":"2013-09-25T21:35:48+00:00","article:modified_time":"2013-09-25T21:35:48+00:00","article:publisher":"https:\/\/facebook.com\/eldigitaldeasturias","twitter:card":"summary_large_image","twitter:title":"\u2018El cr\u00e9dito\u2019 se presentar\u00e1 en el Teatro Maravillas de Madrid desde el pr\u00f3ximo 27 de septiembre. - El Digital de Asturias","twitter:description":"(EUROPA PRESS) - Los actores Luis Merlo y Carlos Hip\u00f3lito se ponen bajo las \u00f3rdenes de Gerardo Vera en la obra teatral 'El cr\u00e9dito', escrita por Jordi Galcer\u00e1n, que se presentar\u00e1 en el Teatro Maravillas de Madrid desde el pr\u00f3ximo 27 de septiembre. La pieza ya se ha sido representada en Bilbao, con un resultado que","twitter:label1":"Escrito por","twitter:data1":"El Digital de Asturias","twitter:label2":"Tiempo de lectura estimado","twitter:data2":"2 minutos"},"aioseo_meta_data":{"post_id":"3211","title":null,"description":null,"keywords":null,"keyphrases":null,"primary_term":null,"canonical_url":null,"og_title":null,"og_description":null,"og_object_type":"default","og_image_type":"default","og_image_url":null,"og_image_width":null,"og_image_height":null,"og_image_custom_url":null,"og_image_custom_fields":null,"og_video":null,"og_custom_url":null,"og_article_section":null,"og_article_tags":null,"twitter_use_og":true,"twitter_card":"default","twitter_image_type":"default","twitter_image_url":null,"twitter_image_custom_url":null,"twitter_image_custom_fields":null,"twitter_title":null,"twitter_description":null,"schema":{"blockGraphs":[],"customGraphs":[],"default":{"data":{"Article":[],"Course":[],"Dataset":[],"FAQPage":[],"Movie":[],"Person":[],"Product":[],"ProductReview":[],"Car":[],"Recipe":[],"Service":[],"SoftwareApplication":[],"WebPage":[]},"graphName":"","isEnabled":true},"graphs":[],"defaultGraph":"","defaultPostTypeGraph":""},"schema_type":null,"schema_type_options":null,"pillar_content":false,"robots_default":true,"robots_noindex":false,"robots_noarchive":false,"robots_nosnippet":false,"robots_nofollow":false,"robots_noimageindex":false,"robots_noodp":false,"robots_notranslate":false,"robots_max_snippet":null,"robots_max_videopreview":null,"robots_max_imagepreview":"none","priority":null,"frequency":null,"local_seo":null,"seo_analyzer_scan_date":"2025-08-21 06:00:50","breadcrumb_settings":null,"limit_modified_date":false,"open_ai":null,"ai":null,"created":"2020-11-14 22:37:04","updated":"2025-08-21 06:00:50"},"aioseo_breadcrumb":"<div class=\"aioseo-breadcrumbs\"><span class=\"aioseo-breadcrumb\">\n\t<a href=\"https:\/\/www.eldigitaldeasturias.com\/noticias\" title=\"Home\">Home<\/a>\n<\/span><span class=\"aioseo-breadcrumb-separator\">\u2013<\/span><span class=\"aioseo-breadcrumb\">\n\t<a href=\"https:\/\/www.eldigitaldeasturias.com\/noticias\/category\/revista-de-ocio\/\" title=\"Revista de Ocio\">Revista de Ocio<\/a>\n<\/span><span class=\"aioseo-breadcrumb-separator\">\u2013<\/span><span class=\"aioseo-breadcrumb\">\n\t<a href=\"https:\/\/www.eldigitaldeasturias.com\/noticias\/el-credito-se-presentara-en-el-teatro-maravillas-de-madrid-desde-el-proximo-27-de-septiembre\/\" title=\"\u2018El cr\u00e9dito\u2019 se presentar\u00e1 en el Teatro Maravillas de Madrid desde el pr\u00f3ximo 27 de septiembre.\">\u2018El cr\u00e9dito\u2019 se presentar\u00e1 en el Teatro Maravillas de Madrid desde el pr\u00f3ximo 27 de septiembre.<\/a>\n<\/span><\/div>","aioseo_breadcrumb_json":[{"label":"Home","link":"https:\/\/www.eldigitaldeasturias.com\/noticias"},{"label":"Revista de Ocio","link":"https:\/\/www.eldigitaldeasturias.com\/noticias\/category\/revista-de-ocio\/"},{"label":"&#8216;El cr\u00e9dito&#8217; se presentar\u00e1 en el Teatro Maravillas de Madrid desde el pr\u00f3ximo 27 de septiembre.","link":"https:\/\/www.eldigitaldeasturias.com\/noticias\/el-credito-se-presentara-en-el-teatro-maravillas-de-madrid-desde-el-proximo-27-de-septiembre\/"}],"_links":{"self":[{"href":"https:\/\/www.eldigitaldeasturias.com\/noticias\/wp-json\/wp\/v2\/posts\/3211","targetHints":{"allow":["GET"]}}],"collection":[{"href":"https:\/\/www.eldigitaldeasturias.com\/noticias\/wp-json\/wp\/v2\/posts"}],"about":[{"href":"https:\/\/www.eldigitaldeasturias.com\/noticias\/wp-json\/wp\/v2\/types\/post"}],"author":[{"embeddable":true,"href":"https:\/\/www.eldigitaldeasturias.com\/noticias\/wp-json\/wp\/v2\/users\/1"}],"replies":[{"embeddable":true,"href":"https:\/\/www.eldigitaldeasturias.com\/noticias\/wp-json\/wp\/v2\/comments?post=3211"}],"version-history":[{"count":0,"href":"https:\/\/www.eldigitaldeasturias.com\/noticias\/wp-json\/wp\/v2\/posts\/3211\/revisions"}],"wp:featuredmedia":[{"embeddable":true,"href":"https:\/\/www.eldigitaldeasturias.com\/noticias\/wp-json\/"}],"wp:attachment":[{"href":"https:\/\/www.eldigitaldeasturias.com\/noticias\/wp-json\/wp\/v2\/media?parent=3211"}],"wp:term":[{"taxonomy":"category","embeddable":true,"href":"https:\/\/www.eldigitaldeasturias.com\/noticias\/wp-json\/wp\/v2\/categories?post=3211"},{"taxonomy":"post_tag","embeddable":true,"href":"https:\/\/www.eldigitaldeasturias.com\/noticias\/wp-json\/wp\/v2\/tags?post=3211"}],"curies":[{"name":"wp","href":"https:\/\/api.w.org\/{rel}","templated":true}]}}