{"id":3208,"date":"2013-09-25T21:32:57","date_gmt":"2013-09-25T21:32:57","guid":{"rendered":"http:\/\/www.eldigitaldeasturias.com\/noticias\/?p=3208"},"modified":"2013-09-25T21:32:57","modified_gmt":"2013-09-25T21:32:57","slug":"pablo-alboran-promete-sorpresas-en-su-conciertos-de-madrid-los-dias-26-y-27","status":"publish","type":"post","link":"https:\/\/www.eldigitaldeasturias.com\/noticias\/pablo-alboran-promete-sorpresas-en-su-conciertos-de-madrid-los-dias-26-y-27\/","title":{"rendered":"Pablo Albor\u00e1n promete sorpresas en su conciertos de Madrid los d\u00edas 26 y 27"},"content":{"rendered":"<p><img loading=\"lazy\" decoding=\"async\" class=\"alignleft size-medium wp-image-3209\" alt=\"fotonoticia_20130925190410_800\" src=\"https:\/\/www.eldigitaldeasturias.com\/noticias\/wp-content\/uploads\/2013\/09\/fotonoticia_20130925190410_800-360x240.jpg\" width=\"360\" height=\"240\" \/>MADRID, 25 Sep. (EUROPA PRESS) &#8211;\u00a0El cantautor malague\u00f1o Pablo Albor\u00e1n ha desvelado algunos detalles de sus pr\u00f3ximos conciertos, los m\u00e1s cercanos los del Palacio de los Deportes de Madrid los d\u00edas 26 y 27 de septiembre, una doble cita que \u00abes un sue\u00f1o por cumplir\u00bb del artista, ya que van a ser unos recitales en los que habr\u00e1n \u00abmuchas sorpresas y colaboraciones especiales\u00bb.<\/p>\n<p>Seg\u00fan ha contado el artista, en una entrevista concedida a Europa Press, para los dos conciertos van a llevar \u00abcuatro veces el equipo que normalmente llevan\u00bb y habr\u00e1 \u00abmucho ritmo y mucho baile, adem\u00e1s de la parte intimista\u00bb del cantante. En cuanto a las colaboraciones, estar\u00e1n Jesse&amp;Joy y otra a\u00fan por desvelar de un artista que Pablo defiende como \u00abun grande y un casi padrino\u00bb suyo.<\/p>\n<p>Despu\u00e9s vendr\u00e1n ciudades como Barcelona o Sevilla y despu\u00e9s, Pablo Albor\u00e1n viajar\u00e1 a Portugal y a Latinoam\u00e9rica donde, en Chile colaborar\u00e1 en un proyecto muy especial. \u00abEs un concierto junto a Reik y Jesse&amp;Joy, en el que los tres montan su espect\u00e1culo, un concierto muy din\u00e1mico y vivo, toda una experiencia\u00bb, asegura Albor\u00e1n.<\/p>\n<p>Y en lo que lleva de gira, Pablo Albor\u00e1n ha vivido ya momentos inolvidables, que lleva \u00abcon una sonrisa, con mucho agradecimiento e intentado asimilarlo\u00bb. \u00abEst\u00e1 siendo una gira muy movida pero genial, adem\u00e1s, tal y como est\u00e1n las cosas que vaya as\u00ed es un privilegio\u00bb, ha a\u00f1adido el cantante.<\/p>\n<p>Por otra parte, el cantautor ha recibido un nuevo reconocimiento, en forma de nominaci\u00f3n como &#8216;Mejor Artista Espa\u00f1ol&#8217; en los MTV EMA 2013, algo que llega como una sorpresa porque no lo esperaba, y lo ha hecho \u00abcontento y feliz\u00bb, ya que, seg\u00fan cuenta, \u00abel hecho de estar nominado en esa categor\u00eda ya es un honor, pase lo que pase\u00bb.<\/p>\n<p>Con m\u00e1s de un mill\u00f3n de discos vendidos, Pablo disfruta ahora del \u00e9xito de su \u00e1lbum &#8216;Tanto&#8217;, \u00abun disco que ha surgido en mitad de una gira de un ritmo fren\u00e9tico\u00bb y que le trae \u00abmuchos recuerdos de los sitios\u00bb donde ha estado. Del \u00e1lbum destaca temas especiales para \u00e9l como &#8216;Quien&#8217;, un tema que le traslada al momento en que lo compuso, en su \u00abestudio de M\u00e1laga a las tres de la ma\u00f1ana\u00bb, y &#8216;\u00c9xtasis&#8217; una canci\u00f3n que en directo le gusta mucho ya que, \u00abes un tema muy ca\u00f1ero\u00bb.<\/p>\n<p>Seg\u00fan ha desvelado Pablo Albor\u00e1n, el 5 de noviembre saldr\u00e1 una reedici\u00f3n del disco de &#8216;Tanto&#8217;, \u00abdonde hay unos temas en ac\u00fastico y un documental espectacular realizado por Pablo Hern\u00e1ndez y su equipo\u00bb. Es un trabajo \u00abcercano e \u00edntimo\u00bb, realizado \u00abentre bambalinas, en el que se ver\u00e1 lo que la gente no ve en la gira\u00bb y adem\u00e1s, la banda sonora est\u00e1 compuesta por Albor\u00e1n, algo que le hace \u00abmucha ilusi\u00f3n, ya que, uno de sus sue\u00f1os es \u00abcomponer canciones para pel\u00edculas\u00bb.<\/p>\n<p>Albor\u00e1n tambi\u00e9n ha adelantado detalles sobre el que ser\u00e1 su pr\u00f3ximo trabajo. Un disco en el que va a dar el 100% porque, ya tendr\u00e1 \u00ablos mimbres para hacerlo y para hacer un disco muy personal\u00bb, del que tiene \u00abmuchas ganas\u00bb. Y aunque confiesa que a\u00fan est\u00e1 todo en el aire ya adelanta que va a tomarse un tiempo largo en el que no se le va a ver mucho.<\/p>\n<p>En el terreno personal, Pablo Albor\u00e1n es una persona que tiene los pies en la tierra y es muy natural. \u00abLo otro no me mola, soy una persona a la que le gusta su casa, me gusta cerrarme en el estudio y estar con mi familia, no es que no me guste ser popular y la fama si me reconocen por mi trabajo, pero siempre digo que los focos no dan poderes\u00bb, ha sentenciado Albor\u00e1n.<\/p>\n","protected":false},"excerpt":{"rendered":"<p>MADRID, 25 Sep. (EUROPA PRESS) &#8211;\u00a0El cantautor malague\u00f1o Pablo Albor\u00e1n ha desvelado algunos detalles de sus pr\u00f3ximos conciertos, los m\u00e1s cercanos los del Palacio de los Deportes de Madrid los d\u00edas 26 y 27 de septiembre, una doble cita que \u00abes un sue\u00f1o por cumplir\u00bb del artista, ya que van a ser unos recitales en [&hellip;]<\/p>\n","protected":false},"author":1,"featured_media":3209,"comment_status":"open","ping_status":"open","sticky":false,"template":"","format":"standard","meta":{"footnotes":""},"categories":[50],"tags":[],"class_list":["post-3208","post","type-post","status-publish","format-standard","has-post-thumbnail","hentry","category-revista-de-ocio"],"aioseo_notices":[],"aioseo_head":"\n\t\t<!-- All in One SEO Pro 4.9.6.2 - aioseo.com -->\n\t<meta name=\"description\" content=\"MADRID, 25 Sep. (EUROPA PRESS) - El cantautor malague\u00f1o Pablo Albor\u00e1n ha desvelado algunos detalles de sus pr\u00f3ximos conciertos, los m\u00e1s cercanos los del Palacio de los Deportes de Madrid los d\u00edas 26 y 27 de septiembre, una doble cita que &quot;es un sue\u00f1o por cumplir&quot; del artista, ya que van a ser unos recitales en\" \/>\n\t<meta name=\"robots\" content=\"max-image-preview:large\" \/>\n\t<meta name=\"author\" content=\"El Digital de Asturias\"\/>\n\t<meta name=\"google-site-verification\" content=\"UA-38556648-1\" \/>\n\t<meta name=\"msvalidate.01\" content=\"7dfe9f3f1b24437ab69f4f2559babe99\" \/>\n\t<meta name=\"keywords\" content=\"revista de ocio\" \/>\n\t<link rel=\"canonical\" href=\"https:\/\/www.eldigitaldeasturias.com\/noticias\/pablo-alboran-promete-sorpresas-en-su-conciertos-de-madrid-los-dias-26-y-27\/\" \/>\n\t<meta name=\"generator\" content=\"All in One SEO Pro (AIOSEO) 4.9.6.2\" \/>\n\t\t<meta property=\"og:locale\" content=\"es_ES\" \/>\n\t\t<meta property=\"og:site_name\" content=\"El Digital de Asturias\" \/>\n\t\t<meta property=\"og:type\" content=\"article\" \/>\n\t\t<meta property=\"og:title\" content=\"Pablo Albor\u00e1n promete sorpresas en su conciertos de Madrid los d\u00edas 26 y 27 - El Digital de Asturias\" \/>\n\t\t<meta property=\"og:description\" content=\"MADRID, 25 Sep. (EUROPA PRESS) - El cantautor malague\u00f1o Pablo Albor\u00e1n ha desvelado algunos detalles de sus pr\u00f3ximos conciertos, los m\u00e1s cercanos los del Palacio de los Deportes de Madrid los d\u00edas 26 y 27 de septiembre, una doble cita que &quot;es un sue\u00f1o por cumplir&quot; del artista, ya que van a ser unos recitales en\" \/>\n\t\t<meta property=\"og:url\" content=\"https:\/\/www.eldigitaldeasturias.com\/noticias\/pablo-alboran-promete-sorpresas-en-su-conciertos-de-madrid-los-dias-26-y-27\/\" \/>\n\t\t<meta property=\"article:tag\" content=\"revista de ocio\" \/>\n\t\t<meta property=\"article:published_time\" content=\"2013-09-25T21:32:57+00:00\" \/>\n\t\t<meta property=\"article:modified_time\" content=\"2013-09-25T21:32:57+00:00\" \/>\n\t\t<meta property=\"article:publisher\" content=\"https:\/\/facebook.com\/eldigitaldeasturias\" \/>\n\t\t<meta name=\"twitter:card\" content=\"summary_large_image\" \/>\n\t\t<meta name=\"twitter:title\" content=\"Pablo Albor\u00e1n promete sorpresas en su conciertos de Madrid los d\u00edas 26 y 27 - El Digital de Asturias\" \/>\n\t\t<meta name=\"twitter:description\" content=\"MADRID, 25 Sep. (EUROPA PRESS) - El cantautor malague\u00f1o Pablo Albor\u00e1n ha desvelado algunos detalles de sus pr\u00f3ximos conciertos, los m\u00e1s cercanos los del Palacio de los Deportes de Madrid los d\u00edas 26 y 27 de septiembre, una doble cita que &quot;es un sue\u00f1o por cumplir&quot; del artista, ya que van a ser unos recitales en\" \/>\n\t\t<meta name=\"twitter:label1\" content=\"Escrito por\" \/>\n\t\t<meta name=\"twitter:data1\" content=\"El Digital de Asturias\" \/>\n\t\t<meta name=\"twitter:label2\" content=\"Tiempo de lectura estimado\" \/>\n\t\t<meta name=\"twitter:data2\" content=\"3 minutos\" \/>\n\t\t<script type=\"application\/ld+json\" class=\"aioseo-schema\">\n\t\t\t{\"@context\":\"https:\\\/\\\/schema.org\",\"@graph\":[{\"@type\":\"BlogPosting\",\"@id\":\"https:\\\/\\\/www.eldigitaldeasturias.com\\\/noticias\\\/pablo-alboran-promete-sorpresas-en-su-conciertos-de-madrid-los-dias-26-y-27\\\/#blogposting\",\"name\":\"Pablo Albor\\u00e1n promete sorpresas en su conciertos de Madrid los d\\u00edas 26 y 27 - El Digital de Asturias\",\"headline\":\"Pablo Albor\\u00e1n promete sorpresas en su conciertos de Madrid los d\\u00edas 26 y 27\",\"author\":{\"@id\":\"https:\\\/\\\/www.eldigitaldeasturias.com\\\/noticias\\\/author\\\/admin\\\/#author\"},\"publisher\":{\"@id\":\"https:\\\/\\\/www.eldigitaldeasturias.com\\\/noticias\\\/#organization\"},\"image\":{\"@type\":\"ImageObject\",\"url\":3209},\"datePublished\":\"2013-09-25T21:32:57+02:00\",\"dateModified\":\"2013-09-25T21:32:57+02:00\",\"inLanguage\":\"es-ES\",\"mainEntityOfPage\":{\"@id\":\"https:\\\/\\\/www.eldigitaldeasturias.com\\\/noticias\\\/pablo-alboran-promete-sorpresas-en-su-conciertos-de-madrid-los-dias-26-y-27\\\/#webpage\"},\"isPartOf\":{\"@id\":\"https:\\\/\\\/www.eldigitaldeasturias.com\\\/noticias\\\/pablo-alboran-promete-sorpresas-en-su-conciertos-de-madrid-los-dias-26-y-27\\\/#webpage\"},\"articleSection\":\"Revista de Ocio\"},{\"@type\":\"BreadcrumbList\",\"@id\":\"https:\\\/\\\/www.eldigitaldeasturias.com\\\/noticias\\\/pablo-alboran-promete-sorpresas-en-su-conciertos-de-madrid-los-dias-26-y-27\\\/#breadcrumblist\",\"itemListElement\":[{\"@type\":\"ListItem\",\"@id\":\"https:\\\/\\\/www.eldigitaldeasturias.com\\\/noticias#listItem\",\"position\":1,\"name\":\"Home\",\"item\":\"https:\\\/\\\/www.eldigitaldeasturias.com\\\/noticias\",\"nextItem\":{\"@type\":\"ListItem\",\"@id\":\"https:\\\/\\\/www.eldigitaldeasturias.com\\\/noticias\\\/category\\\/revista-de-ocio\\\/#listItem\",\"name\":\"Revista de Ocio\"}},{\"@type\":\"ListItem\",\"@id\":\"https:\\\/\\\/www.eldigitaldeasturias.com\\\/noticias\\\/category\\\/revista-de-ocio\\\/#listItem\",\"position\":2,\"name\":\"Revista de Ocio\",\"item\":\"https:\\\/\\\/www.eldigitaldeasturias.com\\\/noticias\\\/category\\\/revista-de-ocio\\\/\",\"nextItem\":{\"@type\":\"ListItem\",\"@id\":\"https:\\\/\\\/www.eldigitaldeasturias.com\\\/noticias\\\/pablo-alboran-promete-sorpresas-en-su-conciertos-de-madrid-los-dias-26-y-27\\\/#listItem\",\"name\":\"Pablo Albor\\u00e1n promete sorpresas en su conciertos de Madrid los d\\u00edas 26 y 27\"},\"previousItem\":{\"@type\":\"ListItem\",\"@id\":\"https:\\\/\\\/www.eldigitaldeasturias.com\\\/noticias#listItem\",\"name\":\"Home\"}},{\"@type\":\"ListItem\",\"@id\":\"https:\\\/\\\/www.eldigitaldeasturias.com\\\/noticias\\\/pablo-alboran-promete-sorpresas-en-su-conciertos-de-madrid-los-dias-26-y-27\\\/#listItem\",\"position\":3,\"name\":\"Pablo Albor\\u00e1n promete sorpresas en su conciertos de Madrid los d\\u00edas 26 y 27\",\"previousItem\":{\"@type\":\"ListItem\",\"@id\":\"https:\\\/\\\/www.eldigitaldeasturias.com\\\/noticias\\\/category\\\/revista-de-ocio\\\/#listItem\",\"name\":\"Revista de Ocio\"}}]},{\"@type\":\"Organization\",\"@id\":\"https:\\\/\\\/www.eldigitaldeasturias.com\\\/noticias\\\/#organization\",\"name\":\"El Digital de Asturias\",\"description\":\"Hemeroteca\",\"url\":\"https:\\\/\\\/www.eldigitaldeasturias.com\\\/noticias\\\/\",\"email\":\"info@eldigitaldeasturias.com\",\"telephone\":\"+34652131393\",\"logo\":{\"@type\":\"ImageObject\",\"url\":\"https:\\\/\\\/www.eldigitaldeasturias.com\\\/noticias\\\/wp-content\\\/uploads\\\/2020\\\/12\\\/EDA.jpg\",\"@id\":\"https:\\\/\\\/www.eldigitaldeasturias.com\\\/noticias\\\/pablo-alboran-promete-sorpresas-en-su-conciertos-de-madrid-los-dias-26-y-27\\\/#organizationLogo\",\"width\":649,\"height\":297},\"image\":{\"@id\":\"https:\\\/\\\/www.eldigitaldeasturias.com\\\/noticias\\\/pablo-alboran-promete-sorpresas-en-su-conciertos-de-madrid-los-dias-26-y-27\\\/#organizationLogo\"},\"sameAs\":[\"https:\\\/\\\/facebook.com\\\/eldigitaldeasturias\",\"https:\\\/\\\/www.youtube.com\\\/channel\\\/UCZP-2wLEB9Rv6erhFmqVnvg\"],\"address\":{\"@id\":\"https:\\\/\\\/www.eldigitaldeasturias.com\\\/noticias\\\/#postaladdress\",\"@type\":\"PostalAddress\",\"streetAddress\":\"san antonio 4,\",\"postalCode\":\"33430\",\"addressLocality\":\"Cand\\u00e1s\",\"addressRegion\":\"Asturias\",\"addressCountry\":\"ES\"}},{\"@type\":\"Person\",\"@id\":\"https:\\\/\\\/www.eldigitaldeasturias.com\\\/noticias\\\/author\\\/admin\\\/#author\",\"url\":\"https:\\\/\\\/www.eldigitaldeasturias.com\\\/noticias\\\/author\\\/admin\\\/\",\"name\":\"El Digital de Asturias\",\"image\":{\"@type\":\"ImageObject\",\"@id\":\"https:\\\/\\\/www.eldigitaldeasturias.com\\\/noticias\\\/pablo-alboran-promete-sorpresas-en-su-conciertos-de-madrid-los-dias-26-y-27\\\/#authorImage\",\"url\":\"https:\\\/\\\/www.eldigitaldeasturias.com\\\/noticias\\\/wp-content\\\/litespeed\\\/avatar\\\/18677e78aa0546b92d9dbf31ec7d7668.jpg?ver=1777290358\",\"width\":96,\"height\":96,\"caption\":\"El Digital de Asturias\"}},{\"@type\":\"WebPage\",\"@id\":\"https:\\\/\\\/www.eldigitaldeasturias.com\\\/noticias\\\/pablo-alboran-promete-sorpresas-en-su-conciertos-de-madrid-los-dias-26-y-27\\\/#webpage\",\"url\":\"https:\\\/\\\/www.eldigitaldeasturias.com\\\/noticias\\\/pablo-alboran-promete-sorpresas-en-su-conciertos-de-madrid-los-dias-26-y-27\\\/\",\"name\":\"Pablo Albor\\u00e1n promete sorpresas en su conciertos de Madrid los d\\u00edas 26 y 27 - El Digital de Asturias\",\"description\":\"MADRID, 25 Sep. (EUROPA PRESS) - El cantautor malague\\u00f1o Pablo Albor\\u00e1n ha desvelado algunos detalles de sus pr\\u00f3ximos conciertos, los m\\u00e1s cercanos los del Palacio de los Deportes de Madrid los d\\u00edas 26 y 27 de septiembre, una doble cita que \\\"es un sue\\u00f1o por cumplir\\\" del artista, ya que van a ser unos recitales en\",\"inLanguage\":\"es-ES\",\"isPartOf\":{\"@id\":\"https:\\\/\\\/www.eldigitaldeasturias.com\\\/noticias\\\/#website\"},\"breadcrumb\":{\"@id\":\"https:\\\/\\\/www.eldigitaldeasturias.com\\\/noticias\\\/pablo-alboran-promete-sorpresas-en-su-conciertos-de-madrid-los-dias-26-y-27\\\/#breadcrumblist\"},\"author\":{\"@id\":\"https:\\\/\\\/www.eldigitaldeasturias.com\\\/noticias\\\/author\\\/admin\\\/#author\"},\"creator\":{\"@id\":\"https:\\\/\\\/www.eldigitaldeasturias.com\\\/noticias\\\/author\\\/admin\\\/#author\"},\"image\":{\"@type\":\"ImageObject\",\"url\":3209,\"@id\":\"https:\\\/\\\/www.eldigitaldeasturias.com\\\/noticias\\\/pablo-alboran-promete-sorpresas-en-su-conciertos-de-madrid-los-dias-26-y-27\\\/#mainImage\"},\"primaryImageOfPage\":{\"@id\":\"https:\\\/\\\/www.eldigitaldeasturias.com\\\/noticias\\\/pablo-alboran-promete-sorpresas-en-su-conciertos-de-madrid-los-dias-26-y-27\\\/#mainImage\"},\"datePublished\":\"2013-09-25T21:32:57+02:00\",\"dateModified\":\"2013-09-25T21:32:57+02:00\"},{\"@type\":\"WebSite\",\"@id\":\"https:\\\/\\\/www.eldigitaldeasturias.com\\\/noticias\\\/#website\",\"url\":\"https:\\\/\\\/www.eldigitaldeasturias.com\\\/noticias\\\/\",\"name\":\"El Digital de Asturias - Diario de actualidad y noticias\",\"alternateName\":\"El Digital de Asturias - Diario de actualidad y noticias\",\"description\":\"Hemeroteca\",\"inLanguage\":\"es-ES\",\"publisher\":{\"@id\":\"https:\\\/\\\/www.eldigitaldeasturias.com\\\/noticias\\\/#organization\"}}]}\n\t\t<\/script>\n\t\t<!-- All in One SEO Pro -->\r\n\t\t<title>Pablo Albor\u00e1n promete sorpresas en su conciertos de Madrid los d\u00edas 26 y 27 - El Digital de Asturias<\/title>\n\n","aioseo_head_json":{"title":"Pablo Albor\u00e1n promete sorpresas en su conciertos de Madrid los d\u00edas 26 y 27 - El Digital de Asturias","description":"MADRID, 25 Sep. (EUROPA PRESS) - El cantautor malague\u00f1o Pablo Albor\u00e1n ha desvelado algunos detalles de sus pr\u00f3ximos conciertos, los m\u00e1s cercanos los del Palacio de los Deportes de Madrid los d\u00edas 26 y 27 de septiembre, una doble cita que \"es un sue\u00f1o por cumplir\" del artista, ya que van a ser unos recitales en","canonical_url":"https:\/\/www.eldigitaldeasturias.com\/noticias\/pablo-alboran-promete-sorpresas-en-su-conciertos-de-madrid-los-dias-26-y-27\/","robots":"max-image-preview:large","keywords":"revista de ocio","webmasterTools":{"google-site-verification":"UA-38556648-1","msvalidate.01":"7dfe9f3f1b24437ab69f4f2559babe99","miscellaneous":""},"schema":{"@context":"https:\/\/schema.org","@graph":[{"@type":"BlogPosting","@id":"https:\/\/www.eldigitaldeasturias.com\/noticias\/pablo-alboran-promete-sorpresas-en-su-conciertos-de-madrid-los-dias-26-y-27\/#blogposting","name":"Pablo Albor\u00e1n promete sorpresas en su conciertos de Madrid los d\u00edas 26 y 27 - El Digital de Asturias","headline":"Pablo Albor\u00e1n promete sorpresas en su conciertos de Madrid los d\u00edas 26 y 27","author":{"@id":"https:\/\/www.eldigitaldeasturias.com\/noticias\/author\/admin\/#author"},"publisher":{"@id":"https:\/\/www.eldigitaldeasturias.com\/noticias\/#organization"},"image":{"@type":"ImageObject","url":3209},"datePublished":"2013-09-25T21:32:57+02:00","dateModified":"2013-09-25T21:32:57+02:00","inLanguage":"es-ES","mainEntityOfPage":{"@id":"https:\/\/www.eldigitaldeasturias.com\/noticias\/pablo-alboran-promete-sorpresas-en-su-conciertos-de-madrid-los-dias-26-y-27\/#webpage"},"isPartOf":{"@id":"https:\/\/www.eldigitaldeasturias.com\/noticias\/pablo-alboran-promete-sorpresas-en-su-conciertos-de-madrid-los-dias-26-y-27\/#webpage"},"articleSection":"Revista de Ocio"},{"@type":"BreadcrumbList","@id":"https:\/\/www.eldigitaldeasturias.com\/noticias\/pablo-alboran-promete-sorpresas-en-su-conciertos-de-madrid-los-dias-26-y-27\/#breadcrumblist","itemListElement":[{"@type":"ListItem","@id":"https:\/\/www.eldigitaldeasturias.com\/noticias#listItem","position":1,"name":"Home","item":"https:\/\/www.eldigitaldeasturias.com\/noticias","nextItem":{"@type":"ListItem","@id":"https:\/\/www.eldigitaldeasturias.com\/noticias\/category\/revista-de-ocio\/#listItem","name":"Revista de Ocio"}},{"@type":"ListItem","@id":"https:\/\/www.eldigitaldeasturias.com\/noticias\/category\/revista-de-ocio\/#listItem","position":2,"name":"Revista de Ocio","item":"https:\/\/www.eldigitaldeasturias.com\/noticias\/category\/revista-de-ocio\/","nextItem":{"@type":"ListItem","@id":"https:\/\/www.eldigitaldeasturias.com\/noticias\/pablo-alboran-promete-sorpresas-en-su-conciertos-de-madrid-los-dias-26-y-27\/#listItem","name":"Pablo Albor\u00e1n promete sorpresas en su conciertos de Madrid los d\u00edas 26 y 27"},"previousItem":{"@type":"ListItem","@id":"https:\/\/www.eldigitaldeasturias.com\/noticias#listItem","name":"Home"}},{"@type":"ListItem","@id":"https:\/\/www.eldigitaldeasturias.com\/noticias\/pablo-alboran-promete-sorpresas-en-su-conciertos-de-madrid-los-dias-26-y-27\/#listItem","position":3,"name":"Pablo Albor\u00e1n promete sorpresas en su conciertos de Madrid los d\u00edas 26 y 27","previousItem":{"@type":"ListItem","@id":"https:\/\/www.eldigitaldeasturias.com\/noticias\/category\/revista-de-ocio\/#listItem","name":"Revista de Ocio"}}]},{"@type":"Organization","@id":"https:\/\/www.eldigitaldeasturias.com\/noticias\/#organization","name":"El Digital de Asturias","description":"Hemeroteca","url":"https:\/\/www.eldigitaldeasturias.com\/noticias\/","email":"info@eldigitaldeasturias.com","telephone":"+34652131393","logo":{"@type":"ImageObject","url":"https:\/\/www.eldigitaldeasturias.com\/noticias\/wp-content\/uploads\/2020\/12\/EDA.jpg","@id":"https:\/\/www.eldigitaldeasturias.com\/noticias\/pablo-alboran-promete-sorpresas-en-su-conciertos-de-madrid-los-dias-26-y-27\/#organizationLogo","width":649,"height":297},"image":{"@id":"https:\/\/www.eldigitaldeasturias.com\/noticias\/pablo-alboran-promete-sorpresas-en-su-conciertos-de-madrid-los-dias-26-y-27\/#organizationLogo"},"sameAs":["https:\/\/facebook.com\/eldigitaldeasturias","https:\/\/www.youtube.com\/channel\/UCZP-2wLEB9Rv6erhFmqVnvg"],"address":{"@id":"https:\/\/www.eldigitaldeasturias.com\/noticias\/#postaladdress","@type":"PostalAddress","streetAddress":"san antonio 4,","postalCode":"33430","addressLocality":"Cand\u00e1s","addressRegion":"Asturias","addressCountry":"ES"}},{"@type":"Person","@id":"https:\/\/www.eldigitaldeasturias.com\/noticias\/author\/admin\/#author","url":"https:\/\/www.eldigitaldeasturias.com\/noticias\/author\/admin\/","name":"El Digital de Asturias","image":{"@type":"ImageObject","@id":"https:\/\/www.eldigitaldeasturias.com\/noticias\/pablo-alboran-promete-sorpresas-en-su-conciertos-de-madrid-los-dias-26-y-27\/#authorImage","url":"https:\/\/www.eldigitaldeasturias.com\/noticias\/wp-content\/litespeed\/avatar\/18677e78aa0546b92d9dbf31ec7d7668.jpg?ver=1777290358","width":96,"height":96,"caption":"El Digital de Asturias"}},{"@type":"WebPage","@id":"https:\/\/www.eldigitaldeasturias.com\/noticias\/pablo-alboran-promete-sorpresas-en-su-conciertos-de-madrid-los-dias-26-y-27\/#webpage","url":"https:\/\/www.eldigitaldeasturias.com\/noticias\/pablo-alboran-promete-sorpresas-en-su-conciertos-de-madrid-los-dias-26-y-27\/","name":"Pablo Albor\u00e1n promete sorpresas en su conciertos de Madrid los d\u00edas 26 y 27 - El Digital de Asturias","description":"MADRID, 25 Sep. (EUROPA PRESS) - El cantautor malague\u00f1o Pablo Albor\u00e1n ha desvelado algunos detalles de sus pr\u00f3ximos conciertos, los m\u00e1s cercanos los del Palacio de los Deportes de Madrid los d\u00edas 26 y 27 de septiembre, una doble cita que \"es un sue\u00f1o por cumplir\" del artista, ya que van a ser unos recitales en","inLanguage":"es-ES","isPartOf":{"@id":"https:\/\/www.eldigitaldeasturias.com\/noticias\/#website"},"breadcrumb":{"@id":"https:\/\/www.eldigitaldeasturias.com\/noticias\/pablo-alboran-promete-sorpresas-en-su-conciertos-de-madrid-los-dias-26-y-27\/#breadcrumblist"},"author":{"@id":"https:\/\/www.eldigitaldeasturias.com\/noticias\/author\/admin\/#author"},"creator":{"@id":"https:\/\/www.eldigitaldeasturias.com\/noticias\/author\/admin\/#author"},"image":{"@type":"ImageObject","url":3209,"@id":"https:\/\/www.eldigitaldeasturias.com\/noticias\/pablo-alboran-promete-sorpresas-en-su-conciertos-de-madrid-los-dias-26-y-27\/#mainImage"},"primaryImageOfPage":{"@id":"https:\/\/www.eldigitaldeasturias.com\/noticias\/pablo-alboran-promete-sorpresas-en-su-conciertos-de-madrid-los-dias-26-y-27\/#mainImage"},"datePublished":"2013-09-25T21:32:57+02:00","dateModified":"2013-09-25T21:32:57+02:00"},{"@type":"WebSite","@id":"https:\/\/www.eldigitaldeasturias.com\/noticias\/#website","url":"https:\/\/www.eldigitaldeasturias.com\/noticias\/","name":"El Digital de Asturias - Diario de actualidad y noticias","alternateName":"El Digital de Asturias - Diario de actualidad y noticias","description":"Hemeroteca","inLanguage":"es-ES","publisher":{"@id":"https:\/\/www.eldigitaldeasturias.com\/noticias\/#organization"}}]},"og:locale":"es_ES","og:site_name":"El Digital de Asturias","og:type":"article","og:title":"Pablo Albor\u00e1n promete sorpresas en su conciertos de Madrid los d\u00edas 26 y 27 - El Digital de Asturias","og:description":"MADRID, 25 Sep. (EUROPA PRESS) - El cantautor malague\u00f1o Pablo Albor\u00e1n ha desvelado algunos detalles de sus pr\u00f3ximos conciertos, los m\u00e1s cercanos los del Palacio de los Deportes de Madrid los d\u00edas 26 y 27 de septiembre, una doble cita que &quot;es un sue\u00f1o por cumplir&quot; del artista, ya que van a ser unos recitales en","og:url":"https:\/\/www.eldigitaldeasturias.com\/noticias\/pablo-alboran-promete-sorpresas-en-su-conciertos-de-madrid-los-dias-26-y-27\/","article:tag":["revista de ocio"],"article:published_time":"2013-09-25T21:32:57+00:00","article:modified_time":"2013-09-25T21:32:57+00:00","article:publisher":"https:\/\/facebook.com\/eldigitaldeasturias","twitter:card":"summary_large_image","twitter:title":"Pablo Albor\u00e1n promete sorpresas en su conciertos de Madrid los d\u00edas 26 y 27 - El Digital de Asturias","twitter:description":"MADRID, 25 Sep. (EUROPA PRESS) - El cantautor malague\u00f1o Pablo Albor\u00e1n ha desvelado algunos detalles de sus pr\u00f3ximos conciertos, los m\u00e1s cercanos los del Palacio de los Deportes de Madrid los d\u00edas 26 y 27 de septiembre, una doble cita que &quot;es un sue\u00f1o por cumplir&quot; del artista, ya que van a ser unos recitales en","twitter:label1":"Escrito por","twitter:data1":"El Digital de Asturias","twitter:label2":"Tiempo de lectura estimado","twitter:data2":"3 minutos"},"aioseo_meta_data":{"post_id":"3208","title":null,"description":null,"keywords":null,"keyphrases":null,"primary_term":null,"canonical_url":null,"og_title":null,"og_description":null,"og_object_type":"default","og_image_type":"default","og_image_url":null,"og_image_width":null,"og_image_height":null,"og_image_custom_url":null,"og_image_custom_fields":null,"og_video":null,"og_custom_url":null,"og_article_section":null,"og_article_tags":null,"twitter_use_og":true,"twitter_card":"default","twitter_image_type":"default","twitter_image_url":null,"twitter_image_custom_url":null,"twitter_image_custom_fields":null,"twitter_title":null,"twitter_description":null,"schema":{"blockGraphs":[],"customGraphs":[],"default":{"data":{"Article":[],"Course":[],"Dataset":[],"FAQPage":[],"Movie":[],"Person":[],"Product":[],"ProductReview":[],"Car":[],"Recipe":[],"Service":[],"SoftwareApplication":[],"WebPage":[]},"graphName":"","isEnabled":true},"graphs":[],"defaultGraph":"","defaultPostTypeGraph":""},"schema_type":null,"schema_type_options":null,"pillar_content":false,"robots_default":true,"robots_noindex":false,"robots_noarchive":false,"robots_nosnippet":false,"robots_nofollow":false,"robots_noimageindex":false,"robots_noodp":false,"robots_notranslate":false,"robots_max_snippet":null,"robots_max_videopreview":null,"robots_max_imagepreview":"none","priority":null,"frequency":null,"local_seo":null,"seo_analyzer_scan_date":"2025-08-21 06:00:48","breadcrumb_settings":null,"limit_modified_date":false,"open_ai":null,"ai":null,"created":"2020-11-14 22:37:04","updated":"2025-08-21 06:00:48"},"aioseo_breadcrumb":"<div class=\"aioseo-breadcrumbs\"><span class=\"aioseo-breadcrumb\">\n\t<a href=\"https:\/\/www.eldigitaldeasturias.com\/noticias\" title=\"Home\">Home<\/a>\n<\/span><span class=\"aioseo-breadcrumb-separator\">\u2013<\/span><span class=\"aioseo-breadcrumb\">\n\t<a href=\"https:\/\/www.eldigitaldeasturias.com\/noticias\/category\/revista-de-ocio\/\" title=\"Revista de Ocio\">Revista de Ocio<\/a>\n<\/span><span class=\"aioseo-breadcrumb-separator\">\u2013<\/span><span class=\"aioseo-breadcrumb\">\n\t<a href=\"https:\/\/www.eldigitaldeasturias.com\/noticias\/pablo-alboran-promete-sorpresas-en-su-conciertos-de-madrid-los-dias-26-y-27\/\" title=\"Pablo Albor\u00e1n promete sorpresas en su conciertos de Madrid los d\u00edas 26 y 27\">Pablo Albor\u00e1n promete sorpresas en su conciertos de Madrid los d\u00edas 26 y 27<\/a>\n<\/span><\/div>","aioseo_breadcrumb_json":[{"label":"Home","link":"https:\/\/www.eldigitaldeasturias.com\/noticias"},{"label":"Revista de Ocio","link":"https:\/\/www.eldigitaldeasturias.com\/noticias\/category\/revista-de-ocio\/"},{"label":"Pablo Albor\u00e1n promete sorpresas en su conciertos de Madrid los d\u00edas 26 y 27","link":"https:\/\/www.eldigitaldeasturias.com\/noticias\/pablo-alboran-promete-sorpresas-en-su-conciertos-de-madrid-los-dias-26-y-27\/"}],"_links":{"self":[{"href":"https:\/\/www.eldigitaldeasturias.com\/noticias\/wp-json\/wp\/v2\/posts\/3208","targetHints":{"allow":["GET"]}}],"collection":[{"href":"https:\/\/www.eldigitaldeasturias.com\/noticias\/wp-json\/wp\/v2\/posts"}],"about":[{"href":"https:\/\/www.eldigitaldeasturias.com\/noticias\/wp-json\/wp\/v2\/types\/post"}],"author":[{"embeddable":true,"href":"https:\/\/www.eldigitaldeasturias.com\/noticias\/wp-json\/wp\/v2\/users\/1"}],"replies":[{"embeddable":true,"href":"https:\/\/www.eldigitaldeasturias.com\/noticias\/wp-json\/wp\/v2\/comments?post=3208"}],"version-history":[{"count":0,"href":"https:\/\/www.eldigitaldeasturias.com\/noticias\/wp-json\/wp\/v2\/posts\/3208\/revisions"}],"wp:featuredmedia":[{"embeddable":true,"href":"https:\/\/www.eldigitaldeasturias.com\/noticias\/wp-json\/"}],"wp:attachment":[{"href":"https:\/\/www.eldigitaldeasturias.com\/noticias\/wp-json\/wp\/v2\/media?parent=3208"}],"wp:term":[{"taxonomy":"category","embeddable":true,"href":"https:\/\/www.eldigitaldeasturias.com\/noticias\/wp-json\/wp\/v2\/categories?post=3208"},{"taxonomy":"post_tag","embeddable":true,"href":"https:\/\/www.eldigitaldeasturias.com\/noticias\/wp-json\/wp\/v2\/tags?post=3208"}],"curies":[{"name":"wp","href":"https:\/\/api.w.org\/{rel}","templated":true}]}}