{"id":3205,"date":"2013-09-25T21:29:48","date_gmt":"2013-09-25T21:29:48","guid":{"rendered":"http:\/\/www.eldigitaldeasturias.com\/noticias\/?p=3205"},"modified":"2013-09-25T21:29:48","modified_gmt":"2013-09-25T21:29:48","slug":"la-exposicion-la-lengua-y-la-palabra-en-la-biblioteca-nacional","status":"publish","type":"post","link":"https:\/\/www.eldigitaldeasturias.com\/noticias\/la-exposicion-la-lengua-y-la-palabra-en-la-biblioteca-nacional\/","title":{"rendered":"La exposici\u00f3n &#8216;La lengua y la palabra&#8217; en la Biblioteca Nacional"},"content":{"rendered":"<p><img loading=\"lazy\" decoding=\"async\" class=\"alignleft size-medium wp-image-3206\" alt=\"fotonoticia_20130925180120_800\" src=\"https:\/\/www.eldigitaldeasturias.com\/noticias\/wp-content\/uploads\/2013\/09\/fotonoticia_20130925180120_800-360x253.jpg\" width=\"360\" height=\"253\" \/>(EUROPA PRESS) &#8211;\u00a0La exposici\u00f3n &#8216;La lengua y la palabra&#8217; es la primera de las actividades que la Real Academia Espa\u00f1ola tiene preparadas con motivo de su tricentenario &#8211;que podr\u00e1 verse desde el pr\u00f3ximo 27 de septiembre hasta el 26 de enero de 2014 en la Biblioteca Nacional&#8211;, siendo la \u00faltima la presentaci\u00f3n del nuevo Diccionario de la lengua espa\u00f1ola.<\/p>\n<p>Junto con Acci\u00f3n Cultural Espa\u00f1ola (AC\/E) y con la Biblioteca Nacional de Espa\u00f1a, la RAE organiza esta exposici\u00f3n que recorre a trav\u00e9s de obras de arte &#8211;esculturas, cuadros, manuscritos y diccionarios&#8211; la historia de la Real Academia Espa\u00f1ola y las figuras m\u00e1s importantes que han formado parte de ella.<\/p>\n<p>La Real Academia Espa\u00f1ola celebra el tricentenario de su creaci\u00f3n, que tuvo lugar en 1713 a iniciativa del marqu\u00e9s de Villena, Juan Manuel Fern\u00e1ndez Pacheco. Aunque realmente, fue un a\u00f1o despu\u00e9s cuando Felipe V aprob\u00f3 oficialmente la creaci\u00f3n de la Academia bajo su protecci\u00f3n.<\/p>\n<p>La muestra, divida en siete bloques relacionados entre s\u00ed, ordenados cronol\u00f3gicamente y comisariada por Carmen Iglesias y Jos\u00e9 Manuel S\u00e1nchez, exhibe desde el inicio del lenguaje hasta la influencia de las nuevas tecnolog\u00edas en la Real Academia Espa\u00f1ola a trav\u00e9s de distintas obras y documentos.<\/p>\n<p>El visitante podr\u00e1 ver el primer Diccionario de la RAE creada gracias a un decreto de Felipe V en 1723 y un cuadro in\u00e9dito hasta ahora de Mar\u00eda Isidra Quintina de Guzm\u00e1n, la mujer que a los 17 a\u00f1os de edad se convirti\u00f3 en la primera acad\u00e9mica. Junto a su retrato se muestra un busto de Mar\u00eda Moliner, creadora de uno de los diccionarios de la RAE.<\/p>\n<p>Entre las obras podemos destacar un cuadro de la famosa Generaci\u00f3n del 27 que el autor, Ignacio Zuloaga, titul\u00f3 &#8216;Mis amigos&#8217;, diferentes retratos de Goya como el de Juan Antonio Mel\u00e9ndez Vald\u00e9s, uno de los poetas m\u00e1s destacados del siglo XVIII, dibujos de Antonio Mingote que fue elegido miembro de la Academia en 1987, a los que se suma un v\u00eddeo en el que se muestra c\u00f3mo trabajan los acad\u00e9micos y la c\u00f3moda, m\u00e1s conocida, como el fichero de las ediciones del Diccionario de la RAE.<\/p>\n","protected":false},"excerpt":{"rendered":"<p>(EUROPA PRESS) &#8211;\u00a0La exposici\u00f3n &#8216;La lengua y la palabra&#8217; es la primera de las actividades que la Real Academia Espa\u00f1ola tiene preparadas con motivo de su tricentenario &#8211;que podr\u00e1 verse desde el pr\u00f3ximo 27 de septiembre hasta el 26 de enero de 2014 en la Biblioteca Nacional&#8211;, siendo la \u00faltima la presentaci\u00f3n del nuevo Diccionario [&hellip;]<\/p>\n","protected":false},"author":1,"featured_media":3206,"comment_status":"open","ping_status":"open","sticky":false,"template":"","format":"standard","meta":{"footnotes":""},"categories":[2],"tags":[],"class_list":["post-3205","post","type-post","status-publish","format-standard","has-post-thumbnail","hentry","category-agenda"],"aioseo_notices":[],"aioseo_head":"\n\t\t<!-- All in One SEO Pro 4.9.6.2 - aioseo.com -->\n\t<meta name=\"description\" content=\"(EUROPA PRESS) - La exposici\u00f3n &#039;La lengua y la palabra&#039; es la primera de las actividades que la Real Academia Espa\u00f1ola tiene preparadas con motivo de su tricentenario --que podr\u00e1 verse desde el pr\u00f3ximo 27 de septiembre hasta el 26 de enero de 2014 en la Biblioteca Nacional--, siendo la \u00faltima la presentaci\u00f3n del nuevo Diccionario\" \/>\n\t<meta name=\"robots\" content=\"max-image-preview:large\" \/>\n\t<meta name=\"author\" content=\"El Digital de Asturias\"\/>\n\t<meta name=\"google-site-verification\" content=\"UA-38556648-1\" \/>\n\t<meta name=\"msvalidate.01\" content=\"7dfe9f3f1b24437ab69f4f2559babe99\" \/>\n\t<meta name=\"keywords\" content=\"agenda\" \/>\n\t<link rel=\"canonical\" href=\"https:\/\/www.eldigitaldeasturias.com\/noticias\/la-exposicion-la-lengua-y-la-palabra-en-la-biblioteca-nacional\/\" \/>\n\t<meta name=\"generator\" content=\"All in One SEO Pro (AIOSEO) 4.9.6.2\" \/>\n\t\t<meta property=\"og:locale\" content=\"es_ES\" \/>\n\t\t<meta property=\"og:site_name\" content=\"El Digital de Asturias\" \/>\n\t\t<meta property=\"og:type\" content=\"article\" \/>\n\t\t<meta property=\"og:title\" content=\"La exposici\u00f3n \u2018La lengua y la palabra\u2019 en la Biblioteca Nacional - El Digital de Asturias\" \/>\n\t\t<meta property=\"og:description\" content=\"(EUROPA PRESS) - La exposici\u00f3n &#039;La lengua y la palabra&#039; es la primera de las actividades que la Real Academia Espa\u00f1ola tiene preparadas con motivo de su tricentenario --que podr\u00e1 verse desde el pr\u00f3ximo 27 de septiembre hasta el 26 de enero de 2014 en la Biblioteca Nacional--, siendo la \u00faltima la presentaci\u00f3n del nuevo Diccionario\" \/>\n\t\t<meta property=\"og:url\" content=\"https:\/\/www.eldigitaldeasturias.com\/noticias\/la-exposicion-la-lengua-y-la-palabra-en-la-biblioteca-nacional\/\" \/>\n\t\t<meta property=\"article:tag\" content=\"agenda\" \/>\n\t\t<meta property=\"article:published_time\" content=\"2013-09-25T21:29:48+00:00\" \/>\n\t\t<meta property=\"article:modified_time\" content=\"2013-09-25T21:29:48+00:00\" \/>\n\t\t<meta property=\"article:publisher\" content=\"https:\/\/facebook.com\/eldigitaldeasturias\" \/>\n\t\t<meta name=\"twitter:card\" content=\"summary_large_image\" \/>\n\t\t<meta name=\"twitter:title\" content=\"La exposici\u00f3n \u2018La lengua y la palabra\u2019 en la Biblioteca Nacional - El Digital de Asturias\" \/>\n\t\t<meta name=\"twitter:description\" content=\"(EUROPA PRESS) - La exposici\u00f3n &#039;La lengua y la palabra&#039; es la primera de las actividades que la Real Academia Espa\u00f1ola tiene preparadas con motivo de su tricentenario --que podr\u00e1 verse desde el pr\u00f3ximo 27 de septiembre hasta el 26 de enero de 2014 en la Biblioteca Nacional--, siendo la \u00faltima la presentaci\u00f3n del nuevo Diccionario\" \/>\n\t\t<meta name=\"twitter:label1\" content=\"Escrito por\" \/>\n\t\t<meta name=\"twitter:data1\" content=\"El Digital de Asturias\" \/>\n\t\t<meta name=\"twitter:label2\" content=\"Tiempo de lectura estimado\" \/>\n\t\t<meta name=\"twitter:data2\" content=\"2 minutos\" \/>\n\t\t<script type=\"application\/ld+json\" class=\"aioseo-schema\">\n\t\t\t{\"@context\":\"https:\\\/\\\/schema.org\",\"@graph\":[{\"@type\":\"BlogPosting\",\"@id\":\"https:\\\/\\\/www.eldigitaldeasturias.com\\\/noticias\\\/la-exposicion-la-lengua-y-la-palabra-en-la-biblioteca-nacional\\\/#blogposting\",\"name\":\"La exposici\\u00f3n \\u2018La lengua y la palabra\\u2019 en la Biblioteca Nacional - El Digital de Asturias\",\"headline\":\"La exposici\\u00f3n &#8216;La lengua y la palabra&#8217; en la Biblioteca Nacional\",\"author\":{\"@id\":\"https:\\\/\\\/www.eldigitaldeasturias.com\\\/noticias\\\/author\\\/admin\\\/#author\"},\"publisher\":{\"@id\":\"https:\\\/\\\/www.eldigitaldeasturias.com\\\/noticias\\\/#organization\"},\"image\":{\"@type\":\"ImageObject\",\"url\":3206},\"datePublished\":\"2013-09-25T21:29:48+02:00\",\"dateModified\":\"2013-09-25T21:29:48+02:00\",\"inLanguage\":\"es-ES\",\"mainEntityOfPage\":{\"@id\":\"https:\\\/\\\/www.eldigitaldeasturias.com\\\/noticias\\\/la-exposicion-la-lengua-y-la-palabra-en-la-biblioteca-nacional\\\/#webpage\"},\"isPartOf\":{\"@id\":\"https:\\\/\\\/www.eldigitaldeasturias.com\\\/noticias\\\/la-exposicion-la-lengua-y-la-palabra-en-la-biblioteca-nacional\\\/#webpage\"},\"articleSection\":\"Agenda\"},{\"@type\":\"BreadcrumbList\",\"@id\":\"https:\\\/\\\/www.eldigitaldeasturias.com\\\/noticias\\\/la-exposicion-la-lengua-y-la-palabra-en-la-biblioteca-nacional\\\/#breadcrumblist\",\"itemListElement\":[{\"@type\":\"ListItem\",\"@id\":\"https:\\\/\\\/www.eldigitaldeasturias.com\\\/noticias#listItem\",\"position\":1,\"name\":\"Home\",\"item\":\"https:\\\/\\\/www.eldigitaldeasturias.com\\\/noticias\",\"nextItem\":{\"@type\":\"ListItem\",\"@id\":\"https:\\\/\\\/www.eldigitaldeasturias.com\\\/noticias\\\/category\\\/agenda\\\/#listItem\",\"name\":\"Agenda\"}},{\"@type\":\"ListItem\",\"@id\":\"https:\\\/\\\/www.eldigitaldeasturias.com\\\/noticias\\\/category\\\/agenda\\\/#listItem\",\"position\":2,\"name\":\"Agenda\",\"item\":\"https:\\\/\\\/www.eldigitaldeasturias.com\\\/noticias\\\/category\\\/agenda\\\/\",\"nextItem\":{\"@type\":\"ListItem\",\"@id\":\"https:\\\/\\\/www.eldigitaldeasturias.com\\\/noticias\\\/la-exposicion-la-lengua-y-la-palabra-en-la-biblioteca-nacional\\\/#listItem\",\"name\":\"La exposici\\u00f3n &#8216;La lengua y la palabra&#8217; en la Biblioteca Nacional\"},\"previousItem\":{\"@type\":\"ListItem\",\"@id\":\"https:\\\/\\\/www.eldigitaldeasturias.com\\\/noticias#listItem\",\"name\":\"Home\"}},{\"@type\":\"ListItem\",\"@id\":\"https:\\\/\\\/www.eldigitaldeasturias.com\\\/noticias\\\/la-exposicion-la-lengua-y-la-palabra-en-la-biblioteca-nacional\\\/#listItem\",\"position\":3,\"name\":\"La exposici\\u00f3n &#8216;La lengua y la palabra&#8217; en la Biblioteca Nacional\",\"previousItem\":{\"@type\":\"ListItem\",\"@id\":\"https:\\\/\\\/www.eldigitaldeasturias.com\\\/noticias\\\/category\\\/agenda\\\/#listItem\",\"name\":\"Agenda\"}}]},{\"@type\":\"Organization\",\"@id\":\"https:\\\/\\\/www.eldigitaldeasturias.com\\\/noticias\\\/#organization\",\"name\":\"El Digital de Asturias\",\"description\":\"Hemeroteca\",\"url\":\"https:\\\/\\\/www.eldigitaldeasturias.com\\\/noticias\\\/\",\"email\":\"info@eldigitaldeasturias.com\",\"telephone\":\"+34652131393\",\"logo\":{\"@type\":\"ImageObject\",\"url\":\"https:\\\/\\\/www.eldigitaldeasturias.com\\\/noticias\\\/wp-content\\\/uploads\\\/2020\\\/12\\\/EDA.jpg\",\"@id\":\"https:\\\/\\\/www.eldigitaldeasturias.com\\\/noticias\\\/la-exposicion-la-lengua-y-la-palabra-en-la-biblioteca-nacional\\\/#organizationLogo\",\"width\":649,\"height\":297},\"image\":{\"@id\":\"https:\\\/\\\/www.eldigitaldeasturias.com\\\/noticias\\\/la-exposicion-la-lengua-y-la-palabra-en-la-biblioteca-nacional\\\/#organizationLogo\"},\"sameAs\":[\"https:\\\/\\\/facebook.com\\\/eldigitaldeasturias\",\"https:\\\/\\\/www.youtube.com\\\/channel\\\/UCZP-2wLEB9Rv6erhFmqVnvg\"],\"address\":{\"@id\":\"https:\\\/\\\/www.eldigitaldeasturias.com\\\/noticias\\\/#postaladdress\",\"@type\":\"PostalAddress\",\"streetAddress\":\"san antonio 4,\",\"postalCode\":\"33430\",\"addressLocality\":\"Cand\\u00e1s\",\"addressRegion\":\"Asturias\",\"addressCountry\":\"ES\"}},{\"@type\":\"Person\",\"@id\":\"https:\\\/\\\/www.eldigitaldeasturias.com\\\/noticias\\\/author\\\/admin\\\/#author\",\"url\":\"https:\\\/\\\/www.eldigitaldeasturias.com\\\/noticias\\\/author\\\/admin\\\/\",\"name\":\"El Digital de Asturias\",\"image\":{\"@type\":\"ImageObject\",\"@id\":\"https:\\\/\\\/www.eldigitaldeasturias.com\\\/noticias\\\/la-exposicion-la-lengua-y-la-palabra-en-la-biblioteca-nacional\\\/#authorImage\",\"url\":\"https:\\\/\\\/www.eldigitaldeasturias.com\\\/noticias\\\/wp-content\\\/litespeed\\\/avatar\\\/18677e78aa0546b92d9dbf31ec7d7668.jpg?ver=1777290358\",\"width\":96,\"height\":96,\"caption\":\"El Digital de Asturias\"}},{\"@type\":\"WebPage\",\"@id\":\"https:\\\/\\\/www.eldigitaldeasturias.com\\\/noticias\\\/la-exposicion-la-lengua-y-la-palabra-en-la-biblioteca-nacional\\\/#webpage\",\"url\":\"https:\\\/\\\/www.eldigitaldeasturias.com\\\/noticias\\\/la-exposicion-la-lengua-y-la-palabra-en-la-biblioteca-nacional\\\/\",\"name\":\"La exposici\\u00f3n \\u2018La lengua y la palabra\\u2019 en la Biblioteca Nacional - El Digital de Asturias\",\"description\":\"(EUROPA PRESS) - La exposici\\u00f3n 'La lengua y la palabra' es la primera de las actividades que la Real Academia Espa\\u00f1ola tiene preparadas con motivo de su tricentenario --que podr\\u00e1 verse desde el pr\\u00f3ximo 27 de septiembre hasta el 26 de enero de 2014 en la Biblioteca Nacional--, siendo la \\u00faltima la presentaci\\u00f3n del nuevo Diccionario\",\"inLanguage\":\"es-ES\",\"isPartOf\":{\"@id\":\"https:\\\/\\\/www.eldigitaldeasturias.com\\\/noticias\\\/#website\"},\"breadcrumb\":{\"@id\":\"https:\\\/\\\/www.eldigitaldeasturias.com\\\/noticias\\\/la-exposicion-la-lengua-y-la-palabra-en-la-biblioteca-nacional\\\/#breadcrumblist\"},\"author\":{\"@id\":\"https:\\\/\\\/www.eldigitaldeasturias.com\\\/noticias\\\/author\\\/admin\\\/#author\"},\"creator\":{\"@id\":\"https:\\\/\\\/www.eldigitaldeasturias.com\\\/noticias\\\/author\\\/admin\\\/#author\"},\"image\":{\"@type\":\"ImageObject\",\"url\":3206,\"@id\":\"https:\\\/\\\/www.eldigitaldeasturias.com\\\/noticias\\\/la-exposicion-la-lengua-y-la-palabra-en-la-biblioteca-nacional\\\/#mainImage\"},\"primaryImageOfPage\":{\"@id\":\"https:\\\/\\\/www.eldigitaldeasturias.com\\\/noticias\\\/la-exposicion-la-lengua-y-la-palabra-en-la-biblioteca-nacional\\\/#mainImage\"},\"datePublished\":\"2013-09-25T21:29:48+02:00\",\"dateModified\":\"2013-09-25T21:29:48+02:00\"},{\"@type\":\"WebSite\",\"@id\":\"https:\\\/\\\/www.eldigitaldeasturias.com\\\/noticias\\\/#website\",\"url\":\"https:\\\/\\\/www.eldigitaldeasturias.com\\\/noticias\\\/\",\"name\":\"El Digital de Asturias - Diario de actualidad y noticias\",\"alternateName\":\"El Digital de Asturias - Diario de actualidad y noticias\",\"description\":\"Hemeroteca\",\"inLanguage\":\"es-ES\",\"publisher\":{\"@id\":\"https:\\\/\\\/www.eldigitaldeasturias.com\\\/noticias\\\/#organization\"}}]}\n\t\t<\/script>\n\t\t<!-- All in One SEO Pro -->\r\n\t\t<title>La exposici\u00f3n \u2018La lengua y la palabra\u2019 en la Biblioteca Nacional - El Digital de Asturias<\/title>\n\n","aioseo_head_json":{"title":"La exposici\u00f3n \u2018La lengua y la palabra\u2019 en la Biblioteca Nacional - El Digital de Asturias","description":"(EUROPA PRESS) - La exposici\u00f3n 'La lengua y la palabra' es la primera de las actividades que la Real Academia Espa\u00f1ola tiene preparadas con motivo de su tricentenario --que podr\u00e1 verse desde el pr\u00f3ximo 27 de septiembre hasta el 26 de enero de 2014 en la Biblioteca Nacional--, siendo la \u00faltima la presentaci\u00f3n del nuevo Diccionario","canonical_url":"https:\/\/www.eldigitaldeasturias.com\/noticias\/la-exposicion-la-lengua-y-la-palabra-en-la-biblioteca-nacional\/","robots":"max-image-preview:large","keywords":"agenda","webmasterTools":{"google-site-verification":"UA-38556648-1","msvalidate.01":"7dfe9f3f1b24437ab69f4f2559babe99","miscellaneous":""},"schema":{"@context":"https:\/\/schema.org","@graph":[{"@type":"BlogPosting","@id":"https:\/\/www.eldigitaldeasturias.com\/noticias\/la-exposicion-la-lengua-y-la-palabra-en-la-biblioteca-nacional\/#blogposting","name":"La exposici\u00f3n \u2018La lengua y la palabra\u2019 en la Biblioteca Nacional - El Digital de Asturias","headline":"La exposici\u00f3n &#8216;La lengua y la palabra&#8217; en la Biblioteca Nacional","author":{"@id":"https:\/\/www.eldigitaldeasturias.com\/noticias\/author\/admin\/#author"},"publisher":{"@id":"https:\/\/www.eldigitaldeasturias.com\/noticias\/#organization"},"image":{"@type":"ImageObject","url":3206},"datePublished":"2013-09-25T21:29:48+02:00","dateModified":"2013-09-25T21:29:48+02:00","inLanguage":"es-ES","mainEntityOfPage":{"@id":"https:\/\/www.eldigitaldeasturias.com\/noticias\/la-exposicion-la-lengua-y-la-palabra-en-la-biblioteca-nacional\/#webpage"},"isPartOf":{"@id":"https:\/\/www.eldigitaldeasturias.com\/noticias\/la-exposicion-la-lengua-y-la-palabra-en-la-biblioteca-nacional\/#webpage"},"articleSection":"Agenda"},{"@type":"BreadcrumbList","@id":"https:\/\/www.eldigitaldeasturias.com\/noticias\/la-exposicion-la-lengua-y-la-palabra-en-la-biblioteca-nacional\/#breadcrumblist","itemListElement":[{"@type":"ListItem","@id":"https:\/\/www.eldigitaldeasturias.com\/noticias#listItem","position":1,"name":"Home","item":"https:\/\/www.eldigitaldeasturias.com\/noticias","nextItem":{"@type":"ListItem","@id":"https:\/\/www.eldigitaldeasturias.com\/noticias\/category\/agenda\/#listItem","name":"Agenda"}},{"@type":"ListItem","@id":"https:\/\/www.eldigitaldeasturias.com\/noticias\/category\/agenda\/#listItem","position":2,"name":"Agenda","item":"https:\/\/www.eldigitaldeasturias.com\/noticias\/category\/agenda\/","nextItem":{"@type":"ListItem","@id":"https:\/\/www.eldigitaldeasturias.com\/noticias\/la-exposicion-la-lengua-y-la-palabra-en-la-biblioteca-nacional\/#listItem","name":"La exposici\u00f3n &#8216;La lengua y la palabra&#8217; en la Biblioteca Nacional"},"previousItem":{"@type":"ListItem","@id":"https:\/\/www.eldigitaldeasturias.com\/noticias#listItem","name":"Home"}},{"@type":"ListItem","@id":"https:\/\/www.eldigitaldeasturias.com\/noticias\/la-exposicion-la-lengua-y-la-palabra-en-la-biblioteca-nacional\/#listItem","position":3,"name":"La exposici\u00f3n &#8216;La lengua y la palabra&#8217; en la Biblioteca Nacional","previousItem":{"@type":"ListItem","@id":"https:\/\/www.eldigitaldeasturias.com\/noticias\/category\/agenda\/#listItem","name":"Agenda"}}]},{"@type":"Organization","@id":"https:\/\/www.eldigitaldeasturias.com\/noticias\/#organization","name":"El Digital de Asturias","description":"Hemeroteca","url":"https:\/\/www.eldigitaldeasturias.com\/noticias\/","email":"info@eldigitaldeasturias.com","telephone":"+34652131393","logo":{"@type":"ImageObject","url":"https:\/\/www.eldigitaldeasturias.com\/noticias\/wp-content\/uploads\/2020\/12\/EDA.jpg","@id":"https:\/\/www.eldigitaldeasturias.com\/noticias\/la-exposicion-la-lengua-y-la-palabra-en-la-biblioteca-nacional\/#organizationLogo","width":649,"height":297},"image":{"@id":"https:\/\/www.eldigitaldeasturias.com\/noticias\/la-exposicion-la-lengua-y-la-palabra-en-la-biblioteca-nacional\/#organizationLogo"},"sameAs":["https:\/\/facebook.com\/eldigitaldeasturias","https:\/\/www.youtube.com\/channel\/UCZP-2wLEB9Rv6erhFmqVnvg"],"address":{"@id":"https:\/\/www.eldigitaldeasturias.com\/noticias\/#postaladdress","@type":"PostalAddress","streetAddress":"san antonio 4,","postalCode":"33430","addressLocality":"Cand\u00e1s","addressRegion":"Asturias","addressCountry":"ES"}},{"@type":"Person","@id":"https:\/\/www.eldigitaldeasturias.com\/noticias\/author\/admin\/#author","url":"https:\/\/www.eldigitaldeasturias.com\/noticias\/author\/admin\/","name":"El Digital de Asturias","image":{"@type":"ImageObject","@id":"https:\/\/www.eldigitaldeasturias.com\/noticias\/la-exposicion-la-lengua-y-la-palabra-en-la-biblioteca-nacional\/#authorImage","url":"https:\/\/www.eldigitaldeasturias.com\/noticias\/wp-content\/litespeed\/avatar\/18677e78aa0546b92d9dbf31ec7d7668.jpg?ver=1777290358","width":96,"height":96,"caption":"El Digital de Asturias"}},{"@type":"WebPage","@id":"https:\/\/www.eldigitaldeasturias.com\/noticias\/la-exposicion-la-lengua-y-la-palabra-en-la-biblioteca-nacional\/#webpage","url":"https:\/\/www.eldigitaldeasturias.com\/noticias\/la-exposicion-la-lengua-y-la-palabra-en-la-biblioteca-nacional\/","name":"La exposici\u00f3n \u2018La lengua y la palabra\u2019 en la Biblioteca Nacional - El Digital de Asturias","description":"(EUROPA PRESS) - La exposici\u00f3n 'La lengua y la palabra' es la primera de las actividades que la Real Academia Espa\u00f1ola tiene preparadas con motivo de su tricentenario --que podr\u00e1 verse desde el pr\u00f3ximo 27 de septiembre hasta el 26 de enero de 2014 en la Biblioteca Nacional--, siendo la \u00faltima la presentaci\u00f3n del nuevo Diccionario","inLanguage":"es-ES","isPartOf":{"@id":"https:\/\/www.eldigitaldeasturias.com\/noticias\/#website"},"breadcrumb":{"@id":"https:\/\/www.eldigitaldeasturias.com\/noticias\/la-exposicion-la-lengua-y-la-palabra-en-la-biblioteca-nacional\/#breadcrumblist"},"author":{"@id":"https:\/\/www.eldigitaldeasturias.com\/noticias\/author\/admin\/#author"},"creator":{"@id":"https:\/\/www.eldigitaldeasturias.com\/noticias\/author\/admin\/#author"},"image":{"@type":"ImageObject","url":3206,"@id":"https:\/\/www.eldigitaldeasturias.com\/noticias\/la-exposicion-la-lengua-y-la-palabra-en-la-biblioteca-nacional\/#mainImage"},"primaryImageOfPage":{"@id":"https:\/\/www.eldigitaldeasturias.com\/noticias\/la-exposicion-la-lengua-y-la-palabra-en-la-biblioteca-nacional\/#mainImage"},"datePublished":"2013-09-25T21:29:48+02:00","dateModified":"2013-09-25T21:29:48+02:00"},{"@type":"WebSite","@id":"https:\/\/www.eldigitaldeasturias.com\/noticias\/#website","url":"https:\/\/www.eldigitaldeasturias.com\/noticias\/","name":"El Digital de Asturias - Diario de actualidad y noticias","alternateName":"El Digital de Asturias - Diario de actualidad y noticias","description":"Hemeroteca","inLanguage":"es-ES","publisher":{"@id":"https:\/\/www.eldigitaldeasturias.com\/noticias\/#organization"}}]},"og:locale":"es_ES","og:site_name":"El Digital de Asturias","og:type":"article","og:title":"La exposici\u00f3n \u2018La lengua y la palabra\u2019 en la Biblioteca Nacional - El Digital de Asturias","og:description":"(EUROPA PRESS) - La exposici\u00f3n 'La lengua y la palabra' es la primera de las actividades que la Real Academia Espa\u00f1ola tiene preparadas con motivo de su tricentenario --que podr\u00e1 verse desde el pr\u00f3ximo 27 de septiembre hasta el 26 de enero de 2014 en la Biblioteca Nacional--, siendo la \u00faltima la presentaci\u00f3n del nuevo Diccionario","og:url":"https:\/\/www.eldigitaldeasturias.com\/noticias\/la-exposicion-la-lengua-y-la-palabra-en-la-biblioteca-nacional\/","article:tag":["agenda"],"article:published_time":"2013-09-25T21:29:48+00:00","article:modified_time":"2013-09-25T21:29:48+00:00","article:publisher":"https:\/\/facebook.com\/eldigitaldeasturias","twitter:card":"summary_large_image","twitter:title":"La exposici\u00f3n \u2018La lengua y la palabra\u2019 en la Biblioteca Nacional - El Digital de Asturias","twitter:description":"(EUROPA PRESS) - La exposici\u00f3n 'La lengua y la palabra' es la primera de las actividades que la Real Academia Espa\u00f1ola tiene preparadas con motivo de su tricentenario --que podr\u00e1 verse desde el pr\u00f3ximo 27 de septiembre hasta el 26 de enero de 2014 en la Biblioteca Nacional--, siendo la \u00faltima la presentaci\u00f3n del nuevo Diccionario","twitter:label1":"Escrito por","twitter:data1":"El Digital de Asturias","twitter:label2":"Tiempo de lectura estimado","twitter:data2":"2 minutos"},"aioseo_meta_data":{"post_id":"3205","title":null,"description":null,"keywords":null,"keyphrases":null,"primary_term":null,"canonical_url":null,"og_title":null,"og_description":null,"og_object_type":"default","og_image_type":"default","og_image_url":null,"og_image_width":null,"og_image_height":null,"og_image_custom_url":null,"og_image_custom_fields":null,"og_video":null,"og_custom_url":null,"og_article_section":null,"og_article_tags":null,"twitter_use_og":true,"twitter_card":"default","twitter_image_type":"default","twitter_image_url":null,"twitter_image_custom_url":null,"twitter_image_custom_fields":null,"twitter_title":null,"twitter_description":null,"schema":{"blockGraphs":[],"customGraphs":[],"default":{"data":{"Article":[],"Course":[],"Dataset":[],"FAQPage":[],"Movie":[],"Person":[],"Product":[],"ProductReview":[],"Car":[],"Recipe":[],"Service":[],"SoftwareApplication":[],"WebPage":[]},"graphName":"","isEnabled":true},"graphs":[],"defaultGraph":"","defaultPostTypeGraph":""},"schema_type":null,"schema_type_options":null,"pillar_content":false,"robots_default":true,"robots_noindex":false,"robots_noarchive":false,"robots_nosnippet":false,"robots_nofollow":false,"robots_noimageindex":false,"robots_noodp":false,"robots_notranslate":false,"robots_max_snippet":null,"robots_max_videopreview":null,"robots_max_imagepreview":"none","priority":null,"frequency":null,"local_seo":null,"seo_analyzer_scan_date":"2025-08-21 05:58:53","breadcrumb_settings":null,"limit_modified_date":false,"open_ai":null,"ai":null,"created":"2020-11-14 22:37:04","updated":"2025-08-21 05:58:53"},"aioseo_breadcrumb":"<div class=\"aioseo-breadcrumbs\"><span class=\"aioseo-breadcrumb\">\n\t<a href=\"https:\/\/www.eldigitaldeasturias.com\/noticias\" title=\"Home\">Home<\/a>\n<\/span><span class=\"aioseo-breadcrumb-separator\">\u2013<\/span><span class=\"aioseo-breadcrumb\">\n\t<a href=\"https:\/\/www.eldigitaldeasturias.com\/noticias\/category\/agenda\/\" title=\"Agenda\">Agenda<\/a>\n<\/span><span class=\"aioseo-breadcrumb-separator\">\u2013<\/span><span class=\"aioseo-breadcrumb\">\n\t<a href=\"https:\/\/www.eldigitaldeasturias.com\/noticias\/la-exposicion-la-lengua-y-la-palabra-en-la-biblioteca-nacional\/\" title=\"La exposici\u00f3n \u2018La lengua y la palabra\u2019 en la Biblioteca Nacional\">La exposici\u00f3n \u2018La lengua y la palabra\u2019 en la Biblioteca Nacional<\/a>\n<\/span><\/div>","aioseo_breadcrumb_json":[{"label":"Home","link":"https:\/\/www.eldigitaldeasturias.com\/noticias"},{"label":"Agenda","link":"https:\/\/www.eldigitaldeasturias.com\/noticias\/category\/agenda\/"},{"label":"La exposici\u00f3n &#8216;La lengua y la palabra&#8217; en la Biblioteca Nacional","link":"https:\/\/www.eldigitaldeasturias.com\/noticias\/la-exposicion-la-lengua-y-la-palabra-en-la-biblioteca-nacional\/"}],"_links":{"self":[{"href":"https:\/\/www.eldigitaldeasturias.com\/noticias\/wp-json\/wp\/v2\/posts\/3205","targetHints":{"allow":["GET"]}}],"collection":[{"href":"https:\/\/www.eldigitaldeasturias.com\/noticias\/wp-json\/wp\/v2\/posts"}],"about":[{"href":"https:\/\/www.eldigitaldeasturias.com\/noticias\/wp-json\/wp\/v2\/types\/post"}],"author":[{"embeddable":true,"href":"https:\/\/www.eldigitaldeasturias.com\/noticias\/wp-json\/wp\/v2\/users\/1"}],"replies":[{"embeddable":true,"href":"https:\/\/www.eldigitaldeasturias.com\/noticias\/wp-json\/wp\/v2\/comments?post=3205"}],"version-history":[{"count":0,"href":"https:\/\/www.eldigitaldeasturias.com\/noticias\/wp-json\/wp\/v2\/posts\/3205\/revisions"}],"wp:featuredmedia":[{"embeddable":true,"href":"https:\/\/www.eldigitaldeasturias.com\/noticias\/wp-json\/"}],"wp:attachment":[{"href":"https:\/\/www.eldigitaldeasturias.com\/noticias\/wp-json\/wp\/v2\/media?parent=3205"}],"wp:term":[{"taxonomy":"category","embeddable":true,"href":"https:\/\/www.eldigitaldeasturias.com\/noticias\/wp-json\/wp\/v2\/categories?post=3205"},{"taxonomy":"post_tag","embeddable":true,"href":"https:\/\/www.eldigitaldeasturias.com\/noticias\/wp-json\/wp\/v2\/tags?post=3205"}],"curies":[{"name":"wp","href":"https:\/\/api.w.org\/{rel}","templated":true}]}}