{"id":3202,"date":"2013-09-25T21:26:30","date_gmt":"2013-09-25T21:26:30","guid":{"rendered":"http:\/\/www.eldigitaldeasturias.com\/noticias\/?p=3202"},"modified":"2013-09-25T21:26:30","modified_gmt":"2013-09-25T21:26:30","slug":"carlos-vives-nunca-he-dejado-de-ser-un-nino-ni-quiero-dejar-de-serlo","status":"publish","type":"post","link":"https:\/\/www.eldigitaldeasturias.com\/noticias\/carlos-vives-nunca-he-dejado-de-ser-un-nino-ni-quiero-dejar-de-serlo\/","title":{"rendered":"Carlos Vives : \u00abNunca he dejado de ser un ni\u00f1o, ni quiero dejar de serlo\u00bb"},"content":{"rendered":"<p><img loading=\"lazy\" decoding=\"async\" class=\"alignleft size-medium wp-image-3203\" alt=\"fotonoticia_20130925161254_800\" src=\"https:\/\/www.eldigitaldeasturias.com\/noticias\/wp-content\/uploads\/2013\/09\/fotonoticia_20130925161254_800-200x300.jpg\" width=\"200\" height=\"300\" \/>(EUROPA PRESS) -El cantante colombiano Carlos Vives realizar\u00e1 tres conciertos en Espa\u00f1a el pr\u00f3ximo mes de octubre para presentar su nuevo \u00e1lbum, &#8216;Coraz\u00f3n profundo&#8217;, con el que ya ha conseguido un doble disco de diamante y que ha conectado especialmente con el p\u00fablico m\u00e1s joven. La raz\u00f3n, seg\u00fan el artista, es simple: \u00abNunca he dejado de ser un ni\u00f1o, ni quiero dejar de serlo\u00bb.<\/p>\n<p>Vives se presentar\u00e1 el 26 en el Palacio de Ferias y Congresos de M\u00e1laga, el 27 en el Palacio Vistalegre de Madrid y el 30 en el Sant Jordi Club de Barcelona para reencontrarse con antiguos seguidores que regresan acompa\u00f1ados de una nueva generaci\u00f3n: \u00abNos llena de felicidad saber que gran parte de nuestro p\u00fablico son ni\u00f1os, siempre estuve en contacto con ellos, pero con este disco ha sido incre\u00edble\u00bb.<\/p>\n<p>Adem\u00e1s de los latinoamericanos que residen en Espa\u00f1a y que son \u00abla raz\u00f3n\u00bb de su \u00abexistencia como proyecto musical\u00bb, el int\u00e9rprete espera recuperar el mismo \u00abcari\u00f1o\u00bb que le ten\u00edan \u00ablos espa\u00f1oles hace muchos a\u00f1os\u00bb, as\u00ed como que le arropen durante los espect\u00e1culos que realizar\u00e1 en el pa\u00eds, que en otro tiempo eran \u00abmultitudinarios, maravillosos\u00bb.<\/p>\n<p>&#8216;Coraz\u00f3n profundo&#8217; se ha convertido en uno de los trabajos discogr\u00e1ficos m\u00e1s aclamados del compositor, con tres sencillos en los primeros puestos de las listas musicales. Tanto es as\u00ed, que se espera que el autor reciba varios nominaciones a los Grammy Latinos de este a\u00f1o, una candidatura que se anunciar\u00e1 este martes: \u00abHe estado muchos a\u00f1os fuera de esas cosas y ahora no deseo que me importe mucho, pero me los quiero ganar todos\u00bb, bromea.<\/p>\n<p>VOLUMEN 2<\/p>\n<p>El samario ya se encuentra incluso trabajando en un nuevo lanzamiento, que recibir\u00e1 el nombre de &#8216;Coraz\u00f3n profundo Vol. 2&#8217;, algo \u00abmuy loco\u00bb, ya que es la primera vez que le piden un segundo \u00e1lbum cuando a\u00fan contin\u00faa con la promoci\u00f3n de otro, por lo que se ve obligado a acudir al estudio de grabaci\u00f3n en cada pa\u00eds que visita.<\/p>\n<p>Sobre el panorama musical y su larga ausencia en esta industria, Vives asegura: \u00abHa cambiado mucho, yo formo parte de eso y estuve ocho a\u00f1os sin trabajo simplemente por no entender que la industria hab\u00eda cambiado y que llegaron nuevas formas\u00bb.<\/p>\n<p>Sin embargo, el colombiano ha regresado a lo grande: \u00abNos dicen que ya no se venden discos, cuando nosotros hemos vendido un mill\u00f3n de copias, aunque tambi\u00e9n a trav\u00e9s de los nuevos medios\u00bb. Eso s\u00ed, \u00abla costumbre que el p\u00fablico tiene de buscar la m\u00fasica\u00bb, es algo que jam\u00e1s \u00abva a cambiar\u00bb.<\/p>\n<p>La primera fase de su &#8216;Coraz\u00f3n profundo tour&#8217; ya le ha llevado a recorrer los estadios de Sudam\u00e9rica y Estados Unidos, donde ha reunido a m\u00e1s de 60.000 personas a las que ha sorprendido con invitados especiales, como su compatriota Juanes o su propia hija de 17 a\u00f1os, que se atrevi\u00f3 a salir al escenario junto a su padre.<\/p>\n","protected":false},"excerpt":{"rendered":"<p>(EUROPA PRESS) -El cantante colombiano Carlos Vives realizar\u00e1 tres conciertos en Espa\u00f1a el pr\u00f3ximo mes de octubre para presentar su nuevo \u00e1lbum, &#8216;Coraz\u00f3n profundo&#8217;, con el que ya ha conseguido un doble disco de diamante y que ha conectado especialmente con el p\u00fablico m\u00e1s joven. La raz\u00f3n, seg\u00fan el artista, es simple: \u00abNunca he dejado [&hellip;]<\/p>\n","protected":false},"author":1,"featured_media":3203,"comment_status":"open","ping_status":"open","sticky":false,"template":"","format":"standard","meta":{"footnotes":""},"categories":[28],"tags":[],"class_list":["post-3202","post","type-post","status-publish","format-standard","has-post-thumbnail","hentry","category-sociedad"],"aioseo_notices":[],"aioseo_head":"\n\t\t<!-- All in One SEO Pro 4.9.6.2 - aioseo.com -->\n\t<meta name=\"description\" content=\"(EUROPA PRESS) -El cantante colombiano Carlos Vives realizar\u00e1 tres conciertos en Espa\u00f1a el pr\u00f3ximo mes de octubre para presentar su nuevo \u00e1lbum, &#039;Coraz\u00f3n profundo&#039;, con el que ya ha conseguido un doble disco de diamante y que ha conectado especialmente con el p\u00fablico m\u00e1s joven. La raz\u00f3n, seg\u00fan el artista, es simple: &quot;Nunca he dejado\" \/>\n\t<meta name=\"robots\" content=\"max-image-preview:large\" \/>\n\t<meta name=\"author\" content=\"El Digital de Asturias\"\/>\n\t<meta name=\"google-site-verification\" content=\"UA-38556648-1\" \/>\n\t<meta name=\"msvalidate.01\" content=\"7dfe9f3f1b24437ab69f4f2559babe99\" \/>\n\t<meta name=\"keywords\" content=\"sociedad\" \/>\n\t<link rel=\"canonical\" href=\"https:\/\/www.eldigitaldeasturias.com\/noticias\/carlos-vives-nunca-he-dejado-de-ser-un-nino-ni-quiero-dejar-de-serlo\/\" \/>\n\t<meta name=\"generator\" content=\"All in One SEO Pro (AIOSEO) 4.9.6.2\" \/>\n\t\t<meta property=\"og:locale\" content=\"es_ES\" \/>\n\t\t<meta property=\"og:site_name\" content=\"El Digital de Asturias\" \/>\n\t\t<meta property=\"og:type\" content=\"article\" \/>\n\t\t<meta property=\"og:title\" content=\"Carlos Vives : \u00abNunca he dejado de ser un ni\u00f1o, ni quiero dejar de serlo\u00bb - El Digital de Asturias\" \/>\n\t\t<meta property=\"og:description\" content=\"(EUROPA PRESS) -El cantante colombiano Carlos Vives realizar\u00e1 tres conciertos en Espa\u00f1a el pr\u00f3ximo mes de octubre para presentar su nuevo \u00e1lbum, &#039;Coraz\u00f3n profundo&#039;, con el que ya ha conseguido un doble disco de diamante y que ha conectado especialmente con el p\u00fablico m\u00e1s joven. La raz\u00f3n, seg\u00fan el artista, es simple: &quot;Nunca he dejado\" \/>\n\t\t<meta property=\"og:url\" content=\"https:\/\/www.eldigitaldeasturias.com\/noticias\/carlos-vives-nunca-he-dejado-de-ser-un-nino-ni-quiero-dejar-de-serlo\/\" \/>\n\t\t<meta property=\"article:tag\" content=\"sociedad\" \/>\n\t\t<meta property=\"article:published_time\" content=\"2013-09-25T21:26:30+00:00\" \/>\n\t\t<meta property=\"article:modified_time\" content=\"2013-09-25T21:26:30+00:00\" \/>\n\t\t<meta property=\"article:publisher\" content=\"https:\/\/facebook.com\/eldigitaldeasturias\" \/>\n\t\t<meta name=\"twitter:card\" content=\"summary_large_image\" \/>\n\t\t<meta name=\"twitter:title\" content=\"Carlos Vives : \u00abNunca he dejado de ser un ni\u00f1o, ni quiero dejar de serlo\u00bb - El Digital de Asturias\" \/>\n\t\t<meta name=\"twitter:description\" content=\"(EUROPA PRESS) -El cantante colombiano Carlos Vives realizar\u00e1 tres conciertos en Espa\u00f1a el pr\u00f3ximo mes de octubre para presentar su nuevo \u00e1lbum, &#039;Coraz\u00f3n profundo&#039;, con el que ya ha conseguido un doble disco de diamante y que ha conectado especialmente con el p\u00fablico m\u00e1s joven. La raz\u00f3n, seg\u00fan el artista, es simple: &quot;Nunca he dejado\" \/>\n\t\t<meta name=\"twitter:label1\" content=\"Escrito por\" \/>\n\t\t<meta name=\"twitter:data1\" content=\"El Digital de Asturias\" \/>\n\t\t<meta name=\"twitter:label2\" content=\"Tiempo de lectura estimado\" \/>\n\t\t<meta name=\"twitter:data2\" content=\"3 minutos\" \/>\n\t\t<script type=\"application\/ld+json\" class=\"aioseo-schema\">\n\t\t\t{\"@context\":\"https:\\\/\\\/schema.org\",\"@graph\":[{\"@type\":\"BlogPosting\",\"@id\":\"https:\\\/\\\/www.eldigitaldeasturias.com\\\/noticias\\\/carlos-vives-nunca-he-dejado-de-ser-un-nino-ni-quiero-dejar-de-serlo\\\/#blogposting\",\"name\":\"Carlos Vives : \\u00abNunca he dejado de ser un ni\\u00f1o, ni quiero dejar de serlo\\u00bb - El Digital de Asturias\",\"headline\":\"Carlos Vives : \\u00abNunca he dejado de ser un ni\\u00f1o, ni quiero dejar de serlo\\u00bb\",\"author\":{\"@id\":\"https:\\\/\\\/www.eldigitaldeasturias.com\\\/noticias\\\/author\\\/admin\\\/#author\"},\"publisher\":{\"@id\":\"https:\\\/\\\/www.eldigitaldeasturias.com\\\/noticias\\\/#organization\"},\"image\":{\"@type\":\"ImageObject\",\"url\":3203},\"datePublished\":\"2013-09-25T21:26:30+02:00\",\"dateModified\":\"2013-09-25T21:26:30+02:00\",\"inLanguage\":\"es-ES\",\"mainEntityOfPage\":{\"@id\":\"https:\\\/\\\/www.eldigitaldeasturias.com\\\/noticias\\\/carlos-vives-nunca-he-dejado-de-ser-un-nino-ni-quiero-dejar-de-serlo\\\/#webpage\"},\"isPartOf\":{\"@id\":\"https:\\\/\\\/www.eldigitaldeasturias.com\\\/noticias\\\/carlos-vives-nunca-he-dejado-de-ser-un-nino-ni-quiero-dejar-de-serlo\\\/#webpage\"},\"articleSection\":\"Sociedad\"},{\"@type\":\"BreadcrumbList\",\"@id\":\"https:\\\/\\\/www.eldigitaldeasturias.com\\\/noticias\\\/carlos-vives-nunca-he-dejado-de-ser-un-nino-ni-quiero-dejar-de-serlo\\\/#breadcrumblist\",\"itemListElement\":[{\"@type\":\"ListItem\",\"@id\":\"https:\\\/\\\/www.eldigitaldeasturias.com\\\/noticias#listItem\",\"position\":1,\"name\":\"Home\",\"item\":\"https:\\\/\\\/www.eldigitaldeasturias.com\\\/noticias\",\"nextItem\":{\"@type\":\"ListItem\",\"@id\":\"https:\\\/\\\/www.eldigitaldeasturias.com\\\/noticias\\\/category\\\/sociedad\\\/#listItem\",\"name\":\"Sociedad\"}},{\"@type\":\"ListItem\",\"@id\":\"https:\\\/\\\/www.eldigitaldeasturias.com\\\/noticias\\\/category\\\/sociedad\\\/#listItem\",\"position\":2,\"name\":\"Sociedad\",\"item\":\"https:\\\/\\\/www.eldigitaldeasturias.com\\\/noticias\\\/category\\\/sociedad\\\/\",\"nextItem\":{\"@type\":\"ListItem\",\"@id\":\"https:\\\/\\\/www.eldigitaldeasturias.com\\\/noticias\\\/carlos-vives-nunca-he-dejado-de-ser-un-nino-ni-quiero-dejar-de-serlo\\\/#listItem\",\"name\":\"Carlos Vives : \\u00abNunca he dejado de ser un ni\\u00f1o, ni quiero dejar de serlo\\u00bb\"},\"previousItem\":{\"@type\":\"ListItem\",\"@id\":\"https:\\\/\\\/www.eldigitaldeasturias.com\\\/noticias#listItem\",\"name\":\"Home\"}},{\"@type\":\"ListItem\",\"@id\":\"https:\\\/\\\/www.eldigitaldeasturias.com\\\/noticias\\\/carlos-vives-nunca-he-dejado-de-ser-un-nino-ni-quiero-dejar-de-serlo\\\/#listItem\",\"position\":3,\"name\":\"Carlos Vives : \\u00abNunca he dejado de ser un ni\\u00f1o, ni quiero dejar de serlo\\u00bb\",\"previousItem\":{\"@type\":\"ListItem\",\"@id\":\"https:\\\/\\\/www.eldigitaldeasturias.com\\\/noticias\\\/category\\\/sociedad\\\/#listItem\",\"name\":\"Sociedad\"}}]},{\"@type\":\"Organization\",\"@id\":\"https:\\\/\\\/www.eldigitaldeasturias.com\\\/noticias\\\/#organization\",\"name\":\"El Digital de Asturias\",\"description\":\"Hemeroteca\",\"url\":\"https:\\\/\\\/www.eldigitaldeasturias.com\\\/noticias\\\/\",\"email\":\"info@eldigitaldeasturias.com\",\"telephone\":\"+34652131393\",\"logo\":{\"@type\":\"ImageObject\",\"url\":\"https:\\\/\\\/www.eldigitaldeasturias.com\\\/noticias\\\/wp-content\\\/uploads\\\/2020\\\/12\\\/EDA.jpg\",\"@id\":\"https:\\\/\\\/www.eldigitaldeasturias.com\\\/noticias\\\/carlos-vives-nunca-he-dejado-de-ser-un-nino-ni-quiero-dejar-de-serlo\\\/#organizationLogo\",\"width\":649,\"height\":297},\"image\":{\"@id\":\"https:\\\/\\\/www.eldigitaldeasturias.com\\\/noticias\\\/carlos-vives-nunca-he-dejado-de-ser-un-nino-ni-quiero-dejar-de-serlo\\\/#organizationLogo\"},\"sameAs\":[\"https:\\\/\\\/facebook.com\\\/eldigitaldeasturias\",\"https:\\\/\\\/www.youtube.com\\\/channel\\\/UCZP-2wLEB9Rv6erhFmqVnvg\"],\"address\":{\"@id\":\"https:\\\/\\\/www.eldigitaldeasturias.com\\\/noticias\\\/#postaladdress\",\"@type\":\"PostalAddress\",\"streetAddress\":\"san antonio 4,\",\"postalCode\":\"33430\",\"addressLocality\":\"Cand\\u00e1s\",\"addressRegion\":\"Asturias\",\"addressCountry\":\"ES\"}},{\"@type\":\"Person\",\"@id\":\"https:\\\/\\\/www.eldigitaldeasturias.com\\\/noticias\\\/author\\\/admin\\\/#author\",\"url\":\"https:\\\/\\\/www.eldigitaldeasturias.com\\\/noticias\\\/author\\\/admin\\\/\",\"name\":\"El Digital de Asturias\",\"image\":{\"@type\":\"ImageObject\",\"@id\":\"https:\\\/\\\/www.eldigitaldeasturias.com\\\/noticias\\\/carlos-vives-nunca-he-dejado-de-ser-un-nino-ni-quiero-dejar-de-serlo\\\/#authorImage\",\"url\":\"https:\\\/\\\/www.eldigitaldeasturias.com\\\/noticias\\\/wp-content\\\/litespeed\\\/avatar\\\/18677e78aa0546b92d9dbf31ec7d7668.jpg?ver=1777290358\",\"width\":96,\"height\":96,\"caption\":\"El Digital de Asturias\"}},{\"@type\":\"WebPage\",\"@id\":\"https:\\\/\\\/www.eldigitaldeasturias.com\\\/noticias\\\/carlos-vives-nunca-he-dejado-de-ser-un-nino-ni-quiero-dejar-de-serlo\\\/#webpage\",\"url\":\"https:\\\/\\\/www.eldigitaldeasturias.com\\\/noticias\\\/carlos-vives-nunca-he-dejado-de-ser-un-nino-ni-quiero-dejar-de-serlo\\\/\",\"name\":\"Carlos Vives : \\u00abNunca he dejado de ser un ni\\u00f1o, ni quiero dejar de serlo\\u00bb - El Digital de Asturias\",\"description\":\"(EUROPA PRESS) -El cantante colombiano Carlos Vives realizar\\u00e1 tres conciertos en Espa\\u00f1a el pr\\u00f3ximo mes de octubre para presentar su nuevo \\u00e1lbum, 'Coraz\\u00f3n profundo', con el que ya ha conseguido un doble disco de diamante y que ha conectado especialmente con el p\\u00fablico m\\u00e1s joven. La raz\\u00f3n, seg\\u00fan el artista, es simple: \\\"Nunca he dejado\",\"inLanguage\":\"es-ES\",\"isPartOf\":{\"@id\":\"https:\\\/\\\/www.eldigitaldeasturias.com\\\/noticias\\\/#website\"},\"breadcrumb\":{\"@id\":\"https:\\\/\\\/www.eldigitaldeasturias.com\\\/noticias\\\/carlos-vives-nunca-he-dejado-de-ser-un-nino-ni-quiero-dejar-de-serlo\\\/#breadcrumblist\"},\"author\":{\"@id\":\"https:\\\/\\\/www.eldigitaldeasturias.com\\\/noticias\\\/author\\\/admin\\\/#author\"},\"creator\":{\"@id\":\"https:\\\/\\\/www.eldigitaldeasturias.com\\\/noticias\\\/author\\\/admin\\\/#author\"},\"image\":{\"@type\":\"ImageObject\",\"url\":3203,\"@id\":\"https:\\\/\\\/www.eldigitaldeasturias.com\\\/noticias\\\/carlos-vives-nunca-he-dejado-de-ser-un-nino-ni-quiero-dejar-de-serlo\\\/#mainImage\"},\"primaryImageOfPage\":{\"@id\":\"https:\\\/\\\/www.eldigitaldeasturias.com\\\/noticias\\\/carlos-vives-nunca-he-dejado-de-ser-un-nino-ni-quiero-dejar-de-serlo\\\/#mainImage\"},\"datePublished\":\"2013-09-25T21:26:30+02:00\",\"dateModified\":\"2013-09-25T21:26:30+02:00\"},{\"@type\":\"WebSite\",\"@id\":\"https:\\\/\\\/www.eldigitaldeasturias.com\\\/noticias\\\/#website\",\"url\":\"https:\\\/\\\/www.eldigitaldeasturias.com\\\/noticias\\\/\",\"name\":\"El Digital de Asturias - Diario de actualidad y noticias\",\"alternateName\":\"El Digital de Asturias - Diario de actualidad y noticias\",\"description\":\"Hemeroteca\",\"inLanguage\":\"es-ES\",\"publisher\":{\"@id\":\"https:\\\/\\\/www.eldigitaldeasturias.com\\\/noticias\\\/#organization\"}}]}\n\t\t<\/script>\n\t\t<!-- All in One SEO Pro -->\r\n\t\t<title>Carlos Vives : \u00abNunca he dejado de ser un ni\u00f1o, ni quiero dejar de serlo\u00bb - El Digital de Asturias<\/title>\n\n","aioseo_head_json":{"title":"Carlos Vives : \u00abNunca he dejado de ser un ni\u00f1o, ni quiero dejar de serlo\u00bb - El Digital de Asturias","description":"(EUROPA PRESS) -El cantante colombiano Carlos Vives realizar\u00e1 tres conciertos en Espa\u00f1a el pr\u00f3ximo mes de octubre para presentar su nuevo \u00e1lbum, 'Coraz\u00f3n profundo', con el que ya ha conseguido un doble disco de diamante y que ha conectado especialmente con el p\u00fablico m\u00e1s joven. La raz\u00f3n, seg\u00fan el artista, es simple: \"Nunca he dejado","canonical_url":"https:\/\/www.eldigitaldeasturias.com\/noticias\/carlos-vives-nunca-he-dejado-de-ser-un-nino-ni-quiero-dejar-de-serlo\/","robots":"max-image-preview:large","keywords":"sociedad","webmasterTools":{"google-site-verification":"UA-38556648-1","msvalidate.01":"7dfe9f3f1b24437ab69f4f2559babe99","miscellaneous":""},"schema":{"@context":"https:\/\/schema.org","@graph":[{"@type":"BlogPosting","@id":"https:\/\/www.eldigitaldeasturias.com\/noticias\/carlos-vives-nunca-he-dejado-de-ser-un-nino-ni-quiero-dejar-de-serlo\/#blogposting","name":"Carlos Vives : \u00abNunca he dejado de ser un ni\u00f1o, ni quiero dejar de serlo\u00bb - El Digital de Asturias","headline":"Carlos Vives : \u00abNunca he dejado de ser un ni\u00f1o, ni quiero dejar de serlo\u00bb","author":{"@id":"https:\/\/www.eldigitaldeasturias.com\/noticias\/author\/admin\/#author"},"publisher":{"@id":"https:\/\/www.eldigitaldeasturias.com\/noticias\/#organization"},"image":{"@type":"ImageObject","url":3203},"datePublished":"2013-09-25T21:26:30+02:00","dateModified":"2013-09-25T21:26:30+02:00","inLanguage":"es-ES","mainEntityOfPage":{"@id":"https:\/\/www.eldigitaldeasturias.com\/noticias\/carlos-vives-nunca-he-dejado-de-ser-un-nino-ni-quiero-dejar-de-serlo\/#webpage"},"isPartOf":{"@id":"https:\/\/www.eldigitaldeasturias.com\/noticias\/carlos-vives-nunca-he-dejado-de-ser-un-nino-ni-quiero-dejar-de-serlo\/#webpage"},"articleSection":"Sociedad"},{"@type":"BreadcrumbList","@id":"https:\/\/www.eldigitaldeasturias.com\/noticias\/carlos-vives-nunca-he-dejado-de-ser-un-nino-ni-quiero-dejar-de-serlo\/#breadcrumblist","itemListElement":[{"@type":"ListItem","@id":"https:\/\/www.eldigitaldeasturias.com\/noticias#listItem","position":1,"name":"Home","item":"https:\/\/www.eldigitaldeasturias.com\/noticias","nextItem":{"@type":"ListItem","@id":"https:\/\/www.eldigitaldeasturias.com\/noticias\/category\/sociedad\/#listItem","name":"Sociedad"}},{"@type":"ListItem","@id":"https:\/\/www.eldigitaldeasturias.com\/noticias\/category\/sociedad\/#listItem","position":2,"name":"Sociedad","item":"https:\/\/www.eldigitaldeasturias.com\/noticias\/category\/sociedad\/","nextItem":{"@type":"ListItem","@id":"https:\/\/www.eldigitaldeasturias.com\/noticias\/carlos-vives-nunca-he-dejado-de-ser-un-nino-ni-quiero-dejar-de-serlo\/#listItem","name":"Carlos Vives : \u00abNunca he dejado de ser un ni\u00f1o, ni quiero dejar de serlo\u00bb"},"previousItem":{"@type":"ListItem","@id":"https:\/\/www.eldigitaldeasturias.com\/noticias#listItem","name":"Home"}},{"@type":"ListItem","@id":"https:\/\/www.eldigitaldeasturias.com\/noticias\/carlos-vives-nunca-he-dejado-de-ser-un-nino-ni-quiero-dejar-de-serlo\/#listItem","position":3,"name":"Carlos Vives : \u00abNunca he dejado de ser un ni\u00f1o, ni quiero dejar de serlo\u00bb","previousItem":{"@type":"ListItem","@id":"https:\/\/www.eldigitaldeasturias.com\/noticias\/category\/sociedad\/#listItem","name":"Sociedad"}}]},{"@type":"Organization","@id":"https:\/\/www.eldigitaldeasturias.com\/noticias\/#organization","name":"El Digital de Asturias","description":"Hemeroteca","url":"https:\/\/www.eldigitaldeasturias.com\/noticias\/","email":"info@eldigitaldeasturias.com","telephone":"+34652131393","logo":{"@type":"ImageObject","url":"https:\/\/www.eldigitaldeasturias.com\/noticias\/wp-content\/uploads\/2020\/12\/EDA.jpg","@id":"https:\/\/www.eldigitaldeasturias.com\/noticias\/carlos-vives-nunca-he-dejado-de-ser-un-nino-ni-quiero-dejar-de-serlo\/#organizationLogo","width":649,"height":297},"image":{"@id":"https:\/\/www.eldigitaldeasturias.com\/noticias\/carlos-vives-nunca-he-dejado-de-ser-un-nino-ni-quiero-dejar-de-serlo\/#organizationLogo"},"sameAs":["https:\/\/facebook.com\/eldigitaldeasturias","https:\/\/www.youtube.com\/channel\/UCZP-2wLEB9Rv6erhFmqVnvg"],"address":{"@id":"https:\/\/www.eldigitaldeasturias.com\/noticias\/#postaladdress","@type":"PostalAddress","streetAddress":"san antonio 4,","postalCode":"33430","addressLocality":"Cand\u00e1s","addressRegion":"Asturias","addressCountry":"ES"}},{"@type":"Person","@id":"https:\/\/www.eldigitaldeasturias.com\/noticias\/author\/admin\/#author","url":"https:\/\/www.eldigitaldeasturias.com\/noticias\/author\/admin\/","name":"El Digital de Asturias","image":{"@type":"ImageObject","@id":"https:\/\/www.eldigitaldeasturias.com\/noticias\/carlos-vives-nunca-he-dejado-de-ser-un-nino-ni-quiero-dejar-de-serlo\/#authorImage","url":"https:\/\/www.eldigitaldeasturias.com\/noticias\/wp-content\/litespeed\/avatar\/18677e78aa0546b92d9dbf31ec7d7668.jpg?ver=1777290358","width":96,"height":96,"caption":"El Digital de Asturias"}},{"@type":"WebPage","@id":"https:\/\/www.eldigitaldeasturias.com\/noticias\/carlos-vives-nunca-he-dejado-de-ser-un-nino-ni-quiero-dejar-de-serlo\/#webpage","url":"https:\/\/www.eldigitaldeasturias.com\/noticias\/carlos-vives-nunca-he-dejado-de-ser-un-nino-ni-quiero-dejar-de-serlo\/","name":"Carlos Vives : \u00abNunca he dejado de ser un ni\u00f1o, ni quiero dejar de serlo\u00bb - El Digital de Asturias","description":"(EUROPA PRESS) -El cantante colombiano Carlos Vives realizar\u00e1 tres conciertos en Espa\u00f1a el pr\u00f3ximo mes de octubre para presentar su nuevo \u00e1lbum, 'Coraz\u00f3n profundo', con el que ya ha conseguido un doble disco de diamante y que ha conectado especialmente con el p\u00fablico m\u00e1s joven. La raz\u00f3n, seg\u00fan el artista, es simple: \"Nunca he dejado","inLanguage":"es-ES","isPartOf":{"@id":"https:\/\/www.eldigitaldeasturias.com\/noticias\/#website"},"breadcrumb":{"@id":"https:\/\/www.eldigitaldeasturias.com\/noticias\/carlos-vives-nunca-he-dejado-de-ser-un-nino-ni-quiero-dejar-de-serlo\/#breadcrumblist"},"author":{"@id":"https:\/\/www.eldigitaldeasturias.com\/noticias\/author\/admin\/#author"},"creator":{"@id":"https:\/\/www.eldigitaldeasturias.com\/noticias\/author\/admin\/#author"},"image":{"@type":"ImageObject","url":3203,"@id":"https:\/\/www.eldigitaldeasturias.com\/noticias\/carlos-vives-nunca-he-dejado-de-ser-un-nino-ni-quiero-dejar-de-serlo\/#mainImage"},"primaryImageOfPage":{"@id":"https:\/\/www.eldigitaldeasturias.com\/noticias\/carlos-vives-nunca-he-dejado-de-ser-un-nino-ni-quiero-dejar-de-serlo\/#mainImage"},"datePublished":"2013-09-25T21:26:30+02:00","dateModified":"2013-09-25T21:26:30+02:00"},{"@type":"WebSite","@id":"https:\/\/www.eldigitaldeasturias.com\/noticias\/#website","url":"https:\/\/www.eldigitaldeasturias.com\/noticias\/","name":"El Digital de Asturias - Diario de actualidad y noticias","alternateName":"El Digital de Asturias - Diario de actualidad y noticias","description":"Hemeroteca","inLanguage":"es-ES","publisher":{"@id":"https:\/\/www.eldigitaldeasturias.com\/noticias\/#organization"}}]},"og:locale":"es_ES","og:site_name":"El Digital de Asturias","og:type":"article","og:title":"Carlos Vives : \u00abNunca he dejado de ser un ni\u00f1o, ni quiero dejar de serlo\u00bb - El Digital de Asturias","og:description":"(EUROPA PRESS) -El cantante colombiano Carlos Vives realizar\u00e1 tres conciertos en Espa\u00f1a el pr\u00f3ximo mes de octubre para presentar su nuevo \u00e1lbum, 'Coraz\u00f3n profundo', con el que ya ha conseguido un doble disco de diamante y que ha conectado especialmente con el p\u00fablico m\u00e1s joven. La raz\u00f3n, seg\u00fan el artista, es simple: &quot;Nunca he dejado","og:url":"https:\/\/www.eldigitaldeasturias.com\/noticias\/carlos-vives-nunca-he-dejado-de-ser-un-nino-ni-quiero-dejar-de-serlo\/","article:tag":["sociedad"],"article:published_time":"2013-09-25T21:26:30+00:00","article:modified_time":"2013-09-25T21:26:30+00:00","article:publisher":"https:\/\/facebook.com\/eldigitaldeasturias","twitter:card":"summary_large_image","twitter:title":"Carlos Vives : \u00abNunca he dejado de ser un ni\u00f1o, ni quiero dejar de serlo\u00bb - El Digital de Asturias","twitter:description":"(EUROPA PRESS) -El cantante colombiano Carlos Vives realizar\u00e1 tres conciertos en Espa\u00f1a el pr\u00f3ximo mes de octubre para presentar su nuevo \u00e1lbum, 'Coraz\u00f3n profundo', con el que ya ha conseguido un doble disco de diamante y que ha conectado especialmente con el p\u00fablico m\u00e1s joven. La raz\u00f3n, seg\u00fan el artista, es simple: &quot;Nunca he dejado","twitter:label1":"Escrito por","twitter:data1":"El Digital de Asturias","twitter:label2":"Tiempo de lectura estimado","twitter:data2":"3 minutos"},"aioseo_meta_data":{"post_id":"3202","title":null,"description":null,"keywords":null,"keyphrases":null,"primary_term":null,"canonical_url":null,"og_title":null,"og_description":null,"og_object_type":"default","og_image_type":"default","og_image_url":null,"og_image_width":null,"og_image_height":null,"og_image_custom_url":null,"og_image_custom_fields":null,"og_video":null,"og_custom_url":null,"og_article_section":null,"og_article_tags":null,"twitter_use_og":true,"twitter_card":"default","twitter_image_type":"default","twitter_image_url":null,"twitter_image_custom_url":null,"twitter_image_custom_fields":null,"twitter_title":null,"twitter_description":null,"schema":{"blockGraphs":[],"customGraphs":[],"default":{"data":{"Article":[],"Course":[],"Dataset":[],"FAQPage":[],"Movie":[],"Person":[],"Product":[],"ProductReview":[],"Car":[],"Recipe":[],"Service":[],"SoftwareApplication":[],"WebPage":[]},"graphName":"","isEnabled":true},"graphs":[],"defaultGraph":"","defaultPostTypeGraph":""},"schema_type":null,"schema_type_options":null,"pillar_content":false,"robots_default":true,"robots_noindex":false,"robots_noarchive":false,"robots_nosnippet":false,"robots_nofollow":false,"robots_noimageindex":false,"robots_noodp":false,"robots_notranslate":false,"robots_max_snippet":null,"robots_max_videopreview":null,"robots_max_imagepreview":"none","priority":null,"frequency":null,"local_seo":null,"seo_analyzer_scan_date":"2025-08-21 05:58:52","breadcrumb_settings":null,"limit_modified_date":false,"open_ai":null,"ai":null,"created":"2020-11-14 22:37:04","updated":"2025-08-21 05:58:52"},"aioseo_breadcrumb":"<div class=\"aioseo-breadcrumbs\"><span class=\"aioseo-breadcrumb\">\n\t<a href=\"https:\/\/www.eldigitaldeasturias.com\/noticias\" title=\"Home\">Home<\/a>\n<\/span><span class=\"aioseo-breadcrumb-separator\">\u2013<\/span><span class=\"aioseo-breadcrumb\">\n\t<a href=\"https:\/\/www.eldigitaldeasturias.com\/noticias\/category\/sociedad\/\" title=\"Sociedad\">Sociedad<\/a>\n<\/span><span class=\"aioseo-breadcrumb-separator\">\u2013<\/span><span class=\"aioseo-breadcrumb\">\n\t<a href=\"https:\/\/www.eldigitaldeasturias.com\/noticias\/carlos-vives-nunca-he-dejado-de-ser-un-nino-ni-quiero-dejar-de-serlo\/\" title=\"Carlos Vives : \u00abNunca he dejado de ser un ni\u00f1o, ni quiero dejar de serlo\u00bb\">Carlos Vives : \u00abNunca he dejado de ser un ni\u00f1o, ni quiero dejar de serlo\u00bb<\/a>\n<\/span><\/div>","aioseo_breadcrumb_json":[{"label":"Home","link":"https:\/\/www.eldigitaldeasturias.com\/noticias"},{"label":"Sociedad","link":"https:\/\/www.eldigitaldeasturias.com\/noticias\/category\/sociedad\/"},{"label":"Carlos Vives : \u00abNunca he dejado de ser un ni\u00f1o, ni quiero dejar de serlo\u00bb","link":"https:\/\/www.eldigitaldeasturias.com\/noticias\/carlos-vives-nunca-he-dejado-de-ser-un-nino-ni-quiero-dejar-de-serlo\/"}],"_links":{"self":[{"href":"https:\/\/www.eldigitaldeasturias.com\/noticias\/wp-json\/wp\/v2\/posts\/3202","targetHints":{"allow":["GET"]}}],"collection":[{"href":"https:\/\/www.eldigitaldeasturias.com\/noticias\/wp-json\/wp\/v2\/posts"}],"about":[{"href":"https:\/\/www.eldigitaldeasturias.com\/noticias\/wp-json\/wp\/v2\/types\/post"}],"author":[{"embeddable":true,"href":"https:\/\/www.eldigitaldeasturias.com\/noticias\/wp-json\/wp\/v2\/users\/1"}],"replies":[{"embeddable":true,"href":"https:\/\/www.eldigitaldeasturias.com\/noticias\/wp-json\/wp\/v2\/comments?post=3202"}],"version-history":[{"count":0,"href":"https:\/\/www.eldigitaldeasturias.com\/noticias\/wp-json\/wp\/v2\/posts\/3202\/revisions"}],"wp:featuredmedia":[{"embeddable":true,"href":"https:\/\/www.eldigitaldeasturias.com\/noticias\/wp-json\/"}],"wp:attachment":[{"href":"https:\/\/www.eldigitaldeasturias.com\/noticias\/wp-json\/wp\/v2\/media?parent=3202"}],"wp:term":[{"taxonomy":"category","embeddable":true,"href":"https:\/\/www.eldigitaldeasturias.com\/noticias\/wp-json\/wp\/v2\/categories?post=3202"},{"taxonomy":"post_tag","embeddable":true,"href":"https:\/\/www.eldigitaldeasturias.com\/noticias\/wp-json\/wp\/v2\/tags?post=3202"}],"curies":[{"name":"wp","href":"https:\/\/api.w.org\/{rel}","templated":true}]}}