{"id":3199,"date":"2013-09-25T21:24:05","date_gmt":"2013-09-25T21:24:05","guid":{"rendered":"http:\/\/www.eldigitaldeasturias.com\/noticias\/?p=3199"},"modified":"2013-09-25T21:24:05","modified_gmt":"2013-09-25T21:24:05","slug":"lola-herrera-me-siento-mas-ligera-tras-haber-limpiado-el-trastero-y-hacer-algunos-duelos","status":"publish","type":"post","link":"https:\/\/www.eldigitaldeasturias.com\/noticias\/lola-herrera-me-siento-mas-ligera-tras-haber-limpiado-el-trastero-y-hacer-algunos-duelos\/","title":{"rendered":"Lola Herrera: \u00abMe siento m\u00e1s ligera tras haber limpiado el trastero y hacer algunos duelos\u00bb"},"content":{"rendered":"<p><img loading=\"lazy\" decoding=\"async\" class=\"alignleft size-medium wp-image-3200\" alt=\"fotonoticia_20130925153658_800\" src=\"https:\/\/www.eldigitaldeasturias.com\/noticias\/wp-content\/uploads\/2013\/09\/fotonoticia_20130925153658_800-200x300.jpg\" width=\"200\" height=\"300\" \/>MADRID, 25 Sep. (EUROPA PRESS) &#8211;\u00a0La actriz Lola Herrera (Valladolid, 1935) ha presentado este mi\u00e9rcoles &#8216;Me Quedo con lo Mejor&#8217;, unas memorias en las que mira hacia atr\u00e1s para recopilar los buenos y los malos momentos de su vida teatral y personal. Un ejercicio tan duro como liberador, tal y como ella misma ha afirmado en la sede de la SGAE: \u00abHe limpiado otro trocito de trastero, he hecho unos cuantos duelos y me siento m\u00e1s ligera\u00bb.<\/p>\n<p>Sobre el proceso de mirar al pasado y recordar vivencias, la int\u00e9rprete, que actualmente ensaya una versi\u00f3n de pr\u00f3ximo estreno de &#8216;En el Estanque Dorado&#8217; junto a H\u00e9ctor Alterio, ha reconocido que sinti\u00f3 \u00abpor momentos\u00bb la necesidad de \u00abtirar la toalla\u00bb y dejar el libro. Haciendo gala de su buen humor, ha a\u00f1adido que incluso \u00abve\u00eda la bola de Indiana Jones\u00bb acerc\u00e1ndose amenazante hacia ella, a pesar de lo cual finalmente fue capaz de sacar el proyecto adelante.<\/p>\n<p>Durante este emotivo acto, en el que ha estado acompa\u00f1ada por Jos\u00e9 Samano y Natalia Figueroa, Herrera ha admitido sentirse \u00abmuy conmovida\u00bb por tantos recuerdos, por la presencia de otros muchos amigos y por tanto elogio, pues todo le \u00abcala mucho en estos momentos\u00bb. \u00abPero celebremos que con dos dedos y una tableta haya podido escribir este libro\u00bb, ha bromeado sonriente, para despu\u00e9s a\u00f1adir: \u00abS\u00f3lo con dos dedos, no s\u00e9 escribir con m\u00e1s\u00bb.<\/p>\n<p>Lola Herrera, una de las grandes damas de la escena espa\u00f1ola, comenz\u00f3 en Radio Valladolid, en su ciudad natal. A los veinte a\u00f1os, inici\u00f3 una carrera teatral llena de \u00e9xitos, que coron\u00f3 con su interpretaci\u00f3n en 1979 de Carmen Sotillo en &#8216;Cinco Horas con Mario&#8217;, un texto de Miguel Delibes con direcci\u00f3n de Josefina Molina y producido por Jos\u00e9 Samano.<\/p>\n<p>Aparte del teatro, su trabajo en &#8216;Funci\u00f3n de noche&#8217;, pel\u00edcula dirigida en 1981 por Josefina Molina, supuso otro gran hito en su carrera, que tambi\u00e9n cuenta con numerosos t\u00edtulos cinematogr\u00e1ficos. Su trabajo en televisi\u00f3n es tambi\u00e9n muy relevante, y fue una de las pioneras en los estudios de TVE del Paseo de La Habana en la capital, protagonizando innumerables episodios de &#8216;Novela&#8217; y &#8216;Estudio Uno&#8217;.<\/p>\n<p>Ha sido merecedora de m\u00faltiples premios, como la Medalla al M\u00e9rito de las Bellas Artes, la Medalla de Oro al M\u00e9rito en el Trabajo y la Medalla del Centenario del C\u00edrculo de Bellas Artes. Actualmente sigue en activo, gozando del reconocimiento profesional y personal de miles de seguidores.<\/p>\n<p>JOS\u00c9 SAMANO: \u00abUNA NI\u00d1A PRODIGIO\u00bb<\/p>\n<p>Durante la presentaci\u00f3n, Samano ha protagonizado varios momentos emotivos, con ligeros sollozos y al borde del llanto durante la presentaci\u00f3n, al compartir sus recuerdos con Herrera. As\u00ed, ha destacado que \u00abLola lleva 66 a\u00f1os actuando frente al p\u00fablico, y fue una ni\u00f1a prodigio antes de que existieran las ni\u00f1as prodigio en Espa\u00f1a\u00bb.<\/p>\n<p>\u00abEste libro son unas memorias aut\u00e9nticas, desde la Guerra Civil hasta hoy, desde una familia modesta hasta una carrera que empieza sin saber a donde va y que ahora est\u00e1 donde todos sabemos. Por eso la protagonista se lo ha dedicado a sus dos familias, la real y la teatral\u00bb, ha se\u00f1alado Samano.<\/p>\n<p>Por \u00faltimo, su gran amiga (y autora del pr\u00f3logo) Natalia Figueroa ha recalcado que han vivido \u00abjuntas much\u00edsimas cosas en una amistad que afortunadamente sigue hasta hoy\u00bb. \u00abSu vida ha sido una larga batalla y ha ganado. Todo lo que tiene es poco porque lo merece todo\u00bb, ha finalizado Figueroa entre los aplausos de los asistentes a la presentaci\u00f3n.<\/p>\n","protected":false},"excerpt":{"rendered":"<p>MADRID, 25 Sep. (EUROPA PRESS) &#8211;\u00a0La actriz Lola Herrera (Valladolid, 1935) ha presentado este mi\u00e9rcoles &#8216;Me Quedo con lo Mejor&#8217;, unas memorias en las que mira hacia atr\u00e1s para recopilar los buenos y los malos momentos de su vida teatral y personal. Un ejercicio tan duro como liberador, tal y como ella misma ha afirmado [&hellip;]<\/p>\n","protected":false},"author":1,"featured_media":3200,"comment_status":"open","ping_status":"open","sticky":false,"template":"","format":"standard","meta":{"footnotes":""},"categories":[28],"tags":[],"class_list":["post-3199","post","type-post","status-publish","format-standard","has-post-thumbnail","hentry","category-sociedad"],"aioseo_notices":[],"aioseo_head":"\n\t\t<!-- All in One SEO Pro 4.9.6.2 - aioseo.com -->\n\t<meta name=\"description\" content=\"MADRID, 25 Sep. (EUROPA PRESS) - La actriz Lola Herrera (Valladolid, 1935) ha presentado este mi\u00e9rcoles &#039;Me Quedo con lo Mejor&#039;, unas memorias en las que mira hacia atr\u00e1s para recopilar los buenos y los malos momentos de su vida teatral y personal. Un ejercicio tan duro como liberador, tal y como ella misma ha afirmado\" \/>\n\t<meta name=\"robots\" content=\"max-image-preview:large\" \/>\n\t<meta name=\"author\" content=\"El Digital de Asturias\"\/>\n\t<meta name=\"google-site-verification\" content=\"UA-38556648-1\" \/>\n\t<meta name=\"msvalidate.01\" content=\"7dfe9f3f1b24437ab69f4f2559babe99\" \/>\n\t<meta name=\"keywords\" content=\"sociedad\" \/>\n\t<link rel=\"canonical\" href=\"https:\/\/www.eldigitaldeasturias.com\/noticias\/lola-herrera-me-siento-mas-ligera-tras-haber-limpiado-el-trastero-y-hacer-algunos-duelos\/\" \/>\n\t<meta name=\"generator\" content=\"All in One SEO Pro (AIOSEO) 4.9.6.2\" \/>\n\t\t<meta property=\"og:locale\" content=\"es_ES\" \/>\n\t\t<meta property=\"og:site_name\" content=\"El Digital de Asturias\" \/>\n\t\t<meta property=\"og:type\" content=\"article\" \/>\n\t\t<meta property=\"og:title\" content=\"Lola Herrera: \u00abMe siento m\u00e1s ligera tras haber limpiado el trastero y hacer algunos duelos\u00bb - El Digital de Asturias\" \/>\n\t\t<meta property=\"og:description\" content=\"MADRID, 25 Sep. (EUROPA PRESS) - La actriz Lola Herrera (Valladolid, 1935) ha presentado este mi\u00e9rcoles &#039;Me Quedo con lo Mejor&#039;, unas memorias en las que mira hacia atr\u00e1s para recopilar los buenos y los malos momentos de su vida teatral y personal. Un ejercicio tan duro como liberador, tal y como ella misma ha afirmado\" \/>\n\t\t<meta property=\"og:url\" content=\"https:\/\/www.eldigitaldeasturias.com\/noticias\/lola-herrera-me-siento-mas-ligera-tras-haber-limpiado-el-trastero-y-hacer-algunos-duelos\/\" \/>\n\t\t<meta property=\"article:tag\" content=\"sociedad\" \/>\n\t\t<meta property=\"article:published_time\" content=\"2013-09-25T21:24:05+00:00\" \/>\n\t\t<meta property=\"article:modified_time\" content=\"2013-09-25T21:24:05+00:00\" \/>\n\t\t<meta property=\"article:publisher\" content=\"https:\/\/facebook.com\/eldigitaldeasturias\" \/>\n\t\t<meta name=\"twitter:card\" content=\"summary_large_image\" \/>\n\t\t<meta name=\"twitter:title\" content=\"Lola Herrera: \u00abMe siento m\u00e1s ligera tras haber limpiado el trastero y hacer algunos duelos\u00bb - El Digital de Asturias\" \/>\n\t\t<meta name=\"twitter:description\" content=\"MADRID, 25 Sep. (EUROPA PRESS) - La actriz Lola Herrera (Valladolid, 1935) ha presentado este mi\u00e9rcoles &#039;Me Quedo con lo Mejor&#039;, unas memorias en las que mira hacia atr\u00e1s para recopilar los buenos y los malos momentos de su vida teatral y personal. Un ejercicio tan duro como liberador, tal y como ella misma ha afirmado\" \/>\n\t\t<meta name=\"twitter:label1\" content=\"Escrito por\" \/>\n\t\t<meta name=\"twitter:data1\" content=\"El Digital de Asturias\" \/>\n\t\t<meta name=\"twitter:label2\" content=\"Tiempo de lectura estimado\" \/>\n\t\t<meta name=\"twitter:data2\" content=\"3 minutos\" \/>\n\t\t<script type=\"application\/ld+json\" class=\"aioseo-schema\">\n\t\t\t{\"@context\":\"https:\\\/\\\/schema.org\",\"@graph\":[{\"@type\":\"BlogPosting\",\"@id\":\"https:\\\/\\\/www.eldigitaldeasturias.com\\\/noticias\\\/lola-herrera-me-siento-mas-ligera-tras-haber-limpiado-el-trastero-y-hacer-algunos-duelos\\\/#blogposting\",\"name\":\"Lola Herrera: \\u00abMe siento m\\u00e1s ligera tras haber limpiado el trastero y hacer algunos duelos\\u00bb - El Digital de Asturias\",\"headline\":\"Lola Herrera: \\u00abMe siento m\\u00e1s ligera tras haber limpiado el trastero y hacer algunos duelos\\u00bb\",\"author\":{\"@id\":\"https:\\\/\\\/www.eldigitaldeasturias.com\\\/noticias\\\/author\\\/admin\\\/#author\"},\"publisher\":{\"@id\":\"https:\\\/\\\/www.eldigitaldeasturias.com\\\/noticias\\\/#organization\"},\"image\":{\"@type\":\"ImageObject\",\"url\":3200},\"datePublished\":\"2013-09-25T21:24:05+02:00\",\"dateModified\":\"2013-09-25T21:24:05+02:00\",\"inLanguage\":\"es-ES\",\"mainEntityOfPage\":{\"@id\":\"https:\\\/\\\/www.eldigitaldeasturias.com\\\/noticias\\\/lola-herrera-me-siento-mas-ligera-tras-haber-limpiado-el-trastero-y-hacer-algunos-duelos\\\/#webpage\"},\"isPartOf\":{\"@id\":\"https:\\\/\\\/www.eldigitaldeasturias.com\\\/noticias\\\/lola-herrera-me-siento-mas-ligera-tras-haber-limpiado-el-trastero-y-hacer-algunos-duelos\\\/#webpage\"},\"articleSection\":\"Sociedad\"},{\"@type\":\"BreadcrumbList\",\"@id\":\"https:\\\/\\\/www.eldigitaldeasturias.com\\\/noticias\\\/lola-herrera-me-siento-mas-ligera-tras-haber-limpiado-el-trastero-y-hacer-algunos-duelos\\\/#breadcrumblist\",\"itemListElement\":[{\"@type\":\"ListItem\",\"@id\":\"https:\\\/\\\/www.eldigitaldeasturias.com\\\/noticias#listItem\",\"position\":1,\"name\":\"Home\",\"item\":\"https:\\\/\\\/www.eldigitaldeasturias.com\\\/noticias\",\"nextItem\":{\"@type\":\"ListItem\",\"@id\":\"https:\\\/\\\/www.eldigitaldeasturias.com\\\/noticias\\\/category\\\/sociedad\\\/#listItem\",\"name\":\"Sociedad\"}},{\"@type\":\"ListItem\",\"@id\":\"https:\\\/\\\/www.eldigitaldeasturias.com\\\/noticias\\\/category\\\/sociedad\\\/#listItem\",\"position\":2,\"name\":\"Sociedad\",\"item\":\"https:\\\/\\\/www.eldigitaldeasturias.com\\\/noticias\\\/category\\\/sociedad\\\/\",\"nextItem\":{\"@type\":\"ListItem\",\"@id\":\"https:\\\/\\\/www.eldigitaldeasturias.com\\\/noticias\\\/lola-herrera-me-siento-mas-ligera-tras-haber-limpiado-el-trastero-y-hacer-algunos-duelos\\\/#listItem\",\"name\":\"Lola Herrera: \\u00abMe siento m\\u00e1s ligera tras haber limpiado el trastero y hacer algunos duelos\\u00bb\"},\"previousItem\":{\"@type\":\"ListItem\",\"@id\":\"https:\\\/\\\/www.eldigitaldeasturias.com\\\/noticias#listItem\",\"name\":\"Home\"}},{\"@type\":\"ListItem\",\"@id\":\"https:\\\/\\\/www.eldigitaldeasturias.com\\\/noticias\\\/lola-herrera-me-siento-mas-ligera-tras-haber-limpiado-el-trastero-y-hacer-algunos-duelos\\\/#listItem\",\"position\":3,\"name\":\"Lola Herrera: \\u00abMe siento m\\u00e1s ligera tras haber limpiado el trastero y hacer algunos duelos\\u00bb\",\"previousItem\":{\"@type\":\"ListItem\",\"@id\":\"https:\\\/\\\/www.eldigitaldeasturias.com\\\/noticias\\\/category\\\/sociedad\\\/#listItem\",\"name\":\"Sociedad\"}}]},{\"@type\":\"Organization\",\"@id\":\"https:\\\/\\\/www.eldigitaldeasturias.com\\\/noticias\\\/#organization\",\"name\":\"El Digital de Asturias\",\"description\":\"Hemeroteca\",\"url\":\"https:\\\/\\\/www.eldigitaldeasturias.com\\\/noticias\\\/\",\"email\":\"info@eldigitaldeasturias.com\",\"telephone\":\"+34652131393\",\"logo\":{\"@type\":\"ImageObject\",\"url\":\"https:\\\/\\\/www.eldigitaldeasturias.com\\\/noticias\\\/wp-content\\\/uploads\\\/2020\\\/12\\\/EDA.jpg\",\"@id\":\"https:\\\/\\\/www.eldigitaldeasturias.com\\\/noticias\\\/lola-herrera-me-siento-mas-ligera-tras-haber-limpiado-el-trastero-y-hacer-algunos-duelos\\\/#organizationLogo\",\"width\":649,\"height\":297},\"image\":{\"@id\":\"https:\\\/\\\/www.eldigitaldeasturias.com\\\/noticias\\\/lola-herrera-me-siento-mas-ligera-tras-haber-limpiado-el-trastero-y-hacer-algunos-duelos\\\/#organizationLogo\"},\"sameAs\":[\"https:\\\/\\\/facebook.com\\\/eldigitaldeasturias\",\"https:\\\/\\\/www.youtube.com\\\/channel\\\/UCZP-2wLEB9Rv6erhFmqVnvg\"],\"address\":{\"@id\":\"https:\\\/\\\/www.eldigitaldeasturias.com\\\/noticias\\\/#postaladdress\",\"@type\":\"PostalAddress\",\"streetAddress\":\"san antonio 4,\",\"postalCode\":\"33430\",\"addressLocality\":\"Cand\\u00e1s\",\"addressRegion\":\"Asturias\",\"addressCountry\":\"ES\"}},{\"@type\":\"Person\",\"@id\":\"https:\\\/\\\/www.eldigitaldeasturias.com\\\/noticias\\\/author\\\/admin\\\/#author\",\"url\":\"https:\\\/\\\/www.eldigitaldeasturias.com\\\/noticias\\\/author\\\/admin\\\/\",\"name\":\"El Digital de Asturias\",\"image\":{\"@type\":\"ImageObject\",\"@id\":\"https:\\\/\\\/www.eldigitaldeasturias.com\\\/noticias\\\/lola-herrera-me-siento-mas-ligera-tras-haber-limpiado-el-trastero-y-hacer-algunos-duelos\\\/#authorImage\",\"url\":\"https:\\\/\\\/www.eldigitaldeasturias.com\\\/noticias\\\/wp-content\\\/litespeed\\\/avatar\\\/18677e78aa0546b92d9dbf31ec7d7668.jpg?ver=1777290358\",\"width\":96,\"height\":96,\"caption\":\"El Digital de Asturias\"}},{\"@type\":\"WebPage\",\"@id\":\"https:\\\/\\\/www.eldigitaldeasturias.com\\\/noticias\\\/lola-herrera-me-siento-mas-ligera-tras-haber-limpiado-el-trastero-y-hacer-algunos-duelos\\\/#webpage\",\"url\":\"https:\\\/\\\/www.eldigitaldeasturias.com\\\/noticias\\\/lola-herrera-me-siento-mas-ligera-tras-haber-limpiado-el-trastero-y-hacer-algunos-duelos\\\/\",\"name\":\"Lola Herrera: \\u00abMe siento m\\u00e1s ligera tras haber limpiado el trastero y hacer algunos duelos\\u00bb - El Digital de Asturias\",\"description\":\"MADRID, 25 Sep. (EUROPA PRESS) - La actriz Lola Herrera (Valladolid, 1935) ha presentado este mi\\u00e9rcoles 'Me Quedo con lo Mejor', unas memorias en las que mira hacia atr\\u00e1s para recopilar los buenos y los malos momentos de su vida teatral y personal. Un ejercicio tan duro como liberador, tal y como ella misma ha afirmado\",\"inLanguage\":\"es-ES\",\"isPartOf\":{\"@id\":\"https:\\\/\\\/www.eldigitaldeasturias.com\\\/noticias\\\/#website\"},\"breadcrumb\":{\"@id\":\"https:\\\/\\\/www.eldigitaldeasturias.com\\\/noticias\\\/lola-herrera-me-siento-mas-ligera-tras-haber-limpiado-el-trastero-y-hacer-algunos-duelos\\\/#breadcrumblist\"},\"author\":{\"@id\":\"https:\\\/\\\/www.eldigitaldeasturias.com\\\/noticias\\\/author\\\/admin\\\/#author\"},\"creator\":{\"@id\":\"https:\\\/\\\/www.eldigitaldeasturias.com\\\/noticias\\\/author\\\/admin\\\/#author\"},\"image\":{\"@type\":\"ImageObject\",\"url\":3200,\"@id\":\"https:\\\/\\\/www.eldigitaldeasturias.com\\\/noticias\\\/lola-herrera-me-siento-mas-ligera-tras-haber-limpiado-el-trastero-y-hacer-algunos-duelos\\\/#mainImage\"},\"primaryImageOfPage\":{\"@id\":\"https:\\\/\\\/www.eldigitaldeasturias.com\\\/noticias\\\/lola-herrera-me-siento-mas-ligera-tras-haber-limpiado-el-trastero-y-hacer-algunos-duelos\\\/#mainImage\"},\"datePublished\":\"2013-09-25T21:24:05+02:00\",\"dateModified\":\"2013-09-25T21:24:05+02:00\"},{\"@type\":\"WebSite\",\"@id\":\"https:\\\/\\\/www.eldigitaldeasturias.com\\\/noticias\\\/#website\",\"url\":\"https:\\\/\\\/www.eldigitaldeasturias.com\\\/noticias\\\/\",\"name\":\"El Digital de Asturias - Diario de actualidad y noticias\",\"alternateName\":\"El Digital de Asturias - Diario de actualidad y noticias\",\"description\":\"Hemeroteca\",\"inLanguage\":\"es-ES\",\"publisher\":{\"@id\":\"https:\\\/\\\/www.eldigitaldeasturias.com\\\/noticias\\\/#organization\"}}]}\n\t\t<\/script>\n\t\t<!-- All in One SEO Pro -->\r\n\t\t<title>Lola Herrera: \u00abMe siento m\u00e1s ligera tras haber limpiado el trastero y hacer algunos duelos\u00bb - El Digital de Asturias<\/title>\n\n","aioseo_head_json":{"title":"Lola Herrera: \u00abMe siento m\u00e1s ligera tras haber limpiado el trastero y hacer algunos duelos\u00bb - El Digital de Asturias","description":"MADRID, 25 Sep. (EUROPA PRESS) - La actriz Lola Herrera (Valladolid, 1935) ha presentado este mi\u00e9rcoles 'Me Quedo con lo Mejor', unas memorias en las que mira hacia atr\u00e1s para recopilar los buenos y los malos momentos de su vida teatral y personal. Un ejercicio tan duro como liberador, tal y como ella misma ha afirmado","canonical_url":"https:\/\/www.eldigitaldeasturias.com\/noticias\/lola-herrera-me-siento-mas-ligera-tras-haber-limpiado-el-trastero-y-hacer-algunos-duelos\/","robots":"max-image-preview:large","keywords":"sociedad","webmasterTools":{"google-site-verification":"UA-38556648-1","msvalidate.01":"7dfe9f3f1b24437ab69f4f2559babe99","miscellaneous":""},"schema":{"@context":"https:\/\/schema.org","@graph":[{"@type":"BlogPosting","@id":"https:\/\/www.eldigitaldeasturias.com\/noticias\/lola-herrera-me-siento-mas-ligera-tras-haber-limpiado-el-trastero-y-hacer-algunos-duelos\/#blogposting","name":"Lola Herrera: \u00abMe siento m\u00e1s ligera tras haber limpiado el trastero y hacer algunos duelos\u00bb - El Digital de Asturias","headline":"Lola Herrera: \u00abMe siento m\u00e1s ligera tras haber limpiado el trastero y hacer algunos duelos\u00bb","author":{"@id":"https:\/\/www.eldigitaldeasturias.com\/noticias\/author\/admin\/#author"},"publisher":{"@id":"https:\/\/www.eldigitaldeasturias.com\/noticias\/#organization"},"image":{"@type":"ImageObject","url":3200},"datePublished":"2013-09-25T21:24:05+02:00","dateModified":"2013-09-25T21:24:05+02:00","inLanguage":"es-ES","mainEntityOfPage":{"@id":"https:\/\/www.eldigitaldeasturias.com\/noticias\/lola-herrera-me-siento-mas-ligera-tras-haber-limpiado-el-trastero-y-hacer-algunos-duelos\/#webpage"},"isPartOf":{"@id":"https:\/\/www.eldigitaldeasturias.com\/noticias\/lola-herrera-me-siento-mas-ligera-tras-haber-limpiado-el-trastero-y-hacer-algunos-duelos\/#webpage"},"articleSection":"Sociedad"},{"@type":"BreadcrumbList","@id":"https:\/\/www.eldigitaldeasturias.com\/noticias\/lola-herrera-me-siento-mas-ligera-tras-haber-limpiado-el-trastero-y-hacer-algunos-duelos\/#breadcrumblist","itemListElement":[{"@type":"ListItem","@id":"https:\/\/www.eldigitaldeasturias.com\/noticias#listItem","position":1,"name":"Home","item":"https:\/\/www.eldigitaldeasturias.com\/noticias","nextItem":{"@type":"ListItem","@id":"https:\/\/www.eldigitaldeasturias.com\/noticias\/category\/sociedad\/#listItem","name":"Sociedad"}},{"@type":"ListItem","@id":"https:\/\/www.eldigitaldeasturias.com\/noticias\/category\/sociedad\/#listItem","position":2,"name":"Sociedad","item":"https:\/\/www.eldigitaldeasturias.com\/noticias\/category\/sociedad\/","nextItem":{"@type":"ListItem","@id":"https:\/\/www.eldigitaldeasturias.com\/noticias\/lola-herrera-me-siento-mas-ligera-tras-haber-limpiado-el-trastero-y-hacer-algunos-duelos\/#listItem","name":"Lola Herrera: \u00abMe siento m\u00e1s ligera tras haber limpiado el trastero y hacer algunos duelos\u00bb"},"previousItem":{"@type":"ListItem","@id":"https:\/\/www.eldigitaldeasturias.com\/noticias#listItem","name":"Home"}},{"@type":"ListItem","@id":"https:\/\/www.eldigitaldeasturias.com\/noticias\/lola-herrera-me-siento-mas-ligera-tras-haber-limpiado-el-trastero-y-hacer-algunos-duelos\/#listItem","position":3,"name":"Lola Herrera: \u00abMe siento m\u00e1s ligera tras haber limpiado el trastero y hacer algunos duelos\u00bb","previousItem":{"@type":"ListItem","@id":"https:\/\/www.eldigitaldeasturias.com\/noticias\/category\/sociedad\/#listItem","name":"Sociedad"}}]},{"@type":"Organization","@id":"https:\/\/www.eldigitaldeasturias.com\/noticias\/#organization","name":"El Digital de Asturias","description":"Hemeroteca","url":"https:\/\/www.eldigitaldeasturias.com\/noticias\/","email":"info@eldigitaldeasturias.com","telephone":"+34652131393","logo":{"@type":"ImageObject","url":"https:\/\/www.eldigitaldeasturias.com\/noticias\/wp-content\/uploads\/2020\/12\/EDA.jpg","@id":"https:\/\/www.eldigitaldeasturias.com\/noticias\/lola-herrera-me-siento-mas-ligera-tras-haber-limpiado-el-trastero-y-hacer-algunos-duelos\/#organizationLogo","width":649,"height":297},"image":{"@id":"https:\/\/www.eldigitaldeasturias.com\/noticias\/lola-herrera-me-siento-mas-ligera-tras-haber-limpiado-el-trastero-y-hacer-algunos-duelos\/#organizationLogo"},"sameAs":["https:\/\/facebook.com\/eldigitaldeasturias","https:\/\/www.youtube.com\/channel\/UCZP-2wLEB9Rv6erhFmqVnvg"],"address":{"@id":"https:\/\/www.eldigitaldeasturias.com\/noticias\/#postaladdress","@type":"PostalAddress","streetAddress":"san antonio 4,","postalCode":"33430","addressLocality":"Cand\u00e1s","addressRegion":"Asturias","addressCountry":"ES"}},{"@type":"Person","@id":"https:\/\/www.eldigitaldeasturias.com\/noticias\/author\/admin\/#author","url":"https:\/\/www.eldigitaldeasturias.com\/noticias\/author\/admin\/","name":"El Digital de Asturias","image":{"@type":"ImageObject","@id":"https:\/\/www.eldigitaldeasturias.com\/noticias\/lola-herrera-me-siento-mas-ligera-tras-haber-limpiado-el-trastero-y-hacer-algunos-duelos\/#authorImage","url":"https:\/\/www.eldigitaldeasturias.com\/noticias\/wp-content\/litespeed\/avatar\/18677e78aa0546b92d9dbf31ec7d7668.jpg?ver=1777290358","width":96,"height":96,"caption":"El Digital de Asturias"}},{"@type":"WebPage","@id":"https:\/\/www.eldigitaldeasturias.com\/noticias\/lola-herrera-me-siento-mas-ligera-tras-haber-limpiado-el-trastero-y-hacer-algunos-duelos\/#webpage","url":"https:\/\/www.eldigitaldeasturias.com\/noticias\/lola-herrera-me-siento-mas-ligera-tras-haber-limpiado-el-trastero-y-hacer-algunos-duelos\/","name":"Lola Herrera: \u00abMe siento m\u00e1s ligera tras haber limpiado el trastero y hacer algunos duelos\u00bb - El Digital de Asturias","description":"MADRID, 25 Sep. (EUROPA PRESS) - La actriz Lola Herrera (Valladolid, 1935) ha presentado este mi\u00e9rcoles 'Me Quedo con lo Mejor', unas memorias en las que mira hacia atr\u00e1s para recopilar los buenos y los malos momentos de su vida teatral y personal. Un ejercicio tan duro como liberador, tal y como ella misma ha afirmado","inLanguage":"es-ES","isPartOf":{"@id":"https:\/\/www.eldigitaldeasturias.com\/noticias\/#website"},"breadcrumb":{"@id":"https:\/\/www.eldigitaldeasturias.com\/noticias\/lola-herrera-me-siento-mas-ligera-tras-haber-limpiado-el-trastero-y-hacer-algunos-duelos\/#breadcrumblist"},"author":{"@id":"https:\/\/www.eldigitaldeasturias.com\/noticias\/author\/admin\/#author"},"creator":{"@id":"https:\/\/www.eldigitaldeasturias.com\/noticias\/author\/admin\/#author"},"image":{"@type":"ImageObject","url":3200,"@id":"https:\/\/www.eldigitaldeasturias.com\/noticias\/lola-herrera-me-siento-mas-ligera-tras-haber-limpiado-el-trastero-y-hacer-algunos-duelos\/#mainImage"},"primaryImageOfPage":{"@id":"https:\/\/www.eldigitaldeasturias.com\/noticias\/lola-herrera-me-siento-mas-ligera-tras-haber-limpiado-el-trastero-y-hacer-algunos-duelos\/#mainImage"},"datePublished":"2013-09-25T21:24:05+02:00","dateModified":"2013-09-25T21:24:05+02:00"},{"@type":"WebSite","@id":"https:\/\/www.eldigitaldeasturias.com\/noticias\/#website","url":"https:\/\/www.eldigitaldeasturias.com\/noticias\/","name":"El Digital de Asturias - Diario de actualidad y noticias","alternateName":"El Digital de Asturias - Diario de actualidad y noticias","description":"Hemeroteca","inLanguage":"es-ES","publisher":{"@id":"https:\/\/www.eldigitaldeasturias.com\/noticias\/#organization"}}]},"og:locale":"es_ES","og:site_name":"El Digital de Asturias","og:type":"article","og:title":"Lola Herrera: \u00abMe siento m\u00e1s ligera tras haber limpiado el trastero y hacer algunos duelos\u00bb - El Digital de Asturias","og:description":"MADRID, 25 Sep. (EUROPA PRESS) - La actriz Lola Herrera (Valladolid, 1935) ha presentado este mi\u00e9rcoles 'Me Quedo con lo Mejor', unas memorias en las que mira hacia atr\u00e1s para recopilar los buenos y los malos momentos de su vida teatral y personal. Un ejercicio tan duro como liberador, tal y como ella misma ha afirmado","og:url":"https:\/\/www.eldigitaldeasturias.com\/noticias\/lola-herrera-me-siento-mas-ligera-tras-haber-limpiado-el-trastero-y-hacer-algunos-duelos\/","article:tag":["sociedad"],"article:published_time":"2013-09-25T21:24:05+00:00","article:modified_time":"2013-09-25T21:24:05+00:00","article:publisher":"https:\/\/facebook.com\/eldigitaldeasturias","twitter:card":"summary_large_image","twitter:title":"Lola Herrera: \u00abMe siento m\u00e1s ligera tras haber limpiado el trastero y hacer algunos duelos\u00bb - El Digital de Asturias","twitter:description":"MADRID, 25 Sep. (EUROPA PRESS) - La actriz Lola Herrera (Valladolid, 1935) ha presentado este mi\u00e9rcoles 'Me Quedo con lo Mejor', unas memorias en las que mira hacia atr\u00e1s para recopilar los buenos y los malos momentos de su vida teatral y personal. Un ejercicio tan duro como liberador, tal y como ella misma ha afirmado","twitter:label1":"Escrito por","twitter:data1":"El Digital de Asturias","twitter:label2":"Tiempo de lectura estimado","twitter:data2":"3 minutos"},"aioseo_meta_data":{"post_id":"3199","title":null,"description":null,"keywords":null,"keyphrases":null,"primary_term":null,"canonical_url":null,"og_title":null,"og_description":null,"og_object_type":"default","og_image_type":"default","og_image_url":null,"og_image_width":null,"og_image_height":null,"og_image_custom_url":null,"og_image_custom_fields":null,"og_video":null,"og_custom_url":null,"og_article_section":null,"og_article_tags":null,"twitter_use_og":true,"twitter_card":"default","twitter_image_type":"default","twitter_image_url":null,"twitter_image_custom_url":null,"twitter_image_custom_fields":null,"twitter_title":null,"twitter_description":null,"schema":{"blockGraphs":[],"customGraphs":[],"default":{"data":{"Article":[],"Course":[],"Dataset":[],"FAQPage":[],"Movie":[],"Person":[],"Product":[],"ProductReview":[],"Car":[],"Recipe":[],"Service":[],"SoftwareApplication":[],"WebPage":[]},"graphName":"","isEnabled":true},"graphs":[],"defaultGraph":"","defaultPostTypeGraph":""},"schema_type":null,"schema_type_options":null,"pillar_content":false,"robots_default":true,"robots_noindex":false,"robots_noarchive":false,"robots_nosnippet":false,"robots_nofollow":false,"robots_noimageindex":false,"robots_noodp":false,"robots_notranslate":false,"robots_max_snippet":null,"robots_max_videopreview":null,"robots_max_imagepreview":"none","priority":null,"frequency":null,"local_seo":null,"seo_analyzer_scan_date":"2025-08-21 05:58:51","breadcrumb_settings":null,"limit_modified_date":false,"open_ai":null,"ai":null,"created":"2020-11-14 22:37:04","updated":"2025-08-21 05:58:51"},"aioseo_breadcrumb":"<div class=\"aioseo-breadcrumbs\"><span class=\"aioseo-breadcrumb\">\n\t<a href=\"https:\/\/www.eldigitaldeasturias.com\/noticias\" title=\"Home\">Home<\/a>\n<\/span><span class=\"aioseo-breadcrumb-separator\">\u2013<\/span><span class=\"aioseo-breadcrumb\">\n\t<a href=\"https:\/\/www.eldigitaldeasturias.com\/noticias\/category\/sociedad\/\" title=\"Sociedad\">Sociedad<\/a>\n<\/span><span class=\"aioseo-breadcrumb-separator\">\u2013<\/span><span class=\"aioseo-breadcrumb\">\n\t<a href=\"https:\/\/www.eldigitaldeasturias.com\/noticias\/lola-herrera-me-siento-mas-ligera-tras-haber-limpiado-el-trastero-y-hacer-algunos-duelos\/\" title=\"Lola Herrera: \u00abMe siento m\u00e1s ligera tras haber limpiado el trastero y hacer algunos duelos\u00bb\">Lola Herrera: \u00abMe siento m\u00e1s ligera tras haber limpiado el trastero y hacer algunos duelos\u00bb<\/a>\n<\/span><\/div>","aioseo_breadcrumb_json":[{"label":"Home","link":"https:\/\/www.eldigitaldeasturias.com\/noticias"},{"label":"Sociedad","link":"https:\/\/www.eldigitaldeasturias.com\/noticias\/category\/sociedad\/"},{"label":"Lola Herrera: \u00abMe siento m\u00e1s ligera tras haber limpiado el trastero y hacer algunos duelos\u00bb","link":"https:\/\/www.eldigitaldeasturias.com\/noticias\/lola-herrera-me-siento-mas-ligera-tras-haber-limpiado-el-trastero-y-hacer-algunos-duelos\/"}],"_links":{"self":[{"href":"https:\/\/www.eldigitaldeasturias.com\/noticias\/wp-json\/wp\/v2\/posts\/3199","targetHints":{"allow":["GET"]}}],"collection":[{"href":"https:\/\/www.eldigitaldeasturias.com\/noticias\/wp-json\/wp\/v2\/posts"}],"about":[{"href":"https:\/\/www.eldigitaldeasturias.com\/noticias\/wp-json\/wp\/v2\/types\/post"}],"author":[{"embeddable":true,"href":"https:\/\/www.eldigitaldeasturias.com\/noticias\/wp-json\/wp\/v2\/users\/1"}],"replies":[{"embeddable":true,"href":"https:\/\/www.eldigitaldeasturias.com\/noticias\/wp-json\/wp\/v2\/comments?post=3199"}],"version-history":[{"count":0,"href":"https:\/\/www.eldigitaldeasturias.com\/noticias\/wp-json\/wp\/v2\/posts\/3199\/revisions"}],"wp:featuredmedia":[{"embeddable":true,"href":"https:\/\/www.eldigitaldeasturias.com\/noticias\/wp-json\/"}],"wp:attachment":[{"href":"https:\/\/www.eldigitaldeasturias.com\/noticias\/wp-json\/wp\/v2\/media?parent=3199"}],"wp:term":[{"taxonomy":"category","embeddable":true,"href":"https:\/\/www.eldigitaldeasturias.com\/noticias\/wp-json\/wp\/v2\/categories?post=3199"},{"taxonomy":"post_tag","embeddable":true,"href":"https:\/\/www.eldigitaldeasturias.com\/noticias\/wp-json\/wp\/v2\/tags?post=3199"}],"curies":[{"name":"wp","href":"https:\/\/api.w.org\/{rel}","templated":true}]}}