{"id":3196,"date":"2013-09-25T21:21:56","date_gmt":"2013-09-25T21:21:56","guid":{"rendered":"http:\/\/www.eldigitaldeasturias.com\/noticias\/?p=3196"},"modified":"2013-09-25T21:21:56","modified_gmt":"2013-09-25T21:21:56","slug":"carlos-contreras-premio-de-teatro-para-autores-noveles-calderon-de-la-barca","status":"publish","type":"post","link":"https:\/\/www.eldigitaldeasturias.com\/noticias\/carlos-contreras-premio-de-teatro-para-autores-noveles-calderon-de-la-barca\/","title":{"rendered":"Carlos Contreras, Premio de Teatro para Autores Noveles &#8216;Calder\u00f3n de la Barca&#8217;"},"content":{"rendered":"<p><img loading=\"lazy\" decoding=\"async\" class=\"alignleft size-medium wp-image-3197\" alt=\"fotonoticia_20130925153305_800\" src=\"https:\/\/www.eldigitaldeasturias.com\/noticias\/wp-content\/uploads\/2013\/09\/fotonoticia_20130925153305_800-186x300.jpg\" width=\"186\" height=\"300\" \/>MADRID, 25 Sep. (EUROPA PRESS) &#8211; Carlos Contreras ha sido galardonado con el Premio de Teatro para Autores Noveles &#8216;Calder\u00f3n de la Barca&#8217; 2013 por su obra &#8216;Rukeli&#8217;. Dotado con 10.000 euros, este premio es concedido por el Ministerio de Educaci\u00f3n, Cultura y Deporte a trav\u00e9s del Instituto Nacional de las Artes Esc\u00e9nicas y de la M\u00fasica (INAEM).<\/p>\n<p>El Jurado le ha concedido este premio por mayor\u00eda \u00abpor el dominio de los recursos dram\u00e1ticos, por la ambici\u00f3n al abordar un personaje real desde una construcci\u00f3n caleidosc\u00f3pica de la historia y por el acierto en la estructuraci\u00f3n dram\u00e1tica\u00bb.<\/p>\n<p>Este galard\u00f3n tiene como finalidad \u00faltima la de reconocer el m\u00e9rito en la creaci\u00f3n dramat\u00fargica mediante la distinci\u00f3n de la obra teatral de un autor novel, esto es, aquel que todav\u00eda no haya estrenado de forma p\u00fablico m\u00e1s de una obra en circuitos de exhibici\u00f3n con rendimientos en taquilla.<\/p>\n<p>Nacido en Burgos en 1980, Carlos Contreras es escritor, poeta, dramaturgo y articulista. Es Licenciado en Humanidades, en Direcci\u00f3n de Escena y Dramaturgia, y tiene masters en &#8216;Edici\u00f3n, Gesti\u00f3n y Producci\u00f3n de revistas&#8217; (Universidad Pontificia de Salamanca) y en Literatura Hispanoamericana (Universidad Complutense de Madrid).<\/p>\n<p>De igual forma, ha sido Lector de Espa\u00f1ol en la Western Michigan University (Estados Unidos); becario de Creaci\u00f3n en la Residencia de Estudiantes de Madrid (2010-12) y en la Real Academia de Espa\u00f1a en Roma (2012-13), as\u00ed como uno de los cuatro autores j\u00f3venes seleccionados por el Centro Dram\u00e1tico Nacional para su programa &#8216;Escritos en la Escena&#8217; (2012-13).<\/p>\n<p>Autor de varios libros de poemas, ensayos y art\u00edculos period\u00edsticos, destaca su estreno de &#8216;La comedia que nunca escribi\u00f3 Mihura&#8217; (Centro Dram\u00e1tico Nacional &#8211; INAEM, 2012). Adem\u00e1s, ha ganado el XX Premio SGAE de Teatro por su texto Amargura 275 y el XXVII Premio Internacional de Teatro Antonio Buero Vallejo por &#8216;Brut&#8217;. Actualmente es profesor en la Universidad Europea de Madrid, colabora en diversos medios espa\u00f1oles y coordina la iniciativa cultural Ocupacci\u00f6npo\u00e9tica.<\/p>\n<p>El Premio Calder\u00f3n de la Barca est\u00e1 dotado con 10.000 euros y la publicaci\u00f3n. Adem\u00e1s, la obra ganadora se beneficiar\u00e1 de una valoraci\u00f3n preferente en el caso de solicitar una subvenci\u00f3n para la distribuci\u00f3n del t\u00edtulo premiado. La convocatoria, a la que en esta edici\u00f3n se han presentado 64 t\u00edtulos, considera autor novel a todo aquel que no haya estrenado de forma p\u00fablica m\u00e1s de una obra dram\u00e1tica.<\/p>\n<p>El jurado que ha fallado el premio esta ma\u00f1ana ha estado presidido por el director general del Instituto Nacional de las Artes Esc\u00e9nicas y de la M\u00fasica, Miguel \u00c1ngel Recio Crespo; Cristina Santolaria, subdirectora general de Teatro del INAEM, que ha actuado como vicepresidenta; y los vocales Marta Buchaca Alemany, Teresa Calo Font\u00e1n, Mariano de Paco de Moya, Gracia Morales Ortiz, Julio Salvatierra Cuenca, y la ganadora de la pasada edici\u00f3n Carolina \u00c1frica Mart\u00edn Pajares (Premio 2012).<\/p>\n<p>Entre los premiados en ediciones anteriores se encuentran autores ya reconocidos como Borja Ortiz de Gondra, Yolanda Pall\u00edn, Jos\u00e9 Ram\u00f3n Fern\u00e1ndez, Juan Mayorga, Luisa Cunill\u00e9, Ra\u00fal Hern\u00e1ndez Garrido, Paco Bezerra, Pedro Manuel V\u00edllora, Emiliano Pastor Steinmeyer, Blanca Dom\u00e9nech o Zo Brinviyer.<\/p>\n","protected":false},"excerpt":{"rendered":"<p>MADRID, 25 Sep. (EUROPA PRESS) &#8211; Carlos Contreras ha sido galardonado con el Premio de Teatro para Autores Noveles &#8216;Calder\u00f3n de la Barca&#8217; 2013 por su obra &#8216;Rukeli&#8217;. Dotado con 10.000 euros, este premio es concedido por el Ministerio de Educaci\u00f3n, Cultura y Deporte a trav\u00e9s del Instituto Nacional de las Artes Esc\u00e9nicas y de [&hellip;]<\/p>\n","protected":false},"author":1,"featured_media":3197,"comment_status":"open","ping_status":"open","sticky":false,"template":"","format":"standard","meta":{"footnotes":""},"categories":[28],"tags":[],"class_list":["post-3196","post","type-post","status-publish","format-standard","has-post-thumbnail","hentry","category-sociedad"],"aioseo_notices":[],"aioseo_head":"\n\t\t<!-- All in One SEO Pro 4.9.6.2 - aioseo.com -->\n\t<meta name=\"description\" content=\"MADRID, 25 Sep. (EUROPA PRESS) - Carlos Contreras ha sido galardonado con el Premio de Teatro para Autores Noveles &#039;Calder\u00f3n de la Barca&#039; 2013 por su obra &#039;Rukeli&#039;. Dotado con 10.000 euros, este premio es concedido por el Ministerio de Educaci\u00f3n, Cultura y Deporte a trav\u00e9s del Instituto Nacional de las Artes Esc\u00e9nicas y de\" \/>\n\t<meta name=\"robots\" content=\"max-image-preview:large\" \/>\n\t<meta name=\"author\" content=\"El Digital de Asturias\"\/>\n\t<meta name=\"google-site-verification\" content=\"UA-38556648-1\" \/>\n\t<meta name=\"msvalidate.01\" content=\"7dfe9f3f1b24437ab69f4f2559babe99\" \/>\n\t<meta name=\"keywords\" content=\"sociedad\" \/>\n\t<link rel=\"canonical\" href=\"https:\/\/www.eldigitaldeasturias.com\/noticias\/carlos-contreras-premio-de-teatro-para-autores-noveles-calderon-de-la-barca\/\" \/>\n\t<meta name=\"generator\" content=\"All in One SEO Pro (AIOSEO) 4.9.6.2\" \/>\n\t\t<meta property=\"og:locale\" content=\"es_ES\" \/>\n\t\t<meta property=\"og:site_name\" content=\"El Digital de Asturias\" \/>\n\t\t<meta property=\"og:type\" content=\"article\" \/>\n\t\t<meta property=\"og:title\" content=\"Carlos Contreras, Premio de Teatro para Autores Noveles \u2018Calder\u00f3n de la Barca\u2019 - El Digital de Asturias\" \/>\n\t\t<meta property=\"og:description\" content=\"MADRID, 25 Sep. (EUROPA PRESS) - Carlos Contreras ha sido galardonado con el Premio de Teatro para Autores Noveles &#039;Calder\u00f3n de la Barca&#039; 2013 por su obra &#039;Rukeli&#039;. Dotado con 10.000 euros, este premio es concedido por el Ministerio de Educaci\u00f3n, Cultura y Deporte a trav\u00e9s del Instituto Nacional de las Artes Esc\u00e9nicas y de\" \/>\n\t\t<meta property=\"og:url\" content=\"https:\/\/www.eldigitaldeasturias.com\/noticias\/carlos-contreras-premio-de-teatro-para-autores-noveles-calderon-de-la-barca\/\" \/>\n\t\t<meta property=\"article:tag\" content=\"sociedad\" \/>\n\t\t<meta property=\"article:published_time\" content=\"2013-09-25T21:21:56+00:00\" \/>\n\t\t<meta property=\"article:modified_time\" content=\"2013-09-25T21:21:56+00:00\" \/>\n\t\t<meta property=\"article:publisher\" content=\"https:\/\/facebook.com\/eldigitaldeasturias\" \/>\n\t\t<meta name=\"twitter:card\" content=\"summary_large_image\" \/>\n\t\t<meta name=\"twitter:title\" content=\"Carlos Contreras, Premio de Teatro para Autores Noveles \u2018Calder\u00f3n de la Barca\u2019 - El Digital de Asturias\" \/>\n\t\t<meta name=\"twitter:description\" content=\"MADRID, 25 Sep. (EUROPA PRESS) - Carlos Contreras ha sido galardonado con el Premio de Teatro para Autores Noveles &#039;Calder\u00f3n de la Barca&#039; 2013 por su obra &#039;Rukeli&#039;. Dotado con 10.000 euros, este premio es concedido por el Ministerio de Educaci\u00f3n, Cultura y Deporte a trav\u00e9s del Instituto Nacional de las Artes Esc\u00e9nicas y de\" \/>\n\t\t<meta name=\"twitter:label1\" content=\"Escrito por\" \/>\n\t\t<meta name=\"twitter:data1\" content=\"El Digital de Asturias\" \/>\n\t\t<meta name=\"twitter:label2\" content=\"Tiempo de lectura estimado\" \/>\n\t\t<meta name=\"twitter:data2\" content=\"3 minutos\" \/>\n\t\t<script type=\"application\/ld+json\" class=\"aioseo-schema\">\n\t\t\t{\"@context\":\"https:\\\/\\\/schema.org\",\"@graph\":[{\"@type\":\"BlogPosting\",\"@id\":\"https:\\\/\\\/www.eldigitaldeasturias.com\\\/noticias\\\/carlos-contreras-premio-de-teatro-para-autores-noveles-calderon-de-la-barca\\\/#blogposting\",\"name\":\"Carlos Contreras, Premio de Teatro para Autores Noveles \\u2018Calder\\u00f3n de la Barca\\u2019 - El Digital de Asturias\",\"headline\":\"Carlos Contreras, Premio de Teatro para Autores Noveles &#8216;Calder\\u00f3n de la Barca&#8217;\",\"author\":{\"@id\":\"https:\\\/\\\/www.eldigitaldeasturias.com\\\/noticias\\\/author\\\/admin\\\/#author\"},\"publisher\":{\"@id\":\"https:\\\/\\\/www.eldigitaldeasturias.com\\\/noticias\\\/#organization\"},\"image\":{\"@type\":\"ImageObject\",\"url\":3197},\"datePublished\":\"2013-09-25T21:21:56+02:00\",\"dateModified\":\"2013-09-25T21:21:56+02:00\",\"inLanguage\":\"es-ES\",\"mainEntityOfPage\":{\"@id\":\"https:\\\/\\\/www.eldigitaldeasturias.com\\\/noticias\\\/carlos-contreras-premio-de-teatro-para-autores-noveles-calderon-de-la-barca\\\/#webpage\"},\"isPartOf\":{\"@id\":\"https:\\\/\\\/www.eldigitaldeasturias.com\\\/noticias\\\/carlos-contreras-premio-de-teatro-para-autores-noveles-calderon-de-la-barca\\\/#webpage\"},\"articleSection\":\"Sociedad\"},{\"@type\":\"BreadcrumbList\",\"@id\":\"https:\\\/\\\/www.eldigitaldeasturias.com\\\/noticias\\\/carlos-contreras-premio-de-teatro-para-autores-noveles-calderon-de-la-barca\\\/#breadcrumblist\",\"itemListElement\":[{\"@type\":\"ListItem\",\"@id\":\"https:\\\/\\\/www.eldigitaldeasturias.com\\\/noticias#listItem\",\"position\":1,\"name\":\"Home\",\"item\":\"https:\\\/\\\/www.eldigitaldeasturias.com\\\/noticias\",\"nextItem\":{\"@type\":\"ListItem\",\"@id\":\"https:\\\/\\\/www.eldigitaldeasturias.com\\\/noticias\\\/category\\\/sociedad\\\/#listItem\",\"name\":\"Sociedad\"}},{\"@type\":\"ListItem\",\"@id\":\"https:\\\/\\\/www.eldigitaldeasturias.com\\\/noticias\\\/category\\\/sociedad\\\/#listItem\",\"position\":2,\"name\":\"Sociedad\",\"item\":\"https:\\\/\\\/www.eldigitaldeasturias.com\\\/noticias\\\/category\\\/sociedad\\\/\",\"nextItem\":{\"@type\":\"ListItem\",\"@id\":\"https:\\\/\\\/www.eldigitaldeasturias.com\\\/noticias\\\/carlos-contreras-premio-de-teatro-para-autores-noveles-calderon-de-la-barca\\\/#listItem\",\"name\":\"Carlos Contreras, Premio de Teatro para Autores Noveles &#8216;Calder\\u00f3n de la Barca&#8217;\"},\"previousItem\":{\"@type\":\"ListItem\",\"@id\":\"https:\\\/\\\/www.eldigitaldeasturias.com\\\/noticias#listItem\",\"name\":\"Home\"}},{\"@type\":\"ListItem\",\"@id\":\"https:\\\/\\\/www.eldigitaldeasturias.com\\\/noticias\\\/carlos-contreras-premio-de-teatro-para-autores-noveles-calderon-de-la-barca\\\/#listItem\",\"position\":3,\"name\":\"Carlos Contreras, Premio de Teatro para Autores Noveles &#8216;Calder\\u00f3n de la Barca&#8217;\",\"previousItem\":{\"@type\":\"ListItem\",\"@id\":\"https:\\\/\\\/www.eldigitaldeasturias.com\\\/noticias\\\/category\\\/sociedad\\\/#listItem\",\"name\":\"Sociedad\"}}]},{\"@type\":\"Organization\",\"@id\":\"https:\\\/\\\/www.eldigitaldeasturias.com\\\/noticias\\\/#organization\",\"name\":\"El Digital de Asturias\",\"description\":\"Hemeroteca\",\"url\":\"https:\\\/\\\/www.eldigitaldeasturias.com\\\/noticias\\\/\",\"email\":\"info@eldigitaldeasturias.com\",\"telephone\":\"+34652131393\",\"logo\":{\"@type\":\"ImageObject\",\"url\":\"https:\\\/\\\/www.eldigitaldeasturias.com\\\/noticias\\\/wp-content\\\/uploads\\\/2020\\\/12\\\/EDA.jpg\",\"@id\":\"https:\\\/\\\/www.eldigitaldeasturias.com\\\/noticias\\\/carlos-contreras-premio-de-teatro-para-autores-noveles-calderon-de-la-barca\\\/#organizationLogo\",\"width\":649,\"height\":297},\"image\":{\"@id\":\"https:\\\/\\\/www.eldigitaldeasturias.com\\\/noticias\\\/carlos-contreras-premio-de-teatro-para-autores-noveles-calderon-de-la-barca\\\/#organizationLogo\"},\"sameAs\":[\"https:\\\/\\\/facebook.com\\\/eldigitaldeasturias\",\"https:\\\/\\\/www.youtube.com\\\/channel\\\/UCZP-2wLEB9Rv6erhFmqVnvg\"],\"address\":{\"@id\":\"https:\\\/\\\/www.eldigitaldeasturias.com\\\/noticias\\\/#postaladdress\",\"@type\":\"PostalAddress\",\"streetAddress\":\"san antonio 4,\",\"postalCode\":\"33430\",\"addressLocality\":\"Cand\\u00e1s\",\"addressRegion\":\"Asturias\",\"addressCountry\":\"ES\"}},{\"@type\":\"Person\",\"@id\":\"https:\\\/\\\/www.eldigitaldeasturias.com\\\/noticias\\\/author\\\/admin\\\/#author\",\"url\":\"https:\\\/\\\/www.eldigitaldeasturias.com\\\/noticias\\\/author\\\/admin\\\/\",\"name\":\"El Digital de Asturias\",\"image\":{\"@type\":\"ImageObject\",\"@id\":\"https:\\\/\\\/www.eldigitaldeasturias.com\\\/noticias\\\/carlos-contreras-premio-de-teatro-para-autores-noveles-calderon-de-la-barca\\\/#authorImage\",\"url\":\"https:\\\/\\\/www.eldigitaldeasturias.com\\\/noticias\\\/wp-content\\\/litespeed\\\/avatar\\\/18677e78aa0546b92d9dbf31ec7d7668.jpg?ver=1777290358\",\"width\":96,\"height\":96,\"caption\":\"El Digital de Asturias\"}},{\"@type\":\"WebPage\",\"@id\":\"https:\\\/\\\/www.eldigitaldeasturias.com\\\/noticias\\\/carlos-contreras-premio-de-teatro-para-autores-noveles-calderon-de-la-barca\\\/#webpage\",\"url\":\"https:\\\/\\\/www.eldigitaldeasturias.com\\\/noticias\\\/carlos-contreras-premio-de-teatro-para-autores-noveles-calderon-de-la-barca\\\/\",\"name\":\"Carlos Contreras, Premio de Teatro para Autores Noveles \\u2018Calder\\u00f3n de la Barca\\u2019 - El Digital de Asturias\",\"description\":\"MADRID, 25 Sep. (EUROPA PRESS) - Carlos Contreras ha sido galardonado con el Premio de Teatro para Autores Noveles 'Calder\\u00f3n de la Barca' 2013 por su obra 'Rukeli'. Dotado con 10.000 euros, este premio es concedido por el Ministerio de Educaci\\u00f3n, Cultura y Deporte a trav\\u00e9s del Instituto Nacional de las Artes Esc\\u00e9nicas y de\",\"inLanguage\":\"es-ES\",\"isPartOf\":{\"@id\":\"https:\\\/\\\/www.eldigitaldeasturias.com\\\/noticias\\\/#website\"},\"breadcrumb\":{\"@id\":\"https:\\\/\\\/www.eldigitaldeasturias.com\\\/noticias\\\/carlos-contreras-premio-de-teatro-para-autores-noveles-calderon-de-la-barca\\\/#breadcrumblist\"},\"author\":{\"@id\":\"https:\\\/\\\/www.eldigitaldeasturias.com\\\/noticias\\\/author\\\/admin\\\/#author\"},\"creator\":{\"@id\":\"https:\\\/\\\/www.eldigitaldeasturias.com\\\/noticias\\\/author\\\/admin\\\/#author\"},\"image\":{\"@type\":\"ImageObject\",\"url\":3197,\"@id\":\"https:\\\/\\\/www.eldigitaldeasturias.com\\\/noticias\\\/carlos-contreras-premio-de-teatro-para-autores-noveles-calderon-de-la-barca\\\/#mainImage\"},\"primaryImageOfPage\":{\"@id\":\"https:\\\/\\\/www.eldigitaldeasturias.com\\\/noticias\\\/carlos-contreras-premio-de-teatro-para-autores-noveles-calderon-de-la-barca\\\/#mainImage\"},\"datePublished\":\"2013-09-25T21:21:56+02:00\",\"dateModified\":\"2013-09-25T21:21:56+02:00\"},{\"@type\":\"WebSite\",\"@id\":\"https:\\\/\\\/www.eldigitaldeasturias.com\\\/noticias\\\/#website\",\"url\":\"https:\\\/\\\/www.eldigitaldeasturias.com\\\/noticias\\\/\",\"name\":\"El Digital de Asturias - Diario de actualidad y noticias\",\"alternateName\":\"El Digital de Asturias - Diario de actualidad y noticias\",\"description\":\"Hemeroteca\",\"inLanguage\":\"es-ES\",\"publisher\":{\"@id\":\"https:\\\/\\\/www.eldigitaldeasturias.com\\\/noticias\\\/#organization\"}}]}\n\t\t<\/script>\n\t\t<!-- All in One SEO Pro -->\r\n\t\t<title>Carlos Contreras, Premio de Teatro para Autores Noveles \u2018Calder\u00f3n de la Barca\u2019 - El Digital de Asturias<\/title>\n\n","aioseo_head_json":{"title":"Carlos Contreras, Premio de Teatro para Autores Noveles \u2018Calder\u00f3n de la Barca\u2019 - El Digital de Asturias","description":"MADRID, 25 Sep. (EUROPA PRESS) - Carlos Contreras ha sido galardonado con el Premio de Teatro para Autores Noveles 'Calder\u00f3n de la Barca' 2013 por su obra 'Rukeli'. Dotado con 10.000 euros, este premio es concedido por el Ministerio de Educaci\u00f3n, Cultura y Deporte a trav\u00e9s del Instituto Nacional de las Artes Esc\u00e9nicas y de","canonical_url":"https:\/\/www.eldigitaldeasturias.com\/noticias\/carlos-contreras-premio-de-teatro-para-autores-noveles-calderon-de-la-barca\/","robots":"max-image-preview:large","keywords":"sociedad","webmasterTools":{"google-site-verification":"UA-38556648-1","msvalidate.01":"7dfe9f3f1b24437ab69f4f2559babe99","miscellaneous":""},"schema":{"@context":"https:\/\/schema.org","@graph":[{"@type":"BlogPosting","@id":"https:\/\/www.eldigitaldeasturias.com\/noticias\/carlos-contreras-premio-de-teatro-para-autores-noveles-calderon-de-la-barca\/#blogposting","name":"Carlos Contreras, Premio de Teatro para Autores Noveles \u2018Calder\u00f3n de la Barca\u2019 - El Digital de Asturias","headline":"Carlos Contreras, Premio de Teatro para Autores Noveles &#8216;Calder\u00f3n de la Barca&#8217;","author":{"@id":"https:\/\/www.eldigitaldeasturias.com\/noticias\/author\/admin\/#author"},"publisher":{"@id":"https:\/\/www.eldigitaldeasturias.com\/noticias\/#organization"},"image":{"@type":"ImageObject","url":3197},"datePublished":"2013-09-25T21:21:56+02:00","dateModified":"2013-09-25T21:21:56+02:00","inLanguage":"es-ES","mainEntityOfPage":{"@id":"https:\/\/www.eldigitaldeasturias.com\/noticias\/carlos-contreras-premio-de-teatro-para-autores-noveles-calderon-de-la-barca\/#webpage"},"isPartOf":{"@id":"https:\/\/www.eldigitaldeasturias.com\/noticias\/carlos-contreras-premio-de-teatro-para-autores-noveles-calderon-de-la-barca\/#webpage"},"articleSection":"Sociedad"},{"@type":"BreadcrumbList","@id":"https:\/\/www.eldigitaldeasturias.com\/noticias\/carlos-contreras-premio-de-teatro-para-autores-noveles-calderon-de-la-barca\/#breadcrumblist","itemListElement":[{"@type":"ListItem","@id":"https:\/\/www.eldigitaldeasturias.com\/noticias#listItem","position":1,"name":"Home","item":"https:\/\/www.eldigitaldeasturias.com\/noticias","nextItem":{"@type":"ListItem","@id":"https:\/\/www.eldigitaldeasturias.com\/noticias\/category\/sociedad\/#listItem","name":"Sociedad"}},{"@type":"ListItem","@id":"https:\/\/www.eldigitaldeasturias.com\/noticias\/category\/sociedad\/#listItem","position":2,"name":"Sociedad","item":"https:\/\/www.eldigitaldeasturias.com\/noticias\/category\/sociedad\/","nextItem":{"@type":"ListItem","@id":"https:\/\/www.eldigitaldeasturias.com\/noticias\/carlos-contreras-premio-de-teatro-para-autores-noveles-calderon-de-la-barca\/#listItem","name":"Carlos Contreras, Premio de Teatro para Autores Noveles &#8216;Calder\u00f3n de la Barca&#8217;"},"previousItem":{"@type":"ListItem","@id":"https:\/\/www.eldigitaldeasturias.com\/noticias#listItem","name":"Home"}},{"@type":"ListItem","@id":"https:\/\/www.eldigitaldeasturias.com\/noticias\/carlos-contreras-premio-de-teatro-para-autores-noveles-calderon-de-la-barca\/#listItem","position":3,"name":"Carlos Contreras, Premio de Teatro para Autores Noveles &#8216;Calder\u00f3n de la Barca&#8217;","previousItem":{"@type":"ListItem","@id":"https:\/\/www.eldigitaldeasturias.com\/noticias\/category\/sociedad\/#listItem","name":"Sociedad"}}]},{"@type":"Organization","@id":"https:\/\/www.eldigitaldeasturias.com\/noticias\/#organization","name":"El Digital de Asturias","description":"Hemeroteca","url":"https:\/\/www.eldigitaldeasturias.com\/noticias\/","email":"info@eldigitaldeasturias.com","telephone":"+34652131393","logo":{"@type":"ImageObject","url":"https:\/\/www.eldigitaldeasturias.com\/noticias\/wp-content\/uploads\/2020\/12\/EDA.jpg","@id":"https:\/\/www.eldigitaldeasturias.com\/noticias\/carlos-contreras-premio-de-teatro-para-autores-noveles-calderon-de-la-barca\/#organizationLogo","width":649,"height":297},"image":{"@id":"https:\/\/www.eldigitaldeasturias.com\/noticias\/carlos-contreras-premio-de-teatro-para-autores-noveles-calderon-de-la-barca\/#organizationLogo"},"sameAs":["https:\/\/facebook.com\/eldigitaldeasturias","https:\/\/www.youtube.com\/channel\/UCZP-2wLEB9Rv6erhFmqVnvg"],"address":{"@id":"https:\/\/www.eldigitaldeasturias.com\/noticias\/#postaladdress","@type":"PostalAddress","streetAddress":"san antonio 4,","postalCode":"33430","addressLocality":"Cand\u00e1s","addressRegion":"Asturias","addressCountry":"ES"}},{"@type":"Person","@id":"https:\/\/www.eldigitaldeasturias.com\/noticias\/author\/admin\/#author","url":"https:\/\/www.eldigitaldeasturias.com\/noticias\/author\/admin\/","name":"El Digital de Asturias","image":{"@type":"ImageObject","@id":"https:\/\/www.eldigitaldeasturias.com\/noticias\/carlos-contreras-premio-de-teatro-para-autores-noveles-calderon-de-la-barca\/#authorImage","url":"https:\/\/www.eldigitaldeasturias.com\/noticias\/wp-content\/litespeed\/avatar\/18677e78aa0546b92d9dbf31ec7d7668.jpg?ver=1777290358","width":96,"height":96,"caption":"El Digital de Asturias"}},{"@type":"WebPage","@id":"https:\/\/www.eldigitaldeasturias.com\/noticias\/carlos-contreras-premio-de-teatro-para-autores-noveles-calderon-de-la-barca\/#webpage","url":"https:\/\/www.eldigitaldeasturias.com\/noticias\/carlos-contreras-premio-de-teatro-para-autores-noveles-calderon-de-la-barca\/","name":"Carlos Contreras, Premio de Teatro para Autores Noveles \u2018Calder\u00f3n de la Barca\u2019 - El Digital de Asturias","description":"MADRID, 25 Sep. (EUROPA PRESS) - Carlos Contreras ha sido galardonado con el Premio de Teatro para Autores Noveles 'Calder\u00f3n de la Barca' 2013 por su obra 'Rukeli'. Dotado con 10.000 euros, este premio es concedido por el Ministerio de Educaci\u00f3n, Cultura y Deporte a trav\u00e9s del Instituto Nacional de las Artes Esc\u00e9nicas y de","inLanguage":"es-ES","isPartOf":{"@id":"https:\/\/www.eldigitaldeasturias.com\/noticias\/#website"},"breadcrumb":{"@id":"https:\/\/www.eldigitaldeasturias.com\/noticias\/carlos-contreras-premio-de-teatro-para-autores-noveles-calderon-de-la-barca\/#breadcrumblist"},"author":{"@id":"https:\/\/www.eldigitaldeasturias.com\/noticias\/author\/admin\/#author"},"creator":{"@id":"https:\/\/www.eldigitaldeasturias.com\/noticias\/author\/admin\/#author"},"image":{"@type":"ImageObject","url":3197,"@id":"https:\/\/www.eldigitaldeasturias.com\/noticias\/carlos-contreras-premio-de-teatro-para-autores-noveles-calderon-de-la-barca\/#mainImage"},"primaryImageOfPage":{"@id":"https:\/\/www.eldigitaldeasturias.com\/noticias\/carlos-contreras-premio-de-teatro-para-autores-noveles-calderon-de-la-barca\/#mainImage"},"datePublished":"2013-09-25T21:21:56+02:00","dateModified":"2013-09-25T21:21:56+02:00"},{"@type":"WebSite","@id":"https:\/\/www.eldigitaldeasturias.com\/noticias\/#website","url":"https:\/\/www.eldigitaldeasturias.com\/noticias\/","name":"El Digital de Asturias - Diario de actualidad y noticias","alternateName":"El Digital de Asturias - Diario de actualidad y noticias","description":"Hemeroteca","inLanguage":"es-ES","publisher":{"@id":"https:\/\/www.eldigitaldeasturias.com\/noticias\/#organization"}}]},"og:locale":"es_ES","og:site_name":"El Digital de Asturias","og:type":"article","og:title":"Carlos Contreras, Premio de Teatro para Autores Noveles \u2018Calder\u00f3n de la Barca\u2019 - El Digital de Asturias","og:description":"MADRID, 25 Sep. (EUROPA PRESS) - Carlos Contreras ha sido galardonado con el Premio de Teatro para Autores Noveles 'Calder\u00f3n de la Barca' 2013 por su obra 'Rukeli'. Dotado con 10.000 euros, este premio es concedido por el Ministerio de Educaci\u00f3n, Cultura y Deporte a trav\u00e9s del Instituto Nacional de las Artes Esc\u00e9nicas y de","og:url":"https:\/\/www.eldigitaldeasturias.com\/noticias\/carlos-contreras-premio-de-teatro-para-autores-noveles-calderon-de-la-barca\/","article:tag":["sociedad"],"article:published_time":"2013-09-25T21:21:56+00:00","article:modified_time":"2013-09-25T21:21:56+00:00","article:publisher":"https:\/\/facebook.com\/eldigitaldeasturias","twitter:card":"summary_large_image","twitter:title":"Carlos Contreras, Premio de Teatro para Autores Noveles \u2018Calder\u00f3n de la Barca\u2019 - El Digital de Asturias","twitter:description":"MADRID, 25 Sep. (EUROPA PRESS) - Carlos Contreras ha sido galardonado con el Premio de Teatro para Autores Noveles 'Calder\u00f3n de la Barca' 2013 por su obra 'Rukeli'. Dotado con 10.000 euros, este premio es concedido por el Ministerio de Educaci\u00f3n, Cultura y Deporte a trav\u00e9s del Instituto Nacional de las Artes Esc\u00e9nicas y de","twitter:label1":"Escrito por","twitter:data1":"El Digital de Asturias","twitter:label2":"Tiempo de lectura estimado","twitter:data2":"3 minutos"},"aioseo_meta_data":{"post_id":"3196","title":null,"description":null,"keywords":null,"keyphrases":null,"primary_term":null,"canonical_url":null,"og_title":null,"og_description":null,"og_object_type":"default","og_image_type":"default","og_image_url":null,"og_image_width":null,"og_image_height":null,"og_image_custom_url":null,"og_image_custom_fields":null,"og_video":null,"og_custom_url":null,"og_article_section":null,"og_article_tags":null,"twitter_use_og":true,"twitter_card":"default","twitter_image_type":"default","twitter_image_url":null,"twitter_image_custom_url":null,"twitter_image_custom_fields":null,"twitter_title":null,"twitter_description":null,"schema":{"blockGraphs":[],"customGraphs":[],"default":{"data":{"Article":[],"Course":[],"Dataset":[],"FAQPage":[],"Movie":[],"Person":[],"Product":[],"ProductReview":[],"Car":[],"Recipe":[],"Service":[],"SoftwareApplication":[],"WebPage":[]},"graphName":"","isEnabled":true},"graphs":[],"defaultGraph":"","defaultPostTypeGraph":""},"schema_type":null,"schema_type_options":null,"pillar_content":false,"robots_default":true,"robots_noindex":false,"robots_noarchive":false,"robots_nosnippet":false,"robots_nofollow":false,"robots_noimageindex":false,"robots_noodp":false,"robots_notranslate":false,"robots_max_snippet":null,"robots_max_videopreview":null,"robots_max_imagepreview":"none","priority":null,"frequency":null,"local_seo":null,"seo_analyzer_scan_date":"2025-08-21 05:58:50","breadcrumb_settings":null,"limit_modified_date":false,"open_ai":null,"ai":null,"created":"2020-11-14 22:37:04","updated":"2025-08-21 05:58:50"},"aioseo_breadcrumb":"<div class=\"aioseo-breadcrumbs\"><span class=\"aioseo-breadcrumb\">\n\t<a href=\"https:\/\/www.eldigitaldeasturias.com\/noticias\" title=\"Home\">Home<\/a>\n<\/span><span class=\"aioseo-breadcrumb-separator\">\u2013<\/span><span class=\"aioseo-breadcrumb\">\n\t<a href=\"https:\/\/www.eldigitaldeasturias.com\/noticias\/category\/sociedad\/\" title=\"Sociedad\">Sociedad<\/a>\n<\/span><span class=\"aioseo-breadcrumb-separator\">\u2013<\/span><span class=\"aioseo-breadcrumb\">\n\t<a href=\"https:\/\/www.eldigitaldeasturias.com\/noticias\/carlos-contreras-premio-de-teatro-para-autores-noveles-calderon-de-la-barca\/\" title=\"Carlos Contreras, Premio de Teatro para Autores Noveles \u2018Calder\u00f3n de la Barca\u2019\">Carlos Contreras, Premio de Teatro para Autores Noveles \u2018Calder\u00f3n de la Barca\u2019<\/a>\n<\/span><\/div>","aioseo_breadcrumb_json":[{"label":"Home","link":"https:\/\/www.eldigitaldeasturias.com\/noticias"},{"label":"Sociedad","link":"https:\/\/www.eldigitaldeasturias.com\/noticias\/category\/sociedad\/"},{"label":"Carlos Contreras, Premio de Teatro para Autores Noveles &#8216;Calder\u00f3n de la Barca&#8217;","link":"https:\/\/www.eldigitaldeasturias.com\/noticias\/carlos-contreras-premio-de-teatro-para-autores-noveles-calderon-de-la-barca\/"}],"_links":{"self":[{"href":"https:\/\/www.eldigitaldeasturias.com\/noticias\/wp-json\/wp\/v2\/posts\/3196","targetHints":{"allow":["GET"]}}],"collection":[{"href":"https:\/\/www.eldigitaldeasturias.com\/noticias\/wp-json\/wp\/v2\/posts"}],"about":[{"href":"https:\/\/www.eldigitaldeasturias.com\/noticias\/wp-json\/wp\/v2\/types\/post"}],"author":[{"embeddable":true,"href":"https:\/\/www.eldigitaldeasturias.com\/noticias\/wp-json\/wp\/v2\/users\/1"}],"replies":[{"embeddable":true,"href":"https:\/\/www.eldigitaldeasturias.com\/noticias\/wp-json\/wp\/v2\/comments?post=3196"}],"version-history":[{"count":0,"href":"https:\/\/www.eldigitaldeasturias.com\/noticias\/wp-json\/wp\/v2\/posts\/3196\/revisions"}],"wp:featuredmedia":[{"embeddable":true,"href":"https:\/\/www.eldigitaldeasturias.com\/noticias\/wp-json\/"}],"wp:attachment":[{"href":"https:\/\/www.eldigitaldeasturias.com\/noticias\/wp-json\/wp\/v2\/media?parent=3196"}],"wp:term":[{"taxonomy":"category","embeddable":true,"href":"https:\/\/www.eldigitaldeasturias.com\/noticias\/wp-json\/wp\/v2\/categories?post=3196"},{"taxonomy":"post_tag","embeddable":true,"href":"https:\/\/www.eldigitaldeasturias.com\/noticias\/wp-json\/wp\/v2\/tags?post=3196"}],"curies":[{"name":"wp","href":"https:\/\/api.w.org\/{rel}","templated":true}]}}