{"id":3188,"date":"2013-09-25T21:16:37","date_gmt":"2013-09-25T21:16:37","guid":{"rendered":"http:\/\/www.eldigitaldeasturias.com\/noticias\/?p=3188"},"modified":"2013-09-25T21:16:37","modified_gmt":"2013-09-25T21:16:37","slug":"caixaforum-acoge-hasta-el-22-de-diciembre-la-exposicion-arte-ficcion","status":"publish","type":"post","link":"https:\/\/www.eldigitaldeasturias.com\/noticias\/caixaforum-acoge-hasta-el-22-de-diciembre-la-exposicion-arte-ficcion\/","title":{"rendered":"CaixaForum acoge hasta el 22 de diciembre la exposici\u00f3n &#8216;Arte ficci\u00f3n&#8217;"},"content":{"rendered":"<p><img loading=\"lazy\" decoding=\"async\" class=\"alignleft size-medium wp-image-3189\" alt=\"fotonoticia_20130925145916_800\" src=\"https:\/\/www.eldigitaldeasturias.com\/noticias\/wp-content\/uploads\/2013\/09\/fotonoticia_20130925145916_800-360x202.jpg\" width=\"360\" height=\"202\" \/>BARCELONA, 25 Sep. (EUROPA PRESS) &#8211;\u00a0CaixaForum acoge hasta el 22 de diciembre la exposici\u00f3n &#8216;Arte ficci\u00f3n&#8217;, una propuesta de los j\u00f3venes comisarios Jaime Gonz\u00e1lez Cela y Manuela Pedr\u00f3n Nicolau, que vincula el arte contempor\u00e1neo con la ciencia ficci\u00f3n, y que abre la primera edici\u00f3n de &#8216;Comisart: nuevas miradas sobre la Colecci\u00f3n La Caixa&#8217;.<\/p>\n<p>Comisart es una convocatoria bianual de la Obra Social La Caixa que que quiere \u00abdar una oportunidad a los j\u00f3venes comisarios para que se profesionalicen\u00bb, seg\u00fan ha afirmado este mi\u00e9rcoles en rueda de prensa la subdirectora de Cultura de CaixaForum, Isabel Salgado.<\/p>\n<p>Los cuatro seleccionados por Comisart &#8211;se presentaron m\u00e1s de 60 propuestas&#8211; de la convocatoria han podido dise\u00f1ar exposiciones con el fondo de la colecci\u00f3n de La Caixa, y de momento se expondr\u00e1n en el CaixaForum a la espera de que m\u00e1s centros espa\u00f1oles quieran colaborar y exportar las muestras.<\/p>\n<p>Los ganadores de esta edici\u00f3n, escogidos por Oriol Fontdevila y Virginia Torrente, son Suset S\u00e1nchez, Sabel Gavaldon y el equipo formado por Jaime Gonz\u00e1lez Cela y Manuela Pedr\u00f3n Nicolau, pareja que abrir\u00e1 comisart.<\/p>\n<p>ARTE FICCI\u00d3N<\/p>\n<p>&#8216;Arte ficci\u00f3n&#8217; orbita alrededor de los v\u00ednculos entre ciencia ficci\u00f3n y arte moderno, y gu\u00eda al p\u00fablico a trav\u00e9s de l\u00edneas en el suelo que vinculan las obras entre s\u00ed y entre los conceptos de utop\u00eda, distop\u00eda, paradoja, g\u00e9nesis, cataclismo y virus.<\/p>\n<p>La exposici\u00f3n incluye obras de diez artistas, ocho de las cuales pertenecen a La Caixa &#8211;de los creadores Jorge Barbi, Rogelio L\u00f3pez Cuenca, Aernout Mik, Thomas Sch\u00fctte, Andreas Slominski, Hiroshi Sugimoto, Juan Ugalde y Ante Timmermans&#8211; y dos son pr\u00e9stamos de Elena Alonso y Nicol\u00e1s Combarro.<\/p>\n<p>Seg\u00fan han asegurado los comisarios en rueda de prensa, la selecci\u00f3n de las piezas no responde ni a cronolog\u00edas, nacionalidad o formato, ya que se quer\u00eda \u00abque las obras tuvieran muchas lecturas y representaran otros mundos\u00bb, por lo que la diferencia de estilos era necesaria.<\/p>\n<p>Se abrir\u00e1 adem\u00e1s un certamen de microrelatos que est\u00e9n protagonizadas por una de las obras de &#8216;Arte ficci\u00f3n&#8217;, y los que resulten seleccionados se expondr\u00e1n debajo de las piezas correspondientes, para que as\u00ed el p\u00fablico colabore en definirlas, seg\u00fan ha declarado Pedr\u00f3n.<\/p>\n<p>Los otros ganadores de Comisart, Suset S\u00e1nchez y Sabel Gavaldon, tambi\u00e9n expondr\u00e1n sus propuestas en la Sala 2 del CaixaForum a lo largo de la temporada, uno del 21 de enero al 27 de abril, y el otro del 20 de mayo al 24 de agosto.<\/p>\n","protected":false},"excerpt":{"rendered":"<p>BARCELONA, 25 Sep. (EUROPA PRESS) &#8211;\u00a0CaixaForum acoge hasta el 22 de diciembre la exposici\u00f3n &#8216;Arte ficci\u00f3n&#8217;, una propuesta de los j\u00f3venes comisarios Jaime Gonz\u00e1lez Cela y Manuela Pedr\u00f3n Nicolau, que vincula el arte contempor\u00e1neo con la ciencia ficci\u00f3n, y que abre la primera edici\u00f3n de &#8216;Comisart: nuevas miradas sobre la Colecci\u00f3n La Caixa&#8217;. Comisart es [&hellip;]<\/p>\n","protected":false},"author":1,"featured_media":3189,"comment_status":"open","ping_status":"open","sticky":false,"template":"","format":"standard","meta":{"footnotes":""},"categories":[2],"tags":[],"class_list":["post-3188","post","type-post","status-publish","format-standard","has-post-thumbnail","hentry","category-agenda"],"aioseo_notices":[],"aioseo_head":"\n\t\t<!-- All in One SEO Pro 4.9.6.2 - aioseo.com -->\n\t<meta name=\"description\" content=\"BARCELONA, 25 Sep. (EUROPA PRESS) - CaixaForum acoge hasta el 22 de diciembre la exposici\u00f3n &#039;Arte ficci\u00f3n&#039;, una propuesta de los j\u00f3venes comisarios Jaime Gonz\u00e1lez Cela y Manuela Pedr\u00f3n Nicolau, que vincula el arte contempor\u00e1neo con la ciencia ficci\u00f3n, y que abre la primera edici\u00f3n de &#039;Comisart: nuevas miradas sobre la Colecci\u00f3n La Caixa&#039;. Comisart es\" \/>\n\t<meta name=\"robots\" content=\"max-image-preview:large\" \/>\n\t<meta name=\"author\" content=\"El Digital de Asturias\"\/>\n\t<meta name=\"google-site-verification\" content=\"UA-38556648-1\" \/>\n\t<meta name=\"msvalidate.01\" content=\"7dfe9f3f1b24437ab69f4f2559babe99\" \/>\n\t<meta name=\"keywords\" content=\"agenda\" \/>\n\t<link rel=\"canonical\" href=\"https:\/\/www.eldigitaldeasturias.com\/noticias\/caixaforum-acoge-hasta-el-22-de-diciembre-la-exposicion-arte-ficcion\/\" \/>\n\t<meta name=\"generator\" content=\"All in One SEO Pro (AIOSEO) 4.9.6.2\" \/>\n\t\t<meta property=\"og:locale\" content=\"es_ES\" \/>\n\t\t<meta property=\"og:site_name\" content=\"El Digital de Asturias\" \/>\n\t\t<meta property=\"og:type\" content=\"article\" \/>\n\t\t<meta property=\"og:title\" content=\"CaixaForum acoge hasta el 22 de diciembre la exposici\u00f3n \u2018Arte ficci\u00f3n\u2019 - El Digital de Asturias\" \/>\n\t\t<meta property=\"og:description\" content=\"BARCELONA, 25 Sep. (EUROPA PRESS) - CaixaForum acoge hasta el 22 de diciembre la exposici\u00f3n &#039;Arte ficci\u00f3n&#039;, una propuesta de los j\u00f3venes comisarios Jaime Gonz\u00e1lez Cela y Manuela Pedr\u00f3n Nicolau, que vincula el arte contempor\u00e1neo con la ciencia ficci\u00f3n, y que abre la primera edici\u00f3n de &#039;Comisart: nuevas miradas sobre la Colecci\u00f3n La Caixa&#039;. Comisart es\" \/>\n\t\t<meta property=\"og:url\" content=\"https:\/\/www.eldigitaldeasturias.com\/noticias\/caixaforum-acoge-hasta-el-22-de-diciembre-la-exposicion-arte-ficcion\/\" \/>\n\t\t<meta property=\"article:tag\" content=\"agenda\" \/>\n\t\t<meta property=\"article:published_time\" content=\"2013-09-25T21:16:37+00:00\" \/>\n\t\t<meta property=\"article:modified_time\" content=\"2013-09-25T21:16:37+00:00\" \/>\n\t\t<meta property=\"article:publisher\" content=\"https:\/\/facebook.com\/eldigitaldeasturias\" \/>\n\t\t<meta name=\"twitter:card\" content=\"summary_large_image\" \/>\n\t\t<meta name=\"twitter:title\" content=\"CaixaForum acoge hasta el 22 de diciembre la exposici\u00f3n \u2018Arte ficci\u00f3n\u2019 - El Digital de Asturias\" \/>\n\t\t<meta name=\"twitter:description\" content=\"BARCELONA, 25 Sep. (EUROPA PRESS) - CaixaForum acoge hasta el 22 de diciembre la exposici\u00f3n &#039;Arte ficci\u00f3n&#039;, una propuesta de los j\u00f3venes comisarios Jaime Gonz\u00e1lez Cela y Manuela Pedr\u00f3n Nicolau, que vincula el arte contempor\u00e1neo con la ciencia ficci\u00f3n, y que abre la primera edici\u00f3n de &#039;Comisart: nuevas miradas sobre la Colecci\u00f3n La Caixa&#039;. Comisart es\" \/>\n\t\t<meta name=\"twitter:label1\" content=\"Escrito por\" \/>\n\t\t<meta name=\"twitter:data1\" content=\"El Digital de Asturias\" \/>\n\t\t<meta name=\"twitter:label2\" content=\"Tiempo de lectura estimado\" \/>\n\t\t<meta name=\"twitter:data2\" content=\"2 minutos\" \/>\n\t\t<script type=\"application\/ld+json\" class=\"aioseo-schema\">\n\t\t\t{\"@context\":\"https:\\\/\\\/schema.org\",\"@graph\":[{\"@type\":\"BlogPosting\",\"@id\":\"https:\\\/\\\/www.eldigitaldeasturias.com\\\/noticias\\\/caixaforum-acoge-hasta-el-22-de-diciembre-la-exposicion-arte-ficcion\\\/#blogposting\",\"name\":\"CaixaForum acoge hasta el 22 de diciembre la exposici\\u00f3n \\u2018Arte ficci\\u00f3n\\u2019 - El Digital de Asturias\",\"headline\":\"CaixaForum acoge hasta el 22 de diciembre la exposici\\u00f3n &#8216;Arte ficci\\u00f3n&#8217;\",\"author\":{\"@id\":\"https:\\\/\\\/www.eldigitaldeasturias.com\\\/noticias\\\/author\\\/admin\\\/#author\"},\"publisher\":{\"@id\":\"https:\\\/\\\/www.eldigitaldeasturias.com\\\/noticias\\\/#organization\"},\"image\":{\"@type\":\"ImageObject\",\"url\":3189},\"datePublished\":\"2013-09-25T21:16:37+02:00\",\"dateModified\":\"2013-09-25T21:16:37+02:00\",\"inLanguage\":\"es-ES\",\"mainEntityOfPage\":{\"@id\":\"https:\\\/\\\/www.eldigitaldeasturias.com\\\/noticias\\\/caixaforum-acoge-hasta-el-22-de-diciembre-la-exposicion-arte-ficcion\\\/#webpage\"},\"isPartOf\":{\"@id\":\"https:\\\/\\\/www.eldigitaldeasturias.com\\\/noticias\\\/caixaforum-acoge-hasta-el-22-de-diciembre-la-exposicion-arte-ficcion\\\/#webpage\"},\"articleSection\":\"Agenda\"},{\"@type\":\"BreadcrumbList\",\"@id\":\"https:\\\/\\\/www.eldigitaldeasturias.com\\\/noticias\\\/caixaforum-acoge-hasta-el-22-de-diciembre-la-exposicion-arte-ficcion\\\/#breadcrumblist\",\"itemListElement\":[{\"@type\":\"ListItem\",\"@id\":\"https:\\\/\\\/www.eldigitaldeasturias.com\\\/noticias#listItem\",\"position\":1,\"name\":\"Home\",\"item\":\"https:\\\/\\\/www.eldigitaldeasturias.com\\\/noticias\",\"nextItem\":{\"@type\":\"ListItem\",\"@id\":\"https:\\\/\\\/www.eldigitaldeasturias.com\\\/noticias\\\/category\\\/agenda\\\/#listItem\",\"name\":\"Agenda\"}},{\"@type\":\"ListItem\",\"@id\":\"https:\\\/\\\/www.eldigitaldeasturias.com\\\/noticias\\\/category\\\/agenda\\\/#listItem\",\"position\":2,\"name\":\"Agenda\",\"item\":\"https:\\\/\\\/www.eldigitaldeasturias.com\\\/noticias\\\/category\\\/agenda\\\/\",\"nextItem\":{\"@type\":\"ListItem\",\"@id\":\"https:\\\/\\\/www.eldigitaldeasturias.com\\\/noticias\\\/caixaforum-acoge-hasta-el-22-de-diciembre-la-exposicion-arte-ficcion\\\/#listItem\",\"name\":\"CaixaForum acoge hasta el 22 de diciembre la exposici\\u00f3n &#8216;Arte ficci\\u00f3n&#8217;\"},\"previousItem\":{\"@type\":\"ListItem\",\"@id\":\"https:\\\/\\\/www.eldigitaldeasturias.com\\\/noticias#listItem\",\"name\":\"Home\"}},{\"@type\":\"ListItem\",\"@id\":\"https:\\\/\\\/www.eldigitaldeasturias.com\\\/noticias\\\/caixaforum-acoge-hasta-el-22-de-diciembre-la-exposicion-arte-ficcion\\\/#listItem\",\"position\":3,\"name\":\"CaixaForum acoge hasta el 22 de diciembre la exposici\\u00f3n &#8216;Arte ficci\\u00f3n&#8217;\",\"previousItem\":{\"@type\":\"ListItem\",\"@id\":\"https:\\\/\\\/www.eldigitaldeasturias.com\\\/noticias\\\/category\\\/agenda\\\/#listItem\",\"name\":\"Agenda\"}}]},{\"@type\":\"Organization\",\"@id\":\"https:\\\/\\\/www.eldigitaldeasturias.com\\\/noticias\\\/#organization\",\"name\":\"El Digital de Asturias\",\"description\":\"Hemeroteca\",\"url\":\"https:\\\/\\\/www.eldigitaldeasturias.com\\\/noticias\\\/\",\"email\":\"info@eldigitaldeasturias.com\",\"telephone\":\"+34652131393\",\"logo\":{\"@type\":\"ImageObject\",\"url\":\"https:\\\/\\\/www.eldigitaldeasturias.com\\\/noticias\\\/wp-content\\\/uploads\\\/2020\\\/12\\\/EDA.jpg\",\"@id\":\"https:\\\/\\\/www.eldigitaldeasturias.com\\\/noticias\\\/caixaforum-acoge-hasta-el-22-de-diciembre-la-exposicion-arte-ficcion\\\/#organizationLogo\",\"width\":649,\"height\":297},\"image\":{\"@id\":\"https:\\\/\\\/www.eldigitaldeasturias.com\\\/noticias\\\/caixaforum-acoge-hasta-el-22-de-diciembre-la-exposicion-arte-ficcion\\\/#organizationLogo\"},\"sameAs\":[\"https:\\\/\\\/facebook.com\\\/eldigitaldeasturias\",\"https:\\\/\\\/www.youtube.com\\\/channel\\\/UCZP-2wLEB9Rv6erhFmqVnvg\"],\"address\":{\"@id\":\"https:\\\/\\\/www.eldigitaldeasturias.com\\\/noticias\\\/#postaladdress\",\"@type\":\"PostalAddress\",\"streetAddress\":\"san antonio 4,\",\"postalCode\":\"33430\",\"addressLocality\":\"Cand\\u00e1s\",\"addressRegion\":\"Asturias\",\"addressCountry\":\"ES\"}},{\"@type\":\"Person\",\"@id\":\"https:\\\/\\\/www.eldigitaldeasturias.com\\\/noticias\\\/author\\\/admin\\\/#author\",\"url\":\"https:\\\/\\\/www.eldigitaldeasturias.com\\\/noticias\\\/author\\\/admin\\\/\",\"name\":\"El Digital de Asturias\",\"image\":{\"@type\":\"ImageObject\",\"@id\":\"https:\\\/\\\/www.eldigitaldeasturias.com\\\/noticias\\\/caixaforum-acoge-hasta-el-22-de-diciembre-la-exposicion-arte-ficcion\\\/#authorImage\",\"url\":\"https:\\\/\\\/www.eldigitaldeasturias.com\\\/noticias\\\/wp-content\\\/litespeed\\\/avatar\\\/18677e78aa0546b92d9dbf31ec7d7668.jpg?ver=1777290358\",\"width\":96,\"height\":96,\"caption\":\"El Digital de Asturias\"}},{\"@type\":\"WebPage\",\"@id\":\"https:\\\/\\\/www.eldigitaldeasturias.com\\\/noticias\\\/caixaforum-acoge-hasta-el-22-de-diciembre-la-exposicion-arte-ficcion\\\/#webpage\",\"url\":\"https:\\\/\\\/www.eldigitaldeasturias.com\\\/noticias\\\/caixaforum-acoge-hasta-el-22-de-diciembre-la-exposicion-arte-ficcion\\\/\",\"name\":\"CaixaForum acoge hasta el 22 de diciembre la exposici\\u00f3n \\u2018Arte ficci\\u00f3n\\u2019 - El Digital de Asturias\",\"description\":\"BARCELONA, 25 Sep. (EUROPA PRESS) - CaixaForum acoge hasta el 22 de diciembre la exposici\\u00f3n 'Arte ficci\\u00f3n', una propuesta de los j\\u00f3venes comisarios Jaime Gonz\\u00e1lez Cela y Manuela Pedr\\u00f3n Nicolau, que vincula el arte contempor\\u00e1neo con la ciencia ficci\\u00f3n, y que abre la primera edici\\u00f3n de 'Comisart: nuevas miradas sobre la Colecci\\u00f3n La Caixa'. Comisart es\",\"inLanguage\":\"es-ES\",\"isPartOf\":{\"@id\":\"https:\\\/\\\/www.eldigitaldeasturias.com\\\/noticias\\\/#website\"},\"breadcrumb\":{\"@id\":\"https:\\\/\\\/www.eldigitaldeasturias.com\\\/noticias\\\/caixaforum-acoge-hasta-el-22-de-diciembre-la-exposicion-arte-ficcion\\\/#breadcrumblist\"},\"author\":{\"@id\":\"https:\\\/\\\/www.eldigitaldeasturias.com\\\/noticias\\\/author\\\/admin\\\/#author\"},\"creator\":{\"@id\":\"https:\\\/\\\/www.eldigitaldeasturias.com\\\/noticias\\\/author\\\/admin\\\/#author\"},\"image\":{\"@type\":\"ImageObject\",\"url\":3189,\"@id\":\"https:\\\/\\\/www.eldigitaldeasturias.com\\\/noticias\\\/caixaforum-acoge-hasta-el-22-de-diciembre-la-exposicion-arte-ficcion\\\/#mainImage\"},\"primaryImageOfPage\":{\"@id\":\"https:\\\/\\\/www.eldigitaldeasturias.com\\\/noticias\\\/caixaforum-acoge-hasta-el-22-de-diciembre-la-exposicion-arte-ficcion\\\/#mainImage\"},\"datePublished\":\"2013-09-25T21:16:37+02:00\",\"dateModified\":\"2013-09-25T21:16:37+02:00\"},{\"@type\":\"WebSite\",\"@id\":\"https:\\\/\\\/www.eldigitaldeasturias.com\\\/noticias\\\/#website\",\"url\":\"https:\\\/\\\/www.eldigitaldeasturias.com\\\/noticias\\\/\",\"name\":\"El Digital de Asturias - Diario de actualidad y noticias\",\"alternateName\":\"El Digital de Asturias - Diario de actualidad y noticias\",\"description\":\"Hemeroteca\",\"inLanguage\":\"es-ES\",\"publisher\":{\"@id\":\"https:\\\/\\\/www.eldigitaldeasturias.com\\\/noticias\\\/#organization\"}}]}\n\t\t<\/script>\n\t\t<!-- All in One SEO Pro -->\r\n\t\t<title>CaixaForum acoge hasta el 22 de diciembre la exposici\u00f3n \u2018Arte ficci\u00f3n\u2019 - El Digital de Asturias<\/title>\n\n","aioseo_head_json":{"title":"CaixaForum acoge hasta el 22 de diciembre la exposici\u00f3n \u2018Arte ficci\u00f3n\u2019 - El Digital de Asturias","description":"BARCELONA, 25 Sep. (EUROPA PRESS) - CaixaForum acoge hasta el 22 de diciembre la exposici\u00f3n 'Arte ficci\u00f3n', una propuesta de los j\u00f3venes comisarios Jaime Gonz\u00e1lez Cela y Manuela Pedr\u00f3n Nicolau, que vincula el arte contempor\u00e1neo con la ciencia ficci\u00f3n, y que abre la primera edici\u00f3n de 'Comisart: nuevas miradas sobre la Colecci\u00f3n La Caixa'. Comisart es","canonical_url":"https:\/\/www.eldigitaldeasturias.com\/noticias\/caixaforum-acoge-hasta-el-22-de-diciembre-la-exposicion-arte-ficcion\/","robots":"max-image-preview:large","keywords":"agenda","webmasterTools":{"google-site-verification":"UA-38556648-1","msvalidate.01":"7dfe9f3f1b24437ab69f4f2559babe99","miscellaneous":""},"schema":{"@context":"https:\/\/schema.org","@graph":[{"@type":"BlogPosting","@id":"https:\/\/www.eldigitaldeasturias.com\/noticias\/caixaforum-acoge-hasta-el-22-de-diciembre-la-exposicion-arte-ficcion\/#blogposting","name":"CaixaForum acoge hasta el 22 de diciembre la exposici\u00f3n \u2018Arte ficci\u00f3n\u2019 - El Digital de Asturias","headline":"CaixaForum acoge hasta el 22 de diciembre la exposici\u00f3n &#8216;Arte ficci\u00f3n&#8217;","author":{"@id":"https:\/\/www.eldigitaldeasturias.com\/noticias\/author\/admin\/#author"},"publisher":{"@id":"https:\/\/www.eldigitaldeasturias.com\/noticias\/#organization"},"image":{"@type":"ImageObject","url":3189},"datePublished":"2013-09-25T21:16:37+02:00","dateModified":"2013-09-25T21:16:37+02:00","inLanguage":"es-ES","mainEntityOfPage":{"@id":"https:\/\/www.eldigitaldeasturias.com\/noticias\/caixaforum-acoge-hasta-el-22-de-diciembre-la-exposicion-arte-ficcion\/#webpage"},"isPartOf":{"@id":"https:\/\/www.eldigitaldeasturias.com\/noticias\/caixaforum-acoge-hasta-el-22-de-diciembre-la-exposicion-arte-ficcion\/#webpage"},"articleSection":"Agenda"},{"@type":"BreadcrumbList","@id":"https:\/\/www.eldigitaldeasturias.com\/noticias\/caixaforum-acoge-hasta-el-22-de-diciembre-la-exposicion-arte-ficcion\/#breadcrumblist","itemListElement":[{"@type":"ListItem","@id":"https:\/\/www.eldigitaldeasturias.com\/noticias#listItem","position":1,"name":"Home","item":"https:\/\/www.eldigitaldeasturias.com\/noticias","nextItem":{"@type":"ListItem","@id":"https:\/\/www.eldigitaldeasturias.com\/noticias\/category\/agenda\/#listItem","name":"Agenda"}},{"@type":"ListItem","@id":"https:\/\/www.eldigitaldeasturias.com\/noticias\/category\/agenda\/#listItem","position":2,"name":"Agenda","item":"https:\/\/www.eldigitaldeasturias.com\/noticias\/category\/agenda\/","nextItem":{"@type":"ListItem","@id":"https:\/\/www.eldigitaldeasturias.com\/noticias\/caixaforum-acoge-hasta-el-22-de-diciembre-la-exposicion-arte-ficcion\/#listItem","name":"CaixaForum acoge hasta el 22 de diciembre la exposici\u00f3n &#8216;Arte ficci\u00f3n&#8217;"},"previousItem":{"@type":"ListItem","@id":"https:\/\/www.eldigitaldeasturias.com\/noticias#listItem","name":"Home"}},{"@type":"ListItem","@id":"https:\/\/www.eldigitaldeasturias.com\/noticias\/caixaforum-acoge-hasta-el-22-de-diciembre-la-exposicion-arte-ficcion\/#listItem","position":3,"name":"CaixaForum acoge hasta el 22 de diciembre la exposici\u00f3n &#8216;Arte ficci\u00f3n&#8217;","previousItem":{"@type":"ListItem","@id":"https:\/\/www.eldigitaldeasturias.com\/noticias\/category\/agenda\/#listItem","name":"Agenda"}}]},{"@type":"Organization","@id":"https:\/\/www.eldigitaldeasturias.com\/noticias\/#organization","name":"El Digital de Asturias","description":"Hemeroteca","url":"https:\/\/www.eldigitaldeasturias.com\/noticias\/","email":"info@eldigitaldeasturias.com","telephone":"+34652131393","logo":{"@type":"ImageObject","url":"https:\/\/www.eldigitaldeasturias.com\/noticias\/wp-content\/uploads\/2020\/12\/EDA.jpg","@id":"https:\/\/www.eldigitaldeasturias.com\/noticias\/caixaforum-acoge-hasta-el-22-de-diciembre-la-exposicion-arte-ficcion\/#organizationLogo","width":649,"height":297},"image":{"@id":"https:\/\/www.eldigitaldeasturias.com\/noticias\/caixaforum-acoge-hasta-el-22-de-diciembre-la-exposicion-arte-ficcion\/#organizationLogo"},"sameAs":["https:\/\/facebook.com\/eldigitaldeasturias","https:\/\/www.youtube.com\/channel\/UCZP-2wLEB9Rv6erhFmqVnvg"],"address":{"@id":"https:\/\/www.eldigitaldeasturias.com\/noticias\/#postaladdress","@type":"PostalAddress","streetAddress":"san antonio 4,","postalCode":"33430","addressLocality":"Cand\u00e1s","addressRegion":"Asturias","addressCountry":"ES"}},{"@type":"Person","@id":"https:\/\/www.eldigitaldeasturias.com\/noticias\/author\/admin\/#author","url":"https:\/\/www.eldigitaldeasturias.com\/noticias\/author\/admin\/","name":"El Digital de Asturias","image":{"@type":"ImageObject","@id":"https:\/\/www.eldigitaldeasturias.com\/noticias\/caixaforum-acoge-hasta-el-22-de-diciembre-la-exposicion-arte-ficcion\/#authorImage","url":"https:\/\/www.eldigitaldeasturias.com\/noticias\/wp-content\/litespeed\/avatar\/18677e78aa0546b92d9dbf31ec7d7668.jpg?ver=1777290358","width":96,"height":96,"caption":"El Digital de Asturias"}},{"@type":"WebPage","@id":"https:\/\/www.eldigitaldeasturias.com\/noticias\/caixaforum-acoge-hasta-el-22-de-diciembre-la-exposicion-arte-ficcion\/#webpage","url":"https:\/\/www.eldigitaldeasturias.com\/noticias\/caixaforum-acoge-hasta-el-22-de-diciembre-la-exposicion-arte-ficcion\/","name":"CaixaForum acoge hasta el 22 de diciembre la exposici\u00f3n \u2018Arte ficci\u00f3n\u2019 - El Digital de Asturias","description":"BARCELONA, 25 Sep. (EUROPA PRESS) - CaixaForum acoge hasta el 22 de diciembre la exposici\u00f3n 'Arte ficci\u00f3n', una propuesta de los j\u00f3venes comisarios Jaime Gonz\u00e1lez Cela y Manuela Pedr\u00f3n Nicolau, que vincula el arte contempor\u00e1neo con la ciencia ficci\u00f3n, y que abre la primera edici\u00f3n de 'Comisart: nuevas miradas sobre la Colecci\u00f3n La Caixa'. Comisart es","inLanguage":"es-ES","isPartOf":{"@id":"https:\/\/www.eldigitaldeasturias.com\/noticias\/#website"},"breadcrumb":{"@id":"https:\/\/www.eldigitaldeasturias.com\/noticias\/caixaforum-acoge-hasta-el-22-de-diciembre-la-exposicion-arte-ficcion\/#breadcrumblist"},"author":{"@id":"https:\/\/www.eldigitaldeasturias.com\/noticias\/author\/admin\/#author"},"creator":{"@id":"https:\/\/www.eldigitaldeasturias.com\/noticias\/author\/admin\/#author"},"image":{"@type":"ImageObject","url":3189,"@id":"https:\/\/www.eldigitaldeasturias.com\/noticias\/caixaforum-acoge-hasta-el-22-de-diciembre-la-exposicion-arte-ficcion\/#mainImage"},"primaryImageOfPage":{"@id":"https:\/\/www.eldigitaldeasturias.com\/noticias\/caixaforum-acoge-hasta-el-22-de-diciembre-la-exposicion-arte-ficcion\/#mainImage"},"datePublished":"2013-09-25T21:16:37+02:00","dateModified":"2013-09-25T21:16:37+02:00"},{"@type":"WebSite","@id":"https:\/\/www.eldigitaldeasturias.com\/noticias\/#website","url":"https:\/\/www.eldigitaldeasturias.com\/noticias\/","name":"El Digital de Asturias - Diario de actualidad y noticias","alternateName":"El Digital de Asturias - Diario de actualidad y noticias","description":"Hemeroteca","inLanguage":"es-ES","publisher":{"@id":"https:\/\/www.eldigitaldeasturias.com\/noticias\/#organization"}}]},"og:locale":"es_ES","og:site_name":"El Digital de Asturias","og:type":"article","og:title":"CaixaForum acoge hasta el 22 de diciembre la exposici\u00f3n \u2018Arte ficci\u00f3n\u2019 - El Digital de Asturias","og:description":"BARCELONA, 25 Sep. (EUROPA PRESS) - CaixaForum acoge hasta el 22 de diciembre la exposici\u00f3n 'Arte ficci\u00f3n', una propuesta de los j\u00f3venes comisarios Jaime Gonz\u00e1lez Cela y Manuela Pedr\u00f3n Nicolau, que vincula el arte contempor\u00e1neo con la ciencia ficci\u00f3n, y que abre la primera edici\u00f3n de 'Comisart: nuevas miradas sobre la Colecci\u00f3n La Caixa'. Comisart es","og:url":"https:\/\/www.eldigitaldeasturias.com\/noticias\/caixaforum-acoge-hasta-el-22-de-diciembre-la-exposicion-arte-ficcion\/","article:tag":["agenda"],"article:published_time":"2013-09-25T21:16:37+00:00","article:modified_time":"2013-09-25T21:16:37+00:00","article:publisher":"https:\/\/facebook.com\/eldigitaldeasturias","twitter:card":"summary_large_image","twitter:title":"CaixaForum acoge hasta el 22 de diciembre la exposici\u00f3n \u2018Arte ficci\u00f3n\u2019 - El Digital de Asturias","twitter:description":"BARCELONA, 25 Sep. (EUROPA PRESS) - CaixaForum acoge hasta el 22 de diciembre la exposici\u00f3n 'Arte ficci\u00f3n', una propuesta de los j\u00f3venes comisarios Jaime Gonz\u00e1lez Cela y Manuela Pedr\u00f3n Nicolau, que vincula el arte contempor\u00e1neo con la ciencia ficci\u00f3n, y que abre la primera edici\u00f3n de 'Comisart: nuevas miradas sobre la Colecci\u00f3n La Caixa'. Comisart es","twitter:label1":"Escrito por","twitter:data1":"El Digital de Asturias","twitter:label2":"Tiempo de lectura estimado","twitter:data2":"2 minutos"},"aioseo_meta_data":{"post_id":"3188","title":null,"description":null,"keywords":null,"keyphrases":null,"primary_term":null,"canonical_url":null,"og_title":null,"og_description":null,"og_object_type":"default","og_image_type":"default","og_image_url":null,"og_image_width":null,"og_image_height":null,"og_image_custom_url":null,"og_image_custom_fields":null,"og_video":null,"og_custom_url":null,"og_article_section":null,"og_article_tags":null,"twitter_use_og":true,"twitter_card":"default","twitter_image_type":"default","twitter_image_url":null,"twitter_image_custom_url":null,"twitter_image_custom_fields":null,"twitter_title":null,"twitter_description":null,"schema":{"blockGraphs":[],"customGraphs":[],"default":{"data":{"Article":[],"Course":[],"Dataset":[],"FAQPage":[],"Movie":[],"Person":[],"Product":[],"ProductReview":[],"Car":[],"Recipe":[],"Service":[],"SoftwareApplication":[],"WebPage":[]},"graphName":"","isEnabled":true},"graphs":[],"defaultGraph":"","defaultPostTypeGraph":""},"schema_type":null,"schema_type_options":null,"pillar_content":false,"robots_default":true,"robots_noindex":false,"robots_noarchive":false,"robots_nosnippet":false,"robots_nofollow":false,"robots_noimageindex":false,"robots_noodp":false,"robots_notranslate":false,"robots_max_snippet":null,"robots_max_videopreview":null,"robots_max_imagepreview":"none","priority":null,"frequency":null,"local_seo":null,"seo_analyzer_scan_date":"2025-08-21 05:56:48","breadcrumb_settings":null,"limit_modified_date":false,"open_ai":null,"ai":null,"created":"2020-11-14 22:37:04","updated":"2025-08-21 05:56:48"},"aioseo_breadcrumb":"<div class=\"aioseo-breadcrumbs\"><span class=\"aioseo-breadcrumb\">\n\t<a href=\"https:\/\/www.eldigitaldeasturias.com\/noticias\" title=\"Home\">Home<\/a>\n<\/span><span class=\"aioseo-breadcrumb-separator\">\u2013<\/span><span class=\"aioseo-breadcrumb\">\n\t<a href=\"https:\/\/www.eldigitaldeasturias.com\/noticias\/category\/agenda\/\" title=\"Agenda\">Agenda<\/a>\n<\/span><span class=\"aioseo-breadcrumb-separator\">\u2013<\/span><span class=\"aioseo-breadcrumb\">\n\t<a href=\"https:\/\/www.eldigitaldeasturias.com\/noticias\/caixaforum-acoge-hasta-el-22-de-diciembre-la-exposicion-arte-ficcion\/\" title=\"CaixaForum acoge hasta el 22 de diciembre la exposici\u00f3n \u2018Arte ficci\u00f3n\u2019\">CaixaForum acoge hasta el 22 de diciembre la exposici\u00f3n \u2018Arte ficci\u00f3n\u2019<\/a>\n<\/span><\/div>","aioseo_breadcrumb_json":[{"label":"Home","link":"https:\/\/www.eldigitaldeasturias.com\/noticias"},{"label":"Agenda","link":"https:\/\/www.eldigitaldeasturias.com\/noticias\/category\/agenda\/"},{"label":"CaixaForum acoge hasta el 22 de diciembre la exposici\u00f3n &#8216;Arte ficci\u00f3n&#8217;","link":"https:\/\/www.eldigitaldeasturias.com\/noticias\/caixaforum-acoge-hasta-el-22-de-diciembre-la-exposicion-arte-ficcion\/"}],"_links":{"self":[{"href":"https:\/\/www.eldigitaldeasturias.com\/noticias\/wp-json\/wp\/v2\/posts\/3188","targetHints":{"allow":["GET"]}}],"collection":[{"href":"https:\/\/www.eldigitaldeasturias.com\/noticias\/wp-json\/wp\/v2\/posts"}],"about":[{"href":"https:\/\/www.eldigitaldeasturias.com\/noticias\/wp-json\/wp\/v2\/types\/post"}],"author":[{"embeddable":true,"href":"https:\/\/www.eldigitaldeasturias.com\/noticias\/wp-json\/wp\/v2\/users\/1"}],"replies":[{"embeddable":true,"href":"https:\/\/www.eldigitaldeasturias.com\/noticias\/wp-json\/wp\/v2\/comments?post=3188"}],"version-history":[{"count":0,"href":"https:\/\/www.eldigitaldeasturias.com\/noticias\/wp-json\/wp\/v2\/posts\/3188\/revisions"}],"wp:featuredmedia":[{"embeddable":true,"href":"https:\/\/www.eldigitaldeasturias.com\/noticias\/wp-json\/"}],"wp:attachment":[{"href":"https:\/\/www.eldigitaldeasturias.com\/noticias\/wp-json\/wp\/v2\/media?parent=3188"}],"wp:term":[{"taxonomy":"category","embeddable":true,"href":"https:\/\/www.eldigitaldeasturias.com\/noticias\/wp-json\/wp\/v2\/categories?post=3188"},{"taxonomy":"post_tag","embeddable":true,"href":"https:\/\/www.eldigitaldeasturias.com\/noticias\/wp-json\/wp\/v2\/tags?post=3188"}],"curies":[{"name":"wp","href":"https:\/\/api.w.org\/{rel}","templated":true}]}}