{"id":3182,"date":"2013-09-25T21:12:04","date_gmt":"2013-09-25T21:12:04","guid":{"rendered":"http:\/\/www.eldigitaldeasturias.com\/noticias\/?p=3182"},"modified":"2013-09-25T21:12:04","modified_gmt":"2013-09-25T21:12:04","slug":"15-anos-y-un-dia-seleccionada-para-representar-a-espana-en-los-oscar","status":"publish","type":"post","link":"https:\/\/www.eldigitaldeasturias.com\/noticias\/15-anos-y-un-dia-seleccionada-para-representar-a-espana-en-los-oscar\/","title":{"rendered":"&#8217;15 a\u00f1os y un d\u00eda&#8217;, seleccionada para representar a Espa\u00f1a en los Oscar"},"content":{"rendered":"<p><img loading=\"lazy\" decoding=\"async\" class=\"alignleft size-medium wp-image-3183\" alt=\"fotonoticia_20130925131229_800\" src=\"https:\/\/www.eldigitaldeasturias.com\/noticias\/wp-content\/uploads\/2013\/09\/fotonoticia_20130925131229_800-360x240.jpg\" width=\"360\" height=\"240\" \/>MADRID, 25 Sep. (EUROPA PRESS) &#8211;\u00a0&#8217;15 a\u00f1os y un d\u00eda&#8217;, dirigida por Gracia Querejeta, es la pel\u00edcula seleccionada para representar a Espa\u00f1a en la 86\u00ba edici\u00f3n de los premios Oscar, en la categor\u00eda de Mejor Pel\u00edcula de Habla no Inglesa. Esta misma cinta ha sido tambi\u00e9n elegida para optar a la 56\u00ba edici\u00f3n de los Premios Ariel de M\u00e9xico.<\/p>\n<p>Los actores Leticia Dolera y Unax Ugalde han sido los encargados de comunicar este resultado. Las pel\u00edculas que estaban preseleccionadas, adem\u00e1s de la ganadora, eran &#8216;Alacr\u00e1n enamorado&#8217;, dirigida por Santiago Zannou; &#8216;Can\u00edbal&#8217;, de Manuel Mart\u00edn Cuenca; y &#8216;La gran familia espa\u00f1ola&#8217;, producci\u00f3n firmada por Daniel S\u00e1nchez Ar\u00e9valo.<\/p>\n<p>Por su parte, para el Ariel a la Mejor Pel\u00edcula Iberoamericana, las aspirantes para representar a Espa\u00f1a eran, adem\u00e1s de la seleccionada, &#8216;Can\u00edbal&#8217; y &#8216;La gran familia espa\u00f1ola&#8217;.<\/p>\n<p>&#8217;15 a\u00f1os y un d\u00eda&#8217;, narra la relaci\u00f3n complicada que existe entre una madre en paro, papel que interpreta Maribel Verd\u00fa, un hijo adolescente (Ar\u00f3n Piper) y su abuelo (Tito Valverde). Tras ser expulsado del colegio, el joven es enviado por su madre a la casa de su abuelo, algo que cambiar\u00e1 sus vidas.<\/p>\n<p>El pasado a\u00f1o, la pel\u00edcula en blanco y negro &#8216;Blancanieves&#8217; fue el filme seleccionado para optar al Oscar, aunque finalmente no fue elegida por la Academia de Cine Americano para competir en esa secci\u00f3n.<\/p>\n<p>La \u00faltima pel\u00edcula espa\u00f1ola que fue nominada a los Oscar fue &#8216;Mar adentro&#8217;, de Alejando Amen\u00e1bar, que finalmente fue premiada en la gala de 2004. Anteriormente tambi\u00e9n consigui\u00f3 la estatuilla Pedro Almod\u00f3var en 2002 por &#8216;Hable con ella&#8217;, en la categor\u00eda de Mejor Guion Original, y unos a\u00f1os antes, en 1998, obtuvo el galard\u00f3n a la Mejor Pel\u00edcula de Habla No Inglesa por &#8216;Todo sobre mi madre&#8217;.<\/p>\n<p>El primer cineasta espa\u00f1ol en alzarse con un Oscar fue Jos\u00e9 Luis Garci que en 1982 se llev\u00f3 el premio a la mejor pel\u00edcula de habla no inglesa por Volver a empezar. Un \u00e9xito que repiti\u00f3 Fernando Trueba una d\u00e9cada despu\u00e9s con Belle \u00c9poque.<\/p>\n","protected":false},"excerpt":{"rendered":"<p>MADRID, 25 Sep. (EUROPA PRESS) &#8211;\u00a0&#8217;15 a\u00f1os y un d\u00eda&#8217;, dirigida por Gracia Querejeta, es la pel\u00edcula seleccionada para representar a Espa\u00f1a en la 86\u00ba edici\u00f3n de los premios Oscar, en la categor\u00eda de Mejor Pel\u00edcula de Habla no Inglesa. Esta misma cinta ha sido tambi\u00e9n elegida para optar a la 56\u00ba edici\u00f3n de los [&hellip;]<\/p>\n","protected":false},"author":1,"featured_media":3183,"comment_status":"open","ping_status":"open","sticky":false,"template":"","format":"standard","meta":{"footnotes":""},"categories":[50],"tags":[],"class_list":["post-3182","post","type-post","status-publish","format-standard","has-post-thumbnail","hentry","category-revista-de-ocio"],"aioseo_notices":[],"aioseo_head":"\n\t\t<!-- All in One SEO Pro 4.9.6.2 - aioseo.com -->\n\t<meta name=\"description\" content=\"MADRID, 25 Sep. (EUROPA PRESS) - &#039;15 a\u00f1os y un d\u00eda&#039;, dirigida por Gracia Querejeta, es la pel\u00edcula seleccionada para representar a Espa\u00f1a en la 86\u00ba edici\u00f3n de los premios Oscar, en la categor\u00eda de Mejor Pel\u00edcula de Habla no Inglesa. Esta misma cinta ha sido tambi\u00e9n elegida para optar a la 56\u00ba edici\u00f3n de los\" \/>\n\t<meta name=\"robots\" content=\"max-image-preview:large\" \/>\n\t<meta name=\"author\" content=\"El Digital de Asturias\"\/>\n\t<meta name=\"google-site-verification\" content=\"UA-38556648-1\" \/>\n\t<meta name=\"msvalidate.01\" content=\"7dfe9f3f1b24437ab69f4f2559babe99\" \/>\n\t<meta name=\"keywords\" content=\"revista de ocio\" \/>\n\t<link rel=\"canonical\" href=\"https:\/\/www.eldigitaldeasturias.com\/noticias\/15-anos-y-un-dia-seleccionada-para-representar-a-espana-en-los-oscar\/\" \/>\n\t<meta name=\"generator\" content=\"All in One SEO Pro (AIOSEO) 4.9.6.2\" \/>\n\t\t<meta property=\"og:locale\" content=\"es_ES\" \/>\n\t\t<meta property=\"og:site_name\" content=\"El Digital de Asturias\" \/>\n\t\t<meta property=\"og:type\" content=\"article\" \/>\n\t\t<meta property=\"og:title\" content=\"\u201915 a\u00f1os y un d\u00eda\u2019, seleccionada para representar a Espa\u00f1a en los Oscar - El Digital de Asturias\" \/>\n\t\t<meta property=\"og:description\" content=\"MADRID, 25 Sep. (EUROPA PRESS) - &#039;15 a\u00f1os y un d\u00eda&#039;, dirigida por Gracia Querejeta, es la pel\u00edcula seleccionada para representar a Espa\u00f1a en la 86\u00ba edici\u00f3n de los premios Oscar, en la categor\u00eda de Mejor Pel\u00edcula de Habla no Inglesa. Esta misma cinta ha sido tambi\u00e9n elegida para optar a la 56\u00ba edici\u00f3n de los\" \/>\n\t\t<meta property=\"og:url\" content=\"https:\/\/www.eldigitaldeasturias.com\/noticias\/15-anos-y-un-dia-seleccionada-para-representar-a-espana-en-los-oscar\/\" \/>\n\t\t<meta property=\"article:tag\" content=\"revista de ocio\" \/>\n\t\t<meta property=\"article:published_time\" content=\"2013-09-25T21:12:04+00:00\" \/>\n\t\t<meta property=\"article:modified_time\" content=\"2013-09-25T21:12:04+00:00\" \/>\n\t\t<meta property=\"article:publisher\" content=\"https:\/\/facebook.com\/eldigitaldeasturias\" \/>\n\t\t<meta name=\"twitter:card\" content=\"summary_large_image\" \/>\n\t\t<meta name=\"twitter:title\" content=\"\u201915 a\u00f1os y un d\u00eda\u2019, seleccionada para representar a Espa\u00f1a en los Oscar - El Digital de Asturias\" \/>\n\t\t<meta name=\"twitter:description\" content=\"MADRID, 25 Sep. (EUROPA PRESS) - &#039;15 a\u00f1os y un d\u00eda&#039;, dirigida por Gracia Querejeta, es la pel\u00edcula seleccionada para representar a Espa\u00f1a en la 86\u00ba edici\u00f3n de los premios Oscar, en la categor\u00eda de Mejor Pel\u00edcula de Habla no Inglesa. Esta misma cinta ha sido tambi\u00e9n elegida para optar a la 56\u00ba edici\u00f3n de los\" \/>\n\t\t<meta name=\"twitter:label1\" content=\"Escrito por\" \/>\n\t\t<meta name=\"twitter:data1\" content=\"El Digital de Asturias\" \/>\n\t\t<meta name=\"twitter:label2\" content=\"Tiempo de lectura estimado\" \/>\n\t\t<meta name=\"twitter:data2\" content=\"2 minutos\" \/>\n\t\t<script type=\"application\/ld+json\" class=\"aioseo-schema\">\n\t\t\t{\"@context\":\"https:\\\/\\\/schema.org\",\"@graph\":[{\"@type\":\"BlogPosting\",\"@id\":\"https:\\\/\\\/www.eldigitaldeasturias.com\\\/noticias\\\/15-anos-y-un-dia-seleccionada-para-representar-a-espana-en-los-oscar\\\/#blogposting\",\"name\":\"\\u201915 a\\u00f1os y un d\\u00eda\\u2019, seleccionada para representar a Espa\\u00f1a en los Oscar - El Digital de Asturias\",\"headline\":\"&#8217;15 a\\u00f1os y un d\\u00eda&#8217;, seleccionada para representar a Espa\\u00f1a en los Oscar\",\"author\":{\"@id\":\"https:\\\/\\\/www.eldigitaldeasturias.com\\\/noticias\\\/author\\\/admin\\\/#author\"},\"publisher\":{\"@id\":\"https:\\\/\\\/www.eldigitaldeasturias.com\\\/noticias\\\/#organization\"},\"image\":{\"@type\":\"ImageObject\",\"url\":3183},\"datePublished\":\"2013-09-25T21:12:04+02:00\",\"dateModified\":\"2013-09-25T21:12:04+02:00\",\"inLanguage\":\"es-ES\",\"mainEntityOfPage\":{\"@id\":\"https:\\\/\\\/www.eldigitaldeasturias.com\\\/noticias\\\/15-anos-y-un-dia-seleccionada-para-representar-a-espana-en-los-oscar\\\/#webpage\"},\"isPartOf\":{\"@id\":\"https:\\\/\\\/www.eldigitaldeasturias.com\\\/noticias\\\/15-anos-y-un-dia-seleccionada-para-representar-a-espana-en-los-oscar\\\/#webpage\"},\"articleSection\":\"Revista de Ocio\"},{\"@type\":\"BreadcrumbList\",\"@id\":\"https:\\\/\\\/www.eldigitaldeasturias.com\\\/noticias\\\/15-anos-y-un-dia-seleccionada-para-representar-a-espana-en-los-oscar\\\/#breadcrumblist\",\"itemListElement\":[{\"@type\":\"ListItem\",\"@id\":\"https:\\\/\\\/www.eldigitaldeasturias.com\\\/noticias#listItem\",\"position\":1,\"name\":\"Home\",\"item\":\"https:\\\/\\\/www.eldigitaldeasturias.com\\\/noticias\",\"nextItem\":{\"@type\":\"ListItem\",\"@id\":\"https:\\\/\\\/www.eldigitaldeasturias.com\\\/noticias\\\/category\\\/revista-de-ocio\\\/#listItem\",\"name\":\"Revista de Ocio\"}},{\"@type\":\"ListItem\",\"@id\":\"https:\\\/\\\/www.eldigitaldeasturias.com\\\/noticias\\\/category\\\/revista-de-ocio\\\/#listItem\",\"position\":2,\"name\":\"Revista de Ocio\",\"item\":\"https:\\\/\\\/www.eldigitaldeasturias.com\\\/noticias\\\/category\\\/revista-de-ocio\\\/\",\"nextItem\":{\"@type\":\"ListItem\",\"@id\":\"https:\\\/\\\/www.eldigitaldeasturias.com\\\/noticias\\\/15-anos-y-un-dia-seleccionada-para-representar-a-espana-en-los-oscar\\\/#listItem\",\"name\":\"&#8217;15 a\\u00f1os y un d\\u00eda&#8217;, seleccionada para representar a Espa\\u00f1a en los Oscar\"},\"previousItem\":{\"@type\":\"ListItem\",\"@id\":\"https:\\\/\\\/www.eldigitaldeasturias.com\\\/noticias#listItem\",\"name\":\"Home\"}},{\"@type\":\"ListItem\",\"@id\":\"https:\\\/\\\/www.eldigitaldeasturias.com\\\/noticias\\\/15-anos-y-un-dia-seleccionada-para-representar-a-espana-en-los-oscar\\\/#listItem\",\"position\":3,\"name\":\"&#8217;15 a\\u00f1os y un d\\u00eda&#8217;, seleccionada para representar a Espa\\u00f1a en los Oscar\",\"previousItem\":{\"@type\":\"ListItem\",\"@id\":\"https:\\\/\\\/www.eldigitaldeasturias.com\\\/noticias\\\/category\\\/revista-de-ocio\\\/#listItem\",\"name\":\"Revista de Ocio\"}}]},{\"@type\":\"Organization\",\"@id\":\"https:\\\/\\\/www.eldigitaldeasturias.com\\\/noticias\\\/#organization\",\"name\":\"El Digital de Asturias\",\"description\":\"Hemeroteca\",\"url\":\"https:\\\/\\\/www.eldigitaldeasturias.com\\\/noticias\\\/\",\"email\":\"info@eldigitaldeasturias.com\",\"telephone\":\"+34652131393\",\"logo\":{\"@type\":\"ImageObject\",\"url\":\"https:\\\/\\\/www.eldigitaldeasturias.com\\\/noticias\\\/wp-content\\\/uploads\\\/2020\\\/12\\\/EDA.jpg\",\"@id\":\"https:\\\/\\\/www.eldigitaldeasturias.com\\\/noticias\\\/15-anos-y-un-dia-seleccionada-para-representar-a-espana-en-los-oscar\\\/#organizationLogo\",\"width\":649,\"height\":297},\"image\":{\"@id\":\"https:\\\/\\\/www.eldigitaldeasturias.com\\\/noticias\\\/15-anos-y-un-dia-seleccionada-para-representar-a-espana-en-los-oscar\\\/#organizationLogo\"},\"sameAs\":[\"https:\\\/\\\/facebook.com\\\/eldigitaldeasturias\",\"https:\\\/\\\/www.youtube.com\\\/channel\\\/UCZP-2wLEB9Rv6erhFmqVnvg\"],\"address\":{\"@id\":\"https:\\\/\\\/www.eldigitaldeasturias.com\\\/noticias\\\/#postaladdress\",\"@type\":\"PostalAddress\",\"streetAddress\":\"san antonio 4,\",\"postalCode\":\"33430\",\"addressLocality\":\"Cand\\u00e1s\",\"addressRegion\":\"Asturias\",\"addressCountry\":\"ES\"}},{\"@type\":\"Person\",\"@id\":\"https:\\\/\\\/www.eldigitaldeasturias.com\\\/noticias\\\/author\\\/admin\\\/#author\",\"url\":\"https:\\\/\\\/www.eldigitaldeasturias.com\\\/noticias\\\/author\\\/admin\\\/\",\"name\":\"El Digital de Asturias\",\"image\":{\"@type\":\"ImageObject\",\"@id\":\"https:\\\/\\\/www.eldigitaldeasturias.com\\\/noticias\\\/15-anos-y-un-dia-seleccionada-para-representar-a-espana-en-los-oscar\\\/#authorImage\",\"url\":\"https:\\\/\\\/www.eldigitaldeasturias.com\\\/noticias\\\/wp-content\\\/litespeed\\\/avatar\\\/18677e78aa0546b92d9dbf31ec7d7668.jpg?ver=1777290358\",\"width\":96,\"height\":96,\"caption\":\"El Digital de Asturias\"}},{\"@type\":\"WebPage\",\"@id\":\"https:\\\/\\\/www.eldigitaldeasturias.com\\\/noticias\\\/15-anos-y-un-dia-seleccionada-para-representar-a-espana-en-los-oscar\\\/#webpage\",\"url\":\"https:\\\/\\\/www.eldigitaldeasturias.com\\\/noticias\\\/15-anos-y-un-dia-seleccionada-para-representar-a-espana-en-los-oscar\\\/\",\"name\":\"\\u201915 a\\u00f1os y un d\\u00eda\\u2019, seleccionada para representar a Espa\\u00f1a en los Oscar - El Digital de Asturias\",\"description\":\"MADRID, 25 Sep. (EUROPA PRESS) - '15 a\\u00f1os y un d\\u00eda', dirigida por Gracia Querejeta, es la pel\\u00edcula seleccionada para representar a Espa\\u00f1a en la 86\\u00ba edici\\u00f3n de los premios Oscar, en la categor\\u00eda de Mejor Pel\\u00edcula de Habla no Inglesa. Esta misma cinta ha sido tambi\\u00e9n elegida para optar a la 56\\u00ba edici\\u00f3n de los\",\"inLanguage\":\"es-ES\",\"isPartOf\":{\"@id\":\"https:\\\/\\\/www.eldigitaldeasturias.com\\\/noticias\\\/#website\"},\"breadcrumb\":{\"@id\":\"https:\\\/\\\/www.eldigitaldeasturias.com\\\/noticias\\\/15-anos-y-un-dia-seleccionada-para-representar-a-espana-en-los-oscar\\\/#breadcrumblist\"},\"author\":{\"@id\":\"https:\\\/\\\/www.eldigitaldeasturias.com\\\/noticias\\\/author\\\/admin\\\/#author\"},\"creator\":{\"@id\":\"https:\\\/\\\/www.eldigitaldeasturias.com\\\/noticias\\\/author\\\/admin\\\/#author\"},\"image\":{\"@type\":\"ImageObject\",\"url\":3183,\"@id\":\"https:\\\/\\\/www.eldigitaldeasturias.com\\\/noticias\\\/15-anos-y-un-dia-seleccionada-para-representar-a-espana-en-los-oscar\\\/#mainImage\"},\"primaryImageOfPage\":{\"@id\":\"https:\\\/\\\/www.eldigitaldeasturias.com\\\/noticias\\\/15-anos-y-un-dia-seleccionada-para-representar-a-espana-en-los-oscar\\\/#mainImage\"},\"datePublished\":\"2013-09-25T21:12:04+02:00\",\"dateModified\":\"2013-09-25T21:12:04+02:00\"},{\"@type\":\"WebSite\",\"@id\":\"https:\\\/\\\/www.eldigitaldeasturias.com\\\/noticias\\\/#website\",\"url\":\"https:\\\/\\\/www.eldigitaldeasturias.com\\\/noticias\\\/\",\"name\":\"El Digital de Asturias - Diario de actualidad y noticias\",\"alternateName\":\"El Digital de Asturias - Diario de actualidad y noticias\",\"description\":\"Hemeroteca\",\"inLanguage\":\"es-ES\",\"publisher\":{\"@id\":\"https:\\\/\\\/www.eldigitaldeasturias.com\\\/noticias\\\/#organization\"}}]}\n\t\t<\/script>\n\t\t<!-- All in One SEO Pro -->\r\n\t\t<title>\u201915 a\u00f1os y un d\u00eda\u2019, seleccionada para representar a Espa\u00f1a en los Oscar - El Digital de Asturias<\/title>\n\n","aioseo_head_json":{"title":"\u201915 a\u00f1os y un d\u00eda\u2019, seleccionada para representar a Espa\u00f1a en los Oscar - El Digital de Asturias","description":"MADRID, 25 Sep. (EUROPA PRESS) - '15 a\u00f1os y un d\u00eda', dirigida por Gracia Querejeta, es la pel\u00edcula seleccionada para representar a Espa\u00f1a en la 86\u00ba edici\u00f3n de los premios Oscar, en la categor\u00eda de Mejor Pel\u00edcula de Habla no Inglesa. Esta misma cinta ha sido tambi\u00e9n elegida para optar a la 56\u00ba edici\u00f3n de los","canonical_url":"https:\/\/www.eldigitaldeasturias.com\/noticias\/15-anos-y-un-dia-seleccionada-para-representar-a-espana-en-los-oscar\/","robots":"max-image-preview:large","keywords":"revista de ocio","webmasterTools":{"google-site-verification":"UA-38556648-1","msvalidate.01":"7dfe9f3f1b24437ab69f4f2559babe99","miscellaneous":""},"schema":{"@context":"https:\/\/schema.org","@graph":[{"@type":"BlogPosting","@id":"https:\/\/www.eldigitaldeasturias.com\/noticias\/15-anos-y-un-dia-seleccionada-para-representar-a-espana-en-los-oscar\/#blogposting","name":"\u201915 a\u00f1os y un d\u00eda\u2019, seleccionada para representar a Espa\u00f1a en los Oscar - El Digital de Asturias","headline":"&#8217;15 a\u00f1os y un d\u00eda&#8217;, seleccionada para representar a Espa\u00f1a en los Oscar","author":{"@id":"https:\/\/www.eldigitaldeasturias.com\/noticias\/author\/admin\/#author"},"publisher":{"@id":"https:\/\/www.eldigitaldeasturias.com\/noticias\/#organization"},"image":{"@type":"ImageObject","url":3183},"datePublished":"2013-09-25T21:12:04+02:00","dateModified":"2013-09-25T21:12:04+02:00","inLanguage":"es-ES","mainEntityOfPage":{"@id":"https:\/\/www.eldigitaldeasturias.com\/noticias\/15-anos-y-un-dia-seleccionada-para-representar-a-espana-en-los-oscar\/#webpage"},"isPartOf":{"@id":"https:\/\/www.eldigitaldeasturias.com\/noticias\/15-anos-y-un-dia-seleccionada-para-representar-a-espana-en-los-oscar\/#webpage"},"articleSection":"Revista de Ocio"},{"@type":"BreadcrumbList","@id":"https:\/\/www.eldigitaldeasturias.com\/noticias\/15-anos-y-un-dia-seleccionada-para-representar-a-espana-en-los-oscar\/#breadcrumblist","itemListElement":[{"@type":"ListItem","@id":"https:\/\/www.eldigitaldeasturias.com\/noticias#listItem","position":1,"name":"Home","item":"https:\/\/www.eldigitaldeasturias.com\/noticias","nextItem":{"@type":"ListItem","@id":"https:\/\/www.eldigitaldeasturias.com\/noticias\/category\/revista-de-ocio\/#listItem","name":"Revista de Ocio"}},{"@type":"ListItem","@id":"https:\/\/www.eldigitaldeasturias.com\/noticias\/category\/revista-de-ocio\/#listItem","position":2,"name":"Revista de Ocio","item":"https:\/\/www.eldigitaldeasturias.com\/noticias\/category\/revista-de-ocio\/","nextItem":{"@type":"ListItem","@id":"https:\/\/www.eldigitaldeasturias.com\/noticias\/15-anos-y-un-dia-seleccionada-para-representar-a-espana-en-los-oscar\/#listItem","name":"&#8217;15 a\u00f1os y un d\u00eda&#8217;, seleccionada para representar a Espa\u00f1a en los Oscar"},"previousItem":{"@type":"ListItem","@id":"https:\/\/www.eldigitaldeasturias.com\/noticias#listItem","name":"Home"}},{"@type":"ListItem","@id":"https:\/\/www.eldigitaldeasturias.com\/noticias\/15-anos-y-un-dia-seleccionada-para-representar-a-espana-en-los-oscar\/#listItem","position":3,"name":"&#8217;15 a\u00f1os y un d\u00eda&#8217;, seleccionada para representar a Espa\u00f1a en los Oscar","previousItem":{"@type":"ListItem","@id":"https:\/\/www.eldigitaldeasturias.com\/noticias\/category\/revista-de-ocio\/#listItem","name":"Revista de Ocio"}}]},{"@type":"Organization","@id":"https:\/\/www.eldigitaldeasturias.com\/noticias\/#organization","name":"El Digital de Asturias","description":"Hemeroteca","url":"https:\/\/www.eldigitaldeasturias.com\/noticias\/","email":"info@eldigitaldeasturias.com","telephone":"+34652131393","logo":{"@type":"ImageObject","url":"https:\/\/www.eldigitaldeasturias.com\/noticias\/wp-content\/uploads\/2020\/12\/EDA.jpg","@id":"https:\/\/www.eldigitaldeasturias.com\/noticias\/15-anos-y-un-dia-seleccionada-para-representar-a-espana-en-los-oscar\/#organizationLogo","width":649,"height":297},"image":{"@id":"https:\/\/www.eldigitaldeasturias.com\/noticias\/15-anos-y-un-dia-seleccionada-para-representar-a-espana-en-los-oscar\/#organizationLogo"},"sameAs":["https:\/\/facebook.com\/eldigitaldeasturias","https:\/\/www.youtube.com\/channel\/UCZP-2wLEB9Rv6erhFmqVnvg"],"address":{"@id":"https:\/\/www.eldigitaldeasturias.com\/noticias\/#postaladdress","@type":"PostalAddress","streetAddress":"san antonio 4,","postalCode":"33430","addressLocality":"Cand\u00e1s","addressRegion":"Asturias","addressCountry":"ES"}},{"@type":"Person","@id":"https:\/\/www.eldigitaldeasturias.com\/noticias\/author\/admin\/#author","url":"https:\/\/www.eldigitaldeasturias.com\/noticias\/author\/admin\/","name":"El Digital de Asturias","image":{"@type":"ImageObject","@id":"https:\/\/www.eldigitaldeasturias.com\/noticias\/15-anos-y-un-dia-seleccionada-para-representar-a-espana-en-los-oscar\/#authorImage","url":"https:\/\/www.eldigitaldeasturias.com\/noticias\/wp-content\/litespeed\/avatar\/18677e78aa0546b92d9dbf31ec7d7668.jpg?ver=1777290358","width":96,"height":96,"caption":"El Digital de Asturias"}},{"@type":"WebPage","@id":"https:\/\/www.eldigitaldeasturias.com\/noticias\/15-anos-y-un-dia-seleccionada-para-representar-a-espana-en-los-oscar\/#webpage","url":"https:\/\/www.eldigitaldeasturias.com\/noticias\/15-anos-y-un-dia-seleccionada-para-representar-a-espana-en-los-oscar\/","name":"\u201915 a\u00f1os y un d\u00eda\u2019, seleccionada para representar a Espa\u00f1a en los Oscar - El Digital de Asturias","description":"MADRID, 25 Sep. (EUROPA PRESS) - '15 a\u00f1os y un d\u00eda', dirigida por Gracia Querejeta, es la pel\u00edcula seleccionada para representar a Espa\u00f1a en la 86\u00ba edici\u00f3n de los premios Oscar, en la categor\u00eda de Mejor Pel\u00edcula de Habla no Inglesa. Esta misma cinta ha sido tambi\u00e9n elegida para optar a la 56\u00ba edici\u00f3n de los","inLanguage":"es-ES","isPartOf":{"@id":"https:\/\/www.eldigitaldeasturias.com\/noticias\/#website"},"breadcrumb":{"@id":"https:\/\/www.eldigitaldeasturias.com\/noticias\/15-anos-y-un-dia-seleccionada-para-representar-a-espana-en-los-oscar\/#breadcrumblist"},"author":{"@id":"https:\/\/www.eldigitaldeasturias.com\/noticias\/author\/admin\/#author"},"creator":{"@id":"https:\/\/www.eldigitaldeasturias.com\/noticias\/author\/admin\/#author"},"image":{"@type":"ImageObject","url":3183,"@id":"https:\/\/www.eldigitaldeasturias.com\/noticias\/15-anos-y-un-dia-seleccionada-para-representar-a-espana-en-los-oscar\/#mainImage"},"primaryImageOfPage":{"@id":"https:\/\/www.eldigitaldeasturias.com\/noticias\/15-anos-y-un-dia-seleccionada-para-representar-a-espana-en-los-oscar\/#mainImage"},"datePublished":"2013-09-25T21:12:04+02:00","dateModified":"2013-09-25T21:12:04+02:00"},{"@type":"WebSite","@id":"https:\/\/www.eldigitaldeasturias.com\/noticias\/#website","url":"https:\/\/www.eldigitaldeasturias.com\/noticias\/","name":"El Digital de Asturias - Diario de actualidad y noticias","alternateName":"El Digital de Asturias - Diario de actualidad y noticias","description":"Hemeroteca","inLanguage":"es-ES","publisher":{"@id":"https:\/\/www.eldigitaldeasturias.com\/noticias\/#organization"}}]},"og:locale":"es_ES","og:site_name":"El Digital de Asturias","og:type":"article","og:title":"\u201915 a\u00f1os y un d\u00eda\u2019, seleccionada para representar a Espa\u00f1a en los Oscar - El Digital de Asturias","og:description":"MADRID, 25 Sep. (EUROPA PRESS) - '15 a\u00f1os y un d\u00eda', dirigida por Gracia Querejeta, es la pel\u00edcula seleccionada para representar a Espa\u00f1a en la 86\u00ba edici\u00f3n de los premios Oscar, en la categor\u00eda de Mejor Pel\u00edcula de Habla no Inglesa. Esta misma cinta ha sido tambi\u00e9n elegida para optar a la 56\u00ba edici\u00f3n de los","og:url":"https:\/\/www.eldigitaldeasturias.com\/noticias\/15-anos-y-un-dia-seleccionada-para-representar-a-espana-en-los-oscar\/","article:tag":["revista de ocio"],"article:published_time":"2013-09-25T21:12:04+00:00","article:modified_time":"2013-09-25T21:12:04+00:00","article:publisher":"https:\/\/facebook.com\/eldigitaldeasturias","twitter:card":"summary_large_image","twitter:title":"\u201915 a\u00f1os y un d\u00eda\u2019, seleccionada para representar a Espa\u00f1a en los Oscar - El Digital de Asturias","twitter:description":"MADRID, 25 Sep. (EUROPA PRESS) - '15 a\u00f1os y un d\u00eda', dirigida por Gracia Querejeta, es la pel\u00edcula seleccionada para representar a Espa\u00f1a en la 86\u00ba edici\u00f3n de los premios Oscar, en la categor\u00eda de Mejor Pel\u00edcula de Habla no Inglesa. Esta misma cinta ha sido tambi\u00e9n elegida para optar a la 56\u00ba edici\u00f3n de los","twitter:label1":"Escrito por","twitter:data1":"El Digital de Asturias","twitter:label2":"Tiempo de lectura estimado","twitter:data2":"2 minutos"},"aioseo_meta_data":{"post_id":"3182","title":null,"description":null,"keywords":null,"keyphrases":null,"primary_term":null,"canonical_url":null,"og_title":null,"og_description":null,"og_object_type":"default","og_image_type":"default","og_image_url":null,"og_image_width":null,"og_image_height":null,"og_image_custom_url":null,"og_image_custom_fields":null,"og_video":null,"og_custom_url":null,"og_article_section":null,"og_article_tags":null,"twitter_use_og":true,"twitter_card":"default","twitter_image_type":"default","twitter_image_url":null,"twitter_image_custom_url":null,"twitter_image_custom_fields":null,"twitter_title":null,"twitter_description":null,"schema":{"blockGraphs":[],"customGraphs":[],"default":{"data":{"Article":[],"Course":[],"Dataset":[],"FAQPage":[],"Movie":[],"Person":[],"Product":[],"ProductReview":[],"Car":[],"Recipe":[],"Service":[],"SoftwareApplication":[],"WebPage":[]},"graphName":"","isEnabled":true},"graphs":[],"defaultGraph":"","defaultPostTypeGraph":""},"schema_type":null,"schema_type_options":null,"pillar_content":false,"robots_default":true,"robots_noindex":false,"robots_noarchive":false,"robots_nosnippet":false,"robots_nofollow":false,"robots_noimageindex":false,"robots_noodp":false,"robots_notranslate":false,"robots_max_snippet":null,"robots_max_videopreview":null,"robots_max_imagepreview":"none","priority":null,"frequency":null,"local_seo":null,"seo_analyzer_scan_date":"2025-08-21 05:56:47","breadcrumb_settings":null,"limit_modified_date":false,"open_ai":null,"ai":null,"created":"2020-11-14 22:37:04","updated":"2025-08-21 05:56:47"},"aioseo_breadcrumb":"<div class=\"aioseo-breadcrumbs\"><span class=\"aioseo-breadcrumb\">\n\t<a href=\"https:\/\/www.eldigitaldeasturias.com\/noticias\" title=\"Home\">Home<\/a>\n<\/span><span class=\"aioseo-breadcrumb-separator\">\u2013<\/span><span class=\"aioseo-breadcrumb\">\n\t<a href=\"https:\/\/www.eldigitaldeasturias.com\/noticias\/category\/revista-de-ocio\/\" title=\"Revista de Ocio\">Revista de Ocio<\/a>\n<\/span><span class=\"aioseo-breadcrumb-separator\">\u2013<\/span><span class=\"aioseo-breadcrumb\">\n\t<a href=\"https:\/\/www.eldigitaldeasturias.com\/noticias\/15-anos-y-un-dia-seleccionada-para-representar-a-espana-en-los-oscar\/\" title=\"\u201915 a\u00f1os y un d\u00eda\u2019, seleccionada para representar a Espa\u00f1a en los Oscar\">\u201915 a\u00f1os y un d\u00eda\u2019, seleccionada para representar a Espa\u00f1a en los Oscar<\/a>\n<\/span><\/div>","aioseo_breadcrumb_json":[{"label":"Home","link":"https:\/\/www.eldigitaldeasturias.com\/noticias"},{"label":"Revista de Ocio","link":"https:\/\/www.eldigitaldeasturias.com\/noticias\/category\/revista-de-ocio\/"},{"label":"&#8217;15 a\u00f1os y un d\u00eda&#8217;, seleccionada para representar a Espa\u00f1a en los Oscar","link":"https:\/\/www.eldigitaldeasturias.com\/noticias\/15-anos-y-un-dia-seleccionada-para-representar-a-espana-en-los-oscar\/"}],"_links":{"self":[{"href":"https:\/\/www.eldigitaldeasturias.com\/noticias\/wp-json\/wp\/v2\/posts\/3182","targetHints":{"allow":["GET"]}}],"collection":[{"href":"https:\/\/www.eldigitaldeasturias.com\/noticias\/wp-json\/wp\/v2\/posts"}],"about":[{"href":"https:\/\/www.eldigitaldeasturias.com\/noticias\/wp-json\/wp\/v2\/types\/post"}],"author":[{"embeddable":true,"href":"https:\/\/www.eldigitaldeasturias.com\/noticias\/wp-json\/wp\/v2\/users\/1"}],"replies":[{"embeddable":true,"href":"https:\/\/www.eldigitaldeasturias.com\/noticias\/wp-json\/wp\/v2\/comments?post=3182"}],"version-history":[{"count":0,"href":"https:\/\/www.eldigitaldeasturias.com\/noticias\/wp-json\/wp\/v2\/posts\/3182\/revisions"}],"wp:featuredmedia":[{"embeddable":true,"href":"https:\/\/www.eldigitaldeasturias.com\/noticias\/wp-json\/"}],"wp:attachment":[{"href":"https:\/\/www.eldigitaldeasturias.com\/noticias\/wp-json\/wp\/v2\/media?parent=3182"}],"wp:term":[{"taxonomy":"category","embeddable":true,"href":"https:\/\/www.eldigitaldeasturias.com\/noticias\/wp-json\/wp\/v2\/categories?post=3182"},{"taxonomy":"post_tag","embeddable":true,"href":"https:\/\/www.eldigitaldeasturias.com\/noticias\/wp-json\/wp\/v2\/tags?post=3182"}],"curies":[{"name":"wp","href":"https:\/\/api.w.org\/{rel}","templated":true}]}}