{"id":3179,"date":"2013-09-25T21:10:19","date_gmt":"2013-09-25T21:10:19","guid":{"rendered":"http:\/\/www.eldigitaldeasturias.com\/noticias\/?p=3179"},"modified":"2013-09-25T21:10:19","modified_gmt":"2013-09-25T21:10:19","slug":"vin-diesel-lanza-la-primera-imagen-de-kurt-russell-en-fast-furious-7","status":"publish","type":"post","link":"https:\/\/www.eldigitaldeasturias.com\/noticias\/vin-diesel-lanza-la-primera-imagen-de-kurt-russell-en-fast-furious-7\/","title":{"rendered":"Vin Diesel lanza la primera imagen de Kurt Russell en &#8216;Fast &#038; Furious 7&#8217;"},"content":{"rendered":"<p><img loading=\"lazy\" decoding=\"async\" class=\"alignleft size-medium wp-image-3180\" alt=\"fotonoticia_20130925130431_800\" src=\"https:\/\/www.eldigitaldeasturias.com\/noticias\/wp-content\/uploads\/2013\/09\/fotonoticia_20130925130431_800-360x239.jpg\" width=\"360\" height=\"239\" \/>MADRID, 25 Sep. (EUROPA PRESS) &#8211;\u00a0Tras semanas de rumores, se terminaron las dudas: Kurt Russell estar\u00e1 en &#8216;Fast &amp; Furious 7&#8217;. El encargado de despejar definitivamente cualquier inc\u00f3gnita ha sido ni m\u00e1s ni menos que Vin Diesel.<\/p>\n<p>El protagonista de Riddick, de nuevo a trav\u00e9s de su p\u00e1gina de Facebook, ha lanzado la primera imagen del veterano Russell en el set de rodaje de la nueva entrega de hipertaquillera franquicia de Universal.<\/p>\n<p>\u00abKurt Russell, un gran honor trabajar con \u00e9l\u00bb, con este pie de foto ha publicado Diesel la imagen en la que aparece \u00e9l en el centro (y trajeado) flanqueado por el otro protagonista de la saga Paul Walker, y uno de los grandes fichajes, el veterano Kurt Russell.<\/p>\n<p>Ellos, junto a Dwayne &#8216;The Rock&#8217; Johnson, vuelven a protagonizar la nueva entrega de la saga que contar\u00e1 con otras caras nuevas bastante conocidas como las de Ronda Rousey (The Expendables 3), Jason Statham (Transporter) y Djimon Hounsou (Gladiator).<\/p>\n<p>Y no ser\u00e1n las \u00fanicas novedades de la s\u00e9ptima entrega. En esta ocasi\u00f3n James Wan ser\u00e1 quien conduzca, nunca mejor dicho, los destinos de la franquicia. El creador de la saga Saw, y director de la primera entrega y de otras cintas de terror como las dos entregas de Insidious o Silencio desde el mal, toma el testigo de Justin Lin, director de las \u00faltimas cuatro pel\u00edculas de la franquicia automovil\u00edstica.<\/p>\n<p>La anterior entrega de la saga amas\u00f3 casi 800 millones de d\u00f3lares en taquilla que hay que sumar a los m\u00e1s de 1.550 millones d\u00f3lares que amasaron las cinco primeras pel\u00edculas.<\/p>\n<p>Fast &amp; Furious 7, cuya historia volver\u00e1 a desarrollarse en Los Angeles como su primera pel\u00edcula, se estrenar\u00e1 en julio del pr\u00f3ximo a\u00f1o.<\/p>\n","protected":false},"excerpt":{"rendered":"<p>MADRID, 25 Sep. (EUROPA PRESS) &#8211;\u00a0Tras semanas de rumores, se terminaron las dudas: Kurt Russell estar\u00e1 en &#8216;Fast &amp; Furious 7&#8217;. El encargado de despejar definitivamente cualquier inc\u00f3gnita ha sido ni m\u00e1s ni menos que Vin Diesel. El protagonista de Riddick, de nuevo a trav\u00e9s de su p\u00e1gina de Facebook, ha lanzado la primera imagen [&hellip;]<\/p>\n","protected":false},"author":1,"featured_media":3180,"comment_status":"open","ping_status":"open","sticky":false,"template":"","format":"standard","meta":{"footnotes":""},"categories":[50],"tags":[],"class_list":["post-3179","post","type-post","status-publish","format-standard","has-post-thumbnail","hentry","category-revista-de-ocio"],"aioseo_notices":[],"aioseo_head":"\n\t\t<!-- All in One SEO Pro 4.9.6.2 - aioseo.com -->\n\t<meta name=\"description\" content=\"MADRID, 25 Sep. (EUROPA PRESS) - Tras semanas de rumores, se terminaron las dudas: Kurt Russell estar\u00e1 en &#039;Fast &amp; Furious 7&#039;. El encargado de despejar definitivamente cualquier inc\u00f3gnita ha sido ni m\u00e1s ni menos que Vin Diesel. El protagonista de Riddick, de nuevo a trav\u00e9s de su p\u00e1gina de Facebook, ha lanzado la primera imagen\" \/>\n\t<meta name=\"robots\" content=\"max-image-preview:large\" \/>\n\t<meta name=\"author\" content=\"El Digital de Asturias\"\/>\n\t<meta name=\"google-site-verification\" content=\"UA-38556648-1\" \/>\n\t<meta name=\"msvalidate.01\" content=\"7dfe9f3f1b24437ab69f4f2559babe99\" \/>\n\t<meta name=\"keywords\" content=\"revista de ocio\" \/>\n\t<link rel=\"canonical\" href=\"https:\/\/www.eldigitaldeasturias.com\/noticias\/vin-diesel-lanza-la-primera-imagen-de-kurt-russell-en-fast-furious-7\/\" \/>\n\t<meta name=\"generator\" content=\"All in One SEO Pro (AIOSEO) 4.9.6.2\" \/>\n\t\t<meta property=\"og:locale\" content=\"es_ES\" \/>\n\t\t<meta property=\"og:site_name\" content=\"El Digital de Asturias\" \/>\n\t\t<meta property=\"og:type\" content=\"article\" \/>\n\t\t<meta property=\"og:title\" content=\"Vin Diesel lanza la primera imagen de Kurt Russell en \u2018Fast &amp; Furious 7\u2019 - El Digital de Asturias\" \/>\n\t\t<meta property=\"og:description\" content=\"MADRID, 25 Sep. (EUROPA PRESS) - Tras semanas de rumores, se terminaron las dudas: Kurt Russell estar\u00e1 en &#039;Fast &amp; Furious 7&#039;. El encargado de despejar definitivamente cualquier inc\u00f3gnita ha sido ni m\u00e1s ni menos que Vin Diesel. El protagonista de Riddick, de nuevo a trav\u00e9s de su p\u00e1gina de Facebook, ha lanzado la primera imagen\" \/>\n\t\t<meta property=\"og:url\" content=\"https:\/\/www.eldigitaldeasturias.com\/noticias\/vin-diesel-lanza-la-primera-imagen-de-kurt-russell-en-fast-furious-7\/\" \/>\n\t\t<meta property=\"article:tag\" content=\"revista de ocio\" \/>\n\t\t<meta property=\"article:published_time\" content=\"2013-09-25T21:10:19+00:00\" \/>\n\t\t<meta property=\"article:modified_time\" content=\"2013-09-25T21:10:19+00:00\" \/>\n\t\t<meta property=\"article:publisher\" content=\"https:\/\/facebook.com\/eldigitaldeasturias\" \/>\n\t\t<meta name=\"twitter:card\" content=\"summary_large_image\" \/>\n\t\t<meta name=\"twitter:title\" content=\"Vin Diesel lanza la primera imagen de Kurt Russell en \u2018Fast &amp; Furious 7\u2019 - El Digital de Asturias\" \/>\n\t\t<meta name=\"twitter:description\" content=\"MADRID, 25 Sep. (EUROPA PRESS) - Tras semanas de rumores, se terminaron las dudas: Kurt Russell estar\u00e1 en &#039;Fast &amp; Furious 7&#039;. El encargado de despejar definitivamente cualquier inc\u00f3gnita ha sido ni m\u00e1s ni menos que Vin Diesel. El protagonista de Riddick, de nuevo a trav\u00e9s de su p\u00e1gina de Facebook, ha lanzado la primera imagen\" \/>\n\t\t<meta name=\"twitter:label1\" content=\"Escrito por\" \/>\n\t\t<meta name=\"twitter:data1\" content=\"El Digital de Asturias\" \/>\n\t\t<meta name=\"twitter:label2\" content=\"Tiempo de lectura estimado\" \/>\n\t\t<meta name=\"twitter:data2\" content=\"1 minuto\" \/>\n\t\t<script type=\"application\/ld+json\" class=\"aioseo-schema\">\n\t\t\t{\"@context\":\"https:\\\/\\\/schema.org\",\"@graph\":[{\"@type\":\"BlogPosting\",\"@id\":\"https:\\\/\\\/www.eldigitaldeasturias.com\\\/noticias\\\/vin-diesel-lanza-la-primera-imagen-de-kurt-russell-en-fast-furious-7\\\/#blogposting\",\"name\":\"Vin Diesel lanza la primera imagen de Kurt Russell en \\u2018Fast & Furious 7\\u2019 - El Digital de Asturias\",\"headline\":\"Vin Diesel lanza la primera imagen de Kurt Russell en &#8216;Fast &#038; Furious 7&#8217;\",\"author\":{\"@id\":\"https:\\\/\\\/www.eldigitaldeasturias.com\\\/noticias\\\/author\\\/admin\\\/#author\"},\"publisher\":{\"@id\":\"https:\\\/\\\/www.eldigitaldeasturias.com\\\/noticias\\\/#organization\"},\"image\":{\"@type\":\"ImageObject\",\"url\":3180},\"datePublished\":\"2013-09-25T21:10:19+02:00\",\"dateModified\":\"2013-09-25T21:10:19+02:00\",\"inLanguage\":\"es-ES\",\"mainEntityOfPage\":{\"@id\":\"https:\\\/\\\/www.eldigitaldeasturias.com\\\/noticias\\\/vin-diesel-lanza-la-primera-imagen-de-kurt-russell-en-fast-furious-7\\\/#webpage\"},\"isPartOf\":{\"@id\":\"https:\\\/\\\/www.eldigitaldeasturias.com\\\/noticias\\\/vin-diesel-lanza-la-primera-imagen-de-kurt-russell-en-fast-furious-7\\\/#webpage\"},\"articleSection\":\"Revista de Ocio\"},{\"@type\":\"BreadcrumbList\",\"@id\":\"https:\\\/\\\/www.eldigitaldeasturias.com\\\/noticias\\\/vin-diesel-lanza-la-primera-imagen-de-kurt-russell-en-fast-furious-7\\\/#breadcrumblist\",\"itemListElement\":[{\"@type\":\"ListItem\",\"@id\":\"https:\\\/\\\/www.eldigitaldeasturias.com\\\/noticias#listItem\",\"position\":1,\"name\":\"Home\",\"item\":\"https:\\\/\\\/www.eldigitaldeasturias.com\\\/noticias\",\"nextItem\":{\"@type\":\"ListItem\",\"@id\":\"https:\\\/\\\/www.eldigitaldeasturias.com\\\/noticias\\\/category\\\/revista-de-ocio\\\/#listItem\",\"name\":\"Revista de Ocio\"}},{\"@type\":\"ListItem\",\"@id\":\"https:\\\/\\\/www.eldigitaldeasturias.com\\\/noticias\\\/category\\\/revista-de-ocio\\\/#listItem\",\"position\":2,\"name\":\"Revista de Ocio\",\"item\":\"https:\\\/\\\/www.eldigitaldeasturias.com\\\/noticias\\\/category\\\/revista-de-ocio\\\/\",\"nextItem\":{\"@type\":\"ListItem\",\"@id\":\"https:\\\/\\\/www.eldigitaldeasturias.com\\\/noticias\\\/vin-diesel-lanza-la-primera-imagen-de-kurt-russell-en-fast-furious-7\\\/#listItem\",\"name\":\"Vin Diesel lanza la primera imagen de Kurt Russell en &#8216;Fast &#038; Furious 7&#8217;\"},\"previousItem\":{\"@type\":\"ListItem\",\"@id\":\"https:\\\/\\\/www.eldigitaldeasturias.com\\\/noticias#listItem\",\"name\":\"Home\"}},{\"@type\":\"ListItem\",\"@id\":\"https:\\\/\\\/www.eldigitaldeasturias.com\\\/noticias\\\/vin-diesel-lanza-la-primera-imagen-de-kurt-russell-en-fast-furious-7\\\/#listItem\",\"position\":3,\"name\":\"Vin Diesel lanza la primera imagen de Kurt Russell en &#8216;Fast &#038; Furious 7&#8217;\",\"previousItem\":{\"@type\":\"ListItem\",\"@id\":\"https:\\\/\\\/www.eldigitaldeasturias.com\\\/noticias\\\/category\\\/revista-de-ocio\\\/#listItem\",\"name\":\"Revista de Ocio\"}}]},{\"@type\":\"Organization\",\"@id\":\"https:\\\/\\\/www.eldigitaldeasturias.com\\\/noticias\\\/#organization\",\"name\":\"El Digital de Asturias\",\"description\":\"Hemeroteca\",\"url\":\"https:\\\/\\\/www.eldigitaldeasturias.com\\\/noticias\\\/\",\"email\":\"info@eldigitaldeasturias.com\",\"telephone\":\"+34652131393\",\"logo\":{\"@type\":\"ImageObject\",\"url\":\"https:\\\/\\\/www.eldigitaldeasturias.com\\\/noticias\\\/wp-content\\\/uploads\\\/2020\\\/12\\\/EDA.jpg\",\"@id\":\"https:\\\/\\\/www.eldigitaldeasturias.com\\\/noticias\\\/vin-diesel-lanza-la-primera-imagen-de-kurt-russell-en-fast-furious-7\\\/#organizationLogo\",\"width\":649,\"height\":297},\"image\":{\"@id\":\"https:\\\/\\\/www.eldigitaldeasturias.com\\\/noticias\\\/vin-diesel-lanza-la-primera-imagen-de-kurt-russell-en-fast-furious-7\\\/#organizationLogo\"},\"sameAs\":[\"https:\\\/\\\/facebook.com\\\/eldigitaldeasturias\",\"https:\\\/\\\/www.youtube.com\\\/channel\\\/UCZP-2wLEB9Rv6erhFmqVnvg\"],\"address\":{\"@id\":\"https:\\\/\\\/www.eldigitaldeasturias.com\\\/noticias\\\/#postaladdress\",\"@type\":\"PostalAddress\",\"streetAddress\":\"san antonio 4,\",\"postalCode\":\"33430\",\"addressLocality\":\"Cand\\u00e1s\",\"addressRegion\":\"Asturias\",\"addressCountry\":\"ES\"}},{\"@type\":\"Person\",\"@id\":\"https:\\\/\\\/www.eldigitaldeasturias.com\\\/noticias\\\/author\\\/admin\\\/#author\",\"url\":\"https:\\\/\\\/www.eldigitaldeasturias.com\\\/noticias\\\/author\\\/admin\\\/\",\"name\":\"El Digital de Asturias\",\"image\":{\"@type\":\"ImageObject\",\"@id\":\"https:\\\/\\\/www.eldigitaldeasturias.com\\\/noticias\\\/vin-diesel-lanza-la-primera-imagen-de-kurt-russell-en-fast-furious-7\\\/#authorImage\",\"url\":\"https:\\\/\\\/www.eldigitaldeasturias.com\\\/noticias\\\/wp-content\\\/litespeed\\\/avatar\\\/18677e78aa0546b92d9dbf31ec7d7668.jpg?ver=1777290358\",\"width\":96,\"height\":96,\"caption\":\"El Digital de Asturias\"}},{\"@type\":\"WebPage\",\"@id\":\"https:\\\/\\\/www.eldigitaldeasturias.com\\\/noticias\\\/vin-diesel-lanza-la-primera-imagen-de-kurt-russell-en-fast-furious-7\\\/#webpage\",\"url\":\"https:\\\/\\\/www.eldigitaldeasturias.com\\\/noticias\\\/vin-diesel-lanza-la-primera-imagen-de-kurt-russell-en-fast-furious-7\\\/\",\"name\":\"Vin Diesel lanza la primera imagen de Kurt Russell en \\u2018Fast & Furious 7\\u2019 - El Digital de Asturias\",\"description\":\"MADRID, 25 Sep. (EUROPA PRESS) - Tras semanas de rumores, se terminaron las dudas: Kurt Russell estar\\u00e1 en 'Fast & Furious 7'. El encargado de despejar definitivamente cualquier inc\\u00f3gnita ha sido ni m\\u00e1s ni menos que Vin Diesel. El protagonista de Riddick, de nuevo a trav\\u00e9s de su p\\u00e1gina de Facebook, ha lanzado la primera imagen\",\"inLanguage\":\"es-ES\",\"isPartOf\":{\"@id\":\"https:\\\/\\\/www.eldigitaldeasturias.com\\\/noticias\\\/#website\"},\"breadcrumb\":{\"@id\":\"https:\\\/\\\/www.eldigitaldeasturias.com\\\/noticias\\\/vin-diesel-lanza-la-primera-imagen-de-kurt-russell-en-fast-furious-7\\\/#breadcrumblist\"},\"author\":{\"@id\":\"https:\\\/\\\/www.eldigitaldeasturias.com\\\/noticias\\\/author\\\/admin\\\/#author\"},\"creator\":{\"@id\":\"https:\\\/\\\/www.eldigitaldeasturias.com\\\/noticias\\\/author\\\/admin\\\/#author\"},\"image\":{\"@type\":\"ImageObject\",\"url\":3180,\"@id\":\"https:\\\/\\\/www.eldigitaldeasturias.com\\\/noticias\\\/vin-diesel-lanza-la-primera-imagen-de-kurt-russell-en-fast-furious-7\\\/#mainImage\"},\"primaryImageOfPage\":{\"@id\":\"https:\\\/\\\/www.eldigitaldeasturias.com\\\/noticias\\\/vin-diesel-lanza-la-primera-imagen-de-kurt-russell-en-fast-furious-7\\\/#mainImage\"},\"datePublished\":\"2013-09-25T21:10:19+02:00\",\"dateModified\":\"2013-09-25T21:10:19+02:00\"},{\"@type\":\"WebSite\",\"@id\":\"https:\\\/\\\/www.eldigitaldeasturias.com\\\/noticias\\\/#website\",\"url\":\"https:\\\/\\\/www.eldigitaldeasturias.com\\\/noticias\\\/\",\"name\":\"El Digital de Asturias - Diario de actualidad y noticias\",\"alternateName\":\"El Digital de Asturias - Diario de actualidad y noticias\",\"description\":\"Hemeroteca\",\"inLanguage\":\"es-ES\",\"publisher\":{\"@id\":\"https:\\\/\\\/www.eldigitaldeasturias.com\\\/noticias\\\/#organization\"}}]}\n\t\t<\/script>\n\t\t<!-- All in One SEO Pro -->\r\n\t\t<title>Vin Diesel lanza la primera imagen de Kurt Russell en \u2018Fast &amp; Furious 7\u2019 - El Digital de Asturias<\/title>\n\n","aioseo_head_json":{"title":"Vin Diesel lanza la primera imagen de Kurt Russell en \u2018Fast & Furious 7\u2019 - El Digital de Asturias","description":"MADRID, 25 Sep. (EUROPA PRESS) - Tras semanas de rumores, se terminaron las dudas: Kurt Russell estar\u00e1 en 'Fast & Furious 7'. El encargado de despejar definitivamente cualquier inc\u00f3gnita ha sido ni m\u00e1s ni menos que Vin Diesel. El protagonista de Riddick, de nuevo a trav\u00e9s de su p\u00e1gina de Facebook, ha lanzado la primera imagen","canonical_url":"https:\/\/www.eldigitaldeasturias.com\/noticias\/vin-diesel-lanza-la-primera-imagen-de-kurt-russell-en-fast-furious-7\/","robots":"max-image-preview:large","keywords":"revista de ocio","webmasterTools":{"google-site-verification":"UA-38556648-1","msvalidate.01":"7dfe9f3f1b24437ab69f4f2559babe99","miscellaneous":""},"schema":{"@context":"https:\/\/schema.org","@graph":[{"@type":"BlogPosting","@id":"https:\/\/www.eldigitaldeasturias.com\/noticias\/vin-diesel-lanza-la-primera-imagen-de-kurt-russell-en-fast-furious-7\/#blogposting","name":"Vin Diesel lanza la primera imagen de Kurt Russell en \u2018Fast & Furious 7\u2019 - El Digital de Asturias","headline":"Vin Diesel lanza la primera imagen de Kurt Russell en &#8216;Fast &#038; Furious 7&#8217;","author":{"@id":"https:\/\/www.eldigitaldeasturias.com\/noticias\/author\/admin\/#author"},"publisher":{"@id":"https:\/\/www.eldigitaldeasturias.com\/noticias\/#organization"},"image":{"@type":"ImageObject","url":3180},"datePublished":"2013-09-25T21:10:19+02:00","dateModified":"2013-09-25T21:10:19+02:00","inLanguage":"es-ES","mainEntityOfPage":{"@id":"https:\/\/www.eldigitaldeasturias.com\/noticias\/vin-diesel-lanza-la-primera-imagen-de-kurt-russell-en-fast-furious-7\/#webpage"},"isPartOf":{"@id":"https:\/\/www.eldigitaldeasturias.com\/noticias\/vin-diesel-lanza-la-primera-imagen-de-kurt-russell-en-fast-furious-7\/#webpage"},"articleSection":"Revista de Ocio"},{"@type":"BreadcrumbList","@id":"https:\/\/www.eldigitaldeasturias.com\/noticias\/vin-diesel-lanza-la-primera-imagen-de-kurt-russell-en-fast-furious-7\/#breadcrumblist","itemListElement":[{"@type":"ListItem","@id":"https:\/\/www.eldigitaldeasturias.com\/noticias#listItem","position":1,"name":"Home","item":"https:\/\/www.eldigitaldeasturias.com\/noticias","nextItem":{"@type":"ListItem","@id":"https:\/\/www.eldigitaldeasturias.com\/noticias\/category\/revista-de-ocio\/#listItem","name":"Revista de Ocio"}},{"@type":"ListItem","@id":"https:\/\/www.eldigitaldeasturias.com\/noticias\/category\/revista-de-ocio\/#listItem","position":2,"name":"Revista de Ocio","item":"https:\/\/www.eldigitaldeasturias.com\/noticias\/category\/revista-de-ocio\/","nextItem":{"@type":"ListItem","@id":"https:\/\/www.eldigitaldeasturias.com\/noticias\/vin-diesel-lanza-la-primera-imagen-de-kurt-russell-en-fast-furious-7\/#listItem","name":"Vin Diesel lanza la primera imagen de Kurt Russell en &#8216;Fast &#038; Furious 7&#8217;"},"previousItem":{"@type":"ListItem","@id":"https:\/\/www.eldigitaldeasturias.com\/noticias#listItem","name":"Home"}},{"@type":"ListItem","@id":"https:\/\/www.eldigitaldeasturias.com\/noticias\/vin-diesel-lanza-la-primera-imagen-de-kurt-russell-en-fast-furious-7\/#listItem","position":3,"name":"Vin Diesel lanza la primera imagen de Kurt Russell en &#8216;Fast &#038; Furious 7&#8217;","previousItem":{"@type":"ListItem","@id":"https:\/\/www.eldigitaldeasturias.com\/noticias\/category\/revista-de-ocio\/#listItem","name":"Revista de Ocio"}}]},{"@type":"Organization","@id":"https:\/\/www.eldigitaldeasturias.com\/noticias\/#organization","name":"El Digital de Asturias","description":"Hemeroteca","url":"https:\/\/www.eldigitaldeasturias.com\/noticias\/","email":"info@eldigitaldeasturias.com","telephone":"+34652131393","logo":{"@type":"ImageObject","url":"https:\/\/www.eldigitaldeasturias.com\/noticias\/wp-content\/uploads\/2020\/12\/EDA.jpg","@id":"https:\/\/www.eldigitaldeasturias.com\/noticias\/vin-diesel-lanza-la-primera-imagen-de-kurt-russell-en-fast-furious-7\/#organizationLogo","width":649,"height":297},"image":{"@id":"https:\/\/www.eldigitaldeasturias.com\/noticias\/vin-diesel-lanza-la-primera-imagen-de-kurt-russell-en-fast-furious-7\/#organizationLogo"},"sameAs":["https:\/\/facebook.com\/eldigitaldeasturias","https:\/\/www.youtube.com\/channel\/UCZP-2wLEB9Rv6erhFmqVnvg"],"address":{"@id":"https:\/\/www.eldigitaldeasturias.com\/noticias\/#postaladdress","@type":"PostalAddress","streetAddress":"san antonio 4,","postalCode":"33430","addressLocality":"Cand\u00e1s","addressRegion":"Asturias","addressCountry":"ES"}},{"@type":"Person","@id":"https:\/\/www.eldigitaldeasturias.com\/noticias\/author\/admin\/#author","url":"https:\/\/www.eldigitaldeasturias.com\/noticias\/author\/admin\/","name":"El Digital de Asturias","image":{"@type":"ImageObject","@id":"https:\/\/www.eldigitaldeasturias.com\/noticias\/vin-diesel-lanza-la-primera-imagen-de-kurt-russell-en-fast-furious-7\/#authorImage","url":"https:\/\/www.eldigitaldeasturias.com\/noticias\/wp-content\/litespeed\/avatar\/18677e78aa0546b92d9dbf31ec7d7668.jpg?ver=1777290358","width":96,"height":96,"caption":"El Digital de Asturias"}},{"@type":"WebPage","@id":"https:\/\/www.eldigitaldeasturias.com\/noticias\/vin-diesel-lanza-la-primera-imagen-de-kurt-russell-en-fast-furious-7\/#webpage","url":"https:\/\/www.eldigitaldeasturias.com\/noticias\/vin-diesel-lanza-la-primera-imagen-de-kurt-russell-en-fast-furious-7\/","name":"Vin Diesel lanza la primera imagen de Kurt Russell en \u2018Fast & Furious 7\u2019 - El Digital de Asturias","description":"MADRID, 25 Sep. (EUROPA PRESS) - Tras semanas de rumores, se terminaron las dudas: Kurt Russell estar\u00e1 en 'Fast & Furious 7'. El encargado de despejar definitivamente cualquier inc\u00f3gnita ha sido ni m\u00e1s ni menos que Vin Diesel. El protagonista de Riddick, de nuevo a trav\u00e9s de su p\u00e1gina de Facebook, ha lanzado la primera imagen","inLanguage":"es-ES","isPartOf":{"@id":"https:\/\/www.eldigitaldeasturias.com\/noticias\/#website"},"breadcrumb":{"@id":"https:\/\/www.eldigitaldeasturias.com\/noticias\/vin-diesel-lanza-la-primera-imagen-de-kurt-russell-en-fast-furious-7\/#breadcrumblist"},"author":{"@id":"https:\/\/www.eldigitaldeasturias.com\/noticias\/author\/admin\/#author"},"creator":{"@id":"https:\/\/www.eldigitaldeasturias.com\/noticias\/author\/admin\/#author"},"image":{"@type":"ImageObject","url":3180,"@id":"https:\/\/www.eldigitaldeasturias.com\/noticias\/vin-diesel-lanza-la-primera-imagen-de-kurt-russell-en-fast-furious-7\/#mainImage"},"primaryImageOfPage":{"@id":"https:\/\/www.eldigitaldeasturias.com\/noticias\/vin-diesel-lanza-la-primera-imagen-de-kurt-russell-en-fast-furious-7\/#mainImage"},"datePublished":"2013-09-25T21:10:19+02:00","dateModified":"2013-09-25T21:10:19+02:00"},{"@type":"WebSite","@id":"https:\/\/www.eldigitaldeasturias.com\/noticias\/#website","url":"https:\/\/www.eldigitaldeasturias.com\/noticias\/","name":"El Digital de Asturias - Diario de actualidad y noticias","alternateName":"El Digital de Asturias - Diario de actualidad y noticias","description":"Hemeroteca","inLanguage":"es-ES","publisher":{"@id":"https:\/\/www.eldigitaldeasturias.com\/noticias\/#organization"}}]},"og:locale":"es_ES","og:site_name":"El Digital de Asturias","og:type":"article","og:title":"Vin Diesel lanza la primera imagen de Kurt Russell en \u2018Fast &amp; Furious 7\u2019 - El Digital de Asturias","og:description":"MADRID, 25 Sep. (EUROPA PRESS) - Tras semanas de rumores, se terminaron las dudas: Kurt Russell estar\u00e1 en 'Fast &amp; Furious 7'. El encargado de despejar definitivamente cualquier inc\u00f3gnita ha sido ni m\u00e1s ni menos que Vin Diesel. El protagonista de Riddick, de nuevo a trav\u00e9s de su p\u00e1gina de Facebook, ha lanzado la primera imagen","og:url":"https:\/\/www.eldigitaldeasturias.com\/noticias\/vin-diesel-lanza-la-primera-imagen-de-kurt-russell-en-fast-furious-7\/","article:tag":["revista de ocio"],"article:published_time":"2013-09-25T21:10:19+00:00","article:modified_time":"2013-09-25T21:10:19+00:00","article:publisher":"https:\/\/facebook.com\/eldigitaldeasturias","twitter:card":"summary_large_image","twitter:title":"Vin Diesel lanza la primera imagen de Kurt Russell en \u2018Fast &amp; Furious 7\u2019 - El Digital de Asturias","twitter:description":"MADRID, 25 Sep. (EUROPA PRESS) - Tras semanas de rumores, se terminaron las dudas: Kurt Russell estar\u00e1 en 'Fast &amp; Furious 7'. El encargado de despejar definitivamente cualquier inc\u00f3gnita ha sido ni m\u00e1s ni menos que Vin Diesel. El protagonista de Riddick, de nuevo a trav\u00e9s de su p\u00e1gina de Facebook, ha lanzado la primera imagen","twitter:label1":"Escrito por","twitter:data1":"El Digital de Asturias","twitter:label2":"Tiempo de lectura estimado","twitter:data2":"1 minuto"},"aioseo_meta_data":{"post_id":"3179","title":null,"description":null,"keywords":null,"keyphrases":null,"primary_term":null,"canonical_url":null,"og_title":null,"og_description":null,"og_object_type":"default","og_image_type":"default","og_image_url":null,"og_image_width":null,"og_image_height":null,"og_image_custom_url":null,"og_image_custom_fields":null,"og_video":null,"og_custom_url":null,"og_article_section":null,"og_article_tags":null,"twitter_use_og":true,"twitter_card":"default","twitter_image_type":"default","twitter_image_url":null,"twitter_image_custom_url":null,"twitter_image_custom_fields":null,"twitter_title":null,"twitter_description":null,"schema":{"blockGraphs":[],"customGraphs":[],"default":{"data":{"Article":[],"Course":[],"Dataset":[],"FAQPage":[],"Movie":[],"Person":[],"Product":[],"ProductReview":[],"Car":[],"Recipe":[],"Service":[],"SoftwareApplication":[],"WebPage":[]},"graphName":"","isEnabled":true},"graphs":[],"defaultGraph":"","defaultPostTypeGraph":""},"schema_type":null,"schema_type_options":null,"pillar_content":false,"robots_default":true,"robots_noindex":false,"robots_noarchive":false,"robots_nosnippet":false,"robots_nofollow":false,"robots_noimageindex":false,"robots_noodp":false,"robots_notranslate":false,"robots_max_snippet":null,"robots_max_videopreview":null,"robots_max_imagepreview":"none","priority":null,"frequency":null,"local_seo":null,"seo_analyzer_scan_date":"2025-08-21 05:56:46","breadcrumb_settings":null,"limit_modified_date":false,"open_ai":null,"ai":null,"created":"2020-11-14 22:37:04","updated":"2025-08-21 05:56:46"},"aioseo_breadcrumb":"<div class=\"aioseo-breadcrumbs\"><span class=\"aioseo-breadcrumb\">\n\t<a href=\"https:\/\/www.eldigitaldeasturias.com\/noticias\" title=\"Home\">Home<\/a>\n<\/span><span class=\"aioseo-breadcrumb-separator\">\u2013<\/span><span class=\"aioseo-breadcrumb\">\n\t<a href=\"https:\/\/www.eldigitaldeasturias.com\/noticias\/category\/revista-de-ocio\/\" title=\"Revista de Ocio\">Revista de Ocio<\/a>\n<\/span><span class=\"aioseo-breadcrumb-separator\">\u2013<\/span><span class=\"aioseo-breadcrumb\">\n\t<a href=\"https:\/\/www.eldigitaldeasturias.com\/noticias\/vin-diesel-lanza-la-primera-imagen-de-kurt-russell-en-fast-furious-7\/\" title=\"Vin Diesel lanza la primera imagen de Kurt Russell en \u2018Fast &amp; Furious 7\u2019\">Vin Diesel lanza la primera imagen de Kurt Russell en \u2018Fast &amp; Furious 7\u2019<\/a>\n<\/span><\/div>","aioseo_breadcrumb_json":[{"label":"Home","link":"https:\/\/www.eldigitaldeasturias.com\/noticias"},{"label":"Revista de Ocio","link":"https:\/\/www.eldigitaldeasturias.com\/noticias\/category\/revista-de-ocio\/"},{"label":"Vin Diesel lanza la primera imagen de Kurt Russell en &#8216;Fast &#038; Furious 7&#8217;","link":"https:\/\/www.eldigitaldeasturias.com\/noticias\/vin-diesel-lanza-la-primera-imagen-de-kurt-russell-en-fast-furious-7\/"}],"_links":{"self":[{"href":"https:\/\/www.eldigitaldeasturias.com\/noticias\/wp-json\/wp\/v2\/posts\/3179","targetHints":{"allow":["GET"]}}],"collection":[{"href":"https:\/\/www.eldigitaldeasturias.com\/noticias\/wp-json\/wp\/v2\/posts"}],"about":[{"href":"https:\/\/www.eldigitaldeasturias.com\/noticias\/wp-json\/wp\/v2\/types\/post"}],"author":[{"embeddable":true,"href":"https:\/\/www.eldigitaldeasturias.com\/noticias\/wp-json\/wp\/v2\/users\/1"}],"replies":[{"embeddable":true,"href":"https:\/\/www.eldigitaldeasturias.com\/noticias\/wp-json\/wp\/v2\/comments?post=3179"}],"version-history":[{"count":0,"href":"https:\/\/www.eldigitaldeasturias.com\/noticias\/wp-json\/wp\/v2\/posts\/3179\/revisions"}],"wp:featuredmedia":[{"embeddable":true,"href":"https:\/\/www.eldigitaldeasturias.com\/noticias\/wp-json\/"}],"wp:attachment":[{"href":"https:\/\/www.eldigitaldeasturias.com\/noticias\/wp-json\/wp\/v2\/media?parent=3179"}],"wp:term":[{"taxonomy":"category","embeddable":true,"href":"https:\/\/www.eldigitaldeasturias.com\/noticias\/wp-json\/wp\/v2\/categories?post=3179"},{"taxonomy":"post_tag","embeddable":true,"href":"https:\/\/www.eldigitaldeasturias.com\/noticias\/wp-json\/wp\/v2\/tags?post=3179"}],"curies":[{"name":"wp","href":"https:\/\/api.w.org\/{rel}","templated":true}]}}