{"id":3176,"date":"2013-09-25T21:07:58","date_gmt":"2013-09-25T21:07:58","guid":{"rendered":"http:\/\/www.eldigitaldeasturias.com\/noticias\/?p=3176"},"modified":"2013-09-25T21:07:58","modified_gmt":"2013-09-25T21:07:58","slug":"oliver-stone-soy-un-cineasta-con-alma-de-historiador","status":"publish","type":"post","link":"https:\/\/www.eldigitaldeasturias.com\/noticias\/oliver-stone-soy-un-cineasta-con-alma-de-historiador\/","title":{"rendered":"Oliver Stone: \u00abSoy un cineasta con alma de historiador\u00bb"},"content":{"rendered":"<p><img loading=\"lazy\" decoding=\"async\" class=\"alignleft size-medium wp-image-3177\" alt=\"fotonoticia_20130925121206_800\" src=\"https:\/\/www.eldigitaldeasturias.com\/noticias\/wp-content\/uploads\/2013\/09\/fotonoticia_20130925121206_800-360x240.jpg\" width=\"360\" height=\"240\" \/>MADRID, 25 Sep. (Reuters\/Ep) &#8211;\u00a0El director de cine estadounidense Oliver Stone se confes\u00f3 \u00abun cineasta con alma de historiador\u00bb tras la presentaci\u00f3n en el Festival Internacional de San Sebasti\u00e1n del documental &#8216;La Historia no contada de Estados Unidos&#8217;, donde revisa los \u00faltimos 60 a\u00f1os de la historia de su pa\u00eds.<\/p>\n<p>\u00abDespu\u00e9s de 17 largometrajes, mi vida hab\u00eda llegado a un momento en el que, inspirado por George Bush, quise hacer un intento por entender el pa\u00eds donde nac\u00ed\u00bb, dijo en su comparecencia ante los medios en el palacio del Kursaal de San Sebasti\u00e1n.<\/p>\n<p>Stone, que en 2012 recibi\u00f3 el premio Donostia por su carrera, explic\u00f3 que su \u00faltimo trabajo, que se podr\u00e1 ver tambi\u00e9n en las televisiones de Espa\u00f1a, busca entender las razones por las que Estados Unidos se ha convertido en un imperio. \u00abNo creo que un largometraje fuera suficiente para poder responder a esta pregunta\u00bb, apunt\u00f3.<\/p>\n<p>La cinta, \u00abun documental puro\u00bb desde la Segunda Guerra Mundial a la era Obama elaborado solo con material de archivo y sin entrevistas, no entra en teor\u00edas conspirativas para narrar el 11-S o el asesinato de Kennedy porque las conspiraciones, seg\u00fan el realizador, \u00abson interesantes, tienen suficiente dramatismo para un largometraje, pero este documental es otra cosa\u00bb.<\/p>\n<p>\u00abQueremos ver los patrones importantes del poder, conocer el por qu\u00e9 y el c\u00f3mo Estados Unidos se convirti\u00f3 en un Imperio\u00bb, a\u00f1adi\u00f3.<\/p>\n<p>Stone hizo varias alusiones a las \u00abiron\u00edas de la Historia\u00bb poniendo como ejemplo la hu\u00edda del ext\u00e9cnico de la CIA, Edward Snowden, a Rusia porque \u00aben 1945 seguro que se escapar\u00eda de Rusia y buscar\u00eda refugio en EEUU\u00bb, o como la Alemania actual \u00abcontrola Europa y se ha resarcido de la Segunda Guerra Mundial\u00bb. \u00abTodo es una iron\u00eda, todo va y vuelve\u00bb, insisti\u00f3.<\/p>\n<p>El cineasta defini\u00f3 al presidente estadounidense Barack Obama como un \u00abintegrante de un sistema de Gobierno que ha perdido el control\u00bb, se mostr\u00f3 convencido de que acabar\u00e1 por decidir un ataque contra Siria y asegur\u00f3 que su pa\u00eds es \u00abcomo el Imperio romano. Podemos hacer lo que queramos, porque controlamos el espacio, la tierra, el mar, el aire, el ciberespacio. No es una tiran\u00eda, pero lo parece\u00bb.<\/p>\n<p>Educaci\u00f3n, concienciaci\u00f3n y pacificaci\u00f3n son, a su juicio, las claves para la aparici\u00f3n de una nueva conciencia. \u00abAunque a veces los pacificadores deban sacrificarse como lo hicieron Martin Luther King o Kennedy\u00bb, dijo.<\/p>\n<p>Adem\u00e1s del documental &#8216;La Historia no contada de Estados Unidos&#8217;, Oliver Stone presenta en San Sebasti\u00e1n un nuevo montaje de su pel\u00edcula &#8216;Alejandro Magno&#8217; diez a\u00f1os despu\u00e9s de su estreno. Entonces, dijo el cineasta, debi\u00f3 editarla con demasiada rapidez y reducir en exceso el metraje.<\/p>\n<p>\u00abUna pel\u00edcula como Alejandro no se puede hacer por debajo de 3 horas. Dura 3 horas y media y ha quedado incre\u00edble. El a\u00f1o que viene se estrena en Estados Unidos\u00bb, dijo un entusiasmado Stone.<\/p>\n","protected":false},"excerpt":{"rendered":"<p>MADRID, 25 Sep. (Reuters\/Ep) &#8211;\u00a0El director de cine estadounidense Oliver Stone se confes\u00f3 \u00abun cineasta con alma de historiador\u00bb tras la presentaci\u00f3n en el Festival Internacional de San Sebasti\u00e1n del documental &#8216;La Historia no contada de Estados Unidos&#8217;, donde revisa los \u00faltimos 60 a\u00f1os de la historia de su pa\u00eds. \u00abDespu\u00e9s de 17 largometrajes, mi [&hellip;]<\/p>\n","protected":false},"author":1,"featured_media":3177,"comment_status":"open","ping_status":"open","sticky":false,"template":"","format":"standard","meta":{"footnotes":""},"categories":[50],"tags":[],"class_list":["post-3176","post","type-post","status-publish","format-standard","has-post-thumbnail","hentry","category-revista-de-ocio"],"aioseo_notices":[],"aioseo_head":"\n\t\t<!-- All in One SEO Pro 4.9.6.2 - aioseo.com -->\n\t<meta name=\"description\" content=\"MADRID, 25 Sep. (Reuters\/Ep) - El director de cine estadounidense Oliver Stone se confes\u00f3 &quot;un cineasta con alma de historiador&quot; tras la presentaci\u00f3n en el Festival Internacional de San Sebasti\u00e1n del documental &#039;La Historia no contada de Estados Unidos&#039;, donde revisa los \u00faltimos 60 a\u00f1os de la historia de su pa\u00eds. &quot;Despu\u00e9s de 17 largometrajes, mi\" \/>\n\t<meta name=\"robots\" content=\"max-image-preview:large\" \/>\n\t<meta name=\"author\" content=\"El Digital de Asturias\"\/>\n\t<meta name=\"google-site-verification\" content=\"UA-38556648-1\" \/>\n\t<meta name=\"msvalidate.01\" content=\"7dfe9f3f1b24437ab69f4f2559babe99\" \/>\n\t<meta name=\"keywords\" content=\"revista de ocio\" \/>\n\t<link rel=\"canonical\" href=\"https:\/\/www.eldigitaldeasturias.com\/noticias\/oliver-stone-soy-un-cineasta-con-alma-de-historiador\/\" \/>\n\t<meta name=\"generator\" content=\"All in One SEO Pro (AIOSEO) 4.9.6.2\" \/>\n\t\t<meta property=\"og:locale\" content=\"es_ES\" \/>\n\t\t<meta property=\"og:site_name\" content=\"El Digital de Asturias\" \/>\n\t\t<meta property=\"og:type\" content=\"article\" \/>\n\t\t<meta property=\"og:title\" content=\"Oliver Stone: \u00abSoy un cineasta con alma de historiador\u00bb - El Digital de Asturias\" \/>\n\t\t<meta property=\"og:description\" content=\"MADRID, 25 Sep. (Reuters\/Ep) - El director de cine estadounidense Oliver Stone se confes\u00f3 &quot;un cineasta con alma de historiador&quot; tras la presentaci\u00f3n en el Festival Internacional de San Sebasti\u00e1n del documental &#039;La Historia no contada de Estados Unidos&#039;, donde revisa los \u00faltimos 60 a\u00f1os de la historia de su pa\u00eds. &quot;Despu\u00e9s de 17 largometrajes, mi\" \/>\n\t\t<meta property=\"og:url\" content=\"https:\/\/www.eldigitaldeasturias.com\/noticias\/oliver-stone-soy-un-cineasta-con-alma-de-historiador\/\" \/>\n\t\t<meta property=\"article:tag\" content=\"revista de ocio\" \/>\n\t\t<meta property=\"article:published_time\" content=\"2013-09-25T21:07:58+00:00\" \/>\n\t\t<meta property=\"article:modified_time\" content=\"2013-09-25T21:07:58+00:00\" \/>\n\t\t<meta property=\"article:publisher\" content=\"https:\/\/facebook.com\/eldigitaldeasturias\" \/>\n\t\t<meta name=\"twitter:card\" content=\"summary_large_image\" \/>\n\t\t<meta name=\"twitter:title\" content=\"Oliver Stone: \u00abSoy un cineasta con alma de historiador\u00bb - El Digital de Asturias\" \/>\n\t\t<meta name=\"twitter:description\" content=\"MADRID, 25 Sep. (Reuters\/Ep) - El director de cine estadounidense Oliver Stone se confes\u00f3 &quot;un cineasta con alma de historiador&quot; tras la presentaci\u00f3n en el Festival Internacional de San Sebasti\u00e1n del documental &#039;La Historia no contada de Estados Unidos&#039;, donde revisa los \u00faltimos 60 a\u00f1os de la historia de su pa\u00eds. &quot;Despu\u00e9s de 17 largometrajes, mi\" \/>\n\t\t<meta name=\"twitter:label1\" content=\"Escrito por\" \/>\n\t\t<meta name=\"twitter:data1\" content=\"El Digital de Asturias\" \/>\n\t\t<meta name=\"twitter:label2\" content=\"Tiempo de lectura estimado\" \/>\n\t\t<meta name=\"twitter:data2\" content=\"2 minutos\" \/>\n\t\t<script type=\"application\/ld+json\" class=\"aioseo-schema\">\n\t\t\t{\"@context\":\"https:\\\/\\\/schema.org\",\"@graph\":[{\"@type\":\"BlogPosting\",\"@id\":\"https:\\\/\\\/www.eldigitaldeasturias.com\\\/noticias\\\/oliver-stone-soy-un-cineasta-con-alma-de-historiador\\\/#blogposting\",\"name\":\"Oliver Stone: \\u00abSoy un cineasta con alma de historiador\\u00bb - El Digital de Asturias\",\"headline\":\"Oliver Stone: \\u00abSoy un cineasta con alma de historiador\\u00bb\",\"author\":{\"@id\":\"https:\\\/\\\/www.eldigitaldeasturias.com\\\/noticias\\\/author\\\/admin\\\/#author\"},\"publisher\":{\"@id\":\"https:\\\/\\\/www.eldigitaldeasturias.com\\\/noticias\\\/#organization\"},\"image\":{\"@type\":\"ImageObject\",\"url\":3177},\"datePublished\":\"2013-09-25T21:07:58+02:00\",\"dateModified\":\"2013-09-25T21:07:58+02:00\",\"inLanguage\":\"es-ES\",\"mainEntityOfPage\":{\"@id\":\"https:\\\/\\\/www.eldigitaldeasturias.com\\\/noticias\\\/oliver-stone-soy-un-cineasta-con-alma-de-historiador\\\/#webpage\"},\"isPartOf\":{\"@id\":\"https:\\\/\\\/www.eldigitaldeasturias.com\\\/noticias\\\/oliver-stone-soy-un-cineasta-con-alma-de-historiador\\\/#webpage\"},\"articleSection\":\"Revista de Ocio\"},{\"@type\":\"BreadcrumbList\",\"@id\":\"https:\\\/\\\/www.eldigitaldeasturias.com\\\/noticias\\\/oliver-stone-soy-un-cineasta-con-alma-de-historiador\\\/#breadcrumblist\",\"itemListElement\":[{\"@type\":\"ListItem\",\"@id\":\"https:\\\/\\\/www.eldigitaldeasturias.com\\\/noticias#listItem\",\"position\":1,\"name\":\"Home\",\"item\":\"https:\\\/\\\/www.eldigitaldeasturias.com\\\/noticias\",\"nextItem\":{\"@type\":\"ListItem\",\"@id\":\"https:\\\/\\\/www.eldigitaldeasturias.com\\\/noticias\\\/category\\\/revista-de-ocio\\\/#listItem\",\"name\":\"Revista de Ocio\"}},{\"@type\":\"ListItem\",\"@id\":\"https:\\\/\\\/www.eldigitaldeasturias.com\\\/noticias\\\/category\\\/revista-de-ocio\\\/#listItem\",\"position\":2,\"name\":\"Revista de Ocio\",\"item\":\"https:\\\/\\\/www.eldigitaldeasturias.com\\\/noticias\\\/category\\\/revista-de-ocio\\\/\",\"nextItem\":{\"@type\":\"ListItem\",\"@id\":\"https:\\\/\\\/www.eldigitaldeasturias.com\\\/noticias\\\/oliver-stone-soy-un-cineasta-con-alma-de-historiador\\\/#listItem\",\"name\":\"Oliver Stone: \\u00abSoy un cineasta con alma de historiador\\u00bb\"},\"previousItem\":{\"@type\":\"ListItem\",\"@id\":\"https:\\\/\\\/www.eldigitaldeasturias.com\\\/noticias#listItem\",\"name\":\"Home\"}},{\"@type\":\"ListItem\",\"@id\":\"https:\\\/\\\/www.eldigitaldeasturias.com\\\/noticias\\\/oliver-stone-soy-un-cineasta-con-alma-de-historiador\\\/#listItem\",\"position\":3,\"name\":\"Oliver Stone: \\u00abSoy un cineasta con alma de historiador\\u00bb\",\"previousItem\":{\"@type\":\"ListItem\",\"@id\":\"https:\\\/\\\/www.eldigitaldeasturias.com\\\/noticias\\\/category\\\/revista-de-ocio\\\/#listItem\",\"name\":\"Revista de Ocio\"}}]},{\"@type\":\"Organization\",\"@id\":\"https:\\\/\\\/www.eldigitaldeasturias.com\\\/noticias\\\/#organization\",\"name\":\"El Digital de Asturias\",\"description\":\"Hemeroteca\",\"url\":\"https:\\\/\\\/www.eldigitaldeasturias.com\\\/noticias\\\/\",\"email\":\"info@eldigitaldeasturias.com\",\"telephone\":\"+34652131393\",\"logo\":{\"@type\":\"ImageObject\",\"url\":\"https:\\\/\\\/www.eldigitaldeasturias.com\\\/noticias\\\/wp-content\\\/uploads\\\/2020\\\/12\\\/EDA.jpg\",\"@id\":\"https:\\\/\\\/www.eldigitaldeasturias.com\\\/noticias\\\/oliver-stone-soy-un-cineasta-con-alma-de-historiador\\\/#organizationLogo\",\"width\":649,\"height\":297},\"image\":{\"@id\":\"https:\\\/\\\/www.eldigitaldeasturias.com\\\/noticias\\\/oliver-stone-soy-un-cineasta-con-alma-de-historiador\\\/#organizationLogo\"},\"sameAs\":[\"https:\\\/\\\/facebook.com\\\/eldigitaldeasturias\",\"https:\\\/\\\/www.youtube.com\\\/channel\\\/UCZP-2wLEB9Rv6erhFmqVnvg\"],\"address\":{\"@id\":\"https:\\\/\\\/www.eldigitaldeasturias.com\\\/noticias\\\/#postaladdress\",\"@type\":\"PostalAddress\",\"streetAddress\":\"san antonio 4,\",\"postalCode\":\"33430\",\"addressLocality\":\"Cand\\u00e1s\",\"addressRegion\":\"Asturias\",\"addressCountry\":\"ES\"}},{\"@type\":\"Person\",\"@id\":\"https:\\\/\\\/www.eldigitaldeasturias.com\\\/noticias\\\/author\\\/admin\\\/#author\",\"url\":\"https:\\\/\\\/www.eldigitaldeasturias.com\\\/noticias\\\/author\\\/admin\\\/\",\"name\":\"El Digital de Asturias\",\"image\":{\"@type\":\"ImageObject\",\"@id\":\"https:\\\/\\\/www.eldigitaldeasturias.com\\\/noticias\\\/oliver-stone-soy-un-cineasta-con-alma-de-historiador\\\/#authorImage\",\"url\":\"https:\\\/\\\/www.eldigitaldeasturias.com\\\/noticias\\\/wp-content\\\/litespeed\\\/avatar\\\/18677e78aa0546b92d9dbf31ec7d7668.jpg?ver=1777290358\",\"width\":96,\"height\":96,\"caption\":\"El Digital de Asturias\"}},{\"@type\":\"WebPage\",\"@id\":\"https:\\\/\\\/www.eldigitaldeasturias.com\\\/noticias\\\/oliver-stone-soy-un-cineasta-con-alma-de-historiador\\\/#webpage\",\"url\":\"https:\\\/\\\/www.eldigitaldeasturias.com\\\/noticias\\\/oliver-stone-soy-un-cineasta-con-alma-de-historiador\\\/\",\"name\":\"Oliver Stone: \\u00abSoy un cineasta con alma de historiador\\u00bb - El Digital de Asturias\",\"description\":\"MADRID, 25 Sep. (Reuters\\\/Ep) - El director de cine estadounidense Oliver Stone se confes\\u00f3 \\\"un cineasta con alma de historiador\\\" tras la presentaci\\u00f3n en el Festival Internacional de San Sebasti\\u00e1n del documental 'La Historia no contada de Estados Unidos', donde revisa los \\u00faltimos 60 a\\u00f1os de la historia de su pa\\u00eds. \\\"Despu\\u00e9s de 17 largometrajes, mi\",\"inLanguage\":\"es-ES\",\"isPartOf\":{\"@id\":\"https:\\\/\\\/www.eldigitaldeasturias.com\\\/noticias\\\/#website\"},\"breadcrumb\":{\"@id\":\"https:\\\/\\\/www.eldigitaldeasturias.com\\\/noticias\\\/oliver-stone-soy-un-cineasta-con-alma-de-historiador\\\/#breadcrumblist\"},\"author\":{\"@id\":\"https:\\\/\\\/www.eldigitaldeasturias.com\\\/noticias\\\/author\\\/admin\\\/#author\"},\"creator\":{\"@id\":\"https:\\\/\\\/www.eldigitaldeasturias.com\\\/noticias\\\/author\\\/admin\\\/#author\"},\"image\":{\"@type\":\"ImageObject\",\"url\":3177,\"@id\":\"https:\\\/\\\/www.eldigitaldeasturias.com\\\/noticias\\\/oliver-stone-soy-un-cineasta-con-alma-de-historiador\\\/#mainImage\"},\"primaryImageOfPage\":{\"@id\":\"https:\\\/\\\/www.eldigitaldeasturias.com\\\/noticias\\\/oliver-stone-soy-un-cineasta-con-alma-de-historiador\\\/#mainImage\"},\"datePublished\":\"2013-09-25T21:07:58+02:00\",\"dateModified\":\"2013-09-25T21:07:58+02:00\"},{\"@type\":\"WebSite\",\"@id\":\"https:\\\/\\\/www.eldigitaldeasturias.com\\\/noticias\\\/#website\",\"url\":\"https:\\\/\\\/www.eldigitaldeasturias.com\\\/noticias\\\/\",\"name\":\"El Digital de Asturias - Diario de actualidad y noticias\",\"alternateName\":\"El Digital de Asturias - Diario de actualidad y noticias\",\"description\":\"Hemeroteca\",\"inLanguage\":\"es-ES\",\"publisher\":{\"@id\":\"https:\\\/\\\/www.eldigitaldeasturias.com\\\/noticias\\\/#organization\"}}]}\n\t\t<\/script>\n\t\t<!-- All in One SEO Pro -->\r\n\t\t<title>Oliver Stone: \u00abSoy un cineasta con alma de historiador\u00bb - El Digital de Asturias<\/title>\n\n","aioseo_head_json":{"title":"Oliver Stone: \u00abSoy un cineasta con alma de historiador\u00bb - El Digital de Asturias","description":"MADRID, 25 Sep. (Reuters\/Ep) - El director de cine estadounidense Oliver Stone se confes\u00f3 \"un cineasta con alma de historiador\" tras la presentaci\u00f3n en el Festival Internacional de San Sebasti\u00e1n del documental 'La Historia no contada de Estados Unidos', donde revisa los \u00faltimos 60 a\u00f1os de la historia de su pa\u00eds. \"Despu\u00e9s de 17 largometrajes, mi","canonical_url":"https:\/\/www.eldigitaldeasturias.com\/noticias\/oliver-stone-soy-un-cineasta-con-alma-de-historiador\/","robots":"max-image-preview:large","keywords":"revista de ocio","webmasterTools":{"google-site-verification":"UA-38556648-1","msvalidate.01":"7dfe9f3f1b24437ab69f4f2559babe99","miscellaneous":""},"schema":{"@context":"https:\/\/schema.org","@graph":[{"@type":"BlogPosting","@id":"https:\/\/www.eldigitaldeasturias.com\/noticias\/oliver-stone-soy-un-cineasta-con-alma-de-historiador\/#blogposting","name":"Oliver Stone: \u00abSoy un cineasta con alma de historiador\u00bb - El Digital de Asturias","headline":"Oliver Stone: \u00abSoy un cineasta con alma de historiador\u00bb","author":{"@id":"https:\/\/www.eldigitaldeasturias.com\/noticias\/author\/admin\/#author"},"publisher":{"@id":"https:\/\/www.eldigitaldeasturias.com\/noticias\/#organization"},"image":{"@type":"ImageObject","url":3177},"datePublished":"2013-09-25T21:07:58+02:00","dateModified":"2013-09-25T21:07:58+02:00","inLanguage":"es-ES","mainEntityOfPage":{"@id":"https:\/\/www.eldigitaldeasturias.com\/noticias\/oliver-stone-soy-un-cineasta-con-alma-de-historiador\/#webpage"},"isPartOf":{"@id":"https:\/\/www.eldigitaldeasturias.com\/noticias\/oliver-stone-soy-un-cineasta-con-alma-de-historiador\/#webpage"},"articleSection":"Revista de Ocio"},{"@type":"BreadcrumbList","@id":"https:\/\/www.eldigitaldeasturias.com\/noticias\/oliver-stone-soy-un-cineasta-con-alma-de-historiador\/#breadcrumblist","itemListElement":[{"@type":"ListItem","@id":"https:\/\/www.eldigitaldeasturias.com\/noticias#listItem","position":1,"name":"Home","item":"https:\/\/www.eldigitaldeasturias.com\/noticias","nextItem":{"@type":"ListItem","@id":"https:\/\/www.eldigitaldeasturias.com\/noticias\/category\/revista-de-ocio\/#listItem","name":"Revista de Ocio"}},{"@type":"ListItem","@id":"https:\/\/www.eldigitaldeasturias.com\/noticias\/category\/revista-de-ocio\/#listItem","position":2,"name":"Revista de Ocio","item":"https:\/\/www.eldigitaldeasturias.com\/noticias\/category\/revista-de-ocio\/","nextItem":{"@type":"ListItem","@id":"https:\/\/www.eldigitaldeasturias.com\/noticias\/oliver-stone-soy-un-cineasta-con-alma-de-historiador\/#listItem","name":"Oliver Stone: \u00abSoy un cineasta con alma de historiador\u00bb"},"previousItem":{"@type":"ListItem","@id":"https:\/\/www.eldigitaldeasturias.com\/noticias#listItem","name":"Home"}},{"@type":"ListItem","@id":"https:\/\/www.eldigitaldeasturias.com\/noticias\/oliver-stone-soy-un-cineasta-con-alma-de-historiador\/#listItem","position":3,"name":"Oliver Stone: \u00abSoy un cineasta con alma de historiador\u00bb","previousItem":{"@type":"ListItem","@id":"https:\/\/www.eldigitaldeasturias.com\/noticias\/category\/revista-de-ocio\/#listItem","name":"Revista de Ocio"}}]},{"@type":"Organization","@id":"https:\/\/www.eldigitaldeasturias.com\/noticias\/#organization","name":"El Digital de Asturias","description":"Hemeroteca","url":"https:\/\/www.eldigitaldeasturias.com\/noticias\/","email":"info@eldigitaldeasturias.com","telephone":"+34652131393","logo":{"@type":"ImageObject","url":"https:\/\/www.eldigitaldeasturias.com\/noticias\/wp-content\/uploads\/2020\/12\/EDA.jpg","@id":"https:\/\/www.eldigitaldeasturias.com\/noticias\/oliver-stone-soy-un-cineasta-con-alma-de-historiador\/#organizationLogo","width":649,"height":297},"image":{"@id":"https:\/\/www.eldigitaldeasturias.com\/noticias\/oliver-stone-soy-un-cineasta-con-alma-de-historiador\/#organizationLogo"},"sameAs":["https:\/\/facebook.com\/eldigitaldeasturias","https:\/\/www.youtube.com\/channel\/UCZP-2wLEB9Rv6erhFmqVnvg"],"address":{"@id":"https:\/\/www.eldigitaldeasturias.com\/noticias\/#postaladdress","@type":"PostalAddress","streetAddress":"san antonio 4,","postalCode":"33430","addressLocality":"Cand\u00e1s","addressRegion":"Asturias","addressCountry":"ES"}},{"@type":"Person","@id":"https:\/\/www.eldigitaldeasturias.com\/noticias\/author\/admin\/#author","url":"https:\/\/www.eldigitaldeasturias.com\/noticias\/author\/admin\/","name":"El Digital de Asturias","image":{"@type":"ImageObject","@id":"https:\/\/www.eldigitaldeasturias.com\/noticias\/oliver-stone-soy-un-cineasta-con-alma-de-historiador\/#authorImage","url":"https:\/\/www.eldigitaldeasturias.com\/noticias\/wp-content\/litespeed\/avatar\/18677e78aa0546b92d9dbf31ec7d7668.jpg?ver=1777290358","width":96,"height":96,"caption":"El Digital de Asturias"}},{"@type":"WebPage","@id":"https:\/\/www.eldigitaldeasturias.com\/noticias\/oliver-stone-soy-un-cineasta-con-alma-de-historiador\/#webpage","url":"https:\/\/www.eldigitaldeasturias.com\/noticias\/oliver-stone-soy-un-cineasta-con-alma-de-historiador\/","name":"Oliver Stone: \u00abSoy un cineasta con alma de historiador\u00bb - El Digital de Asturias","description":"MADRID, 25 Sep. (Reuters\/Ep) - El director de cine estadounidense Oliver Stone se confes\u00f3 \"un cineasta con alma de historiador\" tras la presentaci\u00f3n en el Festival Internacional de San Sebasti\u00e1n del documental 'La Historia no contada de Estados Unidos', donde revisa los \u00faltimos 60 a\u00f1os de la historia de su pa\u00eds. \"Despu\u00e9s de 17 largometrajes, mi","inLanguage":"es-ES","isPartOf":{"@id":"https:\/\/www.eldigitaldeasturias.com\/noticias\/#website"},"breadcrumb":{"@id":"https:\/\/www.eldigitaldeasturias.com\/noticias\/oliver-stone-soy-un-cineasta-con-alma-de-historiador\/#breadcrumblist"},"author":{"@id":"https:\/\/www.eldigitaldeasturias.com\/noticias\/author\/admin\/#author"},"creator":{"@id":"https:\/\/www.eldigitaldeasturias.com\/noticias\/author\/admin\/#author"},"image":{"@type":"ImageObject","url":3177,"@id":"https:\/\/www.eldigitaldeasturias.com\/noticias\/oliver-stone-soy-un-cineasta-con-alma-de-historiador\/#mainImage"},"primaryImageOfPage":{"@id":"https:\/\/www.eldigitaldeasturias.com\/noticias\/oliver-stone-soy-un-cineasta-con-alma-de-historiador\/#mainImage"},"datePublished":"2013-09-25T21:07:58+02:00","dateModified":"2013-09-25T21:07:58+02:00"},{"@type":"WebSite","@id":"https:\/\/www.eldigitaldeasturias.com\/noticias\/#website","url":"https:\/\/www.eldigitaldeasturias.com\/noticias\/","name":"El Digital de Asturias - Diario de actualidad y noticias","alternateName":"El Digital de Asturias - Diario de actualidad y noticias","description":"Hemeroteca","inLanguage":"es-ES","publisher":{"@id":"https:\/\/www.eldigitaldeasturias.com\/noticias\/#organization"}}]},"og:locale":"es_ES","og:site_name":"El Digital de Asturias","og:type":"article","og:title":"Oliver Stone: \u00abSoy un cineasta con alma de historiador\u00bb - El Digital de Asturias","og:description":"MADRID, 25 Sep. (Reuters\/Ep) - El director de cine estadounidense Oliver Stone se confes\u00f3 &quot;un cineasta con alma de historiador&quot; tras la presentaci\u00f3n en el Festival Internacional de San Sebasti\u00e1n del documental 'La Historia no contada de Estados Unidos', donde revisa los \u00faltimos 60 a\u00f1os de la historia de su pa\u00eds. &quot;Despu\u00e9s de 17 largometrajes, mi","og:url":"https:\/\/www.eldigitaldeasturias.com\/noticias\/oliver-stone-soy-un-cineasta-con-alma-de-historiador\/","article:tag":["revista de ocio"],"article:published_time":"2013-09-25T21:07:58+00:00","article:modified_time":"2013-09-25T21:07:58+00:00","article:publisher":"https:\/\/facebook.com\/eldigitaldeasturias","twitter:card":"summary_large_image","twitter:title":"Oliver Stone: \u00abSoy un cineasta con alma de historiador\u00bb - El Digital de Asturias","twitter:description":"MADRID, 25 Sep. (Reuters\/Ep) - El director de cine estadounidense Oliver Stone se confes\u00f3 &quot;un cineasta con alma de historiador&quot; tras la presentaci\u00f3n en el Festival Internacional de San Sebasti\u00e1n del documental 'La Historia no contada de Estados Unidos', donde revisa los \u00faltimos 60 a\u00f1os de la historia de su pa\u00eds. &quot;Despu\u00e9s de 17 largometrajes, mi","twitter:label1":"Escrito por","twitter:data1":"El Digital de Asturias","twitter:label2":"Tiempo de lectura estimado","twitter:data2":"2 minutos"},"aioseo_meta_data":{"post_id":"3176","title":null,"description":null,"keywords":null,"keyphrases":null,"primary_term":null,"canonical_url":null,"og_title":null,"og_description":null,"og_object_type":"default","og_image_type":"default","og_image_url":null,"og_image_width":null,"og_image_height":null,"og_image_custom_url":null,"og_image_custom_fields":null,"og_video":null,"og_custom_url":null,"og_article_section":null,"og_article_tags":null,"twitter_use_og":true,"twitter_card":"default","twitter_image_type":"default","twitter_image_url":null,"twitter_image_custom_url":null,"twitter_image_custom_fields":null,"twitter_title":null,"twitter_description":null,"schema":{"blockGraphs":[],"customGraphs":[],"default":{"data":{"Article":[],"Course":[],"Dataset":[],"FAQPage":[],"Movie":[],"Person":[],"Product":[],"ProductReview":[],"Car":[],"Recipe":[],"Service":[],"SoftwareApplication":[],"WebPage":[]},"graphName":"","isEnabled":true},"graphs":[],"defaultGraph":"","defaultPostTypeGraph":""},"schema_type":null,"schema_type_options":null,"pillar_content":false,"robots_default":true,"robots_noindex":false,"robots_noarchive":false,"robots_nosnippet":false,"robots_nofollow":false,"robots_noimageindex":false,"robots_noodp":false,"robots_notranslate":false,"robots_max_snippet":null,"robots_max_videopreview":null,"robots_max_imagepreview":"none","priority":null,"frequency":null,"local_seo":null,"seo_analyzer_scan_date":"2025-08-21 05:54:49","breadcrumb_settings":null,"limit_modified_date":false,"open_ai":null,"ai":null,"created":"2020-11-14 22:37:04","updated":"2025-08-21 05:54:49"},"aioseo_breadcrumb":"<div class=\"aioseo-breadcrumbs\"><span class=\"aioseo-breadcrumb\">\n\t<a href=\"https:\/\/www.eldigitaldeasturias.com\/noticias\" title=\"Home\">Home<\/a>\n<\/span><span class=\"aioseo-breadcrumb-separator\">\u2013<\/span><span class=\"aioseo-breadcrumb\">\n\t<a href=\"https:\/\/www.eldigitaldeasturias.com\/noticias\/category\/revista-de-ocio\/\" title=\"Revista de Ocio\">Revista de Ocio<\/a>\n<\/span><span class=\"aioseo-breadcrumb-separator\">\u2013<\/span><span class=\"aioseo-breadcrumb\">\n\t<a href=\"https:\/\/www.eldigitaldeasturias.com\/noticias\/oliver-stone-soy-un-cineasta-con-alma-de-historiador\/\" title=\"Oliver Stone: \u00abSoy un cineasta con alma de historiador\u00bb\">Oliver Stone: \u00abSoy un cineasta con alma de historiador\u00bb<\/a>\n<\/span><\/div>","aioseo_breadcrumb_json":[{"label":"Home","link":"https:\/\/www.eldigitaldeasturias.com\/noticias"},{"label":"Revista de Ocio","link":"https:\/\/www.eldigitaldeasturias.com\/noticias\/category\/revista-de-ocio\/"},{"label":"Oliver Stone: \u00abSoy un cineasta con alma de historiador\u00bb","link":"https:\/\/www.eldigitaldeasturias.com\/noticias\/oliver-stone-soy-un-cineasta-con-alma-de-historiador\/"}],"_links":{"self":[{"href":"https:\/\/www.eldigitaldeasturias.com\/noticias\/wp-json\/wp\/v2\/posts\/3176","targetHints":{"allow":["GET"]}}],"collection":[{"href":"https:\/\/www.eldigitaldeasturias.com\/noticias\/wp-json\/wp\/v2\/posts"}],"about":[{"href":"https:\/\/www.eldigitaldeasturias.com\/noticias\/wp-json\/wp\/v2\/types\/post"}],"author":[{"embeddable":true,"href":"https:\/\/www.eldigitaldeasturias.com\/noticias\/wp-json\/wp\/v2\/users\/1"}],"replies":[{"embeddable":true,"href":"https:\/\/www.eldigitaldeasturias.com\/noticias\/wp-json\/wp\/v2\/comments?post=3176"}],"version-history":[{"count":0,"href":"https:\/\/www.eldigitaldeasturias.com\/noticias\/wp-json\/wp\/v2\/posts\/3176\/revisions"}],"wp:featuredmedia":[{"embeddable":true,"href":"https:\/\/www.eldigitaldeasturias.com\/noticias\/wp-json\/"}],"wp:attachment":[{"href":"https:\/\/www.eldigitaldeasturias.com\/noticias\/wp-json\/wp\/v2\/media?parent=3176"}],"wp:term":[{"taxonomy":"category","embeddable":true,"href":"https:\/\/www.eldigitaldeasturias.com\/noticias\/wp-json\/wp\/v2\/categories?post=3176"},{"taxonomy":"post_tag","embeddable":true,"href":"https:\/\/www.eldigitaldeasturias.com\/noticias\/wp-json\/wp\/v2\/tags?post=3176"}],"curies":[{"name":"wp","href":"https:\/\/api.w.org\/{rel}","templated":true}]}}