{"id":3173,"date":"2013-09-25T21:06:07","date_gmt":"2013-09-25T21:06:07","guid":{"rendered":"http:\/\/www.eldigitaldeasturias.com\/noticias\/?p=3173"},"modified":"2013-09-25T21:06:07","modified_gmt":"2013-09-25T21:06:07","slug":"villarreal-y-espanyol-se-miden-por-seguir-la-estela-de-los-grandes","status":"publish","type":"post","link":"https:\/\/www.eldigitaldeasturias.com\/noticias\/villarreal-y-espanyol-se-miden-por-seguir-la-estela-de-los-grandes\/","title":{"rendered":"Villarreal y Espanyol se miden por seguir la estela de los &#8216;grandes&#8217;"},"content":{"rendered":"<p><img loading=\"lazy\" decoding=\"async\" class=\"alignleft size-medium wp-image-3174\" alt=\"fotonoticia_20130925173554_800\" src=\"https:\/\/www.eldigitaldeasturias.com\/noticias\/wp-content\/uploads\/2013\/09\/fotonoticia_20130925173554_800-360x202.jpg\" width=\"360\" height=\"202\" \/>MADRID, 25 Sep. (EUROPA PRESS) &#8211;\u00a0El Villarreal y Espanyol medir\u00e1n este jueves en El Madrigal (22.00 horas) sus estados de forma en este inicio de la Liga BBVA en busca de seguir la estela de los &#8216;grandes&#8217;, mientras que, en el cierre de la sexta jornada, el Athletic Club y el Real Betis se enfrentar\u00e1n en San Mam\u00e9s en un duelo de aspirantes a Europa, y el Getafe y el Celta por coger valiosos puntos.<\/p>\n<p>En El Madrigal, el Villarreal y el Espanyol, empatados a once puntos y todav\u00eda invictos, querr\u00e1n permanecer en este grupo de elegidos y continuar cerca de los col\u00edderes FC Barcelona y Atl\u00e9tico de Madrid, y del Real Madrid, al que pueden alcanzar o superar si este tropieza en el Mart\u00ednez Valero.<\/p>\n<p>El conjunto de Marcelino Garc\u00eda Toral, m\u00e1s descansado en teor\u00eda que su rival, que jug\u00f3 el lunes, pretender\u00e1 continuar con su buena imagen ante su p\u00fablico, sobre todo la ofrecida ante el poderoso Real Madrid, y sumar tres puntos que confirmen sus buenas sensaciones en su retorno a la Liga BBVA, aunque tiene la duda de unos sus principales puntales, Cani.<\/p>\n<p>Por su parte, el Espanyol, con la baja de fuentes, se presentar\u00e1 en el feudo castellonense como un rival complicado y aguerrido como demostr\u00f3 ante el Athletic. Los de Javier Aguirre han empezado de forma diametralmente opuesta a como lo hicieron el a\u00f1o pasado y bajo el mando del mexicano est\u00e1n demostrando poder aspirar a cosas m\u00e1s importantes que evitar el descenso.<\/p>\n<p>A nivel estad\u00edstico, el equipo catal\u00e1n intentar\u00e1 romper su mal fario ofensivo en El Madrigal, donde no ha marcado en sus \u00faltimas siete visitas y donde no gana desde el febrero de 2004 (0-1), logrando \u00fanicamente tres empates como bagaje positivo.<\/p>\n<p>Adem\u00e1s, en el nuevo San Mam\u00e9s (20.00 horas) se encontrar\u00e1n el Athletic Club y el Real Betis, dos equipos que no acaban de arrancar y que aspiran a pelear por clasificarse para competiciones europeas, en un partido marcado por el reencuentro de Be\u00f1at con sus excompa\u00f1eros.<\/p>\n<p>El conjunto de Ernesto Valverde lleva nueve puntos y espera que jugar ante su p\u00fablico por segunda vez en su nuevo estadio le ayude a sumar nuevamente otros tres que le reafirmen en la parte alta. El equipo rojiblanco est\u00e1 intentando apostar por un estilo de toque, pero atr\u00e1s no acaba de encontrar la firmeza necesaria todav\u00eda.<\/p>\n<p>Enfrente, un equipo andaluz que s\u00f3lo tiene una victoria en su haber, la lograda ante el Valencia, y que est\u00e1 teniendo, por el contrario, ciertos problemas de cara al gol, sobre todo a domicilio. Sin embargo, visita Bilbao, donde en la antigua &#8216;Catedral&#8217;, gan\u00f3 en las dos \u00faltimas ocasiones con mucho acierto ofensiva, por espectaculares 2-3 y 3-5.<\/p>\n<p>Por \u00faltimo, el Coliseo Alfonso P\u00e9rez (22.00) ser\u00e1 el escenario del duelo entre el Getafe y el Celta, que buscan sumar puntos claves para ir ganando confianza y asentarse en la tabla clasificatoria, poniendo tierra de por medio con los puestos peligrosos.<\/p>\n<p>El conjunto &#8216;azul\u00f3n&#8217;, con bajas de jugadores clave como Lafita o M\u00edchel, quiere ratificar sus buenas sensaciones de sus dos \u00faltimos partidos, entre ellos la goleada encajada en el Santiago Bernab\u00e9u, mientras que los de Luis Enrique, tambi\u00e9n con ausencias notables como las de Nolito o Augusto, intentar\u00e1n ganar por primera vez en el sur de Madrid.<\/p>\n","protected":false},"excerpt":{"rendered":"<p>MADRID, 25 Sep. (EUROPA PRESS) &#8211;\u00a0El Villarreal y Espanyol medir\u00e1n este jueves en El Madrigal (22.00 horas) sus estados de forma en este inicio de la Liga BBVA en busca de seguir la estela de los &#8216;grandes&#8217;, mientras que, en el cierre de la sexta jornada, el Athletic Club y el Real Betis se enfrentar\u00e1n [&hellip;]<\/p>\n","protected":false},"author":1,"featured_media":3174,"comment_status":"open","ping_status":"open","sticky":false,"template":"","format":"standard","meta":{"footnotes":""},"categories":[1],"tags":[],"class_list":["post-3173","post","type-post","status-publish","format-standard","has-post-thumbnail","hentry","category-actualidad"],"aioseo_notices":[],"aioseo_head":"\n\t\t<!-- All in One SEO Pro 4.9.6.2 - aioseo.com -->\n\t<meta name=\"description\" content=\"MADRID, 25 Sep. (EUROPA PRESS) - El Villarreal y Espanyol medir\u00e1n este jueves en El Madrigal (22.00 horas) sus estados de forma en este inicio de la Liga BBVA en busca de seguir la estela de los &#039;grandes&#039;, mientras que, en el cierre de la sexta jornada, el Athletic Club y el Real Betis se enfrentar\u00e1n\" \/>\n\t<meta name=\"robots\" content=\"max-image-preview:large\" \/>\n\t<meta name=\"author\" content=\"El Digital de Asturias\"\/>\n\t<meta name=\"google-site-verification\" content=\"UA-38556648-1\" \/>\n\t<meta name=\"msvalidate.01\" content=\"7dfe9f3f1b24437ab69f4f2559babe99\" \/>\n\t<meta name=\"keywords\" content=\"actualidad\" \/>\n\t<link rel=\"canonical\" href=\"https:\/\/www.eldigitaldeasturias.com\/noticias\/villarreal-y-espanyol-se-miden-por-seguir-la-estela-de-los-grandes\/\" \/>\n\t<meta name=\"generator\" content=\"All in One SEO Pro (AIOSEO) 4.9.6.2\" \/>\n\t\t<meta property=\"og:locale\" content=\"es_ES\" \/>\n\t\t<meta property=\"og:site_name\" content=\"El Digital de Asturias\" \/>\n\t\t<meta property=\"og:type\" content=\"article\" \/>\n\t\t<meta property=\"og:title\" content=\"Villarreal y Espanyol se miden por seguir la estela de los \u2018grandes\u2019 - El Digital de Asturias\" \/>\n\t\t<meta property=\"og:description\" content=\"MADRID, 25 Sep. (EUROPA PRESS) - El Villarreal y Espanyol medir\u00e1n este jueves en El Madrigal (22.00 horas) sus estados de forma en este inicio de la Liga BBVA en busca de seguir la estela de los &#039;grandes&#039;, mientras que, en el cierre de la sexta jornada, el Athletic Club y el Real Betis se enfrentar\u00e1n\" \/>\n\t\t<meta property=\"og:url\" content=\"https:\/\/www.eldigitaldeasturias.com\/noticias\/villarreal-y-espanyol-se-miden-por-seguir-la-estela-de-los-grandes\/\" \/>\n\t\t<meta property=\"article:tag\" content=\"actualidad\" \/>\n\t\t<meta property=\"article:published_time\" content=\"2013-09-25T21:06:07+00:00\" \/>\n\t\t<meta property=\"article:modified_time\" content=\"2013-09-25T21:06:07+00:00\" \/>\n\t\t<meta property=\"article:publisher\" content=\"https:\/\/facebook.com\/eldigitaldeasturias\" \/>\n\t\t<meta name=\"twitter:card\" content=\"summary_large_image\" \/>\n\t\t<meta name=\"twitter:title\" content=\"Villarreal y Espanyol se miden por seguir la estela de los \u2018grandes\u2019 - El Digital de Asturias\" \/>\n\t\t<meta name=\"twitter:description\" content=\"MADRID, 25 Sep. (EUROPA PRESS) - El Villarreal y Espanyol medir\u00e1n este jueves en El Madrigal (22.00 horas) sus estados de forma en este inicio de la Liga BBVA en busca de seguir la estela de los &#039;grandes&#039;, mientras que, en el cierre de la sexta jornada, el Athletic Club y el Real Betis se enfrentar\u00e1n\" \/>\n\t\t<meta name=\"twitter:label1\" content=\"Escrito por\" \/>\n\t\t<meta name=\"twitter:data1\" content=\"El Digital de Asturias\" \/>\n\t\t<meta name=\"twitter:label2\" content=\"Tiempo de lectura estimado\" \/>\n\t\t<meta name=\"twitter:data2\" content=\"3 minutos\" \/>\n\t\t<script type=\"application\/ld+json\" class=\"aioseo-schema\">\n\t\t\t{\"@context\":\"https:\\\/\\\/schema.org\",\"@graph\":[{\"@type\":\"BlogPosting\",\"@id\":\"https:\\\/\\\/www.eldigitaldeasturias.com\\\/noticias\\\/villarreal-y-espanyol-se-miden-por-seguir-la-estela-de-los-grandes\\\/#blogposting\",\"name\":\"Villarreal y Espanyol se miden por seguir la estela de los \\u2018grandes\\u2019 - El Digital de Asturias\",\"headline\":\"Villarreal y Espanyol se miden por seguir la estela de los &#8216;grandes&#8217;\",\"author\":{\"@id\":\"https:\\\/\\\/www.eldigitaldeasturias.com\\\/noticias\\\/author\\\/admin\\\/#author\"},\"publisher\":{\"@id\":\"https:\\\/\\\/www.eldigitaldeasturias.com\\\/noticias\\\/#organization\"},\"image\":{\"@type\":\"ImageObject\",\"url\":3174},\"datePublished\":\"2013-09-25T21:06:07+02:00\",\"dateModified\":\"2013-09-25T21:06:07+02:00\",\"inLanguage\":\"es-ES\",\"mainEntityOfPage\":{\"@id\":\"https:\\\/\\\/www.eldigitaldeasturias.com\\\/noticias\\\/villarreal-y-espanyol-se-miden-por-seguir-la-estela-de-los-grandes\\\/#webpage\"},\"isPartOf\":{\"@id\":\"https:\\\/\\\/www.eldigitaldeasturias.com\\\/noticias\\\/villarreal-y-espanyol-se-miden-por-seguir-la-estela-de-los-grandes\\\/#webpage\"},\"articleSection\":\"Actualidad\"},{\"@type\":\"BreadcrumbList\",\"@id\":\"https:\\\/\\\/www.eldigitaldeasturias.com\\\/noticias\\\/villarreal-y-espanyol-se-miden-por-seguir-la-estela-de-los-grandes\\\/#breadcrumblist\",\"itemListElement\":[{\"@type\":\"ListItem\",\"@id\":\"https:\\\/\\\/www.eldigitaldeasturias.com\\\/noticias#listItem\",\"position\":1,\"name\":\"Home\",\"item\":\"https:\\\/\\\/www.eldigitaldeasturias.com\\\/noticias\",\"nextItem\":{\"@type\":\"ListItem\",\"@id\":\"https:\\\/\\\/www.eldigitaldeasturias.com\\\/noticias\\\/category\\\/actualidad\\\/#listItem\",\"name\":\"Actualidad\"}},{\"@type\":\"ListItem\",\"@id\":\"https:\\\/\\\/www.eldigitaldeasturias.com\\\/noticias\\\/category\\\/actualidad\\\/#listItem\",\"position\":2,\"name\":\"Actualidad\",\"item\":\"https:\\\/\\\/www.eldigitaldeasturias.com\\\/noticias\\\/category\\\/actualidad\\\/\",\"nextItem\":{\"@type\":\"ListItem\",\"@id\":\"https:\\\/\\\/www.eldigitaldeasturias.com\\\/noticias\\\/villarreal-y-espanyol-se-miden-por-seguir-la-estela-de-los-grandes\\\/#listItem\",\"name\":\"Villarreal y Espanyol se miden por seguir la estela de los &#8216;grandes&#8217;\"},\"previousItem\":{\"@type\":\"ListItem\",\"@id\":\"https:\\\/\\\/www.eldigitaldeasturias.com\\\/noticias#listItem\",\"name\":\"Home\"}},{\"@type\":\"ListItem\",\"@id\":\"https:\\\/\\\/www.eldigitaldeasturias.com\\\/noticias\\\/villarreal-y-espanyol-se-miden-por-seguir-la-estela-de-los-grandes\\\/#listItem\",\"position\":3,\"name\":\"Villarreal y Espanyol se miden por seguir la estela de los &#8216;grandes&#8217;\",\"previousItem\":{\"@type\":\"ListItem\",\"@id\":\"https:\\\/\\\/www.eldigitaldeasturias.com\\\/noticias\\\/category\\\/actualidad\\\/#listItem\",\"name\":\"Actualidad\"}}]},{\"@type\":\"Organization\",\"@id\":\"https:\\\/\\\/www.eldigitaldeasturias.com\\\/noticias\\\/#organization\",\"name\":\"El Digital de Asturias\",\"description\":\"Hemeroteca\",\"url\":\"https:\\\/\\\/www.eldigitaldeasturias.com\\\/noticias\\\/\",\"email\":\"info@eldigitaldeasturias.com\",\"telephone\":\"+34652131393\",\"logo\":{\"@type\":\"ImageObject\",\"url\":\"https:\\\/\\\/www.eldigitaldeasturias.com\\\/noticias\\\/wp-content\\\/uploads\\\/2020\\\/12\\\/EDA.jpg\",\"@id\":\"https:\\\/\\\/www.eldigitaldeasturias.com\\\/noticias\\\/villarreal-y-espanyol-se-miden-por-seguir-la-estela-de-los-grandes\\\/#organizationLogo\",\"width\":649,\"height\":297},\"image\":{\"@id\":\"https:\\\/\\\/www.eldigitaldeasturias.com\\\/noticias\\\/villarreal-y-espanyol-se-miden-por-seguir-la-estela-de-los-grandes\\\/#organizationLogo\"},\"sameAs\":[\"https:\\\/\\\/facebook.com\\\/eldigitaldeasturias\",\"https:\\\/\\\/www.youtube.com\\\/channel\\\/UCZP-2wLEB9Rv6erhFmqVnvg\"],\"address\":{\"@id\":\"https:\\\/\\\/www.eldigitaldeasturias.com\\\/noticias\\\/#postaladdress\",\"@type\":\"PostalAddress\",\"streetAddress\":\"san antonio 4,\",\"postalCode\":\"33430\",\"addressLocality\":\"Cand\\u00e1s\",\"addressRegion\":\"Asturias\",\"addressCountry\":\"ES\"}},{\"@type\":\"Person\",\"@id\":\"https:\\\/\\\/www.eldigitaldeasturias.com\\\/noticias\\\/author\\\/admin\\\/#author\",\"url\":\"https:\\\/\\\/www.eldigitaldeasturias.com\\\/noticias\\\/author\\\/admin\\\/\",\"name\":\"El Digital de Asturias\",\"image\":{\"@type\":\"ImageObject\",\"@id\":\"https:\\\/\\\/www.eldigitaldeasturias.com\\\/noticias\\\/villarreal-y-espanyol-se-miden-por-seguir-la-estela-de-los-grandes\\\/#authorImage\",\"url\":\"https:\\\/\\\/www.eldigitaldeasturias.com\\\/noticias\\\/wp-content\\\/litespeed\\\/avatar\\\/18677e78aa0546b92d9dbf31ec7d7668.jpg?ver=1777290358\",\"width\":96,\"height\":96,\"caption\":\"El Digital de Asturias\"}},{\"@type\":\"WebPage\",\"@id\":\"https:\\\/\\\/www.eldigitaldeasturias.com\\\/noticias\\\/villarreal-y-espanyol-se-miden-por-seguir-la-estela-de-los-grandes\\\/#webpage\",\"url\":\"https:\\\/\\\/www.eldigitaldeasturias.com\\\/noticias\\\/villarreal-y-espanyol-se-miden-por-seguir-la-estela-de-los-grandes\\\/\",\"name\":\"Villarreal y Espanyol se miden por seguir la estela de los \\u2018grandes\\u2019 - El Digital de Asturias\",\"description\":\"MADRID, 25 Sep. (EUROPA PRESS) - El Villarreal y Espanyol medir\\u00e1n este jueves en El Madrigal (22.00 horas) sus estados de forma en este inicio de la Liga BBVA en busca de seguir la estela de los 'grandes', mientras que, en el cierre de la sexta jornada, el Athletic Club y el Real Betis se enfrentar\\u00e1n\",\"inLanguage\":\"es-ES\",\"isPartOf\":{\"@id\":\"https:\\\/\\\/www.eldigitaldeasturias.com\\\/noticias\\\/#website\"},\"breadcrumb\":{\"@id\":\"https:\\\/\\\/www.eldigitaldeasturias.com\\\/noticias\\\/villarreal-y-espanyol-se-miden-por-seguir-la-estela-de-los-grandes\\\/#breadcrumblist\"},\"author\":{\"@id\":\"https:\\\/\\\/www.eldigitaldeasturias.com\\\/noticias\\\/author\\\/admin\\\/#author\"},\"creator\":{\"@id\":\"https:\\\/\\\/www.eldigitaldeasturias.com\\\/noticias\\\/author\\\/admin\\\/#author\"},\"image\":{\"@type\":\"ImageObject\",\"url\":3174,\"@id\":\"https:\\\/\\\/www.eldigitaldeasturias.com\\\/noticias\\\/villarreal-y-espanyol-se-miden-por-seguir-la-estela-de-los-grandes\\\/#mainImage\"},\"primaryImageOfPage\":{\"@id\":\"https:\\\/\\\/www.eldigitaldeasturias.com\\\/noticias\\\/villarreal-y-espanyol-se-miden-por-seguir-la-estela-de-los-grandes\\\/#mainImage\"},\"datePublished\":\"2013-09-25T21:06:07+02:00\",\"dateModified\":\"2013-09-25T21:06:07+02:00\"},{\"@type\":\"WebSite\",\"@id\":\"https:\\\/\\\/www.eldigitaldeasturias.com\\\/noticias\\\/#website\",\"url\":\"https:\\\/\\\/www.eldigitaldeasturias.com\\\/noticias\\\/\",\"name\":\"El Digital de Asturias - Diario de actualidad y noticias\",\"alternateName\":\"El Digital de Asturias - Diario de actualidad y noticias\",\"description\":\"Hemeroteca\",\"inLanguage\":\"es-ES\",\"publisher\":{\"@id\":\"https:\\\/\\\/www.eldigitaldeasturias.com\\\/noticias\\\/#organization\"}}]}\n\t\t<\/script>\n\t\t<!-- All in One SEO Pro -->\r\n\t\t<title>Villarreal y Espanyol se miden por seguir la estela de los \u2018grandes\u2019 - El Digital de Asturias<\/title>\n\n","aioseo_head_json":{"title":"Villarreal y Espanyol se miden por seguir la estela de los \u2018grandes\u2019 - El Digital de Asturias","description":"MADRID, 25 Sep. (EUROPA PRESS) - El Villarreal y Espanyol medir\u00e1n este jueves en El Madrigal (22.00 horas) sus estados de forma en este inicio de la Liga BBVA en busca de seguir la estela de los 'grandes', mientras que, en el cierre de la sexta jornada, el Athletic Club y el Real Betis se enfrentar\u00e1n","canonical_url":"https:\/\/www.eldigitaldeasturias.com\/noticias\/villarreal-y-espanyol-se-miden-por-seguir-la-estela-de-los-grandes\/","robots":"max-image-preview:large","keywords":"actualidad","webmasterTools":{"google-site-verification":"UA-38556648-1","msvalidate.01":"7dfe9f3f1b24437ab69f4f2559babe99","miscellaneous":""},"schema":{"@context":"https:\/\/schema.org","@graph":[{"@type":"BlogPosting","@id":"https:\/\/www.eldigitaldeasturias.com\/noticias\/villarreal-y-espanyol-se-miden-por-seguir-la-estela-de-los-grandes\/#blogposting","name":"Villarreal y Espanyol se miden por seguir la estela de los \u2018grandes\u2019 - El Digital de Asturias","headline":"Villarreal y Espanyol se miden por seguir la estela de los &#8216;grandes&#8217;","author":{"@id":"https:\/\/www.eldigitaldeasturias.com\/noticias\/author\/admin\/#author"},"publisher":{"@id":"https:\/\/www.eldigitaldeasturias.com\/noticias\/#organization"},"image":{"@type":"ImageObject","url":3174},"datePublished":"2013-09-25T21:06:07+02:00","dateModified":"2013-09-25T21:06:07+02:00","inLanguage":"es-ES","mainEntityOfPage":{"@id":"https:\/\/www.eldigitaldeasturias.com\/noticias\/villarreal-y-espanyol-se-miden-por-seguir-la-estela-de-los-grandes\/#webpage"},"isPartOf":{"@id":"https:\/\/www.eldigitaldeasturias.com\/noticias\/villarreal-y-espanyol-se-miden-por-seguir-la-estela-de-los-grandes\/#webpage"},"articleSection":"Actualidad"},{"@type":"BreadcrumbList","@id":"https:\/\/www.eldigitaldeasturias.com\/noticias\/villarreal-y-espanyol-se-miden-por-seguir-la-estela-de-los-grandes\/#breadcrumblist","itemListElement":[{"@type":"ListItem","@id":"https:\/\/www.eldigitaldeasturias.com\/noticias#listItem","position":1,"name":"Home","item":"https:\/\/www.eldigitaldeasturias.com\/noticias","nextItem":{"@type":"ListItem","@id":"https:\/\/www.eldigitaldeasturias.com\/noticias\/category\/actualidad\/#listItem","name":"Actualidad"}},{"@type":"ListItem","@id":"https:\/\/www.eldigitaldeasturias.com\/noticias\/category\/actualidad\/#listItem","position":2,"name":"Actualidad","item":"https:\/\/www.eldigitaldeasturias.com\/noticias\/category\/actualidad\/","nextItem":{"@type":"ListItem","@id":"https:\/\/www.eldigitaldeasturias.com\/noticias\/villarreal-y-espanyol-se-miden-por-seguir-la-estela-de-los-grandes\/#listItem","name":"Villarreal y Espanyol se miden por seguir la estela de los &#8216;grandes&#8217;"},"previousItem":{"@type":"ListItem","@id":"https:\/\/www.eldigitaldeasturias.com\/noticias#listItem","name":"Home"}},{"@type":"ListItem","@id":"https:\/\/www.eldigitaldeasturias.com\/noticias\/villarreal-y-espanyol-se-miden-por-seguir-la-estela-de-los-grandes\/#listItem","position":3,"name":"Villarreal y Espanyol se miden por seguir la estela de los &#8216;grandes&#8217;","previousItem":{"@type":"ListItem","@id":"https:\/\/www.eldigitaldeasturias.com\/noticias\/category\/actualidad\/#listItem","name":"Actualidad"}}]},{"@type":"Organization","@id":"https:\/\/www.eldigitaldeasturias.com\/noticias\/#organization","name":"El Digital de Asturias","description":"Hemeroteca","url":"https:\/\/www.eldigitaldeasturias.com\/noticias\/","email":"info@eldigitaldeasturias.com","telephone":"+34652131393","logo":{"@type":"ImageObject","url":"https:\/\/www.eldigitaldeasturias.com\/noticias\/wp-content\/uploads\/2020\/12\/EDA.jpg","@id":"https:\/\/www.eldigitaldeasturias.com\/noticias\/villarreal-y-espanyol-se-miden-por-seguir-la-estela-de-los-grandes\/#organizationLogo","width":649,"height":297},"image":{"@id":"https:\/\/www.eldigitaldeasturias.com\/noticias\/villarreal-y-espanyol-se-miden-por-seguir-la-estela-de-los-grandes\/#organizationLogo"},"sameAs":["https:\/\/facebook.com\/eldigitaldeasturias","https:\/\/www.youtube.com\/channel\/UCZP-2wLEB9Rv6erhFmqVnvg"],"address":{"@id":"https:\/\/www.eldigitaldeasturias.com\/noticias\/#postaladdress","@type":"PostalAddress","streetAddress":"san antonio 4,","postalCode":"33430","addressLocality":"Cand\u00e1s","addressRegion":"Asturias","addressCountry":"ES"}},{"@type":"Person","@id":"https:\/\/www.eldigitaldeasturias.com\/noticias\/author\/admin\/#author","url":"https:\/\/www.eldigitaldeasturias.com\/noticias\/author\/admin\/","name":"El Digital de Asturias","image":{"@type":"ImageObject","@id":"https:\/\/www.eldigitaldeasturias.com\/noticias\/villarreal-y-espanyol-se-miden-por-seguir-la-estela-de-los-grandes\/#authorImage","url":"https:\/\/www.eldigitaldeasturias.com\/noticias\/wp-content\/litespeed\/avatar\/18677e78aa0546b92d9dbf31ec7d7668.jpg?ver=1777290358","width":96,"height":96,"caption":"El Digital de Asturias"}},{"@type":"WebPage","@id":"https:\/\/www.eldigitaldeasturias.com\/noticias\/villarreal-y-espanyol-se-miden-por-seguir-la-estela-de-los-grandes\/#webpage","url":"https:\/\/www.eldigitaldeasturias.com\/noticias\/villarreal-y-espanyol-se-miden-por-seguir-la-estela-de-los-grandes\/","name":"Villarreal y Espanyol se miden por seguir la estela de los \u2018grandes\u2019 - El Digital de Asturias","description":"MADRID, 25 Sep. (EUROPA PRESS) - El Villarreal y Espanyol medir\u00e1n este jueves en El Madrigal (22.00 horas) sus estados de forma en este inicio de la Liga BBVA en busca de seguir la estela de los 'grandes', mientras que, en el cierre de la sexta jornada, el Athletic Club y el Real Betis se enfrentar\u00e1n","inLanguage":"es-ES","isPartOf":{"@id":"https:\/\/www.eldigitaldeasturias.com\/noticias\/#website"},"breadcrumb":{"@id":"https:\/\/www.eldigitaldeasturias.com\/noticias\/villarreal-y-espanyol-se-miden-por-seguir-la-estela-de-los-grandes\/#breadcrumblist"},"author":{"@id":"https:\/\/www.eldigitaldeasturias.com\/noticias\/author\/admin\/#author"},"creator":{"@id":"https:\/\/www.eldigitaldeasturias.com\/noticias\/author\/admin\/#author"},"image":{"@type":"ImageObject","url":3174,"@id":"https:\/\/www.eldigitaldeasturias.com\/noticias\/villarreal-y-espanyol-se-miden-por-seguir-la-estela-de-los-grandes\/#mainImage"},"primaryImageOfPage":{"@id":"https:\/\/www.eldigitaldeasturias.com\/noticias\/villarreal-y-espanyol-se-miden-por-seguir-la-estela-de-los-grandes\/#mainImage"},"datePublished":"2013-09-25T21:06:07+02:00","dateModified":"2013-09-25T21:06:07+02:00"},{"@type":"WebSite","@id":"https:\/\/www.eldigitaldeasturias.com\/noticias\/#website","url":"https:\/\/www.eldigitaldeasturias.com\/noticias\/","name":"El Digital de Asturias - Diario de actualidad y noticias","alternateName":"El Digital de Asturias - Diario de actualidad y noticias","description":"Hemeroteca","inLanguage":"es-ES","publisher":{"@id":"https:\/\/www.eldigitaldeasturias.com\/noticias\/#organization"}}]},"og:locale":"es_ES","og:site_name":"El Digital de Asturias","og:type":"article","og:title":"Villarreal y Espanyol se miden por seguir la estela de los \u2018grandes\u2019 - El Digital de Asturias","og:description":"MADRID, 25 Sep. (EUROPA PRESS) - El Villarreal y Espanyol medir\u00e1n este jueves en El Madrigal (22.00 horas) sus estados de forma en este inicio de la Liga BBVA en busca de seguir la estela de los 'grandes', mientras que, en el cierre de la sexta jornada, el Athletic Club y el Real Betis se enfrentar\u00e1n","og:url":"https:\/\/www.eldigitaldeasturias.com\/noticias\/villarreal-y-espanyol-se-miden-por-seguir-la-estela-de-los-grandes\/","article:tag":["actualidad"],"article:published_time":"2013-09-25T21:06:07+00:00","article:modified_time":"2013-09-25T21:06:07+00:00","article:publisher":"https:\/\/facebook.com\/eldigitaldeasturias","twitter:card":"summary_large_image","twitter:title":"Villarreal y Espanyol se miden por seguir la estela de los \u2018grandes\u2019 - El Digital de Asturias","twitter:description":"MADRID, 25 Sep. (EUROPA PRESS) - El Villarreal y Espanyol medir\u00e1n este jueves en El Madrigal (22.00 horas) sus estados de forma en este inicio de la Liga BBVA en busca de seguir la estela de los 'grandes', mientras que, en el cierre de la sexta jornada, el Athletic Club y el Real Betis se enfrentar\u00e1n","twitter:label1":"Escrito por","twitter:data1":"El Digital de Asturias","twitter:label2":"Tiempo de lectura estimado","twitter:data2":"3 minutos"},"aioseo_meta_data":{"post_id":"3173","title":null,"description":null,"keywords":null,"keyphrases":null,"primary_term":null,"canonical_url":null,"og_title":null,"og_description":null,"og_object_type":"default","og_image_type":"default","og_image_url":null,"og_image_width":null,"og_image_height":null,"og_image_custom_url":null,"og_image_custom_fields":null,"og_video":null,"og_custom_url":null,"og_article_section":null,"og_article_tags":null,"twitter_use_og":true,"twitter_card":"default","twitter_image_type":"default","twitter_image_url":null,"twitter_image_custom_url":null,"twitter_image_custom_fields":null,"twitter_title":null,"twitter_description":null,"schema":{"blockGraphs":[],"customGraphs":[],"default":{"data":{"Article":[],"Course":[],"Dataset":[],"FAQPage":[],"Movie":[],"Person":[],"Product":[],"ProductReview":[],"Car":[],"Recipe":[],"Service":[],"SoftwareApplication":[],"WebPage":[]},"graphName":"","isEnabled":true},"graphs":[],"defaultGraph":"","defaultPostTypeGraph":""},"schema_type":null,"schema_type_options":null,"pillar_content":false,"robots_default":true,"robots_noindex":false,"robots_noarchive":false,"robots_nosnippet":false,"robots_nofollow":false,"robots_noimageindex":false,"robots_noodp":false,"robots_notranslate":false,"robots_max_snippet":null,"robots_max_videopreview":null,"robots_max_imagepreview":"none","priority":null,"frequency":null,"local_seo":null,"seo_analyzer_scan_date":"2025-08-21 05:54:48","breadcrumb_settings":null,"limit_modified_date":false,"open_ai":null,"ai":null,"created":"2020-11-14 22:37:04","updated":"2025-08-21 05:54:48"},"aioseo_breadcrumb":"<div class=\"aioseo-breadcrumbs\"><span class=\"aioseo-breadcrumb\">\n\t<a href=\"https:\/\/www.eldigitaldeasturias.com\/noticias\" title=\"Home\">Home<\/a>\n<\/span><span class=\"aioseo-breadcrumb-separator\">\u2013<\/span><span class=\"aioseo-breadcrumb\">\n\t<a href=\"https:\/\/www.eldigitaldeasturias.com\/noticias\/category\/actualidad\/\" title=\"Actualidad\">Actualidad<\/a>\n<\/span><span class=\"aioseo-breadcrumb-separator\">\u2013<\/span><span class=\"aioseo-breadcrumb\">\n\t<a href=\"https:\/\/www.eldigitaldeasturias.com\/noticias\/villarreal-y-espanyol-se-miden-por-seguir-la-estela-de-los-grandes\/\" title=\"Villarreal y Espanyol se miden por seguir la estela de los \u2018grandes\u2019\">Villarreal y Espanyol se miden por seguir la estela de los \u2018grandes\u2019<\/a>\n<\/span><\/div>","aioseo_breadcrumb_json":[{"label":"Home","link":"https:\/\/www.eldigitaldeasturias.com\/noticias"},{"label":"Actualidad","link":"https:\/\/www.eldigitaldeasturias.com\/noticias\/category\/actualidad\/"},{"label":"Villarreal y Espanyol se miden por seguir la estela de los &#8216;grandes&#8217;","link":"https:\/\/www.eldigitaldeasturias.com\/noticias\/villarreal-y-espanyol-se-miden-por-seguir-la-estela-de-los-grandes\/"}],"_links":{"self":[{"href":"https:\/\/www.eldigitaldeasturias.com\/noticias\/wp-json\/wp\/v2\/posts\/3173","targetHints":{"allow":["GET"]}}],"collection":[{"href":"https:\/\/www.eldigitaldeasturias.com\/noticias\/wp-json\/wp\/v2\/posts"}],"about":[{"href":"https:\/\/www.eldigitaldeasturias.com\/noticias\/wp-json\/wp\/v2\/types\/post"}],"author":[{"embeddable":true,"href":"https:\/\/www.eldigitaldeasturias.com\/noticias\/wp-json\/wp\/v2\/users\/1"}],"replies":[{"embeddable":true,"href":"https:\/\/www.eldigitaldeasturias.com\/noticias\/wp-json\/wp\/v2\/comments?post=3173"}],"version-history":[{"count":0,"href":"https:\/\/www.eldigitaldeasturias.com\/noticias\/wp-json\/wp\/v2\/posts\/3173\/revisions"}],"wp:featuredmedia":[{"embeddable":true,"href":"https:\/\/www.eldigitaldeasturias.com\/noticias\/wp-json\/"}],"wp:attachment":[{"href":"https:\/\/www.eldigitaldeasturias.com\/noticias\/wp-json\/wp\/v2\/media?parent=3173"}],"wp:term":[{"taxonomy":"category","embeddable":true,"href":"https:\/\/www.eldigitaldeasturias.com\/noticias\/wp-json\/wp\/v2\/categories?post=3173"},{"taxonomy":"post_tag","embeddable":true,"href":"https:\/\/www.eldigitaldeasturias.com\/noticias\/wp-json\/wp\/v2\/tags?post=3173"}],"curies":[{"name":"wp","href":"https:\/\/api.w.org\/{rel}","templated":true}]}}