{"id":3170,"date":"2013-09-25T21:04:03","date_gmt":"2013-09-25T21:04:03","guid":{"rendered":"http:\/\/www.eldigitaldeasturias.com\/noticias\/?p=3170"},"modified":"2013-09-25T21:04:03","modified_gmt":"2013-09-25T21:04:03","slug":"lotus-reconoce-que-no-pagaba-a-raikkonen","status":"publish","type":"post","link":"https:\/\/www.eldigitaldeasturias.com\/noticias\/lotus-reconoce-que-no-pagaba-a-raikkonen\/","title":{"rendered":"Lotus reconoce que no pagaba a Raikkonen"},"content":{"rendered":"<p><img loading=\"lazy\" decoding=\"async\" class=\"alignleft size-medium wp-image-3171\" alt=\"raiko\" src=\"https:\/\/www.eldigitaldeasturias.com\/noticias\/wp-content\/uploads\/2013\/09\/raiko-360x163.jpg\" width=\"360\" height=\"163\" \/>MADRID, 25 Sep. (EUROPA PRESS) &#8211;\u00a0El director de la escuder\u00eda Lotus, Eric Boullier, ha reconocido que no estaban al corriente con los pagos a Kimi Raikkonen y ha lamentado \u00abla venganza\u00bb que se ha tomado el piloto fichando por Ferrari para la pr\u00f3xima temporada, ya que no tuvo tiempo \u00abni de tomar un caf\u00e9\u00bb para debatirlo con el finland\u00e9s antes de tomar la decisi\u00f3n de marcharse.<\/p>\n<p>\u00abEs de conocimiento p\u00fablico que \u00edbamos retrasados en el pago de su salario y eso le molest\u00f3. Cuando diriges un equipo tienes que decidir d\u00f3nde quieres gastar el dinero. Nuestro suministradores y la gente clave para desarrollar el coche eran la prioridad, quiz\u00e1 Kimi no lo era. Pero Kimi estaba en situaci\u00f3n similar el a\u00f1o pasado y a final de temporada todo se arregl\u00f3. Ten\u00edamos la idea de hacerlo igual este a\u00f1o\u00bb, lament\u00f3 Boullier en una entrevista a &#8216;formula1.com&#8217; que recoge Europa Press.<\/p>\n<p>A la hora de analizar las razones de Raikkonen para abandonar Lotus, el director dijo que \u00abhabr\u00e1 que preguntarle a \u00e9l\u00bb, aunque ya se ha formado una idea. \u00abSupongo que buscaba seguridad, pero tambi\u00e9n que hab\u00eda un elemento de venganza. Le ense\u00f1aron la puerta y luego le llamaron. Pero solo es mi suposici\u00f3n\u00bb, aclar\u00f3.<\/p>\n<p>Boullier revel\u00f3 que conocieron la marcha del piloto \u00abmuy poco antes de que Ferrari lo anunciara\u00bb. \u00abNo tuvimos tiempo ni de sentarnos a tomar un caf\u00e9 para hablarlo\u00bb, lament\u00f3 el franc\u00e9s, que se siente \u00abdecepcionado, pero no amargado\u00bb.<\/p>\n<p>\u00abHay que aceptar los hechos, no se puede vivir de expecativas. Nos hubiera encantado mantener a Kimi y continuar la bonita historia que hemos construido los \u00faltimos a\u00f1os, pero tenemos que enfrentarnos a la realidad. Es da\u00f1ino para la imagen del equipo porque la combinaci\u00f3n entre Kimi y Lotus como marca encajaba perfectamente\u00bb, asumi\u00f3.<\/p>\n<p>En cuanto al sustituto de Raikkonen, reconoci\u00f3 que interesan tanto Felipe Massa como Nico Hulkenberg. \u00abAmbos son muy r\u00e1pidos. Felipe est\u00e1 mas cerca del final que del principio de su carrera. Es un casi campe\u00f3n del mundo -fue campe\u00f3n durante media vuelta-. Tiene mucha experiencia y eso es valioso. Hulkenberg est\u00e1 muy valorado en el &#8216;paddock&#8217;. As\u00ed que la pregunta es si queremos ser conservadores con un piloto veterano o apostar por la juventud\u00bb, analiz\u00f3.<\/p>\n","protected":false},"excerpt":{"rendered":"<p>MADRID, 25 Sep. (EUROPA PRESS) &#8211;\u00a0El director de la escuder\u00eda Lotus, Eric Boullier, ha reconocido que no estaban al corriente con los pagos a Kimi Raikkonen y ha lamentado \u00abla venganza\u00bb que se ha tomado el piloto fichando por Ferrari para la pr\u00f3xima temporada, ya que no tuvo tiempo \u00abni de tomar un caf\u00e9\u00bb para [&hellip;]<\/p>\n","protected":false},"author":1,"featured_media":3171,"comment_status":"open","ping_status":"open","sticky":false,"template":"","format":"standard","meta":{"footnotes":""},"categories":[1],"tags":[],"class_list":["post-3170","post","type-post","status-publish","format-standard","has-post-thumbnail","hentry","category-actualidad"],"aioseo_notices":[],"aioseo_head":"\n\t\t<!-- All in One SEO Pro 4.9.6.2 - aioseo.com -->\n\t<meta name=\"description\" content=\"MADRID, 25 Sep. (EUROPA PRESS) - El director de la escuder\u00eda Lotus, Eric Boullier, ha reconocido que no estaban al corriente con los pagos a Kimi Raikkonen y ha lamentado &quot;la venganza&quot; que se ha tomado el piloto fichando por Ferrari para la pr\u00f3xima temporada, ya que no tuvo tiempo &quot;ni de tomar un caf\u00e9&quot; para\" \/>\n\t<meta name=\"robots\" content=\"max-image-preview:large\" \/>\n\t<meta name=\"author\" content=\"El Digital de Asturias\"\/>\n\t<meta name=\"google-site-verification\" content=\"UA-38556648-1\" \/>\n\t<meta name=\"msvalidate.01\" content=\"7dfe9f3f1b24437ab69f4f2559babe99\" \/>\n\t<meta name=\"keywords\" content=\"actualidad\" \/>\n\t<link rel=\"canonical\" href=\"https:\/\/www.eldigitaldeasturias.com\/noticias\/lotus-reconoce-que-no-pagaba-a-raikkonen\/\" \/>\n\t<meta name=\"generator\" content=\"All in One SEO Pro (AIOSEO) 4.9.6.2\" \/>\n\t\t<meta property=\"og:locale\" content=\"es_ES\" \/>\n\t\t<meta property=\"og:site_name\" content=\"El Digital de Asturias\" \/>\n\t\t<meta property=\"og:type\" content=\"article\" \/>\n\t\t<meta property=\"og:title\" content=\"Lotus reconoce que no pagaba a Raikkonen - El Digital de Asturias\" \/>\n\t\t<meta property=\"og:description\" content=\"MADRID, 25 Sep. (EUROPA PRESS) - El director de la escuder\u00eda Lotus, Eric Boullier, ha reconocido que no estaban al corriente con los pagos a Kimi Raikkonen y ha lamentado &quot;la venganza&quot; que se ha tomado el piloto fichando por Ferrari para la pr\u00f3xima temporada, ya que no tuvo tiempo &quot;ni de tomar un caf\u00e9&quot; para\" \/>\n\t\t<meta property=\"og:url\" content=\"https:\/\/www.eldigitaldeasturias.com\/noticias\/lotus-reconoce-que-no-pagaba-a-raikkonen\/\" \/>\n\t\t<meta property=\"article:tag\" content=\"actualidad\" \/>\n\t\t<meta property=\"article:published_time\" content=\"2013-09-25T21:04:03+00:00\" \/>\n\t\t<meta property=\"article:modified_time\" content=\"2013-09-25T21:04:03+00:00\" \/>\n\t\t<meta property=\"article:publisher\" content=\"https:\/\/facebook.com\/eldigitaldeasturias\" \/>\n\t\t<meta name=\"twitter:card\" content=\"summary_large_image\" \/>\n\t\t<meta name=\"twitter:title\" content=\"Lotus reconoce que no pagaba a Raikkonen - El Digital de Asturias\" \/>\n\t\t<meta name=\"twitter:description\" content=\"MADRID, 25 Sep. (EUROPA PRESS) - El director de la escuder\u00eda Lotus, Eric Boullier, ha reconocido que no estaban al corriente con los pagos a Kimi Raikkonen y ha lamentado &quot;la venganza&quot; que se ha tomado el piloto fichando por Ferrari para la pr\u00f3xima temporada, ya que no tuvo tiempo &quot;ni de tomar un caf\u00e9&quot; para\" \/>\n\t\t<meta name=\"twitter:label1\" content=\"Escrito por\" \/>\n\t\t<meta name=\"twitter:data1\" content=\"El Digital de Asturias\" \/>\n\t\t<meta name=\"twitter:label2\" content=\"Tiempo de lectura estimado\" \/>\n\t\t<meta name=\"twitter:data2\" content=\"2 minutos\" \/>\n\t\t<script type=\"application\/ld+json\" class=\"aioseo-schema\">\n\t\t\t{\"@context\":\"https:\\\/\\\/schema.org\",\"@graph\":[{\"@type\":\"BlogPosting\",\"@id\":\"https:\\\/\\\/www.eldigitaldeasturias.com\\\/noticias\\\/lotus-reconoce-que-no-pagaba-a-raikkonen\\\/#blogposting\",\"name\":\"Lotus reconoce que no pagaba a Raikkonen - El Digital de Asturias\",\"headline\":\"Lotus reconoce que no pagaba a Raikkonen\",\"author\":{\"@id\":\"https:\\\/\\\/www.eldigitaldeasturias.com\\\/noticias\\\/author\\\/admin\\\/#author\"},\"publisher\":{\"@id\":\"https:\\\/\\\/www.eldigitaldeasturias.com\\\/noticias\\\/#organization\"},\"image\":{\"@type\":\"ImageObject\",\"url\":3171},\"datePublished\":\"2013-09-25T21:04:03+02:00\",\"dateModified\":\"2013-09-25T21:04:03+02:00\",\"inLanguage\":\"es-ES\",\"mainEntityOfPage\":{\"@id\":\"https:\\\/\\\/www.eldigitaldeasturias.com\\\/noticias\\\/lotus-reconoce-que-no-pagaba-a-raikkonen\\\/#webpage\"},\"isPartOf\":{\"@id\":\"https:\\\/\\\/www.eldigitaldeasturias.com\\\/noticias\\\/lotus-reconoce-que-no-pagaba-a-raikkonen\\\/#webpage\"},\"articleSection\":\"Actualidad\"},{\"@type\":\"BreadcrumbList\",\"@id\":\"https:\\\/\\\/www.eldigitaldeasturias.com\\\/noticias\\\/lotus-reconoce-que-no-pagaba-a-raikkonen\\\/#breadcrumblist\",\"itemListElement\":[{\"@type\":\"ListItem\",\"@id\":\"https:\\\/\\\/www.eldigitaldeasturias.com\\\/noticias#listItem\",\"position\":1,\"name\":\"Home\",\"item\":\"https:\\\/\\\/www.eldigitaldeasturias.com\\\/noticias\",\"nextItem\":{\"@type\":\"ListItem\",\"@id\":\"https:\\\/\\\/www.eldigitaldeasturias.com\\\/noticias\\\/category\\\/actualidad\\\/#listItem\",\"name\":\"Actualidad\"}},{\"@type\":\"ListItem\",\"@id\":\"https:\\\/\\\/www.eldigitaldeasturias.com\\\/noticias\\\/category\\\/actualidad\\\/#listItem\",\"position\":2,\"name\":\"Actualidad\",\"item\":\"https:\\\/\\\/www.eldigitaldeasturias.com\\\/noticias\\\/category\\\/actualidad\\\/\",\"nextItem\":{\"@type\":\"ListItem\",\"@id\":\"https:\\\/\\\/www.eldigitaldeasturias.com\\\/noticias\\\/lotus-reconoce-que-no-pagaba-a-raikkonen\\\/#listItem\",\"name\":\"Lotus reconoce que no pagaba a Raikkonen\"},\"previousItem\":{\"@type\":\"ListItem\",\"@id\":\"https:\\\/\\\/www.eldigitaldeasturias.com\\\/noticias#listItem\",\"name\":\"Home\"}},{\"@type\":\"ListItem\",\"@id\":\"https:\\\/\\\/www.eldigitaldeasturias.com\\\/noticias\\\/lotus-reconoce-que-no-pagaba-a-raikkonen\\\/#listItem\",\"position\":3,\"name\":\"Lotus reconoce que no pagaba a Raikkonen\",\"previousItem\":{\"@type\":\"ListItem\",\"@id\":\"https:\\\/\\\/www.eldigitaldeasturias.com\\\/noticias\\\/category\\\/actualidad\\\/#listItem\",\"name\":\"Actualidad\"}}]},{\"@type\":\"Organization\",\"@id\":\"https:\\\/\\\/www.eldigitaldeasturias.com\\\/noticias\\\/#organization\",\"name\":\"El Digital de Asturias\",\"description\":\"Hemeroteca\",\"url\":\"https:\\\/\\\/www.eldigitaldeasturias.com\\\/noticias\\\/\",\"email\":\"info@eldigitaldeasturias.com\",\"telephone\":\"+34652131393\",\"logo\":{\"@type\":\"ImageObject\",\"url\":\"https:\\\/\\\/www.eldigitaldeasturias.com\\\/noticias\\\/wp-content\\\/uploads\\\/2020\\\/12\\\/EDA.jpg\",\"@id\":\"https:\\\/\\\/www.eldigitaldeasturias.com\\\/noticias\\\/lotus-reconoce-que-no-pagaba-a-raikkonen\\\/#organizationLogo\",\"width\":649,\"height\":297},\"image\":{\"@id\":\"https:\\\/\\\/www.eldigitaldeasturias.com\\\/noticias\\\/lotus-reconoce-que-no-pagaba-a-raikkonen\\\/#organizationLogo\"},\"sameAs\":[\"https:\\\/\\\/facebook.com\\\/eldigitaldeasturias\",\"https:\\\/\\\/www.youtube.com\\\/channel\\\/UCZP-2wLEB9Rv6erhFmqVnvg\"],\"address\":{\"@id\":\"https:\\\/\\\/www.eldigitaldeasturias.com\\\/noticias\\\/#postaladdress\",\"@type\":\"PostalAddress\",\"streetAddress\":\"san antonio 4,\",\"postalCode\":\"33430\",\"addressLocality\":\"Cand\\u00e1s\",\"addressRegion\":\"Asturias\",\"addressCountry\":\"ES\"}},{\"@type\":\"Person\",\"@id\":\"https:\\\/\\\/www.eldigitaldeasturias.com\\\/noticias\\\/author\\\/admin\\\/#author\",\"url\":\"https:\\\/\\\/www.eldigitaldeasturias.com\\\/noticias\\\/author\\\/admin\\\/\",\"name\":\"El Digital de Asturias\",\"image\":{\"@type\":\"ImageObject\",\"@id\":\"https:\\\/\\\/www.eldigitaldeasturias.com\\\/noticias\\\/lotus-reconoce-que-no-pagaba-a-raikkonen\\\/#authorImage\",\"url\":\"https:\\\/\\\/www.eldigitaldeasturias.com\\\/noticias\\\/wp-content\\\/litespeed\\\/avatar\\\/18677e78aa0546b92d9dbf31ec7d7668.jpg?ver=1777290358\",\"width\":96,\"height\":96,\"caption\":\"El Digital de Asturias\"}},{\"@type\":\"WebPage\",\"@id\":\"https:\\\/\\\/www.eldigitaldeasturias.com\\\/noticias\\\/lotus-reconoce-que-no-pagaba-a-raikkonen\\\/#webpage\",\"url\":\"https:\\\/\\\/www.eldigitaldeasturias.com\\\/noticias\\\/lotus-reconoce-que-no-pagaba-a-raikkonen\\\/\",\"name\":\"Lotus reconoce que no pagaba a Raikkonen - El Digital de Asturias\",\"description\":\"MADRID, 25 Sep. (EUROPA PRESS) - El director de la escuder\\u00eda Lotus, Eric Boullier, ha reconocido que no estaban al corriente con los pagos a Kimi Raikkonen y ha lamentado \\\"la venganza\\\" que se ha tomado el piloto fichando por Ferrari para la pr\\u00f3xima temporada, ya que no tuvo tiempo \\\"ni de tomar un caf\\u00e9\\\" para\",\"inLanguage\":\"es-ES\",\"isPartOf\":{\"@id\":\"https:\\\/\\\/www.eldigitaldeasturias.com\\\/noticias\\\/#website\"},\"breadcrumb\":{\"@id\":\"https:\\\/\\\/www.eldigitaldeasturias.com\\\/noticias\\\/lotus-reconoce-que-no-pagaba-a-raikkonen\\\/#breadcrumblist\"},\"author\":{\"@id\":\"https:\\\/\\\/www.eldigitaldeasturias.com\\\/noticias\\\/author\\\/admin\\\/#author\"},\"creator\":{\"@id\":\"https:\\\/\\\/www.eldigitaldeasturias.com\\\/noticias\\\/author\\\/admin\\\/#author\"},\"image\":{\"@type\":\"ImageObject\",\"url\":3171,\"@id\":\"https:\\\/\\\/www.eldigitaldeasturias.com\\\/noticias\\\/lotus-reconoce-que-no-pagaba-a-raikkonen\\\/#mainImage\"},\"primaryImageOfPage\":{\"@id\":\"https:\\\/\\\/www.eldigitaldeasturias.com\\\/noticias\\\/lotus-reconoce-que-no-pagaba-a-raikkonen\\\/#mainImage\"},\"datePublished\":\"2013-09-25T21:04:03+02:00\",\"dateModified\":\"2013-09-25T21:04:03+02:00\"},{\"@type\":\"WebSite\",\"@id\":\"https:\\\/\\\/www.eldigitaldeasturias.com\\\/noticias\\\/#website\",\"url\":\"https:\\\/\\\/www.eldigitaldeasturias.com\\\/noticias\\\/\",\"name\":\"El Digital de Asturias - Diario de actualidad y noticias\",\"alternateName\":\"El Digital de Asturias - Diario de actualidad y noticias\",\"description\":\"Hemeroteca\",\"inLanguage\":\"es-ES\",\"publisher\":{\"@id\":\"https:\\\/\\\/www.eldigitaldeasturias.com\\\/noticias\\\/#organization\"}}]}\n\t\t<\/script>\n\t\t<!-- All in One SEO Pro -->\r\n\t\t<title>Lotus reconoce que no pagaba a Raikkonen - El Digital de Asturias<\/title>\n\n","aioseo_head_json":{"title":"Lotus reconoce que no pagaba a Raikkonen - El Digital de Asturias","description":"MADRID, 25 Sep. (EUROPA PRESS) - El director de la escuder\u00eda Lotus, Eric Boullier, ha reconocido que no estaban al corriente con los pagos a Kimi Raikkonen y ha lamentado \"la venganza\" que se ha tomado el piloto fichando por Ferrari para la pr\u00f3xima temporada, ya que no tuvo tiempo \"ni de tomar un caf\u00e9\" para","canonical_url":"https:\/\/www.eldigitaldeasturias.com\/noticias\/lotus-reconoce-que-no-pagaba-a-raikkonen\/","robots":"max-image-preview:large","keywords":"actualidad","webmasterTools":{"google-site-verification":"UA-38556648-1","msvalidate.01":"7dfe9f3f1b24437ab69f4f2559babe99","miscellaneous":""},"schema":{"@context":"https:\/\/schema.org","@graph":[{"@type":"BlogPosting","@id":"https:\/\/www.eldigitaldeasturias.com\/noticias\/lotus-reconoce-que-no-pagaba-a-raikkonen\/#blogposting","name":"Lotus reconoce que no pagaba a Raikkonen - El Digital de Asturias","headline":"Lotus reconoce que no pagaba a Raikkonen","author":{"@id":"https:\/\/www.eldigitaldeasturias.com\/noticias\/author\/admin\/#author"},"publisher":{"@id":"https:\/\/www.eldigitaldeasturias.com\/noticias\/#organization"},"image":{"@type":"ImageObject","url":3171},"datePublished":"2013-09-25T21:04:03+02:00","dateModified":"2013-09-25T21:04:03+02:00","inLanguage":"es-ES","mainEntityOfPage":{"@id":"https:\/\/www.eldigitaldeasturias.com\/noticias\/lotus-reconoce-que-no-pagaba-a-raikkonen\/#webpage"},"isPartOf":{"@id":"https:\/\/www.eldigitaldeasturias.com\/noticias\/lotus-reconoce-que-no-pagaba-a-raikkonen\/#webpage"},"articleSection":"Actualidad"},{"@type":"BreadcrumbList","@id":"https:\/\/www.eldigitaldeasturias.com\/noticias\/lotus-reconoce-que-no-pagaba-a-raikkonen\/#breadcrumblist","itemListElement":[{"@type":"ListItem","@id":"https:\/\/www.eldigitaldeasturias.com\/noticias#listItem","position":1,"name":"Home","item":"https:\/\/www.eldigitaldeasturias.com\/noticias","nextItem":{"@type":"ListItem","@id":"https:\/\/www.eldigitaldeasturias.com\/noticias\/category\/actualidad\/#listItem","name":"Actualidad"}},{"@type":"ListItem","@id":"https:\/\/www.eldigitaldeasturias.com\/noticias\/category\/actualidad\/#listItem","position":2,"name":"Actualidad","item":"https:\/\/www.eldigitaldeasturias.com\/noticias\/category\/actualidad\/","nextItem":{"@type":"ListItem","@id":"https:\/\/www.eldigitaldeasturias.com\/noticias\/lotus-reconoce-que-no-pagaba-a-raikkonen\/#listItem","name":"Lotus reconoce que no pagaba a Raikkonen"},"previousItem":{"@type":"ListItem","@id":"https:\/\/www.eldigitaldeasturias.com\/noticias#listItem","name":"Home"}},{"@type":"ListItem","@id":"https:\/\/www.eldigitaldeasturias.com\/noticias\/lotus-reconoce-que-no-pagaba-a-raikkonen\/#listItem","position":3,"name":"Lotus reconoce que no pagaba a Raikkonen","previousItem":{"@type":"ListItem","@id":"https:\/\/www.eldigitaldeasturias.com\/noticias\/category\/actualidad\/#listItem","name":"Actualidad"}}]},{"@type":"Organization","@id":"https:\/\/www.eldigitaldeasturias.com\/noticias\/#organization","name":"El Digital de Asturias","description":"Hemeroteca","url":"https:\/\/www.eldigitaldeasturias.com\/noticias\/","email":"info@eldigitaldeasturias.com","telephone":"+34652131393","logo":{"@type":"ImageObject","url":"https:\/\/www.eldigitaldeasturias.com\/noticias\/wp-content\/uploads\/2020\/12\/EDA.jpg","@id":"https:\/\/www.eldigitaldeasturias.com\/noticias\/lotus-reconoce-que-no-pagaba-a-raikkonen\/#organizationLogo","width":649,"height":297},"image":{"@id":"https:\/\/www.eldigitaldeasturias.com\/noticias\/lotus-reconoce-que-no-pagaba-a-raikkonen\/#organizationLogo"},"sameAs":["https:\/\/facebook.com\/eldigitaldeasturias","https:\/\/www.youtube.com\/channel\/UCZP-2wLEB9Rv6erhFmqVnvg"],"address":{"@id":"https:\/\/www.eldigitaldeasturias.com\/noticias\/#postaladdress","@type":"PostalAddress","streetAddress":"san antonio 4,","postalCode":"33430","addressLocality":"Cand\u00e1s","addressRegion":"Asturias","addressCountry":"ES"}},{"@type":"Person","@id":"https:\/\/www.eldigitaldeasturias.com\/noticias\/author\/admin\/#author","url":"https:\/\/www.eldigitaldeasturias.com\/noticias\/author\/admin\/","name":"El Digital de Asturias","image":{"@type":"ImageObject","@id":"https:\/\/www.eldigitaldeasturias.com\/noticias\/lotus-reconoce-que-no-pagaba-a-raikkonen\/#authorImage","url":"https:\/\/www.eldigitaldeasturias.com\/noticias\/wp-content\/litespeed\/avatar\/18677e78aa0546b92d9dbf31ec7d7668.jpg?ver=1777290358","width":96,"height":96,"caption":"El Digital de Asturias"}},{"@type":"WebPage","@id":"https:\/\/www.eldigitaldeasturias.com\/noticias\/lotus-reconoce-que-no-pagaba-a-raikkonen\/#webpage","url":"https:\/\/www.eldigitaldeasturias.com\/noticias\/lotus-reconoce-que-no-pagaba-a-raikkonen\/","name":"Lotus reconoce que no pagaba a Raikkonen - El Digital de Asturias","description":"MADRID, 25 Sep. (EUROPA PRESS) - El director de la escuder\u00eda Lotus, Eric Boullier, ha reconocido que no estaban al corriente con los pagos a Kimi Raikkonen y ha lamentado \"la venganza\" que se ha tomado el piloto fichando por Ferrari para la pr\u00f3xima temporada, ya que no tuvo tiempo \"ni de tomar un caf\u00e9\" para","inLanguage":"es-ES","isPartOf":{"@id":"https:\/\/www.eldigitaldeasturias.com\/noticias\/#website"},"breadcrumb":{"@id":"https:\/\/www.eldigitaldeasturias.com\/noticias\/lotus-reconoce-que-no-pagaba-a-raikkonen\/#breadcrumblist"},"author":{"@id":"https:\/\/www.eldigitaldeasturias.com\/noticias\/author\/admin\/#author"},"creator":{"@id":"https:\/\/www.eldigitaldeasturias.com\/noticias\/author\/admin\/#author"},"image":{"@type":"ImageObject","url":3171,"@id":"https:\/\/www.eldigitaldeasturias.com\/noticias\/lotus-reconoce-que-no-pagaba-a-raikkonen\/#mainImage"},"primaryImageOfPage":{"@id":"https:\/\/www.eldigitaldeasturias.com\/noticias\/lotus-reconoce-que-no-pagaba-a-raikkonen\/#mainImage"},"datePublished":"2013-09-25T21:04:03+02:00","dateModified":"2013-09-25T21:04:03+02:00"},{"@type":"WebSite","@id":"https:\/\/www.eldigitaldeasturias.com\/noticias\/#website","url":"https:\/\/www.eldigitaldeasturias.com\/noticias\/","name":"El Digital de Asturias - Diario de actualidad y noticias","alternateName":"El Digital de Asturias - Diario de actualidad y noticias","description":"Hemeroteca","inLanguage":"es-ES","publisher":{"@id":"https:\/\/www.eldigitaldeasturias.com\/noticias\/#organization"}}]},"og:locale":"es_ES","og:site_name":"El Digital de Asturias","og:type":"article","og:title":"Lotus reconoce que no pagaba a Raikkonen - El Digital de Asturias","og:description":"MADRID, 25 Sep. (EUROPA PRESS) - El director de la escuder\u00eda Lotus, Eric Boullier, ha reconocido que no estaban al corriente con los pagos a Kimi Raikkonen y ha lamentado &quot;la venganza&quot; que se ha tomado el piloto fichando por Ferrari para la pr\u00f3xima temporada, ya que no tuvo tiempo &quot;ni de tomar un caf\u00e9&quot; para","og:url":"https:\/\/www.eldigitaldeasturias.com\/noticias\/lotus-reconoce-que-no-pagaba-a-raikkonen\/","article:tag":["actualidad"],"article:published_time":"2013-09-25T21:04:03+00:00","article:modified_time":"2013-09-25T21:04:03+00:00","article:publisher":"https:\/\/facebook.com\/eldigitaldeasturias","twitter:card":"summary_large_image","twitter:title":"Lotus reconoce que no pagaba a Raikkonen - El Digital de Asturias","twitter:description":"MADRID, 25 Sep. (EUROPA PRESS) - El director de la escuder\u00eda Lotus, Eric Boullier, ha reconocido que no estaban al corriente con los pagos a Kimi Raikkonen y ha lamentado &quot;la venganza&quot; que se ha tomado el piloto fichando por Ferrari para la pr\u00f3xima temporada, ya que no tuvo tiempo &quot;ni de tomar un caf\u00e9&quot; para","twitter:label1":"Escrito por","twitter:data1":"El Digital de Asturias","twitter:label2":"Tiempo de lectura estimado","twitter:data2":"2 minutos"},"aioseo_meta_data":{"post_id":"3170","title":null,"description":null,"keywords":null,"keyphrases":null,"primary_term":null,"canonical_url":null,"og_title":null,"og_description":null,"og_object_type":"default","og_image_type":"default","og_image_url":null,"og_image_width":null,"og_image_height":null,"og_image_custom_url":null,"og_image_custom_fields":null,"og_video":null,"og_custom_url":null,"og_article_section":null,"og_article_tags":null,"twitter_use_og":true,"twitter_card":"default","twitter_image_type":"default","twitter_image_url":null,"twitter_image_custom_url":null,"twitter_image_custom_fields":null,"twitter_title":null,"twitter_description":null,"schema":{"blockGraphs":[],"customGraphs":[],"default":{"data":{"Article":[],"Course":[],"Dataset":[],"FAQPage":[],"Movie":[],"Person":[],"Product":[],"ProductReview":[],"Car":[],"Recipe":[],"Service":[],"SoftwareApplication":[],"WebPage":[]},"graphName":"","isEnabled":true},"graphs":[],"defaultGraph":"","defaultPostTypeGraph":""},"schema_type":null,"schema_type_options":null,"pillar_content":false,"robots_default":true,"robots_noindex":false,"robots_noarchive":false,"robots_nosnippet":false,"robots_nofollow":false,"robots_noimageindex":false,"robots_noodp":false,"robots_notranslate":false,"robots_max_snippet":null,"robots_max_videopreview":null,"robots_max_imagepreview":"none","priority":null,"frequency":null,"local_seo":null,"seo_analyzer_scan_date":"2025-08-21 05:54:48","breadcrumb_settings":null,"limit_modified_date":false,"open_ai":null,"ai":null,"created":"2020-11-14 22:37:03","updated":"2025-08-21 05:54:48"},"aioseo_breadcrumb":"<div class=\"aioseo-breadcrumbs\"><span class=\"aioseo-breadcrumb\">\n\t<a href=\"https:\/\/www.eldigitaldeasturias.com\/noticias\" title=\"Home\">Home<\/a>\n<\/span><span class=\"aioseo-breadcrumb-separator\">\u2013<\/span><span class=\"aioseo-breadcrumb\">\n\t<a href=\"https:\/\/www.eldigitaldeasturias.com\/noticias\/category\/actualidad\/\" title=\"Actualidad\">Actualidad<\/a>\n<\/span><span class=\"aioseo-breadcrumb-separator\">\u2013<\/span><span class=\"aioseo-breadcrumb\">\n\t<a href=\"https:\/\/www.eldigitaldeasturias.com\/noticias\/lotus-reconoce-que-no-pagaba-a-raikkonen\/\" title=\"Lotus reconoce que no pagaba a Raikkonen\">Lotus reconoce que no pagaba a Raikkonen<\/a>\n<\/span><\/div>","aioseo_breadcrumb_json":[{"label":"Home","link":"https:\/\/www.eldigitaldeasturias.com\/noticias"},{"label":"Actualidad","link":"https:\/\/www.eldigitaldeasturias.com\/noticias\/category\/actualidad\/"},{"label":"Lotus reconoce que no pagaba a Raikkonen","link":"https:\/\/www.eldigitaldeasturias.com\/noticias\/lotus-reconoce-que-no-pagaba-a-raikkonen\/"}],"_links":{"self":[{"href":"https:\/\/www.eldigitaldeasturias.com\/noticias\/wp-json\/wp\/v2\/posts\/3170","targetHints":{"allow":["GET"]}}],"collection":[{"href":"https:\/\/www.eldigitaldeasturias.com\/noticias\/wp-json\/wp\/v2\/posts"}],"about":[{"href":"https:\/\/www.eldigitaldeasturias.com\/noticias\/wp-json\/wp\/v2\/types\/post"}],"author":[{"embeddable":true,"href":"https:\/\/www.eldigitaldeasturias.com\/noticias\/wp-json\/wp\/v2\/users\/1"}],"replies":[{"embeddable":true,"href":"https:\/\/www.eldigitaldeasturias.com\/noticias\/wp-json\/wp\/v2\/comments?post=3170"}],"version-history":[{"count":0,"href":"https:\/\/www.eldigitaldeasturias.com\/noticias\/wp-json\/wp\/v2\/posts\/3170\/revisions"}],"wp:featuredmedia":[{"embeddable":true,"href":"https:\/\/www.eldigitaldeasturias.com\/noticias\/wp-json\/"}],"wp:attachment":[{"href":"https:\/\/www.eldigitaldeasturias.com\/noticias\/wp-json\/wp\/v2\/media?parent=3170"}],"wp:term":[{"taxonomy":"category","embeddable":true,"href":"https:\/\/www.eldigitaldeasturias.com\/noticias\/wp-json\/wp\/v2\/categories?post=3170"},{"taxonomy":"post_tag","embeddable":true,"href":"https:\/\/www.eldigitaldeasturias.com\/noticias\/wp-json\/wp\/v2\/tags?post=3170"}],"curies":[{"name":"wp","href":"https:\/\/api.w.org\/{rel}","templated":true}]}}