{"id":3147,"date":"2013-09-25T20:41:50","date_gmt":"2013-09-25T20:41:50","guid":{"rendered":"http:\/\/www.eldigitaldeasturias.com\/noticias\/?p=3147"},"modified":"2013-09-25T20:41:50","modified_gmt":"2013-09-25T20:41:50","slug":"brasil-advierte-a-telefonica-de-que-no-podra-controlar-vivo-y-tim","status":"publish","type":"post","link":"https:\/\/www.eldigitaldeasturias.com\/noticias\/brasil-advierte-a-telefonica-de-que-no-podra-controlar-vivo-y-tim\/","title":{"rendered":"Brasil advierte a Telef\u00f3nica de que no podr\u00e1 controlar Vivo y TIM"},"content":{"rendered":"<p><img loading=\"lazy\" decoding=\"async\" class=\"alignleft size-medium wp-image-1724\" alt=\"euros_20130922131650_800\" src=\"https:\/\/www.eldigitaldeasturias.com\/noticias\/wp-content\/uploads\/2013\/09\/euros_20130922131650_800-360x246.jpg\" width=\"360\" height=\"246\" \/>BRASILIA (BRASIL) , 25 Sep. (EUROPA PRESS) &#8211;\u00a0El ministro de Comunicaciones de Brasil, Paulo Bernardo, ha se\u00f1alado que Telef\u00f3nica no podr\u00e1 tener el control de dos de los principales operadores del pa\u00eds como son Vivo (en manos de la multinacional espa\u00f1ola) y TIM (que controla Telecom Italia), ya que dicho movimiento empresarial seria contrario a las leyes del pa\u00eds.<\/p>\n<p>\u00abClaramente, una empresa no puede controlar a la otra porque eso significar\u00eda una concentraci\u00f3n muy grande en las manos de un mismo grupo\u00bb, ha se\u00f1alado el ministro en declaraciones de la &#8216;Ag\u00eancia Brasil&#8217;.<\/p>\n<p>Las declaraciones del ministro de comunicaciones brasile\u00f1o se producen tras anunciar ayer Telef\u00f3nica su acuerdo con sus socios en Telco para elevar su participaci\u00f3n econ\u00f3mica en dicho holding del 46% al 66%, en una primera fase, y al 70%, en una segunda fase por un importe total que rondar\u00eda los 865 millones de euros.<\/p>\n<p>De esta cantidad, 441,22 millones de euros corresponden a dos ampliaciones de capital que suscribir\u00e1 la operadora espa\u00f1ola y el resto a la compra de un bono emitido por Telco que la firma espa\u00f1ola abonar\u00e1 con el desembolso de 39,021 millones de acciones en autocartera, que supone un 0,9% de su capital social y un importe de 424 millones de euros.<\/p>\n<p>La firma espa\u00f1ola ha querido recalcar que, si bien aumenta su participaci\u00f3n econ\u00f3mica en el holding, su derecho de voto en el mismo seguir\u00e1 siendo del 46%.<\/p>\n<p>Bernardo ha se\u00f1alado que el Gobierno brasile\u00f1o esperar\u00e1 a que este acuerdo sea examinado por la Agencia Nacional de Telecomunicaciones (Anatel) y el Consejo Administrativo de Defensa Econ\u00f3mica (Cade).<\/p>\n<p>Para Bernardo el control por parte de un mismo grupo de dos operadores m\u00f3viles en Brasil supondr\u00eda disminuir la competencia en el mercado, lo que \u00abpara nosotros es algo muy negativo\u00bb.<\/p>\n<p>Por eso, el ministro ha explicado que una operaci\u00f3n de este tipo supondr\u00eda dar a Telef\u00f3nica una fecha l\u00edmite para vender el control de una de estas empresa a otro grupo no presente en el pa\u00eds, como son Vivo, Oi, Claro y Nextel. \u00abUn grupo no puede controlar dos empresas de este tama\u00f1o en el pa\u00eds, ya que lo impide la ley\u00bb, ha aclarado.<\/p>\n<p>Actualmente, la filial brasile\u00f1a de Telef\u00f3nica, Vivo, es l\u00edder en dicho mercado con una cuota del 28%, seguido de TIM, con una cuota del 27%, Claro (controlado por el grupo de Carlos Slim, Am\u00e9rica M\u00f3vil), con un 24%, y Oi, con un 18%.<\/p>\n","protected":false},"excerpt":{"rendered":"<p>BRASILIA (BRASIL) , 25 Sep. (EUROPA PRESS) &#8211;\u00a0El ministro de Comunicaciones de Brasil, Paulo Bernardo, ha se\u00f1alado que Telef\u00f3nica no podr\u00e1 tener el control de dos de los principales operadores del pa\u00eds como son Vivo (en manos de la multinacional espa\u00f1ola) y TIM (que controla Telecom Italia), ya que dicho movimiento empresarial seria contrario a [&hellip;]<\/p>\n","protected":false},"author":1,"featured_media":1724,"comment_status":"open","ping_status":"open","sticky":false,"template":"","format":"standard","meta":{"footnotes":""},"categories":[1],"tags":[],"class_list":["post-3147","post","type-post","status-publish","format-standard","has-post-thumbnail","hentry","category-actualidad"],"aioseo_notices":[],"aioseo_head":"\n\t\t<!-- All in One SEO Pro 4.9.6.2 - aioseo.com -->\n\t<meta name=\"description\" content=\"BRASILIA (BRASIL) , 25 Sep. (EUROPA PRESS) - El ministro de Comunicaciones de Brasil, Paulo Bernardo, ha se\u00f1alado que Telef\u00f3nica no podr\u00e1 tener el control de dos de los principales operadores del pa\u00eds como son Vivo (en manos de la multinacional espa\u00f1ola) y TIM (que controla Telecom Italia), ya que dicho movimiento empresarial seria contrario a\" \/>\n\t<meta name=\"robots\" content=\"max-image-preview:large\" \/>\n\t<meta name=\"author\" content=\"El Digital de Asturias\"\/>\n\t<meta name=\"google-site-verification\" content=\"UA-38556648-1\" \/>\n\t<meta name=\"msvalidate.01\" content=\"7dfe9f3f1b24437ab69f4f2559babe99\" \/>\n\t<meta name=\"keywords\" content=\"actualidad\" \/>\n\t<link rel=\"canonical\" href=\"https:\/\/www.eldigitaldeasturias.com\/noticias\/brasil-advierte-a-telefonica-de-que-no-podra-controlar-vivo-y-tim\/\" \/>\n\t<meta name=\"generator\" content=\"All in One SEO Pro (AIOSEO) 4.9.6.2\" \/>\n\t\t<meta property=\"og:locale\" content=\"es_ES\" \/>\n\t\t<meta property=\"og:site_name\" content=\"El Digital de Asturias\" \/>\n\t\t<meta property=\"og:type\" content=\"article\" \/>\n\t\t<meta property=\"og:title\" content=\"Brasil advierte a Telef\u00f3nica de que no podr\u00e1 controlar Vivo y TIM - El Digital de Asturias\" \/>\n\t\t<meta property=\"og:description\" content=\"BRASILIA (BRASIL) , 25 Sep. (EUROPA PRESS) - El ministro de Comunicaciones de Brasil, Paulo Bernardo, ha se\u00f1alado que Telef\u00f3nica no podr\u00e1 tener el control de dos de los principales operadores del pa\u00eds como son Vivo (en manos de la multinacional espa\u00f1ola) y TIM (que controla Telecom Italia), ya que dicho movimiento empresarial seria contrario a\" \/>\n\t\t<meta property=\"og:url\" content=\"https:\/\/www.eldigitaldeasturias.com\/noticias\/brasil-advierte-a-telefonica-de-que-no-podra-controlar-vivo-y-tim\/\" \/>\n\t\t<meta property=\"article:tag\" content=\"actualidad\" \/>\n\t\t<meta property=\"article:published_time\" content=\"2013-09-25T20:41:50+00:00\" \/>\n\t\t<meta property=\"article:modified_time\" content=\"2013-09-25T20:41:50+00:00\" \/>\n\t\t<meta property=\"article:publisher\" content=\"https:\/\/facebook.com\/eldigitaldeasturias\" \/>\n\t\t<meta name=\"twitter:card\" content=\"summary_large_image\" \/>\n\t\t<meta name=\"twitter:title\" content=\"Brasil advierte a Telef\u00f3nica de que no podr\u00e1 controlar Vivo y TIM - El Digital de Asturias\" \/>\n\t\t<meta name=\"twitter:description\" content=\"BRASILIA (BRASIL) , 25 Sep. (EUROPA PRESS) - El ministro de Comunicaciones de Brasil, Paulo Bernardo, ha se\u00f1alado que Telef\u00f3nica no podr\u00e1 tener el control de dos de los principales operadores del pa\u00eds como son Vivo (en manos de la multinacional espa\u00f1ola) y TIM (que controla Telecom Italia), ya que dicho movimiento empresarial seria contrario a\" \/>\n\t\t<meta name=\"twitter:label1\" content=\"Escrito por\" \/>\n\t\t<meta name=\"twitter:data1\" content=\"El Digital de Asturias\" \/>\n\t\t<meta name=\"twitter:label2\" content=\"Tiempo de lectura estimado\" \/>\n\t\t<meta name=\"twitter:data2\" content=\"2 minutos\" \/>\n\t\t<script type=\"application\/ld+json\" class=\"aioseo-schema\">\n\t\t\t{\"@context\":\"https:\\\/\\\/schema.org\",\"@graph\":[{\"@type\":\"BlogPosting\",\"@id\":\"https:\\\/\\\/www.eldigitaldeasturias.com\\\/noticias\\\/brasil-advierte-a-telefonica-de-que-no-podra-controlar-vivo-y-tim\\\/#blogposting\",\"name\":\"Brasil advierte a Telef\\u00f3nica de que no podr\\u00e1 controlar Vivo y TIM - El Digital de Asturias\",\"headline\":\"Brasil advierte a Telef\\u00f3nica de que no podr\\u00e1 controlar Vivo y TIM\",\"author\":{\"@id\":\"https:\\\/\\\/www.eldigitaldeasturias.com\\\/noticias\\\/author\\\/admin\\\/#author\"},\"publisher\":{\"@id\":\"https:\\\/\\\/www.eldigitaldeasturias.com\\\/noticias\\\/#organization\"},\"image\":{\"@type\":\"ImageObject\",\"url\":1724},\"datePublished\":\"2013-09-25T20:41:50+02:00\",\"dateModified\":\"2013-09-25T20:41:50+02:00\",\"inLanguage\":\"es-ES\",\"mainEntityOfPage\":{\"@id\":\"https:\\\/\\\/www.eldigitaldeasturias.com\\\/noticias\\\/brasil-advierte-a-telefonica-de-que-no-podra-controlar-vivo-y-tim\\\/#webpage\"},\"isPartOf\":{\"@id\":\"https:\\\/\\\/www.eldigitaldeasturias.com\\\/noticias\\\/brasil-advierte-a-telefonica-de-que-no-podra-controlar-vivo-y-tim\\\/#webpage\"},\"articleSection\":\"Actualidad\"},{\"@type\":\"BreadcrumbList\",\"@id\":\"https:\\\/\\\/www.eldigitaldeasturias.com\\\/noticias\\\/brasil-advierte-a-telefonica-de-que-no-podra-controlar-vivo-y-tim\\\/#breadcrumblist\",\"itemListElement\":[{\"@type\":\"ListItem\",\"@id\":\"https:\\\/\\\/www.eldigitaldeasturias.com\\\/noticias#listItem\",\"position\":1,\"name\":\"Home\",\"item\":\"https:\\\/\\\/www.eldigitaldeasturias.com\\\/noticias\",\"nextItem\":{\"@type\":\"ListItem\",\"@id\":\"https:\\\/\\\/www.eldigitaldeasturias.com\\\/noticias\\\/category\\\/actualidad\\\/#listItem\",\"name\":\"Actualidad\"}},{\"@type\":\"ListItem\",\"@id\":\"https:\\\/\\\/www.eldigitaldeasturias.com\\\/noticias\\\/category\\\/actualidad\\\/#listItem\",\"position\":2,\"name\":\"Actualidad\",\"item\":\"https:\\\/\\\/www.eldigitaldeasturias.com\\\/noticias\\\/category\\\/actualidad\\\/\",\"nextItem\":{\"@type\":\"ListItem\",\"@id\":\"https:\\\/\\\/www.eldigitaldeasturias.com\\\/noticias\\\/brasil-advierte-a-telefonica-de-que-no-podra-controlar-vivo-y-tim\\\/#listItem\",\"name\":\"Brasil advierte a Telef\\u00f3nica de que no podr\\u00e1 controlar Vivo y TIM\"},\"previousItem\":{\"@type\":\"ListItem\",\"@id\":\"https:\\\/\\\/www.eldigitaldeasturias.com\\\/noticias#listItem\",\"name\":\"Home\"}},{\"@type\":\"ListItem\",\"@id\":\"https:\\\/\\\/www.eldigitaldeasturias.com\\\/noticias\\\/brasil-advierte-a-telefonica-de-que-no-podra-controlar-vivo-y-tim\\\/#listItem\",\"position\":3,\"name\":\"Brasil advierte a Telef\\u00f3nica de que no podr\\u00e1 controlar Vivo y TIM\",\"previousItem\":{\"@type\":\"ListItem\",\"@id\":\"https:\\\/\\\/www.eldigitaldeasturias.com\\\/noticias\\\/category\\\/actualidad\\\/#listItem\",\"name\":\"Actualidad\"}}]},{\"@type\":\"Organization\",\"@id\":\"https:\\\/\\\/www.eldigitaldeasturias.com\\\/noticias\\\/#organization\",\"name\":\"El Digital de Asturias\",\"description\":\"Hemeroteca\",\"url\":\"https:\\\/\\\/www.eldigitaldeasturias.com\\\/noticias\\\/\",\"email\":\"info@eldigitaldeasturias.com\",\"telephone\":\"+34652131393\",\"logo\":{\"@type\":\"ImageObject\",\"url\":\"https:\\\/\\\/www.eldigitaldeasturias.com\\\/noticias\\\/wp-content\\\/uploads\\\/2020\\\/12\\\/EDA.jpg\",\"@id\":\"https:\\\/\\\/www.eldigitaldeasturias.com\\\/noticias\\\/brasil-advierte-a-telefonica-de-que-no-podra-controlar-vivo-y-tim\\\/#organizationLogo\",\"width\":649,\"height\":297},\"image\":{\"@id\":\"https:\\\/\\\/www.eldigitaldeasturias.com\\\/noticias\\\/brasil-advierte-a-telefonica-de-que-no-podra-controlar-vivo-y-tim\\\/#organizationLogo\"},\"sameAs\":[\"https:\\\/\\\/facebook.com\\\/eldigitaldeasturias\",\"https:\\\/\\\/www.youtube.com\\\/channel\\\/UCZP-2wLEB9Rv6erhFmqVnvg\"],\"address\":{\"@id\":\"https:\\\/\\\/www.eldigitaldeasturias.com\\\/noticias\\\/#postaladdress\",\"@type\":\"PostalAddress\",\"streetAddress\":\"san antonio 4,\",\"postalCode\":\"33430\",\"addressLocality\":\"Cand\\u00e1s\",\"addressRegion\":\"Asturias\",\"addressCountry\":\"ES\"}},{\"@type\":\"Person\",\"@id\":\"https:\\\/\\\/www.eldigitaldeasturias.com\\\/noticias\\\/author\\\/admin\\\/#author\",\"url\":\"https:\\\/\\\/www.eldigitaldeasturias.com\\\/noticias\\\/author\\\/admin\\\/\",\"name\":\"El Digital de Asturias\",\"image\":{\"@type\":\"ImageObject\",\"@id\":\"https:\\\/\\\/www.eldigitaldeasturias.com\\\/noticias\\\/brasil-advierte-a-telefonica-de-que-no-podra-controlar-vivo-y-tim\\\/#authorImage\",\"url\":\"https:\\\/\\\/www.eldigitaldeasturias.com\\\/noticias\\\/wp-content\\\/litespeed\\\/avatar\\\/18677e78aa0546b92d9dbf31ec7d7668.jpg?ver=1777290358\",\"width\":96,\"height\":96,\"caption\":\"El Digital de Asturias\"}},{\"@type\":\"WebPage\",\"@id\":\"https:\\\/\\\/www.eldigitaldeasturias.com\\\/noticias\\\/brasil-advierte-a-telefonica-de-que-no-podra-controlar-vivo-y-tim\\\/#webpage\",\"url\":\"https:\\\/\\\/www.eldigitaldeasturias.com\\\/noticias\\\/brasil-advierte-a-telefonica-de-que-no-podra-controlar-vivo-y-tim\\\/\",\"name\":\"Brasil advierte a Telef\\u00f3nica de que no podr\\u00e1 controlar Vivo y TIM - El Digital de Asturias\",\"description\":\"BRASILIA (BRASIL) , 25 Sep. (EUROPA PRESS) - El ministro de Comunicaciones de Brasil, Paulo Bernardo, ha se\\u00f1alado que Telef\\u00f3nica no podr\\u00e1 tener el control de dos de los principales operadores del pa\\u00eds como son Vivo (en manos de la multinacional espa\\u00f1ola) y TIM (que controla Telecom Italia), ya que dicho movimiento empresarial seria contrario a\",\"inLanguage\":\"es-ES\",\"isPartOf\":{\"@id\":\"https:\\\/\\\/www.eldigitaldeasturias.com\\\/noticias\\\/#website\"},\"breadcrumb\":{\"@id\":\"https:\\\/\\\/www.eldigitaldeasturias.com\\\/noticias\\\/brasil-advierte-a-telefonica-de-que-no-podra-controlar-vivo-y-tim\\\/#breadcrumblist\"},\"author\":{\"@id\":\"https:\\\/\\\/www.eldigitaldeasturias.com\\\/noticias\\\/author\\\/admin\\\/#author\"},\"creator\":{\"@id\":\"https:\\\/\\\/www.eldigitaldeasturias.com\\\/noticias\\\/author\\\/admin\\\/#author\"},\"image\":{\"@type\":\"ImageObject\",\"url\":1724,\"@id\":\"https:\\\/\\\/www.eldigitaldeasturias.com\\\/noticias\\\/brasil-advierte-a-telefonica-de-que-no-podra-controlar-vivo-y-tim\\\/#mainImage\"},\"primaryImageOfPage\":{\"@id\":\"https:\\\/\\\/www.eldigitaldeasturias.com\\\/noticias\\\/brasil-advierte-a-telefonica-de-que-no-podra-controlar-vivo-y-tim\\\/#mainImage\"},\"datePublished\":\"2013-09-25T20:41:50+02:00\",\"dateModified\":\"2013-09-25T20:41:50+02:00\"},{\"@type\":\"WebSite\",\"@id\":\"https:\\\/\\\/www.eldigitaldeasturias.com\\\/noticias\\\/#website\",\"url\":\"https:\\\/\\\/www.eldigitaldeasturias.com\\\/noticias\\\/\",\"name\":\"El Digital de Asturias - Diario de actualidad y noticias\",\"alternateName\":\"El Digital de Asturias - Diario de actualidad y noticias\",\"description\":\"Hemeroteca\",\"inLanguage\":\"es-ES\",\"publisher\":{\"@id\":\"https:\\\/\\\/www.eldigitaldeasturias.com\\\/noticias\\\/#organization\"}}]}\n\t\t<\/script>\n\t\t<!-- All in One SEO Pro -->\r\n\t\t<title>Brasil advierte a Telef\u00f3nica de que no podr\u00e1 controlar Vivo y TIM - El Digital de Asturias<\/title>\n\n","aioseo_head_json":{"title":"Brasil advierte a Telef\u00f3nica de que no podr\u00e1 controlar Vivo y TIM - El Digital de Asturias","description":"BRASILIA (BRASIL) , 25 Sep. (EUROPA PRESS) - El ministro de Comunicaciones de Brasil, Paulo Bernardo, ha se\u00f1alado que Telef\u00f3nica no podr\u00e1 tener el control de dos de los principales operadores del pa\u00eds como son Vivo (en manos de la multinacional espa\u00f1ola) y TIM (que controla Telecom Italia), ya que dicho movimiento empresarial seria contrario a","canonical_url":"https:\/\/www.eldigitaldeasturias.com\/noticias\/brasil-advierte-a-telefonica-de-que-no-podra-controlar-vivo-y-tim\/","robots":"max-image-preview:large","keywords":"actualidad","webmasterTools":{"google-site-verification":"UA-38556648-1","msvalidate.01":"7dfe9f3f1b24437ab69f4f2559babe99","miscellaneous":""},"schema":{"@context":"https:\/\/schema.org","@graph":[{"@type":"BlogPosting","@id":"https:\/\/www.eldigitaldeasturias.com\/noticias\/brasil-advierte-a-telefonica-de-que-no-podra-controlar-vivo-y-tim\/#blogposting","name":"Brasil advierte a Telef\u00f3nica de que no podr\u00e1 controlar Vivo y TIM - El Digital de Asturias","headline":"Brasil advierte a Telef\u00f3nica de que no podr\u00e1 controlar Vivo y TIM","author":{"@id":"https:\/\/www.eldigitaldeasturias.com\/noticias\/author\/admin\/#author"},"publisher":{"@id":"https:\/\/www.eldigitaldeasturias.com\/noticias\/#organization"},"image":{"@type":"ImageObject","url":1724},"datePublished":"2013-09-25T20:41:50+02:00","dateModified":"2013-09-25T20:41:50+02:00","inLanguage":"es-ES","mainEntityOfPage":{"@id":"https:\/\/www.eldigitaldeasturias.com\/noticias\/brasil-advierte-a-telefonica-de-que-no-podra-controlar-vivo-y-tim\/#webpage"},"isPartOf":{"@id":"https:\/\/www.eldigitaldeasturias.com\/noticias\/brasil-advierte-a-telefonica-de-que-no-podra-controlar-vivo-y-tim\/#webpage"},"articleSection":"Actualidad"},{"@type":"BreadcrumbList","@id":"https:\/\/www.eldigitaldeasturias.com\/noticias\/brasil-advierte-a-telefonica-de-que-no-podra-controlar-vivo-y-tim\/#breadcrumblist","itemListElement":[{"@type":"ListItem","@id":"https:\/\/www.eldigitaldeasturias.com\/noticias#listItem","position":1,"name":"Home","item":"https:\/\/www.eldigitaldeasturias.com\/noticias","nextItem":{"@type":"ListItem","@id":"https:\/\/www.eldigitaldeasturias.com\/noticias\/category\/actualidad\/#listItem","name":"Actualidad"}},{"@type":"ListItem","@id":"https:\/\/www.eldigitaldeasturias.com\/noticias\/category\/actualidad\/#listItem","position":2,"name":"Actualidad","item":"https:\/\/www.eldigitaldeasturias.com\/noticias\/category\/actualidad\/","nextItem":{"@type":"ListItem","@id":"https:\/\/www.eldigitaldeasturias.com\/noticias\/brasil-advierte-a-telefonica-de-que-no-podra-controlar-vivo-y-tim\/#listItem","name":"Brasil advierte a Telef\u00f3nica de que no podr\u00e1 controlar Vivo y TIM"},"previousItem":{"@type":"ListItem","@id":"https:\/\/www.eldigitaldeasturias.com\/noticias#listItem","name":"Home"}},{"@type":"ListItem","@id":"https:\/\/www.eldigitaldeasturias.com\/noticias\/brasil-advierte-a-telefonica-de-que-no-podra-controlar-vivo-y-tim\/#listItem","position":3,"name":"Brasil advierte a Telef\u00f3nica de que no podr\u00e1 controlar Vivo y TIM","previousItem":{"@type":"ListItem","@id":"https:\/\/www.eldigitaldeasturias.com\/noticias\/category\/actualidad\/#listItem","name":"Actualidad"}}]},{"@type":"Organization","@id":"https:\/\/www.eldigitaldeasturias.com\/noticias\/#organization","name":"El Digital de Asturias","description":"Hemeroteca","url":"https:\/\/www.eldigitaldeasturias.com\/noticias\/","email":"info@eldigitaldeasturias.com","telephone":"+34652131393","logo":{"@type":"ImageObject","url":"https:\/\/www.eldigitaldeasturias.com\/noticias\/wp-content\/uploads\/2020\/12\/EDA.jpg","@id":"https:\/\/www.eldigitaldeasturias.com\/noticias\/brasil-advierte-a-telefonica-de-que-no-podra-controlar-vivo-y-tim\/#organizationLogo","width":649,"height":297},"image":{"@id":"https:\/\/www.eldigitaldeasturias.com\/noticias\/brasil-advierte-a-telefonica-de-que-no-podra-controlar-vivo-y-tim\/#organizationLogo"},"sameAs":["https:\/\/facebook.com\/eldigitaldeasturias","https:\/\/www.youtube.com\/channel\/UCZP-2wLEB9Rv6erhFmqVnvg"],"address":{"@id":"https:\/\/www.eldigitaldeasturias.com\/noticias\/#postaladdress","@type":"PostalAddress","streetAddress":"san antonio 4,","postalCode":"33430","addressLocality":"Cand\u00e1s","addressRegion":"Asturias","addressCountry":"ES"}},{"@type":"Person","@id":"https:\/\/www.eldigitaldeasturias.com\/noticias\/author\/admin\/#author","url":"https:\/\/www.eldigitaldeasturias.com\/noticias\/author\/admin\/","name":"El Digital de Asturias","image":{"@type":"ImageObject","@id":"https:\/\/www.eldigitaldeasturias.com\/noticias\/brasil-advierte-a-telefonica-de-que-no-podra-controlar-vivo-y-tim\/#authorImage","url":"https:\/\/www.eldigitaldeasturias.com\/noticias\/wp-content\/litespeed\/avatar\/18677e78aa0546b92d9dbf31ec7d7668.jpg?ver=1777290358","width":96,"height":96,"caption":"El Digital de Asturias"}},{"@type":"WebPage","@id":"https:\/\/www.eldigitaldeasturias.com\/noticias\/brasil-advierte-a-telefonica-de-que-no-podra-controlar-vivo-y-tim\/#webpage","url":"https:\/\/www.eldigitaldeasturias.com\/noticias\/brasil-advierte-a-telefonica-de-que-no-podra-controlar-vivo-y-tim\/","name":"Brasil advierte a Telef\u00f3nica de que no podr\u00e1 controlar Vivo y TIM - El Digital de Asturias","description":"BRASILIA (BRASIL) , 25 Sep. (EUROPA PRESS) - El ministro de Comunicaciones de Brasil, Paulo Bernardo, ha se\u00f1alado que Telef\u00f3nica no podr\u00e1 tener el control de dos de los principales operadores del pa\u00eds como son Vivo (en manos de la multinacional espa\u00f1ola) y TIM (que controla Telecom Italia), ya que dicho movimiento empresarial seria contrario a","inLanguage":"es-ES","isPartOf":{"@id":"https:\/\/www.eldigitaldeasturias.com\/noticias\/#website"},"breadcrumb":{"@id":"https:\/\/www.eldigitaldeasturias.com\/noticias\/brasil-advierte-a-telefonica-de-que-no-podra-controlar-vivo-y-tim\/#breadcrumblist"},"author":{"@id":"https:\/\/www.eldigitaldeasturias.com\/noticias\/author\/admin\/#author"},"creator":{"@id":"https:\/\/www.eldigitaldeasturias.com\/noticias\/author\/admin\/#author"},"image":{"@type":"ImageObject","url":1724,"@id":"https:\/\/www.eldigitaldeasturias.com\/noticias\/brasil-advierte-a-telefonica-de-que-no-podra-controlar-vivo-y-tim\/#mainImage"},"primaryImageOfPage":{"@id":"https:\/\/www.eldigitaldeasturias.com\/noticias\/brasil-advierte-a-telefonica-de-que-no-podra-controlar-vivo-y-tim\/#mainImage"},"datePublished":"2013-09-25T20:41:50+02:00","dateModified":"2013-09-25T20:41:50+02:00"},{"@type":"WebSite","@id":"https:\/\/www.eldigitaldeasturias.com\/noticias\/#website","url":"https:\/\/www.eldigitaldeasturias.com\/noticias\/","name":"El Digital de Asturias - Diario de actualidad y noticias","alternateName":"El Digital de Asturias - Diario de actualidad y noticias","description":"Hemeroteca","inLanguage":"es-ES","publisher":{"@id":"https:\/\/www.eldigitaldeasturias.com\/noticias\/#organization"}}]},"og:locale":"es_ES","og:site_name":"El Digital de Asturias","og:type":"article","og:title":"Brasil advierte a Telef\u00f3nica de que no podr\u00e1 controlar Vivo y TIM - El Digital de Asturias","og:description":"BRASILIA (BRASIL) , 25 Sep. (EUROPA PRESS) - El ministro de Comunicaciones de Brasil, Paulo Bernardo, ha se\u00f1alado que Telef\u00f3nica no podr\u00e1 tener el control de dos de los principales operadores del pa\u00eds como son Vivo (en manos de la multinacional espa\u00f1ola) y TIM (que controla Telecom Italia), ya que dicho movimiento empresarial seria contrario a","og:url":"https:\/\/www.eldigitaldeasturias.com\/noticias\/brasil-advierte-a-telefonica-de-que-no-podra-controlar-vivo-y-tim\/","article:tag":["actualidad"],"article:published_time":"2013-09-25T20:41:50+00:00","article:modified_time":"2013-09-25T20:41:50+00:00","article:publisher":"https:\/\/facebook.com\/eldigitaldeasturias","twitter:card":"summary_large_image","twitter:title":"Brasil advierte a Telef\u00f3nica de que no podr\u00e1 controlar Vivo y TIM - El Digital de Asturias","twitter:description":"BRASILIA (BRASIL) , 25 Sep. (EUROPA PRESS) - El ministro de Comunicaciones de Brasil, Paulo Bernardo, ha se\u00f1alado que Telef\u00f3nica no podr\u00e1 tener el control de dos de los principales operadores del pa\u00eds como son Vivo (en manos de la multinacional espa\u00f1ola) y TIM (que controla Telecom Italia), ya que dicho movimiento empresarial seria contrario a","twitter:label1":"Escrito por","twitter:data1":"El Digital de Asturias","twitter:label2":"Tiempo de lectura estimado","twitter:data2":"2 minutos"},"aioseo_meta_data":{"post_id":"3147","title":null,"description":null,"keywords":null,"keyphrases":null,"primary_term":null,"canonical_url":null,"og_title":null,"og_description":null,"og_object_type":"default","og_image_type":"default","og_image_url":null,"og_image_width":null,"og_image_height":null,"og_image_custom_url":null,"og_image_custom_fields":null,"og_video":null,"og_custom_url":null,"og_article_section":null,"og_article_tags":null,"twitter_use_og":true,"twitter_card":"default","twitter_image_type":"default","twitter_image_url":null,"twitter_image_custom_url":null,"twitter_image_custom_fields":null,"twitter_title":null,"twitter_description":null,"schema":{"blockGraphs":[],"customGraphs":[],"default":{"data":{"Article":[],"Course":[],"Dataset":[],"FAQPage":[],"Movie":[],"Person":[],"Product":[],"ProductReview":[],"Car":[],"Recipe":[],"Service":[],"SoftwareApplication":[],"WebPage":[]},"graphName":"","isEnabled":true},"graphs":[],"defaultGraph":"","defaultPostTypeGraph":""},"schema_type":null,"schema_type_options":null,"pillar_content":false,"robots_default":true,"robots_noindex":false,"robots_noarchive":false,"robots_nosnippet":false,"robots_nofollow":false,"robots_noimageindex":false,"robots_noodp":false,"robots_notranslate":false,"robots_max_snippet":null,"robots_max_videopreview":null,"robots_max_imagepreview":"none","priority":null,"frequency":null,"local_seo":null,"seo_analyzer_scan_date":"2025-08-21 05:50:49","breadcrumb_settings":null,"limit_modified_date":false,"open_ai":null,"ai":null,"created":"2020-11-14 22:37:03","updated":"2025-08-21 05:50:49"},"aioseo_breadcrumb":"<div class=\"aioseo-breadcrumbs\"><span class=\"aioseo-breadcrumb\">\n\t<a href=\"https:\/\/www.eldigitaldeasturias.com\/noticias\" title=\"Home\">Home<\/a>\n<\/span><span class=\"aioseo-breadcrumb-separator\">\u2013<\/span><span class=\"aioseo-breadcrumb\">\n\t<a href=\"https:\/\/www.eldigitaldeasturias.com\/noticias\/category\/actualidad\/\" title=\"Actualidad\">Actualidad<\/a>\n<\/span><span class=\"aioseo-breadcrumb-separator\">\u2013<\/span><span class=\"aioseo-breadcrumb\">\n\t<a href=\"https:\/\/www.eldigitaldeasturias.com\/noticias\/brasil-advierte-a-telefonica-de-que-no-podra-controlar-vivo-y-tim\/\" title=\"Brasil advierte a Telef\u00f3nica de que no podr\u00e1 controlar Vivo y TIM\">Brasil advierte a Telef\u00f3nica de que no podr\u00e1 controlar Vivo y TIM<\/a>\n<\/span><\/div>","aioseo_breadcrumb_json":[{"label":"Home","link":"https:\/\/www.eldigitaldeasturias.com\/noticias"},{"label":"Actualidad","link":"https:\/\/www.eldigitaldeasturias.com\/noticias\/category\/actualidad\/"},{"label":"Brasil advierte a Telef\u00f3nica de que no podr\u00e1 controlar Vivo y TIM","link":"https:\/\/www.eldigitaldeasturias.com\/noticias\/brasil-advierte-a-telefonica-de-que-no-podra-controlar-vivo-y-tim\/"}],"_links":{"self":[{"href":"https:\/\/www.eldigitaldeasturias.com\/noticias\/wp-json\/wp\/v2\/posts\/3147","targetHints":{"allow":["GET"]}}],"collection":[{"href":"https:\/\/www.eldigitaldeasturias.com\/noticias\/wp-json\/wp\/v2\/posts"}],"about":[{"href":"https:\/\/www.eldigitaldeasturias.com\/noticias\/wp-json\/wp\/v2\/types\/post"}],"author":[{"embeddable":true,"href":"https:\/\/www.eldigitaldeasturias.com\/noticias\/wp-json\/wp\/v2\/users\/1"}],"replies":[{"embeddable":true,"href":"https:\/\/www.eldigitaldeasturias.com\/noticias\/wp-json\/wp\/v2\/comments?post=3147"}],"version-history":[{"count":0,"href":"https:\/\/www.eldigitaldeasturias.com\/noticias\/wp-json\/wp\/v2\/posts\/3147\/revisions"}],"wp:featuredmedia":[{"embeddable":true,"href":"https:\/\/www.eldigitaldeasturias.com\/noticias\/wp-json\/"}],"wp:attachment":[{"href":"https:\/\/www.eldigitaldeasturias.com\/noticias\/wp-json\/wp\/v2\/media?parent=3147"}],"wp:term":[{"taxonomy":"category","embeddable":true,"href":"https:\/\/www.eldigitaldeasturias.com\/noticias\/wp-json\/wp\/v2\/categories?post=3147"},{"taxonomy":"post_tag","embeddable":true,"href":"https:\/\/www.eldigitaldeasturias.com\/noticias\/wp-json\/wp\/v2\/tags?post=3147"}],"curies":[{"name":"wp","href":"https:\/\/api.w.org\/{rel}","templated":true}]}}